{"id":235002,"date":"2024-05-30T17:37:13","date_gmt":"2024-05-30T15:37:13","guid":{"rendered":"https:\/\/www.monaco-tribune.com\/2024\/05\/cosa-fare-a-monaco-a-giugno-2024\/"},"modified":"2024-05-30T17:38:58","modified_gmt":"2024-05-30T15:38:58","slug":"cosa-fare-a-monaco-a-giugno-2024","status":"publish","type":"post","link":"https:\/\/www.monaco-tribune.com\/it\/2024\/05\/cosa-fare-a-monaco-a-giugno-2024\/","title":{"rendered":"Cosa fare a Monaco a giugno 2024?"},"content":{"rendered":"\n<p><strong>Monaco Tribune ha stilato la lista degli eventi da non perdere nel Principato e vi d\u00e0 qualche idea su cosa fare.<\/strong><\/p>\n\n<h2 class=\"wp-block-heading\" id=\"h-sport-meeting-international-de-natation-2024\">Sport &#8211; <em>Meeting Internazionale di nuoto 2024<\/em><\/h2>\n\n<p>Il 41\u00b0 Meeting Internazionale di nuoto di Monte-Carlo <em>Mare Nostrum<\/em> \u00e8 organizzato dalla Federazione Monegasca di Nuoto. Alcuni dei pi\u00f9 grandi nuotatori del mondo saranno presenti per prepararsi ai Giochi Olimpici di Parigi 2024.<\/p>\n\n<ul class=\"wp-block-list\">\n<li>Date:<strong> 1 e 2 giugno<\/strong><\/li>\n\n\n\n<li>Dove: <strong>Piscina Olimpica Alberto II dello Stadio Louis II, 7 avenue des Castelans<\/strong><\/li>\n<\/ul>\n<div class=\"wp-block-image\">\n<figure class=\"aligncenter size-large is-resized\"><img loading=\"lazy\" decoding=\"async\" width=\"1024\" height=\"683\" src=\"https:\/\/www.monaco-tribune.com\/wp-content\/uploads\/2024\/05\/swimming-14-1024x683.jpg\" alt=\"\" class=\"wp-image-234621\" style=\"width:758px;height:auto\" srcset=\"https:\/\/www.monaco-tribune.com\/wp-content\/uploads\/2024\/05\/swimming-14-1024x683.jpg 1024w, https:\/\/www.monaco-tribune.com\/wp-content\/uploads\/2024\/05\/swimming-14-450x300.jpg 450w, https:\/\/www.monaco-tribune.com\/wp-content\/uploads\/2024\/05\/swimming-14.jpg 1440w\" sizes=\"auto, (max-width: 1024px) 100vw, 1024px\" \/><figcaption class=\"wp-element-caption\"><em>\u00a9 Meeting Internazionale di nuoto di Monaco<\/em><\/figcaption><\/figure>\n<\/div>\n<hr class=\"wp-block-separator has-alpha-channel-opacity\"\/>\n\n<h2 class=\"wp-block-heading\" id=\"h-salon-top-marques-monaco\">Salone &#8211; <em>Top Marques Monaco<\/em><\/h2>\n\n<p><a href=\"https:\/\/www.monaco-tribune.com\/it\/2024\/05\/top-marques-svela-le-grandi-novita-della-prossima-edizione\/\">Alla 19a edizione di Top Marques Monaco<\/a> saranno presenti oltre 150 tra le pi\u00f9 rare e prestigiose supercar dei giorni nostri. Il salone automobilistico ha fama internazionale e si svolge ogni anno nel Principato. Tutte le auto esposte sono in vendita.<\/p>\n\n<ul class=\"wp-block-list\">\n<li>Date: <strong>dal 5 al 9 giugno<\/strong><\/li>\n\n\n\n<li>Orari: <strong>5 giugno 20:00-23:30 \/ 6 e 7 giugno 10:00-19:00 \/ 8 giugno 11:00-19:00 \/ 9 giugno 10:00-18:00<\/strong><\/li>\n\n\n\n<li>Dove: <strong>Grimaldi Forum, 10 avenue Princesse Grace<\/strong><\/li>\n\n\n\n<li>Tariffe: <strong>da 25 a 400 euro<\/strong><\/li>\n<\/ul>\n<div class=\"wp-block-image\">\n<figure class=\"aligncenter size-large is-resized\"><img loading=\"lazy\" decoding=\"async\" width=\"1024\" height=\"683\" src=\"https:\/\/www.monaco-tribune.com\/wp-content\/uploads\/2024\/05\/salon-top-marques1-1024x683.jpg\" alt=\"\" class=\"wp-image-234625\" style=\"width:756px;height:auto\" srcset=\"https:\/\/www.monaco-tribune.com\/wp-content\/uploads\/2024\/05\/salon-top-marques1-1024x683.jpg 1024w, https:\/\/www.monaco-tribune.com\/wp-content\/uploads\/2024\/05\/salon-top-marques1-450x300.jpg 450w, https:\/\/www.monaco-tribune.com\/wp-content\/uploads\/2024\/05\/salon-top-marques1.jpg 1200w\" sizes=\"auto, (max-width: 1024px) 100vw, 1024px\" \/><figcaption class=\"wp-element-caption\"><em>\u00a9 Salon Top Marques<\/em><\/figcaption><\/figure>\n<\/div>\n<hr class=\"wp-block-separator has-alpha-channel-opacity\"\/>\n\n<h2 class=\"wp-block-heading\" id=\"h-conference-intelligence-artificielle-et-chatgpt\">Conferenza &#8211; <em>Intelligenza artificiale e ChatGPT<\/em><\/h2>\n\n<p>Un evento organizzato dal <a href=\"https:\/\/www.monaco-tribune.com\/it\/2021\/12\/lassociazione-soroptimist-centanni-di-lotta-nel-mondo\/\">Club Soroptimist International de Monaco<\/a> in cui Svend Albertsen, esperto di informatica, condivider\u00e0 le sue riflessioni su ChatGPT e sull&#8217;intelligenza artificiale in generale. Queste nuove tecnologie, vere e proprie piaghe sociali, potrebbero minacciare l&#8217;equilibrio della nostra societ\u00e0, ma anche farla progredire.<\/p>\n\n<ul class=\"wp-block-list\">\n<li>Data: <strong>13 giugno<\/strong><\/li>\n\n\n\n<li>Ora: <strong>a partire dalle 18:30<\/strong><\/li>\n\n\n\n<li>Dove: <strong>Auditorium Rainier III, Boulevard Louis II<\/strong><\/li>\n\n\n\n<li>Tariffe: <strong>10 euro (gratis per i minori di 18 anni)<\/strong><\/li>\n<\/ul>\n<div class=\"wp-block-image\">\n<figure class=\"aligncenter size-large is-resized\"><img loading=\"lazy\" decoding=\"async\" width=\"1024\" height=\"576\" src=\"https:\/\/www.monaco-tribune.com\/wp-content\/uploads\/2024\/05\/lauditorium-rainier-iii-recevra-des-conferences-parlant-de-la-place-de-la-musique-a-monaco-1024x576.jpg\" alt=\"L'Auditorium Ranier III ospiter&#xE0; alcune conferenze che trattano il ruolo della musica a Monaco\" class=\"wp-image-232748\" style=\"width:750px;height:auto\" srcset=\"https:\/\/www.monaco-tribune.com\/wp-content\/uploads\/2024\/05\/lauditorium-rainier-iii-recevra-des-conferences-parlant-de-la-place-de-la-musique-a-monaco-1024x576.jpg 1024w, https:\/\/www.monaco-tribune.com\/wp-content\/uploads\/2024\/05\/lauditorium-rainier-iii-recevra-des-conferences-parlant-de-la-place-de-la-musique-a-monaco-533x300.jpg 533w, https:\/\/www.monaco-tribune.com\/wp-content\/uploads\/2024\/05\/lauditorium-rainier-iii-recevra-des-conferences-parlant-de-la-place-de-la-musique-a-monaco.jpg 1360w\" sizes=\"auto, (max-width: 1024px) 100vw, 1024px\" \/><figcaption class=\"wp-element-caption\"><em>\u00a9 Michel Perrot<\/em><\/figcaption><\/figure>\n<\/div>\n<hr class=\"wp-block-separator has-alpha-channel-opacity\"\/>\n\n<h2 class=\"wp-block-heading\" id=\"h-evenement-63e-festival-de-television-de-monte-carlo\">Evento &#8211; <em>63\u00b0 Festival della Televisione di Monte-Carlo<\/em><\/h2>\n\n<p>Ormai da 63 anni, il Principato di Monaco ospita il suo <a href=\"https:\/\/www.monaco-tribune.com\/2024\/05\/decouvrez-linvite-dhonneur-du-festival-de-television-de-monte-carlo-2024\/\">Festival Internazionale della Televisione<\/a>. Studios, canali televisivi, piattaforme digitali e celebrit\u00e0 si riuniscono per diversi giorni per promuovere i loro programmi alla stampa e al pubblico. Il festival si conclude con la prestigiosa cerimonia delle Ninfe d&#8217;Oro.<\/p>\n\n<ul class=\"wp-block-list\">\n<li>Date: <strong>dal 14 al 18 giugno<\/strong><\/li>\n\n\n\n<li>Orari: <strong>14 giugno dalle 19:00 \/ 15 giugno 10:00-19:50 \/ 16 giugno 10:00-20:15 \/ 17 giugno 10:00-19:45 \/ 18 giugno dalle 12:00<\/strong><\/li>\n\n\n\n<li>Dove: <strong>Grimaldi Forum, 10 avenue Princesse Grace<\/strong><\/li>\n\n\n\n<li>Tariffe: <strong>Fanzone gratuita<\/strong><\/li>\n<\/ul>\n<div class=\"wp-block-image\">\n<figure class=\"aligncenter size-large is-resized\"><img loading=\"lazy\" decoding=\"async\" width=\"1024\" height=\"683\" src=\"https:\/\/www.monaco-tribune.com\/wp-content\/uploads\/2024\/05\/laureats-2022-1024x683.jpg\" alt=\"\" class=\"wp-image-234629\" style=\"width:746px;height:auto\" srcset=\"https:\/\/www.monaco-tribune.com\/wp-content\/uploads\/2024\/05\/laureats-2022-1024x683.jpg 1024w, https:\/\/www.monaco-tribune.com\/wp-content\/uploads\/2024\/05\/laureats-2022-450x300.jpg 450w, https:\/\/www.monaco-tribune.com\/wp-content\/uploads\/2024\/05\/laureats-2022.jpg 1200w\" sizes=\"auto, (max-width: 1024px) 100vw, 1024px\" \/><figcaption class=\"wp-element-caption\"><em>\u00a9 Festival della Televisione di Monte-Carlo<\/em><\/figcaption><\/figure>\n<\/div>\n<hr class=\"wp-block-separator has-alpha-channel-opacity\"\/>\n\n<h2 class=\"wp-block-heading\" id=\"h-concert-concert-symphonique\">Concerto &#8211; <em>Concerto sinfonico<\/em><\/h2>\n\n<p>L&#8217;Orchestra Filarmonica di Monte-Carlo proporr\u00e0 un nuovo concerto sinfonico all&#8217;insegna del colore. Il concerto, diretto da <a href=\"https:\/\/www.monaco-tribune.com\/2023\/07\/kazuki-yamada-a-lopmc-je-peux-combiner-mon-sens-japonais-de-la-musique-avec-lexpression-musicale-mediterraneenne\/\">Kazuki Yamada<\/a> e con Pablo Ferr\u00e1ndez al violoncello, prevede l&#8217;esecuzione delle Variazioni su un tema rococ\u00f2 di \u010cajkovskij e della Sinfonia n\u1d52 5 in si bemolle maggiore di Bruckner.<\/p>\n\n<ul class=\"wp-block-list\">\n<li>Data: <strong>16 giugno<\/strong><\/li>\n\n\n\n<li>Orari: <strong>presentazione delle opere alle 17:00 e inizio del concerto alle 18:00<\/strong><\/li>\n\n\n\n<li>Dove: <strong>Auditorium Rainier III, Boulevard Louis II<\/strong><\/li>\n\n\n\n<li>Tariffe: <strong>da 18 a 36 euro<\/strong><\/li>\n<\/ul>\n<div class=\"wp-block-image\">\n<figure class=\"aligncenter size-large is-resized\"><img loading=\"lazy\" decoding=\"async\" width=\"1024\" height=\"662\" src=\"https:\/\/www.monaco-tribune.com\/wp-content\/uploads\/2024\/01\/opmc-hommage-a-rachmaninoff-1024x662.jpeg\" alt=\"opmc-hommage-a-rachmaninoff.\" class=\"wp-image-211218\" style=\"width:750px;height:auto\" srcset=\"https:\/\/www.monaco-tribune.com\/wp-content\/uploads\/2024\/01\/opmc-hommage-a-rachmaninoff-1024x662.jpeg 1024w, https:\/\/www.monaco-tribune.com\/wp-content\/uploads\/2024\/01\/opmc-hommage-a-rachmaninoff-464x300.jpeg 464w, https:\/\/www.monaco-tribune.com\/wp-content\/uploads\/2024\/01\/opmc-hommage-a-rachmaninoff.jpeg 1200w\" sizes=\"auto, (max-width: 1024px) 100vw, 1024px\" \/><figcaption class=\"wp-element-caption\"><em>\u00a9 Jean-Louis Neveu, OPMC <\/em><\/figcaption><\/figure>\n<\/div>\n<hr class=\"wp-block-separator has-alpha-channel-opacity\"\/>\n\n<h2 class=\"wp-block-heading\" id=\"h-idees-de-sorties\">Idee su cosa fare<\/h2>\n\n<ul class=\"wp-block-list\">\n<li><strong>1 e 2 giugno<\/strong>: Teatro &#8211; <em>Qui a coup\u00e9 l&#8217;eau ?<\/em>\u00a0&#8211; Th\u00e9\u00e2tre des Muses<\/li>\n\n\n\n<li><strong>1 giugno<\/strong>: Spettacolo &#8211; <em>Pablo Mira<\/em>\u00a0&#8211; Grimaldi Forum Monaco<\/li>\n\n\n\n<li><strong>1 giugno:<\/strong> Concerto &#8211; <em>KO KO MO<\/em> &#8211; Espace L\u00e9o Ferr\u00e9<\/li>\n\n\n\n<li><strong>4 giugno<\/strong>: Teatro &#8211; <em>Oublie-moi &#8211; Matthew Seager<\/em> &#8211; Th\u00e9\u00e2tre Princesse Grace<\/li>\n\n\n\n<li>Dal 5 al 7 giugno: Evento &#8211; <a href=\"https:\/\/www.monaco-tribune.com\/2024\/05\/le-green-shift-festival-revient-pour-une-deuxieme-edition\/\">The Green Shift Festival &#8211; Promenade du Larvotto<\/a><\/li>\n\n\n\n<li><strong>Dal 7 giugno al 13 ottobre<\/strong>: Mostra &#8211; <em>Miquel Barcel\u00f3, oc\u00e9anographe<\/em>\u00a0&#8211; Nouveau Mus\u00e9e National de Monaco<\/li>\n\n\n\n<li><strong>Dal 7 al 9 giugno<\/strong>: Salone &#8211; <em>Luxury Monte-Carlo<\/em>\u00a0&#8211; Le M\u00e9ridien Beach Plaza<\/li>\n\n\n\n<li><strong>Dal 7 al 10 giugno<\/strong>: <a href=\"https:\/\/www.monaco-tribune.com\/2024\/05\/lart-de-la-rue-sinstallera-en-juin-lors-du-festival-upaint-monaco-2024\/\">Festival &#8211; UPAINT Monaco 2024 &#8211; Promenade du Larvotto<\/a><\/li>\n\n\n\n<li><strong>11 giugno<\/strong>: OPMC &#8211; <em>Happy Hour Musical<\/em> &#8211; Maison de France<\/li>\n\n\n\n<li><strong>14 e 15 giugno<\/strong>: Concerto &#8211; <em>Echoes of Atlanta et Minneapolis<\/em> &#8211; La Note Bleue<\/li>\n\n\n\n<li><strong>15 e 16 giugno<\/strong>: Evento &#8211; <em>5\u00b0 Incontro dei siti storici Grimaldi di Monaco<\/em> &#8211; Place du Palais<\/li>\n\n\n\n<li><strong>Dal 20 giugno 2024 al 6 luglio 2025<\/strong>: Mostra &#8211; <em>Symphony of colours<\/em>\u00a0&#8211; Espace 22<\/li>\n\n\n\n<li><strong>21 e 22 giugno<\/strong>: Festival des \u00c9toil\u00e9s Monte-Carlo &#8211; <em>Dominique Lory x Yoann Conte<\/em> &#8211; Le Grill<\/li>\n\n\n\n<li><strong>26 giugno<\/strong>: Conferenza &#8211; <em>Sohn Monaco 2024<\/em> &#8211; Yacht Club de Monaco<\/li>\n\n\n\n<li><strong>28 giugno<\/strong>: Concerto &#8211; <em>Hetty Kate Trio<\/em> &#8211; La Note Bleue<\/li>\n<\/ul>\n","protected":false},"excerpt":{"rendered":"<p>Monaco Tribune ha stilato la lista degli eventi da non perdere nel Principato e vi d\u00e0 qualche idea su cosa [&hellip;]<\/p>\n","protected":false},"author":76,"featured_media":234644,"comment_status":"closed","ping_status":"closed","sticky":false,"template":"","format":"standard","meta":{"_acf_changed":false,"footnotes":""},"categories":[1740,1826,1738],"tags":[2890],"post_sectags":[],"post_format":[2471],"class_list":["post-235002","post","type-post","status-publish","format-standard","has-post-thumbnail","hentry","category-cosa-fare","category-la-nostra-scelta","category-notizie","tag-eventi","format-evento"],"acf":[],"yoast_head":"<!-- This site is optimized with the Yoast SEO Premium plugin v26.8 (Yoast SEO v27.5) - https:\/\/yoast.com\/product\/yoast-seo-premium-wordpress\/ -->\n<title>Cosa fare a Monaco a giugno 2024?<\/title>\n<meta name=\"description\" content=\"Monaco Tribune ha stilato la lista degli eventi da non perdere nel Principato e vi d\u00e0 qualche idea su cosa fare. Sport - Meeting Internazionale di nuoto\" \/>\n<meta name=\"robots\" content=\"index, follow, max-snippet:-1, max-image-preview:large, max-video-preview:-1\" \/>\n<link rel=\"canonical\" href=\"https:\/\/www.monaco-tribune.com\/it\/2024\/05\/cosa-fare-a-monaco-a-giugno-2024\/\" \/>\n<meta property=\"og:locale\" content=\"it_IT\" \/>\n<meta property=\"og:type\" content=\"article\" \/>\n<meta property=\"og:title\" content=\"Cosa fare a Monaco a giugno 2024? - Monaco Tribune\" \/>\n<meta property=\"og:description\" content=\"Monaco Tribune ha stilato la lista degli eventi da non perdere nel Principato e vi d\u00e0 qualche idea su cosa fare. Sport - Meeting Internazionale di nuoto\" \/>\n<meta property=\"og:url\" content=\"https:\/\/www.monaco-tribune.com\/it\/2024\/05\/cosa-fare-a-monaco-a-giugno-2024\/\" \/>\n<meta property=\"og:site_name\" content=\"Monaco Tribune\" \/>\n<meta property=\"article:publisher\" content=\"https:\/\/www.facebook.com\/MonacoTribune\" \/>\n<meta property=\"article:published_time\" content=\"2024-05-30T15:37:13+00:00\" \/>\n<meta property=\"article:modified_time\" content=\"2024-05-30T15:38:58+00:00\" \/>\n<meta property=\"og:image\" content=\"https:\/\/www.monaco-tribune.com\/wp-content\/uploads\/2024\/05\/voici-les-differents-evenements-a-venir-durant-le-mois-de-juin-en-principaute1.jpg\" \/>\n\t<meta property=\"og:image:width\" content=\"1200\" \/>\n\t<meta property=\"og:image:height\" content=\"800\" \/>\n\t<meta property=\"og:image:type\" content=\"image\/jpeg\" \/>\n<meta name=\"author\" content=\"Killian Masurier\" \/>\n<meta name=\"twitter:card\" content=\"summary_large_image\" \/>\n<meta name=\"twitter:creator\" content=\"@MonacoTribune\" \/>\n<meta name=\"twitter:site\" content=\"@MonacoTribune\" \/>\n<script type=\"application\/ld+json\" class=\"yoast-schema-graph\">{\"@context\":\"https:\\\/\\\/schema.org\",\"@graph\":[{\"@type\":\"NewsArticle\",\"@id\":\"https:\\\/\\\/www.monaco-tribune.com\\\/it\\\/2024\\\/05\\\/cosa-fare-a-monaco-a-giugno-2024\\\/#article\",\"isPartOf\":{\"@id\":\"https:\\\/\\\/www.monaco-tribune.com\\\/it\\\/2024\\\/05\\\/cosa-fare-a-monaco-a-giugno-2024\\\/\"},\"author\":{\"name\":\"Killian Masurier\",\"@id\":\"https:\\\/\\\/www.monaco-tribune.com\\\/it\\\/#\\\/schema\\\/person\\\/430d20b322a92cf77ed693c80401a9f1\"},\"headline\":\"Cosa fare a Monaco a giugno 2024?\",\"datePublished\":\"2024-05-30T15:37:13+00:00\",\"dateModified\":\"2024-05-30T15:38:58+00:00\",\"mainEntityOfPage\":{\"@id\":\"https:\\\/\\\/www.monaco-tribune.com\\\/it\\\/2024\\\/05\\\/cosa-fare-a-monaco-a-giugno-2024\\\/\"},\"wordCount\":584,\"publisher\":{\"@id\":\"https:\\\/\\\/www.monaco-tribune.com\\\/it\\\/#organization\"},\"image\":{\"@id\":\"https:\\\/\\\/www.monaco-tribune.com\\\/it\\\/2024\\\/05\\\/cosa-fare-a-monaco-a-giugno-2024\\\/#primaryimage\"},\"thumbnailUrl\":\"https:\\\/\\\/www.monaco-tribune.com\\\/wp-content\\\/uploads\\\/2024\\\/05\\\/voici-les-differents-evenements-a-venir-durant-le-mois-de-juin-en-principaute1.jpg\",\"keywords\":[\"Eventi\"],\"articleSection\":[\"Cosa fare\",\"La nostra scelta\",\"Notizie\"],\"inLanguage\":\"it-IT\",\"copyrightYear\":\"2024\",\"copyrightHolder\":{\"@id\":\"https:\\\/\\\/www.monaco-tribune.com\\\/#organization\"}},{\"@type\":\"WebPage\",\"@id\":\"https:\\\/\\\/www.monaco-tribune.com\\\/it\\\/2024\\\/05\\\/cosa-fare-a-monaco-a-giugno-2024\\\/\",\"url\":\"https:\\\/\\\/www.monaco-tribune.com\\\/it\\\/2024\\\/05\\\/cosa-fare-a-monaco-a-giugno-2024\\\/\",\"name\":\"Cosa fare a Monaco a giugno 2024?\",\"isPartOf\":{\"@id\":\"https:\\\/\\\/www.monaco-tribune.com\\\/it\\\/#website\"},\"primaryImageOfPage\":{\"@id\":\"https:\\\/\\\/www.monaco-tribune.com\\\/it\\\/2024\\\/05\\\/cosa-fare-a-monaco-a-giugno-2024\\\/#primaryimage\"},\"image\":{\"@id\":\"https:\\\/\\\/www.monaco-tribune.com\\\/it\\\/2024\\\/05\\\/cosa-fare-a-monaco-a-giugno-2024\\\/#primaryimage\"},\"thumbnailUrl\":\"https:\\\/\\\/www.monaco-tribune.com\\\/wp-content\\\/uploads\\\/2024\\\/05\\\/voici-les-differents-evenements-a-venir-durant-le-mois-de-juin-en-principaute1.jpg\",\"datePublished\":\"2024-05-30T15:37:13+00:00\",\"dateModified\":\"2024-05-30T15:38:58+00:00\",\"description\":\"Monaco Tribune ha stilato la lista degli eventi da non perdere nel Principato e vi d\u00e0 qualche idea su cosa fare. Sport - Meeting Internazionale di nuoto\",\"breadcrumb\":{\"@id\":\"https:\\\/\\\/www.monaco-tribune.com\\\/it\\\/2024\\\/05\\\/cosa-fare-a-monaco-a-giugno-2024\\\/#breadcrumb\"},\"inLanguage\":\"it-IT\",\"potentialAction\":[{\"@type\":\"ReadAction\",\"target\":[\"https:\\\/\\\/www.monaco-tribune.com\\\/it\\\/2024\\\/05\\\/cosa-fare-a-monaco-a-giugno-2024\\\/\"]}]},{\"@type\":\"ImageObject\",\"inLanguage\":\"it-IT\",\"@id\":\"https:\\\/\\\/www.monaco-tribune.com\\\/it\\\/2024\\\/05\\\/cosa-fare-a-monaco-a-giugno-2024\\\/#primaryimage\",\"url\":\"https:\\\/\\\/www.monaco-tribune.com\\\/wp-content\\\/uploads\\\/2024\\\/05\\\/voici-les-differents-evenements-a-venir-durant-le-mois-de-juin-en-principaute1.jpg\",\"contentUrl\":\"https:\\\/\\\/www.monaco-tribune.com\\\/wp-content\\\/uploads\\\/2024\\\/05\\\/voici-les-differents-evenements-a-venir-durant-le-mois-de-juin-en-principaute1.jpg\",\"width\":1200,\"height\":800,\"caption\":\"Ecco i vari eventi in programma a giugno nel Principato \u00a9 Top Marques Monaco\"},{\"@type\":\"BreadcrumbList\",\"@id\":\"https:\\\/\\\/www.monaco-tribune.com\\\/it\\\/2024\\\/05\\\/cosa-fare-a-monaco-a-giugno-2024\\\/#breadcrumb\",\"itemListElement\":[{\"@type\":\"ListItem\",\"position\":1,\"name\":\"Accueil\",\"item\":\"https:\\\/\\\/www.monaco-tribune.com\\\/it\\\/\"},{\"@type\":\"ListItem\",\"position\":2,\"name\":\"Cosa fare a Monaco a giugno 2024?\"}]},{\"@type\":\"WebSite\",\"@id\":\"https:\\\/\\\/www.monaco-tribune.com\\\/it\\\/#website\",\"url\":\"https:\\\/\\\/www.monaco-tribune.com\\\/it\\\/\",\"name\":\"Monaco Tribune\",\"description\":\"Monaco : actualit\u00e9s \u00e9conomiques, politiques, culturelles et sportives de Monaco et de la French Riviera.\",\"publisher\":{\"@id\":\"https:\\\/\\\/www.monaco-tribune.com\\\/it\\\/#organization\"},\"potentialAction\":[{\"@type\":\"SearchAction\",\"target\":{\"@type\":\"EntryPoint\",\"urlTemplate\":\"https:\\\/\\\/www.monaco-tribune.com\\\/it\\\/?s={search_term_string}\"},\"query-input\":{\"@type\":\"PropertyValueSpecification\",\"valueRequired\":true,\"valueName\":\"search_term_string\"}}],\"inLanguage\":\"it-IT\"},{\"@type\":\"Organization\",\"@id\":\"https:\\\/\\\/www.monaco-tribune.com\\\/it\\\/#organization\",\"name\":\"Monaco Tribune\",\"url\":\"https:\\\/\\\/www.monaco-tribune.com\\\/it\\\/\",\"logo\":{\"@type\":\"ImageObject\",\"inLanguage\":\"it-IT\",\"@id\":\"https:\\\/\\\/www.monaco-tribune.com\\\/it\\\/#\\\/schema\\\/logo\\\/image\\\/\",\"url\":\"https:\\\/\\\/www.monaco-tribune.com\\\/wp-content\\\/uploads\\\/2022\\\/11\\\/logo-monaco-tribune.png\",\"contentUrl\":\"https:\\\/\\\/www.monaco-tribune.com\\\/wp-content\\\/uploads\\\/2022\\\/11\\\/logo-monaco-tribune.png\",\"width\":1548,\"height\":600,\"caption\":\"Monaco Tribune\"},\"image\":{\"@id\":\"https:\\\/\\\/www.monaco-tribune.com\\\/it\\\/#\\\/schema\\\/logo\\\/image\\\/\"},\"sameAs\":[\"https:\\\/\\\/www.facebook.com\\\/MonacoTribune\",\"https:\\\/\\\/x.com\\\/MonacoTribune\",\"https:\\\/\\\/www.instagram.com\\\/monacotribune\\\/\",\"https:\\\/\\\/www.linkedin.com\\\/company\\\/monaco-tribune\",\"https:\\\/\\\/www.youtube.com\\\/channel\\\/UCHle1MnG6hw1y4lWKijVbMA\"]},{\"@type\":\"Person\",\"@id\":\"https:\\\/\\\/www.monaco-tribune.com\\\/it\\\/#\\\/schema\\\/person\\\/430d20b322a92cf77ed693c80401a9f1\",\"name\":\"Killian Masurier\",\"image\":{\"@type\":\"ImageObject\",\"inLanguage\":\"it-IT\",\"@id\":\"https:\\\/\\\/secure.gravatar.com\\\/avatar\\\/2b945dc7d96e6fec85032621c16cd3de6e31a754758f25fdb5adce4ef6696a8e?s=96&d=mm&r=g\",\"url\":\"https:\\\/\\\/secure.gravatar.com\\\/avatar\\\/2b945dc7d96e6fec85032621c16cd3de6e31a754758f25fdb5adce4ef6696a8e?s=96&d=mm&r=g\",\"contentUrl\":\"https:\\\/\\\/secure.gravatar.com\\\/avatar\\\/2b945dc7d96e6fec85032621c16cd3de6e31a754758f25fdb5adce4ef6696a8e?s=96&d=mm&r=g\",\"caption\":\"Killian Masurier\"},\"url\":\"https:\\\/\\\/www.monaco-tribune.com\\\/it\\\/author\\\/killianmasurier\\\/\"}]}<\/script>\n<!-- \/ Yoast SEO Premium plugin. -->","yoast_head_json":{"title":"Cosa fare a Monaco a giugno 2024?","description":"Monaco Tribune ha stilato la lista degli eventi da non perdere nel Principato e vi d\u00e0 qualche idea su cosa fare. Sport - Meeting Internazionale di nuoto","robots":{"index":"index","follow":"follow","max-snippet":"max-snippet:-1","max-image-preview":"max-image-preview:large","max-video-preview":"max-video-preview:-1"},"canonical":"https:\/\/www.monaco-tribune.com\/it\/2024\/05\/cosa-fare-a-monaco-a-giugno-2024\/","og_locale":"it_IT","og_type":"article","og_title":"Cosa fare a Monaco a giugno 2024? - Monaco Tribune","og_description":"Monaco Tribune ha stilato la lista degli eventi da non perdere nel Principato e vi d\u00e0 qualche idea su cosa fare. Sport - Meeting Internazionale di nuoto","og_url":"https:\/\/www.monaco-tribune.com\/it\/2024\/05\/cosa-fare-a-monaco-a-giugno-2024\/","og_site_name":"Monaco Tribune","article_publisher":"https:\/\/www.facebook.com\/MonacoTribune","article_published_time":"2024-05-30T15:37:13+00:00","article_modified_time":"2024-05-30T15:38:58+00:00","og_image":[{"width":1200,"height":800,"url":"https:\/\/www.monaco-tribune.com\/wp-content\/uploads\/2024\/05\/voici-les-differents-evenements-a-venir-durant-le-mois-de-juin-en-principaute1.jpg","type":"image\/jpeg"}],"author":"Killian Masurier","twitter_card":"summary_large_image","twitter_creator":"@MonacoTribune","twitter_site":"@MonacoTribune","schema":{"@context":"https:\/\/schema.org","@graph":[{"@type":"NewsArticle","@id":"https:\/\/www.monaco-tribune.com\/it\/2024\/05\/cosa-fare-a-monaco-a-giugno-2024\/#article","isPartOf":{"@id":"https:\/\/www.monaco-tribune.com\/it\/2024\/05\/cosa-fare-a-monaco-a-giugno-2024\/"},"author":{"name":"Killian Masurier","@id":"https:\/\/www.monaco-tribune.com\/it\/#\/schema\/person\/430d20b322a92cf77ed693c80401a9f1"},"headline":"Cosa fare a Monaco a giugno 2024?","datePublished":"2024-05-30T15:37:13+00:00","dateModified":"2024-05-30T15:38:58+00:00","mainEntityOfPage":{"@id":"https:\/\/www.monaco-tribune.com\/it\/2024\/05\/cosa-fare-a-monaco-a-giugno-2024\/"},"wordCount":584,"publisher":{"@id":"https:\/\/www.monaco-tribune.com\/it\/#organization"},"image":{"@id":"https:\/\/www.monaco-tribune.com\/it\/2024\/05\/cosa-fare-a-monaco-a-giugno-2024\/#primaryimage"},"thumbnailUrl":"https:\/\/www.monaco-tribune.com\/wp-content\/uploads\/2024\/05\/voici-les-differents-evenements-a-venir-durant-le-mois-de-juin-en-principaute1.jpg","keywords":["Eventi"],"articleSection":["Cosa fare","La nostra scelta","Notizie"],"inLanguage":"it-IT","copyrightYear":"2024","copyrightHolder":{"@id":"https:\/\/www.monaco-tribune.com\/#organization"}},{"@type":"WebPage","@id":"https:\/\/www.monaco-tribune.com\/it\/2024\/05\/cosa-fare-a-monaco-a-giugno-2024\/","url":"https:\/\/www.monaco-tribune.com\/it\/2024\/05\/cosa-fare-a-monaco-a-giugno-2024\/","name":"Cosa fare a Monaco a giugno 2024?","isPartOf":{"@id":"https:\/\/www.monaco-tribune.com\/it\/#website"},"primaryImageOfPage":{"@id":"https:\/\/www.monaco-tribune.com\/it\/2024\/05\/cosa-fare-a-monaco-a-giugno-2024\/#primaryimage"},"image":{"@id":"https:\/\/www.monaco-tribune.com\/it\/2024\/05\/cosa-fare-a-monaco-a-giugno-2024\/#primaryimage"},"thumbnailUrl":"https:\/\/www.monaco-tribune.com\/wp-content\/uploads\/2024\/05\/voici-les-differents-evenements-a-venir-durant-le-mois-de-juin-en-principaute1.jpg","datePublished":"2024-05-30T15:37:13+00:00","dateModified":"2024-05-30T15:38:58+00:00","description":"Monaco Tribune ha stilato la lista degli eventi da non perdere nel Principato e vi d\u00e0 qualche idea su cosa fare. Sport - Meeting Internazionale di nuoto","breadcrumb":{"@id":"https:\/\/www.monaco-tribune.com\/it\/2024\/05\/cosa-fare-a-monaco-a-giugno-2024\/#breadcrumb"},"inLanguage":"it-IT","potentialAction":[{"@type":"ReadAction","target":["https:\/\/www.monaco-tribune.com\/it\/2024\/05\/cosa-fare-a-monaco-a-giugno-2024\/"]}]},{"@type":"ImageObject","inLanguage":"it-IT","@id":"https:\/\/www.monaco-tribune.com\/it\/2024\/05\/cosa-fare-a-monaco-a-giugno-2024\/#primaryimage","url":"https:\/\/www.monaco-tribune.com\/wp-content\/uploads\/2024\/05\/voici-les-differents-evenements-a-venir-durant-le-mois-de-juin-en-principaute1.jpg","contentUrl":"https:\/\/www.monaco-tribune.com\/wp-content\/uploads\/2024\/05\/voici-les-differents-evenements-a-venir-durant-le-mois-de-juin-en-principaute1.jpg","width":1200,"height":800,"caption":"Ecco i vari eventi in programma a giugno nel Principato \u00a9 Top Marques Monaco"},{"@type":"BreadcrumbList","@id":"https:\/\/www.monaco-tribune.com\/it\/2024\/05\/cosa-fare-a-monaco-a-giugno-2024\/#breadcrumb","itemListElement":[{"@type":"ListItem","position":1,"name":"Accueil","item":"https:\/\/www.monaco-tribune.com\/it\/"},{"@type":"ListItem","position":2,"name":"Cosa fare a Monaco a giugno 2024?"}]},{"@type":"WebSite","@id":"https:\/\/www.monaco-tribune.com\/it\/#website","url":"https:\/\/www.monaco-tribune.com\/it\/","name":"Monaco Tribune","description":"Monaco : actualit\u00e9s \u00e9conomiques, politiques, culturelles et sportives de Monaco et de la French Riviera.","publisher":{"@id":"https:\/\/www.monaco-tribune.com\/it\/#organization"},"potentialAction":[{"@type":"SearchAction","target":{"@type":"EntryPoint","urlTemplate":"https:\/\/www.monaco-tribune.com\/it\/?s={search_term_string}"},"query-input":{"@type":"PropertyValueSpecification","valueRequired":true,"valueName":"search_term_string"}}],"inLanguage":"it-IT"},{"@type":"Organization","@id":"https:\/\/www.monaco-tribune.com\/it\/#organization","name":"Monaco Tribune","url":"https:\/\/www.monaco-tribune.com\/it\/","logo":{"@type":"ImageObject","inLanguage":"it-IT","@id":"https:\/\/www.monaco-tribune.com\/it\/#\/schema\/logo\/image\/","url":"https:\/\/www.monaco-tribune.com\/wp-content\/uploads\/2022\/11\/logo-monaco-tribune.png","contentUrl":"https:\/\/www.monaco-tribune.com\/wp-content\/uploads\/2022\/11\/logo-monaco-tribune.png","width":1548,"height":600,"caption":"Monaco Tribune"},"image":{"@id":"https:\/\/www.monaco-tribune.com\/it\/#\/schema\/logo\/image\/"},"sameAs":["https:\/\/www.facebook.com\/MonacoTribune","https:\/\/x.com\/MonacoTribune","https:\/\/www.instagram.com\/monacotribune\/","https:\/\/www.linkedin.com\/company\/monaco-tribune","https:\/\/www.youtube.com\/channel\/UCHle1MnG6hw1y4lWKijVbMA"]},{"@type":"Person","@id":"https:\/\/www.monaco-tribune.com\/it\/#\/schema\/person\/430d20b322a92cf77ed693c80401a9f1","name":"Killian Masurier","image":{"@type":"ImageObject","inLanguage":"it-IT","@id":"https:\/\/secure.gravatar.com\/avatar\/2b945dc7d96e6fec85032621c16cd3de6e31a754758f25fdb5adce4ef6696a8e?s=96&d=mm&r=g","url":"https:\/\/secure.gravatar.com\/avatar\/2b945dc7d96e6fec85032621c16cd3de6e31a754758f25fdb5adce4ef6696a8e?s=96&d=mm&r=g","contentUrl":"https:\/\/secure.gravatar.com\/avatar\/2b945dc7d96e6fec85032621c16cd3de6e31a754758f25fdb5adce4ef6696a8e?s=96&d=mm&r=g","caption":"Killian Masurier"},"url":"https:\/\/www.monaco-tribune.com\/it\/author\/killianmasurier\/"}]}},"_links":{"self":[{"href":"https:\/\/www.monaco-tribune.com\/it\/wp-json\/wp\/v2\/posts\/235002","targetHints":{"allow":["GET"]}}],"collection":[{"href":"https:\/\/www.monaco-tribune.com\/it\/wp-json\/wp\/v2\/posts"}],"about":[{"href":"https:\/\/www.monaco-tribune.com\/it\/wp-json\/wp\/v2\/types\/post"}],"author":[{"embeddable":true,"href":"https:\/\/www.monaco-tribune.com\/it\/wp-json\/wp\/v2\/users\/76"}],"replies":[{"embeddable":true,"href":"https:\/\/www.monaco-tribune.com\/it\/wp-json\/wp\/v2\/comments?post=235002"}],"version-history":[{"count":2,"href":"https:\/\/www.monaco-tribune.com\/it\/wp-json\/wp\/v2\/posts\/235002\/revisions"}],"predecessor-version":[{"id":235007,"href":"https:\/\/www.monaco-tribune.com\/it\/wp-json\/wp\/v2\/posts\/235002\/revisions\/235007"}],"wp:featuredmedia":[{"embeddable":true,"href":"https:\/\/www.monaco-tribune.com\/it\/wp-json\/wp\/v2\/media\/234644"}],"wp:attachment":[{"href":"https:\/\/www.monaco-tribune.com\/it\/wp-json\/wp\/v2\/media?parent=235002"}],"wp:term":[{"taxonomy":"category","embeddable":true,"href":"https:\/\/www.monaco-tribune.com\/it\/wp-json\/wp\/v2\/categories?post=235002"},{"taxonomy":"post_tag","embeddable":true,"href":"https:\/\/www.monaco-tribune.com\/it\/wp-json\/wp\/v2\/tags?post=235002"},{"taxonomy":"sectag","embeddable":true,"href":"https:\/\/www.monaco-tribune.com\/it\/wp-json\/wp\/v2\/post_sectags?post=235002"},{"taxonomy":"format","embeddable":true,"href":"https:\/\/www.monaco-tribune.com\/it\/wp-json\/wp\/v2\/post_format?post=235002"}],"curies":[{"name":"wp","href":"https:\/\/api.w.org\/{rel}","templated":true}]}}