{"id":236796,"date":"2024-06-10T18:20:24","date_gmt":"2024-06-10T16:20:24","guid":{"rendered":"https:\/\/www.monaco-tribune.com\/2024\/06\/il-caso-rybolovlev-bouvier-la-sentenza-della-cedu-potrebbe-porre-fine-ad-anni-di-contenzioso-a-monaco\/"},"modified":"2024-06-10T18:24:38","modified_gmt":"2024-06-10T16:24:38","slug":"il-caso-rybolovlev-bouvier-la-sentenza-della-cedu-potrebbe-porre-fine-ad-anni-di-contenzioso-a-monaco","status":"publish","type":"post","link":"https:\/\/www.monaco-tribune.com\/it\/2024\/06\/il-caso-rybolovlev-bouvier-la-sentenza-della-cedu-potrebbe-porre-fine-ad-anni-di-contenzioso-a-monaco\/","title":{"rendered":"Il caso Rybolovlev-Bouvier: la sentenza della CEDU potrebbe porre fine ad anni di contenzioso a Monaco"},"content":{"rendered":"\n<p><strong>Gioved\u00ec 6 giugno, la Corte europea dei diritti dell&#8217;uomo (CEDU) ha emesso una decisione che potrebbe porre fine al procedimento in corso con oggetto il traffico di influenze illecite e la corruzione nel Principato, noto come &#8220;MonacoGate&#8221;.<\/strong><\/p>\n\n\n\n<p>La CEDU ha stabilito all&#8217;unanimit\u00e0 che il giudice istruttore Edouard Levrault e altre autorit\u00e0 monegasche hanno violato i diritti tutelati dalla Convenzione europea dei diritti dell&#8217;uomo nei confronti di Tetiana Bersheda, avvocato di Dmitri Rybolovlev. <\/p>\n\n\n\n<h2 class=\"wp-block-heading\" id=\"h-un-riassunto-dei-fatti\">Un riassunto dei fatti<\/h2>\n\n\n\n<p>Nove anni fa, una battaglia legale ha visto protagonisti il mercante d&#8217;arte svizzero Yves Bouvier e il presidente dell\u2019AS Monaco Dmitri Rybolovlev. Il miliardario residente monegasco ha accusato il suo consulente di avergli sottratto un miliardo di euro in occasione delle vendite di alcune opere d\u2019arte. Rybolovlev ha presentato cos\u00ec una denuncia alla polizia monegasca contro Yves Bouvier e Tania Rappo, una conoscente di entrambi, accusando quest\u2019ultima di aver agito da intermediaria e di aver approfittato della situazione per arricchirsi.<\/p>\n\n\n\n<p>Nel febbraio 2015, l&#8217;avvocato di Dmitri Rybolovlev, Tetiana Bersheda, ha registrato una conversazione sul suo cellulare durante una cena tra lei, Tania Rappo e il miliardario russo, per dimostrare la complicit\u00e0 tra Tania Rappo e Yves Bouvier.<\/p>\n\n\n\n<p>Dopo essere venuta a conoscenza della registrazione segreta, Tania Rappo ha sporto denuncia per violazione della privacy contro la signora Bersheda, il signor Rybolovlev e il procuratore di Monaco dell&#8217;epoca, Jean-Pierre Dreno. Gli ultimi due sono stati perseguiti come complici.<\/p>\n\n\n\n<p>Nel 2017, la signora Bersheda, di sua iniziativa, ha consegnato il telefono con la sopracitata registrazione alla Suret\u00e9 publique di Monaco affinch\u00e9 potesse autenticare la registrazione. Ma \u00e8 a questo punto che il caso si infittisce.<\/p>\n\n\n\n<p><span lang=\"IT\" style=\"font-family: 'EB Garamond'; color: black;\">Il giudice istruttore Edouard Levrault, che si stava occupando del caso di violazione della privacy, ha chiesto a un esperto informatico di esaminare il telefono della signora Bersheda. Tuttavia, secondo la CEDU, l&#8217;obiettivo era quello di avviare &#8220;<em><span style=\"font-family: 'EB Garamond';\">un&#8217;indagine approfondita sulla telefonia, senza alcuna reale limitazione in termini di tempo o di portata<\/span><\/em><i>&#8220;,<\/i> piuttosto che limitarsi ad autenticare la registrazione. <\/span><\/p>\n\n\n\n<h2 class=\"wp-block-heading\" id=\"h-un-nuovo-caso\">Un nuovo caso<\/h2>\n\n\n\n<p>Questa indagine ha permesso di estrarre dal telefono di Tetiana Bersheda, utilizzato per scopi personali e professionali, decine di migliaia di SMS, MMS, iMessage, e-mail e telefonate per un periodo di oltre tre anni.<\/p>\n\n\n\n<p>\u00c8 sulla base di questi rapporti che a Monaco \u00e8 stata avviata un&#8217;altra inchiesta, quella per traffico di influenze illecite e corruzione, in cui oltre a Rybolovlev e Bersheda sono stati citati Philippe Narmino, ex direttore dei servizi giudiziari; Paul Masseron, ex consigliere del Governo-Ministro dell&#8217;Interno; R\u00e9gis Asso, ex capo della S\u00fbret\u00e9 publique e Christophe Haget e Fr\u00e9d\u00e9ric Fusari, due membri di alto grado della S\u00fbret\u00e9 publique.<\/p>\n\n\n\n<p>Ma perch\u00e9 sono stati indagati? Perch\u00e9 erano tutti menzionati nelle registrazioni e nei messaggi recuperati dal telefono di Tetiana Bersheda.<\/p>\n\n\n\n<p>L&#8217;inchiesta ha fatto un certo scalpore, tanto da essere soprannominata &#8220;MonacoGate&#8221;: violando la confidenzialit\u00e0 dell\u2019indagine, centinaia di messaggi del telefono della signora Bersheda sono entrati in possesso dei media. Sebbene non sia ancora stato emesso un verdetto, le testate giornalistiche si sono accanite sul caso danneggiando la reputazione di Monaco.<\/p>\n\n\n\n<p>Sostenendo che il giudice istruttore fosse andato troppo oltre rispetto all&#8217;indagine nei limiti dei suoi poteri, Rybolovlev e Bersheda hanno presentato diverse istanze a Monaco per contestare l\u2019inchiesta. Tuttavia, tutte queste istanze sono state respinte, prima dalla Corte d&#8217;appello e poi dal Corte di revisione. Cos\u00ec, nel luglio 2019, hanno presentato ricorso alla Corte europea dei diritti dell&#8217;uomo.<\/p>\n\n\n\n<p><em><span lang=\"IT\" style=\"font-family: 'EB Garamond'; color: black;\">&#8220;Invocando l&#8217;articolo 8 (diritto al rispetto della vita privata), i ricorrenti hanno lamentato la raccolta massiccia, indiscriminata e sproporzionata della totalit\u00e0 dei dati, sia quelli &#8220;visibili&#8221;, sia quelli cancellati, e quindi &#8220;invisibili&#8221;. Secondo i ricorrenti, queste indagini, ingiustificate, sono state condotte senza tutelare il segreto professionale a cui la signora Bersheda aveva diritto in quanto avvocato<\/span><\/em><span lang=\"IT\" style=\"font-family: 'EB Garamond'; color: black;\">&#8220;, spiega la CEDU.<i><\/i><\/span><\/p>\n\n\n\n<h2 class=\"wp-block-heading\" id=\"h-un-risultato-atteso-dai-ricorrenti\">Un risultato atteso dai ricorrenti<\/h2>\n\n\n\n<p><span lang=\"IT\" style=\"font-family: 'EB Garamond'; color: black;\">Gioved\u00ec 6 giugno, la CEDU ha emesso il suo verdetto. I sette giudici hanno dichiarato all&#8217;unanimit\u00e0 la violazione dell&#8217;articolo 8 della Convenzione sui diritti umani. Nella sentenza, la Corte ha rilevato che <em><span style=\"font-family: 'EB Garamond';\">&#8220;il giudice istruttore ha esteso troppo la portata delle sue indagini e che le autorit\u00e0 giudiziarie nazionali di controllo non hanno provveduto a ridefinire i limiti della missione degli esperti e la portata delle indagini<\/span><\/em><i>&#8220;.<\/i><\/span><\/p>\n\n\n\n<p><span lang=\"IT\" style=\"font-family: 'EB Garamond'; color: black;\">La Corte ha inoltre deplorato &#8220;<em>l&#8217;incapacit\u00e0 del giudice istruttore di attuare in un primo momento un quadro di protezione del segreto professionale in casi analoghi a quello in esame<\/em>&#8220;.<\/span><\/p>\n\n\n\n<p><span lang=\"IT\" style=\"font-family: 'EB Garamond'; color: black;\">La reazione dei ricorrenti \u00e8 stata immediata. <em><span style=\"font-family: 'EB Garamond';\">&#8220;La difesa sostiene da anni che il precedente giudice istruttore, al fine di formulare le accuse contro Dmitri Rybolovlev, non aveva il diritto di perquisire barbaramente il telefono del suo avvocato per portare alla luce messaggi relativi alla sua attivit\u00e0 giuridica. Cos\u00ec facendo, ha commesso una grave violazione del segreto professionale dell\u2019avvocato<\/span><\/em>&#8220;, hanno dichiarato gli avvocati di Rybolovlev in un comunicato.<\/span><\/p>\n\n\n\n<p><span lang=\"IT\" style=\"font-family: 'EB Garamond'; color: black;\">L&#8217;avvocato di Tetiana Bersheda, S\u00e9bastien Schapira, ha spiegato: <i>&#8220;<em><span style=\"font-family: 'EB Garamond';\">La Corte ha dichiarato che il giudice istruttore non aveva il diritto di perquisire in modo selvaggio il telefono dell&#8217;avvocato per portare alla luce messaggi relativi alla sua attivit\u00e0 giuridica e alla sua vita privata. In questo modo, ha violato gravemente il segreto professionale dell\u2019avvocato e l&#8217;articolo 8 della CEDU (Convenzione europea dei diritti dell&#8217;uomo). La Corte ha quindi ribadito che era imperativo regolamentare con rigore una tale misura, paragonabile alle operazioni di perquisizione e sequestro in uno studio legale, dal momento che gli avvocati sono ausiliari della giustizia<\/span><\/em><\/i>&#8220;.<i><\/i><\/span><\/p>\n\n\n\n<h2 class=\"wp-block-heading\" id=\"h-e-la-fine-del-monacogate\">\u00c8 la fine del \u201cMonacoGate\u201d?<\/h2>\n\n\n\n<p><span lang=\"IT\" style=\"font-family: 'EB Garamond'; color: black;\">Il procedimento monegasco nato dalla controversia tra Rybolovlev e Bouvier sta gradualmente volgendo al termine. Innanzitutto, le accuse iniziali di frode sono state ritirate. Lo scorso novembre \u00e8 stato rivelato che i giudici istruttori Franck Vouaux e Ludovic Leclerc, incaricati del caso di violazione della privacy, <\/span><span lang=\"IT\"><a href=\"https:\/\/www.monaco-tribune.com\/it\/2023\/11\/caso-bouvier-rybolovlev-jean-pierre-dreno-e-dmitri-rybolovlev-scagionati-dal-sospetto-di-complicita-nella-violazione-della-privacy\/\"><span style=\"font-family: 'EB Garamond';\">avevano richiesto l&#8217;archiviazione del caso<\/span><\/a><\/span><span lang=\"IT\" style=\"font-family: 'EB Garamond'; color: black;\"> contro Dmitri Rybolovlev e Jean-Pierre Dreno. Tetiana Bersheda, invece, <\/span><span lang=\"IT\"><span style=\"font-family: 'EB Garamond';\"><a href=\"https:\/\/www.monaco-tribune.com\/2024\/03\/relaxe-pour-tetiana-bersheda-lavocate-poursuivie-pour-atteinte-a-la-vie-privee-dans-laffaire-bouvier-rybolovlev\/\">\u00e8 stata assolta<\/a><\/span><\/span><span lang=\"IT\" style=\"font-family: 'EB Garamond'; color: black;\"> dal tribunale a marzo.<\/span><\/p>\n\n\n\n<p><span lang=\"IT\" style=\"font-family: 'EB Garamond'; color: black;\">Per quanto riguarda il caso del traffico di influenze illecite, Martin Reynaud, avvocato di Dmitri Rybolovlev, ha spiegato: &#8220;<em><span style=\"font-family: 'EB Garamond';\">il procedimento non ha pi\u00f9 fondamenta, poich\u00e9 i messaggi recuperati illegalmente dal cellulare della Bersheda erano le uniche prove contro il mio cliente<\/span><\/em>&#8220;<i>.<\/i><\/span><\/p>\n\n\n\n<p><span lang=\"IT\" style=\"font-family: &quot;EB Garamond&quot;;\">Una fonte di <\/span><em><a href=\"https:\/\/www.leparisien.fr\/faits-divers\/soupcons-de-corruption-et-de-trafic-dinfluence-a-monaco-vers-la-fin-de-laffaire-rybolovlev-06-06-2024-2URDEKKARNGOLHYHPP2VK3EUZ4.php\">Le <span lang=\"IT\" style=\"font-family: 'EB Garamond'; color: black;\">Parisien<\/span><\/a><\/em><span lang=\"IT\" style=\"font-family: 'EB Garamond'; color: black;\">, commentando le prospettive dell&#8217;inchiesta sul caso Rybolovlev e gli ex capi delle forze dell&#8217;ordine del Principato, ha dichiarato: <i>&#8220;<em><span style=\"font-family: 'EB Garamond';\">\u00c8 difficile comprendere come si possa non tenere conto di tale decisione. L&#8217;intera premessa del procedimento \u00e8 stata fatta a pezzi<\/span><\/em><\/i>&#8220;.<\/span><\/p>\n\n\n\n<p>Dopo che la Corte europea dei diritti dell&#8217;uomo ha dichiarato illegali le prove del traffico di influenze illecite, sembra chiaro che il caso Rybolovlev avr\u00e0 un ennesimo e probabilmente definitivo colpo di scena.<\/p>\n","protected":false},"excerpt":{"rendered":"<p>Gioved\u00ec 6 giugno, la Corte europea dei diritti dell&#8217;uomo (CEDU) ha emesso una decisione che potrebbe porre fine al procedimento [&hellip;]<\/p>\n","protected":false},"author":66,"featured_media":236335,"comment_status":"closed","ping_status":"closed","sticky":false,"template":"","format":"standard","meta":{"_acf_changed":false,"footnotes":""},"categories":[1738,1752],"tags":[3415],"post_sectags":[4718],"post_format":[2486],"class_list":["post-236796","post","type-post","status-publish","format-standard","has-post-thumbnail","hentry","category-notizie","category-societa","tag-giustizia","sectag-as-monaco-it","format-servizio"],"acf":[],"yoast_head":"<!-- This site is optimized with the Yoast SEO Premium plugin v26.8 (Yoast SEO v27.5) - https:\/\/yoast.com\/product\/yoast-seo-premium-wordpress\/ -->\n<title>Il caso Rybolovlev-Bouvier: la sentenza della CEDU potrebbe porre fine ad anni di contenzioso a Monaco<\/title>\n<meta name=\"description\" content=\"Gioved\u00ec 6 giugno, la Corte europea dei diritti dell&#039;uomo (CEDU) ha emesso una decisione che potrebbe porre fine al procedimento in corso con oggetto il\" \/>\n<meta name=\"robots\" content=\"index, follow, max-snippet:-1, max-image-preview:large, max-video-preview:-1\" \/>\n<link rel=\"canonical\" href=\"https:\/\/www.monaco-tribune.com\/it\/2024\/06\/il-caso-rybolovlev-bouvier-la-sentenza-della-cedu-potrebbe-porre-fine-ad-anni-di-contenzioso-a-monaco\/\" \/>\n<meta property=\"og:locale\" content=\"it_IT\" \/>\n<meta property=\"og:type\" content=\"article\" \/>\n<meta property=\"og:title\" content=\"Il caso Rybolovlev-Bouvier: la sentenza della CEDU potrebbe porre fine ad anni di contenzioso a Monaco - Monaco Tribune\" \/>\n<meta property=\"og:description\" content=\"Gioved\u00ec 6 giugno, la Corte europea dei diritti dell&#039;uomo (CEDU) ha emesso una decisione che potrebbe porre fine al procedimento in corso con oggetto il\" \/>\n<meta property=\"og:url\" content=\"https:\/\/www.monaco-tribune.com\/it\/2024\/06\/il-caso-rybolovlev-bouvier-la-sentenza-della-cedu-potrebbe-porre-fine-ad-anni-di-contenzioso-a-monaco\/\" \/>\n<meta property=\"og:site_name\" content=\"Monaco Tribune\" \/>\n<meta property=\"article:publisher\" content=\"https:\/\/www.facebook.com\/MonacoTribune\" \/>\n<meta property=\"article:published_time\" content=\"2024-06-10T16:20:24+00:00\" \/>\n<meta property=\"article:modified_time\" content=\"2024-06-10T16:24:38+00:00\" \/>\n<meta property=\"og:image\" content=\"https:\/\/www.monaco-tribune.com\/wp-content\/uploads\/2024\/06\/european_court_of_human_rights.jpg\" \/>\n\t<meta property=\"og:image:width\" content=\"1200\" \/>\n\t<meta property=\"og:image:height\" content=\"793\" \/>\n\t<meta property=\"og:image:type\" content=\"image\/jpeg\" \/>\n<meta name=\"author\" content=\"Th\u00e9o Briand\" \/>\n<meta name=\"twitter:card\" content=\"summary_large_image\" \/>\n<meta name=\"twitter:creator\" content=\"@MonacoTribune\" \/>\n<meta name=\"twitter:site\" content=\"@MonacoTribune\" \/>\n<script type=\"application\/ld+json\" class=\"yoast-schema-graph\">{\"@context\":\"https:\\\/\\\/schema.org\",\"@graph\":[{\"@type\":\"NewsArticle\",\"@id\":\"https:\\\/\\\/www.monaco-tribune.com\\\/it\\\/2024\\\/06\\\/il-caso-rybolovlev-bouvier-la-sentenza-della-cedu-potrebbe-porre-fine-ad-anni-di-contenzioso-a-monaco\\\/#article\",\"isPartOf\":{\"@id\":\"https:\\\/\\\/www.monaco-tribune.com\\\/it\\\/2024\\\/06\\\/il-caso-rybolovlev-bouvier-la-sentenza-della-cedu-potrebbe-porre-fine-ad-anni-di-contenzioso-a-monaco\\\/\"},\"author\":{\"name\":\"Th\u00e9o Briand\",\"@id\":\"https:\\\/\\\/www.monaco-tribune.com\\\/it\\\/#\\\/schema\\\/person\\\/94fb5723547bd83dea1eed97e25145aa\"},\"headline\":\"Il caso Rybolovlev-Bouvier: la sentenza della CEDU potrebbe porre fine ad anni di contenzioso a Monaco\",\"datePublished\":\"2024-06-10T16:20:24+00:00\",\"dateModified\":\"2024-06-10T16:24:38+00:00\",\"mainEntityOfPage\":{\"@id\":\"https:\\\/\\\/www.monaco-tribune.com\\\/it\\\/2024\\\/06\\\/il-caso-rybolovlev-bouvier-la-sentenza-della-cedu-potrebbe-porre-fine-ad-anni-di-contenzioso-a-monaco\\\/\"},\"wordCount\":1114,\"publisher\":{\"@id\":\"https:\\\/\\\/www.monaco-tribune.com\\\/it\\\/#organization\"},\"image\":{\"@id\":\"https:\\\/\\\/www.monaco-tribune.com\\\/it\\\/2024\\\/06\\\/il-caso-rybolovlev-bouvier-la-sentenza-della-cedu-potrebbe-porre-fine-ad-anni-di-contenzioso-a-monaco\\\/#primaryimage\"},\"thumbnailUrl\":\"https:\\\/\\\/www.monaco-tribune.com\\\/wp-content\\\/uploads\\\/2024\\\/06\\\/european_court_of_human_rights.jpg\",\"keywords\":[\"Giustizia\"],\"articleSection\":[\"Notizie\",\"Societ\u00e0\"],\"inLanguage\":\"it-IT\",\"copyrightYear\":\"2024\",\"copyrightHolder\":{\"@id\":\"https:\\\/\\\/www.monaco-tribune.com\\\/#organization\"}},{\"@type\":\"WebPage\",\"@id\":\"https:\\\/\\\/www.monaco-tribune.com\\\/it\\\/2024\\\/06\\\/il-caso-rybolovlev-bouvier-la-sentenza-della-cedu-potrebbe-porre-fine-ad-anni-di-contenzioso-a-monaco\\\/\",\"url\":\"https:\\\/\\\/www.monaco-tribune.com\\\/it\\\/2024\\\/06\\\/il-caso-rybolovlev-bouvier-la-sentenza-della-cedu-potrebbe-porre-fine-ad-anni-di-contenzioso-a-monaco\\\/\",\"name\":\"Il caso Rybolovlev-Bouvier: la sentenza della CEDU potrebbe porre fine ad anni di contenzioso a Monaco\",\"isPartOf\":{\"@id\":\"https:\\\/\\\/www.monaco-tribune.com\\\/it\\\/#website\"},\"primaryImageOfPage\":{\"@id\":\"https:\\\/\\\/www.monaco-tribune.com\\\/it\\\/2024\\\/06\\\/il-caso-rybolovlev-bouvier-la-sentenza-della-cedu-potrebbe-porre-fine-ad-anni-di-contenzioso-a-monaco\\\/#primaryimage\"},\"image\":{\"@id\":\"https:\\\/\\\/www.monaco-tribune.com\\\/it\\\/2024\\\/06\\\/il-caso-rybolovlev-bouvier-la-sentenza-della-cedu-potrebbe-porre-fine-ad-anni-di-contenzioso-a-monaco\\\/#primaryimage\"},\"thumbnailUrl\":\"https:\\\/\\\/www.monaco-tribune.com\\\/wp-content\\\/uploads\\\/2024\\\/06\\\/european_court_of_human_rights.jpg\",\"datePublished\":\"2024-06-10T16:20:24+00:00\",\"dateModified\":\"2024-06-10T16:24:38+00:00\",\"description\":\"Gioved\u00ec 6 giugno, la Corte europea dei diritti dell'uomo (CEDU) ha emesso una decisione che potrebbe porre fine al procedimento in corso con oggetto il\",\"breadcrumb\":{\"@id\":\"https:\\\/\\\/www.monaco-tribune.com\\\/it\\\/2024\\\/06\\\/il-caso-rybolovlev-bouvier-la-sentenza-della-cedu-potrebbe-porre-fine-ad-anni-di-contenzioso-a-monaco\\\/#breadcrumb\"},\"inLanguage\":\"it-IT\",\"potentialAction\":[{\"@type\":\"ReadAction\",\"target\":[\"https:\\\/\\\/www.monaco-tribune.com\\\/it\\\/2024\\\/06\\\/il-caso-rybolovlev-bouvier-la-sentenza-della-cedu-potrebbe-porre-fine-ad-anni-di-contenzioso-a-monaco\\\/\"]}]},{\"@type\":\"ImageObject\",\"inLanguage\":\"it-IT\",\"@id\":\"https:\\\/\\\/www.monaco-tribune.com\\\/it\\\/2024\\\/06\\\/il-caso-rybolovlev-bouvier-la-sentenza-della-cedu-potrebbe-porre-fine-ad-anni-di-contenzioso-a-monaco\\\/#primaryimage\",\"url\":\"https:\\\/\\\/www.monaco-tribune.com\\\/wp-content\\\/uploads\\\/2024\\\/06\\\/european_court_of_human_rights.jpg\",\"contentUrl\":\"https:\\\/\\\/www.monaco-tribune.com\\\/wp-content\\\/uploads\\\/2024\\\/06\\\/european_court_of_human_rights.jpg\",\"width\":1200,\"height\":793,\"caption\":\"La Corte europea dei diritti dell'uomo \u00a9 Consiglio d'Europa\"},{\"@type\":\"BreadcrumbList\",\"@id\":\"https:\\\/\\\/www.monaco-tribune.com\\\/it\\\/2024\\\/06\\\/il-caso-rybolovlev-bouvier-la-sentenza-della-cedu-potrebbe-porre-fine-ad-anni-di-contenzioso-a-monaco\\\/#breadcrumb\",\"itemListElement\":[{\"@type\":\"ListItem\",\"position\":1,\"name\":\"Accueil\",\"item\":\"https:\\\/\\\/www.monaco-tribune.com\\\/it\\\/\"},{\"@type\":\"ListItem\",\"position\":2,\"name\":\"Il caso Rybolovlev-Bouvier: la sentenza della CEDU potrebbe porre fine ad anni di contenzioso a Monaco\"}]},{\"@type\":\"WebSite\",\"@id\":\"https:\\\/\\\/www.monaco-tribune.com\\\/it\\\/#website\",\"url\":\"https:\\\/\\\/www.monaco-tribune.com\\\/it\\\/\",\"name\":\"Monaco Tribune\",\"description\":\"Monaco : actualit\u00e9s \u00e9conomiques, politiques, culturelles et sportives de Monaco et de la French Riviera.\",\"publisher\":{\"@id\":\"https:\\\/\\\/www.monaco-tribune.com\\\/it\\\/#organization\"},\"potentialAction\":[{\"@type\":\"SearchAction\",\"target\":{\"@type\":\"EntryPoint\",\"urlTemplate\":\"https:\\\/\\\/www.monaco-tribune.com\\\/it\\\/?s={search_term_string}\"},\"query-input\":{\"@type\":\"PropertyValueSpecification\",\"valueRequired\":true,\"valueName\":\"search_term_string\"}}],\"inLanguage\":\"it-IT\"},{\"@type\":\"Organization\",\"@id\":\"https:\\\/\\\/www.monaco-tribune.com\\\/it\\\/#organization\",\"name\":\"Monaco Tribune\",\"url\":\"https:\\\/\\\/www.monaco-tribune.com\\\/it\\\/\",\"logo\":{\"@type\":\"ImageObject\",\"inLanguage\":\"it-IT\",\"@id\":\"https:\\\/\\\/www.monaco-tribune.com\\\/it\\\/#\\\/schema\\\/logo\\\/image\\\/\",\"url\":\"https:\\\/\\\/www.monaco-tribune.com\\\/wp-content\\\/uploads\\\/2022\\\/11\\\/logo-monaco-tribune.png\",\"contentUrl\":\"https:\\\/\\\/www.monaco-tribune.com\\\/wp-content\\\/uploads\\\/2022\\\/11\\\/logo-monaco-tribune.png\",\"width\":1548,\"height\":600,\"caption\":\"Monaco Tribune\"},\"image\":{\"@id\":\"https:\\\/\\\/www.monaco-tribune.com\\\/it\\\/#\\\/schema\\\/logo\\\/image\\\/\"},\"sameAs\":[\"https:\\\/\\\/www.facebook.com\\\/MonacoTribune\",\"https:\\\/\\\/x.com\\\/MonacoTribune\",\"https:\\\/\\\/www.instagram.com\\\/monacotribune\\\/\",\"https:\\\/\\\/www.linkedin.com\\\/company\\\/monaco-tribune\",\"https:\\\/\\\/www.youtube.com\\\/channel\\\/UCHle1MnG6hw1y4lWKijVbMA\"]},{\"@type\":\"Person\",\"@id\":\"https:\\\/\\\/www.monaco-tribune.com\\\/it\\\/#\\\/schema\\\/person\\\/94fb5723547bd83dea1eed97e25145aa\",\"name\":\"Th\u00e9o Briand\",\"image\":{\"@type\":\"ImageObject\",\"inLanguage\":\"it-IT\",\"@id\":\"https:\\\/\\\/secure.gravatar.com\\\/avatar\\\/1c02cfd8b8054d8c376f9a942a1dc4dbacfd8ba5e6f8dbb5e16f4aa3d281972a?s=96&d=mm&r=g\",\"url\":\"https:\\\/\\\/secure.gravatar.com\\\/avatar\\\/1c02cfd8b8054d8c376f9a942a1dc4dbacfd8ba5e6f8dbb5e16f4aa3d281972a?s=96&d=mm&r=g\",\"contentUrl\":\"https:\\\/\\\/secure.gravatar.com\\\/avatar\\\/1c02cfd8b8054d8c376f9a942a1dc4dbacfd8ba5e6f8dbb5e16f4aa3d281972a?s=96&d=mm&r=g\",\"caption\":\"Th\u00e9o Briand\"},\"url\":\"https:\\\/\\\/www.monaco-tribune.com\\\/it\\\/author\\\/theobriand\\\/\"}]}<\/script>\n<!-- \/ Yoast SEO Premium plugin. -->","yoast_head_json":{"title":"Il caso Rybolovlev-Bouvier: la sentenza della CEDU potrebbe porre fine ad anni di contenzioso a Monaco","description":"Gioved\u00ec 6 giugno, la Corte europea dei diritti dell'uomo (CEDU) ha emesso una decisione che potrebbe porre fine al procedimento in corso con oggetto il","robots":{"index":"index","follow":"follow","max-snippet":"max-snippet:-1","max-image-preview":"max-image-preview:large","max-video-preview":"max-video-preview:-1"},"canonical":"https:\/\/www.monaco-tribune.com\/it\/2024\/06\/il-caso-rybolovlev-bouvier-la-sentenza-della-cedu-potrebbe-porre-fine-ad-anni-di-contenzioso-a-monaco\/","og_locale":"it_IT","og_type":"article","og_title":"Il caso Rybolovlev-Bouvier: la sentenza della CEDU potrebbe porre fine ad anni di contenzioso a Monaco - Monaco Tribune","og_description":"Gioved\u00ec 6 giugno, la Corte europea dei diritti dell'uomo (CEDU) ha emesso una decisione che potrebbe porre fine al procedimento in corso con oggetto il","og_url":"https:\/\/www.monaco-tribune.com\/it\/2024\/06\/il-caso-rybolovlev-bouvier-la-sentenza-della-cedu-potrebbe-porre-fine-ad-anni-di-contenzioso-a-monaco\/","og_site_name":"Monaco Tribune","article_publisher":"https:\/\/www.facebook.com\/MonacoTribune","article_published_time":"2024-06-10T16:20:24+00:00","article_modified_time":"2024-06-10T16:24:38+00:00","og_image":[{"width":1200,"height":793,"url":"https:\/\/www.monaco-tribune.com\/wp-content\/uploads\/2024\/06\/european_court_of_human_rights.jpg","type":"image\/jpeg"}],"author":"Th\u00e9o Briand","twitter_card":"summary_large_image","twitter_creator":"@MonacoTribune","twitter_site":"@MonacoTribune","schema":{"@context":"https:\/\/schema.org","@graph":[{"@type":"NewsArticle","@id":"https:\/\/www.monaco-tribune.com\/it\/2024\/06\/il-caso-rybolovlev-bouvier-la-sentenza-della-cedu-potrebbe-porre-fine-ad-anni-di-contenzioso-a-monaco\/#article","isPartOf":{"@id":"https:\/\/www.monaco-tribune.com\/it\/2024\/06\/il-caso-rybolovlev-bouvier-la-sentenza-della-cedu-potrebbe-porre-fine-ad-anni-di-contenzioso-a-monaco\/"},"author":{"name":"Th\u00e9o Briand","@id":"https:\/\/www.monaco-tribune.com\/it\/#\/schema\/person\/94fb5723547bd83dea1eed97e25145aa"},"headline":"Il caso Rybolovlev-Bouvier: la sentenza della CEDU potrebbe porre fine ad anni di contenzioso a Monaco","datePublished":"2024-06-10T16:20:24+00:00","dateModified":"2024-06-10T16:24:38+00:00","mainEntityOfPage":{"@id":"https:\/\/www.monaco-tribune.com\/it\/2024\/06\/il-caso-rybolovlev-bouvier-la-sentenza-della-cedu-potrebbe-porre-fine-ad-anni-di-contenzioso-a-monaco\/"},"wordCount":1114,"publisher":{"@id":"https:\/\/www.monaco-tribune.com\/it\/#organization"},"image":{"@id":"https:\/\/www.monaco-tribune.com\/it\/2024\/06\/il-caso-rybolovlev-bouvier-la-sentenza-della-cedu-potrebbe-porre-fine-ad-anni-di-contenzioso-a-monaco\/#primaryimage"},"thumbnailUrl":"https:\/\/www.monaco-tribune.com\/wp-content\/uploads\/2024\/06\/european_court_of_human_rights.jpg","keywords":["Giustizia"],"articleSection":["Notizie","Societ\u00e0"],"inLanguage":"it-IT","copyrightYear":"2024","copyrightHolder":{"@id":"https:\/\/www.monaco-tribune.com\/#organization"}},{"@type":"WebPage","@id":"https:\/\/www.monaco-tribune.com\/it\/2024\/06\/il-caso-rybolovlev-bouvier-la-sentenza-della-cedu-potrebbe-porre-fine-ad-anni-di-contenzioso-a-monaco\/","url":"https:\/\/www.monaco-tribune.com\/it\/2024\/06\/il-caso-rybolovlev-bouvier-la-sentenza-della-cedu-potrebbe-porre-fine-ad-anni-di-contenzioso-a-monaco\/","name":"Il caso Rybolovlev-Bouvier: la sentenza della CEDU potrebbe porre fine ad anni di contenzioso a Monaco","isPartOf":{"@id":"https:\/\/www.monaco-tribune.com\/it\/#website"},"primaryImageOfPage":{"@id":"https:\/\/www.monaco-tribune.com\/it\/2024\/06\/il-caso-rybolovlev-bouvier-la-sentenza-della-cedu-potrebbe-porre-fine-ad-anni-di-contenzioso-a-monaco\/#primaryimage"},"image":{"@id":"https:\/\/www.monaco-tribune.com\/it\/2024\/06\/il-caso-rybolovlev-bouvier-la-sentenza-della-cedu-potrebbe-porre-fine-ad-anni-di-contenzioso-a-monaco\/#primaryimage"},"thumbnailUrl":"https:\/\/www.monaco-tribune.com\/wp-content\/uploads\/2024\/06\/european_court_of_human_rights.jpg","datePublished":"2024-06-10T16:20:24+00:00","dateModified":"2024-06-10T16:24:38+00:00","description":"Gioved\u00ec 6 giugno, la Corte europea dei diritti dell'uomo (CEDU) ha emesso una decisione che potrebbe porre fine al procedimento in corso con oggetto il","breadcrumb":{"@id":"https:\/\/www.monaco-tribune.com\/it\/2024\/06\/il-caso-rybolovlev-bouvier-la-sentenza-della-cedu-potrebbe-porre-fine-ad-anni-di-contenzioso-a-monaco\/#breadcrumb"},"inLanguage":"it-IT","potentialAction":[{"@type":"ReadAction","target":["https:\/\/www.monaco-tribune.com\/it\/2024\/06\/il-caso-rybolovlev-bouvier-la-sentenza-della-cedu-potrebbe-porre-fine-ad-anni-di-contenzioso-a-monaco\/"]}]},{"@type":"ImageObject","inLanguage":"it-IT","@id":"https:\/\/www.monaco-tribune.com\/it\/2024\/06\/il-caso-rybolovlev-bouvier-la-sentenza-della-cedu-potrebbe-porre-fine-ad-anni-di-contenzioso-a-monaco\/#primaryimage","url":"https:\/\/www.monaco-tribune.com\/wp-content\/uploads\/2024\/06\/european_court_of_human_rights.jpg","contentUrl":"https:\/\/www.monaco-tribune.com\/wp-content\/uploads\/2024\/06\/european_court_of_human_rights.jpg","width":1200,"height":793,"caption":"La Corte europea dei diritti dell'uomo \u00a9 Consiglio d'Europa"},{"@type":"BreadcrumbList","@id":"https:\/\/www.monaco-tribune.com\/it\/2024\/06\/il-caso-rybolovlev-bouvier-la-sentenza-della-cedu-potrebbe-porre-fine-ad-anni-di-contenzioso-a-monaco\/#breadcrumb","itemListElement":[{"@type":"ListItem","position":1,"name":"Accueil","item":"https:\/\/www.monaco-tribune.com\/it\/"},{"@type":"ListItem","position":2,"name":"Il caso Rybolovlev-Bouvier: la sentenza della CEDU potrebbe porre fine ad anni di contenzioso a Monaco"}]},{"@type":"WebSite","@id":"https:\/\/www.monaco-tribune.com\/it\/#website","url":"https:\/\/www.monaco-tribune.com\/it\/","name":"Monaco Tribune","description":"Monaco : actualit\u00e9s \u00e9conomiques, politiques, culturelles et sportives de Monaco et de la French Riviera.","publisher":{"@id":"https:\/\/www.monaco-tribune.com\/it\/#organization"},"potentialAction":[{"@type":"SearchAction","target":{"@type":"EntryPoint","urlTemplate":"https:\/\/www.monaco-tribune.com\/it\/?s={search_term_string}"},"query-input":{"@type":"PropertyValueSpecification","valueRequired":true,"valueName":"search_term_string"}}],"inLanguage":"it-IT"},{"@type":"Organization","@id":"https:\/\/www.monaco-tribune.com\/it\/#organization","name":"Monaco Tribune","url":"https:\/\/www.monaco-tribune.com\/it\/","logo":{"@type":"ImageObject","inLanguage":"it-IT","@id":"https:\/\/www.monaco-tribune.com\/it\/#\/schema\/logo\/image\/","url":"https:\/\/www.monaco-tribune.com\/wp-content\/uploads\/2022\/11\/logo-monaco-tribune.png","contentUrl":"https:\/\/www.monaco-tribune.com\/wp-content\/uploads\/2022\/11\/logo-monaco-tribune.png","width":1548,"height":600,"caption":"Monaco Tribune"},"image":{"@id":"https:\/\/www.monaco-tribune.com\/it\/#\/schema\/logo\/image\/"},"sameAs":["https:\/\/www.facebook.com\/MonacoTribune","https:\/\/x.com\/MonacoTribune","https:\/\/www.instagram.com\/monacotribune\/","https:\/\/www.linkedin.com\/company\/monaco-tribune","https:\/\/www.youtube.com\/channel\/UCHle1MnG6hw1y4lWKijVbMA"]},{"@type":"Person","@id":"https:\/\/www.monaco-tribune.com\/it\/#\/schema\/person\/94fb5723547bd83dea1eed97e25145aa","name":"Th\u00e9o Briand","image":{"@type":"ImageObject","inLanguage":"it-IT","@id":"https:\/\/secure.gravatar.com\/avatar\/1c02cfd8b8054d8c376f9a942a1dc4dbacfd8ba5e6f8dbb5e16f4aa3d281972a?s=96&d=mm&r=g","url":"https:\/\/secure.gravatar.com\/avatar\/1c02cfd8b8054d8c376f9a942a1dc4dbacfd8ba5e6f8dbb5e16f4aa3d281972a?s=96&d=mm&r=g","contentUrl":"https:\/\/secure.gravatar.com\/avatar\/1c02cfd8b8054d8c376f9a942a1dc4dbacfd8ba5e6f8dbb5e16f4aa3d281972a?s=96&d=mm&r=g","caption":"Th\u00e9o Briand"},"url":"https:\/\/www.monaco-tribune.com\/it\/author\/theobriand\/"}]}},"_links":{"self":[{"href":"https:\/\/www.monaco-tribune.com\/it\/wp-json\/wp\/v2\/posts\/236796","targetHints":{"allow":["GET"]}}],"collection":[{"href":"https:\/\/www.monaco-tribune.com\/it\/wp-json\/wp\/v2\/posts"}],"about":[{"href":"https:\/\/www.monaco-tribune.com\/it\/wp-json\/wp\/v2\/types\/post"}],"author":[{"embeddable":true,"href":"https:\/\/www.monaco-tribune.com\/it\/wp-json\/wp\/v2\/users\/66"}],"replies":[{"embeddable":true,"href":"https:\/\/www.monaco-tribune.com\/it\/wp-json\/wp\/v2\/comments?post=236796"}],"version-history":[{"count":2,"href":"https:\/\/www.monaco-tribune.com\/it\/wp-json\/wp\/v2\/posts\/236796\/revisions"}],"predecessor-version":[{"id":236800,"href":"https:\/\/www.monaco-tribune.com\/it\/wp-json\/wp\/v2\/posts\/236796\/revisions\/236800"}],"wp:featuredmedia":[{"embeddable":true,"href":"https:\/\/www.monaco-tribune.com\/it\/wp-json\/wp\/v2\/media\/236335"}],"wp:attachment":[{"href":"https:\/\/www.monaco-tribune.com\/it\/wp-json\/wp\/v2\/media?parent=236796"}],"wp:term":[{"taxonomy":"category","embeddable":true,"href":"https:\/\/www.monaco-tribune.com\/it\/wp-json\/wp\/v2\/categories?post=236796"},{"taxonomy":"post_tag","embeddable":true,"href":"https:\/\/www.monaco-tribune.com\/it\/wp-json\/wp\/v2\/tags?post=236796"},{"taxonomy":"sectag","embeddable":true,"href":"https:\/\/www.monaco-tribune.com\/it\/wp-json\/wp\/v2\/post_sectags?post=236796"},{"taxonomy":"format","embeddable":true,"href":"https:\/\/www.monaco-tribune.com\/it\/wp-json\/wp\/v2\/post_format?post=236796"}],"curies":[{"name":"wp","href":"https:\/\/api.w.org\/{rel}","templated":true}]}}