{"id":236878,"date":"2024-06-11T17:48:00","date_gmt":"2024-06-11T15:48:00","guid":{"rendered":"https:\/\/www.monaco-tribune.com\/2024\/06\/olimpiadi-2024-la-fiamma-olimpica-passera-da-monaco\/"},"modified":"2024-06-11T17:48:04","modified_gmt":"2024-06-11T15:48:04","slug":"olimpiadi-2024-la-fiamma-olimpica-passera-da-monaco","status":"publish","type":"post","link":"https:\/\/www.monaco-tribune.com\/it\/2024\/06\/olimpiadi-2024-la-fiamma-olimpica-passera-da-monaco\/","title":{"rendered":"Olimpiadi 2024: la fiamma olimpica passer\u00e0 da Monaco"},"content":{"rendered":"\n<p><strong>Appuntamento il 18 giugno per assistere al passaggio della fiamma nel Principato: partir\u00e0 da Port Hercule alle 14:15 e arriver\u00e0 a Place du Palais alle 14:45.<\/strong><\/p>\n\n<p>In occasione dei Giochi Olimpici di Parigi 2024, la fiamma olimpica passer\u00e0 sulla Costa Azzurra. Monaco, grande assente dalla lista in un primo momento, ne ospiter\u00e0 il passaggio tra una settimana, il 18 giugno 2024.<\/p>\n\n<p>Il Principato torna a ospitare la fiamma tanto ambita dopo 56 anni dal primo e ultimo passaggio del 1968 in occasione delle Olimpiadi invernali di Grenoble. A partire dall&#8217;8 maggio, la fiamma ha iniziato il giro della Francia e, come ha annunciato il Governo del Principe, attraverser\u00e0 il Principato portata da sei tedofori.<\/p>\n\n<p>Marted\u00ec 18 giugno, a partire dalle 8:05, la fiamma passer\u00e0 da sette comuni delle Alpi Marittime: Villefranche-sur-Mer, Grasse, Cannes, Valberg, Antibes, La Colmiane-Valdeblore e Nizza. Il passaggio della fiamma a Monaco si inserisce tra Valberg e Antibes, dalle 14:15 e le 14:45.<\/p>\n\n<p class=\"related\"><a href=\"https:\/\/www.monaco-tribune.com\/it\/2023\/12\/una-panoramica-dei-momenti-che-hanno-segnato-la-storia-di-monaco-ai-giochi-olimpici\/\">Una panoramica dei momenti che hanno segnato la storia di Monaco ai Giochi Olimpici<\/a><\/p>\n\n<figure class=\"wp-block-embed aligncenter is-type-video is-provider-youtube wp-block-embed-youtube wp-embed-aspect-16-9 wp-has-aspect-ratio\"><div class=\"wp-block-embed__wrapper\">\r\n<iframe title=\"Parcours du Relais de la Flamme Olympique\" width=\"500\" height=\"281\" src=\"https:\/\/www.youtube.com\/embed\/tmV3MIKxm0U?feature=oembed\" frameborder=\"0\" allow=\"accelerometer; autoplay; clipboard-write; encrypted-media; gyroscope; picture-in-picture; web-share\" referrerpolicy=\"strict-origin-when-cross-origin\" allowfullscreen><\/iframe>\r\n<\/div><\/figure>\r\n\n<h2 class=\"wp-block-heading\" id=\"h-palmares-olympique-de-monaco\">I traguardi olimpici di Monaco<\/h2>\n\n<p>Il Principe Alberto II, presidente del Comitato Olimpico Monegasco dal 1985 e della Commissione per la sostenibilit\u00e0 e l&#8217;eredit\u00e0 del Comitato Olimpico Internazionale, \u00e8 sempre stato coinvolto nei Giochi Olimpici. Tra il 1988 e il 2002, il Sovrano ha partecipato a cinque olimpiadi come membro della squadra di bob di Monaco.<\/p>\n\n<p>Il Principe \u00e8 stato anche tedoforo in dieci occasioni, di cui la prima nel 1996 ai Giochi Olimpici estivi di Atlanta, negli Stati Uniti. La Principessa Charl\u00e8ne, ex atleta olimpica di nuoto, ha anche rappresentato il suo paese d&#8217;origine, il Sudafrica, ai Giochi Olimpici di Sydney del 2002.<\/p>\n\n<p>L&#8217;unica medaglia olimpica del Principato \u00e8 il bronzo vinto da Julien M\u00e9decin nel concorso di arte e letteratura dei Giochi Olimpici di Parigi del 1924. In totale, dal 1920, una delegazione monegasca ha partecipato ai Giochi Olimpici 32 volte (21 estivi e 11 invernali).<\/p>\n","protected":false},"excerpt":{"rendered":"<p>Appuntamento il 18 giugno per assistere al passaggio della fiamma nel Principato: partir\u00e0 da Port Hercule alle 14:15 e arriver\u00e0 [&hellip;]<\/p>\n","protected":false},"author":76,"featured_media":236658,"comment_status":"closed","ping_status":"closed","sticky":false,"template":"","format":"standard","meta":{"_acf_changed":false,"footnotes":""},"categories":[1826,1738,1752],"tags":[4642],"post_sectags":[],"post_format":[2471],"class_list":["post-236878","post","type-post","status-publish","format-standard","has-post-thumbnail","hentry","category-la-nostra-scelta","category-notizie","category-societa","tag-comitato-olimpico-monegasco","format-evento"],"acf":[],"yoast_head":"<!-- This site is optimized with the Yoast SEO Premium plugin v26.8 (Yoast SEO v27.4) - https:\/\/yoast.com\/product\/yoast-seo-premium-wordpress\/ -->\n<title>Olimpiadi 2024: la fiamma olimpica passer\u00e0 da Monaco<\/title>\n<meta name=\"description\" content=\"Appuntamento il 18 giugno per assistere al passaggio della fiamma nel Principato: partir\u00e0 da Port Hercule alle 14:15 e arriver\u00e0 a Place du Palais alle\" \/>\n<meta name=\"robots\" content=\"index, follow, max-snippet:-1, max-image-preview:large, max-video-preview:-1\" \/>\n<link rel=\"canonical\" href=\"https:\/\/www.monaco-tribune.com\/it\/2024\/06\/olimpiadi-2024-la-fiamma-olimpica-passera-da-monaco\/\" \/>\n<meta property=\"og:locale\" content=\"it_IT\" \/>\n<meta property=\"og:type\" content=\"article\" \/>\n<meta property=\"og:title\" content=\"Olimpiadi 2024: la fiamma olimpica passer\u00e0 da Monaco - Monaco Tribune\" \/>\n<meta property=\"og:description\" content=\"Appuntamento il 18 giugno per assistere al passaggio della fiamma nel Principato: partir\u00e0 da Port Hercule alle 14:15 e arriver\u00e0 a Place du Palais alle\" \/>\n<meta property=\"og:url\" content=\"https:\/\/www.monaco-tribune.com\/it\/2024\/06\/olimpiadi-2024-la-fiamma-olimpica-passera-da-monaco\/\" \/>\n<meta property=\"og:site_name\" content=\"Monaco Tribune\" \/>\n<meta property=\"article:publisher\" content=\"https:\/\/www.facebook.com\/MonacoTribune\" \/>\n<meta property=\"article:published_time\" content=\"2024-06-11T15:48:00+00:00\" \/>\n<meta property=\"article:modified_time\" content=\"2024-06-11T15:48:04+00:00\" \/>\n<meta property=\"og:image\" content=\"https:\/\/www.monaco-tribune.com\/wp-content\/uploads\/2024\/06\/flamme-olympique.jpeg\" \/>\n\t<meta property=\"og:image:width\" content=\"1200\" \/>\n\t<meta property=\"og:image:height\" content=\"750\" \/>\n\t<meta property=\"og:image:type\" content=\"image\/jpeg\" \/>\n<meta name=\"author\" content=\"Killian Masurier\" \/>\n<meta name=\"twitter:card\" content=\"summary_large_image\" \/>\n<meta name=\"twitter:creator\" content=\"@MonacoTribune\" \/>\n<meta name=\"twitter:site\" content=\"@MonacoTribune\" \/>\n<script type=\"application\/ld+json\" class=\"yoast-schema-graph\">{\"@context\":\"https:\\\/\\\/schema.org\",\"@graph\":[{\"@type\":\"NewsArticle\",\"@id\":\"https:\\\/\\\/www.monaco-tribune.com\\\/it\\\/2024\\\/06\\\/olimpiadi-2024-la-fiamma-olimpica-passera-da-monaco\\\/#article\",\"isPartOf\":{\"@id\":\"https:\\\/\\\/www.monaco-tribune.com\\\/it\\\/2024\\\/06\\\/olimpiadi-2024-la-fiamma-olimpica-passera-da-monaco\\\/\"},\"author\":{\"name\":\"Killian Masurier\",\"@id\":\"https:\\\/\\\/www.monaco-tribune.com\\\/it\\\/#\\\/schema\\\/person\\\/430d20b322a92cf77ed693c80401a9f1\"},\"headline\":\"Olimpiadi 2024: la fiamma olimpica passer\u00e0 da Monaco\",\"datePublished\":\"2024-06-11T15:48:00+00:00\",\"dateModified\":\"2024-06-11T15:48:04+00:00\",\"mainEntityOfPage\":{\"@id\":\"https:\\\/\\\/www.monaco-tribune.com\\\/it\\\/2024\\\/06\\\/olimpiadi-2024-la-fiamma-olimpica-passera-da-monaco\\\/\"},\"wordCount\":311,\"publisher\":{\"@id\":\"https:\\\/\\\/www.monaco-tribune.com\\\/it\\\/#organization\"},\"image\":{\"@id\":\"https:\\\/\\\/www.monaco-tribune.com\\\/it\\\/2024\\\/06\\\/olimpiadi-2024-la-fiamma-olimpica-passera-da-monaco\\\/#primaryimage\"},\"thumbnailUrl\":\"https:\\\/\\\/www.monaco-tribune.com\\\/wp-content\\\/uploads\\\/2024\\\/06\\\/flamme-olympique.jpeg\",\"keywords\":[\"Comitato olimpico monegasco\"],\"articleSection\":[\"La nostra scelta\",\"Notizie\",\"Societ\u00e0\"],\"inLanguage\":\"it-IT\",\"copyrightYear\":\"2024\",\"copyrightHolder\":{\"@id\":\"https:\\\/\\\/www.monaco-tribune.com\\\/#organization\"}},{\"@type\":\"WebPage\",\"@id\":\"https:\\\/\\\/www.monaco-tribune.com\\\/it\\\/2024\\\/06\\\/olimpiadi-2024-la-fiamma-olimpica-passera-da-monaco\\\/\",\"url\":\"https:\\\/\\\/www.monaco-tribune.com\\\/it\\\/2024\\\/06\\\/olimpiadi-2024-la-fiamma-olimpica-passera-da-monaco\\\/\",\"name\":\"Olimpiadi 2024: la fiamma olimpica passer\u00e0 da Monaco\",\"isPartOf\":{\"@id\":\"https:\\\/\\\/www.monaco-tribune.com\\\/it\\\/#website\"},\"primaryImageOfPage\":{\"@id\":\"https:\\\/\\\/www.monaco-tribune.com\\\/it\\\/2024\\\/06\\\/olimpiadi-2024-la-fiamma-olimpica-passera-da-monaco\\\/#primaryimage\"},\"image\":{\"@id\":\"https:\\\/\\\/www.monaco-tribune.com\\\/it\\\/2024\\\/06\\\/olimpiadi-2024-la-fiamma-olimpica-passera-da-monaco\\\/#primaryimage\"},\"thumbnailUrl\":\"https:\\\/\\\/www.monaco-tribune.com\\\/wp-content\\\/uploads\\\/2024\\\/06\\\/flamme-olympique.jpeg\",\"datePublished\":\"2024-06-11T15:48:00+00:00\",\"dateModified\":\"2024-06-11T15:48:04+00:00\",\"description\":\"Appuntamento il 18 giugno per assistere al passaggio della fiamma nel Principato: partir\u00e0 da Port Hercule alle 14:15 e arriver\u00e0 a Place du Palais alle\",\"breadcrumb\":{\"@id\":\"https:\\\/\\\/www.monaco-tribune.com\\\/it\\\/2024\\\/06\\\/olimpiadi-2024-la-fiamma-olimpica-passera-da-monaco\\\/#breadcrumb\"},\"inLanguage\":\"it-IT\",\"potentialAction\":[{\"@type\":\"ReadAction\",\"target\":[\"https:\\\/\\\/www.monaco-tribune.com\\\/it\\\/2024\\\/06\\\/olimpiadi-2024-la-fiamma-olimpica-passera-da-monaco\\\/\"]}]},{\"@type\":\"ImageObject\",\"inLanguage\":\"it-IT\",\"@id\":\"https:\\\/\\\/www.monaco-tribune.com\\\/it\\\/2024\\\/06\\\/olimpiadi-2024-la-fiamma-olimpica-passera-da-monaco\\\/#primaryimage\",\"url\":\"https:\\\/\\\/www.monaco-tribune.com\\\/wp-content\\\/uploads\\\/2024\\\/06\\\/flamme-olympique.jpeg\",\"contentUrl\":\"https:\\\/\\\/www.monaco-tribune.com\\\/wp-content\\\/uploads\\\/2024\\\/06\\\/flamme-olympique.jpeg\",\"width\":1200,\"height\":750,\"caption\":\"Monaco accoglier\u00e0 la fiamma olimpica il 18 giugno 2024 \u00a9 Ville de Paris\"},{\"@type\":\"BreadcrumbList\",\"@id\":\"https:\\\/\\\/www.monaco-tribune.com\\\/it\\\/2024\\\/06\\\/olimpiadi-2024-la-fiamma-olimpica-passera-da-monaco\\\/#breadcrumb\",\"itemListElement\":[{\"@type\":\"ListItem\",\"position\":1,\"name\":\"Accueil\",\"item\":\"https:\\\/\\\/www.monaco-tribune.com\\\/it\\\/\"},{\"@type\":\"ListItem\",\"position\":2,\"name\":\"Olimpiadi 2024: la fiamma olimpica passer\u00e0 da Monaco\"}]},{\"@type\":\"WebSite\",\"@id\":\"https:\\\/\\\/www.monaco-tribune.com\\\/it\\\/#website\",\"url\":\"https:\\\/\\\/www.monaco-tribune.com\\\/it\\\/\",\"name\":\"Monaco Tribune\",\"description\":\"Monaco : actualit\u00e9s \u00e9conomiques, politiques, culturelles et sportives de Monaco et de la French Riviera.\",\"publisher\":{\"@id\":\"https:\\\/\\\/www.monaco-tribune.com\\\/it\\\/#organization\"},\"potentialAction\":[{\"@type\":\"SearchAction\",\"target\":{\"@type\":\"EntryPoint\",\"urlTemplate\":\"https:\\\/\\\/www.monaco-tribune.com\\\/it\\\/?s={search_term_string}\"},\"query-input\":{\"@type\":\"PropertyValueSpecification\",\"valueRequired\":true,\"valueName\":\"search_term_string\"}}],\"inLanguage\":\"it-IT\"},{\"@type\":\"Organization\",\"@id\":\"https:\\\/\\\/www.monaco-tribune.com\\\/it\\\/#organization\",\"name\":\"Monaco Tribune\",\"url\":\"https:\\\/\\\/www.monaco-tribune.com\\\/it\\\/\",\"logo\":{\"@type\":\"ImageObject\",\"inLanguage\":\"it-IT\",\"@id\":\"https:\\\/\\\/www.monaco-tribune.com\\\/it\\\/#\\\/schema\\\/logo\\\/image\\\/\",\"url\":\"https:\\\/\\\/www.monaco-tribune.com\\\/wp-content\\\/uploads\\\/2022\\\/11\\\/logo-monaco-tribune.png\",\"contentUrl\":\"https:\\\/\\\/www.monaco-tribune.com\\\/wp-content\\\/uploads\\\/2022\\\/11\\\/logo-monaco-tribune.png\",\"width\":1548,\"height\":600,\"caption\":\"Monaco Tribune\"},\"image\":{\"@id\":\"https:\\\/\\\/www.monaco-tribune.com\\\/it\\\/#\\\/schema\\\/logo\\\/image\\\/\"},\"sameAs\":[\"https:\\\/\\\/www.facebook.com\\\/MonacoTribune\",\"https:\\\/\\\/x.com\\\/MonacoTribune\",\"https:\\\/\\\/www.instagram.com\\\/monacotribune\\\/\",\"https:\\\/\\\/www.linkedin.com\\\/company\\\/monaco-tribune\",\"https:\\\/\\\/www.youtube.com\\\/channel\\\/UCHle1MnG6hw1y4lWKijVbMA\"]},{\"@type\":\"Person\",\"@id\":\"https:\\\/\\\/www.monaco-tribune.com\\\/it\\\/#\\\/schema\\\/person\\\/430d20b322a92cf77ed693c80401a9f1\",\"name\":\"Killian Masurier\",\"image\":{\"@type\":\"ImageObject\",\"inLanguage\":\"it-IT\",\"@id\":\"https:\\\/\\\/secure.gravatar.com\\\/avatar\\\/2b945dc7d96e6fec85032621c16cd3de6e31a754758f25fdb5adce4ef6696a8e?s=96&d=mm&r=g\",\"url\":\"https:\\\/\\\/secure.gravatar.com\\\/avatar\\\/2b945dc7d96e6fec85032621c16cd3de6e31a754758f25fdb5adce4ef6696a8e?s=96&d=mm&r=g\",\"contentUrl\":\"https:\\\/\\\/secure.gravatar.com\\\/avatar\\\/2b945dc7d96e6fec85032621c16cd3de6e31a754758f25fdb5adce4ef6696a8e?s=96&d=mm&r=g\",\"caption\":\"Killian Masurier\"},\"url\":\"https:\\\/\\\/www.monaco-tribune.com\\\/it\\\/author\\\/killianmasurier\\\/\"}]}<\/script>\n<!-- \/ Yoast SEO Premium plugin. -->","yoast_head_json":{"title":"Olimpiadi 2024: la fiamma olimpica passer\u00e0 da Monaco","description":"Appuntamento il 18 giugno per assistere al passaggio della fiamma nel Principato: partir\u00e0 da Port Hercule alle 14:15 e arriver\u00e0 a Place du Palais alle","robots":{"index":"index","follow":"follow","max-snippet":"max-snippet:-1","max-image-preview":"max-image-preview:large","max-video-preview":"max-video-preview:-1"},"canonical":"https:\/\/www.monaco-tribune.com\/it\/2024\/06\/olimpiadi-2024-la-fiamma-olimpica-passera-da-monaco\/","og_locale":"it_IT","og_type":"article","og_title":"Olimpiadi 2024: la fiamma olimpica passer\u00e0 da Monaco - Monaco Tribune","og_description":"Appuntamento il 18 giugno per assistere al passaggio della fiamma nel Principato: partir\u00e0 da Port Hercule alle 14:15 e arriver\u00e0 a Place du Palais alle","og_url":"https:\/\/www.monaco-tribune.com\/it\/2024\/06\/olimpiadi-2024-la-fiamma-olimpica-passera-da-monaco\/","og_site_name":"Monaco Tribune","article_publisher":"https:\/\/www.facebook.com\/MonacoTribune","article_published_time":"2024-06-11T15:48:00+00:00","article_modified_time":"2024-06-11T15:48:04+00:00","og_image":[{"width":1200,"height":750,"url":"https:\/\/www.monaco-tribune.com\/wp-content\/uploads\/2024\/06\/flamme-olympique.jpeg","type":"image\/jpeg"}],"author":"Killian Masurier","twitter_card":"summary_large_image","twitter_creator":"@MonacoTribune","twitter_site":"@MonacoTribune","schema":{"@context":"https:\/\/schema.org","@graph":[{"@type":"NewsArticle","@id":"https:\/\/www.monaco-tribune.com\/it\/2024\/06\/olimpiadi-2024-la-fiamma-olimpica-passera-da-monaco\/#article","isPartOf":{"@id":"https:\/\/www.monaco-tribune.com\/it\/2024\/06\/olimpiadi-2024-la-fiamma-olimpica-passera-da-monaco\/"},"author":{"name":"Killian Masurier","@id":"https:\/\/www.monaco-tribune.com\/it\/#\/schema\/person\/430d20b322a92cf77ed693c80401a9f1"},"headline":"Olimpiadi 2024: la fiamma olimpica passer\u00e0 da Monaco","datePublished":"2024-06-11T15:48:00+00:00","dateModified":"2024-06-11T15:48:04+00:00","mainEntityOfPage":{"@id":"https:\/\/www.monaco-tribune.com\/it\/2024\/06\/olimpiadi-2024-la-fiamma-olimpica-passera-da-monaco\/"},"wordCount":311,"publisher":{"@id":"https:\/\/www.monaco-tribune.com\/it\/#organization"},"image":{"@id":"https:\/\/www.monaco-tribune.com\/it\/2024\/06\/olimpiadi-2024-la-fiamma-olimpica-passera-da-monaco\/#primaryimage"},"thumbnailUrl":"https:\/\/www.monaco-tribune.com\/wp-content\/uploads\/2024\/06\/flamme-olympique.jpeg","keywords":["Comitato olimpico monegasco"],"articleSection":["La nostra scelta","Notizie","Societ\u00e0"],"inLanguage":"it-IT","copyrightYear":"2024","copyrightHolder":{"@id":"https:\/\/www.monaco-tribune.com\/#organization"}},{"@type":"WebPage","@id":"https:\/\/www.monaco-tribune.com\/it\/2024\/06\/olimpiadi-2024-la-fiamma-olimpica-passera-da-monaco\/","url":"https:\/\/www.monaco-tribune.com\/it\/2024\/06\/olimpiadi-2024-la-fiamma-olimpica-passera-da-monaco\/","name":"Olimpiadi 2024: la fiamma olimpica passer\u00e0 da Monaco","isPartOf":{"@id":"https:\/\/www.monaco-tribune.com\/it\/#website"},"primaryImageOfPage":{"@id":"https:\/\/www.monaco-tribune.com\/it\/2024\/06\/olimpiadi-2024-la-fiamma-olimpica-passera-da-monaco\/#primaryimage"},"image":{"@id":"https:\/\/www.monaco-tribune.com\/it\/2024\/06\/olimpiadi-2024-la-fiamma-olimpica-passera-da-monaco\/#primaryimage"},"thumbnailUrl":"https:\/\/www.monaco-tribune.com\/wp-content\/uploads\/2024\/06\/flamme-olympique.jpeg","datePublished":"2024-06-11T15:48:00+00:00","dateModified":"2024-06-11T15:48:04+00:00","description":"Appuntamento il 18 giugno per assistere al passaggio della fiamma nel Principato: partir\u00e0 da Port Hercule alle 14:15 e arriver\u00e0 a Place du Palais alle","breadcrumb":{"@id":"https:\/\/www.monaco-tribune.com\/it\/2024\/06\/olimpiadi-2024-la-fiamma-olimpica-passera-da-monaco\/#breadcrumb"},"inLanguage":"it-IT","potentialAction":[{"@type":"ReadAction","target":["https:\/\/www.monaco-tribune.com\/it\/2024\/06\/olimpiadi-2024-la-fiamma-olimpica-passera-da-monaco\/"]}]},{"@type":"ImageObject","inLanguage":"it-IT","@id":"https:\/\/www.monaco-tribune.com\/it\/2024\/06\/olimpiadi-2024-la-fiamma-olimpica-passera-da-monaco\/#primaryimage","url":"https:\/\/www.monaco-tribune.com\/wp-content\/uploads\/2024\/06\/flamme-olympique.jpeg","contentUrl":"https:\/\/www.monaco-tribune.com\/wp-content\/uploads\/2024\/06\/flamme-olympique.jpeg","width":1200,"height":750,"caption":"Monaco accoglier\u00e0 la fiamma olimpica il 18 giugno 2024 \u00a9 Ville de Paris"},{"@type":"BreadcrumbList","@id":"https:\/\/www.monaco-tribune.com\/it\/2024\/06\/olimpiadi-2024-la-fiamma-olimpica-passera-da-monaco\/#breadcrumb","itemListElement":[{"@type":"ListItem","position":1,"name":"Accueil","item":"https:\/\/www.monaco-tribune.com\/it\/"},{"@type":"ListItem","position":2,"name":"Olimpiadi 2024: la fiamma olimpica passer\u00e0 da Monaco"}]},{"@type":"WebSite","@id":"https:\/\/www.monaco-tribune.com\/it\/#website","url":"https:\/\/www.monaco-tribune.com\/it\/","name":"Monaco Tribune","description":"Monaco : actualit\u00e9s \u00e9conomiques, politiques, culturelles et sportives de Monaco et de la French Riviera.","publisher":{"@id":"https:\/\/www.monaco-tribune.com\/it\/#organization"},"potentialAction":[{"@type":"SearchAction","target":{"@type":"EntryPoint","urlTemplate":"https:\/\/www.monaco-tribune.com\/it\/?s={search_term_string}"},"query-input":{"@type":"PropertyValueSpecification","valueRequired":true,"valueName":"search_term_string"}}],"inLanguage":"it-IT"},{"@type":"Organization","@id":"https:\/\/www.monaco-tribune.com\/it\/#organization","name":"Monaco Tribune","url":"https:\/\/www.monaco-tribune.com\/it\/","logo":{"@type":"ImageObject","inLanguage":"it-IT","@id":"https:\/\/www.monaco-tribune.com\/it\/#\/schema\/logo\/image\/","url":"https:\/\/www.monaco-tribune.com\/wp-content\/uploads\/2022\/11\/logo-monaco-tribune.png","contentUrl":"https:\/\/www.monaco-tribune.com\/wp-content\/uploads\/2022\/11\/logo-monaco-tribune.png","width":1548,"height":600,"caption":"Monaco Tribune"},"image":{"@id":"https:\/\/www.monaco-tribune.com\/it\/#\/schema\/logo\/image\/"},"sameAs":["https:\/\/www.facebook.com\/MonacoTribune","https:\/\/x.com\/MonacoTribune","https:\/\/www.instagram.com\/monacotribune\/","https:\/\/www.linkedin.com\/company\/monaco-tribune","https:\/\/www.youtube.com\/channel\/UCHle1MnG6hw1y4lWKijVbMA"]},{"@type":"Person","@id":"https:\/\/www.monaco-tribune.com\/it\/#\/schema\/person\/430d20b322a92cf77ed693c80401a9f1","name":"Killian Masurier","image":{"@type":"ImageObject","inLanguage":"it-IT","@id":"https:\/\/secure.gravatar.com\/avatar\/2b945dc7d96e6fec85032621c16cd3de6e31a754758f25fdb5adce4ef6696a8e?s=96&d=mm&r=g","url":"https:\/\/secure.gravatar.com\/avatar\/2b945dc7d96e6fec85032621c16cd3de6e31a754758f25fdb5adce4ef6696a8e?s=96&d=mm&r=g","contentUrl":"https:\/\/secure.gravatar.com\/avatar\/2b945dc7d96e6fec85032621c16cd3de6e31a754758f25fdb5adce4ef6696a8e?s=96&d=mm&r=g","caption":"Killian Masurier"},"url":"https:\/\/www.monaco-tribune.com\/it\/author\/killianmasurier\/"}]}},"_links":{"self":[{"href":"https:\/\/www.monaco-tribune.com\/it\/wp-json\/wp\/v2\/posts\/236878","targetHints":{"allow":["GET"]}}],"collection":[{"href":"https:\/\/www.monaco-tribune.com\/it\/wp-json\/wp\/v2\/posts"}],"about":[{"href":"https:\/\/www.monaco-tribune.com\/it\/wp-json\/wp\/v2\/types\/post"}],"author":[{"embeddable":true,"href":"https:\/\/www.monaco-tribune.com\/it\/wp-json\/wp\/v2\/users\/76"}],"replies":[{"embeddable":true,"href":"https:\/\/www.monaco-tribune.com\/it\/wp-json\/wp\/v2\/comments?post=236878"}],"version-history":[{"count":2,"href":"https:\/\/www.monaco-tribune.com\/it\/wp-json\/wp\/v2\/posts\/236878\/revisions"}],"predecessor-version":[{"id":236881,"href":"https:\/\/www.monaco-tribune.com\/it\/wp-json\/wp\/v2\/posts\/236878\/revisions\/236881"}],"wp:featuredmedia":[{"embeddable":true,"href":"https:\/\/www.monaco-tribune.com\/it\/wp-json\/wp\/v2\/media\/236658"}],"wp:attachment":[{"href":"https:\/\/www.monaco-tribune.com\/it\/wp-json\/wp\/v2\/media?parent=236878"}],"wp:term":[{"taxonomy":"category","embeddable":true,"href":"https:\/\/www.monaco-tribune.com\/it\/wp-json\/wp\/v2\/categories?post=236878"},{"taxonomy":"post_tag","embeddable":true,"href":"https:\/\/www.monaco-tribune.com\/it\/wp-json\/wp\/v2\/tags?post=236878"},{"taxonomy":"sectag","embeddable":true,"href":"https:\/\/www.monaco-tribune.com\/it\/wp-json\/wp\/v2\/post_sectags?post=236878"},{"taxonomy":"format","embeddable":true,"href":"https:\/\/www.monaco-tribune.com\/it\/wp-json\/wp\/v2\/post_format?post=236878"}],"curies":[{"name":"wp","href":"https:\/\/api.w.org\/{rel}","templated":true}]}}