{"id":237307,"date":"2024-06-13T17:02:52","date_gmt":"2024-06-13T15:02:52","guid":{"rendered":"https:\/\/www.monaco-tribune.com\/2024\/06\/la-principessa-carolina-e-charlotte-casiraghi-in-visita-al-nuovo-museo-nazionale-di-monaco\/"},"modified":"2024-06-13T17:03:53","modified_gmt":"2024-06-13T15:03:53","slug":"la-principessa-carolina-e-charlotte-casiraghi-in-visita-al-nuovo-museo-nazionale-di-monaco","status":"publish","type":"post","link":"https:\/\/www.monaco-tribune.com\/it\/2024\/06\/la-principessa-carolina-e-charlotte-casiraghi-in-visita-al-nuovo-museo-nazionale-di-monaco\/","title":{"rendered":"La Principessa Carolina e Charlotte Casiraghi in visita al Nuovo Museo Nazionale di Monaco"},"content":{"rendered":"\n<p><strong>La Principessa e sua figlia si sono recate al museo in occasione della nuova mostra &#8220;<em>Miquel Barcel\u00f3, oc\u00e9anographe<\/em>&#8221; (Miquel Barcel\u00f3, oceanografo) che sar\u00e0 esposta a Villa Paloma fino al 14 ottobre 2024.<\/strong><\/p>\n\n<p>Il Nuovo Museo Nazionale di Monaco (NMNM) ospita un&#8217;esposizione dedicata al pittore contemporaneo Miquel Barcel\u00f3. La mostra presenta 80 opere che coprono 40 anni di carriera dell&#8217;artista e mettono in scena il mare e l&#8217;oceano.<\/p>\n\n<p>Il direttore del NMNM, Bj\u00f6rn Dalhstr\u00f6m, ha dichiarato a Monaco Info che l&#8217;artista &#8220;se non avesse fatto il pittore, avrebbe voluto fare l&#8217;oceanografo&#8221;, da qui il nome della mostra.<\/p>\n\n<figure class=\"wp-block-embed aligncenter is-type-video is-provider-youtube wp-block-embed-youtube wp-embed-aspect-16-9 wp-has-aspect-ratio\"><div class=\"wp-block-embed__wrapper\">\r\n<iframe title=\"Art : Miquel Barcelo \u00e0 la Villa Paloma\" width=\"500\" height=\"281\" src=\"https:\/\/www.youtube.com\/embed\/HPtp59MP3ek?start=4&#038;feature=oembed\" frameborder=\"0\" allow=\"accelerometer; autoplay; clipboard-write; encrypted-media; gyroscope; picture-in-picture; web-share\" referrerpolicy=\"strict-origin-when-cross-origin\" allowfullscreen><\/iframe>\r\n<\/div><\/figure>\r\n\n<p>Per l&#8217;occasione, la Principessa Carolina e Charlotte Casiraghi hanno visitato l&#8217;esposizione in anteprima guidate dall&#8217;artista in persona.<\/p>\n\n<figure class=\"wp-block-gallery has-nested-images columns-default is-cropped wp-block-gallery-1 is-layout-flex wp-block-gallery-is-layout-flex\"><div class=\"wp-block-image\">\n<figure class=\"aligncenter size-large\"><img loading=\"lazy\" decoding=\"async\" width=\"1024\" height=\"683\" data-id=\"236187\" src=\"https:\/\/www.monaco-tribune.com\/wp-content\/uploads\/2024\/06\/photos-visite-de-la-nouvelle-exposition-du-nmnm-avec-la-princesse-caroline-et-charlotte-casiraghi-9-1024x683.jpg\" alt=\"\" class=\"wp-image-236187\" srcset=\"https:\/\/www.monaco-tribune.com\/wp-content\/uploads\/2024\/06\/photos-visite-de-la-nouvelle-exposition-du-nmnm-avec-la-princesse-caroline-et-charlotte-casiraghi-9-1024x683.jpg 1024w, https:\/\/www.monaco-tribune.com\/wp-content\/uploads\/2024\/06\/photos-visite-de-la-nouvelle-exposition-du-nmnm-avec-la-princesse-caroline-et-charlotte-casiraghi-9-450x300.jpg 450w, https:\/\/www.monaco-tribune.com\/wp-content\/uploads\/2024\/06\/photos-visite-de-la-nouvelle-exposition-du-nmnm-avec-la-princesse-caroline-et-charlotte-casiraghi-9.jpg 2048w\" sizes=\"auto, (max-width: 1024px) 100vw, 1024px\" \/><\/figure>\n<\/div>\n\n<div class=\"wp-block-image\">\n<figure class=\"aligncenter size-large\"><img loading=\"lazy\" decoding=\"async\" width=\"1024\" height=\"683\" data-id=\"236191\" src=\"https:\/\/www.monaco-tribune.com\/wp-content\/uploads\/2024\/06\/photos-visite-de-la-nouvelle-exposition-du-nmnm-avec-la-princesse-caroline-et-charlotte-casiraghi-8-1024x683.jpg\" alt=\"\" class=\"wp-image-236191\" srcset=\"https:\/\/www.monaco-tribune.com\/wp-content\/uploads\/2024\/06\/photos-visite-de-la-nouvelle-exposition-du-nmnm-avec-la-princesse-caroline-et-charlotte-casiraghi-8-1024x683.jpg 1024w, https:\/\/www.monaco-tribune.com\/wp-content\/uploads\/2024\/06\/photos-visite-de-la-nouvelle-exposition-du-nmnm-avec-la-princesse-caroline-et-charlotte-casiraghi-8-450x300.jpg 450w, https:\/\/www.monaco-tribune.com\/wp-content\/uploads\/2024\/06\/photos-visite-de-la-nouvelle-exposition-du-nmnm-avec-la-princesse-caroline-et-charlotte-casiraghi-8.jpg 2048w\" sizes=\"auto, (max-width: 1024px) 100vw, 1024px\" \/><\/figure>\n<\/div>\n\n<div class=\"wp-block-image\">\n<figure class=\"aligncenter size-large\"><img loading=\"lazy\" decoding=\"async\" width=\"1024\" height=\"683\" data-id=\"236195\" src=\"https:\/\/www.monaco-tribune.com\/wp-content\/uploads\/2024\/06\/photos-visite-de-la-nouvelle-exposition-du-nmnm-avec-la-princesse-caroline-et-charlotte-casiraghi-7-1024x683.jpg\" alt=\"\" class=\"wp-image-236195\" srcset=\"https:\/\/www.monaco-tribune.com\/wp-content\/uploads\/2024\/06\/photos-visite-de-la-nouvelle-exposition-du-nmnm-avec-la-princesse-caroline-et-charlotte-casiraghi-7-1024x683.jpg 1024w, https:\/\/www.monaco-tribune.com\/wp-content\/uploads\/2024\/06\/photos-visite-de-la-nouvelle-exposition-du-nmnm-avec-la-princesse-caroline-et-charlotte-casiraghi-7-450x300.jpg 450w, https:\/\/www.monaco-tribune.com\/wp-content\/uploads\/2024\/06\/photos-visite-de-la-nouvelle-exposition-du-nmnm-avec-la-princesse-caroline-et-charlotte-casiraghi-7.jpg 2048w\" sizes=\"auto, (max-width: 1024px) 100vw, 1024px\" \/><\/figure>\n<\/div>\n\n<div class=\"wp-block-image\">\n<figure class=\"aligncenter size-large\"><img loading=\"lazy\" decoding=\"async\" width=\"1024\" height=\"683\" data-id=\"236207\" src=\"https:\/\/www.monaco-tribune.com\/wp-content\/uploads\/2024\/06\/photos-visite-de-la-nouvelle-exposition-du-nmnm-avec-la-princesse-caroline-et-charlotte-casiraghi-6-1024x683.jpg\" alt=\"\" class=\"wp-image-236207\" srcset=\"https:\/\/www.monaco-tribune.com\/wp-content\/uploads\/2024\/06\/photos-visite-de-la-nouvelle-exposition-du-nmnm-avec-la-princesse-caroline-et-charlotte-casiraghi-6-1024x683.jpg 1024w, https:\/\/www.monaco-tribune.com\/wp-content\/uploads\/2024\/06\/photos-visite-de-la-nouvelle-exposition-du-nmnm-avec-la-princesse-caroline-et-charlotte-casiraghi-6-450x300.jpg 450w, https:\/\/www.monaco-tribune.com\/wp-content\/uploads\/2024\/06\/photos-visite-de-la-nouvelle-exposition-du-nmnm-avec-la-princesse-caroline-et-charlotte-casiraghi-6.jpg 1200w\" sizes=\"auto, (max-width: 1024px) 100vw, 1024px\" \/><\/figure>\n<\/div>\n\n<div class=\"wp-block-image\">\n<figure class=\"aligncenter size-large\"><img loading=\"lazy\" decoding=\"async\" width=\"1024\" height=\"683\" data-id=\"236211\" src=\"https:\/\/www.monaco-tribune.com\/wp-content\/uploads\/2024\/06\/photos-visite-de-la-nouvelle-exposition-du-nmnm-avec-la-princesse-caroline-et-charlotte-casiraghi-5-1024x683.jpg\" alt=\"\" class=\"wp-image-236211\" srcset=\"https:\/\/www.monaco-tribune.com\/wp-content\/uploads\/2024\/06\/photos-visite-de-la-nouvelle-exposition-du-nmnm-avec-la-princesse-caroline-et-charlotte-casiraghi-5-1024x683.jpg 1024w, https:\/\/www.monaco-tribune.com\/wp-content\/uploads\/2024\/06\/photos-visite-de-la-nouvelle-exposition-du-nmnm-avec-la-princesse-caroline-et-charlotte-casiraghi-5-450x300.jpg 450w, https:\/\/www.monaco-tribune.com\/wp-content\/uploads\/2024\/06\/photos-visite-de-la-nouvelle-exposition-du-nmnm-avec-la-princesse-caroline-et-charlotte-casiraghi-5.jpg 1200w\" sizes=\"auto, (max-width: 1024px) 100vw, 1024px\" \/><\/figure>\n<\/div>\n\n<div class=\"wp-block-image\">\n<figure class=\"aligncenter size-large\"><img loading=\"lazy\" decoding=\"async\" width=\"1024\" height=\"683\" data-id=\"236219\" src=\"https:\/\/www.monaco-tribune.com\/wp-content\/uploads\/2024\/06\/photos-visite-de-la-nouvelle-exposition-du-nmnm-avec-la-princesse-caroline-et-charlotte-casiraghi-4-1024x683.jpg\" alt=\"\" class=\"wp-image-236219\" srcset=\"https:\/\/www.monaco-tribune.com\/wp-content\/uploads\/2024\/06\/photos-visite-de-la-nouvelle-exposition-du-nmnm-avec-la-princesse-caroline-et-charlotte-casiraghi-4-1024x683.jpg 1024w, https:\/\/www.monaco-tribune.com\/wp-content\/uploads\/2024\/06\/photos-visite-de-la-nouvelle-exposition-du-nmnm-avec-la-princesse-caroline-et-charlotte-casiraghi-4-450x300.jpg 450w, https:\/\/www.monaco-tribune.com\/wp-content\/uploads\/2024\/06\/photos-visite-de-la-nouvelle-exposition-du-nmnm-avec-la-princesse-caroline-et-charlotte-casiraghi-4.jpg 1200w\" sizes=\"auto, (max-width: 1024px) 100vw, 1024px\" \/><\/figure>\n<\/div>\n\n<div class=\"wp-block-image\">\n<figure class=\"aligncenter size-large\"><img loading=\"lazy\" decoding=\"async\" width=\"1024\" height=\"683\" data-id=\"236223\" src=\"https:\/\/www.monaco-tribune.com\/wp-content\/uploads\/2024\/06\/photos-visite-de-la-nouvelle-exposition-du-nmnm-avec-la-princesse-caroline-et-charlotte-casiraghi-3-1024x683.jpg\" alt=\"\" class=\"wp-image-236223\" srcset=\"https:\/\/www.monaco-tribune.com\/wp-content\/uploads\/2024\/06\/photos-visite-de-la-nouvelle-exposition-du-nmnm-avec-la-princesse-caroline-et-charlotte-casiraghi-3-1024x683.jpg 1024w, https:\/\/www.monaco-tribune.com\/wp-content\/uploads\/2024\/06\/photos-visite-de-la-nouvelle-exposition-du-nmnm-avec-la-princesse-caroline-et-charlotte-casiraghi-3-450x300.jpg 450w, https:\/\/www.monaco-tribune.com\/wp-content\/uploads\/2024\/06\/photos-visite-de-la-nouvelle-exposition-du-nmnm-avec-la-princesse-caroline-et-charlotte-casiraghi-3.jpg 1200w\" sizes=\"auto, (max-width: 1024px) 100vw, 1024px\" \/><\/figure>\n<\/div>\n\n<div class=\"wp-block-image\">\n<figure class=\"aligncenter size-large\"><img loading=\"lazy\" decoding=\"async\" width=\"1024\" height=\"683\" data-id=\"236227\" src=\"https:\/\/www.monaco-tribune.com\/wp-content\/uploads\/2024\/06\/photos-visite-de-la-nouvelle-exposition-du-nmnm-avec-la-princesse-caroline-et-charlotte-casiraghi-2-1024x683.jpg\" alt=\"\" class=\"wp-image-236227\" srcset=\"https:\/\/www.monaco-tribune.com\/wp-content\/uploads\/2024\/06\/photos-visite-de-la-nouvelle-exposition-du-nmnm-avec-la-princesse-caroline-et-charlotte-casiraghi-2-1024x683.jpg 1024w, https:\/\/www.monaco-tribune.com\/wp-content\/uploads\/2024\/06\/photos-visite-de-la-nouvelle-exposition-du-nmnm-avec-la-princesse-caroline-et-charlotte-casiraghi-2-450x300.jpg 450w, https:\/\/www.monaco-tribune.com\/wp-content\/uploads\/2024\/06\/photos-visite-de-la-nouvelle-exposition-du-nmnm-avec-la-princesse-caroline-et-charlotte-casiraghi-2.jpg 1200w\" sizes=\"auto, (max-width: 1024px) 100vw, 1024px\" \/><\/figure>\n<\/div>\n\n<div class=\"wp-block-image\">\n<figure class=\"aligncenter size-large\"><img loading=\"lazy\" decoding=\"async\" width=\"1024\" height=\"683\" data-id=\"236199\" src=\"https:\/\/www.monaco-tribune.com\/wp-content\/uploads\/2024\/06\/photos-visite-de-la-nouvelle-exposition-du-nmnm-avec-la-princesse-caroline-et-charlotte-casiraghi-1024x683.jpg\" alt=\"\" class=\"wp-image-236199\" srcset=\"https:\/\/www.monaco-tribune.com\/wp-content\/uploads\/2024\/06\/photos-visite-de-la-nouvelle-exposition-du-nmnm-avec-la-princesse-caroline-et-charlotte-casiraghi-1024x683.jpg 1024w, https:\/\/www.monaco-tribune.com\/wp-content\/uploads\/2024\/06\/photos-visite-de-la-nouvelle-exposition-du-nmnm-avec-la-princesse-caroline-et-charlotte-casiraghi-450x300.jpg 450w, https:\/\/www.monaco-tribune.com\/wp-content\/uploads\/2024\/06\/photos-visite-de-la-nouvelle-exposition-du-nmnm-avec-la-princesse-caroline-et-charlotte-casiraghi.jpg 2048w\" sizes=\"auto, (max-width: 1024px) 100vw, 1024px\" \/><\/figure>\n<\/div><\/figure>\n\n<p class=\"has-text-align-center\"><em>\u00a9 Direzione della Comunicazione \/ Manuel Vitali<\/em><\/p>\n","protected":false},"excerpt":{"rendered":"<p>La Principessa e sua figlia si sono recate al museo in occasione della nuova mostra &#8220;Miquel Barcel\u00f3, oc\u00e9anographe&#8221; (Miquel Barcel\u00f3, [&hellip;]<\/p>\n","protected":false},"author":76,"featured_media":236169,"comment_status":"closed","ping_status":"closed","sticky":false,"template":"","format":"standard","meta":{"_acf_changed":false,"footnotes":""},"categories":[1742,1738],"tags":[2899],"post_sectags":[4998],"post_format":[2474],"class_list":["post-237307","post","type-post","status-publish","format-standard","has-post-thumbnail","hentry","category-famiglia-principesca","category-notizie","tag-charlotte-casiraghi-it","sectag-principessa-di-hannover","format-foto"],"acf":[],"yoast_head":"<!-- This site is optimized with the Yoast SEO Premium plugin v27.5 (Yoast SEO v27.5) - https:\/\/yoast.com\/product\/yoast-seo-premium-wordpress\/ -->\n<title>La Principessa Carolina e Charlotte Casiraghi in visita al Nuovo Museo Nazionale di Monaco<\/title>\n<meta name=\"description\" content=\"La Principessa e sua figlia si sono recate al museo in occasione della nuova mostra &quot;Miquel Barcel\u00f3, oc\u00e9anographe&quot; (Miquel Barcel\u00f3, oceanografo) che sar\u00e0\" \/>\n<meta name=\"robots\" content=\"index, follow, max-snippet:-1, max-image-preview:large, max-video-preview:-1\" \/>\n<link rel=\"canonical\" href=\"https:\/\/www.monaco-tribune.com\/it\/2024\/06\/la-principessa-carolina-e-charlotte-casiraghi-in-visita-al-nuovo-museo-nazionale-di-monaco\/\" \/>\n<meta property=\"og:locale\" content=\"it_IT\" \/>\n<meta property=\"og:type\" content=\"article\" \/>\n<meta property=\"og:title\" content=\"La Principessa Carolina e Charlotte Casiraghi in visita al Nuovo Museo Nazionale di Monaco - Monaco Tribune\" \/>\n<meta property=\"og:description\" content=\"La Principessa e sua figlia si sono recate al museo in occasione della nuova mostra &quot;Miquel Barcel\u00f3, oc\u00e9anographe&quot; (Miquel Barcel\u00f3, oceanografo) che sar\u00e0\" \/>\n<meta property=\"og:url\" content=\"https:\/\/www.monaco-tribune.com\/it\/2024\/06\/la-principessa-carolina-e-charlotte-casiraghi-in-visita-al-nuovo-museo-nazionale-di-monaco\/\" \/>\n<meta property=\"og:site_name\" content=\"Monaco Tribune\" \/>\n<meta property=\"article:publisher\" content=\"https:\/\/www.facebook.com\/MonacoTribune\" \/>\n<meta property=\"article:published_time\" content=\"2024-06-13T15:02:52+00:00\" \/>\n<meta property=\"article:modified_time\" content=\"2024-06-13T15:03:53+00:00\" \/>\n<meta property=\"og:image\" content=\"https:\/\/www.monaco-tribune.com\/wp-content\/uploads\/2024\/06\/deplacement-de-la-princesse-de-hanovre-accompagne-par-sa-fille-charlotte-au-musee-oceanographique-de-monaco1.jpg\" \/>\n\t<meta property=\"og:image:width\" content=\"1200\" \/>\n\t<meta property=\"og:image:height\" content=\"800\" \/>\n\t<meta property=\"og:image:type\" content=\"image\/jpeg\" \/>\n<meta name=\"author\" content=\"Killian Masurier\" \/>\n<meta name=\"twitter:card\" content=\"summary_large_image\" \/>\n<meta name=\"twitter:creator\" content=\"@MonacoTribune\" \/>\n<meta name=\"twitter:site\" content=\"@MonacoTribune\" \/>\n<script type=\"application\/ld+json\" class=\"yoast-schema-graph\">{\"@context\":\"https:\\\/\\\/schema.org\",\"@graph\":[{\"@type\":\"NewsArticle\",\"@id\":\"https:\\\/\\\/www.monaco-tribune.com\\\/it\\\/2024\\\/06\\\/la-principessa-carolina-e-charlotte-casiraghi-in-visita-al-nuovo-museo-nazionale-di-monaco\\\/#article\",\"isPartOf\":{\"@id\":\"https:\\\/\\\/www.monaco-tribune.com\\\/it\\\/2024\\\/06\\\/la-principessa-carolina-e-charlotte-casiraghi-in-visita-al-nuovo-museo-nazionale-di-monaco\\\/\"},\"author\":{\"name\":\"Killian Masurier\",\"@id\":\"https:\\\/\\\/www.monaco-tribune.com\\\/it\\\/#\\\/schema\\\/person\\\/430d20b322a92cf77ed693c80401a9f1\"},\"headline\":\"La Principessa Carolina e Charlotte Casiraghi in visita al Nuovo Museo Nazionale di Monaco\",\"datePublished\":\"2024-06-13T15:02:52+00:00\",\"dateModified\":\"2024-06-13T15:03:53+00:00\",\"mainEntityOfPage\":{\"@id\":\"https:\\\/\\\/www.monaco-tribune.com\\\/it\\\/2024\\\/06\\\/la-principessa-carolina-e-charlotte-casiraghi-in-visita-al-nuovo-museo-nazionale-di-monaco\\\/\"},\"wordCount\":151,\"publisher\":{\"@id\":\"https:\\\/\\\/www.monaco-tribune.com\\\/it\\\/#organization\"},\"image\":{\"@id\":\"https:\\\/\\\/www.monaco-tribune.com\\\/it\\\/2024\\\/06\\\/la-principessa-carolina-e-charlotte-casiraghi-in-visita-al-nuovo-museo-nazionale-di-monaco\\\/#primaryimage\"},\"thumbnailUrl\":\"https:\\\/\\\/www.monaco-tribune.com\\\/wp-content\\\/uploads\\\/2024\\\/06\\\/deplacement-de-la-princesse-de-hanovre-accompagne-par-sa-fille-charlotte-au-musee-oceanographique-de-monaco1.jpg\",\"keywords\":[\"Charlotte Casiraghi\"],\"articleSection\":[\"Famiglia Principesca\",\"Notizie\"],\"inLanguage\":\"it-IT\",\"copyrightYear\":\"2024\",\"copyrightHolder\":{\"@id\":\"https:\\\/\\\/www.monaco-tribune.com\\\/#organization\"}},{\"@type\":\"WebPage\",\"@id\":\"https:\\\/\\\/www.monaco-tribune.com\\\/it\\\/2024\\\/06\\\/la-principessa-carolina-e-charlotte-casiraghi-in-visita-al-nuovo-museo-nazionale-di-monaco\\\/\",\"url\":\"https:\\\/\\\/www.monaco-tribune.com\\\/it\\\/2024\\\/06\\\/la-principessa-carolina-e-charlotte-casiraghi-in-visita-al-nuovo-museo-nazionale-di-monaco\\\/\",\"name\":\"La Principessa Carolina e Charlotte Casiraghi in visita al Nuovo Museo Nazionale di Monaco\",\"isPartOf\":{\"@id\":\"https:\\\/\\\/www.monaco-tribune.com\\\/it\\\/#website\"},\"primaryImageOfPage\":{\"@id\":\"https:\\\/\\\/www.monaco-tribune.com\\\/it\\\/2024\\\/06\\\/la-principessa-carolina-e-charlotte-casiraghi-in-visita-al-nuovo-museo-nazionale-di-monaco\\\/#primaryimage\"},\"image\":{\"@id\":\"https:\\\/\\\/www.monaco-tribune.com\\\/it\\\/2024\\\/06\\\/la-principessa-carolina-e-charlotte-casiraghi-in-visita-al-nuovo-museo-nazionale-di-monaco\\\/#primaryimage\"},\"thumbnailUrl\":\"https:\\\/\\\/www.monaco-tribune.com\\\/wp-content\\\/uploads\\\/2024\\\/06\\\/deplacement-de-la-princesse-de-hanovre-accompagne-par-sa-fille-charlotte-au-musee-oceanographique-de-monaco1.jpg\",\"datePublished\":\"2024-06-13T15:02:52+00:00\",\"dateModified\":\"2024-06-13T15:03:53+00:00\",\"description\":\"La Principessa e sua figlia si sono recate al museo in occasione della nuova mostra \\\"Miquel Barcel\u00f3, oc\u00e9anographe\\\" (Miquel Barcel\u00f3, oceanografo) che sar\u00e0\",\"breadcrumb\":{\"@id\":\"https:\\\/\\\/www.monaco-tribune.com\\\/it\\\/2024\\\/06\\\/la-principessa-carolina-e-charlotte-casiraghi-in-visita-al-nuovo-museo-nazionale-di-monaco\\\/#breadcrumb\"},\"inLanguage\":\"it-IT\",\"potentialAction\":[{\"@type\":\"ReadAction\",\"target\":[\"https:\\\/\\\/www.monaco-tribune.com\\\/it\\\/2024\\\/06\\\/la-principessa-carolina-e-charlotte-casiraghi-in-visita-al-nuovo-museo-nazionale-di-monaco\\\/\"]}]},{\"@type\":\"ImageObject\",\"inLanguage\":\"it-IT\",\"@id\":\"https:\\\/\\\/www.monaco-tribune.com\\\/it\\\/2024\\\/06\\\/la-principessa-carolina-e-charlotte-casiraghi-in-visita-al-nuovo-museo-nazionale-di-monaco\\\/#primaryimage\",\"url\":\"https:\\\/\\\/www.monaco-tribune.com\\\/wp-content\\\/uploads\\\/2024\\\/06\\\/deplacement-de-la-princesse-de-hanovre-accompagne-par-sa-fille-charlotte-au-musee-oceanographique-de-monaco1.jpg\",\"contentUrl\":\"https:\\\/\\\/www.monaco-tribune.com\\\/wp-content\\\/uploads\\\/2024\\\/06\\\/deplacement-de-la-princesse-de-hanovre-accompagne-par-sa-fille-charlotte-au-musee-oceanographique-de-monaco1.jpg\",\"width\":1200,\"height\":800,\"caption\":\"La principessa di Hannover, accompagnata dalla figlia Charlotte, al NMNM \u00a9 Direzione della Comunicazione \\\/ Manuel Vitali\"},{\"@type\":\"BreadcrumbList\",\"@id\":\"https:\\\/\\\/www.monaco-tribune.com\\\/it\\\/2024\\\/06\\\/la-principessa-carolina-e-charlotte-casiraghi-in-visita-al-nuovo-museo-nazionale-di-monaco\\\/#breadcrumb\",\"itemListElement\":[{\"@type\":\"ListItem\",\"position\":1,\"name\":\"Accueil\",\"item\":\"https:\\\/\\\/www.monaco-tribune.com\\\/it\\\/\"},{\"@type\":\"ListItem\",\"position\":2,\"name\":\"La Principessa Carolina e Charlotte Casiraghi in visita al Nuovo Museo Nazionale di Monaco\"}]},{\"@type\":\"WebSite\",\"@id\":\"https:\\\/\\\/www.monaco-tribune.com\\\/it\\\/#website\",\"url\":\"https:\\\/\\\/www.monaco-tribune.com\\\/it\\\/\",\"name\":\"Monaco Tribune\",\"description\":\"Monaco : actualit\u00e9s \u00e9conomiques, politiques, culturelles et sportives de Monaco et de la French Riviera.\",\"publisher\":{\"@id\":\"https:\\\/\\\/www.monaco-tribune.com\\\/it\\\/#organization\"},\"potentialAction\":[{\"@type\":\"SearchAction\",\"target\":{\"@type\":\"EntryPoint\",\"urlTemplate\":\"https:\\\/\\\/www.monaco-tribune.com\\\/it\\\/?s={search_term_string}\"},\"query-input\":{\"@type\":\"PropertyValueSpecification\",\"valueRequired\":true,\"valueName\":\"search_term_string\"}}],\"inLanguage\":\"it-IT\"},{\"@type\":\"Organization\",\"@id\":\"https:\\\/\\\/www.monaco-tribune.com\\\/it\\\/#organization\",\"name\":\"Monaco Tribune\",\"url\":\"https:\\\/\\\/www.monaco-tribune.com\\\/it\\\/\",\"logo\":{\"@type\":\"ImageObject\",\"inLanguage\":\"it-IT\",\"@id\":\"https:\\\/\\\/www.monaco-tribune.com\\\/it\\\/#\\\/schema\\\/logo\\\/image\\\/\",\"url\":\"https:\\\/\\\/www.monaco-tribune.com\\\/wp-content\\\/uploads\\\/2022\\\/11\\\/logo-monaco-tribune.png\",\"contentUrl\":\"https:\\\/\\\/www.monaco-tribune.com\\\/wp-content\\\/uploads\\\/2022\\\/11\\\/logo-monaco-tribune.png\",\"width\":1548,\"height\":600,\"caption\":\"Monaco Tribune\"},\"image\":{\"@id\":\"https:\\\/\\\/www.monaco-tribune.com\\\/it\\\/#\\\/schema\\\/logo\\\/image\\\/\"},\"sameAs\":[\"https:\\\/\\\/www.facebook.com\\\/MonacoTribune\",\"https:\\\/\\\/x.com\\\/MonacoTribune\",\"https:\\\/\\\/www.instagram.com\\\/monacotribune\\\/\",\"https:\\\/\\\/www.linkedin.com\\\/company\\\/monaco-tribune\",\"https:\\\/\\\/www.youtube.com\\\/channel\\\/UCHle1MnG6hw1y4lWKijVbMA\"]},{\"@type\":\"Person\",\"@id\":\"https:\\\/\\\/www.monaco-tribune.com\\\/it\\\/#\\\/schema\\\/person\\\/430d20b322a92cf77ed693c80401a9f1\",\"name\":\"Killian Masurier\",\"image\":{\"@type\":\"ImageObject\",\"inLanguage\":\"it-IT\",\"@id\":\"https:\\\/\\\/secure.gravatar.com\\\/avatar\\\/2b945dc7d96e6fec85032621c16cd3de6e31a754758f25fdb5adce4ef6696a8e?s=96&d=mm&r=g\",\"url\":\"https:\\\/\\\/secure.gravatar.com\\\/avatar\\\/2b945dc7d96e6fec85032621c16cd3de6e31a754758f25fdb5adce4ef6696a8e?s=96&d=mm&r=g\",\"contentUrl\":\"https:\\\/\\\/secure.gravatar.com\\\/avatar\\\/2b945dc7d96e6fec85032621c16cd3de6e31a754758f25fdb5adce4ef6696a8e?s=96&d=mm&r=g\",\"caption\":\"Killian Masurier\"},\"url\":\"https:\\\/\\\/www.monaco-tribune.com\\\/it\\\/author\\\/killianmasurier\\\/\"}]}<\/script>\n<!-- \/ Yoast SEO Premium plugin. -->","yoast_head_json":{"title":"La Principessa Carolina e Charlotte Casiraghi in visita al Nuovo Museo Nazionale di Monaco","description":"La Principessa e sua figlia si sono recate al museo in occasione della nuova mostra \"Miquel Barcel\u00f3, oc\u00e9anographe\" (Miquel Barcel\u00f3, oceanografo) che sar\u00e0","robots":{"index":"index","follow":"follow","max-snippet":"max-snippet:-1","max-image-preview":"max-image-preview:large","max-video-preview":"max-video-preview:-1"},"canonical":"https:\/\/www.monaco-tribune.com\/it\/2024\/06\/la-principessa-carolina-e-charlotte-casiraghi-in-visita-al-nuovo-museo-nazionale-di-monaco\/","og_locale":"it_IT","og_type":"article","og_title":"La Principessa Carolina e Charlotte Casiraghi in visita al Nuovo Museo Nazionale di Monaco - Monaco Tribune","og_description":"La Principessa e sua figlia si sono recate al museo in occasione della nuova mostra \"Miquel Barcel\u00f3, oc\u00e9anographe\" (Miquel Barcel\u00f3, oceanografo) che sar\u00e0","og_url":"https:\/\/www.monaco-tribune.com\/it\/2024\/06\/la-principessa-carolina-e-charlotte-casiraghi-in-visita-al-nuovo-museo-nazionale-di-monaco\/","og_site_name":"Monaco Tribune","article_publisher":"https:\/\/www.facebook.com\/MonacoTribune","article_published_time":"2024-06-13T15:02:52+00:00","article_modified_time":"2024-06-13T15:03:53+00:00","og_image":[{"width":1200,"height":800,"url":"https:\/\/www.monaco-tribune.com\/wp-content\/uploads\/2024\/06\/deplacement-de-la-princesse-de-hanovre-accompagne-par-sa-fille-charlotte-au-musee-oceanographique-de-monaco1.jpg","type":"image\/jpeg"}],"author":"Killian Masurier","twitter_card":"summary_large_image","twitter_creator":"@MonacoTribune","twitter_site":"@MonacoTribune","schema":{"@context":"https:\/\/schema.org","@graph":[{"@type":"NewsArticle","@id":"https:\/\/www.monaco-tribune.com\/it\/2024\/06\/la-principessa-carolina-e-charlotte-casiraghi-in-visita-al-nuovo-museo-nazionale-di-monaco\/#article","isPartOf":{"@id":"https:\/\/www.monaco-tribune.com\/it\/2024\/06\/la-principessa-carolina-e-charlotte-casiraghi-in-visita-al-nuovo-museo-nazionale-di-monaco\/"},"author":{"name":"Killian Masurier","@id":"https:\/\/www.monaco-tribune.com\/it\/#\/schema\/person\/430d20b322a92cf77ed693c80401a9f1"},"headline":"La Principessa Carolina e Charlotte Casiraghi in visita al Nuovo Museo Nazionale di Monaco","datePublished":"2024-06-13T15:02:52+00:00","dateModified":"2024-06-13T15:03:53+00:00","mainEntityOfPage":{"@id":"https:\/\/www.monaco-tribune.com\/it\/2024\/06\/la-principessa-carolina-e-charlotte-casiraghi-in-visita-al-nuovo-museo-nazionale-di-monaco\/"},"wordCount":151,"publisher":{"@id":"https:\/\/www.monaco-tribune.com\/it\/#organization"},"image":{"@id":"https:\/\/www.monaco-tribune.com\/it\/2024\/06\/la-principessa-carolina-e-charlotte-casiraghi-in-visita-al-nuovo-museo-nazionale-di-monaco\/#primaryimage"},"thumbnailUrl":"https:\/\/www.monaco-tribune.com\/wp-content\/uploads\/2024\/06\/deplacement-de-la-princesse-de-hanovre-accompagne-par-sa-fille-charlotte-au-musee-oceanographique-de-monaco1.jpg","keywords":["Charlotte Casiraghi"],"articleSection":["Famiglia Principesca","Notizie"],"inLanguage":"it-IT","copyrightYear":"2024","copyrightHolder":{"@id":"https:\/\/www.monaco-tribune.com\/#organization"}},{"@type":"WebPage","@id":"https:\/\/www.monaco-tribune.com\/it\/2024\/06\/la-principessa-carolina-e-charlotte-casiraghi-in-visita-al-nuovo-museo-nazionale-di-monaco\/","url":"https:\/\/www.monaco-tribune.com\/it\/2024\/06\/la-principessa-carolina-e-charlotte-casiraghi-in-visita-al-nuovo-museo-nazionale-di-monaco\/","name":"La Principessa Carolina e Charlotte Casiraghi in visita al Nuovo Museo Nazionale di Monaco","isPartOf":{"@id":"https:\/\/www.monaco-tribune.com\/it\/#website"},"primaryImageOfPage":{"@id":"https:\/\/www.monaco-tribune.com\/it\/2024\/06\/la-principessa-carolina-e-charlotte-casiraghi-in-visita-al-nuovo-museo-nazionale-di-monaco\/#primaryimage"},"image":{"@id":"https:\/\/www.monaco-tribune.com\/it\/2024\/06\/la-principessa-carolina-e-charlotte-casiraghi-in-visita-al-nuovo-museo-nazionale-di-monaco\/#primaryimage"},"thumbnailUrl":"https:\/\/www.monaco-tribune.com\/wp-content\/uploads\/2024\/06\/deplacement-de-la-princesse-de-hanovre-accompagne-par-sa-fille-charlotte-au-musee-oceanographique-de-monaco1.jpg","datePublished":"2024-06-13T15:02:52+00:00","dateModified":"2024-06-13T15:03:53+00:00","description":"La Principessa e sua figlia si sono recate al museo in occasione della nuova mostra \"Miquel Barcel\u00f3, oc\u00e9anographe\" (Miquel Barcel\u00f3, oceanografo) che sar\u00e0","breadcrumb":{"@id":"https:\/\/www.monaco-tribune.com\/it\/2024\/06\/la-principessa-carolina-e-charlotte-casiraghi-in-visita-al-nuovo-museo-nazionale-di-monaco\/#breadcrumb"},"inLanguage":"it-IT","potentialAction":[{"@type":"ReadAction","target":["https:\/\/www.monaco-tribune.com\/it\/2024\/06\/la-principessa-carolina-e-charlotte-casiraghi-in-visita-al-nuovo-museo-nazionale-di-monaco\/"]}]},{"@type":"ImageObject","inLanguage":"it-IT","@id":"https:\/\/www.monaco-tribune.com\/it\/2024\/06\/la-principessa-carolina-e-charlotte-casiraghi-in-visita-al-nuovo-museo-nazionale-di-monaco\/#primaryimage","url":"https:\/\/www.monaco-tribune.com\/wp-content\/uploads\/2024\/06\/deplacement-de-la-princesse-de-hanovre-accompagne-par-sa-fille-charlotte-au-musee-oceanographique-de-monaco1.jpg","contentUrl":"https:\/\/www.monaco-tribune.com\/wp-content\/uploads\/2024\/06\/deplacement-de-la-princesse-de-hanovre-accompagne-par-sa-fille-charlotte-au-musee-oceanographique-de-monaco1.jpg","width":1200,"height":800,"caption":"La principessa di Hannover, accompagnata dalla figlia Charlotte, al NMNM \u00a9 Direzione della Comunicazione \/ Manuel Vitali"},{"@type":"BreadcrumbList","@id":"https:\/\/www.monaco-tribune.com\/it\/2024\/06\/la-principessa-carolina-e-charlotte-casiraghi-in-visita-al-nuovo-museo-nazionale-di-monaco\/#breadcrumb","itemListElement":[{"@type":"ListItem","position":1,"name":"Accueil","item":"https:\/\/www.monaco-tribune.com\/it\/"},{"@type":"ListItem","position":2,"name":"La Principessa Carolina e Charlotte Casiraghi in visita al Nuovo Museo Nazionale di Monaco"}]},{"@type":"WebSite","@id":"https:\/\/www.monaco-tribune.com\/it\/#website","url":"https:\/\/www.monaco-tribune.com\/it\/","name":"Monaco Tribune","description":"Monaco : actualit\u00e9s \u00e9conomiques, politiques, culturelles et sportives de Monaco et de la French Riviera.","publisher":{"@id":"https:\/\/www.monaco-tribune.com\/it\/#organization"},"potentialAction":[{"@type":"SearchAction","target":{"@type":"EntryPoint","urlTemplate":"https:\/\/www.monaco-tribune.com\/it\/?s={search_term_string}"},"query-input":{"@type":"PropertyValueSpecification","valueRequired":true,"valueName":"search_term_string"}}],"inLanguage":"it-IT"},{"@type":"Organization","@id":"https:\/\/www.monaco-tribune.com\/it\/#organization","name":"Monaco Tribune","url":"https:\/\/www.monaco-tribune.com\/it\/","logo":{"@type":"ImageObject","inLanguage":"it-IT","@id":"https:\/\/www.monaco-tribune.com\/it\/#\/schema\/logo\/image\/","url":"https:\/\/www.monaco-tribune.com\/wp-content\/uploads\/2022\/11\/logo-monaco-tribune.png","contentUrl":"https:\/\/www.monaco-tribune.com\/wp-content\/uploads\/2022\/11\/logo-monaco-tribune.png","width":1548,"height":600,"caption":"Monaco Tribune"},"image":{"@id":"https:\/\/www.monaco-tribune.com\/it\/#\/schema\/logo\/image\/"},"sameAs":["https:\/\/www.facebook.com\/MonacoTribune","https:\/\/x.com\/MonacoTribune","https:\/\/www.instagram.com\/monacotribune\/","https:\/\/www.linkedin.com\/company\/monaco-tribune","https:\/\/www.youtube.com\/channel\/UCHle1MnG6hw1y4lWKijVbMA"]},{"@type":"Person","@id":"https:\/\/www.monaco-tribune.com\/it\/#\/schema\/person\/430d20b322a92cf77ed693c80401a9f1","name":"Killian Masurier","image":{"@type":"ImageObject","inLanguage":"it-IT","@id":"https:\/\/secure.gravatar.com\/avatar\/2b945dc7d96e6fec85032621c16cd3de6e31a754758f25fdb5adce4ef6696a8e?s=96&d=mm&r=g","url":"https:\/\/secure.gravatar.com\/avatar\/2b945dc7d96e6fec85032621c16cd3de6e31a754758f25fdb5adce4ef6696a8e?s=96&d=mm&r=g","contentUrl":"https:\/\/secure.gravatar.com\/avatar\/2b945dc7d96e6fec85032621c16cd3de6e31a754758f25fdb5adce4ef6696a8e?s=96&d=mm&r=g","caption":"Killian Masurier"},"url":"https:\/\/www.monaco-tribune.com\/it\/author\/killianmasurier\/"}]}},"_links":{"self":[{"href":"https:\/\/www.monaco-tribune.com\/it\/wp-json\/wp\/v2\/posts\/237307","targetHints":{"allow":["GET"]}}],"collection":[{"href":"https:\/\/www.monaco-tribune.com\/it\/wp-json\/wp\/v2\/posts"}],"about":[{"href":"https:\/\/www.monaco-tribune.com\/it\/wp-json\/wp\/v2\/types\/post"}],"author":[{"embeddable":true,"href":"https:\/\/www.monaco-tribune.com\/it\/wp-json\/wp\/v2\/users\/76"}],"replies":[{"embeddable":true,"href":"https:\/\/www.monaco-tribune.com\/it\/wp-json\/wp\/v2\/comments?post=237307"}],"version-history":[{"count":2,"href":"https:\/\/www.monaco-tribune.com\/it\/wp-json\/wp\/v2\/posts\/237307\/revisions"}],"predecessor-version":[{"id":237312,"href":"https:\/\/www.monaco-tribune.com\/it\/wp-json\/wp\/v2\/posts\/237307\/revisions\/237312"}],"wp:featuredmedia":[{"embeddable":true,"href":"https:\/\/www.monaco-tribune.com\/it\/wp-json\/wp\/v2\/media\/236169"}],"wp:attachment":[{"href":"https:\/\/www.monaco-tribune.com\/it\/wp-json\/wp\/v2\/media?parent=237307"}],"wp:term":[{"taxonomy":"category","embeddable":true,"href":"https:\/\/www.monaco-tribune.com\/it\/wp-json\/wp\/v2\/categories?post=237307"},{"taxonomy":"post_tag","embeddable":true,"href":"https:\/\/www.monaco-tribune.com\/it\/wp-json\/wp\/v2\/tags?post=237307"},{"taxonomy":"sectag","embeddable":true,"href":"https:\/\/www.monaco-tribune.com\/it\/wp-json\/wp\/v2\/post_sectags?post=237307"},{"taxonomy":"format","embeddable":true,"href":"https:\/\/www.monaco-tribune.com\/it\/wp-json\/wp\/v2\/post_format?post=237307"}],"curies":[{"name":"wp","href":"https:\/\/api.w.org\/{rel}","templated":true}]}}