{"id":237494,"date":"2024-06-13T18:10:02","date_gmt":"2024-06-13T16:10:02","guid":{"rendered":"https:\/\/www.monaco-tribune.com\/2024\/06\/il-roca-team-schiaccia-il-paris-e-conserva-il-titolo-di-campione-di-francia\/"},"modified":"2024-06-13T18:10:07","modified_gmt":"2024-06-13T16:10:07","slug":"il-roca-team-schiaccia-il-paris-e-conserva-il-titolo-di-campione-di-francia","status":"publish","type":"post","link":"https:\/\/www.monaco-tribune.com\/it\/2024\/06\/il-roca-team-schiaccia-il-paris-e-conserva-il-titolo-di-campione-di-francia\/","title":{"rendered":"Il Roca Team schiaccia il Paris e conserva il titolo di campione di Francia"},"content":{"rendered":"\n<p><strong>Mercoled\u00ec 12 giugno, all&#8217;Adidas Arena, i monegaschi hanno battuto il finalista Paris Basket per 76-115 in gara 4 della grande finale. Il Roca Team si \u00e8 aggiudicato il titolo di campione di Francia per il secondo anno consecutivo, davanti al proprietario dell&#8217;AS Monaco Basket, Aleksej Fedoricsev, e dei tifosi entusiasti. <\/strong><\/p>\n\n<p>Ce l&#8217;hanno fatta! Anche quest&#8217;anno i monegaschi sono riusciti a portare a casa il titolo di campioni di Francia Betclic \u00c9lite: \u00e8 la seconda stagione consecutiva. Grazie a un Mike James divino e a un Elie Okobo esplosivo, il Roca Team non ha dato scampo ai parigini in gara 4 di questa finale di campionato.<\/p>\n<div class=\"wp-block-image\">\n<figure class=\"aligncenter size-large\"><img loading=\"lazy\" decoding=\"async\" width=\"1024\" height=\"683\" src=\"https:\/\/www.monaco-tribune.com\/wp-content\/uploads\/2024\/06\/aleksej-fedoricsev-1024x683.jpeg\" alt=\"\" class=\"wp-image-237234\" srcset=\"https:\/\/www.monaco-tribune.com\/wp-content\/uploads\/2024\/06\/aleksej-fedoricsev-1024x683.jpeg 1024w, https:\/\/www.monaco-tribune.com\/wp-content\/uploads\/2024\/06\/aleksej-fedoricsev-450x300.jpeg 450w, https:\/\/www.monaco-tribune.com\/wp-content\/uploads\/2024\/06\/aleksej-fedoricsev.jpeg 2048w\" sizes=\"auto, (max-width: 1024px) 100vw, 1024px\" \/><figcaption class=\"wp-element-caption\"><em>Il proprietario dell&#8217;AS Monaco Basket, Aleksej Fedoricsev, e il direttore esecutivo dell&#8217;AS Monaco Basket, Oleksiy Yefimov, sempre in prima fila alle partite del Roca Team \u00a9 Direzione della Comunicazione<\/em><\/figcaption><\/figure>\n<\/div>\n<h2 class=\"wp-block-heading\" id=\"h-monaco-touche-les-etoiles-paris-touche-le-fond\">Monaco punta alle stelle, Parigi tocca il fondo<\/h2>\n\n<p>Il risultato del match \u00e8 stato chiaro e inequivocabile: il Monaco ha battuto il Paris di 39 punti dopo una partita in cui i parigini si sono mostrati totalmente disarmati. Il Monaco non ha ceduto un solo punto e ha fatto tutto il possibile per battere la squadra parigina in cerca di riscatto. <\/p>\n\n<p>Nel primo quarto il Monaco \u00e8 stato incredibile! Con 37 punti segnati e un parziale di 19-0 a soli cinque minuti di gioco, il Roca Team si \u00e8 distinto per una difesa impenetrabile e un attacco sempre all&#8217;altezza della situazione. Anche nel secondo e terzo quarto, il Monaco non ha rallentato!<\/p>\n\n<blockquote class=\"instagram-media\" data-instgrm-captioned=\"\" data-instgrm-permalink=\"https:\/\/www.instagram.com\/reel\/C8JXHQpA4cm\/?utm_source=ig_embed&#038;utm_campaign=loading\" data-instgrm-version=\"14\" style=\"background:#FFF;border:0;border-radius:3px;margin: 1px;max-width:540px;min-width:326px;padding:0;width:99.375%;width:-webkit-calc(100% - 2px);width:calc(100% - 2px)\"><div style=\"padding:16px\"> <a href=\"https:\/\/www.instagram.com\/reel\/C8JXHQpA4cm\/?utm_source=ig_embed&#038;utm_campaign=loading\" style=\"background:#FFFFFF;line-height:0;padding:0 0;text-align:center;text-decoration:none;width:100%\" target=\"_blank\" rel=\"noopener\"> <div style=\"display: flex;flex-direction: row;align-items: center\"> <div style=\"background-color: #F4F4F4;border-radius: 50%;flex-grow: 0;height: 40px;margin-right: 14px;width: 40px\"><\/div> <div style=\"display: flex;flex-direction: column;flex-grow: 1;justify-content: center\"> <div style=\"background-color: #F4F4F4;border-radius: 4px;flex-grow: 0;height: 14px;margin-bottom: 6px;width: 100px\"><\/div> <div style=\"background-color: #F4F4F4;border-radius: 4px;flex-grow: 0;height: 14px;width: 60px\"><\/div><\/div><\/div><div style=\"padding: 19% 0\"><\/div> <div style=\"display:block;height:50px;margin:0 auto 12px;width:50px\"><\/div><div style=\"padding-top: 8px\"> <div style=\"color:#3897f0;font-family:Arial,sans-serif;font-size:14px;font-style:normal;font-weight:550;line-height:18px\">Voir cette publication sur Instagram<\/div><\/div><div style=\"padding: 12.5% 0\"><\/div> <div style=\"display: flex;flex-direction: row;margin-bottom: 14px;align-items: center\"><div> <div style=\"background-color: #F4F4F4;border-radius: 50%;height: 12.5px;width: 12.5px\"><\/div> <div style=\"background-color: #F4F4F4;height: 12.5px;width: 12.5px;flex-grow: 0;margin-right: 14px;margin-left: 2px\"><\/div> <div style=\"background-color: #F4F4F4;border-radius: 50%;height: 12.5px;width: 12.5px\"><\/div><\/div><div style=\"margin-left: 8px\"> <div style=\"background-color: #F4F4F4;border-radius: 50%;flex-grow: 0;height: 20px;width: 20px\"><\/div> <div style=\"width: 0;height: 0;border-top: 2px solid transparent;border-left: 6px solid #f4f4f4;border-bottom: 2px solid transparent\"><\/div><\/div><div style=\"margin-left: auto\"> <div style=\"width: 0px;border-top: 8px solid #F4F4F4;border-right: 8px solid transparent\"><\/div> <div style=\"background-color: #F4F4F4;flex-grow: 0;height: 12px;width: 16px\"><\/div> <div style=\"width: 0;height: 0;border-top: 8px solid #F4F4F4;border-left: 8px solid transparent\"><\/div><\/div><\/div> <div style=\"display: flex;flex-direction: column;flex-grow: 1;justify-content: center;margin-bottom: 24px\"> <div style=\"background-color: #F4F4F4;border-radius: 4px;flex-grow: 0;height: 14px;margin-bottom: 6px;width: 224px\"><\/div> <div style=\"background-color: #F4F4F4;border-radius: 4px;flex-grow: 0;height: 14px;width: 144px\"><\/div><\/div><\/a><p style=\"color:#c9c8cd;font-family:Arial,sans-serif;font-size:14px;line-height:17px;margin-bottom:0;margin-top:8px;overflow:hidden;padding:8px 0 7px;text-align:center\"><a href=\"https:\/\/www.instagram.com\/reel\/C8JXHQpA4cm\/?utm_source=ig_embed&#038;utm_campaign=loading\" style=\"color:#c9c8cd;font-family:Arial,sans-serif;font-size:14px;font-style:normal;font-weight:normal;line-height:17px;text-decoration:none\" target=\"_blank\" rel=\"noopener\">Une publication partag\u00e9e par AS Monaco Basket \ud83c\udfc0\ud83c\uddf2\ud83c\udde8 (@asmonaco_basket)<\/a><\/p><\/div><\/blockquote>\r\n\n<p>La guardia dell&#8217;AS Monaco Basket Elie Okobo ha parlato in diretta a L&#8217;\u00c9quipe: &#8220;Ci eravamo ripromessi di non tornare a Monaco per una gara 5, tutti erano determinati a dare il 100% e credo che si sia visto stasera. Tutti si sono impegnati, tutti erano sulla stessa lunghezza d&#8217;onda, soprattutto in difesa perch\u00e9 sapevamo che in attacco avremmo fatto canestro&#8221;.<\/p>\n\n<p>I giocatori hanno poi festeggiato la vittoria come si deve negli spogliatoi, stappando bottiglie di champagne e annaffiando tutta la squadra:<\/p>\n\n<blockquote class=\"instagram-media\" data-instgrm-captioned=\"\" data-instgrm-permalink=\"https:\/\/www.instagram.com\/reel\/C8Ib62MMN0U\/?utm_source=ig_embed&#038;utm_campaign=loading\" data-instgrm-version=\"14\" style=\"background:#FFF;border:0;border-radius:3px;margin: 1px;max-width:540px;min-width:326px;padding:0;width:99.375%;width:-webkit-calc(100% - 2px);width:calc(100% - 2px)\"><div style=\"padding:16px\"> <a href=\"https:\/\/www.instagram.com\/reel\/C8Ib62MMN0U\/?utm_source=ig_embed&#038;utm_campaign=loading\" style=\"background:#FFFFFF;line-height:0;padding:0 0;text-align:center;text-decoration:none;width:100%\" target=\"_blank\" rel=\"noopener\"> <div style=\"display: flex;flex-direction: row;align-items: center\"> <div style=\"background-color: #F4F4F4;border-radius: 50%;flex-grow: 0;height: 40px;margin-right: 14px;width: 40px\"><\/div> <div style=\"display: flex;flex-direction: column;flex-grow: 1;justify-content: center\"> <div style=\"background-color: #F4F4F4;border-radius: 4px;flex-grow: 0;height: 14px;margin-bottom: 6px;width: 100px\"><\/div> <div style=\"background-color: #F4F4F4;border-radius: 4px;flex-grow: 0;height: 14px;width: 60px\"><\/div><\/div><\/div><div style=\"padding: 19% 0\"><\/div> <div style=\"display:block;height:50px;margin:0 auto 12px;width:50px\"><\/div><div style=\"padding-top: 8px\"> <div style=\"color:#3897f0;font-family:Arial,sans-serif;font-size:14px;font-style:normal;font-weight:550;line-height:18px\">Voir cette publication sur Instagram<\/div><\/div><div style=\"padding: 12.5% 0\"><\/div> <div style=\"display: flex;flex-direction: row;margin-bottom: 14px;align-items: center\"><div> <div style=\"background-color: #F4F4F4;border-radius: 50%;height: 12.5px;width: 12.5px\"><\/div> <div style=\"background-color: #F4F4F4;height: 12.5px;width: 12.5px;flex-grow: 0;margin-right: 14px;margin-left: 2px\"><\/div> <div style=\"background-color: #F4F4F4;border-radius: 50%;height: 12.5px;width: 12.5px\"><\/div><\/div><div style=\"margin-left: 8px\"> <div style=\"background-color: #F4F4F4;border-radius: 50%;flex-grow: 0;height: 20px;width: 20px\"><\/div> <div style=\"width: 0;height: 0;border-top: 2px solid transparent;border-left: 6px solid #f4f4f4;border-bottom: 2px solid transparent\"><\/div><\/div><div style=\"margin-left: auto\"> <div style=\"width: 0px;border-top: 8px solid #F4F4F4;border-right: 8px solid transparent\"><\/div> <div style=\"background-color: #F4F4F4;flex-grow: 0;height: 12px;width: 16px\"><\/div> <div style=\"width: 0;height: 0;border-top: 8px solid #F4F4F4;border-left: 8px solid transparent\"><\/div><\/div><\/div> <div style=\"display: flex;flex-direction: column;flex-grow: 1;justify-content: center;margin-bottom: 24px\"> <div style=\"background-color: #F4F4F4;border-radius: 4px;flex-grow: 0;height: 14px;margin-bottom: 6px;width: 224px\"><\/div> <div style=\"background-color: #F4F4F4;border-radius: 4px;flex-grow: 0;height: 14px;width: 144px\"><\/div><\/div><\/a><p style=\"color:#c9c8cd;font-family:Arial,sans-serif;font-size:14px;line-height:17px;margin-bottom:0;margin-top:8px;overflow:hidden;padding:8px 0 7px;text-align:center\"><a href=\"https:\/\/www.instagram.com\/reel\/C8Ib62MMN0U\/?utm_source=ig_embed&#038;utm_campaign=loading\" style=\"color:#c9c8cd;font-family:Arial,sans-serif;font-size:14px;font-style:normal;font-weight:normal;line-height:17px;text-decoration:none\" target=\"_blank\" rel=\"noopener\">Une publication partag\u00e9e par Ligue Nationale de Basket (@lnb_officiel)<\/a><\/p><\/div><\/blockquote>\r\n\n<h2 class=\"wp-block-heading\" id=\"h-mike-james-mvp-de-cette-finale-une-derniere-pour-la-route\">Mike James MVP di questa finale, sar\u00e0 l&#8217;ultima?<\/h2>\n\n<p>Dopo una semifinale poco convincente, The Natural \u00e8 stato mostruoso in ognuna delle quattro partite della finale. 82 punti segnati, otto rimbalzi e tredici passaggi: il record di Mike James \u00e8 colossale e ha dimostrato ancora una volta di essere il leader della squadra!<\/p>\n\n<blockquote class=\"instagram-media\" data-instgrm-captioned=\"\" data-instgrm-permalink=\"https:\/\/www.instagram.com\/p\/C8IkQS-tJpm\/?utm_source=ig_embed&#038;utm_campaign=loading\" data-instgrm-version=\"14\" style=\"background:#FFF;border:0;border-radius:3px;margin: 1px;max-width:540px;min-width:326px;padding:0;width:99.375%;width:-webkit-calc(100% - 2px);width:calc(100% - 2px)\"><div style=\"padding:16px\"> <a href=\"https:\/\/www.instagram.com\/p\/C8IkQS-tJpm\/?utm_source=ig_embed&#038;utm_campaign=loading\" style=\"background:#FFFFFF;line-height:0;padding:0 0;text-align:center;text-decoration:none;width:100%\" target=\"_blank\" rel=\"noopener\"> <div style=\"display: flex;flex-direction: row;align-items: center\"> <div style=\"background-color: #F4F4F4;border-radius: 50%;flex-grow: 0;height: 40px;margin-right: 14px;width: 40px\"><\/div> <div style=\"display: flex;flex-direction: column;flex-grow: 1;justify-content: center\"> <div style=\"background-color: #F4F4F4;border-radius: 4px;flex-grow: 0;height: 14px;margin-bottom: 6px;width: 100px\"><\/div> <div style=\"background-color: #F4F4F4;border-radius: 4px;flex-grow: 0;height: 14px;width: 60px\"><\/div><\/div><\/div><div style=\"padding: 19% 0\"><\/div> <div style=\"display:block;height:50px;margin:0 auto 12px;width:50px\"><\/div><div style=\"padding-top: 8px\"> <div style=\"color:#3897f0;font-family:Arial,sans-serif;font-size:14px;font-style:normal;font-weight:550;line-height:18px\">Voir cette publication sur Instagram<\/div><\/div><div style=\"padding: 12.5% 0\"><\/div> <div style=\"display: flex;flex-direction: row;margin-bottom: 14px;align-items: center\"><div> <div style=\"background-color: #F4F4F4;border-radius: 50%;height: 12.5px;width: 12.5px\"><\/div> <div style=\"background-color: #F4F4F4;height: 12.5px;width: 12.5px;flex-grow: 0;margin-right: 14px;margin-left: 2px\"><\/div> <div style=\"background-color: #F4F4F4;border-radius: 50%;height: 12.5px;width: 12.5px\"><\/div><\/div><div style=\"margin-left: 8px\"> <div style=\"background-color: #F4F4F4;border-radius: 50%;flex-grow: 0;height: 20px;width: 20px\"><\/div> <div style=\"width: 0;height: 0;border-top: 2px solid transparent;border-left: 6px solid #f4f4f4;border-bottom: 2px solid transparent\"><\/div><\/div><div style=\"margin-left: auto\"> <div style=\"width: 0px;border-top: 8px solid #F4F4F4;border-right: 8px solid transparent\"><\/div> <div style=\"background-color: #F4F4F4;flex-grow: 0;height: 12px;width: 16px\"><\/div> <div style=\"width: 0;height: 0;border-top: 8px solid #F4F4F4;border-left: 8px solid transparent\"><\/div><\/div><\/div> <div style=\"display: flex;flex-direction: column;flex-grow: 1;justify-content: center;margin-bottom: 24px\"> <div style=\"background-color: #F4F4F4;border-radius: 4px;flex-grow: 0;height: 14px;margin-bottom: 6px;width: 224px\"><\/div> <div style=\"background-color: #F4F4F4;border-radius: 4px;flex-grow: 0;height: 14px;width: 144px\"><\/div><\/div><\/a><p style=\"color:#c9c8cd;font-family:Arial,sans-serif;font-size:14px;line-height:17px;margin-bottom:0;margin-top:8px;overflow:hidden;padding:8px 0 7px;text-align:center\"><a href=\"https:\/\/www.instagram.com\/p\/C8IkQS-tJpm\/?utm_source=ig_embed&#038;utm_campaign=loading\" style=\"color:#c9c8cd;font-family:Arial,sans-serif;font-size:14px;font-style:normal;font-weight:normal;line-height:17px;text-decoration:none\" target=\"_blank\" rel=\"noopener\">Une publication partag\u00e9e par AS Monaco Basket \ud83c\udfc0\ud83c\uddf2\ud83c\udde8 (@asmonaco_basket)<\/a><\/p><\/div><\/blockquote>\r\n\n<p>Tuttavia, con l&#8217;avvicinarsi della fine della stagione e l&#8217;apertura del mercato estivo, James sar\u00e0 sicuramente corteggiato da alcune delle migliori squadre europee e americane. Il cestista americano ha appena concluso una stagione in cui si \u00e8 aggiudicato diversi titoli prestigiosi e ha battuto una serie di record storici: una stella che ha brillato agli occhi di tutto il mondo.<\/p>\n\n<p>Essendo il leader della squadra, \u00e8 difficile immaginare un futuro radioso senza Mike James, ma per il momento non \u00e8 stata rilasciata alcuna dichiarazione ufficiale, quindi sar\u00e0 meglio sfruttare al massimo il talento di questo giocatore eccezionale.<\/p>\n<div class=\"wp-block-image\">\n<figure class=\"aligncenter size-large\"><img loading=\"lazy\" decoding=\"async\" width=\"1024\" height=\"683\" src=\"https:\/\/www.monaco-tribune.com\/wp-content\/uploads\/2024\/06\/aleksej-fedoricsev-sephane-valeri-1024x683.jpeg\" alt=\"\" class=\"wp-image-237238\" srcset=\"https:\/\/www.monaco-tribune.com\/wp-content\/uploads\/2024\/06\/aleksej-fedoricsev-sephane-valeri-1024x683.jpeg 1024w, https:\/\/www.monaco-tribune.com\/wp-content\/uploads\/2024\/06\/aleksej-fedoricsev-sephane-valeri-450x300.jpeg 450w, https:\/\/www.monaco-tribune.com\/wp-content\/uploads\/2024\/06\/aleksej-fedoricsev-sephane-valeri.jpeg 2048w\" sizes=\"auto, (max-width: 1024px) 100vw, 1024px\" \/><figcaption class=\"wp-element-caption\"><em>Il presidente e amministratore delegato della Soci\u00e9t\u00e9 des Bains de Mer, St\u00e9phane Valeri, ha raggiunto Aleksej Fedoricsev e Oleksiy Yefimov a Parigi \u00a9 Direzione della Comunicazione<\/em><\/figcaption><\/figure>\n<\/div>\n<blockquote class=\"wp-block-quote is-layout-flow wp-block-quote-is-layout-flow\">\n<p>Una performance eccezionale dopo un percorso europeo che ha dato anche ai monegaschi dei buoni motivi per esultare. Complimenti ai giocatori e speriamo di fare ancora meglio nella prossima stagione! <\/p>\n<cite><em>St\u00e9phane Valeri<\/em><\/cite><\/blockquote>\n\n<h2 class=\"wp-block-heading\" id=\"h-quel-bilan-tirer-de-cette-saison\">Un bilancio di questa stagione<\/h2>\n\n<p>Il potenziale della squadra \u00e8 immenso e non c&#8217;\u00e8 dubbio che il Roca Team scriver\u00e0 altri capitoli grandiosi in Francia, ma soprattutto in Europa! Dopo essersi classificata terza in Eurolega, l&#8217;AS Monaco Basket pu\u00f2 sognare ancora pi\u00f9 in grande e raggiungere le vette dell&#8217;Europa.<\/p>\n\n<p>Quest&#8217;anno, l&#8217;AS Monaco Basket ha dimostrato di avere un progetto solido e una mentalit\u00e0 inscalfibile, e di essere in grado di superare qualsiasi montagna. Nonostante la precoce eliminazione dalla Coupe de France e dall&#8217;Eurolega, la stagione 2023-2024 passer\u00e0 alla storia grazie a questo secondo titolo ottenuto con non poche difficolt\u00e0.<\/p>\n\n<p>Per i cestisti \u00e8 ora tempo delle tanto meritate vacanze, prima di riprendere ad agosto. Daghe Munegu!<\/p>\n","protected":false},"excerpt":{"rendered":"<p>Mercoled\u00ec 12 giugno, all&#8217;Adidas Arena, i monegaschi hanno battuto il finalista Paris Basket per 76-115 in gara 4 della grande [&hellip;]<\/p>\n","protected":false},"author":76,"featured_media":237103,"comment_status":"closed","ping_status":"closed","sticky":false,"template":"","format":"standard","meta":{"_acf_changed":false,"footnotes":""},"categories":[1826,1738,1743],"tags":[3001],"post_sectags":[3787],"post_format":[2478],"class_list":["post-237494","post","type-post","status-publish","format-standard","has-post-thumbnail","hentry","category-la-nostra-scelta","category-notizie","category-sport-it","tag-roca-team-it","sectag-basket-it","format-notizia"],"acf":[],"yoast_head":"<!-- This site is optimized with the Yoast SEO Premium plugin v26.8 (Yoast SEO v27.5) - https:\/\/yoast.com\/product\/yoast-seo-premium-wordpress\/ -->\n<title>Il Roca Team schiaccia il Paris e conserva il titolo di campione di Francia<\/title>\n<meta name=\"description\" content=\"Mercoled\u00ec 12 giugno, all&#039;Adidas Arena, i monegaschi hanno battuto il finalista Paris Basket per 76-115 in gara 4 della grande finale. Il Roca Team si \u00e8\" \/>\n<meta name=\"robots\" content=\"index, follow, max-snippet:-1, max-image-preview:large, max-video-preview:-1\" \/>\n<link rel=\"canonical\" href=\"https:\/\/www.monaco-tribune.com\/it\/2024\/06\/il-roca-team-schiaccia-il-paris-e-conserva-il-titolo-di-campione-di-francia\/\" \/>\n<meta property=\"og:locale\" content=\"it_IT\" \/>\n<meta property=\"og:type\" content=\"article\" \/>\n<meta property=\"og:title\" content=\"Il Roca Team schiaccia il Paris e conserva il titolo di campione di Francia - Monaco Tribune\" \/>\n<meta property=\"og:description\" content=\"Mercoled\u00ec 12 giugno, all&#039;Adidas Arena, i monegaschi hanno battuto il finalista Paris Basket per 76-115 in gara 4 della grande finale. Il Roca Team si \u00e8\" \/>\n<meta property=\"og:url\" content=\"https:\/\/www.monaco-tribune.com\/it\/2024\/06\/il-roca-team-schiaccia-il-paris-e-conserva-il-titolo-di-campione-di-francia\/\" \/>\n<meta property=\"og:site_name\" content=\"Monaco Tribune\" \/>\n<meta property=\"article:publisher\" content=\"https:\/\/www.facebook.com\/MonacoTribune\" \/>\n<meta property=\"article:published_time\" content=\"2024-06-13T16:10:02+00:00\" \/>\n<meta property=\"article:modified_time\" content=\"2024-06-13T16:10:07+00:00\" \/>\n<meta property=\"og:image\" content=\"https:\/\/www.monaco-tribune.com\/wp-content\/uploads\/2024\/06\/las-monaco-basket-est-sacre-champion-de-france-de-betclic-elite-pour-la-deuxieme-annee-consecutive211.png\" \/>\n\t<meta property=\"og:image:width\" content=\"1200\" \/>\n\t<meta property=\"og:image:height\" content=\"800\" \/>\n\t<meta property=\"og:image:type\" content=\"image\/png\" \/>\n<meta name=\"author\" content=\"Killian Masurier\" \/>\n<meta name=\"twitter:card\" content=\"summary_large_image\" \/>\n<meta name=\"twitter:creator\" content=\"@MonacoTribune\" \/>\n<meta name=\"twitter:site\" content=\"@MonacoTribune\" \/>\n<script type=\"application\/ld+json\" class=\"yoast-schema-graph\">{\"@context\":\"https:\\\/\\\/schema.org\",\"@graph\":[{\"@type\":\"NewsArticle\",\"@id\":\"https:\\\/\\\/www.monaco-tribune.com\\\/it\\\/2024\\\/06\\\/il-roca-team-schiaccia-il-paris-e-conserva-il-titolo-di-campione-di-francia\\\/#article\",\"isPartOf\":{\"@id\":\"https:\\\/\\\/www.monaco-tribune.com\\\/it\\\/2024\\\/06\\\/il-roca-team-schiaccia-il-paris-e-conserva-il-titolo-di-campione-di-francia\\\/\"},\"author\":{\"name\":\"Killian Masurier\",\"@id\":\"https:\\\/\\\/www.monaco-tribune.com\\\/it\\\/#\\\/schema\\\/person\\\/430d20b322a92cf77ed693c80401a9f1\"},\"headline\":\"Il Roca Team schiaccia il Paris e conserva il titolo di campione di Francia\",\"datePublished\":\"2024-06-13T16:10:02+00:00\",\"dateModified\":\"2024-06-13T16:10:07+00:00\",\"mainEntityOfPage\":{\"@id\":\"https:\\\/\\\/www.monaco-tribune.com\\\/it\\\/2024\\\/06\\\/il-roca-team-schiaccia-il-paris-e-conserva-il-titolo-di-campione-di-francia\\\/\"},\"wordCount\":708,\"publisher\":{\"@id\":\"https:\\\/\\\/www.monaco-tribune.com\\\/it\\\/#organization\"},\"image\":{\"@id\":\"https:\\\/\\\/www.monaco-tribune.com\\\/it\\\/2024\\\/06\\\/il-roca-team-schiaccia-il-paris-e-conserva-il-titolo-di-campione-di-francia\\\/#primaryimage\"},\"thumbnailUrl\":\"https:\\\/\\\/www.monaco-tribune.com\\\/wp-content\\\/uploads\\\/2024\\\/06\\\/las-monaco-basket-est-sacre-champion-de-france-de-betclic-elite-pour-la-deuxieme-annee-consecutive211.png\",\"keywords\":[\"Roca Team\"],\"articleSection\":[\"La nostra scelta\",\"Notizie\",\"Sport\"],\"inLanguage\":\"it-IT\",\"copyrightYear\":\"2024\",\"copyrightHolder\":{\"@id\":\"https:\\\/\\\/www.monaco-tribune.com\\\/#organization\"}},{\"@type\":\"WebPage\",\"@id\":\"https:\\\/\\\/www.monaco-tribune.com\\\/it\\\/2024\\\/06\\\/il-roca-team-schiaccia-il-paris-e-conserva-il-titolo-di-campione-di-francia\\\/\",\"url\":\"https:\\\/\\\/www.monaco-tribune.com\\\/it\\\/2024\\\/06\\\/il-roca-team-schiaccia-il-paris-e-conserva-il-titolo-di-campione-di-francia\\\/\",\"name\":\"Il Roca Team schiaccia il Paris e conserva il titolo di campione di Francia\",\"isPartOf\":{\"@id\":\"https:\\\/\\\/www.monaco-tribune.com\\\/it\\\/#website\"},\"primaryImageOfPage\":{\"@id\":\"https:\\\/\\\/www.monaco-tribune.com\\\/it\\\/2024\\\/06\\\/il-roca-team-schiaccia-il-paris-e-conserva-il-titolo-di-campione-di-francia\\\/#primaryimage\"},\"image\":{\"@id\":\"https:\\\/\\\/www.monaco-tribune.com\\\/it\\\/2024\\\/06\\\/il-roca-team-schiaccia-il-paris-e-conserva-il-titolo-di-campione-di-francia\\\/#primaryimage\"},\"thumbnailUrl\":\"https:\\\/\\\/www.monaco-tribune.com\\\/wp-content\\\/uploads\\\/2024\\\/06\\\/las-monaco-basket-est-sacre-champion-de-france-de-betclic-elite-pour-la-deuxieme-annee-consecutive211.png\",\"datePublished\":\"2024-06-13T16:10:02+00:00\",\"dateModified\":\"2024-06-13T16:10:07+00:00\",\"description\":\"Mercoled\u00ec 12 giugno, all'Adidas Arena, i monegaschi hanno battuto il finalista Paris Basket per 76-115 in gara 4 della grande finale. Il Roca Team si \u00e8\",\"breadcrumb\":{\"@id\":\"https:\\\/\\\/www.monaco-tribune.com\\\/it\\\/2024\\\/06\\\/il-roca-team-schiaccia-il-paris-e-conserva-il-titolo-di-campione-di-francia\\\/#breadcrumb\"},\"inLanguage\":\"it-IT\",\"potentialAction\":[{\"@type\":\"ReadAction\",\"target\":[\"https:\\\/\\\/www.monaco-tribune.com\\\/it\\\/2024\\\/06\\\/il-roca-team-schiaccia-il-paris-e-conserva-il-titolo-di-campione-di-francia\\\/\"]}]},{\"@type\":\"ImageObject\",\"inLanguage\":\"it-IT\",\"@id\":\"https:\\\/\\\/www.monaco-tribune.com\\\/it\\\/2024\\\/06\\\/il-roca-team-schiaccia-il-paris-e-conserva-il-titolo-di-campione-di-francia\\\/#primaryimage\",\"url\":\"https:\\\/\\\/www.monaco-tribune.com\\\/wp-content\\\/uploads\\\/2024\\\/06\\\/las-monaco-basket-est-sacre-champion-de-france-de-betclic-elite-pour-la-deuxieme-annee-consecutive211.png\",\"contentUrl\":\"https:\\\/\\\/www.monaco-tribune.com\\\/wp-content\\\/uploads\\\/2024\\\/06\\\/las-monaco-basket-est-sacre-champion-de-france-de-betclic-elite-pour-la-deuxieme-annee-consecutive211.png\",\"width\":1200,\"height\":800,\"caption\":\"L'AS Monaco Basket \u00e8 campione di Francia Betclic Elite per il secondo anno consecutivo \u00a9 AS Monaco Basket\"},{\"@type\":\"BreadcrumbList\",\"@id\":\"https:\\\/\\\/www.monaco-tribune.com\\\/it\\\/2024\\\/06\\\/il-roca-team-schiaccia-il-paris-e-conserva-il-titolo-di-campione-di-francia\\\/#breadcrumb\",\"itemListElement\":[{\"@type\":\"ListItem\",\"position\":1,\"name\":\"Accueil\",\"item\":\"https:\\\/\\\/www.monaco-tribune.com\\\/it\\\/\"},{\"@type\":\"ListItem\",\"position\":2,\"name\":\"Il Roca Team schiaccia il Paris e conserva il titolo di campione di Francia\"}]},{\"@type\":\"WebSite\",\"@id\":\"https:\\\/\\\/www.monaco-tribune.com\\\/it\\\/#website\",\"url\":\"https:\\\/\\\/www.monaco-tribune.com\\\/it\\\/\",\"name\":\"Monaco Tribune\",\"description\":\"Monaco : actualit\u00e9s \u00e9conomiques, politiques, culturelles et sportives de Monaco et de la French Riviera.\",\"publisher\":{\"@id\":\"https:\\\/\\\/www.monaco-tribune.com\\\/it\\\/#organization\"},\"potentialAction\":[{\"@type\":\"SearchAction\",\"target\":{\"@type\":\"EntryPoint\",\"urlTemplate\":\"https:\\\/\\\/www.monaco-tribune.com\\\/it\\\/?s={search_term_string}\"},\"query-input\":{\"@type\":\"PropertyValueSpecification\",\"valueRequired\":true,\"valueName\":\"search_term_string\"}}],\"inLanguage\":\"it-IT\"},{\"@type\":\"Organization\",\"@id\":\"https:\\\/\\\/www.monaco-tribune.com\\\/it\\\/#organization\",\"name\":\"Monaco Tribune\",\"url\":\"https:\\\/\\\/www.monaco-tribune.com\\\/it\\\/\",\"logo\":{\"@type\":\"ImageObject\",\"inLanguage\":\"it-IT\",\"@id\":\"https:\\\/\\\/www.monaco-tribune.com\\\/it\\\/#\\\/schema\\\/logo\\\/image\\\/\",\"url\":\"https:\\\/\\\/www.monaco-tribune.com\\\/wp-content\\\/uploads\\\/2022\\\/11\\\/logo-monaco-tribune.png\",\"contentUrl\":\"https:\\\/\\\/www.monaco-tribune.com\\\/wp-content\\\/uploads\\\/2022\\\/11\\\/logo-monaco-tribune.png\",\"width\":1548,\"height\":600,\"caption\":\"Monaco Tribune\"},\"image\":{\"@id\":\"https:\\\/\\\/www.monaco-tribune.com\\\/it\\\/#\\\/schema\\\/logo\\\/image\\\/\"},\"sameAs\":[\"https:\\\/\\\/www.facebook.com\\\/MonacoTribune\",\"https:\\\/\\\/x.com\\\/MonacoTribune\",\"https:\\\/\\\/www.instagram.com\\\/monacotribune\\\/\",\"https:\\\/\\\/www.linkedin.com\\\/company\\\/monaco-tribune\",\"https:\\\/\\\/www.youtube.com\\\/channel\\\/UCHle1MnG6hw1y4lWKijVbMA\"]},{\"@type\":\"Person\",\"@id\":\"https:\\\/\\\/www.monaco-tribune.com\\\/it\\\/#\\\/schema\\\/person\\\/430d20b322a92cf77ed693c80401a9f1\",\"name\":\"Killian Masurier\",\"image\":{\"@type\":\"ImageObject\",\"inLanguage\":\"it-IT\",\"@id\":\"https:\\\/\\\/secure.gravatar.com\\\/avatar\\\/2b945dc7d96e6fec85032621c16cd3de6e31a754758f25fdb5adce4ef6696a8e?s=96&d=mm&r=g\",\"url\":\"https:\\\/\\\/secure.gravatar.com\\\/avatar\\\/2b945dc7d96e6fec85032621c16cd3de6e31a754758f25fdb5adce4ef6696a8e?s=96&d=mm&r=g\",\"contentUrl\":\"https:\\\/\\\/secure.gravatar.com\\\/avatar\\\/2b945dc7d96e6fec85032621c16cd3de6e31a754758f25fdb5adce4ef6696a8e?s=96&d=mm&r=g\",\"caption\":\"Killian Masurier\"},\"url\":\"https:\\\/\\\/www.monaco-tribune.com\\\/it\\\/author\\\/killianmasurier\\\/\"}]}<\/script>\n<!-- \/ Yoast SEO Premium plugin. -->","yoast_head_json":{"title":"Il Roca Team schiaccia il Paris e conserva il titolo di campione di Francia","description":"Mercoled\u00ec 12 giugno, all'Adidas Arena, i monegaschi hanno battuto il finalista Paris Basket per 76-115 in gara 4 della grande finale. Il Roca Team si \u00e8","robots":{"index":"index","follow":"follow","max-snippet":"max-snippet:-1","max-image-preview":"max-image-preview:large","max-video-preview":"max-video-preview:-1"},"canonical":"https:\/\/www.monaco-tribune.com\/it\/2024\/06\/il-roca-team-schiaccia-il-paris-e-conserva-il-titolo-di-campione-di-francia\/","og_locale":"it_IT","og_type":"article","og_title":"Il Roca Team schiaccia il Paris e conserva il titolo di campione di Francia - Monaco Tribune","og_description":"Mercoled\u00ec 12 giugno, all'Adidas Arena, i monegaschi hanno battuto il finalista Paris Basket per 76-115 in gara 4 della grande finale. Il Roca Team si \u00e8","og_url":"https:\/\/www.monaco-tribune.com\/it\/2024\/06\/il-roca-team-schiaccia-il-paris-e-conserva-il-titolo-di-campione-di-francia\/","og_site_name":"Monaco Tribune","article_publisher":"https:\/\/www.facebook.com\/MonacoTribune","article_published_time":"2024-06-13T16:10:02+00:00","article_modified_time":"2024-06-13T16:10:07+00:00","og_image":[{"width":1200,"height":800,"url":"https:\/\/www.monaco-tribune.com\/wp-content\/uploads\/2024\/06\/las-monaco-basket-est-sacre-champion-de-france-de-betclic-elite-pour-la-deuxieme-annee-consecutive211.png","type":"image\/png"}],"author":"Killian Masurier","twitter_card":"summary_large_image","twitter_creator":"@MonacoTribune","twitter_site":"@MonacoTribune","schema":{"@context":"https:\/\/schema.org","@graph":[{"@type":"NewsArticle","@id":"https:\/\/www.monaco-tribune.com\/it\/2024\/06\/il-roca-team-schiaccia-il-paris-e-conserva-il-titolo-di-campione-di-francia\/#article","isPartOf":{"@id":"https:\/\/www.monaco-tribune.com\/it\/2024\/06\/il-roca-team-schiaccia-il-paris-e-conserva-il-titolo-di-campione-di-francia\/"},"author":{"name":"Killian Masurier","@id":"https:\/\/www.monaco-tribune.com\/it\/#\/schema\/person\/430d20b322a92cf77ed693c80401a9f1"},"headline":"Il Roca Team schiaccia il Paris e conserva il titolo di campione di Francia","datePublished":"2024-06-13T16:10:02+00:00","dateModified":"2024-06-13T16:10:07+00:00","mainEntityOfPage":{"@id":"https:\/\/www.monaco-tribune.com\/it\/2024\/06\/il-roca-team-schiaccia-il-paris-e-conserva-il-titolo-di-campione-di-francia\/"},"wordCount":708,"publisher":{"@id":"https:\/\/www.monaco-tribune.com\/it\/#organization"},"image":{"@id":"https:\/\/www.monaco-tribune.com\/it\/2024\/06\/il-roca-team-schiaccia-il-paris-e-conserva-il-titolo-di-campione-di-francia\/#primaryimage"},"thumbnailUrl":"https:\/\/www.monaco-tribune.com\/wp-content\/uploads\/2024\/06\/las-monaco-basket-est-sacre-champion-de-france-de-betclic-elite-pour-la-deuxieme-annee-consecutive211.png","keywords":["Roca Team"],"articleSection":["La nostra scelta","Notizie","Sport"],"inLanguage":"it-IT","copyrightYear":"2024","copyrightHolder":{"@id":"https:\/\/www.monaco-tribune.com\/#organization"}},{"@type":"WebPage","@id":"https:\/\/www.monaco-tribune.com\/it\/2024\/06\/il-roca-team-schiaccia-il-paris-e-conserva-il-titolo-di-campione-di-francia\/","url":"https:\/\/www.monaco-tribune.com\/it\/2024\/06\/il-roca-team-schiaccia-il-paris-e-conserva-il-titolo-di-campione-di-francia\/","name":"Il Roca Team schiaccia il Paris e conserva il titolo di campione di Francia","isPartOf":{"@id":"https:\/\/www.monaco-tribune.com\/it\/#website"},"primaryImageOfPage":{"@id":"https:\/\/www.monaco-tribune.com\/it\/2024\/06\/il-roca-team-schiaccia-il-paris-e-conserva-il-titolo-di-campione-di-francia\/#primaryimage"},"image":{"@id":"https:\/\/www.monaco-tribune.com\/it\/2024\/06\/il-roca-team-schiaccia-il-paris-e-conserva-il-titolo-di-campione-di-francia\/#primaryimage"},"thumbnailUrl":"https:\/\/www.monaco-tribune.com\/wp-content\/uploads\/2024\/06\/las-monaco-basket-est-sacre-champion-de-france-de-betclic-elite-pour-la-deuxieme-annee-consecutive211.png","datePublished":"2024-06-13T16:10:02+00:00","dateModified":"2024-06-13T16:10:07+00:00","description":"Mercoled\u00ec 12 giugno, all'Adidas Arena, i monegaschi hanno battuto il finalista Paris Basket per 76-115 in gara 4 della grande finale. Il Roca Team si \u00e8","breadcrumb":{"@id":"https:\/\/www.monaco-tribune.com\/it\/2024\/06\/il-roca-team-schiaccia-il-paris-e-conserva-il-titolo-di-campione-di-francia\/#breadcrumb"},"inLanguage":"it-IT","potentialAction":[{"@type":"ReadAction","target":["https:\/\/www.monaco-tribune.com\/it\/2024\/06\/il-roca-team-schiaccia-il-paris-e-conserva-il-titolo-di-campione-di-francia\/"]}]},{"@type":"ImageObject","inLanguage":"it-IT","@id":"https:\/\/www.monaco-tribune.com\/it\/2024\/06\/il-roca-team-schiaccia-il-paris-e-conserva-il-titolo-di-campione-di-francia\/#primaryimage","url":"https:\/\/www.monaco-tribune.com\/wp-content\/uploads\/2024\/06\/las-monaco-basket-est-sacre-champion-de-france-de-betclic-elite-pour-la-deuxieme-annee-consecutive211.png","contentUrl":"https:\/\/www.monaco-tribune.com\/wp-content\/uploads\/2024\/06\/las-monaco-basket-est-sacre-champion-de-france-de-betclic-elite-pour-la-deuxieme-annee-consecutive211.png","width":1200,"height":800,"caption":"L'AS Monaco Basket \u00e8 campione di Francia Betclic Elite per il secondo anno consecutivo \u00a9 AS Monaco Basket"},{"@type":"BreadcrumbList","@id":"https:\/\/www.monaco-tribune.com\/it\/2024\/06\/il-roca-team-schiaccia-il-paris-e-conserva-il-titolo-di-campione-di-francia\/#breadcrumb","itemListElement":[{"@type":"ListItem","position":1,"name":"Accueil","item":"https:\/\/www.monaco-tribune.com\/it\/"},{"@type":"ListItem","position":2,"name":"Il Roca Team schiaccia il Paris e conserva il titolo di campione di Francia"}]},{"@type":"WebSite","@id":"https:\/\/www.monaco-tribune.com\/it\/#website","url":"https:\/\/www.monaco-tribune.com\/it\/","name":"Monaco Tribune","description":"Monaco : actualit\u00e9s \u00e9conomiques, politiques, culturelles et sportives de Monaco et de la French Riviera.","publisher":{"@id":"https:\/\/www.monaco-tribune.com\/it\/#organization"},"potentialAction":[{"@type":"SearchAction","target":{"@type":"EntryPoint","urlTemplate":"https:\/\/www.monaco-tribune.com\/it\/?s={search_term_string}"},"query-input":{"@type":"PropertyValueSpecification","valueRequired":true,"valueName":"search_term_string"}}],"inLanguage":"it-IT"},{"@type":"Organization","@id":"https:\/\/www.monaco-tribune.com\/it\/#organization","name":"Monaco Tribune","url":"https:\/\/www.monaco-tribune.com\/it\/","logo":{"@type":"ImageObject","inLanguage":"it-IT","@id":"https:\/\/www.monaco-tribune.com\/it\/#\/schema\/logo\/image\/","url":"https:\/\/www.monaco-tribune.com\/wp-content\/uploads\/2022\/11\/logo-monaco-tribune.png","contentUrl":"https:\/\/www.monaco-tribune.com\/wp-content\/uploads\/2022\/11\/logo-monaco-tribune.png","width":1548,"height":600,"caption":"Monaco Tribune"},"image":{"@id":"https:\/\/www.monaco-tribune.com\/it\/#\/schema\/logo\/image\/"},"sameAs":["https:\/\/www.facebook.com\/MonacoTribune","https:\/\/x.com\/MonacoTribune","https:\/\/www.instagram.com\/monacotribune\/","https:\/\/www.linkedin.com\/company\/monaco-tribune","https:\/\/www.youtube.com\/channel\/UCHle1MnG6hw1y4lWKijVbMA"]},{"@type":"Person","@id":"https:\/\/www.monaco-tribune.com\/it\/#\/schema\/person\/430d20b322a92cf77ed693c80401a9f1","name":"Killian Masurier","image":{"@type":"ImageObject","inLanguage":"it-IT","@id":"https:\/\/secure.gravatar.com\/avatar\/2b945dc7d96e6fec85032621c16cd3de6e31a754758f25fdb5adce4ef6696a8e?s=96&d=mm&r=g","url":"https:\/\/secure.gravatar.com\/avatar\/2b945dc7d96e6fec85032621c16cd3de6e31a754758f25fdb5adce4ef6696a8e?s=96&d=mm&r=g","contentUrl":"https:\/\/secure.gravatar.com\/avatar\/2b945dc7d96e6fec85032621c16cd3de6e31a754758f25fdb5adce4ef6696a8e?s=96&d=mm&r=g","caption":"Killian Masurier"},"url":"https:\/\/www.monaco-tribune.com\/it\/author\/killianmasurier\/"}]}},"_links":{"self":[{"href":"https:\/\/www.monaco-tribune.com\/it\/wp-json\/wp\/v2\/posts\/237494","targetHints":{"allow":["GET"]}}],"collection":[{"href":"https:\/\/www.monaco-tribune.com\/it\/wp-json\/wp\/v2\/posts"}],"about":[{"href":"https:\/\/www.monaco-tribune.com\/it\/wp-json\/wp\/v2\/types\/post"}],"author":[{"embeddable":true,"href":"https:\/\/www.monaco-tribune.com\/it\/wp-json\/wp\/v2\/users\/76"}],"replies":[{"embeddable":true,"href":"https:\/\/www.monaco-tribune.com\/it\/wp-json\/wp\/v2\/comments?post=237494"}],"version-history":[{"count":2,"href":"https:\/\/www.monaco-tribune.com\/it\/wp-json\/wp\/v2\/posts\/237494\/revisions"}],"predecessor-version":[{"id":237497,"href":"https:\/\/www.monaco-tribune.com\/it\/wp-json\/wp\/v2\/posts\/237494\/revisions\/237497"}],"wp:featuredmedia":[{"embeddable":true,"href":"https:\/\/www.monaco-tribune.com\/it\/wp-json\/wp\/v2\/media\/237103"}],"wp:attachment":[{"href":"https:\/\/www.monaco-tribune.com\/it\/wp-json\/wp\/v2\/media?parent=237494"}],"wp:term":[{"taxonomy":"category","embeddable":true,"href":"https:\/\/www.monaco-tribune.com\/it\/wp-json\/wp\/v2\/categories?post=237494"},{"taxonomy":"post_tag","embeddable":true,"href":"https:\/\/www.monaco-tribune.com\/it\/wp-json\/wp\/v2\/tags?post=237494"},{"taxonomy":"sectag","embeddable":true,"href":"https:\/\/www.monaco-tribune.com\/it\/wp-json\/wp\/v2\/post_sectags?post=237494"},{"taxonomy":"format","embeddable":true,"href":"https:\/\/www.monaco-tribune.com\/it\/wp-json\/wp\/v2\/post_format?post=237494"}],"curies":[{"name":"wp","href":"https:\/\/api.w.org\/{rel}","templated":true}]}}