{"id":238206,"date":"2024-06-18T18:51:05","date_gmt":"2024-06-18T16:51:05","guid":{"rendered":"https:\/\/www.monaco-tribune.com\/2024\/06\/sir-stelios-haji-ioannou-una-storia-monegasca-tra-imprenditoria-e-filantropia\/"},"modified":"2024-06-18T18:52:17","modified_gmt":"2024-06-18T16:52:17","slug":"sir-stelios-haji-ioannou-una-storia-monegasca-tra-imprenditoria-e-filantropia","status":"publish","type":"post","link":"https:\/\/www.monaco-tribune.com\/it\/2024\/06\/sir-stelios-haji-ioannou-una-storia-monegasca-tra-imprenditoria-e-filantropia\/","title":{"rendered":"Sir Stelios Haji-Ioannou: una storia monegasca tra imprenditoria e filantropia"},"content":{"rendered":"\n<p><strong>Avr\u00e0 anche lasciato il timone della compagnia aerea, ma il fondatore di easyJet continua a gestire dal Principato un impero tentacolare e a difendere il suo marchio nato da un\u2019idea di marketing geniale.<\/strong><\/p>\n\n\n\n<p>Molto impegnato a Monaco, <a href=\"https:\/\/www.monaco-tribune.com\/it\/tag\/sir-stelios-it\/\">Sir Stelios Haji-Ioannou<\/a> dedica gran parte del suo tempo alle iniziative di beneficenza della sua Fondazione, alla quale, alla sua morte, ha promesso di donare gran parte del suo patrimonio.<\/p>\n\n\n<div class=\"wp-block-image\">\n<figure class=\"aligncenter size-full\"><img loading=\"lazy\" decoding=\"async\" width=\"800\" height=\"533\" src=\"https:\/\/www.monaco-tribune.com\/wp-content\/uploads\/2022\/12\/sir-stelios-foundation.jpeg\" alt=\"Sir Stelios Foundation\" class=\"wp-image-155491\" srcset=\"https:\/\/www.monaco-tribune.com\/wp-content\/uploads\/2022\/12\/sir-stelios-foundation.jpeg 800w, https:\/\/www.monaco-tribune.com\/wp-content\/uploads\/2022\/12\/sir-stelios-foundation-450x300.jpeg 450w\" sizes=\"auto, (max-width: 800px) 100vw, 800px\" \/><figcaption class=\"wp-element-caption\"><em>Sir Stelios Haji-Ioannou &#8211; Foto DR<\/em><\/figcaption><\/figure>\n<\/div>\n\n\n<p class=\"related\"><a href=\"https:\/\/www.monaco-tribune.com\/it\/2023\/12\/sir-stelios-haji-ioannou-e-la-battaglia-contro-i-marchi-che-utilizzano-la-parola-easy\/\">Sir Stelios Haji-Ioannou e la battaglia contro i marchi che utilizzano la parola \u201ceasy\u201d<\/a><\/p>\n\n\n\n<p>\u00c8 una mattina del marzo 2023 e al Port Hercule di Monaco si avverte un insolito senso di irrequietezza. Un pennacchio di fumo si alza sull&#8217;acqua. Gli spettatori si affollano incuriositi e alcuni tirano fuori i telefoni per filmare la scena.<\/p>\n\n\n\n<p>Diverse autopompe si precipitano sulla banchina a sirene spiegate. I pompieri salgono in fretta su uno yacht di cinquanta metri ormeggiato nel porto monegasco. Diverse &#8220;vittime&#8221; dell&#8217;incendio vengono evacuate.<\/p>\n\n\n\n<p>La tensione si attenua. <a href=\"https:\/\/www.monaco-tribune.com\/2023\/03\/un-exercice-anti-incendie-sest-tenu-a-monaco\/\">L&#8217;esercitazione antincendio volge al termine.<\/a> Un allenamento di routine per i vigili del fuoco monegaschi, che forse da questa giornata conserveranno un ricordo diverso dal solito: quello di essere saliti a bordo del <em>Fly me to the moon<\/em>, lo yacht di lusso prestato per l&#8217;occasione da un residente monegasco fuori dal comune: Sir Stelios Haji-Ioannou.<\/p>\n\n\n<div class=\"wp-block-image\">\n<figure class=\"aligncenter size-large\"><img loading=\"lazy\" decoding=\"async\" width=\"1200\" height=\"674\" src=\"https:\/\/www.monaco-tribune.com\/wp-content\/uploads\/2023\/03\/sapeurs-pompiers-exercice-anti-incendie-port-de-monaco-compressed-e1678185111767.jpg\" alt=\"I vigili del fuoco di Monaco si mobilitano per domare l'incendio a bordo dello yacht di Sir Stelios \u00a9 Monaco Info via Facebook\" class=\"wp-image-166373\" srcset=\"https:\/\/www.monaco-tribune.com\/wp-content\/uploads\/2023\/03\/sapeurs-pompiers-exercice-anti-incendie-port-de-monaco-compressed-e1678185111767.jpg 1200w, https:\/\/www.monaco-tribune.com\/wp-content\/uploads\/2023\/03\/sapeurs-pompiers-exercice-anti-incendie-port-de-monaco-compressed-e1678185111767-534x300.jpg 534w, https:\/\/www.monaco-tribune.com\/wp-content\/uploads\/2023\/03\/sapeurs-pompiers-exercice-anti-incendie-port-de-monaco-compressed-e1678185111767-1024x575.jpg 1024w\" sizes=\"auto, (max-width: 1200px) 100vw, 1200px\" \/><figcaption class=\"wp-element-caption\"><em>I vigili del fuoco di Monaco si mobilitano per domare l&#8217;incendio a bordo dello yacht di Sir Stelios \u00a9 Monaco Info via Facebook<\/em><\/figcaption><\/figure>\n<\/div>\n\n\n<p>Se c\u2019\u00e8 una cosa che non manca nel porto di Monaco sono proprio gli yacht, e il fatto che quello di Sir Stelios Haji-Ioannou sia stato scelto dai vigili del fuoco di Monaco per perfezionare il loro addestramento la dice lunga sul posto che l&#8217;imprenditore di origine cipriota occupa nel Principato. Un posto molto speciale, a met\u00e0 strada tra un successo imprenditoriale incredibile e la filantropia a tutto tondo.<\/p>\n\n\n\n<p>Riuscire a ottenere il massimo per dare tanto alla societ\u00e0: questo potrebbe essere a buon ragione il motto di Sir Stelios. Dalle coste di Cipro alle cene di beneficenza di Monaco, passando per le piste degli aeroporti di tutta Europa, ripercorriamo il percorso di un residente monegasco che ha fatto del Principato un vero e proprio &#8220;hub&#8221; da cui diffondere il suo successo e la sua generosit\u00e0 oltre i confini nazionali.<\/p>\n\n\n<h2><strong>easyGroup, 30 anni di successo di <em>\u201cbrand value\u201d<\/em><\/strong><\/h2>\n\n\n<p><span lang=\"IT\" style=\"color: black;\">\u00c8 impossibile parlare di Sir Stelios Haji-Ioannou senza citare easyJet.<em> Alla <\/em>fine degli anni &#8217;90, l\u2019imprenditore ha lanciato una delle prime compagnie aeree <em>low-cost<\/em>, rivoluzionando definitivamente il settore del trasporto aereo. Ma \u00e8 altrettanto impossibile limitare il successo dell&#8217;imprenditore solo a questo evento. Dal 2010, infatti, Stelios Haji-Ioannou <\/span><span lang=\"IT\"><a href=\"https:\/\/www.monaco-tribune.com\/it\/2021\/10\/easyjet-perche-sir-stelios-haji-ioannou-si-sta-progressivamente-ritirando\/\">si \u00e8 gradualmente ritirato<\/a><span style=\"color: black;\"> dalla gestione di easyJet, pur rimanendo uno dei principali azionisti dell\u2019azienda con una quota del 15%.<\/span><\/span><\/p>\n\n\n\n<p class=\"related\"><span lang=\"IT\"><a href=\"https:\/\/www.monaco-tribune.com\/it\/2023\/11\/sir-stelios-haji-ioannou-la-sua-fondazione-e-la-comunita-ellenica-di-monaco-hanno-raccolto-una-bella-somma-a-sostegno-della-grecia\/\">Sir Stelios Haji-Ioannou, la sua Fondazione e la Comunit\u00e0 ellenica di Monaco hanno raccolto una bella somma a sostegno della Grecia<\/a><\/span><\/p>\n\n\n\n<p><span lang=\"IT\" style=\"color: black;\">Tra il Covid-19, la Brexit e qualche disaccordo interno, l&#8217;azienda ha recentemente attraversato qualche turbolenza che ha avuto ripercussioni sulla massa salariale e sulla quotazione in borsa. Inoltre, dopo un lungo braccio di ferro con la dirigenza, nel 2022 Stelios Haji-Ioannou <\/span><span lang=\"IT\"><a href=\"https:\/\/www.monaco-tribune.com\/it\/2022\/08\/sir-stelios-sotterra-lascia-di-guerra-fine-della-battaglia-contro-la-dirigenza-di-easyjet\/\">ha finalmente dato<\/a><span style=\"color: black;\"> il suo appoggio per l&#8217;acquisto di quasi sessanta nuovi Airbus.<\/span><\/span><\/p>\n\n\n<div class=\"wp-block-image\">\n<figure class=\"aligncenter size-large\"><img loading=\"lazy\" decoding=\"async\" width=\"1024\" height=\"701\" src=\"https:\/\/www.monaco-tribune.com\/wp-content\/uploads\/2022\/11\/easyjet-10-ans-aeroport-nice-cote-dazur-1024x701.jpeg\" alt=\"easyjet-10-ans-aeroport-nice-cote-d'azur\" class=\"wp-image-149186\" srcset=\"https:\/\/www.monaco-tribune.com\/wp-content\/uploads\/2022\/11\/easyjet-10-ans-aeroport-nice-cote-dazur-1024x701.jpeg 1024w, https:\/\/www.monaco-tribune.com\/wp-content\/uploads\/2022\/11\/easyjet-10-ans-aeroport-nice-cote-dazur-438x300.jpeg 438w, https:\/\/www.monaco-tribune.com\/wp-content\/uploads\/2022\/11\/easyjet-10-ans-aeroport-nice-cote-dazur.jpeg 1052w\" sizes=\"auto, (max-width: 1024px) 100vw, 1024px\" \/><figcaption class=\"wp-element-caption\"><em>easyJet ha festeggiato il suo 10\u00b0 anniversario all&#8217;aeroporto di Nizza nel 2022 &#8211; \u00a9 easyJet<\/em><\/figcaption><\/figure>\n<\/div>\n\n\n<p><span lang=\"IT\" style=\"color: black;\">Per il residente monegasco, la questione non sembra pi\u00f9 essere fondamentale. Nonostante easyJet sia, e rimarr\u00e0, la &#8220;sua&#8221; creatura, \u00e8 la &#8220;<em>famiglia easy<\/em>&#8221; ora a essere al centro delle attenzioni dell\u2019imprenditore.<\/span><\/p>\n\n\n\n<p>Un vero e proprio impero, fondato trent\u2019anni fa attorno al marchio easy, che oggi conta pi\u00f9 di mille marchi registrati: easyJet, naturalmente, ma anche easyHotel, easyCar, easyMoney, easyStorage, easyBus, easyFly, easyHub, easyProperty, easyCoffee, easyGym, easyFerry, easyStorage, easyTech, easyKiosk, easyInsure, easyCinema, easyCruise, easyRentacar, easyInternetcafe, easyContainer, easyTruck, easyFood, easyMusic, easyTelecom, easyTravel, easyMobile, easyJobs, easyGaming, easyWatch, easyTaxi, easyVan, easyAir, easyFootball, easyTrain, easyCurrency, easyCoach, easyEnergy, easyDogwalker, easyParking, easyArt, easyMortgage e molti altri.<\/p>\n\n\n\n<figure class=\"wp-block-embed aligncenter is-type-video is-provider-youtube wp-block-embed-youtube wp-embed-aspect-16-9 wp-has-aspect-ratio\"><div class=\"wp-block-embed__wrapper\">\n<iframe title=\"easyHistory 5th Edition - The easy family of brands video 2024\" width=\"500\" height=\"281\" src=\"https:\/\/www.youtube.com\/embed\/6wqHjEAbH3M?feature=oembed\" frameborder=\"0\" allow=\"accelerometer; autoplay; clipboard-write; encrypted-media; gyroscope; picture-in-picture; web-share\" referrerpolicy=\"strict-origin-when-cross-origin\" allowfullscreen><\/iframe>\n<\/div><\/figure>\n\n\n\n<p><span lang=\"IT\" style=\"color: black;\">Tanto semplice quanto efficace, il <em>business model <\/em>di easyGroup si basa sulle entrate derivanti dalla concessione in licenza del marchio easy a un&#8217;ampia selezione di aziende. Ad esempio, easyGroup percepisce lo 0,25% del prezzo di ogni biglietto aereo acquistato su easyJet.com.<\/span><\/p>\n\n\n\n<p><span lang=\"IT\" style=\"color: black;\">Questo modello di <em>brand value <\/em>si \u00e8 quasi sempre rivelato un successo per il nostro \u201cimprenditore seriale\u201d, che all&#8217;inizio dell&#8217;anno ha festeggiato il 30\u00b0 anniversario di easyGroup e ora \u00e8 alle prese con l\u2019organizzazione <\/span><span lang=\"IT\"><a href=\"https:\/\/www.monaco-tribune.com\/2024\/05\/sir-stelios-haji-ioannou-organise-a-monaco-sa-reunion-annuelle-easyfamily\/\">dell&#8217;incontro annuale della \u201ceasy Family\u201d a Monaco<\/a><span style=\"color: black;\">.<\/span><\/span><\/p>\n\n\n\n<p><em><span lang=\"IT\" style=\"color: black;\">&#8220;La migliore idea che abbia mai avuto \u00e8 stata quella di lanciare una compagnia aerea low-cost<\/span><\/em><span lang=\"IT\" style=\"color: black;\">&#8220;, <\/span><span lang=\"IT\"><a href=\"https:\/\/www.monaco-tribune.com\/it\/2023\/01\/le-origini-la-famiglia-la-fondazione-sir-stelios-si-racconta-in-uninteressante-intervista\/\">ammette<\/a><span style=\"color: black;\"> senza esitazioni Sir Stelios: &#8220;<em>la seconda migliore idea \u00e8 stata quella di conservare il nome &#8216;easy&#8217; per la mia azienda privata, cos\u00ec ho potuto estendere il marchio e mantenere la propriet\u00e0 del nome<\/em>&#8220;.<\/span><\/span><\/p>\n\n\n\n<p>Un nome che, unito alla pi\u00f9 che celebre identit\u00e0 visiva bianca e arancione, oggi vale una piccola fortuna. E, non a caso, suscita l\u2019invidia di molti.<\/p>\n\n\n<div class=\"wp-block-image\">\n<figure class=\"aligncenter size-full\"><img loading=\"lazy\" decoding=\"async\" width=\"900\" height=\"675\" src=\"https:\/\/www.monaco-tribune.com\/wp-content\/uploads\/2024\/05\/2024-05-18-efob-terrace.webp\" alt=\"\" class=\"wp-image-233825\" srcset=\"https:\/\/www.monaco-tribune.com\/wp-content\/uploads\/2024\/05\/2024-05-18-efob-terrace.webp 900w, https:\/\/www.monaco-tribune.com\/wp-content\/uploads\/2024\/05\/2024-05-18-efob-terrace-400x300.webp 400w\" sizes=\"auto, (max-width: 900px) 100vw, 900px\" \/><figcaption class=\"wp-element-caption\"><em>I membri della famiglia easyGroup riuniti a Monaco nel 2024 \u00a9 easyGroup<\/em><\/figcaption><\/figure>\n<\/div>\n\n\n<h2 class=\"wp-block-heading\" id=\"h-easy-un-marchio-difeso-a-spada-tratta\">easy, un marchio difeso a spada tratta<\/h2>\n\n\n\n<p>Strategia di marketing assolutamente geniale, il marchio easy \u00e8 spesso oggetto di ricorrenti battaglie legali, con Sir Stelios Haji-Ioannou determinato a far rispettare la sua propriet\u00e0 intellettuale e, naturalmente, la sua principale fonte di reddito per la famiglia e le associazioni di beneficenza.<\/p>\n\n\n\n<p><span lang=\"IT\" style=\"color: black;\">Nella sua crociata contro coloro che lui stesso definisce <\/span><span lang=\"IT\"><a href=\"https:\/\/www.monaco-tribune.com\/en\/2024\/03\/brand-reputation-sir-stelios-determined-to-have-his-days-in-court\/\">&#8220;ladri di marchi&#8221;<\/a><span style=\"color: black;\">, l&#8217;uomo d&#8217;affari non esita a intraprendere azioni legali contro chi &#8220;crea confusione&#8221; appropriandosi del nome e della reputazione del lavoro di tutta una vita.<\/span><\/span><\/p>\n\n\n\n<p>Lo scorso dicembre, il fondatore di Easy LiveAuction, un sito di aste online, \u00e8 stato condannato a pagare 180.000 sterline a easyGroup per aver, secondo i tribunali britannici, <a href=\"https:\/\/www.monaco-tribune.com\/2023\/12\/la-justice-britannique-donne-raison-a-sir-stelios-haji-ioannou-face-a-un-voleur-de-marque\/\">&#8220;tratto<\/a> in inganno i consumatori\u201d. In passato, anche Easy Car Credit Limited ha dovuto pagare dopo la denuncia dell&#8217;imprenditore.<\/p>\n\n\n<div class=\"wp-block-image\">\n<figure class=\"aligncenter size-full\"><img loading=\"lazy\" decoding=\"async\" width=\"800\" height=\"500\" src=\"https:\/\/www.monaco-tribune.com\/wp-content\/uploads\/2023\/10\/easygroup-01.jpeg\" alt=\"easygroup-01\" class=\"wp-image-196096\" srcset=\"https:\/\/www.monaco-tribune.com\/wp-content\/uploads\/2023\/10\/easygroup-01.jpeg 800w, https:\/\/www.monaco-tribune.com\/wp-content\/uploads\/2023\/10\/easygroup-01-480x300.jpeg 480w\" sizes=\"auto, (max-width: 800px) 100vw, 800px\" \/><figcaption class=\"wp-element-caption\"><em>easyGroup \u00a9 DR<\/em><\/figcaption><\/figure>\n<\/div>\n\n\n<p><span lang=\"IT\" style=\"color: black;\">Molto legato al suo marchio, Sir Stelios Haji-Ioannou non ha esitato a citare in giudizio anche diversi artisti, come <\/span><span lang=\"IT\"><a href=\"https:\/\/www.monaco-tribune.com\/2023\/10\/easygroup-poursuit-un-groupe-de-musique-en-justice\/\">il gruppo inglese Easy Life<\/a><span style=\"color: black;\"> e il <\/span><a href=\"https:\/\/www.monaco-tribune.com\/it\/2023\/12\/sir-stelios-haji-ioannou-e-la-battaglia-contro-i-marchi-che-utilizzano-la-parola-easy\/\">DJ Easyfun<\/a><span style=\"color: black;\">, per aver danneggiato, anche indirettamente, la sua reputazione.<\/span><\/span><\/p>\n\n\n\n<p><span lang=\"IT\" style=\"color: black;\">Ma perch\u00e9 accanirsi contro questi usurpatori? &#8220;Il furto del marchio \u00e8 vantaggioso&#8221;, spiega il monegasco, &#8220;<em>perch\u00e9 induce deliberatamente i consumatori a credere che l&#8217;azienda faccia parte della famiglia easy, con l&#8217;unico scopo di aumentare le vendite. Non si tratta di un errore innocente, ma di una strategia deliberata per massimizzare i profitti, senza sottoporsi ai controlli di qualit\u00e0 effettuati da easyGroup Ltd e senza pagarle le royalties annuali<\/em>&#8220;.<\/span><\/p>\n\n\n\n<p><span lang=\"IT\" style=\"color: black;\">Il caro imprenditore ci ricorda che &#8220;<em>sono gli sforzi collettivi ed eccezionali dei membri della famiglia easy che hanno trasformato il marchio easy in un&#8217;istituzione degna di fiducia<\/em>&#8220;. Non \u00e8 quindi il caso di lasciare che questa fiducia venga intaccata da qualche individuo scorretto.<\/span><\/p>\n\n\n\n<h2 class=\"wp-block-heading\" id=\"h-un-visionario-che-ha-cambiato-il-mercato-europeo-del-trasporto-aereo\">Un visionario che ha cambiato il mercato europeo del trasporto aereo<\/h2>\n\n\n\n<p>Ci vuole molto tempo per costruire la fiducia, ma basta un istante per distruggerla. Sir Stelios Haji-Ioannou lo sa bene, visto che ha trascorso pi\u00f9 di trent\u2019anni a costruire il suo impero.<\/p>\n\n\n\n<p>Nato nel 1967 ad Atene, il giovane Stelios \u00e8 figlio dell&#8217;armatore greco Loukas Haji-Ioannou. Il padre, un autodidatta di origine cipriota, \u00e8 stato il fondatore della Troodos Shipping, una societ\u00e0 che ha fatto fortuna acquistando vecchie petroliere. Dopo aver studiato alla prestigiosa London School of Economics e aver conseguito un master alla Cass Business School della City University di Londra, Stelios muove i primi passi nel mondo degli affari entrando a far parte dell&#8217;azienda di famiglia.<\/p>\n\n\n\n<p><span lang=\"IT\" style=\"color: black;\">Ma il ragazzo pensava gi\u00e0 in grande e, a soli 25 anni, si mette in proprio e fonda la sua compagnia di navigazione, la Stelmar Tankers. &#8220;<em>Volevo dimostrare di non essere solo un figlio di pap\u00e0<\/em><i>&#8220;,<\/i> <\/span><span lang=\"IT\"><a href=\"https:\/\/www.monaco-tribune.com\/it\/2023\/01\/le-origini-la-famiglia-la-fondazione-sir-stelios-si-racconta-in-uninteressante-intervista\/\">ricorda<\/a><span style=\"color: black;\"> Stelios in un&#8217;intervista rilasciata al <em>Business Post irlandese <\/em>quest&#8217;inverno.<\/span><\/span><\/p>\n\n\n\n<p><em><span lang=\"IT\" style=\"color: black;\">&#8220;Quando avevo vent&#8217;anni&#8221;, <\/span><\/em><span lang=\"IT\" style=\"color: black;\">continua l&#8217;imprenditore,<i> <em>&#8220;volevo creare un marchio che potesse diventare famoso. L&#8217;azienda di famiglia si occupava di trasporto marittimo e, trattandosi di un&#8217;attivit\u00e0 B2B<\/em>, <em>nessuno sapeva cosa facessi per vivere. A soli 20 anni ho fondato la mia prima compagnia di navigazione, la Stelmar Tankers, ma anche quella era un&#8217;attivit\u00e0 B2B e non \u00e8 diventata famosa. Cos\u00ec ho deciso di creare un marchio che fosse conosciuto in tutto il mondo. Era quello che volevo\u201d<\/em>.<\/i><\/span><\/p>\n\n\n\n<p><span lang=\"IT\" style=\"color: black;\">\u00c8 stato durante un viaggio negli Stati Uniti che il giovane Stelios ha avuto l&#8217;intuizione che avrebbe fatto la sua fortuna. Inizia a studiare il modello <em>low-cost <\/em>e decide di attaccare il monopolio delle grandi compagnie aeree nazionali che occupavano incontrastate i cieli europei. Ecco l\u2019idea: offrire &#8220;voli all&#8217;interno della Gran Bretagna allo stesso prezzo di un paio di jeans&#8221;.<\/span><\/p>\n\n\n\n<p>A soli 28 anni, Stelios Haji-Ioannou fonda easyJet. Il concept? Dimezzare le tariffe applicate dalle compagnie aeree tradizionali, riducendo allo stesso tempo i costi operativi dei voli. Sebbene l&#8217;idea fosse rivoluzionaria, ci mise tempo per decollare.<\/p>\n\n\n\n<a id=\"YIkOzRZcQEFfY7Hw-hGMxg\" class=\"gie-single\" href=\"http:\/\/www.gettyimages.com\/detail\/124082233\" target=\"_blank\" style=\"color:#a7a7a7;text-decoration:none;font-weight:normal !important;border:none;display:inline-block;\" rel=\"noopener\">Embed from Getty Images<\/a><script>window.gie=window.gie||function(c){(gie.q=gie.q||[]).push(c)};gie(function(){gie.widgets.load({id:'YIkOzRZcQEFfY7Hw-hGMxg',sig:'9JqpP45yUPHFfPr_hNtUNPB5VJqynZtnDsma6NnY0PM=',w:'594px',h:'391px',items:'124082233',caption: true ,tld:'com',is360: false })});<\/script><script src=\"\/\/embed-cdn.gettyimages.com\/widgets.js\" charset=\"utf-8\" async=\"\"><\/script>\n\n\n\n<p><em><span lang=\"IT\" style=\"color: black;\">&#8220;Non \u00e8 stato sempre facile&#8221;<\/span><\/em><span lang=\"IT\" style=\"color: black;\">, ricorda l&#8217;imprenditore, &#8220;\u00e8<i> <em>stato stressante e rischioso. Non ho dormito molto in quel periodo. Per fortuna \u00e8 andata bene. Ma sono convinto che bisogna sempre tentare e utilizzare le pubbliche relazioni per pubblicizzare una nuova attivit\u00e0. Avviare un&#8217;impresa da soli \u00e8 molto costoso<\/em><\/i>&#8220;.<\/span><\/p>\n\n\n\n<p>Per sconvolgere un mercato allora dominato da colossi internazionali, Stelios pu\u00f2 contare sul suo acuto senso del marketing. Il giovane dirigente non esita cos\u00ec a presentarsi con indosso una tuta &#8220;orange easy&#8221; sul volo inaugurale di una compagnia aerea concorrente&#8230; che ha poi acquistato.<\/p>\n\n\n<h2><em><strong>&#8220;Restituire alla societ\u00e0 tutto quello che mi ha dato<\/strong><\/em><strong><em>&#8220;<\/em><\/strong><\/h2>\n\n\n<p><em><span lang=\"IT\" style=\"color: black;\">Trent&#8217;anni dopo, easyJet trasporta pi\u00f9 di 100 milioni di passeggeri all&#8217;anno e possiede quasi 350 aeromobili che servono una trentina di paesi. Oggi miliardario, Sir Stelios Haji-Ioannou dedica una parte significativa del suo tempo, delle sue energie e della sua ricchezza alla filantropia. \u201cUna delle cose pi\u00f9 gratificanti e soddisfacenti del mio modello di business \u00e8 che mi fornisce un flusso di entrate regolare, che utilizzo per restituire alla societ\u00e0 tutto quello che mi ha dato<\/span><\/em><i><span lang=\"IT\" style=\"color: black;\">&#8220;,<\/span><\/i> <span lang=\"IT\"><a href=\"https:\/\/www.monaco-tribune.com\/2024\/05\/sir-stelios-haji-ioannou-organise-a-monaco-sa-reunion-annuelle-easyfamily\/\">afferma<\/a><span style=\"color: black;\"> il primo residente monegasco ad aver aderito all&#8217;iniziativa <\/span><a href=\"https:\/\/stelios.mc\/fr\/giving-pledge\/\">The Giving Pledge<\/a><span style=\"color: black;\"> di Bill Gates nel 2017, impegnandosi a donare la maggior parte del suo patrimonio in beneficenza.<\/span><\/span><\/p>\n\n\n\n<p><span lang=\"IT\" style=\"color: black;\">Una beneficenza che questo filantropo iperattivo svolge attraverso la Stelios Philanthropic Foundation. Con sede a Monaco, la fondazione sostiene, tra le altre cose, un concorso da 300.000 sterline destinato ai giovani imprenditori britannici: <em>&#8220;attraverso questo concorso, speriamo di trovare e sostenere la prossima storia di successo imprenditoriale&#8221;<\/em><i>,<\/i> <\/span><span lang=\"IT\"><a href=\"https:\/\/www.monaco-tribune.com\/2024\/01\/sir-stelios-lance-un-concours-a-destination-des-jeunes-entrepreneurs\/\">afferma Stelios<\/a><span style=\"color: black;\">, che non ha perso neanche un soffio del suo spirito imprenditoriale.<\/span><\/span><\/p>\n\n\n\n<a id=\"vyes9CZRRyph9juNi8EU4w\" class=\"gie-single\" href=\"http:\/\/www.gettyimages.com\/detail\/102191228\" target=\"_blank\" style=\"color:#a7a7a7;text-decoration:none;font-weight:normal !important;border:none;display:inline-block;\" rel=\"noopener\">Embed from Getty Images<\/a><script>window.gie=window.gie||function(c){(gie.q=gie.q||[]).push(c)};gie(function(){gie.widgets.load({id:'vyes9CZRRyph9juNi8EU4w',sig:'AjJ5q5Ev7dqPCdGx5Q5VEtWFelN-rNFgP2ubeb2UVz8=',w:'594px',h:'392px',items:'102191228',caption: true ,tld:'com',is360: false })});<\/script><script src=\"\/\/embed-cdn.gettyimages.com\/widgets.js\" charset=\"utf-8\" async=\"\"><\/script>\n\n\n\n<p>Con una <a href=\"https:\/\/stelios.mc\/fr\/salle-de-conference\/\">sala conferenze<\/a> aperta alle associazioni e agli eventi culturali (come la recente proiezione di un <a href=\"https:\/\/www.monaco-tribune.com\/en\/2024\/04\/stelios-philanthropic-foundation-to-host-quintessentially-irish-monaco-premiere\/\">film in <\/a><a href=\"https:\/\/www.monaco-tribune.com\/en\/2024\/04\/stelios-philanthropic-foundation-to-host-quintessentially-irish-monaco-premiere\/\">onore del Principe Alberto II<\/a>), la Stelios Philanthropic Foundation opera su tutti i fronti: una <a href=\"https:\/\/www.monaco-tribune.com\/2024\/05\/la-fondation-philanthropique-stelios-fait-un-don-de-640-000-a-lunicef-pour-aider-a-soigner-les-enfants-souffrant-de-malnutrition-a-gaza\/\">donazione di 640.000 sterline all&#8217;UNICEF per curare i bambini malnutriti di Gaza<\/a>; una <a href=\"https:\/\/www.monaco-tribune.com\/it\/2023\/11\/sir-stelios-haji-ioannou-la-sua-fondazione-e-la-comunita-ellenica-di-monaco-hanno-raccolto-una-bella-somma-a-sostegno-della-grecia\/\">donazione, insieme alla Comunit\u00e0 ellenica di Monaco, <\/a><a href=\"https:\/\/www.monaco-tribune.com\/it\/2023\/11\/sir-stelios-haji-ioannou-la-sua-fondazione-e-la-comunita-ellenica-di-monaco-hanno-raccolto-una-bella-somma-a-sostegno-della-grecia\/\">per <\/a><a href=\"https:\/\/www.monaco-tribune.com\/it\/2023\/11\/sir-stelios-haji-ioannou-la-sua-fondazione-e-la-comunita-ellenica-di-monaco-hanno-raccolto-una-bella-somma-a-sostegno-della-grecia\/\">aiutare i<\/a> bisognosi in Grecia; un <a href=\"https:\/\/www.monaco-tribune.com\/2023\/09\/sir-stelios-haji-ioannou-recompense-trois-jeunes-entrepreneurs-chypriotes\/\">concorso rivolto ai giovani imprenditori ciprioti<\/a>; <a href=\"https:\/\/www.monaco-tribune.com\/2022\/05\/la-stelios-philanthropic-foundation-recompense-dix-entreprises\/\">premi per le imprese bi-comunitarie&nbsp; cipriote\/greche per incoraggiare la pace in quest&#8217;isola divisa<\/a>;<a href=\"https:\/\/stelios.foundation\/disabled-entrepreneurs-uk\/\"> un premio di 200.000 sterline per gli imprenditori britannici disabili<\/a>; una <a href=\"https:\/\/www.monaco-tribune.com\/2023\/09\/la-fondation-de-sir-stelios-haji-ioannou-reunit-864-000-euros-pour-le-sanctuaire-pelagos\/\">raccolta, alla presenza del Principe Alberto II, di diverse centinaia di migliaia di euro per la salvaguardia dell&#8217;ambiente nel Mar Mediterraneo<\/a>, ma anche per la Fondazione Principe Alberto II e per il WWF; la <a href=\"https:\/\/stelios.mc\/fr\/news-top-post\/un-grand-merci-a-notre-sponsor-stelios-philanthropic-foundations-pour-les-130-sacs-de-couchage-dete-achetes-a-decathlon-monaco\/\">distribuzione di sacchi <\/a><a href=\"https:\/\/stelios.mc\/fr\/news-top-post\/un-grand-merci-a-notre-sponsor-stelios-philanthropic-foundations-pour-les-130-sacs-de-couchage-dete-achetes-a-decathlon-monaco\/\">a pelo per i senzatetto di Monaco<\/a>; le <a href=\"https:\/\/www.monaco-tribune.com\/2022\/09\/sir-stelios-verse-plus-de-20-000-euros-a-une-association-specialisee-dans-laviation\/\">donazioni all&#8217;associazione Air League<\/a>; un&#8217;<a href=\"https:\/\/monacolife.net\/peace-and-sport-stelios-philanthropic-foundation-celebrate-april6\/\">iniziativa <\/a><a href=\"https:\/\/monacolife.net\/peace-and-sport-stelios-philanthropic-foundation-celebrate-april6\/\">a <\/a><a href=\"https:\/\/monacolife.net\/peace-and-sport-stelios-philanthropic-foundation-celebrate-april6\/\">favore dello sport e della pace<\/a>; e molto altro ancora.<\/p>\n\n\n<div class=\"wp-block-image\">\n<figure class=\"aligncenter size-large\"><img loading=\"lazy\" decoding=\"async\" width=\"1024\" height=\"683\" src=\"https:\/\/www.monaco-tribune.com\/wp-content\/uploads\/2023\/09\/sir-stelios-prince-albert-ii-sanctuaire-pelagos-1024x683.jpg\" alt=\"sir-stelios-prince-albert-ii-sanctuaire-pelagos\" class=\"wp-image-194250\" srcset=\"https:\/\/www.monaco-tribune.com\/wp-content\/uploads\/2023\/09\/sir-stelios-prince-albert-ii-sanctuaire-pelagos-1024x683.jpg 1024w, https:\/\/www.monaco-tribune.com\/wp-content\/uploads\/2023\/09\/sir-stelios-prince-albert-ii-sanctuaire-pelagos-450x300.jpg 450w, https:\/\/www.monaco-tribune.com\/wp-content\/uploads\/2023\/09\/sir-stelios-prince-albert-ii-sanctuaire-pelagos.jpg 1200w\" sizes=\"auto, (max-width: 1024px) 100vw, 1024px\" \/><figcaption class=\"wp-element-caption\"><em>Il Principe Alberto II e la Direttrice Generale di WWF International, Dr. Kirsten Schuijt, con Sir Stelios Haji-Ioannou &#8211; \u00a9 Stelios Philanthropic Foundation<\/em><\/figcaption><\/figure>\n<\/div>\n\n\n<h2 class=\"wp-block-heading\" id=\"h-monaco-nel-cuore\">Monaco nel cuore<\/h2>\n\n\n\n<p><span lang=\"IT\"><a href=\"https:\/\/www.monaco-tribune.com\/2024\/01\/sir-stelios-lance-un-concours-a-destination-des-jeunes-entrepreneurs\/\">Insignito dell<\/a><span style=\"color: black;\">&#8216;Ordine di San Carlo, il pi\u00f9 alto grado del Principato, nel novembre 2023 dal Principe Alberto II in persona, &#8216;Sir&#8217; Stelios deve il suo cavalierato alla Regina Elisabetta II d&#8217;Inghilterra.<\/span><\/span><\/p>\n\n\n<div class=\"wp-block-image\">\n<figure class=\"aligncenter size-full\"><img loading=\"lazy\" decoding=\"async\" width=\"870\" height=\"586\" src=\"https:\/\/www.monaco-tribune.com\/wp-content\/uploads\/2024\/01\/stelios.jpg\" alt=\"Stelios-ordre-saint-charles\" class=\"wp-image-210537\" srcset=\"https:\/\/www.monaco-tribune.com\/wp-content\/uploads\/2024\/01\/stelios.jpg 870w, https:\/\/www.monaco-tribune.com\/wp-content\/uploads\/2024\/01\/stelios-445x300.jpg 445w\" sizes=\"auto, (max-width: 870px) 100vw, 870px\" \/><figcaption class=\"wp-element-caption\"><em>Sir Stelios \u00e8 stato nominato Cavaliere dell&#8217;Ordine di San Carlo dal Sovrano nel 2023 &#8211; DR<\/em><\/figcaption><\/figure>\n<\/div>\n\n\n<p><span lang=\"IT\" style=\"color: black;\">Ma \u00e8 a Monaco, dove vive, che si trova il suo cuore; \u00e8 a Monaco che l\u2019originario di Atene <\/span><span lang=\"IT\"><a href=\"https:\/\/www.monaco-tribune.com\/it\/2024\/03\/migliaia-di-persone-riunite-sotto-il-palazzo-del-principe-per-il-compleanno-del-sovrano\/\">si \u00e8 unito<\/a><span style=\"color: black;\">, lo scorso marzo, alla folla per acclamare il Principe in occasione del suo compleanno; sempre a Monaco \u00e8 entrato a far parte del <\/span><a href=\"https:\/\/www.monaco-tribune.com\/it\/2022\/05\/sir-stelios-vorrebbe-entrare-a-far-parte-del-monaco-economic-board\/\">Monaco Economic Board<\/a><span style=\"color: black;\">. Monaco \u00e8 anche il luogo in cui ha deciso di investire <\/span><a href=\"https:\/\/www.monaco-tribune.com\/it\/2021\/09\/stelios-fondation-il-ricavato-dellultima-mostra-sara-destinato-a-unassocazione\/\">nella cultura locale<\/a><span style=\"color: black;\"> e nei dipendenti dell&#8217;<\/span><a href=\"https:\/\/monacolife.net\/christmas-bonus-for-hospital-workers\/\">Centro Ospedaliero Principessa Grace<\/a><span style=\"color: black;\">, e infine, Monaco \u00e8 il luogo in cui Stelios gestisce il suo impero per poter restituire sempre di pi\u00f9 alle comunit\u00e0 locali e ai paesi che lo hanno accolto.<\/span><\/span><\/p>\n\n\n\n<p><span lang=\"IT\" style=\"color: black;\">Monaco \u00e8 sempre nel cuore, perch\u00e9 &#8220;<em>alcuni problemi sono troppo grandi e troppo lontani (&#8230;). Preferiamo sostenere quei quattro o cinque paesi in cui ho trascorso parte della mia vita<\/em><i>&#8220;,<\/i> <\/span><span lang=\"IT\"><a href=\"https:\/\/www.monaco-tribune.com\/it\/2023\/01\/le-origini-la-famiglia-la-fondazione-sir-stelios-si-racconta-in-uninteressante-intervista\/\">afferma<\/a><span style=\"color: black;\"> colui che spera &#8220;che, donando fondi sufficienti alla mia Fondazione, questa possa continuare a fare del bene a mio nome. Sar\u00e0 questa la mia eredit\u00e0\u201d.<\/span><\/span><\/p>\n","protected":false},"excerpt":{"rendered":"<p>Avr\u00e0 anche lasciato il timone della compagnia aerea, ma il fondatore di easyJet continua a gestire dal Principato un impero [&hellip;]<\/p>\n","protected":false},"author":78,"featured_media":107771,"comment_status":"closed","ping_status":"closed","sticky":false,"template":"","format":"standard","meta":{"_acf_changed":false,"footnotes":""},"categories":[1739,1826,1738],"tags":[2962],"post_sectags":[],"post_format":[2480],"class_list":["post-238206","post","type-post","status-publish","format-standard","has-post-thumbnail","hentry","category-business-it","category-la-nostra-scelta","category-notizie","tag-sir-stelios-it","format-profilo"],"acf":[],"yoast_head":"<!-- This site is optimized with the Yoast SEO Premium plugin v26.8 (Yoast SEO v27.4) - https:\/\/yoast.com\/product\/yoast-seo-premium-wordpress\/ -->\n<title>Sir Stelios Haji-Ioannou: una storia monegasca tra imprenditoria e filantropia<\/title>\n<meta name=\"description\" content=\"Avr\u00e0 anche lasciato il timone della compagnia aerea, ma il fondatore di easyJet continua a gestire dal Principato un impero tentacolare e a difendere il\" \/>\n<meta name=\"robots\" content=\"index, follow, max-snippet:-1, max-image-preview:large, max-video-preview:-1\" \/>\n<link rel=\"canonical\" href=\"https:\/\/www.monaco-tribune.com\/it\/2024\/06\/sir-stelios-haji-ioannou-una-storia-monegasca-tra-imprenditoria-e-filantropia\/\" \/>\n<meta property=\"og:locale\" content=\"it_IT\" \/>\n<meta property=\"og:type\" content=\"article\" \/>\n<meta property=\"og:title\" content=\"Sir Stelios Haji-Ioannou: una storia monegasca tra imprenditoria e filantropia - Monaco Tribune\" \/>\n<meta property=\"og:description\" content=\"Avr\u00e0 anche lasciato il timone della compagnia aerea, ma il fondatore di easyJet continua a gestire dal Principato un impero tentacolare e a difendere il\" \/>\n<meta property=\"og:url\" content=\"https:\/\/www.monaco-tribune.com\/it\/2024\/06\/sir-stelios-haji-ioannou-una-storia-monegasca-tra-imprenditoria-e-filantropia\/\" \/>\n<meta property=\"og:site_name\" content=\"Monaco Tribune\" \/>\n<meta property=\"article:publisher\" content=\"https:\/\/www.facebook.com\/MonacoTribune\" \/>\n<meta property=\"article:published_time\" content=\"2024-06-18T16:51:05+00:00\" \/>\n<meta property=\"article:modified_time\" content=\"2024-06-18T16:52:17+00:00\" \/>\n<meta property=\"og:image\" content=\"https:\/\/www.monaco-tribune.com\/wp-content\/uploads\/2022\/01\/sir-stelios-foundation.jpeg\" \/>\n\t<meta property=\"og:image:width\" content=\"620\" \/>\n\t<meta property=\"og:image:height\" content=\"387\" \/>\n\t<meta property=\"og:image:type\" content=\"image\/jpeg\" \/>\n<meta name=\"author\" content=\"Mark Linden\" \/>\n<meta name=\"twitter:card\" content=\"summary_large_image\" \/>\n<meta name=\"twitter:creator\" content=\"@MonacoTribune\" \/>\n<meta name=\"twitter:site\" content=\"@MonacoTribune\" \/>\n<script type=\"application\/ld+json\" class=\"yoast-schema-graph\">{\"@context\":\"https:\\\/\\\/schema.org\",\"@graph\":[{\"@type\":\"NewsArticle\",\"@id\":\"https:\\\/\\\/www.monaco-tribune.com\\\/it\\\/2024\\\/06\\\/sir-stelios-haji-ioannou-una-storia-monegasca-tra-imprenditoria-e-filantropia\\\/#article\",\"isPartOf\":{\"@id\":\"https:\\\/\\\/www.monaco-tribune.com\\\/it\\\/2024\\\/06\\\/sir-stelios-haji-ioannou-una-storia-monegasca-tra-imprenditoria-e-filantropia\\\/\"},\"author\":{\"name\":\"Mark Linden\",\"@id\":\"https:\\\/\\\/www.monaco-tribune.com\\\/it\\\/#\\\/schema\\\/person\\\/3796f08c04a1ae0bf5db7629e63acc06\"},\"headline\":\"Sir Stelios Haji-Ioannou: una storia monegasca tra imprenditoria e filantropia\",\"datePublished\":\"2024-06-18T16:51:05+00:00\",\"dateModified\":\"2024-06-18T16:52:17+00:00\",\"mainEntityOfPage\":{\"@id\":\"https:\\\/\\\/www.monaco-tribune.com\\\/it\\\/2024\\\/06\\\/sir-stelios-haji-ioannou-una-storia-monegasca-tra-imprenditoria-e-filantropia\\\/\"},\"wordCount\":2103,\"publisher\":{\"@id\":\"https:\\\/\\\/www.monaco-tribune.com\\\/it\\\/#organization\"},\"image\":{\"@id\":\"https:\\\/\\\/www.monaco-tribune.com\\\/it\\\/2024\\\/06\\\/sir-stelios-haji-ioannou-una-storia-monegasca-tra-imprenditoria-e-filantropia\\\/#primaryimage\"},\"thumbnailUrl\":\"https:\\\/\\\/www.monaco-tribune.com\\\/wp-content\\\/uploads\\\/2022\\\/01\\\/sir-stelios-foundation.jpeg\",\"keywords\":[\"Sir Stelios\"],\"articleSection\":[\"Business\",\"La nostra scelta\",\"Notizie\"],\"inLanguage\":\"it-IT\",\"copyrightYear\":\"2024\",\"copyrightHolder\":{\"@id\":\"https:\\\/\\\/www.monaco-tribune.com\\\/#organization\"}},{\"@type\":\"WebPage\",\"@id\":\"https:\\\/\\\/www.monaco-tribune.com\\\/it\\\/2024\\\/06\\\/sir-stelios-haji-ioannou-una-storia-monegasca-tra-imprenditoria-e-filantropia\\\/\",\"url\":\"https:\\\/\\\/www.monaco-tribune.com\\\/it\\\/2024\\\/06\\\/sir-stelios-haji-ioannou-una-storia-monegasca-tra-imprenditoria-e-filantropia\\\/\",\"name\":\"Sir Stelios Haji-Ioannou: una storia monegasca tra imprenditoria e filantropia\",\"isPartOf\":{\"@id\":\"https:\\\/\\\/www.monaco-tribune.com\\\/it\\\/#website\"},\"primaryImageOfPage\":{\"@id\":\"https:\\\/\\\/www.monaco-tribune.com\\\/it\\\/2024\\\/06\\\/sir-stelios-haji-ioannou-una-storia-monegasca-tra-imprenditoria-e-filantropia\\\/#primaryimage\"},\"image\":{\"@id\":\"https:\\\/\\\/www.monaco-tribune.com\\\/it\\\/2024\\\/06\\\/sir-stelios-haji-ioannou-una-storia-monegasca-tra-imprenditoria-e-filantropia\\\/#primaryimage\"},\"thumbnailUrl\":\"https:\\\/\\\/www.monaco-tribune.com\\\/wp-content\\\/uploads\\\/2022\\\/01\\\/sir-stelios-foundation.jpeg\",\"datePublished\":\"2024-06-18T16:51:05+00:00\",\"dateModified\":\"2024-06-18T16:52:17+00:00\",\"description\":\"Avr\u00e0 anche lasciato il timone della compagnia aerea, ma il fondatore di easyJet continua a gestire dal Principato un impero tentacolare e a difendere il\",\"breadcrumb\":{\"@id\":\"https:\\\/\\\/www.monaco-tribune.com\\\/it\\\/2024\\\/06\\\/sir-stelios-haji-ioannou-una-storia-monegasca-tra-imprenditoria-e-filantropia\\\/#breadcrumb\"},\"inLanguage\":\"it-IT\",\"potentialAction\":[{\"@type\":\"ReadAction\",\"target\":[\"https:\\\/\\\/www.monaco-tribune.com\\\/it\\\/2024\\\/06\\\/sir-stelios-haji-ioannou-una-storia-monegasca-tra-imprenditoria-e-filantropia\\\/\"]}]},{\"@type\":\"ImageObject\",\"inLanguage\":\"it-IT\",\"@id\":\"https:\\\/\\\/www.monaco-tribune.com\\\/it\\\/2024\\\/06\\\/sir-stelios-haji-ioannou-una-storia-monegasca-tra-imprenditoria-e-filantropia\\\/#primaryimage\",\"url\":\"https:\\\/\\\/www.monaco-tribune.com\\\/wp-content\\\/uploads\\\/2022\\\/01\\\/sir-stelios-foundation.jpeg\",\"contentUrl\":\"https:\\\/\\\/www.monaco-tribune.com\\\/wp-content\\\/uploads\\\/2022\\\/01\\\/sir-stelios-foundation.jpeg\",\"width\":620,\"height\":387,\"caption\":\"Sir Stelios Haji-Ioannou \u00a9 Stelios Philanthropic Foundation\"},{\"@type\":\"BreadcrumbList\",\"@id\":\"https:\\\/\\\/www.monaco-tribune.com\\\/it\\\/2024\\\/06\\\/sir-stelios-haji-ioannou-una-storia-monegasca-tra-imprenditoria-e-filantropia\\\/#breadcrumb\",\"itemListElement\":[{\"@type\":\"ListItem\",\"position\":1,\"name\":\"Accueil\",\"item\":\"https:\\\/\\\/www.monaco-tribune.com\\\/it\\\/\"},{\"@type\":\"ListItem\",\"position\":2,\"name\":\"Sir Stelios Haji-Ioannou: una storia monegasca tra imprenditoria e filantropia\"}]},{\"@type\":\"WebSite\",\"@id\":\"https:\\\/\\\/www.monaco-tribune.com\\\/it\\\/#website\",\"url\":\"https:\\\/\\\/www.monaco-tribune.com\\\/it\\\/\",\"name\":\"Monaco Tribune\",\"description\":\"Monaco : actualit\u00e9s \u00e9conomiques, politiques, culturelles et sportives de Monaco et de la French Riviera.\",\"publisher\":{\"@id\":\"https:\\\/\\\/www.monaco-tribune.com\\\/it\\\/#organization\"},\"potentialAction\":[{\"@type\":\"SearchAction\",\"target\":{\"@type\":\"EntryPoint\",\"urlTemplate\":\"https:\\\/\\\/www.monaco-tribune.com\\\/it\\\/?s={search_term_string}\"},\"query-input\":{\"@type\":\"PropertyValueSpecification\",\"valueRequired\":true,\"valueName\":\"search_term_string\"}}],\"inLanguage\":\"it-IT\"},{\"@type\":\"Organization\",\"@id\":\"https:\\\/\\\/www.monaco-tribune.com\\\/it\\\/#organization\",\"name\":\"Monaco Tribune\",\"url\":\"https:\\\/\\\/www.monaco-tribune.com\\\/it\\\/\",\"logo\":{\"@type\":\"ImageObject\",\"inLanguage\":\"it-IT\",\"@id\":\"https:\\\/\\\/www.monaco-tribune.com\\\/it\\\/#\\\/schema\\\/logo\\\/image\\\/\",\"url\":\"https:\\\/\\\/www.monaco-tribune.com\\\/wp-content\\\/uploads\\\/2022\\\/11\\\/logo-monaco-tribune.png\",\"contentUrl\":\"https:\\\/\\\/www.monaco-tribune.com\\\/wp-content\\\/uploads\\\/2022\\\/11\\\/logo-monaco-tribune.png\",\"width\":1548,\"height\":600,\"caption\":\"Monaco Tribune\"},\"image\":{\"@id\":\"https:\\\/\\\/www.monaco-tribune.com\\\/it\\\/#\\\/schema\\\/logo\\\/image\\\/\"},\"sameAs\":[\"https:\\\/\\\/www.facebook.com\\\/MonacoTribune\",\"https:\\\/\\\/x.com\\\/MonacoTribune\",\"https:\\\/\\\/www.instagram.com\\\/monacotribune\\\/\",\"https:\\\/\\\/www.linkedin.com\\\/company\\\/monaco-tribune\",\"https:\\\/\\\/www.youtube.com\\\/channel\\\/UCHle1MnG6hw1y4lWKijVbMA\"]},{\"@type\":\"Person\",\"@id\":\"https:\\\/\\\/www.monaco-tribune.com\\\/it\\\/#\\\/schema\\\/person\\\/3796f08c04a1ae0bf5db7629e63acc06\",\"name\":\"Mark Linden\",\"image\":{\"@type\":\"ImageObject\",\"inLanguage\":\"it-IT\",\"@id\":\"https:\\\/\\\/secure.gravatar.com\\\/avatar\\\/d0130c037315ebbab849176573fa4be49bb085b56b56eef40dfdebd8b0dab200?s=96&d=mm&r=g\",\"url\":\"https:\\\/\\\/secure.gravatar.com\\\/avatar\\\/d0130c037315ebbab849176573fa4be49bb085b56b56eef40dfdebd8b0dab200?s=96&d=mm&r=g\",\"contentUrl\":\"https:\\\/\\\/secure.gravatar.com\\\/avatar\\\/d0130c037315ebbab849176573fa4be49bb085b56b56eef40dfdebd8b0dab200?s=96&d=mm&r=g\",\"caption\":\"Mark Linden\"},\"url\":\"https:\\\/\\\/www.monaco-tribune.com\\\/it\\\/author\\\/nielslinden\\\/\"}]}<\/script>\n<!-- \/ Yoast SEO Premium plugin. -->","yoast_head_json":{"title":"Sir Stelios Haji-Ioannou: una storia monegasca tra imprenditoria e filantropia","description":"Avr\u00e0 anche lasciato il timone della compagnia aerea, ma il fondatore di easyJet continua a gestire dal Principato un impero tentacolare e a difendere il","robots":{"index":"index","follow":"follow","max-snippet":"max-snippet:-1","max-image-preview":"max-image-preview:large","max-video-preview":"max-video-preview:-1"},"canonical":"https:\/\/www.monaco-tribune.com\/it\/2024\/06\/sir-stelios-haji-ioannou-una-storia-monegasca-tra-imprenditoria-e-filantropia\/","og_locale":"it_IT","og_type":"article","og_title":"Sir Stelios Haji-Ioannou: una storia monegasca tra imprenditoria e filantropia - Monaco Tribune","og_description":"Avr\u00e0 anche lasciato il timone della compagnia aerea, ma il fondatore di easyJet continua a gestire dal Principato un impero tentacolare e a difendere il","og_url":"https:\/\/www.monaco-tribune.com\/it\/2024\/06\/sir-stelios-haji-ioannou-una-storia-monegasca-tra-imprenditoria-e-filantropia\/","og_site_name":"Monaco Tribune","article_publisher":"https:\/\/www.facebook.com\/MonacoTribune","article_published_time":"2024-06-18T16:51:05+00:00","article_modified_time":"2024-06-18T16:52:17+00:00","og_image":[{"width":620,"height":387,"url":"https:\/\/www.monaco-tribune.com\/wp-content\/uploads\/2022\/01\/sir-stelios-foundation.jpeg","type":"image\/jpeg"}],"author":"Mark Linden","twitter_card":"summary_large_image","twitter_creator":"@MonacoTribune","twitter_site":"@MonacoTribune","schema":{"@context":"https:\/\/schema.org","@graph":[{"@type":"NewsArticle","@id":"https:\/\/www.monaco-tribune.com\/it\/2024\/06\/sir-stelios-haji-ioannou-una-storia-monegasca-tra-imprenditoria-e-filantropia\/#article","isPartOf":{"@id":"https:\/\/www.monaco-tribune.com\/it\/2024\/06\/sir-stelios-haji-ioannou-una-storia-monegasca-tra-imprenditoria-e-filantropia\/"},"author":{"name":"Mark Linden","@id":"https:\/\/www.monaco-tribune.com\/it\/#\/schema\/person\/3796f08c04a1ae0bf5db7629e63acc06"},"headline":"Sir Stelios Haji-Ioannou: una storia monegasca tra imprenditoria e filantropia","datePublished":"2024-06-18T16:51:05+00:00","dateModified":"2024-06-18T16:52:17+00:00","mainEntityOfPage":{"@id":"https:\/\/www.monaco-tribune.com\/it\/2024\/06\/sir-stelios-haji-ioannou-una-storia-monegasca-tra-imprenditoria-e-filantropia\/"},"wordCount":2103,"publisher":{"@id":"https:\/\/www.monaco-tribune.com\/it\/#organization"},"image":{"@id":"https:\/\/www.monaco-tribune.com\/it\/2024\/06\/sir-stelios-haji-ioannou-una-storia-monegasca-tra-imprenditoria-e-filantropia\/#primaryimage"},"thumbnailUrl":"https:\/\/www.monaco-tribune.com\/wp-content\/uploads\/2022\/01\/sir-stelios-foundation.jpeg","keywords":["Sir Stelios"],"articleSection":["Business","La nostra scelta","Notizie"],"inLanguage":"it-IT","copyrightYear":"2024","copyrightHolder":{"@id":"https:\/\/www.monaco-tribune.com\/#organization"}},{"@type":"WebPage","@id":"https:\/\/www.monaco-tribune.com\/it\/2024\/06\/sir-stelios-haji-ioannou-una-storia-monegasca-tra-imprenditoria-e-filantropia\/","url":"https:\/\/www.monaco-tribune.com\/it\/2024\/06\/sir-stelios-haji-ioannou-una-storia-monegasca-tra-imprenditoria-e-filantropia\/","name":"Sir Stelios Haji-Ioannou: una storia monegasca tra imprenditoria e filantropia","isPartOf":{"@id":"https:\/\/www.monaco-tribune.com\/it\/#website"},"primaryImageOfPage":{"@id":"https:\/\/www.monaco-tribune.com\/it\/2024\/06\/sir-stelios-haji-ioannou-una-storia-monegasca-tra-imprenditoria-e-filantropia\/#primaryimage"},"image":{"@id":"https:\/\/www.monaco-tribune.com\/it\/2024\/06\/sir-stelios-haji-ioannou-una-storia-monegasca-tra-imprenditoria-e-filantropia\/#primaryimage"},"thumbnailUrl":"https:\/\/www.monaco-tribune.com\/wp-content\/uploads\/2022\/01\/sir-stelios-foundation.jpeg","datePublished":"2024-06-18T16:51:05+00:00","dateModified":"2024-06-18T16:52:17+00:00","description":"Avr\u00e0 anche lasciato il timone della compagnia aerea, ma il fondatore di easyJet continua a gestire dal Principato un impero tentacolare e a difendere il","breadcrumb":{"@id":"https:\/\/www.monaco-tribune.com\/it\/2024\/06\/sir-stelios-haji-ioannou-una-storia-monegasca-tra-imprenditoria-e-filantropia\/#breadcrumb"},"inLanguage":"it-IT","potentialAction":[{"@type":"ReadAction","target":["https:\/\/www.monaco-tribune.com\/it\/2024\/06\/sir-stelios-haji-ioannou-una-storia-monegasca-tra-imprenditoria-e-filantropia\/"]}]},{"@type":"ImageObject","inLanguage":"it-IT","@id":"https:\/\/www.monaco-tribune.com\/it\/2024\/06\/sir-stelios-haji-ioannou-una-storia-monegasca-tra-imprenditoria-e-filantropia\/#primaryimage","url":"https:\/\/www.monaco-tribune.com\/wp-content\/uploads\/2022\/01\/sir-stelios-foundation.jpeg","contentUrl":"https:\/\/www.monaco-tribune.com\/wp-content\/uploads\/2022\/01\/sir-stelios-foundation.jpeg","width":620,"height":387,"caption":"Sir Stelios Haji-Ioannou \u00a9 Stelios Philanthropic Foundation"},{"@type":"BreadcrumbList","@id":"https:\/\/www.monaco-tribune.com\/it\/2024\/06\/sir-stelios-haji-ioannou-una-storia-monegasca-tra-imprenditoria-e-filantropia\/#breadcrumb","itemListElement":[{"@type":"ListItem","position":1,"name":"Accueil","item":"https:\/\/www.monaco-tribune.com\/it\/"},{"@type":"ListItem","position":2,"name":"Sir Stelios Haji-Ioannou: una storia monegasca tra imprenditoria e filantropia"}]},{"@type":"WebSite","@id":"https:\/\/www.monaco-tribune.com\/it\/#website","url":"https:\/\/www.monaco-tribune.com\/it\/","name":"Monaco Tribune","description":"Monaco : actualit\u00e9s \u00e9conomiques, politiques, culturelles et sportives de Monaco et de la French Riviera.","publisher":{"@id":"https:\/\/www.monaco-tribune.com\/it\/#organization"},"potentialAction":[{"@type":"SearchAction","target":{"@type":"EntryPoint","urlTemplate":"https:\/\/www.monaco-tribune.com\/it\/?s={search_term_string}"},"query-input":{"@type":"PropertyValueSpecification","valueRequired":true,"valueName":"search_term_string"}}],"inLanguage":"it-IT"},{"@type":"Organization","@id":"https:\/\/www.monaco-tribune.com\/it\/#organization","name":"Monaco Tribune","url":"https:\/\/www.monaco-tribune.com\/it\/","logo":{"@type":"ImageObject","inLanguage":"it-IT","@id":"https:\/\/www.monaco-tribune.com\/it\/#\/schema\/logo\/image\/","url":"https:\/\/www.monaco-tribune.com\/wp-content\/uploads\/2022\/11\/logo-monaco-tribune.png","contentUrl":"https:\/\/www.monaco-tribune.com\/wp-content\/uploads\/2022\/11\/logo-monaco-tribune.png","width":1548,"height":600,"caption":"Monaco Tribune"},"image":{"@id":"https:\/\/www.monaco-tribune.com\/it\/#\/schema\/logo\/image\/"},"sameAs":["https:\/\/www.facebook.com\/MonacoTribune","https:\/\/x.com\/MonacoTribune","https:\/\/www.instagram.com\/monacotribune\/","https:\/\/www.linkedin.com\/company\/monaco-tribune","https:\/\/www.youtube.com\/channel\/UCHle1MnG6hw1y4lWKijVbMA"]},{"@type":"Person","@id":"https:\/\/www.monaco-tribune.com\/it\/#\/schema\/person\/3796f08c04a1ae0bf5db7629e63acc06","name":"Mark Linden","image":{"@type":"ImageObject","inLanguage":"it-IT","@id":"https:\/\/secure.gravatar.com\/avatar\/d0130c037315ebbab849176573fa4be49bb085b56b56eef40dfdebd8b0dab200?s=96&d=mm&r=g","url":"https:\/\/secure.gravatar.com\/avatar\/d0130c037315ebbab849176573fa4be49bb085b56b56eef40dfdebd8b0dab200?s=96&d=mm&r=g","contentUrl":"https:\/\/secure.gravatar.com\/avatar\/d0130c037315ebbab849176573fa4be49bb085b56b56eef40dfdebd8b0dab200?s=96&d=mm&r=g","caption":"Mark Linden"},"url":"https:\/\/www.monaco-tribune.com\/it\/author\/nielslinden\/"}]}},"_links":{"self":[{"href":"https:\/\/www.monaco-tribune.com\/it\/wp-json\/wp\/v2\/posts\/238206","targetHints":{"allow":["GET"]}}],"collection":[{"href":"https:\/\/www.monaco-tribune.com\/it\/wp-json\/wp\/v2\/posts"}],"about":[{"href":"https:\/\/www.monaco-tribune.com\/it\/wp-json\/wp\/v2\/types\/post"}],"author":[{"embeddable":true,"href":"https:\/\/www.monaco-tribune.com\/it\/wp-json\/wp\/v2\/users\/78"}],"replies":[{"embeddable":true,"href":"https:\/\/www.monaco-tribune.com\/it\/wp-json\/wp\/v2\/comments?post=238206"}],"version-history":[{"count":2,"href":"https:\/\/www.monaco-tribune.com\/it\/wp-json\/wp\/v2\/posts\/238206\/revisions"}],"predecessor-version":[{"id":238211,"href":"https:\/\/www.monaco-tribune.com\/it\/wp-json\/wp\/v2\/posts\/238206\/revisions\/238211"}],"wp:featuredmedia":[{"embeddable":true,"href":"https:\/\/www.monaco-tribune.com\/it\/wp-json\/wp\/v2\/media\/107771"}],"wp:attachment":[{"href":"https:\/\/www.monaco-tribune.com\/it\/wp-json\/wp\/v2\/media?parent=238206"}],"wp:term":[{"taxonomy":"category","embeddable":true,"href":"https:\/\/www.monaco-tribune.com\/it\/wp-json\/wp\/v2\/categories?post=238206"},{"taxonomy":"post_tag","embeddable":true,"href":"https:\/\/www.monaco-tribune.com\/it\/wp-json\/wp\/v2\/tags?post=238206"},{"taxonomy":"sectag","embeddable":true,"href":"https:\/\/www.monaco-tribune.com\/it\/wp-json\/wp\/v2\/post_sectags?post=238206"},{"taxonomy":"format","embeddable":true,"href":"https:\/\/www.monaco-tribune.com\/it\/wp-json\/wp\/v2\/post_format?post=238206"}],"curies":[{"name":"wp","href":"https:\/\/api.w.org\/{rel}","templated":true}]}}