{"id":238622,"date":"2024-06-20T17:06:08","date_gmt":"2024-06-20T15:06:08","guid":{"rendered":"https:\/\/www.monaco-tribune.com\/2024\/06\/fiamma-olimpica-a-monaco-e-un-grande-onore-e-una-vera-emozione-dichiara-la-principessa-charlene\/"},"modified":"2024-06-20T17:06:14","modified_gmt":"2024-06-20T15:06:14","slug":"fiamma-olimpica-a-monaco-e-un-grande-onore-e-una-vera-emozione-dichiara-la-principessa-charlene","status":"publish","type":"post","link":"https:\/\/www.monaco-tribune.com\/it\/2024\/06\/fiamma-olimpica-a-monaco-e-un-grande-onore-e-una-vera-emozione-dichiara-la-principessa-charlene\/","title":{"rendered":"Fiamma olimpica a Monaco: &#8220;\u00c8 un grande onore e una vera emozione&#8221; dichiara la Principessa Charl\u00e8ne"},"content":{"rendered":"\n<p><strong>Intervistata da <em>Monaco Info<\/em>, la Principessa Charl\u00e8ne ha commentato, insieme al Principe Alberto II, le sue sensazioni dopo aver portato la fiamma olimpica, che marted\u00ec 18 giugno \u00e8 passata da Monaco in vista delle Olimpiadi di Parigi 2024.<\/strong><\/p>\n\n<p>\u00c8 una principessa orgogliosa e sorridente quella che abbiamo visto ieri sulla Rocca. Una principessa nel suo elemento. Ex nuotatrice professionista, la moglie del Sovrano ha partecipato ai Giochi Olimpici di Sydney nel 2000, dove si \u00e8 classificata quinta, e poi ai Giochi del Commonwealth nel 2002, dove ha vinto la medaglia d&#8217;argento.<\/p>\n\n<p>Accanto al Principe per <a href=\"https:\/\/www.monaco-tribune.com\/it\/2024\/06\/il-principe-alberto-ii-la-principessa-charlene-i-gemelli-charles-leclerc-grande-partecipazione-per-il-passaggio-della-fiamma-olimpica-a-monaco\/\">il passaggio della fiamma olimpica<\/a>, e poi con i suoi figli al traguardo, la Principessa ha potuto rivivere alcuni bellissimi ricordi. &#8220;\u00c8 un grande onore e ha riportato a galla tante emozioni di quando gareggiavo e rappresentavo il mio Paese. \u00c8 bello che la mia famiglia e tutta la popolazione abbiano potuto condividere questo momento. \u00c8 stato bellissimo anche per i miei figli&#8221;, ha dichiarato <a href=\"https:\/\/www.youtube.com\/watch?v=IO-Cg0QCPXU\">a \u00c9milie Rousseau di Monaco Info<\/a>.<\/p>\n<div class=\"wp-block-image\">\n<figure class=\"aligncenter size-large\"><img loading=\"lazy\" decoding=\"async\" width=\"1024\" height=\"683\" src=\"https:\/\/www.monaco-tribune.com\/wp-content\/uploads\/2024\/06\/prince-albert-ii-princesse-charlene-flamme-olympique8-1024x683.jpg\" alt=\"\" class=\"wp-image-238353\" srcset=\"https:\/\/www.monaco-tribune.com\/wp-content\/uploads\/2024\/06\/prince-albert-ii-princesse-charlene-flamme-olympique8-1024x683.jpg 1024w, https:\/\/www.monaco-tribune.com\/wp-content\/uploads\/2024\/06\/prince-albert-ii-princesse-charlene-flamme-olympique8-450x300.jpg 450w, https:\/\/www.monaco-tribune.com\/wp-content\/uploads\/2024\/06\/prince-albert-ii-princesse-charlene-flamme-olympique8.jpg 2048w\" sizes=\"auto, (max-width: 1024px) 100vw, 1024px\" \/><figcaption class=\"wp-element-caption\"><em>\u00a9 Direzione della Comunicazione<\/em><\/figcaption><\/figure>\n<\/div><div class=\"wp-block-image\">\n<figure class=\"aligncenter size-large\"><img loading=\"lazy\" decoding=\"async\" width=\"1024\" height=\"683\" src=\"https:\/\/www.monaco-tribune.com\/wp-content\/uploads\/2024\/06\/prince-albert-ii-princesse-charlene-flamme-olympique4-2-1024x683.jpg\" alt=\"\" class=\"wp-image-238357\" srcset=\"https:\/\/www.monaco-tribune.com\/wp-content\/uploads\/2024\/06\/prince-albert-ii-princesse-charlene-flamme-olympique4-2-1024x683.jpg 1024w, https:\/\/www.monaco-tribune.com\/wp-content\/uploads\/2024\/06\/prince-albert-ii-princesse-charlene-flamme-olympique4-2-450x300.jpg 450w, https:\/\/www.monaco-tribune.com\/wp-content\/uploads\/2024\/06\/prince-albert-ii-princesse-charlene-flamme-olympique4-2.jpg 1366w\" sizes=\"auto, (max-width: 1024px) 100vw, 1024px\" \/><figcaption class=\"wp-element-caption\"><em>\u00a9 Direzione della Comunicazione<\/em><\/figcaption><\/figure>\n<\/div>\n<h2 class=\"wp-block-heading\" id=\"h-un-symbole-extraordinaire-et-puissant\">&#8220;Un simbolo straordinario e potente&#8221;<\/h2>\n\n<p>Ex atleta olimpico, il sovrano ha partecipato a cinque Giochi tra il 1988 a Calgary e il 2002 a Salt Lake City come membro della squadra monegasca di bob. Nel 1994 \u00e8 stato nominato presidente del Comitato olimpico monegasco e un anno dopo \u00e8 diventato membro del Comitato olimpico internazionale.<\/p>\n\n<p>Sebbene non abbia potuto assistere al primo passaggio della torcia nel Principato 56 anni fa, questa volta il Principe ha potuto assaporare questo momento unico e prestigioso. &#8220;\u00c8 davvero molto commovente. Sapevo che sarebbe stato emozionante e che ci sarebbe stata una grande partecipazione, ma vedere cos\u00ec tanti giovani sulla Place du Palais e lungo il percorso \u00e8 straordinario.<\/p>\n\n<p>Purtroppo quel giorno di gennaio del 1968, quando la fiamma pass\u00f2 per i Giochi di Grenoble, non ero a Monaco e non ho potuto vivere quel momento. Ho portato la fiamma diverse volte in altri Paesi, in occasione di altre Olimpiadi estive e invernali, ma farlo nel proprio Paese ha un sapore e un significato molto speciali.<\/p>\n\n<p>Sono stato molto felice di poter condividere questo momento con la Principessa Charl\u00e8ne, con i nostri figli e con i meravigliosi atleti che ci hanno accompagnato. \u00c8 un simbolo straordinario e potente. Sono felice che sia passata da Monaco, e magari un giorno torner\u00e0&#8221;, ha dichiarato con orgoglio il Principe.<\/p>\n<div class=\"wp-block-image\">\n<figure class=\"aligncenter size-large\"><img loading=\"lazy\" decoding=\"async\" width=\"1024\" height=\"683\" src=\"https:\/\/www.monaco-tribune.com\/wp-content\/uploads\/2024\/06\/prince-albert-ii-princesse-charlene-flamme-olympique6-2-1024x683.jpg\" alt=\"\" class=\"wp-image-238361\" srcset=\"https:\/\/www.monaco-tribune.com\/wp-content\/uploads\/2024\/06\/prince-albert-ii-princesse-charlene-flamme-olympique6-2-1024x683.jpg 1024w, https:\/\/www.monaco-tribune.com\/wp-content\/uploads\/2024\/06\/prince-albert-ii-princesse-charlene-flamme-olympique6-2-450x300.jpg 450w, https:\/\/www.monaco-tribune.com\/wp-content\/uploads\/2024\/06\/prince-albert-ii-princesse-charlene-flamme-olympique6-2.jpg 1200w\" sizes=\"auto, (max-width: 1024px) 100vw, 1024px\" \/><figcaption class=\"wp-element-caption\"><em>\u00a9 Direzione della Comunicazione<\/em><\/figcaption><\/figure>\n<\/div><div class=\"wp-block-image\">\n<figure class=\"aligncenter size-large\"><img loading=\"lazy\" decoding=\"async\" width=\"1024\" height=\"683\" src=\"https:\/\/www.monaco-tribune.com\/wp-content\/uploads\/2024\/06\/442485310_983329070460693_7151512022452201996_n-2-1024x683.jpg\" alt=\"\" class=\"wp-image-238366\" srcset=\"https:\/\/www.monaco-tribune.com\/wp-content\/uploads\/2024\/06\/442485310_983329070460693_7151512022452201996_n-2-1024x683.jpg 1024w, https:\/\/www.monaco-tribune.com\/wp-content\/uploads\/2024\/06\/442485310_983329070460693_7151512022452201996_n-2-450x300.jpg 450w, https:\/\/www.monaco-tribune.com\/wp-content\/uploads\/2024\/06\/442485310_983329070460693_7151512022452201996_n-2.jpg 1200w\" sizes=\"auto, (max-width: 1024px) 100vw, 1024px\" \/><figcaption class=\"wp-element-caption\"><em>\u00a9 Direzione della Comunicazione<\/em><\/figcaption><\/figure>\n<\/div>\n<p class=\"related\"><a href=\"https:\/\/www.monaco-tribune.com\/it\/2023\/12\/una-panoramica-dei-momenti-che-hanno-segnato-la-storia-di-monaco-ai-giochi-olimpici\/\">Una panoramica dei momenti che hanno segnato la storia di Monaco ai Giochi Olimpici<\/a><\/p>\n","protected":false},"excerpt":{"rendered":"<p>Intervistata da Monaco Info, la Principessa Charl\u00e8ne ha commentato, insieme al Principe Alberto II, le sue sensazioni dopo aver portato [&hellip;]<\/p>\n","protected":false},"author":77,"featured_media":238347,"comment_status":"closed","ping_status":"closed","sticky":false,"template":"","format":"standard","meta":{"_acf_changed":false,"footnotes":""},"categories":[1742,1826,1738],"tags":[2944],"post_sectags":[3757],"post_format":[2486],"class_list":["post-238622","post","type-post","status-publish","format-standard","has-post-thumbnail","hentry","category-famiglia-principesca","category-la-nostra-scelta","category-notizie","tag-principessa-charlene","sectag-principe-alberto-ii","format-servizio"],"acf":[],"yoast_head":"<!-- This site is optimized with the Yoast SEO Premium plugin v26.8 (Yoast SEO v27.5) - https:\/\/yoast.com\/product\/yoast-seo-premium-wordpress\/ -->\n<title>Fiamma olimpica a Monaco: &quot;\u00c8 un grande onore e una vera emozione&quot; dichiara la Principessa Charl\u00e8ne<\/title>\n<meta name=\"description\" content=\"Intervistata da Monaco Info, la Principessa Charl\u00e8ne ha commentato, insieme al Principe Alberto II, le sue sensazioni dopo aver portato la fiamma\" \/>\n<meta name=\"robots\" content=\"index, follow, max-snippet:-1, max-image-preview:large, max-video-preview:-1\" \/>\n<link rel=\"canonical\" href=\"https:\/\/www.monaco-tribune.com\/it\/2024\/06\/fiamma-olimpica-a-monaco-e-un-grande-onore-e-una-vera-emozione-dichiara-la-principessa-charlene\/\" \/>\n<meta property=\"og:locale\" content=\"it_IT\" \/>\n<meta property=\"og:type\" content=\"article\" \/>\n<meta property=\"og:title\" content=\"Fiamma olimpica a Monaco: &quot;\u00c8 un grande onore e una vera emozione&quot; dichiara la Principessa Charl\u00e8ne - Monaco Tribune\" \/>\n<meta property=\"og:description\" content=\"Intervistata da Monaco Info, la Principessa Charl\u00e8ne ha commentato, insieme al Principe Alberto II, le sue sensazioni dopo aver portato la fiamma\" \/>\n<meta property=\"og:url\" content=\"https:\/\/www.monaco-tribune.com\/it\/2024\/06\/fiamma-olimpica-a-monaco-e-un-grande-onore-e-una-vera-emozione-dichiara-la-principessa-charlene\/\" \/>\n<meta property=\"og:site_name\" content=\"Monaco Tribune\" \/>\n<meta property=\"article:publisher\" content=\"https:\/\/www.facebook.com\/MonacoTribune\" \/>\n<meta property=\"article:published_time\" content=\"2024-06-20T15:06:08+00:00\" \/>\n<meta property=\"article:modified_time\" content=\"2024-06-20T15:06:14+00:00\" \/>\n<meta property=\"og:image\" content=\"https:\/\/www.monaco-tribune.com\/wp-content\/uploads\/2024\/06\/prince-albert-ii-princesse-charlene-flamme-olympique7.jpg\" \/>\n\t<meta property=\"og:image:width\" content=\"2048\" \/>\n\t<meta property=\"og:image:height\" content=\"1365\" \/>\n\t<meta property=\"og:image:type\" content=\"image\/jpeg\" \/>\n<meta name=\"author\" content=\"Ana\u00efs Riu\" \/>\n<meta name=\"twitter:card\" content=\"summary_large_image\" \/>\n<meta name=\"twitter:creator\" content=\"@MonacoTribune\" \/>\n<meta name=\"twitter:site\" content=\"@MonacoTribune\" \/>\n<script type=\"application\/ld+json\" class=\"yoast-schema-graph\">{\"@context\":\"https:\\\/\\\/schema.org\",\"@graph\":[{\"@type\":\"NewsArticle\",\"@id\":\"https:\\\/\\\/www.monaco-tribune.com\\\/it\\\/2024\\\/06\\\/fiamma-olimpica-a-monaco-e-un-grande-onore-e-una-vera-emozione-dichiara-la-principessa-charlene\\\/#article\",\"isPartOf\":{\"@id\":\"https:\\\/\\\/www.monaco-tribune.com\\\/it\\\/2024\\\/06\\\/fiamma-olimpica-a-monaco-e-un-grande-onore-e-una-vera-emozione-dichiara-la-principessa-charlene\\\/\"},\"author\":{\"name\":\"Ana\u00efs Riu\",\"@id\":\"https:\\\/\\\/www.monaco-tribune.com\\\/it\\\/#\\\/schema\\\/person\\\/6db631c784f2f0eff54c3ca4d1da2d49\"},\"headline\":\"Fiamma olimpica a Monaco: &#8220;\u00c8 un grande onore e una vera emozione&#8221; dichiara la Principessa Charl\u00e8ne\",\"datePublished\":\"2024-06-20T15:06:08+00:00\",\"dateModified\":\"2024-06-20T15:06:14+00:00\",\"mainEntityOfPage\":{\"@id\":\"https:\\\/\\\/www.monaco-tribune.com\\\/it\\\/2024\\\/06\\\/fiamma-olimpica-a-monaco-e-un-grande-onore-e-una-vera-emozione-dichiara-la-principessa-charlene\\\/\"},\"wordCount\":412,\"publisher\":{\"@id\":\"https:\\\/\\\/www.monaco-tribune.com\\\/it\\\/#organization\"},\"image\":{\"@id\":\"https:\\\/\\\/www.monaco-tribune.com\\\/it\\\/2024\\\/06\\\/fiamma-olimpica-a-monaco-e-un-grande-onore-e-una-vera-emozione-dichiara-la-principessa-charlene\\\/#primaryimage\"},\"thumbnailUrl\":\"https:\\\/\\\/www.monaco-tribune.com\\\/wp-content\\\/uploads\\\/2024\\\/06\\\/prince-albert-ii-princesse-charlene-flamme-olympique7.jpg\",\"keywords\":[\"Principessa Charl\u00e8ne\"],\"articleSection\":[\"Famiglia Principesca\",\"La nostra scelta\",\"Notizie\"],\"inLanguage\":\"it-IT\",\"copyrightYear\":\"2024\",\"copyrightHolder\":{\"@id\":\"https:\\\/\\\/www.monaco-tribune.com\\\/#organization\"}},{\"@type\":\"WebPage\",\"@id\":\"https:\\\/\\\/www.monaco-tribune.com\\\/it\\\/2024\\\/06\\\/fiamma-olimpica-a-monaco-e-un-grande-onore-e-una-vera-emozione-dichiara-la-principessa-charlene\\\/\",\"url\":\"https:\\\/\\\/www.monaco-tribune.com\\\/it\\\/2024\\\/06\\\/fiamma-olimpica-a-monaco-e-un-grande-onore-e-una-vera-emozione-dichiara-la-principessa-charlene\\\/\",\"name\":\"Fiamma olimpica a Monaco: \\\"\u00c8 un grande onore e una vera emozione\\\" dichiara la Principessa Charl\u00e8ne\",\"isPartOf\":{\"@id\":\"https:\\\/\\\/www.monaco-tribune.com\\\/it\\\/#website\"},\"primaryImageOfPage\":{\"@id\":\"https:\\\/\\\/www.monaco-tribune.com\\\/it\\\/2024\\\/06\\\/fiamma-olimpica-a-monaco-e-un-grande-onore-e-una-vera-emozione-dichiara-la-principessa-charlene\\\/#primaryimage\"},\"image\":{\"@id\":\"https:\\\/\\\/www.monaco-tribune.com\\\/it\\\/2024\\\/06\\\/fiamma-olimpica-a-monaco-e-un-grande-onore-e-una-vera-emozione-dichiara-la-principessa-charlene\\\/#primaryimage\"},\"thumbnailUrl\":\"https:\\\/\\\/www.monaco-tribune.com\\\/wp-content\\\/uploads\\\/2024\\\/06\\\/prince-albert-ii-princesse-charlene-flamme-olympique7.jpg\",\"datePublished\":\"2024-06-20T15:06:08+00:00\",\"dateModified\":\"2024-06-20T15:06:14+00:00\",\"description\":\"Intervistata da Monaco Info, la Principessa Charl\u00e8ne ha commentato, insieme al Principe Alberto II, le sue sensazioni dopo aver portato la fiamma\",\"breadcrumb\":{\"@id\":\"https:\\\/\\\/www.monaco-tribune.com\\\/it\\\/2024\\\/06\\\/fiamma-olimpica-a-monaco-e-un-grande-onore-e-una-vera-emozione-dichiara-la-principessa-charlene\\\/#breadcrumb\"},\"inLanguage\":\"it-IT\",\"potentialAction\":[{\"@type\":\"ReadAction\",\"target\":[\"https:\\\/\\\/www.monaco-tribune.com\\\/it\\\/2024\\\/06\\\/fiamma-olimpica-a-monaco-e-un-grande-onore-e-una-vera-emozione-dichiara-la-principessa-charlene\\\/\"]}]},{\"@type\":\"ImageObject\",\"inLanguage\":\"it-IT\",\"@id\":\"https:\\\/\\\/www.monaco-tribune.com\\\/it\\\/2024\\\/06\\\/fiamma-olimpica-a-monaco-e-un-grande-onore-e-una-vera-emozione-dichiara-la-principessa-charlene\\\/#primaryimage\",\"url\":\"https:\\\/\\\/www.monaco-tribune.com\\\/wp-content\\\/uploads\\\/2024\\\/06\\\/prince-albert-ii-princesse-charlene-flamme-olympique7.jpg\",\"contentUrl\":\"https:\\\/\\\/www.monaco-tribune.com\\\/wp-content\\\/uploads\\\/2024\\\/06\\\/prince-albert-ii-princesse-charlene-flamme-olympique7.jpg\",\"width\":2048,\"height\":1365,\"caption\":\"\u00a9 Direzione della Comunicazione\"},{\"@type\":\"BreadcrumbList\",\"@id\":\"https:\\\/\\\/www.monaco-tribune.com\\\/it\\\/2024\\\/06\\\/fiamma-olimpica-a-monaco-e-un-grande-onore-e-una-vera-emozione-dichiara-la-principessa-charlene\\\/#breadcrumb\",\"itemListElement\":[{\"@type\":\"ListItem\",\"position\":1,\"name\":\"Accueil\",\"item\":\"https:\\\/\\\/www.monaco-tribune.com\\\/it\\\/\"},{\"@type\":\"ListItem\",\"position\":2,\"name\":\"Fiamma olimpica a Monaco: &#8220;\u00c8 un grande onore e una vera emozione&#8221; dichiara la Principessa Charl\u00e8ne\"}]},{\"@type\":\"WebSite\",\"@id\":\"https:\\\/\\\/www.monaco-tribune.com\\\/it\\\/#website\",\"url\":\"https:\\\/\\\/www.monaco-tribune.com\\\/it\\\/\",\"name\":\"Monaco Tribune\",\"description\":\"Monaco : actualit\u00e9s \u00e9conomiques, politiques, culturelles et sportives de Monaco et de la French Riviera.\",\"publisher\":{\"@id\":\"https:\\\/\\\/www.monaco-tribune.com\\\/it\\\/#organization\"},\"potentialAction\":[{\"@type\":\"SearchAction\",\"target\":{\"@type\":\"EntryPoint\",\"urlTemplate\":\"https:\\\/\\\/www.monaco-tribune.com\\\/it\\\/?s={search_term_string}\"},\"query-input\":{\"@type\":\"PropertyValueSpecification\",\"valueRequired\":true,\"valueName\":\"search_term_string\"}}],\"inLanguage\":\"it-IT\"},{\"@type\":\"Organization\",\"@id\":\"https:\\\/\\\/www.monaco-tribune.com\\\/it\\\/#organization\",\"name\":\"Monaco Tribune\",\"url\":\"https:\\\/\\\/www.monaco-tribune.com\\\/it\\\/\",\"logo\":{\"@type\":\"ImageObject\",\"inLanguage\":\"it-IT\",\"@id\":\"https:\\\/\\\/www.monaco-tribune.com\\\/it\\\/#\\\/schema\\\/logo\\\/image\\\/\",\"url\":\"https:\\\/\\\/www.monaco-tribune.com\\\/wp-content\\\/uploads\\\/2022\\\/11\\\/logo-monaco-tribune.png\",\"contentUrl\":\"https:\\\/\\\/www.monaco-tribune.com\\\/wp-content\\\/uploads\\\/2022\\\/11\\\/logo-monaco-tribune.png\",\"width\":1548,\"height\":600,\"caption\":\"Monaco Tribune\"},\"image\":{\"@id\":\"https:\\\/\\\/www.monaco-tribune.com\\\/it\\\/#\\\/schema\\\/logo\\\/image\\\/\"},\"sameAs\":[\"https:\\\/\\\/www.facebook.com\\\/MonacoTribune\",\"https:\\\/\\\/x.com\\\/MonacoTribune\",\"https:\\\/\\\/www.instagram.com\\\/monacotribune\\\/\",\"https:\\\/\\\/www.linkedin.com\\\/company\\\/monaco-tribune\",\"https:\\\/\\\/www.youtube.com\\\/channel\\\/UCHle1MnG6hw1y4lWKijVbMA\"]},{\"@type\":\"Person\",\"@id\":\"https:\\\/\\\/www.monaco-tribune.com\\\/it\\\/#\\\/schema\\\/person\\\/6db631c784f2f0eff54c3ca4d1da2d49\",\"name\":\"Ana\u00efs Riu\",\"image\":{\"@type\":\"ImageObject\",\"inLanguage\":\"it-IT\",\"@id\":\"https:\\\/\\\/secure.gravatar.com\\\/avatar\\\/9137eff67ff750f1997c171f45e5829ca4c8fa34729a8f8cd9dc85be7e50df7f?s=96&d=mm&r=g\",\"url\":\"https:\\\/\\\/secure.gravatar.com\\\/avatar\\\/9137eff67ff750f1997c171f45e5829ca4c8fa34729a8f8cd9dc85be7e50df7f?s=96&d=mm&r=g\",\"contentUrl\":\"https:\\\/\\\/secure.gravatar.com\\\/avatar\\\/9137eff67ff750f1997c171f45e5829ca4c8fa34729a8f8cd9dc85be7e50df7f?s=96&d=mm&r=g\",\"caption\":\"Ana\u00efs Riu\"},\"url\":\"https:\\\/\\\/www.monaco-tribune.com\\\/it\\\/author\\\/anaisriu\\\/\"}]}<\/script>\n<!-- \/ Yoast SEO Premium plugin. -->","yoast_head_json":{"title":"Fiamma olimpica a Monaco: \"\u00c8 un grande onore e una vera emozione\" dichiara la Principessa Charl\u00e8ne","description":"Intervistata da Monaco Info, la Principessa Charl\u00e8ne ha commentato, insieme al Principe Alberto II, le sue sensazioni dopo aver portato la fiamma","robots":{"index":"index","follow":"follow","max-snippet":"max-snippet:-1","max-image-preview":"max-image-preview:large","max-video-preview":"max-video-preview:-1"},"canonical":"https:\/\/www.monaco-tribune.com\/it\/2024\/06\/fiamma-olimpica-a-monaco-e-un-grande-onore-e-una-vera-emozione-dichiara-la-principessa-charlene\/","og_locale":"it_IT","og_type":"article","og_title":"Fiamma olimpica a Monaco: \"\u00c8 un grande onore e una vera emozione\" dichiara la Principessa Charl\u00e8ne - Monaco Tribune","og_description":"Intervistata da Monaco Info, la Principessa Charl\u00e8ne ha commentato, insieme al Principe Alberto II, le sue sensazioni dopo aver portato la fiamma","og_url":"https:\/\/www.monaco-tribune.com\/it\/2024\/06\/fiamma-olimpica-a-monaco-e-un-grande-onore-e-una-vera-emozione-dichiara-la-principessa-charlene\/","og_site_name":"Monaco Tribune","article_publisher":"https:\/\/www.facebook.com\/MonacoTribune","article_published_time":"2024-06-20T15:06:08+00:00","article_modified_time":"2024-06-20T15:06:14+00:00","og_image":[{"width":2048,"height":1365,"url":"https:\/\/www.monaco-tribune.com\/wp-content\/uploads\/2024\/06\/prince-albert-ii-princesse-charlene-flamme-olympique7.jpg","type":"image\/jpeg"}],"author":"Ana\u00efs Riu","twitter_card":"summary_large_image","twitter_creator":"@MonacoTribune","twitter_site":"@MonacoTribune","schema":{"@context":"https:\/\/schema.org","@graph":[{"@type":"NewsArticle","@id":"https:\/\/www.monaco-tribune.com\/it\/2024\/06\/fiamma-olimpica-a-monaco-e-un-grande-onore-e-una-vera-emozione-dichiara-la-principessa-charlene\/#article","isPartOf":{"@id":"https:\/\/www.monaco-tribune.com\/it\/2024\/06\/fiamma-olimpica-a-monaco-e-un-grande-onore-e-una-vera-emozione-dichiara-la-principessa-charlene\/"},"author":{"name":"Ana\u00efs Riu","@id":"https:\/\/www.monaco-tribune.com\/it\/#\/schema\/person\/6db631c784f2f0eff54c3ca4d1da2d49"},"headline":"Fiamma olimpica a Monaco: &#8220;\u00c8 un grande onore e una vera emozione&#8221; dichiara la Principessa Charl\u00e8ne","datePublished":"2024-06-20T15:06:08+00:00","dateModified":"2024-06-20T15:06:14+00:00","mainEntityOfPage":{"@id":"https:\/\/www.monaco-tribune.com\/it\/2024\/06\/fiamma-olimpica-a-monaco-e-un-grande-onore-e-una-vera-emozione-dichiara-la-principessa-charlene\/"},"wordCount":412,"publisher":{"@id":"https:\/\/www.monaco-tribune.com\/it\/#organization"},"image":{"@id":"https:\/\/www.monaco-tribune.com\/it\/2024\/06\/fiamma-olimpica-a-monaco-e-un-grande-onore-e-una-vera-emozione-dichiara-la-principessa-charlene\/#primaryimage"},"thumbnailUrl":"https:\/\/www.monaco-tribune.com\/wp-content\/uploads\/2024\/06\/prince-albert-ii-princesse-charlene-flamme-olympique7.jpg","keywords":["Principessa Charl\u00e8ne"],"articleSection":["Famiglia Principesca","La nostra scelta","Notizie"],"inLanguage":"it-IT","copyrightYear":"2024","copyrightHolder":{"@id":"https:\/\/www.monaco-tribune.com\/#organization"}},{"@type":"WebPage","@id":"https:\/\/www.monaco-tribune.com\/it\/2024\/06\/fiamma-olimpica-a-monaco-e-un-grande-onore-e-una-vera-emozione-dichiara-la-principessa-charlene\/","url":"https:\/\/www.monaco-tribune.com\/it\/2024\/06\/fiamma-olimpica-a-monaco-e-un-grande-onore-e-una-vera-emozione-dichiara-la-principessa-charlene\/","name":"Fiamma olimpica a Monaco: \"\u00c8 un grande onore e una vera emozione\" dichiara la Principessa Charl\u00e8ne","isPartOf":{"@id":"https:\/\/www.monaco-tribune.com\/it\/#website"},"primaryImageOfPage":{"@id":"https:\/\/www.monaco-tribune.com\/it\/2024\/06\/fiamma-olimpica-a-monaco-e-un-grande-onore-e-una-vera-emozione-dichiara-la-principessa-charlene\/#primaryimage"},"image":{"@id":"https:\/\/www.monaco-tribune.com\/it\/2024\/06\/fiamma-olimpica-a-monaco-e-un-grande-onore-e-una-vera-emozione-dichiara-la-principessa-charlene\/#primaryimage"},"thumbnailUrl":"https:\/\/www.monaco-tribune.com\/wp-content\/uploads\/2024\/06\/prince-albert-ii-princesse-charlene-flamme-olympique7.jpg","datePublished":"2024-06-20T15:06:08+00:00","dateModified":"2024-06-20T15:06:14+00:00","description":"Intervistata da Monaco Info, la Principessa Charl\u00e8ne ha commentato, insieme al Principe Alberto II, le sue sensazioni dopo aver portato la fiamma","breadcrumb":{"@id":"https:\/\/www.monaco-tribune.com\/it\/2024\/06\/fiamma-olimpica-a-monaco-e-un-grande-onore-e-una-vera-emozione-dichiara-la-principessa-charlene\/#breadcrumb"},"inLanguage":"it-IT","potentialAction":[{"@type":"ReadAction","target":["https:\/\/www.monaco-tribune.com\/it\/2024\/06\/fiamma-olimpica-a-monaco-e-un-grande-onore-e-una-vera-emozione-dichiara-la-principessa-charlene\/"]}]},{"@type":"ImageObject","inLanguage":"it-IT","@id":"https:\/\/www.monaco-tribune.com\/it\/2024\/06\/fiamma-olimpica-a-monaco-e-un-grande-onore-e-una-vera-emozione-dichiara-la-principessa-charlene\/#primaryimage","url":"https:\/\/www.monaco-tribune.com\/wp-content\/uploads\/2024\/06\/prince-albert-ii-princesse-charlene-flamme-olympique7.jpg","contentUrl":"https:\/\/www.monaco-tribune.com\/wp-content\/uploads\/2024\/06\/prince-albert-ii-princesse-charlene-flamme-olympique7.jpg","width":2048,"height":1365,"caption":"\u00a9 Direzione della Comunicazione"},{"@type":"BreadcrumbList","@id":"https:\/\/www.monaco-tribune.com\/it\/2024\/06\/fiamma-olimpica-a-monaco-e-un-grande-onore-e-una-vera-emozione-dichiara-la-principessa-charlene\/#breadcrumb","itemListElement":[{"@type":"ListItem","position":1,"name":"Accueil","item":"https:\/\/www.monaco-tribune.com\/it\/"},{"@type":"ListItem","position":2,"name":"Fiamma olimpica a Monaco: &#8220;\u00c8 un grande onore e una vera emozione&#8221; dichiara la Principessa Charl\u00e8ne"}]},{"@type":"WebSite","@id":"https:\/\/www.monaco-tribune.com\/it\/#website","url":"https:\/\/www.monaco-tribune.com\/it\/","name":"Monaco Tribune","description":"Monaco : actualit\u00e9s \u00e9conomiques, politiques, culturelles et sportives de Monaco et de la French Riviera.","publisher":{"@id":"https:\/\/www.monaco-tribune.com\/it\/#organization"},"potentialAction":[{"@type":"SearchAction","target":{"@type":"EntryPoint","urlTemplate":"https:\/\/www.monaco-tribune.com\/it\/?s={search_term_string}"},"query-input":{"@type":"PropertyValueSpecification","valueRequired":true,"valueName":"search_term_string"}}],"inLanguage":"it-IT"},{"@type":"Organization","@id":"https:\/\/www.monaco-tribune.com\/it\/#organization","name":"Monaco Tribune","url":"https:\/\/www.monaco-tribune.com\/it\/","logo":{"@type":"ImageObject","inLanguage":"it-IT","@id":"https:\/\/www.monaco-tribune.com\/it\/#\/schema\/logo\/image\/","url":"https:\/\/www.monaco-tribune.com\/wp-content\/uploads\/2022\/11\/logo-monaco-tribune.png","contentUrl":"https:\/\/www.monaco-tribune.com\/wp-content\/uploads\/2022\/11\/logo-monaco-tribune.png","width":1548,"height":600,"caption":"Monaco Tribune"},"image":{"@id":"https:\/\/www.monaco-tribune.com\/it\/#\/schema\/logo\/image\/"},"sameAs":["https:\/\/www.facebook.com\/MonacoTribune","https:\/\/x.com\/MonacoTribune","https:\/\/www.instagram.com\/monacotribune\/","https:\/\/www.linkedin.com\/company\/monaco-tribune","https:\/\/www.youtube.com\/channel\/UCHle1MnG6hw1y4lWKijVbMA"]},{"@type":"Person","@id":"https:\/\/www.monaco-tribune.com\/it\/#\/schema\/person\/6db631c784f2f0eff54c3ca4d1da2d49","name":"Ana\u00efs Riu","image":{"@type":"ImageObject","inLanguage":"it-IT","@id":"https:\/\/secure.gravatar.com\/avatar\/9137eff67ff750f1997c171f45e5829ca4c8fa34729a8f8cd9dc85be7e50df7f?s=96&d=mm&r=g","url":"https:\/\/secure.gravatar.com\/avatar\/9137eff67ff750f1997c171f45e5829ca4c8fa34729a8f8cd9dc85be7e50df7f?s=96&d=mm&r=g","contentUrl":"https:\/\/secure.gravatar.com\/avatar\/9137eff67ff750f1997c171f45e5829ca4c8fa34729a8f8cd9dc85be7e50df7f?s=96&d=mm&r=g","caption":"Ana\u00efs Riu"},"url":"https:\/\/www.monaco-tribune.com\/it\/author\/anaisriu\/"}]}},"_links":{"self":[{"href":"https:\/\/www.monaco-tribune.com\/it\/wp-json\/wp\/v2\/posts\/238622","targetHints":{"allow":["GET"]}}],"collection":[{"href":"https:\/\/www.monaco-tribune.com\/it\/wp-json\/wp\/v2\/posts"}],"about":[{"href":"https:\/\/www.monaco-tribune.com\/it\/wp-json\/wp\/v2\/types\/post"}],"author":[{"embeddable":true,"href":"https:\/\/www.monaco-tribune.com\/it\/wp-json\/wp\/v2\/users\/77"}],"replies":[{"embeddable":true,"href":"https:\/\/www.monaco-tribune.com\/it\/wp-json\/wp\/v2\/comments?post=238622"}],"version-history":[{"count":2,"href":"https:\/\/www.monaco-tribune.com\/it\/wp-json\/wp\/v2\/posts\/238622\/revisions"}],"predecessor-version":[{"id":238625,"href":"https:\/\/www.monaco-tribune.com\/it\/wp-json\/wp\/v2\/posts\/238622\/revisions\/238625"}],"wp:featuredmedia":[{"embeddable":true,"href":"https:\/\/www.monaco-tribune.com\/it\/wp-json\/wp\/v2\/media\/238347"}],"wp:attachment":[{"href":"https:\/\/www.monaco-tribune.com\/it\/wp-json\/wp\/v2\/media?parent=238622"}],"wp:term":[{"taxonomy":"category","embeddable":true,"href":"https:\/\/www.monaco-tribune.com\/it\/wp-json\/wp\/v2\/categories?post=238622"},{"taxonomy":"post_tag","embeddable":true,"href":"https:\/\/www.monaco-tribune.com\/it\/wp-json\/wp\/v2\/tags?post=238622"},{"taxonomy":"sectag","embeddable":true,"href":"https:\/\/www.monaco-tribune.com\/it\/wp-json\/wp\/v2\/post_sectags?post=238622"},{"taxonomy":"format","embeddable":true,"href":"https:\/\/www.monaco-tribune.com\/it\/wp-json\/wp\/v2\/post_format?post=238622"}],"curies":[{"name":"wp","href":"https:\/\/api.w.org\/{rel}","templated":true}]}}