{"id":238627,"date":"2024-06-20T17:28:05","date_gmt":"2024-06-20T15:28:05","guid":{"rendered":"https:\/\/www.monaco-tribune.com\/2024\/06\/il-principe-alberto-ii-e-la-principessa-charlene-chiudono-in-bellezza-il-festival-della-televisione-di-monte-carlo\/"},"modified":"2024-06-20T17:28:12","modified_gmt":"2024-06-20T15:28:12","slug":"il-principe-alberto-ii-e-la-principessa-charlene-chiudono-in-bellezza-il-festival-della-televisione-di-monte-carlo","status":"publish","type":"post","link":"https:\/\/www.monaco-tribune.com\/it\/2024\/06\/il-principe-alberto-ii-e-la-principessa-charlene-chiudono-in-bellezza-il-festival-della-televisione-di-monte-carlo\/","title":{"rendered":"Il Principe Alberto II e la Principessa Charl\u00e8ne chiudono in bellezza il Festival della televisione di Monte-Carlo"},"content":{"rendered":"\n<p><strong>Marted\u00ec 18 giugno si \u00e8 conclusa la 63\u00aa edizione del Festival della Televisione di Monte-Carlo, che si \u00e8 svolta per quattro intense giornate al Grimaldi Forum. Il Principe e la Principessa hanno partecipato alla consegna dei premi durante la cerimonia di chiusura.<\/strong><\/p>\n\n<p>Il <a href=\"https:\/\/www.monaco-tribune.com\/2023\/10\/a-quoi-ressemble-laffiche-du-festival-de-television-de-monte-carlo-2024\/\">63\u00b0 Festival della Televisione di Monte-Carlo<\/a> \u00e8 giunto al termine! Momento saliente di questo prestigioso festival, la Cerimonia di chiusura premia i vincitori con una serie di riconoscimenti speciali, tra cui le famose Ninfe d&#8217;Oro. Il concorso prevede tre categorie: fiction, news e documentari, oltre al Premio speciale Principe Ranieri III.<\/p>\n\n<p>Per l&#8217;occasione, il Principe Alberto II e la Principessa Charl\u00e8ne hanno sfilato sul tappeto blu. La moglie del Sovrano ha indossato una magnifica tuta bianca con scollatura asimmetrica. Impreziosita da pizzi e da una lunga mantella anch&#8217;essa asimmetrica, la jumpsuit \u00e8 stata disegnata da Elie Saab, una lussuosa maison libanese.<\/p>\n\n<figure class=\"wp-block-gallery has-nested-images columns-default is-cropped wp-block-gallery-1 is-layout-flex wp-block-gallery-is-layout-flex\"><div class=\"wp-block-image\">\n<figure class=\"aligncenter size-large\"><img loading=\"lazy\" decoding=\"async\" width=\"1024\" height=\"683\" data-id=\"238254\" src=\"https:\/\/www.monaco-tribune.com\/wp-content\/uploads\/2024\/06\/prince-albert-ii-princesse-charlene-festival-television10-1024x683.jpg\" alt=\"\" class=\"wp-image-238254\" srcset=\"https:\/\/www.monaco-tribune.com\/wp-content\/uploads\/2024\/06\/prince-albert-ii-princesse-charlene-festival-television10-1024x683.jpg 1024w, https:\/\/www.monaco-tribune.com\/wp-content\/uploads\/2024\/06\/prince-albert-ii-princesse-charlene-festival-television10-450x300.jpg 450w, https:\/\/www.monaco-tribune.com\/wp-content\/uploads\/2024\/06\/prince-albert-ii-princesse-charlene-festival-television10.jpg 2048w\" sizes=\"auto, (max-width: 1024px) 100vw, 1024px\" \/><figcaption class=\"wp-element-caption\"><em>Le Coppia Principesca con l&#8217;attore, regista e sceneggiatore francese Olivier Marchal.<\/em><\/figcaption><\/figure>\n<\/div>\n\n<div class=\"wp-block-image\">\n<figure class=\"aligncenter size-large\"><img loading=\"lazy\" decoding=\"async\" width=\"1024\" height=\"616\" data-id=\"238242\" src=\"https:\/\/www.monaco-tribune.com\/wp-content\/uploads\/2024\/06\/prince-albert-ii-princesse-charlene-festival-television2-1024x616.jpg\" alt=\"\" class=\"wp-image-238242\" srcset=\"https:\/\/www.monaco-tribune.com\/wp-content\/uploads\/2024\/06\/prince-albert-ii-princesse-charlene-festival-television2-1024x616.jpg 1024w, https:\/\/www.monaco-tribune.com\/wp-content\/uploads\/2024\/06\/prince-albert-ii-princesse-charlene-festival-television2-499x300.jpg 499w, https:\/\/www.monaco-tribune.com\/wp-content\/uploads\/2024\/06\/prince-albert-ii-princesse-charlene-festival-television2.jpg 2048w\" sizes=\"auto, (max-width: 1024px) 100vw, 1024px\" \/><figcaption class=\"wp-element-caption\"><em>Marie e Louis Ducruet, l&#8217;attrice Fiona Gubelmann, il Principe e la Principessa, l&#8217;attore Will Yun Lee e Camille Gottlieb.<\/em><\/figcaption><\/figure>\n<\/div>\n\n<div class=\"wp-block-image\">\n<figure class=\"aligncenter size-large\"><img loading=\"lazy\" decoding=\"async\" width=\"1024\" height=\"683\" data-id=\"238246\" src=\"https:\/\/www.monaco-tribune.com\/wp-content\/uploads\/2024\/06\/prince-albert-ii-princesse-charlene-festival-television9-1024x683.jpg\" alt=\"\" class=\"wp-image-238246\" srcset=\"https:\/\/www.monaco-tribune.com\/wp-content\/uploads\/2024\/06\/prince-albert-ii-princesse-charlene-festival-television9-1024x683.jpg 1024w, https:\/\/www.monaco-tribune.com\/wp-content\/uploads\/2024\/06\/prince-albert-ii-princesse-charlene-festival-television9-450x300.jpg 450w, https:\/\/www.monaco-tribune.com\/wp-content\/uploads\/2024\/06\/prince-albert-ii-princesse-charlene-festival-television9.jpg 2048w\" sizes=\"auto, (max-width: 1024px) 100vw, 1024px\" \/><\/figure>\n<\/div>\n\n<div class=\"wp-block-image\">\n<figure class=\"aligncenter size-large\"><img loading=\"lazy\" decoding=\"async\" width=\"1024\" height=\"683\" data-id=\"238270\" src=\"https:\/\/www.monaco-tribune.com\/wp-content\/uploads\/2024\/06\/prince-albert-ii-princesse-charlene-festival-television8-1024x683.jpg\" alt=\"\" class=\"wp-image-238270\" srcset=\"https:\/\/www.monaco-tribune.com\/wp-content\/uploads\/2024\/06\/prince-albert-ii-princesse-charlene-festival-television8-1024x683.jpg 1024w, https:\/\/www.monaco-tribune.com\/wp-content\/uploads\/2024\/06\/prince-albert-ii-princesse-charlene-festival-television8-450x300.jpg 450w, https:\/\/www.monaco-tribune.com\/wp-content\/uploads\/2024\/06\/prince-albert-ii-princesse-charlene-festival-television8.jpg 2048w\" sizes=\"auto, (max-width: 1024px) 100vw, 1024px\" \/><figcaption class=\"wp-element-caption\"><em>Gli attori Joshua Morrow e Melissa Claire Egan, il Principe e la Principessa, Katherine Kelly Lang e Thorsten Kaye.<\/em><\/figcaption><\/figure>\n<\/div>\n\n<div class=\"wp-block-image\">\n<figure class=\"aligncenter size-large\"><img loading=\"lazy\" decoding=\"async\" width=\"1024\" height=\"683\" data-id=\"238258\" src=\"https:\/\/www.monaco-tribune.com\/wp-content\/uploads\/2024\/06\/prince-albert-ii-princesse-charlene-festival-television11-1024x683.jpg\" alt=\"\" class=\"wp-image-238258\" srcset=\"https:\/\/www.monaco-tribune.com\/wp-content\/uploads\/2024\/06\/prince-albert-ii-princesse-charlene-festival-television11-1024x683.jpg 1024w, https:\/\/www.monaco-tribune.com\/wp-content\/uploads\/2024\/06\/prince-albert-ii-princesse-charlene-festival-television11-450x300.jpg 450w, https:\/\/www.monaco-tribune.com\/wp-content\/uploads\/2024\/06\/prince-albert-ii-princesse-charlene-festival-television11.jpg 2048w\" sizes=\"auto, (max-width: 1024px) 100vw, 1024px\" \/><figcaption class=\"wp-element-caption\"><em>I figli della Principessa St\u00e9phanie, Camille Gottlieb e Louis Ducret.<\/em><\/figcaption><\/figure>\n<\/div>\n\n<div class=\"wp-block-image\">\n<figure class=\"aligncenter size-large\"><img loading=\"lazy\" decoding=\"async\" width=\"1024\" height=\"683\" data-id=\"238274\" src=\"https:\/\/www.monaco-tribune.com\/wp-content\/uploads\/2024\/06\/prince-albert-ii-princesse-charlene-festival-television12-1024x683.jpg\" alt=\"\" class=\"wp-image-238274\" srcset=\"https:\/\/www.monaco-tribune.com\/wp-content\/uploads\/2024\/06\/prince-albert-ii-princesse-charlene-festival-television12-1024x683.jpg 1024w, https:\/\/www.monaco-tribune.com\/wp-content\/uploads\/2024\/06\/prince-albert-ii-princesse-charlene-festival-television12-450x300.jpg 450w, https:\/\/www.monaco-tribune.com\/wp-content\/uploads\/2024\/06\/prince-albert-ii-princesse-charlene-festival-television12.jpg 2048w\" sizes=\"auto, (max-width: 1024px) 100vw, 1024px\" \/><figcaption class=\"wp-element-caption\"><em>La coppia Louis e Marie Ducruet che questa settimana ha annunciato l&#8217;arrivo del secondo figlio.<\/em><\/figcaption><\/figure>\n<\/div>\n\n<div class=\"wp-block-image\">\n<figure class=\"aligncenter size-large\"><img loading=\"lazy\" decoding=\"async\" width=\"1024\" height=\"683\" data-id=\"238263\" src=\"https:\/\/www.monaco-tribune.com\/wp-content\/uploads\/2024\/06\/prince-albert-ii-princesse-charlene-festival-television7-1024x683.jpg\" alt=\"\" class=\"wp-image-238263\" srcset=\"https:\/\/www.monaco-tribune.com\/wp-content\/uploads\/2024\/06\/prince-albert-ii-princesse-charlene-festival-television7-1024x683.jpg 1024w, https:\/\/www.monaco-tribune.com\/wp-content\/uploads\/2024\/06\/prince-albert-ii-princesse-charlene-festival-television7-450x300.jpg 450w, https:\/\/www.monaco-tribune.com\/wp-content\/uploads\/2024\/06\/prince-albert-ii-princesse-charlene-festival-television7.jpg 2048w\" sizes=\"auto, (max-width: 1024px) 100vw, 1024px\" \/><figcaption class=\"wp-element-caption\"><em>Vincent Niclo, la Coppia Principesca, la scrittrice Luise Wagner e il famoso meteorologo tedesco Sven Pl\u00f6ger, che ha ricevuto il Premio Speciale Principe Ranieri III per il suo documentario sull&#8217;attuale fenomeno climatico &#8220;El Ni\u00f1o&#8221;.<\/em><\/figcaption><\/figure>\n<\/div>\n\n<div class=\"wp-block-image\">\n<figure class=\"aligncenter size-large\"><img loading=\"lazy\" decoding=\"async\" width=\"1024\" height=\"683\" data-id=\"238248\" src=\"https:\/\/www.monaco-tribune.com\/wp-content\/uploads\/2024\/06\/prince-albert-ii-princesse-charlene-festival-television6-1024x683.jpg\" alt=\"\" class=\"wp-image-238248\" srcset=\"https:\/\/www.monaco-tribune.com\/wp-content\/uploads\/2024\/06\/prince-albert-ii-princesse-charlene-festival-television6-1024x683.jpg 1024w, https:\/\/www.monaco-tribune.com\/wp-content\/uploads\/2024\/06\/prince-albert-ii-princesse-charlene-festival-television6-450x300.jpg 450w, https:\/\/www.monaco-tribune.com\/wp-content\/uploads\/2024\/06\/prince-albert-ii-princesse-charlene-festival-television6.jpg 2048w\" sizes=\"auto, (max-width: 1024px) 100vw, 1024px\" \/><figcaption class=\"wp-element-caption\"><em>La Principessa Charl\u00e8ne ha conferito la Ninfa d&#8217;Onore a Olivier Marchal.<\/em><\/figcaption><\/figure>\n<\/div>\n\n<div class=\"wp-block-image\">\n<figure class=\"aligncenter size-large\"><img loading=\"lazy\" decoding=\"async\" width=\"1024\" height=\"683\" data-id=\"238238\" src=\"https:\/\/www.monaco-tribune.com\/wp-content\/uploads\/2024\/06\/prince-albert-ii-princesse-charlene-festival-television5-1024x683.jpg\" alt=\"\" class=\"wp-image-238238\" srcset=\"https:\/\/www.monaco-tribune.com\/wp-content\/uploads\/2024\/06\/prince-albert-ii-princesse-charlene-festival-television5-1024x683.jpg 1024w, https:\/\/www.monaco-tribune.com\/wp-content\/uploads\/2024\/06\/prince-albert-ii-princesse-charlene-festival-television5-450x300.jpg 450w, https:\/\/www.monaco-tribune.com\/wp-content\/uploads\/2024\/06\/prince-albert-ii-princesse-charlene-festival-television5.jpg 2048w\" sizes=\"auto, (max-width: 1024px) 100vw, 1024px\" \/><figcaption class=\"wp-element-caption\"><em>Vincent Niclo, il Principe e la Principessa, Olivier Marchal, Victor Belmondo e Laury Thilleman.<\/em><\/figcaption><\/figure>\n<\/div>\n\n<div class=\"wp-block-image\">\n<figure class=\"aligncenter size-large\"><img loading=\"lazy\" decoding=\"async\" width=\"1024\" height=\"683\" data-id=\"238260\" src=\"https:\/\/www.monaco-tribune.com\/wp-content\/uploads\/2024\/06\/prince-albert-ii-princesse-charlene-festival-television4-1024x683.jpg\" alt=\"\" class=\"wp-image-238260\" srcset=\"https:\/\/www.monaco-tribune.com\/wp-content\/uploads\/2024\/06\/prince-albert-ii-princesse-charlene-festival-television4-1024x683.jpg 1024w, https:\/\/www.monaco-tribune.com\/wp-content\/uploads\/2024\/06\/prince-albert-ii-princesse-charlene-festival-television4-450x300.jpg 450w, https:\/\/www.monaco-tribune.com\/wp-content\/uploads\/2024\/06\/prince-albert-ii-princesse-charlene-festival-television4.jpg 2048w\" sizes=\"auto, (max-width: 1024px) 100vw, 1024px\" \/><\/figure>\n<\/div><\/figure>\n\n<p><em>Crediti foto: \u00a9 Direzione della Comunicazione \/ St\u00e9phane Danna e Mathis Canet-Lorenzi.<\/em><\/p>\n\n<p class=\"related\"><a href=\"https:\/\/www.monaco-tribune.com\/it\/2024\/06\/il-principe-alberto-ii-la-principessa-charlene-i-gemelli-charles-leclerc-grande-partecipazione-per-il-passaggio-della-fiamma-olimpica-a-monaco\/\">Il Principe Alberto II, la Principessa Charl\u00e8ne, i gemelli, Charles Leclerc\u2026 grande partecipazione per il passaggio della fiamma olimpica a Monaco!<\/a><\/p>\n","protected":false},"excerpt":{"rendered":"<p>Marted\u00ec 18 giugno si \u00e8 conclusa la 63\u00aa edizione del Festival della Televisione di Monte-Carlo, che si \u00e8 svolta per [&hellip;]<\/p>\n","protected":false},"author":77,"featured_media":238236,"comment_status":"closed","ping_status":"closed","sticky":false,"template":"","format":"standard","meta":{"_acf_changed":false,"footnotes":""},"categories":[1742,1826,1738],"tags":[2986],"post_sectags":[3304],"post_format":[2474],"class_list":["post-238627","post","type-post","status-publish","format-standard","has-post-thumbnail","hentry","category-famiglia-principesca","category-la-nostra-scelta","category-notizie","tag-principe-alberto-ii","sectag-principessa-charlene","format-foto"],"acf":[],"yoast_head":"<!-- This site is optimized with the Yoast SEO Premium plugin v26.8 (Yoast SEO v27.5) - https:\/\/yoast.com\/product\/yoast-seo-premium-wordpress\/ -->\n<title>Il Principe Alberto II e la Principessa Charl\u00e8ne chiudono in bellezza il Festival della televisione di Monte-Carlo<\/title>\n<meta name=\"description\" content=\"Marted\u00ec 18 giugno si \u00e8 conclusa la 63\u00aa edizione del Festival della Televisione di Monte-Carlo, che si \u00e8 svolta per quattro intense giornate al Grimaldi\" \/>\n<meta name=\"robots\" content=\"index, follow, max-snippet:-1, max-image-preview:large, max-video-preview:-1\" \/>\n<link rel=\"canonical\" href=\"https:\/\/www.monaco-tribune.com\/it\/2024\/06\/il-principe-alberto-ii-e-la-principessa-charlene-chiudono-in-bellezza-il-festival-della-televisione-di-monte-carlo\/\" \/>\n<meta property=\"og:locale\" content=\"it_IT\" \/>\n<meta property=\"og:type\" content=\"article\" \/>\n<meta property=\"og:title\" content=\"Il Principe Alberto II e la Principessa Charl\u00e8ne chiudono in bellezza il Festival della televisione di Monte-Carlo - Monaco Tribune\" \/>\n<meta property=\"og:description\" content=\"Marted\u00ec 18 giugno si \u00e8 conclusa la 63\u00aa edizione del Festival della Televisione di Monte-Carlo, che si \u00e8 svolta per quattro intense giornate al Grimaldi\" \/>\n<meta property=\"og:url\" content=\"https:\/\/www.monaco-tribune.com\/it\/2024\/06\/il-principe-alberto-ii-e-la-principessa-charlene-chiudono-in-bellezza-il-festival-della-televisione-di-monte-carlo\/\" \/>\n<meta property=\"og:site_name\" content=\"Monaco Tribune\" \/>\n<meta property=\"article:publisher\" content=\"https:\/\/www.facebook.com\/MonacoTribune\" \/>\n<meta property=\"article:published_time\" content=\"2024-06-20T15:28:05+00:00\" \/>\n<meta property=\"article:modified_time\" content=\"2024-06-20T15:28:12+00:00\" \/>\n<meta property=\"og:image\" content=\"https:\/\/www.monaco-tribune.com\/wp-content\/uploads\/2024\/06\/prince-albert-ii-princesse-charlene-festival-television1.jpg\" \/>\n\t<meta property=\"og:image:width\" content=\"1866\" \/>\n\t<meta property=\"og:image:height\" content=\"1700\" \/>\n\t<meta property=\"og:image:type\" content=\"image\/jpeg\" \/>\n<meta name=\"author\" content=\"Ana\u00efs Riu\" \/>\n<meta name=\"twitter:card\" content=\"summary_large_image\" \/>\n<meta name=\"twitter:creator\" content=\"@MonacoTribune\" \/>\n<meta name=\"twitter:site\" content=\"@MonacoTribune\" \/>\n<script type=\"application\/ld+json\" class=\"yoast-schema-graph\">{\"@context\":\"https:\\\/\\\/schema.org\",\"@graph\":[{\"@type\":\"NewsArticle\",\"@id\":\"https:\\\/\\\/www.monaco-tribune.com\\\/it\\\/2024\\\/06\\\/il-principe-alberto-ii-e-la-principessa-charlene-chiudono-in-bellezza-il-festival-della-televisione-di-monte-carlo\\\/#article\",\"isPartOf\":{\"@id\":\"https:\\\/\\\/www.monaco-tribune.com\\\/it\\\/2024\\\/06\\\/il-principe-alberto-ii-e-la-principessa-charlene-chiudono-in-bellezza-il-festival-della-televisione-di-monte-carlo\\\/\"},\"author\":{\"name\":\"Ana\u00efs Riu\",\"@id\":\"https:\\\/\\\/www.monaco-tribune.com\\\/it\\\/#\\\/schema\\\/person\\\/6db631c784f2f0eff54c3ca4d1da2d49\"},\"headline\":\"Il Principe Alberto II e la Principessa Charl\u00e8ne chiudono in bellezza il Festival della televisione di Monte-Carlo\",\"datePublished\":\"2024-06-20T15:28:05+00:00\",\"dateModified\":\"2024-06-20T15:28:12+00:00\",\"mainEntityOfPage\":{\"@id\":\"https:\\\/\\\/www.monaco-tribune.com\\\/it\\\/2024\\\/06\\\/il-principe-alberto-ii-e-la-principessa-charlene-chiudono-in-bellezza-il-festival-della-televisione-di-monte-carlo\\\/\"},\"wordCount\":335,\"publisher\":{\"@id\":\"https:\\\/\\\/www.monaco-tribune.com\\\/it\\\/#organization\"},\"image\":{\"@id\":\"https:\\\/\\\/www.monaco-tribune.com\\\/it\\\/2024\\\/06\\\/il-principe-alberto-ii-e-la-principessa-charlene-chiudono-in-bellezza-il-festival-della-televisione-di-monte-carlo\\\/#primaryimage\"},\"thumbnailUrl\":\"https:\\\/\\\/www.monaco-tribune.com\\\/wp-content\\\/uploads\\\/2024\\\/06\\\/prince-albert-ii-princesse-charlene-festival-television1.jpg\",\"keywords\":[\"Principe Alberto II\"],\"articleSection\":[\"Famiglia Principesca\",\"La nostra scelta\",\"Notizie\"],\"inLanguage\":\"it-IT\",\"copyrightYear\":\"2024\",\"copyrightHolder\":{\"@id\":\"https:\\\/\\\/www.monaco-tribune.com\\\/#organization\"}},{\"@type\":\"WebPage\",\"@id\":\"https:\\\/\\\/www.monaco-tribune.com\\\/it\\\/2024\\\/06\\\/il-principe-alberto-ii-e-la-principessa-charlene-chiudono-in-bellezza-il-festival-della-televisione-di-monte-carlo\\\/\",\"url\":\"https:\\\/\\\/www.monaco-tribune.com\\\/it\\\/2024\\\/06\\\/il-principe-alberto-ii-e-la-principessa-charlene-chiudono-in-bellezza-il-festival-della-televisione-di-monte-carlo\\\/\",\"name\":\"Il Principe Alberto II e la Principessa Charl\u00e8ne chiudono in bellezza il Festival della televisione di Monte-Carlo\",\"isPartOf\":{\"@id\":\"https:\\\/\\\/www.monaco-tribune.com\\\/it\\\/#website\"},\"primaryImageOfPage\":{\"@id\":\"https:\\\/\\\/www.monaco-tribune.com\\\/it\\\/2024\\\/06\\\/il-principe-alberto-ii-e-la-principessa-charlene-chiudono-in-bellezza-il-festival-della-televisione-di-monte-carlo\\\/#primaryimage\"},\"image\":{\"@id\":\"https:\\\/\\\/www.monaco-tribune.com\\\/it\\\/2024\\\/06\\\/il-principe-alberto-ii-e-la-principessa-charlene-chiudono-in-bellezza-il-festival-della-televisione-di-monte-carlo\\\/#primaryimage\"},\"thumbnailUrl\":\"https:\\\/\\\/www.monaco-tribune.com\\\/wp-content\\\/uploads\\\/2024\\\/06\\\/prince-albert-ii-princesse-charlene-festival-television1.jpg\",\"datePublished\":\"2024-06-20T15:28:05+00:00\",\"dateModified\":\"2024-06-20T15:28:12+00:00\",\"description\":\"Marted\u00ec 18 giugno si \u00e8 conclusa la 63\u00aa edizione del Festival della Televisione di Monte-Carlo, che si \u00e8 svolta per quattro intense giornate al Grimaldi\",\"breadcrumb\":{\"@id\":\"https:\\\/\\\/www.monaco-tribune.com\\\/it\\\/2024\\\/06\\\/il-principe-alberto-ii-e-la-principessa-charlene-chiudono-in-bellezza-il-festival-della-televisione-di-monte-carlo\\\/#breadcrumb\"},\"inLanguage\":\"it-IT\",\"potentialAction\":[{\"@type\":\"ReadAction\",\"target\":[\"https:\\\/\\\/www.monaco-tribune.com\\\/it\\\/2024\\\/06\\\/il-principe-alberto-ii-e-la-principessa-charlene-chiudono-in-bellezza-il-festival-della-televisione-di-monte-carlo\\\/\"]}]},{\"@type\":\"ImageObject\",\"inLanguage\":\"it-IT\",\"@id\":\"https:\\\/\\\/www.monaco-tribune.com\\\/it\\\/2024\\\/06\\\/il-principe-alberto-ii-e-la-principessa-charlene-chiudono-in-bellezza-il-festival-della-televisione-di-monte-carlo\\\/#primaryimage\",\"url\":\"https:\\\/\\\/www.monaco-tribune.com\\\/wp-content\\\/uploads\\\/2024\\\/06\\\/prince-albert-ii-princesse-charlene-festival-television1.jpg\",\"contentUrl\":\"https:\\\/\\\/www.monaco-tribune.com\\\/wp-content\\\/uploads\\\/2024\\\/06\\\/prince-albert-ii-princesse-charlene-festival-television1.jpg\",\"width\":1866,\"height\":1700,\"caption\":\"Il Principe Alberto e la Principessa Charl\u00e8ne erano presenti l'anno scorso alla 63\u00aa edizione del Festival della Televisione di Monte-Carlo \u00a9 Dipartimento di Comunicazione\"},{\"@type\":\"BreadcrumbList\",\"@id\":\"https:\\\/\\\/www.monaco-tribune.com\\\/it\\\/2024\\\/06\\\/il-principe-alberto-ii-e-la-principessa-charlene-chiudono-in-bellezza-il-festival-della-televisione-di-monte-carlo\\\/#breadcrumb\",\"itemListElement\":[{\"@type\":\"ListItem\",\"position\":1,\"name\":\"Accueil\",\"item\":\"https:\\\/\\\/www.monaco-tribune.com\\\/it\\\/\"},{\"@type\":\"ListItem\",\"position\":2,\"name\":\"Il Principe Alberto II e la Principessa Charl\u00e8ne chiudono in bellezza il Festival della televisione di Monte-Carlo\"}]},{\"@type\":\"WebSite\",\"@id\":\"https:\\\/\\\/www.monaco-tribune.com\\\/it\\\/#website\",\"url\":\"https:\\\/\\\/www.monaco-tribune.com\\\/it\\\/\",\"name\":\"Monaco Tribune\",\"description\":\"Monaco : actualit\u00e9s \u00e9conomiques, politiques, culturelles et sportives de Monaco et de la French Riviera.\",\"publisher\":{\"@id\":\"https:\\\/\\\/www.monaco-tribune.com\\\/it\\\/#organization\"},\"potentialAction\":[{\"@type\":\"SearchAction\",\"target\":{\"@type\":\"EntryPoint\",\"urlTemplate\":\"https:\\\/\\\/www.monaco-tribune.com\\\/it\\\/?s={search_term_string}\"},\"query-input\":{\"@type\":\"PropertyValueSpecification\",\"valueRequired\":true,\"valueName\":\"search_term_string\"}}],\"inLanguage\":\"it-IT\"},{\"@type\":\"Organization\",\"@id\":\"https:\\\/\\\/www.monaco-tribune.com\\\/it\\\/#organization\",\"name\":\"Monaco Tribune\",\"url\":\"https:\\\/\\\/www.monaco-tribune.com\\\/it\\\/\",\"logo\":{\"@type\":\"ImageObject\",\"inLanguage\":\"it-IT\",\"@id\":\"https:\\\/\\\/www.monaco-tribune.com\\\/it\\\/#\\\/schema\\\/logo\\\/image\\\/\",\"url\":\"https:\\\/\\\/www.monaco-tribune.com\\\/wp-content\\\/uploads\\\/2022\\\/11\\\/logo-monaco-tribune.png\",\"contentUrl\":\"https:\\\/\\\/www.monaco-tribune.com\\\/wp-content\\\/uploads\\\/2022\\\/11\\\/logo-monaco-tribune.png\",\"width\":1548,\"height\":600,\"caption\":\"Monaco Tribune\"},\"image\":{\"@id\":\"https:\\\/\\\/www.monaco-tribune.com\\\/it\\\/#\\\/schema\\\/logo\\\/image\\\/\"},\"sameAs\":[\"https:\\\/\\\/www.facebook.com\\\/MonacoTribune\",\"https:\\\/\\\/x.com\\\/MonacoTribune\",\"https:\\\/\\\/www.instagram.com\\\/monacotribune\\\/\",\"https:\\\/\\\/www.linkedin.com\\\/company\\\/monaco-tribune\",\"https:\\\/\\\/www.youtube.com\\\/channel\\\/UCHle1MnG6hw1y4lWKijVbMA\"]},{\"@type\":\"Person\",\"@id\":\"https:\\\/\\\/www.monaco-tribune.com\\\/it\\\/#\\\/schema\\\/person\\\/6db631c784f2f0eff54c3ca4d1da2d49\",\"name\":\"Ana\u00efs Riu\",\"image\":{\"@type\":\"ImageObject\",\"inLanguage\":\"it-IT\",\"@id\":\"https:\\\/\\\/secure.gravatar.com\\\/avatar\\\/9137eff67ff750f1997c171f45e5829ca4c8fa34729a8f8cd9dc85be7e50df7f?s=96&d=mm&r=g\",\"url\":\"https:\\\/\\\/secure.gravatar.com\\\/avatar\\\/9137eff67ff750f1997c171f45e5829ca4c8fa34729a8f8cd9dc85be7e50df7f?s=96&d=mm&r=g\",\"contentUrl\":\"https:\\\/\\\/secure.gravatar.com\\\/avatar\\\/9137eff67ff750f1997c171f45e5829ca4c8fa34729a8f8cd9dc85be7e50df7f?s=96&d=mm&r=g\",\"caption\":\"Ana\u00efs Riu\"},\"url\":\"https:\\\/\\\/www.monaco-tribune.com\\\/it\\\/author\\\/anaisriu\\\/\"}]}<\/script>\n<!-- \/ Yoast SEO Premium plugin. -->","yoast_head_json":{"title":"Il Principe Alberto II e la Principessa Charl\u00e8ne chiudono in bellezza il Festival della televisione di Monte-Carlo","description":"Marted\u00ec 18 giugno si \u00e8 conclusa la 63\u00aa edizione del Festival della Televisione di Monte-Carlo, che si \u00e8 svolta per quattro intense giornate al Grimaldi","robots":{"index":"index","follow":"follow","max-snippet":"max-snippet:-1","max-image-preview":"max-image-preview:large","max-video-preview":"max-video-preview:-1"},"canonical":"https:\/\/www.monaco-tribune.com\/it\/2024\/06\/il-principe-alberto-ii-e-la-principessa-charlene-chiudono-in-bellezza-il-festival-della-televisione-di-monte-carlo\/","og_locale":"it_IT","og_type":"article","og_title":"Il Principe Alberto II e la Principessa Charl\u00e8ne chiudono in bellezza il Festival della televisione di Monte-Carlo - Monaco Tribune","og_description":"Marted\u00ec 18 giugno si \u00e8 conclusa la 63\u00aa edizione del Festival della Televisione di Monte-Carlo, che si \u00e8 svolta per quattro intense giornate al Grimaldi","og_url":"https:\/\/www.monaco-tribune.com\/it\/2024\/06\/il-principe-alberto-ii-e-la-principessa-charlene-chiudono-in-bellezza-il-festival-della-televisione-di-monte-carlo\/","og_site_name":"Monaco Tribune","article_publisher":"https:\/\/www.facebook.com\/MonacoTribune","article_published_time":"2024-06-20T15:28:05+00:00","article_modified_time":"2024-06-20T15:28:12+00:00","og_image":[{"width":1866,"height":1700,"url":"https:\/\/www.monaco-tribune.com\/wp-content\/uploads\/2024\/06\/prince-albert-ii-princesse-charlene-festival-television1.jpg","type":"image\/jpeg"}],"author":"Ana\u00efs Riu","twitter_card":"summary_large_image","twitter_creator":"@MonacoTribune","twitter_site":"@MonacoTribune","schema":{"@context":"https:\/\/schema.org","@graph":[{"@type":"NewsArticle","@id":"https:\/\/www.monaco-tribune.com\/it\/2024\/06\/il-principe-alberto-ii-e-la-principessa-charlene-chiudono-in-bellezza-il-festival-della-televisione-di-monte-carlo\/#article","isPartOf":{"@id":"https:\/\/www.monaco-tribune.com\/it\/2024\/06\/il-principe-alberto-ii-e-la-principessa-charlene-chiudono-in-bellezza-il-festival-della-televisione-di-monte-carlo\/"},"author":{"name":"Ana\u00efs Riu","@id":"https:\/\/www.monaco-tribune.com\/it\/#\/schema\/person\/6db631c784f2f0eff54c3ca4d1da2d49"},"headline":"Il Principe Alberto II e la Principessa Charl\u00e8ne chiudono in bellezza il Festival della televisione di Monte-Carlo","datePublished":"2024-06-20T15:28:05+00:00","dateModified":"2024-06-20T15:28:12+00:00","mainEntityOfPage":{"@id":"https:\/\/www.monaco-tribune.com\/it\/2024\/06\/il-principe-alberto-ii-e-la-principessa-charlene-chiudono-in-bellezza-il-festival-della-televisione-di-monte-carlo\/"},"wordCount":335,"publisher":{"@id":"https:\/\/www.monaco-tribune.com\/it\/#organization"},"image":{"@id":"https:\/\/www.monaco-tribune.com\/it\/2024\/06\/il-principe-alberto-ii-e-la-principessa-charlene-chiudono-in-bellezza-il-festival-della-televisione-di-monte-carlo\/#primaryimage"},"thumbnailUrl":"https:\/\/www.monaco-tribune.com\/wp-content\/uploads\/2024\/06\/prince-albert-ii-princesse-charlene-festival-television1.jpg","keywords":["Principe Alberto II"],"articleSection":["Famiglia Principesca","La nostra scelta","Notizie"],"inLanguage":"it-IT","copyrightYear":"2024","copyrightHolder":{"@id":"https:\/\/www.monaco-tribune.com\/#organization"}},{"@type":"WebPage","@id":"https:\/\/www.monaco-tribune.com\/it\/2024\/06\/il-principe-alberto-ii-e-la-principessa-charlene-chiudono-in-bellezza-il-festival-della-televisione-di-monte-carlo\/","url":"https:\/\/www.monaco-tribune.com\/it\/2024\/06\/il-principe-alberto-ii-e-la-principessa-charlene-chiudono-in-bellezza-il-festival-della-televisione-di-monte-carlo\/","name":"Il Principe Alberto II e la Principessa Charl\u00e8ne chiudono in bellezza il Festival della televisione di Monte-Carlo","isPartOf":{"@id":"https:\/\/www.monaco-tribune.com\/it\/#website"},"primaryImageOfPage":{"@id":"https:\/\/www.monaco-tribune.com\/it\/2024\/06\/il-principe-alberto-ii-e-la-principessa-charlene-chiudono-in-bellezza-il-festival-della-televisione-di-monte-carlo\/#primaryimage"},"image":{"@id":"https:\/\/www.monaco-tribune.com\/it\/2024\/06\/il-principe-alberto-ii-e-la-principessa-charlene-chiudono-in-bellezza-il-festival-della-televisione-di-monte-carlo\/#primaryimage"},"thumbnailUrl":"https:\/\/www.monaco-tribune.com\/wp-content\/uploads\/2024\/06\/prince-albert-ii-princesse-charlene-festival-television1.jpg","datePublished":"2024-06-20T15:28:05+00:00","dateModified":"2024-06-20T15:28:12+00:00","description":"Marted\u00ec 18 giugno si \u00e8 conclusa la 63\u00aa edizione del Festival della Televisione di Monte-Carlo, che si \u00e8 svolta per quattro intense giornate al Grimaldi","breadcrumb":{"@id":"https:\/\/www.monaco-tribune.com\/it\/2024\/06\/il-principe-alberto-ii-e-la-principessa-charlene-chiudono-in-bellezza-il-festival-della-televisione-di-monte-carlo\/#breadcrumb"},"inLanguage":"it-IT","potentialAction":[{"@type":"ReadAction","target":["https:\/\/www.monaco-tribune.com\/it\/2024\/06\/il-principe-alberto-ii-e-la-principessa-charlene-chiudono-in-bellezza-il-festival-della-televisione-di-monte-carlo\/"]}]},{"@type":"ImageObject","inLanguage":"it-IT","@id":"https:\/\/www.monaco-tribune.com\/it\/2024\/06\/il-principe-alberto-ii-e-la-principessa-charlene-chiudono-in-bellezza-il-festival-della-televisione-di-monte-carlo\/#primaryimage","url":"https:\/\/www.monaco-tribune.com\/wp-content\/uploads\/2024\/06\/prince-albert-ii-princesse-charlene-festival-television1.jpg","contentUrl":"https:\/\/www.monaco-tribune.com\/wp-content\/uploads\/2024\/06\/prince-albert-ii-princesse-charlene-festival-television1.jpg","width":1866,"height":1700,"caption":"Il Principe Alberto e la Principessa Charl\u00e8ne erano presenti l'anno scorso alla 63\u00aa edizione del Festival della Televisione di Monte-Carlo \u00a9 Dipartimento di Comunicazione"},{"@type":"BreadcrumbList","@id":"https:\/\/www.monaco-tribune.com\/it\/2024\/06\/il-principe-alberto-ii-e-la-principessa-charlene-chiudono-in-bellezza-il-festival-della-televisione-di-monte-carlo\/#breadcrumb","itemListElement":[{"@type":"ListItem","position":1,"name":"Accueil","item":"https:\/\/www.monaco-tribune.com\/it\/"},{"@type":"ListItem","position":2,"name":"Il Principe Alberto II e la Principessa Charl\u00e8ne chiudono in bellezza il Festival della televisione di Monte-Carlo"}]},{"@type":"WebSite","@id":"https:\/\/www.monaco-tribune.com\/it\/#website","url":"https:\/\/www.monaco-tribune.com\/it\/","name":"Monaco Tribune","description":"Monaco : actualit\u00e9s \u00e9conomiques, politiques, culturelles et sportives de Monaco et de la French Riviera.","publisher":{"@id":"https:\/\/www.monaco-tribune.com\/it\/#organization"},"potentialAction":[{"@type":"SearchAction","target":{"@type":"EntryPoint","urlTemplate":"https:\/\/www.monaco-tribune.com\/it\/?s={search_term_string}"},"query-input":{"@type":"PropertyValueSpecification","valueRequired":true,"valueName":"search_term_string"}}],"inLanguage":"it-IT"},{"@type":"Organization","@id":"https:\/\/www.monaco-tribune.com\/it\/#organization","name":"Monaco Tribune","url":"https:\/\/www.monaco-tribune.com\/it\/","logo":{"@type":"ImageObject","inLanguage":"it-IT","@id":"https:\/\/www.monaco-tribune.com\/it\/#\/schema\/logo\/image\/","url":"https:\/\/www.monaco-tribune.com\/wp-content\/uploads\/2022\/11\/logo-monaco-tribune.png","contentUrl":"https:\/\/www.monaco-tribune.com\/wp-content\/uploads\/2022\/11\/logo-monaco-tribune.png","width":1548,"height":600,"caption":"Monaco Tribune"},"image":{"@id":"https:\/\/www.monaco-tribune.com\/it\/#\/schema\/logo\/image\/"},"sameAs":["https:\/\/www.facebook.com\/MonacoTribune","https:\/\/x.com\/MonacoTribune","https:\/\/www.instagram.com\/monacotribune\/","https:\/\/www.linkedin.com\/company\/monaco-tribune","https:\/\/www.youtube.com\/channel\/UCHle1MnG6hw1y4lWKijVbMA"]},{"@type":"Person","@id":"https:\/\/www.monaco-tribune.com\/it\/#\/schema\/person\/6db631c784f2f0eff54c3ca4d1da2d49","name":"Ana\u00efs Riu","image":{"@type":"ImageObject","inLanguage":"it-IT","@id":"https:\/\/secure.gravatar.com\/avatar\/9137eff67ff750f1997c171f45e5829ca4c8fa34729a8f8cd9dc85be7e50df7f?s=96&d=mm&r=g","url":"https:\/\/secure.gravatar.com\/avatar\/9137eff67ff750f1997c171f45e5829ca4c8fa34729a8f8cd9dc85be7e50df7f?s=96&d=mm&r=g","contentUrl":"https:\/\/secure.gravatar.com\/avatar\/9137eff67ff750f1997c171f45e5829ca4c8fa34729a8f8cd9dc85be7e50df7f?s=96&d=mm&r=g","caption":"Ana\u00efs Riu"},"url":"https:\/\/www.monaco-tribune.com\/it\/author\/anaisriu\/"}]}},"_links":{"self":[{"href":"https:\/\/www.monaco-tribune.com\/it\/wp-json\/wp\/v2\/posts\/238627","targetHints":{"allow":["GET"]}}],"collection":[{"href":"https:\/\/www.monaco-tribune.com\/it\/wp-json\/wp\/v2\/posts"}],"about":[{"href":"https:\/\/www.monaco-tribune.com\/it\/wp-json\/wp\/v2\/types\/post"}],"author":[{"embeddable":true,"href":"https:\/\/www.monaco-tribune.com\/it\/wp-json\/wp\/v2\/users\/77"}],"replies":[{"embeddable":true,"href":"https:\/\/www.monaco-tribune.com\/it\/wp-json\/wp\/v2\/comments?post=238627"}],"version-history":[{"count":2,"href":"https:\/\/www.monaco-tribune.com\/it\/wp-json\/wp\/v2\/posts\/238627\/revisions"}],"predecessor-version":[{"id":238630,"href":"https:\/\/www.monaco-tribune.com\/it\/wp-json\/wp\/v2\/posts\/238627\/revisions\/238630"}],"wp:featuredmedia":[{"embeddable":true,"href":"https:\/\/www.monaco-tribune.com\/it\/wp-json\/wp\/v2\/media\/238236"}],"wp:attachment":[{"href":"https:\/\/www.monaco-tribune.com\/it\/wp-json\/wp\/v2\/media?parent=238627"}],"wp:term":[{"taxonomy":"category","embeddable":true,"href":"https:\/\/www.monaco-tribune.com\/it\/wp-json\/wp\/v2\/categories?post=238627"},{"taxonomy":"post_tag","embeddable":true,"href":"https:\/\/www.monaco-tribune.com\/it\/wp-json\/wp\/v2\/tags?post=238627"},{"taxonomy":"sectag","embeddable":true,"href":"https:\/\/www.monaco-tribune.com\/it\/wp-json\/wp\/v2\/post_sectags?post=238627"},{"taxonomy":"format","embeddable":true,"href":"https:\/\/www.monaco-tribune.com\/it\/wp-json\/wp\/v2\/post_format?post=238627"}],"curies":[{"name":"wp","href":"https:\/\/api.w.org\/{rel}","templated":true}]}}