{"id":239188,"date":"2024-06-24T15:42:24","date_gmt":"2024-06-24T13:42:24","guid":{"rendered":"https:\/\/www.monaco-tribune.com\/2024\/06\/lo-yacht-club-di-monaco-ha-organizzato-il-suo-tradizionale-cocktail-estivo-alla-presenza-del-principe-alberto-ii\/"},"modified":"2024-06-24T18:05:48","modified_gmt":"2024-06-24T16:05:48","slug":"lo-yacht-club-di-monaco-ha-organizzato-il-suo-tradizionale-cocktail-estivo-alla-presenza-del-principe-alberto-ii","status":"publish","type":"post","link":"https:\/\/www.monaco-tribune.com\/it\/2024\/06\/lo-yacht-club-di-monaco-ha-organizzato-il-suo-tradizionale-cocktail-estivo-alla-presenza-del-principe-alberto-ii\/","title":{"rendered":"Lo Yacht Club di Monaco e il suo tradizionale cocktail estivo alla presenza del Principe Alberto II"},"content":{"rendered":"\n<p><strong>Questo luned\u00ec, i 2.500 membri dello Yacht Club de Monaco si sono riuniti per un cocktail molto importante.<\/strong><\/p>\n\n<p>Il tradizionale cocktail estivo dello Yacht Club Monaco (YCM) si \u00e8 tenuto luned\u00ec 17 giugno 2024. L&#8217;evento ha celebrato il 10\u00b0 anniversario del nuovo edificio e i 40 anni della presidenza del Principe Alberto II. <\/p>\n\n<p>&#8220;Oggi, il nostro stabilimento non \u00e8 pi\u00f9 un semplice edificio, incarna il nostro impegno per l&#8217;eccellenza, l&#8217;innovazione e la salvaguardia dell&#8217;ambiente marino. Luogo di incontro dinamico per i nostri 2.500 soci, il club incentiva lo scambio di idee sulla nostra comune passione per il mare. Simboleggia la nostra determinazione a restare all&#8217;avanguardia della nautica da diporto, pur rimanendo fedeli alla nostra filosofia di vita (&#8230;)&#8221; ha dichiarato il Principe Alberto II.<\/p>\n\n<p>Anche la Principessa Carolina di Monaco e suo figlio, Pierre Casiraghi, hanno sostenuto il Sovrano in questa serata speciale.<\/p>\n\n<p class=\"related\"><a href=\"https:\/\/www.monaco-tribune.com\/it\/2024\/02\/2023-il-secondo-anno-piu-caldo-nel-principato\/\">2023, il secondo anno pi\u00f9 caldo nel Principato<\/a><\/p>\n\n<figure class=\"wp-block-image size-large\"><img loading=\"lazy\" decoding=\"async\" width=\"1024\" height=\"683\" src=\"https:\/\/www.monaco-tribune.com\/wp-content\/uploads\/2024\/06\/prince-albert-monaco-yacht-club-1024x683.jpeg\" alt=\"\" class=\"wp-image-238078\" srcset=\"https:\/\/www.monaco-tribune.com\/wp-content\/uploads\/2024\/06\/prince-albert-monaco-yacht-club-1024x683.jpeg 1024w, https:\/\/www.monaco-tribune.com\/wp-content\/uploads\/2024\/06\/prince-albert-monaco-yacht-club-450x300.jpeg 450w, https:\/\/www.monaco-tribune.com\/wp-content\/uploads\/2024\/06\/prince-albert-monaco-yacht-club.jpeg 2048w\" sizes=\"auto, (max-width: 1024px) 100vw, 1024px\" \/><\/figure>\n\n<figure class=\"wp-block-image size-large\"><img loading=\"lazy\" decoding=\"async\" width=\"1024\" height=\"683\" src=\"https:\/\/www.monaco-tribune.com\/wp-content\/uploads\/2024\/06\/prince-albert-ii-applaudissement-cocktail-yacht-club-monaco-1024x683.jpeg\" alt=\"\" class=\"wp-image-238087\" srcset=\"https:\/\/www.monaco-tribune.com\/wp-content\/uploads\/2024\/06\/prince-albert-ii-applaudissement-cocktail-yacht-club-monaco-1024x683.jpeg 1024w, https:\/\/www.monaco-tribune.com\/wp-content\/uploads\/2024\/06\/prince-albert-ii-applaudissement-cocktail-yacht-club-monaco-450x300.jpeg 450w, https:\/\/www.monaco-tribune.com\/wp-content\/uploads\/2024\/06\/prince-albert-ii-applaudissement-cocktail-yacht-club-monaco.jpeg 2048w\" sizes=\"auto, (max-width: 1024px) 100vw, 1024px\" \/><\/figure>\n\n<figure class=\"wp-block-image size-large\"><img loading=\"lazy\" decoding=\"async\" width=\"1024\" height=\"683\" src=\"https:\/\/www.monaco-tribune.com\/wp-content\/uploads\/2024\/06\/princesse-caroline-pierre-casiraghi-coctail-yacht-club-monaco-1024x683.jpeg\" alt=\"\" class=\"wp-image-238074\" srcset=\"https:\/\/www.monaco-tribune.com\/wp-content\/uploads\/2024\/06\/princesse-caroline-pierre-casiraghi-coctail-yacht-club-monaco-1024x683.jpeg 1024w, https:\/\/www.monaco-tribune.com\/wp-content\/uploads\/2024\/06\/princesse-caroline-pierre-casiraghi-coctail-yacht-club-monaco-450x300.jpeg 450w, https:\/\/www.monaco-tribune.com\/wp-content\/uploads\/2024\/06\/princesse-caroline-pierre-casiraghi-coctail-yacht-club-monaco.jpeg 2048w\" sizes=\"auto, (max-width: 1024px) 100vw, 1024px\" \/><\/figure>\n\n<figure class=\"wp-block-image size-large\"><img loading=\"lazy\" decoding=\"async\" width=\"1024\" height=\"683\" src=\"https:\/\/www.monaco-tribune.com\/wp-content\/uploads\/2024\/06\/yacht-club-monaco-capitaine-1024x683.jpeg\" alt=\"\" class=\"wp-image-238070\" srcset=\"https:\/\/www.monaco-tribune.com\/wp-content\/uploads\/2024\/06\/yacht-club-monaco-capitaine-1024x683.jpeg 1024w, https:\/\/www.monaco-tribune.com\/wp-content\/uploads\/2024\/06\/yacht-club-monaco-capitaine-450x300.jpeg 450w, https:\/\/www.monaco-tribune.com\/wp-content\/uploads\/2024\/06\/yacht-club-monaco-capitaine.jpeg 2048w\" sizes=\"auto, (max-width: 1024px) 100vw, 1024px\" \/><\/figure>\n\n<figure class=\"wp-block-image size-large\"><img loading=\"lazy\" decoding=\"async\" width=\"1024\" height=\"683\" src=\"https:\/\/www.monaco-tribune.com\/wp-content\/uploads\/2024\/06\/membres-yacht-club-monaco-cocktail-1024x683.jpeg\" alt=\"\" class=\"wp-image-238091\" srcset=\"https:\/\/www.monaco-tribune.com\/wp-content\/uploads\/2024\/06\/membres-yacht-club-monaco-cocktail-1024x683.jpeg 1024w, https:\/\/www.monaco-tribune.com\/wp-content\/uploads\/2024\/06\/membres-yacht-club-monaco-cocktail-450x300.jpeg 450w, https:\/\/www.monaco-tribune.com\/wp-content\/uploads\/2024\/06\/membres-yacht-club-monaco-cocktail.jpeg 2048w\" sizes=\"auto, (max-width: 1024px) 100vw, 1024px\" \/><\/figure>\n<div class=\"wp-block-image\">\n<figure class=\"aligncenter size-large\"><img loading=\"lazy\" decoding=\"async\" width=\"1024\" height=\"683\" src=\"https:\/\/www.monaco-tribune.com\/wp-content\/uploads\/2024\/06\/cocktail-yacht-club-monaco-1024x683.jpeg\" alt=\"\" class=\"wp-image-238066\" srcset=\"https:\/\/www.monaco-tribune.com\/wp-content\/uploads\/2024\/06\/cocktail-yacht-club-monaco-1024x683.jpeg 1024w, https:\/\/www.monaco-tribune.com\/wp-content\/uploads\/2024\/06\/cocktail-yacht-club-monaco-450x300.jpeg 450w, https:\/\/www.monaco-tribune.com\/wp-content\/uploads\/2024\/06\/cocktail-yacht-club-monaco.jpeg 2048w\" sizes=\"auto, (max-width: 1024px) 100vw, 1024px\" \/><figcaption class=\"wp-element-caption\"><em>\u00a9\u00a0Direzione della comunicazione \/ St\u00e9phane Danna<\/em><\/figcaption><\/figure>\n<\/div>\n<h2 class=\"wp-block-heading has-text-align-left\" id=\"h-comment-devenir-membre-du-yacht-club-de-monaco\"><strong>Come diventare membri dello Yacht Club de Monaco?<\/strong><\/h2>\n\n<p>Lo Yacht Club de Monaco \u00e8 un club molto selettivo ed \u00e8 riservato ai soci con una passione per la vela e per il mondo nautico in generale. Per diventare membri, \u00e8 necessario seguire un processo di candidatura ed essere presentati da due sponsor che devono appartenere allo YCM da pi\u00f9 di un anno. <\/p>\n\n<p>Una volta consegnata la domanda di ammissione al Servizio Soci, questa verr\u00e0 esaminata da un comitato di ammissione presieduto dal Principe Alberto II. Se viene accettata, il nuovo membro viene ufficialmente inserito nel club con un cocktail a cui partecipano tutti i membri dell&#8217;YCM. <\/p>\n\n<p>Ricordiamo che il ruolo di sponsor non va preso alla leggera visto che comporta diverse responsabilit\u00e0, tra cui l&#8217;integrazione del nuovo membro nella vita del club e la presentazione agli altri membri.<\/p>\n","protected":false},"excerpt":{"rendered":"<p>Questo luned\u00ec, i 2.500 membri dello Yacht Club de Monaco si sono riuniti per un cocktail molto importante. Il tradizionale [&hellip;]<\/p>\n","protected":false},"author":47,"featured_media":238085,"comment_status":"closed","ping_status":"closed","sticky":false,"template":"","format":"standard","meta":{"_acf_changed":false,"footnotes":""},"categories":[1738,1743],"tags":[5015],"post_sectags":[],"post_format":[2474],"class_list":["post-239188","post","type-post","status-publish","format-standard","has-post-thumbnail","hentry","category-notizie","category-sport-it","tag-yacht-club-de-monaco-it","format-foto"],"acf":[],"yoast_head":"<!-- This site is optimized with the Yoast SEO Premium plugin v26.8 (Yoast SEO v27.5) - https:\/\/yoast.com\/product\/yoast-seo-premium-wordpress\/ -->\n<title>Lo Yacht Club di Monaco e il suo tradizionale cocktail estivo alla presenza del Principe Alberto II<\/title>\n<meta name=\"description\" content=\"Questo luned\u00ec, i 2.500 membri dello Yacht Club de Monaco si sono riuniti per un cocktail molto importante. Il tradizionale cocktail estivo dello Yacht\" \/>\n<meta name=\"robots\" content=\"index, follow, max-snippet:-1, max-image-preview:large, max-video-preview:-1\" \/>\n<link rel=\"canonical\" href=\"https:\/\/www.monaco-tribune.com\/it\/2024\/06\/lo-yacht-club-di-monaco-ha-organizzato-il-suo-tradizionale-cocktail-estivo-alla-presenza-del-principe-alberto-ii\/\" \/>\n<meta property=\"og:locale\" content=\"it_IT\" \/>\n<meta property=\"og:type\" content=\"article\" \/>\n<meta property=\"og:title\" content=\"Lo Yacht Club di Monaco e il suo tradizionale cocktail estivo alla presenza del Principe Alberto II - Monaco Tribune\" \/>\n<meta property=\"og:description\" content=\"Questo luned\u00ec, i 2.500 membri dello Yacht Club de Monaco si sono riuniti per un cocktail molto importante. Il tradizionale cocktail estivo dello Yacht\" \/>\n<meta property=\"og:url\" content=\"https:\/\/www.monaco-tribune.com\/it\/2024\/06\/lo-yacht-club-di-monaco-ha-organizzato-il-suo-tradizionale-cocktail-estivo-alla-presenza-del-principe-alberto-ii\/\" \/>\n<meta property=\"og:site_name\" content=\"Monaco Tribune\" \/>\n<meta property=\"article:publisher\" content=\"https:\/\/www.facebook.com\/MonacoTribune\" \/>\n<meta property=\"article:published_time\" content=\"2024-06-24T13:42:24+00:00\" \/>\n<meta property=\"article:modified_time\" content=\"2024-06-24T16:05:48+00:00\" \/>\n<meta property=\"og:image\" content=\"https:\/\/www.monaco-tribune.com\/wp-content\/uploads\/2024\/06\/prince-albert-ii-discours-cocktail-ycm.jpeg\" \/>\n\t<meta property=\"og:image:width\" content=\"2048\" \/>\n\t<meta property=\"og:image:height\" content=\"1366\" \/>\n\t<meta property=\"og:image:type\" content=\"image\/jpeg\" \/>\n<meta name=\"author\" content=\"Agathe Ch\u00e9reau\" \/>\n<meta name=\"twitter:card\" content=\"summary_large_image\" \/>\n<meta name=\"twitter:creator\" content=\"@MonacoTribune\" \/>\n<meta name=\"twitter:site\" content=\"@MonacoTribune\" \/>\n<script type=\"application\/ld+json\" class=\"yoast-schema-graph\">{\"@context\":\"https:\\\/\\\/schema.org\",\"@graph\":[{\"@type\":\"NewsArticle\",\"@id\":\"https:\\\/\\\/www.monaco-tribune.com\\\/it\\\/2024\\\/06\\\/lo-yacht-club-di-monaco-ha-organizzato-il-suo-tradizionale-cocktail-estivo-alla-presenza-del-principe-alberto-ii\\\/#article\",\"isPartOf\":{\"@id\":\"https:\\\/\\\/www.monaco-tribune.com\\\/it\\\/2024\\\/06\\\/lo-yacht-club-di-monaco-ha-organizzato-il-suo-tradizionale-cocktail-estivo-alla-presenza-del-principe-alberto-ii\\\/\"},\"author\":{\"name\":\"Agathe Ch\u00e9reau\",\"@id\":\"https:\\\/\\\/www.monaco-tribune.com\\\/it\\\/#\\\/schema\\\/person\\\/fba2f8d5a098d473c92e84cc43a8f730\"},\"headline\":\"Lo Yacht Club di Monaco e il suo tradizionale cocktail estivo alla presenza del Principe Alberto II\",\"datePublished\":\"2024-06-24T13:42:24+00:00\",\"dateModified\":\"2024-06-24T16:05:48+00:00\",\"mainEntityOfPage\":{\"@id\":\"https:\\\/\\\/www.monaco-tribune.com\\\/it\\\/2024\\\/06\\\/lo-yacht-club-di-monaco-ha-organizzato-il-suo-tradizionale-cocktail-estivo-alla-presenza-del-principe-alberto-ii\\\/\"},\"wordCount\":306,\"publisher\":{\"@id\":\"https:\\\/\\\/www.monaco-tribune.com\\\/it\\\/#organization\"},\"image\":{\"@id\":\"https:\\\/\\\/www.monaco-tribune.com\\\/it\\\/2024\\\/06\\\/lo-yacht-club-di-monaco-ha-organizzato-il-suo-tradizionale-cocktail-estivo-alla-presenza-del-principe-alberto-ii\\\/#primaryimage\"},\"thumbnailUrl\":\"https:\\\/\\\/www.monaco-tribune.com\\\/wp-content\\\/uploads\\\/2024\\\/06\\\/prince-albert-ii-discours-cocktail-ycm.jpeg\",\"keywords\":[\"Yacht Club de Monaco\"],\"articleSection\":[\"Notizie\",\"Sport\"],\"inLanguage\":\"it-IT\",\"copyrightYear\":\"2024\",\"copyrightHolder\":{\"@id\":\"https:\\\/\\\/www.monaco-tribune.com\\\/#organization\"}},{\"@type\":\"WebPage\",\"@id\":\"https:\\\/\\\/www.monaco-tribune.com\\\/it\\\/2024\\\/06\\\/lo-yacht-club-di-monaco-ha-organizzato-il-suo-tradizionale-cocktail-estivo-alla-presenza-del-principe-alberto-ii\\\/\",\"url\":\"https:\\\/\\\/www.monaco-tribune.com\\\/it\\\/2024\\\/06\\\/lo-yacht-club-di-monaco-ha-organizzato-il-suo-tradizionale-cocktail-estivo-alla-presenza-del-principe-alberto-ii\\\/\",\"name\":\"Lo Yacht Club di Monaco e il suo tradizionale cocktail estivo alla presenza del Principe Alberto II\",\"isPartOf\":{\"@id\":\"https:\\\/\\\/www.monaco-tribune.com\\\/it\\\/#website\"},\"primaryImageOfPage\":{\"@id\":\"https:\\\/\\\/www.monaco-tribune.com\\\/it\\\/2024\\\/06\\\/lo-yacht-club-di-monaco-ha-organizzato-il-suo-tradizionale-cocktail-estivo-alla-presenza-del-principe-alberto-ii\\\/#primaryimage\"},\"image\":{\"@id\":\"https:\\\/\\\/www.monaco-tribune.com\\\/it\\\/2024\\\/06\\\/lo-yacht-club-di-monaco-ha-organizzato-il-suo-tradizionale-cocktail-estivo-alla-presenza-del-principe-alberto-ii\\\/#primaryimage\"},\"thumbnailUrl\":\"https:\\\/\\\/www.monaco-tribune.com\\\/wp-content\\\/uploads\\\/2024\\\/06\\\/prince-albert-ii-discours-cocktail-ycm.jpeg\",\"datePublished\":\"2024-06-24T13:42:24+00:00\",\"dateModified\":\"2024-06-24T16:05:48+00:00\",\"description\":\"Questo luned\u00ec, i 2.500 membri dello Yacht Club de Monaco si sono riuniti per un cocktail molto importante. Il tradizionale cocktail estivo dello Yacht\",\"breadcrumb\":{\"@id\":\"https:\\\/\\\/www.monaco-tribune.com\\\/it\\\/2024\\\/06\\\/lo-yacht-club-di-monaco-ha-organizzato-il-suo-tradizionale-cocktail-estivo-alla-presenza-del-principe-alberto-ii\\\/#breadcrumb\"},\"inLanguage\":\"it-IT\",\"potentialAction\":[{\"@type\":\"ReadAction\",\"target\":[\"https:\\\/\\\/www.monaco-tribune.com\\\/it\\\/2024\\\/06\\\/lo-yacht-club-di-monaco-ha-organizzato-il-suo-tradizionale-cocktail-estivo-alla-presenza-del-principe-alberto-ii\\\/\"]}]},{\"@type\":\"ImageObject\",\"inLanguage\":\"it-IT\",\"@id\":\"https:\\\/\\\/www.monaco-tribune.com\\\/it\\\/2024\\\/06\\\/lo-yacht-club-di-monaco-ha-organizzato-il-suo-tradizionale-cocktail-estivo-alla-presenza-del-principe-alberto-ii\\\/#primaryimage\",\"url\":\"https:\\\/\\\/www.monaco-tribune.com\\\/wp-content\\\/uploads\\\/2024\\\/06\\\/prince-albert-ii-discours-cocktail-ycm.jpeg\",\"contentUrl\":\"https:\\\/\\\/www.monaco-tribune.com\\\/wp-content\\\/uploads\\\/2024\\\/06\\\/prince-albert-ii-discours-cocktail-ycm.jpeg\",\"width\":2048,\"height\":1366,\"caption\":\"Il Principe Alberto II ha tenuto un discorso al cocktail estivo dello Yacht Club di Monaco \u00a9 Direzione della Comunicazione \\\/ St\u00e9phane Danna\"},{\"@type\":\"BreadcrumbList\",\"@id\":\"https:\\\/\\\/www.monaco-tribune.com\\\/it\\\/2024\\\/06\\\/lo-yacht-club-di-monaco-ha-organizzato-il-suo-tradizionale-cocktail-estivo-alla-presenza-del-principe-alberto-ii\\\/#breadcrumb\",\"itemListElement\":[{\"@type\":\"ListItem\",\"position\":1,\"name\":\"Accueil\",\"item\":\"https:\\\/\\\/www.monaco-tribune.com\\\/it\\\/\"},{\"@type\":\"ListItem\",\"position\":2,\"name\":\"Lo Yacht Club di Monaco e il suo tradizionale cocktail estivo alla presenza del Principe Alberto II\"}]},{\"@type\":\"WebSite\",\"@id\":\"https:\\\/\\\/www.monaco-tribune.com\\\/it\\\/#website\",\"url\":\"https:\\\/\\\/www.monaco-tribune.com\\\/it\\\/\",\"name\":\"Monaco Tribune\",\"description\":\"Monaco : actualit\u00e9s \u00e9conomiques, politiques, culturelles et sportives de Monaco et de la French Riviera.\",\"publisher\":{\"@id\":\"https:\\\/\\\/www.monaco-tribune.com\\\/it\\\/#organization\"},\"potentialAction\":[{\"@type\":\"SearchAction\",\"target\":{\"@type\":\"EntryPoint\",\"urlTemplate\":\"https:\\\/\\\/www.monaco-tribune.com\\\/it\\\/?s={search_term_string}\"},\"query-input\":{\"@type\":\"PropertyValueSpecification\",\"valueRequired\":true,\"valueName\":\"search_term_string\"}}],\"inLanguage\":\"it-IT\"},{\"@type\":\"Organization\",\"@id\":\"https:\\\/\\\/www.monaco-tribune.com\\\/it\\\/#organization\",\"name\":\"Monaco Tribune\",\"url\":\"https:\\\/\\\/www.monaco-tribune.com\\\/it\\\/\",\"logo\":{\"@type\":\"ImageObject\",\"inLanguage\":\"it-IT\",\"@id\":\"https:\\\/\\\/www.monaco-tribune.com\\\/it\\\/#\\\/schema\\\/logo\\\/image\\\/\",\"url\":\"https:\\\/\\\/www.monaco-tribune.com\\\/wp-content\\\/uploads\\\/2022\\\/11\\\/logo-monaco-tribune.png\",\"contentUrl\":\"https:\\\/\\\/www.monaco-tribune.com\\\/wp-content\\\/uploads\\\/2022\\\/11\\\/logo-monaco-tribune.png\",\"width\":1548,\"height\":600,\"caption\":\"Monaco Tribune\"},\"image\":{\"@id\":\"https:\\\/\\\/www.monaco-tribune.com\\\/it\\\/#\\\/schema\\\/logo\\\/image\\\/\"},\"sameAs\":[\"https:\\\/\\\/www.facebook.com\\\/MonacoTribune\",\"https:\\\/\\\/x.com\\\/MonacoTribune\",\"https:\\\/\\\/www.instagram.com\\\/monacotribune\\\/\",\"https:\\\/\\\/www.linkedin.com\\\/company\\\/monaco-tribune\",\"https:\\\/\\\/www.youtube.com\\\/channel\\\/UCHle1MnG6hw1y4lWKijVbMA\"]},{\"@type\":\"Person\",\"@id\":\"https:\\\/\\\/www.monaco-tribune.com\\\/it\\\/#\\\/schema\\\/person\\\/fba2f8d5a098d473c92e84cc43a8f730\",\"name\":\"Agathe Ch\u00e9reau\",\"image\":{\"@type\":\"ImageObject\",\"inLanguage\":\"it-IT\",\"@id\":\"https:\\\/\\\/secure.gravatar.com\\\/avatar\\\/884b20ed9d4430c24d77a3ad560b1c21da67bd6992531a1971822779f9988ea5?s=96&d=mm&r=g\",\"url\":\"https:\\\/\\\/secure.gravatar.com\\\/avatar\\\/884b20ed9d4430c24d77a3ad560b1c21da67bd6992531a1971822779f9988ea5?s=96&d=mm&r=g\",\"contentUrl\":\"https:\\\/\\\/secure.gravatar.com\\\/avatar\\\/884b20ed9d4430c24d77a3ad560b1c21da67bd6992531a1971822779f9988ea5?s=96&d=mm&r=g\",\"caption\":\"Agathe Ch\u00e9reau\"},\"url\":\"https:\\\/\\\/www.monaco-tribune.com\\\/it\\\/author\\\/agathechereau\\\/\"}]}<\/script>\n<!-- \/ Yoast SEO Premium plugin. -->","yoast_head_json":{"title":"Lo Yacht Club di Monaco e il suo tradizionale cocktail estivo alla presenza del Principe Alberto II","description":"Questo luned\u00ec, i 2.500 membri dello Yacht Club de Monaco si sono riuniti per un cocktail molto importante. Il tradizionale cocktail estivo dello Yacht","robots":{"index":"index","follow":"follow","max-snippet":"max-snippet:-1","max-image-preview":"max-image-preview:large","max-video-preview":"max-video-preview:-1"},"canonical":"https:\/\/www.monaco-tribune.com\/it\/2024\/06\/lo-yacht-club-di-monaco-ha-organizzato-il-suo-tradizionale-cocktail-estivo-alla-presenza-del-principe-alberto-ii\/","og_locale":"it_IT","og_type":"article","og_title":"Lo Yacht Club di Monaco e il suo tradizionale cocktail estivo alla presenza del Principe Alberto II - Monaco Tribune","og_description":"Questo luned\u00ec, i 2.500 membri dello Yacht Club de Monaco si sono riuniti per un cocktail molto importante. Il tradizionale cocktail estivo dello Yacht","og_url":"https:\/\/www.monaco-tribune.com\/it\/2024\/06\/lo-yacht-club-di-monaco-ha-organizzato-il-suo-tradizionale-cocktail-estivo-alla-presenza-del-principe-alberto-ii\/","og_site_name":"Monaco Tribune","article_publisher":"https:\/\/www.facebook.com\/MonacoTribune","article_published_time":"2024-06-24T13:42:24+00:00","article_modified_time":"2024-06-24T16:05:48+00:00","og_image":[{"width":2048,"height":1366,"url":"https:\/\/www.monaco-tribune.com\/wp-content\/uploads\/2024\/06\/prince-albert-ii-discours-cocktail-ycm.jpeg","type":"image\/jpeg"}],"author":"Agathe Ch\u00e9reau","twitter_card":"summary_large_image","twitter_creator":"@MonacoTribune","twitter_site":"@MonacoTribune","schema":{"@context":"https:\/\/schema.org","@graph":[{"@type":"NewsArticle","@id":"https:\/\/www.monaco-tribune.com\/it\/2024\/06\/lo-yacht-club-di-monaco-ha-organizzato-il-suo-tradizionale-cocktail-estivo-alla-presenza-del-principe-alberto-ii\/#article","isPartOf":{"@id":"https:\/\/www.monaco-tribune.com\/it\/2024\/06\/lo-yacht-club-di-monaco-ha-organizzato-il-suo-tradizionale-cocktail-estivo-alla-presenza-del-principe-alberto-ii\/"},"author":{"name":"Agathe Ch\u00e9reau","@id":"https:\/\/www.monaco-tribune.com\/it\/#\/schema\/person\/fba2f8d5a098d473c92e84cc43a8f730"},"headline":"Lo Yacht Club di Monaco e il suo tradizionale cocktail estivo alla presenza del Principe Alberto II","datePublished":"2024-06-24T13:42:24+00:00","dateModified":"2024-06-24T16:05:48+00:00","mainEntityOfPage":{"@id":"https:\/\/www.monaco-tribune.com\/it\/2024\/06\/lo-yacht-club-di-monaco-ha-organizzato-il-suo-tradizionale-cocktail-estivo-alla-presenza-del-principe-alberto-ii\/"},"wordCount":306,"publisher":{"@id":"https:\/\/www.monaco-tribune.com\/it\/#organization"},"image":{"@id":"https:\/\/www.monaco-tribune.com\/it\/2024\/06\/lo-yacht-club-di-monaco-ha-organizzato-il-suo-tradizionale-cocktail-estivo-alla-presenza-del-principe-alberto-ii\/#primaryimage"},"thumbnailUrl":"https:\/\/www.monaco-tribune.com\/wp-content\/uploads\/2024\/06\/prince-albert-ii-discours-cocktail-ycm.jpeg","keywords":["Yacht Club de Monaco"],"articleSection":["Notizie","Sport"],"inLanguage":"it-IT","copyrightYear":"2024","copyrightHolder":{"@id":"https:\/\/www.monaco-tribune.com\/#organization"}},{"@type":"WebPage","@id":"https:\/\/www.monaco-tribune.com\/it\/2024\/06\/lo-yacht-club-di-monaco-ha-organizzato-il-suo-tradizionale-cocktail-estivo-alla-presenza-del-principe-alberto-ii\/","url":"https:\/\/www.monaco-tribune.com\/it\/2024\/06\/lo-yacht-club-di-monaco-ha-organizzato-il-suo-tradizionale-cocktail-estivo-alla-presenza-del-principe-alberto-ii\/","name":"Lo Yacht Club di Monaco e il suo tradizionale cocktail estivo alla presenza del Principe Alberto II","isPartOf":{"@id":"https:\/\/www.monaco-tribune.com\/it\/#website"},"primaryImageOfPage":{"@id":"https:\/\/www.monaco-tribune.com\/it\/2024\/06\/lo-yacht-club-di-monaco-ha-organizzato-il-suo-tradizionale-cocktail-estivo-alla-presenza-del-principe-alberto-ii\/#primaryimage"},"image":{"@id":"https:\/\/www.monaco-tribune.com\/it\/2024\/06\/lo-yacht-club-di-monaco-ha-organizzato-il-suo-tradizionale-cocktail-estivo-alla-presenza-del-principe-alberto-ii\/#primaryimage"},"thumbnailUrl":"https:\/\/www.monaco-tribune.com\/wp-content\/uploads\/2024\/06\/prince-albert-ii-discours-cocktail-ycm.jpeg","datePublished":"2024-06-24T13:42:24+00:00","dateModified":"2024-06-24T16:05:48+00:00","description":"Questo luned\u00ec, i 2.500 membri dello Yacht Club de Monaco si sono riuniti per un cocktail molto importante. Il tradizionale cocktail estivo dello Yacht","breadcrumb":{"@id":"https:\/\/www.monaco-tribune.com\/it\/2024\/06\/lo-yacht-club-di-monaco-ha-organizzato-il-suo-tradizionale-cocktail-estivo-alla-presenza-del-principe-alberto-ii\/#breadcrumb"},"inLanguage":"it-IT","potentialAction":[{"@type":"ReadAction","target":["https:\/\/www.monaco-tribune.com\/it\/2024\/06\/lo-yacht-club-di-monaco-ha-organizzato-il-suo-tradizionale-cocktail-estivo-alla-presenza-del-principe-alberto-ii\/"]}]},{"@type":"ImageObject","inLanguage":"it-IT","@id":"https:\/\/www.monaco-tribune.com\/it\/2024\/06\/lo-yacht-club-di-monaco-ha-organizzato-il-suo-tradizionale-cocktail-estivo-alla-presenza-del-principe-alberto-ii\/#primaryimage","url":"https:\/\/www.monaco-tribune.com\/wp-content\/uploads\/2024\/06\/prince-albert-ii-discours-cocktail-ycm.jpeg","contentUrl":"https:\/\/www.monaco-tribune.com\/wp-content\/uploads\/2024\/06\/prince-albert-ii-discours-cocktail-ycm.jpeg","width":2048,"height":1366,"caption":"Il Principe Alberto II ha tenuto un discorso al cocktail estivo dello Yacht Club di Monaco \u00a9 Direzione della Comunicazione \/ St\u00e9phane Danna"},{"@type":"BreadcrumbList","@id":"https:\/\/www.monaco-tribune.com\/it\/2024\/06\/lo-yacht-club-di-monaco-ha-organizzato-il-suo-tradizionale-cocktail-estivo-alla-presenza-del-principe-alberto-ii\/#breadcrumb","itemListElement":[{"@type":"ListItem","position":1,"name":"Accueil","item":"https:\/\/www.monaco-tribune.com\/it\/"},{"@type":"ListItem","position":2,"name":"Lo Yacht Club di Monaco e il suo tradizionale cocktail estivo alla presenza del Principe Alberto II"}]},{"@type":"WebSite","@id":"https:\/\/www.monaco-tribune.com\/it\/#website","url":"https:\/\/www.monaco-tribune.com\/it\/","name":"Monaco Tribune","description":"Monaco : actualit\u00e9s \u00e9conomiques, politiques, culturelles et sportives de Monaco et de la French Riviera.","publisher":{"@id":"https:\/\/www.monaco-tribune.com\/it\/#organization"},"potentialAction":[{"@type":"SearchAction","target":{"@type":"EntryPoint","urlTemplate":"https:\/\/www.monaco-tribune.com\/it\/?s={search_term_string}"},"query-input":{"@type":"PropertyValueSpecification","valueRequired":true,"valueName":"search_term_string"}}],"inLanguage":"it-IT"},{"@type":"Organization","@id":"https:\/\/www.monaco-tribune.com\/it\/#organization","name":"Monaco Tribune","url":"https:\/\/www.monaco-tribune.com\/it\/","logo":{"@type":"ImageObject","inLanguage":"it-IT","@id":"https:\/\/www.monaco-tribune.com\/it\/#\/schema\/logo\/image\/","url":"https:\/\/www.monaco-tribune.com\/wp-content\/uploads\/2022\/11\/logo-monaco-tribune.png","contentUrl":"https:\/\/www.monaco-tribune.com\/wp-content\/uploads\/2022\/11\/logo-monaco-tribune.png","width":1548,"height":600,"caption":"Monaco Tribune"},"image":{"@id":"https:\/\/www.monaco-tribune.com\/it\/#\/schema\/logo\/image\/"},"sameAs":["https:\/\/www.facebook.com\/MonacoTribune","https:\/\/x.com\/MonacoTribune","https:\/\/www.instagram.com\/monacotribune\/","https:\/\/www.linkedin.com\/company\/monaco-tribune","https:\/\/www.youtube.com\/channel\/UCHle1MnG6hw1y4lWKijVbMA"]},{"@type":"Person","@id":"https:\/\/www.monaco-tribune.com\/it\/#\/schema\/person\/fba2f8d5a098d473c92e84cc43a8f730","name":"Agathe Ch\u00e9reau","image":{"@type":"ImageObject","inLanguage":"it-IT","@id":"https:\/\/secure.gravatar.com\/avatar\/884b20ed9d4430c24d77a3ad560b1c21da67bd6992531a1971822779f9988ea5?s=96&d=mm&r=g","url":"https:\/\/secure.gravatar.com\/avatar\/884b20ed9d4430c24d77a3ad560b1c21da67bd6992531a1971822779f9988ea5?s=96&d=mm&r=g","contentUrl":"https:\/\/secure.gravatar.com\/avatar\/884b20ed9d4430c24d77a3ad560b1c21da67bd6992531a1971822779f9988ea5?s=96&d=mm&r=g","caption":"Agathe Ch\u00e9reau"},"url":"https:\/\/www.monaco-tribune.com\/it\/author\/agathechereau\/"}]}},"_links":{"self":[{"href":"https:\/\/www.monaco-tribune.com\/it\/wp-json\/wp\/v2\/posts\/239188","targetHints":{"allow":["GET"]}}],"collection":[{"href":"https:\/\/www.monaco-tribune.com\/it\/wp-json\/wp\/v2\/posts"}],"about":[{"href":"https:\/\/www.monaco-tribune.com\/it\/wp-json\/wp\/v2\/types\/post"}],"author":[{"embeddable":true,"href":"https:\/\/www.monaco-tribune.com\/it\/wp-json\/wp\/v2\/users\/47"}],"replies":[{"embeddable":true,"href":"https:\/\/www.monaco-tribune.com\/it\/wp-json\/wp\/v2\/comments?post=239188"}],"version-history":[{"count":2,"href":"https:\/\/www.monaco-tribune.com\/it\/wp-json\/wp\/v2\/posts\/239188\/revisions"}],"predecessor-version":[{"id":239271,"href":"https:\/\/www.monaco-tribune.com\/it\/wp-json\/wp\/v2\/posts\/239188\/revisions\/239271"}],"wp:featuredmedia":[{"embeddable":true,"href":"https:\/\/www.monaco-tribune.com\/it\/wp-json\/wp\/v2\/media\/238085"}],"wp:attachment":[{"href":"https:\/\/www.monaco-tribune.com\/it\/wp-json\/wp\/v2\/media?parent=239188"}],"wp:term":[{"taxonomy":"category","embeddable":true,"href":"https:\/\/www.monaco-tribune.com\/it\/wp-json\/wp\/v2\/categories?post=239188"},{"taxonomy":"post_tag","embeddable":true,"href":"https:\/\/www.monaco-tribune.com\/it\/wp-json\/wp\/v2\/tags?post=239188"},{"taxonomy":"sectag","embeddable":true,"href":"https:\/\/www.monaco-tribune.com\/it\/wp-json\/wp\/v2\/post_sectags?post=239188"},{"taxonomy":"format","embeddable":true,"href":"https:\/\/www.monaco-tribune.com\/it\/wp-json\/wp\/v2\/post_format?post=239188"}],"curies":[{"name":"wp","href":"https:\/\/api.w.org\/{rel}","templated":true}]}}