{"id":239264,"date":"2024-06-24T18:03:41","date_gmt":"2024-06-24T16:03:41","guid":{"rendered":"https:\/\/www.monaco-tribune.com\/2024\/06\/la-plage-more-la-miglior-offerta-per-prendere-il-sole-in-riva-al-mediterraneo\/"},"modified":"2024-06-24T18:07:34","modified_gmt":"2024-06-24T16:07:34","slug":"la-plage-more-la-miglior-offerta-per-prendere-il-sole-in-riva-al-mediterraneo","status":"publish","type":"post","link":"https:\/\/www.monaco-tribune.com\/it\/2024\/06\/la-plage-more-la-miglior-offerta-per-prendere-il-sole-in-riva-al-mediterraneo\/","title":{"rendered":"La Plage &#038; More: la miglior offerta per prendere il sole in riva al Mediterraneo"},"content":{"rendered":"\n<p><strong>\u00c8 difficile trovare un rapporto qualit\u00e0-prezzo migliore in Costa Azzurra. Quest&#8217;anno, con la sua nuova offerta, Le M\u00e9ridien Beach Plaza di Monaco ha fatto centro.<\/strong><\/p>\n\n\n\n<p>65\u20ac al giorno a persona. \u00c8 questo il prezzo di un pomeriggio di relax in riva al Mediterraneo. A questa tariffa non solo avrete una sedia a sdraio sull&#8217;unica spiaggia privata del Principato, ma anche l&#8217;accesso alla piscina interna dell&#8217;hotel a 4 stelle, alle piscine esterne, alla sauna, alla palestra e alle attivit\u00e0 del miniclub per i pi\u00f9 piccoli.<\/p>\n\n\n\n<p>A un costo aggiuntivo, potrete godere di massaggi e trattamenti rilassanti all&#8217;ombra dei pini dalle mani esperte di Isabella Vieira e del suo team, di attivit\u00e0 acquatiche e, naturalmente, di cocktail rinfrescanti e delle delizie dei quattro ristoranti dell&#8217;hotel.<\/p>\n\n\n\n<p class=\"related\"><a href=\"https:\/\/www.monaco-tribune.com\/it\/2024\/02\/provato-per-voi-smakelijk-il-primo-ristorante-belga-di-monaco\/\">Provato per voi: Smakelijk! Il primo ristorante belga di Monaco<\/a><\/p>\n\n\n<div class=\"wp-block-image\">\n<figure class=\"aligncenter size-large\"><img loading=\"lazy\" decoding=\"async\" width=\"1024\" height=\"683\" src=\"https:\/\/www.monaco-tribune.com\/wp-content\/uploads\/2024\/06\/restaurant-muse-le-meridien-monaco-1024x683.jpg\" alt=\"restaurant-muse-le-meridien-monaco\" class=\"wp-image-238693\" srcset=\"https:\/\/www.monaco-tribune.com\/wp-content\/uploads\/2024\/06\/restaurant-muse-le-meridien-monaco-1024x683.jpg 1024w, https:\/\/www.monaco-tribune.com\/wp-content\/uploads\/2024\/06\/restaurant-muse-le-meridien-monaco-450x300.jpg 450w, https:\/\/www.monaco-tribune.com\/wp-content\/uploads\/2024\/06\/restaurant-muse-le-meridien-monaco.jpg 1300w\" sizes=\"auto, (max-width: 1024px) 100vw, 1024px\" \/><figcaption class=\"wp-element-caption\"><em>Il ristorante Muse all&#8217;ombra dei pini \u00a9 Le M\u00e9ridien Beach Plaza<\/em><\/figcaption><\/figure>\n<\/div>\n\n\n<p>\u00c8 un&#8217;offerta difficile da battere, soprattutto perch\u00e9 regala una fuga davvero speciale in un ambiente di rara bellezza: un&#8217;insenatura dalle acque cristalline nella riserva marina del Larvotto. Circondati da pini, vegetazione e mare, scoprirete la vera serenit\u00e0.<\/p>\n\n\n<div class=\"wp-block-image\">\n<figure class=\"aligncenter size-large\"><img loading=\"lazy\" decoding=\"async\" width=\"1024\" height=\"683\" src=\"https:\/\/www.monaco-tribune.com\/wp-content\/uploads\/2024\/06\/plage-privee-meridien-monaco-1024x683.jpg\" alt=\"plage-privee-meridien-monaco\" class=\"wp-image-238701\" srcset=\"https:\/\/www.monaco-tribune.com\/wp-content\/uploads\/2024\/06\/plage-privee-meridien-monaco-1024x683.jpg 1024w, https:\/\/www.monaco-tribune.com\/wp-content\/uploads\/2024\/06\/plage-privee-meridien-monaco-450x300.jpg 450w, https:\/\/www.monaco-tribune.com\/wp-content\/uploads\/2024\/06\/plage-privee-meridien-monaco.jpg 1300w\" sizes=\"auto, (max-width: 1024px) 100vw, 1024px\" \/><\/figure>\n<\/div>\n\n\n<p><\/p>\n\n\n<div class=\"wp-block-image\">\n<figure class=\"aligncenter size-large\"><img loading=\"lazy\" decoding=\"async\" width=\"1024\" height=\"683\" src=\"https:\/\/www.monaco-tribune.com\/wp-content\/uploads\/2024\/06\/piscine-exterieure-le-meridien-monaco-1024x683.jpg\" alt=\"Piscine-exterieure-Le Meridien Monaco\" class=\"wp-image-238705\" srcset=\"https:\/\/www.monaco-tribune.com\/wp-content\/uploads\/2024\/06\/piscine-exterieure-le-meridien-monaco-1024x683.jpg 1024w, https:\/\/www.monaco-tribune.com\/wp-content\/uploads\/2024\/06\/piscine-exterieure-le-meridien-monaco-450x300.jpg 450w, https:\/\/www.monaco-tribune.com\/wp-content\/uploads\/2024\/06\/piscine-exterieure-le-meridien-monaco.jpg 1200w\" sizes=\"auto, (max-width: 1024px) 100vw, 1024px\" \/><figcaption class=\"wp-element-caption\"><em>L&#8217;accesso alla piscina all&#8217;aperto dell&#8217;hotel Le M\u00e9ridien \u00e8 compreso nel prezzo \u00a9 Le M\u00e9ridien Beach Plaza<\/em><\/figcaption><\/figure>\n<\/div>\n\n\n<p>Particolarmente adatto ai bambini, l&#8217;hotel ci tiene ad accogliere i piccoli ospiti nel migliore dei modi. Da luglio ad agosto, il miniclub organizza attivit\u00e0 divertenti sul mondo marino, sulla natura e sull&#8217;arte. \u00c8 un ottimo modo per godersi le vacanze e allo stesso tempo imparare qualcosa sull&#8217;ambiente.<\/p>\n\n\n<div class=\"wp-block-image\">\n<figure class=\"aligncenter size-large\"><img loading=\"lazy\" decoding=\"async\" width=\"1024\" height=\"683\" src=\"https:\/\/www.monaco-tribune.com\/wp-content\/uploads\/2024\/06\/kids-club-meridien-plage-1024x683.jpg\" alt=\"kids-club-meridien-plage\" class=\"wp-image-238697\" srcset=\"https:\/\/www.monaco-tribune.com\/wp-content\/uploads\/2024\/06\/kids-club-meridien-plage-1024x683.jpg 1024w, https:\/\/www.monaco-tribune.com\/wp-content\/uploads\/2024\/06\/kids-club-meridien-plage-450x300.jpg 450w, https:\/\/www.monaco-tribune.com\/wp-content\/uploads\/2024\/06\/kids-club-meridien-plage.jpg 1300w\" sizes=\"auto, (max-width: 1024px) 100vw, 1024px\" \/><figcaption class=\"wp-element-caption\"><em>Il Kids Club \u00e8 aperto tutti i giorni a luglio e agosto \u00a9 Le M\u00e9ridien Beach Plaza<\/em><\/figcaption><\/figure>\n<\/div>\n\n\n<hr class=\"wp-block-separator has-alpha-channel-opacity\"\/>\n\n\n\n<p><strong>Informazioni utili:<\/strong><\/p>\n\n\n\n<ul class=\"wp-block-list\">\n<li><strong>Dove<\/strong>: Le M\u00e9ridien Beach Plaza, 22 avenue Princesse Grace, 98 000 Monaco<\/li>\n\n\n\n<li><strong>Orari di apertura<\/strong>: tutti i giorni, dalle 9:30 alle 18:00 a giugno e settembre e dalle 9:30 alle 20:00 a luglio e agosto.<\/li>\n\n\n\n<li><strong>Prenotazione necessaria<\/strong>: 06 80 86 00 37 o tramite <a href=\"https:\/\/www.instagram.com\/laplageandmore\/\">Instagram<\/a> o <a href=\"https:\/\/www.facebook.com\/laplageandmore\">Facebook<\/a><\/li>\n<\/ul>\n","protected":false},"excerpt":{"rendered":"<p>\u00c8 difficile trovare un rapporto qualit\u00e0-prezzo migliore in Costa Azzurra. Quest&#8217;anno, con la sua nuova offerta, Le M\u00e9ridien Beach Plaza [&hellip;]<\/p>\n","protected":false},"author":66,"featured_media":245099,"comment_status":"closed","ping_status":"closed","sticky":false,"template":"","format":"standard","meta":{"_acf_changed":false,"footnotes":""},"categories":[1740,2175,1826,1738],"tags":[2954],"post_sectags":[4962],"post_format":[2472],"class_list":["post-239264","post","type-post","status-publish","format-standard","has-post-thumbnail","hentry","category-cosa-fare","category-dossier-it","category-la-nostra-scelta","category-notizie","tag-turismo","sectag-spiagge","format-critica"],"acf":[],"yoast_head":"<!-- This site is optimized with the Yoast SEO Premium plugin v26.8 (Yoast SEO v27.4) - https:\/\/yoast.com\/product\/yoast-seo-premium-wordpress\/ -->\n<title>La Plage &amp; More: la miglior offerta per prendere il sole in riva al Mediterraneo<\/title>\n<meta name=\"description\" content=\"\u00c8 difficile trovare un rapporto qualit\u00e0-prezzo migliore in Costa Azzurra. Quest&#039;anno, con la sua nuova offerta, Le M\u00e9ridien Beach Plaza di Monaco ha fatto\" \/>\n<meta name=\"robots\" content=\"index, follow, max-snippet:-1, max-image-preview:large, max-video-preview:-1\" \/>\n<link rel=\"canonical\" href=\"https:\/\/www.monaco-tribune.com\/it\/2024\/06\/la-plage-more-la-miglior-offerta-per-prendere-il-sole-in-riva-al-mediterraneo\/\" \/>\n<meta property=\"og:locale\" content=\"it_IT\" \/>\n<meta property=\"og:type\" content=\"article\" \/>\n<meta property=\"og:title\" content=\"La Plage &amp; More: la miglior offerta per prendere il sole in riva al Mediterraneo - Monaco Tribune\" \/>\n<meta property=\"og:description\" content=\"\u00c8 difficile trovare un rapporto qualit\u00e0-prezzo migliore in Costa Azzurra. Quest&#039;anno, con la sua nuova offerta, Le M\u00e9ridien Beach Plaza di Monaco ha fatto\" \/>\n<meta property=\"og:url\" content=\"https:\/\/www.monaco-tribune.com\/it\/2024\/06\/la-plage-more-la-miglior-offerta-per-prendere-il-sole-in-riva-al-mediterraneo\/\" \/>\n<meta property=\"og:site_name\" content=\"Monaco Tribune\" \/>\n<meta property=\"article:publisher\" content=\"https:\/\/www.facebook.com\/MonacoTribune\" \/>\n<meta property=\"article:published_time\" content=\"2024-06-24T16:03:41+00:00\" \/>\n<meta property=\"article:modified_time\" content=\"2024-06-24T16:07:34+00:00\" \/>\n<meta property=\"og:image\" content=\"https:\/\/www.monaco-tribune.com\/wp-content\/uploads\/2024\/06\/plage-more-meridien.jpg\" \/>\n\t<meta property=\"og:image:width\" content=\"1300\" \/>\n\t<meta property=\"og:image:height\" content=\"867\" \/>\n\t<meta property=\"og:image:type\" content=\"image\/jpeg\" \/>\n<meta name=\"author\" content=\"Th\u00e9o Briand\" \/>\n<meta name=\"twitter:card\" content=\"summary_large_image\" \/>\n<meta name=\"twitter:creator\" content=\"@MonacoTribune\" \/>\n<meta name=\"twitter:site\" content=\"@MonacoTribune\" \/>\n<script type=\"application\/ld+json\" class=\"yoast-schema-graph\">{\"@context\":\"https:\\\/\\\/schema.org\",\"@graph\":[{\"@type\":\"NewsArticle\",\"@id\":\"https:\\\/\\\/www.monaco-tribune.com\\\/it\\\/2024\\\/06\\\/la-plage-more-la-miglior-offerta-per-prendere-il-sole-in-riva-al-mediterraneo\\\/#article\",\"isPartOf\":{\"@id\":\"https:\\\/\\\/www.monaco-tribune.com\\\/it\\\/2024\\\/06\\\/la-plage-more-la-miglior-offerta-per-prendere-il-sole-in-riva-al-mediterraneo\\\/\"},\"author\":{\"name\":\"Th\u00e9o Briand\",\"@id\":\"https:\\\/\\\/www.monaco-tribune.com\\\/it\\\/#\\\/schema\\\/person\\\/94fb5723547bd83dea1eed97e25145aa\"},\"headline\":\"La Plage &#038; More: la miglior offerta per prendere il sole in riva al Mediterraneo\",\"datePublished\":\"2024-06-24T16:03:41+00:00\",\"dateModified\":\"2024-06-24T16:07:34+00:00\",\"mainEntityOfPage\":{\"@id\":\"https:\\\/\\\/www.monaco-tribune.com\\\/it\\\/2024\\\/06\\\/la-plage-more-la-miglior-offerta-per-prendere-il-sole-in-riva-al-mediterraneo\\\/\"},\"wordCount\":323,\"publisher\":{\"@id\":\"https:\\\/\\\/www.monaco-tribune.com\\\/it\\\/#organization\"},\"image\":{\"@id\":\"https:\\\/\\\/www.monaco-tribune.com\\\/it\\\/2024\\\/06\\\/la-plage-more-la-miglior-offerta-per-prendere-il-sole-in-riva-al-mediterraneo\\\/#primaryimage\"},\"thumbnailUrl\":\"https:\\\/\\\/www.monaco-tribune.com\\\/wp-content\\\/uploads\\\/2024\\\/06\\\/plage-more-meridien-1.jpg\",\"keywords\":[\"Turismo\"],\"articleSection\":[\"Cosa fare\",\"Dossier\",\"La nostra scelta\",\"Notizie\"],\"inLanguage\":\"it-IT\",\"copyrightYear\":\"2024\",\"copyrightHolder\":{\"@id\":\"https:\\\/\\\/www.monaco-tribune.com\\\/#organization\"}},{\"@type\":\"WebPage\",\"@id\":\"https:\\\/\\\/www.monaco-tribune.com\\\/it\\\/2024\\\/06\\\/la-plage-more-la-miglior-offerta-per-prendere-il-sole-in-riva-al-mediterraneo\\\/\",\"url\":\"https:\\\/\\\/www.monaco-tribune.com\\\/it\\\/2024\\\/06\\\/la-plage-more-la-miglior-offerta-per-prendere-il-sole-in-riva-al-mediterraneo\\\/\",\"name\":\"La Plage & More: la miglior offerta per prendere il sole in riva al Mediterraneo\",\"isPartOf\":{\"@id\":\"https:\\\/\\\/www.monaco-tribune.com\\\/it\\\/#website\"},\"primaryImageOfPage\":{\"@id\":\"https:\\\/\\\/www.monaco-tribune.com\\\/it\\\/2024\\\/06\\\/la-plage-more-la-miglior-offerta-per-prendere-il-sole-in-riva-al-mediterraneo\\\/#primaryimage\"},\"image\":{\"@id\":\"https:\\\/\\\/www.monaco-tribune.com\\\/it\\\/2024\\\/06\\\/la-plage-more-la-miglior-offerta-per-prendere-il-sole-in-riva-al-mediterraneo\\\/#primaryimage\"},\"thumbnailUrl\":\"https:\\\/\\\/www.monaco-tribune.com\\\/wp-content\\\/uploads\\\/2024\\\/06\\\/plage-more-meridien-1.jpg\",\"datePublished\":\"2024-06-24T16:03:41+00:00\",\"dateModified\":\"2024-06-24T16:07:34+00:00\",\"description\":\"\u00c8 difficile trovare un rapporto qualit\u00e0-prezzo migliore in Costa Azzurra. Quest'anno, con la sua nuova offerta, Le M\u00e9ridien Beach Plaza di Monaco ha fatto\",\"breadcrumb\":{\"@id\":\"https:\\\/\\\/www.monaco-tribune.com\\\/it\\\/2024\\\/06\\\/la-plage-more-la-miglior-offerta-per-prendere-il-sole-in-riva-al-mediterraneo\\\/#breadcrumb\"},\"inLanguage\":\"it-IT\",\"potentialAction\":[{\"@type\":\"ReadAction\",\"target\":[\"https:\\\/\\\/www.monaco-tribune.com\\\/it\\\/2024\\\/06\\\/la-plage-more-la-miglior-offerta-per-prendere-il-sole-in-riva-al-mediterraneo\\\/\"]}]},{\"@type\":\"ImageObject\",\"inLanguage\":\"it-IT\",\"@id\":\"https:\\\/\\\/www.monaco-tribune.com\\\/it\\\/2024\\\/06\\\/la-plage-more-la-miglior-offerta-per-prendere-il-sole-in-riva-al-mediterraneo\\\/#primaryimage\",\"url\":\"https:\\\/\\\/www.monaco-tribune.com\\\/wp-content\\\/uploads\\\/2024\\\/06\\\/plage-more-meridien-1.jpg\",\"contentUrl\":\"https:\\\/\\\/www.monaco-tribune.com\\\/wp-content\\\/uploads\\\/2024\\\/06\\\/plage-more-meridien-1.jpg\",\"width\":1200,\"height\":800,\"caption\":\"L'h\u00f4tel 4 \u00e9toiles le M\u00e9ridien propose une offre in\u00e9galable avec sa plage priv\u00e9e \u00a9 Le M\u00e9ridien Beach Plaza\"},{\"@type\":\"BreadcrumbList\",\"@id\":\"https:\\\/\\\/www.monaco-tribune.com\\\/it\\\/2024\\\/06\\\/la-plage-more-la-miglior-offerta-per-prendere-il-sole-in-riva-al-mediterraneo\\\/#breadcrumb\",\"itemListElement\":[{\"@type\":\"ListItem\",\"position\":1,\"name\":\"Accueil\",\"item\":\"https:\\\/\\\/www.monaco-tribune.com\\\/it\\\/\"},{\"@type\":\"ListItem\",\"position\":2,\"name\":\"La Plage &#038; More: la miglior offerta per prendere il sole in riva al Mediterraneo\"}]},{\"@type\":\"WebSite\",\"@id\":\"https:\\\/\\\/www.monaco-tribune.com\\\/it\\\/#website\",\"url\":\"https:\\\/\\\/www.monaco-tribune.com\\\/it\\\/\",\"name\":\"Monaco Tribune\",\"description\":\"Monaco : actualit\u00e9s \u00e9conomiques, politiques, culturelles et sportives de Monaco et de la French Riviera.\",\"publisher\":{\"@id\":\"https:\\\/\\\/www.monaco-tribune.com\\\/it\\\/#organization\"},\"potentialAction\":[{\"@type\":\"SearchAction\",\"target\":{\"@type\":\"EntryPoint\",\"urlTemplate\":\"https:\\\/\\\/www.monaco-tribune.com\\\/it\\\/?s={search_term_string}\"},\"query-input\":{\"@type\":\"PropertyValueSpecification\",\"valueRequired\":true,\"valueName\":\"search_term_string\"}}],\"inLanguage\":\"it-IT\"},{\"@type\":\"Organization\",\"@id\":\"https:\\\/\\\/www.monaco-tribune.com\\\/it\\\/#organization\",\"name\":\"Monaco Tribune\",\"url\":\"https:\\\/\\\/www.monaco-tribune.com\\\/it\\\/\",\"logo\":{\"@type\":\"ImageObject\",\"inLanguage\":\"it-IT\",\"@id\":\"https:\\\/\\\/www.monaco-tribune.com\\\/it\\\/#\\\/schema\\\/logo\\\/image\\\/\",\"url\":\"https:\\\/\\\/www.monaco-tribune.com\\\/wp-content\\\/uploads\\\/2022\\\/11\\\/logo-monaco-tribune.png\",\"contentUrl\":\"https:\\\/\\\/www.monaco-tribune.com\\\/wp-content\\\/uploads\\\/2022\\\/11\\\/logo-monaco-tribune.png\",\"width\":1548,\"height\":600,\"caption\":\"Monaco Tribune\"},\"image\":{\"@id\":\"https:\\\/\\\/www.monaco-tribune.com\\\/it\\\/#\\\/schema\\\/logo\\\/image\\\/\"},\"sameAs\":[\"https:\\\/\\\/www.facebook.com\\\/MonacoTribune\",\"https:\\\/\\\/x.com\\\/MonacoTribune\",\"https:\\\/\\\/www.instagram.com\\\/monacotribune\\\/\",\"https:\\\/\\\/www.linkedin.com\\\/company\\\/monaco-tribune\",\"https:\\\/\\\/www.youtube.com\\\/channel\\\/UCHle1MnG6hw1y4lWKijVbMA\"]},{\"@type\":\"Person\",\"@id\":\"https:\\\/\\\/www.monaco-tribune.com\\\/it\\\/#\\\/schema\\\/person\\\/94fb5723547bd83dea1eed97e25145aa\",\"name\":\"Th\u00e9o Briand\",\"image\":{\"@type\":\"ImageObject\",\"inLanguage\":\"it-IT\",\"@id\":\"https:\\\/\\\/secure.gravatar.com\\\/avatar\\\/1c02cfd8b8054d8c376f9a942a1dc4dbacfd8ba5e6f8dbb5e16f4aa3d281972a?s=96&d=mm&r=g\",\"url\":\"https:\\\/\\\/secure.gravatar.com\\\/avatar\\\/1c02cfd8b8054d8c376f9a942a1dc4dbacfd8ba5e6f8dbb5e16f4aa3d281972a?s=96&d=mm&r=g\",\"contentUrl\":\"https:\\\/\\\/secure.gravatar.com\\\/avatar\\\/1c02cfd8b8054d8c376f9a942a1dc4dbacfd8ba5e6f8dbb5e16f4aa3d281972a?s=96&d=mm&r=g\",\"caption\":\"Th\u00e9o Briand\"},\"url\":\"https:\\\/\\\/www.monaco-tribune.com\\\/it\\\/author\\\/theobriand\\\/\"}]}<\/script>\n<!-- \/ Yoast SEO Premium plugin. -->","yoast_head_json":{"title":"La Plage & More: la miglior offerta per prendere il sole in riva al Mediterraneo","description":"\u00c8 difficile trovare un rapporto qualit\u00e0-prezzo migliore in Costa Azzurra. Quest'anno, con la sua nuova offerta, Le M\u00e9ridien Beach Plaza di Monaco ha fatto","robots":{"index":"index","follow":"follow","max-snippet":"max-snippet:-1","max-image-preview":"max-image-preview:large","max-video-preview":"max-video-preview:-1"},"canonical":"https:\/\/www.monaco-tribune.com\/it\/2024\/06\/la-plage-more-la-miglior-offerta-per-prendere-il-sole-in-riva-al-mediterraneo\/","og_locale":"it_IT","og_type":"article","og_title":"La Plage & More: la miglior offerta per prendere il sole in riva al Mediterraneo - Monaco Tribune","og_description":"\u00c8 difficile trovare un rapporto qualit\u00e0-prezzo migliore in Costa Azzurra. Quest'anno, con la sua nuova offerta, Le M\u00e9ridien Beach Plaza di Monaco ha fatto","og_url":"https:\/\/www.monaco-tribune.com\/it\/2024\/06\/la-plage-more-la-miglior-offerta-per-prendere-il-sole-in-riva-al-mediterraneo\/","og_site_name":"Monaco Tribune","article_publisher":"https:\/\/www.facebook.com\/MonacoTribune","article_published_time":"2024-06-24T16:03:41+00:00","article_modified_time":"2024-06-24T16:07:34+00:00","og_image":[{"width":1300,"height":867,"url":"https:\/\/www.monaco-tribune.com\/wp-content\/uploads\/2024\/06\/plage-more-meridien.jpg","type":"image\/jpeg"}],"author":"Th\u00e9o Briand","twitter_card":"summary_large_image","twitter_creator":"@MonacoTribune","twitter_site":"@MonacoTribune","schema":{"@context":"https:\/\/schema.org","@graph":[{"@type":"NewsArticle","@id":"https:\/\/www.monaco-tribune.com\/it\/2024\/06\/la-plage-more-la-miglior-offerta-per-prendere-il-sole-in-riva-al-mediterraneo\/#article","isPartOf":{"@id":"https:\/\/www.monaco-tribune.com\/it\/2024\/06\/la-plage-more-la-miglior-offerta-per-prendere-il-sole-in-riva-al-mediterraneo\/"},"author":{"name":"Th\u00e9o Briand","@id":"https:\/\/www.monaco-tribune.com\/it\/#\/schema\/person\/94fb5723547bd83dea1eed97e25145aa"},"headline":"La Plage &#038; More: la miglior offerta per prendere il sole in riva al Mediterraneo","datePublished":"2024-06-24T16:03:41+00:00","dateModified":"2024-06-24T16:07:34+00:00","mainEntityOfPage":{"@id":"https:\/\/www.monaco-tribune.com\/it\/2024\/06\/la-plage-more-la-miglior-offerta-per-prendere-il-sole-in-riva-al-mediterraneo\/"},"wordCount":323,"publisher":{"@id":"https:\/\/www.monaco-tribune.com\/it\/#organization"},"image":{"@id":"https:\/\/www.monaco-tribune.com\/it\/2024\/06\/la-plage-more-la-miglior-offerta-per-prendere-il-sole-in-riva-al-mediterraneo\/#primaryimage"},"thumbnailUrl":"https:\/\/www.monaco-tribune.com\/wp-content\/uploads\/2024\/06\/plage-more-meridien-1.jpg","keywords":["Turismo"],"articleSection":["Cosa fare","Dossier","La nostra scelta","Notizie"],"inLanguage":"it-IT","copyrightYear":"2024","copyrightHolder":{"@id":"https:\/\/www.monaco-tribune.com\/#organization"}},{"@type":"WebPage","@id":"https:\/\/www.monaco-tribune.com\/it\/2024\/06\/la-plage-more-la-miglior-offerta-per-prendere-il-sole-in-riva-al-mediterraneo\/","url":"https:\/\/www.monaco-tribune.com\/it\/2024\/06\/la-plage-more-la-miglior-offerta-per-prendere-il-sole-in-riva-al-mediterraneo\/","name":"La Plage & More: la miglior offerta per prendere il sole in riva al Mediterraneo","isPartOf":{"@id":"https:\/\/www.monaco-tribune.com\/it\/#website"},"primaryImageOfPage":{"@id":"https:\/\/www.monaco-tribune.com\/it\/2024\/06\/la-plage-more-la-miglior-offerta-per-prendere-il-sole-in-riva-al-mediterraneo\/#primaryimage"},"image":{"@id":"https:\/\/www.monaco-tribune.com\/it\/2024\/06\/la-plage-more-la-miglior-offerta-per-prendere-il-sole-in-riva-al-mediterraneo\/#primaryimage"},"thumbnailUrl":"https:\/\/www.monaco-tribune.com\/wp-content\/uploads\/2024\/06\/plage-more-meridien-1.jpg","datePublished":"2024-06-24T16:03:41+00:00","dateModified":"2024-06-24T16:07:34+00:00","description":"\u00c8 difficile trovare un rapporto qualit\u00e0-prezzo migliore in Costa Azzurra. Quest'anno, con la sua nuova offerta, Le M\u00e9ridien Beach Plaza di Monaco ha fatto","breadcrumb":{"@id":"https:\/\/www.monaco-tribune.com\/it\/2024\/06\/la-plage-more-la-miglior-offerta-per-prendere-il-sole-in-riva-al-mediterraneo\/#breadcrumb"},"inLanguage":"it-IT","potentialAction":[{"@type":"ReadAction","target":["https:\/\/www.monaco-tribune.com\/it\/2024\/06\/la-plage-more-la-miglior-offerta-per-prendere-il-sole-in-riva-al-mediterraneo\/"]}]},{"@type":"ImageObject","inLanguage":"it-IT","@id":"https:\/\/www.monaco-tribune.com\/it\/2024\/06\/la-plage-more-la-miglior-offerta-per-prendere-il-sole-in-riva-al-mediterraneo\/#primaryimage","url":"https:\/\/www.monaco-tribune.com\/wp-content\/uploads\/2024\/06\/plage-more-meridien-1.jpg","contentUrl":"https:\/\/www.monaco-tribune.com\/wp-content\/uploads\/2024\/06\/plage-more-meridien-1.jpg","width":1200,"height":800,"caption":"L'h\u00f4tel 4 \u00e9toiles le M\u00e9ridien propose une offre in\u00e9galable avec sa plage priv\u00e9e \u00a9 Le M\u00e9ridien Beach Plaza"},{"@type":"BreadcrumbList","@id":"https:\/\/www.monaco-tribune.com\/it\/2024\/06\/la-plage-more-la-miglior-offerta-per-prendere-il-sole-in-riva-al-mediterraneo\/#breadcrumb","itemListElement":[{"@type":"ListItem","position":1,"name":"Accueil","item":"https:\/\/www.monaco-tribune.com\/it\/"},{"@type":"ListItem","position":2,"name":"La Plage &#038; More: la miglior offerta per prendere il sole in riva al Mediterraneo"}]},{"@type":"WebSite","@id":"https:\/\/www.monaco-tribune.com\/it\/#website","url":"https:\/\/www.monaco-tribune.com\/it\/","name":"Monaco Tribune","description":"Monaco : actualit\u00e9s \u00e9conomiques, politiques, culturelles et sportives de Monaco et de la French Riviera.","publisher":{"@id":"https:\/\/www.monaco-tribune.com\/it\/#organization"},"potentialAction":[{"@type":"SearchAction","target":{"@type":"EntryPoint","urlTemplate":"https:\/\/www.monaco-tribune.com\/it\/?s={search_term_string}"},"query-input":{"@type":"PropertyValueSpecification","valueRequired":true,"valueName":"search_term_string"}}],"inLanguage":"it-IT"},{"@type":"Organization","@id":"https:\/\/www.monaco-tribune.com\/it\/#organization","name":"Monaco Tribune","url":"https:\/\/www.monaco-tribune.com\/it\/","logo":{"@type":"ImageObject","inLanguage":"it-IT","@id":"https:\/\/www.monaco-tribune.com\/it\/#\/schema\/logo\/image\/","url":"https:\/\/www.monaco-tribune.com\/wp-content\/uploads\/2022\/11\/logo-monaco-tribune.png","contentUrl":"https:\/\/www.monaco-tribune.com\/wp-content\/uploads\/2022\/11\/logo-monaco-tribune.png","width":1548,"height":600,"caption":"Monaco Tribune"},"image":{"@id":"https:\/\/www.monaco-tribune.com\/it\/#\/schema\/logo\/image\/"},"sameAs":["https:\/\/www.facebook.com\/MonacoTribune","https:\/\/x.com\/MonacoTribune","https:\/\/www.instagram.com\/monacotribune\/","https:\/\/www.linkedin.com\/company\/monaco-tribune","https:\/\/www.youtube.com\/channel\/UCHle1MnG6hw1y4lWKijVbMA"]},{"@type":"Person","@id":"https:\/\/www.monaco-tribune.com\/it\/#\/schema\/person\/94fb5723547bd83dea1eed97e25145aa","name":"Th\u00e9o Briand","image":{"@type":"ImageObject","inLanguage":"it-IT","@id":"https:\/\/secure.gravatar.com\/avatar\/1c02cfd8b8054d8c376f9a942a1dc4dbacfd8ba5e6f8dbb5e16f4aa3d281972a?s=96&d=mm&r=g","url":"https:\/\/secure.gravatar.com\/avatar\/1c02cfd8b8054d8c376f9a942a1dc4dbacfd8ba5e6f8dbb5e16f4aa3d281972a?s=96&d=mm&r=g","contentUrl":"https:\/\/secure.gravatar.com\/avatar\/1c02cfd8b8054d8c376f9a942a1dc4dbacfd8ba5e6f8dbb5e16f4aa3d281972a?s=96&d=mm&r=g","caption":"Th\u00e9o Briand"},"url":"https:\/\/www.monaco-tribune.com\/it\/author\/theobriand\/"}]}},"_links":{"self":[{"href":"https:\/\/www.monaco-tribune.com\/it\/wp-json\/wp\/v2\/posts\/239264","targetHints":{"allow":["GET"]}}],"collection":[{"href":"https:\/\/www.monaco-tribune.com\/it\/wp-json\/wp\/v2\/posts"}],"about":[{"href":"https:\/\/www.monaco-tribune.com\/it\/wp-json\/wp\/v2\/types\/post"}],"author":[{"embeddable":true,"href":"https:\/\/www.monaco-tribune.com\/it\/wp-json\/wp\/v2\/users\/66"}],"replies":[{"embeddable":true,"href":"https:\/\/www.monaco-tribune.com\/it\/wp-json\/wp\/v2\/comments?post=239264"}],"version-history":[{"count":2,"href":"https:\/\/www.monaco-tribune.com\/it\/wp-json\/wp\/v2\/posts\/239264\/revisions"}],"predecessor-version":[{"id":239272,"href":"https:\/\/www.monaco-tribune.com\/it\/wp-json\/wp\/v2\/posts\/239264\/revisions\/239272"}],"wp:featuredmedia":[{"embeddable":true,"href":"https:\/\/www.monaco-tribune.com\/it\/wp-json\/wp\/v2\/media\/245099"}],"wp:attachment":[{"href":"https:\/\/www.monaco-tribune.com\/it\/wp-json\/wp\/v2\/media?parent=239264"}],"wp:term":[{"taxonomy":"category","embeddable":true,"href":"https:\/\/www.monaco-tribune.com\/it\/wp-json\/wp\/v2\/categories?post=239264"},{"taxonomy":"post_tag","embeddable":true,"href":"https:\/\/www.monaco-tribune.com\/it\/wp-json\/wp\/v2\/tags?post=239264"},{"taxonomy":"sectag","embeddable":true,"href":"https:\/\/www.monaco-tribune.com\/it\/wp-json\/wp\/v2\/post_sectags?post=239264"},{"taxonomy":"format","embeddable":true,"href":"https:\/\/www.monaco-tribune.com\/it\/wp-json\/wp\/v2\/post_format?post=239264"}],"curies":[{"name":"wp","href":"https:\/\/api.w.org\/{rel}","templated":true}]}}