{"id":239548,"date":"2024-06-26T10:45:53","date_gmt":"2024-06-26T08:45:53","guid":{"rendered":"https:\/\/www.monaco-tribune.com\/2024\/06\/i-giocatori-dellas-monaco-tornano-ad-allenarsi\/"},"modified":"2024-06-26T10:45:58","modified_gmt":"2024-06-26T08:45:58","slug":"i-giocatori-dellas-monaco-tornano-ad-allenarsi","status":"publish","type":"post","link":"https:\/\/www.monaco-tribune.com\/it\/2024\/06\/i-giocatori-dellas-monaco-tornano-ad-allenarsi\/","title":{"rendered":"I giocatori dell&#8217;AS Monaco tornano ad allenarsi"},"content":{"rendered":"\n<p><strong>Questo luned\u00ec, alcuni giocatori dell&#8217;AS Monaco sono tornati al centro di allenamento per i test precampionato, per poi dedicarsi alle partite amichevoli e a uno stage di preparazione in Austria in programma il 15 luglio.<\/strong><\/p>\n\n<p>Questo luned\u00ec, 15 giocatori del club, esclusi quelli internazionali, si sono sottoposti alla prima fase fondamentale dei test medici. I loro compagni si uniranno progressivamente fino al 1\u00b0 luglio, data in cui la squadra sar\u00e0 al completo per dare inizio ai preparativi per la nuova stagione, in cui l&#8217;AS Monaco sar\u00e0 in Champions League.<\/p>\n<div class=\"wp-block-image\">\n<figure class=\"aligncenter size-large\"><img loading=\"lazy\" decoding=\"async\" width=\"1024\" height=\"683\" src=\"https:\/\/www.monaco-tribune.com\/wp-content\/uploads\/2024\/06\/photographe-monaco_sport_photo-by-valeria-maselli_asmonaco_35-1024x683.jpg\" alt=\"\" class=\"wp-image-239333\" srcset=\"https:\/\/www.monaco-tribune.com\/wp-content\/uploads\/2024\/06\/photographe-monaco_sport_photo-by-valeria-maselli_asmonaco_35-1024x683.jpg 1024w, https:\/\/www.monaco-tribune.com\/wp-content\/uploads\/2024\/06\/photographe-monaco_sport_photo-by-valeria-maselli_asmonaco_35-450x300.jpg 450w, https:\/\/www.monaco-tribune.com\/wp-content\/uploads\/2024\/06\/photographe-monaco_sport_photo-by-valeria-maselli_asmonaco_35.jpg 1200w\" sizes=\"auto, (max-width: 1024px) 100vw, 1024px\" \/><figcaption class=\"wp-element-caption\"><em>L&#8217;internazionale tedesco Thilo Kehrer ai test medici<\/em> <em>\u00a9 AS Monaco<\/em><\/figcaption><\/figure>\n<\/div>\n<h2 class=\"wp-block-heading\" id=\"h-quatre-matchs-amicaux-avant-la-reprise-de-la-ligue-1\">Quattro amichevoli prima della ripresa della Ligue 1<\/h2>\n\n<p>Il primo importante obiettivo dei Rouge et Blanc \u00e8 l&#8217;amichevole del 6 luglio contro il Servette Gen\u00e8ve, che si \u00e8 aggiudicato di recente la Coppa Svizzera. Ma prima, mercoled\u00ec pomeriggio i giocatori presenti riprenderanno l&#8217;allenamento sul campo del centro di La Turbie.<\/p>\n\n<p>Guidato da <a href=\"https:\/\/www.monaco-tribune.com\/it\/2024\/05\/analisi-las-monaco-e-al-top-con-adi-hutter\/\">Adi H\u00fctter<\/a>, l&#8217;AS Monaco affronter\u00e0 una serie di partite amichevoli per migliorare le prestazioni dei giocatori. Oltre all&#8217;incontro con il Servette Gen\u00e8ve, il club di Monaco affronter\u00e0 il Cercle Bruges, il 13 luglio al Performance Center. I Rouge et Blanc voleranno poi nei Paesi Bassi per un&#8217;ultima partita preparatoria contro il Feyenoord, il 31 luglio.<\/p>\n\n<p>Infine, dal 15 al 21 luglio, \u00e8 previsto uno stage nella terra del coach austriaco. Il soggiorno a Windischgarsten si concluder\u00e0 con un incontro contro lo Sturm Graz il 20 luglio. La partita sar\u00e0 una sorta di rivincita con i campioni d&#8217;Austria della stagione 2023-2024, una squadra che l&#8217;AS Monaco ha affrontato nella fase a gironi dell&#8217;Europa League nel 2021, finendo imbattuto con una vittoria (1-0) e un pareggio (1-1).<\/p>\n\n<p class=\"related\"><a href=\"https:\/\/www.monaco-tribune.com\/it\/2024\/06\/analisi-il-ruolo-di-dmitry-rybolovlev-nel-successo-dellas-monaco-in-questa-stagione\/\">Analisi: Il ruolo di Dmitry Rybolovlev nel successo dell\u2019AS Monaco in questa stagione<\/a><\/p>\n\n<h2 class=\"wp-block-heading\" id=\"h-debut-du-championnat-2024-2025-le-dimanche-18-aout\">Inizio campionato 2024-2025 domenica 18 agosto<\/h2>\n\n<p>Questi intensi preparativi servono a mettere la squadra nelle migliori condizioni per affrontare la prossima stagione di Champions League e l&#8217;inizio della Ligue 1, dove l&#8217;AS Monaco ricever\u00e0 in casa l&#8217;AS Saint-Etienne domenica 18 agosto allo stadio Louis II.<\/p>\n\n<p>I tifosi monegaschi possono gi\u00e0 iniziare a fare il tifo per una squadra che si appresta ad affrontare le sfide della prossima stagione.<\/p>\n<div class=\"wp-block-image\">\n<figure class=\"aligncenter size-large\"><img loading=\"lazy\" decoding=\"async\" width=\"1024\" height=\"683\" src=\"https:\/\/www.monaco-tribune.com\/wp-content\/uploads\/2024\/06\/photographe-monaco_sport_photo-by-valeria-maselli_asmonaco_93-1024x683.jpg\" alt=\"\" class=\"wp-image-239339\" srcset=\"https:\/\/www.monaco-tribune.com\/wp-content\/uploads\/2024\/06\/photographe-monaco_sport_photo-by-valeria-maselli_asmonaco_93-1024x683.jpg 1024w, https:\/\/www.monaco-tribune.com\/wp-content\/uploads\/2024\/06\/photographe-monaco_sport_photo-by-valeria-maselli_asmonaco_93-450x300.jpg 450w, https:\/\/www.monaco-tribune.com\/wp-content\/uploads\/2024\/06\/photographe-monaco_sport_photo-by-valeria-maselli_asmonaco_93.jpg 1200w\" sizes=\"auto, (max-width: 1024px) 100vw, 1024px\" \/><figcaption class=\"wp-element-caption\"><em>F\u00e9lix Lemar\u00e9chal ai test medici \u00a9 AS Monaco<\/em><\/figcaption><\/figure>\n<\/div>\n<p class=\"related\"><a href=\"https:\/\/www.monaco-tribune.com\/it\/2024\/05\/thiago-scuro-e-il-suo-ruolo-nella-rinascita-dellas-monaco\/\">Thiago Scuro e il suo ruolo nella rinascita dell\u2019AS Monaco<\/a><\/p>\n","protected":false},"excerpt":{"rendered":"<p>Questo luned\u00ec, alcuni giocatori dell&#8217;AS Monaco sono tornati al centro di allenamento per i test precampionato, per poi dedicarsi alle [&hellip;]<\/p>\n","protected":false},"author":77,"featured_media":239331,"comment_status":"closed","ping_status":"closed","sticky":false,"template":"","format":"standard","meta":{"_acf_changed":false,"footnotes":""},"categories":[1738,1743],"tags":[2846],"post_sectags":[3240],"post_format":[2478],"class_list":["post-239548","post","type-post","status-publish","format-standard","has-post-thumbnail","hentry","category-notizie","category-sport-it","tag-as-monaco-it-2","sectag-calcio-it","format-notizia"],"acf":[],"yoast_head":"<!-- This site is optimized with the Yoast SEO Premium plugin v26.8 (Yoast SEO v27.5) - https:\/\/yoast.com\/product\/yoast-seo-premium-wordpress\/ -->\n<title>I giocatori dell&#039;AS Monaco tornano ad allenarsi<\/title>\n<meta name=\"description\" content=\"Questo luned\u00ec, alcuni giocatori dell&#039;AS Monaco sono tornati al centro di allenamento per i test precampionato, per poi dedicarsi alle partite amichevoli e\" \/>\n<meta name=\"robots\" content=\"index, follow, max-snippet:-1, max-image-preview:large, max-video-preview:-1\" \/>\n<link rel=\"canonical\" href=\"https:\/\/www.monaco-tribune.com\/it\/2024\/06\/i-giocatori-dellas-monaco-tornano-ad-allenarsi\/\" \/>\n<meta property=\"og:locale\" content=\"it_IT\" \/>\n<meta property=\"og:type\" content=\"article\" \/>\n<meta property=\"og:title\" content=\"I giocatori dell&#039;AS Monaco tornano ad allenarsi - Monaco Tribune\" \/>\n<meta property=\"og:description\" content=\"Questo luned\u00ec, alcuni giocatori dell&#039;AS Monaco sono tornati al centro di allenamento per i test precampionato, per poi dedicarsi alle partite amichevoli e\" \/>\n<meta property=\"og:url\" content=\"https:\/\/www.monaco-tribune.com\/it\/2024\/06\/i-giocatori-dellas-monaco-tornano-ad-allenarsi\/\" \/>\n<meta property=\"og:site_name\" content=\"Monaco Tribune\" \/>\n<meta property=\"article:publisher\" content=\"https:\/\/www.facebook.com\/MonacoTribune\" \/>\n<meta property=\"article:published_time\" content=\"2024-06-26T08:45:53+00:00\" \/>\n<meta property=\"article:modified_time\" content=\"2024-06-26T08:45:58+00:00\" \/>\n<meta property=\"og:image\" content=\"https:\/\/www.monaco-tribune.com\/wp-content\/uploads\/2024\/06\/photographe-monaco_sport_photo-by-valeria-maselli_asmonaco_108-2.jpg\" \/>\n\t<meta property=\"og:image:width\" content=\"1200\" \/>\n\t<meta property=\"og:image:height\" content=\"695\" \/>\n\t<meta property=\"og:image:type\" content=\"image\/jpeg\" \/>\n<meta name=\"author\" content=\"Ana\u00efs Riu\" \/>\n<meta name=\"twitter:card\" content=\"summary_large_image\" \/>\n<meta name=\"twitter:creator\" content=\"@MonacoTribune\" \/>\n<meta name=\"twitter:site\" content=\"@MonacoTribune\" \/>\n<script type=\"application\/ld+json\" class=\"yoast-schema-graph\">{\"@context\":\"https:\\\/\\\/schema.org\",\"@graph\":[{\"@type\":\"NewsArticle\",\"@id\":\"https:\\\/\\\/www.monaco-tribune.com\\\/it\\\/2024\\\/06\\\/i-giocatori-dellas-monaco-tornano-ad-allenarsi\\\/#article\",\"isPartOf\":{\"@id\":\"https:\\\/\\\/www.monaco-tribune.com\\\/it\\\/2024\\\/06\\\/i-giocatori-dellas-monaco-tornano-ad-allenarsi\\\/\"},\"author\":{\"name\":\"Ana\u00efs Riu\",\"@id\":\"https:\\\/\\\/www.monaco-tribune.com\\\/it\\\/#\\\/schema\\\/person\\\/6db631c784f2f0eff54c3ca4d1da2d49\"},\"headline\":\"I giocatori dell&#8217;AS Monaco tornano ad allenarsi\",\"datePublished\":\"2024-06-26T08:45:53+00:00\",\"dateModified\":\"2024-06-26T08:45:58+00:00\",\"mainEntityOfPage\":{\"@id\":\"https:\\\/\\\/www.monaco-tribune.com\\\/it\\\/2024\\\/06\\\/i-giocatori-dellas-monaco-tornano-ad-allenarsi\\\/\"},\"wordCount\":385,\"publisher\":{\"@id\":\"https:\\\/\\\/www.monaco-tribune.com\\\/it\\\/#organization\"},\"image\":{\"@id\":\"https:\\\/\\\/www.monaco-tribune.com\\\/it\\\/2024\\\/06\\\/i-giocatori-dellas-monaco-tornano-ad-allenarsi\\\/#primaryimage\"},\"thumbnailUrl\":\"https:\\\/\\\/www.monaco-tribune.com\\\/wp-content\\\/uploads\\\/2024\\\/06\\\/photographe-monaco_sport_photo-by-valeria-maselli_asmonaco_108-2.jpg\",\"keywords\":[\"AS Monaco\"],\"articleSection\":[\"Notizie\",\"Sport\"],\"inLanguage\":\"it-IT\",\"copyrightYear\":\"2024\",\"copyrightHolder\":{\"@id\":\"https:\\\/\\\/www.monaco-tribune.com\\\/#organization\"}},{\"@type\":\"WebPage\",\"@id\":\"https:\\\/\\\/www.monaco-tribune.com\\\/it\\\/2024\\\/06\\\/i-giocatori-dellas-monaco-tornano-ad-allenarsi\\\/\",\"url\":\"https:\\\/\\\/www.monaco-tribune.com\\\/it\\\/2024\\\/06\\\/i-giocatori-dellas-monaco-tornano-ad-allenarsi\\\/\",\"name\":\"I giocatori dell'AS Monaco tornano ad allenarsi\",\"isPartOf\":{\"@id\":\"https:\\\/\\\/www.monaco-tribune.com\\\/it\\\/#website\"},\"primaryImageOfPage\":{\"@id\":\"https:\\\/\\\/www.monaco-tribune.com\\\/it\\\/2024\\\/06\\\/i-giocatori-dellas-monaco-tornano-ad-allenarsi\\\/#primaryimage\"},\"image\":{\"@id\":\"https:\\\/\\\/www.monaco-tribune.com\\\/it\\\/2024\\\/06\\\/i-giocatori-dellas-monaco-tornano-ad-allenarsi\\\/#primaryimage\"},\"thumbnailUrl\":\"https:\\\/\\\/www.monaco-tribune.com\\\/wp-content\\\/uploads\\\/2024\\\/06\\\/photographe-monaco_sport_photo-by-valeria-maselli_asmonaco_108-2.jpg\",\"datePublished\":\"2024-06-26T08:45:53+00:00\",\"dateModified\":\"2024-06-26T08:45:58+00:00\",\"description\":\"Questo luned\u00ec, alcuni giocatori dell'AS Monaco sono tornati al centro di allenamento per i test precampionato, per poi dedicarsi alle partite amichevoli e\",\"breadcrumb\":{\"@id\":\"https:\\\/\\\/www.monaco-tribune.com\\\/it\\\/2024\\\/06\\\/i-giocatori-dellas-monaco-tornano-ad-allenarsi\\\/#breadcrumb\"},\"inLanguage\":\"it-IT\",\"potentialAction\":[{\"@type\":\"ReadAction\",\"target\":[\"https:\\\/\\\/www.monaco-tribune.com\\\/it\\\/2024\\\/06\\\/i-giocatori-dellas-monaco-tornano-ad-allenarsi\\\/\"]}]},{\"@type\":\"ImageObject\",\"inLanguage\":\"it-IT\",\"@id\":\"https:\\\/\\\/www.monaco-tribune.com\\\/it\\\/2024\\\/06\\\/i-giocatori-dellas-monaco-tornano-ad-allenarsi\\\/#primaryimage\",\"url\":\"https:\\\/\\\/www.monaco-tribune.com\\\/wp-content\\\/uploads\\\/2024\\\/06\\\/photographe-monaco_sport_photo-by-valeria-maselli_asmonaco_108-2.jpg\",\"contentUrl\":\"https:\\\/\\\/www.monaco-tribune.com\\\/wp-content\\\/uploads\\\/2024\\\/06\\\/photographe-monaco_sport_photo-by-valeria-maselli_asmonaco_108-2.jpg\",\"width\":1200,\"height\":695,\"caption\":\"I giocatori dell'AS Monaco sono tornati al centro di allenamento di La Turbie \u00a9 AS Monaco\"},{\"@type\":\"BreadcrumbList\",\"@id\":\"https:\\\/\\\/www.monaco-tribune.com\\\/it\\\/2024\\\/06\\\/i-giocatori-dellas-monaco-tornano-ad-allenarsi\\\/#breadcrumb\",\"itemListElement\":[{\"@type\":\"ListItem\",\"position\":1,\"name\":\"Accueil\",\"item\":\"https:\\\/\\\/www.monaco-tribune.com\\\/it\\\/\"},{\"@type\":\"ListItem\",\"position\":2,\"name\":\"I giocatori dell&#8217;AS Monaco tornano ad allenarsi\"}]},{\"@type\":\"WebSite\",\"@id\":\"https:\\\/\\\/www.monaco-tribune.com\\\/it\\\/#website\",\"url\":\"https:\\\/\\\/www.monaco-tribune.com\\\/it\\\/\",\"name\":\"Monaco Tribune\",\"description\":\"Monaco : actualit\u00e9s \u00e9conomiques, politiques, culturelles et sportives de Monaco et de la French Riviera.\",\"publisher\":{\"@id\":\"https:\\\/\\\/www.monaco-tribune.com\\\/it\\\/#organization\"},\"potentialAction\":[{\"@type\":\"SearchAction\",\"target\":{\"@type\":\"EntryPoint\",\"urlTemplate\":\"https:\\\/\\\/www.monaco-tribune.com\\\/it\\\/?s={search_term_string}\"},\"query-input\":{\"@type\":\"PropertyValueSpecification\",\"valueRequired\":true,\"valueName\":\"search_term_string\"}}],\"inLanguage\":\"it-IT\"},{\"@type\":\"Organization\",\"@id\":\"https:\\\/\\\/www.monaco-tribune.com\\\/it\\\/#organization\",\"name\":\"Monaco Tribune\",\"url\":\"https:\\\/\\\/www.monaco-tribune.com\\\/it\\\/\",\"logo\":{\"@type\":\"ImageObject\",\"inLanguage\":\"it-IT\",\"@id\":\"https:\\\/\\\/www.monaco-tribune.com\\\/it\\\/#\\\/schema\\\/logo\\\/image\\\/\",\"url\":\"https:\\\/\\\/www.monaco-tribune.com\\\/wp-content\\\/uploads\\\/2022\\\/11\\\/logo-monaco-tribune.png\",\"contentUrl\":\"https:\\\/\\\/www.monaco-tribune.com\\\/wp-content\\\/uploads\\\/2022\\\/11\\\/logo-monaco-tribune.png\",\"width\":1548,\"height\":600,\"caption\":\"Monaco Tribune\"},\"image\":{\"@id\":\"https:\\\/\\\/www.monaco-tribune.com\\\/it\\\/#\\\/schema\\\/logo\\\/image\\\/\"},\"sameAs\":[\"https:\\\/\\\/www.facebook.com\\\/MonacoTribune\",\"https:\\\/\\\/x.com\\\/MonacoTribune\",\"https:\\\/\\\/www.instagram.com\\\/monacotribune\\\/\",\"https:\\\/\\\/www.linkedin.com\\\/company\\\/monaco-tribune\",\"https:\\\/\\\/www.youtube.com\\\/channel\\\/UCHle1MnG6hw1y4lWKijVbMA\"]},{\"@type\":\"Person\",\"@id\":\"https:\\\/\\\/www.monaco-tribune.com\\\/it\\\/#\\\/schema\\\/person\\\/6db631c784f2f0eff54c3ca4d1da2d49\",\"name\":\"Ana\u00efs Riu\",\"image\":{\"@type\":\"ImageObject\",\"inLanguage\":\"it-IT\",\"@id\":\"https:\\\/\\\/secure.gravatar.com\\\/avatar\\\/9137eff67ff750f1997c171f45e5829ca4c8fa34729a8f8cd9dc85be7e50df7f?s=96&d=mm&r=g\",\"url\":\"https:\\\/\\\/secure.gravatar.com\\\/avatar\\\/9137eff67ff750f1997c171f45e5829ca4c8fa34729a8f8cd9dc85be7e50df7f?s=96&d=mm&r=g\",\"contentUrl\":\"https:\\\/\\\/secure.gravatar.com\\\/avatar\\\/9137eff67ff750f1997c171f45e5829ca4c8fa34729a8f8cd9dc85be7e50df7f?s=96&d=mm&r=g\",\"caption\":\"Ana\u00efs Riu\"},\"url\":\"https:\\\/\\\/www.monaco-tribune.com\\\/it\\\/author\\\/anaisriu\\\/\"}]}<\/script>\n<!-- \/ Yoast SEO Premium plugin. -->","yoast_head_json":{"title":"I giocatori dell'AS Monaco tornano ad allenarsi","description":"Questo luned\u00ec, alcuni giocatori dell'AS Monaco sono tornati al centro di allenamento per i test precampionato, per poi dedicarsi alle partite amichevoli e","robots":{"index":"index","follow":"follow","max-snippet":"max-snippet:-1","max-image-preview":"max-image-preview:large","max-video-preview":"max-video-preview:-1"},"canonical":"https:\/\/www.monaco-tribune.com\/it\/2024\/06\/i-giocatori-dellas-monaco-tornano-ad-allenarsi\/","og_locale":"it_IT","og_type":"article","og_title":"I giocatori dell'AS Monaco tornano ad allenarsi - Monaco Tribune","og_description":"Questo luned\u00ec, alcuni giocatori dell'AS Monaco sono tornati al centro di allenamento per i test precampionato, per poi dedicarsi alle partite amichevoli e","og_url":"https:\/\/www.monaco-tribune.com\/it\/2024\/06\/i-giocatori-dellas-monaco-tornano-ad-allenarsi\/","og_site_name":"Monaco Tribune","article_publisher":"https:\/\/www.facebook.com\/MonacoTribune","article_published_time":"2024-06-26T08:45:53+00:00","article_modified_time":"2024-06-26T08:45:58+00:00","og_image":[{"width":1200,"height":695,"url":"https:\/\/www.monaco-tribune.com\/wp-content\/uploads\/2024\/06\/photographe-monaco_sport_photo-by-valeria-maselli_asmonaco_108-2.jpg","type":"image\/jpeg"}],"author":"Ana\u00efs Riu","twitter_card":"summary_large_image","twitter_creator":"@MonacoTribune","twitter_site":"@MonacoTribune","schema":{"@context":"https:\/\/schema.org","@graph":[{"@type":"NewsArticle","@id":"https:\/\/www.monaco-tribune.com\/it\/2024\/06\/i-giocatori-dellas-monaco-tornano-ad-allenarsi\/#article","isPartOf":{"@id":"https:\/\/www.monaco-tribune.com\/it\/2024\/06\/i-giocatori-dellas-monaco-tornano-ad-allenarsi\/"},"author":{"name":"Ana\u00efs Riu","@id":"https:\/\/www.monaco-tribune.com\/it\/#\/schema\/person\/6db631c784f2f0eff54c3ca4d1da2d49"},"headline":"I giocatori dell&#8217;AS Monaco tornano ad allenarsi","datePublished":"2024-06-26T08:45:53+00:00","dateModified":"2024-06-26T08:45:58+00:00","mainEntityOfPage":{"@id":"https:\/\/www.monaco-tribune.com\/it\/2024\/06\/i-giocatori-dellas-monaco-tornano-ad-allenarsi\/"},"wordCount":385,"publisher":{"@id":"https:\/\/www.monaco-tribune.com\/it\/#organization"},"image":{"@id":"https:\/\/www.monaco-tribune.com\/it\/2024\/06\/i-giocatori-dellas-monaco-tornano-ad-allenarsi\/#primaryimage"},"thumbnailUrl":"https:\/\/www.monaco-tribune.com\/wp-content\/uploads\/2024\/06\/photographe-monaco_sport_photo-by-valeria-maselli_asmonaco_108-2.jpg","keywords":["AS Monaco"],"articleSection":["Notizie","Sport"],"inLanguage":"it-IT","copyrightYear":"2024","copyrightHolder":{"@id":"https:\/\/www.monaco-tribune.com\/#organization"}},{"@type":"WebPage","@id":"https:\/\/www.monaco-tribune.com\/it\/2024\/06\/i-giocatori-dellas-monaco-tornano-ad-allenarsi\/","url":"https:\/\/www.monaco-tribune.com\/it\/2024\/06\/i-giocatori-dellas-monaco-tornano-ad-allenarsi\/","name":"I giocatori dell'AS Monaco tornano ad allenarsi","isPartOf":{"@id":"https:\/\/www.monaco-tribune.com\/it\/#website"},"primaryImageOfPage":{"@id":"https:\/\/www.monaco-tribune.com\/it\/2024\/06\/i-giocatori-dellas-monaco-tornano-ad-allenarsi\/#primaryimage"},"image":{"@id":"https:\/\/www.monaco-tribune.com\/it\/2024\/06\/i-giocatori-dellas-monaco-tornano-ad-allenarsi\/#primaryimage"},"thumbnailUrl":"https:\/\/www.monaco-tribune.com\/wp-content\/uploads\/2024\/06\/photographe-monaco_sport_photo-by-valeria-maselli_asmonaco_108-2.jpg","datePublished":"2024-06-26T08:45:53+00:00","dateModified":"2024-06-26T08:45:58+00:00","description":"Questo luned\u00ec, alcuni giocatori dell'AS Monaco sono tornati al centro di allenamento per i test precampionato, per poi dedicarsi alle partite amichevoli e","breadcrumb":{"@id":"https:\/\/www.monaco-tribune.com\/it\/2024\/06\/i-giocatori-dellas-monaco-tornano-ad-allenarsi\/#breadcrumb"},"inLanguage":"it-IT","potentialAction":[{"@type":"ReadAction","target":["https:\/\/www.monaco-tribune.com\/it\/2024\/06\/i-giocatori-dellas-monaco-tornano-ad-allenarsi\/"]}]},{"@type":"ImageObject","inLanguage":"it-IT","@id":"https:\/\/www.monaco-tribune.com\/it\/2024\/06\/i-giocatori-dellas-monaco-tornano-ad-allenarsi\/#primaryimage","url":"https:\/\/www.monaco-tribune.com\/wp-content\/uploads\/2024\/06\/photographe-monaco_sport_photo-by-valeria-maselli_asmonaco_108-2.jpg","contentUrl":"https:\/\/www.monaco-tribune.com\/wp-content\/uploads\/2024\/06\/photographe-monaco_sport_photo-by-valeria-maselli_asmonaco_108-2.jpg","width":1200,"height":695,"caption":"I giocatori dell'AS Monaco sono tornati al centro di allenamento di La Turbie \u00a9 AS Monaco"},{"@type":"BreadcrumbList","@id":"https:\/\/www.monaco-tribune.com\/it\/2024\/06\/i-giocatori-dellas-monaco-tornano-ad-allenarsi\/#breadcrumb","itemListElement":[{"@type":"ListItem","position":1,"name":"Accueil","item":"https:\/\/www.monaco-tribune.com\/it\/"},{"@type":"ListItem","position":2,"name":"I giocatori dell&#8217;AS Monaco tornano ad allenarsi"}]},{"@type":"WebSite","@id":"https:\/\/www.monaco-tribune.com\/it\/#website","url":"https:\/\/www.monaco-tribune.com\/it\/","name":"Monaco Tribune","description":"Monaco : actualit\u00e9s \u00e9conomiques, politiques, culturelles et sportives de Monaco et de la French Riviera.","publisher":{"@id":"https:\/\/www.monaco-tribune.com\/it\/#organization"},"potentialAction":[{"@type":"SearchAction","target":{"@type":"EntryPoint","urlTemplate":"https:\/\/www.monaco-tribune.com\/it\/?s={search_term_string}"},"query-input":{"@type":"PropertyValueSpecification","valueRequired":true,"valueName":"search_term_string"}}],"inLanguage":"it-IT"},{"@type":"Organization","@id":"https:\/\/www.monaco-tribune.com\/it\/#organization","name":"Monaco Tribune","url":"https:\/\/www.monaco-tribune.com\/it\/","logo":{"@type":"ImageObject","inLanguage":"it-IT","@id":"https:\/\/www.monaco-tribune.com\/it\/#\/schema\/logo\/image\/","url":"https:\/\/www.monaco-tribune.com\/wp-content\/uploads\/2022\/11\/logo-monaco-tribune.png","contentUrl":"https:\/\/www.monaco-tribune.com\/wp-content\/uploads\/2022\/11\/logo-monaco-tribune.png","width":1548,"height":600,"caption":"Monaco Tribune"},"image":{"@id":"https:\/\/www.monaco-tribune.com\/it\/#\/schema\/logo\/image\/"},"sameAs":["https:\/\/www.facebook.com\/MonacoTribune","https:\/\/x.com\/MonacoTribune","https:\/\/www.instagram.com\/monacotribune\/","https:\/\/www.linkedin.com\/company\/monaco-tribune","https:\/\/www.youtube.com\/channel\/UCHle1MnG6hw1y4lWKijVbMA"]},{"@type":"Person","@id":"https:\/\/www.monaco-tribune.com\/it\/#\/schema\/person\/6db631c784f2f0eff54c3ca4d1da2d49","name":"Ana\u00efs Riu","image":{"@type":"ImageObject","inLanguage":"it-IT","@id":"https:\/\/secure.gravatar.com\/avatar\/9137eff67ff750f1997c171f45e5829ca4c8fa34729a8f8cd9dc85be7e50df7f?s=96&d=mm&r=g","url":"https:\/\/secure.gravatar.com\/avatar\/9137eff67ff750f1997c171f45e5829ca4c8fa34729a8f8cd9dc85be7e50df7f?s=96&d=mm&r=g","contentUrl":"https:\/\/secure.gravatar.com\/avatar\/9137eff67ff750f1997c171f45e5829ca4c8fa34729a8f8cd9dc85be7e50df7f?s=96&d=mm&r=g","caption":"Ana\u00efs Riu"},"url":"https:\/\/www.monaco-tribune.com\/it\/author\/anaisriu\/"}]}},"_links":{"self":[{"href":"https:\/\/www.monaco-tribune.com\/it\/wp-json\/wp\/v2\/posts\/239548","targetHints":{"allow":["GET"]}}],"collection":[{"href":"https:\/\/www.monaco-tribune.com\/it\/wp-json\/wp\/v2\/posts"}],"about":[{"href":"https:\/\/www.monaco-tribune.com\/it\/wp-json\/wp\/v2\/types\/post"}],"author":[{"embeddable":true,"href":"https:\/\/www.monaco-tribune.com\/it\/wp-json\/wp\/v2\/users\/77"}],"replies":[{"embeddable":true,"href":"https:\/\/www.monaco-tribune.com\/it\/wp-json\/wp\/v2\/comments?post=239548"}],"version-history":[{"count":2,"href":"https:\/\/www.monaco-tribune.com\/it\/wp-json\/wp\/v2\/posts\/239548\/revisions"}],"predecessor-version":[{"id":239551,"href":"https:\/\/www.monaco-tribune.com\/it\/wp-json\/wp\/v2\/posts\/239548\/revisions\/239551"}],"wp:featuredmedia":[{"embeddable":true,"href":"https:\/\/www.monaco-tribune.com\/it\/wp-json\/wp\/v2\/media\/239331"}],"wp:attachment":[{"href":"https:\/\/www.monaco-tribune.com\/it\/wp-json\/wp\/v2\/media?parent=239548"}],"wp:term":[{"taxonomy":"category","embeddable":true,"href":"https:\/\/www.monaco-tribune.com\/it\/wp-json\/wp\/v2\/categories?post=239548"},{"taxonomy":"post_tag","embeddable":true,"href":"https:\/\/www.monaco-tribune.com\/it\/wp-json\/wp\/v2\/tags?post=239548"},{"taxonomy":"sectag","embeddable":true,"href":"https:\/\/www.monaco-tribune.com\/it\/wp-json\/wp\/v2\/post_sectags?post=239548"},{"taxonomy":"format","embeddable":true,"href":"https:\/\/www.monaco-tribune.com\/it\/wp-json\/wp\/v2\/post_format?post=239548"}],"curies":[{"name":"wp","href":"https:\/\/api.w.org\/{rel}","templated":true}]}}