{"id":239773,"date":"2024-06-27T11:37:51","date_gmt":"2024-06-27T09:37:51","guid":{"rendered":"https:\/\/www.monaco-tribune.com\/2024\/06\/come-fa-monaco-a-conciliare-pulizia-rispetto-dellambiente-e-bisogni-dei-cani\/"},"modified":"2024-06-27T11:37:59","modified_gmt":"2024-06-27T09:37:59","slug":"come-fa-monaco-a-conciliare-pulizia-rispetto-dellambiente-e-bisogni-dei-cani","status":"publish","type":"post","link":"https:\/\/www.monaco-tribune.com\/it\/2024\/06\/come-fa-monaco-a-conciliare-pulizia-rispetto-dellambiente-e-bisogni-dei-cani\/","title":{"rendered":"Come fa Monaco a conciliare pulizia, rispetto dell&#8217;ambiente e bisogni dei cani?"},"content":{"rendered":"\n<p><strong>Nonostante i sempre presenti escrementi di cani, negli ultimi due anni la Soci\u00e9t\u00e9 Mon\u00e9gasque d&#8217;Assainissement \u00e8 riuscita a dimezzare il consumo di acqua.<\/strong><\/p>\n\n<p>Monaco, simbolo di lusso e raffinatezza, \u00e8 anche rinomata per la sua pulizia, che contribuisce alla sua reputazione a livello internazionale. Strade e giardini impeccabili, piazze scintillanti: il Principato lascia a bocca aperta i turisti che lo visitano. Tuttavia, la pulizia monegasca \u00e8 il risultato di un lavoro quotidiano e di una stretta collaborazione tra tutti i soggetti coinvolti.<\/p>\n\n<h2 class=\"wp-block-heading\" id=\"h-des-temoignages-qui-interpellent\">Testimonianze che fanno aprire gli occhi<\/h2>\n\n<p>Ma non tutti sono entusiasti come i turisti. Alcuni residenti si lamentano della scarsa pulizia delle vie e dei quartieri in cui vivono. Con rifiuti per terra, cartacce trasportate dal vento ed erbacce che crescono spontaneamente nelle aiuole del Principato, alcuni utenti di Internet si lamentano della sporcizia dilagante. Ma quello su cui tutti sono d&#8217;accordo \u00e8 che le strade del Principato stanno diventando sempre pi\u00f9 sporche per colpa della pip\u00ec e degli escrementi di cane.<\/p>\n<div class=\"wp-block-image\">\n<figure class=\"aligncenter size-large is-resized\"><img loading=\"lazy\" decoding=\"async\" width=\"768\" height=\"1024\" src=\"https:\/\/www.monaco-tribune.com\/wp-content\/uploads\/2024\/06\/dechets-rue-des-acores-condamine-768x1024.jpg\" alt=\"dechets-rue-des-acores-condamine\" class=\"wp-image-239144\" style=\"width:531px;height:auto\" srcset=\"https:\/\/www.monaco-tribune.com\/wp-content\/uploads\/2024\/06\/dechets-rue-des-acores-condamine-768x1024.jpg 768w, https:\/\/www.monaco-tribune.com\/wp-content\/uploads\/2024\/06\/dechets-rue-des-acores-condamine-225x300.jpg 225w, https:\/\/www.monaco-tribune.com\/wp-content\/uploads\/2024\/06\/dechets-rue-des-acores-condamine.jpg 1200w\" sizes=\"auto, (max-width: 768px) 100vw, 768px\" \/><figcaption class=\"wp-element-caption\"><em>Rifiuti in rue des A\u00e7ores \u00a9 Monaco Tribune<\/em><\/figcaption><\/figure>\n<\/div><div class=\"wp-block-image\">\n<figure class=\"aligncenter size-large is-resized\"><img loading=\"lazy\" decoding=\"async\" width=\"768\" height=\"1024\" src=\"https:\/\/www.monaco-tribune.com\/wp-content\/uploads\/2024\/06\/dechets-rue-emile-de-loth-768x1024.jpg\" alt=\"dechets-rue-emile-de-loth\" class=\"wp-image-239153\" style=\"width:527px;height:auto\" srcset=\"https:\/\/www.monaco-tribune.com\/wp-content\/uploads\/2024\/06\/dechets-rue-emile-de-loth-768x1024.jpg 768w, https:\/\/www.monaco-tribune.com\/wp-content\/uploads\/2024\/06\/dechets-rue-emile-de-loth-225x300.jpg 225w, https:\/\/www.monaco-tribune.com\/wp-content\/uploads\/2024\/06\/dechets-rue-emile-de-loth.jpg 900w\" sizes=\"auto, (max-width: 768px) 100vw, 768px\" \/><figcaption class=\"wp-element-caption\"><em>Rifiuti in rue Emile de Loth \u00a9 Monaco Tribune<\/em><\/figcaption><\/figure>\n<\/div>\n<p>&#8220;La sporcizia dovuta ai cani \u00e8 un vero problema. Il territorio \u00e8 limitato e ci sono troppi cani, quindi \u00e8 difficile trovare soluzioni&#8221;, ha dichiarato un lettore scontento. Un altro aggiunge: &#8220;La SMA deve lavare i marciapiedi pi\u00f9 spesso, questo \u00e8 certo!&#8221;. Queste testimonianze, seppur isolate, evidenziano un problema che sembra interessare diversi quartieri del Principato.<\/p>\n<div class=\"wp-block-image\">\n<figure class=\"aligncenter size-large is-resized\"><img loading=\"lazy\" decoding=\"async\" width=\"768\" height=\"1024\" src=\"https:\/\/www.monaco-tribune.com\/wp-content\/uploads\/2024\/06\/square-gastaud-dejections-canines-monaco-768x1024.jpg\" alt=\"square-gastaud-dejections-canines-monaco\" class=\"wp-image-239158\" style=\"width:540px;height:auto\" srcset=\"https:\/\/www.monaco-tribune.com\/wp-content\/uploads\/2024\/06\/square-gastaud-dejections-canines-monaco-768x1024.jpg 768w, https:\/\/www.monaco-tribune.com\/wp-content\/uploads\/2024\/06\/square-gastaud-dejections-canines-monaco-225x300.jpg 225w, https:\/\/www.monaco-tribune.com\/wp-content\/uploads\/2024\/06\/square-gastaud-dejections-canines-monaco.jpg 900w\" sizes=\"auto, (max-width: 768px) 100vw, 768px\" \/><figcaption class=\"wp-element-caption\"><em>Escrementi di cane in Square Gastaud<\/em> <em>\u00a9 Monaco Tribune<\/em><\/figcaption><\/figure>\n<\/div>\n<p>Tra le zone pi\u00f9 segnalate ci sono i quartieri Jardin exotique e Moneghetti, Place des Bougainvilliers, Avenue Hector Otto e l&#8217;area intorno alla Torre Odeon.<\/p>\n<div class=\"wp-block-image\">\n<figure class=\"aligncenter size-large is-resized\"><img loading=\"lazy\" decoding=\"async\" width=\"768\" height=\"1024\" src=\"https:\/\/www.monaco-tribune.com\/wp-content\/uploads\/2024\/06\/dejection-canine-boulevard-du-jardin-exotique-768x1024.jpg\" alt=\"dejection-canine-boulevard-du-jardin-exotique\" class=\"wp-image-239148\" style=\"width:499px;height:auto\" srcset=\"https:\/\/www.monaco-tribune.com\/wp-content\/uploads\/2024\/06\/dejection-canine-boulevard-du-jardin-exotique-768x1024.jpg 768w, https:\/\/www.monaco-tribune.com\/wp-content\/uploads\/2024\/06\/dejection-canine-boulevard-du-jardin-exotique-225x300.jpg 225w, https:\/\/www.monaco-tribune.com\/wp-content\/uploads\/2024\/06\/dejection-canine-boulevard-du-jardin-exotique.jpg 900w\" sizes=\"auto, (max-width: 768px) 100vw, 768px\" \/><figcaption class=\"wp-element-caption\"><em>Escrementi di cane sul marciapiede del Boulevard du jardin exotique \u00a9 Monaco Tribune<\/em><\/figcaption><\/figure>\n<\/div>\n<p>Tuttavia, nonostante le critiche, sono ancora in molti a lodare il lavoro della Soci\u00e9t\u00e9 Mon\u00e9gasque d&#8217;Assainissement (SMA) e a condannare il comportamento irresponsabile dei proprietari di cani. &#8220;La SMA fa quello che pu\u00f2 e per questo la ringraziamo&#8221;, ha commentato un nostro lettore, mentre un altro ha invitato i proprietari dei cani ad avere &#8220;un minimo di educazione e rispetto&#8221;.<\/p>\n\n<h2 class=\"wp-block-heading\" id=\"h-des-moyens-consequents-et-une-adaptation-permanente\">Risorse ingenti e adattamento costante<\/h2>\n\n<p>Per mantenere pulito il Principato, la SMA, la societ\u00e0 concessionaria del servizio pubblico responsabile della pulizia delle strade, impiega notevoli risorse. Marie B\u00e9rard, vicedirettrice del settore pulizia e ambiente della SMA, spiega che ben 130 addetti alla pulizia delle strade &#8220;lavorano dal luned\u00ec alla domenica, 7 giorni su 7, dalle 5 del mattino alle 7 di sera&#8221;. Armati di scope, idropulitrici e lavasciuga, gli operatori attraversano il Principato alla ricerca del minimo segno di sporcizia.<\/p>\n\n<blockquote class=\"wp-block-quote is-layout-flow wp-block-quote-is-layout-flow\">\n<p>Non ci sono favoritismi in base al quartiere.<\/p>\n<\/blockquote>\n\n<p>La signora B\u00e9rard spiega che &#8220;all&#8217;interno della SMA non ci sono favoritismi in base al quartiere. L&#8217;impegno delle squadre e il servizio offerto sono gli stessi nel Boulevard du Jardin Exotique come nella Condamine o al Porto o in qualsiasi altro posto&#8221;. Laurence Marty, vicedirettore del Dipartimento di Urbanistica (Direction de l&#8217;Am\u00e9nagement Urbain &#8211; DAU), \u00e8 d&#8217;accordo: &#8220;Non viene mai data priorit\u00e0 a un quartiere in particolare&#8221;.<\/p>\n\n<p>&#8220;Ci regoliamo in base alla quantit\u00e0 di movimento e di attivit\u00e0, agli eventi e anche alla popolazione canina. A Monaco ci sono quartieri in cui ci sono pi\u00f9 cani, quindi adattiamo la pulizia in funzione di tutti questi elementi&#8221;, spiega la signora B\u00e9rard.<\/p>\n\n<p>Secondo una lettrice che abita in Avenue des Castelans, &#8220;il problema non \u00e8 la manutenzione: la frequenza delle pulizie \u00e8 pi\u00f9 che adeguata. Il problema principale \u00e8 la sporcizia dovuta alle feci dei cani, che a volte si trovano a pochi metri dalle porte degli edifici!&#8221;<\/p>\n<div class=\"wp-block-image\">\n<figure class=\"aligncenter size-large\"><img loading=\"lazy\" decoding=\"async\" width=\"1024\" height=\"683\" src=\"https:\/\/www.monaco-tribune.com\/wp-content\/uploads\/2024\/06\/lavage-voirie-sma-monaco-1024x683.jpg\" alt=\"lavage-voirie-sma-monaco\" class=\"wp-image-239194\" srcset=\"https:\/\/www.monaco-tribune.com\/wp-content\/uploads\/2024\/06\/lavage-voirie-sma-monaco-1024x683.jpg 1024w, https:\/\/www.monaco-tribune.com\/wp-content\/uploads\/2024\/06\/lavage-voirie-sma-monaco-450x300.jpg 450w, https:\/\/www.monaco-tribune.com\/wp-content\/uploads\/2024\/06\/lavage-voirie-sma-monaco.jpg 1300w\" sizes=\"auto, (max-width: 1024px) 100vw, 1024px\" \/><figcaption class=\"wp-element-caption\"><em>Gli operatori puliscono le strade di prima mattina \u00a9 SMA<\/em><\/figcaption><\/figure>\n<\/div>\n<p>Per far fronte a questi problemi, la mattina presto alle 5 viene effettuata una pulizia delle strade, ma poi spetta agli operatori dei settori interessati e alla squadra mobile di occuparsi degli escrementi lasciati sui marciapiedi nel corso della giornata.<\/p>\n\n<h2 class=\"wp-block-heading\" id=\"h-l-eau-une-ressource-precieuse\">L&#8217;acqua, una risorsa preziosa<\/h2>\n\n<p>&#8220;Non molto tempo fa le strade venivano lavate pi\u00f9 spesso&#8230;&#8221;, lamenta un lettore, come tanti altri. La tempesta Alex ha portato a una rapida presa di coscienza della scarsit\u00e0 e delle difficolt\u00e0 di approvvigionamento idrico del Principato. Da allora, su richiesta del DAU, la SMA ha rivisto i suoi metodi di pulizia, con un occhio all&#8217;ambiente e alle risorse limitate.<\/p>\n\n<p>Mentre qualche anno fa si lavava tutto con l&#8217;acqua, oggi gli operatori provano a pensare a tecniche pi\u00f9 economiche, come la pulizia con idropulitrici e lavasciuga. Queste ultime, per esempio, sono dotate di sistemi di recupero dell&#8217;acqua, in grado di ridurre notevolmente il consumo idrico.<\/p>\n<div class=\"wp-block-image\">\n<figure class=\"aligncenter size-large is-resized\"><img loading=\"lazy\" decoding=\"async\" width=\"1024\" height=\"999\" src=\"https:\/\/www.monaco-tribune.com\/wp-content\/uploads\/2024\/06\/cantonnier-sma-monaco-1024x999.jpg\" alt=\"cantonnier-sma-monaco\" class=\"wp-image-239198\" style=\"width:898px;height:auto\" srcset=\"https:\/\/www.monaco-tribune.com\/wp-content\/uploads\/2024\/06\/cantonnier-sma-monaco-1024x999.jpg 1024w, https:\/\/www.monaco-tribune.com\/wp-content\/uploads\/2024\/06\/cantonnier-sma-monaco-307x300.jpg 307w\" sizes=\"auto, (max-width: 1024px) 100vw, 1024px\" \/><figcaption class=\"wp-element-caption\">\u00a9 SMA<\/figcaption><\/figure>\n<\/div>\n<p>&#8220;Abbiamo distanziato la frequenza dei lavaggi, ma siamo consapevoli che c&#8217;\u00e8 sporcizia che va trattata ogni giorno, quindi abbiamo dotato gli addetti alle strade di piccole idropulitrici a batteria per intervenire sulle aree con sporcizia circoscritta&#8221;, spiega Marie B\u00e9rard. Per monitorare i consumi, ogni operatore stradale \u00e8 dotato di un contatore dell&#8217;acqua.<\/p>\n\n<p>Inoltre, per motivi ambientali, per la pulizia dello sporco quotidiano viene utilizzata solo acqua. Per i lavori pi\u00f9 impegnativi si possono usare alcuni prodotti non nocivi, come l&#8217;aceto per rimuovere l&#8217;urina e l&#8217;alcool metilico per disinfettare i cestini.<\/p>\n\n<p class=\"related\"><a href=\"https:\/\/www.monaco-tribune.com\/it\/2023\/07\/il-piano-per-la-siccita-di-monaco-sta-dando-i-suoi-frutti\/\">Il piano per la siccit\u00e0 di Monaco sta dando i suoi frutti<\/a><\/p>\n\n<p>Sempre nell&#8217;ottica del risparmio idrico, per la pulizia delle strade la SMA utilizza l&#8217;acqua del Vallon de la Noix. In questo modo \u00e8 possibile &#8220;utilizzare un&#8217;acqua compatibile con la pulizia delle strade e quindi ridurre l&#8217;uso di acqua potabile, dato che l&#8217;acqua del Vallon va comunque a finire in mare&#8221;, spiega la signora B\u00e9rard.<\/p>\n\n<p>I recenti miglioramenti hanno permesso di dimezzare il consumo di acqua negli ultimi due anni.<\/p>\n\n<h2 class=\"wp-block-heading\" id=\"h-lutter-contre-les-incivilites-un-enjeu-majeur\">Lottare contro l&#8217;incivilt\u00e0: una sfida importante<\/h2>\n\n<p>Una delle principali sfide della pulizia cittadina \u00e8 senza dubbio quella di eliminare l&#8217;urina e le feci dei cani. Per risolvere il problema, il DAU ha installato 200 distributori di sacchetti per gli escrementi dei cani in tutta la citt\u00e0. Questi sacchetti, gratuiti e facilmente accessibili, consentono ai proprietari di cani di raccogliere gli escrementi dei propri animali domestici. I sacchetti sono disponibili gratuitamente anche presso il negozio bySMEG al numero 11 di All\u00e9e Guillaume Apollinaire.<\/p>\n\n<p>Inoltre, il Principato dispone gi\u00e0 di 900 cestini per i rifiuti su tutto il territorio, dove \u00e8 possibile gettare i sacchetti usati. Sono inoltre stati allestiti quattro parchi per cani, con aree dedicate alle loro esigenze. Attualmente sono in fase di sperimentazione due orinatoi per cani, sulla Promenade Honor\u00e9 II e in Place des Bougainvilliers.<\/p>\n<div class=\"wp-block-image\">\n<figure class=\"aligncenter size-large\"><img loading=\"lazy\" decoding=\"async\" width=\"1024\" height=\"656\" src=\"https:\/\/www.monaco-tribune.com\/wp-content\/uploads\/2023\/04\/parcs-a-chiens-monaco-compressed-1024x656.jpg\" alt=\"parcs-a-chiens-monaco-compressed\" class=\"wp-image-173238\" srcset=\"https:\/\/www.monaco-tribune.com\/wp-content\/uploads\/2023\/04\/parcs-a-chiens-monaco-compressed-1024x656.jpg 1024w, https:\/\/www.monaco-tribune.com\/wp-content\/uploads\/2023\/04\/parcs-a-chiens-monaco-compressed-468x300.jpg 468w, https:\/\/www.monaco-tribune.com\/wp-content\/uploads\/2023\/04\/parcs-a-chiens-monaco-compressed.jpg 2000w\" sizes=\"auto, (max-width: 1024px) 100vw, 1024px\" \/><figcaption class=\"wp-element-caption\"><em>Un parco per cani situato accanto al Roseto Princesse Grace, nel quartiere di Fontvieille. \u00a9 Monaco Tribune<\/em><\/figcaption><\/figure>\n<\/div>\n<p>Queste novit\u00e0 sperimentali, tuttavia, non hanno ancora prodotto alcun risultato. Visto che i residenti e i cani non sono abituati a queste nuove pratiche, gli animali continuano a fare i bisogni in strada. &#8220;I parchi per cani sono utili. Sono importanti, ma \u00e8 difficile inserirli ovunque. \u00c8 per questo che stiamo introducendo anche i distributori di sacchetti&#8221;, spiega la signora Marty, vicedirettrice del DAU.<\/p>\n\n<p>Nonostante gli sforzi, le incivilt\u00e0 persistono. Nei prossimi mesi dovrebbero essere lanciate campagne di sensibilizzazione regolari per responsabilizzare i proprietari di cani e ricordare loro l&#8217;importanza di raccogliere i bisogni dei propri animali.<\/p>\n<div class=\"wp-block-image\">\n<figure class=\"aligncenter size-full\"><img loading=\"lazy\" decoding=\"async\" width=\"900\" height=\"600\" src=\"https:\/\/www.monaco-tribune.com\/wp-content\/uploads\/2021\/02\/monaco-surete-publique-cadre-de-vie.jpg\" alt=\"Monaco-sicurezza-pubblica-qualit&#xE0;-della-vita\" class=\"wp-image-69552\" srcset=\"https:\/\/www.monaco-tribune.com\/wp-content\/uploads\/2021\/02\/monaco-surete-publique-cadre-de-vie.jpg 900w, https:\/\/www.monaco-tribune.com\/wp-content\/uploads\/2021\/02\/monaco-surete-publique-cadre-de-vie-450x300.jpg 450w\" sizes=\"auto, (max-width: 900px) 100vw, 900px\" \/><figcaption class=\"wp-element-caption\"><em>L&#8217;Unit\u00e0 di tutela della qualit\u00e0 della vita presentata al Principe Sovrano \u00a9 Manuel Vitali<\/em><\/figcaption><\/figure>\n<\/div>\n<p>L&#8217;Unit\u00e0 di tutela della qualit\u00e0 della vita del Dipartimento di Pubblica Sicurezza, facilmente identificabile dai suoi gilet blu, vigila sul rispetto delle regole e non esita a multare i trasgressori. Questa unit\u00e0, che collabora direttamente con la SMA e il DAU, svolge un ruolo cruciale nel combattere le incivilt\u00e0 e nel mantenere pulito il Principato. &#8220;Molto reattivi e diplomatici, possiamo ricorrere a loro come ultima risorsa&#8221;, aggiunge la signora B\u00e9rard.<\/p>\n\n<p class=\"related\"><a href=\"https:\/\/www.monaco-tribune.com\/it\/2021\/02\/monaco-nuove-misure-per-combattere-la-delinquenza-e-tutelare-la-qualita-della-vita\/\">Monaco: nuove misure per combattere la delinquenza e tutelare la qualit\u00e0 della vita<\/a><\/p>\n\n<h2 class=\"wp-block-heading\" id=\"h-un-dialogue-permanent-entre-la-sma-et-la-dau\">Un dialogo costante tra SMA e DAU<\/h2>\n\n<p>La SMA e il DAU lavorano a stretto contatto per migliorare la pulizia del Principato. Periodicamente  tengono riunioni per condividere le osservazioni sul campo, identificare le aree problematiche e implementare soluzioni adeguate.<\/p>\n\n<p>Il personale che opera sul campo \u00e8 nella posizione migliore per avanzare idee e proposte di miglioramento, e la loro voce viene sempre presa in considerazione dalla SMA. Gli operatori stradali si occupano del loro settore prestabilito in base alla difficolt\u00e0 dei compiti e all&#8217;arduit\u00e0 dell&#8217;area, che tiene conto, ad esempio, del numero di scale o dell&#8217;elevata frequenza di utilizzo.<\/p>\n\n<p class=\"related\"><a href=\"https:\/\/www.monaco-tribune.com\/it\/2024\/06\/popolazione-in-aumento-e-ottima-aspettativa-di-vita-uno-sguardo-alla-demografia-monegasca\/\">Popolazione in aumento e ottima aspettativa di vita: uno sguardo alla demografia monegasca<\/a><\/p>\n\n<p>Lavorando sempre nelle stesse zone, gli operatori hanno ormai maturato un certo rapporto con gli abitanti. Mentre alcuni anni fa si tendeva a nasconderli e rendere la pulizia delle strade il meno invasiva possibile, oggi vedere gli operatori stradali \u00e8 diventata una consuetudine.<\/p>\n","protected":false},"excerpt":{"rendered":"<p>Nonostante i sempre presenti escrementi di cani, negli ultimi due anni la Soci\u00e9t\u00e9 Mon\u00e9gasque d&#8217;Assainissement \u00e8 riuscita a dimezzare il [&hellip;]<\/p>\n","protected":false},"author":66,"featured_media":239205,"comment_status":"closed","ping_status":"closed","sticky":false,"template":"","format":"standard","meta":{"_acf_changed":false,"footnotes":""},"categories":[1826,1738,1752],"tags":[3640],"post_sectags":[5026],"post_format":[2475],"class_list":["post-239773","post","type-post","status-publish","format-standard","has-post-thumbnail","hentry","category-la-nostra-scelta","category-notizie","category-societa","tag-info-locali","sectag-sma-it","format-inchiesta"],"acf":[],"yoast_head":"<!-- This site is optimized with the Yoast SEO Premium plugin v26.8 (Yoast SEO v27.4) - https:\/\/yoast.com\/product\/yoast-seo-premium-wordpress\/ -->\n<title>Come fa Monaco a conciliare pulizia, rispetto dell&#039;ambiente e bisogni dei cani?<\/title>\n<meta name=\"description\" content=\"Nonostante i sempre presenti escrementi di cani, negli ultimi due anni la Soci\u00e9t\u00e9 Mon\u00e9gasque d&#039;Assainissement \u00e8 riuscita a dimezzare il consumo di acqua.\" \/>\n<meta name=\"robots\" content=\"index, follow, max-snippet:-1, max-image-preview:large, max-video-preview:-1\" \/>\n<link rel=\"canonical\" href=\"https:\/\/www.monaco-tribune.com\/it\/2024\/06\/come-fa-monaco-a-conciliare-pulizia-rispetto-dellambiente-e-bisogni-dei-cani\/\" \/>\n<meta property=\"og:locale\" content=\"it_IT\" \/>\n<meta property=\"og:type\" content=\"article\" \/>\n<meta property=\"og:title\" content=\"Come fa Monaco a conciliare pulizia, rispetto dell&#039;ambiente e bisogni dei cani? - Monaco Tribune\" \/>\n<meta property=\"og:description\" content=\"Nonostante i sempre presenti escrementi di cani, negli ultimi due anni la Soci\u00e9t\u00e9 Mon\u00e9gasque d&#039;Assainissement \u00e8 riuscita a dimezzare il consumo di acqua.\" \/>\n<meta property=\"og:url\" content=\"https:\/\/www.monaco-tribune.com\/it\/2024\/06\/come-fa-monaco-a-conciliare-pulizia-rispetto-dellambiente-e-bisogni-dei-cani\/\" \/>\n<meta property=\"og:site_name\" content=\"Monaco Tribune\" \/>\n<meta property=\"article:publisher\" content=\"https:\/\/www.facebook.com\/MonacoTribune\" \/>\n<meta property=\"article:published_time\" content=\"2024-06-27T09:37:51+00:00\" \/>\n<meta property=\"article:modified_time\" content=\"2024-06-27T09:37:59+00:00\" \/>\n<meta property=\"og:image\" content=\"https:\/\/www.monaco-tribune.com\/wp-content\/uploads\/2024\/06\/cantonniers-sma-monaco.jpg\" \/>\n\t<meta property=\"og:image:width\" content=\"1300\" \/>\n\t<meta property=\"og:image:height\" content=\"867\" \/>\n\t<meta property=\"og:image:type\" content=\"image\/jpeg\" \/>\n<meta name=\"author\" content=\"Th\u00e9o Briand\" \/>\n<meta name=\"twitter:card\" content=\"summary_large_image\" \/>\n<meta name=\"twitter:creator\" content=\"@MonacoTribune\" \/>\n<meta name=\"twitter:site\" content=\"@MonacoTribune\" \/>\n<script type=\"application\/ld+json\" class=\"yoast-schema-graph\">{\"@context\":\"https:\\\/\\\/schema.org\",\"@graph\":[{\"@type\":\"NewsArticle\",\"@id\":\"https:\\\/\\\/www.monaco-tribune.com\\\/it\\\/2024\\\/06\\\/come-fa-monaco-a-conciliare-pulizia-rispetto-dellambiente-e-bisogni-dei-cani\\\/#article\",\"isPartOf\":{\"@id\":\"https:\\\/\\\/www.monaco-tribune.com\\\/it\\\/2024\\\/06\\\/come-fa-monaco-a-conciliare-pulizia-rispetto-dellambiente-e-bisogni-dei-cani\\\/\"},\"author\":{\"name\":\"Th\u00e9o Briand\",\"@id\":\"https:\\\/\\\/www.monaco-tribune.com\\\/it\\\/#\\\/schema\\\/person\\\/94fb5723547bd83dea1eed97e25145aa\"},\"headline\":\"Come fa Monaco a conciliare pulizia, rispetto dell&#8217;ambiente e bisogni dei cani?\",\"datePublished\":\"2024-06-27T09:37:51+00:00\",\"dateModified\":\"2024-06-27T09:37:59+00:00\",\"mainEntityOfPage\":{\"@id\":\"https:\\\/\\\/www.monaco-tribune.com\\\/it\\\/2024\\\/06\\\/come-fa-monaco-a-conciliare-pulizia-rispetto-dellambiente-e-bisogni-dei-cani\\\/\"},\"wordCount\":1441,\"publisher\":{\"@id\":\"https:\\\/\\\/www.monaco-tribune.com\\\/it\\\/#organization\"},\"image\":{\"@id\":\"https:\\\/\\\/www.monaco-tribune.com\\\/it\\\/2024\\\/06\\\/come-fa-monaco-a-conciliare-pulizia-rispetto-dellambiente-e-bisogni-dei-cani\\\/#primaryimage\"},\"thumbnailUrl\":\"https:\\\/\\\/www.monaco-tribune.com\\\/wp-content\\\/uploads\\\/2024\\\/06\\\/cantonniers-sma-monaco.jpg\",\"keywords\":[\"Info locali\"],\"articleSection\":[\"La nostra scelta\",\"Notizie\",\"Societ\u00e0\"],\"inLanguage\":\"it-IT\",\"copyrightYear\":\"2024\",\"copyrightHolder\":{\"@id\":\"https:\\\/\\\/www.monaco-tribune.com\\\/#organization\"}},{\"@type\":\"WebPage\",\"@id\":\"https:\\\/\\\/www.monaco-tribune.com\\\/it\\\/2024\\\/06\\\/come-fa-monaco-a-conciliare-pulizia-rispetto-dellambiente-e-bisogni-dei-cani\\\/\",\"url\":\"https:\\\/\\\/www.monaco-tribune.com\\\/it\\\/2024\\\/06\\\/come-fa-monaco-a-conciliare-pulizia-rispetto-dellambiente-e-bisogni-dei-cani\\\/\",\"name\":\"Come fa Monaco a conciliare pulizia, rispetto dell'ambiente e bisogni dei cani?\",\"isPartOf\":{\"@id\":\"https:\\\/\\\/www.monaco-tribune.com\\\/it\\\/#website\"},\"primaryImageOfPage\":{\"@id\":\"https:\\\/\\\/www.monaco-tribune.com\\\/it\\\/2024\\\/06\\\/come-fa-monaco-a-conciliare-pulizia-rispetto-dellambiente-e-bisogni-dei-cani\\\/#primaryimage\"},\"image\":{\"@id\":\"https:\\\/\\\/www.monaco-tribune.com\\\/it\\\/2024\\\/06\\\/come-fa-monaco-a-conciliare-pulizia-rispetto-dellambiente-e-bisogni-dei-cani\\\/#primaryimage\"},\"thumbnailUrl\":\"https:\\\/\\\/www.monaco-tribune.com\\\/wp-content\\\/uploads\\\/2024\\\/06\\\/cantonniers-sma-monaco.jpg\",\"datePublished\":\"2024-06-27T09:37:51+00:00\",\"dateModified\":\"2024-06-27T09:37:59+00:00\",\"description\":\"Nonostante i sempre presenti escrementi di cani, negli ultimi due anni la Soci\u00e9t\u00e9 Mon\u00e9gasque d'Assainissement \u00e8 riuscita a dimezzare il consumo di acqua.\",\"breadcrumb\":{\"@id\":\"https:\\\/\\\/www.monaco-tribune.com\\\/it\\\/2024\\\/06\\\/come-fa-monaco-a-conciliare-pulizia-rispetto-dellambiente-e-bisogni-dei-cani\\\/#breadcrumb\"},\"inLanguage\":\"it-IT\",\"potentialAction\":[{\"@type\":\"ReadAction\",\"target\":[\"https:\\\/\\\/www.monaco-tribune.com\\\/it\\\/2024\\\/06\\\/come-fa-monaco-a-conciliare-pulizia-rispetto-dellambiente-e-bisogni-dei-cani\\\/\"]}]},{\"@type\":\"ImageObject\",\"inLanguage\":\"it-IT\",\"@id\":\"https:\\\/\\\/www.monaco-tribune.com\\\/it\\\/2024\\\/06\\\/come-fa-monaco-a-conciliare-pulizia-rispetto-dellambiente-e-bisogni-dei-cani\\\/#primaryimage\",\"url\":\"https:\\\/\\\/www.monaco-tribune.com\\\/wp-content\\\/uploads\\\/2024\\\/06\\\/cantonniers-sma-monaco.jpg\",\"contentUrl\":\"https:\\\/\\\/www.monaco-tribune.com\\\/wp-content\\\/uploads\\\/2024\\\/06\\\/cantonniers-sma-monaco.jpg\",\"width\":1300,\"height\":867,\"caption\":\"Il Principato conta 130 operatori ecologici che lavorano 7 giorni su 7 per mantenere pulite le strade di Monaco \u00a9 SMA\"},{\"@type\":\"BreadcrumbList\",\"@id\":\"https:\\\/\\\/www.monaco-tribune.com\\\/it\\\/2024\\\/06\\\/come-fa-monaco-a-conciliare-pulizia-rispetto-dellambiente-e-bisogni-dei-cani\\\/#breadcrumb\",\"itemListElement\":[{\"@type\":\"ListItem\",\"position\":1,\"name\":\"Accueil\",\"item\":\"https:\\\/\\\/www.monaco-tribune.com\\\/it\\\/\"},{\"@type\":\"ListItem\",\"position\":2,\"name\":\"Come fa Monaco a conciliare pulizia, rispetto dell&#8217;ambiente e bisogni dei cani?\"}]},{\"@type\":\"WebSite\",\"@id\":\"https:\\\/\\\/www.monaco-tribune.com\\\/it\\\/#website\",\"url\":\"https:\\\/\\\/www.monaco-tribune.com\\\/it\\\/\",\"name\":\"Monaco Tribune\",\"description\":\"Monaco : actualit\u00e9s \u00e9conomiques, politiques, culturelles et sportives de Monaco et de la French Riviera.\",\"publisher\":{\"@id\":\"https:\\\/\\\/www.monaco-tribune.com\\\/it\\\/#organization\"},\"potentialAction\":[{\"@type\":\"SearchAction\",\"target\":{\"@type\":\"EntryPoint\",\"urlTemplate\":\"https:\\\/\\\/www.monaco-tribune.com\\\/it\\\/?s={search_term_string}\"},\"query-input\":{\"@type\":\"PropertyValueSpecification\",\"valueRequired\":true,\"valueName\":\"search_term_string\"}}],\"inLanguage\":\"it-IT\"},{\"@type\":\"Organization\",\"@id\":\"https:\\\/\\\/www.monaco-tribune.com\\\/it\\\/#organization\",\"name\":\"Monaco Tribune\",\"url\":\"https:\\\/\\\/www.monaco-tribune.com\\\/it\\\/\",\"logo\":{\"@type\":\"ImageObject\",\"inLanguage\":\"it-IT\",\"@id\":\"https:\\\/\\\/www.monaco-tribune.com\\\/it\\\/#\\\/schema\\\/logo\\\/image\\\/\",\"url\":\"https:\\\/\\\/www.monaco-tribune.com\\\/wp-content\\\/uploads\\\/2022\\\/11\\\/logo-monaco-tribune.png\",\"contentUrl\":\"https:\\\/\\\/www.monaco-tribune.com\\\/wp-content\\\/uploads\\\/2022\\\/11\\\/logo-monaco-tribune.png\",\"width\":1548,\"height\":600,\"caption\":\"Monaco Tribune\"},\"image\":{\"@id\":\"https:\\\/\\\/www.monaco-tribune.com\\\/it\\\/#\\\/schema\\\/logo\\\/image\\\/\"},\"sameAs\":[\"https:\\\/\\\/www.facebook.com\\\/MonacoTribune\",\"https:\\\/\\\/x.com\\\/MonacoTribune\",\"https:\\\/\\\/www.instagram.com\\\/monacotribune\\\/\",\"https:\\\/\\\/www.linkedin.com\\\/company\\\/monaco-tribune\",\"https:\\\/\\\/www.youtube.com\\\/channel\\\/UCHle1MnG6hw1y4lWKijVbMA\"]},{\"@type\":\"Person\",\"@id\":\"https:\\\/\\\/www.monaco-tribune.com\\\/it\\\/#\\\/schema\\\/person\\\/94fb5723547bd83dea1eed97e25145aa\",\"name\":\"Th\u00e9o Briand\",\"image\":{\"@type\":\"ImageObject\",\"inLanguage\":\"it-IT\",\"@id\":\"https:\\\/\\\/secure.gravatar.com\\\/avatar\\\/1c02cfd8b8054d8c376f9a942a1dc4dbacfd8ba5e6f8dbb5e16f4aa3d281972a?s=96&d=mm&r=g\",\"url\":\"https:\\\/\\\/secure.gravatar.com\\\/avatar\\\/1c02cfd8b8054d8c376f9a942a1dc4dbacfd8ba5e6f8dbb5e16f4aa3d281972a?s=96&d=mm&r=g\",\"contentUrl\":\"https:\\\/\\\/secure.gravatar.com\\\/avatar\\\/1c02cfd8b8054d8c376f9a942a1dc4dbacfd8ba5e6f8dbb5e16f4aa3d281972a?s=96&d=mm&r=g\",\"caption\":\"Th\u00e9o Briand\"},\"url\":\"https:\\\/\\\/www.monaco-tribune.com\\\/it\\\/author\\\/theobriand\\\/\"}]}<\/script>\n<!-- \/ Yoast SEO Premium plugin. -->","yoast_head_json":{"title":"Come fa Monaco a conciliare pulizia, rispetto dell'ambiente e bisogni dei cani?","description":"Nonostante i sempre presenti escrementi di cani, negli ultimi due anni la Soci\u00e9t\u00e9 Mon\u00e9gasque d'Assainissement \u00e8 riuscita a dimezzare il consumo di acqua.","robots":{"index":"index","follow":"follow","max-snippet":"max-snippet:-1","max-image-preview":"max-image-preview:large","max-video-preview":"max-video-preview:-1"},"canonical":"https:\/\/www.monaco-tribune.com\/it\/2024\/06\/come-fa-monaco-a-conciliare-pulizia-rispetto-dellambiente-e-bisogni-dei-cani\/","og_locale":"it_IT","og_type":"article","og_title":"Come fa Monaco a conciliare pulizia, rispetto dell'ambiente e bisogni dei cani? - Monaco Tribune","og_description":"Nonostante i sempre presenti escrementi di cani, negli ultimi due anni la Soci\u00e9t\u00e9 Mon\u00e9gasque d'Assainissement \u00e8 riuscita a dimezzare il consumo di acqua.","og_url":"https:\/\/www.monaco-tribune.com\/it\/2024\/06\/come-fa-monaco-a-conciliare-pulizia-rispetto-dellambiente-e-bisogni-dei-cani\/","og_site_name":"Monaco Tribune","article_publisher":"https:\/\/www.facebook.com\/MonacoTribune","article_published_time":"2024-06-27T09:37:51+00:00","article_modified_time":"2024-06-27T09:37:59+00:00","og_image":[{"width":1300,"height":867,"url":"https:\/\/www.monaco-tribune.com\/wp-content\/uploads\/2024\/06\/cantonniers-sma-monaco.jpg","type":"image\/jpeg"}],"author":"Th\u00e9o Briand","twitter_card":"summary_large_image","twitter_creator":"@MonacoTribune","twitter_site":"@MonacoTribune","schema":{"@context":"https:\/\/schema.org","@graph":[{"@type":"NewsArticle","@id":"https:\/\/www.monaco-tribune.com\/it\/2024\/06\/come-fa-monaco-a-conciliare-pulizia-rispetto-dellambiente-e-bisogni-dei-cani\/#article","isPartOf":{"@id":"https:\/\/www.monaco-tribune.com\/it\/2024\/06\/come-fa-monaco-a-conciliare-pulizia-rispetto-dellambiente-e-bisogni-dei-cani\/"},"author":{"name":"Th\u00e9o Briand","@id":"https:\/\/www.monaco-tribune.com\/it\/#\/schema\/person\/94fb5723547bd83dea1eed97e25145aa"},"headline":"Come fa Monaco a conciliare pulizia, rispetto dell&#8217;ambiente e bisogni dei cani?","datePublished":"2024-06-27T09:37:51+00:00","dateModified":"2024-06-27T09:37:59+00:00","mainEntityOfPage":{"@id":"https:\/\/www.monaco-tribune.com\/it\/2024\/06\/come-fa-monaco-a-conciliare-pulizia-rispetto-dellambiente-e-bisogni-dei-cani\/"},"wordCount":1441,"publisher":{"@id":"https:\/\/www.monaco-tribune.com\/it\/#organization"},"image":{"@id":"https:\/\/www.monaco-tribune.com\/it\/2024\/06\/come-fa-monaco-a-conciliare-pulizia-rispetto-dellambiente-e-bisogni-dei-cani\/#primaryimage"},"thumbnailUrl":"https:\/\/www.monaco-tribune.com\/wp-content\/uploads\/2024\/06\/cantonniers-sma-monaco.jpg","keywords":["Info locali"],"articleSection":["La nostra scelta","Notizie","Societ\u00e0"],"inLanguage":"it-IT","copyrightYear":"2024","copyrightHolder":{"@id":"https:\/\/www.monaco-tribune.com\/#organization"}},{"@type":"WebPage","@id":"https:\/\/www.monaco-tribune.com\/it\/2024\/06\/come-fa-monaco-a-conciliare-pulizia-rispetto-dellambiente-e-bisogni-dei-cani\/","url":"https:\/\/www.monaco-tribune.com\/it\/2024\/06\/come-fa-monaco-a-conciliare-pulizia-rispetto-dellambiente-e-bisogni-dei-cani\/","name":"Come fa Monaco a conciliare pulizia, rispetto dell'ambiente e bisogni dei cani?","isPartOf":{"@id":"https:\/\/www.monaco-tribune.com\/it\/#website"},"primaryImageOfPage":{"@id":"https:\/\/www.monaco-tribune.com\/it\/2024\/06\/come-fa-monaco-a-conciliare-pulizia-rispetto-dellambiente-e-bisogni-dei-cani\/#primaryimage"},"image":{"@id":"https:\/\/www.monaco-tribune.com\/it\/2024\/06\/come-fa-monaco-a-conciliare-pulizia-rispetto-dellambiente-e-bisogni-dei-cani\/#primaryimage"},"thumbnailUrl":"https:\/\/www.monaco-tribune.com\/wp-content\/uploads\/2024\/06\/cantonniers-sma-monaco.jpg","datePublished":"2024-06-27T09:37:51+00:00","dateModified":"2024-06-27T09:37:59+00:00","description":"Nonostante i sempre presenti escrementi di cani, negli ultimi due anni la Soci\u00e9t\u00e9 Mon\u00e9gasque d'Assainissement \u00e8 riuscita a dimezzare il consumo di acqua.","breadcrumb":{"@id":"https:\/\/www.monaco-tribune.com\/it\/2024\/06\/come-fa-monaco-a-conciliare-pulizia-rispetto-dellambiente-e-bisogni-dei-cani\/#breadcrumb"},"inLanguage":"it-IT","potentialAction":[{"@type":"ReadAction","target":["https:\/\/www.monaco-tribune.com\/it\/2024\/06\/come-fa-monaco-a-conciliare-pulizia-rispetto-dellambiente-e-bisogni-dei-cani\/"]}]},{"@type":"ImageObject","inLanguage":"it-IT","@id":"https:\/\/www.monaco-tribune.com\/it\/2024\/06\/come-fa-monaco-a-conciliare-pulizia-rispetto-dellambiente-e-bisogni-dei-cani\/#primaryimage","url":"https:\/\/www.monaco-tribune.com\/wp-content\/uploads\/2024\/06\/cantonniers-sma-monaco.jpg","contentUrl":"https:\/\/www.monaco-tribune.com\/wp-content\/uploads\/2024\/06\/cantonniers-sma-monaco.jpg","width":1300,"height":867,"caption":"Il Principato conta 130 operatori ecologici che lavorano 7 giorni su 7 per mantenere pulite le strade di Monaco \u00a9 SMA"},{"@type":"BreadcrumbList","@id":"https:\/\/www.monaco-tribune.com\/it\/2024\/06\/come-fa-monaco-a-conciliare-pulizia-rispetto-dellambiente-e-bisogni-dei-cani\/#breadcrumb","itemListElement":[{"@type":"ListItem","position":1,"name":"Accueil","item":"https:\/\/www.monaco-tribune.com\/it\/"},{"@type":"ListItem","position":2,"name":"Come fa Monaco a conciliare pulizia, rispetto dell&#8217;ambiente e bisogni dei cani?"}]},{"@type":"WebSite","@id":"https:\/\/www.monaco-tribune.com\/it\/#website","url":"https:\/\/www.monaco-tribune.com\/it\/","name":"Monaco Tribune","description":"Monaco : actualit\u00e9s \u00e9conomiques, politiques, culturelles et sportives de Monaco et de la French Riviera.","publisher":{"@id":"https:\/\/www.monaco-tribune.com\/it\/#organization"},"potentialAction":[{"@type":"SearchAction","target":{"@type":"EntryPoint","urlTemplate":"https:\/\/www.monaco-tribune.com\/it\/?s={search_term_string}"},"query-input":{"@type":"PropertyValueSpecification","valueRequired":true,"valueName":"search_term_string"}}],"inLanguage":"it-IT"},{"@type":"Organization","@id":"https:\/\/www.monaco-tribune.com\/it\/#organization","name":"Monaco Tribune","url":"https:\/\/www.monaco-tribune.com\/it\/","logo":{"@type":"ImageObject","inLanguage":"it-IT","@id":"https:\/\/www.monaco-tribune.com\/it\/#\/schema\/logo\/image\/","url":"https:\/\/www.monaco-tribune.com\/wp-content\/uploads\/2022\/11\/logo-monaco-tribune.png","contentUrl":"https:\/\/www.monaco-tribune.com\/wp-content\/uploads\/2022\/11\/logo-monaco-tribune.png","width":1548,"height":600,"caption":"Monaco Tribune"},"image":{"@id":"https:\/\/www.monaco-tribune.com\/it\/#\/schema\/logo\/image\/"},"sameAs":["https:\/\/www.facebook.com\/MonacoTribune","https:\/\/x.com\/MonacoTribune","https:\/\/www.instagram.com\/monacotribune\/","https:\/\/www.linkedin.com\/company\/monaco-tribune","https:\/\/www.youtube.com\/channel\/UCHle1MnG6hw1y4lWKijVbMA"]},{"@type":"Person","@id":"https:\/\/www.monaco-tribune.com\/it\/#\/schema\/person\/94fb5723547bd83dea1eed97e25145aa","name":"Th\u00e9o Briand","image":{"@type":"ImageObject","inLanguage":"it-IT","@id":"https:\/\/secure.gravatar.com\/avatar\/1c02cfd8b8054d8c376f9a942a1dc4dbacfd8ba5e6f8dbb5e16f4aa3d281972a?s=96&d=mm&r=g","url":"https:\/\/secure.gravatar.com\/avatar\/1c02cfd8b8054d8c376f9a942a1dc4dbacfd8ba5e6f8dbb5e16f4aa3d281972a?s=96&d=mm&r=g","contentUrl":"https:\/\/secure.gravatar.com\/avatar\/1c02cfd8b8054d8c376f9a942a1dc4dbacfd8ba5e6f8dbb5e16f4aa3d281972a?s=96&d=mm&r=g","caption":"Th\u00e9o Briand"},"url":"https:\/\/www.monaco-tribune.com\/it\/author\/theobriand\/"}]}},"_links":{"self":[{"href":"https:\/\/www.monaco-tribune.com\/it\/wp-json\/wp\/v2\/posts\/239773","targetHints":{"allow":["GET"]}}],"collection":[{"href":"https:\/\/www.monaco-tribune.com\/it\/wp-json\/wp\/v2\/posts"}],"about":[{"href":"https:\/\/www.monaco-tribune.com\/it\/wp-json\/wp\/v2\/types\/post"}],"author":[{"embeddable":true,"href":"https:\/\/www.monaco-tribune.com\/it\/wp-json\/wp\/v2\/users\/66"}],"replies":[{"embeddable":true,"href":"https:\/\/www.monaco-tribune.com\/it\/wp-json\/wp\/v2\/comments?post=239773"}],"version-history":[{"count":2,"href":"https:\/\/www.monaco-tribune.com\/it\/wp-json\/wp\/v2\/posts\/239773\/revisions"}],"predecessor-version":[{"id":239776,"href":"https:\/\/www.monaco-tribune.com\/it\/wp-json\/wp\/v2\/posts\/239773\/revisions\/239776"}],"wp:featuredmedia":[{"embeddable":true,"href":"https:\/\/www.monaco-tribune.com\/it\/wp-json\/wp\/v2\/media\/239205"}],"wp:attachment":[{"href":"https:\/\/www.monaco-tribune.com\/it\/wp-json\/wp\/v2\/media?parent=239773"}],"wp:term":[{"taxonomy":"category","embeddable":true,"href":"https:\/\/www.monaco-tribune.com\/it\/wp-json\/wp\/v2\/categories?post=239773"},{"taxonomy":"post_tag","embeddable":true,"href":"https:\/\/www.monaco-tribune.com\/it\/wp-json\/wp\/v2\/tags?post=239773"},{"taxonomy":"sectag","embeddable":true,"href":"https:\/\/www.monaco-tribune.com\/it\/wp-json\/wp\/v2\/post_sectags?post=239773"},{"taxonomy":"format","embeddable":true,"href":"https:\/\/www.monaco-tribune.com\/it\/wp-json\/wp\/v2\/post_format?post=239773"}],"curies":[{"name":"wp","href":"https:\/\/api.w.org\/{rel}","templated":true}]}}