{"id":240238,"date":"2024-07-01T11:47:04","date_gmt":"2024-07-01T09:47:04","guid":{"rendered":"https:\/\/www.monaco-tribune.com\/2024\/07\/parigi-2024-il-principe-alberto-ii-e-la-principessa-charlene-presentano-gli-atleti-monegaschi-che-parteciperanno-ai-giochi-olimpici\/"},"modified":"2024-07-01T11:47:16","modified_gmt":"2024-07-01T09:47:16","slug":"parigi-2024-il-principe-alberto-ii-e-la-principessa-charlene-presentano-gli-atleti-monegaschi-che-parteciperanno-ai-giochi-olimpici","status":"publish","type":"post","link":"https:\/\/www.monaco-tribune.com\/it\/2024\/07\/parigi-2024-il-principe-alberto-ii-e-la-principessa-charlene-presentano-gli-atleti-monegaschi-che-parteciperanno-ai-giochi-olimpici\/","title":{"rendered":"Parigi 2024: il Principe Alberto II e la Principessa Charl\u00e8ne presentano gli atleti monegaschi che parteciperanno ai Giochi Olimpici"},"content":{"rendered":"\n<p><strong>Gioved\u00ec 27 giugno, presso il prestigioso Yacht Club, il Principe Alberto II e la Principessa Charl\u00e8ne hanno presentato i cinque atleti monegaschi che tra poche settimane parteciperanno ai Giochi Olimpici di Parigi 2024. <\/strong><\/p>\n\n<p>Vestiti di bianco e rosso, il Principe e la Principessa insieme a Yvette Lambin-Berti, Segretario Generale del Comitato Olimpico Monegasco, hanno presentato ufficialmente <a href=\"https:\/\/www.monaco-tribune.com\/2023\/12\/sur-la-route-de-paris-2024-1-4-dans-les-pas-de-lisa-pou-theo-druenne-quentin-antognelli-et-alexander-ehlen\/\">i cinque atleti olimpici<\/a>.<\/p>\n\n<p>Il 26 luglio, tutti gli occhi saranno puntati su Parigi per la Cerimonia di apertura della 33a edizione dei Giochi Olimpici estivi. Per l&#8217;occasione, il Principe ha nominato Lisa Pou e Th\u00e9o Druenne come portabandiera.<\/p>\n\n<p>&#8220;I nostri atleti si apprestano a vivere un&#8217;esperienza unica ed eccezionale a Parigi. Conosco il duro lavoro e la passione che ognuno di voi ha impiegato per raggiungere questo livello cos\u00ec elevato. Durante i giorni di gara che vi attendono, saremo al vostro fianco per sostenervi. Rappresenterete il nostro Paese, difenderete i nostri colori e lo farete con grinta, entusiasmo, tenacia e talento.<\/p>\n\n<p>Dovrete superare voi stessi per non avere rimpianti e dare il meglio. Abbiamo piena fiducia in voi per il raggiungimento di questo obiettivo. A nome del Comitato Olimpico Monegasco, vorrei offrirvi il mio pi\u00f9 caloroso e sincero incoraggiamento. Vi auguro il meglio per i Giochi Olimpici 2024&#8243;, ha dichiarato il Sovrano nel suo discorso.<\/p>\n\n<blockquote class=\"instagram-media\" data-instgrm-permalink=\"https:\/\/www.instagram.com\/reel\/C8w-oVHogmr\/?utm_source=ig_embed&#038;utm_campaign=loading\" data-instgrm-version=\"14\" style=\" background:#FFF; border:0; border-radius:3px; box-shadow:0 0 1px 0 rgba(0,0,0,0.5),0 1px 10px 0 rgba(0,0,0,0.15); margin: 1px; max-width:540px; min-width:326px; padding:0; width:99.375%; width:-webkit-calc(100% - 2px); width:calc(100% - 2px);\"><div style=\"padding:16px;\"> <a href=\"https:\/\/www.instagram.com\/reel\/C8w-oVHogmr\/?utm_source=ig_embed&#038;utm_campaign=loading\" style=\" background:#FFFFFF; line-height:0; padding:0 0; text-align:center; text-decoration:none; width:100%;\" target=\"_blank\" rel=\"noopener\"> <div style=\" display: flex; flex-direction: row; align-items: center;\"> <div style=\"background-color: #F4F4F4; border-radius: 50%; flex-grow: 0; height: 40px; margin-right: 14px; width: 40px;\"><\/div> <div style=\"display: flex; flex-direction: column; flex-grow: 1; justify-content: center;\"> <div style=\" background-color: #F4F4F4; border-radius: 4px; flex-grow: 0; height: 14px; margin-bottom: 6px; width: 100px;\"><\/div> <div style=\" background-color: #F4F4F4; border-radius: 4px; flex-grow: 0; height: 14px; width: 60px;\"><\/div><\/div><\/div><div style=\"padding: 19% 0;\"><\/div> <div style=\"display:block; height:50px; margin:0 auto 12px; width:50px;\"><svg width=\"50px\" height=\"50px\" viewbox=\"0 0 60 60\" version=\"1.1\" xmlns=\"https:\/\/www.w3.org\/2000\/svg\" xmlns:xlink=\"https:\/\/www.w3.org\/1999\/xlink\"><g stroke=\"none\" stroke-width=\"1\" fill=\"none\" fill-rule=\"evenodd\"><g transform=\"translate(-511.000000, -20.000000)\" fill=\"#000000\"><g><path d=\"M556.869,30.41 C554.814,30.41 553.148,32.076 553.148,34.131 C553.148,36.186 554.814,37.852 556.869,37.852 C558.924,37.852 560.59,36.186 560.59,34.131 C560.59,32.076 558.924,30.41 556.869,30.41 M541,60.657 C535.114,60.657 530.342,55.887 530.342,50 C530.342,44.114 535.114,39.342 541,39.342 C546.887,39.342 551.658,44.114 551.658,50 C551.658,55.887 546.887,60.657 541,60.657 M541,33.886 C532.1,33.886 524.886,41.1 524.886,50 C524.886,58.899 532.1,66.113 541,66.113 C549.9,66.113 557.115,58.899 557.115,50 C557.115,41.1 549.9,33.886 541,33.886 M565.378,62.101 C565.244,65.022 564.756,66.606 564.346,67.663 C563.803,69.06 563.154,70.057 562.106,71.106 C561.058,72.155 560.06,72.803 558.662,73.347 C557.607,73.757 556.021,74.244 553.102,74.378 C549.944,74.521 548.997,74.552 541,74.552 C533.003,74.552 532.056,74.521 528.898,74.378 C525.979,74.244 524.393,73.757 523.338,73.347 C521.94,72.803 520.942,72.155 519.894,71.106 C518.846,70.057 518.197,69.06 517.654,67.663 C517.244,66.606 516.755,65.022 516.623,62.101 C516.479,58.943 516.448,57.996 516.448,50 C516.448,42.003 516.479,41.056 516.623,37.899 C516.755,34.978 517.244,33.391 517.654,32.338 C518.197,30.938 518.846,29.942 519.894,28.894 C520.942,27.846 521.94,27.196 523.338,26.654 C524.393,26.244 525.979,25.756 528.898,25.623 C532.057,25.479 533.004,25.448 541,25.448 C548.997,25.448 549.943,25.479 553.102,25.623 C556.021,25.756 557.607,26.244 558.662,26.654 C560.06,27.196 561.058,27.846 562.106,28.894 C563.154,29.942 563.803,30.938 564.346,32.338 C564.756,33.391 565.244,34.978 565.378,37.899 C565.522,41.056 565.552,42.003 565.552,50 C565.552,57.996 565.522,58.943 565.378,62.101 M570.82,37.631 C570.674,34.438 570.167,32.258 569.425,30.349 C568.659,28.377 567.633,26.702 565.965,25.035 C564.297,23.368 562.623,22.342 560.652,21.575 C558.743,20.834 556.562,20.326 553.369,20.18 C550.169,20.033 549.148,20 541,20 C532.853,20 531.831,20.033 528.631,20.18 C525.438,20.326 523.257,20.834 521.349,21.575 C519.376,22.342 517.703,23.368 516.035,25.035 C514.368,26.702 513.342,28.377 512.574,30.349 C511.834,32.258 511.326,34.438 511.181,37.631 C511.035,40.831 511,41.851 511,50 C511,58.147 511.035,59.17 511.181,62.369 C511.326,65.562 511.834,67.743 512.574,69.651 C513.342,71.625 514.368,73.296 516.035,74.965 C517.703,76.634 519.376,77.658 521.349,78.425 C523.257,79.167 525.438,79.673 528.631,79.82 C531.831,79.965 532.853,80.001 541,80.001 C549.148,80.001 550.169,79.965 553.369,79.82 C556.562,79.673 558.743,79.167 560.652,78.425 C562.623,77.658 564.297,76.634 565.965,74.965 C567.633,73.296 568.659,71.625 569.425,69.651 C570.167,67.743 570.674,65.562 570.82,62.369 C570.966,59.17 571,58.147 571,50 C571,41.851 570.966,40.831 570.82,37.631\"><\/path><\/g><\/g><\/g><\/svg><\/div><div style=\"padding-top: 8px;\"> <div style=\" color:#3897f0; font-family:Arial,sans-serif; font-size:14px; font-style:normal; font-weight:550; line-height:18px;\">Voir cette publication sur Instagram<\/div><\/div><div style=\"padding: 12.5% 0;\"><\/div> <div style=\"display: flex; flex-direction: row; margin-bottom: 14px; align-items: center;\"><div> <div style=\"background-color: #F4F4F4; border-radius: 50%; height: 12.5px; width: 12.5px; transform: translateX(0px) translateY(7px);\"><\/div> <div style=\"background-color: #F4F4F4; height: 12.5px; transform: rotate(-45deg) translateX(3px) translateY(1px); width: 12.5px; flex-grow: 0; margin-right: 14px; margin-left: 2px;\"><\/div> <div style=\"background-color: #F4F4F4; border-radius: 50%; height: 12.5px; width: 12.5px; transform: translateX(9px) translateY(-18px);\"><\/div><\/div><div style=\"margin-left: 8px;\"> <div style=\" background-color: #F4F4F4; border-radius: 50%; flex-grow: 0; height: 20px; width: 20px;\"><\/div> <div style=\" width: 0; height: 0; border-top: 2px solid transparent; border-left: 6px solid #f4f4f4; border-bottom: 2px solid transparent; transform: translateX(16px) translateY(-4px) rotate(30deg)\"><\/div><\/div><div style=\"margin-left: auto;\"> <div style=\" width: 0px; border-top: 8px solid #F4F4F4; border-right: 8px solid transparent; transform: translateY(16px);\"><\/div> <div style=\" background-color: #F4F4F4; flex-grow: 0; height: 12px; width: 16px; transform: translateY(-4px);\"><\/div> <div style=\" width: 0; height: 0; border-top: 8px solid #F4F4F4; border-left: 8px solid transparent; transform: translateY(-4px) translateX(8px);\"><\/div><\/div><\/div> <div style=\"display: flex; flex-direction: column; flex-grow: 1; justify-content: center; margin-bottom: 24px;\"> <div style=\" background-color: #F4F4F4; border-radius: 4px; flex-grow: 0; height: 14px; margin-bottom: 6px; width: 224px;\"><\/div> <div style=\" background-color: #F4F4F4; border-radius: 4px; flex-grow: 0; height: 14px; width: 144px;\"><\/div><\/div><\/a><p style=\" color:#c9c8cd; font-family:Arial,sans-serif; font-size:14px; line-height:17px; margin-bottom:0; margin-top:8px; overflow:hidden; padding:8px 0 7px; text-align:center; text-overflow:ellipsis; white-space:nowrap;\"><a href=\"https:\/\/www.instagram.com\/reel\/C8w-oVHogmr\/?utm_source=ig_embed&#038;utm_campaign=loading\" style=\" color:#c9c8cd; font-family:Arial,sans-serif; font-size:14px; font-style:normal; font-weight:normal; line-height:17px; text-decoration:none;\" target=\"_blank\" rel=\"noopener\">Une publication partag\u00e9e par Monaco Tribune (@monacotribune)<\/a><\/p><\/div><\/blockquote> <script async=\"\" src=\"\/\/www.instagram.com\/embed.js\"><\/script>\r\n\n<p><strong>Ecco l&#8217;elenco ufficiale degli atleti monegaschi di Parigi 2024:<\/strong><\/p>\n\n<ul class=\"wp-block-list\">\n<li><a href=\"https:\/\/www.monaco-tribune.com\/2024\/02\/lisa-pou-qualifiee-pour-les-jeux-olympiques-de-paris-2024\/\">Lisa Pou<\/a> &#8211; Nuoto<\/li>\n\n\n\n<li><a href=\"https:\/\/www.monaco-tribune.com\/2022\/08\/a-la-decouverte-de-theo-druenne-membre-des-champions-de-la-paix-junior\/\">Th\u00e9o Druenne<\/a> &#8211; Nuoto<\/li>\n\n\n\n<li><a href=\"https:\/\/www.monaco-tribune.com\/2024\/06\/la-pongiste-monegasque-xiaoxin-yang-participera-aux-jeux-olympiques-de-paris-2024\/\">Xiaoxin Yang<\/a> &#8211; Tennis da tavolo<\/li>\n\n\n\n<li><a href=\"https:\/\/www.monaco-tribune.com\/2024\/06\/le-rameur-quentin-antognelli-representera-les-couleurs-monegasques-aux-jeux-olympiques-de-paris-2024\/\">Quentin Antognelli<\/a> &#8211; Canottaggio<\/li>\n\n\n\n<li><a href=\"https:\/\/worldathletics.org\/athletes\/monaco\/marie-charlotte-gastaud-14715489\">Marie-Charlotte Gastaud<\/a> &#8211; Atletica<\/li>\n<\/ul>\n\n<p><em>Daghe Munegu !<\/em><\/p>\n\n<figure class=\"wp-block-gallery has-nested-images columns-default is-cropped wp-block-gallery-1 is-layout-flex wp-block-gallery-is-layout-flex\"><div class=\"wp-block-image\">\n<figure class=\"aligncenter size-large\"><img loading=\"lazy\" decoding=\"async\" width=\"1024\" height=\"683\" data-id=\"240009\" src=\"https:\/\/www.monaco-tribune.com\/wp-content\/uploads\/2024\/06\/prince-albert-ii-princesse-charlene-athletes-monegasques-jeux-olympiques-10-1024x683.jpg\" alt=\"\" class=\"wp-image-240009\" srcset=\"https:\/\/www.monaco-tribune.com\/wp-content\/uploads\/2024\/06\/prince-albert-ii-princesse-charlene-athletes-monegasques-jeux-olympiques-10-1024x683.jpg 1024w, https:\/\/www.monaco-tribune.com\/wp-content\/uploads\/2024\/06\/prince-albert-ii-princesse-charlene-athletes-monegasques-jeux-olympiques-10-450x300.jpg 450w, https:\/\/www.monaco-tribune.com\/wp-content\/uploads\/2024\/06\/prince-albert-ii-princesse-charlene-athletes-monegasques-jeux-olympiques-10.jpg 2048w\" sizes=\"auto, (max-width: 1024px) 100vw, 1024px\" \/><figcaption class=\"wp-element-caption\"><em>L&#8217;arrivo della Coppia Principesca allo Yacht Club di Monaco<\/em><\/figcaption><\/figure>\n<\/div>\n\n<div class=\"wp-block-image\">\n<figure class=\"aligncenter size-large\"><img loading=\"lazy\" decoding=\"async\" width=\"1024\" height=\"683\" data-id=\"239994\" src=\"https:\/\/www.monaco-tribune.com\/wp-content\/uploads\/2024\/06\/prince-albert-ii-princesse-charlene-athletes-monegasques-jeux-olympiques-11-1024x683.jpg\" alt=\"\" class=\"wp-image-239994\" srcset=\"https:\/\/www.monaco-tribune.com\/wp-content\/uploads\/2024\/06\/prince-albert-ii-princesse-charlene-athletes-monegasques-jeux-olympiques-11-1024x683.jpg 1024w, https:\/\/www.monaco-tribune.com\/wp-content\/uploads\/2024\/06\/prince-albert-ii-princesse-charlene-athletes-monegasques-jeux-olympiques-11-450x300.jpg 450w, https:\/\/www.monaco-tribune.com\/wp-content\/uploads\/2024\/06\/prince-albert-ii-princesse-charlene-athletes-monegasques-jeux-olympiques-11.jpg 2048w\" sizes=\"auto, (max-width: 1024px) 100vw, 1024px\" \/><figcaption class=\"wp-element-caption\"><em>Il Sovrano, Marie-Charlotte Gastaud e Quentin Antognelli<\/em><\/figcaption><\/figure>\n<\/div>\n\n<div class=\"wp-block-image\">\n<figure class=\"aligncenter size-large\"><img loading=\"lazy\" decoding=\"async\" width=\"1024\" height=\"683\" data-id=\"240001\" src=\"https:\/\/www.monaco-tribune.com\/wp-content\/uploads\/2024\/06\/prince-albert-ii-princesse-charlene-athletes-monegasques-jeux-olympiques-9-1024x683.jpg\" alt=\"\" class=\"wp-image-240001\" srcset=\"https:\/\/www.monaco-tribune.com\/wp-content\/uploads\/2024\/06\/prince-albert-ii-princesse-charlene-athletes-monegasques-jeux-olympiques-9-1024x683.jpg 1024w, https:\/\/www.monaco-tribune.com\/wp-content\/uploads\/2024\/06\/prince-albert-ii-princesse-charlene-athletes-monegasques-jeux-olympiques-9-450x300.jpg 450w, https:\/\/www.monaco-tribune.com\/wp-content\/uploads\/2024\/06\/prince-albert-ii-princesse-charlene-athletes-monegasques-jeux-olympiques-9.jpg 2048w\" sizes=\"auto, (max-width: 1024px) 100vw, 1024px\" \/><\/figure>\n<\/div>\n\n<div class=\"wp-block-image\">\n<figure class=\"aligncenter size-large\"><img loading=\"lazy\" decoding=\"async\" width=\"1024\" height=\"683\" data-id=\"239988\" src=\"https:\/\/www.monaco-tribune.com\/wp-content\/uploads\/2024\/06\/prince-albert-ii-princesse-charlene-athletes-monegasques-jeux-olympiques-3-1024x683.jpg\" alt=\"\" class=\"wp-image-239988\" srcset=\"https:\/\/www.monaco-tribune.com\/wp-content\/uploads\/2024\/06\/prince-albert-ii-princesse-charlene-athletes-monegasques-jeux-olympiques-3-1024x683.jpg 1024w, https:\/\/www.monaco-tribune.com\/wp-content\/uploads\/2024\/06\/prince-albert-ii-princesse-charlene-athletes-monegasques-jeux-olympiques-3-450x300.jpg 450w, https:\/\/www.monaco-tribune.com\/wp-content\/uploads\/2024\/06\/prince-albert-ii-princesse-charlene-athletes-monegasques-jeux-olympiques-3.jpg 2048w\" sizes=\"auto, (max-width: 1024px) 100vw, 1024px\" \/><\/figure>\n<\/div>\n\n<div class=\"wp-block-image\">\n<figure class=\"aligncenter size-large\"><img loading=\"lazy\" decoding=\"async\" width=\"1024\" height=\"683\" data-id=\"240011\" src=\"https:\/\/www.monaco-tribune.com\/wp-content\/uploads\/2024\/06\/prince-albert-ii-princesse-charlene-athletes-monegasques-jeux-olympiques-5-1024x683.jpg\" alt=\"\" class=\"wp-image-240011\" srcset=\"https:\/\/www.monaco-tribune.com\/wp-content\/uploads\/2024\/06\/prince-albert-ii-princesse-charlene-athletes-monegasques-jeux-olympiques-5-1024x683.jpg 1024w, https:\/\/www.monaco-tribune.com\/wp-content\/uploads\/2024\/06\/prince-albert-ii-princesse-charlene-athletes-monegasques-jeux-olympiques-5-450x300.jpg 450w, https:\/\/www.monaco-tribune.com\/wp-content\/uploads\/2024\/06\/prince-albert-ii-princesse-charlene-athletes-monegasques-jeux-olympiques-5.jpg 2048w\" sizes=\"auto, (max-width: 1024px) 100vw, 1024px\" \/><figcaption class=\"wp-element-caption\"><em>La pongista Xiaoxin Yang<\/em><\/figcaption><\/figure>\n<\/div>\n\n<div class=\"wp-block-image\">\n<figure class=\"aligncenter size-large\"><img loading=\"lazy\" decoding=\"async\" width=\"1024\" height=\"683\" data-id=\"240003\" src=\"https:\/\/www.monaco-tribune.com\/wp-content\/uploads\/2024\/06\/prince-albert-ii-princesse-charlene-athletes-monegasques-jeux-olympiques-4-1024x683.jpg\" alt=\"\" class=\"wp-image-240003\" srcset=\"https:\/\/www.monaco-tribune.com\/wp-content\/uploads\/2024\/06\/prince-albert-ii-princesse-charlene-athletes-monegasques-jeux-olympiques-4-1024x683.jpg 1024w, https:\/\/www.monaco-tribune.com\/wp-content\/uploads\/2024\/06\/prince-albert-ii-princesse-charlene-athletes-monegasques-jeux-olympiques-4-450x300.jpg 450w, https:\/\/www.monaco-tribune.com\/wp-content\/uploads\/2024\/06\/prince-albert-ii-princesse-charlene-athletes-monegasques-jeux-olympiques-4.jpg 2048w\" sizes=\"auto, (max-width: 1024px) 100vw, 1024px\" \/><figcaption class=\"wp-element-caption\"><em>Il nuotatore<\/em> <em>Th\u00e9o Druenne<\/em><\/figcaption><\/figure>\n<\/div>\n\n<div class=\"wp-block-image\">\n<figure class=\"aligncenter size-large\"><img loading=\"lazy\" decoding=\"async\" width=\"1024\" height=\"683\" data-id=\"239985\" src=\"https:\/\/www.monaco-tribune.com\/wp-content\/uploads\/2024\/06\/prince-albert-ii-princesse-charlene-athletes-monegasques-jeux-olympiques-2-1024x683.jpg\" alt=\"\" class=\"wp-image-239985\" srcset=\"https:\/\/www.monaco-tribune.com\/wp-content\/uploads\/2024\/06\/prince-albert-ii-princesse-charlene-athletes-monegasques-jeux-olympiques-2-1024x683.jpg 1024w, https:\/\/www.monaco-tribune.com\/wp-content\/uploads\/2024\/06\/prince-albert-ii-princesse-charlene-athletes-monegasques-jeux-olympiques-2-450x300.jpg 450w, https:\/\/www.monaco-tribune.com\/wp-content\/uploads\/2024\/06\/prince-albert-ii-princesse-charlene-athletes-monegasques-jeux-olympiques-2.jpg 2048w\" sizes=\"auto, (max-width: 1024px) 100vw, 1024px\" \/><figcaption class=\"wp-element-caption\"><em>Lisa Pou, Xiaoxin Yang e Th\u00e9o Druenne<\/em><\/figcaption><\/figure>\n<\/div>\n\n<div class=\"wp-block-image\">\n<figure class=\"aligncenter size-large\"><img loading=\"lazy\" decoding=\"async\" width=\"1024\" height=\"683\" data-id=\"239993\" src=\"https:\/\/www.monaco-tribune.com\/wp-content\/uploads\/2024\/06\/prince-albert-ii-princesse-charlene-athletes-monegasques-jeux-olympiques-8-1024x683.jpg\" alt=\"\" class=\"wp-image-239993\" srcset=\"https:\/\/www.monaco-tribune.com\/wp-content\/uploads\/2024\/06\/prince-albert-ii-princesse-charlene-athletes-monegasques-jeux-olympiques-8-1024x683.jpg 1024w, https:\/\/www.monaco-tribune.com\/wp-content\/uploads\/2024\/06\/prince-albert-ii-princesse-charlene-athletes-monegasques-jeux-olympiques-8-450x300.jpg 450w, https:\/\/www.monaco-tribune.com\/wp-content\/uploads\/2024\/06\/prince-albert-ii-princesse-charlene-athletes-monegasques-jeux-olympiques-8.jpg 2048w\" sizes=\"auto, (max-width: 1024px) 100vw, 1024px\" \/><figcaption class=\"wp-element-caption\"><em>Il vogatore Quentin Antognelli <\/em><\/figcaption><\/figure>\n<\/div>\n\n<div class=\"wp-block-image\">\n<figure class=\"aligncenter size-large\"><img loading=\"lazy\" decoding=\"async\" width=\"1024\" height=\"683\" data-id=\"240021\" src=\"https:\/\/www.monaco-tribune.com\/wp-content\/uploads\/2024\/06\/prince-albert-ii-princesse-charlene-athletes-monegasques-jeux-olympiques-6-1024x683.jpg\" alt=\"\" class=\"wp-image-240021\" srcset=\"https:\/\/www.monaco-tribune.com\/wp-content\/uploads\/2024\/06\/prince-albert-ii-princesse-charlene-athletes-monegasques-jeux-olympiques-6-1024x683.jpg 1024w, https:\/\/www.monaco-tribune.com\/wp-content\/uploads\/2024\/06\/prince-albert-ii-princesse-charlene-athletes-monegasques-jeux-olympiques-6-450x300.jpg 450w, https:\/\/www.monaco-tribune.com\/wp-content\/uploads\/2024\/06\/prince-albert-ii-princesse-charlene-athletes-monegasques-jeux-olympiques-6.jpg 2048w\" sizes=\"auto, (max-width: 1024px) 100vw, 1024px\" \/><figcaption class=\"wp-element-caption\"><em>I due portabandiera monegaschi per le Olimpiadi di Parigi 2024<\/em><\/figcaption><\/figure>\n<\/div>\n\n<div class=\"wp-block-image\">\n<figure class=\"aligncenter size-large\"><img loading=\"lazy\" decoding=\"async\" width=\"1024\" height=\"683\" data-id=\"240026\" src=\"https:\/\/www.monaco-tribune.com\/wp-content\/uploads\/2024\/06\/449316081_989952433131690_5405606214195043730_n-1024x683.jpg\" alt=\"\" class=\"wp-image-240026\" srcset=\"https:\/\/www.monaco-tribune.com\/wp-content\/uploads\/2024\/06\/449316081_989952433131690_5405606214195043730_n-1024x683.jpg 1024w, https:\/\/www.monaco-tribune.com\/wp-content\/uploads\/2024\/06\/449316081_989952433131690_5405606214195043730_n-450x300.jpg 450w, https:\/\/www.monaco-tribune.com\/wp-content\/uploads\/2024\/06\/449316081_989952433131690_5405606214195043730_n.jpg 2048w\" sizes=\"auto, (max-width: 1024px) 100vw, 1024px\" \/><figcaption class=\"wp-element-caption\"><em>Gli atleti insieme a Yvette Lambin-Berti, Segretario Generale del Comitato Olimpico monegasco<\/em><\/figcaption><\/figure>\n<\/div><\/figure>\n\n<p><em>Crediti foto: Dipartimento Comunicazioni \/ Manuel Vitali<\/em><\/p>\n\n<p class=\"related\"><a href=\"https:\/\/www.monaco-tribune.com\/it\/2024\/06\/la-principessa-charlene-ha-festeggiato-i-130-anni-dei-giochi-olimpici-alla-sorbona\/\">La Principessa Charl\u00e8ne ha festeggiato i 130 anni dei Giochi olimpici alla Sorbona<\/a><\/p>\n","protected":false},"excerpt":{"rendered":"<p>Gioved\u00ec 27 giugno, presso il prestigioso Yacht Club, il Principe Alberto II e la Principessa Charl\u00e8ne hanno presentato i cinque [&hellip;]<\/p>\n","protected":false},"author":77,"featured_media":239982,"comment_status":"closed","ping_status":"closed","sticky":false,"template":"","format":"standard","meta":{"_acf_changed":false,"footnotes":""},"categories":[1742,1826,1738],"tags":[2986],"post_sectags":[5009,3304,5033],"post_format":[2474],"class_list":["post-240238","post","type-post","status-publish","format-standard","has-post-thumbnail","hentry","category-famiglia-principesca","category-la-nostra-scelta","category-notizie","tag-principe-alberto-ii","sectag-comitato-olimpico-monegasco","sectag-principessa-charlene","sectag-sport-it","format-foto"],"acf":[],"yoast_head":"<!-- This site is optimized with the Yoast SEO Premium plugin v26.8 (Yoast SEO v27.5) - https:\/\/yoast.com\/product\/yoast-seo-premium-wordpress\/ -->\n<title>Parigi 2024: il Principe Alberto II e la Principessa Charl\u00e8ne presentano gli atleti monegaschi che parteciperanno ai Giochi Olimpici<\/title>\n<meta name=\"description\" content=\"Gioved\u00ec 27 giugno, presso il prestigioso Yacht Club, il Principe Alberto II e la Principessa Charl\u00e8ne hanno presentato i cinque atleti monegaschi che tra\" \/>\n<meta name=\"robots\" content=\"index, follow, max-snippet:-1, max-image-preview:large, max-video-preview:-1\" \/>\n<link rel=\"canonical\" href=\"https:\/\/www.monaco-tribune.com\/it\/2024\/07\/parigi-2024-il-principe-alberto-ii-e-la-principessa-charlene-presentano-gli-atleti-monegaschi-che-parteciperanno-ai-giochi-olimpici\/\" \/>\n<meta property=\"og:locale\" content=\"it_IT\" \/>\n<meta property=\"og:type\" content=\"article\" \/>\n<meta property=\"og:title\" content=\"Parigi 2024: il Principe Alberto II e la Principessa Charl\u00e8ne presentano gli atleti monegaschi che parteciperanno ai Giochi Olimpici - Monaco Tribune\" \/>\n<meta property=\"og:description\" content=\"Gioved\u00ec 27 giugno, presso il prestigioso Yacht Club, il Principe Alberto II e la Principessa Charl\u00e8ne hanno presentato i cinque atleti monegaschi che tra\" \/>\n<meta property=\"og:url\" content=\"https:\/\/www.monaco-tribune.com\/it\/2024\/07\/parigi-2024-il-principe-alberto-ii-e-la-principessa-charlene-presentano-gli-atleti-monegaschi-che-parteciperanno-ai-giochi-olimpici\/\" \/>\n<meta property=\"og:site_name\" content=\"Monaco Tribune\" \/>\n<meta property=\"article:publisher\" content=\"https:\/\/www.facebook.com\/MonacoTribune\" \/>\n<meta property=\"article:published_time\" content=\"2024-07-01T09:47:04+00:00\" \/>\n<meta property=\"article:modified_time\" content=\"2024-07-01T09:47:16+00:00\" \/>\n<meta property=\"og:image\" content=\"https:\/\/www.monaco-tribune.com\/wp-content\/uploads\/2024\/06\/prince-albert-ii-princesse-charlene-athletes-monegasques-jeux-olympiques-1.jpg\" \/>\n\t<meta property=\"og:image:width\" content=\"2048\" \/>\n\t<meta property=\"og:image:height\" content=\"1365\" \/>\n\t<meta property=\"og:image:type\" content=\"image\/jpeg\" \/>\n<meta name=\"author\" content=\"Ana\u00efs Riu\" \/>\n<meta name=\"twitter:card\" content=\"summary_large_image\" \/>\n<meta name=\"twitter:creator\" content=\"@MonacoTribune\" \/>\n<meta name=\"twitter:site\" content=\"@MonacoTribune\" \/>\n<script type=\"application\/ld+json\" class=\"yoast-schema-graph\">{\"@context\":\"https:\\\/\\\/schema.org\",\"@graph\":[{\"@type\":\"NewsArticle\",\"@id\":\"https:\\\/\\\/www.monaco-tribune.com\\\/it\\\/2024\\\/07\\\/parigi-2024-il-principe-alberto-ii-e-la-principessa-charlene-presentano-gli-atleti-monegaschi-che-parteciperanno-ai-giochi-olimpici\\\/#article\",\"isPartOf\":{\"@id\":\"https:\\\/\\\/www.monaco-tribune.com\\\/it\\\/2024\\\/07\\\/parigi-2024-il-principe-alberto-ii-e-la-principessa-charlene-presentano-gli-atleti-monegaschi-che-parteciperanno-ai-giochi-olimpici\\\/\"},\"author\":{\"name\":\"Ana\u00efs Riu\",\"@id\":\"https:\\\/\\\/www.monaco-tribune.com\\\/it\\\/#\\\/schema\\\/person\\\/6db631c784f2f0eff54c3ca4d1da2d49\"},\"headline\":\"Parigi 2024: il Principe Alberto II e la Principessa Charl\u00e8ne presentano gli atleti monegaschi che parteciperanno ai Giochi Olimpici\",\"datePublished\":\"2024-07-01T09:47:04+00:00\",\"dateModified\":\"2024-07-01T09:47:16+00:00\",\"mainEntityOfPage\":{\"@id\":\"https:\\\/\\\/www.monaco-tribune.com\\\/it\\\/2024\\\/07\\\/parigi-2024-il-principe-alberto-ii-e-la-principessa-charlene-presentano-gli-atleti-monegaschi-che-parteciperanno-ai-giochi-olimpici\\\/\"},\"wordCount\":356,\"publisher\":{\"@id\":\"https:\\\/\\\/www.monaco-tribune.com\\\/it\\\/#organization\"},\"image\":{\"@id\":\"https:\\\/\\\/www.monaco-tribune.com\\\/it\\\/2024\\\/07\\\/parigi-2024-il-principe-alberto-ii-e-la-principessa-charlene-presentano-gli-atleti-monegaschi-che-parteciperanno-ai-giochi-olimpici\\\/#primaryimage\"},\"thumbnailUrl\":\"https:\\\/\\\/www.monaco-tribune.com\\\/wp-content\\\/uploads\\\/2024\\\/06\\\/prince-albert-ii-princesse-charlene-athletes-monegasques-jeux-olympiques-1.jpg\",\"keywords\":[\"Principe Alberto II\"],\"articleSection\":[\"Famiglia Principesca\",\"La nostra scelta\",\"Notizie\"],\"inLanguage\":\"it-IT\",\"copyrightYear\":\"2024\",\"copyrightHolder\":{\"@id\":\"https:\\\/\\\/www.monaco-tribune.com\\\/#organization\"}},{\"@type\":\"WebPage\",\"@id\":\"https:\\\/\\\/www.monaco-tribune.com\\\/it\\\/2024\\\/07\\\/parigi-2024-il-principe-alberto-ii-e-la-principessa-charlene-presentano-gli-atleti-monegaschi-che-parteciperanno-ai-giochi-olimpici\\\/\",\"url\":\"https:\\\/\\\/www.monaco-tribune.com\\\/it\\\/2024\\\/07\\\/parigi-2024-il-principe-alberto-ii-e-la-principessa-charlene-presentano-gli-atleti-monegaschi-che-parteciperanno-ai-giochi-olimpici\\\/\",\"name\":\"Parigi 2024: il Principe Alberto II e la Principessa Charl\u00e8ne presentano gli atleti monegaschi che parteciperanno ai Giochi Olimpici\",\"isPartOf\":{\"@id\":\"https:\\\/\\\/www.monaco-tribune.com\\\/it\\\/#website\"},\"primaryImageOfPage\":{\"@id\":\"https:\\\/\\\/www.monaco-tribune.com\\\/it\\\/2024\\\/07\\\/parigi-2024-il-principe-alberto-ii-e-la-principessa-charlene-presentano-gli-atleti-monegaschi-che-parteciperanno-ai-giochi-olimpici\\\/#primaryimage\"},\"image\":{\"@id\":\"https:\\\/\\\/www.monaco-tribune.com\\\/it\\\/2024\\\/07\\\/parigi-2024-il-principe-alberto-ii-e-la-principessa-charlene-presentano-gli-atleti-monegaschi-che-parteciperanno-ai-giochi-olimpici\\\/#primaryimage\"},\"thumbnailUrl\":\"https:\\\/\\\/www.monaco-tribune.com\\\/wp-content\\\/uploads\\\/2024\\\/06\\\/prince-albert-ii-princesse-charlene-athletes-monegasques-jeux-olympiques-1.jpg\",\"datePublished\":\"2024-07-01T09:47:04+00:00\",\"dateModified\":\"2024-07-01T09:47:16+00:00\",\"description\":\"Gioved\u00ec 27 giugno, presso il prestigioso Yacht Club, il Principe Alberto II e la Principessa Charl\u00e8ne hanno presentato i cinque atleti monegaschi che tra\",\"breadcrumb\":{\"@id\":\"https:\\\/\\\/www.monaco-tribune.com\\\/it\\\/2024\\\/07\\\/parigi-2024-il-principe-alberto-ii-e-la-principessa-charlene-presentano-gli-atleti-monegaschi-che-parteciperanno-ai-giochi-olimpici\\\/#breadcrumb\"},\"inLanguage\":\"it-IT\",\"potentialAction\":[{\"@type\":\"ReadAction\",\"target\":[\"https:\\\/\\\/www.monaco-tribune.com\\\/it\\\/2024\\\/07\\\/parigi-2024-il-principe-alberto-ii-e-la-principessa-charlene-presentano-gli-atleti-monegaschi-che-parteciperanno-ai-giochi-olimpici\\\/\"]}]},{\"@type\":\"ImageObject\",\"inLanguage\":\"it-IT\",\"@id\":\"https:\\\/\\\/www.monaco-tribune.com\\\/it\\\/2024\\\/07\\\/parigi-2024-il-principe-alberto-ii-e-la-principessa-charlene-presentano-gli-atleti-monegaschi-che-parteciperanno-ai-giochi-olimpici\\\/#primaryimage\",\"url\":\"https:\\\/\\\/www.monaco-tribune.com\\\/wp-content\\\/uploads\\\/2024\\\/06\\\/prince-albert-ii-princesse-charlene-athletes-monegasques-jeux-olympiques-1.jpg\",\"contentUrl\":\"https:\\\/\\\/www.monaco-tribune.com\\\/wp-content\\\/uploads\\\/2024\\\/06\\\/prince-albert-ii-princesse-charlene-athletes-monegasques-jeux-olympiques-1.jpg\",\"width\":2048,\"height\":1365,\"caption\":\"La Coppia Principesca insieme agli atleti olimpici di Parigi 2024 \u00a9 Direzione della Comunicazione \\\/ Manuel Vitali\"},{\"@type\":\"BreadcrumbList\",\"@id\":\"https:\\\/\\\/www.monaco-tribune.com\\\/it\\\/2024\\\/07\\\/parigi-2024-il-principe-alberto-ii-e-la-principessa-charlene-presentano-gli-atleti-monegaschi-che-parteciperanno-ai-giochi-olimpici\\\/#breadcrumb\",\"itemListElement\":[{\"@type\":\"ListItem\",\"position\":1,\"name\":\"Accueil\",\"item\":\"https:\\\/\\\/www.monaco-tribune.com\\\/it\\\/\"},{\"@type\":\"ListItem\",\"position\":2,\"name\":\"Parigi 2024: il Principe Alberto II e la Principessa Charl\u00e8ne presentano gli atleti monegaschi che parteciperanno ai Giochi Olimpici\"}]},{\"@type\":\"WebSite\",\"@id\":\"https:\\\/\\\/www.monaco-tribune.com\\\/it\\\/#website\",\"url\":\"https:\\\/\\\/www.monaco-tribune.com\\\/it\\\/\",\"name\":\"Monaco Tribune\",\"description\":\"Monaco : actualit\u00e9s \u00e9conomiques, politiques, culturelles et sportives de Monaco et de la French Riviera.\",\"publisher\":{\"@id\":\"https:\\\/\\\/www.monaco-tribune.com\\\/it\\\/#organization\"},\"potentialAction\":[{\"@type\":\"SearchAction\",\"target\":{\"@type\":\"EntryPoint\",\"urlTemplate\":\"https:\\\/\\\/www.monaco-tribune.com\\\/it\\\/?s={search_term_string}\"},\"query-input\":{\"@type\":\"PropertyValueSpecification\",\"valueRequired\":true,\"valueName\":\"search_term_string\"}}],\"inLanguage\":\"it-IT\"},{\"@type\":\"Organization\",\"@id\":\"https:\\\/\\\/www.monaco-tribune.com\\\/it\\\/#organization\",\"name\":\"Monaco Tribune\",\"url\":\"https:\\\/\\\/www.monaco-tribune.com\\\/it\\\/\",\"logo\":{\"@type\":\"ImageObject\",\"inLanguage\":\"it-IT\",\"@id\":\"https:\\\/\\\/www.monaco-tribune.com\\\/it\\\/#\\\/schema\\\/logo\\\/image\\\/\",\"url\":\"https:\\\/\\\/www.monaco-tribune.com\\\/wp-content\\\/uploads\\\/2022\\\/11\\\/logo-monaco-tribune.png\",\"contentUrl\":\"https:\\\/\\\/www.monaco-tribune.com\\\/wp-content\\\/uploads\\\/2022\\\/11\\\/logo-monaco-tribune.png\",\"width\":1548,\"height\":600,\"caption\":\"Monaco Tribune\"},\"image\":{\"@id\":\"https:\\\/\\\/www.monaco-tribune.com\\\/it\\\/#\\\/schema\\\/logo\\\/image\\\/\"},\"sameAs\":[\"https:\\\/\\\/www.facebook.com\\\/MonacoTribune\",\"https:\\\/\\\/x.com\\\/MonacoTribune\",\"https:\\\/\\\/www.instagram.com\\\/monacotribune\\\/\",\"https:\\\/\\\/www.linkedin.com\\\/company\\\/monaco-tribune\",\"https:\\\/\\\/www.youtube.com\\\/channel\\\/UCHle1MnG6hw1y4lWKijVbMA\"]},{\"@type\":\"Person\",\"@id\":\"https:\\\/\\\/www.monaco-tribune.com\\\/it\\\/#\\\/schema\\\/person\\\/6db631c784f2f0eff54c3ca4d1da2d49\",\"name\":\"Ana\u00efs Riu\",\"image\":{\"@type\":\"ImageObject\",\"inLanguage\":\"it-IT\",\"@id\":\"https:\\\/\\\/secure.gravatar.com\\\/avatar\\\/9137eff67ff750f1997c171f45e5829ca4c8fa34729a8f8cd9dc85be7e50df7f?s=96&d=mm&r=g\",\"url\":\"https:\\\/\\\/secure.gravatar.com\\\/avatar\\\/9137eff67ff750f1997c171f45e5829ca4c8fa34729a8f8cd9dc85be7e50df7f?s=96&d=mm&r=g\",\"contentUrl\":\"https:\\\/\\\/secure.gravatar.com\\\/avatar\\\/9137eff67ff750f1997c171f45e5829ca4c8fa34729a8f8cd9dc85be7e50df7f?s=96&d=mm&r=g\",\"caption\":\"Ana\u00efs Riu\"},\"url\":\"https:\\\/\\\/www.monaco-tribune.com\\\/it\\\/author\\\/anaisriu\\\/\"}]}<\/script>\n<!-- \/ Yoast SEO Premium plugin. -->","yoast_head_json":{"title":"Parigi 2024: il Principe Alberto II e la Principessa Charl\u00e8ne presentano gli atleti monegaschi che parteciperanno ai Giochi Olimpici","description":"Gioved\u00ec 27 giugno, presso il prestigioso Yacht Club, il Principe Alberto II e la Principessa Charl\u00e8ne hanno presentato i cinque atleti monegaschi che tra","robots":{"index":"index","follow":"follow","max-snippet":"max-snippet:-1","max-image-preview":"max-image-preview:large","max-video-preview":"max-video-preview:-1"},"canonical":"https:\/\/www.monaco-tribune.com\/it\/2024\/07\/parigi-2024-il-principe-alberto-ii-e-la-principessa-charlene-presentano-gli-atleti-monegaschi-che-parteciperanno-ai-giochi-olimpici\/","og_locale":"it_IT","og_type":"article","og_title":"Parigi 2024: il Principe Alberto II e la Principessa Charl\u00e8ne presentano gli atleti monegaschi che parteciperanno ai Giochi Olimpici - Monaco Tribune","og_description":"Gioved\u00ec 27 giugno, presso il prestigioso Yacht Club, il Principe Alberto II e la Principessa Charl\u00e8ne hanno presentato i cinque atleti monegaschi che tra","og_url":"https:\/\/www.monaco-tribune.com\/it\/2024\/07\/parigi-2024-il-principe-alberto-ii-e-la-principessa-charlene-presentano-gli-atleti-monegaschi-che-parteciperanno-ai-giochi-olimpici\/","og_site_name":"Monaco Tribune","article_publisher":"https:\/\/www.facebook.com\/MonacoTribune","article_published_time":"2024-07-01T09:47:04+00:00","article_modified_time":"2024-07-01T09:47:16+00:00","og_image":[{"width":2048,"height":1365,"url":"https:\/\/www.monaco-tribune.com\/wp-content\/uploads\/2024\/06\/prince-albert-ii-princesse-charlene-athletes-monegasques-jeux-olympiques-1.jpg","type":"image\/jpeg"}],"author":"Ana\u00efs Riu","twitter_card":"summary_large_image","twitter_creator":"@MonacoTribune","twitter_site":"@MonacoTribune","schema":{"@context":"https:\/\/schema.org","@graph":[{"@type":"NewsArticle","@id":"https:\/\/www.monaco-tribune.com\/it\/2024\/07\/parigi-2024-il-principe-alberto-ii-e-la-principessa-charlene-presentano-gli-atleti-monegaschi-che-parteciperanno-ai-giochi-olimpici\/#article","isPartOf":{"@id":"https:\/\/www.monaco-tribune.com\/it\/2024\/07\/parigi-2024-il-principe-alberto-ii-e-la-principessa-charlene-presentano-gli-atleti-monegaschi-che-parteciperanno-ai-giochi-olimpici\/"},"author":{"name":"Ana\u00efs Riu","@id":"https:\/\/www.monaco-tribune.com\/it\/#\/schema\/person\/6db631c784f2f0eff54c3ca4d1da2d49"},"headline":"Parigi 2024: il Principe Alberto II e la Principessa Charl\u00e8ne presentano gli atleti monegaschi che parteciperanno ai Giochi Olimpici","datePublished":"2024-07-01T09:47:04+00:00","dateModified":"2024-07-01T09:47:16+00:00","mainEntityOfPage":{"@id":"https:\/\/www.monaco-tribune.com\/it\/2024\/07\/parigi-2024-il-principe-alberto-ii-e-la-principessa-charlene-presentano-gli-atleti-monegaschi-che-parteciperanno-ai-giochi-olimpici\/"},"wordCount":356,"publisher":{"@id":"https:\/\/www.monaco-tribune.com\/it\/#organization"},"image":{"@id":"https:\/\/www.monaco-tribune.com\/it\/2024\/07\/parigi-2024-il-principe-alberto-ii-e-la-principessa-charlene-presentano-gli-atleti-monegaschi-che-parteciperanno-ai-giochi-olimpici\/#primaryimage"},"thumbnailUrl":"https:\/\/www.monaco-tribune.com\/wp-content\/uploads\/2024\/06\/prince-albert-ii-princesse-charlene-athletes-monegasques-jeux-olympiques-1.jpg","keywords":["Principe Alberto II"],"articleSection":["Famiglia Principesca","La nostra scelta","Notizie"],"inLanguage":"it-IT","copyrightYear":"2024","copyrightHolder":{"@id":"https:\/\/www.monaco-tribune.com\/#organization"}},{"@type":"WebPage","@id":"https:\/\/www.monaco-tribune.com\/it\/2024\/07\/parigi-2024-il-principe-alberto-ii-e-la-principessa-charlene-presentano-gli-atleti-monegaschi-che-parteciperanno-ai-giochi-olimpici\/","url":"https:\/\/www.monaco-tribune.com\/it\/2024\/07\/parigi-2024-il-principe-alberto-ii-e-la-principessa-charlene-presentano-gli-atleti-monegaschi-che-parteciperanno-ai-giochi-olimpici\/","name":"Parigi 2024: il Principe Alberto II e la Principessa Charl\u00e8ne presentano gli atleti monegaschi che parteciperanno ai Giochi Olimpici","isPartOf":{"@id":"https:\/\/www.monaco-tribune.com\/it\/#website"},"primaryImageOfPage":{"@id":"https:\/\/www.monaco-tribune.com\/it\/2024\/07\/parigi-2024-il-principe-alberto-ii-e-la-principessa-charlene-presentano-gli-atleti-monegaschi-che-parteciperanno-ai-giochi-olimpici\/#primaryimage"},"image":{"@id":"https:\/\/www.monaco-tribune.com\/it\/2024\/07\/parigi-2024-il-principe-alberto-ii-e-la-principessa-charlene-presentano-gli-atleti-monegaschi-che-parteciperanno-ai-giochi-olimpici\/#primaryimage"},"thumbnailUrl":"https:\/\/www.monaco-tribune.com\/wp-content\/uploads\/2024\/06\/prince-albert-ii-princesse-charlene-athletes-monegasques-jeux-olympiques-1.jpg","datePublished":"2024-07-01T09:47:04+00:00","dateModified":"2024-07-01T09:47:16+00:00","description":"Gioved\u00ec 27 giugno, presso il prestigioso Yacht Club, il Principe Alberto II e la Principessa Charl\u00e8ne hanno presentato i cinque atleti monegaschi che tra","breadcrumb":{"@id":"https:\/\/www.monaco-tribune.com\/it\/2024\/07\/parigi-2024-il-principe-alberto-ii-e-la-principessa-charlene-presentano-gli-atleti-monegaschi-che-parteciperanno-ai-giochi-olimpici\/#breadcrumb"},"inLanguage":"it-IT","potentialAction":[{"@type":"ReadAction","target":["https:\/\/www.monaco-tribune.com\/it\/2024\/07\/parigi-2024-il-principe-alberto-ii-e-la-principessa-charlene-presentano-gli-atleti-monegaschi-che-parteciperanno-ai-giochi-olimpici\/"]}]},{"@type":"ImageObject","inLanguage":"it-IT","@id":"https:\/\/www.monaco-tribune.com\/it\/2024\/07\/parigi-2024-il-principe-alberto-ii-e-la-principessa-charlene-presentano-gli-atleti-monegaschi-che-parteciperanno-ai-giochi-olimpici\/#primaryimage","url":"https:\/\/www.monaco-tribune.com\/wp-content\/uploads\/2024\/06\/prince-albert-ii-princesse-charlene-athletes-monegasques-jeux-olympiques-1.jpg","contentUrl":"https:\/\/www.monaco-tribune.com\/wp-content\/uploads\/2024\/06\/prince-albert-ii-princesse-charlene-athletes-monegasques-jeux-olympiques-1.jpg","width":2048,"height":1365,"caption":"La Coppia Principesca insieme agli atleti olimpici di Parigi 2024 \u00a9 Direzione della Comunicazione \/ Manuel Vitali"},{"@type":"BreadcrumbList","@id":"https:\/\/www.monaco-tribune.com\/it\/2024\/07\/parigi-2024-il-principe-alberto-ii-e-la-principessa-charlene-presentano-gli-atleti-monegaschi-che-parteciperanno-ai-giochi-olimpici\/#breadcrumb","itemListElement":[{"@type":"ListItem","position":1,"name":"Accueil","item":"https:\/\/www.monaco-tribune.com\/it\/"},{"@type":"ListItem","position":2,"name":"Parigi 2024: il Principe Alberto II e la Principessa Charl\u00e8ne presentano gli atleti monegaschi che parteciperanno ai Giochi Olimpici"}]},{"@type":"WebSite","@id":"https:\/\/www.monaco-tribune.com\/it\/#website","url":"https:\/\/www.monaco-tribune.com\/it\/","name":"Monaco Tribune","description":"Monaco : actualit\u00e9s \u00e9conomiques, politiques, culturelles et sportives de Monaco et de la French Riviera.","publisher":{"@id":"https:\/\/www.monaco-tribune.com\/it\/#organization"},"potentialAction":[{"@type":"SearchAction","target":{"@type":"EntryPoint","urlTemplate":"https:\/\/www.monaco-tribune.com\/it\/?s={search_term_string}"},"query-input":{"@type":"PropertyValueSpecification","valueRequired":true,"valueName":"search_term_string"}}],"inLanguage":"it-IT"},{"@type":"Organization","@id":"https:\/\/www.monaco-tribune.com\/it\/#organization","name":"Monaco Tribune","url":"https:\/\/www.monaco-tribune.com\/it\/","logo":{"@type":"ImageObject","inLanguage":"it-IT","@id":"https:\/\/www.monaco-tribune.com\/it\/#\/schema\/logo\/image\/","url":"https:\/\/www.monaco-tribune.com\/wp-content\/uploads\/2022\/11\/logo-monaco-tribune.png","contentUrl":"https:\/\/www.monaco-tribune.com\/wp-content\/uploads\/2022\/11\/logo-monaco-tribune.png","width":1548,"height":600,"caption":"Monaco Tribune"},"image":{"@id":"https:\/\/www.monaco-tribune.com\/it\/#\/schema\/logo\/image\/"},"sameAs":["https:\/\/www.facebook.com\/MonacoTribune","https:\/\/x.com\/MonacoTribune","https:\/\/www.instagram.com\/monacotribune\/","https:\/\/www.linkedin.com\/company\/monaco-tribune","https:\/\/www.youtube.com\/channel\/UCHle1MnG6hw1y4lWKijVbMA"]},{"@type":"Person","@id":"https:\/\/www.monaco-tribune.com\/it\/#\/schema\/person\/6db631c784f2f0eff54c3ca4d1da2d49","name":"Ana\u00efs Riu","image":{"@type":"ImageObject","inLanguage":"it-IT","@id":"https:\/\/secure.gravatar.com\/avatar\/9137eff67ff750f1997c171f45e5829ca4c8fa34729a8f8cd9dc85be7e50df7f?s=96&d=mm&r=g","url":"https:\/\/secure.gravatar.com\/avatar\/9137eff67ff750f1997c171f45e5829ca4c8fa34729a8f8cd9dc85be7e50df7f?s=96&d=mm&r=g","contentUrl":"https:\/\/secure.gravatar.com\/avatar\/9137eff67ff750f1997c171f45e5829ca4c8fa34729a8f8cd9dc85be7e50df7f?s=96&d=mm&r=g","caption":"Ana\u00efs Riu"},"url":"https:\/\/www.monaco-tribune.com\/it\/author\/anaisriu\/"}]}},"_links":{"self":[{"href":"https:\/\/www.monaco-tribune.com\/it\/wp-json\/wp\/v2\/posts\/240238","targetHints":{"allow":["GET"]}}],"collection":[{"href":"https:\/\/www.monaco-tribune.com\/it\/wp-json\/wp\/v2\/posts"}],"about":[{"href":"https:\/\/www.monaco-tribune.com\/it\/wp-json\/wp\/v2\/types\/post"}],"author":[{"embeddable":true,"href":"https:\/\/www.monaco-tribune.com\/it\/wp-json\/wp\/v2\/users\/77"}],"replies":[{"embeddable":true,"href":"https:\/\/www.monaco-tribune.com\/it\/wp-json\/wp\/v2\/comments?post=240238"}],"version-history":[{"count":2,"href":"https:\/\/www.monaco-tribune.com\/it\/wp-json\/wp\/v2\/posts\/240238\/revisions"}],"predecessor-version":[{"id":240241,"href":"https:\/\/www.monaco-tribune.com\/it\/wp-json\/wp\/v2\/posts\/240238\/revisions\/240241"}],"wp:featuredmedia":[{"embeddable":true,"href":"https:\/\/www.monaco-tribune.com\/it\/wp-json\/wp\/v2\/media\/239982"}],"wp:attachment":[{"href":"https:\/\/www.monaco-tribune.com\/it\/wp-json\/wp\/v2\/media?parent=240238"}],"wp:term":[{"taxonomy":"category","embeddable":true,"href":"https:\/\/www.monaco-tribune.com\/it\/wp-json\/wp\/v2\/categories?post=240238"},{"taxonomy":"post_tag","embeddable":true,"href":"https:\/\/www.monaco-tribune.com\/it\/wp-json\/wp\/v2\/tags?post=240238"},{"taxonomy":"sectag","embeddable":true,"href":"https:\/\/www.monaco-tribune.com\/it\/wp-json\/wp\/v2\/post_sectags?post=240238"},{"taxonomy":"format","embeddable":true,"href":"https:\/\/www.monaco-tribune.com\/it\/wp-json\/wp\/v2\/post_format?post=240238"}],"curies":[{"name":"wp","href":"https:\/\/api.w.org\/{rel}","templated":true}]}}