{"id":240471,"date":"2024-07-03T10:40:32","date_gmt":"2024-07-03T08:40:32","guid":{"rendered":"https:\/\/www.monaco-tribune.com\/2024\/07\/wannenes-torna-al-metropole-per-unasta-esclusiva\/"},"modified":"2024-07-03T11:05:49","modified_gmt":"2024-07-03T09:05:49","slug":"wannenes-torna-al-metropole-per-unasta-esclusiva","status":"publish","type":"post","link":"https:\/\/www.monaco-tribune.com\/it\/2024\/07\/wannenes-torna-al-metropole-per-unasta-esclusiva\/","title":{"rendered":"Wannenes torna al M\u00e9tropole per un\u2019asta esclusiva"},"content":{"rendered":"\n<p><strong><span class=\"s4\">Un eccezionale <\/span><span class=\"s4\">bandeau in diamanti<\/span><span class=\"s4\"> sar\u00e0 messo in vendita durante l\u2019asta. Anche molto marchi prestigiosi avranno questo onore, come Bulgari, Rolex, Audemars Piguet, Herm\u00e8s, Vuitton, Prada\u2026<\/span><\/strong><\/p>\n\n<p><span class=\"s5\">L\u2019Hotel <\/span><span class=\"s5\">M<\/span><span class=\"s5\">\u00e9<\/span><span class=\"s5\">tropole<\/span><span class=\"s5\"> si prepara ad ospitare una straordinaria collezione di gioielli, orologi e borse. Wannenes torner\u00e0 da venerd\u00ec 5 luglio fino al 9 luglio nei saloni del leggendario hotel per un\u2019esposizione seguita da un\u2019asta, con circa 314 gioielli, 170 orologi, 33 borse ed altri accessori. Un numero significativamente maggiore rispetto alla precedente asta.<\/span><\/p>\n\n<h2 class=\"wp-block-heading\" id=\"h-wannenes-une-histoire-de-prestige\">Wannenes: una storia di prestigio<\/h2>\n\n<p>Wannenes \u00e8 stata fondata nel 2001 da una famiglia olandese che viveva a Genova dal XVII secolo. L\u2019azienda \u00e8 nata in Italia, pi\u00f9 precisamente a Genova, storicamente un importante centro di gioielleria ed oreficeria. Forte del suo successo, si \u00e8 poi sviluppata a Roma, Milano e Torino, e continua a espandersi.Arrivata a Monaco nel 2018, Wannenes ha abituato il Principato a vendite di prodotti eccezionali.<\/p>\n\n<h2 class=\"wp-block-heading\" id=\"h-un-diademe-royal-en-vente\"><span class=\"s4\">Un <\/span><span class=\"s4\">bandeau in diamanti del gioielliere di Casa Savoia<\/span><span class=\"s4\"> in vendita<\/span><\/h2>\n\n<p>Teresa Scarlata, responsabile del reparto gioielleria di Wannenes, ci racconta che la collezione comprende alcuni gioielli incredibilmente rari, sia antichi che moderni, come il girocollo in vendita, realizzato e firmato da Musy, che fu il fornitore ufficiale della famiglia reale dei Savoia in Italia.<\/p>\n\n<p>Musy Padre e Figli \u00e8 la pi\u00f9 antica gioielleria ed orologeria d\u2019Italia. I suoi pezzi erano cos\u00ec preziosi e cos\u00ec precisi che divenne presto il gioielliere pi\u00f9 richiesto di Casa Savoia.<\/p>\n\n<p>Nel 1868, la principessa Margherita di Savoia affid\u00f2 all\u2019azienda l\u2019incastonatura di due bracciali in occasione del suo matrimonio con il cugino Umberto. Da quel momento, Musy divenne il gioielliere di fiducia della futura prima regina d\u2019Italia. Per lei vennero creati numerosi gioielli, che in seguito entrarono a far parte dei gioielli della Corona d\u2019Italia.<\/p>\n<div class=\"wp-block-image\">\n<figure class=\"aligncenter size-large is-resized\"><img loading=\"lazy\" decoding=\"async\" width=\"1024\" height=\"1024\" src=\"https:\/\/www.monaco-tribune.com\/wp-content\/uploads\/2024\/07\/broche-en-or-rubis-et-diamants-signee-sabbadini-1024x1024.jpg\" alt=\"\" class=\"wp-image-240369\" style=\"width:968px;height:auto\" srcset=\"https:\/\/www.monaco-tribune.com\/wp-content\/uploads\/2024\/07\/broche-en-or-rubis-et-diamants-signee-sabbadini-1024x1024.jpg 1024w, https:\/\/www.monaco-tribune.com\/wp-content\/uploads\/2024\/07\/broche-en-or-rubis-et-diamants-signee-sabbadini-300x300.jpg 300w, https:\/\/www.monaco-tribune.com\/wp-content\/uploads\/2024\/07\/broche-en-or-rubis-et-diamants-signee-sabbadini.jpg 1040w\" sizes=\"auto, (max-width: 1024px) 100vw, 1024px\" \/><figcaption class=\"wp-element-caption\"><em>Spilla in oro, rubini e diamanti, firmata Sabbadini \u00a9 Wannenes<\/em><\/figcaption><\/figure>\n<\/div>\n<h2 class=\"wp-block-heading\" id=\"h-bulgari-celebre-ses-140-ans\"><span class=\"s4\">B<\/span><span class=\"s4\">v<\/span><span class=\"s4\">lgari<\/span><span class=\"s4\"> festeggia il 140\u00b0 anniversario<\/span><\/h2>\n\n<p><span class=\"s5\">Quest\u2019anno ricorre il 140\u00b0 anniversario della fondazione di <\/span><span class=\"s5\">B<\/span><span class=\"s5\">v<\/span><span class=\"s5\">lgari<\/span><span class=\"s5\">. Per celebrare questo traguardo, Wannenes propone una collezione particolarmente significativa di gioielli del marchio romano. Con una dozzina di orologi e una trentina di gioielli, tra cui alcuni della collezione <\/span><span class=\"s5\">Tubo<\/span><span class=\"s5\">g<\/span><span class=\"s5\">as<\/span><span class=\"s5\">, la selezione comprende collane della famosa collezione \u201cMonete\u201d, orecchini in corallo, oro, e altri con un diamante da 6 carati incastonato. Sar\u00e0 in vendita <\/span><span class=\"s5\">la \u201dspilla<\/span><span class=\"s5\"> iconica\u201d della collezione <\/span><span class=\"s5\">Panth\u00e8re<\/span><span class=\"s5\"> di Cartier, in platino e diamanti, creata degli anni Ottanta.<\/span><\/p>\n\n<h2 class=\"wp-block-heading\" id=\"h-des-montres-rares-et-precieuses\">Orologi rari e preziosi<\/h2>\n\n<p>Tra i 170 orologi esposti, due in particolare hanno attirato l\u2019attenzione di Michele Rosa, specialista di orologi per Wannenes. Il primo \u00e8 un Rolex Daytona  del 1969, lo stesso modello indossato da Paul Newman ma in oro giallo e con un quadrante esotico. Ne esistono solo 300 esemplari in tutto il mondo. Stimato tra i 350.000 e i 450.000 euro, l\u2019orologio \u00e8 stato messo in vendita dalla famiglia dell\u2019acquirente originale, il che, per Michele Rosa, significa che \u00e8 in condizioni ottimali e che poche persone lo hanno toccato.<\/p>\n\n<p>Ancora pi\u00f9 raro, un orologio Audemars Piguet prodotto in un\u2019edizione limitata con soli 25 esemplari si distingue per il suo aspetto. \u201cA prima vista sembra essere in acciaio e oro, ma in realt\u00e0 \u00e8 in platino e oro rosa. Ha un quadrante rosa salmone e un calendario perpetuo\u201d, spiega Michele Rosa. Il modello \u00e8 il numero 20 della serie.<\/p>\n<div class=\"wp-block-image\">\n<figure class=\"aligncenter size-large\"><img loading=\"lazy\" decoding=\"async\" width=\"965\" height=\"1024\" src=\"https:\/\/www.monaco-tribune.com\/wp-content\/uploads\/2024\/07\/audemars-piguet-royal-oak-quantieme-perpetuel-automatique-1-965x1024.jpg\" alt=\"\" class=\"wp-image-240380\" srcset=\"https:\/\/www.monaco-tribune.com\/wp-content\/uploads\/2024\/07\/audemars-piguet-royal-oak-quantieme-perpetuel-automatique-1-965x1024.jpg 965w, https:\/\/www.monaco-tribune.com\/wp-content\/uploads\/2024\/07\/audemars-piguet-royal-oak-quantieme-perpetuel-automatique-1-283x300.jpg 283w\" sizes=\"auto, (max-width: 965px) 100vw, 965px\" \/><figcaption class=\"wp-element-caption\"><em>Audemars Piguet Royal Oak Quanti\u00e8me Perp\u00e9tuel Automatique \u00a9 Wannenes<\/em><\/figcaption><\/figure>\n<\/div>\n<h2 class=\"wp-block-heading\" id=\"h-informations-pratiques\">Informazioni pratiche<\/h2>\n\n<p>I favolosi pezzi possono essere ammirati durante le mostre aperte all\u2019Hotel M\u00e9tropole dalle 15.00 alle 20.00 del 5 luglio, dalle 10.00 alle 20.00 del 6 e del 7 luglio e dalle 10.00 alle 12.00 dell\u20198 e 9 luglio.<\/p>\n\n<p>L\u2019asta sar\u00e0 aperta al pubblico presso l\u2019Hotel M\u00e9tropole di Monaco e sar\u00e0 possibile fare offerte anche online e per telefono.<\/p>\n\n<p>Orari dell\u2019asta:<\/p>\n\n<ul class=\"wp-block-list\">\n<li>8 luglio alle 14.00 per gli orologi<\/li>\n\n\n\n<li>8 luglio alle ore 17.00 per i lotti di gioielli da 1 a 191<\/li>\n\n\n\n<li>9 luglio alle 14.00 per i lotti 192 &#8211; 314<\/li>\n\n\n\n<li>9 luglio alle ore 17.00 per i lotti 400 &#8211; 492<\/li>\n<\/ul>\n\n<p>Il <a href=\"https:\/\/wannenesgroup.com\/auctions\/montres-rares-8-luglio-2024\/\">catalogo completo degli orologi<\/a> e <a href=\"https:\/\/wannenesgroup.com\/auctions\/bijoux-et-sacs-de-luxe-8-9-luglio-2023\/\">quello dei gioielli<\/a>, delle borse e degli accessori sono disponibili sul sito web di Wannenes<\/p>\n","protected":false},"excerpt":{"rendered":"<p>Un eccezionale bandeau in diamanti sar\u00e0 messo in vendita durante l\u2019asta. Anche molto marchi prestigiosi avranno questo onore, come Bulgari, [&hellip;]<\/p>\n","protected":false},"author":51,"featured_media":240367,"comment_status":"closed","ping_status":"closed","sticky":false,"template":"","format":"standard","meta":{"_acf_changed":false,"footnotes":""},"categories":[1739,1826,1738],"tags":[2890],"post_sectags":[],"post_format":[2471],"class_list":["post-240471","post","type-post","status-publish","format-standard","has-post-thumbnail","hentry","category-business-it","category-la-nostra-scelta","category-notizie","tag-eventi","format-evento"],"acf":[],"yoast_head":"<!-- This site is optimized with the Yoast SEO Premium plugin v26.8 (Yoast SEO v27.4) - https:\/\/yoast.com\/product\/yoast-seo-premium-wordpress\/ -->\n<title>Wannenes torna al M\u00e9tropole per un\u2019asta esclusiva<\/title>\n<meta name=\"description\" content=\"Un eccezionale bandeau in diamanti sar\u00e0 messo in vendita durante l\u2019asta. Anche molto marchi prestigiosi avranno questo onore, come Bulgari, Rolex,\" \/>\n<meta name=\"robots\" content=\"index, follow, max-snippet:-1, max-image-preview:large, max-video-preview:-1\" \/>\n<link rel=\"canonical\" href=\"https:\/\/www.monaco-tribune.com\/it\/2024\/07\/wannenes-torna-al-metropole-per-unasta-esclusiva\/\" \/>\n<meta property=\"og:locale\" content=\"it_IT\" \/>\n<meta property=\"og:type\" content=\"article\" \/>\n<meta property=\"og:title\" content=\"Wannenes torna al M\u00e9tropole per un\u2019asta esclusiva - Monaco Tribune\" \/>\n<meta property=\"og:description\" content=\"Un eccezionale bandeau in diamanti sar\u00e0 messo in vendita durante l\u2019asta. Anche molto marchi prestigiosi avranno questo onore, come Bulgari, Rolex,\" \/>\n<meta property=\"og:url\" content=\"https:\/\/www.monaco-tribune.com\/it\/2024\/07\/wannenes-torna-al-metropole-per-unasta-esclusiva\/\" \/>\n<meta property=\"og:site_name\" content=\"Monaco Tribune\" \/>\n<meta property=\"article:publisher\" content=\"https:\/\/www.facebook.com\/MonacoTribune\" \/>\n<meta property=\"article:published_time\" content=\"2024-07-03T08:40:32+00:00\" \/>\n<meta property=\"article:modified_time\" content=\"2024-07-03T09:05:49+00:00\" \/>\n<meta property=\"og:image\" content=\"https:\/\/www.monaco-tribune.com\/wp-content\/uploads\/2024\/07\/wannenes.jpg\" \/>\n\t<meta property=\"og:image:width\" content=\"1040\" \/>\n\t<meta property=\"og:image:height\" content=\"689\" \/>\n\t<meta property=\"og:image:type\" content=\"image\/jpeg\" \/>\n<meta name=\"author\" content=\"Actualit\u00e9 partenaires \/ Partner news\" \/>\n<meta name=\"twitter:card\" content=\"summary_large_image\" \/>\n<meta name=\"twitter:creator\" content=\"@MonacoTribune\" \/>\n<meta name=\"twitter:site\" content=\"@MonacoTribune\" \/>\n<script type=\"application\/ld+json\" class=\"yoast-schema-graph\">{\"@context\":\"https:\\\/\\\/schema.org\",\"@graph\":[{\"@type\":\"NewsArticle\",\"@id\":\"https:\\\/\\\/www.monaco-tribune.com\\\/it\\\/2024\\\/07\\\/wannenes-torna-al-metropole-per-unasta-esclusiva\\\/#article\",\"isPartOf\":{\"@id\":\"https:\\\/\\\/www.monaco-tribune.com\\\/it\\\/2024\\\/07\\\/wannenes-torna-al-metropole-per-unasta-esclusiva\\\/\"},\"author\":{\"name\":\"Actualit\u00e9 partenaires \\\/ Partner news\",\"@id\":\"https:\\\/\\\/www.monaco-tribune.com\\\/it\\\/#\\\/schema\\\/person\\\/3ca095676705d1327a735ccbc80495e1\"},\"headline\":\"Wannenes torna al M\u00e9tropole per un\u2019asta esclusiva\",\"datePublished\":\"2024-07-03T08:40:32+00:00\",\"dateModified\":\"2024-07-03T09:05:49+00:00\",\"mainEntityOfPage\":{\"@id\":\"https:\\\/\\\/www.monaco-tribune.com\\\/it\\\/2024\\\/07\\\/wannenes-torna-al-metropole-per-unasta-esclusiva\\\/\"},\"wordCount\":658,\"publisher\":{\"@id\":\"https:\\\/\\\/www.monaco-tribune.com\\\/it\\\/#organization\"},\"image\":{\"@id\":\"https:\\\/\\\/www.monaco-tribune.com\\\/it\\\/2024\\\/07\\\/wannenes-torna-al-metropole-per-unasta-esclusiva\\\/#primaryimage\"},\"thumbnailUrl\":\"https:\\\/\\\/www.monaco-tribune.com\\\/wp-content\\\/uploads\\\/2024\\\/07\\\/wannenes.jpg\",\"keywords\":[\"Eventi\"],\"articleSection\":[\"Business\",\"La nostra scelta\",\"Notizie\"],\"inLanguage\":\"it-IT\",\"copyrightYear\":\"2024\",\"copyrightHolder\":{\"@id\":\"https:\\\/\\\/www.monaco-tribune.com\\\/#organization\"}},{\"@type\":\"WebPage\",\"@id\":\"https:\\\/\\\/www.monaco-tribune.com\\\/it\\\/2024\\\/07\\\/wannenes-torna-al-metropole-per-unasta-esclusiva\\\/\",\"url\":\"https:\\\/\\\/www.monaco-tribune.com\\\/it\\\/2024\\\/07\\\/wannenes-torna-al-metropole-per-unasta-esclusiva\\\/\",\"name\":\"Wannenes torna al M\u00e9tropole per un\u2019asta esclusiva\",\"isPartOf\":{\"@id\":\"https:\\\/\\\/www.monaco-tribune.com\\\/it\\\/#website\"},\"primaryImageOfPage\":{\"@id\":\"https:\\\/\\\/www.monaco-tribune.com\\\/it\\\/2024\\\/07\\\/wannenes-torna-al-metropole-per-unasta-esclusiva\\\/#primaryimage\"},\"image\":{\"@id\":\"https:\\\/\\\/www.monaco-tribune.com\\\/it\\\/2024\\\/07\\\/wannenes-torna-al-metropole-per-unasta-esclusiva\\\/#primaryimage\"},\"thumbnailUrl\":\"https:\\\/\\\/www.monaco-tribune.com\\\/wp-content\\\/uploads\\\/2024\\\/07\\\/wannenes.jpg\",\"datePublished\":\"2024-07-03T08:40:32+00:00\",\"dateModified\":\"2024-07-03T09:05:49+00:00\",\"description\":\"Un eccezionale bandeau in diamanti sar\u00e0 messo in vendita durante l\u2019asta. Anche molto marchi prestigiosi avranno questo onore, come Bulgari, Rolex,\",\"breadcrumb\":{\"@id\":\"https:\\\/\\\/www.monaco-tribune.com\\\/it\\\/2024\\\/07\\\/wannenes-torna-al-metropole-per-unasta-esclusiva\\\/#breadcrumb\"},\"inLanguage\":\"it-IT\",\"potentialAction\":[{\"@type\":\"ReadAction\",\"target\":[\"https:\\\/\\\/www.monaco-tribune.com\\\/it\\\/2024\\\/07\\\/wannenes-torna-al-metropole-per-unasta-esclusiva\\\/\"]}]},{\"@type\":\"ImageObject\",\"inLanguage\":\"it-IT\",\"@id\":\"https:\\\/\\\/www.monaco-tribune.com\\\/it\\\/2024\\\/07\\\/wannenes-torna-al-metropole-per-unasta-esclusiva\\\/#primaryimage\",\"url\":\"https:\\\/\\\/www.monaco-tribune.com\\\/wp-content\\\/uploads\\\/2024\\\/07\\\/wannenes.jpg\",\"contentUrl\":\"https:\\\/\\\/www.monaco-tribune.com\\\/wp-content\\\/uploads\\\/2024\\\/07\\\/wannenes.jpg\",\"width\":1040,\"height\":689,\"caption\":\"Wannenes torner\u00e0 da venerd\u00ec 5 luglio fino al 9 luglio \u00a9 Wannenes\"},{\"@type\":\"BreadcrumbList\",\"@id\":\"https:\\\/\\\/www.monaco-tribune.com\\\/it\\\/2024\\\/07\\\/wannenes-torna-al-metropole-per-unasta-esclusiva\\\/#breadcrumb\",\"itemListElement\":[{\"@type\":\"ListItem\",\"position\":1,\"name\":\"Accueil\",\"item\":\"https:\\\/\\\/www.monaco-tribune.com\\\/it\\\/\"},{\"@type\":\"ListItem\",\"position\":2,\"name\":\"Wannenes torna al M\u00e9tropole per un\u2019asta esclusiva\"}]},{\"@type\":\"WebSite\",\"@id\":\"https:\\\/\\\/www.monaco-tribune.com\\\/it\\\/#website\",\"url\":\"https:\\\/\\\/www.monaco-tribune.com\\\/it\\\/\",\"name\":\"Monaco Tribune\",\"description\":\"Monaco : actualit\u00e9s \u00e9conomiques, politiques, culturelles et sportives de Monaco et de la French Riviera.\",\"publisher\":{\"@id\":\"https:\\\/\\\/www.monaco-tribune.com\\\/it\\\/#organization\"},\"potentialAction\":[{\"@type\":\"SearchAction\",\"target\":{\"@type\":\"EntryPoint\",\"urlTemplate\":\"https:\\\/\\\/www.monaco-tribune.com\\\/it\\\/?s={search_term_string}\"},\"query-input\":{\"@type\":\"PropertyValueSpecification\",\"valueRequired\":true,\"valueName\":\"search_term_string\"}}],\"inLanguage\":\"it-IT\"},{\"@type\":\"Organization\",\"@id\":\"https:\\\/\\\/www.monaco-tribune.com\\\/it\\\/#organization\",\"name\":\"Monaco Tribune\",\"url\":\"https:\\\/\\\/www.monaco-tribune.com\\\/it\\\/\",\"logo\":{\"@type\":\"ImageObject\",\"inLanguage\":\"it-IT\",\"@id\":\"https:\\\/\\\/www.monaco-tribune.com\\\/it\\\/#\\\/schema\\\/logo\\\/image\\\/\",\"url\":\"https:\\\/\\\/www.monaco-tribune.com\\\/wp-content\\\/uploads\\\/2022\\\/11\\\/logo-monaco-tribune.png\",\"contentUrl\":\"https:\\\/\\\/www.monaco-tribune.com\\\/wp-content\\\/uploads\\\/2022\\\/11\\\/logo-monaco-tribune.png\",\"width\":1548,\"height\":600,\"caption\":\"Monaco Tribune\"},\"image\":{\"@id\":\"https:\\\/\\\/www.monaco-tribune.com\\\/it\\\/#\\\/schema\\\/logo\\\/image\\\/\"},\"sameAs\":[\"https:\\\/\\\/www.facebook.com\\\/MonacoTribune\",\"https:\\\/\\\/x.com\\\/MonacoTribune\",\"https:\\\/\\\/www.instagram.com\\\/monacotribune\\\/\",\"https:\\\/\\\/www.linkedin.com\\\/company\\\/monaco-tribune\",\"https:\\\/\\\/www.youtube.com\\\/channel\\\/UCHle1MnG6hw1y4lWKijVbMA\"]},{\"@type\":\"Person\",\"@id\":\"https:\\\/\\\/www.monaco-tribune.com\\\/it\\\/#\\\/schema\\\/person\\\/3ca095676705d1327a735ccbc80495e1\",\"name\":\"Actualit\u00e9 partenaires \\\/ Partner news\",\"image\":{\"@type\":\"ImageObject\",\"inLanguage\":\"it-IT\",\"@id\":\"https:\\\/\\\/secure.gravatar.com\\\/avatar\\\/7a521d12829ff9828efa85c30429e0dec2373e385ef93099a42b964bceb29f66?s=96&d=mm&r=g\",\"url\":\"https:\\\/\\\/secure.gravatar.com\\\/avatar\\\/7a521d12829ff9828efa85c30429e0dec2373e385ef93099a42b964bceb29f66?s=96&d=mm&r=g\",\"contentUrl\":\"https:\\\/\\\/secure.gravatar.com\\\/avatar\\\/7a521d12829ff9828efa85c30429e0dec2373e385ef93099a42b964bceb29f66?s=96&d=mm&r=g\",\"caption\":\"Actualit\u00e9 partenaires \\\/ Partner news\"},\"url\":\"https:\\\/\\\/www.monaco-tribune.com\\\/it\\\/author\\\/contenusponsorise\\\/\"}]}<\/script>\n<!-- \/ Yoast SEO Premium plugin. -->","yoast_head_json":{"title":"Wannenes torna al M\u00e9tropole per un\u2019asta esclusiva","description":"Un eccezionale bandeau in diamanti sar\u00e0 messo in vendita durante l\u2019asta. Anche molto marchi prestigiosi avranno questo onore, come Bulgari, Rolex,","robots":{"index":"index","follow":"follow","max-snippet":"max-snippet:-1","max-image-preview":"max-image-preview:large","max-video-preview":"max-video-preview:-1"},"canonical":"https:\/\/www.monaco-tribune.com\/it\/2024\/07\/wannenes-torna-al-metropole-per-unasta-esclusiva\/","og_locale":"it_IT","og_type":"article","og_title":"Wannenes torna al M\u00e9tropole per un\u2019asta esclusiva - Monaco Tribune","og_description":"Un eccezionale bandeau in diamanti sar\u00e0 messo in vendita durante l\u2019asta. Anche molto marchi prestigiosi avranno questo onore, come Bulgari, Rolex,","og_url":"https:\/\/www.monaco-tribune.com\/it\/2024\/07\/wannenes-torna-al-metropole-per-unasta-esclusiva\/","og_site_name":"Monaco Tribune","article_publisher":"https:\/\/www.facebook.com\/MonacoTribune","article_published_time":"2024-07-03T08:40:32+00:00","article_modified_time":"2024-07-03T09:05:49+00:00","og_image":[{"width":1040,"height":689,"url":"https:\/\/www.monaco-tribune.com\/wp-content\/uploads\/2024\/07\/wannenes.jpg","type":"image\/jpeg"}],"author":"Actualit\u00e9 partenaires \/ Partner news","twitter_card":"summary_large_image","twitter_creator":"@MonacoTribune","twitter_site":"@MonacoTribune","schema":{"@context":"https:\/\/schema.org","@graph":[{"@type":"NewsArticle","@id":"https:\/\/www.monaco-tribune.com\/it\/2024\/07\/wannenes-torna-al-metropole-per-unasta-esclusiva\/#article","isPartOf":{"@id":"https:\/\/www.monaco-tribune.com\/it\/2024\/07\/wannenes-torna-al-metropole-per-unasta-esclusiva\/"},"author":{"name":"Actualit\u00e9 partenaires \/ Partner news","@id":"https:\/\/www.monaco-tribune.com\/it\/#\/schema\/person\/3ca095676705d1327a735ccbc80495e1"},"headline":"Wannenes torna al M\u00e9tropole per un\u2019asta esclusiva","datePublished":"2024-07-03T08:40:32+00:00","dateModified":"2024-07-03T09:05:49+00:00","mainEntityOfPage":{"@id":"https:\/\/www.monaco-tribune.com\/it\/2024\/07\/wannenes-torna-al-metropole-per-unasta-esclusiva\/"},"wordCount":658,"publisher":{"@id":"https:\/\/www.monaco-tribune.com\/it\/#organization"},"image":{"@id":"https:\/\/www.monaco-tribune.com\/it\/2024\/07\/wannenes-torna-al-metropole-per-unasta-esclusiva\/#primaryimage"},"thumbnailUrl":"https:\/\/www.monaco-tribune.com\/wp-content\/uploads\/2024\/07\/wannenes.jpg","keywords":["Eventi"],"articleSection":["Business","La nostra scelta","Notizie"],"inLanguage":"it-IT","copyrightYear":"2024","copyrightHolder":{"@id":"https:\/\/www.monaco-tribune.com\/#organization"}},{"@type":"WebPage","@id":"https:\/\/www.monaco-tribune.com\/it\/2024\/07\/wannenes-torna-al-metropole-per-unasta-esclusiva\/","url":"https:\/\/www.monaco-tribune.com\/it\/2024\/07\/wannenes-torna-al-metropole-per-unasta-esclusiva\/","name":"Wannenes torna al M\u00e9tropole per un\u2019asta esclusiva","isPartOf":{"@id":"https:\/\/www.monaco-tribune.com\/it\/#website"},"primaryImageOfPage":{"@id":"https:\/\/www.monaco-tribune.com\/it\/2024\/07\/wannenes-torna-al-metropole-per-unasta-esclusiva\/#primaryimage"},"image":{"@id":"https:\/\/www.monaco-tribune.com\/it\/2024\/07\/wannenes-torna-al-metropole-per-unasta-esclusiva\/#primaryimage"},"thumbnailUrl":"https:\/\/www.monaco-tribune.com\/wp-content\/uploads\/2024\/07\/wannenes.jpg","datePublished":"2024-07-03T08:40:32+00:00","dateModified":"2024-07-03T09:05:49+00:00","description":"Un eccezionale bandeau in diamanti sar\u00e0 messo in vendita durante l\u2019asta. Anche molto marchi prestigiosi avranno questo onore, come Bulgari, Rolex,","breadcrumb":{"@id":"https:\/\/www.monaco-tribune.com\/it\/2024\/07\/wannenes-torna-al-metropole-per-unasta-esclusiva\/#breadcrumb"},"inLanguage":"it-IT","potentialAction":[{"@type":"ReadAction","target":["https:\/\/www.monaco-tribune.com\/it\/2024\/07\/wannenes-torna-al-metropole-per-unasta-esclusiva\/"]}]},{"@type":"ImageObject","inLanguage":"it-IT","@id":"https:\/\/www.monaco-tribune.com\/it\/2024\/07\/wannenes-torna-al-metropole-per-unasta-esclusiva\/#primaryimage","url":"https:\/\/www.monaco-tribune.com\/wp-content\/uploads\/2024\/07\/wannenes.jpg","contentUrl":"https:\/\/www.monaco-tribune.com\/wp-content\/uploads\/2024\/07\/wannenes.jpg","width":1040,"height":689,"caption":"Wannenes torner\u00e0 da venerd\u00ec 5 luglio fino al 9 luglio \u00a9 Wannenes"},{"@type":"BreadcrumbList","@id":"https:\/\/www.monaco-tribune.com\/it\/2024\/07\/wannenes-torna-al-metropole-per-unasta-esclusiva\/#breadcrumb","itemListElement":[{"@type":"ListItem","position":1,"name":"Accueil","item":"https:\/\/www.monaco-tribune.com\/it\/"},{"@type":"ListItem","position":2,"name":"Wannenes torna al M\u00e9tropole per un\u2019asta esclusiva"}]},{"@type":"WebSite","@id":"https:\/\/www.monaco-tribune.com\/it\/#website","url":"https:\/\/www.monaco-tribune.com\/it\/","name":"Monaco Tribune","description":"Monaco : actualit\u00e9s \u00e9conomiques, politiques, culturelles et sportives de Monaco et de la French Riviera.","publisher":{"@id":"https:\/\/www.monaco-tribune.com\/it\/#organization"},"potentialAction":[{"@type":"SearchAction","target":{"@type":"EntryPoint","urlTemplate":"https:\/\/www.monaco-tribune.com\/it\/?s={search_term_string}"},"query-input":{"@type":"PropertyValueSpecification","valueRequired":true,"valueName":"search_term_string"}}],"inLanguage":"it-IT"},{"@type":"Organization","@id":"https:\/\/www.monaco-tribune.com\/it\/#organization","name":"Monaco Tribune","url":"https:\/\/www.monaco-tribune.com\/it\/","logo":{"@type":"ImageObject","inLanguage":"it-IT","@id":"https:\/\/www.monaco-tribune.com\/it\/#\/schema\/logo\/image\/","url":"https:\/\/www.monaco-tribune.com\/wp-content\/uploads\/2022\/11\/logo-monaco-tribune.png","contentUrl":"https:\/\/www.monaco-tribune.com\/wp-content\/uploads\/2022\/11\/logo-monaco-tribune.png","width":1548,"height":600,"caption":"Monaco Tribune"},"image":{"@id":"https:\/\/www.monaco-tribune.com\/it\/#\/schema\/logo\/image\/"},"sameAs":["https:\/\/www.facebook.com\/MonacoTribune","https:\/\/x.com\/MonacoTribune","https:\/\/www.instagram.com\/monacotribune\/","https:\/\/www.linkedin.com\/company\/monaco-tribune","https:\/\/www.youtube.com\/channel\/UCHle1MnG6hw1y4lWKijVbMA"]},{"@type":"Person","@id":"https:\/\/www.monaco-tribune.com\/it\/#\/schema\/person\/3ca095676705d1327a735ccbc80495e1","name":"Actualit\u00e9 partenaires \/ Partner news","image":{"@type":"ImageObject","inLanguage":"it-IT","@id":"https:\/\/secure.gravatar.com\/avatar\/7a521d12829ff9828efa85c30429e0dec2373e385ef93099a42b964bceb29f66?s=96&d=mm&r=g","url":"https:\/\/secure.gravatar.com\/avatar\/7a521d12829ff9828efa85c30429e0dec2373e385ef93099a42b964bceb29f66?s=96&d=mm&r=g","contentUrl":"https:\/\/secure.gravatar.com\/avatar\/7a521d12829ff9828efa85c30429e0dec2373e385ef93099a42b964bceb29f66?s=96&d=mm&r=g","caption":"Actualit\u00e9 partenaires \/ Partner news"},"url":"https:\/\/www.monaco-tribune.com\/it\/author\/contenusponsorise\/"}]}},"_links":{"self":[{"href":"https:\/\/www.monaco-tribune.com\/it\/wp-json\/wp\/v2\/posts\/240471","targetHints":{"allow":["GET"]}}],"collection":[{"href":"https:\/\/www.monaco-tribune.com\/it\/wp-json\/wp\/v2\/posts"}],"about":[{"href":"https:\/\/www.monaco-tribune.com\/it\/wp-json\/wp\/v2\/types\/post"}],"author":[{"embeddable":true,"href":"https:\/\/www.monaco-tribune.com\/it\/wp-json\/wp\/v2\/users\/51"}],"replies":[{"embeddable":true,"href":"https:\/\/www.monaco-tribune.com\/it\/wp-json\/wp\/v2\/comments?post=240471"}],"version-history":[{"count":2,"href":"https:\/\/www.monaco-tribune.com\/it\/wp-json\/wp\/v2\/posts\/240471\/revisions"}],"predecessor-version":[{"id":240478,"href":"https:\/\/www.monaco-tribune.com\/it\/wp-json\/wp\/v2\/posts\/240471\/revisions\/240478"}],"wp:featuredmedia":[{"embeddable":true,"href":"https:\/\/www.monaco-tribune.com\/it\/wp-json\/wp\/v2\/media\/240367"}],"wp:attachment":[{"href":"https:\/\/www.monaco-tribune.com\/it\/wp-json\/wp\/v2\/media?parent=240471"}],"wp:term":[{"taxonomy":"category","embeddable":true,"href":"https:\/\/www.monaco-tribune.com\/it\/wp-json\/wp\/v2\/categories?post=240471"},{"taxonomy":"post_tag","embeddable":true,"href":"https:\/\/www.monaco-tribune.com\/it\/wp-json\/wp\/v2\/tags?post=240471"},{"taxonomy":"sectag","embeddable":true,"href":"https:\/\/www.monaco-tribune.com\/it\/wp-json\/wp\/v2\/post_sectags?post=240471"},{"taxonomy":"format","embeddable":true,"href":"https:\/\/www.monaco-tribune.com\/it\/wp-json\/wp\/v2\/post_format?post=240471"}],"curies":[{"name":"wp","href":"https:\/\/api.w.org\/{rel}","templated":true}]}}