{"id":240913,"date":"2024-07-05T13:59:39","date_gmt":"2024-07-05T11:59:39","guid":{"rendered":"https:\/\/www.monaco-tribune.com\/2024\/07\/turner-le-sublime-heritage-una-collezione-che-non-si-vede-spesso\/"},"modified":"2024-07-05T13:59:46","modified_gmt":"2024-07-05T11:59:46","slug":"turner-le-sublime-heritage-una-collezione-che-non-si-vede-spesso","status":"publish","type":"post","link":"https:\/\/www.monaco-tribune.com\/it\/2024\/07\/turner-le-sublime-heritage-una-collezione-che-non-si-vede-spesso\/","title":{"rendered":"Turner, le sublime h\u00e9ritage: &#8220;una collezione che non si vede spesso&#8221;"},"content":{"rendered":"\n<p><strong>La mostra si rivolge anche agli amanti dell&#8217;arte contemporanea, grazie alle diverse opere d&#8217;arte in dialogo con i dipinti di Turner.<\/strong><\/p>\n\n<p>Quest&#8217;estate, il Grimaldi Forum di Monaco ospiter\u00e0 un&#8217;eccezionale mostra dedicata a William Turner, uno dei pi\u00f9 grandi pittori britannici e rappresentante del movimento artistico del Sublime. &#8220;Turner, le sublime h\u00e9ritage&#8221;, in collaborazione con la Tate, si terr\u00e0 dal 6 luglio al 1\u00b0 settembre 2024. Con oltre 80 opere, tra cui 38 oli su tela, questa retrospettiva esplora la visione unica di Turner del sublime e la sua ricerca del &#8220;catturare la bellezza ma anche l&#8217;orrore della natura&#8221;, come spiega la curatrice della mostra Elizabeth Brooke.<\/p>\n\n<p>Sylvie Biancheri, Direttrice Generale del Grimaldi Forum, sottolinea l&#8217;importanza di questo evento: &#8220;\u00c8 una collezione che non si vede spesso&#8221;. Elizabeth Brooke ha aggiunto: &#8220;\u00c8 un&#8217;opportunit\u00e0 che capita una volta in una generazione&#8221;. Questa collaborazione, iniziata tre anni fa, segna una novit\u00e0 assoluta: mai prima d&#8217;ora la Tate ha prestato cos\u00ec tante opere di Turner per una mostra al di fuori delle sue quattro gallerie.<\/p>\n\n<h2 class=\"wp-block-heading\" id=\"h-un-dialogue-avec-le-present\">Un dialogo con il presente<\/h2>\n\n<p>Il dialogo tra le opere di Turner e quelle degli artisti contemporanei \u00e8 costante. Ogni sala richiama una fase della vita di Turner con i suoi lavori con cui le opere d&#8217;arte contemporanea dialogano.<\/p>\n<div class=\"wp-block-image\">\n<figure class=\"aligncenter size-large\"><img loading=\"lazy\" decoding=\"async\" width=\"1024\" height=\"772\" src=\"https:\/\/www.monaco-tribune.com\/wp-content\/uploads\/2024\/07\/epave-sur-une-mer-demontee-turner-1024x772.jpg\" alt=\"Relitto nel mare in tempesta Turner\" class=\"wp-image-240718\" srcset=\"https:\/\/www.monaco-tribune.com\/wp-content\/uploads\/2024\/07\/epave-sur-une-mer-demontee-turner-1024x772.jpg 1024w, https:\/\/www.monaco-tribune.com\/wp-content\/uploads\/2024\/07\/epave-sur-une-mer-demontee-turner-398x300.jpg 398w, https:\/\/www.monaco-tribune.com\/wp-content\/uploads\/2024\/07\/epave-sur-une-mer-demontee-turner.jpg 1200w\" sizes=\"auto, (max-width: 1024px) 100vw, 1024px\" \/><figcaption class=\"wp-element-caption\"><em>&#8220;Relitto nel mare in tempesta&#8221; di Turner \u00a9 Tate<\/em><\/figcaption><\/figure>\n<\/div>\n<p>Questa scelta coraggiosa esplora l&#8217;influenza persistente che ha avuto Turner sull&#8217;arte, anche dopo la sua morte. Artisti come John Akomfrah, Olafur Eliasson, Richard Long e Mark Rothko sono presenti accanto a Turner, offrendo una prospettiva contemporanea del concetto di sublime e del rapporto tra uomo e natura.<\/p>\n<div class=\"wp-block-image\">\n<figure class=\"aligncenter size-large\"><img loading=\"lazy\" decoding=\"async\" width=\"1024\" height=\"683\" src=\"https:\/\/www.monaco-tribune.com\/wp-content\/uploads\/2024\/07\/installation-video-john-akomfrah-turner-grimaldi-1024x683.jpg\" alt=\"installation-video-john-akomfrah-turner-grimaldi\" class=\"wp-image-240709\" srcset=\"https:\/\/www.monaco-tribune.com\/wp-content\/uploads\/2024\/07\/installation-video-john-akomfrah-turner-grimaldi-1024x683.jpg 1024w, https:\/\/www.monaco-tribune.com\/wp-content\/uploads\/2024\/07\/installation-video-john-akomfrah-turner-grimaldi-450x300.jpg 450w, https:\/\/www.monaco-tribune.com\/wp-content\/uploads\/2024\/07\/installation-video-john-akomfrah-turner-grimaldi.jpg 1200w\" sizes=\"auto, (max-width: 1024px) 100vw, 1024px\" \/><figcaption class=\"wp-element-caption\"><em>Video che richiama il Sublime creato dall&#8217;artista contemporaneo John Akomfrah \u00a9 Monaco Tribune \/ Astrid Berges<\/em><\/figcaption><\/figure>\n<\/div>\n<h2 class=\"wp-block-heading\" id=\"h-le-grimaldi-forum-le-lieu-ideal\">Il Grimaldi Forum: il luogo ideale<\/h2>\n\n<p>Per Elizabeth Brooke, il Grimaldi Forum rappresentava il luogo ideale per presentare questa collezione di opere: &#8220;Non tutte le istituzioni sono in grado di allestire una mostra di questo tipo. Gli immensi spazi del Grimaldi ci hanno permesso di realizzarla. (&#8230;) Gli spazi sono perfetti per presentare sia opere di Turner che opere contemporanee&#8221;.<\/p>\n\n<p class=\"related\"><a href=\"https:\/\/www.monaco-tribune.com\/it\/2024\/07\/artmonte-carlo-e-monaco-art-week-tornano-a-monaco-questestate\/\">Artmonte-carlo e Monaco Art Week tornano a Monaco quest\u2019estate<\/a><\/p>\n\n<p>Su una superficie di oltre 2.000 metri quadrati, la mostra presenta un&#8217;originale scenografia che mette in risalto i paesaggi sublimi di Turner, dai suoi primi acquerelli e tele di paesaggi britannici degli anni 1790 fino alle sue sfolgoranti tele degli anni 1840. Queste ultime ricordano a volte il movimento impressionista e Monet, <a href=\"https:\/\/www.monaco-tribune.com\/it\/2023\/02\/claude-monet-presto-al-grimaldi-forum\/\">che \u00e8 stato esposto al Grimaldi Forum lo scorso anno<\/a>.<\/p>\n\n<h2 class=\"wp-block-heading\" id=\"h-pourquoi-visiter-cette-exposition\">Perch\u00e9 vedere la mostra?<\/h2>\n\n<p>L&#8217;esposizione si rivolge agli amanti dell&#8217;arte moderna e contemporanea, ma anche a chi \u00e8 interessato a dipinti pi\u00f9 storici e classici. Le opere di Turner sono in dialogo diretto con quelle contemporanee esposte nelle stesse sale, permettendo cos\u00ec di rivolgersi a tutti i tipi di pubblico e di far conoscere ai visitatori due periodi diversi che si rispecchiano l&#8217;un l&#8217;altro.<\/p>\n<div class=\"wp-block-image\">\n<figure class=\"aligncenter size-large\"><img loading=\"lazy\" decoding=\"async\" width=\"1024\" height=\"683\" src=\"https:\/\/www.monaco-tribune.com\/wp-content\/uploads\/2024\/07\/eclipses-solaires-katie-paterson-grimaldi-turner-1024x683.jpg\" alt=\"eclipses-solaires-Katie-Paterson-grimaldi-turner\" class=\"wp-image-240713\" srcset=\"https:\/\/www.monaco-tribune.com\/wp-content\/uploads\/2024\/07\/eclipses-solaires-katie-paterson-grimaldi-turner-1024x683.jpg 1024w, https:\/\/www.monaco-tribune.com\/wp-content\/uploads\/2024\/07\/eclipses-solaires-katie-paterson-grimaldi-turner-450x300.jpg 450w, https:\/\/www.monaco-tribune.com\/wp-content\/uploads\/2024\/07\/eclipses-solaires-katie-paterson-grimaldi-turner.jpg 1200w\" sizes=\"auto, (max-width: 1024px) 100vw, 1024px\" \/><figcaption class=\"wp-element-caption\"><em>L&#8217;opera &#8220;Totality&#8221; di Katie Paterson rappresenta 10.000 eclissi solari in una palla da discoteca \u00a9 Monaco Tribune \/ Astrid Berges<\/em><\/figcaption><\/figure>\n<\/div>\n<p>Elizabeth Brooke spiega che Turner non \u00e8 solo &#8220;un pioniere del modernismo&#8221;, ma anche uno dei pi\u00f9 noti pittori britannici: &#8220;Il pubblico potrebbe essere attratto dagli artisti contemporanei tanto quanto da Turner&#8221; e viceversa.<\/p>\n\n<p>La mostra propone un percorso educativo e sensoriale, iniziando con un&#8217;introduzione ai concetti di sublime e romanticismo, per poi attraversare i diversi periodi della carriera di Turner.<\/p>\n\n<p>Ciliegina sulla torta, dall&#8217;8 al 19 luglio il Grimaldi Forum propone laboratori per bambini, che potranno scoprire come avviene la rappresentazione dei paesaggi attraverso divertenti visite e laboratori artistici.<\/p>\n\n<blockquote class=\"instagram-media\" data-instgrm-permalink=\"https:\/\/www.instagram.com\/reel\/C9AO2RJo_Sq\/?utm_source=ig_embed&#038;utm_campaign=loading\" data-instgrm-version=\"14\" style=\" background:#FFF; border:0; border-radius:3px; box-shadow:0 0 1px 0 rgba(0,0,0,0.5),0 1px 10px 0 rgba(0,0,0,0.15); margin: 1px; max-width:540px; min-width:326px; padding:0; width:99.375%; width:-webkit-calc(100% - 2px); width:calc(100% - 2px);\"><div style=\"padding:16px;\"> <a href=\"https:\/\/www.instagram.com\/reel\/C9AO2RJo_Sq\/?utm_source=ig_embed&#038;utm_campaign=loading\" style=\" background:#FFFFFF; line-height:0; padding:0 0; text-align:center; text-decoration:none; width:100%;\" target=\"_blank\" rel=\"noopener\"> <div style=\" display: flex; flex-direction: row; align-items: center;\"> <div style=\"background-color: #F4F4F4; border-radius: 50%; flex-grow: 0; height: 40px; margin-right: 14px; width: 40px;\"><\/div> <div style=\"display: flex; flex-direction: column; flex-grow: 1; justify-content: center;\"> <div style=\" background-color: #F4F4F4; border-radius: 4px; flex-grow: 0; height: 14px; margin-bottom: 6px; width: 100px;\"><\/div> <div style=\" background-color: #F4F4F4; border-radius: 4px; flex-grow: 0; height: 14px; width: 60px;\"><\/div><\/div><\/div><div style=\"padding: 19% 0;\"><\/div> <div style=\"display:block; height:50px; margin:0 auto 12px; width:50px;\"><svg width=\"50px\" height=\"50px\" viewbox=\"0 0 60 60\" version=\"1.1\" xmlns=\"https:\/\/www.w3.org\/2000\/svg\" xmlns:xlink=\"https:\/\/www.w3.org\/1999\/xlink\"><g stroke=\"none\" stroke-width=\"1\" fill=\"none\" fill-rule=\"evenodd\"><g transform=\"translate(-511.000000, -20.000000)\" fill=\"#000000\"><g><path d=\"M556.869,30.41 C554.814,30.41 553.148,32.076 553.148,34.131 C553.148,36.186 554.814,37.852 556.869,37.852 C558.924,37.852 560.59,36.186 560.59,34.131 C560.59,32.076 558.924,30.41 556.869,30.41 M541,60.657 C535.114,60.657 530.342,55.887 530.342,50 C530.342,44.114 535.114,39.342 541,39.342 C546.887,39.342 551.658,44.114 551.658,50 C551.658,55.887 546.887,60.657 541,60.657 M541,33.886 C532.1,33.886 524.886,41.1 524.886,50 C524.886,58.899 532.1,66.113 541,66.113 C549.9,66.113 557.115,58.899 557.115,50 C557.115,41.1 549.9,33.886 541,33.886 M565.378,62.101 C565.244,65.022 564.756,66.606 564.346,67.663 C563.803,69.06 563.154,70.057 562.106,71.106 C561.058,72.155 560.06,72.803 558.662,73.347 C557.607,73.757 556.021,74.244 553.102,74.378 C549.944,74.521 548.997,74.552 541,74.552 C533.003,74.552 532.056,74.521 528.898,74.378 C525.979,74.244 524.393,73.757 523.338,73.347 C521.94,72.803 520.942,72.155 519.894,71.106 C518.846,70.057 518.197,69.06 517.654,67.663 C517.244,66.606 516.755,65.022 516.623,62.101 C516.479,58.943 516.448,57.996 516.448,50 C516.448,42.003 516.479,41.056 516.623,37.899 C516.755,34.978 517.244,33.391 517.654,32.338 C518.197,30.938 518.846,29.942 519.894,28.894 C520.942,27.846 521.94,27.196 523.338,26.654 C524.393,26.244 525.979,25.756 528.898,25.623 C532.057,25.479 533.004,25.448 541,25.448 C548.997,25.448 549.943,25.479 553.102,25.623 C556.021,25.756 557.607,26.244 558.662,26.654 C560.06,27.196 561.058,27.846 562.106,28.894 C563.154,29.942 563.803,30.938 564.346,32.338 C564.756,33.391 565.244,34.978 565.378,37.899 C565.522,41.056 565.552,42.003 565.552,50 C565.552,57.996 565.522,58.943 565.378,62.101 M570.82,37.631 C570.674,34.438 570.167,32.258 569.425,30.349 C568.659,28.377 567.633,26.702 565.965,25.035 C564.297,23.368 562.623,22.342 560.652,21.575 C558.743,20.834 556.562,20.326 553.369,20.18 C550.169,20.033 549.148,20 541,20 C532.853,20 531.831,20.033 528.631,20.18 C525.438,20.326 523.257,20.834 521.349,21.575 C519.376,22.342 517.703,23.368 516.035,25.035 C514.368,26.702 513.342,28.377 512.574,30.349 C511.834,32.258 511.326,34.438 511.181,37.631 C511.035,40.831 511,41.851 511,50 C511,58.147 511.035,59.17 511.181,62.369 C511.326,65.562 511.834,67.743 512.574,69.651 C513.342,71.625 514.368,73.296 516.035,74.965 C517.703,76.634 519.376,77.658 521.349,78.425 C523.257,79.167 525.438,79.673 528.631,79.82 C531.831,79.965 532.853,80.001 541,80.001 C549.148,80.001 550.169,79.965 553.369,79.82 C556.562,79.673 558.743,79.167 560.652,78.425 C562.623,77.658 564.297,76.634 565.965,74.965 C567.633,73.296 568.659,71.625 569.425,69.651 C570.167,67.743 570.674,65.562 570.82,62.369 C570.966,59.17 571,58.147 571,50 C571,41.851 570.966,40.831 570.82,37.631\"><\/path><\/g><\/g><\/g><\/svg><\/div><div style=\"padding-top: 8px;\"> <div style=\" color:#3897f0; font-family:Arial,sans-serif; font-size:14px; font-style:normal; font-weight:550; line-height:18px;\">Voir cette publication sur Instagram<\/div><\/div><div style=\"padding: 12.5% 0;\"><\/div> <div style=\"display: flex; flex-direction: row; margin-bottom: 14px; align-items: center;\"><div> <div style=\"background-color: #F4F4F4; border-radius: 50%; height: 12.5px; width: 12.5px; transform: translateX(0px) translateY(7px);\"><\/div> <div style=\"background-color: #F4F4F4; height: 12.5px; transform: rotate(-45deg) translateX(3px) translateY(1px); width: 12.5px; flex-grow: 0; margin-right: 14px; margin-left: 2px;\"><\/div> <div style=\"background-color: #F4F4F4; border-radius: 50%; height: 12.5px; width: 12.5px; transform: translateX(9px) translateY(-18px);\"><\/div><\/div><div style=\"margin-left: 8px;\"> <div style=\" background-color: #F4F4F4; border-radius: 50%; flex-grow: 0; height: 20px; width: 20px;\"><\/div> <div style=\" width: 0; height: 0; border-top: 2px solid transparent; border-left: 6px solid #f4f4f4; border-bottom: 2px solid transparent; transform: translateX(16px) translateY(-4px) rotate(30deg)\"><\/div><\/div><div style=\"margin-left: auto;\"> <div style=\" width: 0px; border-top: 8px solid #F4F4F4; border-right: 8px solid transparent; transform: translateY(16px);\"><\/div> <div style=\" background-color: #F4F4F4; flex-grow: 0; height: 12px; width: 16px; transform: translateY(-4px);\"><\/div> <div style=\" width: 0; height: 0; border-top: 8px solid #F4F4F4; border-left: 8px solid transparent; transform: translateY(-4px) translateX(8px);\"><\/div><\/div><\/div> <div style=\"display: flex; flex-direction: column; flex-grow: 1; justify-content: center; margin-bottom: 24px;\"> <div style=\" background-color: #F4F4F4; border-radius: 4px; flex-grow: 0; height: 14px; margin-bottom: 6px; width: 224px;\"><\/div> <div style=\" background-color: #F4F4F4; border-radius: 4px; flex-grow: 0; height: 14px; width: 144px;\"><\/div><\/div><\/a><p style=\" color:#c9c8cd; font-family:Arial,sans-serif; font-size:14px; line-height:17px; margin-bottom:0; margin-top:8px; overflow:hidden; padding:8px 0 7px; text-align:center; text-overflow:ellipsis; white-space:nowrap;\"><a href=\"https:\/\/www.instagram.com\/reel\/C9AO2RJo_Sq\/?utm_source=ig_embed&#038;utm_campaign=loading\" style=\" color:#c9c8cd; font-family:Arial,sans-serif; font-size:14px; font-style:normal; font-weight:normal; line-height:17px; text-decoration:none;\" target=\"_blank\" rel=\"noopener\">Une publication partag\u00e9e par Monaco Tribune (@monacotribune)<\/a><\/p><\/div><\/blockquote> <script async=\"\" src=\"\/\/www.instagram.com\/embed.js\"><\/script>\r\n\n<hr class=\"wp-block-separator has-alpha-channel-opacity\"\/>\n\n<p><strong>Informazioni utili:<\/strong><\/p>\n\n<ul class=\"wp-block-list\">\n<li><strong>Dove<\/strong>: Grimaldi Forum, Espace Ravel. 10 avenue Princesse Grace, 98000 Monaco<\/li>\n\n\n\n<li><strong>Quando<\/strong>: tutti i giorni dalle 10:00 alle 20:00. Gioved\u00ec fino alle 22:00.<\/li>\n\n\n\n<li><strong>Prezzo<\/strong>: 14 \u20ac (gratuito per i minori). 11 \u20ac ridotto (studenti, gruppi, anziani, visitatori con biglietto TER per lo stesso giorno).<\/li>\n<\/ul>\n","protected":false},"excerpt":{"rendered":"<p>La mostra si rivolge anche agli amanti dell&#8217;arte contemporanea, grazie alle diverse opere d&#8217;arte in dialogo con i dipinti di [&hellip;]<\/p>\n","protected":false},"author":66,"featured_media":240725,"comment_status":"closed","ping_status":"closed","sticky":false,"template":"","format":"standard","meta":{"_acf_changed":false,"footnotes":""},"categories":[1740,1738],"tags":[2890],"post_sectags":[3223],"post_format":[2471],"class_list":["post-240913","post","type-post","status-publish","format-standard","has-post-thumbnail","hentry","category-cosa-fare","category-notizie","tag-eventi","sectag-grimaldi-forum-it","format-evento"],"acf":[],"yoast_head":"<!-- This site is optimized with the Yoast SEO Premium plugin v26.8 (Yoast SEO v27.5) - https:\/\/yoast.com\/product\/yoast-seo-premium-wordpress\/ -->\n<title>Turner, le sublime h\u00e9ritage: &quot;una collezione che non si vede spesso&quot;<\/title>\n<meta name=\"description\" content=\"La mostra si rivolge anche agli amanti dell&#039;arte contemporanea, grazie alle diverse opere d&#039;arte in dialogo con i dipinti di Turner. Quest&#039;estate, il\" \/>\n<meta name=\"robots\" content=\"index, follow, max-snippet:-1, max-image-preview:large, max-video-preview:-1\" \/>\n<link rel=\"canonical\" href=\"https:\/\/www.monaco-tribune.com\/it\/2024\/07\/turner-le-sublime-heritage-una-collezione-che-non-si-vede-spesso\/\" \/>\n<meta property=\"og:locale\" content=\"it_IT\" \/>\n<meta property=\"og:type\" content=\"article\" \/>\n<meta property=\"og:title\" content=\"Turner, le sublime h\u00e9ritage: &quot;una collezione che non si vede spesso&quot; - Monaco Tribune\" \/>\n<meta property=\"og:description\" content=\"La mostra si rivolge anche agli amanti dell&#039;arte contemporanea, grazie alle diverse opere d&#039;arte in dialogo con i dipinti di Turner. Quest&#039;estate, il\" \/>\n<meta property=\"og:url\" content=\"https:\/\/www.monaco-tribune.com\/it\/2024\/07\/turner-le-sublime-heritage-una-collezione-che-non-si-vede-spesso\/\" \/>\n<meta property=\"og:site_name\" content=\"Monaco Tribune\" \/>\n<meta property=\"article:publisher\" content=\"https:\/\/www.facebook.com\/MonacoTribune\" \/>\n<meta property=\"article:published_time\" content=\"2024-07-05T11:59:39+00:00\" \/>\n<meta property=\"article:modified_time\" content=\"2024-07-05T11:59:46+00:00\" \/>\n<meta property=\"og:image\" content=\"https:\/\/www.monaco-tribune.com\/wp-content\/uploads\/2024\/07\/presentation-exposition-turner-grimaldi.jpg\" \/>\n\t<meta property=\"og:image:width\" content=\"1200\" \/>\n\t<meta property=\"og:image:height\" content=\"800\" \/>\n\t<meta property=\"og:image:type\" content=\"image\/jpeg\" \/>\n<meta name=\"author\" content=\"Th\u00e9o Briand\" \/>\n<meta name=\"twitter:card\" content=\"summary_large_image\" \/>\n<meta name=\"twitter:creator\" content=\"@MonacoTribune\" \/>\n<meta name=\"twitter:site\" content=\"@MonacoTribune\" \/>\n<script type=\"application\/ld+json\" class=\"yoast-schema-graph\">{\"@context\":\"https:\\\/\\\/schema.org\",\"@graph\":[{\"@type\":\"NewsArticle\",\"@id\":\"https:\\\/\\\/www.monaco-tribune.com\\\/it\\\/2024\\\/07\\\/turner-le-sublime-heritage-una-collezione-che-non-si-vede-spesso\\\/#article\",\"isPartOf\":{\"@id\":\"https:\\\/\\\/www.monaco-tribune.com\\\/it\\\/2024\\\/07\\\/turner-le-sublime-heritage-una-collezione-che-non-si-vede-spesso\\\/\"},\"author\":{\"name\":\"Th\u00e9o Briand\",\"@id\":\"https:\\\/\\\/www.monaco-tribune.com\\\/it\\\/#\\\/schema\\\/person\\\/94fb5723547bd83dea1eed97e25145aa\"},\"headline\":\"Turner, le sublime h\u00e9ritage: &#8220;una collezione che non si vede spesso&#8221;\",\"datePublished\":\"2024-07-05T11:59:39+00:00\",\"dateModified\":\"2024-07-05T11:59:46+00:00\",\"mainEntityOfPage\":{\"@id\":\"https:\\\/\\\/www.monaco-tribune.com\\\/it\\\/2024\\\/07\\\/turner-le-sublime-heritage-una-collezione-che-non-si-vede-spesso\\\/\"},\"wordCount\":648,\"publisher\":{\"@id\":\"https:\\\/\\\/www.monaco-tribune.com\\\/it\\\/#organization\"},\"image\":{\"@id\":\"https:\\\/\\\/www.monaco-tribune.com\\\/it\\\/2024\\\/07\\\/turner-le-sublime-heritage-una-collezione-che-non-si-vede-spesso\\\/#primaryimage\"},\"thumbnailUrl\":\"https:\\\/\\\/www.monaco-tribune.com\\\/wp-content\\\/uploads\\\/2024\\\/07\\\/presentation-exposition-turner-grimaldi.jpg\",\"keywords\":[\"Eventi\"],\"articleSection\":[\"Cosa fare\",\"Notizie\"],\"inLanguage\":\"it-IT\",\"copyrightYear\":\"2024\",\"copyrightHolder\":{\"@id\":\"https:\\\/\\\/www.monaco-tribune.com\\\/#organization\"}},{\"@type\":\"WebPage\",\"@id\":\"https:\\\/\\\/www.monaco-tribune.com\\\/it\\\/2024\\\/07\\\/turner-le-sublime-heritage-una-collezione-che-non-si-vede-spesso\\\/\",\"url\":\"https:\\\/\\\/www.monaco-tribune.com\\\/it\\\/2024\\\/07\\\/turner-le-sublime-heritage-una-collezione-che-non-si-vede-spesso\\\/\",\"name\":\"Turner, le sublime h\u00e9ritage: \\\"una collezione che non si vede spesso\\\"\",\"isPartOf\":{\"@id\":\"https:\\\/\\\/www.monaco-tribune.com\\\/it\\\/#website\"},\"primaryImageOfPage\":{\"@id\":\"https:\\\/\\\/www.monaco-tribune.com\\\/it\\\/2024\\\/07\\\/turner-le-sublime-heritage-una-collezione-che-non-si-vede-spesso\\\/#primaryimage\"},\"image\":{\"@id\":\"https:\\\/\\\/www.monaco-tribune.com\\\/it\\\/2024\\\/07\\\/turner-le-sublime-heritage-una-collezione-che-non-si-vede-spesso\\\/#primaryimage\"},\"thumbnailUrl\":\"https:\\\/\\\/www.monaco-tribune.com\\\/wp-content\\\/uploads\\\/2024\\\/07\\\/presentation-exposition-turner-grimaldi.jpg\",\"datePublished\":\"2024-07-05T11:59:39+00:00\",\"dateModified\":\"2024-07-05T11:59:46+00:00\",\"description\":\"La mostra si rivolge anche agli amanti dell'arte contemporanea, grazie alle diverse opere d'arte in dialogo con i dipinti di Turner. Quest'estate, il\",\"breadcrumb\":{\"@id\":\"https:\\\/\\\/www.monaco-tribune.com\\\/it\\\/2024\\\/07\\\/turner-le-sublime-heritage-una-collezione-che-non-si-vede-spesso\\\/#breadcrumb\"},\"inLanguage\":\"it-IT\",\"potentialAction\":[{\"@type\":\"ReadAction\",\"target\":[\"https:\\\/\\\/www.monaco-tribune.com\\\/it\\\/2024\\\/07\\\/turner-le-sublime-heritage-una-collezione-che-non-si-vede-spesso\\\/\"]}]},{\"@type\":\"ImageObject\",\"inLanguage\":\"it-IT\",\"@id\":\"https:\\\/\\\/www.monaco-tribune.com\\\/it\\\/2024\\\/07\\\/turner-le-sublime-heritage-una-collezione-che-non-si-vede-spesso\\\/#primaryimage\",\"url\":\"https:\\\/\\\/www.monaco-tribune.com\\\/wp-content\\\/uploads\\\/2024\\\/07\\\/presentation-exposition-turner-grimaldi.jpg\",\"contentUrl\":\"https:\\\/\\\/www.monaco-tribune.com\\\/wp-content\\\/uploads\\\/2024\\\/07\\\/presentation-exposition-turner-grimaldi.jpg\",\"width\":1200,\"height\":800,\"caption\":\"Presentazione della nuova mostra Turner al Grimaldi Forum da parte di Sylvie Biancheri, direttore generale del Grimaldi Forum e Neil McConnon, direttore delle collaborazioni internazionali della Tate \u00a9 Monaco Tribune \\\/ Astrid Berges\"},{\"@type\":\"BreadcrumbList\",\"@id\":\"https:\\\/\\\/www.monaco-tribune.com\\\/it\\\/2024\\\/07\\\/turner-le-sublime-heritage-una-collezione-che-non-si-vede-spesso\\\/#breadcrumb\",\"itemListElement\":[{\"@type\":\"ListItem\",\"position\":1,\"name\":\"Accueil\",\"item\":\"https:\\\/\\\/www.monaco-tribune.com\\\/it\\\/\"},{\"@type\":\"ListItem\",\"position\":2,\"name\":\"Turner, le sublime h\u00e9ritage: &#8220;una collezione che non si vede spesso&#8221;\"}]},{\"@type\":\"WebSite\",\"@id\":\"https:\\\/\\\/www.monaco-tribune.com\\\/it\\\/#website\",\"url\":\"https:\\\/\\\/www.monaco-tribune.com\\\/it\\\/\",\"name\":\"Monaco Tribune\",\"description\":\"Monaco : actualit\u00e9s \u00e9conomiques, politiques, culturelles et sportives de Monaco et de la French Riviera.\",\"publisher\":{\"@id\":\"https:\\\/\\\/www.monaco-tribune.com\\\/it\\\/#organization\"},\"potentialAction\":[{\"@type\":\"SearchAction\",\"target\":{\"@type\":\"EntryPoint\",\"urlTemplate\":\"https:\\\/\\\/www.monaco-tribune.com\\\/it\\\/?s={search_term_string}\"},\"query-input\":{\"@type\":\"PropertyValueSpecification\",\"valueRequired\":true,\"valueName\":\"search_term_string\"}}],\"inLanguage\":\"it-IT\"},{\"@type\":\"Organization\",\"@id\":\"https:\\\/\\\/www.monaco-tribune.com\\\/it\\\/#organization\",\"name\":\"Monaco Tribune\",\"url\":\"https:\\\/\\\/www.monaco-tribune.com\\\/it\\\/\",\"logo\":{\"@type\":\"ImageObject\",\"inLanguage\":\"it-IT\",\"@id\":\"https:\\\/\\\/www.monaco-tribune.com\\\/it\\\/#\\\/schema\\\/logo\\\/image\\\/\",\"url\":\"https:\\\/\\\/www.monaco-tribune.com\\\/wp-content\\\/uploads\\\/2022\\\/11\\\/logo-monaco-tribune.png\",\"contentUrl\":\"https:\\\/\\\/www.monaco-tribune.com\\\/wp-content\\\/uploads\\\/2022\\\/11\\\/logo-monaco-tribune.png\",\"width\":1548,\"height\":600,\"caption\":\"Monaco Tribune\"},\"image\":{\"@id\":\"https:\\\/\\\/www.monaco-tribune.com\\\/it\\\/#\\\/schema\\\/logo\\\/image\\\/\"},\"sameAs\":[\"https:\\\/\\\/www.facebook.com\\\/MonacoTribune\",\"https:\\\/\\\/x.com\\\/MonacoTribune\",\"https:\\\/\\\/www.instagram.com\\\/monacotribune\\\/\",\"https:\\\/\\\/www.linkedin.com\\\/company\\\/monaco-tribune\",\"https:\\\/\\\/www.youtube.com\\\/channel\\\/UCHle1MnG6hw1y4lWKijVbMA\"]},{\"@type\":\"Person\",\"@id\":\"https:\\\/\\\/www.monaco-tribune.com\\\/it\\\/#\\\/schema\\\/person\\\/94fb5723547bd83dea1eed97e25145aa\",\"name\":\"Th\u00e9o Briand\",\"image\":{\"@type\":\"ImageObject\",\"inLanguage\":\"it-IT\",\"@id\":\"https:\\\/\\\/secure.gravatar.com\\\/avatar\\\/1c02cfd8b8054d8c376f9a942a1dc4dbacfd8ba5e6f8dbb5e16f4aa3d281972a?s=96&d=mm&r=g\",\"url\":\"https:\\\/\\\/secure.gravatar.com\\\/avatar\\\/1c02cfd8b8054d8c376f9a942a1dc4dbacfd8ba5e6f8dbb5e16f4aa3d281972a?s=96&d=mm&r=g\",\"contentUrl\":\"https:\\\/\\\/secure.gravatar.com\\\/avatar\\\/1c02cfd8b8054d8c376f9a942a1dc4dbacfd8ba5e6f8dbb5e16f4aa3d281972a?s=96&d=mm&r=g\",\"caption\":\"Th\u00e9o Briand\"},\"url\":\"https:\\\/\\\/www.monaco-tribune.com\\\/it\\\/author\\\/theobriand\\\/\"}]}<\/script>\n<!-- \/ Yoast SEO Premium plugin. -->","yoast_head_json":{"title":"Turner, le sublime h\u00e9ritage: \"una collezione che non si vede spesso\"","description":"La mostra si rivolge anche agli amanti dell'arte contemporanea, grazie alle diverse opere d'arte in dialogo con i dipinti di Turner. Quest'estate, il","robots":{"index":"index","follow":"follow","max-snippet":"max-snippet:-1","max-image-preview":"max-image-preview:large","max-video-preview":"max-video-preview:-1"},"canonical":"https:\/\/www.monaco-tribune.com\/it\/2024\/07\/turner-le-sublime-heritage-una-collezione-che-non-si-vede-spesso\/","og_locale":"it_IT","og_type":"article","og_title":"Turner, le sublime h\u00e9ritage: \"una collezione che non si vede spesso\" - Monaco Tribune","og_description":"La mostra si rivolge anche agli amanti dell'arte contemporanea, grazie alle diverse opere d'arte in dialogo con i dipinti di Turner. Quest'estate, il","og_url":"https:\/\/www.monaco-tribune.com\/it\/2024\/07\/turner-le-sublime-heritage-una-collezione-che-non-si-vede-spesso\/","og_site_name":"Monaco Tribune","article_publisher":"https:\/\/www.facebook.com\/MonacoTribune","article_published_time":"2024-07-05T11:59:39+00:00","article_modified_time":"2024-07-05T11:59:46+00:00","og_image":[{"width":1200,"height":800,"url":"https:\/\/www.monaco-tribune.com\/wp-content\/uploads\/2024\/07\/presentation-exposition-turner-grimaldi.jpg","type":"image\/jpeg"}],"author":"Th\u00e9o Briand","twitter_card":"summary_large_image","twitter_creator":"@MonacoTribune","twitter_site":"@MonacoTribune","schema":{"@context":"https:\/\/schema.org","@graph":[{"@type":"NewsArticle","@id":"https:\/\/www.monaco-tribune.com\/it\/2024\/07\/turner-le-sublime-heritage-una-collezione-che-non-si-vede-spesso\/#article","isPartOf":{"@id":"https:\/\/www.monaco-tribune.com\/it\/2024\/07\/turner-le-sublime-heritage-una-collezione-che-non-si-vede-spesso\/"},"author":{"name":"Th\u00e9o Briand","@id":"https:\/\/www.monaco-tribune.com\/it\/#\/schema\/person\/94fb5723547bd83dea1eed97e25145aa"},"headline":"Turner, le sublime h\u00e9ritage: &#8220;una collezione che non si vede spesso&#8221;","datePublished":"2024-07-05T11:59:39+00:00","dateModified":"2024-07-05T11:59:46+00:00","mainEntityOfPage":{"@id":"https:\/\/www.monaco-tribune.com\/it\/2024\/07\/turner-le-sublime-heritage-una-collezione-che-non-si-vede-spesso\/"},"wordCount":648,"publisher":{"@id":"https:\/\/www.monaco-tribune.com\/it\/#organization"},"image":{"@id":"https:\/\/www.monaco-tribune.com\/it\/2024\/07\/turner-le-sublime-heritage-una-collezione-che-non-si-vede-spesso\/#primaryimage"},"thumbnailUrl":"https:\/\/www.monaco-tribune.com\/wp-content\/uploads\/2024\/07\/presentation-exposition-turner-grimaldi.jpg","keywords":["Eventi"],"articleSection":["Cosa fare","Notizie"],"inLanguage":"it-IT","copyrightYear":"2024","copyrightHolder":{"@id":"https:\/\/www.monaco-tribune.com\/#organization"}},{"@type":"WebPage","@id":"https:\/\/www.monaco-tribune.com\/it\/2024\/07\/turner-le-sublime-heritage-una-collezione-che-non-si-vede-spesso\/","url":"https:\/\/www.monaco-tribune.com\/it\/2024\/07\/turner-le-sublime-heritage-una-collezione-che-non-si-vede-spesso\/","name":"Turner, le sublime h\u00e9ritage: \"una collezione che non si vede spesso\"","isPartOf":{"@id":"https:\/\/www.monaco-tribune.com\/it\/#website"},"primaryImageOfPage":{"@id":"https:\/\/www.monaco-tribune.com\/it\/2024\/07\/turner-le-sublime-heritage-una-collezione-che-non-si-vede-spesso\/#primaryimage"},"image":{"@id":"https:\/\/www.monaco-tribune.com\/it\/2024\/07\/turner-le-sublime-heritage-una-collezione-che-non-si-vede-spesso\/#primaryimage"},"thumbnailUrl":"https:\/\/www.monaco-tribune.com\/wp-content\/uploads\/2024\/07\/presentation-exposition-turner-grimaldi.jpg","datePublished":"2024-07-05T11:59:39+00:00","dateModified":"2024-07-05T11:59:46+00:00","description":"La mostra si rivolge anche agli amanti dell'arte contemporanea, grazie alle diverse opere d'arte in dialogo con i dipinti di Turner. Quest'estate, il","breadcrumb":{"@id":"https:\/\/www.monaco-tribune.com\/it\/2024\/07\/turner-le-sublime-heritage-una-collezione-che-non-si-vede-spesso\/#breadcrumb"},"inLanguage":"it-IT","potentialAction":[{"@type":"ReadAction","target":["https:\/\/www.monaco-tribune.com\/it\/2024\/07\/turner-le-sublime-heritage-una-collezione-che-non-si-vede-spesso\/"]}]},{"@type":"ImageObject","inLanguage":"it-IT","@id":"https:\/\/www.monaco-tribune.com\/it\/2024\/07\/turner-le-sublime-heritage-una-collezione-che-non-si-vede-spesso\/#primaryimage","url":"https:\/\/www.monaco-tribune.com\/wp-content\/uploads\/2024\/07\/presentation-exposition-turner-grimaldi.jpg","contentUrl":"https:\/\/www.monaco-tribune.com\/wp-content\/uploads\/2024\/07\/presentation-exposition-turner-grimaldi.jpg","width":1200,"height":800,"caption":"Presentazione della nuova mostra Turner al Grimaldi Forum da parte di Sylvie Biancheri, direttore generale del Grimaldi Forum e Neil McConnon, direttore delle collaborazioni internazionali della Tate \u00a9 Monaco Tribune \/ Astrid Berges"},{"@type":"BreadcrumbList","@id":"https:\/\/www.monaco-tribune.com\/it\/2024\/07\/turner-le-sublime-heritage-una-collezione-che-non-si-vede-spesso\/#breadcrumb","itemListElement":[{"@type":"ListItem","position":1,"name":"Accueil","item":"https:\/\/www.monaco-tribune.com\/it\/"},{"@type":"ListItem","position":2,"name":"Turner, le sublime h\u00e9ritage: &#8220;una collezione che non si vede spesso&#8221;"}]},{"@type":"WebSite","@id":"https:\/\/www.monaco-tribune.com\/it\/#website","url":"https:\/\/www.monaco-tribune.com\/it\/","name":"Monaco Tribune","description":"Monaco : actualit\u00e9s \u00e9conomiques, politiques, culturelles et sportives de Monaco et de la French Riviera.","publisher":{"@id":"https:\/\/www.monaco-tribune.com\/it\/#organization"},"potentialAction":[{"@type":"SearchAction","target":{"@type":"EntryPoint","urlTemplate":"https:\/\/www.monaco-tribune.com\/it\/?s={search_term_string}"},"query-input":{"@type":"PropertyValueSpecification","valueRequired":true,"valueName":"search_term_string"}}],"inLanguage":"it-IT"},{"@type":"Organization","@id":"https:\/\/www.monaco-tribune.com\/it\/#organization","name":"Monaco Tribune","url":"https:\/\/www.monaco-tribune.com\/it\/","logo":{"@type":"ImageObject","inLanguage":"it-IT","@id":"https:\/\/www.monaco-tribune.com\/it\/#\/schema\/logo\/image\/","url":"https:\/\/www.monaco-tribune.com\/wp-content\/uploads\/2022\/11\/logo-monaco-tribune.png","contentUrl":"https:\/\/www.monaco-tribune.com\/wp-content\/uploads\/2022\/11\/logo-monaco-tribune.png","width":1548,"height":600,"caption":"Monaco Tribune"},"image":{"@id":"https:\/\/www.monaco-tribune.com\/it\/#\/schema\/logo\/image\/"},"sameAs":["https:\/\/www.facebook.com\/MonacoTribune","https:\/\/x.com\/MonacoTribune","https:\/\/www.instagram.com\/monacotribune\/","https:\/\/www.linkedin.com\/company\/monaco-tribune","https:\/\/www.youtube.com\/channel\/UCHle1MnG6hw1y4lWKijVbMA"]},{"@type":"Person","@id":"https:\/\/www.monaco-tribune.com\/it\/#\/schema\/person\/94fb5723547bd83dea1eed97e25145aa","name":"Th\u00e9o Briand","image":{"@type":"ImageObject","inLanguage":"it-IT","@id":"https:\/\/secure.gravatar.com\/avatar\/1c02cfd8b8054d8c376f9a942a1dc4dbacfd8ba5e6f8dbb5e16f4aa3d281972a?s=96&d=mm&r=g","url":"https:\/\/secure.gravatar.com\/avatar\/1c02cfd8b8054d8c376f9a942a1dc4dbacfd8ba5e6f8dbb5e16f4aa3d281972a?s=96&d=mm&r=g","contentUrl":"https:\/\/secure.gravatar.com\/avatar\/1c02cfd8b8054d8c376f9a942a1dc4dbacfd8ba5e6f8dbb5e16f4aa3d281972a?s=96&d=mm&r=g","caption":"Th\u00e9o Briand"},"url":"https:\/\/www.monaco-tribune.com\/it\/author\/theobriand\/"}]}},"_links":{"self":[{"href":"https:\/\/www.monaco-tribune.com\/it\/wp-json\/wp\/v2\/posts\/240913","targetHints":{"allow":["GET"]}}],"collection":[{"href":"https:\/\/www.monaco-tribune.com\/it\/wp-json\/wp\/v2\/posts"}],"about":[{"href":"https:\/\/www.monaco-tribune.com\/it\/wp-json\/wp\/v2\/types\/post"}],"author":[{"embeddable":true,"href":"https:\/\/www.monaco-tribune.com\/it\/wp-json\/wp\/v2\/users\/66"}],"replies":[{"embeddable":true,"href":"https:\/\/www.monaco-tribune.com\/it\/wp-json\/wp\/v2\/comments?post=240913"}],"version-history":[{"count":2,"href":"https:\/\/www.monaco-tribune.com\/it\/wp-json\/wp\/v2\/posts\/240913\/revisions"}],"predecessor-version":[{"id":240916,"href":"https:\/\/www.monaco-tribune.com\/it\/wp-json\/wp\/v2\/posts\/240913\/revisions\/240916"}],"wp:featuredmedia":[{"embeddable":true,"href":"https:\/\/www.monaco-tribune.com\/it\/wp-json\/wp\/v2\/media\/240725"}],"wp:attachment":[{"href":"https:\/\/www.monaco-tribune.com\/it\/wp-json\/wp\/v2\/media?parent=240913"}],"wp:term":[{"taxonomy":"category","embeddable":true,"href":"https:\/\/www.monaco-tribune.com\/it\/wp-json\/wp\/v2\/categories?post=240913"},{"taxonomy":"post_tag","embeddable":true,"href":"https:\/\/www.monaco-tribune.com\/it\/wp-json\/wp\/v2\/tags?post=240913"},{"taxonomy":"sectag","embeddable":true,"href":"https:\/\/www.monaco-tribune.com\/it\/wp-json\/wp\/v2\/post_sectags?post=240913"},{"taxonomy":"format","embeddable":true,"href":"https:\/\/www.monaco-tribune.com\/it\/wp-json\/wp\/v2\/post_format?post=240913"}],"curies":[{"name":"wp","href":"https:\/\/api.w.org\/{rel}","templated":true}]}}