{"id":241512,"date":"2024-07-08T18:25:35","date_gmt":"2024-07-08T16:25:35","guid":{"rendered":"https:\/\/www.monaco-tribune.com\/2024\/07\/match-preparatorio-las-monaco-perde-contro-il-servette-geneve\/"},"modified":"2024-07-09T20:40:17","modified_gmt":"2024-07-09T18:40:17","slug":"match-preparatorio-las-monaco-perde-contro-il-servette-geneve","status":"publish","type":"post","link":"https:\/\/www.monaco-tribune.com\/it\/2024\/07\/match-preparatorio-las-monaco-perde-contro-il-servette-geneve\/","title":{"rendered":"Match preparatorio: l&#8217;AS Monaco perde contro il Servette Gen\u00e8ve"},"content":{"rendered":"\n<p><strong>Domenica mattina, l\u2019AS Monaco ha dato il via a una serie di partite preparatorie con una sconfitta (0-1) contro il Servette Gen\u00e8ve. L\u2019incontro, giocato sotto lo sguardo attento del presidente Dmitry Rybolovlev e del Direttore generale Thiago Scuro al Performance Centre, ha permesso all\u2019allenatore Adi H\u00fctter di rivedere la rosa dei giocatori in campo.<\/strong><\/p>\n\n\n\n<p>Il match si \u00e8 aperto con una squadra mista, non ancora al completo, con titolari abituali e giovani promesse in arrivo dall\u2019Academy. Nonostante l\u2019ottima intensit\u00e0 e qualche occasione nel primo tempo, i monegaschi non sono riusciti a trovare la strada per segnare nella rete del Servette Gen\u00e8ve, recente vincitore della Coppa Svizzera.<\/p>\n\n\n\n<blockquote class=\"instagram-media\" data-instgrm-permalink=\"https:\/\/www.instagram.com\/reel\/C9FwlFhoCzy\/?utm_source=ig_embed&#038;utm_campaign=loading\" data-instgrm-version=\"14\" style=\" background:#FFF; border:0; border-radius:3px; box-shadow:0 0 1px 0 rgba(0,0,0,0.5),0 1px 10px 0 rgba(0,0,0,0.15); margin: 1px; max-width:540px; min-width:326px; padding:0; width:99.375%; width:-webkit-calc(100% - 2px); width:calc(100% - 2px);\"><div style=\"padding:16px;\"> <a href=\"https:\/\/www.instagram.com\/reel\/C9FwlFhoCzy\/?utm_source=ig_embed&#038;utm_campaign=loading\" style=\" background:#FFFFFF; line-height:0; padding:0 0; text-align:center; text-decoration:none; width:100%;\" target=\"_blank\" rel=\"noopener\"> <div style=\" display: flex; flex-direction: row; align-items: center;\"> <div style=\"background-color: #F4F4F4; border-radius: 50%; flex-grow: 0; height: 40px; margin-right: 14px; width: 40px;\"><\/div> <div style=\"display: flex; flex-direction: column; flex-grow: 1; justify-content: center;\"> <div style=\" background-color: #F4F4F4; border-radius: 4px; flex-grow: 0; height: 14px; margin-bottom: 6px; width: 100px;\"><\/div> <div style=\" background-color: #F4F4F4; border-radius: 4px; flex-grow: 0; height: 14px; width: 60px;\"><\/div><\/div><\/div><div style=\"padding: 19% 0;\"><\/div> <div style=\"display:block; height:50px; margin:0 auto 12px; width:50px;\"><svg width=\"50px\" height=\"50px\" viewbox=\"0 0 60 60\" version=\"1.1\" xmlns=\"https:\/\/www.w3.org\/2000\/svg\" xmlns:xlink=\"https:\/\/www.w3.org\/1999\/xlink\"><g stroke=\"none\" stroke-width=\"1\" fill=\"none\" fill-rule=\"evenodd\"><g transform=\"translate(-511.000000, -20.000000)\" fill=\"#000000\"><g><path d=\"M556.869,30.41 C554.814,30.41 553.148,32.076 553.148,34.131 C553.148,36.186 554.814,37.852 556.869,37.852 C558.924,37.852 560.59,36.186 560.59,34.131 C560.59,32.076 558.924,30.41 556.869,30.41 M541,60.657 C535.114,60.657 530.342,55.887 530.342,50 C530.342,44.114 535.114,39.342 541,39.342 C546.887,39.342 551.658,44.114 551.658,50 C551.658,55.887 546.887,60.657 541,60.657 M541,33.886 C532.1,33.886 524.886,41.1 524.886,50 C524.886,58.899 532.1,66.113 541,66.113 C549.9,66.113 557.115,58.899 557.115,50 C557.115,41.1 549.9,33.886 541,33.886 M565.378,62.101 C565.244,65.022 564.756,66.606 564.346,67.663 C563.803,69.06 563.154,70.057 562.106,71.106 C561.058,72.155 560.06,72.803 558.662,73.347 C557.607,73.757 556.021,74.244 553.102,74.378 C549.944,74.521 548.997,74.552 541,74.552 C533.003,74.552 532.056,74.521 528.898,74.378 C525.979,74.244 524.393,73.757 523.338,73.347 C521.94,72.803 520.942,72.155 519.894,71.106 C518.846,70.057 518.197,69.06 517.654,67.663 C517.244,66.606 516.755,65.022 516.623,62.101 C516.479,58.943 516.448,57.996 516.448,50 C516.448,42.003 516.479,41.056 516.623,37.899 C516.755,34.978 517.244,33.391 517.654,32.338 C518.197,30.938 518.846,29.942 519.894,28.894 C520.942,27.846 521.94,27.196 523.338,26.654 C524.393,26.244 525.979,25.756 528.898,25.623 C532.057,25.479 533.004,25.448 541,25.448 C548.997,25.448 549.943,25.479 553.102,25.623 C556.021,25.756 557.607,26.244 558.662,26.654 C560.06,27.196 561.058,27.846 562.106,28.894 C563.154,29.942 563.803,30.938 564.346,32.338 C564.756,33.391 565.244,34.978 565.378,37.899 C565.522,41.056 565.552,42.003 565.552,50 C565.552,57.996 565.522,58.943 565.378,62.101 M570.82,37.631 C570.674,34.438 570.167,32.258 569.425,30.349 C568.659,28.377 567.633,26.702 565.965,25.035 C564.297,23.368 562.623,22.342 560.652,21.575 C558.743,20.834 556.562,20.326 553.369,20.18 C550.169,20.033 549.148,20 541,20 C532.853,20 531.831,20.033 528.631,20.18 C525.438,20.326 523.257,20.834 521.349,21.575 C519.376,22.342 517.703,23.368 516.035,25.035 C514.368,26.702 513.342,28.377 512.574,30.349 C511.834,32.258 511.326,34.438 511.181,37.631 C511.035,40.831 511,41.851 511,50 C511,58.147 511.035,59.17 511.181,62.369 C511.326,65.562 511.834,67.743 512.574,69.651 C513.342,71.625 514.368,73.296 516.035,74.965 C517.703,76.634 519.376,77.658 521.349,78.425 C523.257,79.167 525.438,79.673 528.631,79.82 C531.831,79.965 532.853,80.001 541,80.001 C549.148,80.001 550.169,79.965 553.369,79.82 C556.562,79.673 558.743,79.167 560.652,78.425 C562.623,77.658 564.297,76.634 565.965,74.965 C567.633,73.296 568.659,71.625 569.425,69.651 C570.167,67.743 570.674,65.562 570.82,62.369 C570.966,59.17 571,58.147 571,50 C571,41.851 570.966,40.831 570.82,37.631\"><\/path><\/g><\/g><\/g><\/svg><\/div><div style=\"padding-top: 8px;\"> <div style=\" color:#3897f0; font-family:Arial,sans-serif; font-size:14px; font-style:normal; font-weight:550; line-height:18px;\">Voir cette publication sur Instagram<\/div><\/div><div style=\"padding: 12.5% 0;\"><\/div> <div style=\"display: flex; flex-direction: row; margin-bottom: 14px; align-items: center;\"><div> <div style=\"background-color: #F4F4F4; border-radius: 50%; height: 12.5px; width: 12.5px; transform: translateX(0px) translateY(7px);\"><\/div> <div style=\"background-color: #F4F4F4; height: 12.5px; transform: rotate(-45deg) translateX(3px) translateY(1px); width: 12.5px; flex-grow: 0; margin-right: 14px; margin-left: 2px;\"><\/div> <div style=\"background-color: #F4F4F4; border-radius: 50%; height: 12.5px; width: 12.5px; transform: translateX(9px) translateY(-18px);\"><\/div><\/div><div style=\"margin-left: 8px;\"> <div style=\" background-color: #F4F4F4; border-radius: 50%; flex-grow: 0; height: 20px; width: 20px;\"><\/div> <div style=\" width: 0; height: 0; border-top: 2px solid transparent; border-left: 6px solid #f4f4f4; border-bottom: 2px solid transparent; transform: translateX(16px) translateY(-4px) rotate(30deg)\"><\/div><\/div><div style=\"margin-left: auto;\"> <div style=\" width: 0px; border-top: 8px solid #F4F4F4; border-right: 8px solid transparent; transform: translateY(16px);\"><\/div> <div style=\" background-color: #F4F4F4; flex-grow: 0; height: 12px; width: 16px; transform: translateY(-4px);\"><\/div> <div style=\" width: 0; height: 0; border-top: 8px solid #F4F4F4; border-left: 8px solid transparent; transform: translateY(-4px) translateX(8px);\"><\/div><\/div><\/div> <div style=\"display: flex; flex-direction: column; flex-grow: 1; justify-content: center; margin-bottom: 24px;\"> <div style=\" background-color: #F4F4F4; border-radius: 4px; flex-grow: 0; height: 14px; margin-bottom: 6px; width: 224px;\"><\/div> <div style=\" background-color: #F4F4F4; border-radius: 4px; flex-grow: 0; height: 14px; width: 144px;\"><\/div><\/div><\/a><p style=\" color:#c9c8cd; font-family:Arial,sans-serif; font-size:14px; line-height:17px; margin-bottom:0; margin-top:8px; overflow:hidden; padding:8px 0 7px; text-align:center; text-overflow:ellipsis; white-space:nowrap;\"><a href=\"https:\/\/www.instagram.com\/reel\/C9FwlFhoCzy\/?utm_source=ig_embed&#038;utm_campaign=loading\" style=\" color:#c9c8cd; font-family:Arial,sans-serif; font-size:14px; font-style:normal; font-weight:normal; line-height:17px; text-decoration:none;\" target=\"_blank\" rel=\"noopener\">Une publication partag\u00e9e par Monaco Tribune (@monacotribune)<\/a><\/p><\/div><\/blockquote> <script async=\"\" src=\"\/\/www.instagram.com\/embed.js\"><\/script>\n\n\n\n<p>All\u2019intervallo, il punteggio era 0-0. Ed \u00e8 stato in questo momento che <a href=\"https:\/\/www.monaco-tribune.com\/it\/2024\/05\/analisi-las-monaco-e-al-top-con-adi-hutter\/\">Adi H\u00fctter<\/a> ha deciso di fare diversi cambi per permettere a gran parte dei titolari di scendere in campo, compresi i giovani talenti. Alcuni giocatori arrivati dal Gruppo Elite la scorsa stagione, come Jules B\u00e9ry, Samuel Nibomb\u00e9, Aur\u00e9lien Platret, Ritchy Valme, Aladji Bamba, Romaric Etonde e Sandro Bertolucci, hanno avuto l\u2019opportunit\u00e0 d mostrare le loro abilit\u00e0.<\/p>\n\n\n<div class=\"wp-block-image\">\n<figure class=\"aligncenter size-large\"><img loading=\"lazy\" decoding=\"async\" width=\"1024\" height=\"574\" src=\"https:\/\/www.monaco-tribune.com\/wp-content\/uploads\/2024\/07\/rybolovlev-1024x574.jpg\" alt=\"\" class=\"wp-image-241110\" srcset=\"https:\/\/www.monaco-tribune.com\/wp-content\/uploads\/2024\/07\/rybolovlev-1024x574.jpg 1024w, https:\/\/www.monaco-tribune.com\/wp-content\/uploads\/2024\/07\/rybolovlev-535x300.jpg 535w, https:\/\/www.monaco-tribune.com\/wp-content\/uploads\/2024\/07\/rybolovlev.jpg 1160w\" sizes=\"auto, (max-width: 1024px) 100vw, 1024px\" \/><figcaption class=\"wp-element-caption\"><em>Dmitri Rybolovlev insieme al suo consigliere St\u00e9phane Morandi e a Thiago Scuro \u00a9 AS Monaco<\/em><\/figcaption><\/figure>\n<\/div>\n\n\n<figure class=\"wp-block-embed is-type-rich is-provider-twitter wp-block-embed-twitter\"><div class=\"wp-block-embed__wrapper\">\n<blockquote class=\"twitter-tweet\" data-width=\"500\" data-dnt=\"true\"><p lang=\"fr\" dir=\"ltr\">Un premier match de pr\u00e9paration sous les yeux du Pr\u00e9sident Dmitry Rybolovlev, pr\u00e9sent ce samedi au Centre de Performance \ud83d\udd34\u26aa\ufe0f<br><br>\u2023 <a href=\"https:\/\/twitter.com\/hashtag\/ASMSFC?src=hash&amp;ref_src=twsrc%5Etfw\">#ASMSFC<\/a> <a href=\"https:\/\/t.co\/cT2fDvfeSc\">pic.twitter.com\/cT2fDvfeSc<\/a><\/p>&mdash; AS Monaco \ud83c\uddf2\ud83c\udde8 (@AS_Monaco) <a href=\"https:\/\/twitter.com\/AS_Monaco\/status\/1809526540297756892?ref_src=twsrc%5Etfw\">July 6, 2024<\/a><\/blockquote><script async src=\"https:\/\/platform.twitter.com\/widgets.js\" charset=\"utf-8\"><\/script>\n<\/div><\/figure>\n\n\n\n<p>L&#8217;intensa preparazione delle ultime settimane si \u00e8 fatta sentire, soprattutto tra i pi\u00f9 giovani, che hanno faticato a creare occasioni nette contro un Servette ben organizzato. L&#8217;unico goal della partita \u00e8 arrivato alla fine del primo tempo dal ginevrino J\u00e9r\u00e9my Guillemenot, che ha permesso ai suoi compagni di vincere.<\/p>\n\n\n\n<p class=\"related\"><a href=\"https:\/\/www.monaco-tribune.com\/it\/2024\/06\/analisi-il-ruolo-di-dmitry-rybolovlev-nel-successo-dellas-monaco-in-questa-stagione\/\">Analisi: Il ruolo di Dmitry Rybolovlev nel successo dell\u2019AS Monaco in questa stagione<\/a><\/p>\n\n\n<div class=\"wp-block-image\">\n<figure class=\"aligncenter size-large\"><img loading=\"lazy\" decoding=\"async\" width=\"1024\" height=\"682\" src=\"https:\/\/www.monaco-tribune.com\/wp-content\/uploads\/2024\/07\/as-monaco-match-de-preparation-servette-geneve4-1024x682.jpg\" alt=\"\" class=\"wp-image-241080\" srcset=\"https:\/\/www.monaco-tribune.com\/wp-content\/uploads\/2024\/07\/as-monaco-match-de-preparation-servette-geneve4-1024x682.jpg 1024w, https:\/\/www.monaco-tribune.com\/wp-content\/uploads\/2024\/07\/as-monaco-match-de-preparation-servette-geneve4-451x300.jpg 451w, https:\/\/www.monaco-tribune.com\/wp-content\/uploads\/2024\/07\/as-monaco-match-de-preparation-servette-geneve4.jpg 1200w\" sizes=\"auto, (max-width: 1024px) 100vw, 1024px\" \/><figcaption class=\"wp-element-caption\"><em>L\u2019allenatore dell\u2019AS Monaco<\/em> <em>Adi<\/em> <em>H\u00fctter \u00a9 AS Monaco<\/em><\/figcaption><\/figure>\n<\/div>\n\n\n<p>Alla fine dell\u2019incontro, l\u2019allenatore austriaco ha commentato cos\u00ec il risultato: &#8220;All&#8217;inizio del periodo di preparazione capita sempre di essere stanchi, \u00e8 normale. Sono ovviamente un po&#8217; deluso per il risultato, ma non ci fermiamo qui e vogliamo continuare a migliorare il nostro stile di gioco. Abbiamo molti giovani di talento, che sono ancora alle prese con la preparazione degli ultimi dieci giorni, ma stanno facendo buoni progressi. Stanno lottando per il loro posto e, da allenatore, \u00e8 una cosa che apprezzo\u201d.<\/p>\n\n\n\n<p>Nonostante la sconfitta, questa prima amichevole \u00e8 stata una preziosa fonte di apprendimento per lo staff tecnico, che ha potuto valutare la forma fisica e le prestazioni dei giocatori durante una vera partita. Ora i Rouge et Blanc si dedicheranno a un&#8217;altra settimana di allenamenti, scandita da una seconda amichevole contro il Cercle Bruges, in programma sabato 13 luglio alle 10:30 al Performance Centre. <\/p>\n\n\n\n<p>Sar\u00e0 un&#8217;altra occasione per Adi H\u00fctter di perfezionare le sue scelte tattiche e continuare a preparare la squadra per la prossima stagione e, naturalmente, per la Champions League.<\/p>\n\n\n\n<p>Dal canto suo, <a href=\"https:\/\/www.monaco-tribune.com\/it\/2024\/05\/thiago-scuro-e-il-suo-ruolo-nella-rinascita-dellas-monaco\/\">Thiago Scuro<\/a>, Direttore generale del club, si prepara al calciomercato: &#8220;Il mercato dei trasferimenti \u00e8 appena iniziato. Siamo ancora alla ricerca di un attaccante per dare pi\u00f9 opzioni ad Adi H\u00fctter, ma ci teniamo a sottolineare che abbiamo gi\u00e0 diversi giocatori pi\u00f9 che validi per questo ruolo. Le competizioni internazionali lo hanno confermato nelle ultime settimane. Siamo gi\u00e0 molto soddisfatti\u201d.<\/p>\n\n\n<div class=\"wp-block-image\">\n<figure class=\"aligncenter size-large\"><img loading=\"lazy\" decoding=\"async\" width=\"1024\" height=\"683\" src=\"https:\/\/www.monaco-tribune.com\/wp-content\/uploads\/2024\/07\/as-monaco-match-de-preparation-servette-geneve2jpg-1024x683.jpg\" alt=\"\" class=\"wp-image-241085\" srcset=\"https:\/\/www.monaco-tribune.com\/wp-content\/uploads\/2024\/07\/as-monaco-match-de-preparation-servette-geneve2jpg-1024x683.jpg 1024w, https:\/\/www.monaco-tribune.com\/wp-content\/uploads\/2024\/07\/as-monaco-match-de-preparation-servette-geneve2jpg-450x300.jpg 450w, https:\/\/www.monaco-tribune.com\/wp-content\/uploads\/2024\/07\/as-monaco-match-de-preparation-servette-geneve2jpg.jpg 1200w\" sizes=\"auto, (max-width: 1024px) 100vw, 1024px\" \/><figcaption class=\"wp-element-caption\"><em>\u00a9 AS Monaco<\/em><\/figcaption><\/figure>\n<\/div>\n\n\n<p class=\"related\"><a href=\"https:\/\/www.monaco-tribune.com\/it\/2024\/06\/i-giocatori-dellas-monaco-tornano-ad-allenarsi\/\">I giocatori dell\u2019AS Monaco tornano ad allenarsi<\/a><\/p>\n","protected":false},"excerpt":{"rendered":"<p>Domenica mattina, l\u2019AS Monaco ha dato il via a una serie di partite preparatorie con una sconfitta (0-1) contro il [&hellip;]<\/p>\n","protected":false},"author":77,"featured_media":241075,"comment_status":"closed","ping_status":"closed","sticky":false,"template":"","format":"standard","meta":{"_acf_changed":false,"footnotes":""},"categories":[1738,1743],"tags":[2846],"post_sectags":[3240],"post_format":[2478],"class_list":["post-241512","post","type-post","status-publish","format-standard","has-post-thumbnail","hentry","category-notizie","category-sport-it","tag-as-monaco-it-2","sectag-calcio-it","format-notizia"],"acf":[],"yoast_head":"<!-- This site is optimized with the Yoast SEO Premium plugin v26.8 (Yoast SEO v27.5) - https:\/\/yoast.com\/product\/yoast-seo-premium-wordpress\/ -->\n<title>Match preparatorio: l&#039;AS Monaco perde contro il Servette Gen\u00e8ve<\/title>\n<meta name=\"description\" content=\"Domenica mattina, l\u2019AS Monaco ha dato il via a una serie di partite preparatorie con una sconfitta (0-1) contro il Servette Gen\u00e8ve. L\u2019incontro, giocato\" \/>\n<meta name=\"robots\" content=\"index, follow, max-snippet:-1, max-image-preview:large, max-video-preview:-1\" \/>\n<link rel=\"canonical\" href=\"https:\/\/www.monaco-tribune.com\/it\/2024\/07\/match-preparatorio-las-monaco-perde-contro-il-servette-geneve\/\" \/>\n<meta property=\"og:locale\" content=\"it_IT\" \/>\n<meta property=\"og:type\" content=\"article\" \/>\n<meta property=\"og:title\" content=\"Match preparatorio: l&#039;AS Monaco perde contro il Servette Gen\u00e8ve - Monaco Tribune\" \/>\n<meta property=\"og:description\" content=\"Domenica mattina, l\u2019AS Monaco ha dato il via a una serie di partite preparatorie con una sconfitta (0-1) contro il Servette Gen\u00e8ve. L\u2019incontro, giocato\" \/>\n<meta property=\"og:url\" content=\"https:\/\/www.monaco-tribune.com\/it\/2024\/07\/match-preparatorio-las-monaco-perde-contro-il-servette-geneve\/\" \/>\n<meta property=\"og:site_name\" content=\"Monaco Tribune\" \/>\n<meta property=\"article:publisher\" content=\"https:\/\/www.facebook.com\/MonacoTribune\" \/>\n<meta property=\"article:published_time\" content=\"2024-07-08T16:25:35+00:00\" \/>\n<meta property=\"article:modified_time\" content=\"2024-07-09T18:40:17+00:00\" \/>\n<meta property=\"og:image\" content=\"https:\/\/www.monaco-tribune.com\/wp-content\/uploads\/2024\/07\/as-monaco-match-de-preparation-servette-geneve.jpg\" \/>\n\t<meta property=\"og:image:width\" content=\"1200\" \/>\n\t<meta property=\"og:image:height\" content=\"800\" \/>\n\t<meta property=\"og:image:type\" content=\"image\/jpeg\" \/>\n<meta name=\"author\" content=\"Ana\u00efs Riu\" \/>\n<meta name=\"twitter:card\" content=\"summary_large_image\" \/>\n<meta name=\"twitter:creator\" content=\"@MonacoTribune\" \/>\n<meta name=\"twitter:site\" content=\"@MonacoTribune\" \/>\n<script type=\"application\/ld+json\" class=\"yoast-schema-graph\">{\"@context\":\"https:\\\/\\\/schema.org\",\"@graph\":[{\"@type\":\"NewsArticle\",\"@id\":\"https:\\\/\\\/www.monaco-tribune.com\\\/it\\\/2024\\\/07\\\/match-preparatorio-las-monaco-perde-contro-il-servette-geneve\\\/#article\",\"isPartOf\":{\"@id\":\"https:\\\/\\\/www.monaco-tribune.com\\\/it\\\/2024\\\/07\\\/match-preparatorio-las-monaco-perde-contro-il-servette-geneve\\\/\"},\"author\":{\"name\":\"Ana\u00efs Riu\",\"@id\":\"https:\\\/\\\/www.monaco-tribune.com\\\/it\\\/#\\\/schema\\\/person\\\/6db631c784f2f0eff54c3ca4d1da2d49\"},\"headline\":\"Match preparatorio: l&#8217;AS Monaco perde contro il Servette Gen\u00e8ve\",\"datePublished\":\"2024-07-08T16:25:35+00:00\",\"dateModified\":\"2024-07-09T18:40:17+00:00\",\"mainEntityOfPage\":{\"@id\":\"https:\\\/\\\/www.monaco-tribune.com\\\/it\\\/2024\\\/07\\\/match-preparatorio-las-monaco-perde-contro-il-servette-geneve\\\/\"},\"wordCount\":552,\"publisher\":{\"@id\":\"https:\\\/\\\/www.monaco-tribune.com\\\/it\\\/#organization\"},\"image\":{\"@id\":\"https:\\\/\\\/www.monaco-tribune.com\\\/it\\\/2024\\\/07\\\/match-preparatorio-las-monaco-perde-contro-il-servette-geneve\\\/#primaryimage\"},\"thumbnailUrl\":\"https:\\\/\\\/www.monaco-tribune.com\\\/wp-content\\\/uploads\\\/2024\\\/07\\\/as-monaco-match-de-preparation-servette-geneve.jpg\",\"keywords\":[\"AS Monaco\"],\"articleSection\":[\"Notizie\",\"Sport\"],\"inLanguage\":\"it-IT\",\"copyrightYear\":\"2024\",\"copyrightHolder\":{\"@id\":\"https:\\\/\\\/www.monaco-tribune.com\\\/#organization\"}},{\"@type\":\"WebPage\",\"@id\":\"https:\\\/\\\/www.monaco-tribune.com\\\/it\\\/2024\\\/07\\\/match-preparatorio-las-monaco-perde-contro-il-servette-geneve\\\/\",\"url\":\"https:\\\/\\\/www.monaco-tribune.com\\\/it\\\/2024\\\/07\\\/match-preparatorio-las-monaco-perde-contro-il-servette-geneve\\\/\",\"name\":\"Match preparatorio: l'AS Monaco perde contro il Servette Gen\u00e8ve\",\"isPartOf\":{\"@id\":\"https:\\\/\\\/www.monaco-tribune.com\\\/it\\\/#website\"},\"primaryImageOfPage\":{\"@id\":\"https:\\\/\\\/www.monaco-tribune.com\\\/it\\\/2024\\\/07\\\/match-preparatorio-las-monaco-perde-contro-il-servette-geneve\\\/#primaryimage\"},\"image\":{\"@id\":\"https:\\\/\\\/www.monaco-tribune.com\\\/it\\\/2024\\\/07\\\/match-preparatorio-las-monaco-perde-contro-il-servette-geneve\\\/#primaryimage\"},\"thumbnailUrl\":\"https:\\\/\\\/www.monaco-tribune.com\\\/wp-content\\\/uploads\\\/2024\\\/07\\\/as-monaco-match-de-preparation-servette-geneve.jpg\",\"datePublished\":\"2024-07-08T16:25:35+00:00\",\"dateModified\":\"2024-07-09T18:40:17+00:00\",\"description\":\"Domenica mattina, l\u2019AS Monaco ha dato il via a una serie di partite preparatorie con una sconfitta (0-1) contro il Servette Gen\u00e8ve. L\u2019incontro, giocato\",\"breadcrumb\":{\"@id\":\"https:\\\/\\\/www.monaco-tribune.com\\\/it\\\/2024\\\/07\\\/match-preparatorio-las-monaco-perde-contro-il-servette-geneve\\\/#breadcrumb\"},\"inLanguage\":\"it-IT\",\"potentialAction\":[{\"@type\":\"ReadAction\",\"target\":[\"https:\\\/\\\/www.monaco-tribune.com\\\/it\\\/2024\\\/07\\\/match-preparatorio-las-monaco-perde-contro-il-servette-geneve\\\/\"]}]},{\"@type\":\"ImageObject\",\"inLanguage\":\"it-IT\",\"@id\":\"https:\\\/\\\/www.monaco-tribune.com\\\/it\\\/2024\\\/07\\\/match-preparatorio-las-monaco-perde-contro-il-servette-geneve\\\/#primaryimage\",\"url\":\"https:\\\/\\\/www.monaco-tribune.com\\\/wp-content\\\/uploads\\\/2024\\\/07\\\/as-monaco-match-de-preparation-servette-geneve.jpg\",\"contentUrl\":\"https:\\\/\\\/www.monaco-tribune.com\\\/wp-content\\\/uploads\\\/2024\\\/07\\\/as-monaco-match-de-preparation-servette-geneve.jpg\",\"width\":1200,\"height\":800,\"caption\":\"La partita si \u00e8 tenuta al Performance Centre di La Turbie \u00a9 AS Monaco\"},{\"@type\":\"BreadcrumbList\",\"@id\":\"https:\\\/\\\/www.monaco-tribune.com\\\/it\\\/2024\\\/07\\\/match-preparatorio-las-monaco-perde-contro-il-servette-geneve\\\/#breadcrumb\",\"itemListElement\":[{\"@type\":\"ListItem\",\"position\":1,\"name\":\"Accueil\",\"item\":\"https:\\\/\\\/www.monaco-tribune.com\\\/it\\\/\"},{\"@type\":\"ListItem\",\"position\":2,\"name\":\"Match preparatorio: l&#8217;AS Monaco perde contro il Servette Gen\u00e8ve\"}]},{\"@type\":\"WebSite\",\"@id\":\"https:\\\/\\\/www.monaco-tribune.com\\\/it\\\/#website\",\"url\":\"https:\\\/\\\/www.monaco-tribune.com\\\/it\\\/\",\"name\":\"Monaco Tribune\",\"description\":\"Monaco : actualit\u00e9s \u00e9conomiques, politiques, culturelles et sportives de Monaco et de la French Riviera.\",\"publisher\":{\"@id\":\"https:\\\/\\\/www.monaco-tribune.com\\\/it\\\/#organization\"},\"potentialAction\":[{\"@type\":\"SearchAction\",\"target\":{\"@type\":\"EntryPoint\",\"urlTemplate\":\"https:\\\/\\\/www.monaco-tribune.com\\\/it\\\/?s={search_term_string}\"},\"query-input\":{\"@type\":\"PropertyValueSpecification\",\"valueRequired\":true,\"valueName\":\"search_term_string\"}}],\"inLanguage\":\"it-IT\"},{\"@type\":\"Organization\",\"@id\":\"https:\\\/\\\/www.monaco-tribune.com\\\/it\\\/#organization\",\"name\":\"Monaco Tribune\",\"url\":\"https:\\\/\\\/www.monaco-tribune.com\\\/it\\\/\",\"logo\":{\"@type\":\"ImageObject\",\"inLanguage\":\"it-IT\",\"@id\":\"https:\\\/\\\/www.monaco-tribune.com\\\/it\\\/#\\\/schema\\\/logo\\\/image\\\/\",\"url\":\"https:\\\/\\\/www.monaco-tribune.com\\\/wp-content\\\/uploads\\\/2022\\\/11\\\/logo-monaco-tribune.png\",\"contentUrl\":\"https:\\\/\\\/www.monaco-tribune.com\\\/wp-content\\\/uploads\\\/2022\\\/11\\\/logo-monaco-tribune.png\",\"width\":1548,\"height\":600,\"caption\":\"Monaco Tribune\"},\"image\":{\"@id\":\"https:\\\/\\\/www.monaco-tribune.com\\\/it\\\/#\\\/schema\\\/logo\\\/image\\\/\"},\"sameAs\":[\"https:\\\/\\\/www.facebook.com\\\/MonacoTribune\",\"https:\\\/\\\/x.com\\\/MonacoTribune\",\"https:\\\/\\\/www.instagram.com\\\/monacotribune\\\/\",\"https:\\\/\\\/www.linkedin.com\\\/company\\\/monaco-tribune\",\"https:\\\/\\\/www.youtube.com\\\/channel\\\/UCHle1MnG6hw1y4lWKijVbMA\"]},{\"@type\":\"Person\",\"@id\":\"https:\\\/\\\/www.monaco-tribune.com\\\/it\\\/#\\\/schema\\\/person\\\/6db631c784f2f0eff54c3ca4d1da2d49\",\"name\":\"Ana\u00efs Riu\",\"image\":{\"@type\":\"ImageObject\",\"inLanguage\":\"it-IT\",\"@id\":\"https:\\\/\\\/secure.gravatar.com\\\/avatar\\\/9137eff67ff750f1997c171f45e5829ca4c8fa34729a8f8cd9dc85be7e50df7f?s=96&d=mm&r=g\",\"url\":\"https:\\\/\\\/secure.gravatar.com\\\/avatar\\\/9137eff67ff750f1997c171f45e5829ca4c8fa34729a8f8cd9dc85be7e50df7f?s=96&d=mm&r=g\",\"contentUrl\":\"https:\\\/\\\/secure.gravatar.com\\\/avatar\\\/9137eff67ff750f1997c171f45e5829ca4c8fa34729a8f8cd9dc85be7e50df7f?s=96&d=mm&r=g\",\"caption\":\"Ana\u00efs Riu\"},\"url\":\"https:\\\/\\\/www.monaco-tribune.com\\\/it\\\/author\\\/anaisriu\\\/\"}]}<\/script>\n<!-- \/ Yoast SEO Premium plugin. -->","yoast_head_json":{"title":"Match preparatorio: l'AS Monaco perde contro il Servette Gen\u00e8ve","description":"Domenica mattina, l\u2019AS Monaco ha dato il via a una serie di partite preparatorie con una sconfitta (0-1) contro il Servette Gen\u00e8ve. L\u2019incontro, giocato","robots":{"index":"index","follow":"follow","max-snippet":"max-snippet:-1","max-image-preview":"max-image-preview:large","max-video-preview":"max-video-preview:-1"},"canonical":"https:\/\/www.monaco-tribune.com\/it\/2024\/07\/match-preparatorio-las-monaco-perde-contro-il-servette-geneve\/","og_locale":"it_IT","og_type":"article","og_title":"Match preparatorio: l'AS Monaco perde contro il Servette Gen\u00e8ve - Monaco Tribune","og_description":"Domenica mattina, l\u2019AS Monaco ha dato il via a una serie di partite preparatorie con una sconfitta (0-1) contro il Servette Gen\u00e8ve. L\u2019incontro, giocato","og_url":"https:\/\/www.monaco-tribune.com\/it\/2024\/07\/match-preparatorio-las-monaco-perde-contro-il-servette-geneve\/","og_site_name":"Monaco Tribune","article_publisher":"https:\/\/www.facebook.com\/MonacoTribune","article_published_time":"2024-07-08T16:25:35+00:00","article_modified_time":"2024-07-09T18:40:17+00:00","og_image":[{"width":1200,"height":800,"url":"https:\/\/www.monaco-tribune.com\/wp-content\/uploads\/2024\/07\/as-monaco-match-de-preparation-servette-geneve.jpg","type":"image\/jpeg"}],"author":"Ana\u00efs Riu","twitter_card":"summary_large_image","twitter_creator":"@MonacoTribune","twitter_site":"@MonacoTribune","schema":{"@context":"https:\/\/schema.org","@graph":[{"@type":"NewsArticle","@id":"https:\/\/www.monaco-tribune.com\/it\/2024\/07\/match-preparatorio-las-monaco-perde-contro-il-servette-geneve\/#article","isPartOf":{"@id":"https:\/\/www.monaco-tribune.com\/it\/2024\/07\/match-preparatorio-las-monaco-perde-contro-il-servette-geneve\/"},"author":{"name":"Ana\u00efs Riu","@id":"https:\/\/www.monaco-tribune.com\/it\/#\/schema\/person\/6db631c784f2f0eff54c3ca4d1da2d49"},"headline":"Match preparatorio: l&#8217;AS Monaco perde contro il Servette Gen\u00e8ve","datePublished":"2024-07-08T16:25:35+00:00","dateModified":"2024-07-09T18:40:17+00:00","mainEntityOfPage":{"@id":"https:\/\/www.monaco-tribune.com\/it\/2024\/07\/match-preparatorio-las-monaco-perde-contro-il-servette-geneve\/"},"wordCount":552,"publisher":{"@id":"https:\/\/www.monaco-tribune.com\/it\/#organization"},"image":{"@id":"https:\/\/www.monaco-tribune.com\/it\/2024\/07\/match-preparatorio-las-monaco-perde-contro-il-servette-geneve\/#primaryimage"},"thumbnailUrl":"https:\/\/www.monaco-tribune.com\/wp-content\/uploads\/2024\/07\/as-monaco-match-de-preparation-servette-geneve.jpg","keywords":["AS Monaco"],"articleSection":["Notizie","Sport"],"inLanguage":"it-IT","copyrightYear":"2024","copyrightHolder":{"@id":"https:\/\/www.monaco-tribune.com\/#organization"}},{"@type":"WebPage","@id":"https:\/\/www.monaco-tribune.com\/it\/2024\/07\/match-preparatorio-las-monaco-perde-contro-il-servette-geneve\/","url":"https:\/\/www.monaco-tribune.com\/it\/2024\/07\/match-preparatorio-las-monaco-perde-contro-il-servette-geneve\/","name":"Match preparatorio: l'AS Monaco perde contro il Servette Gen\u00e8ve","isPartOf":{"@id":"https:\/\/www.monaco-tribune.com\/it\/#website"},"primaryImageOfPage":{"@id":"https:\/\/www.monaco-tribune.com\/it\/2024\/07\/match-preparatorio-las-monaco-perde-contro-il-servette-geneve\/#primaryimage"},"image":{"@id":"https:\/\/www.monaco-tribune.com\/it\/2024\/07\/match-preparatorio-las-monaco-perde-contro-il-servette-geneve\/#primaryimage"},"thumbnailUrl":"https:\/\/www.monaco-tribune.com\/wp-content\/uploads\/2024\/07\/as-monaco-match-de-preparation-servette-geneve.jpg","datePublished":"2024-07-08T16:25:35+00:00","dateModified":"2024-07-09T18:40:17+00:00","description":"Domenica mattina, l\u2019AS Monaco ha dato il via a una serie di partite preparatorie con una sconfitta (0-1) contro il Servette Gen\u00e8ve. L\u2019incontro, giocato","breadcrumb":{"@id":"https:\/\/www.monaco-tribune.com\/it\/2024\/07\/match-preparatorio-las-monaco-perde-contro-il-servette-geneve\/#breadcrumb"},"inLanguage":"it-IT","potentialAction":[{"@type":"ReadAction","target":["https:\/\/www.monaco-tribune.com\/it\/2024\/07\/match-preparatorio-las-monaco-perde-contro-il-servette-geneve\/"]}]},{"@type":"ImageObject","inLanguage":"it-IT","@id":"https:\/\/www.monaco-tribune.com\/it\/2024\/07\/match-preparatorio-las-monaco-perde-contro-il-servette-geneve\/#primaryimage","url":"https:\/\/www.monaco-tribune.com\/wp-content\/uploads\/2024\/07\/as-monaco-match-de-preparation-servette-geneve.jpg","contentUrl":"https:\/\/www.monaco-tribune.com\/wp-content\/uploads\/2024\/07\/as-monaco-match-de-preparation-servette-geneve.jpg","width":1200,"height":800,"caption":"La partita si \u00e8 tenuta al Performance Centre di La Turbie \u00a9 AS Monaco"},{"@type":"BreadcrumbList","@id":"https:\/\/www.monaco-tribune.com\/it\/2024\/07\/match-preparatorio-las-monaco-perde-contro-il-servette-geneve\/#breadcrumb","itemListElement":[{"@type":"ListItem","position":1,"name":"Accueil","item":"https:\/\/www.monaco-tribune.com\/it\/"},{"@type":"ListItem","position":2,"name":"Match preparatorio: l&#8217;AS Monaco perde contro il Servette Gen\u00e8ve"}]},{"@type":"WebSite","@id":"https:\/\/www.monaco-tribune.com\/it\/#website","url":"https:\/\/www.monaco-tribune.com\/it\/","name":"Monaco Tribune","description":"Monaco : actualit\u00e9s \u00e9conomiques, politiques, culturelles et sportives de Monaco et de la French Riviera.","publisher":{"@id":"https:\/\/www.monaco-tribune.com\/it\/#organization"},"potentialAction":[{"@type":"SearchAction","target":{"@type":"EntryPoint","urlTemplate":"https:\/\/www.monaco-tribune.com\/it\/?s={search_term_string}"},"query-input":{"@type":"PropertyValueSpecification","valueRequired":true,"valueName":"search_term_string"}}],"inLanguage":"it-IT"},{"@type":"Organization","@id":"https:\/\/www.monaco-tribune.com\/it\/#organization","name":"Monaco Tribune","url":"https:\/\/www.monaco-tribune.com\/it\/","logo":{"@type":"ImageObject","inLanguage":"it-IT","@id":"https:\/\/www.monaco-tribune.com\/it\/#\/schema\/logo\/image\/","url":"https:\/\/www.monaco-tribune.com\/wp-content\/uploads\/2022\/11\/logo-monaco-tribune.png","contentUrl":"https:\/\/www.monaco-tribune.com\/wp-content\/uploads\/2022\/11\/logo-monaco-tribune.png","width":1548,"height":600,"caption":"Monaco Tribune"},"image":{"@id":"https:\/\/www.monaco-tribune.com\/it\/#\/schema\/logo\/image\/"},"sameAs":["https:\/\/www.facebook.com\/MonacoTribune","https:\/\/x.com\/MonacoTribune","https:\/\/www.instagram.com\/monacotribune\/","https:\/\/www.linkedin.com\/company\/monaco-tribune","https:\/\/www.youtube.com\/channel\/UCHle1MnG6hw1y4lWKijVbMA"]},{"@type":"Person","@id":"https:\/\/www.monaco-tribune.com\/it\/#\/schema\/person\/6db631c784f2f0eff54c3ca4d1da2d49","name":"Ana\u00efs Riu","image":{"@type":"ImageObject","inLanguage":"it-IT","@id":"https:\/\/secure.gravatar.com\/avatar\/9137eff67ff750f1997c171f45e5829ca4c8fa34729a8f8cd9dc85be7e50df7f?s=96&d=mm&r=g","url":"https:\/\/secure.gravatar.com\/avatar\/9137eff67ff750f1997c171f45e5829ca4c8fa34729a8f8cd9dc85be7e50df7f?s=96&d=mm&r=g","contentUrl":"https:\/\/secure.gravatar.com\/avatar\/9137eff67ff750f1997c171f45e5829ca4c8fa34729a8f8cd9dc85be7e50df7f?s=96&d=mm&r=g","caption":"Ana\u00efs Riu"},"url":"https:\/\/www.monaco-tribune.com\/it\/author\/anaisriu\/"}]}},"_links":{"self":[{"href":"https:\/\/www.monaco-tribune.com\/it\/wp-json\/wp\/v2\/posts\/241512","targetHints":{"allow":["GET"]}}],"collection":[{"href":"https:\/\/www.monaco-tribune.com\/it\/wp-json\/wp\/v2\/posts"}],"about":[{"href":"https:\/\/www.monaco-tribune.com\/it\/wp-json\/wp\/v2\/types\/post"}],"author":[{"embeddable":true,"href":"https:\/\/www.monaco-tribune.com\/it\/wp-json\/wp\/v2\/users\/77"}],"replies":[{"embeddable":true,"href":"https:\/\/www.monaco-tribune.com\/it\/wp-json\/wp\/v2\/comments?post=241512"}],"version-history":[{"count":2,"href":"https:\/\/www.monaco-tribune.com\/it\/wp-json\/wp\/v2\/posts\/241512\/revisions"}],"predecessor-version":[{"id":241652,"href":"https:\/\/www.monaco-tribune.com\/it\/wp-json\/wp\/v2\/posts\/241512\/revisions\/241652"}],"wp:featuredmedia":[{"embeddable":true,"href":"https:\/\/www.monaco-tribune.com\/it\/wp-json\/wp\/v2\/media\/241075"}],"wp:attachment":[{"href":"https:\/\/www.monaco-tribune.com\/it\/wp-json\/wp\/v2\/media?parent=241512"}],"wp:term":[{"taxonomy":"category","embeddable":true,"href":"https:\/\/www.monaco-tribune.com\/it\/wp-json\/wp\/v2\/categories?post=241512"},{"taxonomy":"post_tag","embeddable":true,"href":"https:\/\/www.monaco-tribune.com\/it\/wp-json\/wp\/v2\/tags?post=241512"},{"taxonomy":"sectag","embeddable":true,"href":"https:\/\/www.monaco-tribune.com\/it\/wp-json\/wp\/v2\/post_sectags?post=241512"},{"taxonomy":"format","embeddable":true,"href":"https:\/\/www.monaco-tribune.com\/it\/wp-json\/wp\/v2\/post_format?post=241512"}],"curies":[{"name":"wp","href":"https:\/\/api.w.org\/{rel}","templated":true}]}}