{"id":242632,"date":"2024-07-17T10:00:24","date_gmt":"2024-07-17T08:00:24","guid":{"rendered":"https:\/\/www.monaco-tribune.com\/2024\/07\/torna-il-treno-nizza-milano-preparate-le-valigie\/"},"modified":"2024-07-17T10:00:40","modified_gmt":"2024-07-17T08:00:40","slug":"torna-il-treno-nizza-milano-preparate-le-valigie","status":"publish","type":"post","link":"https:\/\/www.monaco-tribune.com\/it\/2024\/07\/torna-il-treno-nizza-milano-preparate-le-valigie\/","title":{"rendered":"Torna il treno Nizza-Milano. Preparate le valigie!"},"content":{"rendered":"\n<p><strong>Il servizio tra la Francia e l&#8217;Italia sar\u00e0 attivo solo durante il mese di agosto.<\/strong><\/p>\n\n<p>Dalla scomparsa del Thello nel luglio 2021, i viaggi tra l&#8217;Italia e la Francia hanno dovuto fare tappa alla stazione di Ventimiglia con un cambio obbligatorio. Dal 3 agosto, i passeggeri potranno nuovamente usufruire di un collegamento ferroviario diretto tra Nizza e Milano. Una buona notizia che per\u00f2 non \u00e8 destinata a durare a lungo, visto che il collegamento sar\u00e0 attivo solo per un mese, fino al 1\u00b0 settembre.<\/p>\n\n<p>Il treno, chiamato &#8220;espresso riviera&#8221;, a breve collegher\u00e0 Nizza a Milano, passando per citt\u00e0 chiave come Genova, Sanremo e Monaco. Il tempo di percorrenza \u00e8 ancora un po&#8217; lungo, 6 ore e 30 minuti tra Nizza e Milano, ma almeno non si dovr\u00e0 pi\u00f9 cambiare.<\/p>\n\n<p>Con un solo viaggio di andata e ritorno al giorno e solo nei fine settimana, l'&#8221;espresso riviera&#8221; partir\u00e0 da Nizza alle 17:12 con arrivo a Milano alle 23:40. Lascer\u00e0 invece la stazione di Milano alle 7:35 per arrivare a Nizza alle 13:15.<\/p>\n\n<p class=\"related\"><a href=\"https:\/\/www.monaco-tribune.com\/it\/2024\/02\/treni-autobus-parcheggi-trasporto-su-richiesta-ecco-i-principali-progetti-di-mobilita-del-principato-di-monaco\/\">Treni, autobus, parcheggi, \u201ctrasporto su richiesta\u201d\u2026 Ecco i principali progetti di mobilit\u00e0 del Principato di Monaco<\/a><\/p>\n\n<h2 class=\"wp-block-heading\" id=\"h-un-confort-a-toute-epreuve\">Comfort senza compromessi<\/h2>\n\n<p>L&#8217;obiettivo di Trenitalia, che lancia questa nuova offerta, \u00e8 quello di offrire un comfort ineguagliabile su un treno che attraversa i magnifici paesaggi della Riviera italiana e francese. <\/p>\n\n<p>Come ai vecchi tempi, i vagoni saranno divisi in piccoli salotti per un massimo di sei persone, con ampi sedili per il maggior comfort possibile. Ci sar\u00e0 ovviamente anche un vagone bar per gustare un espresso a regola d&#8217;arte durante il viaggio. La ciliegina sulla torta? Un ristorante dove poter cenare o fare colazione godendo della vista sul Mediterraneo.<\/p>\n\n<p>Come promette Trenitalia: &#8220;Con noi, ogni minuto in treno \u00e8 un minuto di vacanza&#8221;.<\/p>\n\n<p><em>Per il momento \u00e8 possibile prenotare solo la tratta tra Ventimiglia e Milano. I biglietti del treno partono da 44,50 \u20ac e possono essere acquistati sul sito <a href=\"https:\/\/www.fstrenituristici.it\/content\/fs_treni_turistici\/it.html\">Treni turistici italiani<\/a>.<\/em><\/p>\n","protected":false},"excerpt":{"rendered":"<p>Il servizio tra la Francia e l&#8217;Italia sar\u00e0 attivo solo durante il mese di agosto. Dalla scomparsa del Thello nel [&hellip;]<\/p>\n","protected":false},"author":66,"featured_media":242530,"comment_status":"closed","ping_status":"closed","sticky":false,"template":"","format":"standard","meta":{"_acf_changed":false,"footnotes":""},"categories":[1740,1738],"tags":[2859],"post_sectags":[],"post_format":[2478],"class_list":["post-242632","post","type-post","status-publish","format-standard","has-post-thumbnail","hentry","category-cosa-fare","category-notizie","tag-trasporto","format-notizia"],"acf":[],"yoast_head":"<!-- This site is optimized with the Yoast SEO Premium plugin v26.8 (Yoast SEO v27.5) - https:\/\/yoast.com\/product\/yoast-seo-premium-wordpress\/ -->\n<title>Torna il treno Nizza-Milano. Preparate le valigie!<\/title>\n<meta name=\"description\" content=\"Il servizio tra la Francia e l&#039;Italia sar\u00e0 attivo solo durante il mese di agosto. Dalla scomparsa del Thello nel luglio 2021, i viaggi tra l&#039;Italia e la\" \/>\n<meta name=\"robots\" content=\"index, follow, max-snippet:-1, max-image-preview:large, max-video-preview:-1\" \/>\n<link rel=\"canonical\" href=\"https:\/\/www.monaco-tribune.com\/it\/2024\/07\/torna-il-treno-nizza-milano-preparate-le-valigie\/\" \/>\n<meta property=\"og:locale\" content=\"it_IT\" \/>\n<meta property=\"og:type\" content=\"article\" \/>\n<meta property=\"og:title\" content=\"Torna il treno Nizza-Milano. Preparate le valigie! - Monaco Tribune\" \/>\n<meta property=\"og:description\" content=\"Il servizio tra la Francia e l&#039;Italia sar\u00e0 attivo solo durante il mese di agosto. Dalla scomparsa del Thello nel luglio 2021, i viaggi tra l&#039;Italia e la\" \/>\n<meta property=\"og:url\" content=\"https:\/\/www.monaco-tribune.com\/it\/2024\/07\/torna-il-treno-nizza-milano-preparate-le-valigie\/\" \/>\n<meta property=\"og:site_name\" content=\"Monaco Tribune\" \/>\n<meta property=\"article:publisher\" content=\"https:\/\/www.facebook.com\/MonacoTribune\" \/>\n<meta property=\"article:published_time\" content=\"2024-07-17T08:00:24+00:00\" \/>\n<meta property=\"article:modified_time\" content=\"2024-07-17T08:00:40+00:00\" \/>\n<meta property=\"og:image\" content=\"https:\/\/www.monaco-tribune.com\/wp-content\/uploads\/2024\/07\/gare-milan-centrale-.jpg\" \/>\n\t<meta property=\"og:image:width\" content=\"1200\" \/>\n\t<meta property=\"og:image:height\" content=\"800\" \/>\n\t<meta property=\"og:image:type\" content=\"image\/jpeg\" \/>\n<meta name=\"author\" content=\"Th\u00e9o Briand\" \/>\n<meta name=\"twitter:card\" content=\"summary_large_image\" \/>\n<meta name=\"twitter:creator\" content=\"@MonacoTribune\" \/>\n<meta name=\"twitter:site\" content=\"@MonacoTribune\" \/>\n<script type=\"application\/ld+json\" class=\"yoast-schema-graph\">{\"@context\":\"https:\\\/\\\/schema.org\",\"@graph\":[{\"@type\":\"NewsArticle\",\"@id\":\"https:\\\/\\\/www.monaco-tribune.com\\\/it\\\/2024\\\/07\\\/torna-il-treno-nizza-milano-preparate-le-valigie\\\/#article\",\"isPartOf\":{\"@id\":\"https:\\\/\\\/www.monaco-tribune.com\\\/it\\\/2024\\\/07\\\/torna-il-treno-nizza-milano-preparate-le-valigie\\\/\"},\"author\":{\"name\":\"Th\u00e9o Briand\",\"@id\":\"https:\\\/\\\/www.monaco-tribune.com\\\/it\\\/#\\\/schema\\\/person\\\/94fb5723547bd83dea1eed97e25145aa\"},\"headline\":\"Torna il treno Nizza-Milano. Preparate le valigie!\",\"datePublished\":\"2024-07-17T08:00:24+00:00\",\"dateModified\":\"2024-07-17T08:00:40+00:00\",\"mainEntityOfPage\":{\"@id\":\"https:\\\/\\\/www.monaco-tribune.com\\\/it\\\/2024\\\/07\\\/torna-il-treno-nizza-milano-preparate-le-valigie\\\/\"},\"wordCount\":317,\"publisher\":{\"@id\":\"https:\\\/\\\/www.monaco-tribune.com\\\/it\\\/#organization\"},\"image\":{\"@id\":\"https:\\\/\\\/www.monaco-tribune.com\\\/it\\\/2024\\\/07\\\/torna-il-treno-nizza-milano-preparate-le-valigie\\\/#primaryimage\"},\"thumbnailUrl\":\"https:\\\/\\\/www.monaco-tribune.com\\\/wp-content\\\/uploads\\\/2024\\\/07\\\/gare-milan-centrale-.jpg\",\"keywords\":[\"Trasporto\"],\"articleSection\":[\"Cosa fare\",\"Notizie\"],\"inLanguage\":\"it-IT\",\"copyrightYear\":\"2024\",\"copyrightHolder\":{\"@id\":\"https:\\\/\\\/www.monaco-tribune.com\\\/#organization\"}},{\"@type\":\"WebPage\",\"@id\":\"https:\\\/\\\/www.monaco-tribune.com\\\/it\\\/2024\\\/07\\\/torna-il-treno-nizza-milano-preparate-le-valigie\\\/\",\"url\":\"https:\\\/\\\/www.monaco-tribune.com\\\/it\\\/2024\\\/07\\\/torna-il-treno-nizza-milano-preparate-le-valigie\\\/\",\"name\":\"Torna il treno Nizza-Milano. Preparate le valigie!\",\"isPartOf\":{\"@id\":\"https:\\\/\\\/www.monaco-tribune.com\\\/it\\\/#website\"},\"primaryImageOfPage\":{\"@id\":\"https:\\\/\\\/www.monaco-tribune.com\\\/it\\\/2024\\\/07\\\/torna-il-treno-nizza-milano-preparate-le-valigie\\\/#primaryimage\"},\"image\":{\"@id\":\"https:\\\/\\\/www.monaco-tribune.com\\\/it\\\/2024\\\/07\\\/torna-il-treno-nizza-milano-preparate-le-valigie\\\/#primaryimage\"},\"thumbnailUrl\":\"https:\\\/\\\/www.monaco-tribune.com\\\/wp-content\\\/uploads\\\/2024\\\/07\\\/gare-milan-centrale-.jpg\",\"datePublished\":\"2024-07-17T08:00:24+00:00\",\"dateModified\":\"2024-07-17T08:00:40+00:00\",\"description\":\"Il servizio tra la Francia e l'Italia sar\u00e0 attivo solo durante il mese di agosto. Dalla scomparsa del Thello nel luglio 2021, i viaggi tra l'Italia e la\",\"breadcrumb\":{\"@id\":\"https:\\\/\\\/www.monaco-tribune.com\\\/it\\\/2024\\\/07\\\/torna-il-treno-nizza-milano-preparate-le-valigie\\\/#breadcrumb\"},\"inLanguage\":\"it-IT\",\"potentialAction\":[{\"@type\":\"ReadAction\",\"target\":[\"https:\\\/\\\/www.monaco-tribune.com\\\/it\\\/2024\\\/07\\\/torna-il-treno-nizza-milano-preparate-le-valigie\\\/\"]}]},{\"@type\":\"ImageObject\",\"inLanguage\":\"it-IT\",\"@id\":\"https:\\\/\\\/www.monaco-tribune.com\\\/it\\\/2024\\\/07\\\/torna-il-treno-nizza-milano-preparate-le-valigie\\\/#primaryimage\",\"url\":\"https:\\\/\\\/www.monaco-tribune.com\\\/wp-content\\\/uploads\\\/2024\\\/07\\\/gare-milan-centrale-.jpg\",\"contentUrl\":\"https:\\\/\\\/www.monaco-tribune.com\\\/wp-content\\\/uploads\\\/2024\\\/07\\\/gare-milan-centrale-.jpg\",\"width\":1200,\"height\":800,\"caption\":\"La stazione di Milano Centrale \u00e8 la seconda pi\u00f9 grande d'Italia \u00a9 Facebook \\\/ Milano Centrale\"},{\"@type\":\"BreadcrumbList\",\"@id\":\"https:\\\/\\\/www.monaco-tribune.com\\\/it\\\/2024\\\/07\\\/torna-il-treno-nizza-milano-preparate-le-valigie\\\/#breadcrumb\",\"itemListElement\":[{\"@type\":\"ListItem\",\"position\":1,\"name\":\"Accueil\",\"item\":\"https:\\\/\\\/www.monaco-tribune.com\\\/it\\\/\"},{\"@type\":\"ListItem\",\"position\":2,\"name\":\"Torna il treno Nizza-Milano. Preparate le valigie!\"}]},{\"@type\":\"WebSite\",\"@id\":\"https:\\\/\\\/www.monaco-tribune.com\\\/it\\\/#website\",\"url\":\"https:\\\/\\\/www.monaco-tribune.com\\\/it\\\/\",\"name\":\"Monaco Tribune\",\"description\":\"Monaco : actualit\u00e9s \u00e9conomiques, politiques, culturelles et sportives de Monaco et de la French Riviera.\",\"publisher\":{\"@id\":\"https:\\\/\\\/www.monaco-tribune.com\\\/it\\\/#organization\"},\"potentialAction\":[{\"@type\":\"SearchAction\",\"target\":{\"@type\":\"EntryPoint\",\"urlTemplate\":\"https:\\\/\\\/www.monaco-tribune.com\\\/it\\\/?s={search_term_string}\"},\"query-input\":{\"@type\":\"PropertyValueSpecification\",\"valueRequired\":true,\"valueName\":\"search_term_string\"}}],\"inLanguage\":\"it-IT\"},{\"@type\":\"Organization\",\"@id\":\"https:\\\/\\\/www.monaco-tribune.com\\\/it\\\/#organization\",\"name\":\"Monaco Tribune\",\"url\":\"https:\\\/\\\/www.monaco-tribune.com\\\/it\\\/\",\"logo\":{\"@type\":\"ImageObject\",\"inLanguage\":\"it-IT\",\"@id\":\"https:\\\/\\\/www.monaco-tribune.com\\\/it\\\/#\\\/schema\\\/logo\\\/image\\\/\",\"url\":\"https:\\\/\\\/www.monaco-tribune.com\\\/wp-content\\\/uploads\\\/2022\\\/11\\\/logo-monaco-tribune.png\",\"contentUrl\":\"https:\\\/\\\/www.monaco-tribune.com\\\/wp-content\\\/uploads\\\/2022\\\/11\\\/logo-monaco-tribune.png\",\"width\":1548,\"height\":600,\"caption\":\"Monaco Tribune\"},\"image\":{\"@id\":\"https:\\\/\\\/www.monaco-tribune.com\\\/it\\\/#\\\/schema\\\/logo\\\/image\\\/\"},\"sameAs\":[\"https:\\\/\\\/www.facebook.com\\\/MonacoTribune\",\"https:\\\/\\\/x.com\\\/MonacoTribune\",\"https:\\\/\\\/www.instagram.com\\\/monacotribune\\\/\",\"https:\\\/\\\/www.linkedin.com\\\/company\\\/monaco-tribune\",\"https:\\\/\\\/www.youtube.com\\\/channel\\\/UCHle1MnG6hw1y4lWKijVbMA\"]},{\"@type\":\"Person\",\"@id\":\"https:\\\/\\\/www.monaco-tribune.com\\\/it\\\/#\\\/schema\\\/person\\\/94fb5723547bd83dea1eed97e25145aa\",\"name\":\"Th\u00e9o Briand\",\"image\":{\"@type\":\"ImageObject\",\"inLanguage\":\"it-IT\",\"@id\":\"https:\\\/\\\/secure.gravatar.com\\\/avatar\\\/1c02cfd8b8054d8c376f9a942a1dc4dbacfd8ba5e6f8dbb5e16f4aa3d281972a?s=96&d=mm&r=g\",\"url\":\"https:\\\/\\\/secure.gravatar.com\\\/avatar\\\/1c02cfd8b8054d8c376f9a942a1dc4dbacfd8ba5e6f8dbb5e16f4aa3d281972a?s=96&d=mm&r=g\",\"contentUrl\":\"https:\\\/\\\/secure.gravatar.com\\\/avatar\\\/1c02cfd8b8054d8c376f9a942a1dc4dbacfd8ba5e6f8dbb5e16f4aa3d281972a?s=96&d=mm&r=g\",\"caption\":\"Th\u00e9o Briand\"},\"url\":\"https:\\\/\\\/www.monaco-tribune.com\\\/it\\\/author\\\/theobriand\\\/\"}]}<\/script>\n<!-- \/ Yoast SEO Premium plugin. -->","yoast_head_json":{"title":"Torna il treno Nizza-Milano. Preparate le valigie!","description":"Il servizio tra la Francia e l'Italia sar\u00e0 attivo solo durante il mese di agosto. Dalla scomparsa del Thello nel luglio 2021, i viaggi tra l'Italia e la","robots":{"index":"index","follow":"follow","max-snippet":"max-snippet:-1","max-image-preview":"max-image-preview:large","max-video-preview":"max-video-preview:-1"},"canonical":"https:\/\/www.monaco-tribune.com\/it\/2024\/07\/torna-il-treno-nizza-milano-preparate-le-valigie\/","og_locale":"it_IT","og_type":"article","og_title":"Torna il treno Nizza-Milano. Preparate le valigie! - Monaco Tribune","og_description":"Il servizio tra la Francia e l'Italia sar\u00e0 attivo solo durante il mese di agosto. Dalla scomparsa del Thello nel luglio 2021, i viaggi tra l'Italia e la","og_url":"https:\/\/www.monaco-tribune.com\/it\/2024\/07\/torna-il-treno-nizza-milano-preparate-le-valigie\/","og_site_name":"Monaco Tribune","article_publisher":"https:\/\/www.facebook.com\/MonacoTribune","article_published_time":"2024-07-17T08:00:24+00:00","article_modified_time":"2024-07-17T08:00:40+00:00","og_image":[{"width":1200,"height":800,"url":"https:\/\/www.monaco-tribune.com\/wp-content\/uploads\/2024\/07\/gare-milan-centrale-.jpg","type":"image\/jpeg"}],"author":"Th\u00e9o Briand","twitter_card":"summary_large_image","twitter_creator":"@MonacoTribune","twitter_site":"@MonacoTribune","schema":{"@context":"https:\/\/schema.org","@graph":[{"@type":"NewsArticle","@id":"https:\/\/www.monaco-tribune.com\/it\/2024\/07\/torna-il-treno-nizza-milano-preparate-le-valigie\/#article","isPartOf":{"@id":"https:\/\/www.monaco-tribune.com\/it\/2024\/07\/torna-il-treno-nizza-milano-preparate-le-valigie\/"},"author":{"name":"Th\u00e9o Briand","@id":"https:\/\/www.monaco-tribune.com\/it\/#\/schema\/person\/94fb5723547bd83dea1eed97e25145aa"},"headline":"Torna il treno Nizza-Milano. Preparate le valigie!","datePublished":"2024-07-17T08:00:24+00:00","dateModified":"2024-07-17T08:00:40+00:00","mainEntityOfPage":{"@id":"https:\/\/www.monaco-tribune.com\/it\/2024\/07\/torna-il-treno-nizza-milano-preparate-le-valigie\/"},"wordCount":317,"publisher":{"@id":"https:\/\/www.monaco-tribune.com\/it\/#organization"},"image":{"@id":"https:\/\/www.monaco-tribune.com\/it\/2024\/07\/torna-il-treno-nizza-milano-preparate-le-valigie\/#primaryimage"},"thumbnailUrl":"https:\/\/www.monaco-tribune.com\/wp-content\/uploads\/2024\/07\/gare-milan-centrale-.jpg","keywords":["Trasporto"],"articleSection":["Cosa fare","Notizie"],"inLanguage":"it-IT","copyrightYear":"2024","copyrightHolder":{"@id":"https:\/\/www.monaco-tribune.com\/#organization"}},{"@type":"WebPage","@id":"https:\/\/www.monaco-tribune.com\/it\/2024\/07\/torna-il-treno-nizza-milano-preparate-le-valigie\/","url":"https:\/\/www.monaco-tribune.com\/it\/2024\/07\/torna-il-treno-nizza-milano-preparate-le-valigie\/","name":"Torna il treno Nizza-Milano. Preparate le valigie!","isPartOf":{"@id":"https:\/\/www.monaco-tribune.com\/it\/#website"},"primaryImageOfPage":{"@id":"https:\/\/www.monaco-tribune.com\/it\/2024\/07\/torna-il-treno-nizza-milano-preparate-le-valigie\/#primaryimage"},"image":{"@id":"https:\/\/www.monaco-tribune.com\/it\/2024\/07\/torna-il-treno-nizza-milano-preparate-le-valigie\/#primaryimage"},"thumbnailUrl":"https:\/\/www.monaco-tribune.com\/wp-content\/uploads\/2024\/07\/gare-milan-centrale-.jpg","datePublished":"2024-07-17T08:00:24+00:00","dateModified":"2024-07-17T08:00:40+00:00","description":"Il servizio tra la Francia e l'Italia sar\u00e0 attivo solo durante il mese di agosto. Dalla scomparsa del Thello nel luglio 2021, i viaggi tra l'Italia e la","breadcrumb":{"@id":"https:\/\/www.monaco-tribune.com\/it\/2024\/07\/torna-il-treno-nizza-milano-preparate-le-valigie\/#breadcrumb"},"inLanguage":"it-IT","potentialAction":[{"@type":"ReadAction","target":["https:\/\/www.monaco-tribune.com\/it\/2024\/07\/torna-il-treno-nizza-milano-preparate-le-valigie\/"]}]},{"@type":"ImageObject","inLanguage":"it-IT","@id":"https:\/\/www.monaco-tribune.com\/it\/2024\/07\/torna-il-treno-nizza-milano-preparate-le-valigie\/#primaryimage","url":"https:\/\/www.monaco-tribune.com\/wp-content\/uploads\/2024\/07\/gare-milan-centrale-.jpg","contentUrl":"https:\/\/www.monaco-tribune.com\/wp-content\/uploads\/2024\/07\/gare-milan-centrale-.jpg","width":1200,"height":800,"caption":"La stazione di Milano Centrale \u00e8 la seconda pi\u00f9 grande d'Italia \u00a9 Facebook \/ Milano Centrale"},{"@type":"BreadcrumbList","@id":"https:\/\/www.monaco-tribune.com\/it\/2024\/07\/torna-il-treno-nizza-milano-preparate-le-valigie\/#breadcrumb","itemListElement":[{"@type":"ListItem","position":1,"name":"Accueil","item":"https:\/\/www.monaco-tribune.com\/it\/"},{"@type":"ListItem","position":2,"name":"Torna il treno Nizza-Milano. Preparate le valigie!"}]},{"@type":"WebSite","@id":"https:\/\/www.monaco-tribune.com\/it\/#website","url":"https:\/\/www.monaco-tribune.com\/it\/","name":"Monaco Tribune","description":"Monaco : actualit\u00e9s \u00e9conomiques, politiques, culturelles et sportives de Monaco et de la French Riviera.","publisher":{"@id":"https:\/\/www.monaco-tribune.com\/it\/#organization"},"potentialAction":[{"@type":"SearchAction","target":{"@type":"EntryPoint","urlTemplate":"https:\/\/www.monaco-tribune.com\/it\/?s={search_term_string}"},"query-input":{"@type":"PropertyValueSpecification","valueRequired":true,"valueName":"search_term_string"}}],"inLanguage":"it-IT"},{"@type":"Organization","@id":"https:\/\/www.monaco-tribune.com\/it\/#organization","name":"Monaco Tribune","url":"https:\/\/www.monaco-tribune.com\/it\/","logo":{"@type":"ImageObject","inLanguage":"it-IT","@id":"https:\/\/www.monaco-tribune.com\/it\/#\/schema\/logo\/image\/","url":"https:\/\/www.monaco-tribune.com\/wp-content\/uploads\/2022\/11\/logo-monaco-tribune.png","contentUrl":"https:\/\/www.monaco-tribune.com\/wp-content\/uploads\/2022\/11\/logo-monaco-tribune.png","width":1548,"height":600,"caption":"Monaco Tribune"},"image":{"@id":"https:\/\/www.monaco-tribune.com\/it\/#\/schema\/logo\/image\/"},"sameAs":["https:\/\/www.facebook.com\/MonacoTribune","https:\/\/x.com\/MonacoTribune","https:\/\/www.instagram.com\/monacotribune\/","https:\/\/www.linkedin.com\/company\/monaco-tribune","https:\/\/www.youtube.com\/channel\/UCHle1MnG6hw1y4lWKijVbMA"]},{"@type":"Person","@id":"https:\/\/www.monaco-tribune.com\/it\/#\/schema\/person\/94fb5723547bd83dea1eed97e25145aa","name":"Th\u00e9o Briand","image":{"@type":"ImageObject","inLanguage":"it-IT","@id":"https:\/\/secure.gravatar.com\/avatar\/1c02cfd8b8054d8c376f9a942a1dc4dbacfd8ba5e6f8dbb5e16f4aa3d281972a?s=96&d=mm&r=g","url":"https:\/\/secure.gravatar.com\/avatar\/1c02cfd8b8054d8c376f9a942a1dc4dbacfd8ba5e6f8dbb5e16f4aa3d281972a?s=96&d=mm&r=g","contentUrl":"https:\/\/secure.gravatar.com\/avatar\/1c02cfd8b8054d8c376f9a942a1dc4dbacfd8ba5e6f8dbb5e16f4aa3d281972a?s=96&d=mm&r=g","caption":"Th\u00e9o Briand"},"url":"https:\/\/www.monaco-tribune.com\/it\/author\/theobriand\/"}]}},"_links":{"self":[{"href":"https:\/\/www.monaco-tribune.com\/it\/wp-json\/wp\/v2\/posts\/242632","targetHints":{"allow":["GET"]}}],"collection":[{"href":"https:\/\/www.monaco-tribune.com\/it\/wp-json\/wp\/v2\/posts"}],"about":[{"href":"https:\/\/www.monaco-tribune.com\/it\/wp-json\/wp\/v2\/types\/post"}],"author":[{"embeddable":true,"href":"https:\/\/www.monaco-tribune.com\/it\/wp-json\/wp\/v2\/users\/66"}],"replies":[{"embeddable":true,"href":"https:\/\/www.monaco-tribune.com\/it\/wp-json\/wp\/v2\/comments?post=242632"}],"version-history":[{"count":2,"href":"https:\/\/www.monaco-tribune.com\/it\/wp-json\/wp\/v2\/posts\/242632\/revisions"}],"predecessor-version":[{"id":242637,"href":"https:\/\/www.monaco-tribune.com\/it\/wp-json\/wp\/v2\/posts\/242632\/revisions\/242637"}],"wp:featuredmedia":[{"embeddable":true,"href":"https:\/\/www.monaco-tribune.com\/it\/wp-json\/wp\/v2\/media\/242530"}],"wp:attachment":[{"href":"https:\/\/www.monaco-tribune.com\/it\/wp-json\/wp\/v2\/media?parent=242632"}],"wp:term":[{"taxonomy":"category","embeddable":true,"href":"https:\/\/www.monaco-tribune.com\/it\/wp-json\/wp\/v2\/categories?post=242632"},{"taxonomy":"post_tag","embeddable":true,"href":"https:\/\/www.monaco-tribune.com\/it\/wp-json\/wp\/v2\/tags?post=242632"},{"taxonomy":"sectag","embeddable":true,"href":"https:\/\/www.monaco-tribune.com\/it\/wp-json\/wp\/v2\/post_sectags?post=242632"},{"taxonomy":"format","embeddable":true,"href":"https:\/\/www.monaco-tribune.com\/it\/wp-json\/wp\/v2\/post_format?post=242632"}],"curies":[{"name":"wp","href":"https:\/\/api.w.org\/{rel}","templated":true}]}}