{"id":243374,"date":"2024-07-22T11:42:02","date_gmt":"2024-07-22T09:42:02","guid":{"rendered":"https:\/\/www.monaco-tribune.com\/2024\/07\/sanzioni-stradali-presto-piu-severe-a-monaco\/"},"modified":"2024-07-22T12:09:23","modified_gmt":"2024-07-22T10:09:23","slug":"sanzioni-stradali-presto-piu-severe-a-monaco","status":"publish","type":"post","link":"https:\/\/www.monaco-tribune.com\/it\/2024\/07\/sanzioni-stradali-presto-piu-severe-a-monaco\/","title":{"rendered":"Sanzioni stradali presto pi\u00f9 severe a Monaco?"},"content":{"rendered":"\n<p><strong>Il Ministero dell&#8217;Interno sta valutando nuove misure per limitare i comportamenti pericolosi in strada.<\/strong><\/p>\n\n\n\n<p>Lo scorso febbraio, la S\u00fbret\u00e9 Publique ha presentato i dati relativi alla sicurezza stradale a Monaco nel 2023 e non sono affatto positivi. Con tre incidenti mortali che hanno causato sei decessi, la sicurezza stradale nel Principato ha vissuto uno degli anni peggiori di sempre.<\/p>\n\n\n\n<p>Mentre il tasso di incidenti \u00e8 in calo, il numero di casi di guida in stato di ebbrezza \u00e8 passato da 101 nel 2022 a 134 nel 2023, e un processo su tre nel Principato ha riguardato proprio questo reato. Davanti a questa situazione preoccupante, il Dipartimento dell&#8217;Interno e della Pubblica Sicurezza intende frenare la tendenza adottando misure per combattere i comportamenti pericolosi sulle strade monegasche.<\/p>\n\n\n\n<h2 class=\"wp-block-heading\" id=\"h-opinioni-contrastanti-in-base-al-residente-e-al-mezzo-di-trasporto\">Opinioni contrastanti in base al residente e al mezzo di trasporto<\/h2>\n\n\n\n<p>Tutto sommato, il Principato rimane un Paese in cui gli incidenti sono rari. Soprattutto se confrontato con la Francia e le Alpi Marittime, dove, secondo l&#8217;Osservatorio dipartimentale della sicurezza stradale, nel 2023 sono rimaste uccise 53 persone. Leggendo i commenti che abbiamo ricevuto, sembrerebbe che gli abitanti della zona si sentano nel complesso al sicuro. &#8220;Mi sento molto sicuro&#8221;, ha scritto un lettore, mentre un altro ha aggiunto: &#8220;Sicuro, s\u00ec! Ma c&#8217;\u00e8 sempre margine di miglioramento&#8230;&#8221;. D&#8217;altra parte, come in Francia, <a href=\"https:\/\/www.monaco-tribune.com\/2022\/05\/securite-routiere-les-deux-roues-encore-majoritairement-impliques-dans-les-accidents\/\">la maggior parte degli incidenti con feriti nel Principato avvengono sui due ruote<\/a>. Tre incidenti su quattro a Monaco coinvolgono infatti un motociclo. Nelle Alpi Marittime, il numero passa a uno su due, sempre secondo l&#8217;Osservatorio dipartimentale della sicurezza stradale.<\/p>\n\n\n\n<p>In generale, i residenti concordano sul fatto che viaggiare su due ruote sia pericoloso, come scrive Lili, secondo cui il pericolo principale \u00e8 rappresentato dai &#8220;tantissimi scooter a Monaco che non rispettano abbastanza le regole&#8221;. I commenti continuano su questa linea, sottolineando il discutibile rispetto del codice della strada: &#8220;l&#8217;unico pericolo \u00e8 rappresentato dai sorpassi a destra e a sinistra di moto e motorini, soprattutto nelle ore di punta&#8221;.<\/p>\n\n\n\n<p>Gli utenti concordano anche sul fatto che circolare in bicicletta a Monaco sia molto rischioso. Secondo i nostri lettori, la mancanza di piste ciclabili, o la loro ubicazione, non contribuisce a migliorare la sicurezza di questo mezzo di trasporto. &#8220;La pista ciclabile di Avenue Albert II, che passa sotto il Tunnel du Rocher in direzione di Port Hercule, \u00e8 piuttosto pericolosa, soprattutto quando si deve attraversare la strada&#8221;, dice un lettore. Un altro ha fatto la stessa osservazione: &#8220;Non ci sono piste ciclabili, o meglio, qualcuna c&#8217;\u00e8, come quella che si ferma in mezzo al tunnel tra Fontvieille e il porto&#8221;. &#8220;L&#8217;asfalto del Boulevard des Moulins va rifatto con urgenza (&#8230;) Ci sono buche lungo tutta la strada. Sta diventando molto pericoloso andarci in bicicletta&#8230;&#8221;, avverte un altro dei nostri lettori.<\/p>\n\n\n\n<p>Sebbene il Principato sia facilmente accessibile ai pedoni grazie agli ampi marciapiedi e agli ascensori disponibili, i lavori stradali rendono sempre pi\u00f9 difficili gli spostamenti. &#8220;Camminare a piedi \u00e8 sempre pi\u00f9 pericoloso! I marciapiedi sono intasati e bisogna camminare in strada per colpa di alcuni lavori&#8221;, racconta Isabelle.<\/p>\n\n\n\n<p class=\"related\"><a href=\"https:\/\/www.monaco-tribune.com\/it\/2021\/05\/monaco-e-un-paese-sicuro-per-i-pedoni\/\">Monaco \u00e8 un paese sicuro per i pedoni?<\/a><\/p>\n\n\n\n<h2 class=\"wp-block-heading\" id=\"h-quattro-incidenti-molto-gravi\">Quattro incidenti molto gravi<\/h2>\n\n\n\n<p>Negli ultimi mesi, una serie di incidenti mortali ha sconvolto e scosso il Principato.<\/p>\n\n\n\n<p><a href=\"https:\/\/www.monaco-tribune.com\/2024\/03\/5-ans-de-prison-ferme-pour-un-chauffard-qui-a-cause-la-mort-dun-homme-a-monaco\/\">Il primo \u00e8 costato la vita a una persona<\/a>. Il 7 gennaio 2023, di ritorno dalle celebrazioni del Natale ortodosso, un uomo di origine ucraina, al volante della sua 4&#215;4, si \u00e8 scontrato con un altro uomo su tre ruote nella corsia opposta. La tragedia \u00e8 avvenuta poco prima delle 23:00 nel tunnel IM2S e, purtroppo, la vittima, che non era sotto l&#8217;effetto dell&#8217;alcol, \u00e8 deceduta al Centro Ospedaliero Principessa Grace. Il colpevole, che era ubriaco al momento dell&#8217;incidente e non ha voluto sottostare alle richieste delle autorit\u00e0, \u00e8 stato condannato in appello a 6 anni di reclusione dal tribunale di Monaco.<\/p>\n\n\n\n<p class=\"related\"><a href=\"https:\/\/www.monaco-tribune.com\/it\/2021\/07\/stephane-meoli-un-protagonista-della-sicurezza-stradale-monegasca\/\">St\u00e9phane Meoli: un protagonista della sicurezza stradale monegasca<\/a><\/p>\n\n\n\n<p>Il secondo incidente \u00e8 avvenuto nel tunnel Louis II. La sera del 1\u00b0 aprile, mentre tornavano a casa dopo una serata al Larvotto, tre amici sono rimasti uccisi. L&#8217;Audi Q3 guidata da uno dei ragazzi si \u00e8 schiantata contro il muretto dell&#8217;auditorium Rainier III. La violenza dell&#8217;impatto (le indagini hanno rivelato che il veicolo viaggiava a 156 km\/h) ha provocato un&#8217;esplosione quasi immediata. Il conducente aveva un elevato tasso di alcol e cocaina.<\/p>\n\n\n\n<p><a href=\"https:\/\/www.monaco-tribune.com\/it\/2024\/03\/pirata-della-strada-incriminato-dopo-lincidendete-che-e-costato-la-vita-a-due-studentesse-dellium\/\">L&#8217;ultimo incidente mortale del 2023 risale al 17 dicembre<\/a>. Cinque studenti dell&#8217;Universit\u00e0 Internazionale di Monaco erano in macchina. Il conducente, in stato di ebbrezza, procedeva a velocit\u00e0 sostenuta e si \u00e8 schiantato contro il muretto all&#8217;uscita del tunnel Millenium a Cap d&#8217;Ail, provocando la morte di due studenti. L&#8217;uomo alla guida, che \u00e8 rimasto gravemente ferito, \u00e8 stato accusato di &#8220;omicidio colposo aggravato e lesioni colpose aggravate&#8221; e sar\u00e0 processato nei prossimi mesi.<\/p>\n\n\n\n<p>L&#8217;ultimo \u00e8 avvenuto il 3 marzo 2024 sull&#8217;autostrada A8 a La Turbie. Come riportato da <a href=\"https:\/\/www.monacomatin.mc\/faits-divers\/un-mort-et-une-personne-blessee-dans-un-suraccident-survenu-sur-lautoroute-a8-dans-les-alpes-maritimes-906966\">Monaco-Matin<\/a>, mentre un carro attrezzi stava intervenendo su un veicolo gi\u00e0 coinvolto in un incidente, un&#8217;altra auto ha falciato due persone e si \u00e8 schiantata contro il carro attrezzi causando una vittima e sei feriti.<\/p>\n\n\n\n<h2 class=\"wp-block-heading\" id=\"h-sanzioni-piu-severe-e-maggiore-sensibilizzazione\">Sanzioni pi\u00f9 severe e maggiore sensibilizzazione<\/h2>\n\n\n\n<p>Tra le strade che il Ministero degli Interni sta esplorando ci sono pene pi\u00f9 severe per le infrazioni di velocit\u00e0, la guida in stato di ebbrezza o sotto l&#8217;effetto di droghe e l&#8217;ubriachezza pubblica e manifesta. Potrebbero essere introdotti anche test preventivi per alcol e droghe, ovvero dei controlli a campione, come gi\u00e0 avviene in Francia.<\/p>\n\n\n\n<p>Tuttavia, prima di poter entrare in vigore, questi cambiamenti richiederanno delle modifiche legislative. Secondo il Dipartimento dell&#8217;Interno, &#8220;le relative bozze sono attualmente in fase di preparazione e dovrebbero tradursi nella presentazione di un disegno di legge da sottoporre al Governo prima della pausa estiva&#8221;.<\/p>\n\n\n\n<p>Oltre a queste misure repressive, sono gi\u00e0 in corso campagne di dissuasione e di sensibilizzazione per tutte la popolazione, in particolare per i pi\u00f9 giovani. Mentre la S\u00fbret\u00e9 Publique gira per il paese per garantire la massima visibilit\u00e0, la polizia monegasca interviene nelle scuole.<\/p>\n\n\n\n<p>La collaborazione tra il Dipartimento di Pubblica Sicurezza e <a href=\"https:\/\/www.monaco-tribune.com\/it\/2022\/06\/be-safe-monaco-portare-a-casa-in-sicurezza-i-ragazzi-ubriachi\/\">l&#8217;associazione &#8220;Be Safe&#8221;<\/a> rappresenta un ulteriore strumento di sensibilizzazione sui rischi della guida in stato di ebbrezza. Ancora, la fornitura di etilometri nei locali notturni \u00e8 un&#8217;altra iniziativa volta a cambiare il comportamento e a responsabilizzare gli automobilisti.<\/p>\n\n\n\n<p class=\"related\"><a href=\"https:\/\/www.monaco-tribune.com\/it\/2023\/03\/a-monaco-tolleranza-zero-per-oltraggio-a-pubblico-ufficiale\/\">A Monaco, tolleranza zero per oltraggio a pubblico ufficiale<\/a><\/p>\n\n\n\n<h2 class=\"wp-block-heading\" id=\"h-quali-sono-le-sanzioni-previste-per-le-infrazioni-al-codice-della-strada\">Quali sono le sanzioni previste per le infrazioni al codice della strada?<\/h2>\n\n\n\n<p>Oggi le sanzioni per le infrazioni al codice della strada variano a seconda della gravit\u00e0 del fatto. Possono andare da una semplice multa da 45 a 600 \u20ac per guida pericolosa, fino alla reclusione e al ritiro della patente di guida.<\/p>\n\n\n\n<p>Tutto dipende se il reato rientra nel Codice della Strada o nel Codice Penale. Tutti i reati di guida in stato di ebbrezza o sotto l&#8217;effetto di sostanze stupefacenti rientrano nel Codice Penale. In questo caso, il trasgressore rischia da 1 a 6 mesi di reclusione e una multa fino a 9.000 \u20ac.<\/p>\n\n\n\n<p class=\"related\"><a href=\"https:\/\/www.monaco-tribune.com\/it\/2022\/10\/qual-e-la-situazione-dei-due-ruote-a-monaco\/\">Qual \u00e8 la situazione dei due ruote a Monaco?<\/a><\/p>\n\n\n\n<h2 class=\"wp-block-heading has-text-align-left\" id=\"h-quali-sono-le-alternative-per-non-mettersi-alla-guida-dopo-una-notte-di-festa\">Quali sono le alternative per non mettersi alla guida dopo una notte di festa?<\/h2>\n\n\n\n<p>Per contenere questo comportamento pericoloso, il messaggio delle autorit\u00e0 \u00e8 chiaro: il codice della strada deve essere rigorosamente rispettato. &#8220;L&#8217;assunzione di alcol e droghe rappresenta un grave pericolo e le conseguenze sulla strada sono assolutamente drammatiche. Disciplina e buon senso sono valori preziosi; tutti dobbiamo essere responsabili&#8221;.<\/p>\n\n\n\n<p>Il Principato, consapevole che l&#8217;alcol \u00e8 la causa principale degli incidenti, sta sviluppando e sostenendo sempre pi\u00f9 soluzioni.<\/p>\n\n\n\n<h3 class=\"wp-block-heading has-text-align-center\" id=\"h-be-safe-la-piu-conosciuta\">Be Safe, la pi\u00f9 conosciuta<\/h3>\n\n\n\n<p>Dal 2017, l&#8217;associazione fondata da Camille Gottlieb e quattro suoi amici ha messo a punto un programma di sensibilizzazione sia per i giovani che per i locali. L&#8217;associazione si offre di riaccompagnare gratuitamente a casa i ragazzi dopo una serata, sia a Monaco che nei comuni limitrofi. Il bus navetta \u00e8 attivo a Port Hercule e al Larvotto dall&#8217;1 di notte alle 5:30 del mattino.<\/p>\n\n\n\n<h3 class=\"wp-block-heading has-text-align-center\" id=\"h-i-bus-notturni-e-i-bus-a-chiamata\">I bus notturni e i bus &#8220;a chiamata&#8221;<\/h3>\n\n\n\n<p>Durante l&#8217;estate, l&#8217;ultima partenza delle due linee di autobus notturni \u00e8 alle 2:40 (il venerd\u00ec e il sabato), con una frequenza di uno ogni 40 minuti. La linea N1 parte dalla fermata Albert II e arriva a Place des Moulins passando per Stade Nautique, Larvotto e Monte Carlo. La linea N2 va da Monaco-Ville al Jardin exotique passando per le fermate Princesse St\u00e9phanie, Monte-Carlo Tourisme e Pont Sainte D\u00e9vote.<\/p>\n\n\n\n<p>Inoltre, a supporto di questi servizi notturni, il ClicBus \u00e8 disponibile anche di notte (fino alle 2:30 il venerd\u00ec e il sabato) in tutte le fermate del Principato. Pu\u00f2 essere prenotato sull&#8217;app o per telefono, costa come un autobus di linea e vi porta da un punto A a un punto B in tempi molto brevi.<\/p>\n\n\n\n<h3 class=\"wp-block-heading has-text-align-center\" id=\"h-il-taxi-il-mezzo-piu-caro-ma-il-piu-veloce\">Il taxi, il mezzo pi\u00f9 caro ma il pi\u00f9 veloce<\/h3>\n\n\n\n<p>Il prezzo di una corsa sul territorio monegasco \u00e8 di 18\u20ac. Di giorno o di notte, il costo resta invariato, in modo che possiate tornare a casa in tutta sicurezza senza dover aspettare troppo. Basta chiamare il numero +377 93 15 01 01.<\/p>\n\n\n\n<h3 class=\"wp-block-heading has-text-align-center\" id=\"h-il-guidatore-designato\">Il guidatore designato<\/h3>\n\n\n\n<p>Infine c&#8217;\u00e8 la tecnica del guidatore designato: una persona che non berr\u00e0 durante la serata e che sar\u00e0 responsabile di riportare a casa i suoi amici in tutta sicurezza. Un metodo sicuramente collaudato, forse meno divertente per chi dovr\u00e0 rimanere sobrio, ma dopo tutto non serve per forza bere per divertirsi.<\/p>\n","protected":false},"excerpt":{"rendered":"<p>Il Ministero dell&#8217;Interno sta valutando nuove misure per limitare i comportamenti pericolosi in strada. Lo scorso febbraio, la S\u00fbret\u00e9 Publique [&hellip;]<\/p>\n","protected":false},"author":66,"featured_media":239869,"comment_status":"closed","ping_status":"closed","sticky":false,"template":"","format":"standard","meta":{"_acf_changed":false,"footnotes":""},"categories":[1826,1738,1752],"tags":[3125],"post_sectags":[],"post_format":[2475],"class_list":["post-243374","post","type-post","status-publish","format-standard","has-post-thumbnail","hentry","category-la-nostra-scelta","category-notizie","category-societa","tag-sicurezza","format-inchiesta"],"acf":[],"yoast_head":"<!-- This site is optimized with the Yoast SEO Premium plugin v26.8 (Yoast SEO v27.4) - https:\/\/yoast.com\/product\/yoast-seo-premium-wordpress\/ -->\n<title>Sanzioni stradali presto pi\u00f9 severe a Monaco?<\/title>\n<meta name=\"description\" content=\"Il Ministero dell&#039;Interno sta valutando nuove misure per limitare i comportamenti pericolosi in strada. Lo scorso febbraio, la S\u00fbret\u00e9 Publique ha\" \/>\n<meta name=\"robots\" content=\"index, follow, max-snippet:-1, max-image-preview:large, max-video-preview:-1\" \/>\n<link rel=\"canonical\" href=\"https:\/\/www.monaco-tribune.com\/it\/2024\/07\/sanzioni-stradali-presto-piu-severe-a-monaco\/\" \/>\n<meta property=\"og:locale\" content=\"it_IT\" \/>\n<meta property=\"og:type\" content=\"article\" \/>\n<meta property=\"og:title\" content=\"Sanzioni stradali presto pi\u00f9 severe a Monaco? - Monaco Tribune\" \/>\n<meta property=\"og:description\" content=\"Il Ministero dell&#039;Interno sta valutando nuove misure per limitare i comportamenti pericolosi in strada. Lo scorso febbraio, la S\u00fbret\u00e9 Publique ha\" \/>\n<meta property=\"og:url\" content=\"https:\/\/www.monaco-tribune.com\/it\/2024\/07\/sanzioni-stradali-presto-piu-severe-a-monaco\/\" \/>\n<meta property=\"og:site_name\" content=\"Monaco Tribune\" \/>\n<meta property=\"article:publisher\" content=\"https:\/\/www.facebook.com\/MonacoTribune\" \/>\n<meta property=\"article:published_time\" content=\"2024-07-22T09:42:02+00:00\" \/>\n<meta property=\"article:modified_time\" content=\"2024-07-22T10:09:23+00:00\" \/>\n<meta property=\"og:image\" content=\"https:\/\/www.monaco-tribune.com\/wp-content\/uploads\/2024\/06\/securite-routiere-monaco-accidents.jpg\" \/>\n\t<meta property=\"og:image:width\" content=\"1300\" \/>\n\t<meta property=\"og:image:height\" content=\"867\" \/>\n\t<meta property=\"og:image:type\" content=\"image\/jpeg\" \/>\n<meta name=\"author\" content=\"Th\u00e9o Briand\" \/>\n<meta name=\"twitter:card\" content=\"summary_large_image\" \/>\n<meta name=\"twitter:creator\" content=\"@MonacoTribune\" \/>\n<meta name=\"twitter:site\" content=\"@MonacoTribune\" \/>\n<script type=\"application\/ld+json\" class=\"yoast-schema-graph\">{\"@context\":\"https:\\\/\\\/schema.org\",\"@graph\":[{\"@type\":\"NewsArticle\",\"@id\":\"https:\\\/\\\/www.monaco-tribune.com\\\/it\\\/2024\\\/07\\\/sanzioni-stradali-presto-piu-severe-a-monaco\\\/#article\",\"isPartOf\":{\"@id\":\"https:\\\/\\\/www.monaco-tribune.com\\\/it\\\/2024\\\/07\\\/sanzioni-stradali-presto-piu-severe-a-monaco\\\/\"},\"author\":{\"name\":\"Th\u00e9o Briand\",\"@id\":\"https:\\\/\\\/www.monaco-tribune.com\\\/it\\\/#\\\/schema\\\/person\\\/94fb5723547bd83dea1eed97e25145aa\"},\"headline\":\"Sanzioni stradali presto pi\u00f9 severe a Monaco?\",\"datePublished\":\"2024-07-22T09:42:02+00:00\",\"dateModified\":\"2024-07-22T10:09:23+00:00\",\"mainEntityOfPage\":{\"@id\":\"https:\\\/\\\/www.monaco-tribune.com\\\/it\\\/2024\\\/07\\\/sanzioni-stradali-presto-piu-severe-a-monaco\\\/\"},\"wordCount\":1533,\"publisher\":{\"@id\":\"https:\\\/\\\/www.monaco-tribune.com\\\/it\\\/#organization\"},\"image\":{\"@id\":\"https:\\\/\\\/www.monaco-tribune.com\\\/it\\\/2024\\\/07\\\/sanzioni-stradali-presto-piu-severe-a-monaco\\\/#primaryimage\"},\"thumbnailUrl\":\"https:\\\/\\\/www.monaco-tribune.com\\\/wp-content\\\/uploads\\\/2024\\\/06\\\/securite-routiere-monaco-accidents.jpg\",\"keywords\":[\"Sicurezza\"],\"articleSection\":[\"La nostra scelta\",\"Notizie\",\"Societ\u00e0\"],\"inLanguage\":\"it-IT\",\"copyrightYear\":\"2024\",\"copyrightHolder\":{\"@id\":\"https:\\\/\\\/www.monaco-tribune.com\\\/#organization\"}},{\"@type\":\"WebPage\",\"@id\":\"https:\\\/\\\/www.monaco-tribune.com\\\/it\\\/2024\\\/07\\\/sanzioni-stradali-presto-piu-severe-a-monaco\\\/\",\"url\":\"https:\\\/\\\/www.monaco-tribune.com\\\/it\\\/2024\\\/07\\\/sanzioni-stradali-presto-piu-severe-a-monaco\\\/\",\"name\":\"Sanzioni stradali presto pi\u00f9 severe a Monaco?\",\"isPartOf\":{\"@id\":\"https:\\\/\\\/www.monaco-tribune.com\\\/it\\\/#website\"},\"primaryImageOfPage\":{\"@id\":\"https:\\\/\\\/www.monaco-tribune.com\\\/it\\\/2024\\\/07\\\/sanzioni-stradali-presto-piu-severe-a-monaco\\\/#primaryimage\"},\"image\":{\"@id\":\"https:\\\/\\\/www.monaco-tribune.com\\\/it\\\/2024\\\/07\\\/sanzioni-stradali-presto-piu-severe-a-monaco\\\/#primaryimage\"},\"thumbnailUrl\":\"https:\\\/\\\/www.monaco-tribune.com\\\/wp-content\\\/uploads\\\/2024\\\/06\\\/securite-routiere-monaco-accidents.jpg\",\"datePublished\":\"2024-07-22T09:42:02+00:00\",\"dateModified\":\"2024-07-22T10:09:23+00:00\",\"description\":\"Il Ministero dell'Interno sta valutando nuove misure per limitare i comportamenti pericolosi in strada. Lo scorso febbraio, la S\u00fbret\u00e9 Publique ha\",\"breadcrumb\":{\"@id\":\"https:\\\/\\\/www.monaco-tribune.com\\\/it\\\/2024\\\/07\\\/sanzioni-stradali-presto-piu-severe-a-monaco\\\/#breadcrumb\"},\"inLanguage\":\"it-IT\",\"potentialAction\":[{\"@type\":\"ReadAction\",\"target\":[\"https:\\\/\\\/www.monaco-tribune.com\\\/it\\\/2024\\\/07\\\/sanzioni-stradali-presto-piu-severe-a-monaco\\\/\"]}]},{\"@type\":\"ImageObject\",\"inLanguage\":\"it-IT\",\"@id\":\"https:\\\/\\\/www.monaco-tribune.com\\\/it\\\/2024\\\/07\\\/sanzioni-stradali-presto-piu-severe-a-monaco\\\/#primaryimage\",\"url\":\"https:\\\/\\\/www.monaco-tribune.com\\\/wp-content\\\/uploads\\\/2024\\\/06\\\/securite-routiere-monaco-accidents.jpg\",\"contentUrl\":\"https:\\\/\\\/www.monaco-tribune.com\\\/wp-content\\\/uploads\\\/2024\\\/06\\\/securite-routiere-monaco-accidents.jpg\",\"width\":1300,\"height\":867,\"caption\":\"Il 2023 \u00e8 stato uno degli anni con pi\u00f9 vittime della strada nella storia del Principato \u00a9 Unsplash \\\/ Yevhenii Dubrovskyi\"},{\"@type\":\"BreadcrumbList\",\"@id\":\"https:\\\/\\\/www.monaco-tribune.com\\\/it\\\/2024\\\/07\\\/sanzioni-stradali-presto-piu-severe-a-monaco\\\/#breadcrumb\",\"itemListElement\":[{\"@type\":\"ListItem\",\"position\":1,\"name\":\"Accueil\",\"item\":\"https:\\\/\\\/www.monaco-tribune.com\\\/it\\\/\"},{\"@type\":\"ListItem\",\"position\":2,\"name\":\"Sanzioni stradali presto pi\u00f9 severe a Monaco?\"}]},{\"@type\":\"WebSite\",\"@id\":\"https:\\\/\\\/www.monaco-tribune.com\\\/it\\\/#website\",\"url\":\"https:\\\/\\\/www.monaco-tribune.com\\\/it\\\/\",\"name\":\"Monaco Tribune\",\"description\":\"Monaco : actualit\u00e9s \u00e9conomiques, politiques, culturelles et sportives de Monaco et de la French Riviera.\",\"publisher\":{\"@id\":\"https:\\\/\\\/www.monaco-tribune.com\\\/it\\\/#organization\"},\"potentialAction\":[{\"@type\":\"SearchAction\",\"target\":{\"@type\":\"EntryPoint\",\"urlTemplate\":\"https:\\\/\\\/www.monaco-tribune.com\\\/it\\\/?s={search_term_string}\"},\"query-input\":{\"@type\":\"PropertyValueSpecification\",\"valueRequired\":true,\"valueName\":\"search_term_string\"}}],\"inLanguage\":\"it-IT\"},{\"@type\":\"Organization\",\"@id\":\"https:\\\/\\\/www.monaco-tribune.com\\\/it\\\/#organization\",\"name\":\"Monaco Tribune\",\"url\":\"https:\\\/\\\/www.monaco-tribune.com\\\/it\\\/\",\"logo\":{\"@type\":\"ImageObject\",\"inLanguage\":\"it-IT\",\"@id\":\"https:\\\/\\\/www.monaco-tribune.com\\\/it\\\/#\\\/schema\\\/logo\\\/image\\\/\",\"url\":\"https:\\\/\\\/www.monaco-tribune.com\\\/wp-content\\\/uploads\\\/2022\\\/11\\\/logo-monaco-tribune.png\",\"contentUrl\":\"https:\\\/\\\/www.monaco-tribune.com\\\/wp-content\\\/uploads\\\/2022\\\/11\\\/logo-monaco-tribune.png\",\"width\":1548,\"height\":600,\"caption\":\"Monaco Tribune\"},\"image\":{\"@id\":\"https:\\\/\\\/www.monaco-tribune.com\\\/it\\\/#\\\/schema\\\/logo\\\/image\\\/\"},\"sameAs\":[\"https:\\\/\\\/www.facebook.com\\\/MonacoTribune\",\"https:\\\/\\\/x.com\\\/MonacoTribune\",\"https:\\\/\\\/www.instagram.com\\\/monacotribune\\\/\",\"https:\\\/\\\/www.linkedin.com\\\/company\\\/monaco-tribune\",\"https:\\\/\\\/www.youtube.com\\\/channel\\\/UCHle1MnG6hw1y4lWKijVbMA\"]},{\"@type\":\"Person\",\"@id\":\"https:\\\/\\\/www.monaco-tribune.com\\\/it\\\/#\\\/schema\\\/person\\\/94fb5723547bd83dea1eed97e25145aa\",\"name\":\"Th\u00e9o Briand\",\"image\":{\"@type\":\"ImageObject\",\"inLanguage\":\"it-IT\",\"@id\":\"https:\\\/\\\/secure.gravatar.com\\\/avatar\\\/1c02cfd8b8054d8c376f9a942a1dc4dbacfd8ba5e6f8dbb5e16f4aa3d281972a?s=96&d=mm&r=g\",\"url\":\"https:\\\/\\\/secure.gravatar.com\\\/avatar\\\/1c02cfd8b8054d8c376f9a942a1dc4dbacfd8ba5e6f8dbb5e16f4aa3d281972a?s=96&d=mm&r=g\",\"contentUrl\":\"https:\\\/\\\/secure.gravatar.com\\\/avatar\\\/1c02cfd8b8054d8c376f9a942a1dc4dbacfd8ba5e6f8dbb5e16f4aa3d281972a?s=96&d=mm&r=g\",\"caption\":\"Th\u00e9o Briand\"},\"url\":\"https:\\\/\\\/www.monaco-tribune.com\\\/it\\\/author\\\/theobriand\\\/\"}]}<\/script>\n<!-- \/ Yoast SEO Premium plugin. -->","yoast_head_json":{"title":"Sanzioni stradali presto pi\u00f9 severe a Monaco?","description":"Il Ministero dell'Interno sta valutando nuove misure per limitare i comportamenti pericolosi in strada. Lo scorso febbraio, la S\u00fbret\u00e9 Publique ha","robots":{"index":"index","follow":"follow","max-snippet":"max-snippet:-1","max-image-preview":"max-image-preview:large","max-video-preview":"max-video-preview:-1"},"canonical":"https:\/\/www.monaco-tribune.com\/it\/2024\/07\/sanzioni-stradali-presto-piu-severe-a-monaco\/","og_locale":"it_IT","og_type":"article","og_title":"Sanzioni stradali presto pi\u00f9 severe a Monaco? - Monaco Tribune","og_description":"Il Ministero dell'Interno sta valutando nuove misure per limitare i comportamenti pericolosi in strada. Lo scorso febbraio, la S\u00fbret\u00e9 Publique ha","og_url":"https:\/\/www.monaco-tribune.com\/it\/2024\/07\/sanzioni-stradali-presto-piu-severe-a-monaco\/","og_site_name":"Monaco Tribune","article_publisher":"https:\/\/www.facebook.com\/MonacoTribune","article_published_time":"2024-07-22T09:42:02+00:00","article_modified_time":"2024-07-22T10:09:23+00:00","og_image":[{"width":1300,"height":867,"url":"https:\/\/www.monaco-tribune.com\/wp-content\/uploads\/2024\/06\/securite-routiere-monaco-accidents.jpg","type":"image\/jpeg"}],"author":"Th\u00e9o Briand","twitter_card":"summary_large_image","twitter_creator":"@MonacoTribune","twitter_site":"@MonacoTribune","schema":{"@context":"https:\/\/schema.org","@graph":[{"@type":"NewsArticle","@id":"https:\/\/www.monaco-tribune.com\/it\/2024\/07\/sanzioni-stradali-presto-piu-severe-a-monaco\/#article","isPartOf":{"@id":"https:\/\/www.monaco-tribune.com\/it\/2024\/07\/sanzioni-stradali-presto-piu-severe-a-monaco\/"},"author":{"name":"Th\u00e9o Briand","@id":"https:\/\/www.monaco-tribune.com\/it\/#\/schema\/person\/94fb5723547bd83dea1eed97e25145aa"},"headline":"Sanzioni stradali presto pi\u00f9 severe a Monaco?","datePublished":"2024-07-22T09:42:02+00:00","dateModified":"2024-07-22T10:09:23+00:00","mainEntityOfPage":{"@id":"https:\/\/www.monaco-tribune.com\/it\/2024\/07\/sanzioni-stradali-presto-piu-severe-a-monaco\/"},"wordCount":1533,"publisher":{"@id":"https:\/\/www.monaco-tribune.com\/it\/#organization"},"image":{"@id":"https:\/\/www.monaco-tribune.com\/it\/2024\/07\/sanzioni-stradali-presto-piu-severe-a-monaco\/#primaryimage"},"thumbnailUrl":"https:\/\/www.monaco-tribune.com\/wp-content\/uploads\/2024\/06\/securite-routiere-monaco-accidents.jpg","keywords":["Sicurezza"],"articleSection":["La nostra scelta","Notizie","Societ\u00e0"],"inLanguage":"it-IT","copyrightYear":"2024","copyrightHolder":{"@id":"https:\/\/www.monaco-tribune.com\/#organization"}},{"@type":"WebPage","@id":"https:\/\/www.monaco-tribune.com\/it\/2024\/07\/sanzioni-stradali-presto-piu-severe-a-monaco\/","url":"https:\/\/www.monaco-tribune.com\/it\/2024\/07\/sanzioni-stradali-presto-piu-severe-a-monaco\/","name":"Sanzioni stradali presto pi\u00f9 severe a Monaco?","isPartOf":{"@id":"https:\/\/www.monaco-tribune.com\/it\/#website"},"primaryImageOfPage":{"@id":"https:\/\/www.monaco-tribune.com\/it\/2024\/07\/sanzioni-stradali-presto-piu-severe-a-monaco\/#primaryimage"},"image":{"@id":"https:\/\/www.monaco-tribune.com\/it\/2024\/07\/sanzioni-stradali-presto-piu-severe-a-monaco\/#primaryimage"},"thumbnailUrl":"https:\/\/www.monaco-tribune.com\/wp-content\/uploads\/2024\/06\/securite-routiere-monaco-accidents.jpg","datePublished":"2024-07-22T09:42:02+00:00","dateModified":"2024-07-22T10:09:23+00:00","description":"Il Ministero dell'Interno sta valutando nuove misure per limitare i comportamenti pericolosi in strada. Lo scorso febbraio, la S\u00fbret\u00e9 Publique ha","breadcrumb":{"@id":"https:\/\/www.monaco-tribune.com\/it\/2024\/07\/sanzioni-stradali-presto-piu-severe-a-monaco\/#breadcrumb"},"inLanguage":"it-IT","potentialAction":[{"@type":"ReadAction","target":["https:\/\/www.monaco-tribune.com\/it\/2024\/07\/sanzioni-stradali-presto-piu-severe-a-monaco\/"]}]},{"@type":"ImageObject","inLanguage":"it-IT","@id":"https:\/\/www.monaco-tribune.com\/it\/2024\/07\/sanzioni-stradali-presto-piu-severe-a-monaco\/#primaryimage","url":"https:\/\/www.monaco-tribune.com\/wp-content\/uploads\/2024\/06\/securite-routiere-monaco-accidents.jpg","contentUrl":"https:\/\/www.monaco-tribune.com\/wp-content\/uploads\/2024\/06\/securite-routiere-monaco-accidents.jpg","width":1300,"height":867,"caption":"Il 2023 \u00e8 stato uno degli anni con pi\u00f9 vittime della strada nella storia del Principato \u00a9 Unsplash \/ Yevhenii Dubrovskyi"},{"@type":"BreadcrumbList","@id":"https:\/\/www.monaco-tribune.com\/it\/2024\/07\/sanzioni-stradali-presto-piu-severe-a-monaco\/#breadcrumb","itemListElement":[{"@type":"ListItem","position":1,"name":"Accueil","item":"https:\/\/www.monaco-tribune.com\/it\/"},{"@type":"ListItem","position":2,"name":"Sanzioni stradali presto pi\u00f9 severe a Monaco?"}]},{"@type":"WebSite","@id":"https:\/\/www.monaco-tribune.com\/it\/#website","url":"https:\/\/www.monaco-tribune.com\/it\/","name":"Monaco Tribune","description":"Monaco : actualit\u00e9s \u00e9conomiques, politiques, culturelles et sportives de Monaco et de la French Riviera.","publisher":{"@id":"https:\/\/www.monaco-tribune.com\/it\/#organization"},"potentialAction":[{"@type":"SearchAction","target":{"@type":"EntryPoint","urlTemplate":"https:\/\/www.monaco-tribune.com\/it\/?s={search_term_string}"},"query-input":{"@type":"PropertyValueSpecification","valueRequired":true,"valueName":"search_term_string"}}],"inLanguage":"it-IT"},{"@type":"Organization","@id":"https:\/\/www.monaco-tribune.com\/it\/#organization","name":"Monaco Tribune","url":"https:\/\/www.monaco-tribune.com\/it\/","logo":{"@type":"ImageObject","inLanguage":"it-IT","@id":"https:\/\/www.monaco-tribune.com\/it\/#\/schema\/logo\/image\/","url":"https:\/\/www.monaco-tribune.com\/wp-content\/uploads\/2022\/11\/logo-monaco-tribune.png","contentUrl":"https:\/\/www.monaco-tribune.com\/wp-content\/uploads\/2022\/11\/logo-monaco-tribune.png","width":1548,"height":600,"caption":"Monaco Tribune"},"image":{"@id":"https:\/\/www.monaco-tribune.com\/it\/#\/schema\/logo\/image\/"},"sameAs":["https:\/\/www.facebook.com\/MonacoTribune","https:\/\/x.com\/MonacoTribune","https:\/\/www.instagram.com\/monacotribune\/","https:\/\/www.linkedin.com\/company\/monaco-tribune","https:\/\/www.youtube.com\/channel\/UCHle1MnG6hw1y4lWKijVbMA"]},{"@type":"Person","@id":"https:\/\/www.monaco-tribune.com\/it\/#\/schema\/person\/94fb5723547bd83dea1eed97e25145aa","name":"Th\u00e9o Briand","image":{"@type":"ImageObject","inLanguage":"it-IT","@id":"https:\/\/secure.gravatar.com\/avatar\/1c02cfd8b8054d8c376f9a942a1dc4dbacfd8ba5e6f8dbb5e16f4aa3d281972a?s=96&d=mm&r=g","url":"https:\/\/secure.gravatar.com\/avatar\/1c02cfd8b8054d8c376f9a942a1dc4dbacfd8ba5e6f8dbb5e16f4aa3d281972a?s=96&d=mm&r=g","contentUrl":"https:\/\/secure.gravatar.com\/avatar\/1c02cfd8b8054d8c376f9a942a1dc4dbacfd8ba5e6f8dbb5e16f4aa3d281972a?s=96&d=mm&r=g","caption":"Th\u00e9o Briand"},"url":"https:\/\/www.monaco-tribune.com\/it\/author\/theobriand\/"}]}},"_links":{"self":[{"href":"https:\/\/www.monaco-tribune.com\/it\/wp-json\/wp\/v2\/posts\/243374","targetHints":{"allow":["GET"]}}],"collection":[{"href":"https:\/\/www.monaco-tribune.com\/it\/wp-json\/wp\/v2\/posts"}],"about":[{"href":"https:\/\/www.monaco-tribune.com\/it\/wp-json\/wp\/v2\/types\/post"}],"author":[{"embeddable":true,"href":"https:\/\/www.monaco-tribune.com\/it\/wp-json\/wp\/v2\/users\/66"}],"replies":[{"embeddable":true,"href":"https:\/\/www.monaco-tribune.com\/it\/wp-json\/wp\/v2\/comments?post=243374"}],"version-history":[{"count":2,"href":"https:\/\/www.monaco-tribune.com\/it\/wp-json\/wp\/v2\/posts\/243374\/revisions"}],"predecessor-version":[{"id":243404,"href":"https:\/\/www.monaco-tribune.com\/it\/wp-json\/wp\/v2\/posts\/243374\/revisions\/243404"}],"wp:featuredmedia":[{"embeddable":true,"href":"https:\/\/www.monaco-tribune.com\/it\/wp-json\/wp\/v2\/media\/239869"}],"wp:attachment":[{"href":"https:\/\/www.monaco-tribune.com\/it\/wp-json\/wp\/v2\/media?parent=243374"}],"wp:term":[{"taxonomy":"category","embeddable":true,"href":"https:\/\/www.monaco-tribune.com\/it\/wp-json\/wp\/v2\/categories?post=243374"},{"taxonomy":"post_tag","embeddable":true,"href":"https:\/\/www.monaco-tribune.com\/it\/wp-json\/wp\/v2\/tags?post=243374"},{"taxonomy":"sectag","embeddable":true,"href":"https:\/\/www.monaco-tribune.com\/it\/wp-json\/wp\/v2\/post_sectags?post=243374"},{"taxonomy":"format","embeddable":true,"href":"https:\/\/www.monaco-tribune.com\/it\/wp-json\/wp\/v2\/post_format?post=243374"}],"curies":[{"name":"wp","href":"https:\/\/api.w.org\/{rel}","templated":true}]}}