{"id":243617,"date":"2024-07-23T11:27:26","date_gmt":"2024-07-23T09:27:26","guid":{"rendered":"https:\/\/www.monaco-tribune.com\/2024\/07\/i-siti-grimaldi-ventimiglia-la-citta-vicina-al-principato-con-radici-comuni-e-un-futuro-promettente\/"},"modified":"2024-07-23T11:27:37","modified_gmt":"2024-07-23T09:27:37","slug":"i-siti-grimaldi-ventimiglia-la-citta-vicina-al-principato-con-radici-comuni-e-un-futuro-promettente","status":"publish","type":"post","link":"https:\/\/www.monaco-tribune.com\/it\/2024\/07\/i-siti-grimaldi-ventimiglia-la-citta-vicina-al-principato-con-radici-comuni-e-un-futuro-promettente\/","title":{"rendered":"I siti Grimaldi: Ventimiglia, la citt\u00e0 vicina al Principato con radici comuni e un futuro promettente"},"content":{"rendered":"\n<p><strong>A meno di 30 km dal Principato, il comune italiano ha uno stretto legame con la famiglia Grimaldi.<\/strong><\/p>\n\n<p>Ventimiglia, soprannominata la &#8220;Porta fiorita d&#8217;Italia&#8221; per il suo intenso commercio di fiori, condivide una ricca e complessa storia con il Principato di Monaco. Nel corso dei secoli, queste due citt\u00e0 mediterranee sono state legate da destini comuni, segnati dalla presenza della famiglia Grimaldi nella regione e dall&#8217;influenza della Repubblica di Genova.<\/p>\n\n<h2 class=\"wp-block-heading\" id=\"h-des-liens-ancestraux\">Legami ancestrali<\/h2>\n\n<p>Nel XIV secolo, a partire dal 1329, Carlo I di Monaco, figura emblematica della dinastia monegasca, divenne governatore di Ventimiglia per conto del partito guelfo. Le sue iniziative contribuirono a far s\u00ec che la citt\u00e0 entrasse a far parte della Contea di Provenza nel 1335, prima che il suo dominio passasse definitivamente al partito ghibellino. Nel 1351, qualche anno prima della sua morte, Carlo I acquist\u00f2 dei terreni nella frazione di Mortola a Ventimiglia.<\/p>\n\n<p>Finch\u00e9 Mentone e Roquebrune-Cap-Martin non sono diventate parte della Francia, il Principato ha condiviso un confine comune con Ventimiglia. Infatti, fino al concordato del 1801, il vescovato di Ventimiglia comprendeva le due citt\u00e0, che allora facevano parte del territorio di Monaco.<\/p>\n\n<h2 class=\"wp-block-heading\" id=\"h-la-presence-des-grimaldi-a-vintimille\">La presenza dei Grimaldi a Ventimiglia<\/h2>\n\n<p>La presenza della famiglia Grimaldi a Ventimiglia \u00e8 ancora oggi tangibile in alcune testimonianze storiche. La &#8220;Grotta del Principe&#8221;, ad esempio, \u00e8 un lascito del Principe Florestano I, che nel 1846 organizz\u00f2 e finanzi\u00f2 i primi scavi nel sito archeologico dei Balzi Rossi. Il sito, successivamente valorizzato dal nipote il Principe Alberto I, offre rare testimonianze della presenza umana nella regione fin dalla preistoria.<\/p>\n<div class=\"wp-block-image\">\n<figure class=\"aligncenter size-large\"><img loading=\"lazy\" decoding=\"async\" width=\"1024\" height=\"576\" src=\"https:\/\/www.monaco-tribune.com\/wp-content\/uploads\/2024\/07\/grottes-balzi-rossi--1024x576.jpg\" alt=\"grottes-balzi-rossi-\" class=\"wp-image-243100\" srcset=\"https:\/\/www.monaco-tribune.com\/wp-content\/uploads\/2024\/07\/grottes-balzi-rossi--1024x576.jpg 1024w, https:\/\/www.monaco-tribune.com\/wp-content\/uploads\/2024\/07\/grottes-balzi-rossi--533x300.jpg 533w, https:\/\/www.monaco-tribune.com\/wp-content\/uploads\/2024\/07\/grottes-balzi-rossi-.jpg 2048w\" sizes=\"auto, (max-width: 1024px) 100vw, 1024px\" \/><figcaption class=\"wp-element-caption\"><em>Le grotte dei Balzi Rossi sono state abitate dall&#8217;uomo fin dal Paleolitico \u00a9 Direzione della Comunicazione \/ Manuel Vitali<\/em><\/figcaption><\/figure>\n<\/div>\n<p>I Balzi Rossi si trovano nel borgo di Grimaldi, nella zona di Ventimiglia, non lontano dal confine francese. Il borgo porta ancora con orgoglio il nome della famiglia principesca, poich\u00e9 \u00e8 il risultato della vendita di un feudo, avvenuta nel 1351, da parte di Pietro Saonese a Carlo I Grimaldi, che poi lo ribattezz\u00f2.<\/p>\n\n<p>La chiesa di San Michele Arcangelo sfoggia con orgoglio gli stemmi dei Grimaldi e dei Conti di Ventimiglia, segno dell&#8217;importanza della famiglia nel comune italiano.<\/p>\n\n<p class=\"related\"><a href=\"https:\/\/www.monaco-tribune.com\/it\/2024\/07\/torna-il-treno-nizza-milano-preparate-le-valigie\/\">Torna il treno Nizza-Milano. Preparate le valigie!<\/a><\/p>\n\n<h2 class=\"wp-block-heading\" id=\"h-des-liens-indefectibles-a-travers-les-siecles\">Legami indissolubili che attraversano i secoli<\/h2>\n\n<p>I legami tra Monaco e Ventimiglia hanno attraversato i secoli, rafforzandosi e indebolendosi ad ogni evento storico. Nel 1463, Lambert Grimaldi, del ramo Grimaldi di Cagnes, prest\u00f2 giuramento di fedelt\u00e0 al popolo di Ventimiglia e assunse il ruolo di governatore della citt\u00e0 per conto del Ducato di Milano. Sempre nella citt\u00e0 italiana spos\u00f2 nel 1465 Claudine Grimaldi, ereditiera di Monaco. Anche il loro figlio, Jean II, fu nominato governatore di Ventimiglia nel 1500, ma questa volta per conto del re Luigi XII di Francia.<\/p>\n\n<h2 class=\"wp-block-heading\" id=\"h-une-collaboration-renouvelee-pour-de-nouveaux-projets\">Una collaborazione che si rinnova grazie a nuovi progetti<\/h2>\n\n<p>Come riconoscimento per il profondo legame che unisce le due citt\u00e0, nel 2008 il Principe Alberto II ha ricevuto la cittadinanza onoraria di Ventimiglia. Punto di partenza per un nuovo destino comune, la citt\u00e0 italiana ha anche aderito all&#8217;Associazione Siti Storici Grimaldi per valorizzare la sua ricca storia e sviluppare i legami con il Principato che, come sottolinea Flavio Di Muro, d\u00e0 lavoro a &#8220;5.000 nostri concittadini italiani&#8221;.<\/p>\n\n<p>Ventimiglia ha recentemente partecipato al <a href=\"https:\/\/www.monaco-tribune.com\/2024\/06\/le-prince-albert-ii-inaugure-les-5eme-rencontres-des-sites-historiques-grimaldi-que-la-fete-commence\/?_gl=1*es8lqt*_up*MQ..*_ga*MjA4MjU5MTQ5Ni4xNzIxMzk2ODAy*_ga_LQYG111HHP*MTcyMTM5NjgwMi4xLjEuMTcyMTM5NjgxMC4wLjAuMA..\">5\u00b0 Incontro dei Siti Storici Grimaldi<\/a>, tenutosi il 15 giugno in Place du Palais, dove il sindaco della citt\u00e0 ha ricevuto dal Principe Alberto II una targa e una moneta commemorativa da 2 euro con l&#8217;effigie dell&#8217;Imperatore spagnolo Carlo V, anch&#8217;egli legato alla Famiglia Principesca.<\/p>\n<div class=\"wp-block-image\">\n<figure class=\"aligncenter size-large is-resized\"><img loading=\"lazy\" decoding=\"async\" width=\"870\" height=\"1024\" src=\"https:\/\/www.monaco-tribune.com\/wp-content\/uploads\/2024\/07\/flavio-di-muro-prince-albert-ii-rencontres-historiques-870x1024.jpg\" alt=\"flavio-di-muro-prince-albert-ii-rencontres-historiques\" class=\"wp-image-243083\" style=\"width:585px;height:auto\" srcset=\"https:\/\/www.monaco-tribune.com\/wp-content\/uploads\/2024\/07\/flavio-di-muro-prince-albert-ii-rencontres-historiques-870x1024.jpg 870w, https:\/\/www.monaco-tribune.com\/wp-content\/uploads\/2024\/07\/flavio-di-muro-prince-albert-ii-rencontres-historiques-255x300.jpg 255w, https:\/\/www.monaco-tribune.com\/wp-content\/uploads\/2024\/07\/flavio-di-muro-prince-albert-ii-rencontres-historiques.jpg 1419w\" sizes=\"auto, (max-width: 870px) 100vw, 870px\" \/><figcaption class=\"wp-element-caption\"><em>Il Principe Alberto II consegna la medaglia al Sindaco di Ventimiglia, Flavio Di Muro\u00a9 Facebook \/ Comune di Ventimiglia<\/em><\/figcaption><\/figure>\n<\/div>\n<p>Oggi, Monaco e Ventimiglia continuano ad avere legami stretti e vitali. La costruzione del nuovo porto monegasco di Cala del Forte, <a href=\"https:\/\/www.monaco-tribune.com\/it\/2021\/07\/il-nuovo-porto-di-monaco-inaugurato-dal-principe-alberto-ii\/\">inaugurato nel 2021<\/a>, ha dato nuova vita al comune, che ha intenzione di trarne il massimo vantaggio.<\/p>\n\n<p>L&#8217;obiettivo \u00e8 quello di creare un nuovo polo turistico in collaborazione con la societ\u00e0 Marina Development Corporation, il cui fondatore \u00e8 <a href=\"https:\/\/www.monaco-tribune.com\/it\/2021\/07\/il-nuovo-porto-di-monaco-inaugurato-dal-principe-alberto-ii\/\">il residente monegasco Robert Thielen<\/a>. I primi progetti che vedranno la luce dovrebbero essere un hotel a 5 stelle, un ristorante, nuove abitazioni e un campus internazionale.<\/p>\n<div class=\"wp-block-image\">\n<figure class=\"aligncenter size-large\"><img loading=\"lazy\" decoding=\"async\" width=\"1024\" height=\"683\" src=\"https:\/\/www.monaco-tribune.com\/wp-content\/uploads\/2022\/12\/vue-nouveau-quartier-restaurant-la-rocca-vintimille-1024x683.jpg\" alt=\"vista-nuovo-quartiere-ristorante-la-rocca-ventimiglia\" class=\"wp-image-155302\" srcset=\"https:\/\/www.monaco-tribune.com\/wp-content\/uploads\/2022\/12\/vue-nouveau-quartier-restaurant-la-rocca-vintimille-1024x683.jpg 1024w, https:\/\/www.monaco-tribune.com\/wp-content\/uploads\/2022\/12\/vue-nouveau-quartier-restaurant-la-rocca-vintimille-450x300.jpg 450w, https:\/\/www.monaco-tribune.com\/wp-content\/uploads\/2022\/12\/vue-nouveau-quartier-restaurant-la-rocca-vintimille.jpg 1200w\" sizes=\"auto, (max-width: 1024px) 100vw, 1024px\" \/><figcaption class=\"wp-element-caption\"><em>Borgo del Forte ospiter\u00e0 un hotel di fronte al porto e un nuovo ristorante con vista panoramica \u00a9 Marina Development Corporation<\/em><\/figcaption><\/figure>\n<\/div>\n<p>Il sindaco di Ventimiglia, Flavio di Muro, descrive il rapporto con Monaco come &#8220;eccellente. Non solo per il porto, ma anche per il nostro &#8216;agosto medievale&#8217;, uno degli eventi pi\u00f9 importanti, che sar\u00e0 dedicato al nostro rapporto con la famiglia Grimaldi&#8221;.<\/p>\n\n<p class=\"related\"><a href=\"https:\/\/www.monaco-tribune.com\/it\/2024\/07\/riaperto-il-dialogo-per-il-progetto-borgo-del-forte-a-ventimiglia\/\">Riaperto il dialogo per il progetto \u201cBorgo del Forte\u201d a Ventimiglia<\/a><\/p>\n\n<p>Il Principato \u00e8 coinvolto attivamente nella riqualificazione della citt\u00e0 italiana, da ultimo contribuendo alla ricostruzione del passaggio pedonale che collega la citt\u00e0 vecchia alla nuova, distrutto dalla tempesta Alex: &#8220;Monaco ha contribuito alla costruzione del passaggio pedonale&#8221;, spiega Flavio Di Muro.<\/p>\n\n<p>&#8220;Abbiamo avuto diversi scambi, e stiamo anche pianificando di sviluppare nuovi progetti per il futuro. Sicuramente hanno un&#8217;attenzione particolare per la citt\u00e0 di Ventimiglia&#8221;, ha concluso Flavio Di Muro, facendo presagire nuove promettenti collaborazioni tra la citt\u00e0 italiana e il Principato.<\/p>\n","protected":false},"excerpt":{"rendered":"<p>A meno di 30 km dal Principato, il comune italiano ha uno stretto legame con la famiglia Grimaldi. Ventimiglia, soprannominata [&hellip;]<\/p>\n","protected":false},"author":66,"featured_media":243111,"comment_status":"closed","ping_status":"closed","sticky":false,"template":"","format":"standard","meta":{"_acf_changed":false,"footnotes":""},"categories":[1740,1826,1738],"tags":[4127],"post_sectags":[],"post_format":[2486],"class_list":["post-243617","post","type-post","status-publish","format-standard","has-post-thumbnail","hentry","category-cosa-fare","category-la-nostra-scelta","category-notizie","tag-siti-grimaldi","format-servizio"],"acf":[],"yoast_head":"<!-- This site is optimized with the Yoast SEO Premium plugin v26.8 (Yoast SEO v27.5) - https:\/\/yoast.com\/product\/yoast-seo-premium-wordpress\/ -->\n<title>I siti Grimaldi: Ventimiglia, la citt\u00e0 vicina al Principato con radici comuni e un futuro promettente<\/title>\n<meta name=\"description\" content=\"A meno di 30 km dal Principato, il comune italiano ha uno stretto legame con la famiglia Grimaldi. Ventimiglia, soprannominata la &quot;Porta fiorita d&#039;Italia&quot;\" \/>\n<meta name=\"robots\" content=\"index, follow, max-snippet:-1, max-image-preview:large, max-video-preview:-1\" \/>\n<link rel=\"canonical\" href=\"https:\/\/www.monaco-tribune.com\/it\/2024\/07\/i-siti-grimaldi-ventimiglia-la-citta-vicina-al-principato-con-radici-comuni-e-un-futuro-promettente\/\" \/>\n<meta property=\"og:locale\" content=\"it_IT\" \/>\n<meta property=\"og:type\" content=\"article\" \/>\n<meta property=\"og:title\" content=\"I siti Grimaldi: Ventimiglia, la citt\u00e0 vicina al Principato con radici comuni e un futuro promettente - Monaco Tribune\" \/>\n<meta property=\"og:description\" content=\"A meno di 30 km dal Principato, il comune italiano ha uno stretto legame con la famiglia Grimaldi. Ventimiglia, soprannominata la &quot;Porta fiorita d&#039;Italia&quot;\" \/>\n<meta property=\"og:url\" content=\"https:\/\/www.monaco-tribune.com\/it\/2024\/07\/i-siti-grimaldi-ventimiglia-la-citta-vicina-al-principato-con-radici-comuni-e-un-futuro-promettente\/\" \/>\n<meta property=\"og:site_name\" content=\"Monaco Tribune\" \/>\n<meta property=\"article:publisher\" content=\"https:\/\/www.facebook.com\/MonacoTribune\" \/>\n<meta property=\"article:published_time\" content=\"2024-07-23T09:27:26+00:00\" \/>\n<meta property=\"article:modified_time\" content=\"2024-07-23T09:27:37+00:00\" \/>\n<meta property=\"og:image\" content=\"https:\/\/www.monaco-tribune.com\/wp-content\/uploads\/2024\/07\/vintimille-vieille-ville-site-historique-grimaldi.jpg\" \/>\n\t<meta property=\"og:image:width\" content=\"1200\" \/>\n\t<meta property=\"og:image:height\" content=\"800\" \/>\n\t<meta property=\"og:image:type\" content=\"image\/jpeg\" \/>\n<meta name=\"author\" content=\"Th\u00e9o Briand\" \/>\n<meta name=\"twitter:card\" content=\"summary_large_image\" \/>\n<meta name=\"twitter:creator\" content=\"@MonacoTribune\" \/>\n<meta name=\"twitter:site\" content=\"@MonacoTribune\" \/>\n<script type=\"application\/ld+json\" class=\"yoast-schema-graph\">{\"@context\":\"https:\\\/\\\/schema.org\",\"@graph\":[{\"@type\":\"NewsArticle\",\"@id\":\"https:\\\/\\\/www.monaco-tribune.com\\\/it\\\/2024\\\/07\\\/i-siti-grimaldi-ventimiglia-la-citta-vicina-al-principato-con-radici-comuni-e-un-futuro-promettente\\\/#article\",\"isPartOf\":{\"@id\":\"https:\\\/\\\/www.monaco-tribune.com\\\/it\\\/2024\\\/07\\\/i-siti-grimaldi-ventimiglia-la-citta-vicina-al-principato-con-radici-comuni-e-un-futuro-promettente\\\/\"},\"author\":{\"name\":\"Th\u00e9o Briand\",\"@id\":\"https:\\\/\\\/www.monaco-tribune.com\\\/it\\\/#\\\/schema\\\/person\\\/94fb5723547bd83dea1eed97e25145aa\"},\"headline\":\"I siti Grimaldi: Ventimiglia, la citt\u00e0 vicina al Principato con radici comuni e un futuro promettente\",\"datePublished\":\"2024-07-23T09:27:26+00:00\",\"dateModified\":\"2024-07-23T09:27:37+00:00\",\"mainEntityOfPage\":{\"@id\":\"https:\\\/\\\/www.monaco-tribune.com\\\/it\\\/2024\\\/07\\\/i-siti-grimaldi-ventimiglia-la-citta-vicina-al-principato-con-radici-comuni-e-un-futuro-promettente\\\/\"},\"wordCount\":838,\"publisher\":{\"@id\":\"https:\\\/\\\/www.monaco-tribune.com\\\/it\\\/#organization\"},\"image\":{\"@id\":\"https:\\\/\\\/www.monaco-tribune.com\\\/it\\\/2024\\\/07\\\/i-siti-grimaldi-ventimiglia-la-citta-vicina-al-principato-con-radici-comuni-e-un-futuro-promettente\\\/#primaryimage\"},\"thumbnailUrl\":\"https:\\\/\\\/www.monaco-tribune.com\\\/wp-content\\\/uploads\\\/2024\\\/07\\\/vintimille-vieille-ville-site-historique-grimaldi.jpg\",\"keywords\":[\"Siti Grimaldi\"],\"articleSection\":[\"Cosa fare\",\"La nostra scelta\",\"Notizie\"],\"inLanguage\":\"it-IT\",\"copyrightYear\":\"2024\",\"copyrightHolder\":{\"@id\":\"https:\\\/\\\/www.monaco-tribune.com\\\/#organization\"}},{\"@type\":\"WebPage\",\"@id\":\"https:\\\/\\\/www.monaco-tribune.com\\\/it\\\/2024\\\/07\\\/i-siti-grimaldi-ventimiglia-la-citta-vicina-al-principato-con-radici-comuni-e-un-futuro-promettente\\\/\",\"url\":\"https:\\\/\\\/www.monaco-tribune.com\\\/it\\\/2024\\\/07\\\/i-siti-grimaldi-ventimiglia-la-citta-vicina-al-principato-con-radici-comuni-e-un-futuro-promettente\\\/\",\"name\":\"I siti Grimaldi: Ventimiglia, la citt\u00e0 vicina al Principato con radici comuni e un futuro promettente\",\"isPartOf\":{\"@id\":\"https:\\\/\\\/www.monaco-tribune.com\\\/it\\\/#website\"},\"primaryImageOfPage\":{\"@id\":\"https:\\\/\\\/www.monaco-tribune.com\\\/it\\\/2024\\\/07\\\/i-siti-grimaldi-ventimiglia-la-citta-vicina-al-principato-con-radici-comuni-e-un-futuro-promettente\\\/#primaryimage\"},\"image\":{\"@id\":\"https:\\\/\\\/www.monaco-tribune.com\\\/it\\\/2024\\\/07\\\/i-siti-grimaldi-ventimiglia-la-citta-vicina-al-principato-con-radici-comuni-e-un-futuro-promettente\\\/#primaryimage\"},\"thumbnailUrl\":\"https:\\\/\\\/www.monaco-tribune.com\\\/wp-content\\\/uploads\\\/2024\\\/07\\\/vintimille-vieille-ville-site-historique-grimaldi.jpg\",\"datePublished\":\"2024-07-23T09:27:26+00:00\",\"dateModified\":\"2024-07-23T09:27:37+00:00\",\"description\":\"A meno di 30 km dal Principato, il comune italiano ha uno stretto legame con la famiglia Grimaldi. Ventimiglia, soprannominata la \\\"Porta fiorita d'Italia\\\"\",\"breadcrumb\":{\"@id\":\"https:\\\/\\\/www.monaco-tribune.com\\\/it\\\/2024\\\/07\\\/i-siti-grimaldi-ventimiglia-la-citta-vicina-al-principato-con-radici-comuni-e-un-futuro-promettente\\\/#breadcrumb\"},\"inLanguage\":\"it-IT\",\"potentialAction\":[{\"@type\":\"ReadAction\",\"target\":[\"https:\\\/\\\/www.monaco-tribune.com\\\/it\\\/2024\\\/07\\\/i-siti-grimaldi-ventimiglia-la-citta-vicina-al-principato-con-radici-comuni-e-un-futuro-promettente\\\/\"]}]},{\"@type\":\"ImageObject\",\"inLanguage\":\"it-IT\",\"@id\":\"https:\\\/\\\/www.monaco-tribune.com\\\/it\\\/2024\\\/07\\\/i-siti-grimaldi-ventimiglia-la-citta-vicina-al-principato-con-radici-comuni-e-un-futuro-promettente\\\/#primaryimage\",\"url\":\"https:\\\/\\\/www.monaco-tribune.com\\\/wp-content\\\/uploads\\\/2024\\\/07\\\/vintimille-vieille-ville-site-historique-grimaldi.jpg\",\"contentUrl\":\"https:\\\/\\\/www.monaco-tribune.com\\\/wp-content\\\/uploads\\\/2024\\\/07\\\/vintimille-vieille-ville-site-historique-grimaldi.jpg\",\"width\":1200,\"height\":800,\"caption\":\"Il centro storico di Ventimiglia nasconde un fascino italiano che aspetta solo di essere valorizzato \u00a9 Monaco Tribune \\\/ Th\u00e9o Briand\"},{\"@type\":\"BreadcrumbList\",\"@id\":\"https:\\\/\\\/www.monaco-tribune.com\\\/it\\\/2024\\\/07\\\/i-siti-grimaldi-ventimiglia-la-citta-vicina-al-principato-con-radici-comuni-e-un-futuro-promettente\\\/#breadcrumb\",\"itemListElement\":[{\"@type\":\"ListItem\",\"position\":1,\"name\":\"Accueil\",\"item\":\"https:\\\/\\\/www.monaco-tribune.com\\\/it\\\/\"},{\"@type\":\"ListItem\",\"position\":2,\"name\":\"I siti Grimaldi: Ventimiglia, la citt\u00e0 vicina al Principato con radici comuni e un futuro promettente\"}]},{\"@type\":\"WebSite\",\"@id\":\"https:\\\/\\\/www.monaco-tribune.com\\\/it\\\/#website\",\"url\":\"https:\\\/\\\/www.monaco-tribune.com\\\/it\\\/\",\"name\":\"Monaco Tribune\",\"description\":\"Monaco : actualit\u00e9s \u00e9conomiques, politiques, culturelles et sportives de Monaco et de la French Riviera.\",\"publisher\":{\"@id\":\"https:\\\/\\\/www.monaco-tribune.com\\\/it\\\/#organization\"},\"potentialAction\":[{\"@type\":\"SearchAction\",\"target\":{\"@type\":\"EntryPoint\",\"urlTemplate\":\"https:\\\/\\\/www.monaco-tribune.com\\\/it\\\/?s={search_term_string}\"},\"query-input\":{\"@type\":\"PropertyValueSpecification\",\"valueRequired\":true,\"valueName\":\"search_term_string\"}}],\"inLanguage\":\"it-IT\"},{\"@type\":\"Organization\",\"@id\":\"https:\\\/\\\/www.monaco-tribune.com\\\/it\\\/#organization\",\"name\":\"Monaco Tribune\",\"url\":\"https:\\\/\\\/www.monaco-tribune.com\\\/it\\\/\",\"logo\":{\"@type\":\"ImageObject\",\"inLanguage\":\"it-IT\",\"@id\":\"https:\\\/\\\/www.monaco-tribune.com\\\/it\\\/#\\\/schema\\\/logo\\\/image\\\/\",\"url\":\"https:\\\/\\\/www.monaco-tribune.com\\\/wp-content\\\/uploads\\\/2022\\\/11\\\/logo-monaco-tribune.png\",\"contentUrl\":\"https:\\\/\\\/www.monaco-tribune.com\\\/wp-content\\\/uploads\\\/2022\\\/11\\\/logo-monaco-tribune.png\",\"width\":1548,\"height\":600,\"caption\":\"Monaco Tribune\"},\"image\":{\"@id\":\"https:\\\/\\\/www.monaco-tribune.com\\\/it\\\/#\\\/schema\\\/logo\\\/image\\\/\"},\"sameAs\":[\"https:\\\/\\\/www.facebook.com\\\/MonacoTribune\",\"https:\\\/\\\/x.com\\\/MonacoTribune\",\"https:\\\/\\\/www.instagram.com\\\/monacotribune\\\/\",\"https:\\\/\\\/www.linkedin.com\\\/company\\\/monaco-tribune\",\"https:\\\/\\\/www.youtube.com\\\/channel\\\/UCHle1MnG6hw1y4lWKijVbMA\"]},{\"@type\":\"Person\",\"@id\":\"https:\\\/\\\/www.monaco-tribune.com\\\/it\\\/#\\\/schema\\\/person\\\/94fb5723547bd83dea1eed97e25145aa\",\"name\":\"Th\u00e9o Briand\",\"image\":{\"@type\":\"ImageObject\",\"inLanguage\":\"it-IT\",\"@id\":\"https:\\\/\\\/secure.gravatar.com\\\/avatar\\\/1c02cfd8b8054d8c376f9a942a1dc4dbacfd8ba5e6f8dbb5e16f4aa3d281972a?s=96&d=mm&r=g\",\"url\":\"https:\\\/\\\/secure.gravatar.com\\\/avatar\\\/1c02cfd8b8054d8c376f9a942a1dc4dbacfd8ba5e6f8dbb5e16f4aa3d281972a?s=96&d=mm&r=g\",\"contentUrl\":\"https:\\\/\\\/secure.gravatar.com\\\/avatar\\\/1c02cfd8b8054d8c376f9a942a1dc4dbacfd8ba5e6f8dbb5e16f4aa3d281972a?s=96&d=mm&r=g\",\"caption\":\"Th\u00e9o Briand\"},\"url\":\"https:\\\/\\\/www.monaco-tribune.com\\\/it\\\/author\\\/theobriand\\\/\"}]}<\/script>\n<!-- \/ Yoast SEO Premium plugin. -->","yoast_head_json":{"title":"I siti Grimaldi: Ventimiglia, la citt\u00e0 vicina al Principato con radici comuni e un futuro promettente","description":"A meno di 30 km dal Principato, il comune italiano ha uno stretto legame con la famiglia Grimaldi. Ventimiglia, soprannominata la \"Porta fiorita d'Italia\"","robots":{"index":"index","follow":"follow","max-snippet":"max-snippet:-1","max-image-preview":"max-image-preview:large","max-video-preview":"max-video-preview:-1"},"canonical":"https:\/\/www.monaco-tribune.com\/it\/2024\/07\/i-siti-grimaldi-ventimiglia-la-citta-vicina-al-principato-con-radici-comuni-e-un-futuro-promettente\/","og_locale":"it_IT","og_type":"article","og_title":"I siti Grimaldi: Ventimiglia, la citt\u00e0 vicina al Principato con radici comuni e un futuro promettente - Monaco Tribune","og_description":"A meno di 30 km dal Principato, il comune italiano ha uno stretto legame con la famiglia Grimaldi. Ventimiglia, soprannominata la \"Porta fiorita d'Italia\"","og_url":"https:\/\/www.monaco-tribune.com\/it\/2024\/07\/i-siti-grimaldi-ventimiglia-la-citta-vicina-al-principato-con-radici-comuni-e-un-futuro-promettente\/","og_site_name":"Monaco Tribune","article_publisher":"https:\/\/www.facebook.com\/MonacoTribune","article_published_time":"2024-07-23T09:27:26+00:00","article_modified_time":"2024-07-23T09:27:37+00:00","og_image":[{"width":1200,"height":800,"url":"https:\/\/www.monaco-tribune.com\/wp-content\/uploads\/2024\/07\/vintimille-vieille-ville-site-historique-grimaldi.jpg","type":"image\/jpeg"}],"author":"Th\u00e9o Briand","twitter_card":"summary_large_image","twitter_creator":"@MonacoTribune","twitter_site":"@MonacoTribune","schema":{"@context":"https:\/\/schema.org","@graph":[{"@type":"NewsArticle","@id":"https:\/\/www.monaco-tribune.com\/it\/2024\/07\/i-siti-grimaldi-ventimiglia-la-citta-vicina-al-principato-con-radici-comuni-e-un-futuro-promettente\/#article","isPartOf":{"@id":"https:\/\/www.monaco-tribune.com\/it\/2024\/07\/i-siti-grimaldi-ventimiglia-la-citta-vicina-al-principato-con-radici-comuni-e-un-futuro-promettente\/"},"author":{"name":"Th\u00e9o Briand","@id":"https:\/\/www.monaco-tribune.com\/it\/#\/schema\/person\/94fb5723547bd83dea1eed97e25145aa"},"headline":"I siti Grimaldi: Ventimiglia, la citt\u00e0 vicina al Principato con radici comuni e un futuro promettente","datePublished":"2024-07-23T09:27:26+00:00","dateModified":"2024-07-23T09:27:37+00:00","mainEntityOfPage":{"@id":"https:\/\/www.monaco-tribune.com\/it\/2024\/07\/i-siti-grimaldi-ventimiglia-la-citta-vicina-al-principato-con-radici-comuni-e-un-futuro-promettente\/"},"wordCount":838,"publisher":{"@id":"https:\/\/www.monaco-tribune.com\/it\/#organization"},"image":{"@id":"https:\/\/www.monaco-tribune.com\/it\/2024\/07\/i-siti-grimaldi-ventimiglia-la-citta-vicina-al-principato-con-radici-comuni-e-un-futuro-promettente\/#primaryimage"},"thumbnailUrl":"https:\/\/www.monaco-tribune.com\/wp-content\/uploads\/2024\/07\/vintimille-vieille-ville-site-historique-grimaldi.jpg","keywords":["Siti Grimaldi"],"articleSection":["Cosa fare","La nostra scelta","Notizie"],"inLanguage":"it-IT","copyrightYear":"2024","copyrightHolder":{"@id":"https:\/\/www.monaco-tribune.com\/#organization"}},{"@type":"WebPage","@id":"https:\/\/www.monaco-tribune.com\/it\/2024\/07\/i-siti-grimaldi-ventimiglia-la-citta-vicina-al-principato-con-radici-comuni-e-un-futuro-promettente\/","url":"https:\/\/www.monaco-tribune.com\/it\/2024\/07\/i-siti-grimaldi-ventimiglia-la-citta-vicina-al-principato-con-radici-comuni-e-un-futuro-promettente\/","name":"I siti Grimaldi: Ventimiglia, la citt\u00e0 vicina al Principato con radici comuni e un futuro promettente","isPartOf":{"@id":"https:\/\/www.monaco-tribune.com\/it\/#website"},"primaryImageOfPage":{"@id":"https:\/\/www.monaco-tribune.com\/it\/2024\/07\/i-siti-grimaldi-ventimiglia-la-citta-vicina-al-principato-con-radici-comuni-e-un-futuro-promettente\/#primaryimage"},"image":{"@id":"https:\/\/www.monaco-tribune.com\/it\/2024\/07\/i-siti-grimaldi-ventimiglia-la-citta-vicina-al-principato-con-radici-comuni-e-un-futuro-promettente\/#primaryimage"},"thumbnailUrl":"https:\/\/www.monaco-tribune.com\/wp-content\/uploads\/2024\/07\/vintimille-vieille-ville-site-historique-grimaldi.jpg","datePublished":"2024-07-23T09:27:26+00:00","dateModified":"2024-07-23T09:27:37+00:00","description":"A meno di 30 km dal Principato, il comune italiano ha uno stretto legame con la famiglia Grimaldi. Ventimiglia, soprannominata la \"Porta fiorita d'Italia\"","breadcrumb":{"@id":"https:\/\/www.monaco-tribune.com\/it\/2024\/07\/i-siti-grimaldi-ventimiglia-la-citta-vicina-al-principato-con-radici-comuni-e-un-futuro-promettente\/#breadcrumb"},"inLanguage":"it-IT","potentialAction":[{"@type":"ReadAction","target":["https:\/\/www.monaco-tribune.com\/it\/2024\/07\/i-siti-grimaldi-ventimiglia-la-citta-vicina-al-principato-con-radici-comuni-e-un-futuro-promettente\/"]}]},{"@type":"ImageObject","inLanguage":"it-IT","@id":"https:\/\/www.monaco-tribune.com\/it\/2024\/07\/i-siti-grimaldi-ventimiglia-la-citta-vicina-al-principato-con-radici-comuni-e-un-futuro-promettente\/#primaryimage","url":"https:\/\/www.monaco-tribune.com\/wp-content\/uploads\/2024\/07\/vintimille-vieille-ville-site-historique-grimaldi.jpg","contentUrl":"https:\/\/www.monaco-tribune.com\/wp-content\/uploads\/2024\/07\/vintimille-vieille-ville-site-historique-grimaldi.jpg","width":1200,"height":800,"caption":"Il centro storico di Ventimiglia nasconde un fascino italiano che aspetta solo di essere valorizzato \u00a9 Monaco Tribune \/ Th\u00e9o Briand"},{"@type":"BreadcrumbList","@id":"https:\/\/www.monaco-tribune.com\/it\/2024\/07\/i-siti-grimaldi-ventimiglia-la-citta-vicina-al-principato-con-radici-comuni-e-un-futuro-promettente\/#breadcrumb","itemListElement":[{"@type":"ListItem","position":1,"name":"Accueil","item":"https:\/\/www.monaco-tribune.com\/it\/"},{"@type":"ListItem","position":2,"name":"I siti Grimaldi: Ventimiglia, la citt\u00e0 vicina al Principato con radici comuni e un futuro promettente"}]},{"@type":"WebSite","@id":"https:\/\/www.monaco-tribune.com\/it\/#website","url":"https:\/\/www.monaco-tribune.com\/it\/","name":"Monaco Tribune","description":"Monaco : actualit\u00e9s \u00e9conomiques, politiques, culturelles et sportives de Monaco et de la French Riviera.","publisher":{"@id":"https:\/\/www.monaco-tribune.com\/it\/#organization"},"potentialAction":[{"@type":"SearchAction","target":{"@type":"EntryPoint","urlTemplate":"https:\/\/www.monaco-tribune.com\/it\/?s={search_term_string}"},"query-input":{"@type":"PropertyValueSpecification","valueRequired":true,"valueName":"search_term_string"}}],"inLanguage":"it-IT"},{"@type":"Organization","@id":"https:\/\/www.monaco-tribune.com\/it\/#organization","name":"Monaco Tribune","url":"https:\/\/www.monaco-tribune.com\/it\/","logo":{"@type":"ImageObject","inLanguage":"it-IT","@id":"https:\/\/www.monaco-tribune.com\/it\/#\/schema\/logo\/image\/","url":"https:\/\/www.monaco-tribune.com\/wp-content\/uploads\/2022\/11\/logo-monaco-tribune.png","contentUrl":"https:\/\/www.monaco-tribune.com\/wp-content\/uploads\/2022\/11\/logo-monaco-tribune.png","width":1548,"height":600,"caption":"Monaco Tribune"},"image":{"@id":"https:\/\/www.monaco-tribune.com\/it\/#\/schema\/logo\/image\/"},"sameAs":["https:\/\/www.facebook.com\/MonacoTribune","https:\/\/x.com\/MonacoTribune","https:\/\/www.instagram.com\/monacotribune\/","https:\/\/www.linkedin.com\/company\/monaco-tribune","https:\/\/www.youtube.com\/channel\/UCHle1MnG6hw1y4lWKijVbMA"]},{"@type":"Person","@id":"https:\/\/www.monaco-tribune.com\/it\/#\/schema\/person\/94fb5723547bd83dea1eed97e25145aa","name":"Th\u00e9o Briand","image":{"@type":"ImageObject","inLanguage":"it-IT","@id":"https:\/\/secure.gravatar.com\/avatar\/1c02cfd8b8054d8c376f9a942a1dc4dbacfd8ba5e6f8dbb5e16f4aa3d281972a?s=96&d=mm&r=g","url":"https:\/\/secure.gravatar.com\/avatar\/1c02cfd8b8054d8c376f9a942a1dc4dbacfd8ba5e6f8dbb5e16f4aa3d281972a?s=96&d=mm&r=g","contentUrl":"https:\/\/secure.gravatar.com\/avatar\/1c02cfd8b8054d8c376f9a942a1dc4dbacfd8ba5e6f8dbb5e16f4aa3d281972a?s=96&d=mm&r=g","caption":"Th\u00e9o Briand"},"url":"https:\/\/www.monaco-tribune.com\/it\/author\/theobriand\/"}]}},"_links":{"self":[{"href":"https:\/\/www.monaco-tribune.com\/it\/wp-json\/wp\/v2\/posts\/243617","targetHints":{"allow":["GET"]}}],"collection":[{"href":"https:\/\/www.monaco-tribune.com\/it\/wp-json\/wp\/v2\/posts"}],"about":[{"href":"https:\/\/www.monaco-tribune.com\/it\/wp-json\/wp\/v2\/types\/post"}],"author":[{"embeddable":true,"href":"https:\/\/www.monaco-tribune.com\/it\/wp-json\/wp\/v2\/users\/66"}],"replies":[{"embeddable":true,"href":"https:\/\/www.monaco-tribune.com\/it\/wp-json\/wp\/v2\/comments?post=243617"}],"version-history":[{"count":2,"href":"https:\/\/www.monaco-tribune.com\/it\/wp-json\/wp\/v2\/posts\/243617\/revisions"}],"predecessor-version":[{"id":243620,"href":"https:\/\/www.monaco-tribune.com\/it\/wp-json\/wp\/v2\/posts\/243617\/revisions\/243620"}],"wp:featuredmedia":[{"embeddable":true,"href":"https:\/\/www.monaco-tribune.com\/it\/wp-json\/wp\/v2\/media\/243111"}],"wp:attachment":[{"href":"https:\/\/www.monaco-tribune.com\/it\/wp-json\/wp\/v2\/media?parent=243617"}],"wp:term":[{"taxonomy":"category","embeddable":true,"href":"https:\/\/www.monaco-tribune.com\/it\/wp-json\/wp\/v2\/categories?post=243617"},{"taxonomy":"post_tag","embeddable":true,"href":"https:\/\/www.monaco-tribune.com\/it\/wp-json\/wp\/v2\/tags?post=243617"},{"taxonomy":"sectag","embeddable":true,"href":"https:\/\/www.monaco-tribune.com\/it\/wp-json\/wp\/v2\/post_sectags?post=243617"},{"taxonomy":"format","embeddable":true,"href":"https:\/\/www.monaco-tribune.com\/it\/wp-json\/wp\/v2\/post_format?post=243617"}],"curies":[{"name":"wp","href":"https:\/\/api.w.org\/{rel}","templated":true}]}}