{"id":244028,"date":"2024-07-26T14:41:37","date_gmt":"2024-07-26T12:41:37","guid":{"rendered":"https:\/\/www.monaco-tribune.com\/2024\/07\/calciomercato-2024-maghnes-akliouche-continua-lavventura-e-george-ilenikhena-arriva-allas-monaco\/"},"modified":"2024-07-26T14:41:47","modified_gmt":"2024-07-26T12:41:47","slug":"calciomercato-2024-maghnes-akliouche-continua-lavventura-e-george-ilenikhena-arriva-allas-monaco","status":"publish","type":"post","link":"https:\/\/www.monaco-tribune.com\/it\/2024\/07\/calciomercato-2024-maghnes-akliouche-continua-lavventura-e-george-ilenikhena-arriva-allas-monaco\/","title":{"rendered":"Calciomercato 2024: Maghnes Akliouche continua l\u2019avventura e George Ilenikhena arriva all&#8217;AS Monaco"},"content":{"rendered":"\n<p><strong>L&#8217;AS Monaco ha recentemente annunciato due grandi novit\u00e0 per la prossima stagione: Maghnes Akliouche, il 22enne centrocampista che si \u00e8 formato all&#8217;Academy, ha prolungato il contratto fino al 2028, e il 17enne attaccante nigeriano George Ilenikhena si unisce alla squadra biancorossa.<\/strong><\/p>\n\n<p>Nel bel mezzo della preparazione pre-campionato, l&#8217;AS Monaco continua a perfezionare la sua rosa con rinnovi di contratto e l&#8217;arrivo di un giovane talento. Uno di questi \u00e8 gi\u00e0 un volto noto per il club: Maghnes Akliouche, entrato a far parte dell&#8217;Academy a 15 anni nel 2017, \u00e8 diventato senza dubbio un giocatore chiave per <a href=\"https:\/\/www.monaco-tribune.com\/it\/2024\/05\/analisi-las-monaco-e-al-top-con-adi-hutter\/\">Adi H\u00fctter<\/a> dopo una stagione di successi con 27 partite giocate, 8 goal segnati e 4 assist decisivi.<\/p>\n\n<blockquote class=\"twitter-tweet\"><p lang=\"fr\" dir=\"ltr\">\ud835\ude14\ud835\ude30\ud835\ude25\ud835\ude26 \ud835\ude23\ud835\ude30\ud835\ude33\ud835\ude25 \ud835\ude25\ud835\ude26 \ud835\ude35\ud835\ude26\ud835\ude33\ud835\ude33\ud835\ude22\ud835\ude2a\ud835\ude2f \u2705\ud83c\udfa5<br\/><br\/>Maghnes Akliouche pour le but d\u00e9cisif \u26a1\ufe0f<a href=\"https:\/\/twitter.com\/hashtag\/MadeInLaDiagonale?src=hash&#038;ref_src=twsrc%5Etfw\">#MadeInLaDiagonale<\/a> <a href=\"https:\/\/t.co\/xefyVwKKmk\">pic.twitter.com\/xefyVwKKmk<\/a><\/p>\u2014 AS Monaco \ud83c\uddf2\ud83c\udde8 (@AS_Monaco) <a href=\"https:\/\/twitter.com\/AS_Monaco\/status\/1708752696893690103?ref_src=twsrc%5Etfw\">October 2, 2023<\/a><\/blockquote> <script async=\"\" src=\"https:\/\/platform.twitter.com\/widgets.js\" charset=\"utf-8\"><\/script>\r\n\n<p>Per l\u2019altro giocatore, invece, il passaggio all\u2019AS Monaco segna il suo debutto in Ligue 1. George Ilenikhena, formatosi nell&#8217;Amiens con gli U17 e poi con gli U19, arriva dal Royal Antwerp, club belga in cui ha giocato la scorsa stagione prima di approdare nel Principato.<\/p>\n\n<blockquote class=\"twitter-tweet\"><p lang=\"qme\" dir=\"ltr\">\ud83c\uddf2\ud83c\udde8\ud83e\udd1d\ud83d\ude01<a href=\"https:\/\/twitter.com\/hashtag\/WelcomeIlenikhena?src=hash&#038;ref_src=twsrc%5Etfw\">#WelcomeIlenikhena<\/a> <a href=\"https:\/\/t.co\/7f3Oy3YCUL\">pic.twitter.com\/7f3Oy3YCUL<\/a><\/p>\u2014 AS Monaco \ud83c\uddf2\ud83c\udde8 (@AS_Monaco) <a href=\"https:\/\/twitter.com\/AS_Monaco\/status\/1816414841797738596?ref_src=twsrc%5Etfw\">July 25, 2024<\/a><\/blockquote> <script async=\"\" src=\"https:\/\/platform.twitter.com\/widgets.js\" charset=\"utf-8\"><\/script>\r\n\n<h2 class=\"wp-block-heading\" id=\"h-l-as-monaco-resiste-aux-geants-europeens\">L&#8217;AS Monaco tiene testa ai giganti europei<\/h2>\n\n<p>Nonostante il forte interesse di diversi club, tra cui un tentativo interessante da parte del Lipsia, il centrocampista d&#8217;attacco Maghnes Akliouche ha deciso di prolungare il suo contratto con l&#8217;AS Monaco. La dirigenza monegasca aveva escluso l&#8217;idea di cedere il proprio giocatore, attualmente impegnato con la nazionale francese U-21 di Thierry Henry ai Giochi Olimpici, gi\u00e0 prima dell&#8217;apertura del calciomercato.<\/p>\n\n<p>Tuttavia, diversi club hanno provato ad attirare il 22enne, che invece ha firmato con l&#8217;ASM fino al 2028. Come riportato da <a href=\"https:\/\/www.lequipe.fr\/Football\/Actualites\/Transferts-maghnes-akliouche-prolonge-a-monaco\/1485061\"><em>L&#8217;\u00c9quipe<\/em><\/a><em>, <\/em>per <a href=\"https:\/\/www.monaco-tribune.com\/it\/2024\/06\/analisi-il-ruolo-di-dmitry-rybolovlev-nel-successo-dellas-monaco-in-questa-stagione\/\">Dmitri Rybolovlev<\/a>, proprietario e presidente del club, rinunciare a questo talento formato internamente era impensabile.<\/p>\n\n<p>Prima di confermare la proroga, che prevede un aumento di stipendio, il club della Rocca aveva respinto le offerte di grandi club europei come il PSG, l\u2019Inter e il Lipsia.<\/p>\n\n<p>Nella stagione 2023-24, Maghnes Akliouche ha contribuito in modo significativo al secondo posto dell&#8217;AS Monaco in Ligue 1 e alla <a href=\"https:\/\/www.monaco-tribune.com\/it\/2024\/05\/ligue-1-las-monaco-si-conferma-secondo-in-classifica-e-si-qualifica-per-la-champions-league\/\">qualificazione diretta alla Champions League<\/a>. Dopo le Olimpiadi di quest&#8217;estate, si unir\u00e0 ai compagni di squadra del Monaco indossando la maglia numero 11.<\/p>\n\n<blockquote class=\"twitter-tweet\"><p lang=\"fr\" dir=\"ltr\">Pur produit de l&#8217;Academy, <a href=\"https:\/\/twitter.com\/Nesmaar_A?ref_src=twsrc%5Etfw\">@Nesmaar_A<\/a> prolonge l&#8217;aventure avec les Rouge &#038; Blanc \ud83d\ude0d\ud83d\udd1d<a href=\"https:\/\/twitter.com\/hashtag\/MadeInLaDiagonale?src=hash&#038;ref_src=twsrc%5Etfw\">#MadeInLaDiagonale<\/a> <a href=\"https:\/\/t.co\/28M5yWaU5k\">pic.twitter.com\/28M5yWaU5k<\/a><\/p>\u2014 AS Monaco \ud83c\uddf2\ud83c\udde8 (@AS_Monaco) <a href=\"https:\/\/twitter.com\/AS_Monaco\/status\/1816482286151295446?ref_src=twsrc%5Etfw\">July 25, 2024<\/a><\/blockquote> <script async=\"\" src=\"https:\/\/platform.twitter.com\/widgets.js\" charset=\"utf-8\"><\/script>\r\n\n<h2 class=\"wp-block-heading\" id=\"h-de-lagos-a-l-as-monaco-l-ascension-fulgurante-d-un-jeune-prodige\">Da Lagos all&#8217;AS Monaco, l&#8217;ascesa fulminea di un giovane prodigio<\/h2>\n\n<p>Nato a Lagos, in Nigeria, nel 2006, George Ilenikhena \u00e8 arrivato in Francia all&#8217;et\u00e0 di 3 anni. Notato subito per il suo talento, viene ingaggiato dall&#8217;Amiens nel 2021. Ha collezionato diverse presenze nelle squadre U17 e U19 prima di entrare a far parte della squadra professionistica a soli 16 anni.<\/p>\n\n<p>Il suo debutto in una competizione ufficiale \u00e8 avvenuto con una prima apparizione in Coppa di Francia nel novembre 2022. Pochi mesi dopo, si \u00e8 distinto in campionato diventando il pi\u00f9 giovane marcatore della Ligue 2 con un goal contro il Bordeaux segnato il 13 gennaio 2023.<\/p>\n\n<p>Nella sua prima stagione, ha giocato 17 partite e segnato 2 goal, performance che, nell&#8217;estate del 2023, gli ha consentito di essere trasferito al Royal Antwerp, il club belga recentemente vincitore della Coppa del Belgio.<\/p>\n\n<p>Sotto la guida di Mark Van Bommel, Ilenikhena ha confermato presto le aspettative su di lui. Ha segnato 14 goal in 50 partite, diventando il secondo miglior marcatore del club. Grazie alla sua giovane et\u00e0 ha seguito le orme di Romelu Lukaku: a 17 anni e 74 giorni, \u00e8 diventato il pi\u00f9 giovane giocatore a segnare in due partite consecutive della Jupiler Pro League.<\/p>\n\n<p>La scorsa stagione ha fatto il suo debutto in Champions League, segnando contro il Barcellona in una storica vittoria per 3-2 per il suo club. Con 16 goal e 1 assist in 67 partite, George Ilenikhena prosegue ora la sua carriera nell&#8217;AS Monaco.<\/p>\n\n<p>Con la maglia numero 21, \u00e8 pronto a rafforzare la linea d&#8217;attacco del Monaco e a scrivere un nuovo capitolo della sua giovane ma gi\u00e0 incredibile carriera.<\/p>\n\n<blockquote class=\"twitter-tweet\"><p lang=\"fr\" dir=\"ltr\">Les premiers pas de George \u00e0 l&#8217;AS Monaco \ud83d\ude0d\ud83d\udcaa<a href=\"https:\/\/twitter.com\/hashtag\/WelcomeIlenikhena?src=hash&#038;ref_src=twsrc%5Etfw\">#WelcomeIlenikhena<\/a> <a href=\"https:\/\/t.co\/4Q50JIjL7D\">pic.twitter.com\/4Q50JIjL7D<\/a><\/p>\u2014 AS Monaco \ud83c\uddf2\ud83c\udde8 (@AS_Monaco) <a href=\"https:\/\/twitter.com\/AS_Monaco\/status\/1816398384527241313?ref_src=twsrc%5Etfw\">July 25, 2024<\/a><\/blockquote> <script async=\"\" src=\"https:\/\/platform.twitter.com\/widgets.js\" charset=\"utf-8\"><\/script>\r\n\n<p class=\"related\"><a href=\"https:\/\/www.monaco-tribune.com\/it\/2024\/07\/las-monaco-svela-la-nuova-maglia-storica-per-la-prossima-stagione\/\">L\u2019AS Monaco svela la nuova maglia storica per la prossima stagione<\/a><\/p>\n","protected":false},"excerpt":{"rendered":"<p>L&#8217;AS Monaco ha recentemente annunciato due grandi novit\u00e0 per la prossima stagione: Maghnes Akliouche, il 22enne centrocampista che si \u00e8 [&hellip;]<\/p>\n","protected":false},"author":77,"featured_media":243968,"comment_status":"closed","ping_status":"closed","sticky":false,"template":"","format":"standard","meta":{"_acf_changed":false,"footnotes":""},"categories":[1826,1738,1743],"tags":[2846],"post_sectags":[3240],"post_format":[2486],"class_list":["post-244028","post","type-post","status-publish","format-standard","has-post-thumbnail","hentry","category-la-nostra-scelta","category-notizie","category-sport-it","tag-as-monaco-it-2","sectag-calcio-it","format-servizio"],"acf":[],"yoast_head":"<!-- This site is optimized with the Yoast SEO Premium plugin v26.8 (Yoast SEO v27.5) - https:\/\/yoast.com\/product\/yoast-seo-premium-wordpress\/ -->\n<title>Calciomercato 2024: Maghnes Akliouche continua l\u2019avventura e George Ilenikhena arriva all&#039;AS Monaco<\/title>\n<meta name=\"description\" content=\"L&#039;AS Monaco ha recentemente annunciato due grandi novit\u00e0 per la prossima stagione: Maghnes Akliouche, il 22enne centrocampista che si \u00e8 formato\" \/>\n<meta name=\"robots\" content=\"index, follow, max-snippet:-1, max-image-preview:large, max-video-preview:-1\" \/>\n<link rel=\"canonical\" href=\"https:\/\/www.monaco-tribune.com\/it\/2024\/07\/calciomercato-2024-maghnes-akliouche-continua-lavventura-e-george-ilenikhena-arriva-allas-monaco\/\" \/>\n<meta property=\"og:locale\" content=\"it_IT\" \/>\n<meta property=\"og:type\" content=\"article\" \/>\n<meta property=\"og:title\" content=\"Calciomercato 2024: Maghnes Akliouche continua l\u2019avventura e George Ilenikhena arriva all&#039;AS Monaco - Monaco Tribune\" \/>\n<meta property=\"og:description\" content=\"L&#039;AS Monaco ha recentemente annunciato due grandi novit\u00e0 per la prossima stagione: Maghnes Akliouche, il 22enne centrocampista che si \u00e8 formato\" \/>\n<meta property=\"og:url\" content=\"https:\/\/www.monaco-tribune.com\/it\/2024\/07\/calciomercato-2024-maghnes-akliouche-continua-lavventura-e-george-ilenikhena-arriva-allas-monaco\/\" \/>\n<meta property=\"og:site_name\" content=\"Monaco Tribune\" \/>\n<meta property=\"article:publisher\" content=\"https:\/\/www.facebook.com\/MonacoTribune\" \/>\n<meta property=\"article:published_time\" content=\"2024-07-26T12:41:37+00:00\" \/>\n<meta property=\"article:modified_time\" content=\"2024-07-26T12:41:47+00:00\" \/>\n<meta property=\"og:image\" content=\"https:\/\/www.monaco-tribune.com\/wp-content\/uploads\/2024\/07\/akliouche-article-1160x650-1.jpg\" \/>\n\t<meta property=\"og:image:width\" content=\"1160\" \/>\n\t<meta property=\"og:image:height\" content=\"650\" \/>\n\t<meta property=\"og:image:type\" content=\"image\/jpeg\" \/>\n<meta name=\"author\" content=\"Ana\u00efs Riu\" \/>\n<meta name=\"twitter:card\" content=\"summary_large_image\" \/>\n<meta name=\"twitter:creator\" content=\"@MonacoTribune\" \/>\n<meta name=\"twitter:site\" content=\"@MonacoTribune\" \/>\n<script type=\"application\/ld+json\" class=\"yoast-schema-graph\">{\"@context\":\"https:\\\/\\\/schema.org\",\"@graph\":[{\"@type\":\"NewsArticle\",\"@id\":\"https:\\\/\\\/www.monaco-tribune.com\\\/it\\\/2024\\\/07\\\/calciomercato-2024-maghnes-akliouche-continua-lavventura-e-george-ilenikhena-arriva-allas-monaco\\\/#article\",\"isPartOf\":{\"@id\":\"https:\\\/\\\/www.monaco-tribune.com\\\/it\\\/2024\\\/07\\\/calciomercato-2024-maghnes-akliouche-continua-lavventura-e-george-ilenikhena-arriva-allas-monaco\\\/\"},\"author\":{\"name\":\"Ana\u00efs Riu\",\"@id\":\"https:\\\/\\\/www.monaco-tribune.com\\\/it\\\/#\\\/schema\\\/person\\\/6db631c784f2f0eff54c3ca4d1da2d49\"},\"headline\":\"Calciomercato 2024: Maghnes Akliouche continua l\u2019avventura e George Ilenikhena arriva all&#8217;AS Monaco\",\"datePublished\":\"2024-07-26T12:41:37+00:00\",\"dateModified\":\"2024-07-26T12:41:47+00:00\",\"mainEntityOfPage\":{\"@id\":\"https:\\\/\\\/www.monaco-tribune.com\\\/it\\\/2024\\\/07\\\/calciomercato-2024-maghnes-akliouche-continua-lavventura-e-george-ilenikhena-arriva-allas-monaco\\\/\"},\"wordCount\":702,\"publisher\":{\"@id\":\"https:\\\/\\\/www.monaco-tribune.com\\\/it\\\/#organization\"},\"image\":{\"@id\":\"https:\\\/\\\/www.monaco-tribune.com\\\/it\\\/2024\\\/07\\\/calciomercato-2024-maghnes-akliouche-continua-lavventura-e-george-ilenikhena-arriva-allas-monaco\\\/#primaryimage\"},\"thumbnailUrl\":\"https:\\\/\\\/www.monaco-tribune.com\\\/wp-content\\\/uploads\\\/2024\\\/07\\\/akliouche-article-1160x650-1.jpg\",\"keywords\":[\"AS Monaco\"],\"articleSection\":[\"La nostra scelta\",\"Notizie\",\"Sport\"],\"inLanguage\":\"it-IT\",\"copyrightYear\":\"2024\",\"copyrightHolder\":{\"@id\":\"https:\\\/\\\/www.monaco-tribune.com\\\/#organization\"}},{\"@type\":\"WebPage\",\"@id\":\"https:\\\/\\\/www.monaco-tribune.com\\\/it\\\/2024\\\/07\\\/calciomercato-2024-maghnes-akliouche-continua-lavventura-e-george-ilenikhena-arriva-allas-monaco\\\/\",\"url\":\"https:\\\/\\\/www.monaco-tribune.com\\\/it\\\/2024\\\/07\\\/calciomercato-2024-maghnes-akliouche-continua-lavventura-e-george-ilenikhena-arriva-allas-monaco\\\/\",\"name\":\"Calciomercato 2024: Maghnes Akliouche continua l\u2019avventura e George Ilenikhena arriva all'AS Monaco\",\"isPartOf\":{\"@id\":\"https:\\\/\\\/www.monaco-tribune.com\\\/it\\\/#website\"},\"primaryImageOfPage\":{\"@id\":\"https:\\\/\\\/www.monaco-tribune.com\\\/it\\\/2024\\\/07\\\/calciomercato-2024-maghnes-akliouche-continua-lavventura-e-george-ilenikhena-arriva-allas-monaco\\\/#primaryimage\"},\"image\":{\"@id\":\"https:\\\/\\\/www.monaco-tribune.com\\\/it\\\/2024\\\/07\\\/calciomercato-2024-maghnes-akliouche-continua-lavventura-e-george-ilenikhena-arriva-allas-monaco\\\/#primaryimage\"},\"thumbnailUrl\":\"https:\\\/\\\/www.monaco-tribune.com\\\/wp-content\\\/uploads\\\/2024\\\/07\\\/akliouche-article-1160x650-1.jpg\",\"datePublished\":\"2024-07-26T12:41:37+00:00\",\"dateModified\":\"2024-07-26T12:41:47+00:00\",\"description\":\"L'AS Monaco ha recentemente annunciato due grandi novit\u00e0 per la prossima stagione: Maghnes Akliouche, il 22enne centrocampista che si \u00e8 formato\",\"breadcrumb\":{\"@id\":\"https:\\\/\\\/www.monaco-tribune.com\\\/it\\\/2024\\\/07\\\/calciomercato-2024-maghnes-akliouche-continua-lavventura-e-george-ilenikhena-arriva-allas-monaco\\\/#breadcrumb\"},\"inLanguage\":\"it-IT\",\"potentialAction\":[{\"@type\":\"ReadAction\",\"target\":[\"https:\\\/\\\/www.monaco-tribune.com\\\/it\\\/2024\\\/07\\\/calciomercato-2024-maghnes-akliouche-continua-lavventura-e-george-ilenikhena-arriva-allas-monaco\\\/\"]}]},{\"@type\":\"ImageObject\",\"inLanguage\":\"it-IT\",\"@id\":\"https:\\\/\\\/www.monaco-tribune.com\\\/it\\\/2024\\\/07\\\/calciomercato-2024-maghnes-akliouche-continua-lavventura-e-george-ilenikhena-arriva-allas-monaco\\\/#primaryimage\",\"url\":\"https:\\\/\\\/www.monaco-tribune.com\\\/wp-content\\\/uploads\\\/2024\\\/07\\\/akliouche-article-1160x650-1.jpg\",\"contentUrl\":\"https:\\\/\\\/www.monaco-tribune.com\\\/wp-content\\\/uploads\\\/2024\\\/07\\\/akliouche-article-1160x650-1.jpg\",\"width\":1160,\"height\":650,\"caption\":\"\u00a9 AS Monaco\"},{\"@type\":\"BreadcrumbList\",\"@id\":\"https:\\\/\\\/www.monaco-tribune.com\\\/it\\\/2024\\\/07\\\/calciomercato-2024-maghnes-akliouche-continua-lavventura-e-george-ilenikhena-arriva-allas-monaco\\\/#breadcrumb\",\"itemListElement\":[{\"@type\":\"ListItem\",\"position\":1,\"name\":\"Accueil\",\"item\":\"https:\\\/\\\/www.monaco-tribune.com\\\/it\\\/\"},{\"@type\":\"ListItem\",\"position\":2,\"name\":\"Calciomercato 2024: Maghnes Akliouche continua l\u2019avventura e George Ilenikhena arriva all&#8217;AS Monaco\"}]},{\"@type\":\"WebSite\",\"@id\":\"https:\\\/\\\/www.monaco-tribune.com\\\/it\\\/#website\",\"url\":\"https:\\\/\\\/www.monaco-tribune.com\\\/it\\\/\",\"name\":\"Monaco Tribune\",\"description\":\"Monaco : actualit\u00e9s \u00e9conomiques, politiques, culturelles et sportives de Monaco et de la French Riviera.\",\"publisher\":{\"@id\":\"https:\\\/\\\/www.monaco-tribune.com\\\/it\\\/#organization\"},\"potentialAction\":[{\"@type\":\"SearchAction\",\"target\":{\"@type\":\"EntryPoint\",\"urlTemplate\":\"https:\\\/\\\/www.monaco-tribune.com\\\/it\\\/?s={search_term_string}\"},\"query-input\":{\"@type\":\"PropertyValueSpecification\",\"valueRequired\":true,\"valueName\":\"search_term_string\"}}],\"inLanguage\":\"it-IT\"},{\"@type\":\"Organization\",\"@id\":\"https:\\\/\\\/www.monaco-tribune.com\\\/it\\\/#organization\",\"name\":\"Monaco Tribune\",\"url\":\"https:\\\/\\\/www.monaco-tribune.com\\\/it\\\/\",\"logo\":{\"@type\":\"ImageObject\",\"inLanguage\":\"it-IT\",\"@id\":\"https:\\\/\\\/www.monaco-tribune.com\\\/it\\\/#\\\/schema\\\/logo\\\/image\\\/\",\"url\":\"https:\\\/\\\/www.monaco-tribune.com\\\/wp-content\\\/uploads\\\/2022\\\/11\\\/logo-monaco-tribune.png\",\"contentUrl\":\"https:\\\/\\\/www.monaco-tribune.com\\\/wp-content\\\/uploads\\\/2022\\\/11\\\/logo-monaco-tribune.png\",\"width\":1548,\"height\":600,\"caption\":\"Monaco Tribune\"},\"image\":{\"@id\":\"https:\\\/\\\/www.monaco-tribune.com\\\/it\\\/#\\\/schema\\\/logo\\\/image\\\/\"},\"sameAs\":[\"https:\\\/\\\/www.facebook.com\\\/MonacoTribune\",\"https:\\\/\\\/x.com\\\/MonacoTribune\",\"https:\\\/\\\/www.instagram.com\\\/monacotribune\\\/\",\"https:\\\/\\\/www.linkedin.com\\\/company\\\/monaco-tribune\",\"https:\\\/\\\/www.youtube.com\\\/channel\\\/UCHle1MnG6hw1y4lWKijVbMA\"]},{\"@type\":\"Person\",\"@id\":\"https:\\\/\\\/www.monaco-tribune.com\\\/it\\\/#\\\/schema\\\/person\\\/6db631c784f2f0eff54c3ca4d1da2d49\",\"name\":\"Ana\u00efs Riu\",\"image\":{\"@type\":\"ImageObject\",\"inLanguage\":\"it-IT\",\"@id\":\"https:\\\/\\\/secure.gravatar.com\\\/avatar\\\/9137eff67ff750f1997c171f45e5829ca4c8fa34729a8f8cd9dc85be7e50df7f?s=96&d=mm&r=g\",\"url\":\"https:\\\/\\\/secure.gravatar.com\\\/avatar\\\/9137eff67ff750f1997c171f45e5829ca4c8fa34729a8f8cd9dc85be7e50df7f?s=96&d=mm&r=g\",\"contentUrl\":\"https:\\\/\\\/secure.gravatar.com\\\/avatar\\\/9137eff67ff750f1997c171f45e5829ca4c8fa34729a8f8cd9dc85be7e50df7f?s=96&d=mm&r=g\",\"caption\":\"Ana\u00efs Riu\"},\"url\":\"https:\\\/\\\/www.monaco-tribune.com\\\/it\\\/author\\\/anaisriu\\\/\"}]}<\/script>\n<!-- \/ Yoast SEO Premium plugin. -->","yoast_head_json":{"title":"Calciomercato 2024: Maghnes Akliouche continua l\u2019avventura e George Ilenikhena arriva all'AS Monaco","description":"L'AS Monaco ha recentemente annunciato due grandi novit\u00e0 per la prossima stagione: Maghnes Akliouche, il 22enne centrocampista che si \u00e8 formato","robots":{"index":"index","follow":"follow","max-snippet":"max-snippet:-1","max-image-preview":"max-image-preview:large","max-video-preview":"max-video-preview:-1"},"canonical":"https:\/\/www.monaco-tribune.com\/it\/2024\/07\/calciomercato-2024-maghnes-akliouche-continua-lavventura-e-george-ilenikhena-arriva-allas-monaco\/","og_locale":"it_IT","og_type":"article","og_title":"Calciomercato 2024: Maghnes Akliouche continua l\u2019avventura e George Ilenikhena arriva all'AS Monaco - Monaco Tribune","og_description":"L'AS Monaco ha recentemente annunciato due grandi novit\u00e0 per la prossima stagione: Maghnes Akliouche, il 22enne centrocampista che si \u00e8 formato","og_url":"https:\/\/www.monaco-tribune.com\/it\/2024\/07\/calciomercato-2024-maghnes-akliouche-continua-lavventura-e-george-ilenikhena-arriva-allas-monaco\/","og_site_name":"Monaco Tribune","article_publisher":"https:\/\/www.facebook.com\/MonacoTribune","article_published_time":"2024-07-26T12:41:37+00:00","article_modified_time":"2024-07-26T12:41:47+00:00","og_image":[{"width":1160,"height":650,"url":"https:\/\/www.monaco-tribune.com\/wp-content\/uploads\/2024\/07\/akliouche-article-1160x650-1.jpg","type":"image\/jpeg"}],"author":"Ana\u00efs Riu","twitter_card":"summary_large_image","twitter_creator":"@MonacoTribune","twitter_site":"@MonacoTribune","schema":{"@context":"https:\/\/schema.org","@graph":[{"@type":"NewsArticle","@id":"https:\/\/www.monaco-tribune.com\/it\/2024\/07\/calciomercato-2024-maghnes-akliouche-continua-lavventura-e-george-ilenikhena-arriva-allas-monaco\/#article","isPartOf":{"@id":"https:\/\/www.monaco-tribune.com\/it\/2024\/07\/calciomercato-2024-maghnes-akliouche-continua-lavventura-e-george-ilenikhena-arriva-allas-monaco\/"},"author":{"name":"Ana\u00efs Riu","@id":"https:\/\/www.monaco-tribune.com\/it\/#\/schema\/person\/6db631c784f2f0eff54c3ca4d1da2d49"},"headline":"Calciomercato 2024: Maghnes Akliouche continua l\u2019avventura e George Ilenikhena arriva all&#8217;AS Monaco","datePublished":"2024-07-26T12:41:37+00:00","dateModified":"2024-07-26T12:41:47+00:00","mainEntityOfPage":{"@id":"https:\/\/www.monaco-tribune.com\/it\/2024\/07\/calciomercato-2024-maghnes-akliouche-continua-lavventura-e-george-ilenikhena-arriva-allas-monaco\/"},"wordCount":702,"publisher":{"@id":"https:\/\/www.monaco-tribune.com\/it\/#organization"},"image":{"@id":"https:\/\/www.monaco-tribune.com\/it\/2024\/07\/calciomercato-2024-maghnes-akliouche-continua-lavventura-e-george-ilenikhena-arriva-allas-monaco\/#primaryimage"},"thumbnailUrl":"https:\/\/www.monaco-tribune.com\/wp-content\/uploads\/2024\/07\/akliouche-article-1160x650-1.jpg","keywords":["AS Monaco"],"articleSection":["La nostra scelta","Notizie","Sport"],"inLanguage":"it-IT","copyrightYear":"2024","copyrightHolder":{"@id":"https:\/\/www.monaco-tribune.com\/#organization"}},{"@type":"WebPage","@id":"https:\/\/www.monaco-tribune.com\/it\/2024\/07\/calciomercato-2024-maghnes-akliouche-continua-lavventura-e-george-ilenikhena-arriva-allas-monaco\/","url":"https:\/\/www.monaco-tribune.com\/it\/2024\/07\/calciomercato-2024-maghnes-akliouche-continua-lavventura-e-george-ilenikhena-arriva-allas-monaco\/","name":"Calciomercato 2024: Maghnes Akliouche continua l\u2019avventura e George Ilenikhena arriva all'AS Monaco","isPartOf":{"@id":"https:\/\/www.monaco-tribune.com\/it\/#website"},"primaryImageOfPage":{"@id":"https:\/\/www.monaco-tribune.com\/it\/2024\/07\/calciomercato-2024-maghnes-akliouche-continua-lavventura-e-george-ilenikhena-arriva-allas-monaco\/#primaryimage"},"image":{"@id":"https:\/\/www.monaco-tribune.com\/it\/2024\/07\/calciomercato-2024-maghnes-akliouche-continua-lavventura-e-george-ilenikhena-arriva-allas-monaco\/#primaryimage"},"thumbnailUrl":"https:\/\/www.monaco-tribune.com\/wp-content\/uploads\/2024\/07\/akliouche-article-1160x650-1.jpg","datePublished":"2024-07-26T12:41:37+00:00","dateModified":"2024-07-26T12:41:47+00:00","description":"L'AS Monaco ha recentemente annunciato due grandi novit\u00e0 per la prossima stagione: Maghnes Akliouche, il 22enne centrocampista che si \u00e8 formato","breadcrumb":{"@id":"https:\/\/www.monaco-tribune.com\/it\/2024\/07\/calciomercato-2024-maghnes-akliouche-continua-lavventura-e-george-ilenikhena-arriva-allas-monaco\/#breadcrumb"},"inLanguage":"it-IT","potentialAction":[{"@type":"ReadAction","target":["https:\/\/www.monaco-tribune.com\/it\/2024\/07\/calciomercato-2024-maghnes-akliouche-continua-lavventura-e-george-ilenikhena-arriva-allas-monaco\/"]}]},{"@type":"ImageObject","inLanguage":"it-IT","@id":"https:\/\/www.monaco-tribune.com\/it\/2024\/07\/calciomercato-2024-maghnes-akliouche-continua-lavventura-e-george-ilenikhena-arriva-allas-monaco\/#primaryimage","url":"https:\/\/www.monaco-tribune.com\/wp-content\/uploads\/2024\/07\/akliouche-article-1160x650-1.jpg","contentUrl":"https:\/\/www.monaco-tribune.com\/wp-content\/uploads\/2024\/07\/akliouche-article-1160x650-1.jpg","width":1160,"height":650,"caption":"\u00a9 AS Monaco"},{"@type":"BreadcrumbList","@id":"https:\/\/www.monaco-tribune.com\/it\/2024\/07\/calciomercato-2024-maghnes-akliouche-continua-lavventura-e-george-ilenikhena-arriva-allas-monaco\/#breadcrumb","itemListElement":[{"@type":"ListItem","position":1,"name":"Accueil","item":"https:\/\/www.monaco-tribune.com\/it\/"},{"@type":"ListItem","position":2,"name":"Calciomercato 2024: Maghnes Akliouche continua l\u2019avventura e George Ilenikhena arriva all&#8217;AS Monaco"}]},{"@type":"WebSite","@id":"https:\/\/www.monaco-tribune.com\/it\/#website","url":"https:\/\/www.monaco-tribune.com\/it\/","name":"Monaco Tribune","description":"Monaco : actualit\u00e9s \u00e9conomiques, politiques, culturelles et sportives de Monaco et de la French Riviera.","publisher":{"@id":"https:\/\/www.monaco-tribune.com\/it\/#organization"},"potentialAction":[{"@type":"SearchAction","target":{"@type":"EntryPoint","urlTemplate":"https:\/\/www.monaco-tribune.com\/it\/?s={search_term_string}"},"query-input":{"@type":"PropertyValueSpecification","valueRequired":true,"valueName":"search_term_string"}}],"inLanguage":"it-IT"},{"@type":"Organization","@id":"https:\/\/www.monaco-tribune.com\/it\/#organization","name":"Monaco Tribune","url":"https:\/\/www.monaco-tribune.com\/it\/","logo":{"@type":"ImageObject","inLanguage":"it-IT","@id":"https:\/\/www.monaco-tribune.com\/it\/#\/schema\/logo\/image\/","url":"https:\/\/www.monaco-tribune.com\/wp-content\/uploads\/2022\/11\/logo-monaco-tribune.png","contentUrl":"https:\/\/www.monaco-tribune.com\/wp-content\/uploads\/2022\/11\/logo-monaco-tribune.png","width":1548,"height":600,"caption":"Monaco Tribune"},"image":{"@id":"https:\/\/www.monaco-tribune.com\/it\/#\/schema\/logo\/image\/"},"sameAs":["https:\/\/www.facebook.com\/MonacoTribune","https:\/\/x.com\/MonacoTribune","https:\/\/www.instagram.com\/monacotribune\/","https:\/\/www.linkedin.com\/company\/monaco-tribune","https:\/\/www.youtube.com\/channel\/UCHle1MnG6hw1y4lWKijVbMA"]},{"@type":"Person","@id":"https:\/\/www.monaco-tribune.com\/it\/#\/schema\/person\/6db631c784f2f0eff54c3ca4d1da2d49","name":"Ana\u00efs Riu","image":{"@type":"ImageObject","inLanguage":"it-IT","@id":"https:\/\/secure.gravatar.com\/avatar\/9137eff67ff750f1997c171f45e5829ca4c8fa34729a8f8cd9dc85be7e50df7f?s=96&d=mm&r=g","url":"https:\/\/secure.gravatar.com\/avatar\/9137eff67ff750f1997c171f45e5829ca4c8fa34729a8f8cd9dc85be7e50df7f?s=96&d=mm&r=g","contentUrl":"https:\/\/secure.gravatar.com\/avatar\/9137eff67ff750f1997c171f45e5829ca4c8fa34729a8f8cd9dc85be7e50df7f?s=96&d=mm&r=g","caption":"Ana\u00efs Riu"},"url":"https:\/\/www.monaco-tribune.com\/it\/author\/anaisriu\/"}]}},"_links":{"self":[{"href":"https:\/\/www.monaco-tribune.com\/it\/wp-json\/wp\/v2\/posts\/244028","targetHints":{"allow":["GET"]}}],"collection":[{"href":"https:\/\/www.monaco-tribune.com\/it\/wp-json\/wp\/v2\/posts"}],"about":[{"href":"https:\/\/www.monaco-tribune.com\/it\/wp-json\/wp\/v2\/types\/post"}],"author":[{"embeddable":true,"href":"https:\/\/www.monaco-tribune.com\/it\/wp-json\/wp\/v2\/users\/77"}],"replies":[{"embeddable":true,"href":"https:\/\/www.monaco-tribune.com\/it\/wp-json\/wp\/v2\/comments?post=244028"}],"version-history":[{"count":2,"href":"https:\/\/www.monaco-tribune.com\/it\/wp-json\/wp\/v2\/posts\/244028\/revisions"}],"predecessor-version":[{"id":244031,"href":"https:\/\/www.monaco-tribune.com\/it\/wp-json\/wp\/v2\/posts\/244028\/revisions\/244031"}],"wp:featuredmedia":[{"embeddable":true,"href":"https:\/\/www.monaco-tribune.com\/it\/wp-json\/wp\/v2\/media\/243968"}],"wp:attachment":[{"href":"https:\/\/www.monaco-tribune.com\/it\/wp-json\/wp\/v2\/media?parent=244028"}],"wp:term":[{"taxonomy":"category","embeddable":true,"href":"https:\/\/www.monaco-tribune.com\/it\/wp-json\/wp\/v2\/categories?post=244028"},{"taxonomy":"post_tag","embeddable":true,"href":"https:\/\/www.monaco-tribune.com\/it\/wp-json\/wp\/v2\/tags?post=244028"},{"taxonomy":"sectag","embeddable":true,"href":"https:\/\/www.monaco-tribune.com\/it\/wp-json\/wp\/v2\/post_sectags?post=244028"},{"taxonomy":"format","embeddable":true,"href":"https:\/\/www.monaco-tribune.com\/it\/wp-json\/wp\/v2\/post_format?post=244028"}],"curies":[{"name":"wp","href":"https:\/\/api.w.org\/{rel}","templated":true}]}}