{"id":244048,"date":"2024-07-26T15:41:34","date_gmt":"2024-07-26T13:41:34","guid":{"rendered":"https:\/\/www.monaco-tribune.com\/2024\/07\/il-principe-alberto-ii-sostiene-i-valori-dellolimpismo\/"},"modified":"2024-07-26T15:41:39","modified_gmt":"2024-07-26T13:41:39","slug":"il-principe-alberto-ii-sostiene-i-valori-dellolimpismo","status":"publish","type":"post","link":"https:\/\/www.monaco-tribune.com\/it\/2024\/07\/il-principe-alberto-ii-sostiene-i-valori-dellolimpismo\/","title":{"rendered":"Il Principe Alberto II sostiene i valori dell&#8217;olimpismo"},"content":{"rendered":"\n<p><strong>A poche ore dall&#8217;inizio dei Giochi Olimpici di Parigi 2024, <em>Le Figaro<\/em> ha intervistato il Principe Alberto II. <\/strong><\/p>\n\n<p>In qualit\u00e0 di membro del Comitato Olimpico Internazionale (CIO) e di ex atleta delle Olimpiadi invernali (1988, 1992, 1994, 1998 e 2002) nel bob, il Principe Alberto II ha una visione molto positiva dei Giochi Olimpici. E l&#8217;ha espresso in un articolo per <em>Le Figaro<\/em>.<\/p>\n\n<h2 class=\"wp-block-heading\" id=\"h-les-jeux-comme-symboles-de-paix\">Le Olimpiadi come simbolo di pace<\/h2>\n\n<p>Dopo aver ricordato le origini pacifiste dei Giochi Olimpici, nati sotto forma di Olimpiade circa 3.000 anni fa per &#8220;sospendere i conflitti tra le citt\u00e0 greche&#8221;, il Principe Alberto II ha parlato del ruolo essenziale svolto dall&#8217;olimpismo nella societ\u00e0. Soprattutto perch\u00e9 &#8220;unisce fisicamente e simbolicamente uomini e donne di tutto il mondo nella conquista di medaglie forgiate nel metallo del dialogo e della pace&#8221;. A suo avviso, la competizione sportiva &#8220;permette alle persone di competere le une contro le altre sulla base di regole accettate da tutti, e di creare le condizioni per un&#8217;armonia universale&#8221;.<\/p>\n\n<p class=\"related\"><a href=\"https:\/\/www.monaco-tribune.com\/it\/2024\/06\/fiamma-olimpica-a-monaco-e-un-grande-onore-e-una-vera-emozione-dichiara-la-principessa-charlene\/\">Fiamma olimpica a Monaco: \u201c\u00c8 un grande onore e una vera emozione\u201d dichiara la Principessa Charl\u00e8ne<\/a><\/p>\n\n<h2 class=\"wp-block-heading\" id=\"h-monaco-terre-d-olympisme-nbsp\">Monaco, terra di olimpismo<\/h2>\n\n<p>Monaco ha quasi sempre fatto parte dell&#8217;avventura olimpica perch\u00e9, come spiega il Principe Alberto II, &#8220;questa \u00e8 senza dubbio la pi\u00f9 grande forza di questa istituzione internazionale: non si preoccupa delle dimensioni dei suoi membri. Riconosce solo il loro impegno nel servire i suoi valori&#8221;. Pi\u00f9 che una passione, \u00e8 un&#8217;eredit\u00e0 di famiglia: &#8220;La Principessa Charl\u00e8ne e io siamo orgogliosi di aver partecipato ai Giochi come atleti. Cos\u00ec come sono orgoglioso che mio nonno fosse il grande campione John B. Kelly, che port\u00f2 a casa tre medaglie d&#8217;oro per il suo Paese nelle gare di canottaggio&#8221;.<\/p>\n\n<p>Il principe Alberto II ha inoltre lodato l&#8217;impegno ambientale di Parigi 2024, che si \u00e8 avvalsa di esperti ambientali all&#8217;interno del Comitato per la trasformazione ecologica dei Giochi, al fine di controllare, ridurre e ridefinire le emissioni di carbonio prima e durante le Olimpiadi. &#8220;Questi Giochi hanno stabilito nuovi standard di sostenibilit\u00e0 per i grandi eventi sportivi, incentivando il risparmio energetico, l&#8217;innovazione e la creativit\u00e0&#8221;, ha spiegato il Principe Alberto II.<\/p>\n\n<p class=\"related\"><a href=\"https:\/\/www.monaco-tribune.com\/it\/2024\/07\/parigi-2024-il-principe-alberto-ii-e-la-principessa-charlene-presentano-gli-atleti-monegaschi-che-parteciperanno-ai-giochi-olimpici\/\">Parigi 2024: il Principe Alberto II e la Principessa Charl\u00e8ne presentano gli atleti monegaschi che parteciperanno ai Giochi Olimpici<\/a><\/p>\n","protected":false},"excerpt":{"rendered":"<p>A poche ore dall&#8217;inizio dei Giochi Olimpici di Parigi 2024, Le Figaro ha intervistato il Principe Alberto II. In qualit\u00e0 [&hellip;]<\/p>\n","protected":false},"author":47,"featured_media":243997,"comment_status":"closed","ping_status":"closed","sticky":false,"template":"","format":"standard","meta":{"_acf_changed":false,"footnotes":""},"categories":[1742,1826,1738],"tags":[5008],"post_sectags":[],"post_format":[2486],"class_list":["post-244048","post","type-post","status-publish","format-standard","has-post-thumbnail","hentry","category-famiglia-principesca","category-la-nostra-scelta","category-notizie","tag-giochi-olimpici","format-servizio"],"acf":[],"yoast_head":"<!-- This site is optimized with the Yoast SEO Premium plugin v26.8 (Yoast SEO v27.4) - https:\/\/yoast.com\/product\/yoast-seo-premium-wordpress\/ -->\n<title>Il Principe Alberto II sostiene i valori dell&#039;olimpismo<\/title>\n<meta name=\"description\" content=\"A poche ore dall&#039;inizio dei Giochi Olimpici di Parigi 2024, Le Figaro ha intervistato il Principe Alberto II. In qualit\u00e0 di membro del Comitato Olimpico\" \/>\n<meta name=\"robots\" content=\"index, follow, max-snippet:-1, max-image-preview:large, max-video-preview:-1\" \/>\n<link rel=\"canonical\" href=\"https:\/\/www.monaco-tribune.com\/it\/2024\/07\/il-principe-alberto-ii-sostiene-i-valori-dellolimpismo\/\" \/>\n<meta property=\"og:locale\" content=\"it_IT\" \/>\n<meta property=\"og:type\" content=\"article\" \/>\n<meta property=\"og:title\" content=\"Il Principe Alberto II sostiene i valori dell&#039;olimpismo - Monaco Tribune\" \/>\n<meta property=\"og:description\" content=\"A poche ore dall&#039;inizio dei Giochi Olimpici di Parigi 2024, Le Figaro ha intervistato il Principe Alberto II. In qualit\u00e0 di membro del Comitato Olimpico\" \/>\n<meta property=\"og:url\" content=\"https:\/\/www.monaco-tribune.com\/it\/2024\/07\/il-principe-alberto-ii-sostiene-i-valori-dellolimpismo\/\" \/>\n<meta property=\"og:site_name\" content=\"Monaco Tribune\" \/>\n<meta property=\"article:publisher\" content=\"https:\/\/www.facebook.com\/MonacoTribune\" \/>\n<meta property=\"article:published_time\" content=\"2024-07-26T13:41:34+00:00\" \/>\n<meta property=\"article:modified_time\" content=\"2024-07-26T13:41:39+00:00\" \/>\n<meta property=\"og:image\" content=\"https:\/\/www.monaco-tribune.com\/wp-content\/uploads\/2024\/07\/prince-albert-ii-jeux-olympiques.jpeg\" \/>\n\t<meta property=\"og:image:width\" content=\"1200\" \/>\n\t<meta property=\"og:image:height\" content=\"812\" \/>\n\t<meta property=\"og:image:type\" content=\"image\/jpeg\" \/>\n<meta name=\"author\" content=\"Agathe Ch\u00e9reau\" \/>\n<meta name=\"twitter:card\" content=\"summary_large_image\" \/>\n<meta name=\"twitter:creator\" content=\"@MonacoTribune\" \/>\n<meta name=\"twitter:site\" content=\"@MonacoTribune\" \/>\n<script type=\"application\/ld+json\" class=\"yoast-schema-graph\">{\"@context\":\"https:\\\/\\\/schema.org\",\"@graph\":[{\"@type\":\"NewsArticle\",\"@id\":\"https:\\\/\\\/www.monaco-tribune.com\\\/it\\\/2024\\\/07\\\/il-principe-alberto-ii-sostiene-i-valori-dellolimpismo\\\/#article\",\"isPartOf\":{\"@id\":\"https:\\\/\\\/www.monaco-tribune.com\\\/it\\\/2024\\\/07\\\/il-principe-alberto-ii-sostiene-i-valori-dellolimpismo\\\/\"},\"author\":{\"name\":\"Agathe Ch\u00e9reau\",\"@id\":\"https:\\\/\\\/www.monaco-tribune.com\\\/it\\\/#\\\/schema\\\/person\\\/fba2f8d5a098d473c92e84cc43a8f730\"},\"headline\":\"Il Principe Alberto II sostiene i valori dell&#8217;olimpismo\",\"datePublished\":\"2024-07-26T13:41:34+00:00\",\"dateModified\":\"2024-07-26T13:41:39+00:00\",\"mainEntityOfPage\":{\"@id\":\"https:\\\/\\\/www.monaco-tribune.com\\\/it\\\/2024\\\/07\\\/il-principe-alberto-ii-sostiene-i-valori-dellolimpismo\\\/\"},\"wordCount\":379,\"publisher\":{\"@id\":\"https:\\\/\\\/www.monaco-tribune.com\\\/it\\\/#organization\"},\"image\":{\"@id\":\"https:\\\/\\\/www.monaco-tribune.com\\\/it\\\/2024\\\/07\\\/il-principe-alberto-ii-sostiene-i-valori-dellolimpismo\\\/#primaryimage\"},\"thumbnailUrl\":\"https:\\\/\\\/www.monaco-tribune.com\\\/wp-content\\\/uploads\\\/2024\\\/07\\\/prince-albert-ii-jeux-olympiques.jpeg\",\"keywords\":[\"Giochi Olimpici\"],\"articleSection\":[\"Famiglia Principesca\",\"La nostra scelta\",\"Notizie\"],\"inLanguage\":\"it-IT\",\"copyrightYear\":\"2024\",\"copyrightHolder\":{\"@id\":\"https:\\\/\\\/www.monaco-tribune.com\\\/#organization\"}},{\"@type\":\"WebPage\",\"@id\":\"https:\\\/\\\/www.monaco-tribune.com\\\/it\\\/2024\\\/07\\\/il-principe-alberto-ii-sostiene-i-valori-dellolimpismo\\\/\",\"url\":\"https:\\\/\\\/www.monaco-tribune.com\\\/it\\\/2024\\\/07\\\/il-principe-alberto-ii-sostiene-i-valori-dellolimpismo\\\/\",\"name\":\"Il Principe Alberto II sostiene i valori dell'olimpismo\",\"isPartOf\":{\"@id\":\"https:\\\/\\\/www.monaco-tribune.com\\\/it\\\/#website\"},\"primaryImageOfPage\":{\"@id\":\"https:\\\/\\\/www.monaco-tribune.com\\\/it\\\/2024\\\/07\\\/il-principe-alberto-ii-sostiene-i-valori-dellolimpismo\\\/#primaryimage\"},\"image\":{\"@id\":\"https:\\\/\\\/www.monaco-tribune.com\\\/it\\\/2024\\\/07\\\/il-principe-alberto-ii-sostiene-i-valori-dellolimpismo\\\/#primaryimage\"},\"thumbnailUrl\":\"https:\\\/\\\/www.monaco-tribune.com\\\/wp-content\\\/uploads\\\/2024\\\/07\\\/prince-albert-ii-jeux-olympiques.jpeg\",\"datePublished\":\"2024-07-26T13:41:34+00:00\",\"dateModified\":\"2024-07-26T13:41:39+00:00\",\"description\":\"A poche ore dall'inizio dei Giochi Olimpici di Parigi 2024, Le Figaro ha intervistato il Principe Alberto II. In qualit\u00e0 di membro del Comitato Olimpico\",\"breadcrumb\":{\"@id\":\"https:\\\/\\\/www.monaco-tribune.com\\\/it\\\/2024\\\/07\\\/il-principe-alberto-ii-sostiene-i-valori-dellolimpismo\\\/#breadcrumb\"},\"inLanguage\":\"it-IT\",\"potentialAction\":[{\"@type\":\"ReadAction\",\"target\":[\"https:\\\/\\\/www.monaco-tribune.com\\\/it\\\/2024\\\/07\\\/il-principe-alberto-ii-sostiene-i-valori-dellolimpismo\\\/\"]}]},{\"@type\":\"ImageObject\",\"inLanguage\":\"it-IT\",\"@id\":\"https:\\\/\\\/www.monaco-tribune.com\\\/it\\\/2024\\\/07\\\/il-principe-alberto-ii-sostiene-i-valori-dellolimpismo\\\/#primaryimage\",\"url\":\"https:\\\/\\\/www.monaco-tribune.com\\\/wp-content\\\/uploads\\\/2024\\\/07\\\/prince-albert-ii-jeux-olympiques.jpeg\",\"contentUrl\":\"https:\\\/\\\/www.monaco-tribune.com\\\/wp-content\\\/uploads\\\/2024\\\/07\\\/prince-albert-ii-jeux-olympiques.jpeg\",\"width\":1200,\"height\":812,\"caption\":\"Il Principe Alberto II e la Principessa Charl\u00e8ne alla cena organizzata dal Comitato Olimpico Internazionale \u00a9 Jeanne Accorsini\"},{\"@type\":\"BreadcrumbList\",\"@id\":\"https:\\\/\\\/www.monaco-tribune.com\\\/it\\\/2024\\\/07\\\/il-principe-alberto-ii-sostiene-i-valori-dellolimpismo\\\/#breadcrumb\",\"itemListElement\":[{\"@type\":\"ListItem\",\"position\":1,\"name\":\"Accueil\",\"item\":\"https:\\\/\\\/www.monaco-tribune.com\\\/it\\\/\"},{\"@type\":\"ListItem\",\"position\":2,\"name\":\"Il Principe Alberto II sostiene i valori dell&#8217;olimpismo\"}]},{\"@type\":\"WebSite\",\"@id\":\"https:\\\/\\\/www.monaco-tribune.com\\\/it\\\/#website\",\"url\":\"https:\\\/\\\/www.monaco-tribune.com\\\/it\\\/\",\"name\":\"Monaco Tribune\",\"description\":\"Monaco : actualit\u00e9s \u00e9conomiques, politiques, culturelles et sportives de Monaco et de la French Riviera.\",\"publisher\":{\"@id\":\"https:\\\/\\\/www.monaco-tribune.com\\\/it\\\/#organization\"},\"potentialAction\":[{\"@type\":\"SearchAction\",\"target\":{\"@type\":\"EntryPoint\",\"urlTemplate\":\"https:\\\/\\\/www.monaco-tribune.com\\\/it\\\/?s={search_term_string}\"},\"query-input\":{\"@type\":\"PropertyValueSpecification\",\"valueRequired\":true,\"valueName\":\"search_term_string\"}}],\"inLanguage\":\"it-IT\"},{\"@type\":\"Organization\",\"@id\":\"https:\\\/\\\/www.monaco-tribune.com\\\/it\\\/#organization\",\"name\":\"Monaco Tribune\",\"url\":\"https:\\\/\\\/www.monaco-tribune.com\\\/it\\\/\",\"logo\":{\"@type\":\"ImageObject\",\"inLanguage\":\"it-IT\",\"@id\":\"https:\\\/\\\/www.monaco-tribune.com\\\/it\\\/#\\\/schema\\\/logo\\\/image\\\/\",\"url\":\"https:\\\/\\\/www.monaco-tribune.com\\\/wp-content\\\/uploads\\\/2022\\\/11\\\/logo-monaco-tribune.png\",\"contentUrl\":\"https:\\\/\\\/www.monaco-tribune.com\\\/wp-content\\\/uploads\\\/2022\\\/11\\\/logo-monaco-tribune.png\",\"width\":1548,\"height\":600,\"caption\":\"Monaco Tribune\"},\"image\":{\"@id\":\"https:\\\/\\\/www.monaco-tribune.com\\\/it\\\/#\\\/schema\\\/logo\\\/image\\\/\"},\"sameAs\":[\"https:\\\/\\\/www.facebook.com\\\/MonacoTribune\",\"https:\\\/\\\/x.com\\\/MonacoTribune\",\"https:\\\/\\\/www.instagram.com\\\/monacotribune\\\/\",\"https:\\\/\\\/www.linkedin.com\\\/company\\\/monaco-tribune\",\"https:\\\/\\\/www.youtube.com\\\/channel\\\/UCHle1MnG6hw1y4lWKijVbMA\"]},{\"@type\":\"Person\",\"@id\":\"https:\\\/\\\/www.monaco-tribune.com\\\/it\\\/#\\\/schema\\\/person\\\/fba2f8d5a098d473c92e84cc43a8f730\",\"name\":\"Agathe Ch\u00e9reau\",\"image\":{\"@type\":\"ImageObject\",\"inLanguage\":\"it-IT\",\"@id\":\"https:\\\/\\\/secure.gravatar.com\\\/avatar\\\/884b20ed9d4430c24d77a3ad560b1c21da67bd6992531a1971822779f9988ea5?s=96&d=mm&r=g\",\"url\":\"https:\\\/\\\/secure.gravatar.com\\\/avatar\\\/884b20ed9d4430c24d77a3ad560b1c21da67bd6992531a1971822779f9988ea5?s=96&d=mm&r=g\",\"contentUrl\":\"https:\\\/\\\/secure.gravatar.com\\\/avatar\\\/884b20ed9d4430c24d77a3ad560b1c21da67bd6992531a1971822779f9988ea5?s=96&d=mm&r=g\",\"caption\":\"Agathe Ch\u00e9reau\"},\"url\":\"https:\\\/\\\/www.monaco-tribune.com\\\/it\\\/author\\\/agathechereau\\\/\"}]}<\/script>\n<!-- \/ Yoast SEO Premium plugin. -->","yoast_head_json":{"title":"Il Principe Alberto II sostiene i valori dell'olimpismo","description":"A poche ore dall'inizio dei Giochi Olimpici di Parigi 2024, Le Figaro ha intervistato il Principe Alberto II. In qualit\u00e0 di membro del Comitato Olimpico","robots":{"index":"index","follow":"follow","max-snippet":"max-snippet:-1","max-image-preview":"max-image-preview:large","max-video-preview":"max-video-preview:-1"},"canonical":"https:\/\/www.monaco-tribune.com\/it\/2024\/07\/il-principe-alberto-ii-sostiene-i-valori-dellolimpismo\/","og_locale":"it_IT","og_type":"article","og_title":"Il Principe Alberto II sostiene i valori dell'olimpismo - Monaco Tribune","og_description":"A poche ore dall'inizio dei Giochi Olimpici di Parigi 2024, Le Figaro ha intervistato il Principe Alberto II. In qualit\u00e0 di membro del Comitato Olimpico","og_url":"https:\/\/www.monaco-tribune.com\/it\/2024\/07\/il-principe-alberto-ii-sostiene-i-valori-dellolimpismo\/","og_site_name":"Monaco Tribune","article_publisher":"https:\/\/www.facebook.com\/MonacoTribune","article_published_time":"2024-07-26T13:41:34+00:00","article_modified_time":"2024-07-26T13:41:39+00:00","og_image":[{"width":1200,"height":812,"url":"https:\/\/www.monaco-tribune.com\/wp-content\/uploads\/2024\/07\/prince-albert-ii-jeux-olympiques.jpeg","type":"image\/jpeg"}],"author":"Agathe Ch\u00e9reau","twitter_card":"summary_large_image","twitter_creator":"@MonacoTribune","twitter_site":"@MonacoTribune","schema":{"@context":"https:\/\/schema.org","@graph":[{"@type":"NewsArticle","@id":"https:\/\/www.monaco-tribune.com\/it\/2024\/07\/il-principe-alberto-ii-sostiene-i-valori-dellolimpismo\/#article","isPartOf":{"@id":"https:\/\/www.monaco-tribune.com\/it\/2024\/07\/il-principe-alberto-ii-sostiene-i-valori-dellolimpismo\/"},"author":{"name":"Agathe Ch\u00e9reau","@id":"https:\/\/www.monaco-tribune.com\/it\/#\/schema\/person\/fba2f8d5a098d473c92e84cc43a8f730"},"headline":"Il Principe Alberto II sostiene i valori dell&#8217;olimpismo","datePublished":"2024-07-26T13:41:34+00:00","dateModified":"2024-07-26T13:41:39+00:00","mainEntityOfPage":{"@id":"https:\/\/www.monaco-tribune.com\/it\/2024\/07\/il-principe-alberto-ii-sostiene-i-valori-dellolimpismo\/"},"wordCount":379,"publisher":{"@id":"https:\/\/www.monaco-tribune.com\/it\/#organization"},"image":{"@id":"https:\/\/www.monaco-tribune.com\/it\/2024\/07\/il-principe-alberto-ii-sostiene-i-valori-dellolimpismo\/#primaryimage"},"thumbnailUrl":"https:\/\/www.monaco-tribune.com\/wp-content\/uploads\/2024\/07\/prince-albert-ii-jeux-olympiques.jpeg","keywords":["Giochi Olimpici"],"articleSection":["Famiglia Principesca","La nostra scelta","Notizie"],"inLanguage":"it-IT","copyrightYear":"2024","copyrightHolder":{"@id":"https:\/\/www.monaco-tribune.com\/#organization"}},{"@type":"WebPage","@id":"https:\/\/www.monaco-tribune.com\/it\/2024\/07\/il-principe-alberto-ii-sostiene-i-valori-dellolimpismo\/","url":"https:\/\/www.monaco-tribune.com\/it\/2024\/07\/il-principe-alberto-ii-sostiene-i-valori-dellolimpismo\/","name":"Il Principe Alberto II sostiene i valori dell'olimpismo","isPartOf":{"@id":"https:\/\/www.monaco-tribune.com\/it\/#website"},"primaryImageOfPage":{"@id":"https:\/\/www.monaco-tribune.com\/it\/2024\/07\/il-principe-alberto-ii-sostiene-i-valori-dellolimpismo\/#primaryimage"},"image":{"@id":"https:\/\/www.monaco-tribune.com\/it\/2024\/07\/il-principe-alberto-ii-sostiene-i-valori-dellolimpismo\/#primaryimage"},"thumbnailUrl":"https:\/\/www.monaco-tribune.com\/wp-content\/uploads\/2024\/07\/prince-albert-ii-jeux-olympiques.jpeg","datePublished":"2024-07-26T13:41:34+00:00","dateModified":"2024-07-26T13:41:39+00:00","description":"A poche ore dall'inizio dei Giochi Olimpici di Parigi 2024, Le Figaro ha intervistato il Principe Alberto II. In qualit\u00e0 di membro del Comitato Olimpico","breadcrumb":{"@id":"https:\/\/www.monaco-tribune.com\/it\/2024\/07\/il-principe-alberto-ii-sostiene-i-valori-dellolimpismo\/#breadcrumb"},"inLanguage":"it-IT","potentialAction":[{"@type":"ReadAction","target":["https:\/\/www.monaco-tribune.com\/it\/2024\/07\/il-principe-alberto-ii-sostiene-i-valori-dellolimpismo\/"]}]},{"@type":"ImageObject","inLanguage":"it-IT","@id":"https:\/\/www.monaco-tribune.com\/it\/2024\/07\/il-principe-alberto-ii-sostiene-i-valori-dellolimpismo\/#primaryimage","url":"https:\/\/www.monaco-tribune.com\/wp-content\/uploads\/2024\/07\/prince-albert-ii-jeux-olympiques.jpeg","contentUrl":"https:\/\/www.monaco-tribune.com\/wp-content\/uploads\/2024\/07\/prince-albert-ii-jeux-olympiques.jpeg","width":1200,"height":812,"caption":"Il Principe Alberto II e la Principessa Charl\u00e8ne alla cena organizzata dal Comitato Olimpico Internazionale \u00a9 Jeanne Accorsini"},{"@type":"BreadcrumbList","@id":"https:\/\/www.monaco-tribune.com\/it\/2024\/07\/il-principe-alberto-ii-sostiene-i-valori-dellolimpismo\/#breadcrumb","itemListElement":[{"@type":"ListItem","position":1,"name":"Accueil","item":"https:\/\/www.monaco-tribune.com\/it\/"},{"@type":"ListItem","position":2,"name":"Il Principe Alberto II sostiene i valori dell&#8217;olimpismo"}]},{"@type":"WebSite","@id":"https:\/\/www.monaco-tribune.com\/it\/#website","url":"https:\/\/www.monaco-tribune.com\/it\/","name":"Monaco Tribune","description":"Monaco : actualit\u00e9s \u00e9conomiques, politiques, culturelles et sportives de Monaco et de la French Riviera.","publisher":{"@id":"https:\/\/www.monaco-tribune.com\/it\/#organization"},"potentialAction":[{"@type":"SearchAction","target":{"@type":"EntryPoint","urlTemplate":"https:\/\/www.monaco-tribune.com\/it\/?s={search_term_string}"},"query-input":{"@type":"PropertyValueSpecification","valueRequired":true,"valueName":"search_term_string"}}],"inLanguage":"it-IT"},{"@type":"Organization","@id":"https:\/\/www.monaco-tribune.com\/it\/#organization","name":"Monaco Tribune","url":"https:\/\/www.monaco-tribune.com\/it\/","logo":{"@type":"ImageObject","inLanguage":"it-IT","@id":"https:\/\/www.monaco-tribune.com\/it\/#\/schema\/logo\/image\/","url":"https:\/\/www.monaco-tribune.com\/wp-content\/uploads\/2022\/11\/logo-monaco-tribune.png","contentUrl":"https:\/\/www.monaco-tribune.com\/wp-content\/uploads\/2022\/11\/logo-monaco-tribune.png","width":1548,"height":600,"caption":"Monaco Tribune"},"image":{"@id":"https:\/\/www.monaco-tribune.com\/it\/#\/schema\/logo\/image\/"},"sameAs":["https:\/\/www.facebook.com\/MonacoTribune","https:\/\/x.com\/MonacoTribune","https:\/\/www.instagram.com\/monacotribune\/","https:\/\/www.linkedin.com\/company\/monaco-tribune","https:\/\/www.youtube.com\/channel\/UCHle1MnG6hw1y4lWKijVbMA"]},{"@type":"Person","@id":"https:\/\/www.monaco-tribune.com\/it\/#\/schema\/person\/fba2f8d5a098d473c92e84cc43a8f730","name":"Agathe Ch\u00e9reau","image":{"@type":"ImageObject","inLanguage":"it-IT","@id":"https:\/\/secure.gravatar.com\/avatar\/884b20ed9d4430c24d77a3ad560b1c21da67bd6992531a1971822779f9988ea5?s=96&d=mm&r=g","url":"https:\/\/secure.gravatar.com\/avatar\/884b20ed9d4430c24d77a3ad560b1c21da67bd6992531a1971822779f9988ea5?s=96&d=mm&r=g","contentUrl":"https:\/\/secure.gravatar.com\/avatar\/884b20ed9d4430c24d77a3ad560b1c21da67bd6992531a1971822779f9988ea5?s=96&d=mm&r=g","caption":"Agathe Ch\u00e9reau"},"url":"https:\/\/www.monaco-tribune.com\/it\/author\/agathechereau\/"}]}},"_links":{"self":[{"href":"https:\/\/www.monaco-tribune.com\/it\/wp-json\/wp\/v2\/posts\/244048","targetHints":{"allow":["GET"]}}],"collection":[{"href":"https:\/\/www.monaco-tribune.com\/it\/wp-json\/wp\/v2\/posts"}],"about":[{"href":"https:\/\/www.monaco-tribune.com\/it\/wp-json\/wp\/v2\/types\/post"}],"author":[{"embeddable":true,"href":"https:\/\/www.monaco-tribune.com\/it\/wp-json\/wp\/v2\/users\/47"}],"replies":[{"embeddable":true,"href":"https:\/\/www.monaco-tribune.com\/it\/wp-json\/wp\/v2\/comments?post=244048"}],"version-history":[{"count":2,"href":"https:\/\/www.monaco-tribune.com\/it\/wp-json\/wp\/v2\/posts\/244048\/revisions"}],"predecessor-version":[{"id":244055,"href":"https:\/\/www.monaco-tribune.com\/it\/wp-json\/wp\/v2\/posts\/244048\/revisions\/244055"}],"wp:featuredmedia":[{"embeddable":true,"href":"https:\/\/www.monaco-tribune.com\/it\/wp-json\/wp\/v2\/media\/243997"}],"wp:attachment":[{"href":"https:\/\/www.monaco-tribune.com\/it\/wp-json\/wp\/v2\/media?parent=244048"}],"wp:term":[{"taxonomy":"category","embeddable":true,"href":"https:\/\/www.monaco-tribune.com\/it\/wp-json\/wp\/v2\/categories?post=244048"},{"taxonomy":"post_tag","embeddable":true,"href":"https:\/\/www.monaco-tribune.com\/it\/wp-json\/wp\/v2\/tags?post=244048"},{"taxonomy":"sectag","embeddable":true,"href":"https:\/\/www.monaco-tribune.com\/it\/wp-json\/wp\/v2\/post_sectags?post=244048"},{"taxonomy":"format","embeddable":true,"href":"https:\/\/www.monaco-tribune.com\/it\/wp-json\/wp\/v2\/post_format?post=244048"}],"curies":[{"name":"wp","href":"https:\/\/api.w.org\/{rel}","templated":true}]}}