{"id":244061,"date":"2024-07-26T16:23:32","date_gmt":"2024-07-26T14:23:32","guid":{"rendered":"https:\/\/www.monaco-tribune.com\/2024\/07\/caso-edouard-levrault-la-cedu-dichiara-inammissibile-il-ricorso-del-magistrato-francese\/"},"modified":"2024-07-26T16:31:59","modified_gmt":"2024-07-26T14:31:59","slug":"caso-edouard-levrault-la-cedu-dichiara-inammissibile-il-ricorso-del-magistrato-francese","status":"publish","type":"post","link":"https:\/\/www.monaco-tribune.com\/it\/2024\/07\/caso-edouard-levrault-la-cedu-dichiara-inammissibile-il-ricorso-del-magistrato-francese\/","title":{"rendered":"Caso Edouard Levrault: la CEDU dichiara inammissibile il ricorso del magistrato francese"},"content":{"rendered":"\n<p><strong>Gioved\u00ec 25 luglio, la Corte europea dei diritti dell&#8217;uomo (CEDU) ha respinto la richiesta di non rinnovare il distacco del ricorrente, il magistrato francese Edouard Levrault. <\/strong><\/p>\n\n<p>Edouard Levrault, che aveva impugnato questa decisione nel 2020, citando una violazione del suo diritto a un processo equo ai sensi dell&#8217;articolo 6 della Convenzione europea dei diritti dell&#8217;uomo, si \u00e8 visto dichiarare inammissibile il ricorso dalla Corte europea.<\/p>\n\n<p>La Corte di Strasburgo ha precisato che la decisione di non rinnovare il mandato al signor Levrault era un provvedimento amministrativo piuttosto che civile, rendendo cos\u00ec inapplicabile l&#8217;articolo 6.<\/p>\n\n<p>Levrault ha prestato servizio a Monaco per tre anni, occupandosi in particolare di un&#8217;indagine molto delicata che coinvolgeva Dmitri Rybolovlev, presidente dell&#8217;AS Monaco, e diverse personalit\u00e0 monegasche, tra cui Philippe Narmino, ex ministro della Giustizia, Paul Masseron, ex ministro dell&#8217;Interno, e Christophe Haget, ex direttore della polizia giudiziaria monegasca. Aveva inoltre chiesto al Principe Alberto II di intervenire in relazione alla vicenda.<\/p>\n\n<p>Nel 2019, l&#8217;annuncio del mancato rinnovo lo ha indotto a <a href=\"https:\/\/www.monaco-tribune.com\/2020\/06\/lultime-requete-du-juge-levrault-rejetee-par-le-tribunal-supreme\/\">presentare un ricorso alla Corte Suprema di Monaco<\/a>, da lui ritenuta non sufficientemente indipendente e imparziale. Non riuscendoci, ha portato il caso davanti alla CEDU, che ora si \u00e8 pronunciata contro di lui.<\/p>\n\n<p>&#8220;La CEDU ha emesso una decisione scandalosa: ha perso un&#8217;occasione eccezionale per censurare le inaccettabili carenze dello Stato di diritto monegasco. \u00c8 da tempo che la CEDU emette decisioni di questo tipo. Credo che la CEDU abbia esaurito il suo ruolo storico. \u00c8 in declino. \u00c8 un peccato&#8221;, ha dichiarato all&#8217;Agence France-Presse l&#8217;avvocato di Levraut, Fran\u00e7ois Saint-Pierre.<\/p>\n\n<p class=\"related\">Ricordiamo che lo scorso giugno, la CEDU ha stabilito all&#8217;unanimit\u00e0 che il giudice istruttore Edouard Levrault e altre autorit\u00e0 monegasche hanno violato i diritti tutelati dalla Convenzione europea dei diritti dell&#8217;uomo nei confronti di Tetiana Bersheda, l&#8217;avvocato di Dmitri Rybolovlev.<\/p>\n\n<p class=\"related\"><a href=\"https:\/\/www.monaco-tribune.com\/it\/2024\/06\/il-caso-rybolovlev-bouvier-la-sentenza-della-cedu-potrebbe-porre-fine-ad-anni-di-contenzioso-a-monaco\/\">Il caso Rybolovlev-Bouvier: la sentenza della CEDU potrebbe porre fine ad anni di contenzioso a Monaco<\/a><\/p>\n\n<p class=\"related\">Nella sua sentenza, la Corte ha ritenuto che &#8220;il giudice istruttore avesse esteso eccessivamente la portata delle sue indagini e che le autorit\u00e0 giudiziarie nazionali di controllo non avessero ridefinito, conformemente ai termini del rinvio, i limiti della missione dell&#8217;esperto e l&#8217;ambito dell&#8217;indagine&#8221;.<\/p>\n","protected":false},"excerpt":{"rendered":"<p>Gioved\u00ec 25 luglio, la Corte europea dei diritti dell&#8217;uomo (CEDU) ha respinto la richiesta di non rinnovare il distacco del [&hellip;]<\/p>\n","protected":false},"author":77,"featured_media":244081,"comment_status":"closed","ping_status":"closed","sticky":false,"template":"","format":"standard","meta":{"_acf_changed":false,"footnotes":""},"categories":[1738,1752],"tags":[3415],"post_sectags":[],"post_format":[2478],"class_list":["post-244061","post","type-post","status-publish","format-standard","has-post-thumbnail","hentry","category-notizie","category-societa","tag-giustizia","format-notizia"],"acf":[],"yoast_head":"<!-- This site is optimized with the Yoast SEO Premium plugin v26.8 (Yoast SEO v27.4) - https:\/\/yoast.com\/product\/yoast-seo-premium-wordpress\/ -->\n<title>Caso Edouard Levrault: la CEDU dichiara inammissibile il ricorso del magistrato francese<\/title>\n<meta name=\"description\" content=\"Gioved\u00ec 25 luglio, la Corte europea dei diritti dell&#039;uomo (CEDU) ha respinto la richiesta di non rinnovare il distacco del ricorrente, il magistrato\" \/>\n<meta name=\"robots\" content=\"index, follow, max-snippet:-1, max-image-preview:large, max-video-preview:-1\" \/>\n<link rel=\"canonical\" href=\"https:\/\/www.monaco-tribune.com\/it\/2024\/07\/caso-edouard-levrault-la-cedu-dichiara-inammissibile-il-ricorso-del-magistrato-francese\/\" \/>\n<meta property=\"og:locale\" content=\"it_IT\" \/>\n<meta property=\"og:type\" content=\"article\" \/>\n<meta property=\"og:title\" content=\"Caso Edouard Levrault: la CEDU dichiara inammissibile il ricorso del magistrato francese - Monaco Tribune\" \/>\n<meta property=\"og:description\" content=\"Gioved\u00ec 25 luglio, la Corte europea dei diritti dell&#039;uomo (CEDU) ha respinto la richiesta di non rinnovare il distacco del ricorrente, il magistrato\" \/>\n<meta property=\"og:url\" content=\"https:\/\/www.monaco-tribune.com\/it\/2024\/07\/caso-edouard-levrault-la-cedu-dichiara-inammissibile-il-ricorso-del-magistrato-francese\/\" \/>\n<meta property=\"og:site_name\" content=\"Monaco Tribune\" \/>\n<meta property=\"article:publisher\" content=\"https:\/\/www.facebook.com\/MonacoTribune\" \/>\n<meta property=\"article:published_time\" content=\"2024-07-26T14:23:32+00:00\" \/>\n<meta property=\"article:modified_time\" content=\"2024-07-26T14:31:59+00:00\" \/>\n<meta property=\"og:image\" content=\"https:\/\/www.monaco-tribune.com\/wp-content\/uploads\/2024\/07\/le-juge-levrault-monaco.png\" \/>\n\t<meta property=\"og:image:width\" content=\"1200\" \/>\n\t<meta property=\"og:image:height\" content=\"744\" \/>\n\t<meta property=\"og:image:type\" content=\"image\/png\" \/>\n<meta name=\"author\" content=\"Ana\u00efs Riu\" \/>\n<meta name=\"twitter:card\" content=\"summary_large_image\" \/>\n<meta name=\"twitter:creator\" content=\"@MonacoTribune\" \/>\n<meta name=\"twitter:site\" content=\"@MonacoTribune\" \/>\n<script type=\"application\/ld+json\" class=\"yoast-schema-graph\">{\"@context\":\"https:\\\/\\\/schema.org\",\"@graph\":[{\"@type\":\"NewsArticle\",\"@id\":\"https:\\\/\\\/www.monaco-tribune.com\\\/it\\\/2024\\\/07\\\/caso-edouard-levrault-la-cedu-dichiara-inammissibile-il-ricorso-del-magistrato-francese\\\/#article\",\"isPartOf\":{\"@id\":\"https:\\\/\\\/www.monaco-tribune.com\\\/it\\\/2024\\\/07\\\/caso-edouard-levrault-la-cedu-dichiara-inammissibile-il-ricorso-del-magistrato-francese\\\/\"},\"author\":{\"name\":\"Ana\u00efs Riu\",\"@id\":\"https:\\\/\\\/www.monaco-tribune.com\\\/it\\\/#\\\/schema\\\/person\\\/6db631c784f2f0eff54c3ca4d1da2d49\"},\"headline\":\"Caso Edouard Levrault: la CEDU dichiara inammissibile il ricorso del magistrato francese\",\"datePublished\":\"2024-07-26T14:23:32+00:00\",\"dateModified\":\"2024-07-26T14:31:59+00:00\",\"mainEntityOfPage\":{\"@id\":\"https:\\\/\\\/www.monaco-tribune.com\\\/it\\\/2024\\\/07\\\/caso-edouard-levrault-la-cedu-dichiara-inammissibile-il-ricorso-del-magistrato-francese\\\/\"},\"wordCount\":375,\"publisher\":{\"@id\":\"https:\\\/\\\/www.monaco-tribune.com\\\/it\\\/#organization\"},\"image\":{\"@id\":\"https:\\\/\\\/www.monaco-tribune.com\\\/it\\\/2024\\\/07\\\/caso-edouard-levrault-la-cedu-dichiara-inammissibile-il-ricorso-del-magistrato-francese\\\/#primaryimage\"},\"thumbnailUrl\":\"https:\\\/\\\/www.monaco-tribune.com\\\/wp-content\\\/uploads\\\/2024\\\/07\\\/le-juge-levrault-monaco.png\",\"keywords\":[\"Giustizia\"],\"articleSection\":[\"Notizie\",\"Societ\u00e0\"],\"inLanguage\":\"it-IT\",\"copyrightYear\":\"2024\",\"copyrightHolder\":{\"@id\":\"https:\\\/\\\/www.monaco-tribune.com\\\/#organization\"}},{\"@type\":\"WebPage\",\"@id\":\"https:\\\/\\\/www.monaco-tribune.com\\\/it\\\/2024\\\/07\\\/caso-edouard-levrault-la-cedu-dichiara-inammissibile-il-ricorso-del-magistrato-francese\\\/\",\"url\":\"https:\\\/\\\/www.monaco-tribune.com\\\/it\\\/2024\\\/07\\\/caso-edouard-levrault-la-cedu-dichiara-inammissibile-il-ricorso-del-magistrato-francese\\\/\",\"name\":\"Caso Edouard Levrault: la CEDU dichiara inammissibile il ricorso del magistrato francese\",\"isPartOf\":{\"@id\":\"https:\\\/\\\/www.monaco-tribune.com\\\/it\\\/#website\"},\"primaryImageOfPage\":{\"@id\":\"https:\\\/\\\/www.monaco-tribune.com\\\/it\\\/2024\\\/07\\\/caso-edouard-levrault-la-cedu-dichiara-inammissibile-il-ricorso-del-magistrato-francese\\\/#primaryimage\"},\"image\":{\"@id\":\"https:\\\/\\\/www.monaco-tribune.com\\\/it\\\/2024\\\/07\\\/caso-edouard-levrault-la-cedu-dichiara-inammissibile-il-ricorso-del-magistrato-francese\\\/#primaryimage\"},\"thumbnailUrl\":\"https:\\\/\\\/www.monaco-tribune.com\\\/wp-content\\\/uploads\\\/2024\\\/07\\\/le-juge-levrault-monaco.png\",\"datePublished\":\"2024-07-26T14:23:32+00:00\",\"dateModified\":\"2024-07-26T14:31:59+00:00\",\"description\":\"Gioved\u00ec 25 luglio, la Corte europea dei diritti dell'uomo (CEDU) ha respinto la richiesta di non rinnovare il distacco del ricorrente, il magistrato\",\"breadcrumb\":{\"@id\":\"https:\\\/\\\/www.monaco-tribune.com\\\/it\\\/2024\\\/07\\\/caso-edouard-levrault-la-cedu-dichiara-inammissibile-il-ricorso-del-magistrato-francese\\\/#breadcrumb\"},\"inLanguage\":\"it-IT\",\"potentialAction\":[{\"@type\":\"ReadAction\",\"target\":[\"https:\\\/\\\/www.monaco-tribune.com\\\/it\\\/2024\\\/07\\\/caso-edouard-levrault-la-cedu-dichiara-inammissibile-il-ricorso-del-magistrato-francese\\\/\"]}]},{\"@type\":\"ImageObject\",\"inLanguage\":\"it-IT\",\"@id\":\"https:\\\/\\\/www.monaco-tribune.com\\\/it\\\/2024\\\/07\\\/caso-edouard-levrault-la-cedu-dichiara-inammissibile-il-ricorso-del-magistrato-francese\\\/#primaryimage\",\"url\":\"https:\\\/\\\/www.monaco-tribune.com\\\/wp-content\\\/uploads\\\/2024\\\/07\\\/le-juge-levrault-monaco.png\",\"contentUrl\":\"https:\\\/\\\/www.monaco-tribune.com\\\/wp-content\\\/uploads\\\/2024\\\/07\\\/le-juge-levrault-monaco.png\",\"width\":1200,\"height\":744,\"caption\":\"Edouard Levrault \u00a9 DR\"},{\"@type\":\"BreadcrumbList\",\"@id\":\"https:\\\/\\\/www.monaco-tribune.com\\\/it\\\/2024\\\/07\\\/caso-edouard-levrault-la-cedu-dichiara-inammissibile-il-ricorso-del-magistrato-francese\\\/#breadcrumb\",\"itemListElement\":[{\"@type\":\"ListItem\",\"position\":1,\"name\":\"Accueil\",\"item\":\"https:\\\/\\\/www.monaco-tribune.com\\\/it\\\/\"},{\"@type\":\"ListItem\",\"position\":2,\"name\":\"Caso Edouard Levrault: la CEDU dichiara inammissibile il ricorso del magistrato francese\"}]},{\"@type\":\"WebSite\",\"@id\":\"https:\\\/\\\/www.monaco-tribune.com\\\/it\\\/#website\",\"url\":\"https:\\\/\\\/www.monaco-tribune.com\\\/it\\\/\",\"name\":\"Monaco Tribune\",\"description\":\"Monaco : actualit\u00e9s \u00e9conomiques, politiques, culturelles et sportives de Monaco et de la French Riviera.\",\"publisher\":{\"@id\":\"https:\\\/\\\/www.monaco-tribune.com\\\/it\\\/#organization\"},\"potentialAction\":[{\"@type\":\"SearchAction\",\"target\":{\"@type\":\"EntryPoint\",\"urlTemplate\":\"https:\\\/\\\/www.monaco-tribune.com\\\/it\\\/?s={search_term_string}\"},\"query-input\":{\"@type\":\"PropertyValueSpecification\",\"valueRequired\":true,\"valueName\":\"search_term_string\"}}],\"inLanguage\":\"it-IT\"},{\"@type\":\"Organization\",\"@id\":\"https:\\\/\\\/www.monaco-tribune.com\\\/it\\\/#organization\",\"name\":\"Monaco Tribune\",\"url\":\"https:\\\/\\\/www.monaco-tribune.com\\\/it\\\/\",\"logo\":{\"@type\":\"ImageObject\",\"inLanguage\":\"it-IT\",\"@id\":\"https:\\\/\\\/www.monaco-tribune.com\\\/it\\\/#\\\/schema\\\/logo\\\/image\\\/\",\"url\":\"https:\\\/\\\/www.monaco-tribune.com\\\/wp-content\\\/uploads\\\/2022\\\/11\\\/logo-monaco-tribune.png\",\"contentUrl\":\"https:\\\/\\\/www.monaco-tribune.com\\\/wp-content\\\/uploads\\\/2022\\\/11\\\/logo-monaco-tribune.png\",\"width\":1548,\"height\":600,\"caption\":\"Monaco Tribune\"},\"image\":{\"@id\":\"https:\\\/\\\/www.monaco-tribune.com\\\/it\\\/#\\\/schema\\\/logo\\\/image\\\/\"},\"sameAs\":[\"https:\\\/\\\/www.facebook.com\\\/MonacoTribune\",\"https:\\\/\\\/x.com\\\/MonacoTribune\",\"https:\\\/\\\/www.instagram.com\\\/monacotribune\\\/\",\"https:\\\/\\\/www.linkedin.com\\\/company\\\/monaco-tribune\",\"https:\\\/\\\/www.youtube.com\\\/channel\\\/UCHle1MnG6hw1y4lWKijVbMA\"]},{\"@type\":\"Person\",\"@id\":\"https:\\\/\\\/www.monaco-tribune.com\\\/it\\\/#\\\/schema\\\/person\\\/6db631c784f2f0eff54c3ca4d1da2d49\",\"name\":\"Ana\u00efs Riu\",\"image\":{\"@type\":\"ImageObject\",\"inLanguage\":\"it-IT\",\"@id\":\"https:\\\/\\\/secure.gravatar.com\\\/avatar\\\/9137eff67ff750f1997c171f45e5829ca4c8fa34729a8f8cd9dc85be7e50df7f?s=96&d=mm&r=g\",\"url\":\"https:\\\/\\\/secure.gravatar.com\\\/avatar\\\/9137eff67ff750f1997c171f45e5829ca4c8fa34729a8f8cd9dc85be7e50df7f?s=96&d=mm&r=g\",\"contentUrl\":\"https:\\\/\\\/secure.gravatar.com\\\/avatar\\\/9137eff67ff750f1997c171f45e5829ca4c8fa34729a8f8cd9dc85be7e50df7f?s=96&d=mm&r=g\",\"caption\":\"Ana\u00efs Riu\"},\"url\":\"https:\\\/\\\/www.monaco-tribune.com\\\/it\\\/author\\\/anaisriu\\\/\"}]}<\/script>\n<!-- \/ Yoast SEO Premium plugin. -->","yoast_head_json":{"title":"Caso Edouard Levrault: la CEDU dichiara inammissibile il ricorso del magistrato francese","description":"Gioved\u00ec 25 luglio, la Corte europea dei diritti dell'uomo (CEDU) ha respinto la richiesta di non rinnovare il distacco del ricorrente, il magistrato","robots":{"index":"index","follow":"follow","max-snippet":"max-snippet:-1","max-image-preview":"max-image-preview:large","max-video-preview":"max-video-preview:-1"},"canonical":"https:\/\/www.monaco-tribune.com\/it\/2024\/07\/caso-edouard-levrault-la-cedu-dichiara-inammissibile-il-ricorso-del-magistrato-francese\/","og_locale":"it_IT","og_type":"article","og_title":"Caso Edouard Levrault: la CEDU dichiara inammissibile il ricorso del magistrato francese - Monaco Tribune","og_description":"Gioved\u00ec 25 luglio, la Corte europea dei diritti dell'uomo (CEDU) ha respinto la richiesta di non rinnovare il distacco del ricorrente, il magistrato","og_url":"https:\/\/www.monaco-tribune.com\/it\/2024\/07\/caso-edouard-levrault-la-cedu-dichiara-inammissibile-il-ricorso-del-magistrato-francese\/","og_site_name":"Monaco Tribune","article_publisher":"https:\/\/www.facebook.com\/MonacoTribune","article_published_time":"2024-07-26T14:23:32+00:00","article_modified_time":"2024-07-26T14:31:59+00:00","og_image":[{"width":1200,"height":744,"url":"https:\/\/www.monaco-tribune.com\/wp-content\/uploads\/2024\/07\/le-juge-levrault-monaco.png","type":"image\/png"}],"author":"Ana\u00efs Riu","twitter_card":"summary_large_image","twitter_creator":"@MonacoTribune","twitter_site":"@MonacoTribune","schema":{"@context":"https:\/\/schema.org","@graph":[{"@type":"NewsArticle","@id":"https:\/\/www.monaco-tribune.com\/it\/2024\/07\/caso-edouard-levrault-la-cedu-dichiara-inammissibile-il-ricorso-del-magistrato-francese\/#article","isPartOf":{"@id":"https:\/\/www.monaco-tribune.com\/it\/2024\/07\/caso-edouard-levrault-la-cedu-dichiara-inammissibile-il-ricorso-del-magistrato-francese\/"},"author":{"name":"Ana\u00efs Riu","@id":"https:\/\/www.monaco-tribune.com\/it\/#\/schema\/person\/6db631c784f2f0eff54c3ca4d1da2d49"},"headline":"Caso Edouard Levrault: la CEDU dichiara inammissibile il ricorso del magistrato francese","datePublished":"2024-07-26T14:23:32+00:00","dateModified":"2024-07-26T14:31:59+00:00","mainEntityOfPage":{"@id":"https:\/\/www.monaco-tribune.com\/it\/2024\/07\/caso-edouard-levrault-la-cedu-dichiara-inammissibile-il-ricorso-del-magistrato-francese\/"},"wordCount":375,"publisher":{"@id":"https:\/\/www.monaco-tribune.com\/it\/#organization"},"image":{"@id":"https:\/\/www.monaco-tribune.com\/it\/2024\/07\/caso-edouard-levrault-la-cedu-dichiara-inammissibile-il-ricorso-del-magistrato-francese\/#primaryimage"},"thumbnailUrl":"https:\/\/www.monaco-tribune.com\/wp-content\/uploads\/2024\/07\/le-juge-levrault-monaco.png","keywords":["Giustizia"],"articleSection":["Notizie","Societ\u00e0"],"inLanguage":"it-IT","copyrightYear":"2024","copyrightHolder":{"@id":"https:\/\/www.monaco-tribune.com\/#organization"}},{"@type":"WebPage","@id":"https:\/\/www.monaco-tribune.com\/it\/2024\/07\/caso-edouard-levrault-la-cedu-dichiara-inammissibile-il-ricorso-del-magistrato-francese\/","url":"https:\/\/www.monaco-tribune.com\/it\/2024\/07\/caso-edouard-levrault-la-cedu-dichiara-inammissibile-il-ricorso-del-magistrato-francese\/","name":"Caso Edouard Levrault: la CEDU dichiara inammissibile il ricorso del magistrato francese","isPartOf":{"@id":"https:\/\/www.monaco-tribune.com\/it\/#website"},"primaryImageOfPage":{"@id":"https:\/\/www.monaco-tribune.com\/it\/2024\/07\/caso-edouard-levrault-la-cedu-dichiara-inammissibile-il-ricorso-del-magistrato-francese\/#primaryimage"},"image":{"@id":"https:\/\/www.monaco-tribune.com\/it\/2024\/07\/caso-edouard-levrault-la-cedu-dichiara-inammissibile-il-ricorso-del-magistrato-francese\/#primaryimage"},"thumbnailUrl":"https:\/\/www.monaco-tribune.com\/wp-content\/uploads\/2024\/07\/le-juge-levrault-monaco.png","datePublished":"2024-07-26T14:23:32+00:00","dateModified":"2024-07-26T14:31:59+00:00","description":"Gioved\u00ec 25 luglio, la Corte europea dei diritti dell'uomo (CEDU) ha respinto la richiesta di non rinnovare il distacco del ricorrente, il magistrato","breadcrumb":{"@id":"https:\/\/www.monaco-tribune.com\/it\/2024\/07\/caso-edouard-levrault-la-cedu-dichiara-inammissibile-il-ricorso-del-magistrato-francese\/#breadcrumb"},"inLanguage":"it-IT","potentialAction":[{"@type":"ReadAction","target":["https:\/\/www.monaco-tribune.com\/it\/2024\/07\/caso-edouard-levrault-la-cedu-dichiara-inammissibile-il-ricorso-del-magistrato-francese\/"]}]},{"@type":"ImageObject","inLanguage":"it-IT","@id":"https:\/\/www.monaco-tribune.com\/it\/2024\/07\/caso-edouard-levrault-la-cedu-dichiara-inammissibile-il-ricorso-del-magistrato-francese\/#primaryimage","url":"https:\/\/www.monaco-tribune.com\/wp-content\/uploads\/2024\/07\/le-juge-levrault-monaco.png","contentUrl":"https:\/\/www.monaco-tribune.com\/wp-content\/uploads\/2024\/07\/le-juge-levrault-monaco.png","width":1200,"height":744,"caption":"Edouard Levrault \u00a9 DR"},{"@type":"BreadcrumbList","@id":"https:\/\/www.monaco-tribune.com\/it\/2024\/07\/caso-edouard-levrault-la-cedu-dichiara-inammissibile-il-ricorso-del-magistrato-francese\/#breadcrumb","itemListElement":[{"@type":"ListItem","position":1,"name":"Accueil","item":"https:\/\/www.monaco-tribune.com\/it\/"},{"@type":"ListItem","position":2,"name":"Caso Edouard Levrault: la CEDU dichiara inammissibile il ricorso del magistrato francese"}]},{"@type":"WebSite","@id":"https:\/\/www.monaco-tribune.com\/it\/#website","url":"https:\/\/www.monaco-tribune.com\/it\/","name":"Monaco Tribune","description":"Monaco : actualit\u00e9s \u00e9conomiques, politiques, culturelles et sportives de Monaco et de la French Riviera.","publisher":{"@id":"https:\/\/www.monaco-tribune.com\/it\/#organization"},"potentialAction":[{"@type":"SearchAction","target":{"@type":"EntryPoint","urlTemplate":"https:\/\/www.monaco-tribune.com\/it\/?s={search_term_string}"},"query-input":{"@type":"PropertyValueSpecification","valueRequired":true,"valueName":"search_term_string"}}],"inLanguage":"it-IT"},{"@type":"Organization","@id":"https:\/\/www.monaco-tribune.com\/it\/#organization","name":"Monaco Tribune","url":"https:\/\/www.monaco-tribune.com\/it\/","logo":{"@type":"ImageObject","inLanguage":"it-IT","@id":"https:\/\/www.monaco-tribune.com\/it\/#\/schema\/logo\/image\/","url":"https:\/\/www.monaco-tribune.com\/wp-content\/uploads\/2022\/11\/logo-monaco-tribune.png","contentUrl":"https:\/\/www.monaco-tribune.com\/wp-content\/uploads\/2022\/11\/logo-monaco-tribune.png","width":1548,"height":600,"caption":"Monaco Tribune"},"image":{"@id":"https:\/\/www.monaco-tribune.com\/it\/#\/schema\/logo\/image\/"},"sameAs":["https:\/\/www.facebook.com\/MonacoTribune","https:\/\/x.com\/MonacoTribune","https:\/\/www.instagram.com\/monacotribune\/","https:\/\/www.linkedin.com\/company\/monaco-tribune","https:\/\/www.youtube.com\/channel\/UCHle1MnG6hw1y4lWKijVbMA"]},{"@type":"Person","@id":"https:\/\/www.monaco-tribune.com\/it\/#\/schema\/person\/6db631c784f2f0eff54c3ca4d1da2d49","name":"Ana\u00efs Riu","image":{"@type":"ImageObject","inLanguage":"it-IT","@id":"https:\/\/secure.gravatar.com\/avatar\/9137eff67ff750f1997c171f45e5829ca4c8fa34729a8f8cd9dc85be7e50df7f?s=96&d=mm&r=g","url":"https:\/\/secure.gravatar.com\/avatar\/9137eff67ff750f1997c171f45e5829ca4c8fa34729a8f8cd9dc85be7e50df7f?s=96&d=mm&r=g","contentUrl":"https:\/\/secure.gravatar.com\/avatar\/9137eff67ff750f1997c171f45e5829ca4c8fa34729a8f8cd9dc85be7e50df7f?s=96&d=mm&r=g","caption":"Ana\u00efs Riu"},"url":"https:\/\/www.monaco-tribune.com\/it\/author\/anaisriu\/"}]}},"_links":{"self":[{"href":"https:\/\/www.monaco-tribune.com\/it\/wp-json\/wp\/v2\/posts\/244061","targetHints":{"allow":["GET"]}}],"collection":[{"href":"https:\/\/www.monaco-tribune.com\/it\/wp-json\/wp\/v2\/posts"}],"about":[{"href":"https:\/\/www.monaco-tribune.com\/it\/wp-json\/wp\/v2\/types\/post"}],"author":[{"embeddable":true,"href":"https:\/\/www.monaco-tribune.com\/it\/wp-json\/wp\/v2\/users\/77"}],"replies":[{"embeddable":true,"href":"https:\/\/www.monaco-tribune.com\/it\/wp-json\/wp\/v2\/comments?post=244061"}],"version-history":[{"count":2,"href":"https:\/\/www.monaco-tribune.com\/it\/wp-json\/wp\/v2\/posts\/244061\/revisions"}],"predecessor-version":[{"id":244072,"href":"https:\/\/www.monaco-tribune.com\/it\/wp-json\/wp\/v2\/posts\/244061\/revisions\/244072"}],"wp:featuredmedia":[{"embeddable":true,"href":"https:\/\/www.monaco-tribune.com\/it\/wp-json\/wp\/v2\/media\/244081"}],"wp:attachment":[{"href":"https:\/\/www.monaco-tribune.com\/it\/wp-json\/wp\/v2\/media?parent=244061"}],"wp:term":[{"taxonomy":"category","embeddable":true,"href":"https:\/\/www.monaco-tribune.com\/it\/wp-json\/wp\/v2\/categories?post=244061"},{"taxonomy":"post_tag","embeddable":true,"href":"https:\/\/www.monaco-tribune.com\/it\/wp-json\/wp\/v2\/tags?post=244061"},{"taxonomy":"sectag","embeddable":true,"href":"https:\/\/www.monaco-tribune.com\/it\/wp-json\/wp\/v2\/post_sectags?post=244061"},{"taxonomy":"format","embeddable":true,"href":"https:\/\/www.monaco-tribune.com\/it\/wp-json\/wp\/v2\/post_format?post=244061"}],"curies":[{"name":"wp","href":"https:\/\/api.w.org\/{rel}","templated":true}]}}