{"id":244768,"date":"2024-08-01T10:01:29","date_gmt":"2024-08-01T08:01:29","guid":{"rendered":"https:\/\/www.monaco-tribune.com\/2024\/08\/calciomercato-2024-thiago-scuro-fa-il-punto-della-situazione-a-tre-settimane-dal-ritorno-ufficiale-dellas-monaco-in-ligue-1\/"},"modified":"2024-08-01T10:01:38","modified_gmt":"2024-08-01T08:01:38","slug":"calciomercato-2024-thiago-scuro-fa-il-punto-della-situazione-a-tre-settimane-dal-ritorno-ufficiale-dellas-monaco-in-ligue-1","status":"publish","type":"post","link":"https:\/\/www.monaco-tribune.com\/it\/2024\/08\/calciomercato-2024-thiago-scuro-fa-il-punto-della-situazione-a-tre-settimane-dal-ritorno-ufficiale-dellas-monaco-in-ligue-1\/","title":{"rendered":"Calciomercato 2024: Thiago Scuro fa il punto della situazione a tre settimane dal ritorno ufficiale dell&#8217;AS Monaco in Ligue 1"},"content":{"rendered":"\n<p><strong>L&#8217;AS Monaco si \u00e8 attivata nei trasferimenti con obiettivi chiari e le ambizioni di sempre. Ogni decisione, ogni mossa, viene soppesata con attenzione per garantire il successo a lungo termine. Attraverso alcune delle dichiarazioni chiave rilasciate dal direttore sportivo Thiago Scuro, scopriamo insieme i retroscena di questo calciomercato estivo.<\/strong><\/p>\n\n<p>Presente in occasione della presentazione alla stampa della prima recluta monegasca dell\u2019estate, il direttore sportivo dell&#8217;AS Monaco ha colto l&#8217;occasione per discutere dei problemi del momento.<\/p>\n\n<p>In una conferenza stampa intrisa di determinazione e ottimismo, <a href=\"https:\/\/www.monaco-tribune.com\/it\/2024\/05\/thiago-scuro-e-il-suo-ruolo-nella-rinascita-dellas-monaco\/\">Thiago Scuro<\/a> ha parlato del calciomercato, della strategia di recruiting e delle ambizioni del club per la prossima stagione.<\/p>\n\n<h2 class=\"wp-block-heading\" id=\"h-remplacer-wissam-ben-yedder-avec-george-ilenikhena-nbsp\">Sostituire Wissam Ben Yedder con George Ilenikhena?<\/h2>\n\n<p>&#8220;Quando si deve sostituire un giocatore spesso si \u00e8 tentati di fare paragoni. Rispettiamo l\u2019apporto di Wissam Ben Yedder al Monaco, ma sono due giocatori molto diversi&#8221;, afferma il direttore sportivo.<\/p>\n\n<p>Sostituire un calciatore del calibro di Ben Yedder non \u00e8 semplice. Tuttavia, il club punta su George, un giovane talento promettente: &#8220;Oggi vogliamo veder emergere la migliore versione di George con l&#8217;AS Monaco, e vorremmo che abbia successo con il club. Abbiamo gi\u00e0 due giocatori di qualit\u00e0 in questo ruolo, Folarin Balogun e Breel Embolo, che potranno accompagnarlo nella sua crescita&#8221;.<\/p>\n<div class=\"wp-block-image\">\n<figure class=\"aligncenter size-large\"><img loading=\"lazy\" decoding=\"async\" width=\"1024\" height=\"576\" src=\"https:\/\/www.monaco-tribune.com\/wp-content\/uploads\/2024\/07\/2024-07-30-conf-george-ilenikhena-9453-slider-1-1024x576.jpg\" alt=\"\" class=\"wp-image-244573\" srcset=\"https:\/\/www.monaco-tribune.com\/wp-content\/uploads\/2024\/07\/2024-07-30-conf-george-ilenikhena-9453-slider-1-1024x576.jpg 1024w, https:\/\/www.monaco-tribune.com\/wp-content\/uploads\/2024\/07\/2024-07-30-conf-george-ilenikhena-9453-slider-1-534x300.jpg 534w, https:\/\/www.monaco-tribune.com\/wp-content\/uploads\/2024\/07\/2024-07-30-conf-george-ilenikhena-9453-slider-1.jpg 1366w\" sizes=\"auto, (max-width: 1024px) 100vw, 1024px\" \/><figcaption class=\"wp-element-caption\"><em>\u00a9 AS Monaco<\/em><\/figcaption><\/figure>\n<\/div>\n<h2 class=\"wp-block-heading\" id=\"h-un-recrutement-selectif-et-strategique\">Un recruiting selettivo e strategico<\/h2>\n\n<p>Il club del Principato \u00e8 ben consapevole delle proprie necessit\u00e0 e lavora sodo per soddisfarle al meglio. &#8220;Cerchiamo giocatori con una certa esperienza, sebbene crediamo anche nei giovani talenti che il club pu\u00f2 portare ai massimi livelli. \u00c8 questo il progetto dell&#8217;AS Monaco&#8221;, spiega.<\/p>\n\n<p>Per quanto riguarda il centrocampista, il profilo ricercato \u00e8 chiaro: &#8220;un giocatore aggressivo che va in avanti, ma che ha anche una buona mentalit\u00e0&#8221;. Il processo di reclutamento del Monaco \u00e8 rigoroso. &#8220;Non c&#8217;\u00e8 giocatore corteggiato dall&#8217;AS Monaco che non sia stato sottoposto a un lungo processo da parte nostra, prima che si possa arrivare alla firma&#8221;, assicura.<\/p>\n\n<p>Ogni giocatore viene osservato attentamente dalla rete di scouting e deve soddisfare rigorosi criteri fisici e psicologici. <a href=\"https:\/\/www.monaco-tribune.com\/it\/2024\/05\/analisi-las-monaco-e-al-top-con-adi-hutter\/\">&#8220;Adi H\u00fctter<\/a> ovviamente esprime il suo parere. L&#8217;et\u00e0 non \u00e8 necessariamente un criterio. Vogliamo soprattutto giocatori che abbiano voglia di vincere, come noi. Sono in molti a lavorarci, sotto la direzione di Carlos Avi\u00f1a. Discutiamo tra di noi, anche con il Presidente, che partecipa alle discussioni finali. Il nostro compito \u00e8 quello di proporre i migliori profili per il Club\u201d.<\/p>\n\n<h2 class=\"wp-block-heading\" id=\"h-preparation-et-anticipation-les-cles-du-succes\">Preparazione e anticipazione: le chiavi del successo<\/h2>\n\n<p>Thiago Scuro conferma che la squadra sta lavorando sodo per coprire le posizioni necessarie prima dell&#8217;inizio della stagione, il 18 agosto. &#8220;Lavoriamo sulle aree in cui pensiamo di avere pi\u00f9 bisogno. Siamo pronti a rispondere alle opportunit\u00e0 del mercato e siamo fiduciosi di firmare con uno o due giocatori nei prossimi giorni&#8221;.<\/p>\n\n<p>La preparazione della squadra passa anche attraverso le <a href=\"https:\/\/www.monaco-tribune.com\/it\/2024\/07\/match-preparatorio-las-monaco-pareggia-contro-il-cercle-bruges\/\">amichevoli<\/a>, che sono fondamentali. &#8220;Il fatto \u00e8 che dobbiamo iniziare la stagione alla grande, e per farlo abbiamo ancora alcune amichevoli da preparare. Vogliamo dare le giuste soluzioni al nostro allenatore Adi H\u00fctter\u201d.<\/p>\n\n<h2 class=\"wp-block-heading\" id=\"h-l-engagement-de-rybolovlev-et-les-ambitions-pour-la-saison-centenaire\">L&#8217;impegno di Rybolovlev e le ambizioni per la stagione del centenario<\/h2>\n\n<p>Il presidente del club, <a href=\"https:\/\/www.monaco-tribune.com\/it\/2024\/06\/analisi-il-ruolo-di-dmitry-rybolovlev-nel-successo-dellas-monaco-in-questa-stagione\/\">Dmitri Rybolovlev<\/a>, \u00e8 ben consapevole dell&#8217;importanza della stagione del centenario. &#8220;Il presidente \u00e8 molto coinvolto, sa che questo \u00e8 un momento speciale per il club, anche per quanto abbiamo costruito la scorsa stagione con il ritorno in Champions League. Il mio compito \u00e8 portare il successo sul campo e dare ancora pi\u00f9 valore al club&#8221;.<\/p>\n\n<p>Infine, l&#8217;organizzazione interna e la leadership restano prioritarie per l&#8217;AS Monaco. <em>&#8220;<\/em>Adi decider\u00e0 presto chi indosser\u00e0 la fascia al braccio in questa stagione. Quello che \u00e8 certo \u00e8 che la scorsa avevamo un gruppo di capitani che rappresentavano lo spogliatoio e aiutavano a prendere certe decisioni, e vogliamo continuare a seguire questo principio\u201d.<\/p>\n\n<h2 class=\"wp-block-heading\" id=\"h-le-retour-des-olympiens\">Il ritorno degli olimpionici<\/h2>\n\n<p>I giocatori dell&#8217;AS Monaco che stanno attualmente partecipando alle Olimpiadi di Parigi 2024 rientreranno subito dopo la competizione. &#8220;Posso confermare che i giocatori dell&#8217;AS Monaco interessati rientreranno subito dopo la loro partecipazione alle Olimpiadi. Era tra le nostre condizioni per farli partecipare alla gara&#8221;.<\/p>\n\n<p>In conclusione, il Monaco si appresta a iniziare la nuova stagione con una visione chiara e ambizioni solide. Con un recruiting strategico, una preparazione rigorosa e il pieno coinvolgimento dei suoi dirigenti, il club \u00e8 determinato a lasciare il segno in questo anno storico.<\/p>\n<div class=\"wp-block-image\">\n<figure class=\"aligncenter size-large\"><img loading=\"lazy\" decoding=\"async\" width=\"1024\" height=\"574\" src=\"https:\/\/www.monaco-tribune.com\/wp-content\/uploads\/2024\/07\/maghnes-akliouche-edf-u23-1-1024x574.jpg\" alt=\"\" class=\"wp-image-244578\" srcset=\"https:\/\/www.monaco-tribune.com\/wp-content\/uploads\/2024\/07\/maghnes-akliouche-edf-u23-1-1024x574.jpg 1024w, https:\/\/www.monaco-tribune.com\/wp-content\/uploads\/2024\/07\/maghnes-akliouche-edf-u23-1-535x300.jpg 535w, https:\/\/www.monaco-tribune.com\/wp-content\/uploads\/2024\/07\/maghnes-akliouche-edf-u23-1.jpg 1160w\" sizes=\"auto, (max-width: 1024px) 100vw, 1024px\" \/><figcaption class=\"wp-element-caption\"><em>Maghnes Akliouche gioca attualmente con la squadra olimpica francese \u00a9 AS Monaco<\/em><\/figcaption><\/figure>\n<\/div>\n<p class=\"related\"><a href=\"https:\/\/www.monaco-tribune.com\/it\/2024\/05\/as-monaco-i-commenti-di-thiago-scuro-sulla-stagione-appena-conclusa\/\">AS Monaco : ce qu\u2019il faut retenir du bilan de Thiago Scuro sur la saison<\/a><\/p>\n","protected":false},"excerpt":{"rendered":"<p>L&#8217;AS Monaco si \u00e8 attivata nei trasferimenti con obiettivi chiari e le ambizioni di sempre. Ogni decisione, ogni mossa, viene [&hellip;]<\/p>\n","protected":false},"author":77,"featured_media":244571,"comment_status":"closed","ping_status":"closed","sticky":false,"template":"","format":"standard","meta":{"_acf_changed":false,"footnotes":""},"categories":[1826,1738,1743],"tags":[2846],"post_sectags":[3240],"post_format":[2476],"class_list":["post-244768","post","type-post","status-publish","format-standard","has-post-thumbnail","hentry","category-la-nostra-scelta","category-notizie","category-sport-it","tag-as-monaco-it-2","sectag-calcio-it","format-intervista"],"acf":[],"yoast_head":"<!-- This site is optimized with the Yoast SEO Premium plugin v26.8 (Yoast SEO v27.5) - https:\/\/yoast.com\/product\/yoast-seo-premium-wordpress\/ -->\n<title>Calciomercato 2024: Thiago Scuro fa il punto della situazione a tre settimane dal ritorno ufficiale dell&#039;AS Monaco in Ligue 1<\/title>\n<meta name=\"description\" content=\"L&#039;AS Monaco si \u00e8 attivata nei trasferimenti con obiettivi chiari e le ambizioni di sempre. Ogni decisione, ogni mossa, viene soppesata con attenzione per\" \/>\n<meta name=\"robots\" content=\"index, follow, max-snippet:-1, max-image-preview:large, max-video-preview:-1\" \/>\n<link rel=\"canonical\" href=\"https:\/\/www.monaco-tribune.com\/it\/2024\/08\/calciomercato-2024-thiago-scuro-fa-il-punto-della-situazione-a-tre-settimane-dal-ritorno-ufficiale-dellas-monaco-in-ligue-1\/\" \/>\n<meta property=\"og:locale\" content=\"it_IT\" \/>\n<meta property=\"og:type\" content=\"article\" \/>\n<meta property=\"og:title\" content=\"Calciomercato 2024: Thiago Scuro fa il punto della situazione a tre settimane dal ritorno ufficiale dell&#039;AS Monaco in Ligue 1 - Monaco Tribune\" \/>\n<meta property=\"og:description\" content=\"L&#039;AS Monaco si \u00e8 attivata nei trasferimenti con obiettivi chiari e le ambizioni di sempre. Ogni decisione, ogni mossa, viene soppesata con attenzione per\" \/>\n<meta property=\"og:url\" content=\"https:\/\/www.monaco-tribune.com\/it\/2024\/08\/calciomercato-2024-thiago-scuro-fa-il-punto-della-situazione-a-tre-settimane-dal-ritorno-ufficiale-dellas-monaco-in-ligue-1\/\" \/>\n<meta property=\"og:site_name\" content=\"Monaco Tribune\" \/>\n<meta property=\"article:publisher\" content=\"https:\/\/www.facebook.com\/MonacoTribune\" \/>\n<meta property=\"article:published_time\" content=\"2024-08-01T08:01:29+00:00\" \/>\n<meta property=\"article:modified_time\" content=\"2024-08-01T08:01:38+00:00\" \/>\n<meta property=\"og:image\" content=\"https:\/\/www.monaco-tribune.com\/wp-content\/uploads\/2024\/07\/thiago-scuro.jpg\" \/>\n\t<meta property=\"og:image:width\" content=\"1160\" \/>\n\t<meta property=\"og:image:height\" content=\"650\" \/>\n\t<meta property=\"og:image:type\" content=\"image\/jpeg\" \/>\n<meta name=\"author\" content=\"Ana\u00efs Riu\" \/>\n<meta name=\"twitter:card\" content=\"summary_large_image\" \/>\n<meta name=\"twitter:creator\" content=\"@MonacoTribune\" \/>\n<meta name=\"twitter:site\" content=\"@MonacoTribune\" \/>\n<script type=\"application\/ld+json\" class=\"yoast-schema-graph\">{\"@context\":\"https:\\\/\\\/schema.org\",\"@graph\":[{\"@type\":\"NewsArticle\",\"@id\":\"https:\\\/\\\/www.monaco-tribune.com\\\/it\\\/2024\\\/08\\\/calciomercato-2024-thiago-scuro-fa-il-punto-della-situazione-a-tre-settimane-dal-ritorno-ufficiale-dellas-monaco-in-ligue-1\\\/#article\",\"isPartOf\":{\"@id\":\"https:\\\/\\\/www.monaco-tribune.com\\\/it\\\/2024\\\/08\\\/calciomercato-2024-thiago-scuro-fa-il-punto-della-situazione-a-tre-settimane-dal-ritorno-ufficiale-dellas-monaco-in-ligue-1\\\/\"},\"author\":{\"name\":\"Ana\u00efs Riu\",\"@id\":\"https:\\\/\\\/www.monaco-tribune.com\\\/it\\\/#\\\/schema\\\/person\\\/6db631c784f2f0eff54c3ca4d1da2d49\"},\"headline\":\"Calciomercato 2024: Thiago Scuro fa il punto della situazione a tre settimane dal ritorno ufficiale dell&#8217;AS Monaco in Ligue 1\",\"datePublished\":\"2024-08-01T08:01:29+00:00\",\"dateModified\":\"2024-08-01T08:01:38+00:00\",\"mainEntityOfPage\":{\"@id\":\"https:\\\/\\\/www.monaco-tribune.com\\\/it\\\/2024\\\/08\\\/calciomercato-2024-thiago-scuro-fa-il-punto-della-situazione-a-tre-settimane-dal-ritorno-ufficiale-dellas-monaco-in-ligue-1\\\/\"},\"wordCount\":748,\"publisher\":{\"@id\":\"https:\\\/\\\/www.monaco-tribune.com\\\/it\\\/#organization\"},\"image\":{\"@id\":\"https:\\\/\\\/www.monaco-tribune.com\\\/it\\\/2024\\\/08\\\/calciomercato-2024-thiago-scuro-fa-il-punto-della-situazione-a-tre-settimane-dal-ritorno-ufficiale-dellas-monaco-in-ligue-1\\\/#primaryimage\"},\"thumbnailUrl\":\"https:\\\/\\\/www.monaco-tribune.com\\\/wp-content\\\/uploads\\\/2024\\\/07\\\/thiago-scuro.jpg\",\"keywords\":[\"AS Monaco\"],\"articleSection\":[\"La nostra scelta\",\"Notizie\",\"Sport\"],\"inLanguage\":\"it-IT\",\"copyrightYear\":\"2024\",\"copyrightHolder\":{\"@id\":\"https:\\\/\\\/www.monaco-tribune.com\\\/#organization\"}},{\"@type\":\"WebPage\",\"@id\":\"https:\\\/\\\/www.monaco-tribune.com\\\/it\\\/2024\\\/08\\\/calciomercato-2024-thiago-scuro-fa-il-punto-della-situazione-a-tre-settimane-dal-ritorno-ufficiale-dellas-monaco-in-ligue-1\\\/\",\"url\":\"https:\\\/\\\/www.monaco-tribune.com\\\/it\\\/2024\\\/08\\\/calciomercato-2024-thiago-scuro-fa-il-punto-della-situazione-a-tre-settimane-dal-ritorno-ufficiale-dellas-monaco-in-ligue-1\\\/\",\"name\":\"Calciomercato 2024: Thiago Scuro fa il punto della situazione a tre settimane dal ritorno ufficiale dell'AS Monaco in Ligue 1\",\"isPartOf\":{\"@id\":\"https:\\\/\\\/www.monaco-tribune.com\\\/it\\\/#website\"},\"primaryImageOfPage\":{\"@id\":\"https:\\\/\\\/www.monaco-tribune.com\\\/it\\\/2024\\\/08\\\/calciomercato-2024-thiago-scuro-fa-il-punto-della-situazione-a-tre-settimane-dal-ritorno-ufficiale-dellas-monaco-in-ligue-1\\\/#primaryimage\"},\"image\":{\"@id\":\"https:\\\/\\\/www.monaco-tribune.com\\\/it\\\/2024\\\/08\\\/calciomercato-2024-thiago-scuro-fa-il-punto-della-situazione-a-tre-settimane-dal-ritorno-ufficiale-dellas-monaco-in-ligue-1\\\/#primaryimage\"},\"thumbnailUrl\":\"https:\\\/\\\/www.monaco-tribune.com\\\/wp-content\\\/uploads\\\/2024\\\/07\\\/thiago-scuro.jpg\",\"datePublished\":\"2024-08-01T08:01:29+00:00\",\"dateModified\":\"2024-08-01T08:01:38+00:00\",\"description\":\"L'AS Monaco si \u00e8 attivata nei trasferimenti con obiettivi chiari e le ambizioni di sempre. Ogni decisione, ogni mossa, viene soppesata con attenzione per\",\"breadcrumb\":{\"@id\":\"https:\\\/\\\/www.monaco-tribune.com\\\/it\\\/2024\\\/08\\\/calciomercato-2024-thiago-scuro-fa-il-punto-della-situazione-a-tre-settimane-dal-ritorno-ufficiale-dellas-monaco-in-ligue-1\\\/#breadcrumb\"},\"inLanguage\":\"it-IT\",\"potentialAction\":[{\"@type\":\"ReadAction\",\"target\":[\"https:\\\/\\\/www.monaco-tribune.com\\\/it\\\/2024\\\/08\\\/calciomercato-2024-thiago-scuro-fa-il-punto-della-situazione-a-tre-settimane-dal-ritorno-ufficiale-dellas-monaco-in-ligue-1\\\/\"]}]},{\"@type\":\"ImageObject\",\"inLanguage\":\"it-IT\",\"@id\":\"https:\\\/\\\/www.monaco-tribune.com\\\/it\\\/2024\\\/08\\\/calciomercato-2024-thiago-scuro-fa-il-punto-della-situazione-a-tre-settimane-dal-ritorno-ufficiale-dellas-monaco-in-ligue-1\\\/#primaryimage\",\"url\":\"https:\\\/\\\/www.monaco-tribune.com\\\/wp-content\\\/uploads\\\/2024\\\/07\\\/thiago-scuro.jpg\",\"contentUrl\":\"https:\\\/\\\/www.monaco-tribune.com\\\/wp-content\\\/uploads\\\/2024\\\/07\\\/thiago-scuro.jpg\",\"width\":1160,\"height\":650,\"caption\":\"\u00a9 AS Monaco\"},{\"@type\":\"BreadcrumbList\",\"@id\":\"https:\\\/\\\/www.monaco-tribune.com\\\/it\\\/2024\\\/08\\\/calciomercato-2024-thiago-scuro-fa-il-punto-della-situazione-a-tre-settimane-dal-ritorno-ufficiale-dellas-monaco-in-ligue-1\\\/#breadcrumb\",\"itemListElement\":[{\"@type\":\"ListItem\",\"position\":1,\"name\":\"Accueil\",\"item\":\"https:\\\/\\\/www.monaco-tribune.com\\\/it\\\/\"},{\"@type\":\"ListItem\",\"position\":2,\"name\":\"Calciomercato 2024: Thiago Scuro fa il punto della situazione a tre settimane dal ritorno ufficiale dell&#8217;AS Monaco in Ligue 1\"}]},{\"@type\":\"WebSite\",\"@id\":\"https:\\\/\\\/www.monaco-tribune.com\\\/it\\\/#website\",\"url\":\"https:\\\/\\\/www.monaco-tribune.com\\\/it\\\/\",\"name\":\"Monaco Tribune\",\"description\":\"Monaco : actualit\u00e9s \u00e9conomiques, politiques, culturelles et sportives de Monaco et de la French Riviera.\",\"publisher\":{\"@id\":\"https:\\\/\\\/www.monaco-tribune.com\\\/it\\\/#organization\"},\"potentialAction\":[{\"@type\":\"SearchAction\",\"target\":{\"@type\":\"EntryPoint\",\"urlTemplate\":\"https:\\\/\\\/www.monaco-tribune.com\\\/it\\\/?s={search_term_string}\"},\"query-input\":{\"@type\":\"PropertyValueSpecification\",\"valueRequired\":true,\"valueName\":\"search_term_string\"}}],\"inLanguage\":\"it-IT\"},{\"@type\":\"Organization\",\"@id\":\"https:\\\/\\\/www.monaco-tribune.com\\\/it\\\/#organization\",\"name\":\"Monaco Tribune\",\"url\":\"https:\\\/\\\/www.monaco-tribune.com\\\/it\\\/\",\"logo\":{\"@type\":\"ImageObject\",\"inLanguage\":\"it-IT\",\"@id\":\"https:\\\/\\\/www.monaco-tribune.com\\\/it\\\/#\\\/schema\\\/logo\\\/image\\\/\",\"url\":\"https:\\\/\\\/www.monaco-tribune.com\\\/wp-content\\\/uploads\\\/2022\\\/11\\\/logo-monaco-tribune.png\",\"contentUrl\":\"https:\\\/\\\/www.monaco-tribune.com\\\/wp-content\\\/uploads\\\/2022\\\/11\\\/logo-monaco-tribune.png\",\"width\":1548,\"height\":600,\"caption\":\"Monaco Tribune\"},\"image\":{\"@id\":\"https:\\\/\\\/www.monaco-tribune.com\\\/it\\\/#\\\/schema\\\/logo\\\/image\\\/\"},\"sameAs\":[\"https:\\\/\\\/www.facebook.com\\\/MonacoTribune\",\"https:\\\/\\\/x.com\\\/MonacoTribune\",\"https:\\\/\\\/www.instagram.com\\\/monacotribune\\\/\",\"https:\\\/\\\/www.linkedin.com\\\/company\\\/monaco-tribune\",\"https:\\\/\\\/www.youtube.com\\\/channel\\\/UCHle1MnG6hw1y4lWKijVbMA\"]},{\"@type\":\"Person\",\"@id\":\"https:\\\/\\\/www.monaco-tribune.com\\\/it\\\/#\\\/schema\\\/person\\\/6db631c784f2f0eff54c3ca4d1da2d49\",\"name\":\"Ana\u00efs Riu\",\"image\":{\"@type\":\"ImageObject\",\"inLanguage\":\"it-IT\",\"@id\":\"https:\\\/\\\/secure.gravatar.com\\\/avatar\\\/9137eff67ff750f1997c171f45e5829ca4c8fa34729a8f8cd9dc85be7e50df7f?s=96&d=mm&r=g\",\"url\":\"https:\\\/\\\/secure.gravatar.com\\\/avatar\\\/9137eff67ff750f1997c171f45e5829ca4c8fa34729a8f8cd9dc85be7e50df7f?s=96&d=mm&r=g\",\"contentUrl\":\"https:\\\/\\\/secure.gravatar.com\\\/avatar\\\/9137eff67ff750f1997c171f45e5829ca4c8fa34729a8f8cd9dc85be7e50df7f?s=96&d=mm&r=g\",\"caption\":\"Ana\u00efs Riu\"},\"url\":\"https:\\\/\\\/www.monaco-tribune.com\\\/it\\\/author\\\/anaisriu\\\/\"}]}<\/script>\n<!-- \/ Yoast SEO Premium plugin. -->","yoast_head_json":{"title":"Calciomercato 2024: Thiago Scuro fa il punto della situazione a tre settimane dal ritorno ufficiale dell'AS Monaco in Ligue 1","description":"L'AS Monaco si \u00e8 attivata nei trasferimenti con obiettivi chiari e le ambizioni di sempre. Ogni decisione, ogni mossa, viene soppesata con attenzione per","robots":{"index":"index","follow":"follow","max-snippet":"max-snippet:-1","max-image-preview":"max-image-preview:large","max-video-preview":"max-video-preview:-1"},"canonical":"https:\/\/www.monaco-tribune.com\/it\/2024\/08\/calciomercato-2024-thiago-scuro-fa-il-punto-della-situazione-a-tre-settimane-dal-ritorno-ufficiale-dellas-monaco-in-ligue-1\/","og_locale":"it_IT","og_type":"article","og_title":"Calciomercato 2024: Thiago Scuro fa il punto della situazione a tre settimane dal ritorno ufficiale dell'AS Monaco in Ligue 1 - Monaco Tribune","og_description":"L'AS Monaco si \u00e8 attivata nei trasferimenti con obiettivi chiari e le ambizioni di sempre. Ogni decisione, ogni mossa, viene soppesata con attenzione per","og_url":"https:\/\/www.monaco-tribune.com\/it\/2024\/08\/calciomercato-2024-thiago-scuro-fa-il-punto-della-situazione-a-tre-settimane-dal-ritorno-ufficiale-dellas-monaco-in-ligue-1\/","og_site_name":"Monaco Tribune","article_publisher":"https:\/\/www.facebook.com\/MonacoTribune","article_published_time":"2024-08-01T08:01:29+00:00","article_modified_time":"2024-08-01T08:01:38+00:00","og_image":[{"width":1160,"height":650,"url":"https:\/\/www.monaco-tribune.com\/wp-content\/uploads\/2024\/07\/thiago-scuro.jpg","type":"image\/jpeg"}],"author":"Ana\u00efs Riu","twitter_card":"summary_large_image","twitter_creator":"@MonacoTribune","twitter_site":"@MonacoTribune","schema":{"@context":"https:\/\/schema.org","@graph":[{"@type":"NewsArticle","@id":"https:\/\/www.monaco-tribune.com\/it\/2024\/08\/calciomercato-2024-thiago-scuro-fa-il-punto-della-situazione-a-tre-settimane-dal-ritorno-ufficiale-dellas-monaco-in-ligue-1\/#article","isPartOf":{"@id":"https:\/\/www.monaco-tribune.com\/it\/2024\/08\/calciomercato-2024-thiago-scuro-fa-il-punto-della-situazione-a-tre-settimane-dal-ritorno-ufficiale-dellas-monaco-in-ligue-1\/"},"author":{"name":"Ana\u00efs Riu","@id":"https:\/\/www.monaco-tribune.com\/it\/#\/schema\/person\/6db631c784f2f0eff54c3ca4d1da2d49"},"headline":"Calciomercato 2024: Thiago Scuro fa il punto della situazione a tre settimane dal ritorno ufficiale dell&#8217;AS Monaco in Ligue 1","datePublished":"2024-08-01T08:01:29+00:00","dateModified":"2024-08-01T08:01:38+00:00","mainEntityOfPage":{"@id":"https:\/\/www.monaco-tribune.com\/it\/2024\/08\/calciomercato-2024-thiago-scuro-fa-il-punto-della-situazione-a-tre-settimane-dal-ritorno-ufficiale-dellas-monaco-in-ligue-1\/"},"wordCount":748,"publisher":{"@id":"https:\/\/www.monaco-tribune.com\/it\/#organization"},"image":{"@id":"https:\/\/www.monaco-tribune.com\/it\/2024\/08\/calciomercato-2024-thiago-scuro-fa-il-punto-della-situazione-a-tre-settimane-dal-ritorno-ufficiale-dellas-monaco-in-ligue-1\/#primaryimage"},"thumbnailUrl":"https:\/\/www.monaco-tribune.com\/wp-content\/uploads\/2024\/07\/thiago-scuro.jpg","keywords":["AS Monaco"],"articleSection":["La nostra scelta","Notizie","Sport"],"inLanguage":"it-IT","copyrightYear":"2024","copyrightHolder":{"@id":"https:\/\/www.monaco-tribune.com\/#organization"}},{"@type":"WebPage","@id":"https:\/\/www.monaco-tribune.com\/it\/2024\/08\/calciomercato-2024-thiago-scuro-fa-il-punto-della-situazione-a-tre-settimane-dal-ritorno-ufficiale-dellas-monaco-in-ligue-1\/","url":"https:\/\/www.monaco-tribune.com\/it\/2024\/08\/calciomercato-2024-thiago-scuro-fa-il-punto-della-situazione-a-tre-settimane-dal-ritorno-ufficiale-dellas-monaco-in-ligue-1\/","name":"Calciomercato 2024: Thiago Scuro fa il punto della situazione a tre settimane dal ritorno ufficiale dell'AS Monaco in Ligue 1","isPartOf":{"@id":"https:\/\/www.monaco-tribune.com\/it\/#website"},"primaryImageOfPage":{"@id":"https:\/\/www.monaco-tribune.com\/it\/2024\/08\/calciomercato-2024-thiago-scuro-fa-il-punto-della-situazione-a-tre-settimane-dal-ritorno-ufficiale-dellas-monaco-in-ligue-1\/#primaryimage"},"image":{"@id":"https:\/\/www.monaco-tribune.com\/it\/2024\/08\/calciomercato-2024-thiago-scuro-fa-il-punto-della-situazione-a-tre-settimane-dal-ritorno-ufficiale-dellas-monaco-in-ligue-1\/#primaryimage"},"thumbnailUrl":"https:\/\/www.monaco-tribune.com\/wp-content\/uploads\/2024\/07\/thiago-scuro.jpg","datePublished":"2024-08-01T08:01:29+00:00","dateModified":"2024-08-01T08:01:38+00:00","description":"L'AS Monaco si \u00e8 attivata nei trasferimenti con obiettivi chiari e le ambizioni di sempre. Ogni decisione, ogni mossa, viene soppesata con attenzione per","breadcrumb":{"@id":"https:\/\/www.monaco-tribune.com\/it\/2024\/08\/calciomercato-2024-thiago-scuro-fa-il-punto-della-situazione-a-tre-settimane-dal-ritorno-ufficiale-dellas-monaco-in-ligue-1\/#breadcrumb"},"inLanguage":"it-IT","potentialAction":[{"@type":"ReadAction","target":["https:\/\/www.monaco-tribune.com\/it\/2024\/08\/calciomercato-2024-thiago-scuro-fa-il-punto-della-situazione-a-tre-settimane-dal-ritorno-ufficiale-dellas-monaco-in-ligue-1\/"]}]},{"@type":"ImageObject","inLanguage":"it-IT","@id":"https:\/\/www.monaco-tribune.com\/it\/2024\/08\/calciomercato-2024-thiago-scuro-fa-il-punto-della-situazione-a-tre-settimane-dal-ritorno-ufficiale-dellas-monaco-in-ligue-1\/#primaryimage","url":"https:\/\/www.monaco-tribune.com\/wp-content\/uploads\/2024\/07\/thiago-scuro.jpg","contentUrl":"https:\/\/www.monaco-tribune.com\/wp-content\/uploads\/2024\/07\/thiago-scuro.jpg","width":1160,"height":650,"caption":"\u00a9 AS Monaco"},{"@type":"BreadcrumbList","@id":"https:\/\/www.monaco-tribune.com\/it\/2024\/08\/calciomercato-2024-thiago-scuro-fa-il-punto-della-situazione-a-tre-settimane-dal-ritorno-ufficiale-dellas-monaco-in-ligue-1\/#breadcrumb","itemListElement":[{"@type":"ListItem","position":1,"name":"Accueil","item":"https:\/\/www.monaco-tribune.com\/it\/"},{"@type":"ListItem","position":2,"name":"Calciomercato 2024: Thiago Scuro fa il punto della situazione a tre settimane dal ritorno ufficiale dell&#8217;AS Monaco in Ligue 1"}]},{"@type":"WebSite","@id":"https:\/\/www.monaco-tribune.com\/it\/#website","url":"https:\/\/www.monaco-tribune.com\/it\/","name":"Monaco Tribune","description":"Monaco : actualit\u00e9s \u00e9conomiques, politiques, culturelles et sportives de Monaco et de la French Riviera.","publisher":{"@id":"https:\/\/www.monaco-tribune.com\/it\/#organization"},"potentialAction":[{"@type":"SearchAction","target":{"@type":"EntryPoint","urlTemplate":"https:\/\/www.monaco-tribune.com\/it\/?s={search_term_string}"},"query-input":{"@type":"PropertyValueSpecification","valueRequired":true,"valueName":"search_term_string"}}],"inLanguage":"it-IT"},{"@type":"Organization","@id":"https:\/\/www.monaco-tribune.com\/it\/#organization","name":"Monaco Tribune","url":"https:\/\/www.monaco-tribune.com\/it\/","logo":{"@type":"ImageObject","inLanguage":"it-IT","@id":"https:\/\/www.monaco-tribune.com\/it\/#\/schema\/logo\/image\/","url":"https:\/\/www.monaco-tribune.com\/wp-content\/uploads\/2022\/11\/logo-monaco-tribune.png","contentUrl":"https:\/\/www.monaco-tribune.com\/wp-content\/uploads\/2022\/11\/logo-monaco-tribune.png","width":1548,"height":600,"caption":"Monaco Tribune"},"image":{"@id":"https:\/\/www.monaco-tribune.com\/it\/#\/schema\/logo\/image\/"},"sameAs":["https:\/\/www.facebook.com\/MonacoTribune","https:\/\/x.com\/MonacoTribune","https:\/\/www.instagram.com\/monacotribune\/","https:\/\/www.linkedin.com\/company\/monaco-tribune","https:\/\/www.youtube.com\/channel\/UCHle1MnG6hw1y4lWKijVbMA"]},{"@type":"Person","@id":"https:\/\/www.monaco-tribune.com\/it\/#\/schema\/person\/6db631c784f2f0eff54c3ca4d1da2d49","name":"Ana\u00efs Riu","image":{"@type":"ImageObject","inLanguage":"it-IT","@id":"https:\/\/secure.gravatar.com\/avatar\/9137eff67ff750f1997c171f45e5829ca4c8fa34729a8f8cd9dc85be7e50df7f?s=96&d=mm&r=g","url":"https:\/\/secure.gravatar.com\/avatar\/9137eff67ff750f1997c171f45e5829ca4c8fa34729a8f8cd9dc85be7e50df7f?s=96&d=mm&r=g","contentUrl":"https:\/\/secure.gravatar.com\/avatar\/9137eff67ff750f1997c171f45e5829ca4c8fa34729a8f8cd9dc85be7e50df7f?s=96&d=mm&r=g","caption":"Ana\u00efs Riu"},"url":"https:\/\/www.monaco-tribune.com\/it\/author\/anaisriu\/"}]}},"_links":{"self":[{"href":"https:\/\/www.monaco-tribune.com\/it\/wp-json\/wp\/v2\/posts\/244768","targetHints":{"allow":["GET"]}}],"collection":[{"href":"https:\/\/www.monaco-tribune.com\/it\/wp-json\/wp\/v2\/posts"}],"about":[{"href":"https:\/\/www.monaco-tribune.com\/it\/wp-json\/wp\/v2\/types\/post"}],"author":[{"embeddable":true,"href":"https:\/\/www.monaco-tribune.com\/it\/wp-json\/wp\/v2\/users\/77"}],"replies":[{"embeddable":true,"href":"https:\/\/www.monaco-tribune.com\/it\/wp-json\/wp\/v2\/comments?post=244768"}],"version-history":[{"count":2,"href":"https:\/\/www.monaco-tribune.com\/it\/wp-json\/wp\/v2\/posts\/244768\/revisions"}],"predecessor-version":[{"id":244771,"href":"https:\/\/www.monaco-tribune.com\/it\/wp-json\/wp\/v2\/posts\/244768\/revisions\/244771"}],"wp:featuredmedia":[{"embeddable":true,"href":"https:\/\/www.monaco-tribune.com\/it\/wp-json\/wp\/v2\/media\/244571"}],"wp:attachment":[{"href":"https:\/\/www.monaco-tribune.com\/it\/wp-json\/wp\/v2\/media?parent=244768"}],"wp:term":[{"taxonomy":"category","embeddable":true,"href":"https:\/\/www.monaco-tribune.com\/it\/wp-json\/wp\/v2\/categories?post=244768"},{"taxonomy":"post_tag","embeddable":true,"href":"https:\/\/www.monaco-tribune.com\/it\/wp-json\/wp\/v2\/tags?post=244768"},{"taxonomy":"sectag","embeddable":true,"href":"https:\/\/www.monaco-tribune.com\/it\/wp-json\/wp\/v2\/post_sectags?post=244768"},{"taxonomy":"format","embeddable":true,"href":"https:\/\/www.monaco-tribune.com\/it\/wp-json\/wp\/v2\/post_format?post=244768"}],"curies":[{"name":"wp","href":"https:\/\/api.w.org\/{rel}","templated":true}]}}