{"id":245233,"date":"2024-08-05T14:51:48","date_gmt":"2024-08-05T12:51:48","guid":{"rendered":"https:\/\/www.monaco-tribune.com\/2024\/08\/lestate-a-port-hercule-torna-con-le-sue-giostre-e-attrazioni\/"},"modified":"2024-08-05T14:51:54","modified_gmt":"2024-08-05T12:51:54","slug":"lestate-a-port-hercule-torna-con-le-sue-giostre-e-attrazioni","status":"publish","type":"post","link":"https:\/\/www.monaco-tribune.com\/it\/2024\/08\/lestate-a-port-hercule-torna-con-le-sue-giostre-e-attrazioni\/","title":{"rendered":"&#8220;L&#8217;estate a Port Hercule&#8221; torna con le sue giostre e attrazioni"},"content":{"rendered":"\n<p>&#8220;<strong>L\u2019Et\u00e9 au Port Hercule&#8221; arriva al quai Albert-Ier da gioved\u00ec 1 agosto a domenica 25 agosto 2024.<\/strong><\/p>\n\n<p>&#8220;L&#8217;Et\u00e9 au Port Hercule&#8221;, l&#8217;estate a Port Hercule, \u00e8 uno degli eventi estivi imperdibili di Monaco. Per questa nuova edizione, il comune ha voluto fare le cose in grande trasformando il Quai Albert-Ier in una area di festa a misura di famiglie. Una giostra, i go-kart (per bambini dai 3 anni in su), campi da basket, pesca delle anatre, tappeto elastico, percorso NINJA e altre attivit\u00e0 accoglieranno il pubblico tra le 11:30 e le 22:30.<\/p>\n\n<p>Questo mese si terranno tre serate speciali. La prima \u00e8 il 3 agosto, con castelli gonfiabili per bambini e una serata con DJ a partire dalle 21:30. Poi, il 9 agosto ci sar\u00e0 il tanto atteso spettacolo di droni a tema Giochi Olimpici. Infine, il 17 agosto si concluder\u00e0 con una serata anni &#8217;90\/2000.<\/p>\n\n<p>Anche quest&#8217;anno, per la seconda volta, ci saranno gli stand con il marchio Siti Storici Grimaldi di Monaco, che venderanno prodotti artigianali come formaggi, salumi, hot dog, barbagiuans, fougasses, torroni, birra, olive, olio d&#8217;oliva e foie gras (dal 19 al 25 agosto). Non mancheranno inoltre prodotti cosmetici a base di latte d&#8217;asina, ceramiche, profumi e leccornie.<\/p>\n<div class=\"wp-block-image\">\n<figure class=\"aligncenter size-large\"><img loading=\"lazy\" decoding=\"async\" width=\"1024\" height=\"683\" src=\"https:\/\/www.monaco-tribune.com\/wp-content\/uploads\/2024\/08\/chalets-ete-port-hercule-1024x683.jpg\" alt=\"\" class=\"wp-image-245028\" srcset=\"https:\/\/www.monaco-tribune.com\/wp-content\/uploads\/2024\/08\/chalets-ete-port-hercule-1024x683.jpg 1024w, https:\/\/www.monaco-tribune.com\/wp-content\/uploads\/2024\/08\/chalets-ete-port-hercule-450x300.jpg 450w, https:\/\/www.monaco-tribune.com\/wp-content\/uploads\/2024\/08\/chalets-ete-port-hercule.jpg 1200w\" sizes=\"auto, (max-width: 1024px) 100vw, 1024px\" \/><figcaption class=\"wp-element-caption\"><em>\u00a9 Monaco Tribune \/ Astrid Berges<\/em><\/figcaption><\/figure>\n<\/div>\n<p class=\"related\"><a href=\"https:\/\/www.monaco-tribune.com\/it\/2024\/08\/cosa-fare-a-monaco-ad-agosto-2024\/\">Cosa fare a Monaco ad agosto 2024<\/a><\/p>\n\n<h2 class=\"wp-block-heading\" id=\"h-lancement-du-nbsp-village-as-monaco-nbsp-nbsp\">Inaugurazione del &#8220;Villaggio AS Monaco&#8221;<\/h2>\n\n<p>Dopo la sua prima partita (e il suo primo goal) con l&#8217;AS Monaco, George Ilenikhena ha partecipato a una sessione di autografi nella nuova area battezzata &#8220;Villaggio AS Monaco&#8221;. Creata in occasione delle celebrazioni del Centenario del Club, questa zona comprende un mini campo da calcio aperto dalle 16:00 alle 22:30 e il famoso caravan del Kids Tour, con un bersaglio gigante per le gare di precisione.<\/p>\n\n<figure class=\"wp-block-image size-large\"><img loading=\"lazy\" decoding=\"async\" width=\"1024\" height=\"683\" src=\"https:\/\/www.monaco-tribune.com\/wp-content\/uploads\/2024\/08\/george-ilenikhena-as-monaco-village-1024x683.jpg\" alt=\"\" class=\"wp-image-245032\" srcset=\"https:\/\/www.monaco-tribune.com\/wp-content\/uploads\/2024\/08\/george-ilenikhena-as-monaco-village-1024x683.jpg 1024w, https:\/\/www.monaco-tribune.com\/wp-content\/uploads\/2024\/08\/george-ilenikhena-as-monaco-village-450x300.jpg 450w, https:\/\/www.monaco-tribune.com\/wp-content\/uploads\/2024\/08\/george-ilenikhena-as-monaco-village.jpg 1200w\" sizes=\"auto, (max-width: 1024px) 100vw, 1024px\" \/><\/figure>\n\n<figure class=\"wp-block-image size-large\"><img loading=\"lazy\" decoding=\"async\" width=\"1024\" height=\"683\" src=\"https:\/\/www.monaco-tribune.com\/wp-content\/uploads\/2024\/08\/as-monaco-village-1024x683.jpg\" alt=\"\" class=\"wp-image-245036\" srcset=\"https:\/\/www.monaco-tribune.com\/wp-content\/uploads\/2024\/08\/as-monaco-village-1024x683.jpg 1024w, https:\/\/www.monaco-tribune.com\/wp-content\/uploads\/2024\/08\/as-monaco-village-450x300.jpg 450w, https:\/\/www.monaco-tribune.com\/wp-content\/uploads\/2024\/08\/as-monaco-village.jpg 1200w\" sizes=\"auto, (max-width: 1024px) 100vw, 1024px\" \/><\/figure>\n<div class=\"wp-block-image\">\n<figure class=\"aligncenter size-large\"><img loading=\"lazy\" decoding=\"async\" width=\"1024\" height=\"683\" src=\"https:\/\/www.monaco-tribune.com\/wp-content\/uploads\/2024\/08\/goodies-as-monaco-1024x683.jpg\" alt=\"\" class=\"wp-image-245040\" srcset=\"https:\/\/www.monaco-tribune.com\/wp-content\/uploads\/2024\/08\/goodies-as-monaco-1024x683.jpg 1024w, https:\/\/www.monaco-tribune.com\/wp-content\/uploads\/2024\/08\/goodies-as-monaco-450x300.jpg 450w, https:\/\/www.monaco-tribune.com\/wp-content\/uploads\/2024\/08\/goodies-as-monaco.jpg 1200w\" sizes=\"auto, (max-width: 1024px) 100vw, 1024px\" \/><figcaption class=\"wp-element-caption\"><em>\u00a9 Monaco Tribune \/ Astrid Berges<\/em><\/figcaption><\/figure>\n<\/div>\n<p>Ci sar\u00e0 anche un negozio temporaneo dove acquistare le nuove maglie 2024-25 e altri prodotti con i colori bianco-rossi.<\/p>\n","protected":false},"excerpt":{"rendered":"<p>&#8220;L\u2019Et\u00e9 au Port Hercule&#8221; arriva al quai Albert-Ier da gioved\u00ec 1 agosto a domenica 25 agosto 2024. &#8220;L&#8217;Et\u00e9 au Port [&hellip;]<\/p>\n","protected":false},"author":47,"featured_media":245026,"comment_status":"closed","ping_status":"closed","sticky":false,"template":"","format":"standard","meta":{"_acf_changed":false,"footnotes":""},"categories":[1740,1738],"tags":[2890],"post_sectags":[],"post_format":[2471],"class_list":["post-245233","post","type-post","status-publish","format-standard","has-post-thumbnail","hentry","category-cosa-fare","category-notizie","tag-eventi","format-evento"],"acf":[],"yoast_head":"<!-- This site is optimized with the Yoast SEO Premium plugin v26.8 (Yoast SEO v27.5) - https:\/\/yoast.com\/product\/yoast-seo-premium-wordpress\/ -->\n<title>&quot;L&#039;estate a Port Hercule&quot; torna con le sue giostre e attrazioni<\/title>\n<meta name=\"description\" content=\"&quot;L\u2019Et\u00e9 au Port Hercule&quot; arriva al quai Albert-Ier da gioved\u00ec 1 agosto a domenica 25 agosto 2024. &quot;L&#039;Et\u00e9 au Port Hercule&quot;, l&#039;estate a Port Hercule, \u00e8 uno\" \/>\n<meta name=\"robots\" content=\"index, follow, max-snippet:-1, max-image-preview:large, max-video-preview:-1\" \/>\n<link rel=\"canonical\" href=\"https:\/\/www.monaco-tribune.com\/it\/2024\/08\/lestate-a-port-hercule-torna-con-le-sue-giostre-e-attrazioni\/\" \/>\n<meta property=\"og:locale\" content=\"it_IT\" \/>\n<meta property=\"og:type\" content=\"article\" \/>\n<meta property=\"og:title\" content=\"&quot;L&#039;estate a Port Hercule&quot; torna con le sue giostre e attrazioni - Monaco Tribune\" \/>\n<meta property=\"og:description\" content=\"&quot;L\u2019Et\u00e9 au Port Hercule&quot; arriva al quai Albert-Ier da gioved\u00ec 1 agosto a domenica 25 agosto 2024. &quot;L&#039;Et\u00e9 au Port Hercule&quot;, l&#039;estate a Port Hercule, \u00e8 uno\" \/>\n<meta property=\"og:url\" content=\"https:\/\/www.monaco-tribune.com\/it\/2024\/08\/lestate-a-port-hercule-torna-con-le-sue-giostre-e-attrazioni\/\" \/>\n<meta property=\"og:site_name\" content=\"Monaco Tribune\" \/>\n<meta property=\"article:publisher\" content=\"https:\/\/www.facebook.com\/MonacoTribune\" \/>\n<meta property=\"article:published_time\" content=\"2024-08-05T12:51:48+00:00\" \/>\n<meta property=\"article:modified_time\" content=\"2024-08-05T12:51:54+00:00\" \/>\n<meta property=\"og:image\" content=\"https:\/\/www.monaco-tribune.com\/wp-content\/uploads\/2024\/08\/karting-ete-port-hercule.jpg\" \/>\n\t<meta property=\"og:image:width\" content=\"1200\" \/>\n\t<meta property=\"og:image:height\" content=\"800\" \/>\n\t<meta property=\"og:image:type\" content=\"image\/jpeg\" \/>\n<meta name=\"author\" content=\"Agathe Ch\u00e9reau\" \/>\n<meta name=\"twitter:card\" content=\"summary_large_image\" \/>\n<meta name=\"twitter:creator\" content=\"@MonacoTribune\" \/>\n<meta name=\"twitter:site\" content=\"@MonacoTribune\" \/>\n<script type=\"application\/ld+json\" class=\"yoast-schema-graph\">{\"@context\":\"https:\\\/\\\/schema.org\",\"@graph\":[{\"@type\":\"NewsArticle\",\"@id\":\"https:\\\/\\\/www.monaco-tribune.com\\\/it\\\/2024\\\/08\\\/lestate-a-port-hercule-torna-con-le-sue-giostre-e-attrazioni\\\/#article\",\"isPartOf\":{\"@id\":\"https:\\\/\\\/www.monaco-tribune.com\\\/it\\\/2024\\\/08\\\/lestate-a-port-hercule-torna-con-le-sue-giostre-e-attrazioni\\\/\"},\"author\":{\"name\":\"Agathe Ch\u00e9reau\",\"@id\":\"https:\\\/\\\/www.monaco-tribune.com\\\/it\\\/#\\\/schema\\\/person\\\/fba2f8d5a098d473c92e84cc43a8f730\"},\"headline\":\"&#8220;L&#8217;estate a Port Hercule&#8221; torna con le sue giostre e attrazioni\",\"datePublished\":\"2024-08-05T12:51:48+00:00\",\"dateModified\":\"2024-08-05T12:51:54+00:00\",\"mainEntityOfPage\":{\"@id\":\"https:\\\/\\\/www.monaco-tribune.com\\\/it\\\/2024\\\/08\\\/lestate-a-port-hercule-torna-con-le-sue-giostre-e-attrazioni\\\/\"},\"wordCount\":309,\"publisher\":{\"@id\":\"https:\\\/\\\/www.monaco-tribune.com\\\/it\\\/#organization\"},\"image\":{\"@id\":\"https:\\\/\\\/www.monaco-tribune.com\\\/it\\\/2024\\\/08\\\/lestate-a-port-hercule-torna-con-le-sue-giostre-e-attrazioni\\\/#primaryimage\"},\"thumbnailUrl\":\"https:\\\/\\\/www.monaco-tribune.com\\\/wp-content\\\/uploads\\\/2024\\\/08\\\/karting-ete-port-hercule.jpg\",\"keywords\":[\"Eventi\"],\"articleSection\":[\"Cosa fare\",\"Notizie\"],\"inLanguage\":\"it-IT\",\"copyrightYear\":\"2024\",\"copyrightHolder\":{\"@id\":\"https:\\\/\\\/www.monaco-tribune.com\\\/#organization\"}},{\"@type\":\"WebPage\",\"@id\":\"https:\\\/\\\/www.monaco-tribune.com\\\/it\\\/2024\\\/08\\\/lestate-a-port-hercule-torna-con-le-sue-giostre-e-attrazioni\\\/\",\"url\":\"https:\\\/\\\/www.monaco-tribune.com\\\/it\\\/2024\\\/08\\\/lestate-a-port-hercule-torna-con-le-sue-giostre-e-attrazioni\\\/\",\"name\":\"\\\"L'estate a Port Hercule\\\" torna con le sue giostre e attrazioni\",\"isPartOf\":{\"@id\":\"https:\\\/\\\/www.monaco-tribune.com\\\/it\\\/#website\"},\"primaryImageOfPage\":{\"@id\":\"https:\\\/\\\/www.monaco-tribune.com\\\/it\\\/2024\\\/08\\\/lestate-a-port-hercule-torna-con-le-sue-giostre-e-attrazioni\\\/#primaryimage\"},\"image\":{\"@id\":\"https:\\\/\\\/www.monaco-tribune.com\\\/it\\\/2024\\\/08\\\/lestate-a-port-hercule-torna-con-le-sue-giostre-e-attrazioni\\\/#primaryimage\"},\"thumbnailUrl\":\"https:\\\/\\\/www.monaco-tribune.com\\\/wp-content\\\/uploads\\\/2024\\\/08\\\/karting-ete-port-hercule.jpg\",\"datePublished\":\"2024-08-05T12:51:48+00:00\",\"dateModified\":\"2024-08-05T12:51:54+00:00\",\"description\":\"\\\"L\u2019Et\u00e9 au Port Hercule\\\" arriva al quai Albert-Ier da gioved\u00ec 1 agosto a domenica 25 agosto 2024. \\\"L'Et\u00e9 au Port Hercule\\\", l'estate a Port Hercule, \u00e8 uno\",\"breadcrumb\":{\"@id\":\"https:\\\/\\\/www.monaco-tribune.com\\\/it\\\/2024\\\/08\\\/lestate-a-port-hercule-torna-con-le-sue-giostre-e-attrazioni\\\/#breadcrumb\"},\"inLanguage\":\"it-IT\",\"potentialAction\":[{\"@type\":\"ReadAction\",\"target\":[\"https:\\\/\\\/www.monaco-tribune.com\\\/it\\\/2024\\\/08\\\/lestate-a-port-hercule-torna-con-le-sue-giostre-e-attrazioni\\\/\"]}]},{\"@type\":\"ImageObject\",\"inLanguage\":\"it-IT\",\"@id\":\"https:\\\/\\\/www.monaco-tribune.com\\\/it\\\/2024\\\/08\\\/lestate-a-port-hercule-torna-con-le-sue-giostre-e-attrazioni\\\/#primaryimage\",\"url\":\"https:\\\/\\\/www.monaco-tribune.com\\\/wp-content\\\/uploads\\\/2024\\\/08\\\/karting-ete-port-hercule.jpg\",\"contentUrl\":\"https:\\\/\\\/www.monaco-tribune.com\\\/wp-content\\\/uploads\\\/2024\\\/08\\\/karting-ete-port-hercule.jpg\",\"width\":1200,\"height\":800,\"caption\":\"Port Hercule ospita una serie di attrazioni per famiglie durante tutto il mese di agosto \u00a9 Monaco Tribune \\\/ Astrid Berges\"},{\"@type\":\"BreadcrumbList\",\"@id\":\"https:\\\/\\\/www.monaco-tribune.com\\\/it\\\/2024\\\/08\\\/lestate-a-port-hercule-torna-con-le-sue-giostre-e-attrazioni\\\/#breadcrumb\",\"itemListElement\":[{\"@type\":\"ListItem\",\"position\":1,\"name\":\"Accueil\",\"item\":\"https:\\\/\\\/www.monaco-tribune.com\\\/it\\\/\"},{\"@type\":\"ListItem\",\"position\":2,\"name\":\"&#8220;L&#8217;estate a Port Hercule&#8221; torna con le sue giostre e attrazioni\"}]},{\"@type\":\"WebSite\",\"@id\":\"https:\\\/\\\/www.monaco-tribune.com\\\/it\\\/#website\",\"url\":\"https:\\\/\\\/www.monaco-tribune.com\\\/it\\\/\",\"name\":\"Monaco Tribune\",\"description\":\"Monaco : actualit\u00e9s \u00e9conomiques, politiques, culturelles et sportives de Monaco et de la French Riviera.\",\"publisher\":{\"@id\":\"https:\\\/\\\/www.monaco-tribune.com\\\/it\\\/#organization\"},\"potentialAction\":[{\"@type\":\"SearchAction\",\"target\":{\"@type\":\"EntryPoint\",\"urlTemplate\":\"https:\\\/\\\/www.monaco-tribune.com\\\/it\\\/?s={search_term_string}\"},\"query-input\":{\"@type\":\"PropertyValueSpecification\",\"valueRequired\":true,\"valueName\":\"search_term_string\"}}],\"inLanguage\":\"it-IT\"},{\"@type\":\"Organization\",\"@id\":\"https:\\\/\\\/www.monaco-tribune.com\\\/it\\\/#organization\",\"name\":\"Monaco Tribune\",\"url\":\"https:\\\/\\\/www.monaco-tribune.com\\\/it\\\/\",\"logo\":{\"@type\":\"ImageObject\",\"inLanguage\":\"it-IT\",\"@id\":\"https:\\\/\\\/www.monaco-tribune.com\\\/it\\\/#\\\/schema\\\/logo\\\/image\\\/\",\"url\":\"https:\\\/\\\/www.monaco-tribune.com\\\/wp-content\\\/uploads\\\/2022\\\/11\\\/logo-monaco-tribune.png\",\"contentUrl\":\"https:\\\/\\\/www.monaco-tribune.com\\\/wp-content\\\/uploads\\\/2022\\\/11\\\/logo-monaco-tribune.png\",\"width\":1548,\"height\":600,\"caption\":\"Monaco Tribune\"},\"image\":{\"@id\":\"https:\\\/\\\/www.monaco-tribune.com\\\/it\\\/#\\\/schema\\\/logo\\\/image\\\/\"},\"sameAs\":[\"https:\\\/\\\/www.facebook.com\\\/MonacoTribune\",\"https:\\\/\\\/x.com\\\/MonacoTribune\",\"https:\\\/\\\/www.instagram.com\\\/monacotribune\\\/\",\"https:\\\/\\\/www.linkedin.com\\\/company\\\/monaco-tribune\",\"https:\\\/\\\/www.youtube.com\\\/channel\\\/UCHle1MnG6hw1y4lWKijVbMA\"]},{\"@type\":\"Person\",\"@id\":\"https:\\\/\\\/www.monaco-tribune.com\\\/it\\\/#\\\/schema\\\/person\\\/fba2f8d5a098d473c92e84cc43a8f730\",\"name\":\"Agathe Ch\u00e9reau\",\"image\":{\"@type\":\"ImageObject\",\"inLanguage\":\"it-IT\",\"@id\":\"https:\\\/\\\/secure.gravatar.com\\\/avatar\\\/884b20ed9d4430c24d77a3ad560b1c21da67bd6992531a1971822779f9988ea5?s=96&d=mm&r=g\",\"url\":\"https:\\\/\\\/secure.gravatar.com\\\/avatar\\\/884b20ed9d4430c24d77a3ad560b1c21da67bd6992531a1971822779f9988ea5?s=96&d=mm&r=g\",\"contentUrl\":\"https:\\\/\\\/secure.gravatar.com\\\/avatar\\\/884b20ed9d4430c24d77a3ad560b1c21da67bd6992531a1971822779f9988ea5?s=96&d=mm&r=g\",\"caption\":\"Agathe Ch\u00e9reau\"},\"url\":\"https:\\\/\\\/www.monaco-tribune.com\\\/it\\\/author\\\/agathechereau\\\/\"}]}<\/script>\n<!-- \/ Yoast SEO Premium plugin. -->","yoast_head_json":{"title":"\"L'estate a Port Hercule\" torna con le sue giostre e attrazioni","description":"\"L\u2019Et\u00e9 au Port Hercule\" arriva al quai Albert-Ier da gioved\u00ec 1 agosto a domenica 25 agosto 2024. \"L'Et\u00e9 au Port Hercule\", l'estate a Port Hercule, \u00e8 uno","robots":{"index":"index","follow":"follow","max-snippet":"max-snippet:-1","max-image-preview":"max-image-preview:large","max-video-preview":"max-video-preview:-1"},"canonical":"https:\/\/www.monaco-tribune.com\/it\/2024\/08\/lestate-a-port-hercule-torna-con-le-sue-giostre-e-attrazioni\/","og_locale":"it_IT","og_type":"article","og_title":"\"L'estate a Port Hercule\" torna con le sue giostre e attrazioni - Monaco Tribune","og_description":"\"L\u2019Et\u00e9 au Port Hercule\" arriva al quai Albert-Ier da gioved\u00ec 1 agosto a domenica 25 agosto 2024. \"L'Et\u00e9 au Port Hercule\", l'estate a Port Hercule, \u00e8 uno","og_url":"https:\/\/www.monaco-tribune.com\/it\/2024\/08\/lestate-a-port-hercule-torna-con-le-sue-giostre-e-attrazioni\/","og_site_name":"Monaco Tribune","article_publisher":"https:\/\/www.facebook.com\/MonacoTribune","article_published_time":"2024-08-05T12:51:48+00:00","article_modified_time":"2024-08-05T12:51:54+00:00","og_image":[{"width":1200,"height":800,"url":"https:\/\/www.monaco-tribune.com\/wp-content\/uploads\/2024\/08\/karting-ete-port-hercule.jpg","type":"image\/jpeg"}],"author":"Agathe Ch\u00e9reau","twitter_card":"summary_large_image","twitter_creator":"@MonacoTribune","twitter_site":"@MonacoTribune","schema":{"@context":"https:\/\/schema.org","@graph":[{"@type":"NewsArticle","@id":"https:\/\/www.monaco-tribune.com\/it\/2024\/08\/lestate-a-port-hercule-torna-con-le-sue-giostre-e-attrazioni\/#article","isPartOf":{"@id":"https:\/\/www.monaco-tribune.com\/it\/2024\/08\/lestate-a-port-hercule-torna-con-le-sue-giostre-e-attrazioni\/"},"author":{"name":"Agathe Ch\u00e9reau","@id":"https:\/\/www.monaco-tribune.com\/it\/#\/schema\/person\/fba2f8d5a098d473c92e84cc43a8f730"},"headline":"&#8220;L&#8217;estate a Port Hercule&#8221; torna con le sue giostre e attrazioni","datePublished":"2024-08-05T12:51:48+00:00","dateModified":"2024-08-05T12:51:54+00:00","mainEntityOfPage":{"@id":"https:\/\/www.monaco-tribune.com\/it\/2024\/08\/lestate-a-port-hercule-torna-con-le-sue-giostre-e-attrazioni\/"},"wordCount":309,"publisher":{"@id":"https:\/\/www.monaco-tribune.com\/it\/#organization"},"image":{"@id":"https:\/\/www.monaco-tribune.com\/it\/2024\/08\/lestate-a-port-hercule-torna-con-le-sue-giostre-e-attrazioni\/#primaryimage"},"thumbnailUrl":"https:\/\/www.monaco-tribune.com\/wp-content\/uploads\/2024\/08\/karting-ete-port-hercule.jpg","keywords":["Eventi"],"articleSection":["Cosa fare","Notizie"],"inLanguage":"it-IT","copyrightYear":"2024","copyrightHolder":{"@id":"https:\/\/www.monaco-tribune.com\/#organization"}},{"@type":"WebPage","@id":"https:\/\/www.monaco-tribune.com\/it\/2024\/08\/lestate-a-port-hercule-torna-con-le-sue-giostre-e-attrazioni\/","url":"https:\/\/www.monaco-tribune.com\/it\/2024\/08\/lestate-a-port-hercule-torna-con-le-sue-giostre-e-attrazioni\/","name":"\"L'estate a Port Hercule\" torna con le sue giostre e attrazioni","isPartOf":{"@id":"https:\/\/www.monaco-tribune.com\/it\/#website"},"primaryImageOfPage":{"@id":"https:\/\/www.monaco-tribune.com\/it\/2024\/08\/lestate-a-port-hercule-torna-con-le-sue-giostre-e-attrazioni\/#primaryimage"},"image":{"@id":"https:\/\/www.monaco-tribune.com\/it\/2024\/08\/lestate-a-port-hercule-torna-con-le-sue-giostre-e-attrazioni\/#primaryimage"},"thumbnailUrl":"https:\/\/www.monaco-tribune.com\/wp-content\/uploads\/2024\/08\/karting-ete-port-hercule.jpg","datePublished":"2024-08-05T12:51:48+00:00","dateModified":"2024-08-05T12:51:54+00:00","description":"\"L\u2019Et\u00e9 au Port Hercule\" arriva al quai Albert-Ier da gioved\u00ec 1 agosto a domenica 25 agosto 2024. \"L'Et\u00e9 au Port Hercule\", l'estate a Port Hercule, \u00e8 uno","breadcrumb":{"@id":"https:\/\/www.monaco-tribune.com\/it\/2024\/08\/lestate-a-port-hercule-torna-con-le-sue-giostre-e-attrazioni\/#breadcrumb"},"inLanguage":"it-IT","potentialAction":[{"@type":"ReadAction","target":["https:\/\/www.monaco-tribune.com\/it\/2024\/08\/lestate-a-port-hercule-torna-con-le-sue-giostre-e-attrazioni\/"]}]},{"@type":"ImageObject","inLanguage":"it-IT","@id":"https:\/\/www.monaco-tribune.com\/it\/2024\/08\/lestate-a-port-hercule-torna-con-le-sue-giostre-e-attrazioni\/#primaryimage","url":"https:\/\/www.monaco-tribune.com\/wp-content\/uploads\/2024\/08\/karting-ete-port-hercule.jpg","contentUrl":"https:\/\/www.monaco-tribune.com\/wp-content\/uploads\/2024\/08\/karting-ete-port-hercule.jpg","width":1200,"height":800,"caption":"Port Hercule ospita una serie di attrazioni per famiglie durante tutto il mese di agosto \u00a9 Monaco Tribune \/ Astrid Berges"},{"@type":"BreadcrumbList","@id":"https:\/\/www.monaco-tribune.com\/it\/2024\/08\/lestate-a-port-hercule-torna-con-le-sue-giostre-e-attrazioni\/#breadcrumb","itemListElement":[{"@type":"ListItem","position":1,"name":"Accueil","item":"https:\/\/www.monaco-tribune.com\/it\/"},{"@type":"ListItem","position":2,"name":"&#8220;L&#8217;estate a Port Hercule&#8221; torna con le sue giostre e attrazioni"}]},{"@type":"WebSite","@id":"https:\/\/www.monaco-tribune.com\/it\/#website","url":"https:\/\/www.monaco-tribune.com\/it\/","name":"Monaco Tribune","description":"Monaco : actualit\u00e9s \u00e9conomiques, politiques, culturelles et sportives de Monaco et de la French Riviera.","publisher":{"@id":"https:\/\/www.monaco-tribune.com\/it\/#organization"},"potentialAction":[{"@type":"SearchAction","target":{"@type":"EntryPoint","urlTemplate":"https:\/\/www.monaco-tribune.com\/it\/?s={search_term_string}"},"query-input":{"@type":"PropertyValueSpecification","valueRequired":true,"valueName":"search_term_string"}}],"inLanguage":"it-IT"},{"@type":"Organization","@id":"https:\/\/www.monaco-tribune.com\/it\/#organization","name":"Monaco Tribune","url":"https:\/\/www.monaco-tribune.com\/it\/","logo":{"@type":"ImageObject","inLanguage":"it-IT","@id":"https:\/\/www.monaco-tribune.com\/it\/#\/schema\/logo\/image\/","url":"https:\/\/www.monaco-tribune.com\/wp-content\/uploads\/2022\/11\/logo-monaco-tribune.png","contentUrl":"https:\/\/www.monaco-tribune.com\/wp-content\/uploads\/2022\/11\/logo-monaco-tribune.png","width":1548,"height":600,"caption":"Monaco Tribune"},"image":{"@id":"https:\/\/www.monaco-tribune.com\/it\/#\/schema\/logo\/image\/"},"sameAs":["https:\/\/www.facebook.com\/MonacoTribune","https:\/\/x.com\/MonacoTribune","https:\/\/www.instagram.com\/monacotribune\/","https:\/\/www.linkedin.com\/company\/monaco-tribune","https:\/\/www.youtube.com\/channel\/UCHle1MnG6hw1y4lWKijVbMA"]},{"@type":"Person","@id":"https:\/\/www.monaco-tribune.com\/it\/#\/schema\/person\/fba2f8d5a098d473c92e84cc43a8f730","name":"Agathe Ch\u00e9reau","image":{"@type":"ImageObject","inLanguage":"it-IT","@id":"https:\/\/secure.gravatar.com\/avatar\/884b20ed9d4430c24d77a3ad560b1c21da67bd6992531a1971822779f9988ea5?s=96&d=mm&r=g","url":"https:\/\/secure.gravatar.com\/avatar\/884b20ed9d4430c24d77a3ad560b1c21da67bd6992531a1971822779f9988ea5?s=96&d=mm&r=g","contentUrl":"https:\/\/secure.gravatar.com\/avatar\/884b20ed9d4430c24d77a3ad560b1c21da67bd6992531a1971822779f9988ea5?s=96&d=mm&r=g","caption":"Agathe Ch\u00e9reau"},"url":"https:\/\/www.monaco-tribune.com\/it\/author\/agathechereau\/"}]}},"_links":{"self":[{"href":"https:\/\/www.monaco-tribune.com\/it\/wp-json\/wp\/v2\/posts\/245233","targetHints":{"allow":["GET"]}}],"collection":[{"href":"https:\/\/www.monaco-tribune.com\/it\/wp-json\/wp\/v2\/posts"}],"about":[{"href":"https:\/\/www.monaco-tribune.com\/it\/wp-json\/wp\/v2\/types\/post"}],"author":[{"embeddable":true,"href":"https:\/\/www.monaco-tribune.com\/it\/wp-json\/wp\/v2\/users\/47"}],"replies":[{"embeddable":true,"href":"https:\/\/www.monaco-tribune.com\/it\/wp-json\/wp\/v2\/comments?post=245233"}],"version-history":[{"count":2,"href":"https:\/\/www.monaco-tribune.com\/it\/wp-json\/wp\/v2\/posts\/245233\/revisions"}],"predecessor-version":[{"id":245236,"href":"https:\/\/www.monaco-tribune.com\/it\/wp-json\/wp\/v2\/posts\/245233\/revisions\/245236"}],"wp:featuredmedia":[{"embeddable":true,"href":"https:\/\/www.monaco-tribune.com\/it\/wp-json\/wp\/v2\/media\/245026"}],"wp:attachment":[{"href":"https:\/\/www.monaco-tribune.com\/it\/wp-json\/wp\/v2\/media?parent=245233"}],"wp:term":[{"taxonomy":"category","embeddable":true,"href":"https:\/\/www.monaco-tribune.com\/it\/wp-json\/wp\/v2\/categories?post=245233"},{"taxonomy":"post_tag","embeddable":true,"href":"https:\/\/www.monaco-tribune.com\/it\/wp-json\/wp\/v2\/tags?post=245233"},{"taxonomy":"sectag","embeddable":true,"href":"https:\/\/www.monaco-tribune.com\/it\/wp-json\/wp\/v2\/post_sectags?post=245233"},{"taxonomy":"format","embeddable":true,"href":"https:\/\/www.monaco-tribune.com\/it\/wp-json\/wp\/v2\/post_format?post=245233"}],"curies":[{"name":"wp","href":"https:\/\/api.w.org\/{rel}","templated":true}]}}