{"id":245555,"date":"2024-08-07T15:14:58","date_gmt":"2024-08-07T13:14:58","guid":{"rendered":"https:\/\/www.monaco-tribune.com\/2024\/08\/parigi-2024-gli-atleti-monegaschi-si-sentono-a-casa-nel-villaggio-olimpico\/"},"modified":"2024-08-07T15:15:06","modified_gmt":"2024-08-07T13:15:06","slug":"parigi-2024-gli-atleti-monegaschi-si-sentono-a-casa-nel-villaggio-olimpico","status":"publish","type":"post","link":"https:\/\/www.monaco-tribune.com\/it\/2024\/08\/parigi-2024-gli-atleti-monegaschi-si-sentono-a-casa-nel-villaggio-olimpico\/","title":{"rendered":"Parigi 2024: gli atleti monegaschi si sentono a casa nel Villaggio Olimpico"},"content":{"rendered":"\n<p><strong>Nel cuore delle Olimpiadi di Parigi 2024, gli atleti monegaschi stanno vivendo un&#8217;avventura unica nel Villaggio Olimpico, una vera e propria citt\u00e0 effimera di 54 ettari, situata a Seine-Saint-Denis.<\/strong><\/p>\n\n<p>Situato nei comuni di Saint-Denis, Saint-Ouen e \u00cele Saint-Denis, questo villaggio ospita 14.500 persone. Qui la delegazione monegasca condivide l&#8217;edificio con quelle di Andorra, Angola e Senegal. &#8220;La convivenza sta andando bene&#8221;, confida Mathias Raymond, capo missione.<\/p>\n\n<p>I monegaschi dispongono di quattro appartamenti, uno dei quali \u00e8 riservato all&#8217;amministrazione e all&#8217;assistenza medica, mentre gli altri sono divisi per sesso e per gruppi di atleti e allenatori. Le stanze sono dotate di letti di cartone, un&#8217;innovazione introdotta a Tokyo. &#8220;Dormiamo bene, sono comodi&#8221;, dicono gli atleti.<\/p>\n<div class=\"wp-block-image\">\n<figure class=\"aligncenter size-full\"><img decoding=\"async\" src=\"https:\/\/www.monaco-tribune.com\/wp-content\/uploads\/2024\/08\/theo-druenne-michel-pou-et-lisa-pou-devant-le-restaurant-du-village-&#xA9;-stephan-maggi-com.jpg\" alt=\"\" class=\"wp-image-245361\"\/><figcaption class=\"wp-element-caption\"><em>Th\u00e9o Druenne, Michel e Lisa Pou (nuoto) davanti al ristorante principale che serve 40.000 coperti al giorno \u00a9 Foto St\u00e9phan Maggi \/ Comitato Olimpico Monegasco<\/em><\/figcaption><\/figure>\n<\/div>\n<p>Il ristorante principale, capace di ospitare 3.200 persone, serve 40.000 pasti al giorno con una variet\u00e0 di cucine, tra cui piatti francesi, asiatici e africani. &#8220;Il cibo \u00e8 molto buono, non abbiamo nulla di cui lamentarci&#8221;, dicono i monegaschi.<\/p>\n\n<p>Il Villaggio dispone anche di un centro fitness aperto 24 ore su 24, 12 lavanderie e un policlinico di 3.500 m\u00b2 che offre una serie di servizi sanitari (farmacia, sala prelievi, pronto soccorso, fisioterapia, chiropratica, dermatologia, ginecologia, cardiologia, oculistica, odontoiatria e un&#8217;area di recupero con 18 bagni freddi). <\/p>\n<div class=\"wp-block-image\">\n<figure class=\"aligncenter size-large\"><img decoding=\"async\" src=\"https:\/\/www.monaco-tribune.com\/wp-content\/uploads\/2024\/08\/marvin-gadeau-xiaoxin-yang-et-marie-charlotte-gastaud-activites-au-sein-du-village-olympique-&#xA9;-stephan-maggi-com--1024x709.jpg\" alt=\"\" class=\"wp-image-245366\"\/><figcaption class=\"wp-element-caption\"><em>Gli atleti (qui Marvin Gadeau, Xiaoxin Yang e Marie-Charlotte Gastaud) usufruiscono di una serie di servizi all&#8217;interno del Villaggio \u00a9 Foto St\u00e9phan Maggi \/ Comitato Olimpico Monegasco<\/em><\/figcaption><\/figure>\n<\/div>\n<p class=\"related\"><a href=\"https:\/\/www.monaco-tribune.com\/it\/2024\/08\/parigi-2024-il-principe-alberto-ii-commosso-dopo-il-tributo-per-il-centenario-di-suo-nonno-john-b-kelly-sr-ai-giochi-olimpici\/\">Parigi 2024: il Principe Alberto II commosso dopo il tributo per il centenario di suo nonno John B. Kelly Sr. ai Giochi Olimpici<\/a><\/p>\n\n<h2 class=\"wp-block-heading\" id=\"h-un-village-olympique-eco-responsable\">Un Villaggio Olimpico ecosostenibile<\/h2>\n\n<p>Progettato per essere sostenibile, il Villaggio include 6 ettari di spazi verdi, l&#8217;inverdimento di strade, balconi e tetti, nonch\u00e9 sistemi di recupero e trattamento delle acque reflue per l&#8217;irrigazione.<\/p>\n\n<p>Con 9.000 alberi e arbusti piantati, pavimenti refrigeranti e tripli vetri, il Villaggio \u00e8 pronto per le condizioni climatiche del 2050. Questo progetto, simbolo di eredit\u00e0 e sostenibilit\u00e0, sta molto a cuore al Principe Alberto II, Presidente della Commissione per la Sostenibilit\u00e0 e l&#8217;Eredit\u00e0 del Comitato Olimpico Internazionale. Promette inoltre un impatto positivo sui futuri 6.000 residenti (2.000 famiglie e 800 studenti) che si trasferiranno qui tra un anno.<\/p>\n\n<p class=\"related\"><a href=\"https:\/\/www.monaco-tribune.com\/it\/2024\/06\/fiamma-olimpica-a-monaco-e-un-grande-onore-e-una-vera-emozione-dichiara-la-principessa-charlene\/\">Fiamma olimpica a Monaco: \u201c\u00c8 un grande onore e una vera emozione\u201d dichiara la Principessa Charl\u00e8ne<\/a><\/p>\n","protected":false},"excerpt":{"rendered":"<p>Nel cuore delle Olimpiadi di Parigi 2024, gli atleti monegaschi stanno vivendo un&#8217;avventura unica nel Villaggio Olimpico, una vera e [&hellip;]<\/p>\n","protected":false},"author":77,"featured_media":245374,"comment_status":"closed","ping_status":"closed","sticky":false,"template":"","format":"standard","meta":{"_acf_changed":false,"footnotes":""},"categories":[1738,1743],"tags":[4642],"post_sectags":[5076],"post_format":[2478],"class_list":["post-245555","post","type-post","status-publish","format-standard","has-post-thumbnail","hentry","category-notizie","category-sport-it","tag-comitato-olimpico-monegasco","sectag-olimpiadi","format-notizia"],"acf":[],"yoast_head":"<!-- This site is optimized with the Yoast SEO Premium plugin v26.8 (Yoast SEO v27.4) - https:\/\/yoast.com\/product\/yoast-seo-premium-wordpress\/ -->\n<title>Parigi 2024: gli atleti monegaschi si sentono a casa nel Villaggio Olimpico<\/title>\n<meta name=\"description\" content=\"Nel cuore delle Olimpiadi di Parigi 2024, gli atleti monegaschi stanno vivendo un&#039;avventura unica nel Villaggio Olimpico, una vera e propria citt\u00e0\" \/>\n<meta name=\"robots\" content=\"index, follow, max-snippet:-1, max-image-preview:large, max-video-preview:-1\" \/>\n<link rel=\"canonical\" href=\"https:\/\/www.monaco-tribune.com\/it\/2024\/08\/parigi-2024-gli-atleti-monegaschi-si-sentono-a-casa-nel-villaggio-olimpico\/\" \/>\n<meta property=\"og:locale\" content=\"it_IT\" \/>\n<meta property=\"og:type\" content=\"article\" \/>\n<meta property=\"og:title\" content=\"Parigi 2024: gli atleti monegaschi si sentono a casa nel Villaggio Olimpico - Monaco Tribune\" \/>\n<meta property=\"og:description\" content=\"Nel cuore delle Olimpiadi di Parigi 2024, gli atleti monegaschi stanno vivendo un&#039;avventura unica nel Villaggio Olimpico, una vera e propria citt\u00e0\" \/>\n<meta property=\"og:url\" content=\"https:\/\/www.monaco-tribune.com\/it\/2024\/08\/parigi-2024-gli-atleti-monegaschi-si-sentono-a-casa-nel-villaggio-olimpico\/\" \/>\n<meta property=\"og:site_name\" content=\"Monaco Tribune\" \/>\n<meta property=\"article:publisher\" content=\"https:\/\/www.facebook.com\/MonacoTribune\" \/>\n<meta property=\"article:published_time\" content=\"2024-08-07T13:14:58+00:00\" \/>\n<meta property=\"article:modified_time\" content=\"2024-08-07T13:15:06+00:00\" \/>\n<meta property=\"og:image\" content=\"https:\/\/www.monaco-tribune.com\/wp-content\/uploads\/2024\/08\/marvin-gadeau-devant-le-lit-en-carton-\u00a9-com-2.jpg\" \/>\n\t<meta property=\"og:image:width\" content=\"1087\" \/>\n\t<meta property=\"og:image:height\" content=\"652\" \/>\n\t<meta property=\"og:image:type\" content=\"image\/jpeg\" \/>\n<meta name=\"author\" content=\"Ana\u00efs Riu\" \/>\n<meta name=\"twitter:card\" content=\"summary_large_image\" \/>\n<meta name=\"twitter:creator\" content=\"@MonacoTribune\" \/>\n<meta name=\"twitter:site\" content=\"@MonacoTribune\" \/>\n<script type=\"application\/ld+json\" class=\"yoast-schema-graph\">{\"@context\":\"https:\\\/\\\/schema.org\",\"@graph\":[{\"@type\":\"NewsArticle\",\"@id\":\"https:\\\/\\\/www.monaco-tribune.com\\\/it\\\/2024\\\/08\\\/parigi-2024-gli-atleti-monegaschi-si-sentono-a-casa-nel-villaggio-olimpico\\\/#article\",\"isPartOf\":{\"@id\":\"https:\\\/\\\/www.monaco-tribune.com\\\/it\\\/2024\\\/08\\\/parigi-2024-gli-atleti-monegaschi-si-sentono-a-casa-nel-villaggio-olimpico\\\/\"},\"author\":{\"name\":\"Ana\u00efs Riu\",\"@id\":\"https:\\\/\\\/www.monaco-tribune.com\\\/it\\\/#\\\/schema\\\/person\\\/6db631c784f2f0eff54c3ca4d1da2d49\"},\"headline\":\"Parigi 2024: gli atleti monegaschi si sentono a casa nel Villaggio Olimpico\",\"datePublished\":\"2024-08-07T13:14:58+00:00\",\"dateModified\":\"2024-08-07T13:15:06+00:00\",\"mainEntityOfPage\":{\"@id\":\"https:\\\/\\\/www.monaco-tribune.com\\\/it\\\/2024\\\/08\\\/parigi-2024-gli-atleti-monegaschi-si-sentono-a-casa-nel-villaggio-olimpico\\\/\"},\"wordCount\":393,\"publisher\":{\"@id\":\"https:\\\/\\\/www.monaco-tribune.com\\\/it\\\/#organization\"},\"image\":{\"@id\":\"https:\\\/\\\/www.monaco-tribune.com\\\/it\\\/2024\\\/08\\\/parigi-2024-gli-atleti-monegaschi-si-sentono-a-casa-nel-villaggio-olimpico\\\/#primaryimage\"},\"thumbnailUrl\":\"https:\\\/\\\/www.monaco-tribune.com\\\/wp-content\\\/uploads\\\/2024\\\/08\\\/marvin-gadeau-devant-le-lit-en-carton-\u00a9-com-2.jpg\",\"keywords\":[\"Comitato olimpico monegasco\"],\"articleSection\":[\"Notizie\",\"Sport\"],\"inLanguage\":\"it-IT\",\"copyrightYear\":\"2024\",\"copyrightHolder\":{\"@id\":\"https:\\\/\\\/www.monaco-tribune.com\\\/#organization\"}},{\"@type\":\"WebPage\",\"@id\":\"https:\\\/\\\/www.monaco-tribune.com\\\/it\\\/2024\\\/08\\\/parigi-2024-gli-atleti-monegaschi-si-sentono-a-casa-nel-villaggio-olimpico\\\/\",\"url\":\"https:\\\/\\\/www.monaco-tribune.com\\\/it\\\/2024\\\/08\\\/parigi-2024-gli-atleti-monegaschi-si-sentono-a-casa-nel-villaggio-olimpico\\\/\",\"name\":\"Parigi 2024: gli atleti monegaschi si sentono a casa nel Villaggio Olimpico\",\"isPartOf\":{\"@id\":\"https:\\\/\\\/www.monaco-tribune.com\\\/it\\\/#website\"},\"primaryImageOfPage\":{\"@id\":\"https:\\\/\\\/www.monaco-tribune.com\\\/it\\\/2024\\\/08\\\/parigi-2024-gli-atleti-monegaschi-si-sentono-a-casa-nel-villaggio-olimpico\\\/#primaryimage\"},\"image\":{\"@id\":\"https:\\\/\\\/www.monaco-tribune.com\\\/it\\\/2024\\\/08\\\/parigi-2024-gli-atleti-monegaschi-si-sentono-a-casa-nel-villaggio-olimpico\\\/#primaryimage\"},\"thumbnailUrl\":\"https:\\\/\\\/www.monaco-tribune.com\\\/wp-content\\\/uploads\\\/2024\\\/08\\\/marvin-gadeau-devant-le-lit-en-carton-\u00a9-com-2.jpg\",\"datePublished\":\"2024-08-07T13:14:58+00:00\",\"dateModified\":\"2024-08-07T13:15:06+00:00\",\"description\":\"Nel cuore delle Olimpiadi di Parigi 2024, gli atleti monegaschi stanno vivendo un'avventura unica nel Villaggio Olimpico, una vera e propria citt\u00e0\",\"breadcrumb\":{\"@id\":\"https:\\\/\\\/www.monaco-tribune.com\\\/it\\\/2024\\\/08\\\/parigi-2024-gli-atleti-monegaschi-si-sentono-a-casa-nel-villaggio-olimpico\\\/#breadcrumb\"},\"inLanguage\":\"it-IT\",\"potentialAction\":[{\"@type\":\"ReadAction\",\"target\":[\"https:\\\/\\\/www.monaco-tribune.com\\\/it\\\/2024\\\/08\\\/parigi-2024-gli-atleti-monegaschi-si-sentono-a-casa-nel-villaggio-olimpico\\\/\"]}]},{\"@type\":\"ImageObject\",\"inLanguage\":\"it-IT\",\"@id\":\"https:\\\/\\\/www.monaco-tribune.com\\\/it\\\/2024\\\/08\\\/parigi-2024-gli-atleti-monegaschi-si-sentono-a-casa-nel-villaggio-olimpico\\\/#primaryimage\",\"url\":\"https:\\\/\\\/www.monaco-tribune.com\\\/wp-content\\\/uploads\\\/2024\\\/08\\\/marvin-gadeau-devant-le-lit-en-carton-\u00a9-com-2.jpg\",\"contentUrl\":\"https:\\\/\\\/www.monaco-tribune.com\\\/wp-content\\\/uploads\\\/2024\\\/08\\\/marvin-gadeau-devant-le-lit-en-carton-\u00a9-com-2.jpg\",\"width\":1087,\"height\":652,\"caption\":\"\\\"I letti di cartone sono comodi\\\", dice il judoka Marvin Gadeau \u00a9 Foto Comitato Olimpico Monegasco\"},{\"@type\":\"BreadcrumbList\",\"@id\":\"https:\\\/\\\/www.monaco-tribune.com\\\/it\\\/2024\\\/08\\\/parigi-2024-gli-atleti-monegaschi-si-sentono-a-casa-nel-villaggio-olimpico\\\/#breadcrumb\",\"itemListElement\":[{\"@type\":\"ListItem\",\"position\":1,\"name\":\"Accueil\",\"item\":\"https:\\\/\\\/www.monaco-tribune.com\\\/it\\\/\"},{\"@type\":\"ListItem\",\"position\":2,\"name\":\"Parigi 2024: gli atleti monegaschi si sentono a casa nel Villaggio Olimpico\"}]},{\"@type\":\"WebSite\",\"@id\":\"https:\\\/\\\/www.monaco-tribune.com\\\/it\\\/#website\",\"url\":\"https:\\\/\\\/www.monaco-tribune.com\\\/it\\\/\",\"name\":\"Monaco Tribune\",\"description\":\"Monaco : actualit\u00e9s \u00e9conomiques, politiques, culturelles et sportives de Monaco et de la French Riviera.\",\"publisher\":{\"@id\":\"https:\\\/\\\/www.monaco-tribune.com\\\/it\\\/#organization\"},\"potentialAction\":[{\"@type\":\"SearchAction\",\"target\":{\"@type\":\"EntryPoint\",\"urlTemplate\":\"https:\\\/\\\/www.monaco-tribune.com\\\/it\\\/?s={search_term_string}\"},\"query-input\":{\"@type\":\"PropertyValueSpecification\",\"valueRequired\":true,\"valueName\":\"search_term_string\"}}],\"inLanguage\":\"it-IT\"},{\"@type\":\"Organization\",\"@id\":\"https:\\\/\\\/www.monaco-tribune.com\\\/it\\\/#organization\",\"name\":\"Monaco Tribune\",\"url\":\"https:\\\/\\\/www.monaco-tribune.com\\\/it\\\/\",\"logo\":{\"@type\":\"ImageObject\",\"inLanguage\":\"it-IT\",\"@id\":\"https:\\\/\\\/www.monaco-tribune.com\\\/it\\\/#\\\/schema\\\/logo\\\/image\\\/\",\"url\":\"https:\\\/\\\/www.monaco-tribune.com\\\/wp-content\\\/uploads\\\/2022\\\/11\\\/logo-monaco-tribune.png\",\"contentUrl\":\"https:\\\/\\\/www.monaco-tribune.com\\\/wp-content\\\/uploads\\\/2022\\\/11\\\/logo-monaco-tribune.png\",\"width\":1548,\"height\":600,\"caption\":\"Monaco Tribune\"},\"image\":{\"@id\":\"https:\\\/\\\/www.monaco-tribune.com\\\/it\\\/#\\\/schema\\\/logo\\\/image\\\/\"},\"sameAs\":[\"https:\\\/\\\/www.facebook.com\\\/MonacoTribune\",\"https:\\\/\\\/x.com\\\/MonacoTribune\",\"https:\\\/\\\/www.instagram.com\\\/monacotribune\\\/\",\"https:\\\/\\\/www.linkedin.com\\\/company\\\/monaco-tribune\",\"https:\\\/\\\/www.youtube.com\\\/channel\\\/UCHle1MnG6hw1y4lWKijVbMA\"]},{\"@type\":\"Person\",\"@id\":\"https:\\\/\\\/www.monaco-tribune.com\\\/it\\\/#\\\/schema\\\/person\\\/6db631c784f2f0eff54c3ca4d1da2d49\",\"name\":\"Ana\u00efs Riu\",\"image\":{\"@type\":\"ImageObject\",\"inLanguage\":\"it-IT\",\"@id\":\"https:\\\/\\\/secure.gravatar.com\\\/avatar\\\/9137eff67ff750f1997c171f45e5829ca4c8fa34729a8f8cd9dc85be7e50df7f?s=96&d=mm&r=g\",\"url\":\"https:\\\/\\\/secure.gravatar.com\\\/avatar\\\/9137eff67ff750f1997c171f45e5829ca4c8fa34729a8f8cd9dc85be7e50df7f?s=96&d=mm&r=g\",\"contentUrl\":\"https:\\\/\\\/secure.gravatar.com\\\/avatar\\\/9137eff67ff750f1997c171f45e5829ca4c8fa34729a8f8cd9dc85be7e50df7f?s=96&d=mm&r=g\",\"caption\":\"Ana\u00efs Riu\"},\"url\":\"https:\\\/\\\/www.monaco-tribune.com\\\/it\\\/author\\\/anaisriu\\\/\"}]}<\/script>\n<!-- \/ Yoast SEO Premium plugin. -->","yoast_head_json":{"title":"Parigi 2024: gli atleti monegaschi si sentono a casa nel Villaggio Olimpico","description":"Nel cuore delle Olimpiadi di Parigi 2024, gli atleti monegaschi stanno vivendo un'avventura unica nel Villaggio Olimpico, una vera e propria citt\u00e0","robots":{"index":"index","follow":"follow","max-snippet":"max-snippet:-1","max-image-preview":"max-image-preview:large","max-video-preview":"max-video-preview:-1"},"canonical":"https:\/\/www.monaco-tribune.com\/it\/2024\/08\/parigi-2024-gli-atleti-monegaschi-si-sentono-a-casa-nel-villaggio-olimpico\/","og_locale":"it_IT","og_type":"article","og_title":"Parigi 2024: gli atleti monegaschi si sentono a casa nel Villaggio Olimpico - Monaco Tribune","og_description":"Nel cuore delle Olimpiadi di Parigi 2024, gli atleti monegaschi stanno vivendo un'avventura unica nel Villaggio Olimpico, una vera e propria citt\u00e0","og_url":"https:\/\/www.monaco-tribune.com\/it\/2024\/08\/parigi-2024-gli-atleti-monegaschi-si-sentono-a-casa-nel-villaggio-olimpico\/","og_site_name":"Monaco Tribune","article_publisher":"https:\/\/www.facebook.com\/MonacoTribune","article_published_time":"2024-08-07T13:14:58+00:00","article_modified_time":"2024-08-07T13:15:06+00:00","og_image":[{"width":1087,"height":652,"url":"https:\/\/www.monaco-tribune.com\/wp-content\/uploads\/2024\/08\/marvin-gadeau-devant-le-lit-en-carton-\u00a9-com-2.jpg","type":"image\/jpeg"}],"author":"Ana\u00efs Riu","twitter_card":"summary_large_image","twitter_creator":"@MonacoTribune","twitter_site":"@MonacoTribune","schema":{"@context":"https:\/\/schema.org","@graph":[{"@type":"NewsArticle","@id":"https:\/\/www.monaco-tribune.com\/it\/2024\/08\/parigi-2024-gli-atleti-monegaschi-si-sentono-a-casa-nel-villaggio-olimpico\/#article","isPartOf":{"@id":"https:\/\/www.monaco-tribune.com\/it\/2024\/08\/parigi-2024-gli-atleti-monegaschi-si-sentono-a-casa-nel-villaggio-olimpico\/"},"author":{"name":"Ana\u00efs Riu","@id":"https:\/\/www.monaco-tribune.com\/it\/#\/schema\/person\/6db631c784f2f0eff54c3ca4d1da2d49"},"headline":"Parigi 2024: gli atleti monegaschi si sentono a casa nel Villaggio Olimpico","datePublished":"2024-08-07T13:14:58+00:00","dateModified":"2024-08-07T13:15:06+00:00","mainEntityOfPage":{"@id":"https:\/\/www.monaco-tribune.com\/it\/2024\/08\/parigi-2024-gli-atleti-monegaschi-si-sentono-a-casa-nel-villaggio-olimpico\/"},"wordCount":393,"publisher":{"@id":"https:\/\/www.monaco-tribune.com\/it\/#organization"},"image":{"@id":"https:\/\/www.monaco-tribune.com\/it\/2024\/08\/parigi-2024-gli-atleti-monegaschi-si-sentono-a-casa-nel-villaggio-olimpico\/#primaryimage"},"thumbnailUrl":"https:\/\/www.monaco-tribune.com\/wp-content\/uploads\/2024\/08\/marvin-gadeau-devant-le-lit-en-carton-\u00a9-com-2.jpg","keywords":["Comitato olimpico monegasco"],"articleSection":["Notizie","Sport"],"inLanguage":"it-IT","copyrightYear":"2024","copyrightHolder":{"@id":"https:\/\/www.monaco-tribune.com\/#organization"}},{"@type":"WebPage","@id":"https:\/\/www.monaco-tribune.com\/it\/2024\/08\/parigi-2024-gli-atleti-monegaschi-si-sentono-a-casa-nel-villaggio-olimpico\/","url":"https:\/\/www.monaco-tribune.com\/it\/2024\/08\/parigi-2024-gli-atleti-monegaschi-si-sentono-a-casa-nel-villaggio-olimpico\/","name":"Parigi 2024: gli atleti monegaschi si sentono a casa nel Villaggio Olimpico","isPartOf":{"@id":"https:\/\/www.monaco-tribune.com\/it\/#website"},"primaryImageOfPage":{"@id":"https:\/\/www.monaco-tribune.com\/it\/2024\/08\/parigi-2024-gli-atleti-monegaschi-si-sentono-a-casa-nel-villaggio-olimpico\/#primaryimage"},"image":{"@id":"https:\/\/www.monaco-tribune.com\/it\/2024\/08\/parigi-2024-gli-atleti-monegaschi-si-sentono-a-casa-nel-villaggio-olimpico\/#primaryimage"},"thumbnailUrl":"https:\/\/www.monaco-tribune.com\/wp-content\/uploads\/2024\/08\/marvin-gadeau-devant-le-lit-en-carton-\u00a9-com-2.jpg","datePublished":"2024-08-07T13:14:58+00:00","dateModified":"2024-08-07T13:15:06+00:00","description":"Nel cuore delle Olimpiadi di Parigi 2024, gli atleti monegaschi stanno vivendo un'avventura unica nel Villaggio Olimpico, una vera e propria citt\u00e0","breadcrumb":{"@id":"https:\/\/www.monaco-tribune.com\/it\/2024\/08\/parigi-2024-gli-atleti-monegaschi-si-sentono-a-casa-nel-villaggio-olimpico\/#breadcrumb"},"inLanguage":"it-IT","potentialAction":[{"@type":"ReadAction","target":["https:\/\/www.monaco-tribune.com\/it\/2024\/08\/parigi-2024-gli-atleti-monegaschi-si-sentono-a-casa-nel-villaggio-olimpico\/"]}]},{"@type":"ImageObject","inLanguage":"it-IT","@id":"https:\/\/www.monaco-tribune.com\/it\/2024\/08\/parigi-2024-gli-atleti-monegaschi-si-sentono-a-casa-nel-villaggio-olimpico\/#primaryimage","url":"https:\/\/www.monaco-tribune.com\/wp-content\/uploads\/2024\/08\/marvin-gadeau-devant-le-lit-en-carton-\u00a9-com-2.jpg","contentUrl":"https:\/\/www.monaco-tribune.com\/wp-content\/uploads\/2024\/08\/marvin-gadeau-devant-le-lit-en-carton-\u00a9-com-2.jpg","width":1087,"height":652,"caption":"\"I letti di cartone sono comodi\", dice il judoka Marvin Gadeau \u00a9 Foto Comitato Olimpico Monegasco"},{"@type":"BreadcrumbList","@id":"https:\/\/www.monaco-tribune.com\/it\/2024\/08\/parigi-2024-gli-atleti-monegaschi-si-sentono-a-casa-nel-villaggio-olimpico\/#breadcrumb","itemListElement":[{"@type":"ListItem","position":1,"name":"Accueil","item":"https:\/\/www.monaco-tribune.com\/it\/"},{"@type":"ListItem","position":2,"name":"Parigi 2024: gli atleti monegaschi si sentono a casa nel Villaggio Olimpico"}]},{"@type":"WebSite","@id":"https:\/\/www.monaco-tribune.com\/it\/#website","url":"https:\/\/www.monaco-tribune.com\/it\/","name":"Monaco Tribune","description":"Monaco : actualit\u00e9s \u00e9conomiques, politiques, culturelles et sportives de Monaco et de la French Riviera.","publisher":{"@id":"https:\/\/www.monaco-tribune.com\/it\/#organization"},"potentialAction":[{"@type":"SearchAction","target":{"@type":"EntryPoint","urlTemplate":"https:\/\/www.monaco-tribune.com\/it\/?s={search_term_string}"},"query-input":{"@type":"PropertyValueSpecification","valueRequired":true,"valueName":"search_term_string"}}],"inLanguage":"it-IT"},{"@type":"Organization","@id":"https:\/\/www.monaco-tribune.com\/it\/#organization","name":"Monaco Tribune","url":"https:\/\/www.monaco-tribune.com\/it\/","logo":{"@type":"ImageObject","inLanguage":"it-IT","@id":"https:\/\/www.monaco-tribune.com\/it\/#\/schema\/logo\/image\/","url":"https:\/\/www.monaco-tribune.com\/wp-content\/uploads\/2022\/11\/logo-monaco-tribune.png","contentUrl":"https:\/\/www.monaco-tribune.com\/wp-content\/uploads\/2022\/11\/logo-monaco-tribune.png","width":1548,"height":600,"caption":"Monaco Tribune"},"image":{"@id":"https:\/\/www.monaco-tribune.com\/it\/#\/schema\/logo\/image\/"},"sameAs":["https:\/\/www.facebook.com\/MonacoTribune","https:\/\/x.com\/MonacoTribune","https:\/\/www.instagram.com\/monacotribune\/","https:\/\/www.linkedin.com\/company\/monaco-tribune","https:\/\/www.youtube.com\/channel\/UCHle1MnG6hw1y4lWKijVbMA"]},{"@type":"Person","@id":"https:\/\/www.monaco-tribune.com\/it\/#\/schema\/person\/6db631c784f2f0eff54c3ca4d1da2d49","name":"Ana\u00efs Riu","image":{"@type":"ImageObject","inLanguage":"it-IT","@id":"https:\/\/secure.gravatar.com\/avatar\/9137eff67ff750f1997c171f45e5829ca4c8fa34729a8f8cd9dc85be7e50df7f?s=96&d=mm&r=g","url":"https:\/\/secure.gravatar.com\/avatar\/9137eff67ff750f1997c171f45e5829ca4c8fa34729a8f8cd9dc85be7e50df7f?s=96&d=mm&r=g","contentUrl":"https:\/\/secure.gravatar.com\/avatar\/9137eff67ff750f1997c171f45e5829ca4c8fa34729a8f8cd9dc85be7e50df7f?s=96&d=mm&r=g","caption":"Ana\u00efs Riu"},"url":"https:\/\/www.monaco-tribune.com\/it\/author\/anaisriu\/"}]}},"_links":{"self":[{"href":"https:\/\/www.monaco-tribune.com\/it\/wp-json\/wp\/v2\/posts\/245555","targetHints":{"allow":["GET"]}}],"collection":[{"href":"https:\/\/www.monaco-tribune.com\/it\/wp-json\/wp\/v2\/posts"}],"about":[{"href":"https:\/\/www.monaco-tribune.com\/it\/wp-json\/wp\/v2\/types\/post"}],"author":[{"embeddable":true,"href":"https:\/\/www.monaco-tribune.com\/it\/wp-json\/wp\/v2\/users\/77"}],"replies":[{"embeddable":true,"href":"https:\/\/www.monaco-tribune.com\/it\/wp-json\/wp\/v2\/comments?post=245555"}],"version-history":[{"count":2,"href":"https:\/\/www.monaco-tribune.com\/it\/wp-json\/wp\/v2\/posts\/245555\/revisions"}],"predecessor-version":[{"id":245558,"href":"https:\/\/www.monaco-tribune.com\/it\/wp-json\/wp\/v2\/posts\/245555\/revisions\/245558"}],"wp:featuredmedia":[{"embeddable":true,"href":"https:\/\/www.monaco-tribune.com\/it\/wp-json\/wp\/v2\/media\/245374"}],"wp:attachment":[{"href":"https:\/\/www.monaco-tribune.com\/it\/wp-json\/wp\/v2\/media?parent=245555"}],"wp:term":[{"taxonomy":"category","embeddable":true,"href":"https:\/\/www.monaco-tribune.com\/it\/wp-json\/wp\/v2\/categories?post=245555"},{"taxonomy":"post_tag","embeddable":true,"href":"https:\/\/www.monaco-tribune.com\/it\/wp-json\/wp\/v2\/tags?post=245555"},{"taxonomy":"sectag","embeddable":true,"href":"https:\/\/www.monaco-tribune.com\/it\/wp-json\/wp\/v2\/post_sectags?post=245555"},{"taxonomy":"format","embeddable":true,"href":"https:\/\/www.monaco-tribune.com\/it\/wp-json\/wp\/v2\/post_format?post=245555"}],"curies":[{"name":"wp","href":"https:\/\/api.w.org\/{rel}","templated":true}]}}