{"id":24632,"date":"2020-03-23T20:47:27","date_gmt":"2020-03-23T19:47:27","guid":{"rendered":"https:\/\/www.monaco-tribune.com\/2020\/03\/il-principato-di-monaco-inizia-a-disinfettare-le-strade-contro-il-coronavirus\/"},"modified":"2020-03-23T20:47:40","modified_gmt":"2020-03-23T19:47:40","slug":"il-principato-di-monaco-inizia-a-disinfettare-le-strade-contro-il-coronavirus","status":"publish","type":"post","link":"https:\/\/www.monaco-tribune.com\/it\/2020\/03\/il-principato-di-monaco-inizia-a-disinfettare-le-strade-contro-il-coronavirus\/","title":{"rendered":"Il Principato di Monaco inizia a disinfettare le strade contro il coronavirus"},"content":{"rendered":"<p><strong>Le autorit\u00e0 monegasche hanno avviato il programma di disinfezione per sterilizzare tutte le strade e le vie del Principato, in mezzo alla pandemia globale di coronavirus.<\/strong><\/p>\n<p>&nbsp;<\/p>\n<p>Il Governo del Principato ha dichiarato che gli spazi pubblici <a href=\"https:\/\/www.gouv.mc\/Action-Gouvernementale\/Coronavirus-Covid-2019\/Actualites\/Desinfection-des-trottoirs-quais-de-la-gare-ascenseurs-publics-et-rampes\">saranno ora disinfettati sette giorni su sette<\/a> da un&#8217;equipe di pi\u00f9 di 30 funzionari SMA. Tutti i marciapiedi, i marciapiedi delle stazioni, gli ascensori pubblici e le rampe saranno trattati con un disinfettante.<\/p>\n<p>&nbsp;<\/p>\n<p>&#8220;\u00c8 importante coinvolgere tutti i nostri team e tutte le nostre risorse per ridurre il rischio di contaminazione di monegaschi, residenti e dipendenti. Questa azione supplementare deve contribuire a questo. Ringrazio la direzione della Soci\u00e9t\u00e9 Mon\u00e9gasque d&#8217;Assainissement (SMA) e i suoi team per la loro mobilitazione e reattivit\u00e0&#8221; ha indicato Marie-Pierre Gramaglia, Consigliere del Governo &#8211; Ministro dei Lavori Pubblici, dell&#8217;Ambiente e dell&#8217;Urbanistica.<\/p>\n<p>&nbsp;<\/p>\n<p>Per sterilizzare i marciapiedi, gli agenti spruzzeranno disinfettante insieme a circa 8.000 litri d&#8217;acqua. I pulsanti dell&#8217;ascensore, le rampe delle scale mobili ed i corrimano nelle gallerie pedonali verranno disinfettati manualmente. Il disinfettante \u00e8 biodegradabile e ha il profumo del pino marittimo.<\/p>\n<p>&nbsp;<\/p>\n<p>https:\/\/www.facebook.com\/GvtMonaco\/photos\/pcb.2390175307940095\/2390174264606866\/?type=3&#038;theater<\/p>\n<p>&nbsp;<\/p>\n<p><strong>La disinfezione delle strade impedisce la diffusione del coronavirus?<\/strong><\/p>\n<p>Nel tentativo di combattere la diffusione della malattia, i camion stanno spruzzando disinfettante per le strade di Cina, Italia, Corea del Sud, Iran, e altri paesi. Tuttavia, <a href=\"https:\/\/www.sciencemag.org\/news\/2020\/03\/does-disinfecting-surfaces-really-prevent-spread-coronavirus\">non \u00e8 ancora chiaro<\/a> se tali sforzi di disinfezione distruggano il coronavirus all&#8217;esterno. Mentre il COVID-19 pu\u00f2 essere raccolto toccando superfici contaminate dal nuovo coronavirus, non \u00e8 ancora chiaro per quanto tempo il virus possa sopravvivere al di fuori del corpo umano. L&#8217;esposizione al coronavirus da superfici esterne pu\u00f2 essere limitata mente che il contatto da persona a persona appare la via di trasmissione pi\u00f9 probabile per COVID-19.<\/p>\n","protected":false},"excerpt":{"rendered":"<p>Le autorit\u00e0 monegasche hanno avviato il programma di disinfezione per sterilizzare tutte le strade e le vie del Principato, in [&hellip;]<\/p>\n","protected":false},"author":26,"featured_media":24627,"comment_status":"closed","ping_status":"open","sticky":false,"template":"","format":"standard","meta":{"_acf_changed":false,"footnotes":""},"categories":[1752],"tags":[],"post_sectags":[],"post_format":[],"class_list":["post-24632","post","type-post","status-publish","format-standard","has-post-thumbnail","hentry","category-societa"],"acf":[],"yoast_head":"<!-- This site is optimized with the Yoast SEO Premium plugin v26.8 (Yoast SEO v27.5) - https:\/\/yoast.com\/product\/yoast-seo-premium-wordpress\/ -->\n<title>Il Principato di Monaco inizia a disinfettare le strade contro il coronavirus<\/title>\n<meta name=\"description\" content=\"Le autorit\u00e0 monegasche hanno avviato il programma di disinfezione per sterilizzare tutte le strade e le vie del Principato, in mezzo alla pandemia globale\" \/>\n<meta name=\"robots\" content=\"index, follow, max-snippet:-1, max-image-preview:large, max-video-preview:-1\" \/>\n<link rel=\"canonical\" href=\"https:\/\/www.monaco-tribune.com\/it\/2020\/03\/il-principato-di-monaco-inizia-a-disinfettare-le-strade-contro-il-coronavirus\/\" \/>\n<meta property=\"og:locale\" content=\"it_IT\" \/>\n<meta property=\"og:type\" content=\"article\" \/>\n<meta property=\"og:title\" content=\"Il Principato di Monaco inizia a disinfettare le strade contro il coronavirus - Monaco Tribune\" \/>\n<meta property=\"og:description\" content=\"Le autorit\u00e0 monegasche hanno avviato il programma di disinfezione per sterilizzare tutte le strade e le vie del Principato, in mezzo alla pandemia globale\" \/>\n<meta property=\"og:url\" content=\"https:\/\/www.monaco-tribune.com\/it\/2020\/03\/il-principato-di-monaco-inizia-a-disinfettare-le-strade-contro-il-coronavirus\/\" \/>\n<meta property=\"og:site_name\" content=\"Monaco Tribune\" \/>\n<meta property=\"article:publisher\" content=\"https:\/\/www.facebook.com\/MonacoTribune\" \/>\n<meta property=\"article:published_time\" content=\"2020-03-23T19:47:27+00:00\" \/>\n<meta property=\"article:modified_time\" content=\"2020-03-23T19:47:40+00:00\" \/>\n<meta property=\"og:image\" content=\"https:\/\/www.monaco-tribune.com\/wp-content\/uploads\/2020\/03\/MTCO3-1024x512.jpg\" \/>\n\t<meta property=\"og:image:width\" content=\"1024\" \/>\n\t<meta property=\"og:image:height\" content=\"512\" \/>\n\t<meta property=\"og:image:type\" content=\"image\/jpeg\" \/>\n<meta name=\"author\" content=\"Amy Cartledge\" \/>\n<meta name=\"twitter:card\" content=\"summary_large_image\" \/>\n<meta name=\"twitter:creator\" content=\"@MonacoTribune\" \/>\n<meta name=\"twitter:site\" content=\"@MonacoTribune\" \/>\n<script type=\"application\/ld+json\" class=\"yoast-schema-graph\">{\"@context\":\"https:\\\/\\\/schema.org\",\"@graph\":[{\"@type\":\"NewsArticle\",\"@id\":\"https:\\\/\\\/www.monaco-tribune.com\\\/it\\\/2020\\\/03\\\/il-principato-di-monaco-inizia-a-disinfettare-le-strade-contro-il-coronavirus\\\/#article\",\"isPartOf\":{\"@id\":\"https:\\\/\\\/www.monaco-tribune.com\\\/it\\\/2020\\\/03\\\/il-principato-di-monaco-inizia-a-disinfettare-le-strade-contro-il-coronavirus\\\/\"},\"author\":{\"name\":\"Amy Cartledge\",\"@id\":\"https:\\\/\\\/www.monaco-tribune.com\\\/it\\\/#\\\/schema\\\/person\\\/0dc76d3f32e52ffacdcc2a53b81750df\"},\"headline\":\"Il Principato di Monaco inizia a disinfettare le strade contro il coronavirus\",\"datePublished\":\"2020-03-23T19:47:27+00:00\",\"dateModified\":\"2020-03-23T19:47:40+00:00\",\"mainEntityOfPage\":{\"@id\":\"https:\\\/\\\/www.monaco-tribune.com\\\/it\\\/2020\\\/03\\\/il-principato-di-monaco-inizia-a-disinfettare-le-strade-contro-il-coronavirus\\\/\"},\"wordCount\":309,\"publisher\":{\"@id\":\"https:\\\/\\\/www.monaco-tribune.com\\\/it\\\/#organization\"},\"image\":{\"@id\":\"https:\\\/\\\/www.monaco-tribune.com\\\/it\\\/2020\\\/03\\\/il-principato-di-monaco-inizia-a-disinfettare-le-strade-contro-il-coronavirus\\\/#primaryimage\"},\"thumbnailUrl\":\"https:\\\/\\\/www.monaco-tribune.com\\\/wp-content\\\/uploads\\\/2020\\\/03\\\/MTCO3.jpg\",\"articleSection\":[\"Societ\u00e0\"],\"inLanguage\":\"it-IT\",\"copyrightYear\":\"2020\",\"copyrightHolder\":{\"@id\":\"https:\\\/\\\/www.monaco-tribune.com\\\/#organization\"}},{\"@type\":\"WebPage\",\"@id\":\"https:\\\/\\\/www.monaco-tribune.com\\\/it\\\/2020\\\/03\\\/il-principato-di-monaco-inizia-a-disinfettare-le-strade-contro-il-coronavirus\\\/\",\"url\":\"https:\\\/\\\/www.monaco-tribune.com\\\/it\\\/2020\\\/03\\\/il-principato-di-monaco-inizia-a-disinfettare-le-strade-contro-il-coronavirus\\\/\",\"name\":\"Il Principato di Monaco inizia a disinfettare le strade contro il coronavirus\",\"isPartOf\":{\"@id\":\"https:\\\/\\\/www.monaco-tribune.com\\\/it\\\/#website\"},\"primaryImageOfPage\":{\"@id\":\"https:\\\/\\\/www.monaco-tribune.com\\\/it\\\/2020\\\/03\\\/il-principato-di-monaco-inizia-a-disinfettare-le-strade-contro-il-coronavirus\\\/#primaryimage\"},\"image\":{\"@id\":\"https:\\\/\\\/www.monaco-tribune.com\\\/it\\\/2020\\\/03\\\/il-principato-di-monaco-inizia-a-disinfettare-le-strade-contro-il-coronavirus\\\/#primaryimage\"},\"thumbnailUrl\":\"https:\\\/\\\/www.monaco-tribune.com\\\/wp-content\\\/uploads\\\/2020\\\/03\\\/MTCO3.jpg\",\"datePublished\":\"2020-03-23T19:47:27+00:00\",\"dateModified\":\"2020-03-23T19:47:40+00:00\",\"description\":\"Le autorit\u00e0 monegasche hanno avviato il programma di disinfezione per sterilizzare tutte le strade e le vie del Principato, in mezzo alla pandemia globale\",\"breadcrumb\":{\"@id\":\"https:\\\/\\\/www.monaco-tribune.com\\\/it\\\/2020\\\/03\\\/il-principato-di-monaco-inizia-a-disinfettare-le-strade-contro-il-coronavirus\\\/#breadcrumb\"},\"inLanguage\":\"it-IT\",\"potentialAction\":[{\"@type\":\"ReadAction\",\"target\":[\"https:\\\/\\\/www.monaco-tribune.com\\\/it\\\/2020\\\/03\\\/il-principato-di-monaco-inizia-a-disinfettare-le-strade-contro-il-coronavirus\\\/\"]}]},{\"@type\":\"ImageObject\",\"inLanguage\":\"it-IT\",\"@id\":\"https:\\\/\\\/www.monaco-tribune.com\\\/it\\\/2020\\\/03\\\/il-principato-di-monaco-inizia-a-disinfettare-le-strade-contro-il-coronavirus\\\/#primaryimage\",\"url\":\"https:\\\/\\\/www.monaco-tribune.com\\\/wp-content\\\/uploads\\\/2020\\\/03\\\/MTCO3.jpg\",\"contentUrl\":\"https:\\\/\\\/www.monaco-tribune.com\\\/wp-content\\\/uploads\\\/2020\\\/03\\\/MTCO3.jpg\",\"width\":2560,\"height\":1280,\"caption\":\"Government of Monaco\"},{\"@type\":\"BreadcrumbList\",\"@id\":\"https:\\\/\\\/www.monaco-tribune.com\\\/it\\\/2020\\\/03\\\/il-principato-di-monaco-inizia-a-disinfettare-le-strade-contro-il-coronavirus\\\/#breadcrumb\",\"itemListElement\":[{\"@type\":\"ListItem\",\"position\":1,\"name\":\"Accueil\",\"item\":\"https:\\\/\\\/www.monaco-tribune.com\\\/it\\\/\"},{\"@type\":\"ListItem\",\"position\":2,\"name\":\"Il Principato di Monaco inizia a disinfettare le strade contro il coronavirus\"}]},{\"@type\":\"WebSite\",\"@id\":\"https:\\\/\\\/www.monaco-tribune.com\\\/it\\\/#website\",\"url\":\"https:\\\/\\\/www.monaco-tribune.com\\\/it\\\/\",\"name\":\"Monaco Tribune\",\"description\":\"Monaco : actualit\u00e9s \u00e9conomiques, politiques, culturelles et sportives de Monaco et de la French Riviera.\",\"publisher\":{\"@id\":\"https:\\\/\\\/www.monaco-tribune.com\\\/it\\\/#organization\"},\"potentialAction\":[{\"@type\":\"SearchAction\",\"target\":{\"@type\":\"EntryPoint\",\"urlTemplate\":\"https:\\\/\\\/www.monaco-tribune.com\\\/it\\\/?s={search_term_string}\"},\"query-input\":{\"@type\":\"PropertyValueSpecification\",\"valueRequired\":true,\"valueName\":\"search_term_string\"}}],\"inLanguage\":\"it-IT\"},{\"@type\":\"Organization\",\"@id\":\"https:\\\/\\\/www.monaco-tribune.com\\\/it\\\/#organization\",\"name\":\"Monaco Tribune\",\"url\":\"https:\\\/\\\/www.monaco-tribune.com\\\/it\\\/\",\"logo\":{\"@type\":\"ImageObject\",\"inLanguage\":\"it-IT\",\"@id\":\"https:\\\/\\\/www.monaco-tribune.com\\\/it\\\/#\\\/schema\\\/logo\\\/image\\\/\",\"url\":\"https:\\\/\\\/www.monaco-tribune.com\\\/wp-content\\\/uploads\\\/2022\\\/11\\\/logo-monaco-tribune.png\",\"contentUrl\":\"https:\\\/\\\/www.monaco-tribune.com\\\/wp-content\\\/uploads\\\/2022\\\/11\\\/logo-monaco-tribune.png\",\"width\":1548,\"height\":600,\"caption\":\"Monaco Tribune\"},\"image\":{\"@id\":\"https:\\\/\\\/www.monaco-tribune.com\\\/it\\\/#\\\/schema\\\/logo\\\/image\\\/\"},\"sameAs\":[\"https:\\\/\\\/www.facebook.com\\\/MonacoTribune\",\"https:\\\/\\\/x.com\\\/MonacoTribune\",\"https:\\\/\\\/www.instagram.com\\\/monacotribune\\\/\",\"https:\\\/\\\/www.linkedin.com\\\/company\\\/monaco-tribune\",\"https:\\\/\\\/www.youtube.com\\\/channel\\\/UCHle1MnG6hw1y4lWKijVbMA\"]},{\"@type\":\"Person\",\"@id\":\"https:\\\/\\\/www.monaco-tribune.com\\\/it\\\/#\\\/schema\\\/person\\\/0dc76d3f32e52ffacdcc2a53b81750df\",\"name\":\"Amy Cartledge\",\"image\":{\"@type\":\"ImageObject\",\"inLanguage\":\"it-IT\",\"@id\":\"https:\\\/\\\/secure.gravatar.com\\\/avatar\\\/9a09fffd41bf12133660511cc56cee16139846eca5e17fb39941aeadce044ab5?s=96&d=mm&r=g\",\"url\":\"https:\\\/\\\/secure.gravatar.com\\\/avatar\\\/9a09fffd41bf12133660511cc56cee16139846eca5e17fb39941aeadce044ab5?s=96&d=mm&r=g\",\"contentUrl\":\"https:\\\/\\\/secure.gravatar.com\\\/avatar\\\/9a09fffd41bf12133660511cc56cee16139846eca5e17fb39941aeadce044ab5?s=96&d=mm&r=g\",\"caption\":\"Amy Cartledge\"},\"url\":\"https:\\\/\\\/www.monaco-tribune.com\\\/it\\\/author\\\/amy-cartledge\\\/\"}]}<\/script>\n<!-- \/ Yoast SEO Premium plugin. -->","yoast_head_json":{"title":"Il Principato di Monaco inizia a disinfettare le strade contro il coronavirus","description":"Le autorit\u00e0 monegasche hanno avviato il programma di disinfezione per sterilizzare tutte le strade e le vie del Principato, in mezzo alla pandemia globale","robots":{"index":"index","follow":"follow","max-snippet":"max-snippet:-1","max-image-preview":"max-image-preview:large","max-video-preview":"max-video-preview:-1"},"canonical":"https:\/\/www.monaco-tribune.com\/it\/2020\/03\/il-principato-di-monaco-inizia-a-disinfettare-le-strade-contro-il-coronavirus\/","og_locale":"it_IT","og_type":"article","og_title":"Il Principato di Monaco inizia a disinfettare le strade contro il coronavirus - Monaco Tribune","og_description":"Le autorit\u00e0 monegasche hanno avviato il programma di disinfezione per sterilizzare tutte le strade e le vie del Principato, in mezzo alla pandemia globale","og_url":"https:\/\/www.monaco-tribune.com\/it\/2020\/03\/il-principato-di-monaco-inizia-a-disinfettare-le-strade-contro-il-coronavirus\/","og_site_name":"Monaco Tribune","article_publisher":"https:\/\/www.facebook.com\/MonacoTribune","article_published_time":"2020-03-23T19:47:27+00:00","article_modified_time":"2020-03-23T19:47:40+00:00","og_image":[{"width":1024,"height":512,"url":"https:\/\/www.monaco-tribune.com\/wp-content\/uploads\/2020\/03\/MTCO3-1024x512.jpg","type":"image\/jpeg"}],"author":"Amy Cartledge","twitter_card":"summary_large_image","twitter_creator":"@MonacoTribune","twitter_site":"@MonacoTribune","schema":{"@context":"https:\/\/schema.org","@graph":[{"@type":"NewsArticle","@id":"https:\/\/www.monaco-tribune.com\/it\/2020\/03\/il-principato-di-monaco-inizia-a-disinfettare-le-strade-contro-il-coronavirus\/#article","isPartOf":{"@id":"https:\/\/www.monaco-tribune.com\/it\/2020\/03\/il-principato-di-monaco-inizia-a-disinfettare-le-strade-contro-il-coronavirus\/"},"author":{"name":"Amy Cartledge","@id":"https:\/\/www.monaco-tribune.com\/it\/#\/schema\/person\/0dc76d3f32e52ffacdcc2a53b81750df"},"headline":"Il Principato di Monaco inizia a disinfettare le strade contro il coronavirus","datePublished":"2020-03-23T19:47:27+00:00","dateModified":"2020-03-23T19:47:40+00:00","mainEntityOfPage":{"@id":"https:\/\/www.monaco-tribune.com\/it\/2020\/03\/il-principato-di-monaco-inizia-a-disinfettare-le-strade-contro-il-coronavirus\/"},"wordCount":309,"publisher":{"@id":"https:\/\/www.monaco-tribune.com\/it\/#organization"},"image":{"@id":"https:\/\/www.monaco-tribune.com\/it\/2020\/03\/il-principato-di-monaco-inizia-a-disinfettare-le-strade-contro-il-coronavirus\/#primaryimage"},"thumbnailUrl":"https:\/\/www.monaco-tribune.com\/wp-content\/uploads\/2020\/03\/MTCO3.jpg","articleSection":["Societ\u00e0"],"inLanguage":"it-IT","copyrightYear":"2020","copyrightHolder":{"@id":"https:\/\/www.monaco-tribune.com\/#organization"}},{"@type":"WebPage","@id":"https:\/\/www.monaco-tribune.com\/it\/2020\/03\/il-principato-di-monaco-inizia-a-disinfettare-le-strade-contro-il-coronavirus\/","url":"https:\/\/www.monaco-tribune.com\/it\/2020\/03\/il-principato-di-monaco-inizia-a-disinfettare-le-strade-contro-il-coronavirus\/","name":"Il Principato di Monaco inizia a disinfettare le strade contro il coronavirus","isPartOf":{"@id":"https:\/\/www.monaco-tribune.com\/it\/#website"},"primaryImageOfPage":{"@id":"https:\/\/www.monaco-tribune.com\/it\/2020\/03\/il-principato-di-monaco-inizia-a-disinfettare-le-strade-contro-il-coronavirus\/#primaryimage"},"image":{"@id":"https:\/\/www.monaco-tribune.com\/it\/2020\/03\/il-principato-di-monaco-inizia-a-disinfettare-le-strade-contro-il-coronavirus\/#primaryimage"},"thumbnailUrl":"https:\/\/www.monaco-tribune.com\/wp-content\/uploads\/2020\/03\/MTCO3.jpg","datePublished":"2020-03-23T19:47:27+00:00","dateModified":"2020-03-23T19:47:40+00:00","description":"Le autorit\u00e0 monegasche hanno avviato il programma di disinfezione per sterilizzare tutte le strade e le vie del Principato, in mezzo alla pandemia globale","breadcrumb":{"@id":"https:\/\/www.monaco-tribune.com\/it\/2020\/03\/il-principato-di-monaco-inizia-a-disinfettare-le-strade-contro-il-coronavirus\/#breadcrumb"},"inLanguage":"it-IT","potentialAction":[{"@type":"ReadAction","target":["https:\/\/www.monaco-tribune.com\/it\/2020\/03\/il-principato-di-monaco-inizia-a-disinfettare-le-strade-contro-il-coronavirus\/"]}]},{"@type":"ImageObject","inLanguage":"it-IT","@id":"https:\/\/www.monaco-tribune.com\/it\/2020\/03\/il-principato-di-monaco-inizia-a-disinfettare-le-strade-contro-il-coronavirus\/#primaryimage","url":"https:\/\/www.monaco-tribune.com\/wp-content\/uploads\/2020\/03\/MTCO3.jpg","contentUrl":"https:\/\/www.monaco-tribune.com\/wp-content\/uploads\/2020\/03\/MTCO3.jpg","width":2560,"height":1280,"caption":"Government of Monaco"},{"@type":"BreadcrumbList","@id":"https:\/\/www.monaco-tribune.com\/it\/2020\/03\/il-principato-di-monaco-inizia-a-disinfettare-le-strade-contro-il-coronavirus\/#breadcrumb","itemListElement":[{"@type":"ListItem","position":1,"name":"Accueil","item":"https:\/\/www.monaco-tribune.com\/it\/"},{"@type":"ListItem","position":2,"name":"Il Principato di Monaco inizia a disinfettare le strade contro il coronavirus"}]},{"@type":"WebSite","@id":"https:\/\/www.monaco-tribune.com\/it\/#website","url":"https:\/\/www.monaco-tribune.com\/it\/","name":"Monaco Tribune","description":"Monaco : actualit\u00e9s \u00e9conomiques, politiques, culturelles et sportives de Monaco et de la French Riviera.","publisher":{"@id":"https:\/\/www.monaco-tribune.com\/it\/#organization"},"potentialAction":[{"@type":"SearchAction","target":{"@type":"EntryPoint","urlTemplate":"https:\/\/www.monaco-tribune.com\/it\/?s={search_term_string}"},"query-input":{"@type":"PropertyValueSpecification","valueRequired":true,"valueName":"search_term_string"}}],"inLanguage":"it-IT"},{"@type":"Organization","@id":"https:\/\/www.monaco-tribune.com\/it\/#organization","name":"Monaco Tribune","url":"https:\/\/www.monaco-tribune.com\/it\/","logo":{"@type":"ImageObject","inLanguage":"it-IT","@id":"https:\/\/www.monaco-tribune.com\/it\/#\/schema\/logo\/image\/","url":"https:\/\/www.monaco-tribune.com\/wp-content\/uploads\/2022\/11\/logo-monaco-tribune.png","contentUrl":"https:\/\/www.monaco-tribune.com\/wp-content\/uploads\/2022\/11\/logo-monaco-tribune.png","width":1548,"height":600,"caption":"Monaco Tribune"},"image":{"@id":"https:\/\/www.monaco-tribune.com\/it\/#\/schema\/logo\/image\/"},"sameAs":["https:\/\/www.facebook.com\/MonacoTribune","https:\/\/x.com\/MonacoTribune","https:\/\/www.instagram.com\/monacotribune\/","https:\/\/www.linkedin.com\/company\/monaco-tribune","https:\/\/www.youtube.com\/channel\/UCHle1MnG6hw1y4lWKijVbMA"]},{"@type":"Person","@id":"https:\/\/www.monaco-tribune.com\/it\/#\/schema\/person\/0dc76d3f32e52ffacdcc2a53b81750df","name":"Amy Cartledge","image":{"@type":"ImageObject","inLanguage":"it-IT","@id":"https:\/\/secure.gravatar.com\/avatar\/9a09fffd41bf12133660511cc56cee16139846eca5e17fb39941aeadce044ab5?s=96&d=mm&r=g","url":"https:\/\/secure.gravatar.com\/avatar\/9a09fffd41bf12133660511cc56cee16139846eca5e17fb39941aeadce044ab5?s=96&d=mm&r=g","contentUrl":"https:\/\/secure.gravatar.com\/avatar\/9a09fffd41bf12133660511cc56cee16139846eca5e17fb39941aeadce044ab5?s=96&d=mm&r=g","caption":"Amy Cartledge"},"url":"https:\/\/www.monaco-tribune.com\/it\/author\/amy-cartledge\/"}]}},"_links":{"self":[{"href":"https:\/\/www.monaco-tribune.com\/it\/wp-json\/wp\/v2\/posts\/24632","targetHints":{"allow":["GET"]}}],"collection":[{"href":"https:\/\/www.monaco-tribune.com\/it\/wp-json\/wp\/v2\/posts"}],"about":[{"href":"https:\/\/www.monaco-tribune.com\/it\/wp-json\/wp\/v2\/types\/post"}],"author":[{"embeddable":true,"href":"https:\/\/www.monaco-tribune.com\/it\/wp-json\/wp\/v2\/users\/26"}],"replies":[{"embeddable":true,"href":"https:\/\/www.monaco-tribune.com\/it\/wp-json\/wp\/v2\/comments?post=24632"}],"version-history":[{"count":0,"href":"https:\/\/www.monaco-tribune.com\/it\/wp-json\/wp\/v2\/posts\/24632\/revisions"}],"wp:featuredmedia":[{"embeddable":true,"href":"https:\/\/www.monaco-tribune.com\/it\/wp-json\/wp\/v2\/media\/24627"}],"wp:attachment":[{"href":"https:\/\/www.monaco-tribune.com\/it\/wp-json\/wp\/v2\/media?parent=24632"}],"wp:term":[{"taxonomy":"category","embeddable":true,"href":"https:\/\/www.monaco-tribune.com\/it\/wp-json\/wp\/v2\/categories?post=24632"},{"taxonomy":"post_tag","embeddable":true,"href":"https:\/\/www.monaco-tribune.com\/it\/wp-json\/wp\/v2\/tags?post=24632"},{"taxonomy":"sectag","embeddable":true,"href":"https:\/\/www.monaco-tribune.com\/it\/wp-json\/wp\/v2\/post_sectags?post=24632"},{"taxonomy":"format","embeddable":true,"href":"https:\/\/www.monaco-tribune.com\/it\/wp-json\/wp\/v2\/post_format?post=24632"}],"curies":[{"name":"wp","href":"https:\/\/api.w.org\/{rel}","templated":true}]}}