{"id":246834,"date":"2024-08-20T08:03:20","date_gmt":"2024-08-20T06:03:20","guid":{"rendered":"https:\/\/www.monaco-tribune.com\/2024\/08\/ligue-1-las-monaco-batte-las-saint-etienne-e-inizia-la-stagione-in-bellezza\/"},"modified":"2024-08-20T08:03:28","modified_gmt":"2024-08-20T06:03:28","slug":"ligue-1-las-monaco-batte-las-saint-etienne-e-inizia-la-stagione-in-bellezza","status":"publish","type":"post","link":"https:\/\/www.monaco-tribune.com\/it\/2024\/08\/ligue-1-las-monaco-batte-las-saint-etienne-e-inizia-la-stagione-in-bellezza\/","title":{"rendered":"Ligue 1: l&#8217;AS Monaco batte l&#8217;AS Saint-\u00c9tienne e inizia la stagione in bellezza"},"content":{"rendered":"\n<p><strong>L&#8217;AS Monaco ha iniziato la stagione del centenario in pompa magna con un 1-0 sull&#8217;AS Saint-\u00c9tienne. In uno Stadio Louis-II gremito di 14.250 spettatori, i monegaschi hanno giocato sotto lo sguardo attento del presidente Dmitri Rybolovlev.<\/strong><\/p>\n<div class=\"wp-block-image\">\n<figure class=\"aligncenter size-large\"><img loading=\"lazy\" decoding=\"async\" width=\"1024\" height=\"574\" src=\"https:\/\/www.monaco-tribune.com\/wp-content\/uploads\/2024\/08\/asm-1024x574.jpg\" alt=\"\" class=\"wp-image-246670\" srcset=\"https:\/\/www.monaco-tribune.com\/wp-content\/uploads\/2024\/08\/asm-1024x574.jpg 1024w, https:\/\/www.monaco-tribune.com\/wp-content\/uploads\/2024\/08\/asm-535x300.jpg 535w, https:\/\/www.monaco-tribune.com\/wp-content\/uploads\/2024\/08\/asm.jpg 1160w\" sizes=\"auto, (max-width: 1024px) 100vw, 1024px\" \/><figcaption class=\"wp-element-caption\"><em>Il presidente dell&#8217;AS Monaco Dmitri Rybolovlev ha assistito alla vittoria della sua squadra nella prima partita di Ligue 1 della stagione del centenario \u00a9 AS Monaco<\/em><\/figcaption><\/figure>\n<\/div>\n<h2 class=\"wp-block-heading\" id=\"h-le-match\">La partita<\/h2>\n\n<p>Fresco di vittoria contro il <a href=\"https:\/\/www.monaco-tribune.com\/it\/2024\/08\/las-monaco-vince-contro-il-barcellona-nel-trofeo-joan-gamper\/\">Barcellona nel Troph\u00e9e Joan Gamper<\/a>, l&#8217;AS Monaco ha continuato sulla stessa scia nella prima partita di Ligue 1. Adi H\u00fctter ha sorpreso tutti schierando Breel Embolo e Folarin Balogun in attacco, proprio come aveva fatto contro il Barcellona.<\/p>\n\n<p>L&#8217;AS Monaco ha sfiorato il vantaggio nei minuti iniziali, con Balogun che si \u00e8 avvicinato alla rete al quinto minuto.<\/p>\n\n<p>Gli avversari hanno reagito immediatamente, con Yunis Abdelhamid e Ibrahim Sissoko che tentano entrambi la fortuna: Philipp K\u00f6hn \u00e8 riuscito a parare i colpi.<\/p>\n\n<p>Segue una fase di gioco frenetica in cui entrambe le squadre si vedono annullare i goal per fuorigioco, con i tiri di Takumi Minamino e Sissoko respinti dal VAR.<\/p>\n\n<p>Il Monaco non si \u00e8 lasciato abbattere e, poco dopo, Minamino ha aperto il punteggio con un incredibile pallonetto, annullato dopo un controllo del VAR, per portare in vantaggio la squadra di casa.<\/p>\n\n<p>L&#8217;AS Saint-\u00c9tienne ha cercato di reagire, ma il punteggio \u00e8 rimasto invariato all&#8217;intervallo, 1-0 in favore del Monaco.<\/p>\n\n<p>Il secondo tempo \u00e8 iniziato con un notevole tentativo di Mathieu Cafaro, prima che Eliesse Ben Seghir pensasse di aver conquistato un rigore, che alla fine \u00e8 stato annullato dal VAR.<\/p>\n\n<p>L&#8217;AS Monaco ha continuato a cercare di aumentare il vantaggio, ma non \u00e8 riuscito a trovare la strada per il goal. Ancora caos quando il Saint-\u00c9tienne si \u00e8 visto annullare un&#8217;altra rete dopo l&#8217;intervento del VAR.<\/p>\n\n<p>Nonostante la suspense e le polemiche, alla fine il club del Principato \u00e8 riuscito a mantenere il vantaggio e a conquistare i tre punti nella sua prima partita di Ligue 1.<\/p>\n\n<h2 class=\"wp-block-heading\" id=\"h-les-reactions-d-adi-hutter\">I commenti di Adi H\u00fctter<\/h2>\n\n<p>\u201cCongratulazioni alla squadra per i tre punti! Sono contento del risultato di 1-0 perch\u00e9 nel complesso \u00e8 stata una partita equilibrata, anche se avremmo potuto segnare di pi\u00f9. Ma vorrei fare i complimenti al Saint-Etienne per la sua performance di squadra promossa in serie A. In ogni caso, sono felice di iniziare la stagione con una vittoria in casa&#8221;.<\/p>\n<div class=\"wp-block-image\">\n<figure class=\"aligncenter size-large\"><img loading=\"lazy\" decoding=\"async\" width=\"1024\" height=\"574\" src=\"https:\/\/www.monaco-tribune.com\/wp-content\/uploads\/2024\/08\/adi-hutter-2-1024x574.jpg\" alt=\"\" class=\"wp-image-246674\" srcset=\"https:\/\/www.monaco-tribune.com\/wp-content\/uploads\/2024\/08\/adi-hutter-2-1024x574.jpg 1024w, https:\/\/www.monaco-tribune.com\/wp-content\/uploads\/2024\/08\/adi-hutter-2-535x300.jpg 535w, https:\/\/www.monaco-tribune.com\/wp-content\/uploads\/2024\/08\/adi-hutter-2.jpg 1160w\" sizes=\"auto, (max-width: 1024px) 100vw, 1024px\" \/><figcaption class=\"wp-element-caption\">\u00a9 AS Monaco<\/figcaption><\/figure>\n<\/div>\n<p>\u201cSiamo stati competitivi nel primo tempo, anche se non era facile ripartire dopo il 3-0 a Barcellona. A volte \u00e8 difficile &#8220;riprendersi&#8221; dopo una vittoria come quella, quindi sono molto contento della vittoria e del clean sheet, soprattutto per Philipp K\u00f6hn. Non siamo ancora al top fisicamente e alcuni giocatori hanno avuto qualche crampo, come Eliesse Ben Seghir, appena rientrato dalle Olimpiadi con il Marocco, e Denis Zakaria, che \u00e8 stato infortunato per due mesi prima degli Europei. Ma il nostro obiettivo \u00e8 quello di migliorare dal punto di vista atletico&#8221;.<\/p>\n\n<p>\u201cI nostri tifosi sono sempre al nostro fianco e sappiamo che il Saint-Etienne \u00e8 un club storico del campionato, con molti tifosi al seguito. Stasera allo Stadio Louis-II c&#8217;era una grande atmosfera, siamo stati felicissimi, e questo grazie al sostegno di entrambe le squadre, quindi un grazie va anche a loro\u201d.<\/p>\n\n<h2 class=\"wp-block-heading\" id=\"h-statistiques-cles\">Qualche statistica<\/h2>\n\n<p>In termini di statistiche, il dominio dell&#8217;AS Monaco \u00e8 confermato dai goal previsti (1,99 contro 0,48), dai tiri totali (17 contro 11), dai tiri dentro l&#8217;area di rigore (14 contro 5), dalle grandi occasioni create (5 contro 0), dal possesso palla (62% contro 38%) e dai passaggi nella met\u00e0 campo avversaria (237 contro 68), il che dimostra che hanno meritato questa vittoria.<\/p>\n\n<h2 class=\"wp-block-heading\" id=\"h-prochain-defi-lyon\">Prossima sfida: Lione<\/h2>\n\n<p>Dopo aver iniziato la stagione di Ligue 1 soddisfacendo tutte le aspettative, la prossima sfida per l&#8217;AS Monaco di H\u00fctter \u00e8 la difficile trasferta contro l&#8217;Olympique Lyonnais, un altro importante incontro per testare di che pasta sono fatti.<\/p>\n\n<p class=\"related\"><a href=\"https:\/\/www.monaco-tribune.com\/it\/2024\/08\/calciomercato-2024-thiago-scuro-fa-il-punto-della-situazione-a-tre-settimane-dal-ritorno-ufficiale-dellas-monaco-in-ligue-1\/\">Calciomercato 2024: Thiago Scuro fa il punto della situazione a tre settimane dal ritorno ufficiale dell\u2019AS Monaco in Ligue 1<\/a><\/p>\n","protected":false},"excerpt":{"rendered":"<p>L&#8217;AS Monaco ha iniziato la stagione del centenario in pompa magna con un 1-0 sull&#8217;AS Saint-\u00c9tienne. In uno Stadio Louis-II [&hellip;]<\/p>\n","protected":false},"author":18,"featured_media":246668,"comment_status":"closed","ping_status":"closed","sticky":false,"template":"","format":"standard","meta":{"_acf_changed":false,"footnotes":""},"categories":[1826,1738,1743],"tags":[2050],"post_sectags":[3240],"post_format":[2486],"class_list":["post-246834","post","type-post","status-publish","format-standard","has-post-thumbnail","hentry","category-la-nostra-scelta","category-notizie","category-sport-it","tag-as-monaco-it","sectag-calcio-it","format-servizio"],"acf":[],"yoast_head":"<!-- This site is optimized with the Yoast SEO Premium plugin v26.8 (Yoast SEO v27.4) - https:\/\/yoast.com\/product\/yoast-seo-premium-wordpress\/ -->\n<title>Ligue 1: l&#039;AS Monaco batte l&#039;AS Saint-\u00c9tienne e inizia la stagione in bellezza<\/title>\n<meta name=\"description\" content=\"L&#039;AS Monaco ha iniziato la stagione del centenario in pompa magna con un 1-0 sull&#039;AS Saint-\u00c9tienne. In uno Stadio Louis-II gremito di 14.250 spettatori, i\" \/>\n<meta name=\"robots\" content=\"index, follow, max-snippet:-1, max-image-preview:large, max-video-preview:-1\" \/>\n<link rel=\"canonical\" href=\"https:\/\/www.monaco-tribune.com\/it\/2024\/08\/ligue-1-las-monaco-batte-las-saint-etienne-e-inizia-la-stagione-in-bellezza\/\" \/>\n<meta property=\"og:locale\" content=\"it_IT\" \/>\n<meta property=\"og:type\" content=\"article\" \/>\n<meta property=\"og:title\" content=\"Ligue 1: l&#039;AS Monaco batte l&#039;AS Saint-\u00c9tienne e inizia la stagione in bellezza - Monaco Tribune\" \/>\n<meta property=\"og:description\" content=\"L&#039;AS Monaco ha iniziato la stagione del centenario in pompa magna con un 1-0 sull&#039;AS Saint-\u00c9tienne. In uno Stadio Louis-II gremito di 14.250 spettatori, i\" \/>\n<meta property=\"og:url\" content=\"https:\/\/www.monaco-tribune.com\/it\/2024\/08\/ligue-1-las-monaco-batte-las-saint-etienne-e-inizia-la-stagione-in-bellezza\/\" \/>\n<meta property=\"og:site_name\" content=\"Monaco Tribune\" \/>\n<meta property=\"article:publisher\" content=\"https:\/\/www.facebook.com\/MonacoTribune\" \/>\n<meta property=\"article:published_time\" content=\"2024-08-20T06:03:20+00:00\" \/>\n<meta property=\"article:modified_time\" content=\"2024-08-20T06:03:28+00:00\" \/>\n<meta property=\"og:image\" content=\"https:\/\/www.monaco-tribune.com\/wp-content\/uploads\/2024\/08\/asm-ligue-1.jpg\" \/>\n\t<meta property=\"og:image:width\" content=\"1160\" \/>\n\t<meta property=\"og:image:height\" content=\"650\" \/>\n\t<meta property=\"og:image:type\" content=\"image\/jpeg\" \/>\n<meta name=\"author\" content=\"Edward Stratmann\" \/>\n<meta name=\"twitter:card\" content=\"summary_large_image\" \/>\n<meta name=\"twitter:creator\" content=\"@MonacoTribune\" \/>\n<meta name=\"twitter:site\" content=\"@MonacoTribune\" \/>\n<script type=\"application\/ld+json\" class=\"yoast-schema-graph\">{\"@context\":\"https:\\\/\\\/schema.org\",\"@graph\":[{\"@type\":\"NewsArticle\",\"@id\":\"https:\\\/\\\/www.monaco-tribune.com\\\/it\\\/2024\\\/08\\\/ligue-1-las-monaco-batte-las-saint-etienne-e-inizia-la-stagione-in-bellezza\\\/#article\",\"isPartOf\":{\"@id\":\"https:\\\/\\\/www.monaco-tribune.com\\\/it\\\/2024\\\/08\\\/ligue-1-las-monaco-batte-las-saint-etienne-e-inizia-la-stagione-in-bellezza\\\/\"},\"author\":{\"name\":\"Edward Stratmann\",\"@id\":\"https:\\\/\\\/www.monaco-tribune.com\\\/it\\\/#\\\/schema\\\/person\\\/a62f3291a12757084f4c9c1a7e2054a9\"},\"headline\":\"Ligue 1: l&#8217;AS Monaco batte l&#8217;AS Saint-\u00c9tienne e inizia la stagione in bellezza\",\"datePublished\":\"2024-08-20T06:03:20+00:00\",\"dateModified\":\"2024-08-20T06:03:28+00:00\",\"mainEntityOfPage\":{\"@id\":\"https:\\\/\\\/www.monaco-tribune.com\\\/it\\\/2024\\\/08\\\/ligue-1-las-monaco-batte-las-saint-etienne-e-inizia-la-stagione-in-bellezza\\\/\"},\"wordCount\":666,\"publisher\":{\"@id\":\"https:\\\/\\\/www.monaco-tribune.com\\\/it\\\/#organization\"},\"image\":{\"@id\":\"https:\\\/\\\/www.monaco-tribune.com\\\/it\\\/2024\\\/08\\\/ligue-1-las-monaco-batte-las-saint-etienne-e-inizia-la-stagione-in-bellezza\\\/#primaryimage\"},\"thumbnailUrl\":\"https:\\\/\\\/www.monaco-tribune.com\\\/wp-content\\\/uploads\\\/2024\\\/08\\\/asm-ligue-1.jpg\",\"keywords\":[\"AS Monaco\"],\"articleSection\":[\"La nostra scelta\",\"Notizie\",\"Sport\"],\"inLanguage\":\"it-IT\",\"copyrightYear\":\"2024\",\"copyrightHolder\":{\"@id\":\"https:\\\/\\\/www.monaco-tribune.com\\\/#organization\"}},{\"@type\":\"WebPage\",\"@id\":\"https:\\\/\\\/www.monaco-tribune.com\\\/it\\\/2024\\\/08\\\/ligue-1-las-monaco-batte-las-saint-etienne-e-inizia-la-stagione-in-bellezza\\\/\",\"url\":\"https:\\\/\\\/www.monaco-tribune.com\\\/it\\\/2024\\\/08\\\/ligue-1-las-monaco-batte-las-saint-etienne-e-inizia-la-stagione-in-bellezza\\\/\",\"name\":\"Ligue 1: l'AS Monaco batte l'AS Saint-\u00c9tienne e inizia la stagione in bellezza\",\"isPartOf\":{\"@id\":\"https:\\\/\\\/www.monaco-tribune.com\\\/it\\\/#website\"},\"primaryImageOfPage\":{\"@id\":\"https:\\\/\\\/www.monaco-tribune.com\\\/it\\\/2024\\\/08\\\/ligue-1-las-monaco-batte-las-saint-etienne-e-inizia-la-stagione-in-bellezza\\\/#primaryimage\"},\"image\":{\"@id\":\"https:\\\/\\\/www.monaco-tribune.com\\\/it\\\/2024\\\/08\\\/ligue-1-las-monaco-batte-las-saint-etienne-e-inizia-la-stagione-in-bellezza\\\/#primaryimage\"},\"thumbnailUrl\":\"https:\\\/\\\/www.monaco-tribune.com\\\/wp-content\\\/uploads\\\/2024\\\/08\\\/asm-ligue-1.jpg\",\"datePublished\":\"2024-08-20T06:03:20+00:00\",\"dateModified\":\"2024-08-20T06:03:28+00:00\",\"description\":\"L'AS Monaco ha iniziato la stagione del centenario in pompa magna con un 1-0 sull'AS Saint-\u00c9tienne. In uno Stadio Louis-II gremito di 14.250 spettatori, i\",\"breadcrumb\":{\"@id\":\"https:\\\/\\\/www.monaco-tribune.com\\\/it\\\/2024\\\/08\\\/ligue-1-las-monaco-batte-las-saint-etienne-e-inizia-la-stagione-in-bellezza\\\/#breadcrumb\"},\"inLanguage\":\"it-IT\",\"potentialAction\":[{\"@type\":\"ReadAction\",\"target\":[\"https:\\\/\\\/www.monaco-tribune.com\\\/it\\\/2024\\\/08\\\/ligue-1-las-monaco-batte-las-saint-etienne-e-inizia-la-stagione-in-bellezza\\\/\"]}]},{\"@type\":\"ImageObject\",\"inLanguage\":\"it-IT\",\"@id\":\"https:\\\/\\\/www.monaco-tribune.com\\\/it\\\/2024\\\/08\\\/ligue-1-las-monaco-batte-las-saint-etienne-e-inizia-la-stagione-in-bellezza\\\/#primaryimage\",\"url\":\"https:\\\/\\\/www.monaco-tribune.com\\\/wp-content\\\/uploads\\\/2024\\\/08\\\/asm-ligue-1.jpg\",\"contentUrl\":\"https:\\\/\\\/www.monaco-tribune.com\\\/wp-content\\\/uploads\\\/2024\\\/08\\\/asm-ligue-1.jpg\",\"width\":1160,\"height\":650,\"caption\":\"\u00a9 AS Monaco\"},{\"@type\":\"BreadcrumbList\",\"@id\":\"https:\\\/\\\/www.monaco-tribune.com\\\/it\\\/2024\\\/08\\\/ligue-1-las-monaco-batte-las-saint-etienne-e-inizia-la-stagione-in-bellezza\\\/#breadcrumb\",\"itemListElement\":[{\"@type\":\"ListItem\",\"position\":1,\"name\":\"Accueil\",\"item\":\"https:\\\/\\\/www.monaco-tribune.com\\\/it\\\/\"},{\"@type\":\"ListItem\",\"position\":2,\"name\":\"Ligue 1: l&#8217;AS Monaco batte l&#8217;AS Saint-\u00c9tienne e inizia la stagione in bellezza\"}]},{\"@type\":\"WebSite\",\"@id\":\"https:\\\/\\\/www.monaco-tribune.com\\\/it\\\/#website\",\"url\":\"https:\\\/\\\/www.monaco-tribune.com\\\/it\\\/\",\"name\":\"Monaco Tribune\",\"description\":\"Monaco : actualit\u00e9s \u00e9conomiques, politiques, culturelles et sportives de Monaco et de la French Riviera.\",\"publisher\":{\"@id\":\"https:\\\/\\\/www.monaco-tribune.com\\\/it\\\/#organization\"},\"potentialAction\":[{\"@type\":\"SearchAction\",\"target\":{\"@type\":\"EntryPoint\",\"urlTemplate\":\"https:\\\/\\\/www.monaco-tribune.com\\\/it\\\/?s={search_term_string}\"},\"query-input\":{\"@type\":\"PropertyValueSpecification\",\"valueRequired\":true,\"valueName\":\"search_term_string\"}}],\"inLanguage\":\"it-IT\"},{\"@type\":\"Organization\",\"@id\":\"https:\\\/\\\/www.monaco-tribune.com\\\/it\\\/#organization\",\"name\":\"Monaco Tribune\",\"url\":\"https:\\\/\\\/www.monaco-tribune.com\\\/it\\\/\",\"logo\":{\"@type\":\"ImageObject\",\"inLanguage\":\"it-IT\",\"@id\":\"https:\\\/\\\/www.monaco-tribune.com\\\/it\\\/#\\\/schema\\\/logo\\\/image\\\/\",\"url\":\"https:\\\/\\\/www.monaco-tribune.com\\\/wp-content\\\/uploads\\\/2022\\\/11\\\/logo-monaco-tribune.png\",\"contentUrl\":\"https:\\\/\\\/www.monaco-tribune.com\\\/wp-content\\\/uploads\\\/2022\\\/11\\\/logo-monaco-tribune.png\",\"width\":1548,\"height\":600,\"caption\":\"Monaco Tribune\"},\"image\":{\"@id\":\"https:\\\/\\\/www.monaco-tribune.com\\\/it\\\/#\\\/schema\\\/logo\\\/image\\\/\"},\"sameAs\":[\"https:\\\/\\\/www.facebook.com\\\/MonacoTribune\",\"https:\\\/\\\/x.com\\\/MonacoTribune\",\"https:\\\/\\\/www.instagram.com\\\/monacotribune\\\/\",\"https:\\\/\\\/www.linkedin.com\\\/company\\\/monaco-tribune\",\"https:\\\/\\\/www.youtube.com\\\/channel\\\/UCHle1MnG6hw1y4lWKijVbMA\"]},{\"@type\":\"Person\",\"@id\":\"https:\\\/\\\/www.monaco-tribune.com\\\/it\\\/#\\\/schema\\\/person\\\/a62f3291a12757084f4c9c1a7e2054a9\",\"name\":\"Edward Stratmann\",\"image\":{\"@type\":\"ImageObject\",\"inLanguage\":\"it-IT\",\"@id\":\"https:\\\/\\\/secure.gravatar.com\\\/avatar\\\/fed0463fc9124570b2804f2d3e39edabdb8b2dc066140fc68e1fde625e8c2d82?s=96&d=mm&r=g\",\"url\":\"https:\\\/\\\/secure.gravatar.com\\\/avatar\\\/fed0463fc9124570b2804f2d3e39edabdb8b2dc066140fc68e1fde625e8c2d82?s=96&d=mm&r=g\",\"contentUrl\":\"https:\\\/\\\/secure.gravatar.com\\\/avatar\\\/fed0463fc9124570b2804f2d3e39edabdb8b2dc066140fc68e1fde625e8c2d82?s=96&d=mm&r=g\",\"caption\":\"Edward Stratmann\"},\"sameAs\":[\"@adNL@min\"],\"url\":\"https:\\\/\\\/www.monaco-tribune.com\\\/it\\\/author\\\/edward-stratmann\\\/\"}]}<\/script>\n<!-- \/ Yoast SEO Premium plugin. -->","yoast_head_json":{"title":"Ligue 1: l'AS Monaco batte l'AS Saint-\u00c9tienne e inizia la stagione in bellezza","description":"L'AS Monaco ha iniziato la stagione del centenario in pompa magna con un 1-0 sull'AS Saint-\u00c9tienne. In uno Stadio Louis-II gremito di 14.250 spettatori, i","robots":{"index":"index","follow":"follow","max-snippet":"max-snippet:-1","max-image-preview":"max-image-preview:large","max-video-preview":"max-video-preview:-1"},"canonical":"https:\/\/www.monaco-tribune.com\/it\/2024\/08\/ligue-1-las-monaco-batte-las-saint-etienne-e-inizia-la-stagione-in-bellezza\/","og_locale":"it_IT","og_type":"article","og_title":"Ligue 1: l'AS Monaco batte l'AS Saint-\u00c9tienne e inizia la stagione in bellezza - Monaco Tribune","og_description":"L'AS Monaco ha iniziato la stagione del centenario in pompa magna con un 1-0 sull'AS Saint-\u00c9tienne. In uno Stadio Louis-II gremito di 14.250 spettatori, i","og_url":"https:\/\/www.monaco-tribune.com\/it\/2024\/08\/ligue-1-las-monaco-batte-las-saint-etienne-e-inizia-la-stagione-in-bellezza\/","og_site_name":"Monaco Tribune","article_publisher":"https:\/\/www.facebook.com\/MonacoTribune","article_published_time":"2024-08-20T06:03:20+00:00","article_modified_time":"2024-08-20T06:03:28+00:00","og_image":[{"width":1160,"height":650,"url":"https:\/\/www.monaco-tribune.com\/wp-content\/uploads\/2024\/08\/asm-ligue-1.jpg","type":"image\/jpeg"}],"author":"Edward Stratmann","twitter_card":"summary_large_image","twitter_creator":"@MonacoTribune","twitter_site":"@MonacoTribune","schema":{"@context":"https:\/\/schema.org","@graph":[{"@type":"NewsArticle","@id":"https:\/\/www.monaco-tribune.com\/it\/2024\/08\/ligue-1-las-monaco-batte-las-saint-etienne-e-inizia-la-stagione-in-bellezza\/#article","isPartOf":{"@id":"https:\/\/www.monaco-tribune.com\/it\/2024\/08\/ligue-1-las-monaco-batte-las-saint-etienne-e-inizia-la-stagione-in-bellezza\/"},"author":{"name":"Edward Stratmann","@id":"https:\/\/www.monaco-tribune.com\/it\/#\/schema\/person\/a62f3291a12757084f4c9c1a7e2054a9"},"headline":"Ligue 1: l&#8217;AS Monaco batte l&#8217;AS Saint-\u00c9tienne e inizia la stagione in bellezza","datePublished":"2024-08-20T06:03:20+00:00","dateModified":"2024-08-20T06:03:28+00:00","mainEntityOfPage":{"@id":"https:\/\/www.monaco-tribune.com\/it\/2024\/08\/ligue-1-las-monaco-batte-las-saint-etienne-e-inizia-la-stagione-in-bellezza\/"},"wordCount":666,"publisher":{"@id":"https:\/\/www.monaco-tribune.com\/it\/#organization"},"image":{"@id":"https:\/\/www.monaco-tribune.com\/it\/2024\/08\/ligue-1-las-monaco-batte-las-saint-etienne-e-inizia-la-stagione-in-bellezza\/#primaryimage"},"thumbnailUrl":"https:\/\/www.monaco-tribune.com\/wp-content\/uploads\/2024\/08\/asm-ligue-1.jpg","keywords":["AS Monaco"],"articleSection":["La nostra scelta","Notizie","Sport"],"inLanguage":"it-IT","copyrightYear":"2024","copyrightHolder":{"@id":"https:\/\/www.monaco-tribune.com\/#organization"}},{"@type":"WebPage","@id":"https:\/\/www.monaco-tribune.com\/it\/2024\/08\/ligue-1-las-monaco-batte-las-saint-etienne-e-inizia-la-stagione-in-bellezza\/","url":"https:\/\/www.monaco-tribune.com\/it\/2024\/08\/ligue-1-las-monaco-batte-las-saint-etienne-e-inizia-la-stagione-in-bellezza\/","name":"Ligue 1: l'AS Monaco batte l'AS Saint-\u00c9tienne e inizia la stagione in bellezza","isPartOf":{"@id":"https:\/\/www.monaco-tribune.com\/it\/#website"},"primaryImageOfPage":{"@id":"https:\/\/www.monaco-tribune.com\/it\/2024\/08\/ligue-1-las-monaco-batte-las-saint-etienne-e-inizia-la-stagione-in-bellezza\/#primaryimage"},"image":{"@id":"https:\/\/www.monaco-tribune.com\/it\/2024\/08\/ligue-1-las-monaco-batte-las-saint-etienne-e-inizia-la-stagione-in-bellezza\/#primaryimage"},"thumbnailUrl":"https:\/\/www.monaco-tribune.com\/wp-content\/uploads\/2024\/08\/asm-ligue-1.jpg","datePublished":"2024-08-20T06:03:20+00:00","dateModified":"2024-08-20T06:03:28+00:00","description":"L'AS Monaco ha iniziato la stagione del centenario in pompa magna con un 1-0 sull'AS Saint-\u00c9tienne. In uno Stadio Louis-II gremito di 14.250 spettatori, i","breadcrumb":{"@id":"https:\/\/www.monaco-tribune.com\/it\/2024\/08\/ligue-1-las-monaco-batte-las-saint-etienne-e-inizia-la-stagione-in-bellezza\/#breadcrumb"},"inLanguage":"it-IT","potentialAction":[{"@type":"ReadAction","target":["https:\/\/www.monaco-tribune.com\/it\/2024\/08\/ligue-1-las-monaco-batte-las-saint-etienne-e-inizia-la-stagione-in-bellezza\/"]}]},{"@type":"ImageObject","inLanguage":"it-IT","@id":"https:\/\/www.monaco-tribune.com\/it\/2024\/08\/ligue-1-las-monaco-batte-las-saint-etienne-e-inizia-la-stagione-in-bellezza\/#primaryimage","url":"https:\/\/www.monaco-tribune.com\/wp-content\/uploads\/2024\/08\/asm-ligue-1.jpg","contentUrl":"https:\/\/www.monaco-tribune.com\/wp-content\/uploads\/2024\/08\/asm-ligue-1.jpg","width":1160,"height":650,"caption":"\u00a9 AS Monaco"},{"@type":"BreadcrumbList","@id":"https:\/\/www.monaco-tribune.com\/it\/2024\/08\/ligue-1-las-monaco-batte-las-saint-etienne-e-inizia-la-stagione-in-bellezza\/#breadcrumb","itemListElement":[{"@type":"ListItem","position":1,"name":"Accueil","item":"https:\/\/www.monaco-tribune.com\/it\/"},{"@type":"ListItem","position":2,"name":"Ligue 1: l&#8217;AS Monaco batte l&#8217;AS Saint-\u00c9tienne e inizia la stagione in bellezza"}]},{"@type":"WebSite","@id":"https:\/\/www.monaco-tribune.com\/it\/#website","url":"https:\/\/www.monaco-tribune.com\/it\/","name":"Monaco Tribune","description":"Monaco : actualit\u00e9s \u00e9conomiques, politiques, culturelles et sportives de Monaco et de la French Riviera.","publisher":{"@id":"https:\/\/www.monaco-tribune.com\/it\/#organization"},"potentialAction":[{"@type":"SearchAction","target":{"@type":"EntryPoint","urlTemplate":"https:\/\/www.monaco-tribune.com\/it\/?s={search_term_string}"},"query-input":{"@type":"PropertyValueSpecification","valueRequired":true,"valueName":"search_term_string"}}],"inLanguage":"it-IT"},{"@type":"Organization","@id":"https:\/\/www.monaco-tribune.com\/it\/#organization","name":"Monaco Tribune","url":"https:\/\/www.monaco-tribune.com\/it\/","logo":{"@type":"ImageObject","inLanguage":"it-IT","@id":"https:\/\/www.monaco-tribune.com\/it\/#\/schema\/logo\/image\/","url":"https:\/\/www.monaco-tribune.com\/wp-content\/uploads\/2022\/11\/logo-monaco-tribune.png","contentUrl":"https:\/\/www.monaco-tribune.com\/wp-content\/uploads\/2022\/11\/logo-monaco-tribune.png","width":1548,"height":600,"caption":"Monaco Tribune"},"image":{"@id":"https:\/\/www.monaco-tribune.com\/it\/#\/schema\/logo\/image\/"},"sameAs":["https:\/\/www.facebook.com\/MonacoTribune","https:\/\/x.com\/MonacoTribune","https:\/\/www.instagram.com\/monacotribune\/","https:\/\/www.linkedin.com\/company\/monaco-tribune","https:\/\/www.youtube.com\/channel\/UCHle1MnG6hw1y4lWKijVbMA"]},{"@type":"Person","@id":"https:\/\/www.monaco-tribune.com\/it\/#\/schema\/person\/a62f3291a12757084f4c9c1a7e2054a9","name":"Edward Stratmann","image":{"@type":"ImageObject","inLanguage":"it-IT","@id":"https:\/\/secure.gravatar.com\/avatar\/fed0463fc9124570b2804f2d3e39edabdb8b2dc066140fc68e1fde625e8c2d82?s=96&d=mm&r=g","url":"https:\/\/secure.gravatar.com\/avatar\/fed0463fc9124570b2804f2d3e39edabdb8b2dc066140fc68e1fde625e8c2d82?s=96&d=mm&r=g","contentUrl":"https:\/\/secure.gravatar.com\/avatar\/fed0463fc9124570b2804f2d3e39edabdb8b2dc066140fc68e1fde625e8c2d82?s=96&d=mm&r=g","caption":"Edward Stratmann"},"sameAs":["@adNL@min"],"url":"https:\/\/www.monaco-tribune.com\/it\/author\/edward-stratmann\/"}]}},"_links":{"self":[{"href":"https:\/\/www.monaco-tribune.com\/it\/wp-json\/wp\/v2\/posts\/246834","targetHints":{"allow":["GET"]}}],"collection":[{"href":"https:\/\/www.monaco-tribune.com\/it\/wp-json\/wp\/v2\/posts"}],"about":[{"href":"https:\/\/www.monaco-tribune.com\/it\/wp-json\/wp\/v2\/types\/post"}],"author":[{"embeddable":true,"href":"https:\/\/www.monaco-tribune.com\/it\/wp-json\/wp\/v2\/users\/18"}],"replies":[{"embeddable":true,"href":"https:\/\/www.monaco-tribune.com\/it\/wp-json\/wp\/v2\/comments?post=246834"}],"version-history":[{"count":2,"href":"https:\/\/www.monaco-tribune.com\/it\/wp-json\/wp\/v2\/posts\/246834\/revisions"}],"predecessor-version":[{"id":246837,"href":"https:\/\/www.monaco-tribune.com\/it\/wp-json\/wp\/v2\/posts\/246834\/revisions\/246837"}],"wp:featuredmedia":[{"embeddable":true,"href":"https:\/\/www.monaco-tribune.com\/it\/wp-json\/wp\/v2\/media\/246668"}],"wp:attachment":[{"href":"https:\/\/www.monaco-tribune.com\/it\/wp-json\/wp\/v2\/media?parent=246834"}],"wp:term":[{"taxonomy":"category","embeddable":true,"href":"https:\/\/www.monaco-tribune.com\/it\/wp-json\/wp\/v2\/categories?post=246834"},{"taxonomy":"post_tag","embeddable":true,"href":"https:\/\/www.monaco-tribune.com\/it\/wp-json\/wp\/v2\/tags?post=246834"},{"taxonomy":"sectag","embeddable":true,"href":"https:\/\/www.monaco-tribune.com\/it\/wp-json\/wp\/v2\/post_sectags?post=246834"},{"taxonomy":"format","embeddable":true,"href":"https:\/\/www.monaco-tribune.com\/it\/wp-json\/wp\/v2\/post_format?post=246834"}],"curies":[{"name":"wp","href":"https:\/\/api.w.org\/{rel}","templated":true}]}}