{"id":246872,"date":"2024-08-20T12:51:52","date_gmt":"2024-08-20T10:51:52","guid":{"rendered":"https:\/\/www.monaco-tribune.com\/2024\/08\/nice-jazz-fest-2024-un-grande-classico-al-passo-coi-tempi\/"},"modified":"2024-08-20T12:51:58","modified_gmt":"2024-08-20T10:51:58","slug":"nice-jazz-fest-2024-un-grande-classico-al-passo-coi-tempi","status":"publish","type":"post","link":"https:\/\/www.monaco-tribune.com\/it\/2024\/08\/nice-jazz-fest-2024-un-grande-classico-al-passo-coi-tempi\/","title":{"rendered":"Nice Jazz Fest 2024: un grande classico al passo coi tempi"},"content":{"rendered":"\n<p><strong>Il festival, che compie 76 anni, torna di nuovo quest&#8217;estate. Scopriamo insieme il programma!<\/strong><\/p>\n\n<p>Il leggendario Nice Jazz Festival ha un nuovo nome: Nice Jazz Fest! Un piccolo cambiamento che dimostra la sua evoluzione. Altre novit\u00e0 saranno il Kid&#8217;s Club e il Comedy Club. Come negli anni precedenti, i puristi si danno appuntamento al Th\u00e9\u00e2tre de Verdure, mentre i fan degli artisti di tendenza saranno in Place Mass\u00e9na.<\/p>\n\n<p>Questa settimana, dal 20 al 23 agosto, gli amanti della musica e i curiosi si riuniranno per ascoltare le musiche di alcuni dei pi\u00f9 grandi artisti.<\/p>\n\n<h2 class=\"wp-block-heading\" id=\"h-un-line-up-qui-fait-swinguer\">Un programma interessante<\/h2>\n\n<p>L&#8217;edizione 2024 \u00e8 stata pensata per soddisfare tutti i gusti. Dalle leggende del genere ai talenti emergenti e agli artisti pi\u00f9 all&#8217;avanguardia, il programma \u00e8 ricco ed eclettico.<\/p>\n\n<p>Nas, personaggio emblematico del rap e figlio di un musicista jazz, celebrer\u00e0 il 30\u00b0 anniversario del suo primo album, mentre Jungle, con il suo mix di funk e disco, infiammer\u00e0 il palco. I fan del jazz pi\u00f9 tradizionale non saranno tagliati fuori, con le esibizioni di Monty Alexander e Alfredo Rodriguez.<\/p>\n\n<h2 class=\"wp-block-heading\" id=\"h-une-ambiance-festive-et-drole\">Un&#8217;atmosfera di festa<\/h2>\n\n<p>Oltre ai concerti, il festival promette di regalare momenti di divertimento. Ci sar\u00e0 per esempio anche un villaggio dove si potranno gustare le specialit\u00e0 locali.<\/p>\n\n<p>\u00c8 stato annunciato anche un Kid&#8217;s Club, che offrir\u00e0 ai bambini dai 4 ai 10 anni una divertente introduzione alla musica mentre i genitori si godono i concerti.<\/p>\n\n<p class=\"related\"><a href=\"https:\/\/www.monaco-tribune.com\/it\/2024\/08\/lestate-a-port-hercule-torna-con-le-sue-giostre-e-attrazioni\/\">\u201cL\u2019estate a Port Hercule\u201d torna con le sue giostre e attrazioni<\/a><\/p>\n\n<p>Nel villaggio ci sar\u00e0 anche un comedy club, dove potrete farvi due risate tra un concerto e l&#8217;altro ed entrare nel mood del festival.<\/p>\n\n<p>Senza dimenticare i vari eventi che si svolgono in tutta la citt\u00e0, che potete trovare sul <a href=\"https:\/\/www.nicejazzfest.fr\/fr\/njf-friends\">sito web del NJF<\/a>.<\/p>\n\n<h2 class=\"wp-block-heading\" id=\"h-dans-le-detail\">Maggiori dettagli:<\/h2>\n\n<p>Se siete curiosi, ecco una panoramica del programma dettagliato del Nice Jazz Fest 2024:<\/p>\n\n<ul class=\"wp-block-list\">\n<li><strong>Marted\u00ec 20 agosto<\/strong>: Wasia Project, Dabeull Live Band, Nas, Louis Matute, Thee Sacred Souls, Isaiah Collier &amp; The Chosen Few.<\/li>\n\n\n\n<li><strong>Mercoled\u00ec 21 agosto:<\/strong> Jordan Rakei, Omah Lay, Jungle, Stella Cole, Alfredo Rodriguez, Kenny Garrett.<\/li>\n\n\n\n<li><strong>Gioved\u00ec 22 agosto:<\/strong> Julien Granel, Sampha, Phoenix, Arnaud Dolmen &amp; Le Vitygroove, Theo Croker, Monty Alexander.<\/li>\n\n\n\n<li><strong>Venerd\u00ec 23 agosto:<\/strong> Rejjie Snow, MEUTE, Yam\u00ea, Kareen Guiock Thuram, L\u00e9on Phal, Jon Cleary and The Absolute Monster Gentlemen<\/li>\n<\/ul>\n","protected":false},"excerpt":{"rendered":"<p>Il festival, che compie 76 anni, torna di nuovo quest&#8217;estate. Scopriamo insieme il programma! Il leggendario Nice Jazz Festival ha [&hellip;]<\/p>\n","protected":false},"author":66,"featured_media":246698,"comment_status":"closed","ping_status":"closed","sticky":false,"template":"","format":"standard","meta":{"_acf_changed":false,"footnotes":""},"categories":[1740,1738],"tags":[2890],"post_sectags":[3861],"post_format":[2478],"class_list":["post-246872","post","type-post","status-publish","format-standard","has-post-thumbnail","hentry","category-cosa-fare","category-notizie","tag-eventi","sectag-musica","format-notizia"],"acf":[],"yoast_head":"<!-- This site is optimized with the Yoast SEO Premium plugin v26.8 (Yoast SEO v27.4) - https:\/\/yoast.com\/product\/yoast-seo-premium-wordpress\/ -->\n<title>Nice Jazz Fest 2024: un grande classico al passo coi tempi<\/title>\n<meta name=\"description\" content=\"Il festival, che compie 76 anni, torna di nuovo quest&#039;estate. Scopriamo insieme il programma! Il leggendario Nice Jazz Festival ha un nuovo nome: Nice\" \/>\n<meta name=\"robots\" content=\"index, follow, max-snippet:-1, max-image-preview:large, max-video-preview:-1\" \/>\n<link rel=\"canonical\" href=\"https:\/\/www.monaco-tribune.com\/it\/2024\/08\/nice-jazz-fest-2024-un-grande-classico-al-passo-coi-tempi\/\" \/>\n<meta property=\"og:locale\" content=\"it_IT\" \/>\n<meta property=\"og:type\" content=\"article\" \/>\n<meta property=\"og:title\" content=\"Nice Jazz Fest 2024: un grande classico al passo coi tempi - Monaco Tribune\" \/>\n<meta property=\"og:description\" content=\"Il festival, che compie 76 anni, torna di nuovo quest&#039;estate. Scopriamo insieme il programma! Il leggendario Nice Jazz Festival ha un nuovo nome: Nice\" \/>\n<meta property=\"og:url\" content=\"https:\/\/www.monaco-tribune.com\/it\/2024\/08\/nice-jazz-fest-2024-un-grande-classico-al-passo-coi-tempi\/\" \/>\n<meta property=\"og:site_name\" content=\"Monaco Tribune\" \/>\n<meta property=\"article:publisher\" content=\"https:\/\/www.facebook.com\/MonacoTribune\" \/>\n<meta property=\"article:published_time\" content=\"2024-08-20T10:51:52+00:00\" \/>\n<meta property=\"article:modified_time\" content=\"2024-08-20T10:51:58+00:00\" \/>\n<meta property=\"og:image\" content=\"https:\/\/www.monaco-tribune.com\/wp-content\/uploads\/2024\/08\/gogo-penguin-everything-is-going-to-be-ok.jpg\" \/>\n\t<meta property=\"og:image:width\" content=\"1200\" \/>\n\t<meta property=\"og:image:height\" content=\"800\" \/>\n\t<meta property=\"og:image:type\" content=\"image\/jpeg\" \/>\n<meta name=\"author\" content=\"Th\u00e9o Briand\" \/>\n<meta name=\"twitter:card\" content=\"summary_large_image\" \/>\n<meta name=\"twitter:creator\" content=\"@MonacoTribune\" \/>\n<meta name=\"twitter:site\" content=\"@MonacoTribune\" \/>\n<script type=\"application\/ld+json\" class=\"yoast-schema-graph\">{\"@context\":\"https:\\\/\\\/schema.org\",\"@graph\":[{\"@type\":\"NewsArticle\",\"@id\":\"https:\\\/\\\/www.monaco-tribune.com\\\/it\\\/2024\\\/08\\\/nice-jazz-fest-2024-un-grande-classico-al-passo-coi-tempi\\\/#article\",\"isPartOf\":{\"@id\":\"https:\\\/\\\/www.monaco-tribune.com\\\/it\\\/2024\\\/08\\\/nice-jazz-fest-2024-un-grande-classico-al-passo-coi-tempi\\\/\"},\"author\":{\"name\":\"Th\u00e9o Briand\",\"@id\":\"https:\\\/\\\/www.monaco-tribune.com\\\/it\\\/#\\\/schema\\\/person\\\/94fb5723547bd83dea1eed97e25145aa\"},\"headline\":\"Nice Jazz Fest 2024: un grande classico al passo coi tempi\",\"datePublished\":\"2024-08-20T10:51:52+00:00\",\"dateModified\":\"2024-08-20T10:51:58+00:00\",\"mainEntityOfPage\":{\"@id\":\"https:\\\/\\\/www.monaco-tribune.com\\\/it\\\/2024\\\/08\\\/nice-jazz-fest-2024-un-grande-classico-al-passo-coi-tempi\\\/\"},\"wordCount\":378,\"publisher\":{\"@id\":\"https:\\\/\\\/www.monaco-tribune.com\\\/it\\\/#organization\"},\"image\":{\"@id\":\"https:\\\/\\\/www.monaco-tribune.com\\\/it\\\/2024\\\/08\\\/nice-jazz-fest-2024-un-grande-classico-al-passo-coi-tempi\\\/#primaryimage\"},\"thumbnailUrl\":\"https:\\\/\\\/www.monaco-tribune.com\\\/wp-content\\\/uploads\\\/2024\\\/08\\\/gogo-penguin-everything-is-going-to-be-ok.jpg\",\"keywords\":[\"Eventi\"],\"articleSection\":[\"Cosa fare\",\"Notizie\"],\"inLanguage\":\"it-IT\",\"copyrightYear\":\"2024\",\"copyrightHolder\":{\"@id\":\"https:\\\/\\\/www.monaco-tribune.com\\\/#organization\"}},{\"@type\":\"WebPage\",\"@id\":\"https:\\\/\\\/www.monaco-tribune.com\\\/it\\\/2024\\\/08\\\/nice-jazz-fest-2024-un-grande-classico-al-passo-coi-tempi\\\/\",\"url\":\"https:\\\/\\\/www.monaco-tribune.com\\\/it\\\/2024\\\/08\\\/nice-jazz-fest-2024-un-grande-classico-al-passo-coi-tempi\\\/\",\"name\":\"Nice Jazz Fest 2024: un grande classico al passo coi tempi\",\"isPartOf\":{\"@id\":\"https:\\\/\\\/www.monaco-tribune.com\\\/it\\\/#website\"},\"primaryImageOfPage\":{\"@id\":\"https:\\\/\\\/www.monaco-tribune.com\\\/it\\\/2024\\\/08\\\/nice-jazz-fest-2024-un-grande-classico-al-passo-coi-tempi\\\/#primaryimage\"},\"image\":{\"@id\":\"https:\\\/\\\/www.monaco-tribune.com\\\/it\\\/2024\\\/08\\\/nice-jazz-fest-2024-un-grande-classico-al-passo-coi-tempi\\\/#primaryimage\"},\"thumbnailUrl\":\"https:\\\/\\\/www.monaco-tribune.com\\\/wp-content\\\/uploads\\\/2024\\\/08\\\/gogo-penguin-everything-is-going-to-be-ok.jpg\",\"datePublished\":\"2024-08-20T10:51:52+00:00\",\"dateModified\":\"2024-08-20T10:51:58+00:00\",\"description\":\"Il festival, che compie 76 anni, torna di nuovo quest'estate. Scopriamo insieme il programma! Il leggendario Nice Jazz Festival ha un nuovo nome: Nice\",\"breadcrumb\":{\"@id\":\"https:\\\/\\\/www.monaco-tribune.com\\\/it\\\/2024\\\/08\\\/nice-jazz-fest-2024-un-grande-classico-al-passo-coi-tempi\\\/#breadcrumb\"},\"inLanguage\":\"it-IT\",\"potentialAction\":[{\"@type\":\"ReadAction\",\"target\":[\"https:\\\/\\\/www.monaco-tribune.com\\\/it\\\/2024\\\/08\\\/nice-jazz-fest-2024-un-grande-classico-al-passo-coi-tempi\\\/\"]}]},{\"@type\":\"ImageObject\",\"inLanguage\":\"it-IT\",\"@id\":\"https:\\\/\\\/www.monaco-tribune.com\\\/it\\\/2024\\\/08\\\/nice-jazz-fest-2024-un-grande-classico-al-passo-coi-tempi\\\/#primaryimage\",\"url\":\"https:\\\/\\\/www.monaco-tribune.com\\\/wp-content\\\/uploads\\\/2024\\\/08\\\/gogo-penguin-everything-is-going-to-be-ok.jpg\",\"contentUrl\":\"https:\\\/\\\/www.monaco-tribune.com\\\/wp-content\\\/uploads\\\/2024\\\/08\\\/gogo-penguin-everything-is-going-to-be-ok.jpg\",\"width\":1200,\"height\":800,\"caption\":\"Il gruppo GoGo Penguin \u00e8 stato uno dei protagonisti dell'edizione 2023 \u00a9 David Nouy \\\/ Ville de Nice\"},{\"@type\":\"BreadcrumbList\",\"@id\":\"https:\\\/\\\/www.monaco-tribune.com\\\/it\\\/2024\\\/08\\\/nice-jazz-fest-2024-un-grande-classico-al-passo-coi-tempi\\\/#breadcrumb\",\"itemListElement\":[{\"@type\":\"ListItem\",\"position\":1,\"name\":\"Accueil\",\"item\":\"https:\\\/\\\/www.monaco-tribune.com\\\/it\\\/\"},{\"@type\":\"ListItem\",\"position\":2,\"name\":\"Nice Jazz Fest 2024: un grande classico al passo coi tempi\"}]},{\"@type\":\"WebSite\",\"@id\":\"https:\\\/\\\/www.monaco-tribune.com\\\/it\\\/#website\",\"url\":\"https:\\\/\\\/www.monaco-tribune.com\\\/it\\\/\",\"name\":\"Monaco Tribune\",\"description\":\"Monaco : actualit\u00e9s \u00e9conomiques, politiques, culturelles et sportives de Monaco et de la French Riviera.\",\"publisher\":{\"@id\":\"https:\\\/\\\/www.monaco-tribune.com\\\/it\\\/#organization\"},\"potentialAction\":[{\"@type\":\"SearchAction\",\"target\":{\"@type\":\"EntryPoint\",\"urlTemplate\":\"https:\\\/\\\/www.monaco-tribune.com\\\/it\\\/?s={search_term_string}\"},\"query-input\":{\"@type\":\"PropertyValueSpecification\",\"valueRequired\":true,\"valueName\":\"search_term_string\"}}],\"inLanguage\":\"it-IT\"},{\"@type\":\"Organization\",\"@id\":\"https:\\\/\\\/www.monaco-tribune.com\\\/it\\\/#organization\",\"name\":\"Monaco Tribune\",\"url\":\"https:\\\/\\\/www.monaco-tribune.com\\\/it\\\/\",\"logo\":{\"@type\":\"ImageObject\",\"inLanguage\":\"it-IT\",\"@id\":\"https:\\\/\\\/www.monaco-tribune.com\\\/it\\\/#\\\/schema\\\/logo\\\/image\\\/\",\"url\":\"https:\\\/\\\/www.monaco-tribune.com\\\/wp-content\\\/uploads\\\/2022\\\/11\\\/logo-monaco-tribune.png\",\"contentUrl\":\"https:\\\/\\\/www.monaco-tribune.com\\\/wp-content\\\/uploads\\\/2022\\\/11\\\/logo-monaco-tribune.png\",\"width\":1548,\"height\":600,\"caption\":\"Monaco Tribune\"},\"image\":{\"@id\":\"https:\\\/\\\/www.monaco-tribune.com\\\/it\\\/#\\\/schema\\\/logo\\\/image\\\/\"},\"sameAs\":[\"https:\\\/\\\/www.facebook.com\\\/MonacoTribune\",\"https:\\\/\\\/x.com\\\/MonacoTribune\",\"https:\\\/\\\/www.instagram.com\\\/monacotribune\\\/\",\"https:\\\/\\\/www.linkedin.com\\\/company\\\/monaco-tribune\",\"https:\\\/\\\/www.youtube.com\\\/channel\\\/UCHle1MnG6hw1y4lWKijVbMA\"]},{\"@type\":\"Person\",\"@id\":\"https:\\\/\\\/www.monaco-tribune.com\\\/it\\\/#\\\/schema\\\/person\\\/94fb5723547bd83dea1eed97e25145aa\",\"name\":\"Th\u00e9o Briand\",\"image\":{\"@type\":\"ImageObject\",\"inLanguage\":\"it-IT\",\"@id\":\"https:\\\/\\\/secure.gravatar.com\\\/avatar\\\/1c02cfd8b8054d8c376f9a942a1dc4dbacfd8ba5e6f8dbb5e16f4aa3d281972a?s=96&d=mm&r=g\",\"url\":\"https:\\\/\\\/secure.gravatar.com\\\/avatar\\\/1c02cfd8b8054d8c376f9a942a1dc4dbacfd8ba5e6f8dbb5e16f4aa3d281972a?s=96&d=mm&r=g\",\"contentUrl\":\"https:\\\/\\\/secure.gravatar.com\\\/avatar\\\/1c02cfd8b8054d8c376f9a942a1dc4dbacfd8ba5e6f8dbb5e16f4aa3d281972a?s=96&d=mm&r=g\",\"caption\":\"Th\u00e9o Briand\"},\"url\":\"https:\\\/\\\/www.monaco-tribune.com\\\/it\\\/author\\\/theobriand\\\/\"}]}<\/script>\n<!-- \/ Yoast SEO Premium plugin. -->","yoast_head_json":{"title":"Nice Jazz Fest 2024: un grande classico al passo coi tempi","description":"Il festival, che compie 76 anni, torna di nuovo quest'estate. Scopriamo insieme il programma! Il leggendario Nice Jazz Festival ha un nuovo nome: Nice","robots":{"index":"index","follow":"follow","max-snippet":"max-snippet:-1","max-image-preview":"max-image-preview:large","max-video-preview":"max-video-preview:-1"},"canonical":"https:\/\/www.monaco-tribune.com\/it\/2024\/08\/nice-jazz-fest-2024-un-grande-classico-al-passo-coi-tempi\/","og_locale":"it_IT","og_type":"article","og_title":"Nice Jazz Fest 2024: un grande classico al passo coi tempi - Monaco Tribune","og_description":"Il festival, che compie 76 anni, torna di nuovo quest'estate. Scopriamo insieme il programma! Il leggendario Nice Jazz Festival ha un nuovo nome: Nice","og_url":"https:\/\/www.monaco-tribune.com\/it\/2024\/08\/nice-jazz-fest-2024-un-grande-classico-al-passo-coi-tempi\/","og_site_name":"Monaco Tribune","article_publisher":"https:\/\/www.facebook.com\/MonacoTribune","article_published_time":"2024-08-20T10:51:52+00:00","article_modified_time":"2024-08-20T10:51:58+00:00","og_image":[{"width":1200,"height":800,"url":"https:\/\/www.monaco-tribune.com\/wp-content\/uploads\/2024\/08\/gogo-penguin-everything-is-going-to-be-ok.jpg","type":"image\/jpeg"}],"author":"Th\u00e9o Briand","twitter_card":"summary_large_image","twitter_creator":"@MonacoTribune","twitter_site":"@MonacoTribune","schema":{"@context":"https:\/\/schema.org","@graph":[{"@type":"NewsArticle","@id":"https:\/\/www.monaco-tribune.com\/it\/2024\/08\/nice-jazz-fest-2024-un-grande-classico-al-passo-coi-tempi\/#article","isPartOf":{"@id":"https:\/\/www.monaco-tribune.com\/it\/2024\/08\/nice-jazz-fest-2024-un-grande-classico-al-passo-coi-tempi\/"},"author":{"name":"Th\u00e9o Briand","@id":"https:\/\/www.monaco-tribune.com\/it\/#\/schema\/person\/94fb5723547bd83dea1eed97e25145aa"},"headline":"Nice Jazz Fest 2024: un grande classico al passo coi tempi","datePublished":"2024-08-20T10:51:52+00:00","dateModified":"2024-08-20T10:51:58+00:00","mainEntityOfPage":{"@id":"https:\/\/www.monaco-tribune.com\/it\/2024\/08\/nice-jazz-fest-2024-un-grande-classico-al-passo-coi-tempi\/"},"wordCount":378,"publisher":{"@id":"https:\/\/www.monaco-tribune.com\/it\/#organization"},"image":{"@id":"https:\/\/www.monaco-tribune.com\/it\/2024\/08\/nice-jazz-fest-2024-un-grande-classico-al-passo-coi-tempi\/#primaryimage"},"thumbnailUrl":"https:\/\/www.monaco-tribune.com\/wp-content\/uploads\/2024\/08\/gogo-penguin-everything-is-going-to-be-ok.jpg","keywords":["Eventi"],"articleSection":["Cosa fare","Notizie"],"inLanguage":"it-IT","copyrightYear":"2024","copyrightHolder":{"@id":"https:\/\/www.monaco-tribune.com\/#organization"}},{"@type":"WebPage","@id":"https:\/\/www.monaco-tribune.com\/it\/2024\/08\/nice-jazz-fest-2024-un-grande-classico-al-passo-coi-tempi\/","url":"https:\/\/www.monaco-tribune.com\/it\/2024\/08\/nice-jazz-fest-2024-un-grande-classico-al-passo-coi-tempi\/","name":"Nice Jazz Fest 2024: un grande classico al passo coi tempi","isPartOf":{"@id":"https:\/\/www.monaco-tribune.com\/it\/#website"},"primaryImageOfPage":{"@id":"https:\/\/www.monaco-tribune.com\/it\/2024\/08\/nice-jazz-fest-2024-un-grande-classico-al-passo-coi-tempi\/#primaryimage"},"image":{"@id":"https:\/\/www.monaco-tribune.com\/it\/2024\/08\/nice-jazz-fest-2024-un-grande-classico-al-passo-coi-tempi\/#primaryimage"},"thumbnailUrl":"https:\/\/www.monaco-tribune.com\/wp-content\/uploads\/2024\/08\/gogo-penguin-everything-is-going-to-be-ok.jpg","datePublished":"2024-08-20T10:51:52+00:00","dateModified":"2024-08-20T10:51:58+00:00","description":"Il festival, che compie 76 anni, torna di nuovo quest'estate. Scopriamo insieme il programma! Il leggendario Nice Jazz Festival ha un nuovo nome: Nice","breadcrumb":{"@id":"https:\/\/www.monaco-tribune.com\/it\/2024\/08\/nice-jazz-fest-2024-un-grande-classico-al-passo-coi-tempi\/#breadcrumb"},"inLanguage":"it-IT","potentialAction":[{"@type":"ReadAction","target":["https:\/\/www.monaco-tribune.com\/it\/2024\/08\/nice-jazz-fest-2024-un-grande-classico-al-passo-coi-tempi\/"]}]},{"@type":"ImageObject","inLanguage":"it-IT","@id":"https:\/\/www.monaco-tribune.com\/it\/2024\/08\/nice-jazz-fest-2024-un-grande-classico-al-passo-coi-tempi\/#primaryimage","url":"https:\/\/www.monaco-tribune.com\/wp-content\/uploads\/2024\/08\/gogo-penguin-everything-is-going-to-be-ok.jpg","contentUrl":"https:\/\/www.monaco-tribune.com\/wp-content\/uploads\/2024\/08\/gogo-penguin-everything-is-going-to-be-ok.jpg","width":1200,"height":800,"caption":"Il gruppo GoGo Penguin \u00e8 stato uno dei protagonisti dell'edizione 2023 \u00a9 David Nouy \/ Ville de Nice"},{"@type":"BreadcrumbList","@id":"https:\/\/www.monaco-tribune.com\/it\/2024\/08\/nice-jazz-fest-2024-un-grande-classico-al-passo-coi-tempi\/#breadcrumb","itemListElement":[{"@type":"ListItem","position":1,"name":"Accueil","item":"https:\/\/www.monaco-tribune.com\/it\/"},{"@type":"ListItem","position":2,"name":"Nice Jazz Fest 2024: un grande classico al passo coi tempi"}]},{"@type":"WebSite","@id":"https:\/\/www.monaco-tribune.com\/it\/#website","url":"https:\/\/www.monaco-tribune.com\/it\/","name":"Monaco Tribune","description":"Monaco : actualit\u00e9s \u00e9conomiques, politiques, culturelles et sportives de Monaco et de la French Riviera.","publisher":{"@id":"https:\/\/www.monaco-tribune.com\/it\/#organization"},"potentialAction":[{"@type":"SearchAction","target":{"@type":"EntryPoint","urlTemplate":"https:\/\/www.monaco-tribune.com\/it\/?s={search_term_string}"},"query-input":{"@type":"PropertyValueSpecification","valueRequired":true,"valueName":"search_term_string"}}],"inLanguage":"it-IT"},{"@type":"Organization","@id":"https:\/\/www.monaco-tribune.com\/it\/#organization","name":"Monaco Tribune","url":"https:\/\/www.monaco-tribune.com\/it\/","logo":{"@type":"ImageObject","inLanguage":"it-IT","@id":"https:\/\/www.monaco-tribune.com\/it\/#\/schema\/logo\/image\/","url":"https:\/\/www.monaco-tribune.com\/wp-content\/uploads\/2022\/11\/logo-monaco-tribune.png","contentUrl":"https:\/\/www.monaco-tribune.com\/wp-content\/uploads\/2022\/11\/logo-monaco-tribune.png","width":1548,"height":600,"caption":"Monaco Tribune"},"image":{"@id":"https:\/\/www.monaco-tribune.com\/it\/#\/schema\/logo\/image\/"},"sameAs":["https:\/\/www.facebook.com\/MonacoTribune","https:\/\/x.com\/MonacoTribune","https:\/\/www.instagram.com\/monacotribune\/","https:\/\/www.linkedin.com\/company\/monaco-tribune","https:\/\/www.youtube.com\/channel\/UCHle1MnG6hw1y4lWKijVbMA"]},{"@type":"Person","@id":"https:\/\/www.monaco-tribune.com\/it\/#\/schema\/person\/94fb5723547bd83dea1eed97e25145aa","name":"Th\u00e9o Briand","image":{"@type":"ImageObject","inLanguage":"it-IT","@id":"https:\/\/secure.gravatar.com\/avatar\/1c02cfd8b8054d8c376f9a942a1dc4dbacfd8ba5e6f8dbb5e16f4aa3d281972a?s=96&d=mm&r=g","url":"https:\/\/secure.gravatar.com\/avatar\/1c02cfd8b8054d8c376f9a942a1dc4dbacfd8ba5e6f8dbb5e16f4aa3d281972a?s=96&d=mm&r=g","contentUrl":"https:\/\/secure.gravatar.com\/avatar\/1c02cfd8b8054d8c376f9a942a1dc4dbacfd8ba5e6f8dbb5e16f4aa3d281972a?s=96&d=mm&r=g","caption":"Th\u00e9o Briand"},"url":"https:\/\/www.monaco-tribune.com\/it\/author\/theobriand\/"}]}},"_links":{"self":[{"href":"https:\/\/www.monaco-tribune.com\/it\/wp-json\/wp\/v2\/posts\/246872","targetHints":{"allow":["GET"]}}],"collection":[{"href":"https:\/\/www.monaco-tribune.com\/it\/wp-json\/wp\/v2\/posts"}],"about":[{"href":"https:\/\/www.monaco-tribune.com\/it\/wp-json\/wp\/v2\/types\/post"}],"author":[{"embeddable":true,"href":"https:\/\/www.monaco-tribune.com\/it\/wp-json\/wp\/v2\/users\/66"}],"replies":[{"embeddable":true,"href":"https:\/\/www.monaco-tribune.com\/it\/wp-json\/wp\/v2\/comments?post=246872"}],"version-history":[{"count":2,"href":"https:\/\/www.monaco-tribune.com\/it\/wp-json\/wp\/v2\/posts\/246872\/revisions"}],"predecessor-version":[{"id":246875,"href":"https:\/\/www.monaco-tribune.com\/it\/wp-json\/wp\/v2\/posts\/246872\/revisions\/246875"}],"wp:featuredmedia":[{"embeddable":true,"href":"https:\/\/www.monaco-tribune.com\/it\/wp-json\/wp\/v2\/media\/246698"}],"wp:attachment":[{"href":"https:\/\/www.monaco-tribune.com\/it\/wp-json\/wp\/v2\/media?parent=246872"}],"wp:term":[{"taxonomy":"category","embeddable":true,"href":"https:\/\/www.monaco-tribune.com\/it\/wp-json\/wp\/v2\/categories?post=246872"},{"taxonomy":"post_tag","embeddable":true,"href":"https:\/\/www.monaco-tribune.com\/it\/wp-json\/wp\/v2\/tags?post=246872"},{"taxonomy":"sectag","embeddable":true,"href":"https:\/\/www.monaco-tribune.com\/it\/wp-json\/wp\/v2\/post_sectags?post=246872"},{"taxonomy":"format","embeddable":true,"href":"https:\/\/www.monaco-tribune.com\/it\/wp-json\/wp\/v2\/post_format?post=246872"}],"curies":[{"name":"wp","href":"https:\/\/api.w.org\/{rel}","templated":true}]}}