{"id":246931,"date":"2024-08-20T17:07:02","date_gmt":"2024-08-20T15:07:02","guid":{"rendered":"https:\/\/www.monaco-tribune.com\/2024\/08\/la-principessa-carolina-in-villeggiatura-allo-chateau-de-marchais-un-patrimonio-di-famiglia-nel-cuore-della-regione-dellaisne\/"},"modified":"2024-08-20T17:07:09","modified_gmt":"2024-08-20T15:07:09","slug":"la-principessa-carolina-in-villeggiatura-allo-chateau-de-marchais-un-patrimonio-di-famiglia-nel-cuore-della-regione-dellaisne","status":"publish","type":"post","link":"https:\/\/www.monaco-tribune.com\/it\/2024\/08\/la-principessa-carolina-in-villeggiatura-allo-chateau-de-marchais-un-patrimonio-di-famiglia-nel-cuore-della-regione-dellaisne\/","title":{"rendered":"La Principessa Carolina in villeggiatura allo Ch\u00e2teau de Marchais: un patrimonio di famiglia nel cuore della regione dell&#8217;Aisne"},"content":{"rendered":"\n<p><strong>La famiglia principesca frequenta il castello dalla fine del XIX secolo.<\/strong><\/p>\n\n<p>A met\u00e0 agosto 2024, la Principessa di Hannover ha scelto lo Ch\u00e2teau de Marchais per le sue vacanze in campagna. Situata nel tranquillo comune di Marchais, nella regione dell&#8217;Aisne, nel nord della Francia, questa tenuta di 1.500 ettari, di propriet\u00e0 dei Grimaldi da 170 anni, \u00e8 un luogo di rifugio e ristoro per la Famiglia Principesca.<\/p>\n\n<p>La Principessa \u00e8 atterrata all&#8217;aeroporto di Laon il 15 agosto e si \u00e8 poi diretta verso il castello della cittadina, dichiarata Sito Storico Grimaldi, che conta 400 abitanti.<\/p>\n\n<h4 class=\"wp-block-heading\" id=\"h-un-heritage-seculaire\"><strong>Un patrimonio secolare<\/strong><\/h4>\n\n<p>Lo Ch\u00e2teau de Marchais ha una storia antichissima che risale al 1535. Costruito sulle rovine di un precedente edificio da Nicolas de Boussu, sovrintendente alle finanze reali sotto Francesco I, questo sito storico \u00e8 ricco di leggende: secondo alcune tradizioni locali avrebbe ospitato Berta dal Gran Pi\u00e8, la madre di Carlo Magno.<\/p>\n\n<p>Solo nel 1854 entr\u00f2 a far parte del patrimonio della famiglia Grimaldi, grazie alla contessa Antoinette de M\u00e9rode, moglie del Principe Carlo III di Monaco, che cercava una propriet\u00e0 tra Parigi e il suo paese natale, il Belgio. Da allora, la tenuta ha visto passare diverse generazioni di visitatori, dalla scoperta della natura del Principe Alberto I alle vacanze in famiglia del Principe Ranieri III con i suoi figli.<\/p>\n<div class=\"wp-block-image\">\n<figure class=\"aligncenter size-large\"><img loading=\"lazy\" decoding=\"async\" width=\"1024\" height=\"585\" src=\"https:\/\/www.monaco-tribune.com\/wp-content\/uploads\/2024\/08\/le_chateau_de_marchais_19eme-1024x585.jpg\" alt=\"Le_chateau_de_marchais_19&#xE8;me\" class=\"wp-image-246850\" srcset=\"https:\/\/www.monaco-tribune.com\/wp-content\/uploads\/2024\/08\/le_chateau_de_marchais_19eme-1024x585.jpg 1024w, https:\/\/www.monaco-tribune.com\/wp-content\/uploads\/2024\/08\/le_chateau_de_marchais_19eme-525x300.jpg 525w, https:\/\/www.monaco-tribune.com\/wp-content\/uploads\/2024\/08\/le_chateau_de_marchais_19eme.jpg 1124w\" sizes=\"auto, (max-width: 1024px) 100vw, 1024px\" \/><figcaption class=\"wp-element-caption\"><em>Lo Ch\u00e2teau de Marchais alla fine del XIX secolo \u00a9 Wikimedia<\/em><\/figcaption><\/figure>\n<\/div>\n<h4 class=\"wp-block-heading\" id=\"h-le-chateau-de-marchais-sous-les-grimaldi\"><strong>Lo Ch\u00e2teau de Marchais sotto i Grimaldi<\/strong><\/h4>\n\n<p>Lo Ch\u00e2teau de Marchais non fu solo una residenza secondaria per la famiglia Grimaldi, ma gioc\u00f2 anche un ruolo chiave nelle prime esplorazioni scientifiche del Principe Alberto I.<\/p>\n\n<p>Il Principe, che eredit\u00f2 la tenuta alla morte della madre, condusse i suoi primi esperimenti con la natura in questa magnifica propriet\u00e0 di 1.500 ettari. E fu proprio a Marchais che il Principe spos\u00f2 in prime nozze Mary Victoria Hamilton nel 1869.<\/p>\n\n<p class=\"related\"><a href=\"https:\/\/www.monaco-tribune.com\/it\/2024\/07\/la-principessa-carolina-e-sua-figlia-alexandra-di-hannover-premiano-ines-joly-vincitrice-assoluta-del-jumping-international-di-monte-carlo\/\">La principessa Carolina e sua figlia Alexandra di Hannover premiano In\u00e8s Joly, vincitrice assoluta del Jumping International di Monte-Carlo<\/a><\/p>\n\n<p>La Famiglia Principesca ha lasciato un segno nel comune di Marchais anche attraverso il suo impegno sociale. Fin dal loro arrivo, i Grimaldi si impegnarono per migliorare le condizioni di vita degli abitanti, con iniziative umanitarie promosse dalla principessa Antoinette de M\u00e9rode e la costruzione di infrastrutture come un presbiterio e una scuola moderna da parte del marito, il Principe Carlo III.<\/p>\n<div class=\"wp-block-image\">\n<figure class=\"aligncenter size-large is-resized\"><img loading=\"lazy\" decoding=\"async\" width=\"728\" height=\"1024\" src=\"https:\/\/www.monaco-tribune.com\/wp-content\/uploads\/2024\/08\/chateau-de-marchais-3-728x1024.jpg\" alt=\"chateau-de-marchais-3\" class=\"wp-image-246858\" style=\"width:262px;height:auto\" srcset=\"https:\/\/www.monaco-tribune.com\/wp-content\/uploads\/2024\/08\/chateau-de-marchais-3-728x1024.jpg 728w, https:\/\/www.monaco-tribune.com\/wp-content\/uploads\/2024\/08\/chateau-de-marchais-3-213x300.jpg 213w, https:\/\/www.monaco-tribune.com\/wp-content\/uploads\/2024\/08\/chateau-de-marchais-3.jpg 788w\" sizes=\"auto, (max-width: 728px) 100vw, 728px\" \/><figcaption class=\"wp-element-caption\"><em>\u00a9 DR<\/em><\/figcaption><\/figure>\n<\/div>\n<h4 class=\"wp-block-heading\" id=\"h-un-lieu-de-serenite-et-de-chasse\"><strong>Un luogo di serenit\u00e0 e di caccia<\/strong><\/h4>\n\n<p>Per il Principe Alberto II, il castello rappresenta un&#8217;oasi di pace dove riconnettersi con la natura e praticare la caccia. In un&#8217;intervista a <a href=\"https:\/\/www.lunion.fr\/art\/11336\/article\/2017-01-17\/photos-rencontre-avec-albert-et-caroline-de-monaco-dans-leur-chateau-de-l-aisne\"><em>L&#8217;Union<\/em><\/a>, il Sovrano ha confidato che da giovane veniva spesso al castello, \u201cnon solo per la caccia. Anche per le passeggiate, nei lunghi fine settimana in primavera o in estate. Ero sempre incuriosito dal venire qui\u201d. Oggi, \u201cmi piace molto venire per cacciare, ma anche per ricaricarmi e allontanarmi dalla frenesia del Principato\u201d, ha aggiunto il Principe.<\/p>\n<div class=\"wp-block-image\">\n<figure class=\"aligncenter size-large is-resized\"><img loading=\"lazy\" decoding=\"async\" width=\"673\" height=\"1024\" src=\"https:\/\/www.monaco-tribune.com\/wp-content\/uploads\/2024\/08\/chateau-de-marchais-2-673x1024.jpg\" alt=\"chateau-de-marchais-2\" class=\"wp-image-246854\" style=\"width:261px;height:auto\" srcset=\"https:\/\/www.monaco-tribune.com\/wp-content\/uploads\/2024\/08\/chateau-de-marchais-2-673x1024.jpg 673w, https:\/\/www.monaco-tribune.com\/wp-content\/uploads\/2024\/08\/chateau-de-marchais-2-197x300.jpg 197w, https:\/\/www.monaco-tribune.com\/wp-content\/uploads\/2024\/08\/chateau-de-marchais-2.jpg 756w\" sizes=\"auto, (max-width: 673px) 100vw, 673px\" \/><figcaption class=\"wp-element-caption\"><em>\u00a9 DR<\/em><\/figcaption><\/figure>\n<\/div>\n<p>In effetti, l&#8217;intera Famiglia Principesca veniva spesso qui per ricaricare le batterie. Il Principe Ranieri III portava regolarmente al castello i suoi figli, la Principessa Carolina, il Principe Alberto II e la Principessa St\u00e9phanie.<\/p>\n<p><a id='bUXU1eibS2hC2r2YlUrxyg' class='gie-slideshow' href='http:\/\/www.gettyimages.com\/detail\/852367400' target='_blank' style='color:#a7a7a7;text-decoration:none;font-weight:normal !important;border:none;display:inline-block;' rel=\"noopener\">Embed from Getty Images<\/a><script>window.gie=window.gie||function(c){(gie.q=gie.q||[]).push(c)};gie(function(){gie.widgets.load({id:'bUXU1eibS2hC2r2YlUrxyg',sig:'tDoEEnCiIH1V_dEwMG_jpX7VU5wBKuvJYcRCtRxXF3Y=',w:'594px',h:'396px',items:'852367400,852367824,1211869413',caption: true ,tld:'com',is360: false })});<\/script><script src='\/\/embed-cdn.gettyimages.com\/widgets.js' charset='utf-8' async><\/script><\/p>\n","protected":false},"excerpt":{"rendered":"<p>La famiglia principesca frequenta il castello dalla fine del XIX secolo. A met\u00e0 agosto 2024, la Principessa di Hannover ha [&hellip;]<\/p>\n","protected":false},"author":66,"featured_media":246868,"comment_status":"closed","ping_status":"closed","sticky":false,"template":"","format":"standard","meta":{"_acf_changed":false,"footnotes":""},"categories":[1742,1826,1738],"tags":[2870],"post_sectags":[3757],"post_format":[2474],"class_list":["post-246931","post","type-post","status-publish","format-standard","has-post-thumbnail","hentry","category-famiglia-principesca","category-la-nostra-scelta","category-notizie","tag-principessa-carolina","sectag-principe-alberto-ii","format-foto"],"acf":[],"yoast_head":"<!-- This site is optimized with the Yoast SEO Premium plugin v26.8 (Yoast SEO v27.4) - https:\/\/yoast.com\/product\/yoast-seo-premium-wordpress\/ -->\n<title>La Principessa Carolina in villeggiatura allo Ch\u00e2teau de Marchais: un patrimonio di famiglia nel cuore della regione dell&#039;Aisne<\/title>\n<meta name=\"description\" content=\"La famiglia principesca frequenta il castello dalla fine del XIX secolo. A met\u00e0 agosto 2024, la Principessa di Hannover ha scelto lo Ch\u00e2teau de Marchais\" \/>\n<meta name=\"robots\" content=\"index, follow, max-snippet:-1, max-image-preview:large, max-video-preview:-1\" \/>\n<link rel=\"canonical\" href=\"https:\/\/www.monaco-tribune.com\/it\/2024\/08\/la-principessa-carolina-in-villeggiatura-allo-chateau-de-marchais-un-patrimonio-di-famiglia-nel-cuore-della-regione-dellaisne\/\" \/>\n<meta property=\"og:locale\" content=\"it_IT\" \/>\n<meta property=\"og:type\" content=\"article\" \/>\n<meta property=\"og:title\" content=\"La Principessa Carolina in villeggiatura allo Ch\u00e2teau de Marchais: un patrimonio di famiglia nel cuore della regione dell&#039;Aisne - Monaco Tribune\" \/>\n<meta property=\"og:description\" content=\"La famiglia principesca frequenta il castello dalla fine del XIX secolo. A met\u00e0 agosto 2024, la Principessa di Hannover ha scelto lo Ch\u00e2teau de Marchais\" \/>\n<meta property=\"og:url\" content=\"https:\/\/www.monaco-tribune.com\/it\/2024\/08\/la-principessa-carolina-in-villeggiatura-allo-chateau-de-marchais-un-patrimonio-di-famiglia-nel-cuore-della-regione-dellaisne\/\" \/>\n<meta property=\"og:site_name\" content=\"Monaco Tribune\" \/>\n<meta property=\"article:publisher\" content=\"https:\/\/www.facebook.com\/MonacoTribune\" \/>\n<meta property=\"article:published_time\" content=\"2024-08-20T15:07:02+00:00\" \/>\n<meta property=\"article:modified_time\" content=\"2024-08-20T15:07:09+00:00\" \/>\n<meta property=\"og:image\" content=\"https:\/\/www.monaco-tribune.com\/wp-content\/uploads\/2024\/08\/princesse-caroline-chateau-marchais.jpg\" \/>\n\t<meta property=\"og:image:width\" content=\"1200\" \/>\n\t<meta property=\"og:image:height\" content=\"800\" \/>\n\t<meta property=\"og:image:type\" content=\"image\/jpeg\" \/>\n<meta name=\"author\" content=\"Th\u00e9o Briand\" \/>\n<meta name=\"twitter:card\" content=\"summary_large_image\" \/>\n<meta name=\"twitter:creator\" content=\"@MonacoTribune\" \/>\n<meta name=\"twitter:site\" content=\"@MonacoTribune\" \/>\n<script type=\"application\/ld+json\" class=\"yoast-schema-graph\">{\"@context\":\"https:\\\/\\\/schema.org\",\"@graph\":[{\"@type\":\"NewsArticle\",\"@id\":\"https:\\\/\\\/www.monaco-tribune.com\\\/it\\\/2024\\\/08\\\/la-principessa-carolina-in-villeggiatura-allo-chateau-de-marchais-un-patrimonio-di-famiglia-nel-cuore-della-regione-dellaisne\\\/#article\",\"isPartOf\":{\"@id\":\"https:\\\/\\\/www.monaco-tribune.com\\\/it\\\/2024\\\/08\\\/la-principessa-carolina-in-villeggiatura-allo-chateau-de-marchais-un-patrimonio-di-famiglia-nel-cuore-della-regione-dellaisne\\\/\"},\"author\":{\"name\":\"Th\u00e9o Briand\",\"@id\":\"https:\\\/\\\/www.monaco-tribune.com\\\/it\\\/#\\\/schema\\\/person\\\/94fb5723547bd83dea1eed97e25145aa\"},\"headline\":\"La Principessa Carolina in villeggiatura allo Ch\u00e2teau de Marchais: un patrimonio di famiglia nel cuore della regione dell&#8217;Aisne\",\"datePublished\":\"2024-08-20T15:07:02+00:00\",\"dateModified\":\"2024-08-20T15:07:09+00:00\",\"mainEntityOfPage\":{\"@id\":\"https:\\\/\\\/www.monaco-tribune.com\\\/it\\\/2024\\\/08\\\/la-principessa-carolina-in-villeggiatura-allo-chateau-de-marchais-un-patrimonio-di-famiglia-nel-cuore-della-regione-dellaisne\\\/\"},\"wordCount\":536,\"publisher\":{\"@id\":\"https:\\\/\\\/www.monaco-tribune.com\\\/it\\\/#organization\"},\"image\":{\"@id\":\"https:\\\/\\\/www.monaco-tribune.com\\\/it\\\/2024\\\/08\\\/la-principessa-carolina-in-villeggiatura-allo-chateau-de-marchais-un-patrimonio-di-famiglia-nel-cuore-della-regione-dellaisne\\\/#primaryimage\"},\"thumbnailUrl\":\"https:\\\/\\\/www.monaco-tribune.com\\\/wp-content\\\/uploads\\\/2024\\\/08\\\/princesse-caroline-chateau-marchais.jpg\",\"keywords\":[\"Principessa Carolina\"],\"articleSection\":[\"Famiglia Principesca\",\"La nostra scelta\",\"Notizie\"],\"inLanguage\":\"it-IT\",\"copyrightYear\":\"2024\",\"copyrightHolder\":{\"@id\":\"https:\\\/\\\/www.monaco-tribune.com\\\/#organization\"}},{\"@type\":\"WebPage\",\"@id\":\"https:\\\/\\\/www.monaco-tribune.com\\\/it\\\/2024\\\/08\\\/la-principessa-carolina-in-villeggiatura-allo-chateau-de-marchais-un-patrimonio-di-famiglia-nel-cuore-della-regione-dellaisne\\\/\",\"url\":\"https:\\\/\\\/www.monaco-tribune.com\\\/it\\\/2024\\\/08\\\/la-principessa-carolina-in-villeggiatura-allo-chateau-de-marchais-un-patrimonio-di-famiglia-nel-cuore-della-regione-dellaisne\\\/\",\"name\":\"La Principessa Carolina in villeggiatura allo Ch\u00e2teau de Marchais: un patrimonio di famiglia nel cuore della regione dell'Aisne\",\"isPartOf\":{\"@id\":\"https:\\\/\\\/www.monaco-tribune.com\\\/it\\\/#website\"},\"primaryImageOfPage\":{\"@id\":\"https:\\\/\\\/www.monaco-tribune.com\\\/it\\\/2024\\\/08\\\/la-principessa-carolina-in-villeggiatura-allo-chateau-de-marchais-un-patrimonio-di-famiglia-nel-cuore-della-regione-dellaisne\\\/#primaryimage\"},\"image\":{\"@id\":\"https:\\\/\\\/www.monaco-tribune.com\\\/it\\\/2024\\\/08\\\/la-principessa-carolina-in-villeggiatura-allo-chateau-de-marchais-un-patrimonio-di-famiglia-nel-cuore-della-regione-dellaisne\\\/#primaryimage\"},\"thumbnailUrl\":\"https:\\\/\\\/www.monaco-tribune.com\\\/wp-content\\\/uploads\\\/2024\\\/08\\\/princesse-caroline-chateau-marchais.jpg\",\"datePublished\":\"2024-08-20T15:07:02+00:00\",\"dateModified\":\"2024-08-20T15:07:09+00:00\",\"description\":\"La famiglia principesca frequenta il castello dalla fine del XIX secolo. A met\u00e0 agosto 2024, la Principessa di Hannover ha scelto lo Ch\u00e2teau de Marchais\",\"breadcrumb\":{\"@id\":\"https:\\\/\\\/www.monaco-tribune.com\\\/it\\\/2024\\\/08\\\/la-principessa-carolina-in-villeggiatura-allo-chateau-de-marchais-un-patrimonio-di-famiglia-nel-cuore-della-regione-dellaisne\\\/#breadcrumb\"},\"inLanguage\":\"it-IT\",\"potentialAction\":[{\"@type\":\"ReadAction\",\"target\":[\"https:\\\/\\\/www.monaco-tribune.com\\\/it\\\/2024\\\/08\\\/la-principessa-carolina-in-villeggiatura-allo-chateau-de-marchais-un-patrimonio-di-famiglia-nel-cuore-della-regione-dellaisne\\\/\"]}]},{\"@type\":\"ImageObject\",\"inLanguage\":\"it-IT\",\"@id\":\"https:\\\/\\\/www.monaco-tribune.com\\\/it\\\/2024\\\/08\\\/la-principessa-carolina-in-villeggiatura-allo-chateau-de-marchais-un-patrimonio-di-famiglia-nel-cuore-della-regione-dellaisne\\\/#primaryimage\",\"url\":\"https:\\\/\\\/www.monaco-tribune.com\\\/wp-content\\\/uploads\\\/2024\\\/08\\\/princesse-caroline-chateau-marchais.jpg\",\"contentUrl\":\"https:\\\/\\\/www.monaco-tribune.com\\\/wp-content\\\/uploads\\\/2024\\\/08\\\/princesse-caroline-chateau-marchais.jpg\",\"width\":1200,\"height\":800,\"caption\":\"\u00a9 Palazzo del Principe di Monaco\"},{\"@type\":\"BreadcrumbList\",\"@id\":\"https:\\\/\\\/www.monaco-tribune.com\\\/it\\\/2024\\\/08\\\/la-principessa-carolina-in-villeggiatura-allo-chateau-de-marchais-un-patrimonio-di-famiglia-nel-cuore-della-regione-dellaisne\\\/#breadcrumb\",\"itemListElement\":[{\"@type\":\"ListItem\",\"position\":1,\"name\":\"Accueil\",\"item\":\"https:\\\/\\\/www.monaco-tribune.com\\\/it\\\/\"},{\"@type\":\"ListItem\",\"position\":2,\"name\":\"La Principessa Carolina in villeggiatura allo Ch\u00e2teau de Marchais: un patrimonio di famiglia nel cuore della regione dell&#8217;Aisne\"}]},{\"@type\":\"WebSite\",\"@id\":\"https:\\\/\\\/www.monaco-tribune.com\\\/it\\\/#website\",\"url\":\"https:\\\/\\\/www.monaco-tribune.com\\\/it\\\/\",\"name\":\"Monaco Tribune\",\"description\":\"Monaco : actualit\u00e9s \u00e9conomiques, politiques, culturelles et sportives de Monaco et de la French Riviera.\",\"publisher\":{\"@id\":\"https:\\\/\\\/www.monaco-tribune.com\\\/it\\\/#organization\"},\"potentialAction\":[{\"@type\":\"SearchAction\",\"target\":{\"@type\":\"EntryPoint\",\"urlTemplate\":\"https:\\\/\\\/www.monaco-tribune.com\\\/it\\\/?s={search_term_string}\"},\"query-input\":{\"@type\":\"PropertyValueSpecification\",\"valueRequired\":true,\"valueName\":\"search_term_string\"}}],\"inLanguage\":\"it-IT\"},{\"@type\":\"Organization\",\"@id\":\"https:\\\/\\\/www.monaco-tribune.com\\\/it\\\/#organization\",\"name\":\"Monaco Tribune\",\"url\":\"https:\\\/\\\/www.monaco-tribune.com\\\/it\\\/\",\"logo\":{\"@type\":\"ImageObject\",\"inLanguage\":\"it-IT\",\"@id\":\"https:\\\/\\\/www.monaco-tribune.com\\\/it\\\/#\\\/schema\\\/logo\\\/image\\\/\",\"url\":\"https:\\\/\\\/www.monaco-tribune.com\\\/wp-content\\\/uploads\\\/2022\\\/11\\\/logo-monaco-tribune.png\",\"contentUrl\":\"https:\\\/\\\/www.monaco-tribune.com\\\/wp-content\\\/uploads\\\/2022\\\/11\\\/logo-monaco-tribune.png\",\"width\":1548,\"height\":600,\"caption\":\"Monaco Tribune\"},\"image\":{\"@id\":\"https:\\\/\\\/www.monaco-tribune.com\\\/it\\\/#\\\/schema\\\/logo\\\/image\\\/\"},\"sameAs\":[\"https:\\\/\\\/www.facebook.com\\\/MonacoTribune\",\"https:\\\/\\\/x.com\\\/MonacoTribune\",\"https:\\\/\\\/www.instagram.com\\\/monacotribune\\\/\",\"https:\\\/\\\/www.linkedin.com\\\/company\\\/monaco-tribune\",\"https:\\\/\\\/www.youtube.com\\\/channel\\\/UCHle1MnG6hw1y4lWKijVbMA\"]},{\"@type\":\"Person\",\"@id\":\"https:\\\/\\\/www.monaco-tribune.com\\\/it\\\/#\\\/schema\\\/person\\\/94fb5723547bd83dea1eed97e25145aa\",\"name\":\"Th\u00e9o Briand\",\"image\":{\"@type\":\"ImageObject\",\"inLanguage\":\"it-IT\",\"@id\":\"https:\\\/\\\/secure.gravatar.com\\\/avatar\\\/1c02cfd8b8054d8c376f9a942a1dc4dbacfd8ba5e6f8dbb5e16f4aa3d281972a?s=96&d=mm&r=g\",\"url\":\"https:\\\/\\\/secure.gravatar.com\\\/avatar\\\/1c02cfd8b8054d8c376f9a942a1dc4dbacfd8ba5e6f8dbb5e16f4aa3d281972a?s=96&d=mm&r=g\",\"contentUrl\":\"https:\\\/\\\/secure.gravatar.com\\\/avatar\\\/1c02cfd8b8054d8c376f9a942a1dc4dbacfd8ba5e6f8dbb5e16f4aa3d281972a?s=96&d=mm&r=g\",\"caption\":\"Th\u00e9o Briand\"},\"url\":\"https:\\\/\\\/www.monaco-tribune.com\\\/it\\\/author\\\/theobriand\\\/\"}]}<\/script>\n<!-- \/ Yoast SEO Premium plugin. -->","yoast_head_json":{"title":"La Principessa Carolina in villeggiatura allo Ch\u00e2teau de Marchais: un patrimonio di famiglia nel cuore della regione dell'Aisne","description":"La famiglia principesca frequenta il castello dalla fine del XIX secolo. A met\u00e0 agosto 2024, la Principessa di Hannover ha scelto lo Ch\u00e2teau de Marchais","robots":{"index":"index","follow":"follow","max-snippet":"max-snippet:-1","max-image-preview":"max-image-preview:large","max-video-preview":"max-video-preview:-1"},"canonical":"https:\/\/www.monaco-tribune.com\/it\/2024\/08\/la-principessa-carolina-in-villeggiatura-allo-chateau-de-marchais-un-patrimonio-di-famiglia-nel-cuore-della-regione-dellaisne\/","og_locale":"it_IT","og_type":"article","og_title":"La Principessa Carolina in villeggiatura allo Ch\u00e2teau de Marchais: un patrimonio di famiglia nel cuore della regione dell'Aisne - Monaco Tribune","og_description":"La famiglia principesca frequenta il castello dalla fine del XIX secolo. A met\u00e0 agosto 2024, la Principessa di Hannover ha scelto lo Ch\u00e2teau de Marchais","og_url":"https:\/\/www.monaco-tribune.com\/it\/2024\/08\/la-principessa-carolina-in-villeggiatura-allo-chateau-de-marchais-un-patrimonio-di-famiglia-nel-cuore-della-regione-dellaisne\/","og_site_name":"Monaco Tribune","article_publisher":"https:\/\/www.facebook.com\/MonacoTribune","article_published_time":"2024-08-20T15:07:02+00:00","article_modified_time":"2024-08-20T15:07:09+00:00","og_image":[{"width":1200,"height":800,"url":"https:\/\/www.monaco-tribune.com\/wp-content\/uploads\/2024\/08\/princesse-caroline-chateau-marchais.jpg","type":"image\/jpeg"}],"author":"Th\u00e9o Briand","twitter_card":"summary_large_image","twitter_creator":"@MonacoTribune","twitter_site":"@MonacoTribune","schema":{"@context":"https:\/\/schema.org","@graph":[{"@type":"NewsArticle","@id":"https:\/\/www.monaco-tribune.com\/it\/2024\/08\/la-principessa-carolina-in-villeggiatura-allo-chateau-de-marchais-un-patrimonio-di-famiglia-nel-cuore-della-regione-dellaisne\/#article","isPartOf":{"@id":"https:\/\/www.monaco-tribune.com\/it\/2024\/08\/la-principessa-carolina-in-villeggiatura-allo-chateau-de-marchais-un-patrimonio-di-famiglia-nel-cuore-della-regione-dellaisne\/"},"author":{"name":"Th\u00e9o Briand","@id":"https:\/\/www.monaco-tribune.com\/it\/#\/schema\/person\/94fb5723547bd83dea1eed97e25145aa"},"headline":"La Principessa Carolina in villeggiatura allo Ch\u00e2teau de Marchais: un patrimonio di famiglia nel cuore della regione dell&#8217;Aisne","datePublished":"2024-08-20T15:07:02+00:00","dateModified":"2024-08-20T15:07:09+00:00","mainEntityOfPage":{"@id":"https:\/\/www.monaco-tribune.com\/it\/2024\/08\/la-principessa-carolina-in-villeggiatura-allo-chateau-de-marchais-un-patrimonio-di-famiglia-nel-cuore-della-regione-dellaisne\/"},"wordCount":536,"publisher":{"@id":"https:\/\/www.monaco-tribune.com\/it\/#organization"},"image":{"@id":"https:\/\/www.monaco-tribune.com\/it\/2024\/08\/la-principessa-carolina-in-villeggiatura-allo-chateau-de-marchais-un-patrimonio-di-famiglia-nel-cuore-della-regione-dellaisne\/#primaryimage"},"thumbnailUrl":"https:\/\/www.monaco-tribune.com\/wp-content\/uploads\/2024\/08\/princesse-caroline-chateau-marchais.jpg","keywords":["Principessa Carolina"],"articleSection":["Famiglia Principesca","La nostra scelta","Notizie"],"inLanguage":"it-IT","copyrightYear":"2024","copyrightHolder":{"@id":"https:\/\/www.monaco-tribune.com\/#organization"}},{"@type":"WebPage","@id":"https:\/\/www.monaco-tribune.com\/it\/2024\/08\/la-principessa-carolina-in-villeggiatura-allo-chateau-de-marchais-un-patrimonio-di-famiglia-nel-cuore-della-regione-dellaisne\/","url":"https:\/\/www.monaco-tribune.com\/it\/2024\/08\/la-principessa-carolina-in-villeggiatura-allo-chateau-de-marchais-un-patrimonio-di-famiglia-nel-cuore-della-regione-dellaisne\/","name":"La Principessa Carolina in villeggiatura allo Ch\u00e2teau de Marchais: un patrimonio di famiglia nel cuore della regione dell'Aisne","isPartOf":{"@id":"https:\/\/www.monaco-tribune.com\/it\/#website"},"primaryImageOfPage":{"@id":"https:\/\/www.monaco-tribune.com\/it\/2024\/08\/la-principessa-carolina-in-villeggiatura-allo-chateau-de-marchais-un-patrimonio-di-famiglia-nel-cuore-della-regione-dellaisne\/#primaryimage"},"image":{"@id":"https:\/\/www.monaco-tribune.com\/it\/2024\/08\/la-principessa-carolina-in-villeggiatura-allo-chateau-de-marchais-un-patrimonio-di-famiglia-nel-cuore-della-regione-dellaisne\/#primaryimage"},"thumbnailUrl":"https:\/\/www.monaco-tribune.com\/wp-content\/uploads\/2024\/08\/princesse-caroline-chateau-marchais.jpg","datePublished":"2024-08-20T15:07:02+00:00","dateModified":"2024-08-20T15:07:09+00:00","description":"La famiglia principesca frequenta il castello dalla fine del XIX secolo. A met\u00e0 agosto 2024, la Principessa di Hannover ha scelto lo Ch\u00e2teau de Marchais","breadcrumb":{"@id":"https:\/\/www.monaco-tribune.com\/it\/2024\/08\/la-principessa-carolina-in-villeggiatura-allo-chateau-de-marchais-un-patrimonio-di-famiglia-nel-cuore-della-regione-dellaisne\/#breadcrumb"},"inLanguage":"it-IT","potentialAction":[{"@type":"ReadAction","target":["https:\/\/www.monaco-tribune.com\/it\/2024\/08\/la-principessa-carolina-in-villeggiatura-allo-chateau-de-marchais-un-patrimonio-di-famiglia-nel-cuore-della-regione-dellaisne\/"]}]},{"@type":"ImageObject","inLanguage":"it-IT","@id":"https:\/\/www.monaco-tribune.com\/it\/2024\/08\/la-principessa-carolina-in-villeggiatura-allo-chateau-de-marchais-un-patrimonio-di-famiglia-nel-cuore-della-regione-dellaisne\/#primaryimage","url":"https:\/\/www.monaco-tribune.com\/wp-content\/uploads\/2024\/08\/princesse-caroline-chateau-marchais.jpg","contentUrl":"https:\/\/www.monaco-tribune.com\/wp-content\/uploads\/2024\/08\/princesse-caroline-chateau-marchais.jpg","width":1200,"height":800,"caption":"\u00a9 Palazzo del Principe di Monaco"},{"@type":"BreadcrumbList","@id":"https:\/\/www.monaco-tribune.com\/it\/2024\/08\/la-principessa-carolina-in-villeggiatura-allo-chateau-de-marchais-un-patrimonio-di-famiglia-nel-cuore-della-regione-dellaisne\/#breadcrumb","itemListElement":[{"@type":"ListItem","position":1,"name":"Accueil","item":"https:\/\/www.monaco-tribune.com\/it\/"},{"@type":"ListItem","position":2,"name":"La Principessa Carolina in villeggiatura allo Ch\u00e2teau de Marchais: un patrimonio di famiglia nel cuore della regione dell&#8217;Aisne"}]},{"@type":"WebSite","@id":"https:\/\/www.monaco-tribune.com\/it\/#website","url":"https:\/\/www.monaco-tribune.com\/it\/","name":"Monaco Tribune","description":"Monaco : actualit\u00e9s \u00e9conomiques, politiques, culturelles et sportives de Monaco et de la French Riviera.","publisher":{"@id":"https:\/\/www.monaco-tribune.com\/it\/#organization"},"potentialAction":[{"@type":"SearchAction","target":{"@type":"EntryPoint","urlTemplate":"https:\/\/www.monaco-tribune.com\/it\/?s={search_term_string}"},"query-input":{"@type":"PropertyValueSpecification","valueRequired":true,"valueName":"search_term_string"}}],"inLanguage":"it-IT"},{"@type":"Organization","@id":"https:\/\/www.monaco-tribune.com\/it\/#organization","name":"Monaco Tribune","url":"https:\/\/www.monaco-tribune.com\/it\/","logo":{"@type":"ImageObject","inLanguage":"it-IT","@id":"https:\/\/www.monaco-tribune.com\/it\/#\/schema\/logo\/image\/","url":"https:\/\/www.monaco-tribune.com\/wp-content\/uploads\/2022\/11\/logo-monaco-tribune.png","contentUrl":"https:\/\/www.monaco-tribune.com\/wp-content\/uploads\/2022\/11\/logo-monaco-tribune.png","width":1548,"height":600,"caption":"Monaco Tribune"},"image":{"@id":"https:\/\/www.monaco-tribune.com\/it\/#\/schema\/logo\/image\/"},"sameAs":["https:\/\/www.facebook.com\/MonacoTribune","https:\/\/x.com\/MonacoTribune","https:\/\/www.instagram.com\/monacotribune\/","https:\/\/www.linkedin.com\/company\/monaco-tribune","https:\/\/www.youtube.com\/channel\/UCHle1MnG6hw1y4lWKijVbMA"]},{"@type":"Person","@id":"https:\/\/www.monaco-tribune.com\/it\/#\/schema\/person\/94fb5723547bd83dea1eed97e25145aa","name":"Th\u00e9o Briand","image":{"@type":"ImageObject","inLanguage":"it-IT","@id":"https:\/\/secure.gravatar.com\/avatar\/1c02cfd8b8054d8c376f9a942a1dc4dbacfd8ba5e6f8dbb5e16f4aa3d281972a?s=96&d=mm&r=g","url":"https:\/\/secure.gravatar.com\/avatar\/1c02cfd8b8054d8c376f9a942a1dc4dbacfd8ba5e6f8dbb5e16f4aa3d281972a?s=96&d=mm&r=g","contentUrl":"https:\/\/secure.gravatar.com\/avatar\/1c02cfd8b8054d8c376f9a942a1dc4dbacfd8ba5e6f8dbb5e16f4aa3d281972a?s=96&d=mm&r=g","caption":"Th\u00e9o Briand"},"url":"https:\/\/www.monaco-tribune.com\/it\/author\/theobriand\/"}]}},"_links":{"self":[{"href":"https:\/\/www.monaco-tribune.com\/it\/wp-json\/wp\/v2\/posts\/246931","targetHints":{"allow":["GET"]}}],"collection":[{"href":"https:\/\/www.monaco-tribune.com\/it\/wp-json\/wp\/v2\/posts"}],"about":[{"href":"https:\/\/www.monaco-tribune.com\/it\/wp-json\/wp\/v2\/types\/post"}],"author":[{"embeddable":true,"href":"https:\/\/www.monaco-tribune.com\/it\/wp-json\/wp\/v2\/users\/66"}],"replies":[{"embeddable":true,"href":"https:\/\/www.monaco-tribune.com\/it\/wp-json\/wp\/v2\/comments?post=246931"}],"version-history":[{"count":2,"href":"https:\/\/www.monaco-tribune.com\/it\/wp-json\/wp\/v2\/posts\/246931\/revisions"}],"predecessor-version":[{"id":246934,"href":"https:\/\/www.monaco-tribune.com\/it\/wp-json\/wp\/v2\/posts\/246931\/revisions\/246934"}],"wp:featuredmedia":[{"embeddable":true,"href":"https:\/\/www.monaco-tribune.com\/it\/wp-json\/wp\/v2\/media\/246868"}],"wp:attachment":[{"href":"https:\/\/www.monaco-tribune.com\/it\/wp-json\/wp\/v2\/media?parent=246931"}],"wp:term":[{"taxonomy":"category","embeddable":true,"href":"https:\/\/www.monaco-tribune.com\/it\/wp-json\/wp\/v2\/categories?post=246931"},{"taxonomy":"post_tag","embeddable":true,"href":"https:\/\/www.monaco-tribune.com\/it\/wp-json\/wp\/v2\/tags?post=246931"},{"taxonomy":"sectag","embeddable":true,"href":"https:\/\/www.monaco-tribune.com\/it\/wp-json\/wp\/v2\/post_sectags?post=246931"},{"taxonomy":"format","embeddable":true,"href":"https:\/\/www.monaco-tribune.com\/it\/wp-json\/wp\/v2\/post_format?post=246931"}],"curies":[{"name":"wp","href":"https:\/\/api.w.org\/{rel}","templated":true}]}}