{"id":247533,"date":"2024-08-27T09:42:13","date_gmt":"2024-08-27T07:42:13","guid":{"rendered":"https:\/\/www.monaco-tribune.com\/2024\/08\/aeroporto-nizza-costa-azzurra-easyjet-lancia-un-nuovo-volo-diretto-per-unisola-paradisiaca-in-europa\/"},"modified":"2024-08-27T12:18:36","modified_gmt":"2024-08-27T10:18:36","slug":"aeroporto-nizza-costa-azzurra-easyjet-lancia-un-nuovo-volo-diretto-per-unisola-paradisiaca-in-europa","status":"publish","type":"post","link":"https:\/\/www.monaco-tribune.com\/it\/2024\/08\/aeroporto-nizza-costa-azzurra-easyjet-lancia-un-nuovo-volo-diretto-per-unisola-paradisiaca-in-europa\/","title":{"rendered":"Aeroporto Nizza Costa Azzurra: easyJet lancia un nuovo volo per un&#8217;isola paradisiaca in Europa"},"content":{"rendered":"\n<p><strong>Non \u00e8 mai stato cos\u00ec facile raggiungere questa destinazione spagnola baciata dal sole dall&#8217;aeroporto di Nizza Costa Azzurra!<\/strong><\/p>\n\n<p>Oltre alle nuove rotte per Agadir, Lanzarote, Madrid e Praga annunciate qualche giorno fa, ora con easyJet potrete volare a Tenerife direttamente dall&#8217;aeroporto di Nizza fino alla prossima primavera!<\/p>\n\n<p>I voli per Tenerife partiranno una volta a settimana, il sabato, a partire dal 31 agosto e fino a giugno 2025. L&#8217;andata \u00e8 prevista nel primo pomeriggio e il ritorno verso le 16:00, con arrivo a Nizza in serata. Per prenotare andata e ritorno dovrete considerare un centinaio di euro.<\/p>\n\n<p>L&#8217;unica cosa a cui dovrete pensare? Portare il passaporto o la carta d&#8217;identit\u00e0 in corso di validit\u00e0.<\/p>\n\n<h2 class=\"wp-block-heading\" id=\"h-la-destination-parfaite-pour-les-vacances-d-hiver-nbsp\">La destinazione perfetta per le vacanze invernali<\/h2>\n\n<p>Soprannominata &#8220;la perla delle Canarie&#8221;, Tenerife si distingue per la sua diversit\u00e0 e la sua bellezza naturale mozzafiato. Con un clima mite tutto l&#8217;anno, promette di farvi trascorrere le vacanze invernali lontani dal tempo grigio e freddo.<\/p>\n\n<p>L&#8217;aereo in partenza da Nizza atterrer\u00e0 nell&#8217;aeroporto pi\u00f9 grande e moderno dell&#8217;isola: Tenerife-Sud Reina Sof\u00eda, non lontano dalla capitale e dai villaggi sulla costa di El M\u00e9dano e Los Abrigos. Il sole, le spiagge e il caldo vi aspettano!<\/p>\n\n<p class=\"related\"><a href=\"https:\/\/www.monaco-tribune.com\/it\/2024\/07\/rally-di-monte-carlo-e-prix-grand-prix-tutte-le-gare-automobilistiche-da-non-perdere-nel-principato-nel-2025\/\">Rally di Monte-Carlo, E-Prix, Grand Prix\u2026 tutte le gare automobilistiche da non perdere nel Principato nel 2025<\/a><\/p>\n","protected":false},"excerpt":{"rendered":"<p>Non \u00e8 mai stato cos\u00ec facile raggiungere questa destinazione spagnola baciata dal sole dall&#8217;aeroporto di Nizza Costa Azzurra! Oltre alle [&hellip;]<\/p>\n","protected":false},"author":47,"featured_media":242789,"comment_status":"closed","ping_status":"closed","sticky":false,"template":"","format":"standard","meta":{"_acf_changed":false,"footnotes":""},"categories":[1740,1738],"tags":[2880],"post_sectags":[],"post_format":[2478],"class_list":["post-247533","post","type-post","status-publish","format-standard","has-post-thumbnail","hentry","category-cosa-fare","category-notizie","tag-aeroporto-di-nizza","format-notizia"],"acf":[],"yoast_head":"<!-- This site is optimized with the Yoast SEO Premium plugin v26.8 (Yoast SEO v27.4) - https:\/\/yoast.com\/product\/yoast-seo-premium-wordpress\/ -->\n<title>Aeroporto Nizza Costa Azzurra: easyJet lancia un nuovo volo per un&#039;isola paradisiaca in Europa<\/title>\n<meta name=\"description\" content=\"Non \u00e8 mai stato cos\u00ec facile raggiungere questa destinazione spagnola baciata dal sole dall&#039;aeroporto di Nizza Costa Azzurra! Oltre alle nuove rotte per\" \/>\n<meta name=\"robots\" content=\"index, follow, max-snippet:-1, max-image-preview:large, max-video-preview:-1\" \/>\n<link rel=\"canonical\" href=\"https:\/\/www.monaco-tribune.com\/it\/2024\/08\/aeroporto-nizza-costa-azzurra-easyjet-lancia-un-nuovo-volo-diretto-per-unisola-paradisiaca-in-europa\/\" \/>\n<meta property=\"og:locale\" content=\"it_IT\" \/>\n<meta property=\"og:type\" content=\"article\" \/>\n<meta property=\"og:title\" content=\"Aeroporto Nizza Costa Azzurra: easyJet lancia un nuovo volo per un&#039;isola paradisiaca in Europa - Monaco Tribune\" \/>\n<meta property=\"og:description\" content=\"Non \u00e8 mai stato cos\u00ec facile raggiungere questa destinazione spagnola baciata dal sole dall&#039;aeroporto di Nizza Costa Azzurra! Oltre alle nuove rotte per\" \/>\n<meta property=\"og:url\" content=\"https:\/\/www.monaco-tribune.com\/it\/2024\/08\/aeroporto-nizza-costa-azzurra-easyjet-lancia-un-nuovo-volo-diretto-per-unisola-paradisiaca-in-europa\/\" \/>\n<meta property=\"og:site_name\" content=\"Monaco Tribune\" \/>\n<meta property=\"article:publisher\" content=\"https:\/\/www.facebook.com\/MonacoTribune\" \/>\n<meta property=\"article:published_time\" content=\"2024-08-27T07:42:13+00:00\" \/>\n<meta property=\"article:modified_time\" content=\"2024-08-27T10:18:36+00:00\" \/>\n<meta property=\"og:image\" content=\"https:\/\/www.monaco-tribune.com\/wp-content\/uploads\/2024\/07\/easy-jet-aeroport-nice-cote-dazur.jpeg\" \/>\n\t<meta property=\"og:image:width\" content=\"1200\" \/>\n\t<meta property=\"og:image:height\" content=\"776\" \/>\n\t<meta property=\"og:image:type\" content=\"image\/jpeg\" \/>\n<meta name=\"author\" content=\"Agathe Ch\u00e9reau\" \/>\n<meta name=\"twitter:card\" content=\"summary_large_image\" \/>\n<meta name=\"twitter:creator\" content=\"@MonacoTribune\" \/>\n<meta name=\"twitter:site\" content=\"@MonacoTribune\" \/>\n<script type=\"application\/ld+json\" class=\"yoast-schema-graph\">{\"@context\":\"https:\\\/\\\/schema.org\",\"@graph\":[{\"@type\":\"NewsArticle\",\"@id\":\"https:\\\/\\\/www.monaco-tribune.com\\\/it\\\/2024\\\/08\\\/aeroporto-nizza-costa-azzurra-easyjet-lancia-un-nuovo-volo-diretto-per-unisola-paradisiaca-in-europa\\\/#article\",\"isPartOf\":{\"@id\":\"https:\\\/\\\/www.monaco-tribune.com\\\/it\\\/2024\\\/08\\\/aeroporto-nizza-costa-azzurra-easyjet-lancia-un-nuovo-volo-diretto-per-unisola-paradisiaca-in-europa\\\/\"},\"author\":{\"name\":\"Agathe Ch\u00e9reau\",\"@id\":\"https:\\\/\\\/www.monaco-tribune.com\\\/it\\\/#\\\/schema\\\/person\\\/fba2f8d5a098d473c92e84cc43a8f730\"},\"headline\":\"Aeroporto Nizza Costa Azzurra: easyJet lancia un nuovo volo per un&#8217;isola paradisiaca in Europa\",\"datePublished\":\"2024-08-27T07:42:13+00:00\",\"dateModified\":\"2024-08-27T10:18:36+00:00\",\"mainEntityOfPage\":{\"@id\":\"https:\\\/\\\/www.monaco-tribune.com\\\/it\\\/2024\\\/08\\\/aeroporto-nizza-costa-azzurra-easyjet-lancia-un-nuovo-volo-diretto-per-unisola-paradisiaca-in-europa\\\/\"},\"wordCount\":234,\"publisher\":{\"@id\":\"https:\\\/\\\/www.monaco-tribune.com\\\/it\\\/#organization\"},\"image\":{\"@id\":\"https:\\\/\\\/www.monaco-tribune.com\\\/it\\\/2024\\\/08\\\/aeroporto-nizza-costa-azzurra-easyjet-lancia-un-nuovo-volo-diretto-per-unisola-paradisiaca-in-europa\\\/#primaryimage\"},\"thumbnailUrl\":\"https:\\\/\\\/www.monaco-tribune.com\\\/wp-content\\\/uploads\\\/2024\\\/07\\\/easy-jet-aeroport-nice-cote-dazur.jpeg\",\"keywords\":[\"Aeroporto di Nizza\"],\"articleSection\":[\"Cosa fare\",\"Notizie\"],\"inLanguage\":\"it-IT\",\"copyrightYear\":\"2024\",\"copyrightHolder\":{\"@id\":\"https:\\\/\\\/www.monaco-tribune.com\\\/#organization\"}},{\"@type\":\"WebPage\",\"@id\":\"https:\\\/\\\/www.monaco-tribune.com\\\/it\\\/2024\\\/08\\\/aeroporto-nizza-costa-azzurra-easyjet-lancia-un-nuovo-volo-diretto-per-unisola-paradisiaca-in-europa\\\/\",\"url\":\"https:\\\/\\\/www.monaco-tribune.com\\\/it\\\/2024\\\/08\\\/aeroporto-nizza-costa-azzurra-easyjet-lancia-un-nuovo-volo-diretto-per-unisola-paradisiaca-in-europa\\\/\",\"name\":\"Aeroporto Nizza Costa Azzurra: easyJet lancia un nuovo volo per un'isola paradisiaca in Europa\",\"isPartOf\":{\"@id\":\"https:\\\/\\\/www.monaco-tribune.com\\\/it\\\/#website\"},\"primaryImageOfPage\":{\"@id\":\"https:\\\/\\\/www.monaco-tribune.com\\\/it\\\/2024\\\/08\\\/aeroporto-nizza-costa-azzurra-easyjet-lancia-un-nuovo-volo-diretto-per-unisola-paradisiaca-in-europa\\\/#primaryimage\"},\"image\":{\"@id\":\"https:\\\/\\\/www.monaco-tribune.com\\\/it\\\/2024\\\/08\\\/aeroporto-nizza-costa-azzurra-easyjet-lancia-un-nuovo-volo-diretto-per-unisola-paradisiaca-in-europa\\\/#primaryimage\"},\"thumbnailUrl\":\"https:\\\/\\\/www.monaco-tribune.com\\\/wp-content\\\/uploads\\\/2024\\\/07\\\/easy-jet-aeroport-nice-cote-dazur.jpeg\",\"datePublished\":\"2024-08-27T07:42:13+00:00\",\"dateModified\":\"2024-08-27T10:18:36+00:00\",\"description\":\"Non \u00e8 mai stato cos\u00ec facile raggiungere questa destinazione spagnola baciata dal sole dall'aeroporto di Nizza Costa Azzurra! Oltre alle nuove rotte per\",\"breadcrumb\":{\"@id\":\"https:\\\/\\\/www.monaco-tribune.com\\\/it\\\/2024\\\/08\\\/aeroporto-nizza-costa-azzurra-easyjet-lancia-un-nuovo-volo-diretto-per-unisola-paradisiaca-in-europa\\\/#breadcrumb\"},\"inLanguage\":\"it-IT\",\"potentialAction\":[{\"@type\":\"ReadAction\",\"target\":[\"https:\\\/\\\/www.monaco-tribune.com\\\/it\\\/2024\\\/08\\\/aeroporto-nizza-costa-azzurra-easyjet-lancia-un-nuovo-volo-diretto-per-unisola-paradisiaca-in-europa\\\/\"]}]},{\"@type\":\"ImageObject\",\"inLanguage\":\"it-IT\",\"@id\":\"https:\\\/\\\/www.monaco-tribune.com\\\/it\\\/2024\\\/08\\\/aeroporto-nizza-costa-azzurra-easyjet-lancia-un-nuovo-volo-diretto-per-unisola-paradisiaca-in-europa\\\/#primaryimage\",\"url\":\"https:\\\/\\\/www.monaco-tribune.com\\\/wp-content\\\/uploads\\\/2024\\\/07\\\/easy-jet-aeroport-nice-cote-dazur.jpeg\",\"contentUrl\":\"https:\\\/\\\/www.monaco-tribune.com\\\/wp-content\\\/uploads\\\/2024\\\/07\\\/easy-jet-aeroport-nice-cote-dazur.jpeg\",\"width\":1200,\"height\":776,\"caption\":\"Easyjet offre un nuovo volo diretto tra Nizza e Tenerife \u00a9 A\u00e9roport Nice C\u00f4te d'Azur\"},{\"@type\":\"BreadcrumbList\",\"@id\":\"https:\\\/\\\/www.monaco-tribune.com\\\/it\\\/2024\\\/08\\\/aeroporto-nizza-costa-azzurra-easyjet-lancia-un-nuovo-volo-diretto-per-unisola-paradisiaca-in-europa\\\/#breadcrumb\",\"itemListElement\":[{\"@type\":\"ListItem\",\"position\":1,\"name\":\"Accueil\",\"item\":\"https:\\\/\\\/www.monaco-tribune.com\\\/it\\\/\"},{\"@type\":\"ListItem\",\"position\":2,\"name\":\"Aeroporto Nizza Costa Azzurra: easyJet lancia un nuovo volo per un&#8217;isola paradisiaca in Europa\"}]},{\"@type\":\"WebSite\",\"@id\":\"https:\\\/\\\/www.monaco-tribune.com\\\/it\\\/#website\",\"url\":\"https:\\\/\\\/www.monaco-tribune.com\\\/it\\\/\",\"name\":\"Monaco Tribune\",\"description\":\"Monaco : actualit\u00e9s \u00e9conomiques, politiques, culturelles et sportives de Monaco et de la French Riviera.\",\"publisher\":{\"@id\":\"https:\\\/\\\/www.monaco-tribune.com\\\/it\\\/#organization\"},\"potentialAction\":[{\"@type\":\"SearchAction\",\"target\":{\"@type\":\"EntryPoint\",\"urlTemplate\":\"https:\\\/\\\/www.monaco-tribune.com\\\/it\\\/?s={search_term_string}\"},\"query-input\":{\"@type\":\"PropertyValueSpecification\",\"valueRequired\":true,\"valueName\":\"search_term_string\"}}],\"inLanguage\":\"it-IT\"},{\"@type\":\"Organization\",\"@id\":\"https:\\\/\\\/www.monaco-tribune.com\\\/it\\\/#organization\",\"name\":\"Monaco Tribune\",\"url\":\"https:\\\/\\\/www.monaco-tribune.com\\\/it\\\/\",\"logo\":{\"@type\":\"ImageObject\",\"inLanguage\":\"it-IT\",\"@id\":\"https:\\\/\\\/www.monaco-tribune.com\\\/it\\\/#\\\/schema\\\/logo\\\/image\\\/\",\"url\":\"https:\\\/\\\/www.monaco-tribune.com\\\/wp-content\\\/uploads\\\/2022\\\/11\\\/logo-monaco-tribune.png\",\"contentUrl\":\"https:\\\/\\\/www.monaco-tribune.com\\\/wp-content\\\/uploads\\\/2022\\\/11\\\/logo-monaco-tribune.png\",\"width\":1548,\"height\":600,\"caption\":\"Monaco Tribune\"},\"image\":{\"@id\":\"https:\\\/\\\/www.monaco-tribune.com\\\/it\\\/#\\\/schema\\\/logo\\\/image\\\/\"},\"sameAs\":[\"https:\\\/\\\/www.facebook.com\\\/MonacoTribune\",\"https:\\\/\\\/x.com\\\/MonacoTribune\",\"https:\\\/\\\/www.instagram.com\\\/monacotribune\\\/\",\"https:\\\/\\\/www.linkedin.com\\\/company\\\/monaco-tribune\",\"https:\\\/\\\/www.youtube.com\\\/channel\\\/UCHle1MnG6hw1y4lWKijVbMA\"]},{\"@type\":\"Person\",\"@id\":\"https:\\\/\\\/www.monaco-tribune.com\\\/it\\\/#\\\/schema\\\/person\\\/fba2f8d5a098d473c92e84cc43a8f730\",\"name\":\"Agathe Ch\u00e9reau\",\"image\":{\"@type\":\"ImageObject\",\"inLanguage\":\"it-IT\",\"@id\":\"https:\\\/\\\/secure.gravatar.com\\\/avatar\\\/884b20ed9d4430c24d77a3ad560b1c21da67bd6992531a1971822779f9988ea5?s=96&d=mm&r=g\",\"url\":\"https:\\\/\\\/secure.gravatar.com\\\/avatar\\\/884b20ed9d4430c24d77a3ad560b1c21da67bd6992531a1971822779f9988ea5?s=96&d=mm&r=g\",\"contentUrl\":\"https:\\\/\\\/secure.gravatar.com\\\/avatar\\\/884b20ed9d4430c24d77a3ad560b1c21da67bd6992531a1971822779f9988ea5?s=96&d=mm&r=g\",\"caption\":\"Agathe Ch\u00e9reau\"},\"url\":\"https:\\\/\\\/www.monaco-tribune.com\\\/it\\\/author\\\/agathechereau\\\/\"}]}<\/script>\n<!-- \/ Yoast SEO Premium plugin. -->","yoast_head_json":{"title":"Aeroporto Nizza Costa Azzurra: easyJet lancia un nuovo volo per un'isola paradisiaca in Europa","description":"Non \u00e8 mai stato cos\u00ec facile raggiungere questa destinazione spagnola baciata dal sole dall'aeroporto di Nizza Costa Azzurra! Oltre alle nuove rotte per","robots":{"index":"index","follow":"follow","max-snippet":"max-snippet:-1","max-image-preview":"max-image-preview:large","max-video-preview":"max-video-preview:-1"},"canonical":"https:\/\/www.monaco-tribune.com\/it\/2024\/08\/aeroporto-nizza-costa-azzurra-easyjet-lancia-un-nuovo-volo-diretto-per-unisola-paradisiaca-in-europa\/","og_locale":"it_IT","og_type":"article","og_title":"Aeroporto Nizza Costa Azzurra: easyJet lancia un nuovo volo per un'isola paradisiaca in Europa - Monaco Tribune","og_description":"Non \u00e8 mai stato cos\u00ec facile raggiungere questa destinazione spagnola baciata dal sole dall'aeroporto di Nizza Costa Azzurra! Oltre alle nuove rotte per","og_url":"https:\/\/www.monaco-tribune.com\/it\/2024\/08\/aeroporto-nizza-costa-azzurra-easyjet-lancia-un-nuovo-volo-diretto-per-unisola-paradisiaca-in-europa\/","og_site_name":"Monaco Tribune","article_publisher":"https:\/\/www.facebook.com\/MonacoTribune","article_published_time":"2024-08-27T07:42:13+00:00","article_modified_time":"2024-08-27T10:18:36+00:00","og_image":[{"width":1200,"height":776,"url":"https:\/\/www.monaco-tribune.com\/wp-content\/uploads\/2024\/07\/easy-jet-aeroport-nice-cote-dazur.jpeg","type":"image\/jpeg"}],"author":"Agathe Ch\u00e9reau","twitter_card":"summary_large_image","twitter_creator":"@MonacoTribune","twitter_site":"@MonacoTribune","schema":{"@context":"https:\/\/schema.org","@graph":[{"@type":"NewsArticle","@id":"https:\/\/www.monaco-tribune.com\/it\/2024\/08\/aeroporto-nizza-costa-azzurra-easyjet-lancia-un-nuovo-volo-diretto-per-unisola-paradisiaca-in-europa\/#article","isPartOf":{"@id":"https:\/\/www.monaco-tribune.com\/it\/2024\/08\/aeroporto-nizza-costa-azzurra-easyjet-lancia-un-nuovo-volo-diretto-per-unisola-paradisiaca-in-europa\/"},"author":{"name":"Agathe Ch\u00e9reau","@id":"https:\/\/www.monaco-tribune.com\/it\/#\/schema\/person\/fba2f8d5a098d473c92e84cc43a8f730"},"headline":"Aeroporto Nizza Costa Azzurra: easyJet lancia un nuovo volo per un&#8217;isola paradisiaca in Europa","datePublished":"2024-08-27T07:42:13+00:00","dateModified":"2024-08-27T10:18:36+00:00","mainEntityOfPage":{"@id":"https:\/\/www.monaco-tribune.com\/it\/2024\/08\/aeroporto-nizza-costa-azzurra-easyjet-lancia-un-nuovo-volo-diretto-per-unisola-paradisiaca-in-europa\/"},"wordCount":234,"publisher":{"@id":"https:\/\/www.monaco-tribune.com\/it\/#organization"},"image":{"@id":"https:\/\/www.monaco-tribune.com\/it\/2024\/08\/aeroporto-nizza-costa-azzurra-easyjet-lancia-un-nuovo-volo-diretto-per-unisola-paradisiaca-in-europa\/#primaryimage"},"thumbnailUrl":"https:\/\/www.monaco-tribune.com\/wp-content\/uploads\/2024\/07\/easy-jet-aeroport-nice-cote-dazur.jpeg","keywords":["Aeroporto di Nizza"],"articleSection":["Cosa fare","Notizie"],"inLanguage":"it-IT","copyrightYear":"2024","copyrightHolder":{"@id":"https:\/\/www.monaco-tribune.com\/#organization"}},{"@type":"WebPage","@id":"https:\/\/www.monaco-tribune.com\/it\/2024\/08\/aeroporto-nizza-costa-azzurra-easyjet-lancia-un-nuovo-volo-diretto-per-unisola-paradisiaca-in-europa\/","url":"https:\/\/www.monaco-tribune.com\/it\/2024\/08\/aeroporto-nizza-costa-azzurra-easyjet-lancia-un-nuovo-volo-diretto-per-unisola-paradisiaca-in-europa\/","name":"Aeroporto Nizza Costa Azzurra: easyJet lancia un nuovo volo per un'isola paradisiaca in Europa","isPartOf":{"@id":"https:\/\/www.monaco-tribune.com\/it\/#website"},"primaryImageOfPage":{"@id":"https:\/\/www.monaco-tribune.com\/it\/2024\/08\/aeroporto-nizza-costa-azzurra-easyjet-lancia-un-nuovo-volo-diretto-per-unisola-paradisiaca-in-europa\/#primaryimage"},"image":{"@id":"https:\/\/www.monaco-tribune.com\/it\/2024\/08\/aeroporto-nizza-costa-azzurra-easyjet-lancia-un-nuovo-volo-diretto-per-unisola-paradisiaca-in-europa\/#primaryimage"},"thumbnailUrl":"https:\/\/www.monaco-tribune.com\/wp-content\/uploads\/2024\/07\/easy-jet-aeroport-nice-cote-dazur.jpeg","datePublished":"2024-08-27T07:42:13+00:00","dateModified":"2024-08-27T10:18:36+00:00","description":"Non \u00e8 mai stato cos\u00ec facile raggiungere questa destinazione spagnola baciata dal sole dall'aeroporto di Nizza Costa Azzurra! Oltre alle nuove rotte per","breadcrumb":{"@id":"https:\/\/www.monaco-tribune.com\/it\/2024\/08\/aeroporto-nizza-costa-azzurra-easyjet-lancia-un-nuovo-volo-diretto-per-unisola-paradisiaca-in-europa\/#breadcrumb"},"inLanguage":"it-IT","potentialAction":[{"@type":"ReadAction","target":["https:\/\/www.monaco-tribune.com\/it\/2024\/08\/aeroporto-nizza-costa-azzurra-easyjet-lancia-un-nuovo-volo-diretto-per-unisola-paradisiaca-in-europa\/"]}]},{"@type":"ImageObject","inLanguage":"it-IT","@id":"https:\/\/www.monaco-tribune.com\/it\/2024\/08\/aeroporto-nizza-costa-azzurra-easyjet-lancia-un-nuovo-volo-diretto-per-unisola-paradisiaca-in-europa\/#primaryimage","url":"https:\/\/www.monaco-tribune.com\/wp-content\/uploads\/2024\/07\/easy-jet-aeroport-nice-cote-dazur.jpeg","contentUrl":"https:\/\/www.monaco-tribune.com\/wp-content\/uploads\/2024\/07\/easy-jet-aeroport-nice-cote-dazur.jpeg","width":1200,"height":776,"caption":"Easyjet offre un nuovo volo diretto tra Nizza e Tenerife \u00a9 A\u00e9roport Nice C\u00f4te d'Azur"},{"@type":"BreadcrumbList","@id":"https:\/\/www.monaco-tribune.com\/it\/2024\/08\/aeroporto-nizza-costa-azzurra-easyjet-lancia-un-nuovo-volo-diretto-per-unisola-paradisiaca-in-europa\/#breadcrumb","itemListElement":[{"@type":"ListItem","position":1,"name":"Accueil","item":"https:\/\/www.monaco-tribune.com\/it\/"},{"@type":"ListItem","position":2,"name":"Aeroporto Nizza Costa Azzurra: easyJet lancia un nuovo volo per un&#8217;isola paradisiaca in Europa"}]},{"@type":"WebSite","@id":"https:\/\/www.monaco-tribune.com\/it\/#website","url":"https:\/\/www.monaco-tribune.com\/it\/","name":"Monaco Tribune","description":"Monaco : actualit\u00e9s \u00e9conomiques, politiques, culturelles et sportives de Monaco et de la French Riviera.","publisher":{"@id":"https:\/\/www.monaco-tribune.com\/it\/#organization"},"potentialAction":[{"@type":"SearchAction","target":{"@type":"EntryPoint","urlTemplate":"https:\/\/www.monaco-tribune.com\/it\/?s={search_term_string}"},"query-input":{"@type":"PropertyValueSpecification","valueRequired":true,"valueName":"search_term_string"}}],"inLanguage":"it-IT"},{"@type":"Organization","@id":"https:\/\/www.monaco-tribune.com\/it\/#organization","name":"Monaco Tribune","url":"https:\/\/www.monaco-tribune.com\/it\/","logo":{"@type":"ImageObject","inLanguage":"it-IT","@id":"https:\/\/www.monaco-tribune.com\/it\/#\/schema\/logo\/image\/","url":"https:\/\/www.monaco-tribune.com\/wp-content\/uploads\/2022\/11\/logo-monaco-tribune.png","contentUrl":"https:\/\/www.monaco-tribune.com\/wp-content\/uploads\/2022\/11\/logo-monaco-tribune.png","width":1548,"height":600,"caption":"Monaco Tribune"},"image":{"@id":"https:\/\/www.monaco-tribune.com\/it\/#\/schema\/logo\/image\/"},"sameAs":["https:\/\/www.facebook.com\/MonacoTribune","https:\/\/x.com\/MonacoTribune","https:\/\/www.instagram.com\/monacotribune\/","https:\/\/www.linkedin.com\/company\/monaco-tribune","https:\/\/www.youtube.com\/channel\/UCHle1MnG6hw1y4lWKijVbMA"]},{"@type":"Person","@id":"https:\/\/www.monaco-tribune.com\/it\/#\/schema\/person\/fba2f8d5a098d473c92e84cc43a8f730","name":"Agathe Ch\u00e9reau","image":{"@type":"ImageObject","inLanguage":"it-IT","@id":"https:\/\/secure.gravatar.com\/avatar\/884b20ed9d4430c24d77a3ad560b1c21da67bd6992531a1971822779f9988ea5?s=96&d=mm&r=g","url":"https:\/\/secure.gravatar.com\/avatar\/884b20ed9d4430c24d77a3ad560b1c21da67bd6992531a1971822779f9988ea5?s=96&d=mm&r=g","contentUrl":"https:\/\/secure.gravatar.com\/avatar\/884b20ed9d4430c24d77a3ad560b1c21da67bd6992531a1971822779f9988ea5?s=96&d=mm&r=g","caption":"Agathe Ch\u00e9reau"},"url":"https:\/\/www.monaco-tribune.com\/it\/author\/agathechereau\/"}]}},"_links":{"self":[{"href":"https:\/\/www.monaco-tribune.com\/it\/wp-json\/wp\/v2\/posts\/247533","targetHints":{"allow":["GET"]}}],"collection":[{"href":"https:\/\/www.monaco-tribune.com\/it\/wp-json\/wp\/v2\/posts"}],"about":[{"href":"https:\/\/www.monaco-tribune.com\/it\/wp-json\/wp\/v2\/types\/post"}],"author":[{"embeddable":true,"href":"https:\/\/www.monaco-tribune.com\/it\/wp-json\/wp\/v2\/users\/47"}],"replies":[{"embeddable":true,"href":"https:\/\/www.monaco-tribune.com\/it\/wp-json\/wp\/v2\/comments?post=247533"}],"version-history":[{"count":2,"href":"https:\/\/www.monaco-tribune.com\/it\/wp-json\/wp\/v2\/posts\/247533\/revisions"}],"predecessor-version":[{"id":247582,"href":"https:\/\/www.monaco-tribune.com\/it\/wp-json\/wp\/v2\/posts\/247533\/revisions\/247582"}],"wp:featuredmedia":[{"embeddable":true,"href":"https:\/\/www.monaco-tribune.com\/it\/wp-json\/wp\/v2\/media\/242789"}],"wp:attachment":[{"href":"https:\/\/www.monaco-tribune.com\/it\/wp-json\/wp\/v2\/media?parent=247533"}],"wp:term":[{"taxonomy":"category","embeddable":true,"href":"https:\/\/www.monaco-tribune.com\/it\/wp-json\/wp\/v2\/categories?post=247533"},{"taxonomy":"post_tag","embeddable":true,"href":"https:\/\/www.monaco-tribune.com\/it\/wp-json\/wp\/v2\/tags?post=247533"},{"taxonomy":"sectag","embeddable":true,"href":"https:\/\/www.monaco-tribune.com\/it\/wp-json\/wp\/v2\/post_sectags?post=247533"},{"taxonomy":"format","embeddable":true,"href":"https:\/\/www.monaco-tribune.com\/it\/wp-json\/wp\/v2\/post_format?post=247533"}],"curies":[{"name":"wp","href":"https:\/\/api.w.org\/{rel}","templated":true}]}}