{"id":247981,"date":"2024-08-30T17:19:41","date_gmt":"2024-08-30T15:19:41","guid":{"rendered":"https:\/\/www.monaco-tribune.com\/2024\/08\/novak-djokovic-una-carriera-doro\/"},"modified":"2024-08-30T17:20:02","modified_gmt":"2024-08-30T15:20:02","slug":"novak-djokovic-una-carriera-doro","status":"publish","type":"post","link":"https:\/\/www.monaco-tribune.com\/it\/2024\/08\/novak-djokovic-una-carriera-doro\/","title":{"rendered":"Novak Djokovic: una carriera d\u2019oro"},"content":{"rendered":"\n<p><strong>Con la medaglia d\u2019oro alle Olimpiadi di Parigi, il tennista serbo ha conquistato l&#8217;unico titolo che non aveva ancora vinto. Uno sguardo alla straordinaria carriera di un residente monegasco, le cui opinioni fanno notizia quanto i suoi successi sportivi.<\/strong><\/p>\n\n<p>Una partita che passer\u00e0 alla storia. Domenica 4 agosto, dopo due set pi\u00f9 combattuti che mai (7-6, 7-6) e contro un Carlos Alcaraz al massimo, Novak Djokovic ha vinto la medaglia d&#8217;oro olimpica. Era l&#8217;unico trofeo che ancora mancava nella bacheca del tennista serbo che, a 37 anni, \u00e8 stato il giocatore pi\u00f9 anziano a partecipare a una finale olimpica.<\/p>\n\n<p>Conquistando il gradino pi\u00f9 alto del podio ai Giochi Olimpici di Parigi 2024, Novak Djokovic ha realizzato l&#8217;impossibile, aggiudicandosi probabilmente il titolo di pi\u00f9 grande tennista di tutti i tempi. Una leggenda. Un monumento. L\u2019aurea conclusione di una carriera straordinaria, costruita con pazienza fin dall&#8217;infanzia nell&#8217;ex Jugoslavia.<\/p>\n\n<blockquote class=\"instagram-media\" data-instgrm-captioned=\"\" data-instgrm-permalink=\"https:\/\/www.instagram.com\/p\/C-S5h_BtmF4\/?utm_source=ig_embed&#038;utm_campaign=loading\" data-instgrm-version=\"14\" style=\" background:#FFF; border:0; border-radius:3px; box-shadow:0 0 1px 0 rgba(0,0,0,0.5),0 1px 10px 0 rgba(0,0,0,0.15); margin: 1px; max-width:540px; min-width:326px; padding:0; width:99.375%; width:-webkit-calc(100% - 2px); width:calc(100% - 2px);\"><div style=\"padding:16px;\"> <a href=\"https:\/\/www.instagram.com\/p\/C-S5h_BtmF4\/?utm_source=ig_embed&#038;utm_campaign=loading\" style=\" background:#FFFFFF; line-height:0; padding:0 0; text-align:center; text-decoration:none; width:100%;\" target=\"_blank\" rel=\"noopener\"> <div style=\" display: flex; flex-direction: row; align-items: center;\"> <div style=\"background-color: #F4F4F4; border-radius: 50%; flex-grow: 0; height: 40px; margin-right: 14px; width: 40px;\"><\/div> <div style=\"display: flex; flex-direction: column; flex-grow: 1; justify-content: center;\"> <div style=\" background-color: #F4F4F4; border-radius: 4px; flex-grow: 0; height: 14px; margin-bottom: 6px; width: 100px;\"><\/div> <div style=\" background-color: #F4F4F4; border-radius: 4px; flex-grow: 0; height: 14px; width: 60px;\"><\/div><\/div><\/div><div style=\"padding: 19% 0;\"><\/div> <div style=\"display:block; height:50px; margin:0 auto 12px; width:50px;\"><svg width=\"50px\" height=\"50px\" viewbox=\"0 0 60 60\" version=\"1.1\" xmlns=\"https:\/\/www.w3.org\/2000\/svg\" xmlns:xlink=\"https:\/\/www.w3.org\/1999\/xlink\"><g stroke=\"none\" stroke-width=\"1\" fill=\"none\" fill-rule=\"evenodd\"><g transform=\"translate(-511.000000, -20.000000)\" fill=\"#000000\"><g><path d=\"M556.869,30.41 C554.814,30.41 553.148,32.076 553.148,34.131 C553.148,36.186 554.814,37.852 556.869,37.852 C558.924,37.852 560.59,36.186 560.59,34.131 C560.59,32.076 558.924,30.41 556.869,30.41 M541,60.657 C535.114,60.657 530.342,55.887 530.342,50 C530.342,44.114 535.114,39.342 541,39.342 C546.887,39.342 551.658,44.114 551.658,50 C551.658,55.887 546.887,60.657 541,60.657 M541,33.886 C532.1,33.886 524.886,41.1 524.886,50 C524.886,58.899 532.1,66.113 541,66.113 C549.9,66.113 557.115,58.899 557.115,50 C557.115,41.1 549.9,33.886 541,33.886 M565.378,62.101 C565.244,65.022 564.756,66.606 564.346,67.663 C563.803,69.06 563.154,70.057 562.106,71.106 C561.058,72.155 560.06,72.803 558.662,73.347 C557.607,73.757 556.021,74.244 553.102,74.378 C549.944,74.521 548.997,74.552 541,74.552 C533.003,74.552 532.056,74.521 528.898,74.378 C525.979,74.244 524.393,73.757 523.338,73.347 C521.94,72.803 520.942,72.155 519.894,71.106 C518.846,70.057 518.197,69.06 517.654,67.663 C517.244,66.606 516.755,65.022 516.623,62.101 C516.479,58.943 516.448,57.996 516.448,50 C516.448,42.003 516.479,41.056 516.623,37.899 C516.755,34.978 517.244,33.391 517.654,32.338 C518.197,30.938 518.846,29.942 519.894,28.894 C520.942,27.846 521.94,27.196 523.338,26.654 C524.393,26.244 525.979,25.756 528.898,25.623 C532.057,25.479 533.004,25.448 541,25.448 C548.997,25.448 549.943,25.479 553.102,25.623 C556.021,25.756 557.607,26.244 558.662,26.654 C560.06,27.196 561.058,27.846 562.106,28.894 C563.154,29.942 563.803,30.938 564.346,32.338 C564.756,33.391 565.244,34.978 565.378,37.899 C565.522,41.056 565.552,42.003 565.552,50 C565.552,57.996 565.522,58.943 565.378,62.101 M570.82,37.631 C570.674,34.438 570.167,32.258 569.425,30.349 C568.659,28.377 567.633,26.702 565.965,25.035 C564.297,23.368 562.623,22.342 560.652,21.575 C558.743,20.834 556.562,20.326 553.369,20.18 C550.169,20.033 549.148,20 541,20 C532.853,20 531.831,20.033 528.631,20.18 C525.438,20.326 523.257,20.834 521.349,21.575 C519.376,22.342 517.703,23.368 516.035,25.035 C514.368,26.702 513.342,28.377 512.574,30.349 C511.834,32.258 511.326,34.438 511.181,37.631 C511.035,40.831 511,41.851 511,50 C511,58.147 511.035,59.17 511.181,62.369 C511.326,65.562 511.834,67.743 512.574,69.651 C513.342,71.625 514.368,73.296 516.035,74.965 C517.703,76.634 519.376,77.658 521.349,78.425 C523.257,79.167 525.438,79.673 528.631,79.82 C531.831,79.965 532.853,80.001 541,80.001 C549.148,80.001 550.169,79.965 553.369,79.82 C556.562,79.673 558.743,79.167 560.652,78.425 C562.623,77.658 564.297,76.634 565.965,74.965 C567.633,73.296 568.659,71.625 569.425,69.651 C570.167,67.743 570.674,65.562 570.82,62.369 C570.966,59.17 571,58.147 571,50 C571,41.851 570.966,40.831 570.82,37.631\"><\/path><\/g><\/g><\/g><\/svg><\/div><div style=\"padding-top: 8px;\"> <div style=\" color:#3897f0; font-family:Arial,sans-serif; font-size:14px; font-style:normal; font-weight:550; line-height:18px;\">View this post on Instagram<\/div><\/div><div style=\"padding: 12.5% 0;\"><\/div> <div style=\"display: flex; flex-direction: row; margin-bottom: 14px; align-items: center;\"><div> <div style=\"background-color: #F4F4F4; border-radius: 50%; height: 12.5px; width: 12.5px; transform: translateX(0px) translateY(7px);\"><\/div> <div style=\"background-color: #F4F4F4; height: 12.5px; transform: rotate(-45deg) translateX(3px) translateY(1px); width: 12.5px; flex-grow: 0; margin-right: 14px; margin-left: 2px;\"><\/div> <div style=\"background-color: #F4F4F4; border-radius: 50%; height: 12.5px; width: 12.5px; transform: translateX(9px) translateY(-18px);\"><\/div><\/div><div style=\"margin-left: 8px;\"> <div style=\" background-color: #F4F4F4; border-radius: 50%; flex-grow: 0; height: 20px; width: 20px;\"><\/div> <div style=\" width: 0; height: 0; border-top: 2px solid transparent; border-left: 6px solid #f4f4f4; border-bottom: 2px solid transparent; transform: translateX(16px) translateY(-4px) rotate(30deg)\"><\/div><\/div><div style=\"margin-left: auto;\"> <div style=\" width: 0px; border-top: 8px solid #F4F4F4; border-right: 8px solid transparent; transform: translateY(16px);\"><\/div> <div style=\" background-color: #F4F4F4; flex-grow: 0; height: 12px; width: 16px; transform: translateY(-4px);\"><\/div> <div style=\" width: 0; height: 0; border-top: 8px solid #F4F4F4; border-left: 8px solid transparent; transform: translateY(-4px) translateX(8px);\"><\/div><\/div><\/div> <div style=\"display: flex; flex-direction: column; flex-grow: 1; justify-content: center; margin-bottom: 24px;\"> <div style=\" background-color: #F4F4F4; border-radius: 4px; flex-grow: 0; height: 14px; margin-bottom: 6px; width: 224px;\"><\/div> <div style=\" background-color: #F4F4F4; border-radius: 4px; flex-grow: 0; height: 14px; width: 144px;\"><\/div><\/div><\/a><p style=\" color:#c9c8cd; font-family:Arial,sans-serif; font-size:14px; line-height:17px; margin-bottom:0; margin-top:8px; overflow:hidden; padding:8px 0 7px; text-align:center; text-overflow:ellipsis; white-space:nowrap;\"><a href=\"https:\/\/www.instagram.com\/p\/C-S5h_BtmF4\/?utm_source=ig_embed&#038;utm_campaign=loading\" style=\" color:#c9c8cd; font-family:Arial,sans-serif; font-size:14px; font-style:normal; font-weight:normal; line-height:17px; text-decoration:none;\" target=\"_blank\" rel=\"noopener\">A post shared by The Olympic Games (@olympics)<\/a><\/p><\/div><\/blockquote>\r\n<script async=\"\" src=\"\/\/www.instagram.com\/embed.js\"><\/script>\r\n\n<h2 class=\"wp-block-heading\" id=\"h-dominer-le-tennis-mondial-un-reve-d-enfant-devenu-realite\">Dominare il tennis mondiale: un sogno d&#8217;infanzia che diventa realt\u00e0<\/h2>\n\n<p>Affermarsi come il miglior tennista del mondo: per il piccolo Novak<a href=\"https:\/\/www.youtube.com\/watch?v=3jcFOol59Hk\">, all&#8217;epoca solo 7 anni e gi\u00e0 intervistato dalla televisione serba<\/a>, l&#8217;obiettivo era chiaro. Nel corso dell\u2019intervista, il Djokovic bambino ammette di essere un <em>giocatore corretto <\/em>e si compiace con s\u00e9 stesso di riuscire a non perdere mai la calma contro un avversario migliore di lui. Poi continua: per il bambino di Belgrado, prima che un gioco il tennis \u00e8 un dovere. Raggiunger\u00e0 i massimi livelli di questo sport e niente e nessuno lo ostacoleranno nel suo cammino verso la vetta del tennis mondiale.<\/p>\n\n<figure class=\"wp-block-embed aligncenter is-type-video is-provider-youtube wp-block-embed-youtube wp-embed-aspect-4-3 wp-has-aspect-ratio\"><div class=\"wp-block-embed__wrapper\">\r\n<iframe title=\"Novak Djokovic - Intervju sa 7 godina\" width=\"500\" height=\"375\" src=\"https:\/\/www.youtube.com\/embed\/3jcFOol59Hk?feature=oembed\" frameborder=\"0\" allow=\"accelerometer; autoplay; clipboard-write; encrypted-media; gyroscope; picture-in-picture; web-share\" referrerpolicy=\"strict-origin-when-cross-origin\" allowfullscreen><\/iframe>\r\n<\/div><\/figure>\r\n\n<p>Questo perch\u00e9 il giovanissimo Novak ha iniziato a tenere la racchetta in mano dall\u2019et\u00e0 di 4 anni. Nato il 22 maggio 1987 a Belgrado, \u00e8 il primogenito degli sciatori serbi Sr\u0111an e Dijana Djokovic, che in seguito si sono dedicati alla ristorazione. Proveniente da un contensto piuttosto modesto, Novak ha mosso i primi passi sui campi da gioco in compagnia dei suoi due fratelli minori, Marko e \u0110or\u0111e. Nel 2003, all&#8217;et\u00e0 di 16 anni, il giovane prodigio entra nel circuito professionistico. L&#8217;anno successivo raggiunge le semifinali juniores (singolo e doppio) degli Australian Open. Il razzo Djokovic era partito. E non si \u00e8 mai pi\u00f9 fermato.<\/p>\n\n<p>Dall&#8217;inizio del 2010, le vittorie si susseguono, i record iniziano ad arrivare e le qualificazioni non si contano pi\u00f9. Primo al mondo nella classifica ATP nel 2011. Ancora primo posto nel 2012, anno in cui \u00e8 stato anche nominato miglior sportivo dell&#8217;anno da diverse organizzazioni. Nel 2013, Djokovic vince il suo terzo Australian Open consecutivo, nonch\u00e9 il suo terzo Masters.<\/p>\n\n<p>Tre anni dopo, a Parigi, il tennista vince per la prima volta l\u2019Open di Francia su un campo di terra battuta. Nel 2024, Novak Djokovic vantava ben 24 titoli del Grande Slam, oltre a detenere il record mondiale di titoli di Masters.<\/p>\n\n<p>Con uno dei palmares pi\u00f9 completi dell&#8217;era Open, il serbo \u00e8 giustamente considerato, insieme a Roger Federer e Rafael Nadal, uno dei pi\u00f9 grandi tennisti di tutti i tempi. Una leggenda vivente della pallina gialla.<\/p>\n\n<p>Una leggenda che, come quella di molti sportivi eccezionali, \u00e8 dovuta non solo alla perseveranza dell&#8217;atleta, ma anche all&#8217;immancabile sostegno di chi lo circonda. A cominciare dalla moglie, Jelena. \u00c8 proprio lei, che lo ha conosciuto sui banchi di un liceo di Belgrado nel 2003, che lo accompagna ovunque vada. Non sorprende quindi che, nel 2014, Djokovic sposasse la sua prima sostenitrice in Montenegro.<\/p>\n\n<h2 class=\"wp-block-heading\" id=\"h-la-famille-au-premier-rang\">La famiglia prima di tutto<\/h2>\n\n<p>&#8220;Quando l\u2019ho vista per la prima volta camminare verso di me (&#8230;) in abito da sposa, ho pensato che sembrava un angelo&#8221;, <a href=\"https:\/\/www.gala.fr\/l_actu\/news_de_stars\/love-story-novak-djokovic-et-sa-femme-jelena-un-amour-de-jeunesse-devenu-une-histoire-sans-revers_544344\">ricorda<\/a> il tennista, non senza riconoscere le difficolt\u00e0 che la relazione ha dovuto affrontare per il suo status di superstar del tennis.<\/p>\n\n<p>Sebbene il rapporto tra Novak e Jelena abbia sofferto a causa della distanza, il giocatore ha infine ammesso che era &#8220;inevitabile che dovessimo condividere questo viaggio insieme, che Jelena dovesse appoggiare questa vita, altrimenti non avremmo potuto stare insieme&#8221;. Jelena, che dal 2007 \u00e8 direttrice della Fondazione Novak Djokovic, e suo marito sono diventati una coppia solida che ha resistito alla prova del tempo e alle pressioni dello sport e dei media.<\/p>\n\n<p>Novak e Jelena hanno dato alla luce due figli: Stefan, nato nel 2014, e Tara, nata nel 2017. Anche se Tara \u00e8 ancora piccola per rendersi conto della popolarit\u00e0 del padre, Stefan ora lo segue e lo incoraggia nella maggior parte delle partite. Un sostegno su cui Novak dice di contare molto, visto che afferma di essere particolarmente entusiasta di poter giocare e vincere davanti ai suoi figli. Un pap\u00e0 star con cui per\u00f2 non \u00e8 sempre facile tenere il passo.<\/p>\n\n<a id=\"rqDvA7qHQKlvZmnXSQd0rw\" class=\"gie-single\" href=\"http:\/\/www.gettyimages.com\/detail\/1497694427\" target=\"_blank\" style=\"color:#a7a7a7;text-decoration:none;font-weight:normal !important;border:none;display:inline-block;\" rel=\"noopener\">Embed from Getty Images<\/a><script>window.gie=window.gie||function(c){(gie.q=gie.q||[]).push(c)};gie(function(){gie.widgets.load({id:'rqDvA7qHQKlvZmnXSQd0rw',sig:'FtK7WCVjTTjynYVVhADH8V_jrUfvdy32UWi7PQcijI0=',w:'594px',h:'394px',items:'1497694427',caption: true ,tld:'com',is360: false })});<\/script><script src=\"\/\/embed-cdn.gettyimages.com\/widgets.js\" charset=\"utf-8\" async=\"\"><\/script>\r\n\n<p>Rinomato per i suoi sbalzi d&#8217;umore, Novak pu\u00f2, per sua stessa ammissione, <u>sprigionare<\/u> una &#8220;energia dinamica che pu\u00f2 trasformarsi in un ruggito o in un&#8217;esplosione&#8221;. Un carattere irascibile \u2013 forse troppo? -che a volte fa parlare di lui pi\u00f9 di quanto non facciano i successi sportivi.<\/p>\n\n<h2 class=\"wp-block-heading\" id=\"h-des-convictions-chevillees-au-corps\">Convinzioni forti<\/h2>\n\n<p>Perch\u00e9 quando Djokovic fa notizia, non sempre \u00e8 per le ragioni &#8220;giuste&#8221;. Armato di convinzioni forti tanto quanto i suoi dritti, il giocatore non esita a condividere la sua opinione. E non importa se questa si scontra con il pensiero dominante.<\/p>\n\n<p>Novak ne ha pagato il prezzo durante la crisi sanitaria, quando si \u00e8 opposto alla vaccinazione contro il Covid-19 &#8211; o, pi\u00f9 precisamente, alla vaccinazione obbligatoria, e non ha esitato a renderlo noto. Al punto da provocare una mini-crisi diplomatica internazionale e una protesta mondiale degna del personaggio.<\/p>\n\n<p>Nel gennaio 2022, Djokovic arriva all&#8217;aeroporto di Melbourne, dove avrebbe dovuto partecipare agli Australian Open. Il problema \u00e8 che il giocatore si \u00e8 rifiutato di rivelare il suo stato di vaccinazione, anche se l\u2019informazione era obbligatoria per partecipare al torneo. Fermato dalle autorit\u00e0 appena sceso dall&#8217;aereo, su pressione dei cittadini stufi di questo doppio standard, il tennista numero 1 del mondo \u00e8 stato messo in isolamento, si \u00e8 visto annullare il visto ed \u00e8 infine stato espulso dal Paese.<\/p>\n\n<a id=\"46F3bQoVQDdeJ8ffet1qJg\" class=\"gie-single\" href=\"http:\/\/www.gettyimages.com\/detail\/1672987625\" target=\"_blank\" style=\"color:#a7a7a7;text-decoration:none;font-weight:normal !important;border:none;display:inline-block;\" rel=\"noopener\">Embed from Getty Images<\/a><script>window.gie=window.gie||function(c){(gie.q=gie.q||[]).push(c)};gie(function(){gie.widgets.load({id:'46F3bQoVQDdeJ8ffet1qJg',sig:'cMHNCI3bTrw5fO3CPEogDDen09HlmD90057-aHMO14s=',w:'594px',h:'396px',items:'1672987625',caption: true ,tld:'com',is360: false })});<\/script><script src=\"\/\/embed-cdn.gettyimages.com\/widgets.js\" charset=\"utf-8\" async=\"\"><\/script>\r\n\n<p>Bandito dalla competizione per motivi &#8220;politici&#8221;, il tennista \u00e8 diventato l&#8217;araldo della campagna mondiale no-vax. &#8220;Novak \u00e8 diventato il simbolo e il leader del mondo libero&#8221;, ha dichiarato il padre, Srdjan Djokovic, che ha persino paragonato le disavventure del figlio alla crocifissione di Ges\u00f9 Cristo. Sostenendo la causa della lotta contro &#8220;Big Pharma&#8221;, Novak \u00e8 stato celebrato come un eroe da alcuni e schernito da altri.<\/p>\n\n<p>Ampiamente riportata e commentata dai media di tutto il mondo, l\u2019avventura tragicomica australiana di Djokovic lascer\u00e0 le sue cicatrici. A distanza di quasi due anni, il tennista ricorda ancora con dolore l\u2019episodio: &#8220;tutto il mondo era contro di me&#8221;, ha dichiarato Novak in un&#8217;intervista dello scorso dicembre, <a href=\"https:\/\/www.gala.fr\/l_actu\/news_de_stars\/novak-djokovic-supermechant-mondial-le-tennisman-en-colere-son-enorme-coup-de-gueule_534316\">rammaricandosi di essere stato descritto<\/a> &#8220;come un supercriminale mondiale&#8221;.<\/p>\n\n<p>Una nomina che tuttavia non gli ha impedito, l&#8217;anno successivo, di fare il suo grande ritorno agli Australian Open, che ha vinto il 23 gennaio. N\u00e9 di vincere, poche settimane dopo, i Roland-Garros strappando ancora una volta il titolo di numero 1 al mondo a Rafael Nadal.<\/p>\n\n<h2 class=\"wp-block-heading\" id=\"h-toujours-fidele-a-lui-meme\">Sempre fedele a s\u00e9 stesso<\/h2>\n\n<p>Contemporaneamente, Djokovic e sua moglie hanno investito in una societ\u00e0 danese specializzata in biotecnologie, nella speranza di trovare una cura alternativa per il Covid-19. Sempre nel 2020, il giocatore ha donato un milione di euro alla Serbia, per fornire attrezzature mediche agli ospedali e aiutare il suo paese natale a superare la pandemia.<\/p>\n\n<p>\u00c8 un modo per dire al mondo intero che, in campo e nella vita, Djokovic segue la sua strada, quella che ritiene giusta, che piaccia o meno. Non gli importa cosa pensa la gente: una filosofia che la star applica in molti altri ambiti. Alimentazione, denaro, religione, persino diplomazia: il tennista ha un\u2019opinione forte su tutto, o quasi.<\/p>\n\n<p>Ambasciatore dell&#8217;alimentazione gluten-free, Novak Djokovic ha sorpreso i suoi fan annunciando nel 2016 di essere diventato vegetariano. E persino vegano, con l&#8217;eccezione, ovviamente, del pesce: una dieta insolita per uno sportivo del suo calibro.<\/p>\n\n<p>Nel 2018, il multimilionario ha chiesto pubblicamente un aumento dei compensi dei tennisti, che a suo avviso non sono abbastanza elevati.<\/p>\n\n<p>Allo stesso tempo, Djokovic ha annunciato la sua intenzione di staccarsi dal sistema ATP e di creare un &#8220;proprio&#8221; sindacato di giocatori professionisti. Obiettivo che ha realizzato nel 2020, con il lancio della Professional Tennis Players Association (PTPA), che al momento della sua creazione ha riunito circa sessanta giocatori.<\/p>\n\n<h2 class=\"wp-block-heading\" id=\"h-monaco-la-ou-djoko-se-sent-comme-a-la-maison\">Monaco, la seconda casa di Djokovic<\/h2>\n\n<p>Residente monegasco dal 2007, Novak Djokovic non \u00e8 l&#8217;unico tennista ad aver preso la residenza nel Principato, seguito da giocatori come <a href=\"https:\/\/www.monaco-tribune.com\/2020\/11\/masters-atp-daniil-medvedev-tsar-parmi-les-tsars\/\">Daniil Medvedev,<\/a> Holger Rune e <a href=\"https:\/\/www.monaco-tribune.com\/it\/2022\/11\/stefanos-tsitsipas-si-trasferisce-in-un-nuovo-appartamento-a-monaco\/\">Stefanos Tsitsipas<\/a>.<\/p>\n\n<p>La <em>love story <\/em>tra il giocatore serbo e il Principato nasce parecchi anni fa. A soli 17 anni, il giovane Novak trascorreva gi\u00e0 la maggior parte del tempo a Monaco, dove viveva il suo allenatore e dove si tengono tutt\u2019ora diversi tornei importanti.<\/p>\n\n<p>\u00c8 stato quindi naturale che, all&#8217;inizio degli anni 2000, Djokovic abbia deciso di acquistare una casa a Monte-Carlo. E non in un posto qualsiasi: in Avenue Princesse Grace, una delle strade pi\u00f9 costose ed esclusive del mondo.<\/p>\n\n<p>Anche se nel 2020 si \u00e8 trasferito in Spagna, Djokovic non nasconde di aver fatto del Principato di Monaco la sua seconda casa: &#8220;I miei figli sono nati qui&#8221;, <a href=\"https:\/\/montecarlotennismasters.com\/djokovic-et-alcaraz-sur-le-pont\/#:~:text=R%25C3%25A9sident%2520Mon%25C3%25A9gasque%2520depuis%2520de%2520nombreuses,ici%2520comme%2520%25C3%25A0%2520la%2520maison%2520%25C2%25BB.\">ha ricordato<\/a> di recente, &#8220;e il Monte-Carlo Country Club \u00e8 il luogo in cui trascorro la maggior parte del tempo ad allenarmi durante l&#8217;anno. Qui mi sento a casa&#8221;.<\/p>\n\n<a id=\"UuzA5NVfSSdTWDOqciQLXg\" class=\"gie-single\" href=\"http:\/\/www.gettyimages.com\/detail\/470353794\" target=\"_blank\" style=\"color:#a7a7a7;text-decoration:none;font-weight:normal !important;border:none;display:inline-block;\" rel=\"noopener\">Embed from Getty Images<\/a><script>window.gie=window.gie||function(c){(gie.q=gie.q||[]).push(c)};gie(function(){gie.widgets.load({id:'UuzA5NVfSSdTWDOqciQLXg',sig:'v1hc5pYn7eKUPTo9_EacV0lxukTfz4LUN6wpPDQoq00=',w:'594px',h:'396px',items:'470353794',caption: true ,tld:'com',is360: false })});<\/script><script src=\"\/\/embed-cdn.gettyimages.com\/widgets.js\" charset=\"utf-8\" async=\"\"><\/script>\r\n\n<p>Amare la vita a Monaco \u00e8 una cosa. Vincere a Monaco \u00e8 un&#8217;altra. Contro ogni aspettativa, il serbo non vince il Rolex Monte-Carlo Masters dal 2015, scontrandosi, nella migliore delle ipotesi, con un giocatore pi\u00f9 forte di lui nei quarti di finale &#8211; e addirittura saltando volontariamente il torneo lo scorso aprile. &#8220;Monte-Carlo non \u00e8 andata molto bene negli ultimi anni&#8221;, <a href=\"https:\/\/www.eurosport.fr\/tennis\/atp-monte-carlo\/2023\/novak-djokovic-a-t-il-un-probleme-avec-monte-carlo_sto9555595\/story.shtml\">ammette<\/a>, <a href=\"https:\/\/montecarlotennismasters.com\/djokovic-et-alcaraz-sur-le-pont\/#:~:text=R%25C3%25A9sident%2520Mon%25C3%25A9gasque%2520depuis%2520de%2520nombreuses,ici%2520comme%2520%25C3%25A0%2520la%2520maison%2520%25C2%25BB.\">offrendo<\/a> come spiegazione &#8220;la pressione aggiuntiva di giocare &#8216;a casa&#8217; davanti alla (sua) famiglia e ai (suoi) amici&#8221;.<\/p>\n\n<p>O forse \u00e8 il ritmo estenuante che il campione deve mantenere, dato che ogni anno deve gestire la transizione tra la stagione sul duro e quella su terra battuta, che richiede un periodo di adattamento pi\u00f9 lungo e impegnativo.<\/p>\n\n<p>In ogni caso, \u00e8 a Monaco che Novak Djokovic affina le sue abilit\u00e0 tennistiche. Ed \u00e8 a Monaco che mette le basi per le sue future vittorie, pi\u00f9 precisamente al Monte-Carlo Country Club. &#8220;\u00c8 un club che conosco molto bene&#8221;, <a href=\"https:\/\/www.admagazine.fr\/article\/novak-djokovic-decouvrez-portefeuille-immobilier\">ha dichiarato<\/a> nel 2023: &#8220;Molti giocatori di alto livello vivono a Monaco e usano il club come base di allenamento. Il club si trasforma completamente durante le settimane del torneo, ma poter dormire nel proprio letto dopo una partita \u00e8 proprio una bella sensazione&#8221;.<\/p>\n\n<p>La palestra del Country Club, la Thermes marins Monte-Carlo&#8230; Insomma, &#8220;a Monaco c&#8217;\u00e8 tutto quello che si pu\u00f2 desiderare, tutto quello che serve per rilassarsi (&#8230;), tutto quello che serve per stare sereni&#8221;, ha <a href=\"https:\/\/www.20minutes.fr\/sport\/3269651-20220412-monte-carlo-retard-chaque-fois-ca-ressemble-quoi-fastlife-novak-djokovic-monaco\">ammesso<\/a> il giocatore in un&#8217;intervista dei primi anni 2010.<\/p>\n\n<h2 class=\"wp-block-heading\" id=\"h-un-joueur-engage\">Un giocatore impegnato<\/h2>\n\n<p>Djokovic ama Monaco e Monaco ricambia. Tanto che nel 2012 il Principe Alberto II gli ha consegnato personalmente la famosa medaglia in vermeil per l&#8217;educazione fisica e lo sport. Un\u2019onorificenza che premia coloro che, attraverso performance notevoli, una pratica o un insegnamento continui ed esemplari, contribuiscono allo sviluppo dell&#8217;educazione fisica e dello sport nel Principato.<\/p>\n\n<p>Dopotutto, Djokovic non ha aspettato di essere sulla vetta del mondo del tennis per dimostrare il suo coinvolgimento. Membro dei &#8220;<a href=\"https:\/\/www.monaco-tribune.com\/2022\/11\/peace-and-sport-qui-sont-les-six-nouveaux-champions-de-la-paix\/\">Campioni per la pace<\/a>&#8220;, un gruppo di atleti di alto livello creato <a href=\"https:\/\/www.monaco-tribune.com\/it\/tag\/peace-and-sport-it\/\">dall&#8217;organizzazione Peace and Sport<\/a> di Monaco, il tennista usa spesso la sua fama per sostenere le cause che gli stanno a cuore.<\/p>\n<div class=\"wp-block-image\">\n<figure class=\"aligncenter size-full\"><img loading=\"lazy\" decoding=\"async\" width=\"1024\" height=\"683\" src=\"https:\/\/www.monaco-tribune.com\/wp-content\/uploads\/2024\/08\/djokovic_albert2_bouzou-1024x683-1.jpg\" alt=\"\" class=\"wp-image-247637\" srcset=\"https:\/\/www.monaco-tribune.com\/wp-content\/uploads\/2024\/08\/djokovic_albert2_bouzou-1024x683-1.jpg 1024w, https:\/\/www.monaco-tribune.com\/wp-content\/uploads\/2024\/08\/djokovic_albert2_bouzou-1024x683-1-450x300.jpg 450w\" sizes=\"auto, (max-width: 1024px) 100vw, 1024px\" \/><figcaption class=\"wp-element-caption\"><em>\u00a9 Peace and Sport<\/em><\/figcaption><\/figure>\n<\/div>\n<p>Nel 2012, ad esempio, ha partecipato al lancio della Giornata internazionale dello sport per lo sviluppo e la pace presso la sede delle Nazioni Unite. Nel 2015, invece, ha preso parte alla marcia organizzata a Monaco per celebrare il 25\u00b0 anniversario della Convenzione sui diritti dell&#8217;infanzia.<\/p>\n\n<p>O ancora, il 24 giugno scorso ha donato le sue racchette per raccogliere fondi per l&#8217;<a href=\"https:\/\/www.monaco-tribune.com\/2024\/06\/coeur-central-le-prince-albert-ii-et-la-princesse-caroline-ont-participe-a-levenement-prestigieux-du-monte-carlo-country-club\/\">evento &#8220;C\u0153ur central&#8221; al Monte-Carlo Country Club<\/a>, o nel 2021 per l&#8217;<a href=\"https:\/\/www.monaco-tribune.com\/it\/2021\/02\/una-vendita-allasta-per-salvare-gli-oceani\/\">associazione di salvaguardia degli oceani &#8220;Ensemble pour Thalas&#8221;<\/a>.<\/p>\n\n<p><a href=\"https:\/\/www.fondationprincessecharlene.mc\/ambassadeurs#modal905\">In qualit\u00e0 di ambasciatore della Fondazione Principessa Charl\u00e8ne<\/a>, il tennista \u00e8 anche fermamente convinto che &#8220;sostenere i bambini svantaggiati attraverso l&#8217;istruzione e lo sport possa aiutarli a diventare adulti responsabili&#8221;.<\/p>\n\n<a id=\"eqTasnKTRUxjrIedr9zQGQ\" class=\"gie-single\" href=\"http:\/\/www.gettyimages.com\/detail\/469796880\" target=\"_blank\" style=\"color:#a7a7a7;text-decoration:none;font-weight:normal !important;border:none;display:inline-block;\" rel=\"noopener\">Embed from Getty Images<\/a><script>window.gie=window.gie||function(c){(gie.q=gie.q||[]).push(c)};gie(function(){gie.widgets.load({id:'eqTasnKTRUxjrIedr9zQGQ',sig:'tmDcfPit2qchDB_MKxHUcr9Rzjjy00Fkj63fwBbJVl0=',w:'594px',h:'413px',items:'469796880',caption: true ,tld:'com',is360: false })});<\/script><script src=\"\/\/embed-cdn.gettyimages.com\/widgets.js\" charset=\"utf-8\" async=\"\"><\/script>\r\n\n<h2 class=\"wp-block-heading\" id=\"h-aux-jo-de-paris-la-plus-belle-des-victoires\">La vittoria pi\u00f9 grande di tutte? Le Olimpiadi di Parigi<\/h2>\n\n<p>&#8220;I bambini&#8221;, continua Djokovic, &#8220;possono realizzare i loro sogni quando imparano, quando gli si insegna il duro lavoro e i giusti valori&#8221;. Non dimenticare mai i sogni d\u2019infanzia, sempre, fino alla fine: \u00e8 tra le braccia dei suoi figli, Stefan e Tara, che domenica 4 agosto Djokovic ha lasciato <a href=\"https:\/\/www.parismatch.com\/actu\/sport\/et-novak-djokovic-craqua-dans-les-bras-de-sa-fille-tara-240338#13\">parlare le emozioni<\/a>.<\/p>\n\n<blockquote class=\"twitter-tweet\"><p lang=\"und\" dir=\"ltr\">A golden homecoming.  KOD KU\u0106E JE NAJLEP\u0160E \ud83c\uddf7\ud83c\uddf8\u2764\ufe0f\ud83e\udd47 <a href=\"https:\/\/t.co\/8KPvRbcDT4\">pic.twitter.com\/8KPvRbcDT4<\/a><\/p>\u2014 Novak Djokovic (@DjokerNole) <a href=\"https:\/\/twitter.com\/DjokerNole\/status\/1823113890768593187?ref_src=twsrc%5Etfw\">August 12, 2024<\/a><\/blockquote> <script async=\"\" src=\"https:\/\/platform.twitter.com\/widgets.js\" charset=\"utf-8\"><\/script>\r\n\n<p>&#8220;Non potrei essere pi\u00f9 felice, la sensazione che ho provato quando ho vinto l&#8217;incontro \u00e8 stata come nessun&#8217;altra nella mia carriera&#8221;, <a href=\"https:\/\/www.ski-nordique.net\/novak-djokovic-rien-ne-pourra-surpasser-cette-victoire.6681001-476262.html\">ha detto<\/a> il nuovo campione olimpico, commosso fino alle lacrime: &#8220;I dubbi non mancano mai, ma la fede e la convinzione di poter raggiungere i miei obiettivi \u00e8 sempre pi\u00f9 forte. Avevo ben chiaro che questa era la mia ultima possibilit\u00e0 di vincere una medaglia d&#8217;oro olimpica, quindi dovevo concentrarmi il pi\u00f9 possibile sul mio obiettivo. Niente potr\u00e0 mai battere questa vittoria\u201d.<\/p>\n","protected":false},"excerpt":{"rendered":"<p>Con la medaglia d\u2019oro alle Olimpiadi di Parigi, il tennista serbo ha conquistato l&#8217;unico titolo che non aveva ancora vinto. [&hellip;]<\/p>\n","protected":false},"author":78,"featured_media":247663,"comment_status":"closed","ping_status":"closed","sticky":false,"template":"","format":"standard","meta":{"_acf_changed":false,"footnotes":""},"categories":[1826,1738,1743],"tags":[3310],"post_sectags":[],"post_format":[2480],"class_list":["post-247981","post","type-post","status-publish","format-standard","has-post-thumbnail","hentry","category-la-nostra-scelta","category-notizie","category-sport-it","tag-tennis-it","format-profilo"],"acf":[],"yoast_head":"<!-- This site is optimized with the Yoast SEO Premium plugin v26.8 (Yoast SEO v27.4) - https:\/\/yoast.com\/product\/yoast-seo-premium-wordpress\/ -->\n<title>Novak Djokovic: una carriera d\u2019oro<\/title>\n<meta name=\"description\" content=\"Con la medaglia d\u2019oro alle Olimpiadi di Parigi, il tennista serbo ha conquistato l&#039;unico titolo che non aveva ancora vinto. Uno sguardo alla straordinaria\" \/>\n<meta name=\"robots\" content=\"index, follow, max-snippet:-1, max-image-preview:large, max-video-preview:-1\" \/>\n<link rel=\"canonical\" href=\"https:\/\/www.monaco-tribune.com\/it\/2024\/08\/novak-djokovic-una-carriera-doro\/\" \/>\n<meta property=\"og:locale\" content=\"it_IT\" \/>\n<meta property=\"og:type\" content=\"article\" \/>\n<meta property=\"og:title\" content=\"Novak Djokovic: una carriera d\u2019oro - Monaco Tribune\" \/>\n<meta property=\"og:description\" content=\"Con la medaglia d\u2019oro alle Olimpiadi di Parigi, il tennista serbo ha conquistato l&#039;unico titolo che non aveva ancora vinto. Uno sguardo alla straordinaria\" \/>\n<meta property=\"og:url\" content=\"https:\/\/www.monaco-tribune.com\/it\/2024\/08\/novak-djokovic-una-carriera-doro\/\" \/>\n<meta property=\"og:site_name\" content=\"Monaco Tribune\" \/>\n<meta property=\"article:publisher\" content=\"https:\/\/www.facebook.com\/MonacoTribune\" \/>\n<meta property=\"article:published_time\" content=\"2024-08-30T15:19:41+00:00\" \/>\n<meta property=\"article:modified_time\" content=\"2024-08-30T15:20:02+00:00\" \/>\n<meta property=\"og:image\" content=\"https:\/\/www.monaco-tribune.com\/wp-content\/uploads\/2024\/08\/novak-djokovic-olympics-gold-medal.png\" \/>\n\t<meta property=\"og:image:width\" content=\"1200\" \/>\n\t<meta property=\"og:image:height\" content=\"650\" \/>\n\t<meta property=\"og:image:type\" content=\"image\/png\" \/>\n<meta name=\"author\" content=\"Mark Linden\" \/>\n<meta name=\"twitter:card\" content=\"summary_large_image\" \/>\n<meta name=\"twitter:creator\" content=\"@MonacoTribune\" \/>\n<meta name=\"twitter:site\" content=\"@MonacoTribune\" \/>\n<script type=\"application\/ld+json\" class=\"yoast-schema-graph\">{\"@context\":\"https:\\\/\\\/schema.org\",\"@graph\":[{\"@type\":\"NewsArticle\",\"@id\":\"https:\\\/\\\/www.monaco-tribune.com\\\/it\\\/2024\\\/08\\\/novak-djokovic-una-carriera-doro\\\/#article\",\"isPartOf\":{\"@id\":\"https:\\\/\\\/www.monaco-tribune.com\\\/it\\\/2024\\\/08\\\/novak-djokovic-una-carriera-doro\\\/\"},\"author\":{\"name\":\"Mark Linden\",\"@id\":\"https:\\\/\\\/www.monaco-tribune.com\\\/it\\\/#\\\/schema\\\/person\\\/3796f08c04a1ae0bf5db7629e63acc06\"},\"headline\":\"Novak Djokovic: una carriera d\u2019oro\",\"datePublished\":\"2024-08-30T15:19:41+00:00\",\"dateModified\":\"2024-08-30T15:20:02+00:00\",\"mainEntityOfPage\":{\"@id\":\"https:\\\/\\\/www.monaco-tribune.com\\\/it\\\/2024\\\/08\\\/novak-djokovic-una-carriera-doro\\\/\"},\"wordCount\":2186,\"publisher\":{\"@id\":\"https:\\\/\\\/www.monaco-tribune.com\\\/it\\\/#organization\"},\"image\":{\"@id\":\"https:\\\/\\\/www.monaco-tribune.com\\\/it\\\/2024\\\/08\\\/novak-djokovic-una-carriera-doro\\\/#primaryimage\"},\"thumbnailUrl\":\"https:\\\/\\\/www.monaco-tribune.com\\\/wp-content\\\/uploads\\\/2024\\\/08\\\/novak-djokovic-olympics-gold-medal.png\",\"keywords\":[\"Tennis\"],\"articleSection\":[\"La nostra scelta\",\"Notizie\",\"Sport\"],\"inLanguage\":\"it-IT\",\"copyrightYear\":\"2024\",\"copyrightHolder\":{\"@id\":\"https:\\\/\\\/www.monaco-tribune.com\\\/#organization\"}},{\"@type\":\"WebPage\",\"@id\":\"https:\\\/\\\/www.monaco-tribune.com\\\/it\\\/2024\\\/08\\\/novak-djokovic-una-carriera-doro\\\/\",\"url\":\"https:\\\/\\\/www.monaco-tribune.com\\\/it\\\/2024\\\/08\\\/novak-djokovic-una-carriera-doro\\\/\",\"name\":\"Novak Djokovic: una carriera d\u2019oro\",\"isPartOf\":{\"@id\":\"https:\\\/\\\/www.monaco-tribune.com\\\/it\\\/#website\"},\"primaryImageOfPage\":{\"@id\":\"https:\\\/\\\/www.monaco-tribune.com\\\/it\\\/2024\\\/08\\\/novak-djokovic-una-carriera-doro\\\/#primaryimage\"},\"image\":{\"@id\":\"https:\\\/\\\/www.monaco-tribune.com\\\/it\\\/2024\\\/08\\\/novak-djokovic-una-carriera-doro\\\/#primaryimage\"},\"thumbnailUrl\":\"https:\\\/\\\/www.monaco-tribune.com\\\/wp-content\\\/uploads\\\/2024\\\/08\\\/novak-djokovic-olympics-gold-medal.png\",\"datePublished\":\"2024-08-30T15:19:41+00:00\",\"dateModified\":\"2024-08-30T15:20:02+00:00\",\"description\":\"Con la medaglia d\u2019oro alle Olimpiadi di Parigi, il tennista serbo ha conquistato l'unico titolo che non aveva ancora vinto. Uno sguardo alla straordinaria\",\"breadcrumb\":{\"@id\":\"https:\\\/\\\/www.monaco-tribune.com\\\/it\\\/2024\\\/08\\\/novak-djokovic-una-carriera-doro\\\/#breadcrumb\"},\"inLanguage\":\"it-IT\",\"potentialAction\":[{\"@type\":\"ReadAction\",\"target\":[\"https:\\\/\\\/www.monaco-tribune.com\\\/it\\\/2024\\\/08\\\/novak-djokovic-una-carriera-doro\\\/\"]}]},{\"@type\":\"ImageObject\",\"inLanguage\":\"it-IT\",\"@id\":\"https:\\\/\\\/www.monaco-tribune.com\\\/it\\\/2024\\\/08\\\/novak-djokovic-una-carriera-doro\\\/#primaryimage\",\"url\":\"https:\\\/\\\/www.monaco-tribune.com\\\/wp-content\\\/uploads\\\/2024\\\/08\\\/novak-djokovic-olympics-gold-medal.png\",\"contentUrl\":\"https:\\\/\\\/www.monaco-tribune.com\\\/wp-content\\\/uploads\\\/2024\\\/08\\\/novak-djokovic-olympics-gold-medal.png\",\"width\":1200,\"height\":650,\"caption\":\"Novak Djokovic \u00a9 Screenshot Olympics\"},{\"@type\":\"BreadcrumbList\",\"@id\":\"https:\\\/\\\/www.monaco-tribune.com\\\/it\\\/2024\\\/08\\\/novak-djokovic-una-carriera-doro\\\/#breadcrumb\",\"itemListElement\":[{\"@type\":\"ListItem\",\"position\":1,\"name\":\"Accueil\",\"item\":\"https:\\\/\\\/www.monaco-tribune.com\\\/it\\\/\"},{\"@type\":\"ListItem\",\"position\":2,\"name\":\"Novak Djokovic: una carriera d\u2019oro\"}]},{\"@type\":\"WebSite\",\"@id\":\"https:\\\/\\\/www.monaco-tribune.com\\\/it\\\/#website\",\"url\":\"https:\\\/\\\/www.monaco-tribune.com\\\/it\\\/\",\"name\":\"Monaco Tribune\",\"description\":\"Monaco : actualit\u00e9s \u00e9conomiques, politiques, culturelles et sportives de Monaco et de la French Riviera.\",\"publisher\":{\"@id\":\"https:\\\/\\\/www.monaco-tribune.com\\\/it\\\/#organization\"},\"potentialAction\":[{\"@type\":\"SearchAction\",\"target\":{\"@type\":\"EntryPoint\",\"urlTemplate\":\"https:\\\/\\\/www.monaco-tribune.com\\\/it\\\/?s={search_term_string}\"},\"query-input\":{\"@type\":\"PropertyValueSpecification\",\"valueRequired\":true,\"valueName\":\"search_term_string\"}}],\"inLanguage\":\"it-IT\"},{\"@type\":\"Organization\",\"@id\":\"https:\\\/\\\/www.monaco-tribune.com\\\/it\\\/#organization\",\"name\":\"Monaco Tribune\",\"url\":\"https:\\\/\\\/www.monaco-tribune.com\\\/it\\\/\",\"logo\":{\"@type\":\"ImageObject\",\"inLanguage\":\"it-IT\",\"@id\":\"https:\\\/\\\/www.monaco-tribune.com\\\/it\\\/#\\\/schema\\\/logo\\\/image\\\/\",\"url\":\"https:\\\/\\\/www.monaco-tribune.com\\\/wp-content\\\/uploads\\\/2022\\\/11\\\/logo-monaco-tribune.png\",\"contentUrl\":\"https:\\\/\\\/www.monaco-tribune.com\\\/wp-content\\\/uploads\\\/2022\\\/11\\\/logo-monaco-tribune.png\",\"width\":1548,\"height\":600,\"caption\":\"Monaco Tribune\"},\"image\":{\"@id\":\"https:\\\/\\\/www.monaco-tribune.com\\\/it\\\/#\\\/schema\\\/logo\\\/image\\\/\"},\"sameAs\":[\"https:\\\/\\\/www.facebook.com\\\/MonacoTribune\",\"https:\\\/\\\/x.com\\\/MonacoTribune\",\"https:\\\/\\\/www.instagram.com\\\/monacotribune\\\/\",\"https:\\\/\\\/www.linkedin.com\\\/company\\\/monaco-tribune\",\"https:\\\/\\\/www.youtube.com\\\/channel\\\/UCHle1MnG6hw1y4lWKijVbMA\"]},{\"@type\":\"Person\",\"@id\":\"https:\\\/\\\/www.monaco-tribune.com\\\/it\\\/#\\\/schema\\\/person\\\/3796f08c04a1ae0bf5db7629e63acc06\",\"name\":\"Mark Linden\",\"image\":{\"@type\":\"ImageObject\",\"inLanguage\":\"it-IT\",\"@id\":\"https:\\\/\\\/secure.gravatar.com\\\/avatar\\\/d0130c037315ebbab849176573fa4be49bb085b56b56eef40dfdebd8b0dab200?s=96&d=mm&r=g\",\"url\":\"https:\\\/\\\/secure.gravatar.com\\\/avatar\\\/d0130c037315ebbab849176573fa4be49bb085b56b56eef40dfdebd8b0dab200?s=96&d=mm&r=g\",\"contentUrl\":\"https:\\\/\\\/secure.gravatar.com\\\/avatar\\\/d0130c037315ebbab849176573fa4be49bb085b56b56eef40dfdebd8b0dab200?s=96&d=mm&r=g\",\"caption\":\"Mark Linden\"},\"url\":\"https:\\\/\\\/www.monaco-tribune.com\\\/it\\\/author\\\/nielslinden\\\/\"}]}<\/script>\n<!-- \/ Yoast SEO Premium plugin. -->","yoast_head_json":{"title":"Novak Djokovic: una carriera d\u2019oro","description":"Con la medaglia d\u2019oro alle Olimpiadi di Parigi, il tennista serbo ha conquistato l'unico titolo che non aveva ancora vinto. Uno sguardo alla straordinaria","robots":{"index":"index","follow":"follow","max-snippet":"max-snippet:-1","max-image-preview":"max-image-preview:large","max-video-preview":"max-video-preview:-1"},"canonical":"https:\/\/www.monaco-tribune.com\/it\/2024\/08\/novak-djokovic-una-carriera-doro\/","og_locale":"it_IT","og_type":"article","og_title":"Novak Djokovic: una carriera d\u2019oro - Monaco Tribune","og_description":"Con la medaglia d\u2019oro alle Olimpiadi di Parigi, il tennista serbo ha conquistato l'unico titolo che non aveva ancora vinto. Uno sguardo alla straordinaria","og_url":"https:\/\/www.monaco-tribune.com\/it\/2024\/08\/novak-djokovic-una-carriera-doro\/","og_site_name":"Monaco Tribune","article_publisher":"https:\/\/www.facebook.com\/MonacoTribune","article_published_time":"2024-08-30T15:19:41+00:00","article_modified_time":"2024-08-30T15:20:02+00:00","og_image":[{"width":1200,"height":650,"url":"https:\/\/www.monaco-tribune.com\/wp-content\/uploads\/2024\/08\/novak-djokovic-olympics-gold-medal.png","type":"image\/png"}],"author":"Mark Linden","twitter_card":"summary_large_image","twitter_creator":"@MonacoTribune","twitter_site":"@MonacoTribune","schema":{"@context":"https:\/\/schema.org","@graph":[{"@type":"NewsArticle","@id":"https:\/\/www.monaco-tribune.com\/it\/2024\/08\/novak-djokovic-una-carriera-doro\/#article","isPartOf":{"@id":"https:\/\/www.monaco-tribune.com\/it\/2024\/08\/novak-djokovic-una-carriera-doro\/"},"author":{"name":"Mark Linden","@id":"https:\/\/www.monaco-tribune.com\/it\/#\/schema\/person\/3796f08c04a1ae0bf5db7629e63acc06"},"headline":"Novak Djokovic: una carriera d\u2019oro","datePublished":"2024-08-30T15:19:41+00:00","dateModified":"2024-08-30T15:20:02+00:00","mainEntityOfPage":{"@id":"https:\/\/www.monaco-tribune.com\/it\/2024\/08\/novak-djokovic-una-carriera-doro\/"},"wordCount":2186,"publisher":{"@id":"https:\/\/www.monaco-tribune.com\/it\/#organization"},"image":{"@id":"https:\/\/www.monaco-tribune.com\/it\/2024\/08\/novak-djokovic-una-carriera-doro\/#primaryimage"},"thumbnailUrl":"https:\/\/www.monaco-tribune.com\/wp-content\/uploads\/2024\/08\/novak-djokovic-olympics-gold-medal.png","keywords":["Tennis"],"articleSection":["La nostra scelta","Notizie","Sport"],"inLanguage":"it-IT","copyrightYear":"2024","copyrightHolder":{"@id":"https:\/\/www.monaco-tribune.com\/#organization"}},{"@type":"WebPage","@id":"https:\/\/www.monaco-tribune.com\/it\/2024\/08\/novak-djokovic-una-carriera-doro\/","url":"https:\/\/www.monaco-tribune.com\/it\/2024\/08\/novak-djokovic-una-carriera-doro\/","name":"Novak Djokovic: una carriera d\u2019oro","isPartOf":{"@id":"https:\/\/www.monaco-tribune.com\/it\/#website"},"primaryImageOfPage":{"@id":"https:\/\/www.monaco-tribune.com\/it\/2024\/08\/novak-djokovic-una-carriera-doro\/#primaryimage"},"image":{"@id":"https:\/\/www.monaco-tribune.com\/it\/2024\/08\/novak-djokovic-una-carriera-doro\/#primaryimage"},"thumbnailUrl":"https:\/\/www.monaco-tribune.com\/wp-content\/uploads\/2024\/08\/novak-djokovic-olympics-gold-medal.png","datePublished":"2024-08-30T15:19:41+00:00","dateModified":"2024-08-30T15:20:02+00:00","description":"Con la medaglia d\u2019oro alle Olimpiadi di Parigi, il tennista serbo ha conquistato l'unico titolo che non aveva ancora vinto. Uno sguardo alla straordinaria","breadcrumb":{"@id":"https:\/\/www.monaco-tribune.com\/it\/2024\/08\/novak-djokovic-una-carriera-doro\/#breadcrumb"},"inLanguage":"it-IT","potentialAction":[{"@type":"ReadAction","target":["https:\/\/www.monaco-tribune.com\/it\/2024\/08\/novak-djokovic-una-carriera-doro\/"]}]},{"@type":"ImageObject","inLanguage":"it-IT","@id":"https:\/\/www.monaco-tribune.com\/it\/2024\/08\/novak-djokovic-una-carriera-doro\/#primaryimage","url":"https:\/\/www.monaco-tribune.com\/wp-content\/uploads\/2024\/08\/novak-djokovic-olympics-gold-medal.png","contentUrl":"https:\/\/www.monaco-tribune.com\/wp-content\/uploads\/2024\/08\/novak-djokovic-olympics-gold-medal.png","width":1200,"height":650,"caption":"Novak Djokovic \u00a9 Screenshot Olympics"},{"@type":"BreadcrumbList","@id":"https:\/\/www.monaco-tribune.com\/it\/2024\/08\/novak-djokovic-una-carriera-doro\/#breadcrumb","itemListElement":[{"@type":"ListItem","position":1,"name":"Accueil","item":"https:\/\/www.monaco-tribune.com\/it\/"},{"@type":"ListItem","position":2,"name":"Novak Djokovic: una carriera d\u2019oro"}]},{"@type":"WebSite","@id":"https:\/\/www.monaco-tribune.com\/it\/#website","url":"https:\/\/www.monaco-tribune.com\/it\/","name":"Monaco Tribune","description":"Monaco : actualit\u00e9s \u00e9conomiques, politiques, culturelles et sportives de Monaco et de la French Riviera.","publisher":{"@id":"https:\/\/www.monaco-tribune.com\/it\/#organization"},"potentialAction":[{"@type":"SearchAction","target":{"@type":"EntryPoint","urlTemplate":"https:\/\/www.monaco-tribune.com\/it\/?s={search_term_string}"},"query-input":{"@type":"PropertyValueSpecification","valueRequired":true,"valueName":"search_term_string"}}],"inLanguage":"it-IT"},{"@type":"Organization","@id":"https:\/\/www.monaco-tribune.com\/it\/#organization","name":"Monaco Tribune","url":"https:\/\/www.monaco-tribune.com\/it\/","logo":{"@type":"ImageObject","inLanguage":"it-IT","@id":"https:\/\/www.monaco-tribune.com\/it\/#\/schema\/logo\/image\/","url":"https:\/\/www.monaco-tribune.com\/wp-content\/uploads\/2022\/11\/logo-monaco-tribune.png","contentUrl":"https:\/\/www.monaco-tribune.com\/wp-content\/uploads\/2022\/11\/logo-monaco-tribune.png","width":1548,"height":600,"caption":"Monaco Tribune"},"image":{"@id":"https:\/\/www.monaco-tribune.com\/it\/#\/schema\/logo\/image\/"},"sameAs":["https:\/\/www.facebook.com\/MonacoTribune","https:\/\/x.com\/MonacoTribune","https:\/\/www.instagram.com\/monacotribune\/","https:\/\/www.linkedin.com\/company\/monaco-tribune","https:\/\/www.youtube.com\/channel\/UCHle1MnG6hw1y4lWKijVbMA"]},{"@type":"Person","@id":"https:\/\/www.monaco-tribune.com\/it\/#\/schema\/person\/3796f08c04a1ae0bf5db7629e63acc06","name":"Mark Linden","image":{"@type":"ImageObject","inLanguage":"it-IT","@id":"https:\/\/secure.gravatar.com\/avatar\/d0130c037315ebbab849176573fa4be49bb085b56b56eef40dfdebd8b0dab200?s=96&d=mm&r=g","url":"https:\/\/secure.gravatar.com\/avatar\/d0130c037315ebbab849176573fa4be49bb085b56b56eef40dfdebd8b0dab200?s=96&d=mm&r=g","contentUrl":"https:\/\/secure.gravatar.com\/avatar\/d0130c037315ebbab849176573fa4be49bb085b56b56eef40dfdebd8b0dab200?s=96&d=mm&r=g","caption":"Mark Linden"},"url":"https:\/\/www.monaco-tribune.com\/it\/author\/nielslinden\/"}]}},"_links":{"self":[{"href":"https:\/\/www.monaco-tribune.com\/it\/wp-json\/wp\/v2\/posts\/247981","targetHints":{"allow":["GET"]}}],"collection":[{"href":"https:\/\/www.monaco-tribune.com\/it\/wp-json\/wp\/v2\/posts"}],"about":[{"href":"https:\/\/www.monaco-tribune.com\/it\/wp-json\/wp\/v2\/types\/post"}],"author":[{"embeddable":true,"href":"https:\/\/www.monaco-tribune.com\/it\/wp-json\/wp\/v2\/users\/78"}],"replies":[{"embeddable":true,"href":"https:\/\/www.monaco-tribune.com\/it\/wp-json\/wp\/v2\/comments?post=247981"}],"version-history":[{"count":2,"href":"https:\/\/www.monaco-tribune.com\/it\/wp-json\/wp\/v2\/posts\/247981\/revisions"}],"predecessor-version":[{"id":247984,"href":"https:\/\/www.monaco-tribune.com\/it\/wp-json\/wp\/v2\/posts\/247981\/revisions\/247984"}],"wp:featuredmedia":[{"embeddable":true,"href":"https:\/\/www.monaco-tribune.com\/it\/wp-json\/wp\/v2\/media\/247663"}],"wp:attachment":[{"href":"https:\/\/www.monaco-tribune.com\/it\/wp-json\/wp\/v2\/media?parent=247981"}],"wp:term":[{"taxonomy":"category","embeddable":true,"href":"https:\/\/www.monaco-tribune.com\/it\/wp-json\/wp\/v2\/categories?post=247981"},{"taxonomy":"post_tag","embeddable":true,"href":"https:\/\/www.monaco-tribune.com\/it\/wp-json\/wp\/v2\/tags?post=247981"},{"taxonomy":"sectag","embeddable":true,"href":"https:\/\/www.monaco-tribune.com\/it\/wp-json\/wp\/v2\/post_sectags?post=247981"},{"taxonomy":"format","embeddable":true,"href":"https:\/\/www.monaco-tribune.com\/it\/wp-json\/wp\/v2\/post_format?post=247981"}],"curies":[{"name":"wp","href":"https:\/\/api.w.org\/{rel}","templated":true}]}}