{"id":249476,"date":"2024-09-10T17:24:13","date_gmt":"2024-09-10T15:24:13","guid":{"rendered":"https:\/\/www.monaco-tribune.com\/2024\/09\/quattro-nuovi-record-mondiali-di-velocita-per-la-moto-elettrica-voxan\/"},"modified":"2024-09-10T17:24:15","modified_gmt":"2024-09-10T15:24:15","slug":"quattro-nuovi-record-mondiali-di-velocita-per-la-moto-elettrica-voxan","status":"publish","type":"post","link":"https:\/\/www.monaco-tribune.com\/it\/2024\/09\/quattro-nuovi-record-mondiali-di-velocita-per-la-moto-elettrica-voxan\/","title":{"rendered":"Quattro nuovi record mondiali di velocit\u00e0 per la moto elettrica Voxan"},"content":{"rendered":"\n<p><strong>I record mondiali si aggiungono a un elenco gi\u00e0 impressionante di successi!<\/strong><\/p>\n\n<p>Dal 2009, l&#8217;Universit\u00e0 dell&#8217;Ohio negli Stati Uniti e il gruppo monegasco Venturi collaborano per sviluppare e produrre veicoli che battano ogni record di velocit\u00e0. Di recente, tra il 25 e il 29 agosto 2024, la casa automobilistica ha aggiunto nuovi primati al suo palmare. Dove? Sul lago salato di Bonneville.<\/p>\n\n<p>Questi quattro record mondiali stabiliti nella categoria moto elettriche con peso inferiore a 150 kg sono in attesa di convalida da parte della FIM (Federazione Internazionale Motociclismo). Senza carena, la moto ha raggiunto 168,712 mph &#8211; 271,515 km\/h per 1 km di corsa e 168,593 mph &#8211; 271,323 km\/h per 1 miglio di corsa. Nella versione carenata, le cifre sono 180,065 mph &#8211; 289,787 km\/h per 1 km di corsa e 180,035 mph &#8211; 289,738 km\/h per 1 miglio.<\/p>\n\n<p class=\"related\"><a href=\"https:\/\/www.monaco-tribune.com\/it\/2023\/06\/venturi-svela-la-sua-ruota-lunare-e-una-prima-mondiale\/\">Venturi svela la sua ruota lunare: \u00e8 una prima mondiale<\/a><\/p>\n\n<p>\u201cQuattro nuovi record mondiali di velocit\u00e0 sono un regalo magnifico per il 15\u00b0 anniversario della nostra collaborazione! Noi e l&#8217;Ohio State University detenevamo gi\u00e0 cinque record, ora ne abbiamo nove. Ci vediamo presto per il decimo!\u201d ha dichiarato <a href=\"https:\/\/www.monaco-tribune.com\/it\/2021\/04\/gildo-pastor-e-lamore-di-una-vita-per-le-corse-automobilistiche\/\">Gildo Pastor<\/a>, Presidente del Gruppo Venturi.<\/p>\n\n<p>Per ottenere simili risultati, la facolt\u00e0 di ingegneria dell&#8217;Ohio State University e il suo team Buckeye Current hanno progettato una moto elettrica d&#8217;eccezione: la Ohio State RW-5 Voxan. Da parte sua, l&#8217;ufficio di progettazione del Gruppo Venturi, proprietario del marchio Voxan, ha contribuito fornendo la sua esperienza nello sviluppo, nelle sospensioni, nella batteria, nella trasmissione e nell&#8217;ottimizzazione delle configurazioni e della stabilit\u00e0. Una partnership che ha dato i suoi frutti! <\/p>\n","protected":false},"excerpt":{"rendered":"<p>I record mondiali si aggiungono a un elenco gi\u00e0 impressionante di successi! Dal 2009, l&#8217;Universit\u00e0 dell&#8217;Ohio negli Stati Uniti e [&hellip;]<\/p>\n","protected":false},"author":47,"featured_media":249319,"comment_status":"closed","ping_status":"closed","sticky":false,"template":"","format":"standard","meta":{"_acf_changed":false,"footnotes":""},"categories":[1739,1738],"tags":[3503],"post_sectags":[],"post_format":[2478],"class_list":["post-249476","post","type-post","status-publish","format-standard","has-post-thumbnail","hentry","category-business-it","category-notizie","tag-auto-moto-it","format-notizia"],"acf":[],"yoast_head":"<!-- This site is optimized with the Yoast SEO Premium plugin v26.8 (Yoast SEO v27.4) - https:\/\/yoast.com\/product\/yoast-seo-premium-wordpress\/ -->\n<title>Quattro nuovi record mondiali di velocit\u00e0 per la moto elettrica Voxan<\/title>\n<meta name=\"description\" content=\"I record mondiali si aggiungono a un elenco gi\u00e0 impressionante di successi! Dal 2009, l&#039;Universit\u00e0 dell&#039;Ohio negli Stati Uniti e il gruppo monegasco\" \/>\n<meta name=\"robots\" content=\"index, follow, max-snippet:-1, max-image-preview:large, max-video-preview:-1\" \/>\n<link rel=\"canonical\" href=\"https:\/\/www.monaco-tribune.com\/it\/2024\/09\/quattro-nuovi-record-mondiali-di-velocita-per-la-moto-elettrica-voxan\/\" \/>\n<meta property=\"og:locale\" content=\"it_IT\" \/>\n<meta property=\"og:type\" content=\"article\" \/>\n<meta property=\"og:title\" content=\"Quattro nuovi record mondiali di velocit\u00e0 per la moto elettrica Voxan - Monaco Tribune\" \/>\n<meta property=\"og:description\" content=\"I record mondiali si aggiungono a un elenco gi\u00e0 impressionante di successi! Dal 2009, l&#039;Universit\u00e0 dell&#039;Ohio negli Stati Uniti e il gruppo monegasco\" \/>\n<meta property=\"og:url\" content=\"https:\/\/www.monaco-tribune.com\/it\/2024\/09\/quattro-nuovi-record-mondiali-di-velocita-per-la-moto-elettrica-voxan\/\" \/>\n<meta property=\"og:site_name\" content=\"Monaco Tribune\" \/>\n<meta property=\"article:publisher\" content=\"https:\/\/www.facebook.com\/MonacoTribune\" \/>\n<meta property=\"article:published_time\" content=\"2024-09-10T15:24:13+00:00\" \/>\n<meta property=\"article:modified_time\" content=\"2024-09-10T15:24:15+00:00\" \/>\n<meta property=\"og:image\" content=\"https:\/\/www.monaco-tribune.com\/wp-content\/uploads\/2024\/09\/voxan-record-moto.jpeg\" \/>\n\t<meta property=\"og:image:width\" content=\"1200\" \/>\n\t<meta property=\"og:image:height\" content=\"720\" \/>\n\t<meta property=\"og:image:type\" content=\"image\/jpeg\" \/>\n<meta name=\"author\" content=\"Agathe Ch\u00e9reau\" \/>\n<meta name=\"twitter:card\" content=\"summary_large_image\" \/>\n<meta name=\"twitter:creator\" content=\"@MonacoTribune\" \/>\n<meta name=\"twitter:site\" content=\"@MonacoTribune\" \/>\n<script type=\"application\/ld+json\" class=\"yoast-schema-graph\">{\"@context\":\"https:\\\/\\\/schema.org\",\"@graph\":[{\"@type\":\"NewsArticle\",\"@id\":\"https:\\\/\\\/www.monaco-tribune.com\\\/it\\\/2024\\\/09\\\/quattro-nuovi-record-mondiali-di-velocita-per-la-moto-elettrica-voxan\\\/#article\",\"isPartOf\":{\"@id\":\"https:\\\/\\\/www.monaco-tribune.com\\\/it\\\/2024\\\/09\\\/quattro-nuovi-record-mondiali-di-velocita-per-la-moto-elettrica-voxan\\\/\"},\"author\":{\"name\":\"Agathe Ch\u00e9reau\",\"@id\":\"https:\\\/\\\/www.monaco-tribune.com\\\/it\\\/#\\\/schema\\\/person\\\/fba2f8d5a098d473c92e84cc43a8f730\"},\"headline\":\"Quattro nuovi record mondiali di velocit\u00e0 per la moto elettrica Voxan\",\"datePublished\":\"2024-09-10T15:24:13+00:00\",\"dateModified\":\"2024-09-10T15:24:15+00:00\",\"mainEntityOfPage\":{\"@id\":\"https:\\\/\\\/www.monaco-tribune.com\\\/it\\\/2024\\\/09\\\/quattro-nuovi-record-mondiali-di-velocita-per-la-moto-elettrica-voxan\\\/\"},\"wordCount\":268,\"publisher\":{\"@id\":\"https:\\\/\\\/www.monaco-tribune.com\\\/it\\\/#organization\"},\"image\":{\"@id\":\"https:\\\/\\\/www.monaco-tribune.com\\\/it\\\/2024\\\/09\\\/quattro-nuovi-record-mondiali-di-velocita-per-la-moto-elettrica-voxan\\\/#primaryimage\"},\"thumbnailUrl\":\"https:\\\/\\\/www.monaco-tribune.com\\\/wp-content\\\/uploads\\\/2024\\\/09\\\/voxan-record-moto.jpeg\",\"keywords\":[\"Auto-moto\"],\"articleSection\":[\"Business\",\"Notizie\"],\"inLanguage\":\"it-IT\",\"copyrightYear\":\"2024\",\"copyrightHolder\":{\"@id\":\"https:\\\/\\\/www.monaco-tribune.com\\\/#organization\"}},{\"@type\":\"WebPage\",\"@id\":\"https:\\\/\\\/www.monaco-tribune.com\\\/it\\\/2024\\\/09\\\/quattro-nuovi-record-mondiali-di-velocita-per-la-moto-elettrica-voxan\\\/\",\"url\":\"https:\\\/\\\/www.monaco-tribune.com\\\/it\\\/2024\\\/09\\\/quattro-nuovi-record-mondiali-di-velocita-per-la-moto-elettrica-voxan\\\/\",\"name\":\"Quattro nuovi record mondiali di velocit\u00e0 per la moto elettrica Voxan\",\"isPartOf\":{\"@id\":\"https:\\\/\\\/www.monaco-tribune.com\\\/it\\\/#website\"},\"primaryImageOfPage\":{\"@id\":\"https:\\\/\\\/www.monaco-tribune.com\\\/it\\\/2024\\\/09\\\/quattro-nuovi-record-mondiali-di-velocita-per-la-moto-elettrica-voxan\\\/#primaryimage\"},\"image\":{\"@id\":\"https:\\\/\\\/www.monaco-tribune.com\\\/it\\\/2024\\\/09\\\/quattro-nuovi-record-mondiali-di-velocita-per-la-moto-elettrica-voxan\\\/#primaryimage\"},\"thumbnailUrl\":\"https:\\\/\\\/www.monaco-tribune.com\\\/wp-content\\\/uploads\\\/2024\\\/09\\\/voxan-record-moto.jpeg\",\"datePublished\":\"2024-09-10T15:24:13+00:00\",\"dateModified\":\"2024-09-10T15:24:15+00:00\",\"description\":\"I record mondiali si aggiungono a un elenco gi\u00e0 impressionante di successi! Dal 2009, l'Universit\u00e0 dell'Ohio negli Stati Uniti e il gruppo monegasco\",\"breadcrumb\":{\"@id\":\"https:\\\/\\\/www.monaco-tribune.com\\\/it\\\/2024\\\/09\\\/quattro-nuovi-record-mondiali-di-velocita-per-la-moto-elettrica-voxan\\\/#breadcrumb\"},\"inLanguage\":\"it-IT\",\"potentialAction\":[{\"@type\":\"ReadAction\",\"target\":[\"https:\\\/\\\/www.monaco-tribune.com\\\/it\\\/2024\\\/09\\\/quattro-nuovi-record-mondiali-di-velocita-per-la-moto-elettrica-voxan\\\/\"]}]},{\"@type\":\"ImageObject\",\"inLanguage\":\"it-IT\",\"@id\":\"https:\\\/\\\/www.monaco-tribune.com\\\/it\\\/2024\\\/09\\\/quattro-nuovi-record-mondiali-di-velocita-per-la-moto-elettrica-voxan\\\/#primaryimage\",\"url\":\"https:\\\/\\\/www.monaco-tribune.com\\\/wp-content\\\/uploads\\\/2024\\\/09\\\/voxan-record-moto.jpeg\",\"contentUrl\":\"https:\\\/\\\/www.monaco-tribune.com\\\/wp-content\\\/uploads\\\/2024\\\/09\\\/voxan-record-moto.jpeg\",\"width\":1200,\"height\":720,\"caption\":\"Il team Buckeye Current e il pilota Voxan Louis-Marie Blondel \u00a9 Voxa\"},{\"@type\":\"BreadcrumbList\",\"@id\":\"https:\\\/\\\/www.monaco-tribune.com\\\/it\\\/2024\\\/09\\\/quattro-nuovi-record-mondiali-di-velocita-per-la-moto-elettrica-voxan\\\/#breadcrumb\",\"itemListElement\":[{\"@type\":\"ListItem\",\"position\":1,\"name\":\"Accueil\",\"item\":\"https:\\\/\\\/www.monaco-tribune.com\\\/it\\\/\"},{\"@type\":\"ListItem\",\"position\":2,\"name\":\"Quattro nuovi record mondiali di velocit\u00e0 per la moto elettrica Voxan\"}]},{\"@type\":\"WebSite\",\"@id\":\"https:\\\/\\\/www.monaco-tribune.com\\\/it\\\/#website\",\"url\":\"https:\\\/\\\/www.monaco-tribune.com\\\/it\\\/\",\"name\":\"Monaco Tribune\",\"description\":\"Monaco : actualit\u00e9s \u00e9conomiques, politiques, culturelles et sportives de Monaco et de la French Riviera.\",\"publisher\":{\"@id\":\"https:\\\/\\\/www.monaco-tribune.com\\\/it\\\/#organization\"},\"potentialAction\":[{\"@type\":\"SearchAction\",\"target\":{\"@type\":\"EntryPoint\",\"urlTemplate\":\"https:\\\/\\\/www.monaco-tribune.com\\\/it\\\/?s={search_term_string}\"},\"query-input\":{\"@type\":\"PropertyValueSpecification\",\"valueRequired\":true,\"valueName\":\"search_term_string\"}}],\"inLanguage\":\"it-IT\"},{\"@type\":\"Organization\",\"@id\":\"https:\\\/\\\/www.monaco-tribune.com\\\/it\\\/#organization\",\"name\":\"Monaco Tribune\",\"url\":\"https:\\\/\\\/www.monaco-tribune.com\\\/it\\\/\",\"logo\":{\"@type\":\"ImageObject\",\"inLanguage\":\"it-IT\",\"@id\":\"https:\\\/\\\/www.monaco-tribune.com\\\/it\\\/#\\\/schema\\\/logo\\\/image\\\/\",\"url\":\"https:\\\/\\\/www.monaco-tribune.com\\\/wp-content\\\/uploads\\\/2022\\\/11\\\/logo-monaco-tribune.png\",\"contentUrl\":\"https:\\\/\\\/www.monaco-tribune.com\\\/wp-content\\\/uploads\\\/2022\\\/11\\\/logo-monaco-tribune.png\",\"width\":1548,\"height\":600,\"caption\":\"Monaco Tribune\"},\"image\":{\"@id\":\"https:\\\/\\\/www.monaco-tribune.com\\\/it\\\/#\\\/schema\\\/logo\\\/image\\\/\"},\"sameAs\":[\"https:\\\/\\\/www.facebook.com\\\/MonacoTribune\",\"https:\\\/\\\/x.com\\\/MonacoTribune\",\"https:\\\/\\\/www.instagram.com\\\/monacotribune\\\/\",\"https:\\\/\\\/www.linkedin.com\\\/company\\\/monaco-tribune\",\"https:\\\/\\\/www.youtube.com\\\/channel\\\/UCHle1MnG6hw1y4lWKijVbMA\"]},{\"@type\":\"Person\",\"@id\":\"https:\\\/\\\/www.monaco-tribune.com\\\/it\\\/#\\\/schema\\\/person\\\/fba2f8d5a098d473c92e84cc43a8f730\",\"name\":\"Agathe Ch\u00e9reau\",\"image\":{\"@type\":\"ImageObject\",\"inLanguage\":\"it-IT\",\"@id\":\"https:\\\/\\\/secure.gravatar.com\\\/avatar\\\/884b20ed9d4430c24d77a3ad560b1c21da67bd6992531a1971822779f9988ea5?s=96&d=mm&r=g\",\"url\":\"https:\\\/\\\/secure.gravatar.com\\\/avatar\\\/884b20ed9d4430c24d77a3ad560b1c21da67bd6992531a1971822779f9988ea5?s=96&d=mm&r=g\",\"contentUrl\":\"https:\\\/\\\/secure.gravatar.com\\\/avatar\\\/884b20ed9d4430c24d77a3ad560b1c21da67bd6992531a1971822779f9988ea5?s=96&d=mm&r=g\",\"caption\":\"Agathe Ch\u00e9reau\"},\"url\":\"https:\\\/\\\/www.monaco-tribune.com\\\/it\\\/author\\\/agathechereau\\\/\"}]}<\/script>\n<!-- \/ Yoast SEO Premium plugin. -->","yoast_head_json":{"title":"Quattro nuovi record mondiali di velocit\u00e0 per la moto elettrica Voxan","description":"I record mondiali si aggiungono a un elenco gi\u00e0 impressionante di successi! Dal 2009, l'Universit\u00e0 dell'Ohio negli Stati Uniti e il gruppo monegasco","robots":{"index":"index","follow":"follow","max-snippet":"max-snippet:-1","max-image-preview":"max-image-preview:large","max-video-preview":"max-video-preview:-1"},"canonical":"https:\/\/www.monaco-tribune.com\/it\/2024\/09\/quattro-nuovi-record-mondiali-di-velocita-per-la-moto-elettrica-voxan\/","og_locale":"it_IT","og_type":"article","og_title":"Quattro nuovi record mondiali di velocit\u00e0 per la moto elettrica Voxan - Monaco Tribune","og_description":"I record mondiali si aggiungono a un elenco gi\u00e0 impressionante di successi! Dal 2009, l'Universit\u00e0 dell'Ohio negli Stati Uniti e il gruppo monegasco","og_url":"https:\/\/www.monaco-tribune.com\/it\/2024\/09\/quattro-nuovi-record-mondiali-di-velocita-per-la-moto-elettrica-voxan\/","og_site_name":"Monaco Tribune","article_publisher":"https:\/\/www.facebook.com\/MonacoTribune","article_published_time":"2024-09-10T15:24:13+00:00","article_modified_time":"2024-09-10T15:24:15+00:00","og_image":[{"width":1200,"height":720,"url":"https:\/\/www.monaco-tribune.com\/wp-content\/uploads\/2024\/09\/voxan-record-moto.jpeg","type":"image\/jpeg"}],"author":"Agathe Ch\u00e9reau","twitter_card":"summary_large_image","twitter_creator":"@MonacoTribune","twitter_site":"@MonacoTribune","schema":{"@context":"https:\/\/schema.org","@graph":[{"@type":"NewsArticle","@id":"https:\/\/www.monaco-tribune.com\/it\/2024\/09\/quattro-nuovi-record-mondiali-di-velocita-per-la-moto-elettrica-voxan\/#article","isPartOf":{"@id":"https:\/\/www.monaco-tribune.com\/it\/2024\/09\/quattro-nuovi-record-mondiali-di-velocita-per-la-moto-elettrica-voxan\/"},"author":{"name":"Agathe Ch\u00e9reau","@id":"https:\/\/www.monaco-tribune.com\/it\/#\/schema\/person\/fba2f8d5a098d473c92e84cc43a8f730"},"headline":"Quattro nuovi record mondiali di velocit\u00e0 per la moto elettrica Voxan","datePublished":"2024-09-10T15:24:13+00:00","dateModified":"2024-09-10T15:24:15+00:00","mainEntityOfPage":{"@id":"https:\/\/www.monaco-tribune.com\/it\/2024\/09\/quattro-nuovi-record-mondiali-di-velocita-per-la-moto-elettrica-voxan\/"},"wordCount":268,"publisher":{"@id":"https:\/\/www.monaco-tribune.com\/it\/#organization"},"image":{"@id":"https:\/\/www.monaco-tribune.com\/it\/2024\/09\/quattro-nuovi-record-mondiali-di-velocita-per-la-moto-elettrica-voxan\/#primaryimage"},"thumbnailUrl":"https:\/\/www.monaco-tribune.com\/wp-content\/uploads\/2024\/09\/voxan-record-moto.jpeg","keywords":["Auto-moto"],"articleSection":["Business","Notizie"],"inLanguage":"it-IT","copyrightYear":"2024","copyrightHolder":{"@id":"https:\/\/www.monaco-tribune.com\/#organization"}},{"@type":"WebPage","@id":"https:\/\/www.monaco-tribune.com\/it\/2024\/09\/quattro-nuovi-record-mondiali-di-velocita-per-la-moto-elettrica-voxan\/","url":"https:\/\/www.monaco-tribune.com\/it\/2024\/09\/quattro-nuovi-record-mondiali-di-velocita-per-la-moto-elettrica-voxan\/","name":"Quattro nuovi record mondiali di velocit\u00e0 per la moto elettrica Voxan","isPartOf":{"@id":"https:\/\/www.monaco-tribune.com\/it\/#website"},"primaryImageOfPage":{"@id":"https:\/\/www.monaco-tribune.com\/it\/2024\/09\/quattro-nuovi-record-mondiali-di-velocita-per-la-moto-elettrica-voxan\/#primaryimage"},"image":{"@id":"https:\/\/www.monaco-tribune.com\/it\/2024\/09\/quattro-nuovi-record-mondiali-di-velocita-per-la-moto-elettrica-voxan\/#primaryimage"},"thumbnailUrl":"https:\/\/www.monaco-tribune.com\/wp-content\/uploads\/2024\/09\/voxan-record-moto.jpeg","datePublished":"2024-09-10T15:24:13+00:00","dateModified":"2024-09-10T15:24:15+00:00","description":"I record mondiali si aggiungono a un elenco gi\u00e0 impressionante di successi! Dal 2009, l'Universit\u00e0 dell'Ohio negli Stati Uniti e il gruppo monegasco","breadcrumb":{"@id":"https:\/\/www.monaco-tribune.com\/it\/2024\/09\/quattro-nuovi-record-mondiali-di-velocita-per-la-moto-elettrica-voxan\/#breadcrumb"},"inLanguage":"it-IT","potentialAction":[{"@type":"ReadAction","target":["https:\/\/www.monaco-tribune.com\/it\/2024\/09\/quattro-nuovi-record-mondiali-di-velocita-per-la-moto-elettrica-voxan\/"]}]},{"@type":"ImageObject","inLanguage":"it-IT","@id":"https:\/\/www.monaco-tribune.com\/it\/2024\/09\/quattro-nuovi-record-mondiali-di-velocita-per-la-moto-elettrica-voxan\/#primaryimage","url":"https:\/\/www.monaco-tribune.com\/wp-content\/uploads\/2024\/09\/voxan-record-moto.jpeg","contentUrl":"https:\/\/www.monaco-tribune.com\/wp-content\/uploads\/2024\/09\/voxan-record-moto.jpeg","width":1200,"height":720,"caption":"Il team Buckeye Current e il pilota Voxan Louis-Marie Blondel \u00a9 Voxa"},{"@type":"BreadcrumbList","@id":"https:\/\/www.monaco-tribune.com\/it\/2024\/09\/quattro-nuovi-record-mondiali-di-velocita-per-la-moto-elettrica-voxan\/#breadcrumb","itemListElement":[{"@type":"ListItem","position":1,"name":"Accueil","item":"https:\/\/www.monaco-tribune.com\/it\/"},{"@type":"ListItem","position":2,"name":"Quattro nuovi record mondiali di velocit\u00e0 per la moto elettrica Voxan"}]},{"@type":"WebSite","@id":"https:\/\/www.monaco-tribune.com\/it\/#website","url":"https:\/\/www.monaco-tribune.com\/it\/","name":"Monaco Tribune","description":"Monaco : actualit\u00e9s \u00e9conomiques, politiques, culturelles et sportives de Monaco et de la French Riviera.","publisher":{"@id":"https:\/\/www.monaco-tribune.com\/it\/#organization"},"potentialAction":[{"@type":"SearchAction","target":{"@type":"EntryPoint","urlTemplate":"https:\/\/www.monaco-tribune.com\/it\/?s={search_term_string}"},"query-input":{"@type":"PropertyValueSpecification","valueRequired":true,"valueName":"search_term_string"}}],"inLanguage":"it-IT"},{"@type":"Organization","@id":"https:\/\/www.monaco-tribune.com\/it\/#organization","name":"Monaco Tribune","url":"https:\/\/www.monaco-tribune.com\/it\/","logo":{"@type":"ImageObject","inLanguage":"it-IT","@id":"https:\/\/www.monaco-tribune.com\/it\/#\/schema\/logo\/image\/","url":"https:\/\/www.monaco-tribune.com\/wp-content\/uploads\/2022\/11\/logo-monaco-tribune.png","contentUrl":"https:\/\/www.monaco-tribune.com\/wp-content\/uploads\/2022\/11\/logo-monaco-tribune.png","width":1548,"height":600,"caption":"Monaco Tribune"},"image":{"@id":"https:\/\/www.monaco-tribune.com\/it\/#\/schema\/logo\/image\/"},"sameAs":["https:\/\/www.facebook.com\/MonacoTribune","https:\/\/x.com\/MonacoTribune","https:\/\/www.instagram.com\/monacotribune\/","https:\/\/www.linkedin.com\/company\/monaco-tribune","https:\/\/www.youtube.com\/channel\/UCHle1MnG6hw1y4lWKijVbMA"]},{"@type":"Person","@id":"https:\/\/www.monaco-tribune.com\/it\/#\/schema\/person\/fba2f8d5a098d473c92e84cc43a8f730","name":"Agathe Ch\u00e9reau","image":{"@type":"ImageObject","inLanguage":"it-IT","@id":"https:\/\/secure.gravatar.com\/avatar\/884b20ed9d4430c24d77a3ad560b1c21da67bd6992531a1971822779f9988ea5?s=96&d=mm&r=g","url":"https:\/\/secure.gravatar.com\/avatar\/884b20ed9d4430c24d77a3ad560b1c21da67bd6992531a1971822779f9988ea5?s=96&d=mm&r=g","contentUrl":"https:\/\/secure.gravatar.com\/avatar\/884b20ed9d4430c24d77a3ad560b1c21da67bd6992531a1971822779f9988ea5?s=96&d=mm&r=g","caption":"Agathe Ch\u00e9reau"},"url":"https:\/\/www.monaco-tribune.com\/it\/author\/agathechereau\/"}]}},"_links":{"self":[{"href":"https:\/\/www.monaco-tribune.com\/it\/wp-json\/wp\/v2\/posts\/249476","targetHints":{"allow":["GET"]}}],"collection":[{"href":"https:\/\/www.monaco-tribune.com\/it\/wp-json\/wp\/v2\/posts"}],"about":[{"href":"https:\/\/www.monaco-tribune.com\/it\/wp-json\/wp\/v2\/types\/post"}],"author":[{"embeddable":true,"href":"https:\/\/www.monaco-tribune.com\/it\/wp-json\/wp\/v2\/users\/47"}],"replies":[{"embeddable":true,"href":"https:\/\/www.monaco-tribune.com\/it\/wp-json\/wp\/v2\/comments?post=249476"}],"version-history":[{"count":1,"href":"https:\/\/www.monaco-tribune.com\/it\/wp-json\/wp\/v2\/posts\/249476\/revisions"}],"predecessor-version":[{"id":249477,"href":"https:\/\/www.monaco-tribune.com\/it\/wp-json\/wp\/v2\/posts\/249476\/revisions\/249477"}],"wp:featuredmedia":[{"embeddable":true,"href":"https:\/\/www.monaco-tribune.com\/it\/wp-json\/wp\/v2\/media\/249319"}],"wp:attachment":[{"href":"https:\/\/www.monaco-tribune.com\/it\/wp-json\/wp\/v2\/media?parent=249476"}],"wp:term":[{"taxonomy":"category","embeddable":true,"href":"https:\/\/www.monaco-tribune.com\/it\/wp-json\/wp\/v2\/categories?post=249476"},{"taxonomy":"post_tag","embeddable":true,"href":"https:\/\/www.monaco-tribune.com\/it\/wp-json\/wp\/v2\/tags?post=249476"},{"taxonomy":"sectag","embeddable":true,"href":"https:\/\/www.monaco-tribune.com\/it\/wp-json\/wp\/v2\/post_sectags?post=249476"},{"taxonomy":"format","embeddable":true,"href":"https:\/\/www.monaco-tribune.com\/it\/wp-json\/wp\/v2\/post_format?post=249476"}],"curies":[{"name":"wp","href":"https:\/\/api.w.org\/{rel}","templated":true}]}}