{"id":250113,"date":"2024-09-13T15:41:09","date_gmt":"2024-09-13T13:41:09","guid":{"rendered":"https:\/\/www.monaco-tribune.com\/2024\/09\/il-principe-alberto-ii-e-la-principessa-charlene-inaugurano-il-nuovo-college-charles-iii\/"},"modified":"2024-09-13T15:41:24","modified_gmt":"2024-09-13T13:41:24","slug":"il-principe-alberto-ii-e-la-principessa-charlene-inaugurano-il-nuovo-college-charles-iii","status":"publish","type":"post","link":"https:\/\/www.monaco-tribune.com\/it\/2024\/09\/il-principe-alberto-ii-e-la-principessa-charlene-inaugurano-il-nuovo-college-charles-iii\/","title":{"rendered":"Il Principe Alberto II e la Principessa Charl\u00e8ne inaugurano il nuovo Coll\u00e8ge Charles III"},"content":{"rendered":"\n<p><strong>Gioved\u00ec 12 settembre, il Principato ha celebrato l&#8217;apertura del Coll\u00e8ge Charles III, un istituto moderno e ambizioso che simboleggia l&#8217;impegno di Monaco per l&#8217;istruzione. Alla presenza del Principe Sovrano e della Principessa Charl\u00e8ne, oltre che di numerose altre personalit\u00e0, l&#8217;evento \u00e8 stato definito dal Ministro di Stato Didier Guillaume come un momento raro e simbolico per Monaco.<\/strong><\/p>\n\n<p>L&#8217;inaugurazione del <a href=\"https:\/\/www.monaco-tribune.com\/it\/2024\/09\/un-rientro-a-scuola-allinsegna-dellinclusivita\/\">nuovo Coll\u00e8ge Charles III<\/a> segna una tappa importante per il Principato. Questo nuovo istituto, un vero e proprio gioiello architettonico ed educativo, \u00e8 un chiaro segno della volont\u00e0 del Governo del Principe di porre l&#8217;istruzione al centro delle sue priorit\u00e0.<\/p>\n\n<p>\u201cNon capita tutti i giorni di inaugurare una nuova scuola\u201d, ha detto il Ministro di Stato nel suo discorso. Questo istituto \u00e8 il frutto di cinque anni di progettazione e otto anni di lavori, per soddisfare i pi\u00f9 alti standard tecnici e ambientali.<\/p>\n\n<h2 class=\"wp-block-heading\" id=\"h-un-lieu-d-apprentissage-moderne-et-polyvalent\">Un luogo di apprendimento moderno e multifunzionale<\/h2>\n\n<p>Progettato per ospitare tra i 1.200 e i 1.500 studenti, il Coll\u00e8ge Charles III si distingue per il suo approccio didattico innovativo, che comprende nuove tecnologie e una disposizione flessibile delle aule. Lungi dal limitarsi all&#8217;insegnamento accademico, questo progetto si inserisce in un approccio globale all&#8217;istruzione, volto a formare individui dotati di senso critico e obiettivit\u00e0.<\/p>\n\n<p>L&#8217;edificio di 23.805 m\u00b2, che ha ottenuto la certificazione di alta qualit\u00e0 ambientale, privilegia il benessere di studenti e insegnanti. Le infrastrutture includono una palestra, una piscina, un anfiteatro da 300 posti e una mediateca, creando un ambiente favorevole all&#8217;apprendimento, alla cultura e allo sport.<\/p>\n\n<p>&#8220;Stiamo facendo tutto il possibile per garantire che questa struttura polivalente possa accogliere un&#8217;ampia gamma di progetti culturali e sportivi, in linea con la tradizione umanistica. Versatilit\u00e0 e serenit\u00e0 sono le caratteristiche innegabili di questo ambiente didattico e di svago. Perch\u00e9 una scuola \u00e8 sicuramente un luogo di apprendimento, ma anche un luogo di vita\u201d, ha proseguito il Ministro di Stato.<\/p>\n\n<h2 class=\"wp-block-heading\" id=\"h-un-defi-architectural-et-technique-releve\">Una sfida architettonica e tecnica<\/h2>\n\n<p>Situato su un terreno atipico lungo 250 metri, il Coll\u00e8ge Charles III ha richiesto un progetto particolarmente ingegnoso. La struttura in acciaio da 1.300 tonnellate e i suoi 40.000 bulloni testimoniano la complessit\u00e0 tecnica del progetto. Gli architetti monegaschi Christian Curau e Fran\u00e7ois Lallemand hanno accettato la sfida di creare uno spazio ottimizzato in un contesto urbano ad alta densit\u00e0.<\/p>\n\n<p>Inoltre, la nuova scuola si distingue per le sue aree pedonali alberate, parte di un approccio sostenibile per migliorare la qualit\u00e0 della vita di alunni e personale.<\/p>\n\n<h2 class=\"wp-block-heading\" id=\"h-un-engagement-fort-pour-l-education-et-la-citoyennete\">Un impegno forte per l&#8217;istruzione e non solo<\/h2>\n\n<p>La nuova scuola non \u00e8 solo un luogo di apprendimento. \u00c8 anche un luogo di vita e di crescita personale, che offre agli studenti un&#8217;apertura alla cultura e allo sport.<\/p>\n\n<p>La parete da arrampicata di 67 m\u00b2 e l&#8217;ampia variet\u00e0 di impianti per lo sport sono in linea con la tradizione sportiva del Principato, mentre la mediateca e le sale di arte e di musica incoraggiano la creativit\u00e0 e lo sviluppo intellettuale.<\/p>\n\n<p>&#8220;In un&#8217;epoca in cui siamo sempre pi\u00f9 incollati agli schermi dei nostri cellulari, \u00e8 legittimo preoccuparsi di questa dipendenza collettiva. La tecnologia digitale \u00e8 ovviamente un passo avanti, ma lo sport e le discipline artistiche e culturali sono altrettanto importanti.<\/p>\n\n<p>Qui gli studenti hanno tutto ci\u00f2 che serve per staccare il naso dallo schermo e dedicarsi a tante altre attivit\u00e0. Approfittatene. Si dice che istruire vuol dire stuzzicare la curiosit\u00e0. Quindi, cari studenti del Coll\u00e8ge Charles III, siate curiosi, siate immensamente curiosi\u201d, ha concluso Didier Guillaume.<\/p>\n\n<figure class=\"wp-block-gallery has-nested-images columns-default is-cropped wp-block-gallery-1 is-layout-flex wp-block-gallery-is-layout-flex\"><div class=\"wp-block-image\">\n<figure class=\"aligncenter size-large\"><img loading=\"lazy\" decoding=\"async\" width=\"1024\" height=\"683\" data-id=\"249948\" src=\"https:\/\/www.monaco-tribune.com\/wp-content\/uploads\/2024\/09\/le-prince-albert-ii-et-la-princesse-charlene-inaugurent-le-tout-nouveau-college-charles-iii3-1024x683.jpg\" alt=\"\" class=\"wp-image-249948\" srcset=\"https:\/\/www.monaco-tribune.com\/wp-content\/uploads\/2024\/09\/le-prince-albert-ii-et-la-princesse-charlene-inaugurent-le-tout-nouveau-college-charles-iii3-1024x683.jpg 1024w, https:\/\/www.monaco-tribune.com\/wp-content\/uploads\/2024\/09\/le-prince-albert-ii-et-la-princesse-charlene-inaugurent-le-tout-nouveau-college-charles-iii3-450x300.jpg 450w, https:\/\/www.monaco-tribune.com\/wp-content\/uploads\/2024\/09\/le-prince-albert-ii-et-la-princesse-charlene-inaugurent-le-tout-nouveau-college-charles-iii3.jpg 1200w\" sizes=\"auto, (max-width: 1024px) 100vw, 1024px\" \/><\/figure>\n<\/div>\n\n<div class=\"wp-block-image\">\n<figure class=\"aligncenter size-large\"><img loading=\"lazy\" decoding=\"async\" width=\"1024\" height=\"683\" data-id=\"249954\" src=\"https:\/\/www.monaco-tribune.com\/wp-content\/uploads\/2024\/09\/le-prince-albert-ii-et-la-princesse-charlene-inaugurent-le-tout-nouveau-college-charles-iii7-1024x683.jpg\" alt=\"\" class=\"wp-image-249954\" srcset=\"https:\/\/www.monaco-tribune.com\/wp-content\/uploads\/2024\/09\/le-prince-albert-ii-et-la-princesse-charlene-inaugurent-le-tout-nouveau-college-charles-iii7-1024x683.jpg 1024w, https:\/\/www.monaco-tribune.com\/wp-content\/uploads\/2024\/09\/le-prince-albert-ii-et-la-princesse-charlene-inaugurent-le-tout-nouveau-college-charles-iii7-450x300.jpg 450w, https:\/\/www.monaco-tribune.com\/wp-content\/uploads\/2024\/09\/le-prince-albert-ii-et-la-princesse-charlene-inaugurent-le-tout-nouveau-college-charles-iii7.jpg 1199w\" sizes=\"auto, (max-width: 1024px) 100vw, 1024px\" \/><\/figure>\n<\/div>\n\n<div class=\"wp-block-image\">\n<figure class=\"aligncenter size-large\"><img loading=\"lazy\" decoding=\"async\" width=\"1024\" height=\"683\" data-id=\"249940\" src=\"https:\/\/www.monaco-tribune.com\/wp-content\/uploads\/2024\/09\/le-prince-albert-ii-et-la-princesse-charlene-inaugurent-le-tout-nouveau-college-charles-iii6-1024x683.jpg\" alt=\"\" class=\"wp-image-249940\" srcset=\"https:\/\/www.monaco-tribune.com\/wp-content\/uploads\/2024\/09\/le-prince-albert-ii-et-la-princesse-charlene-inaugurent-le-tout-nouveau-college-charles-iii6-1024x683.jpg 1024w, https:\/\/www.monaco-tribune.com\/wp-content\/uploads\/2024\/09\/le-prince-albert-ii-et-la-princesse-charlene-inaugurent-le-tout-nouveau-college-charles-iii6-450x300.jpg 450w, https:\/\/www.monaco-tribune.com\/wp-content\/uploads\/2024\/09\/le-prince-albert-ii-et-la-princesse-charlene-inaugurent-le-tout-nouveau-college-charles-iii6.jpg 1199w\" sizes=\"auto, (max-width: 1024px) 100vw, 1024px\" \/><\/figure>\n<\/div>\n\n<div class=\"wp-block-image\">\n<figure class=\"aligncenter size-large\"><img loading=\"lazy\" decoding=\"async\" width=\"1024\" height=\"683\" data-id=\"249947\" src=\"https:\/\/www.monaco-tribune.com\/wp-content\/uploads\/2024\/09\/le-prince-albert-ii-et-la-princesse-charlene-inaugurent-le-tout-nouveau-college-charles-iii5-1024x683.jpg\" alt=\"\" class=\"wp-image-249947\" srcset=\"https:\/\/www.monaco-tribune.com\/wp-content\/uploads\/2024\/09\/le-prince-albert-ii-et-la-princesse-charlene-inaugurent-le-tout-nouveau-college-charles-iii5-1024x683.jpg 1024w, https:\/\/www.monaco-tribune.com\/wp-content\/uploads\/2024\/09\/le-prince-albert-ii-et-la-princesse-charlene-inaugurent-le-tout-nouveau-college-charles-iii5-450x300.jpg 450w, https:\/\/www.monaco-tribune.com\/wp-content\/uploads\/2024\/09\/le-prince-albert-ii-et-la-princesse-charlene-inaugurent-le-tout-nouveau-college-charles-iii5.jpg 1200w\" sizes=\"auto, (max-width: 1024px) 100vw, 1024px\" \/><\/figure>\n<\/div>\n\n<div class=\"wp-block-image\">\n<figure class=\"aligncenter size-large\"><img loading=\"lazy\" decoding=\"async\" width=\"1024\" height=\"683\" data-id=\"249991\" src=\"https:\/\/www.monaco-tribune.com\/wp-content\/uploads\/2024\/09\/le-prince-albert-ii-et-la-princesse-charlene-inaugurent-le-tout-nouveau-college-charles-iii8-1024x683.jpg\" alt=\"\" class=\"wp-image-249991\" srcset=\"https:\/\/www.monaco-tribune.com\/wp-content\/uploads\/2024\/09\/le-prince-albert-ii-et-la-princesse-charlene-inaugurent-le-tout-nouveau-college-charles-iii8-1024x683.jpg 1024w, https:\/\/www.monaco-tribune.com\/wp-content\/uploads\/2024\/09\/le-prince-albert-ii-et-la-princesse-charlene-inaugurent-le-tout-nouveau-college-charles-iii8-450x300.jpg 450w, https:\/\/www.monaco-tribune.com\/wp-content\/uploads\/2024\/09\/le-prince-albert-ii-et-la-princesse-charlene-inaugurent-le-tout-nouveau-college-charles-iii8.jpg 1199w\" sizes=\"auto, (max-width: 1024px) 100vw, 1024px\" \/><\/figure>\n<\/div>\n\n<div class=\"wp-block-image\">\n<figure class=\"aligncenter size-large\"><img loading=\"lazy\" decoding=\"async\" width=\"1024\" height=\"683\" data-id=\"249938\" src=\"https:\/\/www.monaco-tribune.com\/wp-content\/uploads\/2024\/09\/le-prince-albert-ii-et-la-princesse-charlene-inaugurent-le-tout-nouveau-college-charles-iii4-1024x683.jpg\" alt=\"\" class=\"wp-image-249938\" srcset=\"https:\/\/www.monaco-tribune.com\/wp-content\/uploads\/2024\/09\/le-prince-albert-ii-et-la-princesse-charlene-inaugurent-le-tout-nouveau-college-charles-iii4-1024x683.jpg 1024w, https:\/\/www.monaco-tribune.com\/wp-content\/uploads\/2024\/09\/le-prince-albert-ii-et-la-princesse-charlene-inaugurent-le-tout-nouveau-college-charles-iii4-450x300.jpg 450w, https:\/\/www.monaco-tribune.com\/wp-content\/uploads\/2024\/09\/le-prince-albert-ii-et-la-princesse-charlene-inaugurent-le-tout-nouveau-college-charles-iii4.jpg 1200w\" sizes=\"auto, (max-width: 1024px) 100vw, 1024px\" \/><\/figure>\n<\/div>\n\n<div class=\"wp-block-image\">\n<figure class=\"aligncenter size-large\"><img loading=\"lazy\" decoding=\"async\" width=\"1024\" height=\"683\" data-id=\"249967\" src=\"https:\/\/www.monaco-tribune.com\/wp-content\/uploads\/2024\/09\/le-prince-albert-ii-et-la-princesse-charlene-inaugurent-le-tout-nouveau-college-charles-iii10-1024x683.jpg\" alt=\"\" class=\"wp-image-249967\" srcset=\"https:\/\/www.monaco-tribune.com\/wp-content\/uploads\/2024\/09\/le-prince-albert-ii-et-la-princesse-charlene-inaugurent-le-tout-nouveau-college-charles-iii10-1024x683.jpg 1024w, https:\/\/www.monaco-tribune.com\/wp-content\/uploads\/2024\/09\/le-prince-albert-ii-et-la-princesse-charlene-inaugurent-le-tout-nouveau-college-charles-iii10-450x300.jpg 450w, https:\/\/www.monaco-tribune.com\/wp-content\/uploads\/2024\/09\/le-prince-albert-ii-et-la-princesse-charlene-inaugurent-le-tout-nouveau-college-charles-iii10.jpg 1199w\" sizes=\"auto, (max-width: 1024px) 100vw, 1024px\" \/><\/figure>\n<\/div>\n\n<div class=\"wp-block-image\">\n<figure class=\"aligncenter size-large\"><img loading=\"lazy\" decoding=\"async\" width=\"1024\" height=\"683\" data-id=\"249953\" src=\"https:\/\/www.monaco-tribune.com\/wp-content\/uploads\/2024\/09\/le-prince-albert-ii-et-la-princesse-charlene-inaugurent-le-tout-nouveau-college-charles-iii13-1024x683.jpg\" alt=\"\" class=\"wp-image-249953\" srcset=\"https:\/\/www.monaco-tribune.com\/wp-content\/uploads\/2024\/09\/le-prince-albert-ii-et-la-princesse-charlene-inaugurent-le-tout-nouveau-college-charles-iii13-1024x683.jpg 1024w, https:\/\/www.monaco-tribune.com\/wp-content\/uploads\/2024\/09\/le-prince-albert-ii-et-la-princesse-charlene-inaugurent-le-tout-nouveau-college-charles-iii13-450x300.jpg 450w, https:\/\/www.monaco-tribune.com\/wp-content\/uploads\/2024\/09\/le-prince-albert-ii-et-la-princesse-charlene-inaugurent-le-tout-nouveau-college-charles-iii13.jpg 1199w\" sizes=\"auto, (max-width: 1024px) 100vw, 1024px\" \/><\/figure>\n<\/div>\n\n<div class=\"wp-block-image\">\n<figure class=\"aligncenter size-large\"><img loading=\"lazy\" decoding=\"async\" width=\"1024\" height=\"683\" data-id=\"249943\" src=\"https:\/\/www.monaco-tribune.com\/wp-content\/uploads\/2024\/09\/le-prince-albert-ii-et-la-princesse-charlene-inaugurent-le-tout-nouveau-college-charles-iii9-1024x683.jpg\" alt=\"\" class=\"wp-image-249943\" srcset=\"https:\/\/www.monaco-tribune.com\/wp-content\/uploads\/2024\/09\/le-prince-albert-ii-et-la-princesse-charlene-inaugurent-le-tout-nouveau-college-charles-iii9-1024x683.jpg 1024w, https:\/\/www.monaco-tribune.com\/wp-content\/uploads\/2024\/09\/le-prince-albert-ii-et-la-princesse-charlene-inaugurent-le-tout-nouveau-college-charles-iii9-450x300.jpg 450w, https:\/\/www.monaco-tribune.com\/wp-content\/uploads\/2024\/09\/le-prince-albert-ii-et-la-princesse-charlene-inaugurent-le-tout-nouveau-college-charles-iii9.jpg 1199w\" sizes=\"auto, (max-width: 1024px) 100vw, 1024px\" \/><\/figure>\n<\/div>\n\n<div class=\"wp-block-image\">\n<figure class=\"aligncenter size-large\"><img loading=\"lazy\" decoding=\"async\" width=\"1024\" height=\"683\" data-id=\"249969\" src=\"https:\/\/www.monaco-tribune.com\/wp-content\/uploads\/2024\/09\/le-prince-albert-ii-et-la-princesse-charlene-inaugurent-le-tout-nouveau-college-charles-iii14-1024x683.jpg\" alt=\"\" class=\"wp-image-249969\" srcset=\"https:\/\/www.monaco-tribune.com\/wp-content\/uploads\/2024\/09\/le-prince-albert-ii-et-la-princesse-charlene-inaugurent-le-tout-nouveau-college-charles-iii14-1024x683.jpg 1024w, https:\/\/www.monaco-tribune.com\/wp-content\/uploads\/2024\/09\/le-prince-albert-ii-et-la-princesse-charlene-inaugurent-le-tout-nouveau-college-charles-iii14-450x300.jpg 450w, https:\/\/www.monaco-tribune.com\/wp-content\/uploads\/2024\/09\/le-prince-albert-ii-et-la-princesse-charlene-inaugurent-le-tout-nouveau-college-charles-iii14.jpg 1200w\" sizes=\"auto, (max-width: 1024px) 100vw, 1024px\" \/><\/figure>\n<\/div>\n\n<div class=\"wp-block-image\">\n<figure class=\"aligncenter size-large\"><img loading=\"lazy\" decoding=\"async\" width=\"1024\" height=\"683\" data-id=\"249934\" src=\"https:\/\/www.monaco-tribune.com\/wp-content\/uploads\/2024\/09\/le-prince-albert-ii-et-la-princesse-charlene-inaugurent-le-tout-nouveau-college-charles-iii17-1024x683.jpg\" alt=\"\" class=\"wp-image-249934\" srcset=\"https:\/\/www.monaco-tribune.com\/wp-content\/uploads\/2024\/09\/le-prince-albert-ii-et-la-princesse-charlene-inaugurent-le-tout-nouveau-college-charles-iii17-1024x683.jpg 1024w, https:\/\/www.monaco-tribune.com\/wp-content\/uploads\/2024\/09\/le-prince-albert-ii-et-la-princesse-charlene-inaugurent-le-tout-nouveau-college-charles-iii17-450x300.jpg 450w, https:\/\/www.monaco-tribune.com\/wp-content\/uploads\/2024\/09\/le-prince-albert-ii-et-la-princesse-charlene-inaugurent-le-tout-nouveau-college-charles-iii17.jpg 1199w\" sizes=\"auto, (max-width: 1024px) 100vw, 1024px\" \/><\/figure>\n<\/div>\n\n<div class=\"wp-block-image\">\n<figure class=\"aligncenter size-large\"><img loading=\"lazy\" decoding=\"async\" width=\"1024\" height=\"683\" data-id=\"249942\" src=\"https:\/\/www.monaco-tribune.com\/wp-content\/uploads\/2024\/09\/le-prince-albert-ii-et-la-princesse-charlene-inaugurent-le-tout-nouveau-college-charles-iii11-1024x683.jpg\" alt=\"\" class=\"wp-image-249942\" srcset=\"https:\/\/www.monaco-tribune.com\/wp-content\/uploads\/2024\/09\/le-prince-albert-ii-et-la-princesse-charlene-inaugurent-le-tout-nouveau-college-charles-iii11-1024x683.jpg 1024w, https:\/\/www.monaco-tribune.com\/wp-content\/uploads\/2024\/09\/le-prince-albert-ii-et-la-princesse-charlene-inaugurent-le-tout-nouveau-college-charles-iii11-450x300.jpg 450w, https:\/\/www.monaco-tribune.com\/wp-content\/uploads\/2024\/09\/le-prince-albert-ii-et-la-princesse-charlene-inaugurent-le-tout-nouveau-college-charles-iii11.jpg 1200w\" sizes=\"auto, (max-width: 1024px) 100vw, 1024px\" \/><\/figure>\n<\/div>\n\n\n<figure class=\"wp-block-image size-large\"><img loading=\"lazy\" decoding=\"async\" width=\"1024\" height=\"683\" data-id=\"249939\" src=\"https:\/\/www.monaco-tribune.com\/wp-content\/uploads\/2024\/09\/le-prince-albert-ii-et-la-princesse-charlene-inaugurent-le-tout-nouveau-college-charles-iii18-1024x683.jpg\" alt=\"\" class=\"wp-image-249939\" srcset=\"https:\/\/www.monaco-tribune.com\/wp-content\/uploads\/2024\/09\/le-prince-albert-ii-et-la-princesse-charlene-inaugurent-le-tout-nouveau-college-charles-iii18-1024x683.jpg 1024w, https:\/\/www.monaco-tribune.com\/wp-content\/uploads\/2024\/09\/le-prince-albert-ii-et-la-princesse-charlene-inaugurent-le-tout-nouveau-college-charles-iii18-450x300.jpg 450w, https:\/\/www.monaco-tribune.com\/wp-content\/uploads\/2024\/09\/le-prince-albert-ii-et-la-princesse-charlene-inaugurent-le-tout-nouveau-college-charles-iii18.jpg 1200w\" sizes=\"auto, (max-width: 1024px) 100vw, 1024px\" \/><\/figure>\n\n\n<div class=\"wp-block-image\">\n<figure class=\"aligncenter size-large\"><img loading=\"lazy\" decoding=\"async\" width=\"1024\" height=\"683\" data-id=\"249930\" src=\"https:\/\/www.monaco-tribune.com\/wp-content\/uploads\/2024\/09\/le-prince-albert-ii-et-la-princesse-charlene-inaugurent-le-tout-nouveau-college-charles-iii-1024x683.jpg\" alt=\"\" class=\"wp-image-249930\" srcset=\"https:\/\/www.monaco-tribune.com\/wp-content\/uploads\/2024\/09\/le-prince-albert-ii-et-la-princesse-charlene-inaugurent-le-tout-nouveau-college-charles-iii-1024x683.jpg 1024w, https:\/\/www.monaco-tribune.com\/wp-content\/uploads\/2024\/09\/le-prince-albert-ii-et-la-princesse-charlene-inaugurent-le-tout-nouveau-college-charles-iii-450x300.jpg 450w, https:\/\/www.monaco-tribune.com\/wp-content\/uploads\/2024\/09\/le-prince-albert-ii-et-la-princesse-charlene-inaugurent-le-tout-nouveau-college-charles-iii.jpg 1200w\" sizes=\"auto, (max-width: 1024px) 100vw, 1024px\" \/><\/figure>\n<\/div>\n\n<div class=\"wp-block-image\">\n<figure class=\"aligncenter size-large\"><img loading=\"lazy\" decoding=\"async\" width=\"1024\" height=\"683\" data-id=\"249955\" src=\"https:\/\/www.monaco-tribune.com\/wp-content\/uploads\/2024\/09\/le-prince-albert-ii-et-la-princesse-charlene-inaugurent-le-tout-nouveau-college-charles-iii16-1024x683.jpg\" alt=\"\" class=\"wp-image-249955\" srcset=\"https:\/\/www.monaco-tribune.com\/wp-content\/uploads\/2024\/09\/le-prince-albert-ii-et-la-princesse-charlene-inaugurent-le-tout-nouveau-college-charles-iii16-1024x683.jpg 1024w, https:\/\/www.monaco-tribune.com\/wp-content\/uploads\/2024\/09\/le-prince-albert-ii-et-la-princesse-charlene-inaugurent-le-tout-nouveau-college-charles-iii16-450x300.jpg 450w, https:\/\/www.monaco-tribune.com\/wp-content\/uploads\/2024\/09\/le-prince-albert-ii-et-la-princesse-charlene-inaugurent-le-tout-nouveau-college-charles-iii16.jpg 1199w\" sizes=\"auto, (max-width: 1024px) 100vw, 1024px\" \/><\/figure>\n<\/div>\n\n<div class=\"wp-block-image\">\n<figure class=\"aligncenter size-large\"><img loading=\"lazy\" decoding=\"async\" width=\"1024\" height=\"683\" data-id=\"249945\" src=\"https:\/\/www.monaco-tribune.com\/wp-content\/uploads\/2024\/09\/le-prince-albert-ii-et-la-princesse-charlene-inaugurent-le-tout-nouveau-college-charles-iii15-1024x683.jpg\" alt=\"\" class=\"wp-image-249945\" srcset=\"https:\/\/www.monaco-tribune.com\/wp-content\/uploads\/2024\/09\/le-prince-albert-ii-et-la-princesse-charlene-inaugurent-le-tout-nouveau-college-charles-iii15-1024x683.jpg 1024w, https:\/\/www.monaco-tribune.com\/wp-content\/uploads\/2024\/09\/le-prince-albert-ii-et-la-princesse-charlene-inaugurent-le-tout-nouveau-college-charles-iii15-450x300.jpg 450w, https:\/\/www.monaco-tribune.com\/wp-content\/uploads\/2024\/09\/le-prince-albert-ii-et-la-princesse-charlene-inaugurent-le-tout-nouveau-college-charles-iii15.jpg 1199w\" sizes=\"auto, (max-width: 1024px) 100vw, 1024px\" \/><\/figure>\n<\/div><\/figure>\n\n<p><em>Crediti fotografici: Eric Mathon \/ Palazzo del Principe \/ Governo del Principe.<\/em><\/p>\n\n<p class=\"related\"><a href=\"https:\/\/www.monaco-tribune.com\/it\/2024\/09\/900-monegaschi-hanno-partecipato-al-picnic-u-cavagnetu-insieme-al-principe-alberto-ii-e-alla-principessa-charlene\/\">900 monegaschi hanno partecipato al picnic U Cavagnetu insieme al Principe Alberto II e alla Principessa Charl\u00e8ne<\/a><\/p>\n","protected":false},"excerpt":{"rendered":"<p>Gioved\u00ec 12 settembre, il Principato ha celebrato l&#8217;apertura del Coll\u00e8ge Charles III, un istituto moderno e ambizioso che simboleggia l&#8217;impegno [&hellip;]<\/p>\n","protected":false},"author":77,"featured_media":249997,"comment_status":"closed","ping_status":"closed","sticky":false,"template":"","format":"standard","meta":{"_acf_changed":false,"footnotes":""},"categories":[1742,1826,1738],"tags":[3286],"post_sectags":[3757,3304],"post_format":[2474],"class_list":["post-250113","post","type-post","status-publish","format-standard","has-post-thumbnail","hentry","category-famiglia-principesca","category-la-nostra-scelta","category-notizie","tag-istruzione","sectag-principe-alberto-ii","sectag-principessa-charlene","format-foto"],"acf":[],"yoast_head":"<!-- This site is optimized with the Yoast SEO Premium plugin v26.8 (Yoast SEO v27.4) - https:\/\/yoast.com\/product\/yoast-seo-premium-wordpress\/ -->\n<title>Il Principe Alberto II e la Principessa Charl\u00e8ne inaugurano il nuovo Coll\u00e8ge Charles III<\/title>\n<meta name=\"description\" content=\"Gioved\u00ec 12 settembre, il Principato ha celebrato l&#039;apertura del Coll\u00e8ge Charles III, un istituto moderno e ambizioso che simboleggia l&#039;impegno di Monaco\" \/>\n<meta name=\"robots\" content=\"index, follow, max-snippet:-1, max-image-preview:large, max-video-preview:-1\" \/>\n<link rel=\"canonical\" href=\"https:\/\/www.monaco-tribune.com\/it\/2024\/09\/il-principe-alberto-ii-e-la-principessa-charlene-inaugurano-il-nuovo-college-charles-iii\/\" \/>\n<meta property=\"og:locale\" content=\"it_IT\" \/>\n<meta property=\"og:type\" content=\"article\" \/>\n<meta property=\"og:title\" content=\"Il Principe Alberto II e la Principessa Charl\u00e8ne inaugurano il nuovo Coll\u00e8ge Charles III - Monaco Tribune\" \/>\n<meta property=\"og:description\" content=\"Gioved\u00ec 12 settembre, il Principato ha celebrato l&#039;apertura del Coll\u00e8ge Charles III, un istituto moderno e ambizioso che simboleggia l&#039;impegno di Monaco\" \/>\n<meta property=\"og:url\" content=\"https:\/\/www.monaco-tribune.com\/it\/2024\/09\/il-principe-alberto-ii-e-la-principessa-charlene-inaugurano-il-nuovo-college-charles-iii\/\" \/>\n<meta property=\"og:site_name\" content=\"Monaco Tribune\" \/>\n<meta property=\"article:publisher\" content=\"https:\/\/www.facebook.com\/MonacoTribune\" \/>\n<meta property=\"article:published_time\" content=\"2024-09-13T13:41:09+00:00\" \/>\n<meta property=\"article:modified_time\" content=\"2024-09-13T13:41:24+00:00\" \/>\n<meta property=\"og:image\" content=\"https:\/\/www.monaco-tribune.com\/wp-content\/uploads\/2024\/09\/pp-le-prince-albert-ii-et-la-princesse-charlene-inaugurent-le-tout-nouveau-college-charles-iii2.jpg\" \/>\n\t<meta property=\"og:image:width\" content=\"1200\" \/>\n\t<meta property=\"og:image:height\" content=\"800\" \/>\n\t<meta property=\"og:image:type\" content=\"image\/jpeg\" \/>\n<meta name=\"author\" content=\"Ana\u00efs Riu\" \/>\n<meta name=\"twitter:card\" content=\"summary_large_image\" \/>\n<meta name=\"twitter:creator\" content=\"@MonacoTribune\" \/>\n<meta name=\"twitter:site\" content=\"@MonacoTribune\" \/>\n<script type=\"application\/ld+json\" class=\"yoast-schema-graph\">{\"@context\":\"https:\\\/\\\/schema.org\",\"@graph\":[{\"@type\":\"NewsArticle\",\"@id\":\"https:\\\/\\\/www.monaco-tribune.com\\\/it\\\/2024\\\/09\\\/il-principe-alberto-ii-e-la-principessa-charlene-inaugurano-il-nuovo-college-charles-iii\\\/#article\",\"isPartOf\":{\"@id\":\"https:\\\/\\\/www.monaco-tribune.com\\\/it\\\/2024\\\/09\\\/il-principe-alberto-ii-e-la-principessa-charlene-inaugurano-il-nuovo-college-charles-iii\\\/\"},\"author\":{\"name\":\"Ana\u00efs Riu\",\"@id\":\"https:\\\/\\\/www.monaco-tribune.com\\\/it\\\/#\\\/schema\\\/person\\\/6db631c784f2f0eff54c3ca4d1da2d49\"},\"headline\":\"Il Principe Alberto II e la Principessa Charl\u00e8ne inaugurano il nuovo Coll\u00e8ge Charles III\",\"datePublished\":\"2024-09-13T13:41:09+00:00\",\"dateModified\":\"2024-09-13T13:41:24+00:00\",\"mainEntityOfPage\":{\"@id\":\"https:\\\/\\\/www.monaco-tribune.com\\\/it\\\/2024\\\/09\\\/il-principe-alberto-ii-e-la-principessa-charlene-inaugurano-il-nuovo-college-charles-iii\\\/\"},\"wordCount\":617,\"publisher\":{\"@id\":\"https:\\\/\\\/www.monaco-tribune.com\\\/it\\\/#organization\"},\"image\":{\"@id\":\"https:\\\/\\\/www.monaco-tribune.com\\\/it\\\/2024\\\/09\\\/il-principe-alberto-ii-e-la-principessa-charlene-inaugurano-il-nuovo-college-charles-iii\\\/#primaryimage\"},\"thumbnailUrl\":\"https:\\\/\\\/www.monaco-tribune.com\\\/wp-content\\\/uploads\\\/2024\\\/09\\\/pp-le-prince-albert-ii-et-la-princesse-charlene-inaugurent-le-tout-nouveau-college-charles-iii2.jpg\",\"keywords\":[\"Istruzione\"],\"articleSection\":[\"Famiglia Principesca\",\"La nostra scelta\",\"Notizie\"],\"inLanguage\":\"it-IT\",\"copyrightYear\":\"2024\",\"copyrightHolder\":{\"@id\":\"https:\\\/\\\/www.monaco-tribune.com\\\/#organization\"}},{\"@type\":\"WebPage\",\"@id\":\"https:\\\/\\\/www.monaco-tribune.com\\\/it\\\/2024\\\/09\\\/il-principe-alberto-ii-e-la-principessa-charlene-inaugurano-il-nuovo-college-charles-iii\\\/\",\"url\":\"https:\\\/\\\/www.monaco-tribune.com\\\/it\\\/2024\\\/09\\\/il-principe-alberto-ii-e-la-principessa-charlene-inaugurano-il-nuovo-college-charles-iii\\\/\",\"name\":\"Il Principe Alberto II e la Principessa Charl\u00e8ne inaugurano il nuovo Coll\u00e8ge Charles III\",\"isPartOf\":{\"@id\":\"https:\\\/\\\/www.monaco-tribune.com\\\/it\\\/#website\"},\"primaryImageOfPage\":{\"@id\":\"https:\\\/\\\/www.monaco-tribune.com\\\/it\\\/2024\\\/09\\\/il-principe-alberto-ii-e-la-principessa-charlene-inaugurano-il-nuovo-college-charles-iii\\\/#primaryimage\"},\"image\":{\"@id\":\"https:\\\/\\\/www.monaco-tribune.com\\\/it\\\/2024\\\/09\\\/il-principe-alberto-ii-e-la-principessa-charlene-inaugurano-il-nuovo-college-charles-iii\\\/#primaryimage\"},\"thumbnailUrl\":\"https:\\\/\\\/www.monaco-tribune.com\\\/wp-content\\\/uploads\\\/2024\\\/09\\\/pp-le-prince-albert-ii-et-la-princesse-charlene-inaugurent-le-tout-nouveau-college-charles-iii2.jpg\",\"datePublished\":\"2024-09-13T13:41:09+00:00\",\"dateModified\":\"2024-09-13T13:41:24+00:00\",\"description\":\"Gioved\u00ec 12 settembre, il Principato ha celebrato l'apertura del Coll\u00e8ge Charles III, un istituto moderno e ambizioso che simboleggia l'impegno di Monaco\",\"breadcrumb\":{\"@id\":\"https:\\\/\\\/www.monaco-tribune.com\\\/it\\\/2024\\\/09\\\/il-principe-alberto-ii-e-la-principessa-charlene-inaugurano-il-nuovo-college-charles-iii\\\/#breadcrumb\"},\"inLanguage\":\"it-IT\",\"potentialAction\":[{\"@type\":\"ReadAction\",\"target\":[\"https:\\\/\\\/www.monaco-tribune.com\\\/it\\\/2024\\\/09\\\/il-principe-alberto-ii-e-la-principessa-charlene-inaugurano-il-nuovo-college-charles-iii\\\/\"]}]},{\"@type\":\"ImageObject\",\"inLanguage\":\"it-IT\",\"@id\":\"https:\\\/\\\/www.monaco-tribune.com\\\/it\\\/2024\\\/09\\\/il-principe-alberto-ii-e-la-principessa-charlene-inaugurano-il-nuovo-college-charles-iii\\\/#primaryimage\",\"url\":\"https:\\\/\\\/www.monaco-tribune.com\\\/wp-content\\\/uploads\\\/2024\\\/09\\\/pp-le-prince-albert-ii-et-la-princesse-charlene-inaugurent-le-tout-nouveau-college-charles-iii2.jpg\",\"contentUrl\":\"https:\\\/\\\/www.monaco-tribune.com\\\/wp-content\\\/uploads\\\/2024\\\/09\\\/pp-le-prince-albert-ii-et-la-princesse-charlene-inaugurent-le-tout-nouveau-college-charles-iii2.jpg\",\"width\":1200,\"height\":800,\"caption\":\"Dopo aver svelato la targa inaugurale alla presenza di Didier Guillaume, Ministro di Stato, Mons. Dominique-Marie David, Arcivescovo di Monaco e delle autorit\u00e0 monegasche, il Principe e la Principessa hanno fatto un tour della scuola visitando la mensa, l'anfiteatro e 2 aule \u00a9 Eric Mathon \\\/ Palazzo del Principe\"},{\"@type\":\"BreadcrumbList\",\"@id\":\"https:\\\/\\\/www.monaco-tribune.com\\\/it\\\/2024\\\/09\\\/il-principe-alberto-ii-e-la-principessa-charlene-inaugurano-il-nuovo-college-charles-iii\\\/#breadcrumb\",\"itemListElement\":[{\"@type\":\"ListItem\",\"position\":1,\"name\":\"Accueil\",\"item\":\"https:\\\/\\\/www.monaco-tribune.com\\\/it\\\/\"},{\"@type\":\"ListItem\",\"position\":2,\"name\":\"Il Principe Alberto II e la Principessa Charl\u00e8ne inaugurano il nuovo Coll\u00e8ge Charles III\"}]},{\"@type\":\"WebSite\",\"@id\":\"https:\\\/\\\/www.monaco-tribune.com\\\/it\\\/#website\",\"url\":\"https:\\\/\\\/www.monaco-tribune.com\\\/it\\\/\",\"name\":\"Monaco Tribune\",\"description\":\"Monaco : actualit\u00e9s \u00e9conomiques, politiques, culturelles et sportives de Monaco et de la French Riviera.\",\"publisher\":{\"@id\":\"https:\\\/\\\/www.monaco-tribune.com\\\/it\\\/#organization\"},\"potentialAction\":[{\"@type\":\"SearchAction\",\"target\":{\"@type\":\"EntryPoint\",\"urlTemplate\":\"https:\\\/\\\/www.monaco-tribune.com\\\/it\\\/?s={search_term_string}\"},\"query-input\":{\"@type\":\"PropertyValueSpecification\",\"valueRequired\":true,\"valueName\":\"search_term_string\"}}],\"inLanguage\":\"it-IT\"},{\"@type\":\"Organization\",\"@id\":\"https:\\\/\\\/www.monaco-tribune.com\\\/it\\\/#organization\",\"name\":\"Monaco Tribune\",\"url\":\"https:\\\/\\\/www.monaco-tribune.com\\\/it\\\/\",\"logo\":{\"@type\":\"ImageObject\",\"inLanguage\":\"it-IT\",\"@id\":\"https:\\\/\\\/www.monaco-tribune.com\\\/it\\\/#\\\/schema\\\/logo\\\/image\\\/\",\"url\":\"https:\\\/\\\/www.monaco-tribune.com\\\/wp-content\\\/uploads\\\/2022\\\/11\\\/logo-monaco-tribune.png\",\"contentUrl\":\"https:\\\/\\\/www.monaco-tribune.com\\\/wp-content\\\/uploads\\\/2022\\\/11\\\/logo-monaco-tribune.png\",\"width\":1548,\"height\":600,\"caption\":\"Monaco Tribune\"},\"image\":{\"@id\":\"https:\\\/\\\/www.monaco-tribune.com\\\/it\\\/#\\\/schema\\\/logo\\\/image\\\/\"},\"sameAs\":[\"https:\\\/\\\/www.facebook.com\\\/MonacoTribune\",\"https:\\\/\\\/x.com\\\/MonacoTribune\",\"https:\\\/\\\/www.instagram.com\\\/monacotribune\\\/\",\"https:\\\/\\\/www.linkedin.com\\\/company\\\/monaco-tribune\",\"https:\\\/\\\/www.youtube.com\\\/channel\\\/UCHle1MnG6hw1y4lWKijVbMA\"]},{\"@type\":\"Person\",\"@id\":\"https:\\\/\\\/www.monaco-tribune.com\\\/it\\\/#\\\/schema\\\/person\\\/6db631c784f2f0eff54c3ca4d1da2d49\",\"name\":\"Ana\u00efs Riu\",\"image\":{\"@type\":\"ImageObject\",\"inLanguage\":\"it-IT\",\"@id\":\"https:\\\/\\\/secure.gravatar.com\\\/avatar\\\/9137eff67ff750f1997c171f45e5829ca4c8fa34729a8f8cd9dc85be7e50df7f?s=96&d=mm&r=g\",\"url\":\"https:\\\/\\\/secure.gravatar.com\\\/avatar\\\/9137eff67ff750f1997c171f45e5829ca4c8fa34729a8f8cd9dc85be7e50df7f?s=96&d=mm&r=g\",\"contentUrl\":\"https:\\\/\\\/secure.gravatar.com\\\/avatar\\\/9137eff67ff750f1997c171f45e5829ca4c8fa34729a8f8cd9dc85be7e50df7f?s=96&d=mm&r=g\",\"caption\":\"Ana\u00efs Riu\"},\"url\":\"https:\\\/\\\/www.monaco-tribune.com\\\/it\\\/author\\\/anaisriu\\\/\"}]}<\/script>\n<!-- \/ Yoast SEO Premium plugin. -->","yoast_head_json":{"title":"Il Principe Alberto II e la Principessa Charl\u00e8ne inaugurano il nuovo Coll\u00e8ge Charles III","description":"Gioved\u00ec 12 settembre, il Principato ha celebrato l'apertura del Coll\u00e8ge Charles III, un istituto moderno e ambizioso che simboleggia l'impegno di Monaco","robots":{"index":"index","follow":"follow","max-snippet":"max-snippet:-1","max-image-preview":"max-image-preview:large","max-video-preview":"max-video-preview:-1"},"canonical":"https:\/\/www.monaco-tribune.com\/it\/2024\/09\/il-principe-alberto-ii-e-la-principessa-charlene-inaugurano-il-nuovo-college-charles-iii\/","og_locale":"it_IT","og_type":"article","og_title":"Il Principe Alberto II e la Principessa Charl\u00e8ne inaugurano il nuovo Coll\u00e8ge Charles III - Monaco Tribune","og_description":"Gioved\u00ec 12 settembre, il Principato ha celebrato l'apertura del Coll\u00e8ge Charles III, un istituto moderno e ambizioso che simboleggia l'impegno di Monaco","og_url":"https:\/\/www.monaco-tribune.com\/it\/2024\/09\/il-principe-alberto-ii-e-la-principessa-charlene-inaugurano-il-nuovo-college-charles-iii\/","og_site_name":"Monaco Tribune","article_publisher":"https:\/\/www.facebook.com\/MonacoTribune","article_published_time":"2024-09-13T13:41:09+00:00","article_modified_time":"2024-09-13T13:41:24+00:00","og_image":[{"width":1200,"height":800,"url":"https:\/\/www.monaco-tribune.com\/wp-content\/uploads\/2024\/09\/pp-le-prince-albert-ii-et-la-princesse-charlene-inaugurent-le-tout-nouveau-college-charles-iii2.jpg","type":"image\/jpeg"}],"author":"Ana\u00efs Riu","twitter_card":"summary_large_image","twitter_creator":"@MonacoTribune","twitter_site":"@MonacoTribune","schema":{"@context":"https:\/\/schema.org","@graph":[{"@type":"NewsArticle","@id":"https:\/\/www.monaco-tribune.com\/it\/2024\/09\/il-principe-alberto-ii-e-la-principessa-charlene-inaugurano-il-nuovo-college-charles-iii\/#article","isPartOf":{"@id":"https:\/\/www.monaco-tribune.com\/it\/2024\/09\/il-principe-alberto-ii-e-la-principessa-charlene-inaugurano-il-nuovo-college-charles-iii\/"},"author":{"name":"Ana\u00efs Riu","@id":"https:\/\/www.monaco-tribune.com\/it\/#\/schema\/person\/6db631c784f2f0eff54c3ca4d1da2d49"},"headline":"Il Principe Alberto II e la Principessa Charl\u00e8ne inaugurano il nuovo Coll\u00e8ge Charles III","datePublished":"2024-09-13T13:41:09+00:00","dateModified":"2024-09-13T13:41:24+00:00","mainEntityOfPage":{"@id":"https:\/\/www.monaco-tribune.com\/it\/2024\/09\/il-principe-alberto-ii-e-la-principessa-charlene-inaugurano-il-nuovo-college-charles-iii\/"},"wordCount":617,"publisher":{"@id":"https:\/\/www.monaco-tribune.com\/it\/#organization"},"image":{"@id":"https:\/\/www.monaco-tribune.com\/it\/2024\/09\/il-principe-alberto-ii-e-la-principessa-charlene-inaugurano-il-nuovo-college-charles-iii\/#primaryimage"},"thumbnailUrl":"https:\/\/www.monaco-tribune.com\/wp-content\/uploads\/2024\/09\/pp-le-prince-albert-ii-et-la-princesse-charlene-inaugurent-le-tout-nouveau-college-charles-iii2.jpg","keywords":["Istruzione"],"articleSection":["Famiglia Principesca","La nostra scelta","Notizie"],"inLanguage":"it-IT","copyrightYear":"2024","copyrightHolder":{"@id":"https:\/\/www.monaco-tribune.com\/#organization"}},{"@type":"WebPage","@id":"https:\/\/www.monaco-tribune.com\/it\/2024\/09\/il-principe-alberto-ii-e-la-principessa-charlene-inaugurano-il-nuovo-college-charles-iii\/","url":"https:\/\/www.monaco-tribune.com\/it\/2024\/09\/il-principe-alberto-ii-e-la-principessa-charlene-inaugurano-il-nuovo-college-charles-iii\/","name":"Il Principe Alberto II e la Principessa Charl\u00e8ne inaugurano il nuovo Coll\u00e8ge Charles III","isPartOf":{"@id":"https:\/\/www.monaco-tribune.com\/it\/#website"},"primaryImageOfPage":{"@id":"https:\/\/www.monaco-tribune.com\/it\/2024\/09\/il-principe-alberto-ii-e-la-principessa-charlene-inaugurano-il-nuovo-college-charles-iii\/#primaryimage"},"image":{"@id":"https:\/\/www.monaco-tribune.com\/it\/2024\/09\/il-principe-alberto-ii-e-la-principessa-charlene-inaugurano-il-nuovo-college-charles-iii\/#primaryimage"},"thumbnailUrl":"https:\/\/www.monaco-tribune.com\/wp-content\/uploads\/2024\/09\/pp-le-prince-albert-ii-et-la-princesse-charlene-inaugurent-le-tout-nouveau-college-charles-iii2.jpg","datePublished":"2024-09-13T13:41:09+00:00","dateModified":"2024-09-13T13:41:24+00:00","description":"Gioved\u00ec 12 settembre, il Principato ha celebrato l'apertura del Coll\u00e8ge Charles III, un istituto moderno e ambizioso che simboleggia l'impegno di Monaco","breadcrumb":{"@id":"https:\/\/www.monaco-tribune.com\/it\/2024\/09\/il-principe-alberto-ii-e-la-principessa-charlene-inaugurano-il-nuovo-college-charles-iii\/#breadcrumb"},"inLanguage":"it-IT","potentialAction":[{"@type":"ReadAction","target":["https:\/\/www.monaco-tribune.com\/it\/2024\/09\/il-principe-alberto-ii-e-la-principessa-charlene-inaugurano-il-nuovo-college-charles-iii\/"]}]},{"@type":"ImageObject","inLanguage":"it-IT","@id":"https:\/\/www.monaco-tribune.com\/it\/2024\/09\/il-principe-alberto-ii-e-la-principessa-charlene-inaugurano-il-nuovo-college-charles-iii\/#primaryimage","url":"https:\/\/www.monaco-tribune.com\/wp-content\/uploads\/2024\/09\/pp-le-prince-albert-ii-et-la-princesse-charlene-inaugurent-le-tout-nouveau-college-charles-iii2.jpg","contentUrl":"https:\/\/www.monaco-tribune.com\/wp-content\/uploads\/2024\/09\/pp-le-prince-albert-ii-et-la-princesse-charlene-inaugurent-le-tout-nouveau-college-charles-iii2.jpg","width":1200,"height":800,"caption":"Dopo aver svelato la targa inaugurale alla presenza di Didier Guillaume, Ministro di Stato, Mons. Dominique-Marie David, Arcivescovo di Monaco e delle autorit\u00e0 monegasche, il Principe e la Principessa hanno fatto un tour della scuola visitando la mensa, l'anfiteatro e 2 aule \u00a9 Eric Mathon \/ Palazzo del Principe"},{"@type":"BreadcrumbList","@id":"https:\/\/www.monaco-tribune.com\/it\/2024\/09\/il-principe-alberto-ii-e-la-principessa-charlene-inaugurano-il-nuovo-college-charles-iii\/#breadcrumb","itemListElement":[{"@type":"ListItem","position":1,"name":"Accueil","item":"https:\/\/www.monaco-tribune.com\/it\/"},{"@type":"ListItem","position":2,"name":"Il Principe Alberto II e la Principessa Charl\u00e8ne inaugurano il nuovo Coll\u00e8ge Charles III"}]},{"@type":"WebSite","@id":"https:\/\/www.monaco-tribune.com\/it\/#website","url":"https:\/\/www.monaco-tribune.com\/it\/","name":"Monaco Tribune","description":"Monaco : actualit\u00e9s \u00e9conomiques, politiques, culturelles et sportives de Monaco et de la French Riviera.","publisher":{"@id":"https:\/\/www.monaco-tribune.com\/it\/#organization"},"potentialAction":[{"@type":"SearchAction","target":{"@type":"EntryPoint","urlTemplate":"https:\/\/www.monaco-tribune.com\/it\/?s={search_term_string}"},"query-input":{"@type":"PropertyValueSpecification","valueRequired":true,"valueName":"search_term_string"}}],"inLanguage":"it-IT"},{"@type":"Organization","@id":"https:\/\/www.monaco-tribune.com\/it\/#organization","name":"Monaco Tribune","url":"https:\/\/www.monaco-tribune.com\/it\/","logo":{"@type":"ImageObject","inLanguage":"it-IT","@id":"https:\/\/www.monaco-tribune.com\/it\/#\/schema\/logo\/image\/","url":"https:\/\/www.monaco-tribune.com\/wp-content\/uploads\/2022\/11\/logo-monaco-tribune.png","contentUrl":"https:\/\/www.monaco-tribune.com\/wp-content\/uploads\/2022\/11\/logo-monaco-tribune.png","width":1548,"height":600,"caption":"Monaco Tribune"},"image":{"@id":"https:\/\/www.monaco-tribune.com\/it\/#\/schema\/logo\/image\/"},"sameAs":["https:\/\/www.facebook.com\/MonacoTribune","https:\/\/x.com\/MonacoTribune","https:\/\/www.instagram.com\/monacotribune\/","https:\/\/www.linkedin.com\/company\/monaco-tribune","https:\/\/www.youtube.com\/channel\/UCHle1MnG6hw1y4lWKijVbMA"]},{"@type":"Person","@id":"https:\/\/www.monaco-tribune.com\/it\/#\/schema\/person\/6db631c784f2f0eff54c3ca4d1da2d49","name":"Ana\u00efs Riu","image":{"@type":"ImageObject","inLanguage":"it-IT","@id":"https:\/\/secure.gravatar.com\/avatar\/9137eff67ff750f1997c171f45e5829ca4c8fa34729a8f8cd9dc85be7e50df7f?s=96&d=mm&r=g","url":"https:\/\/secure.gravatar.com\/avatar\/9137eff67ff750f1997c171f45e5829ca4c8fa34729a8f8cd9dc85be7e50df7f?s=96&d=mm&r=g","contentUrl":"https:\/\/secure.gravatar.com\/avatar\/9137eff67ff750f1997c171f45e5829ca4c8fa34729a8f8cd9dc85be7e50df7f?s=96&d=mm&r=g","caption":"Ana\u00efs Riu"},"url":"https:\/\/www.monaco-tribune.com\/it\/author\/anaisriu\/"}]}},"_links":{"self":[{"href":"https:\/\/www.monaco-tribune.com\/it\/wp-json\/wp\/v2\/posts\/250113","targetHints":{"allow":["GET"]}}],"collection":[{"href":"https:\/\/www.monaco-tribune.com\/it\/wp-json\/wp\/v2\/posts"}],"about":[{"href":"https:\/\/www.monaco-tribune.com\/it\/wp-json\/wp\/v2\/types\/post"}],"author":[{"embeddable":true,"href":"https:\/\/www.monaco-tribune.com\/it\/wp-json\/wp\/v2\/users\/77"}],"replies":[{"embeddable":true,"href":"https:\/\/www.monaco-tribune.com\/it\/wp-json\/wp\/v2\/comments?post=250113"}],"version-history":[{"count":2,"href":"https:\/\/www.monaco-tribune.com\/it\/wp-json\/wp\/v2\/posts\/250113\/revisions"}],"predecessor-version":[{"id":250124,"href":"https:\/\/www.monaco-tribune.com\/it\/wp-json\/wp\/v2\/posts\/250113\/revisions\/250124"}],"wp:featuredmedia":[{"embeddable":true,"href":"https:\/\/www.monaco-tribune.com\/it\/wp-json\/wp\/v2\/media\/249997"}],"wp:attachment":[{"href":"https:\/\/www.monaco-tribune.com\/it\/wp-json\/wp\/v2\/media?parent=250113"}],"wp:term":[{"taxonomy":"category","embeddable":true,"href":"https:\/\/www.monaco-tribune.com\/it\/wp-json\/wp\/v2\/categories?post=250113"},{"taxonomy":"post_tag","embeddable":true,"href":"https:\/\/www.monaco-tribune.com\/it\/wp-json\/wp\/v2\/tags?post=250113"},{"taxonomy":"sectag","embeddable":true,"href":"https:\/\/www.monaco-tribune.com\/it\/wp-json\/wp\/v2\/post_sectags?post=250113"},{"taxonomy":"format","embeddable":true,"href":"https:\/\/www.monaco-tribune.com\/it\/wp-json\/wp\/v2\/post_format?post=250113"}],"curies":[{"name":"wp","href":"https:\/\/api.w.org\/{rel}","templated":true}]}}