{"id":250125,"date":"2024-09-13T16:04:41","date_gmt":"2024-09-13T14:04:41","guid":{"rendered":"https:\/\/www.monaco-tribune.com\/2024\/09\/stagione-2024-2025-lopmc-si-prepara-alla-nuova-stagione-con-un-programma-eclettico\/"},"modified":"2024-09-13T16:04:47","modified_gmt":"2024-09-13T14:04:47","slug":"stagione-2024-2025-lopmc-si-prepara-alla-nuova-stagione-con-un-programma-eclettico","status":"publish","type":"post","link":"https:\/\/www.monaco-tribune.com\/it\/2024\/09\/stagione-2024-2025-lopmc-si-prepara-alla-nuova-stagione-con-un-programma-eclettico\/","title":{"rendered":"Stagione 2024-2025: l&#8217;OPMC si prepara alla nuova stagione con un programma eclettico"},"content":{"rendered":"\n<p><strong>Ravel, Shostakovich e Mozart saranno i protagonisti del programma &#8217;24-&#8217;25.<\/strong><\/p>\n\n<p>Manca poco prima che gli strumenti tornino a risuonare dall&#8217;Auditorium Rainier III. Questa domenica, prima dell&#8217;apertura ufficiale della nuova stagione il 22 settembre al Grimaldi Forum, i due fratelli Jussen, pianisti in residenza, si esibiranno in un recital all&#8217;Op\u00e9ra de Monte-Carlo.<\/p>\n\n<p>La stagione 2023-2024 \u00e8 stata straordinaria, riscuotendo un grande successo e un consistente aumento del numero di spettatori. Al punto che gli Happy Hour, che dalla crisi sanitaria si tenevano alla Maison de France, torneranno per il nuovo anno all&#8217;Auditorium cos\u00ec da poter accogliere tutti.<\/p>\n\n<h2 class=\"wp-block-heading\" id=\"h-une-programmation-eclectique-comme-sait-les-faire-kazuki-yamada\">Un programma eclettico firmato Kazuki Yamada<\/h2>\n\n<p>Per il suo nono anno alla guida dell&#8217;Orchestra Filarmonica di Monte-Carlo, Kazuki Yamada ha deciso di perseguire il successo proponendo un programma eclettico con concerti e artisti accuratamente selezionati, tra cui anche giovani prodigi.<\/p>\n\n<p>La <em>Terza Sinfonia<\/em> di Mahler, <em>L&#8217;Anc\u00eatre<\/em> di Saint-Sa\u00ebns eseguita dal Philharmonic Chorus of Tokyo, concerti a volont\u00e0, cine-concerti: anche quest&#8217;anno l&#8217;OPMC si prepara a soddisfare tutte le aspettative del pubblico.<\/p>\n\n<p>Per la stagione 2024-2025, l&#8217;OPMC accoglier\u00e0 in residenza due fratelli pianisti olandesi, Lucas e Arthur Jussen, la cui musica \u00e8 stata definita da Kazuki Yamada \u201corganica e arricchente\u201d. Altri due giovanissimi artisti di 16 anni avranno l&#8217;onore di suonare a Monaco: Alexandra Dovgan (pianista) e Bohdan Luts (violinista).<\/p>\n\n<figure class=\"wp-block-embed aligncenter is-type-video is-provider-youtube wp-block-embed-youtube wp-embed-aspect-16-9 wp-has-aspect-ratio\"><div class=\"wp-block-embed__wrapper\">\r\n<iframe title=\"OPMC Pr\u00e9sentation de la saison 24-25 - A\u1d1c \u1d04\u0153\u1d1c\u0280 \u1d05\u1d07 \u029f\u1d00 \u1d0d\u1d1cs\u026a\u01eb\u1d1c\u1d07 !\" width=\"500\" height=\"281\" src=\"https:\/\/www.youtube.com\/embed\/JDehUNvZe8E?feature=oembed\" frameborder=\"0\" allow=\"accelerometer; autoplay; clipboard-write; encrypted-media; gyroscope; picture-in-picture; web-share\" referrerpolicy=\"strict-origin-when-cross-origin\" allowfullscreen><\/iframe>\r\n<\/div><\/figure>\r\n\n<h2 class=\"wp-block-heading\" id=\"h-deux-hommages-et-un-festival\">Due omaggi e un festival<\/h2>\n\n<p>In occasione del 150\u00b0 anniversario della nascita di Ravel e del 50\u00b0 anniversario della morte di \u0160ostak\u00f3vi\u010d, l&#8217;OPMC organizzer\u00e0 per tutto l&#8217;anno concerti in omaggio a questi due grandi compositori che hanno segnato la storia della musica classica.<\/p>\n\n<p>All&#8217;inizio del 2025, la 4a edizione del Festival Mozart a Monaco prevede due serate al teatro dell&#8217;opera, un concerto spirituale nella cattedrale e sei concerti, tra cui uno con il clarinettista Pierre G\u00e9nisson.<\/p>\n\n<p class=\"related\"><a href=\"https:\/\/www.monaco-tribune.com\/it\/2024\/09\/come-partecipare-al-world-clean-up-day-a-monaco\/\">Come partecipare al World Clean Up Day a Monaco<\/a><\/p>\n\n<p>Durante il suo discorso in francese, Kazuki Yamada ha dichiarato di essersi \u201ccommosso fino alle lacrime\u201d nei concerti durante la tourn\u00e9e nel suo paese natale, il Giappone. \u00c8 stato un grande successo: hanno registrato il tutto esaurito a Kyoto, Osaka e Tokyo. \u201cL&#8217;OPMC \u00e8 un&#8217;ambasciatrice culturale di Monaco\u201d, ha dichiarato il direttore artistico.<\/p>\n\n<p>Il 6 ottobre, sar\u00e0 il turno della Philharmonic Chorus of Tokyo di visitare Monaco, per eseguire <em>L&#8217;anc\u00eatre<\/em> di Camille Saint-Sa\u00ebns. Dedicata al Principe Alberto I,\u00a0 l&#8217;opera \u00e8 stata composta nel 1906 appositamente per l&#8217;Op\u00e9ra de Monaco, cos\u00ec come D\u00e9janire, che \u00e8 stata riproposta nel 2022.<\/p>\n\n<p><em>Scoprite tutto il programma sul sito dell&#8217;<a href=\"https:\/\/opmc.mc\/saison-24-25\/\">OPMC<\/a>.<\/em><\/p>\n","protected":false},"excerpt":{"rendered":"<p>Ravel, Shostakovich e Mozart saranno i protagonisti del programma &#8217;24-&#8217;25. Manca poco prima che gli strumenti tornino a risuonare dall&#8217;Auditorium [&hellip;]<\/p>\n","protected":false},"author":66,"featured_media":237830,"comment_status":"closed","ping_status":"closed","sticky":false,"template":"","format":"standard","meta":{"_acf_changed":false,"footnotes":""},"categories":[1740,1826,1738],"tags":[5127],"post_sectags":[3861],"post_format":[2478],"class_list":["post-250125","post","type-post","status-publish","format-standard","has-post-thumbnail","hentry","category-cosa-fare","category-la-nostra-scelta","category-notizie","tag-opmc-it","sectag-musica","format-notizia"],"acf":[],"yoast_head":"<!-- This site is optimized with the Yoast SEO Premium plugin v26.8 (Yoast SEO v27.4) - https:\/\/yoast.com\/product\/yoast-seo-premium-wordpress\/ -->\n<title>Stagione 2024-2025: l&#039;OPMC si prepara alla nuova stagione con un programma eclettico<\/title>\n<meta name=\"description\" content=\"Ravel, Shostakovich e Mozart saranno i protagonisti del programma &#039;24-&#039;25. Manca poco prima che gli strumenti tornino a risuonare dall&#039;Auditorium Rainier\" \/>\n<meta name=\"robots\" content=\"index, follow, max-snippet:-1, max-image-preview:large, max-video-preview:-1\" \/>\n<link rel=\"canonical\" href=\"https:\/\/www.monaco-tribune.com\/it\/2024\/09\/stagione-2024-2025-lopmc-si-prepara-alla-nuova-stagione-con-un-programma-eclettico\/\" \/>\n<meta property=\"og:locale\" content=\"it_IT\" \/>\n<meta property=\"og:type\" content=\"article\" \/>\n<meta property=\"og:title\" content=\"Stagione 2024-2025: l&#039;OPMC si prepara alla nuova stagione con un programma eclettico - Monaco Tribune\" \/>\n<meta property=\"og:description\" content=\"Ravel, Shostakovich e Mozart saranno i protagonisti del programma &#039;24-&#039;25. Manca poco prima che gli strumenti tornino a risuonare dall&#039;Auditorium Rainier\" \/>\n<meta property=\"og:url\" content=\"https:\/\/www.monaco-tribune.com\/it\/2024\/09\/stagione-2024-2025-lopmc-si-prepara-alla-nuova-stagione-con-un-programma-eclettico\/\" \/>\n<meta property=\"og:site_name\" content=\"Monaco Tribune\" \/>\n<meta property=\"article:publisher\" content=\"https:\/\/www.facebook.com\/MonacoTribune\" \/>\n<meta property=\"article:published_time\" content=\"2024-09-13T14:04:41+00:00\" \/>\n<meta property=\"article:modified_time\" content=\"2024-09-13T14:04:47+00:00\" \/>\n<meta property=\"og:image\" content=\"https:\/\/www.monaco-tribune.com\/wp-content\/uploads\/2024\/06\/saison-24-25-opmc-kazuki-yamada.jpg\" \/>\n\t<meta property=\"og:image:width\" content=\"2048\" \/>\n\t<meta property=\"og:image:height\" content=\"1365\" \/>\n\t<meta property=\"og:image:type\" content=\"image\/jpeg\" \/>\n<meta name=\"author\" content=\"Th\u00e9o Briand\" \/>\n<meta name=\"twitter:card\" content=\"summary_large_image\" \/>\n<meta name=\"twitter:creator\" content=\"@MonacoTribune\" \/>\n<meta name=\"twitter:site\" content=\"@MonacoTribune\" \/>\n<script type=\"application\/ld+json\" class=\"yoast-schema-graph\">{\"@context\":\"https:\\\/\\\/schema.org\",\"@graph\":[{\"@type\":\"NewsArticle\",\"@id\":\"https:\\\/\\\/www.monaco-tribune.com\\\/it\\\/2024\\\/09\\\/stagione-2024-2025-lopmc-si-prepara-alla-nuova-stagione-con-un-programma-eclettico\\\/#article\",\"isPartOf\":{\"@id\":\"https:\\\/\\\/www.monaco-tribune.com\\\/it\\\/2024\\\/09\\\/stagione-2024-2025-lopmc-si-prepara-alla-nuova-stagione-con-un-programma-eclettico\\\/\"},\"author\":{\"name\":\"Th\u00e9o Briand\",\"@id\":\"https:\\\/\\\/www.monaco-tribune.com\\\/it\\\/#\\\/schema\\\/person\\\/94fb5723547bd83dea1eed97e25145aa\"},\"headline\":\"Stagione 2024-2025: l&#8217;OPMC si prepara alla nuova stagione con un programma eclettico\",\"datePublished\":\"2024-09-13T14:04:41+00:00\",\"dateModified\":\"2024-09-13T14:04:47+00:00\",\"mainEntityOfPage\":{\"@id\":\"https:\\\/\\\/www.monaco-tribune.com\\\/it\\\/2024\\\/09\\\/stagione-2024-2025-lopmc-si-prepara-alla-nuova-stagione-con-un-programma-eclettico\\\/\"},\"wordCount\":441,\"publisher\":{\"@id\":\"https:\\\/\\\/www.monaco-tribune.com\\\/it\\\/#organization\"},\"image\":{\"@id\":\"https:\\\/\\\/www.monaco-tribune.com\\\/it\\\/2024\\\/09\\\/stagione-2024-2025-lopmc-si-prepara-alla-nuova-stagione-con-un-programma-eclettico\\\/#primaryimage\"},\"thumbnailUrl\":\"https:\\\/\\\/www.monaco-tribune.com\\\/wp-content\\\/uploads\\\/2024\\\/06\\\/saison-24-25-opmc-kazuki-yamada.jpg\",\"keywords\":[\"OPMC\"],\"articleSection\":[\"Cosa fare\",\"La nostra scelta\",\"Notizie\"],\"inLanguage\":\"it-IT\",\"copyrightYear\":\"2024\",\"copyrightHolder\":{\"@id\":\"https:\\\/\\\/www.monaco-tribune.com\\\/#organization\"}},{\"@type\":\"WebPage\",\"@id\":\"https:\\\/\\\/www.monaco-tribune.com\\\/it\\\/2024\\\/09\\\/stagione-2024-2025-lopmc-si-prepara-alla-nuova-stagione-con-un-programma-eclettico\\\/\",\"url\":\"https:\\\/\\\/www.monaco-tribune.com\\\/it\\\/2024\\\/09\\\/stagione-2024-2025-lopmc-si-prepara-alla-nuova-stagione-con-un-programma-eclettico\\\/\",\"name\":\"Stagione 2024-2025: l'OPMC si prepara alla nuova stagione con un programma eclettico\",\"isPartOf\":{\"@id\":\"https:\\\/\\\/www.monaco-tribune.com\\\/it\\\/#website\"},\"primaryImageOfPage\":{\"@id\":\"https:\\\/\\\/www.monaco-tribune.com\\\/it\\\/2024\\\/09\\\/stagione-2024-2025-lopmc-si-prepara-alla-nuova-stagione-con-un-programma-eclettico\\\/#primaryimage\"},\"image\":{\"@id\":\"https:\\\/\\\/www.monaco-tribune.com\\\/it\\\/2024\\\/09\\\/stagione-2024-2025-lopmc-si-prepara-alla-nuova-stagione-con-un-programma-eclettico\\\/#primaryimage\"},\"thumbnailUrl\":\"https:\\\/\\\/www.monaco-tribune.com\\\/wp-content\\\/uploads\\\/2024\\\/06\\\/saison-24-25-opmc-kazuki-yamada.jpg\",\"datePublished\":\"2024-09-13T14:04:41+00:00\",\"dateModified\":\"2024-09-13T14:04:47+00:00\",\"description\":\"Ravel, Shostakovich e Mozart saranno i protagonisti del programma '24-'25. Manca poco prima che gli strumenti tornino a risuonare dall'Auditorium Rainier\",\"breadcrumb\":{\"@id\":\"https:\\\/\\\/www.monaco-tribune.com\\\/it\\\/2024\\\/09\\\/stagione-2024-2025-lopmc-si-prepara-alla-nuova-stagione-con-un-programma-eclettico\\\/#breadcrumb\"},\"inLanguage\":\"it-IT\",\"potentialAction\":[{\"@type\":\"ReadAction\",\"target\":[\"https:\\\/\\\/www.monaco-tribune.com\\\/it\\\/2024\\\/09\\\/stagione-2024-2025-lopmc-si-prepara-alla-nuova-stagione-con-un-programma-eclettico\\\/\"]}]},{\"@type\":\"ImageObject\",\"inLanguage\":\"it-IT\",\"@id\":\"https:\\\/\\\/www.monaco-tribune.com\\\/it\\\/2024\\\/09\\\/stagione-2024-2025-lopmc-si-prepara-alla-nuova-stagione-con-un-programma-eclettico\\\/#primaryimage\",\"url\":\"https:\\\/\\\/www.monaco-tribune.com\\\/wp-content\\\/uploads\\\/2024\\\/06\\\/saison-24-25-opmc-kazuki-yamada.jpg\",\"contentUrl\":\"https:\\\/\\\/www.monaco-tribune.com\\\/wp-content\\\/uploads\\\/2024\\\/06\\\/saison-24-25-opmc-kazuki-yamada.jpg\",\"width\":2048,\"height\":1365,\"caption\":\"Kazuki Yamada al concerto di apertura per la presentazione della nuova stagione 2024-2025 dell'OPMC \u00a9 Direzione della Comunicazione \\\/ Manuel Vitali\"},{\"@type\":\"BreadcrumbList\",\"@id\":\"https:\\\/\\\/www.monaco-tribune.com\\\/it\\\/2024\\\/09\\\/stagione-2024-2025-lopmc-si-prepara-alla-nuova-stagione-con-un-programma-eclettico\\\/#breadcrumb\",\"itemListElement\":[{\"@type\":\"ListItem\",\"position\":1,\"name\":\"Accueil\",\"item\":\"https:\\\/\\\/www.monaco-tribune.com\\\/it\\\/\"},{\"@type\":\"ListItem\",\"position\":2,\"name\":\"Stagione 2024-2025: l&#8217;OPMC si prepara alla nuova stagione con un programma eclettico\"}]},{\"@type\":\"WebSite\",\"@id\":\"https:\\\/\\\/www.monaco-tribune.com\\\/it\\\/#website\",\"url\":\"https:\\\/\\\/www.monaco-tribune.com\\\/it\\\/\",\"name\":\"Monaco Tribune\",\"description\":\"Monaco : actualit\u00e9s \u00e9conomiques, politiques, culturelles et sportives de Monaco et de la French Riviera.\",\"publisher\":{\"@id\":\"https:\\\/\\\/www.monaco-tribune.com\\\/it\\\/#organization\"},\"potentialAction\":[{\"@type\":\"SearchAction\",\"target\":{\"@type\":\"EntryPoint\",\"urlTemplate\":\"https:\\\/\\\/www.monaco-tribune.com\\\/it\\\/?s={search_term_string}\"},\"query-input\":{\"@type\":\"PropertyValueSpecification\",\"valueRequired\":true,\"valueName\":\"search_term_string\"}}],\"inLanguage\":\"it-IT\"},{\"@type\":\"Organization\",\"@id\":\"https:\\\/\\\/www.monaco-tribune.com\\\/it\\\/#organization\",\"name\":\"Monaco Tribune\",\"url\":\"https:\\\/\\\/www.monaco-tribune.com\\\/it\\\/\",\"logo\":{\"@type\":\"ImageObject\",\"inLanguage\":\"it-IT\",\"@id\":\"https:\\\/\\\/www.monaco-tribune.com\\\/it\\\/#\\\/schema\\\/logo\\\/image\\\/\",\"url\":\"https:\\\/\\\/www.monaco-tribune.com\\\/wp-content\\\/uploads\\\/2022\\\/11\\\/logo-monaco-tribune.png\",\"contentUrl\":\"https:\\\/\\\/www.monaco-tribune.com\\\/wp-content\\\/uploads\\\/2022\\\/11\\\/logo-monaco-tribune.png\",\"width\":1548,\"height\":600,\"caption\":\"Monaco Tribune\"},\"image\":{\"@id\":\"https:\\\/\\\/www.monaco-tribune.com\\\/it\\\/#\\\/schema\\\/logo\\\/image\\\/\"},\"sameAs\":[\"https:\\\/\\\/www.facebook.com\\\/MonacoTribune\",\"https:\\\/\\\/x.com\\\/MonacoTribune\",\"https:\\\/\\\/www.instagram.com\\\/monacotribune\\\/\",\"https:\\\/\\\/www.linkedin.com\\\/company\\\/monaco-tribune\",\"https:\\\/\\\/www.youtube.com\\\/channel\\\/UCHle1MnG6hw1y4lWKijVbMA\"]},{\"@type\":\"Person\",\"@id\":\"https:\\\/\\\/www.monaco-tribune.com\\\/it\\\/#\\\/schema\\\/person\\\/94fb5723547bd83dea1eed97e25145aa\",\"name\":\"Th\u00e9o Briand\",\"image\":{\"@type\":\"ImageObject\",\"inLanguage\":\"it-IT\",\"@id\":\"https:\\\/\\\/secure.gravatar.com\\\/avatar\\\/1c02cfd8b8054d8c376f9a942a1dc4dbacfd8ba5e6f8dbb5e16f4aa3d281972a?s=96&d=mm&r=g\",\"url\":\"https:\\\/\\\/secure.gravatar.com\\\/avatar\\\/1c02cfd8b8054d8c376f9a942a1dc4dbacfd8ba5e6f8dbb5e16f4aa3d281972a?s=96&d=mm&r=g\",\"contentUrl\":\"https:\\\/\\\/secure.gravatar.com\\\/avatar\\\/1c02cfd8b8054d8c376f9a942a1dc4dbacfd8ba5e6f8dbb5e16f4aa3d281972a?s=96&d=mm&r=g\",\"caption\":\"Th\u00e9o Briand\"},\"url\":\"https:\\\/\\\/www.monaco-tribune.com\\\/it\\\/author\\\/theobriand\\\/\"}]}<\/script>\n<!-- \/ Yoast SEO Premium plugin. -->","yoast_head_json":{"title":"Stagione 2024-2025: l'OPMC si prepara alla nuova stagione con un programma eclettico","description":"Ravel, Shostakovich e Mozart saranno i protagonisti del programma '24-'25. Manca poco prima che gli strumenti tornino a risuonare dall'Auditorium Rainier","robots":{"index":"index","follow":"follow","max-snippet":"max-snippet:-1","max-image-preview":"max-image-preview:large","max-video-preview":"max-video-preview:-1"},"canonical":"https:\/\/www.monaco-tribune.com\/it\/2024\/09\/stagione-2024-2025-lopmc-si-prepara-alla-nuova-stagione-con-un-programma-eclettico\/","og_locale":"it_IT","og_type":"article","og_title":"Stagione 2024-2025: l'OPMC si prepara alla nuova stagione con un programma eclettico - Monaco Tribune","og_description":"Ravel, Shostakovich e Mozart saranno i protagonisti del programma '24-'25. Manca poco prima che gli strumenti tornino a risuonare dall'Auditorium Rainier","og_url":"https:\/\/www.monaco-tribune.com\/it\/2024\/09\/stagione-2024-2025-lopmc-si-prepara-alla-nuova-stagione-con-un-programma-eclettico\/","og_site_name":"Monaco Tribune","article_publisher":"https:\/\/www.facebook.com\/MonacoTribune","article_published_time":"2024-09-13T14:04:41+00:00","article_modified_time":"2024-09-13T14:04:47+00:00","og_image":[{"width":2048,"height":1365,"url":"https:\/\/www.monaco-tribune.com\/wp-content\/uploads\/2024\/06\/saison-24-25-opmc-kazuki-yamada.jpg","type":"image\/jpeg"}],"author":"Th\u00e9o Briand","twitter_card":"summary_large_image","twitter_creator":"@MonacoTribune","twitter_site":"@MonacoTribune","schema":{"@context":"https:\/\/schema.org","@graph":[{"@type":"NewsArticle","@id":"https:\/\/www.monaco-tribune.com\/it\/2024\/09\/stagione-2024-2025-lopmc-si-prepara-alla-nuova-stagione-con-un-programma-eclettico\/#article","isPartOf":{"@id":"https:\/\/www.monaco-tribune.com\/it\/2024\/09\/stagione-2024-2025-lopmc-si-prepara-alla-nuova-stagione-con-un-programma-eclettico\/"},"author":{"name":"Th\u00e9o Briand","@id":"https:\/\/www.monaco-tribune.com\/it\/#\/schema\/person\/94fb5723547bd83dea1eed97e25145aa"},"headline":"Stagione 2024-2025: l&#8217;OPMC si prepara alla nuova stagione con un programma eclettico","datePublished":"2024-09-13T14:04:41+00:00","dateModified":"2024-09-13T14:04:47+00:00","mainEntityOfPage":{"@id":"https:\/\/www.monaco-tribune.com\/it\/2024\/09\/stagione-2024-2025-lopmc-si-prepara-alla-nuova-stagione-con-un-programma-eclettico\/"},"wordCount":441,"publisher":{"@id":"https:\/\/www.monaco-tribune.com\/it\/#organization"},"image":{"@id":"https:\/\/www.monaco-tribune.com\/it\/2024\/09\/stagione-2024-2025-lopmc-si-prepara-alla-nuova-stagione-con-un-programma-eclettico\/#primaryimage"},"thumbnailUrl":"https:\/\/www.monaco-tribune.com\/wp-content\/uploads\/2024\/06\/saison-24-25-opmc-kazuki-yamada.jpg","keywords":["OPMC"],"articleSection":["Cosa fare","La nostra scelta","Notizie"],"inLanguage":"it-IT","copyrightYear":"2024","copyrightHolder":{"@id":"https:\/\/www.monaco-tribune.com\/#organization"}},{"@type":"WebPage","@id":"https:\/\/www.monaco-tribune.com\/it\/2024\/09\/stagione-2024-2025-lopmc-si-prepara-alla-nuova-stagione-con-un-programma-eclettico\/","url":"https:\/\/www.monaco-tribune.com\/it\/2024\/09\/stagione-2024-2025-lopmc-si-prepara-alla-nuova-stagione-con-un-programma-eclettico\/","name":"Stagione 2024-2025: l'OPMC si prepara alla nuova stagione con un programma eclettico","isPartOf":{"@id":"https:\/\/www.monaco-tribune.com\/it\/#website"},"primaryImageOfPage":{"@id":"https:\/\/www.monaco-tribune.com\/it\/2024\/09\/stagione-2024-2025-lopmc-si-prepara-alla-nuova-stagione-con-un-programma-eclettico\/#primaryimage"},"image":{"@id":"https:\/\/www.monaco-tribune.com\/it\/2024\/09\/stagione-2024-2025-lopmc-si-prepara-alla-nuova-stagione-con-un-programma-eclettico\/#primaryimage"},"thumbnailUrl":"https:\/\/www.monaco-tribune.com\/wp-content\/uploads\/2024\/06\/saison-24-25-opmc-kazuki-yamada.jpg","datePublished":"2024-09-13T14:04:41+00:00","dateModified":"2024-09-13T14:04:47+00:00","description":"Ravel, Shostakovich e Mozart saranno i protagonisti del programma '24-'25. Manca poco prima che gli strumenti tornino a risuonare dall'Auditorium Rainier","breadcrumb":{"@id":"https:\/\/www.monaco-tribune.com\/it\/2024\/09\/stagione-2024-2025-lopmc-si-prepara-alla-nuova-stagione-con-un-programma-eclettico\/#breadcrumb"},"inLanguage":"it-IT","potentialAction":[{"@type":"ReadAction","target":["https:\/\/www.monaco-tribune.com\/it\/2024\/09\/stagione-2024-2025-lopmc-si-prepara-alla-nuova-stagione-con-un-programma-eclettico\/"]}]},{"@type":"ImageObject","inLanguage":"it-IT","@id":"https:\/\/www.monaco-tribune.com\/it\/2024\/09\/stagione-2024-2025-lopmc-si-prepara-alla-nuova-stagione-con-un-programma-eclettico\/#primaryimage","url":"https:\/\/www.monaco-tribune.com\/wp-content\/uploads\/2024\/06\/saison-24-25-opmc-kazuki-yamada.jpg","contentUrl":"https:\/\/www.monaco-tribune.com\/wp-content\/uploads\/2024\/06\/saison-24-25-opmc-kazuki-yamada.jpg","width":2048,"height":1365,"caption":"Kazuki Yamada al concerto di apertura per la presentazione della nuova stagione 2024-2025 dell'OPMC \u00a9 Direzione della Comunicazione \/ Manuel Vitali"},{"@type":"BreadcrumbList","@id":"https:\/\/www.monaco-tribune.com\/it\/2024\/09\/stagione-2024-2025-lopmc-si-prepara-alla-nuova-stagione-con-un-programma-eclettico\/#breadcrumb","itemListElement":[{"@type":"ListItem","position":1,"name":"Accueil","item":"https:\/\/www.monaco-tribune.com\/it\/"},{"@type":"ListItem","position":2,"name":"Stagione 2024-2025: l&#8217;OPMC si prepara alla nuova stagione con un programma eclettico"}]},{"@type":"WebSite","@id":"https:\/\/www.monaco-tribune.com\/it\/#website","url":"https:\/\/www.monaco-tribune.com\/it\/","name":"Monaco Tribune","description":"Monaco : actualit\u00e9s \u00e9conomiques, politiques, culturelles et sportives de Monaco et de la French Riviera.","publisher":{"@id":"https:\/\/www.monaco-tribune.com\/it\/#organization"},"potentialAction":[{"@type":"SearchAction","target":{"@type":"EntryPoint","urlTemplate":"https:\/\/www.monaco-tribune.com\/it\/?s={search_term_string}"},"query-input":{"@type":"PropertyValueSpecification","valueRequired":true,"valueName":"search_term_string"}}],"inLanguage":"it-IT"},{"@type":"Organization","@id":"https:\/\/www.monaco-tribune.com\/it\/#organization","name":"Monaco Tribune","url":"https:\/\/www.monaco-tribune.com\/it\/","logo":{"@type":"ImageObject","inLanguage":"it-IT","@id":"https:\/\/www.monaco-tribune.com\/it\/#\/schema\/logo\/image\/","url":"https:\/\/www.monaco-tribune.com\/wp-content\/uploads\/2022\/11\/logo-monaco-tribune.png","contentUrl":"https:\/\/www.monaco-tribune.com\/wp-content\/uploads\/2022\/11\/logo-monaco-tribune.png","width":1548,"height":600,"caption":"Monaco Tribune"},"image":{"@id":"https:\/\/www.monaco-tribune.com\/it\/#\/schema\/logo\/image\/"},"sameAs":["https:\/\/www.facebook.com\/MonacoTribune","https:\/\/x.com\/MonacoTribune","https:\/\/www.instagram.com\/monacotribune\/","https:\/\/www.linkedin.com\/company\/monaco-tribune","https:\/\/www.youtube.com\/channel\/UCHle1MnG6hw1y4lWKijVbMA"]},{"@type":"Person","@id":"https:\/\/www.monaco-tribune.com\/it\/#\/schema\/person\/94fb5723547bd83dea1eed97e25145aa","name":"Th\u00e9o Briand","image":{"@type":"ImageObject","inLanguage":"it-IT","@id":"https:\/\/secure.gravatar.com\/avatar\/1c02cfd8b8054d8c376f9a942a1dc4dbacfd8ba5e6f8dbb5e16f4aa3d281972a?s=96&d=mm&r=g","url":"https:\/\/secure.gravatar.com\/avatar\/1c02cfd8b8054d8c376f9a942a1dc4dbacfd8ba5e6f8dbb5e16f4aa3d281972a?s=96&d=mm&r=g","contentUrl":"https:\/\/secure.gravatar.com\/avatar\/1c02cfd8b8054d8c376f9a942a1dc4dbacfd8ba5e6f8dbb5e16f4aa3d281972a?s=96&d=mm&r=g","caption":"Th\u00e9o Briand"},"url":"https:\/\/www.monaco-tribune.com\/it\/author\/theobriand\/"}]}},"_links":{"self":[{"href":"https:\/\/www.monaco-tribune.com\/it\/wp-json\/wp\/v2\/posts\/250125","targetHints":{"allow":["GET"]}}],"collection":[{"href":"https:\/\/www.monaco-tribune.com\/it\/wp-json\/wp\/v2\/posts"}],"about":[{"href":"https:\/\/www.monaco-tribune.com\/it\/wp-json\/wp\/v2\/types\/post"}],"author":[{"embeddable":true,"href":"https:\/\/www.monaco-tribune.com\/it\/wp-json\/wp\/v2\/users\/66"}],"replies":[{"embeddable":true,"href":"https:\/\/www.monaco-tribune.com\/it\/wp-json\/wp\/v2\/comments?post=250125"}],"version-history":[{"count":2,"href":"https:\/\/www.monaco-tribune.com\/it\/wp-json\/wp\/v2\/posts\/250125\/revisions"}],"predecessor-version":[{"id":250128,"href":"https:\/\/www.monaco-tribune.com\/it\/wp-json\/wp\/v2\/posts\/250125\/revisions\/250128"}],"wp:featuredmedia":[{"embeddable":true,"href":"https:\/\/www.monaco-tribune.com\/it\/wp-json\/wp\/v2\/media\/237830"}],"wp:attachment":[{"href":"https:\/\/www.monaco-tribune.com\/it\/wp-json\/wp\/v2\/media?parent=250125"}],"wp:term":[{"taxonomy":"category","embeddable":true,"href":"https:\/\/www.monaco-tribune.com\/it\/wp-json\/wp\/v2\/categories?post=250125"},{"taxonomy":"post_tag","embeddable":true,"href":"https:\/\/www.monaco-tribune.com\/it\/wp-json\/wp\/v2\/tags?post=250125"},{"taxonomy":"sectag","embeddable":true,"href":"https:\/\/www.monaco-tribune.com\/it\/wp-json\/wp\/v2\/post_sectags?post=250125"},{"taxonomy":"format","embeddable":true,"href":"https:\/\/www.monaco-tribune.com\/it\/wp-json\/wp\/v2\/post_format?post=250125"}],"curies":[{"name":"wp","href":"https:\/\/api.w.org\/{rel}","templated":true}]}}