{"id":250147,"date":"2024-09-13T17:40:07","date_gmt":"2024-09-13T15:40:07","guid":{"rendered":"https:\/\/www.monaco-tribune.com\/2024\/09\/principessa-grace-giovane-per-sempre\/"},"modified":"2024-09-13T17:56:09","modified_gmt":"2024-09-13T15:56:09","slug":"principessa-grace-giovane-per-sempre","status":"publish","type":"post","link":"https:\/\/www.monaco-tribune.com\/it\/2024\/09\/principessa-grace-giovane-per-sempre\/","title":{"rendered":"Principessa Grace, giovane per sempre"},"content":{"rendered":"\n<p><strong>Dove eravate quando avete appreso la notizia? Cos\u00ec come in altri momenti scioccanti della storia, per esempio l&#8217;uccisione di JFK a Dallas, gli aerei che colpirono le Torri Gemelle o l&#8217;incidente d&#8217;auto della Principessa Diana, sono in molti, specialmente monegaschi, a ricordare esattamente cosa stavano facendo quando si \u00e8 diffusa la notizia il 14 settembre 1982. Dopo aver subito un&#8217;emorragia cerebrale per un incidente d&#8217;auto, la Principessa Grace muore all&#8217;et\u00e0 di 52 anni.<\/strong><\/p>\n\n\n\n<p>La vita di Grace Patricia Kelly pu\u00f2 essere anche stata breve, ma ha sicuramente raggiunto la fama mondiale. Nata da una famiglia irlandese-americana a Filadelfia, in Pennsylvania, nel novembre del 1929, ha avuto la rara fortuna di diventare famosa per due aspetti molto diversi della sua vita. Il primo l&#8217;ha portata all&#8217;attenzione dell&#8217;uomo con cui avrebbe condiviso il secondo.<\/p>\n\n\n\n<h2 class=\"wp-block-heading\" id=\"h-prima-l-attrice\"><strong>Prima, l&#8217;attrice<\/strong><\/h2>\n\n\n\n<p>Nel 1947, la futura principessa frequenta l&#8217;American Academy of Dramatic Arts di New York, lavorando come modella per fotografi per pagarsi la retta. Il suo debutto a Broadway avviene nel novembre 1949 in <em>Il padre<\/em> di August Strindberg. All&#8217;inizio degli anni Cinquanta inizia a lavorare in televisione.<\/p>\n\n\n\n<p>Il debutto sul grande schermo, invece, avviene nel 1951 in <em>14\u00aa ora<\/em>, mentre il ruolo che far\u00e0 decollare la sua carriera arriva l&#8217;anno successivo quando interpreta la moglie quacchera di Gary Cooper in <em>Mezzogiorno di fuoco<\/em>.<\/p>\n\n\n\n<p>Una carriera hollywoodiana che pu\u00f2 essere definita \u201cfulminea\u201d, dal momento che il suo ruolo successivo in <em>Mogambo<\/em> di John Ford (1953) le \u00e8 valso la prima nomination agli Oscar. Nel film interpreta una giovane sposa che si innamora del cacciatore Clark Gable, riuscendo a tenere testa ad Ava Gardner, anch&#8217;essa candidata all&#8217;Oscar per lo stesso film.<\/p>\n\n\n\n<p>Ma dovr\u00e0 aspettare il suo ruolo successivo in <em>La Ragazza di Campagna<\/em> per aggiudicarsi l&#8217;Oscar, nel 1954. Famosa per la sua bellezza ed eleganza, interpretare una moglie sciatta e alcolizzata, al fianco di Bing Crosby, \u00e8 stata sicuramente una performance degna di un Oscar! Tra le sfortunate candidate per la stesso premio quell&#8217;anno c&#8217;era una certa Judy Garland per <em>\u00c8 nata una stella<\/em>&#8230;<\/p>\n\n\n\n<figure class=\"wp-block-embed aligncenter is-type-video is-provider-youtube wp-block-embed-youtube wp-embed-aspect-4-3 wp-has-aspect-ratio\"><div class=\"wp-block-embed__wrapper\">\n<iframe title=\"Grace Kelly Wins Best Actress: 1955 Oscars\" width=\"500\" height=\"375\" src=\"https:\/\/www.youtube.com\/embed\/HsE1P9-nZOk?start=15&#038;feature=oembed\" frameborder=\"0\" allow=\"accelerometer; autoplay; clipboard-write; encrypted-media; gyroscope; picture-in-picture; web-share\" referrerpolicy=\"strict-origin-when-cross-origin\" allowfullscreen><\/iframe>\n<\/div><\/figure>\n\n\n\n<p>Ma la sua fama \u00e8 forse dovuta soprattutto al ruolo di eroina di una serie di film classici di Alfred Hitchock, per il quale era l&#8217;emblema dell'&#8221;eleganza sessuale&#8221;. In <em>Il delitto perfetto<\/em> (1954), ha interpretato una moglie adultera il cui marito tramava per farla uccidere. Nello stesso anno viene scritturata per il ruolo della scettica fidanzata del fotografo James Stewart, costretto sulla sedia a rotelle, che si convince che il suo vicino di casa abbia commesso un omicidio. <em>Caccia al ladro<\/em> (1955), invece, la vede dare il meglio di s\u00e9 nelle scene improvvisate con Cary Grant.<\/p>\n\n\n\n<p>Ha poi interpretato altri ruoli in <em>Il cigno<\/em> (1956), <em>Alta societ\u00e0<\/em> (1956) e altri 11 film prima di abbandonare la carriera hollywoodiana nel 1956 per un nuovo \u201cruolo\u201d a Monaco.<\/p>\n\n\n\n<h2 class=\"wp-block-heading\" id=\"h-poi-la-principessa\"><strong>Poi, la Principessa<\/strong><\/h2>\n\n\n<div class=\"wp-block-image\">\n<figure class=\"aligncenter size-full\"><img loading=\"lazy\" decoding=\"async\" width=\"1024\" height=\"748\" src=\"https:\/\/www.monaco-tribune.com\/wp-content\/uploads\/2024\/09\/monaco-mariage-princier-rainier-grace-1024x748-1.jpg\" alt=\"\" class=\"wp-image-250137\" srcset=\"https:\/\/www.monaco-tribune.com\/wp-content\/uploads\/2024\/09\/monaco-mariage-princier-rainier-grace-1024x748-1.jpg 1024w, https:\/\/www.monaco-tribune.com\/wp-content\/uploads\/2024\/09\/monaco-mariage-princier-rainier-grace-1024x748-1-411x300.jpg 411w\" sizes=\"auto, (max-width: 1024px) 100vw, 1024px\" \/><figcaption class=\"wp-element-caption\"><em>A Palazzo con le sue damigelle d&#8217;onore prima del matrimonio<\/em> \u00a9 Tutti i diritti riservati<\/figcaption><\/figure>\n<\/div>\n\n\n<p>Nell&#8217;era delle notizie istantanee, degli account social, dei follower e simili, \u00e8 difficile immaginare quale evento mediatico innovativo sia stato il \u201c<a href=\"https:\/\/www.monaco-tribune.com\/it\/2024\/04\/68-anni-fa-il-principe-ranieri-iii-sposava-grace-kelly-ripercorriamo-il-matrimonio-del-secolo\/\">matrimonio del secolo<\/a>\u201d: il primo matrimonio reale trasmesso in televisione. La trasmissione in diretta in bianco e nero \u00e8 stata seguita da 30 milioni di spettatori europei provenienti da nove Paesi diversi &#8211; l&#8217;America ha dovuto aspettare che il film attraversasse l&#8217;Atlantico! &#8211; e ha visto la partecipazione di 1.800 giornalisti provenienti da tutto il mondo.<\/p>\n\n\n\n<p>\u00c8 stato un vero e proprio colpo di fulmine ed entrambi hanno apportato al loro regno competenze molto diverse ma complementari. Il Principe &#8220;Costruttore&#8221; aveva una visione concreta dello sviluppo del Principato, cercando di attrarre investimenti e affari, mentre la Principessa Grace portava la sua&#8230; beh, la sua grazia&#8230; e la sua eleganza, nonch\u00e9 la determinazione a migliorare il tessuto culturale della sua nuova patria, convinta che anche il Principato avesse un ruolo di primo piano da svolgere sulla scena culturale internazionale.<\/p>\n\n\n\n<h2 class=\"wp-block-heading\" id=\"h-la-sua-eredita\"><strong>La sua eredit\u00e0<\/strong><\/h2>\n\n\n\n<p>&#8220;Vorrei essere ricordata come qualcuno che ha compiuto azioni utili, una persona gentile e amorevole. Vorrei lasciare il ricordo di un essere umano con un atteggiamento corretto e che ha fatto del suo meglio per aiutare gli altri\u201d, ha dichiarato una volta la Principessa.<\/p>\n\n\n<div class=\"wp-block-image\">\n<figure class=\"aligncenter size-large\"><img loading=\"lazy\" decoding=\"async\" width=\"1014\" height=\"1024\" src=\"https:\/\/www.monaco-tribune.com\/wp-content\/uploads\/2022\/09\/princesse-grace-de-monaco-enfants-stephanie-caroline-albert-1014x1024.jpeg\" alt=\"princesse-grace-de-monaco-enfants-stephanie-caroline-albert\" class=\"wp-image-138281\" srcset=\"https:\/\/www.monaco-tribune.com\/wp-content\/uploads\/2022\/09\/princesse-grace-de-monaco-enfants-stephanie-caroline-albert-1014x1024.jpeg 1014w, https:\/\/www.monaco-tribune.com\/wp-content\/uploads\/2022\/09\/princesse-grace-de-monaco-enfants-stephanie-caroline-albert-297x300.jpeg 297w, https:\/\/www.monaco-tribune.com\/wp-content\/uploads\/2022\/09\/princesse-grace-de-monaco-enfants-stephanie-caroline-albert.jpeg 1020w\" sizes=\"auto, (max-width: 1014px) 100vw, 1014px\" \/><figcaption class=\"wp-element-caption\"><em>2 aprile 1965 &#8211; La principessa Grace con i suoi 3 figli, la principessa Carolina, la principessa St\u00e9phanie e il principe Alberto.\u00a9 Foto: Georges Lukomski \u2013 Archivi del Palazzo del Principe<\/em><\/figcaption><\/figure>\n<\/div>\n\n\n<p>L&#8217;eredit\u00e0 pi\u00f9 evidente della Principessa Grace sono sicuramente i tre figli avuti dal Principe Ranieri III: Carolina, Alberto e infine St\u00e9phanie.<\/p>\n\n\n\n<p>Tuttavia, l&#8217;attrice vive anche attraverso la sua <a href=\"https:\/\/www.monaco-tribune.com\/2024\/05\/la-fondation-princesse-grace-60-ans-au-service-des-enfants-malades-et-de-la-culture\/\">Fondazione<\/a> benefica e i suoi Princess Grace Awards, che sostengono gli artisti emergenti del cinema, del teatro e della danza.<\/p>\n\n\n\n<p>Ha ridato vita ai <a href=\"https:\/\/www.monaco-tribune.com\/2024\/01\/que-nous-reserve-to-the-pointe-le-prochain-spectacle-des-ballets-de-monte-carlo\/\">Ballets de Monte-Carlo<\/a>, la cui Accademia forma ballerini professionisti pronti a entrare in compagnie di danza internazionali.<\/p>\n\n\n\n<p>Il teatro di Monaco prende il nome da colei che, nel suo contratto di Hollywood, aveva fatto inserire del tempo libero per lavorare sul palcoscenico.<\/p>\n\n\n\n<p>Il Principe Ranieri III le dedic\u00f2 la <a href=\"https:\/\/www.monaco-tribune.com\/en\/2024\/03\/princess-grace-irish-library-whats-the-story\/\">Biblioteca irlandese<\/a>, che oggi ospita la sua collezione privata di libri e spartiti di canzoni irlandesi-americane. La Biblioteca \u00e8 anche un vivace centro sociale e culturale, in grado di consolidare i legami che uniscono l&#8217;Irlanda e il Principato.<\/p>\n\n\n<div class=\"wp-block-image\">\n<figure class=\"aligncenter size-large\"><img loading=\"lazy\" decoding=\"async\" width=\"1024\" height=\"682\" src=\"https:\/\/www.monaco-tribune.com\/wp-content\/uploads\/2024\/05\/photo-anniversaire-roseraie-5-1024x682.jpg\" alt=\"\" class=\"wp-image-231465\" srcset=\"https:\/\/www.monaco-tribune.com\/wp-content\/uploads\/2024\/05\/photo-anniversaire-roseraie-5-1024x682.jpg 1024w, https:\/\/www.monaco-tribune.com\/wp-content\/uploads\/2024\/05\/photo-anniversaire-roseraie-5-450x300.jpg 450w, https:\/\/www.monaco-tribune.com\/wp-content\/uploads\/2024\/05\/photo-anniversaire-roseraie-5.jpg 1440w\" sizes=\"auto, (max-width: 1024px) 100vw, 1024px\" \/><figcaption class=\"wp-element-caption\"><em>La statua della Principessa Grace nel giardino delle rose che porta il suo nome \u00a9 Tutti i diritti riservati<\/em><\/figcaption><\/figure>\n<\/div>\n\n\n<p>La Principessa Grace ha fondato il Monaco Garden Club e, nel 1968, ha dato vita al Concorso Internazionale di Bouquet di Monte-Carlo. Nel 1979, la rosa Grace di Monaco \u00e8 stata inserita in un francobollo per commemorare l&#8217;evento. Nel 1981, un&#8217;impeccabile rosa bianca con un bordo vermiglio, gli stessi colori della bandiera di Monaco, \u00e8 stata presentata al Bal de la Rose e battezzata \u201cPrincipessa di Monaco\u201d. Anche il Giardino delle Rose di Fontvieille, intitolato alla Principessa Grace, \u00e8 stato realizzato in suo onore dal marito e <a href=\"https:\/\/www.monaco-tribune.com\/it\/2024\/05\/il-principe-alberto-ii-e-la-principessa-carolina-festeggiano-i-40-anni-del-roseto-principessa-grace\/\">ha festeggiato quest&#8217;anno il suo 40\u00b0 anniversario<\/a>.<\/p>\n\n\n\n<p>L&#8217;unico ospedale pubblico del Principato, l&#8217;ex Ospedale Principe Alberto, \u00e8 stato ribattezzato Centro Ospedaliero Principessa Grace nel 1958. Questa struttura all&#8217;avanguardia \u00e8 stata <a href=\"https:\/\/www.monaco-tribune.com\/2024\/01\/chpg-les-perspectives-pour-2024-devoilees-lors-de-la-ceremonie-des-voeux\/\">ampiamente modernizzata<\/a> per garantire ai monegaschi un&#8217;assistenza sanitaria di alta qualit\u00e0 e a prezzi accessibili anche nel futuro. Ospita inoltre la <a href=\"https:\/\/www.monaco-tribune.com\/2023\/01\/le-prince-albert-ii-president-dexception-et-de-coeur-de-la-croix-rouge-monegasque-depuis-40-ans\/\">Croce Rossa di Monaco<\/a>, di cui la Principessa Grace \u00e8 stata Presidente prima che suo figlio, il Principe Alberto II, prendesse il testimone.<\/p>\n\n\n\n<p>Ha inoltre patrocinato il Rainbow Coalition Children, l&#8217;orfanotrofio gestito dalla sua amica, ballerina, cantante, attrice e attivista <a href=\"https:\/\/www.monaco-tribune.com\/2024\/03\/josephine-baker-mise-a-lhonneur-sur-les-pieces-de-20-centimes\/\">Josephine Baker<\/a>.<\/p>\n\n\n\n<p>L&#8217;organizzazione per i diritti dei bambini da lei fondata, <a href=\"https:\/\/www.monaco-tribune.com\/it\/2023\/10\/lassociazione-amade-ha-festeggiato-i-suoi-60-anni-a-monaco\/\">AMADE Mondiale<\/a>, ha ottenuto uno status consultivo presso l&#8217;UNICEF e l&#8217;UNESCO.<\/p>\n\n\n\n<p>Infine, l&#8217;avenue Princess Grace \u00e8 una delle mete pi\u00f9 esclusive per lo shopping e la strada pi\u00f9 costosa del mondo!<\/p>\n\n\n\n<p>A pi\u00f9 di 40 anni dalla sua scomparsa, potremmo dire che Monaco si ispira alla sua immagine e porta avanti la sua eredit\u00e0 di eleganza, cultura e umanit\u00e0.<\/p>\n","protected":false},"excerpt":{"rendered":"<p>Dove eravate quando avete appreso la notizia? Cos\u00ec come in altri momenti scioccanti della storia, per esempio l&#8217;uccisione di JFK [&hellip;]<\/p>\n","protected":false},"author":58,"featured_media":136864,"comment_status":"closed","ping_status":"closed","sticky":false,"template":"","format":"standard","meta":{"_acf_changed":false,"footnotes":""},"categories":[1742,1826,1738],"tags":[3604],"post_sectags":[],"post_format":[2469],"class_list":["post-250147","post","type-post","status-publish","format-standard","has-post-thumbnail","hentry","category-famiglia-principesca","category-la-nostra-scelta","category-notizie","tag-principessa-grace","format-analisi"],"acf":[],"yoast_head":"<!-- This site is optimized with the Yoast SEO Premium plugin v26.8 (Yoast SEO v27.4) - https:\/\/yoast.com\/product\/yoast-seo-premium-wordpress\/ -->\n<title>Principessa Grace, giovane per sempre<\/title>\n<meta name=\"description\" content=\"Dove eravate quando avete appreso la notizia? Cos\u00ec come in altri momenti scioccanti della storia, per esempio l&#039;uccisione di JFK a Dallas, gli aerei che\" \/>\n<meta name=\"robots\" content=\"index, follow, max-snippet:-1, max-image-preview:large, max-video-preview:-1\" \/>\n<link rel=\"canonical\" href=\"https:\/\/www.monaco-tribune.com\/it\/2024\/09\/principessa-grace-giovane-per-sempre\/\" \/>\n<meta property=\"og:locale\" content=\"it_IT\" \/>\n<meta property=\"og:type\" content=\"article\" \/>\n<meta property=\"og:title\" content=\"Principessa Grace, giovane per sempre - Monaco Tribune\" \/>\n<meta property=\"og:description\" content=\"Dove eravate quando avete appreso la notizia? Cos\u00ec come in altri momenti scioccanti della storia, per esempio l&#039;uccisione di JFK a Dallas, gli aerei che\" \/>\n<meta property=\"og:url\" content=\"https:\/\/www.monaco-tribune.com\/it\/2024\/09\/principessa-grace-giovane-per-sempre\/\" \/>\n<meta property=\"og:site_name\" content=\"Monaco Tribune\" \/>\n<meta property=\"article:publisher\" content=\"https:\/\/www.facebook.com\/MonacoTribune\" \/>\n<meta property=\"article:published_time\" content=\"2024-09-13T15:40:07+00:00\" \/>\n<meta property=\"article:modified_time\" content=\"2024-09-13T15:56:09+00:00\" \/>\n<meta property=\"og:image\" content=\"https:\/\/www.monaco-tribune.com\/wp-content\/uploads\/2022\/09\/grace-kelly-livre-biographie.jpeg\" \/>\n\t<meta property=\"og:image:width\" content=\"1020\" \/>\n\t<meta property=\"og:image:height\" content=\"680\" \/>\n\t<meta property=\"og:image:type\" content=\"image\/jpeg\" \/>\n<meta name=\"author\" content=\"Sheila McCarron\" \/>\n<meta name=\"twitter:card\" content=\"summary_large_image\" \/>\n<meta name=\"twitter:creator\" content=\"@MonacoTribune\" \/>\n<meta name=\"twitter:site\" content=\"@MonacoTribune\" \/>\n<script type=\"application\/ld+json\" class=\"yoast-schema-graph\">{\"@context\":\"https:\\\/\\\/schema.org\",\"@graph\":[{\"@type\":\"NewsArticle\",\"@id\":\"https:\\\/\\\/www.monaco-tribune.com\\\/it\\\/2024\\\/09\\\/principessa-grace-giovane-per-sempre\\\/#article\",\"isPartOf\":{\"@id\":\"https:\\\/\\\/www.monaco-tribune.com\\\/it\\\/2024\\\/09\\\/principessa-grace-giovane-per-sempre\\\/\"},\"author\":{\"name\":\"Sheila McCarron\",\"@id\":\"https:\\\/\\\/www.monaco-tribune.com\\\/it\\\/#\\\/schema\\\/person\\\/32feb886c450d7fde06b78f534e6ef63\"},\"headline\":\"Principessa Grace, giovane per sempre\",\"datePublished\":\"2024-09-13T15:40:07+00:00\",\"dateModified\":\"2024-09-13T15:56:09+00:00\",\"mainEntityOfPage\":{\"@id\":\"https:\\\/\\\/www.monaco-tribune.com\\\/it\\\/2024\\\/09\\\/principessa-grace-giovane-per-sempre\\\/\"},\"wordCount\":1134,\"publisher\":{\"@id\":\"https:\\\/\\\/www.monaco-tribune.com\\\/it\\\/#organization\"},\"image\":{\"@id\":\"https:\\\/\\\/www.monaco-tribune.com\\\/it\\\/2024\\\/09\\\/principessa-grace-giovane-per-sempre\\\/#primaryimage\"},\"thumbnailUrl\":\"https:\\\/\\\/www.monaco-tribune.com\\\/wp-content\\\/uploads\\\/2022\\\/09\\\/grace-kelly-livre-biographie.jpeg\",\"keywords\":[\"Principessa Grace\"],\"articleSection\":[\"Famiglia Principesca\",\"La nostra scelta\",\"Notizie\"],\"inLanguage\":\"it-IT\",\"copyrightYear\":\"2024\",\"copyrightHolder\":{\"@id\":\"https:\\\/\\\/www.monaco-tribune.com\\\/#organization\"}},{\"@type\":\"WebPage\",\"@id\":\"https:\\\/\\\/www.monaco-tribune.com\\\/it\\\/2024\\\/09\\\/principessa-grace-giovane-per-sempre\\\/\",\"url\":\"https:\\\/\\\/www.monaco-tribune.com\\\/it\\\/2024\\\/09\\\/principessa-grace-giovane-per-sempre\\\/\",\"name\":\"Principessa Grace, giovane per sempre\",\"isPartOf\":{\"@id\":\"https:\\\/\\\/www.monaco-tribune.com\\\/it\\\/#website\"},\"primaryImageOfPage\":{\"@id\":\"https:\\\/\\\/www.monaco-tribune.com\\\/it\\\/2024\\\/09\\\/principessa-grace-giovane-per-sempre\\\/#primaryimage\"},\"image\":{\"@id\":\"https:\\\/\\\/www.monaco-tribune.com\\\/it\\\/2024\\\/09\\\/principessa-grace-giovane-per-sempre\\\/#primaryimage\"},\"thumbnailUrl\":\"https:\\\/\\\/www.monaco-tribune.com\\\/wp-content\\\/uploads\\\/2022\\\/09\\\/grace-kelly-livre-biographie.jpeg\",\"datePublished\":\"2024-09-13T15:40:07+00:00\",\"dateModified\":\"2024-09-13T15:56:09+00:00\",\"description\":\"Dove eravate quando avete appreso la notizia? Cos\u00ec come in altri momenti scioccanti della storia, per esempio l'uccisione di JFK a Dallas, gli aerei che\",\"breadcrumb\":{\"@id\":\"https:\\\/\\\/www.monaco-tribune.com\\\/it\\\/2024\\\/09\\\/principessa-grace-giovane-per-sempre\\\/#breadcrumb\"},\"inLanguage\":\"it-IT\",\"potentialAction\":[{\"@type\":\"ReadAction\",\"target\":[\"https:\\\/\\\/www.monaco-tribune.com\\\/it\\\/2024\\\/09\\\/principessa-grace-giovane-per-sempre\\\/\"]}]},{\"@type\":\"ImageObject\",\"inLanguage\":\"it-IT\",\"@id\":\"https:\\\/\\\/www.monaco-tribune.com\\\/it\\\/2024\\\/09\\\/principessa-grace-giovane-per-sempre\\\/#primaryimage\",\"url\":\"https:\\\/\\\/www.monaco-tribune.com\\\/wp-content\\\/uploads\\\/2022\\\/09\\\/grace-kelly-livre-biographie.jpeg\",\"contentUrl\":\"https:\\\/\\\/www.monaco-tribune.com\\\/wp-content\\\/uploads\\\/2022\\\/09\\\/grace-kelly-livre-biographie.jpeg\",\"width\":1020,\"height\":680,\"caption\":\"La Principessa Grace \u00a9 Archivi del Palazzo del Principe\"},{\"@type\":\"BreadcrumbList\",\"@id\":\"https:\\\/\\\/www.monaco-tribune.com\\\/it\\\/2024\\\/09\\\/principessa-grace-giovane-per-sempre\\\/#breadcrumb\",\"itemListElement\":[{\"@type\":\"ListItem\",\"position\":1,\"name\":\"Accueil\",\"item\":\"https:\\\/\\\/www.monaco-tribune.com\\\/it\\\/\"},{\"@type\":\"ListItem\",\"position\":2,\"name\":\"Principessa Grace, giovane per sempre\"}]},{\"@type\":\"WebSite\",\"@id\":\"https:\\\/\\\/www.monaco-tribune.com\\\/it\\\/#website\",\"url\":\"https:\\\/\\\/www.monaco-tribune.com\\\/it\\\/\",\"name\":\"Monaco Tribune\",\"description\":\"Monaco : actualit\u00e9s \u00e9conomiques, politiques, culturelles et sportives de Monaco et de la French Riviera.\",\"publisher\":{\"@id\":\"https:\\\/\\\/www.monaco-tribune.com\\\/it\\\/#organization\"},\"potentialAction\":[{\"@type\":\"SearchAction\",\"target\":{\"@type\":\"EntryPoint\",\"urlTemplate\":\"https:\\\/\\\/www.monaco-tribune.com\\\/it\\\/?s={search_term_string}\"},\"query-input\":{\"@type\":\"PropertyValueSpecification\",\"valueRequired\":true,\"valueName\":\"search_term_string\"}}],\"inLanguage\":\"it-IT\"},{\"@type\":\"Organization\",\"@id\":\"https:\\\/\\\/www.monaco-tribune.com\\\/it\\\/#organization\",\"name\":\"Monaco Tribune\",\"url\":\"https:\\\/\\\/www.monaco-tribune.com\\\/it\\\/\",\"logo\":{\"@type\":\"ImageObject\",\"inLanguage\":\"it-IT\",\"@id\":\"https:\\\/\\\/www.monaco-tribune.com\\\/it\\\/#\\\/schema\\\/logo\\\/image\\\/\",\"url\":\"https:\\\/\\\/www.monaco-tribune.com\\\/wp-content\\\/uploads\\\/2022\\\/11\\\/logo-monaco-tribune.png\",\"contentUrl\":\"https:\\\/\\\/www.monaco-tribune.com\\\/wp-content\\\/uploads\\\/2022\\\/11\\\/logo-monaco-tribune.png\",\"width\":1548,\"height\":600,\"caption\":\"Monaco Tribune\"},\"image\":{\"@id\":\"https:\\\/\\\/www.monaco-tribune.com\\\/it\\\/#\\\/schema\\\/logo\\\/image\\\/\"},\"sameAs\":[\"https:\\\/\\\/www.facebook.com\\\/MonacoTribune\",\"https:\\\/\\\/x.com\\\/MonacoTribune\",\"https:\\\/\\\/www.instagram.com\\\/monacotribune\\\/\",\"https:\\\/\\\/www.linkedin.com\\\/company\\\/monaco-tribune\",\"https:\\\/\\\/www.youtube.com\\\/channel\\\/UCHle1MnG6hw1y4lWKijVbMA\"]},{\"@type\":\"Person\",\"@id\":\"https:\\\/\\\/www.monaco-tribune.com\\\/it\\\/#\\\/schema\\\/person\\\/32feb886c450d7fde06b78f534e6ef63\",\"name\":\"Sheila McCarron\",\"image\":{\"@type\":\"ImageObject\",\"inLanguage\":\"it-IT\",\"@id\":\"https:\\\/\\\/secure.gravatar.com\\\/avatar\\\/55e1808f0591b023e69542a7fa221b400a080e77405078791b6a5b467afc7e14?s=96&d=mm&r=g\",\"url\":\"https:\\\/\\\/secure.gravatar.com\\\/avatar\\\/55e1808f0591b023e69542a7fa221b400a080e77405078791b6a5b467afc7e14?s=96&d=mm&r=g\",\"contentUrl\":\"https:\\\/\\\/secure.gravatar.com\\\/avatar\\\/55e1808f0591b023e69542a7fa221b400a080e77405078791b6a5b467afc7e14?s=96&d=mm&r=g\",\"caption\":\"Sheila McCarron\"},\"url\":\"https:\\\/\\\/www.monaco-tribune.com\\\/it\\\/author\\\/sheilamccarron\\\/\"}]}<\/script>\n<!-- \/ Yoast SEO Premium plugin. -->","yoast_head_json":{"title":"Principessa Grace, giovane per sempre","description":"Dove eravate quando avete appreso la notizia? Cos\u00ec come in altri momenti scioccanti della storia, per esempio l'uccisione di JFK a Dallas, gli aerei che","robots":{"index":"index","follow":"follow","max-snippet":"max-snippet:-1","max-image-preview":"max-image-preview:large","max-video-preview":"max-video-preview:-1"},"canonical":"https:\/\/www.monaco-tribune.com\/it\/2024\/09\/principessa-grace-giovane-per-sempre\/","og_locale":"it_IT","og_type":"article","og_title":"Principessa Grace, giovane per sempre - Monaco Tribune","og_description":"Dove eravate quando avete appreso la notizia? Cos\u00ec come in altri momenti scioccanti della storia, per esempio l'uccisione di JFK a Dallas, gli aerei che","og_url":"https:\/\/www.monaco-tribune.com\/it\/2024\/09\/principessa-grace-giovane-per-sempre\/","og_site_name":"Monaco Tribune","article_publisher":"https:\/\/www.facebook.com\/MonacoTribune","article_published_time":"2024-09-13T15:40:07+00:00","article_modified_time":"2024-09-13T15:56:09+00:00","og_image":[{"width":1020,"height":680,"url":"https:\/\/www.monaco-tribune.com\/wp-content\/uploads\/2022\/09\/grace-kelly-livre-biographie.jpeg","type":"image\/jpeg"}],"author":"Sheila McCarron","twitter_card":"summary_large_image","twitter_creator":"@MonacoTribune","twitter_site":"@MonacoTribune","schema":{"@context":"https:\/\/schema.org","@graph":[{"@type":"NewsArticle","@id":"https:\/\/www.monaco-tribune.com\/it\/2024\/09\/principessa-grace-giovane-per-sempre\/#article","isPartOf":{"@id":"https:\/\/www.monaco-tribune.com\/it\/2024\/09\/principessa-grace-giovane-per-sempre\/"},"author":{"name":"Sheila McCarron","@id":"https:\/\/www.monaco-tribune.com\/it\/#\/schema\/person\/32feb886c450d7fde06b78f534e6ef63"},"headline":"Principessa Grace, giovane per sempre","datePublished":"2024-09-13T15:40:07+00:00","dateModified":"2024-09-13T15:56:09+00:00","mainEntityOfPage":{"@id":"https:\/\/www.monaco-tribune.com\/it\/2024\/09\/principessa-grace-giovane-per-sempre\/"},"wordCount":1134,"publisher":{"@id":"https:\/\/www.monaco-tribune.com\/it\/#organization"},"image":{"@id":"https:\/\/www.monaco-tribune.com\/it\/2024\/09\/principessa-grace-giovane-per-sempre\/#primaryimage"},"thumbnailUrl":"https:\/\/www.monaco-tribune.com\/wp-content\/uploads\/2022\/09\/grace-kelly-livre-biographie.jpeg","keywords":["Principessa Grace"],"articleSection":["Famiglia Principesca","La nostra scelta","Notizie"],"inLanguage":"it-IT","copyrightYear":"2024","copyrightHolder":{"@id":"https:\/\/www.monaco-tribune.com\/#organization"}},{"@type":"WebPage","@id":"https:\/\/www.monaco-tribune.com\/it\/2024\/09\/principessa-grace-giovane-per-sempre\/","url":"https:\/\/www.monaco-tribune.com\/it\/2024\/09\/principessa-grace-giovane-per-sempre\/","name":"Principessa Grace, giovane per sempre","isPartOf":{"@id":"https:\/\/www.monaco-tribune.com\/it\/#website"},"primaryImageOfPage":{"@id":"https:\/\/www.monaco-tribune.com\/it\/2024\/09\/principessa-grace-giovane-per-sempre\/#primaryimage"},"image":{"@id":"https:\/\/www.monaco-tribune.com\/it\/2024\/09\/principessa-grace-giovane-per-sempre\/#primaryimage"},"thumbnailUrl":"https:\/\/www.monaco-tribune.com\/wp-content\/uploads\/2022\/09\/grace-kelly-livre-biographie.jpeg","datePublished":"2024-09-13T15:40:07+00:00","dateModified":"2024-09-13T15:56:09+00:00","description":"Dove eravate quando avete appreso la notizia? Cos\u00ec come in altri momenti scioccanti della storia, per esempio l'uccisione di JFK a Dallas, gli aerei che","breadcrumb":{"@id":"https:\/\/www.monaco-tribune.com\/it\/2024\/09\/principessa-grace-giovane-per-sempre\/#breadcrumb"},"inLanguage":"it-IT","potentialAction":[{"@type":"ReadAction","target":["https:\/\/www.monaco-tribune.com\/it\/2024\/09\/principessa-grace-giovane-per-sempre\/"]}]},{"@type":"ImageObject","inLanguage":"it-IT","@id":"https:\/\/www.monaco-tribune.com\/it\/2024\/09\/principessa-grace-giovane-per-sempre\/#primaryimage","url":"https:\/\/www.monaco-tribune.com\/wp-content\/uploads\/2022\/09\/grace-kelly-livre-biographie.jpeg","contentUrl":"https:\/\/www.monaco-tribune.com\/wp-content\/uploads\/2022\/09\/grace-kelly-livre-biographie.jpeg","width":1020,"height":680,"caption":"La Principessa Grace \u00a9 Archivi del Palazzo del Principe"},{"@type":"BreadcrumbList","@id":"https:\/\/www.monaco-tribune.com\/it\/2024\/09\/principessa-grace-giovane-per-sempre\/#breadcrumb","itemListElement":[{"@type":"ListItem","position":1,"name":"Accueil","item":"https:\/\/www.monaco-tribune.com\/it\/"},{"@type":"ListItem","position":2,"name":"Principessa Grace, giovane per sempre"}]},{"@type":"WebSite","@id":"https:\/\/www.monaco-tribune.com\/it\/#website","url":"https:\/\/www.monaco-tribune.com\/it\/","name":"Monaco Tribune","description":"Monaco : actualit\u00e9s \u00e9conomiques, politiques, culturelles et sportives de Monaco et de la French Riviera.","publisher":{"@id":"https:\/\/www.monaco-tribune.com\/it\/#organization"},"potentialAction":[{"@type":"SearchAction","target":{"@type":"EntryPoint","urlTemplate":"https:\/\/www.monaco-tribune.com\/it\/?s={search_term_string}"},"query-input":{"@type":"PropertyValueSpecification","valueRequired":true,"valueName":"search_term_string"}}],"inLanguage":"it-IT"},{"@type":"Organization","@id":"https:\/\/www.monaco-tribune.com\/it\/#organization","name":"Monaco Tribune","url":"https:\/\/www.monaco-tribune.com\/it\/","logo":{"@type":"ImageObject","inLanguage":"it-IT","@id":"https:\/\/www.monaco-tribune.com\/it\/#\/schema\/logo\/image\/","url":"https:\/\/www.monaco-tribune.com\/wp-content\/uploads\/2022\/11\/logo-monaco-tribune.png","contentUrl":"https:\/\/www.monaco-tribune.com\/wp-content\/uploads\/2022\/11\/logo-monaco-tribune.png","width":1548,"height":600,"caption":"Monaco Tribune"},"image":{"@id":"https:\/\/www.monaco-tribune.com\/it\/#\/schema\/logo\/image\/"},"sameAs":["https:\/\/www.facebook.com\/MonacoTribune","https:\/\/x.com\/MonacoTribune","https:\/\/www.instagram.com\/monacotribune\/","https:\/\/www.linkedin.com\/company\/monaco-tribune","https:\/\/www.youtube.com\/channel\/UCHle1MnG6hw1y4lWKijVbMA"]},{"@type":"Person","@id":"https:\/\/www.monaco-tribune.com\/it\/#\/schema\/person\/32feb886c450d7fde06b78f534e6ef63","name":"Sheila McCarron","image":{"@type":"ImageObject","inLanguage":"it-IT","@id":"https:\/\/secure.gravatar.com\/avatar\/55e1808f0591b023e69542a7fa221b400a080e77405078791b6a5b467afc7e14?s=96&d=mm&r=g","url":"https:\/\/secure.gravatar.com\/avatar\/55e1808f0591b023e69542a7fa221b400a080e77405078791b6a5b467afc7e14?s=96&d=mm&r=g","contentUrl":"https:\/\/secure.gravatar.com\/avatar\/55e1808f0591b023e69542a7fa221b400a080e77405078791b6a5b467afc7e14?s=96&d=mm&r=g","caption":"Sheila McCarron"},"url":"https:\/\/www.monaco-tribune.com\/it\/author\/sheilamccarron\/"}]}},"_links":{"self":[{"href":"https:\/\/www.monaco-tribune.com\/it\/wp-json\/wp\/v2\/posts\/250147","targetHints":{"allow":["GET"]}}],"collection":[{"href":"https:\/\/www.monaco-tribune.com\/it\/wp-json\/wp\/v2\/posts"}],"about":[{"href":"https:\/\/www.monaco-tribune.com\/it\/wp-json\/wp\/v2\/types\/post"}],"author":[{"embeddable":true,"href":"https:\/\/www.monaco-tribune.com\/it\/wp-json\/wp\/v2\/users\/58"}],"replies":[{"embeddable":true,"href":"https:\/\/www.monaco-tribune.com\/it\/wp-json\/wp\/v2\/comments?post=250147"}],"version-history":[{"count":2,"href":"https:\/\/www.monaco-tribune.com\/it\/wp-json\/wp\/v2\/posts\/250147\/revisions"}],"predecessor-version":[{"id":250158,"href":"https:\/\/www.monaco-tribune.com\/it\/wp-json\/wp\/v2\/posts\/250147\/revisions\/250158"}],"wp:featuredmedia":[{"embeddable":true,"href":"https:\/\/www.monaco-tribune.com\/it\/wp-json\/wp\/v2\/media\/136864"}],"wp:attachment":[{"href":"https:\/\/www.monaco-tribune.com\/it\/wp-json\/wp\/v2\/media?parent=250147"}],"wp:term":[{"taxonomy":"category","embeddable":true,"href":"https:\/\/www.monaco-tribune.com\/it\/wp-json\/wp\/v2\/categories?post=250147"},{"taxonomy":"post_tag","embeddable":true,"href":"https:\/\/www.monaco-tribune.com\/it\/wp-json\/wp\/v2\/tags?post=250147"},{"taxonomy":"sectag","embeddable":true,"href":"https:\/\/www.monaco-tribune.com\/it\/wp-json\/wp\/v2\/post_sectags?post=250147"},{"taxonomy":"format","embeddable":true,"href":"https:\/\/www.monaco-tribune.com\/it\/wp-json\/wp\/v2\/post_format?post=250147"}],"curies":[{"name":"wp","href":"https:\/\/api.w.org\/{rel}","templated":true}]}}