{"id":250703,"date":"2024-09-17T17:19:50","date_gmt":"2024-09-17T15:19:50","guid":{"rendered":"https:\/\/www.monaco-tribune.com\/2024\/09\/il-principe-alberto-ii-in-toscana-sulle-orme-della-principessa-grace\/"},"modified":"2024-09-17T17:19:58","modified_gmt":"2024-09-17T15:19:58","slug":"il-principe-alberto-ii-in-toscana-sulle-orme-della-principessa-grace","status":"publish","type":"post","link":"https:\/\/www.monaco-tribune.com\/it\/2024\/09\/il-principe-alberto-ii-in-toscana-sulle-orme-della-principessa-grace\/","title":{"rendered":"Il Principe Alberto II in Toscana sulle orme della Principessa Grace"},"content":{"rendered":"\n<p><strong>Un doppio omaggio molto toccante.<\/strong><\/p>\n\n<p>Questo fine settimana, il Principe Alberto II si \u00e8 recato in Toscana per visitare il santuario della Verna, in provincia di Arezzo, e il borgo medievale di Rondine.<\/p>\n\n<p>Al santuario della Verna, il Sovrano era accompagnato da <a href=\"https:\/\/www.monaco-tribune.com\/it\/2022\/12\/anne-eastwood-penso-di-poter-dire-con-certezza-di-essere-la-prima-ambasciatrice-mandata-da-monaco-in-italia\/\">Anne Eastwood<\/a>, Ambasciatrice di Monaco in Italia, da Fra Guido Fineschi, padre guardiano del santuario, e da Fra David Gagrcic, vicario.<\/p>\n\n<p>Un luogo di natura e spiritualit\u00e0 dove San Francesco d&#8217;Assisi ricevette le stimmate il 17 settembre 1224. Ed \u00e8 proprio in occasione dell&#8217;ottavo centenario di questo evento, che Il Principe Alberto II ha reso omaggio al Santo Patrono d&#8217;Italia.<\/p>\n\n<p class=\"related\"><a href=\"https:\/\/www.monaco-tribune.com\/it\/2024\/09\/principessa-grace-giovane-per-sempre\/\">Principessa Grace, giovane per sempre<\/a><\/p>\n\n<p>Il Palazzo del Principe ha aggiunto che \u201cFrancesco d&#8217;Assisi incarna valori che risuonano perfettamente con l&#8217;impegno del Sovrano per la salvaguardia dell&#8217;ambiente e della biodiversit\u00e0\u201d, visto che l&#8217;autore del famoso \u201cCantico delle Creature\u201d \u00e8 stato nominato patrono degli ecologisti da Papa Giovanni Paolo II nel 1979.<\/p>\n\n<figure class=\"wp-block-gallery has-nested-images columns-1 is-cropped wp-block-gallery-1 is-layout-flex wp-block-gallery-is-layout-flex\">\n<figure class=\"wp-block-image size-large\"><img loading=\"lazy\" decoding=\"async\" width=\"1024\" height=\"683\" data-id=\"250466\" src=\"https:\/\/www.monaco-tribune.com\/wp-content\/uploads\/2024\/09\/princesse-grace-1024x683.jpg\" alt=\"\" class=\"wp-image-250466\" srcset=\"https:\/\/www.monaco-tribune.com\/wp-content\/uploads\/2024\/09\/princesse-grace-1024x683.jpg 1024w, https:\/\/www.monaco-tribune.com\/wp-content\/uploads\/2024\/09\/princesse-grace-450x300.jpg 450w, https:\/\/www.monaco-tribune.com\/wp-content\/uploads\/2024\/09\/princesse-grace.jpg 1200w\" sizes=\"auto, (max-width: 1024px) 100vw, 1024px\" \/><\/figure>\n\n\n\n<figure class=\"wp-block-image size-large\"><img loading=\"lazy\" decoding=\"async\" width=\"1024\" height=\"684\" data-id=\"250470\" src=\"https:\/\/www.monaco-tribune.com\/wp-content\/uploads\/2024\/09\/prince-monaco-toscane-1024x684.jpg\" alt=\"\" class=\"wp-image-250470\" srcset=\"https:\/\/www.monaco-tribune.com\/wp-content\/uploads\/2024\/09\/prince-monaco-toscane-1024x684.jpg 1024w, https:\/\/www.monaco-tribune.com\/wp-content\/uploads\/2024\/09\/prince-monaco-toscane-449x300.jpg 449w, https:\/\/www.monaco-tribune.com\/wp-content\/uploads\/2024\/09\/prince-monaco-toscane.jpg 1200w\" sizes=\"auto, (max-width: 1024px) 100vw, 1024px\" \/><\/figure>\n\n\n\n<figure class=\"wp-block-image size-large\"><img loading=\"lazy\" decoding=\"async\" width=\"1024\" height=\"683\" data-id=\"250473\" src=\"https:\/\/www.monaco-tribune.com\/wp-content\/uploads\/2024\/09\/prince-albert-princesse-grace-1024x683.jpg\" alt=\"\" class=\"wp-image-250473\" srcset=\"https:\/\/www.monaco-tribune.com\/wp-content\/uploads\/2024\/09\/prince-albert-princesse-grace-1024x683.jpg 1024w, https:\/\/www.monaco-tribune.com\/wp-content\/uploads\/2024\/09\/prince-albert-princesse-grace-450x300.jpg 450w, https:\/\/www.monaco-tribune.com\/wp-content\/uploads\/2024\/09\/prince-albert-princesse-grace.jpg 1200w\" sizes=\"auto, (max-width: 1024px) 100vw, 1024px\" \/><\/figure>\n\n\n\n<figure class=\"wp-block-image size-large\"><img loading=\"lazy\" decoding=\"async\" width=\"1024\" height=\"684\" data-id=\"250477\" src=\"https:\/\/www.monaco-tribune.com\/wp-content\/uploads\/2024\/09\/prince-albert-en-visite-toscane-1024x684.jpg\" alt=\"\" class=\"wp-image-250477\" srcset=\"https:\/\/www.monaco-tribune.com\/wp-content\/uploads\/2024\/09\/prince-albert-en-visite-toscane-1024x684.jpg 1024w, https:\/\/www.monaco-tribune.com\/wp-content\/uploads\/2024\/09\/prince-albert-en-visite-toscane-449x300.jpg 449w, https:\/\/www.monaco-tribune.com\/wp-content\/uploads\/2024\/09\/prince-albert-en-visite-toscane.jpg 1200w\" sizes=\"auto, (max-width: 1024px) 100vw, 1024px\" \/><\/figure>\n\n\n\n<figure class=\"wp-block-image size-large\"><img loading=\"lazy\" decoding=\"async\" width=\"1024\" height=\"684\" data-id=\"250482\" src=\"https:\/\/www.monaco-tribune.com\/wp-content\/uploads\/2024\/09\/prince-albert-monaco-1024x684.jpg\" alt=\"\" class=\"wp-image-250482\" srcset=\"https:\/\/www.monaco-tribune.com\/wp-content\/uploads\/2024\/09\/prince-albert-monaco-1024x684.jpg 1024w, https:\/\/www.monaco-tribune.com\/wp-content\/uploads\/2024\/09\/prince-albert-monaco-449x300.jpg 449w, https:\/\/www.monaco-tribune.com\/wp-content\/uploads\/2024\/09\/prince-albert-monaco.jpg 1200w\" sizes=\"auto, (max-width: 1024px) 100vw, 1024px\" \/><\/figure>\n\n\n\n\n\n<figure class=\"wp-block-image size-large\"><img loading=\"lazy\" decoding=\"async\" width=\"1024\" height=\"684\" data-id=\"250483\" src=\"https:\/\/www.monaco-tribune.com\/wp-content\/uploads\/2024\/09\/prince-albert-anne-eastwood-1024x684.jpg\" alt=\"\" class=\"wp-image-250483\" srcset=\"https:\/\/www.monaco-tribune.com\/wp-content\/uploads\/2024\/09\/prince-albert-anne-eastwood-1024x684.jpg 1024w, https:\/\/www.monaco-tribune.com\/wp-content\/uploads\/2024\/09\/prince-albert-anne-eastwood-449x300.jpg 449w, https:\/\/www.monaco-tribune.com\/wp-content\/uploads\/2024\/09\/prince-albert-anne-eastwood.jpg 1200w\" sizes=\"auto, (max-width: 1024px) 100vw, 1024px\" \/><figcaption class=\"wp-element-caption\"> \u00a9 Axel Bastello \/ Palazzo del Principe<\/figcaption><\/figure>\n<\/figure>\n\n<p>Ma questa visita ha assunto anche un altro significato pi\u00f9 personale, perch\u00e9 la Principessa Grace e la figlia maggiore, la Principessa Carolina, avevano gi\u00e0 visitato il santuario della Verna durante un pellegrinaggio di scout monegaschi nell&#8217;estate del 1968. A 42 anni dalla sua morte, il Principe Alberto II ha potuto scoprire gli archivi che documentano la sua visita in Toscana.<\/p>\n\n<p>Il Sovrano ha poi visitato la &#8220;Rondine Cittadella della Pace&#8221; nel borgo medievale di Rondine, un&#8217;organizzazione dedicata alla riduzione dei conflitti armati e alla promozione di una cultura di pace nel mondo.<\/p>\n\n<p>Il Principato sostiene da molti anni le iniziative dell&#8217;associazione e l&#8217;anno scorso ha aderito all&#8217;appello \u201cLeaders for Peace\u201d lanciato alle Nazioni Unite. Secondo quanto riportato in un comunicato stampa del Palazzo del Principe, questo appello incoraggia le nazioni a investire nella formazione dei futuri leader mondiali per la pace e a educare le nuove generazioni ai diritti umani fin dalla scuola.<\/p>\n","protected":false},"excerpt":{"rendered":"<p>Un doppio omaggio molto toccante. Questo fine settimana, il Principe Alberto II si \u00e8 recato in Toscana per visitare il [&hellip;]<\/p>\n","protected":false},"author":47,"featured_media":250398,"comment_status":"closed","ping_status":"closed","sticky":false,"template":"","format":"standard","meta":{"_acf_changed":false,"footnotes":""},"categories":[1742,1738],"tags":[2986],"post_sectags":[],"post_format":[2474],"class_list":["post-250703","post","type-post","status-publish","format-standard","has-post-thumbnail","hentry","category-famiglia-principesca","category-notizie","tag-principe-alberto-ii","format-foto"],"acf":[],"yoast_head":"<!-- This site is optimized with the Yoast SEO Premium plugin v26.8 (Yoast SEO v27.4) - https:\/\/yoast.com\/product\/yoast-seo-premium-wordpress\/ -->\n<title>Il Principe Alberto II in Toscana sulle orme della Principessa Grace<\/title>\n<meta name=\"description\" content=\"Un doppio omaggio molto toccante. Questo fine settimana, il Principe Alberto II si \u00e8 recato in Toscana per visitare il santuario della Verna, in provincia\" \/>\n<meta name=\"robots\" content=\"index, follow, max-snippet:-1, max-image-preview:large, max-video-preview:-1\" \/>\n<link rel=\"canonical\" href=\"https:\/\/www.monaco-tribune.com\/it\/2024\/09\/il-principe-alberto-ii-in-toscana-sulle-orme-della-principessa-grace\/\" \/>\n<meta property=\"og:locale\" content=\"it_IT\" \/>\n<meta property=\"og:type\" content=\"article\" \/>\n<meta property=\"og:title\" content=\"Il Principe Alberto II in Toscana sulle orme della Principessa Grace - Monaco Tribune\" \/>\n<meta property=\"og:description\" content=\"Un doppio omaggio molto toccante. Questo fine settimana, il Principe Alberto II si \u00e8 recato in Toscana per visitare il santuario della Verna, in provincia\" \/>\n<meta property=\"og:url\" content=\"https:\/\/www.monaco-tribune.com\/it\/2024\/09\/il-principe-alberto-ii-in-toscana-sulle-orme-della-principessa-grace\/\" \/>\n<meta property=\"og:site_name\" content=\"Monaco Tribune\" \/>\n<meta property=\"article:publisher\" content=\"https:\/\/www.facebook.com\/MonacoTribune\" \/>\n<meta property=\"article:published_time\" content=\"2024-09-17T15:19:50+00:00\" \/>\n<meta property=\"article:modified_time\" content=\"2024-09-17T15:19:58+00:00\" \/>\n<meta property=\"og:image\" content=\"https:\/\/www.monaco-tribune.com\/wp-content\/uploads\/2024\/09\/prince-albert-toscane.jpeg\" \/>\n\t<meta property=\"og:image:width\" content=\"1200\" \/>\n\t<meta property=\"og:image:height\" content=\"800\" \/>\n\t<meta property=\"og:image:type\" content=\"image\/jpeg\" \/>\n<meta name=\"author\" content=\"Agathe Ch\u00e9reau\" \/>\n<meta name=\"twitter:card\" content=\"summary_large_image\" \/>\n<meta name=\"twitter:creator\" content=\"@MonacoTribune\" \/>\n<meta name=\"twitter:site\" content=\"@MonacoTribune\" \/>\n<script type=\"application\/ld+json\" class=\"yoast-schema-graph\">{\"@context\":\"https:\\\/\\\/schema.org\",\"@graph\":[{\"@type\":\"NewsArticle\",\"@id\":\"https:\\\/\\\/www.monaco-tribune.com\\\/it\\\/2024\\\/09\\\/il-principe-alberto-ii-in-toscana-sulle-orme-della-principessa-grace\\\/#article\",\"isPartOf\":{\"@id\":\"https:\\\/\\\/www.monaco-tribune.com\\\/it\\\/2024\\\/09\\\/il-principe-alberto-ii-in-toscana-sulle-orme-della-principessa-grace\\\/\"},\"author\":{\"name\":\"Agathe Ch\u00e9reau\",\"@id\":\"https:\\\/\\\/www.monaco-tribune.com\\\/it\\\/#\\\/schema\\\/person\\\/fba2f8d5a098d473c92e84cc43a8f730\"},\"headline\":\"Il Principe Alberto II in Toscana sulle orme della Principessa Grace\",\"datePublished\":\"2024-09-17T15:19:50+00:00\",\"dateModified\":\"2024-09-17T15:19:58+00:00\",\"mainEntityOfPage\":{\"@id\":\"https:\\\/\\\/www.monaco-tribune.com\\\/it\\\/2024\\\/09\\\/il-principe-alberto-ii-in-toscana-sulle-orme-della-principessa-grace\\\/\"},\"wordCount\":326,\"publisher\":{\"@id\":\"https:\\\/\\\/www.monaco-tribune.com\\\/it\\\/#organization\"},\"image\":{\"@id\":\"https:\\\/\\\/www.monaco-tribune.com\\\/it\\\/2024\\\/09\\\/il-principe-alberto-ii-in-toscana-sulle-orme-della-principessa-grace\\\/#primaryimage\"},\"thumbnailUrl\":\"https:\\\/\\\/www.monaco-tribune.com\\\/wp-content\\\/uploads\\\/2024\\\/09\\\/prince-albert-toscane.jpeg\",\"keywords\":[\"Principe Alberto II\"],\"articleSection\":[\"Famiglia Principesca\",\"Notizie\"],\"inLanguage\":\"it-IT\",\"copyrightYear\":\"2024\",\"copyrightHolder\":{\"@id\":\"https:\\\/\\\/www.monaco-tribune.com\\\/#organization\"}},{\"@type\":\"WebPage\",\"@id\":\"https:\\\/\\\/www.monaco-tribune.com\\\/it\\\/2024\\\/09\\\/il-principe-alberto-ii-in-toscana-sulle-orme-della-principessa-grace\\\/\",\"url\":\"https:\\\/\\\/www.monaco-tribune.com\\\/it\\\/2024\\\/09\\\/il-principe-alberto-ii-in-toscana-sulle-orme-della-principessa-grace\\\/\",\"name\":\"Il Principe Alberto II in Toscana sulle orme della Principessa Grace\",\"isPartOf\":{\"@id\":\"https:\\\/\\\/www.monaco-tribune.com\\\/it\\\/#website\"},\"primaryImageOfPage\":{\"@id\":\"https:\\\/\\\/www.monaco-tribune.com\\\/it\\\/2024\\\/09\\\/il-principe-alberto-ii-in-toscana-sulle-orme-della-principessa-grace\\\/#primaryimage\"},\"image\":{\"@id\":\"https:\\\/\\\/www.monaco-tribune.com\\\/it\\\/2024\\\/09\\\/il-principe-alberto-ii-in-toscana-sulle-orme-della-principessa-grace\\\/#primaryimage\"},\"thumbnailUrl\":\"https:\\\/\\\/www.monaco-tribune.com\\\/wp-content\\\/uploads\\\/2024\\\/09\\\/prince-albert-toscane.jpeg\",\"datePublished\":\"2024-09-17T15:19:50+00:00\",\"dateModified\":\"2024-09-17T15:19:58+00:00\",\"description\":\"Un doppio omaggio molto toccante. Questo fine settimana, il Principe Alberto II si \u00e8 recato in Toscana per visitare il santuario della Verna, in provincia\",\"breadcrumb\":{\"@id\":\"https:\\\/\\\/www.monaco-tribune.com\\\/it\\\/2024\\\/09\\\/il-principe-alberto-ii-in-toscana-sulle-orme-della-principessa-grace\\\/#breadcrumb\"},\"inLanguage\":\"it-IT\",\"potentialAction\":[{\"@type\":\"ReadAction\",\"target\":[\"https:\\\/\\\/www.monaco-tribune.com\\\/it\\\/2024\\\/09\\\/il-principe-alberto-ii-in-toscana-sulle-orme-della-principessa-grace\\\/\"]}]},{\"@type\":\"ImageObject\",\"inLanguage\":\"it-IT\",\"@id\":\"https:\\\/\\\/www.monaco-tribune.com\\\/it\\\/2024\\\/09\\\/il-principe-alberto-ii-in-toscana-sulle-orme-della-principessa-grace\\\/#primaryimage\",\"url\":\"https:\\\/\\\/www.monaco-tribune.com\\\/wp-content\\\/uploads\\\/2024\\\/09\\\/prince-albert-toscane.jpeg\",\"contentUrl\":\"https:\\\/\\\/www.monaco-tribune.com\\\/wp-content\\\/uploads\\\/2024\\\/09\\\/prince-albert-toscane.jpeg\",\"width\":1200,\"height\":800,\"caption\":\"Il Principe Alberto II circondato dai frati del santuario della Verna \u00a9 Axel Bastello \\\/ Palazzo del Principe\"},{\"@type\":\"BreadcrumbList\",\"@id\":\"https:\\\/\\\/www.monaco-tribune.com\\\/it\\\/2024\\\/09\\\/il-principe-alberto-ii-in-toscana-sulle-orme-della-principessa-grace\\\/#breadcrumb\",\"itemListElement\":[{\"@type\":\"ListItem\",\"position\":1,\"name\":\"Accueil\",\"item\":\"https:\\\/\\\/www.monaco-tribune.com\\\/it\\\/\"},{\"@type\":\"ListItem\",\"position\":2,\"name\":\"Il Principe Alberto II in Toscana sulle orme della Principessa Grace\"}]},{\"@type\":\"WebSite\",\"@id\":\"https:\\\/\\\/www.monaco-tribune.com\\\/it\\\/#website\",\"url\":\"https:\\\/\\\/www.monaco-tribune.com\\\/it\\\/\",\"name\":\"Monaco Tribune\",\"description\":\"Monaco : actualit\u00e9s \u00e9conomiques, politiques, culturelles et sportives de Monaco et de la French Riviera.\",\"publisher\":{\"@id\":\"https:\\\/\\\/www.monaco-tribune.com\\\/it\\\/#organization\"},\"potentialAction\":[{\"@type\":\"SearchAction\",\"target\":{\"@type\":\"EntryPoint\",\"urlTemplate\":\"https:\\\/\\\/www.monaco-tribune.com\\\/it\\\/?s={search_term_string}\"},\"query-input\":{\"@type\":\"PropertyValueSpecification\",\"valueRequired\":true,\"valueName\":\"search_term_string\"}}],\"inLanguage\":\"it-IT\"},{\"@type\":\"Organization\",\"@id\":\"https:\\\/\\\/www.monaco-tribune.com\\\/it\\\/#organization\",\"name\":\"Monaco Tribune\",\"url\":\"https:\\\/\\\/www.monaco-tribune.com\\\/it\\\/\",\"logo\":{\"@type\":\"ImageObject\",\"inLanguage\":\"it-IT\",\"@id\":\"https:\\\/\\\/www.monaco-tribune.com\\\/it\\\/#\\\/schema\\\/logo\\\/image\\\/\",\"url\":\"https:\\\/\\\/www.monaco-tribune.com\\\/wp-content\\\/uploads\\\/2022\\\/11\\\/logo-monaco-tribune.png\",\"contentUrl\":\"https:\\\/\\\/www.monaco-tribune.com\\\/wp-content\\\/uploads\\\/2022\\\/11\\\/logo-monaco-tribune.png\",\"width\":1548,\"height\":600,\"caption\":\"Monaco Tribune\"},\"image\":{\"@id\":\"https:\\\/\\\/www.monaco-tribune.com\\\/it\\\/#\\\/schema\\\/logo\\\/image\\\/\"},\"sameAs\":[\"https:\\\/\\\/www.facebook.com\\\/MonacoTribune\",\"https:\\\/\\\/x.com\\\/MonacoTribune\",\"https:\\\/\\\/www.instagram.com\\\/monacotribune\\\/\",\"https:\\\/\\\/www.linkedin.com\\\/company\\\/monaco-tribune\",\"https:\\\/\\\/www.youtube.com\\\/channel\\\/UCHle1MnG6hw1y4lWKijVbMA\"]},{\"@type\":\"Person\",\"@id\":\"https:\\\/\\\/www.monaco-tribune.com\\\/it\\\/#\\\/schema\\\/person\\\/fba2f8d5a098d473c92e84cc43a8f730\",\"name\":\"Agathe Ch\u00e9reau\",\"image\":{\"@type\":\"ImageObject\",\"inLanguage\":\"it-IT\",\"@id\":\"https:\\\/\\\/secure.gravatar.com\\\/avatar\\\/884b20ed9d4430c24d77a3ad560b1c21da67bd6992531a1971822779f9988ea5?s=96&d=mm&r=g\",\"url\":\"https:\\\/\\\/secure.gravatar.com\\\/avatar\\\/884b20ed9d4430c24d77a3ad560b1c21da67bd6992531a1971822779f9988ea5?s=96&d=mm&r=g\",\"contentUrl\":\"https:\\\/\\\/secure.gravatar.com\\\/avatar\\\/884b20ed9d4430c24d77a3ad560b1c21da67bd6992531a1971822779f9988ea5?s=96&d=mm&r=g\",\"caption\":\"Agathe Ch\u00e9reau\"},\"url\":\"https:\\\/\\\/www.monaco-tribune.com\\\/it\\\/author\\\/agathechereau\\\/\"}]}<\/script>\n<!-- \/ Yoast SEO Premium plugin. -->","yoast_head_json":{"title":"Il Principe Alberto II in Toscana sulle orme della Principessa Grace","description":"Un doppio omaggio molto toccante. Questo fine settimana, il Principe Alberto II si \u00e8 recato in Toscana per visitare il santuario della Verna, in provincia","robots":{"index":"index","follow":"follow","max-snippet":"max-snippet:-1","max-image-preview":"max-image-preview:large","max-video-preview":"max-video-preview:-1"},"canonical":"https:\/\/www.monaco-tribune.com\/it\/2024\/09\/il-principe-alberto-ii-in-toscana-sulle-orme-della-principessa-grace\/","og_locale":"it_IT","og_type":"article","og_title":"Il Principe Alberto II in Toscana sulle orme della Principessa Grace - Monaco Tribune","og_description":"Un doppio omaggio molto toccante. Questo fine settimana, il Principe Alberto II si \u00e8 recato in Toscana per visitare il santuario della Verna, in provincia","og_url":"https:\/\/www.monaco-tribune.com\/it\/2024\/09\/il-principe-alberto-ii-in-toscana-sulle-orme-della-principessa-grace\/","og_site_name":"Monaco Tribune","article_publisher":"https:\/\/www.facebook.com\/MonacoTribune","article_published_time":"2024-09-17T15:19:50+00:00","article_modified_time":"2024-09-17T15:19:58+00:00","og_image":[{"width":1200,"height":800,"url":"https:\/\/www.monaco-tribune.com\/wp-content\/uploads\/2024\/09\/prince-albert-toscane.jpeg","type":"image\/jpeg"}],"author":"Agathe Ch\u00e9reau","twitter_card":"summary_large_image","twitter_creator":"@MonacoTribune","twitter_site":"@MonacoTribune","schema":{"@context":"https:\/\/schema.org","@graph":[{"@type":"NewsArticle","@id":"https:\/\/www.monaco-tribune.com\/it\/2024\/09\/il-principe-alberto-ii-in-toscana-sulle-orme-della-principessa-grace\/#article","isPartOf":{"@id":"https:\/\/www.monaco-tribune.com\/it\/2024\/09\/il-principe-alberto-ii-in-toscana-sulle-orme-della-principessa-grace\/"},"author":{"name":"Agathe Ch\u00e9reau","@id":"https:\/\/www.monaco-tribune.com\/it\/#\/schema\/person\/fba2f8d5a098d473c92e84cc43a8f730"},"headline":"Il Principe Alberto II in Toscana sulle orme della Principessa Grace","datePublished":"2024-09-17T15:19:50+00:00","dateModified":"2024-09-17T15:19:58+00:00","mainEntityOfPage":{"@id":"https:\/\/www.monaco-tribune.com\/it\/2024\/09\/il-principe-alberto-ii-in-toscana-sulle-orme-della-principessa-grace\/"},"wordCount":326,"publisher":{"@id":"https:\/\/www.monaco-tribune.com\/it\/#organization"},"image":{"@id":"https:\/\/www.monaco-tribune.com\/it\/2024\/09\/il-principe-alberto-ii-in-toscana-sulle-orme-della-principessa-grace\/#primaryimage"},"thumbnailUrl":"https:\/\/www.monaco-tribune.com\/wp-content\/uploads\/2024\/09\/prince-albert-toscane.jpeg","keywords":["Principe Alberto II"],"articleSection":["Famiglia Principesca","Notizie"],"inLanguage":"it-IT","copyrightYear":"2024","copyrightHolder":{"@id":"https:\/\/www.monaco-tribune.com\/#organization"}},{"@type":"WebPage","@id":"https:\/\/www.monaco-tribune.com\/it\/2024\/09\/il-principe-alberto-ii-in-toscana-sulle-orme-della-principessa-grace\/","url":"https:\/\/www.monaco-tribune.com\/it\/2024\/09\/il-principe-alberto-ii-in-toscana-sulle-orme-della-principessa-grace\/","name":"Il Principe Alberto II in Toscana sulle orme della Principessa Grace","isPartOf":{"@id":"https:\/\/www.monaco-tribune.com\/it\/#website"},"primaryImageOfPage":{"@id":"https:\/\/www.monaco-tribune.com\/it\/2024\/09\/il-principe-alberto-ii-in-toscana-sulle-orme-della-principessa-grace\/#primaryimage"},"image":{"@id":"https:\/\/www.monaco-tribune.com\/it\/2024\/09\/il-principe-alberto-ii-in-toscana-sulle-orme-della-principessa-grace\/#primaryimage"},"thumbnailUrl":"https:\/\/www.monaco-tribune.com\/wp-content\/uploads\/2024\/09\/prince-albert-toscane.jpeg","datePublished":"2024-09-17T15:19:50+00:00","dateModified":"2024-09-17T15:19:58+00:00","description":"Un doppio omaggio molto toccante. Questo fine settimana, il Principe Alberto II si \u00e8 recato in Toscana per visitare il santuario della Verna, in provincia","breadcrumb":{"@id":"https:\/\/www.monaco-tribune.com\/it\/2024\/09\/il-principe-alberto-ii-in-toscana-sulle-orme-della-principessa-grace\/#breadcrumb"},"inLanguage":"it-IT","potentialAction":[{"@type":"ReadAction","target":["https:\/\/www.monaco-tribune.com\/it\/2024\/09\/il-principe-alberto-ii-in-toscana-sulle-orme-della-principessa-grace\/"]}]},{"@type":"ImageObject","inLanguage":"it-IT","@id":"https:\/\/www.monaco-tribune.com\/it\/2024\/09\/il-principe-alberto-ii-in-toscana-sulle-orme-della-principessa-grace\/#primaryimage","url":"https:\/\/www.monaco-tribune.com\/wp-content\/uploads\/2024\/09\/prince-albert-toscane.jpeg","contentUrl":"https:\/\/www.monaco-tribune.com\/wp-content\/uploads\/2024\/09\/prince-albert-toscane.jpeg","width":1200,"height":800,"caption":"Il Principe Alberto II circondato dai frati del santuario della Verna \u00a9 Axel Bastello \/ Palazzo del Principe"},{"@type":"BreadcrumbList","@id":"https:\/\/www.monaco-tribune.com\/it\/2024\/09\/il-principe-alberto-ii-in-toscana-sulle-orme-della-principessa-grace\/#breadcrumb","itemListElement":[{"@type":"ListItem","position":1,"name":"Accueil","item":"https:\/\/www.monaco-tribune.com\/it\/"},{"@type":"ListItem","position":2,"name":"Il Principe Alberto II in Toscana sulle orme della Principessa Grace"}]},{"@type":"WebSite","@id":"https:\/\/www.monaco-tribune.com\/it\/#website","url":"https:\/\/www.monaco-tribune.com\/it\/","name":"Monaco Tribune","description":"Monaco : actualit\u00e9s \u00e9conomiques, politiques, culturelles et sportives de Monaco et de la French Riviera.","publisher":{"@id":"https:\/\/www.monaco-tribune.com\/it\/#organization"},"potentialAction":[{"@type":"SearchAction","target":{"@type":"EntryPoint","urlTemplate":"https:\/\/www.monaco-tribune.com\/it\/?s={search_term_string}"},"query-input":{"@type":"PropertyValueSpecification","valueRequired":true,"valueName":"search_term_string"}}],"inLanguage":"it-IT"},{"@type":"Organization","@id":"https:\/\/www.monaco-tribune.com\/it\/#organization","name":"Monaco Tribune","url":"https:\/\/www.monaco-tribune.com\/it\/","logo":{"@type":"ImageObject","inLanguage":"it-IT","@id":"https:\/\/www.monaco-tribune.com\/it\/#\/schema\/logo\/image\/","url":"https:\/\/www.monaco-tribune.com\/wp-content\/uploads\/2022\/11\/logo-monaco-tribune.png","contentUrl":"https:\/\/www.monaco-tribune.com\/wp-content\/uploads\/2022\/11\/logo-monaco-tribune.png","width":1548,"height":600,"caption":"Monaco Tribune"},"image":{"@id":"https:\/\/www.monaco-tribune.com\/it\/#\/schema\/logo\/image\/"},"sameAs":["https:\/\/www.facebook.com\/MonacoTribune","https:\/\/x.com\/MonacoTribune","https:\/\/www.instagram.com\/monacotribune\/","https:\/\/www.linkedin.com\/company\/monaco-tribune","https:\/\/www.youtube.com\/channel\/UCHle1MnG6hw1y4lWKijVbMA"]},{"@type":"Person","@id":"https:\/\/www.monaco-tribune.com\/it\/#\/schema\/person\/fba2f8d5a098d473c92e84cc43a8f730","name":"Agathe Ch\u00e9reau","image":{"@type":"ImageObject","inLanguage":"it-IT","@id":"https:\/\/secure.gravatar.com\/avatar\/884b20ed9d4430c24d77a3ad560b1c21da67bd6992531a1971822779f9988ea5?s=96&d=mm&r=g","url":"https:\/\/secure.gravatar.com\/avatar\/884b20ed9d4430c24d77a3ad560b1c21da67bd6992531a1971822779f9988ea5?s=96&d=mm&r=g","contentUrl":"https:\/\/secure.gravatar.com\/avatar\/884b20ed9d4430c24d77a3ad560b1c21da67bd6992531a1971822779f9988ea5?s=96&d=mm&r=g","caption":"Agathe Ch\u00e9reau"},"url":"https:\/\/www.monaco-tribune.com\/it\/author\/agathechereau\/"}]}},"_links":{"self":[{"href":"https:\/\/www.monaco-tribune.com\/it\/wp-json\/wp\/v2\/posts\/250703","targetHints":{"allow":["GET"]}}],"collection":[{"href":"https:\/\/www.monaco-tribune.com\/it\/wp-json\/wp\/v2\/posts"}],"about":[{"href":"https:\/\/www.monaco-tribune.com\/it\/wp-json\/wp\/v2\/types\/post"}],"author":[{"embeddable":true,"href":"https:\/\/www.monaco-tribune.com\/it\/wp-json\/wp\/v2\/users\/47"}],"replies":[{"embeddable":true,"href":"https:\/\/www.monaco-tribune.com\/it\/wp-json\/wp\/v2\/comments?post=250703"}],"version-history":[{"count":2,"href":"https:\/\/www.monaco-tribune.com\/it\/wp-json\/wp\/v2\/posts\/250703\/revisions"}],"predecessor-version":[{"id":250706,"href":"https:\/\/www.monaco-tribune.com\/it\/wp-json\/wp\/v2\/posts\/250703\/revisions\/250706"}],"wp:featuredmedia":[{"embeddable":true,"href":"https:\/\/www.monaco-tribune.com\/it\/wp-json\/wp\/v2\/media\/250398"}],"wp:attachment":[{"href":"https:\/\/www.monaco-tribune.com\/it\/wp-json\/wp\/v2\/media?parent=250703"}],"wp:term":[{"taxonomy":"category","embeddable":true,"href":"https:\/\/www.monaco-tribune.com\/it\/wp-json\/wp\/v2\/categories?post=250703"},{"taxonomy":"post_tag","embeddable":true,"href":"https:\/\/www.monaco-tribune.com\/it\/wp-json\/wp\/v2\/tags?post=250703"},{"taxonomy":"sectag","embeddable":true,"href":"https:\/\/www.monaco-tribune.com\/it\/wp-json\/wp\/v2\/post_sectags?post=250703"},{"taxonomy":"format","embeddable":true,"href":"https:\/\/www.monaco-tribune.com\/it\/wp-json\/wp\/v2\/post_format?post=250703"}],"curies":[{"name":"wp","href":"https:\/\/api.w.org\/{rel}","templated":true}]}}