{"id":250726,"date":"2024-09-17T17:30:59","date_gmt":"2024-09-17T15:30:59","guid":{"rendered":"https:\/\/www.monaco-tribune.com\/2024\/09\/il-principe-alberto-ii-e-la-principessa-charlene-sullisola-di-saint-honorat\/"},"modified":"2024-09-17T17:31:06","modified_gmt":"2024-09-17T15:31:06","slug":"il-principe-alberto-ii-e-la-principessa-charlene-sullisola-di-saint-honorat","status":"publish","type":"post","link":"https:\/\/www.monaco-tribune.com\/it\/2024\/09\/il-principe-alberto-ii-e-la-principessa-charlene-sullisola-di-saint-honorat\/","title":{"rendered":"Il Principe Alberto II e la Principessa Charl\u00e8ne sull&#8217;isola di Saint-Honorat"},"content":{"rendered":"\n<p><strong>Da adesso sono padrini di una campana!<\/strong><\/p>\n\n<p>Il rientro del Principe Alberto II e della Principessa Charl\u00e8ne dopo la pausa estiva prosegue senza intoppi, con una visita all&#8217;isola di Saint-Honorat e, pi\u00f9 precisamente, l&#8217;Abbazia di L\u00e9rins, sabato 14 settembre.<\/p>\n\n<p>Accolti dall&#8217;abate Vladimir Gaudrat, hanno iniziato il tour visitando la torre del monastero, che dal 2020 \u00e8 oggetto di un ampio restauro. Il Principe Alberto II ha contribuito a finanziare i lavori della cappella Sainte-Croix, dichiarata monumento storico.<\/p>\n\n<p>Questo luogo emblematico della baia di Cannes riaprir\u00e0 nuovamente al pubblico nell&#8217;estate del 2025.<\/p>\n\n<figure class=\"wp-block-gallery has-nested-images columns-1 is-cropped wp-block-gallery-1 is-layout-flex wp-block-gallery-is-layout-flex\">\n<figure class=\"wp-block-image size-large\"><img loading=\"lazy\" decoding=\"async\" width=\"1024\" height=\"684\" data-id=\"250452\" src=\"https:\/\/www.monaco-tribune.com\/wp-content\/uploads\/2024\/09\/princesse-charlene-1024x684.jpg\" alt=\"princesse charlene\" class=\"wp-image-250452\" srcset=\"https:\/\/www.monaco-tribune.com\/wp-content\/uploads\/2024\/09\/princesse-charlene-1024x684.jpg 1024w, https:\/\/www.monaco-tribune.com\/wp-content\/uploads\/2024\/09\/princesse-charlene-449x300.jpg 449w, https:\/\/www.monaco-tribune.com\/wp-content\/uploads\/2024\/09\/princesse-charlene.jpg 1200w\" sizes=\"auto, (max-width: 1024px) 100vw, 1024px\" \/><figcaption class=\"wp-element-caption\">\u00a9 Eric Mathon \/ Palazzo del Principe<\/figcaption><\/figure>\n\n\n\n<figure class=\"wp-block-image size-large\"><img loading=\"lazy\" decoding=\"async\" width=\"1024\" height=\"684\" data-id=\"250448\" src=\"https:\/\/www.monaco-tribune.com\/wp-content\/uploads\/2024\/09\/princess-charlene-monaco-1024x684.jpg\" alt=\"principessa-charlene\" class=\"wp-image-250448\" srcset=\"https:\/\/www.monaco-tribune.com\/wp-content\/uploads\/2024\/09\/princess-charlene-monaco-1024x684.jpg 1024w, https:\/\/www.monaco-tribune.com\/wp-content\/uploads\/2024\/09\/princess-charlene-monaco-449x300.jpg 449w, https:\/\/www.monaco-tribune.com\/wp-content\/uploads\/2024\/09\/princess-charlene-monaco.jpg 1200w\" sizes=\"auto, (max-width: 1024px) 100vw, 1024px\" \/><figcaption class=\"wp-element-caption\">\u00a9 Eric Mathon \/ Palazzo del Principe<\/figcaption><\/figure>\n\n\n\n<figure class=\"wp-block-image size-large\"><img loading=\"lazy\" decoding=\"async\" width=\"1024\" height=\"684\" data-id=\"250444\" src=\"https:\/\/www.monaco-tribune.com\/wp-content\/uploads\/2024\/09\/princesse-monaco-1024x684.jpg\" alt=\"\" class=\"wp-image-250444\" srcset=\"https:\/\/www.monaco-tribune.com\/wp-content\/uploads\/2024\/09\/princesse-monaco-1024x684.jpg 1024w, https:\/\/www.monaco-tribune.com\/wp-content\/uploads\/2024\/09\/princesse-monaco-449x300.jpg 449w, https:\/\/www.monaco-tribune.com\/wp-content\/uploads\/2024\/09\/princesse-monaco.jpg 1200w\" sizes=\"auto, (max-width: 1024px) 100vw, 1024px\" \/><figcaption class=\"wp-element-caption\">\u00a9 Eric Mathon \/ Palazzo del Principe<\/figcaption><\/figure>\n<\/figure>\n\n<h2 class=\"wp-block-heading\" id=\"h-le-lien-entre-les-grimaldi-et-les-iles-de-lerins\">Il legame tra i Grimaldi e le Isole di L\u00e9rins<\/h2>\n\n<p>Lo scopo principale della visita del Principe e della Principessa all&#8217;Abbazia di L\u00e9rins \u00e8 stato quello di benedire due campane nella cappella del monastero al termine di una messa. Il Principe Alberto II e la Principessa Charl\u00e8ne sono stati nominati padrini di una delle campane, battezzata \u201cMarie Augustin\u201d in memoria di Augustin Grimaldi.<\/p>\n\n<figure class=\"wp-block-gallery has-nested-images columns-1 is-cropped wp-block-gallery-2 is-layout-flex wp-block-gallery-is-layout-flex\">\n<figure class=\"wp-block-image size-large\"><img loading=\"lazy\" decoding=\"async\" width=\"1000\" height=\"669\" data-id=\"250456\" src=\"https:\/\/www.monaco-tribune.com\/wp-content\/uploads\/2024\/09\/cloche-prince-princesse-monaco-2.jpg\" alt=\"\" class=\"wp-image-250456\" srcset=\"https:\/\/www.monaco-tribune.com\/wp-content\/uploads\/2024\/09\/cloche-prince-princesse-monaco-2.jpg 1000w, https:\/\/www.monaco-tribune.com\/wp-content\/uploads\/2024\/09\/cloche-prince-princesse-monaco-2-448x300.jpg 448w\" sizes=\"auto, (max-width: 1000px) 100vw, 1000px\" \/><figcaption class=\"wp-element-caption\">\u00a9 Eric Mathon \/ Palazzo del Principe<\/figcaption><\/figure>\n\n\n\n<figure class=\"wp-block-image size-large\"><img loading=\"lazy\" decoding=\"async\" width=\"1000\" height=\"669\" data-id=\"250458\" src=\"https:\/\/www.monaco-tribune.com\/wp-content\/uploads\/2024\/09\/cloche-prince-princesse-monaco.jpg\" alt=\"\" class=\"wp-image-250458\" srcset=\"https:\/\/www.monaco-tribune.com\/wp-content\/uploads\/2024\/09\/cloche-prince-princesse-monaco.jpg 1000w, https:\/\/www.monaco-tribune.com\/wp-content\/uploads\/2024\/09\/cloche-prince-princesse-monaco-448x300.jpg 448w\" sizes=\"auto, (max-width: 1000px) 100vw, 1000px\" \/><figcaption class=\"wp-element-caption\">\u00a9 Eric Mathon \/ Palazzo del Principe<\/figcaption><\/figure>\n<\/figure>\n\n<p class=\"related\"><a href=\"https:\/\/www.monaco-tribune.com\/it\/2024\/09\/un-rientro-a-scuola-allinsegna-dellinclusivita\/\">Un rientro a scuola all\u2019insegna dell\u2019inclusivit\u00e0<\/a><\/p>\n\n<p>Nominato abate di L\u00e9rins nel 1500 e signore di Monaco dal 1523 fino alla sua morte, ha svolto un ruolo fondamentale per l&#8217;indipendenza del Principato stipulando un&#8217;alleanza con l&#8217;imperatore Carlo V esattamente 500 anni fa. <\/p>\n","protected":false},"excerpt":{"rendered":"<p>Da adesso sono padrini di una campana! Il rientro del Principe Alberto II e della Principessa Charl\u00e8ne dopo la pausa [&hellip;]<\/p>\n","protected":false},"author":47,"featured_media":250408,"comment_status":"closed","ping_status":"closed","sticky":false,"template":"","format":"standard","meta":{"_acf_changed":false,"footnotes":""},"categories":[1742,1826,1738],"tags":[2944],"post_sectags":[],"post_format":[2474],"class_list":["post-250726","post","type-post","status-publish","format-standard","has-post-thumbnail","hentry","category-famiglia-principesca","category-la-nostra-scelta","category-notizie","tag-principessa-charlene","format-foto"],"acf":[],"yoast_head":"<!-- This site is optimized with the Yoast SEO Premium plugin v26.8 (Yoast SEO v27.4) - https:\/\/yoast.com\/product\/yoast-seo-premium-wordpress\/ -->\n<title>Il Principe Alberto II e la Principessa Charl\u00e8ne sull&#039;isola di Saint-Honorat<\/title>\n<meta name=\"description\" content=\"Da adesso sono padrini di una campana! Il rientro del Principe Alberto II e della Principessa Charl\u00e8ne dopo la pausa estiva prosegue senza intoppi, con\" \/>\n<meta name=\"robots\" content=\"index, follow, max-snippet:-1, max-image-preview:large, max-video-preview:-1\" \/>\n<link rel=\"canonical\" href=\"https:\/\/www.monaco-tribune.com\/it\/2024\/09\/il-principe-alberto-ii-e-la-principessa-charlene-sullisola-di-saint-honorat\/\" \/>\n<meta property=\"og:locale\" content=\"it_IT\" \/>\n<meta property=\"og:type\" content=\"article\" \/>\n<meta property=\"og:title\" content=\"Il Principe Alberto II e la Principessa Charl\u00e8ne sull&#039;isola di Saint-Honorat - Monaco Tribune\" \/>\n<meta property=\"og:description\" content=\"Da adesso sono padrini di una campana! Il rientro del Principe Alberto II e della Principessa Charl\u00e8ne dopo la pausa estiva prosegue senza intoppi, con\" \/>\n<meta property=\"og:url\" content=\"https:\/\/www.monaco-tribune.com\/it\/2024\/09\/il-principe-alberto-ii-e-la-principessa-charlene-sullisola-di-saint-honorat\/\" \/>\n<meta property=\"og:site_name\" content=\"Monaco Tribune\" \/>\n<meta property=\"article:publisher\" content=\"https:\/\/www.facebook.com\/MonacoTribune\" \/>\n<meta property=\"article:published_time\" content=\"2024-09-17T15:30:59+00:00\" \/>\n<meta property=\"article:modified_time\" content=\"2024-09-17T15:31:06+00:00\" \/>\n<meta property=\"og:image\" content=\"https:\/\/www.monaco-tribune.com\/wp-content\/uploads\/2024\/09\/prince-albert-princesse-charlene-saint-honorat.jpeg\" \/>\n\t<meta property=\"og:image:width\" content=\"1200\" \/>\n\t<meta property=\"og:image:height\" content=\"777\" \/>\n\t<meta property=\"og:image:type\" content=\"image\/jpeg\" \/>\n<meta name=\"author\" content=\"Agathe Ch\u00e9reau\" \/>\n<meta name=\"twitter:card\" content=\"summary_large_image\" \/>\n<meta name=\"twitter:creator\" content=\"@MonacoTribune\" \/>\n<meta name=\"twitter:site\" content=\"@MonacoTribune\" \/>\n<script type=\"application\/ld+json\" class=\"yoast-schema-graph\">{\"@context\":\"https:\\\/\\\/schema.org\",\"@graph\":[{\"@type\":\"NewsArticle\",\"@id\":\"https:\\\/\\\/www.monaco-tribune.com\\\/it\\\/2024\\\/09\\\/il-principe-alberto-ii-e-la-principessa-charlene-sullisola-di-saint-honorat\\\/#article\",\"isPartOf\":{\"@id\":\"https:\\\/\\\/www.monaco-tribune.com\\\/it\\\/2024\\\/09\\\/il-principe-alberto-ii-e-la-principessa-charlene-sullisola-di-saint-honorat\\\/\"},\"author\":{\"name\":\"Agathe Ch\u00e9reau\",\"@id\":\"https:\\\/\\\/www.monaco-tribune.com\\\/it\\\/#\\\/schema\\\/person\\\/fba2f8d5a098d473c92e84cc43a8f730\"},\"headline\":\"Il Principe Alberto II e la Principessa Charl\u00e8ne sull&#8217;isola di Saint-Honorat\",\"datePublished\":\"2024-09-17T15:30:59+00:00\",\"dateModified\":\"2024-09-17T15:31:06+00:00\",\"mainEntityOfPage\":{\"@id\":\"https:\\\/\\\/www.monaco-tribune.com\\\/it\\\/2024\\\/09\\\/il-principe-alberto-ii-e-la-principessa-charlene-sullisola-di-saint-honorat\\\/\"},\"wordCount\":241,\"publisher\":{\"@id\":\"https:\\\/\\\/www.monaco-tribune.com\\\/it\\\/#organization\"},\"image\":{\"@id\":\"https:\\\/\\\/www.monaco-tribune.com\\\/it\\\/2024\\\/09\\\/il-principe-alberto-ii-e-la-principessa-charlene-sullisola-di-saint-honorat\\\/#primaryimage\"},\"thumbnailUrl\":\"https:\\\/\\\/www.monaco-tribune.com\\\/wp-content\\\/uploads\\\/2024\\\/09\\\/prince-albert-princesse-charlene-saint-honorat.jpeg\",\"keywords\":[\"Principessa Charl\u00e8ne\"],\"articleSection\":[\"Famiglia Principesca\",\"La nostra scelta\",\"Notizie\"],\"inLanguage\":\"it-IT\",\"copyrightYear\":\"2024\",\"copyrightHolder\":{\"@id\":\"https:\\\/\\\/www.monaco-tribune.com\\\/#organization\"}},{\"@type\":\"WebPage\",\"@id\":\"https:\\\/\\\/www.monaco-tribune.com\\\/it\\\/2024\\\/09\\\/il-principe-alberto-ii-e-la-principessa-charlene-sullisola-di-saint-honorat\\\/\",\"url\":\"https:\\\/\\\/www.monaco-tribune.com\\\/it\\\/2024\\\/09\\\/il-principe-alberto-ii-e-la-principessa-charlene-sullisola-di-saint-honorat\\\/\",\"name\":\"Il Principe Alberto II e la Principessa Charl\u00e8ne sull'isola di Saint-Honorat\",\"isPartOf\":{\"@id\":\"https:\\\/\\\/www.monaco-tribune.com\\\/it\\\/#website\"},\"primaryImageOfPage\":{\"@id\":\"https:\\\/\\\/www.monaco-tribune.com\\\/it\\\/2024\\\/09\\\/il-principe-alberto-ii-e-la-principessa-charlene-sullisola-di-saint-honorat\\\/#primaryimage\"},\"image\":{\"@id\":\"https:\\\/\\\/www.monaco-tribune.com\\\/it\\\/2024\\\/09\\\/il-principe-alberto-ii-e-la-principessa-charlene-sullisola-di-saint-honorat\\\/#primaryimage\"},\"thumbnailUrl\":\"https:\\\/\\\/www.monaco-tribune.com\\\/wp-content\\\/uploads\\\/2024\\\/09\\\/prince-albert-princesse-charlene-saint-honorat.jpeg\",\"datePublished\":\"2024-09-17T15:30:59+00:00\",\"dateModified\":\"2024-09-17T15:31:06+00:00\",\"description\":\"Da adesso sono padrini di una campana! Il rientro del Principe Alberto II e della Principessa Charl\u00e8ne dopo la pausa estiva prosegue senza intoppi, con\",\"breadcrumb\":{\"@id\":\"https:\\\/\\\/www.monaco-tribune.com\\\/it\\\/2024\\\/09\\\/il-principe-alberto-ii-e-la-principessa-charlene-sullisola-di-saint-honorat\\\/#breadcrumb\"},\"inLanguage\":\"it-IT\",\"potentialAction\":[{\"@type\":\"ReadAction\",\"target\":[\"https:\\\/\\\/www.monaco-tribune.com\\\/it\\\/2024\\\/09\\\/il-principe-alberto-ii-e-la-principessa-charlene-sullisola-di-saint-honorat\\\/\"]}]},{\"@type\":\"ImageObject\",\"inLanguage\":\"it-IT\",\"@id\":\"https:\\\/\\\/www.monaco-tribune.com\\\/it\\\/2024\\\/09\\\/il-principe-alberto-ii-e-la-principessa-charlene-sullisola-di-saint-honorat\\\/#primaryimage\",\"url\":\"https:\\\/\\\/www.monaco-tribune.com\\\/wp-content\\\/uploads\\\/2024\\\/09\\\/prince-albert-princesse-charlene-saint-honorat.jpeg\",\"contentUrl\":\"https:\\\/\\\/www.monaco-tribune.com\\\/wp-content\\\/uploads\\\/2024\\\/09\\\/prince-albert-princesse-charlene-saint-honorat.jpeg\",\"width\":1200,\"height\":777,\"caption\":\"Il Principe Alberto II e la Principessa Charl\u00e8ne nell'Abbazia di L\u00e9rins \u00a9 Eric Mathon \\\/ Palazzo del Principe\"},{\"@type\":\"BreadcrumbList\",\"@id\":\"https:\\\/\\\/www.monaco-tribune.com\\\/it\\\/2024\\\/09\\\/il-principe-alberto-ii-e-la-principessa-charlene-sullisola-di-saint-honorat\\\/#breadcrumb\",\"itemListElement\":[{\"@type\":\"ListItem\",\"position\":1,\"name\":\"Accueil\",\"item\":\"https:\\\/\\\/www.monaco-tribune.com\\\/it\\\/\"},{\"@type\":\"ListItem\",\"position\":2,\"name\":\"Il Principe Alberto II e la Principessa Charl\u00e8ne sull&#8217;isola di Saint-Honorat\"}]},{\"@type\":\"WebSite\",\"@id\":\"https:\\\/\\\/www.monaco-tribune.com\\\/it\\\/#website\",\"url\":\"https:\\\/\\\/www.monaco-tribune.com\\\/it\\\/\",\"name\":\"Monaco Tribune\",\"description\":\"Monaco : actualit\u00e9s \u00e9conomiques, politiques, culturelles et sportives de Monaco et de la French Riviera.\",\"publisher\":{\"@id\":\"https:\\\/\\\/www.monaco-tribune.com\\\/it\\\/#organization\"},\"potentialAction\":[{\"@type\":\"SearchAction\",\"target\":{\"@type\":\"EntryPoint\",\"urlTemplate\":\"https:\\\/\\\/www.monaco-tribune.com\\\/it\\\/?s={search_term_string}\"},\"query-input\":{\"@type\":\"PropertyValueSpecification\",\"valueRequired\":true,\"valueName\":\"search_term_string\"}}],\"inLanguage\":\"it-IT\"},{\"@type\":\"Organization\",\"@id\":\"https:\\\/\\\/www.monaco-tribune.com\\\/it\\\/#organization\",\"name\":\"Monaco Tribune\",\"url\":\"https:\\\/\\\/www.monaco-tribune.com\\\/it\\\/\",\"logo\":{\"@type\":\"ImageObject\",\"inLanguage\":\"it-IT\",\"@id\":\"https:\\\/\\\/www.monaco-tribune.com\\\/it\\\/#\\\/schema\\\/logo\\\/image\\\/\",\"url\":\"https:\\\/\\\/www.monaco-tribune.com\\\/wp-content\\\/uploads\\\/2022\\\/11\\\/logo-monaco-tribune.png\",\"contentUrl\":\"https:\\\/\\\/www.monaco-tribune.com\\\/wp-content\\\/uploads\\\/2022\\\/11\\\/logo-monaco-tribune.png\",\"width\":1548,\"height\":600,\"caption\":\"Monaco Tribune\"},\"image\":{\"@id\":\"https:\\\/\\\/www.monaco-tribune.com\\\/it\\\/#\\\/schema\\\/logo\\\/image\\\/\"},\"sameAs\":[\"https:\\\/\\\/www.facebook.com\\\/MonacoTribune\",\"https:\\\/\\\/x.com\\\/MonacoTribune\",\"https:\\\/\\\/www.instagram.com\\\/monacotribune\\\/\",\"https:\\\/\\\/www.linkedin.com\\\/company\\\/monaco-tribune\",\"https:\\\/\\\/www.youtube.com\\\/channel\\\/UCHle1MnG6hw1y4lWKijVbMA\"]},{\"@type\":\"Person\",\"@id\":\"https:\\\/\\\/www.monaco-tribune.com\\\/it\\\/#\\\/schema\\\/person\\\/fba2f8d5a098d473c92e84cc43a8f730\",\"name\":\"Agathe Ch\u00e9reau\",\"image\":{\"@type\":\"ImageObject\",\"inLanguage\":\"it-IT\",\"@id\":\"https:\\\/\\\/secure.gravatar.com\\\/avatar\\\/884b20ed9d4430c24d77a3ad560b1c21da67bd6992531a1971822779f9988ea5?s=96&d=mm&r=g\",\"url\":\"https:\\\/\\\/secure.gravatar.com\\\/avatar\\\/884b20ed9d4430c24d77a3ad560b1c21da67bd6992531a1971822779f9988ea5?s=96&d=mm&r=g\",\"contentUrl\":\"https:\\\/\\\/secure.gravatar.com\\\/avatar\\\/884b20ed9d4430c24d77a3ad560b1c21da67bd6992531a1971822779f9988ea5?s=96&d=mm&r=g\",\"caption\":\"Agathe Ch\u00e9reau\"},\"url\":\"https:\\\/\\\/www.monaco-tribune.com\\\/it\\\/author\\\/agathechereau\\\/\"}]}<\/script>\n<!-- \/ Yoast SEO Premium plugin. -->","yoast_head_json":{"title":"Il Principe Alberto II e la Principessa Charl\u00e8ne sull'isola di Saint-Honorat","description":"Da adesso sono padrini di una campana! Il rientro del Principe Alberto II e della Principessa Charl\u00e8ne dopo la pausa estiva prosegue senza intoppi, con","robots":{"index":"index","follow":"follow","max-snippet":"max-snippet:-1","max-image-preview":"max-image-preview:large","max-video-preview":"max-video-preview:-1"},"canonical":"https:\/\/www.monaco-tribune.com\/it\/2024\/09\/il-principe-alberto-ii-e-la-principessa-charlene-sullisola-di-saint-honorat\/","og_locale":"it_IT","og_type":"article","og_title":"Il Principe Alberto II e la Principessa Charl\u00e8ne sull'isola di Saint-Honorat - Monaco Tribune","og_description":"Da adesso sono padrini di una campana! Il rientro del Principe Alberto II e della Principessa Charl\u00e8ne dopo la pausa estiva prosegue senza intoppi, con","og_url":"https:\/\/www.monaco-tribune.com\/it\/2024\/09\/il-principe-alberto-ii-e-la-principessa-charlene-sullisola-di-saint-honorat\/","og_site_name":"Monaco Tribune","article_publisher":"https:\/\/www.facebook.com\/MonacoTribune","article_published_time":"2024-09-17T15:30:59+00:00","article_modified_time":"2024-09-17T15:31:06+00:00","og_image":[{"width":1200,"height":777,"url":"https:\/\/www.monaco-tribune.com\/wp-content\/uploads\/2024\/09\/prince-albert-princesse-charlene-saint-honorat.jpeg","type":"image\/jpeg"}],"author":"Agathe Ch\u00e9reau","twitter_card":"summary_large_image","twitter_creator":"@MonacoTribune","twitter_site":"@MonacoTribune","schema":{"@context":"https:\/\/schema.org","@graph":[{"@type":"NewsArticle","@id":"https:\/\/www.monaco-tribune.com\/it\/2024\/09\/il-principe-alberto-ii-e-la-principessa-charlene-sullisola-di-saint-honorat\/#article","isPartOf":{"@id":"https:\/\/www.monaco-tribune.com\/it\/2024\/09\/il-principe-alberto-ii-e-la-principessa-charlene-sullisola-di-saint-honorat\/"},"author":{"name":"Agathe Ch\u00e9reau","@id":"https:\/\/www.monaco-tribune.com\/it\/#\/schema\/person\/fba2f8d5a098d473c92e84cc43a8f730"},"headline":"Il Principe Alberto II e la Principessa Charl\u00e8ne sull&#8217;isola di Saint-Honorat","datePublished":"2024-09-17T15:30:59+00:00","dateModified":"2024-09-17T15:31:06+00:00","mainEntityOfPage":{"@id":"https:\/\/www.monaco-tribune.com\/it\/2024\/09\/il-principe-alberto-ii-e-la-principessa-charlene-sullisola-di-saint-honorat\/"},"wordCount":241,"publisher":{"@id":"https:\/\/www.monaco-tribune.com\/it\/#organization"},"image":{"@id":"https:\/\/www.monaco-tribune.com\/it\/2024\/09\/il-principe-alberto-ii-e-la-principessa-charlene-sullisola-di-saint-honorat\/#primaryimage"},"thumbnailUrl":"https:\/\/www.monaco-tribune.com\/wp-content\/uploads\/2024\/09\/prince-albert-princesse-charlene-saint-honorat.jpeg","keywords":["Principessa Charl\u00e8ne"],"articleSection":["Famiglia Principesca","La nostra scelta","Notizie"],"inLanguage":"it-IT","copyrightYear":"2024","copyrightHolder":{"@id":"https:\/\/www.monaco-tribune.com\/#organization"}},{"@type":"WebPage","@id":"https:\/\/www.monaco-tribune.com\/it\/2024\/09\/il-principe-alberto-ii-e-la-principessa-charlene-sullisola-di-saint-honorat\/","url":"https:\/\/www.monaco-tribune.com\/it\/2024\/09\/il-principe-alberto-ii-e-la-principessa-charlene-sullisola-di-saint-honorat\/","name":"Il Principe Alberto II e la Principessa Charl\u00e8ne sull'isola di Saint-Honorat","isPartOf":{"@id":"https:\/\/www.monaco-tribune.com\/it\/#website"},"primaryImageOfPage":{"@id":"https:\/\/www.monaco-tribune.com\/it\/2024\/09\/il-principe-alberto-ii-e-la-principessa-charlene-sullisola-di-saint-honorat\/#primaryimage"},"image":{"@id":"https:\/\/www.monaco-tribune.com\/it\/2024\/09\/il-principe-alberto-ii-e-la-principessa-charlene-sullisola-di-saint-honorat\/#primaryimage"},"thumbnailUrl":"https:\/\/www.monaco-tribune.com\/wp-content\/uploads\/2024\/09\/prince-albert-princesse-charlene-saint-honorat.jpeg","datePublished":"2024-09-17T15:30:59+00:00","dateModified":"2024-09-17T15:31:06+00:00","description":"Da adesso sono padrini di una campana! Il rientro del Principe Alberto II e della Principessa Charl\u00e8ne dopo la pausa estiva prosegue senza intoppi, con","breadcrumb":{"@id":"https:\/\/www.monaco-tribune.com\/it\/2024\/09\/il-principe-alberto-ii-e-la-principessa-charlene-sullisola-di-saint-honorat\/#breadcrumb"},"inLanguage":"it-IT","potentialAction":[{"@type":"ReadAction","target":["https:\/\/www.monaco-tribune.com\/it\/2024\/09\/il-principe-alberto-ii-e-la-principessa-charlene-sullisola-di-saint-honorat\/"]}]},{"@type":"ImageObject","inLanguage":"it-IT","@id":"https:\/\/www.monaco-tribune.com\/it\/2024\/09\/il-principe-alberto-ii-e-la-principessa-charlene-sullisola-di-saint-honorat\/#primaryimage","url":"https:\/\/www.monaco-tribune.com\/wp-content\/uploads\/2024\/09\/prince-albert-princesse-charlene-saint-honorat.jpeg","contentUrl":"https:\/\/www.monaco-tribune.com\/wp-content\/uploads\/2024\/09\/prince-albert-princesse-charlene-saint-honorat.jpeg","width":1200,"height":777,"caption":"Il Principe Alberto II e la Principessa Charl\u00e8ne nell'Abbazia di L\u00e9rins \u00a9 Eric Mathon \/ Palazzo del Principe"},{"@type":"BreadcrumbList","@id":"https:\/\/www.monaco-tribune.com\/it\/2024\/09\/il-principe-alberto-ii-e-la-principessa-charlene-sullisola-di-saint-honorat\/#breadcrumb","itemListElement":[{"@type":"ListItem","position":1,"name":"Accueil","item":"https:\/\/www.monaco-tribune.com\/it\/"},{"@type":"ListItem","position":2,"name":"Il Principe Alberto II e la Principessa Charl\u00e8ne sull&#8217;isola di Saint-Honorat"}]},{"@type":"WebSite","@id":"https:\/\/www.monaco-tribune.com\/it\/#website","url":"https:\/\/www.monaco-tribune.com\/it\/","name":"Monaco Tribune","description":"Monaco : actualit\u00e9s \u00e9conomiques, politiques, culturelles et sportives de Monaco et de la French Riviera.","publisher":{"@id":"https:\/\/www.monaco-tribune.com\/it\/#organization"},"potentialAction":[{"@type":"SearchAction","target":{"@type":"EntryPoint","urlTemplate":"https:\/\/www.monaco-tribune.com\/it\/?s={search_term_string}"},"query-input":{"@type":"PropertyValueSpecification","valueRequired":true,"valueName":"search_term_string"}}],"inLanguage":"it-IT"},{"@type":"Organization","@id":"https:\/\/www.monaco-tribune.com\/it\/#organization","name":"Monaco Tribune","url":"https:\/\/www.monaco-tribune.com\/it\/","logo":{"@type":"ImageObject","inLanguage":"it-IT","@id":"https:\/\/www.monaco-tribune.com\/it\/#\/schema\/logo\/image\/","url":"https:\/\/www.monaco-tribune.com\/wp-content\/uploads\/2022\/11\/logo-monaco-tribune.png","contentUrl":"https:\/\/www.monaco-tribune.com\/wp-content\/uploads\/2022\/11\/logo-monaco-tribune.png","width":1548,"height":600,"caption":"Monaco Tribune"},"image":{"@id":"https:\/\/www.monaco-tribune.com\/it\/#\/schema\/logo\/image\/"},"sameAs":["https:\/\/www.facebook.com\/MonacoTribune","https:\/\/x.com\/MonacoTribune","https:\/\/www.instagram.com\/monacotribune\/","https:\/\/www.linkedin.com\/company\/monaco-tribune","https:\/\/www.youtube.com\/channel\/UCHle1MnG6hw1y4lWKijVbMA"]},{"@type":"Person","@id":"https:\/\/www.monaco-tribune.com\/it\/#\/schema\/person\/fba2f8d5a098d473c92e84cc43a8f730","name":"Agathe Ch\u00e9reau","image":{"@type":"ImageObject","inLanguage":"it-IT","@id":"https:\/\/secure.gravatar.com\/avatar\/884b20ed9d4430c24d77a3ad560b1c21da67bd6992531a1971822779f9988ea5?s=96&d=mm&r=g","url":"https:\/\/secure.gravatar.com\/avatar\/884b20ed9d4430c24d77a3ad560b1c21da67bd6992531a1971822779f9988ea5?s=96&d=mm&r=g","contentUrl":"https:\/\/secure.gravatar.com\/avatar\/884b20ed9d4430c24d77a3ad560b1c21da67bd6992531a1971822779f9988ea5?s=96&d=mm&r=g","caption":"Agathe Ch\u00e9reau"},"url":"https:\/\/www.monaco-tribune.com\/it\/author\/agathechereau\/"}]}},"_links":{"self":[{"href":"https:\/\/www.monaco-tribune.com\/it\/wp-json\/wp\/v2\/posts\/250726","targetHints":{"allow":["GET"]}}],"collection":[{"href":"https:\/\/www.monaco-tribune.com\/it\/wp-json\/wp\/v2\/posts"}],"about":[{"href":"https:\/\/www.monaco-tribune.com\/it\/wp-json\/wp\/v2\/types\/post"}],"author":[{"embeddable":true,"href":"https:\/\/www.monaco-tribune.com\/it\/wp-json\/wp\/v2\/users\/47"}],"replies":[{"embeddable":true,"href":"https:\/\/www.monaco-tribune.com\/it\/wp-json\/wp\/v2\/comments?post=250726"}],"version-history":[{"count":2,"href":"https:\/\/www.monaco-tribune.com\/it\/wp-json\/wp\/v2\/posts\/250726\/revisions"}],"predecessor-version":[{"id":250729,"href":"https:\/\/www.monaco-tribune.com\/it\/wp-json\/wp\/v2\/posts\/250726\/revisions\/250729"}],"wp:featuredmedia":[{"embeddable":true,"href":"https:\/\/www.monaco-tribune.com\/it\/wp-json\/wp\/v2\/media\/250408"}],"wp:attachment":[{"href":"https:\/\/www.monaco-tribune.com\/it\/wp-json\/wp\/v2\/media?parent=250726"}],"wp:term":[{"taxonomy":"category","embeddable":true,"href":"https:\/\/www.monaco-tribune.com\/it\/wp-json\/wp\/v2\/categories?post=250726"},{"taxonomy":"post_tag","embeddable":true,"href":"https:\/\/www.monaco-tribune.com\/it\/wp-json\/wp\/v2\/tags?post=250726"},{"taxonomy":"sectag","embeddable":true,"href":"https:\/\/www.monaco-tribune.com\/it\/wp-json\/wp\/v2\/post_sectags?post=250726"},{"taxonomy":"format","embeddable":true,"href":"https:\/\/www.monaco-tribune.com\/it\/wp-json\/wp\/v2\/post_format?post=250726"}],"curies":[{"name":"wp","href":"https:\/\/api.w.org\/{rel}","templated":true}]}}