{"id":250907,"date":"2024-09-18T15:59:07","date_gmt":"2024-09-18T13:59:07","guid":{"rendered":"https:\/\/www.monaco-tribune.com\/2024\/09\/as-monaco-basket-lobiettivo-e-vincere-tutto-il-roca-team-inizia-la-nuova-stagione-piu-determinato-che-mai\/"},"modified":"2024-09-18T15:59:16","modified_gmt":"2024-09-18T13:59:16","slug":"as-monaco-basket-lobiettivo-e-vincere-tutto-il-roca-team-inizia-la-nuova-stagione-piu-determinato-che-mai","status":"publish","type":"post","link":"https:\/\/www.monaco-tribune.com\/it\/2024\/09\/as-monaco-basket-lobiettivo-e-vincere-tutto-il-roca-team-inizia-la-nuova-stagione-piu-determinato-che-mai\/","title":{"rendered":"AS Monaco Basket: &#8220;L&#8217;obiettivo \u00e8 vincere tutto&#8221;, il Roca Team inizia la nuova stagione pi\u00f9 determinato che mai"},"content":{"rendered":"\n<p><strong>Durante la conferenza stampa di rientro dalla pausa estiva, l&#8217;AS Monaco Basket ha presentato i suoi obiettivi per la stagione 2024-2025. Guidato dal coach Sa\u0161a Obradovi\u0107, il Roca Team punta in alto, con ambizioni ben precise: dominare in Francia e conquistare l&#8217;EuroLeague. Con un mix di continuit\u00e0 e nuove leve, il club \u00e8 pronto per le prossime sfide.<\/strong><\/p>\n\n<p>L&#8217;AS Monaco Basket ha inaugurato la stagione 2024-2025 con un&#8217;importante conferenza stampa presso l&#8217;Automobile Club de Monaco. Il presidente Aleksej Fedoricsev, il direttore esecutivo Oleksiy Yefimov e l&#8217;allenatore Sa\u0161a Obradovi\u0107 erano affiancati da tre giocatori chiave: Elie Okobo, Donatas Motiej\u016bnas e il nuovo acquisto Nick Calathes.<\/p>\n\n<p>\u201cStabilit\u00e0 \u00e8 la parola chiave\u201d, ha detto Fedoricsev, descrivendo lo stato d&#8217;animo dell&#8217;AS Monaco Basket. \u201cDobbiamo confermare la posizione che abbiamo avuto nelle ultime tre stagioni. La cosa pi\u00f9 importante \u00e8 rimanere stabili. Dobbiamo mantenere un livello di energia elevato, perch\u00e9 \u00e8 questo che ci permette di vincere\u201d, ha aggiunto il presidente del Roca Team.<\/p>\n\n<p>Il Direttore esecutivo si \u00e8 mostrato altrettanto fiducioso: &#8220;Dobbiamo dominare in Francia, questo \u00e8 l&#8217;obiettivo. Abbiamo tutte le carte in regola per farlo&#8221;.<\/p>\n<div class=\"wp-block-image\">\n<figure class=\"aligncenter size-large\"><img loading=\"lazy\" decoding=\"async\" width=\"1024\" height=\"683\" src=\"https:\/\/www.monaco-tribune.com\/wp-content\/uploads\/2024\/09\/conference-de-presse-de-rentree-as-monaco-basket4-1024x683.jpg\" alt=\"\" class=\"wp-image-250707\" srcset=\"https:\/\/www.monaco-tribune.com\/wp-content\/uploads\/2024\/09\/conference-de-presse-de-rentree-as-monaco-basket4-1024x683.jpg 1024w, https:\/\/www.monaco-tribune.com\/wp-content\/uploads\/2024\/09\/conference-de-presse-de-rentree-as-monaco-basket4-450x300.jpg 450w, https:\/\/www.monaco-tribune.com\/wp-content\/uploads\/2024\/09\/conference-de-presse-de-rentree-as-monaco-basket4.jpg 1200w\" sizes=\"auto, (max-width: 1024px) 100vw, 1024px\" \/><figcaption class=\"wp-element-caption\"><em>\u00a9 Direzione della Comunicazione<\/em><\/figcaption><\/figure>\n<\/div>\n<h2 class=\"wp-block-heading\" id=\"h-direction-les-sommets-de-l-europe\">Verso le vette d&#8217;Europa<\/h2>\n\n<p>Il 3 ottobre, il Roca Team dar\u00e0 il via alla sua campagna europea affrontando l&#8217;Olimpia Milano. La partita inaugurer\u00e0 una stagione impegnativa in EuroLeague, una competizione che si preannuncia ancora pi\u00f9 dura dell&#8217;anno scorso. Per Sa\u0161a Obradovi\u0107, l&#8217;obiettivo \u00e8 chiaro: \u201cDobbiamo fare meglio dell&#8217;anno scorso, mantenendo la nostra identit\u00e0\u201d.<\/p>\n\n<p>Nonostante la vittoria sul Valencia Basket per 93-100 nell&#8217;ultima partita di riscaldamento, l&#8217;allenatore monegasco non \u00e8 soddisfatto: \u201cOnestamente, non sono contento delle partite di precampionato perch\u00e9 non siamo riusciti ad allenarci tutti insieme. Avevamo solo otto giocatori. Non ho ancora visto la vera faccia di questa squadra\u201d, ha detto, rammaricandosi per una preparazione che \u00e8 stata troncata dagli infortuni e dall&#8217;assenza di alcuni giocatori chiave impegnati ai Giochi Olimpici.<\/p>\n\n<p>Tuttavia, Obradovi\u0107 \u00e8 determinato a spingere i suoi uomini al massimo per affrontare la nuova stagione con ambizione.<\/p>\n\n<h2 class=\"wp-block-heading\" id=\"h-nick-calathes-la-recrue-pepite\">Nick Calathes, una miniera d&#8217;oro<\/h2>\n\n<p>L&#8217;arrivo dell&#8217;ex playmaker della nazionale greca e veterano dell&#8217;EuroLeague Nick Calathes \u00e8 un grande risultato per il Roca Team. Calathes, che si \u00e8 detto entusiasta all&#8217;idea di giocare per il Monaco, ha espresso le sue ambizioni: \u201cGiocare per il Monaco \u00e8 un&#8217;opportunit\u00e0 incredibile. Il mio obiettivo \u00e8 vincere l&#8217;EuroLeague\u201d.<\/p>\n\n<p>Ormai un <em>habitu\u00e9<\/em> delle grandi competizioni, metter\u00e0 la sua esperienza al servizio della squadra per aiutarla a migliorare: &#8220;Da giocatore, mi sono ritrovato in tutte le situazioni possibili. Penso di poter gestire bene la squadra e di poterla aiutare ad andare ancora pi\u00f9 lontano\u201d.<\/p>\n<div class=\"wp-block-image\">\n<figure class=\"aligncenter size-large\"><img loading=\"lazy\" decoding=\"async\" width=\"1024\" height=\"683\" src=\"https:\/\/www.monaco-tribune.com\/wp-content\/uploads\/2024\/09\/conference-de-presse-de-rentree-as-monaco-basket-1024x683.jpg\" alt=\"\" class=\"wp-image-250712\" srcset=\"https:\/\/www.monaco-tribune.com\/wp-content\/uploads\/2024\/09\/conference-de-presse-de-rentree-as-monaco-basket-1024x683.jpg 1024w, https:\/\/www.monaco-tribune.com\/wp-content\/uploads\/2024\/09\/conference-de-presse-de-rentree-as-monaco-basket-450x300.jpg 450w, https:\/\/www.monaco-tribune.com\/wp-content\/uploads\/2024\/09\/conference-de-presse-de-rentree-as-monaco-basket.jpg 1200w\" sizes=\"auto, (max-width: 1024px) 100vw, 1024px\" \/><figcaption class=\"wp-element-caption\"><em>Nick Calathes, playmaker del Roca Team \u00a9 Direzione della Comunicazione<\/em><\/figcaption><\/figure>\n<\/div>\n<h2 class=\"wp-block-heading\" id=\"h-okobo-et-motiejunas-la-continuite-au-service-de-l-excellence\">Okobo e Motiej\u016bnas, quando continuit\u00e0 \u00e8 sinonimo di eccellenza<\/h2>\n\n<p>Anche Elie Okobo, pilastro del Roca Team nelle ultime tre stagioni, \u00e8 pronto ad affrontare le sfide del campionato. \u201cIl nostro obiettivo \u00e8 vincere tutto. Siamo competitivi, vogliamo sollevare trofei al cielo, vogliamo sorridere e bere champagne alla fine di tutto\u201d, ha dichiarato con una certa determinazione. Il playmaker, che \u00e8 nel pieno della preparazione, punta al vertice dell&#8217;EuroLeague e ai trofei in Francia: \u201cOgni partita sar\u00e0 come una finale. Non possiamo permetterci di commettere errori. Sono determinato a vincere tutto&#8221;.<\/p>\n\n<p>Da parte sua, Donatas Motiej\u016bnas, centro della squadra fin dal suo debutto in EuroLeague, \u00e8 orgoglioso dei progressi ottenuti dal club: \u201c\u00c8 davvero bello vedere come siamo cresciuti e come ci siamo evoluti. Siamo una squadra speciale, un club speciale, e abbiamo il cuore per continuare a progredire\u201d.<\/p>\n\n<p>Il lituano \u00e8 ambizioso e fiducioso: \u201cL&#8217;anno scorso abbiamo perso due coppe, ma quest&#8217;anno dobbiamo inseguire i titoli che ci sono sfuggiti. Non \u00e8 facile affrontare ogni giorno il numero di partite e gli alti e bassi, ma il nostro approccio non cambia e daremo il 100% per raggiungere i nostri obiettivi. I tifosi si aspettano il meglio da noi e noi glielo daremo\u201d, ha concluso.<\/p>\n<div class=\"wp-block-image\">\n<figure class=\"aligncenter size-large is-resized\"><img loading=\"lazy\" decoding=\"async\" width=\"1024\" height=\"683\" src=\"https:\/\/www.monaco-tribune.com\/wp-content\/uploads\/2024\/09\/conference-de-presse-de-rentree-as-monaco-basket6-1024x683.jpg\" alt=\"\" class=\"wp-image-250718\" style=\"width:969px;height:auto\" srcset=\"https:\/\/www.monaco-tribune.com\/wp-content\/uploads\/2024\/09\/conference-de-presse-de-rentree-as-monaco-basket6-1024x683.jpg 1024w, https:\/\/www.monaco-tribune.com\/wp-content\/uploads\/2024\/09\/conference-de-presse-de-rentree-as-monaco-basket6-450x300.jpg 450w, https:\/\/www.monaco-tribune.com\/wp-content\/uploads\/2024\/09\/conference-de-presse-de-rentree-as-monaco-basket6.jpg 1200w\" sizes=\"auto, (max-width: 1024px) 100vw, 1024px\" \/><figcaption class=\"wp-element-caption\"><em>I tre giocatori presenti Donatas Motiej\u016bnas, Elie Okobo e Nick Calathes \u00a9 Direzione della Comunicazione<\/em><\/figcaption><\/figure>\n<\/div>\n<h2 class=\"wp-block-heading\" id=\"h-un-nouveau-maillot-de-grands-sponsors-et-de-belles-promesses\">Una nuova maglia, sponsor importanti e grandi promesse<\/h2>\n\n<p>La conferenza stampa \u00e8 stata anche l&#8217;occasione per presentare la nuova maglia per la stagione 24-25: un modello nero e oro con scritte rimodernate, che simboleggia la forza e l&#8217;eleganza della squadra. Il club ha inoltre annunciato il rinnovo della partnership con il <a href=\"https:\/\/www.monaco-tribune.com\/2023\/09\/le-groupe-michel-pastor-devient-partenaire-premium-de-las-monaco-basket\/\">Groupe Michel Pastor<\/a> (GMP), la principale societ\u00e0 immobiliare di Monaco.<\/p>\n\n<p>Questa collaborazione, che vede protagonista il gruppo partner Premium della squadra per la seconda stagione, \u00e8 basata su valori condivisi come l&#8217;eccellenza, l&#8217;impegno e lo spirito comunitario. \u201cSiamo orgogliosi di continuare il nostro percorso con il Groupe Michel Pastor\u201d, ha dichiarato il direttore generale Oleksiy Yefimov. &#8220;Entrambe le organizzazioni sono guidate da una visione di eccellenza, non solo nello sport e negli affari, ma anche, in senso pi\u00f9 ampio, nella comunit\u00e0 monegasca. Il continuo coinvolgimento di un partner cos\u00ec prestigioso sottolinea la crescente importanza del club come simbolo di unit\u00e0 e orgoglio nazionale\u201d, ha proseguito.<\/p>\n\n<p>Con ambizioni chiare e una squadra sempre pi\u00f9 solida, l&#8217;AS Monaco Basket \u00e8 determinato a fare la storia in questa stagione. Che sia in Europa o in Francia, il Roca Team sa che ogni partita \u00e8 importante e i giocatori sono pronti ad affrontare la sfida spinti da un unico desiderio: vincere. <em>Daghe Munegu!<\/em><\/p>\n<div class=\"wp-block-image\">\n<figure class=\"aligncenter size-large is-resized\"><img loading=\"lazy\" decoding=\"async\" width=\"1024\" height=\"683\" src=\"https:\/\/www.monaco-tribune.com\/wp-content\/uploads\/2024\/09\/conference-de-presse-de-rentree-as-monaco-basket5-1024x683.jpg\" alt=\"\" class=\"wp-image-250722\" style=\"width:968px;height:auto\" srcset=\"https:\/\/www.monaco-tribune.com\/wp-content\/uploads\/2024\/09\/conference-de-presse-de-rentree-as-monaco-basket5-1024x683.jpg 1024w, https:\/\/www.monaco-tribune.com\/wp-content\/uploads\/2024\/09\/conference-de-presse-de-rentree-as-monaco-basket5-450x300.jpg 450w, https:\/\/www.monaco-tribune.com\/wp-content\/uploads\/2024\/09\/conference-de-presse-de-rentree-as-monaco-basket5.jpg 1200w\" sizes=\"auto, (max-width: 1024px) 100vw, 1024px\" \/><figcaption class=\"wp-element-caption\"><em>I responsabili del fornitore ufficiale di attrezzature del Roca Team, Spalding Europe, tra cui il direttore Stefan Schey, intorno alla nuova maglia \u00a9 Direzione della Comunicazione<\/em><\/figcaption><\/figure>\n<\/div>\n<p class=\"related\"><a href=\"https:\/\/www.monaco-tribune.com\/it\/2024\/09\/cristiano-ronaldo-icona-mondiale-del-calcio-e-stato-a-monaco\/\">Cristiano Ronaldo, icona mondiale del calcio, \u00e8 stato a Monaco<\/a><\/p>\n","protected":false},"excerpt":{"rendered":"<p>Durante la conferenza stampa di rientro dalla pausa estiva, l&#8217;AS Monaco Basket ha presentato i suoi obiettivi per la stagione [&hellip;]<\/p>\n","protected":false},"author":77,"featured_media":250701,"comment_status":"closed","ping_status":"closed","sticky":false,"template":"","format":"standard","meta":{"_acf_changed":false,"footnotes":""},"categories":[1826,1738,1743],"tags":[3001],"post_sectags":[3787],"post_format":[2486],"class_list":["post-250907","post","type-post","status-publish","format-standard","has-post-thumbnail","hentry","category-la-nostra-scelta","category-notizie","category-sport-it","tag-roca-team-it","sectag-basket-it","format-servizio"],"acf":[],"yoast_head":"<!-- This site is optimized with the Yoast SEO Premium plugin v26.8 (Yoast SEO v27.4) - https:\/\/yoast.com\/product\/yoast-seo-premium-wordpress\/ -->\n<title>AS Monaco Basket: &quot;L&#039;obiettivo \u00e8 vincere tutto&quot;, il Roca Team inizia la nuova stagione pi\u00f9 determinato che mai<\/title>\n<meta name=\"description\" content=\"Durante la conferenza stampa di rientro dalla pausa estiva, l&#039;AS Monaco Basket ha presentato i suoi obiettivi per la stagione 2024-2025. Guidato dal coach\" \/>\n<meta name=\"robots\" content=\"index, follow, max-snippet:-1, max-image-preview:large, max-video-preview:-1\" \/>\n<link rel=\"canonical\" href=\"https:\/\/www.monaco-tribune.com\/it\/2024\/09\/as-monaco-basket-lobiettivo-e-vincere-tutto-il-roca-team-inizia-la-nuova-stagione-piu-determinato-che-mai\/\" \/>\n<meta property=\"og:locale\" content=\"it_IT\" \/>\n<meta property=\"og:type\" content=\"article\" \/>\n<meta property=\"og:title\" content=\"AS Monaco Basket: &quot;L&#039;obiettivo \u00e8 vincere tutto&quot;, il Roca Team inizia la nuova stagione pi\u00f9 determinato che mai - Monaco Tribune\" \/>\n<meta property=\"og:description\" content=\"Durante la conferenza stampa di rientro dalla pausa estiva, l&#039;AS Monaco Basket ha presentato i suoi obiettivi per la stagione 2024-2025. Guidato dal coach\" \/>\n<meta property=\"og:url\" content=\"https:\/\/www.monaco-tribune.com\/it\/2024\/09\/as-monaco-basket-lobiettivo-e-vincere-tutto-il-roca-team-inizia-la-nuova-stagione-piu-determinato-che-mai\/\" \/>\n<meta property=\"og:site_name\" content=\"Monaco Tribune\" \/>\n<meta property=\"article:publisher\" content=\"https:\/\/www.facebook.com\/MonacoTribune\" \/>\n<meta property=\"article:published_time\" content=\"2024-09-18T13:59:07+00:00\" \/>\n<meta property=\"article:modified_time\" content=\"2024-09-18T13:59:16+00:00\" \/>\n<meta property=\"og:image\" content=\"https:\/\/www.monaco-tribune.com\/wp-content\/uploads\/2024\/09\/pp-conference-de-presse-de-rentree-as-monaco-basket3.jpg\" \/>\n\t<meta property=\"og:image:width\" content=\"2048\" \/>\n\t<meta property=\"og:image:height\" content=\"1366\" \/>\n\t<meta property=\"og:image:type\" content=\"image\/jpeg\" \/>\n<meta name=\"author\" content=\"Ana\u00efs Riu\" \/>\n<meta name=\"twitter:card\" content=\"summary_large_image\" \/>\n<meta name=\"twitter:creator\" content=\"@MonacoTribune\" \/>\n<meta name=\"twitter:site\" content=\"@MonacoTribune\" \/>\n<script type=\"application\/ld+json\" class=\"yoast-schema-graph\">{\"@context\":\"https:\\\/\\\/schema.org\",\"@graph\":[{\"@type\":\"NewsArticle\",\"@id\":\"https:\\\/\\\/www.monaco-tribune.com\\\/it\\\/2024\\\/09\\\/as-monaco-basket-lobiettivo-e-vincere-tutto-il-roca-team-inizia-la-nuova-stagione-piu-determinato-che-mai\\\/#article\",\"isPartOf\":{\"@id\":\"https:\\\/\\\/www.monaco-tribune.com\\\/it\\\/2024\\\/09\\\/as-monaco-basket-lobiettivo-e-vincere-tutto-il-roca-team-inizia-la-nuova-stagione-piu-determinato-che-mai\\\/\"},\"author\":{\"name\":\"Ana\u00efs Riu\",\"@id\":\"https:\\\/\\\/www.monaco-tribune.com\\\/it\\\/#\\\/schema\\\/person\\\/6db631c784f2f0eff54c3ca4d1da2d49\"},\"headline\":\"AS Monaco Basket: &#8220;L&#8217;obiettivo \u00e8 vincere tutto&#8221;, il Roca Team inizia la nuova stagione pi\u00f9 determinato che mai\",\"datePublished\":\"2024-09-18T13:59:07+00:00\",\"dateModified\":\"2024-09-18T13:59:16+00:00\",\"mainEntityOfPage\":{\"@id\":\"https:\\\/\\\/www.monaco-tribune.com\\\/it\\\/2024\\\/09\\\/as-monaco-basket-lobiettivo-e-vincere-tutto-il-roca-team-inizia-la-nuova-stagione-piu-determinato-che-mai\\\/\"},\"wordCount\":923,\"publisher\":{\"@id\":\"https:\\\/\\\/www.monaco-tribune.com\\\/it\\\/#organization\"},\"image\":{\"@id\":\"https:\\\/\\\/www.monaco-tribune.com\\\/it\\\/2024\\\/09\\\/as-monaco-basket-lobiettivo-e-vincere-tutto-il-roca-team-inizia-la-nuova-stagione-piu-determinato-che-mai\\\/#primaryimage\"},\"thumbnailUrl\":\"https:\\\/\\\/www.monaco-tribune.com\\\/wp-content\\\/uploads\\\/2024\\\/09\\\/pp-conference-de-presse-de-rentree-as-monaco-basket3.jpg\",\"keywords\":[\"Roca Team\"],\"articleSection\":[\"La nostra scelta\",\"Notizie\",\"Sport\"],\"inLanguage\":\"it-IT\",\"copyrightYear\":\"2024\",\"copyrightHolder\":{\"@id\":\"https:\\\/\\\/www.monaco-tribune.com\\\/#organization\"}},{\"@type\":\"WebPage\",\"@id\":\"https:\\\/\\\/www.monaco-tribune.com\\\/it\\\/2024\\\/09\\\/as-monaco-basket-lobiettivo-e-vincere-tutto-il-roca-team-inizia-la-nuova-stagione-piu-determinato-che-mai\\\/\",\"url\":\"https:\\\/\\\/www.monaco-tribune.com\\\/it\\\/2024\\\/09\\\/as-monaco-basket-lobiettivo-e-vincere-tutto-il-roca-team-inizia-la-nuova-stagione-piu-determinato-che-mai\\\/\",\"name\":\"AS Monaco Basket: \\\"L'obiettivo \u00e8 vincere tutto\\\", il Roca Team inizia la nuova stagione pi\u00f9 determinato che mai\",\"isPartOf\":{\"@id\":\"https:\\\/\\\/www.monaco-tribune.com\\\/it\\\/#website\"},\"primaryImageOfPage\":{\"@id\":\"https:\\\/\\\/www.monaco-tribune.com\\\/it\\\/2024\\\/09\\\/as-monaco-basket-lobiettivo-e-vincere-tutto-il-roca-team-inizia-la-nuova-stagione-piu-determinato-che-mai\\\/#primaryimage\"},\"image\":{\"@id\":\"https:\\\/\\\/www.monaco-tribune.com\\\/it\\\/2024\\\/09\\\/as-monaco-basket-lobiettivo-e-vincere-tutto-il-roca-team-inizia-la-nuova-stagione-piu-determinato-che-mai\\\/#primaryimage\"},\"thumbnailUrl\":\"https:\\\/\\\/www.monaco-tribune.com\\\/wp-content\\\/uploads\\\/2024\\\/09\\\/pp-conference-de-presse-de-rentree-as-monaco-basket3.jpg\",\"datePublished\":\"2024-09-18T13:59:07+00:00\",\"dateModified\":\"2024-09-18T13:59:16+00:00\",\"description\":\"Durante la conferenza stampa di rientro dalla pausa estiva, l'AS Monaco Basket ha presentato i suoi obiettivi per la stagione 2024-2025. Guidato dal coach\",\"breadcrumb\":{\"@id\":\"https:\\\/\\\/www.monaco-tribune.com\\\/it\\\/2024\\\/09\\\/as-monaco-basket-lobiettivo-e-vincere-tutto-il-roca-team-inizia-la-nuova-stagione-piu-determinato-che-mai\\\/#breadcrumb\"},\"inLanguage\":\"it-IT\",\"potentialAction\":[{\"@type\":\"ReadAction\",\"target\":[\"https:\\\/\\\/www.monaco-tribune.com\\\/it\\\/2024\\\/09\\\/as-monaco-basket-lobiettivo-e-vincere-tutto-il-roca-team-inizia-la-nuova-stagione-piu-determinato-che-mai\\\/\"]}]},{\"@type\":\"ImageObject\",\"inLanguage\":\"it-IT\",\"@id\":\"https:\\\/\\\/www.monaco-tribune.com\\\/it\\\/2024\\\/09\\\/as-monaco-basket-lobiettivo-e-vincere-tutto-il-roca-team-inizia-la-nuova-stagione-piu-determinato-che-mai\\\/#primaryimage\",\"url\":\"https:\\\/\\\/www.monaco-tribune.com\\\/wp-content\\\/uploads\\\/2024\\\/09\\\/pp-conference-de-presse-de-rentree-as-monaco-basket3.jpg\",\"contentUrl\":\"https:\\\/\\\/www.monaco-tribune.com\\\/wp-content\\\/uploads\\\/2024\\\/09\\\/pp-conference-de-presse-de-rentree-as-monaco-basket3.jpg\",\"width\":2048,\"height\":1366,\"caption\":\"I dirigenti dell'AS Monaco Basket, Aleksej Fedoricsev (Presidente), Oleksiy Yefimov (Direttore Generale) e Sasa Obradovic (Allenatore) erano presenti alla conferenza stampa del club \u00a9 Direzione della Comunicazione\"},{\"@type\":\"BreadcrumbList\",\"@id\":\"https:\\\/\\\/www.monaco-tribune.com\\\/it\\\/2024\\\/09\\\/as-monaco-basket-lobiettivo-e-vincere-tutto-il-roca-team-inizia-la-nuova-stagione-piu-determinato-che-mai\\\/#breadcrumb\",\"itemListElement\":[{\"@type\":\"ListItem\",\"position\":1,\"name\":\"Accueil\",\"item\":\"https:\\\/\\\/www.monaco-tribune.com\\\/it\\\/\"},{\"@type\":\"ListItem\",\"position\":2,\"name\":\"AS Monaco Basket: &#8220;L&#8217;obiettivo \u00e8 vincere tutto&#8221;, il Roca Team inizia la nuova stagione pi\u00f9 determinato che mai\"}]},{\"@type\":\"WebSite\",\"@id\":\"https:\\\/\\\/www.monaco-tribune.com\\\/it\\\/#website\",\"url\":\"https:\\\/\\\/www.monaco-tribune.com\\\/it\\\/\",\"name\":\"Monaco Tribune\",\"description\":\"Monaco : actualit\u00e9s \u00e9conomiques, politiques, culturelles et sportives de Monaco et de la French Riviera.\",\"publisher\":{\"@id\":\"https:\\\/\\\/www.monaco-tribune.com\\\/it\\\/#organization\"},\"potentialAction\":[{\"@type\":\"SearchAction\",\"target\":{\"@type\":\"EntryPoint\",\"urlTemplate\":\"https:\\\/\\\/www.monaco-tribune.com\\\/it\\\/?s={search_term_string}\"},\"query-input\":{\"@type\":\"PropertyValueSpecification\",\"valueRequired\":true,\"valueName\":\"search_term_string\"}}],\"inLanguage\":\"it-IT\"},{\"@type\":\"Organization\",\"@id\":\"https:\\\/\\\/www.monaco-tribune.com\\\/it\\\/#organization\",\"name\":\"Monaco Tribune\",\"url\":\"https:\\\/\\\/www.monaco-tribune.com\\\/it\\\/\",\"logo\":{\"@type\":\"ImageObject\",\"inLanguage\":\"it-IT\",\"@id\":\"https:\\\/\\\/www.monaco-tribune.com\\\/it\\\/#\\\/schema\\\/logo\\\/image\\\/\",\"url\":\"https:\\\/\\\/www.monaco-tribune.com\\\/wp-content\\\/uploads\\\/2022\\\/11\\\/logo-monaco-tribune.png\",\"contentUrl\":\"https:\\\/\\\/www.monaco-tribune.com\\\/wp-content\\\/uploads\\\/2022\\\/11\\\/logo-monaco-tribune.png\",\"width\":1548,\"height\":600,\"caption\":\"Monaco Tribune\"},\"image\":{\"@id\":\"https:\\\/\\\/www.monaco-tribune.com\\\/it\\\/#\\\/schema\\\/logo\\\/image\\\/\"},\"sameAs\":[\"https:\\\/\\\/www.facebook.com\\\/MonacoTribune\",\"https:\\\/\\\/x.com\\\/MonacoTribune\",\"https:\\\/\\\/www.instagram.com\\\/monacotribune\\\/\",\"https:\\\/\\\/www.linkedin.com\\\/company\\\/monaco-tribune\",\"https:\\\/\\\/www.youtube.com\\\/channel\\\/UCHle1MnG6hw1y4lWKijVbMA\"]},{\"@type\":\"Person\",\"@id\":\"https:\\\/\\\/www.monaco-tribune.com\\\/it\\\/#\\\/schema\\\/person\\\/6db631c784f2f0eff54c3ca4d1da2d49\",\"name\":\"Ana\u00efs Riu\",\"image\":{\"@type\":\"ImageObject\",\"inLanguage\":\"it-IT\",\"@id\":\"https:\\\/\\\/secure.gravatar.com\\\/avatar\\\/9137eff67ff750f1997c171f45e5829ca4c8fa34729a8f8cd9dc85be7e50df7f?s=96&d=mm&r=g\",\"url\":\"https:\\\/\\\/secure.gravatar.com\\\/avatar\\\/9137eff67ff750f1997c171f45e5829ca4c8fa34729a8f8cd9dc85be7e50df7f?s=96&d=mm&r=g\",\"contentUrl\":\"https:\\\/\\\/secure.gravatar.com\\\/avatar\\\/9137eff67ff750f1997c171f45e5829ca4c8fa34729a8f8cd9dc85be7e50df7f?s=96&d=mm&r=g\",\"caption\":\"Ana\u00efs Riu\"},\"url\":\"https:\\\/\\\/www.monaco-tribune.com\\\/it\\\/author\\\/anaisriu\\\/\"}]}<\/script>\n<!-- \/ Yoast SEO Premium plugin. -->","yoast_head_json":{"title":"AS Monaco Basket: \"L'obiettivo \u00e8 vincere tutto\", il Roca Team inizia la nuova stagione pi\u00f9 determinato che mai","description":"Durante la conferenza stampa di rientro dalla pausa estiva, l'AS Monaco Basket ha presentato i suoi obiettivi per la stagione 2024-2025. Guidato dal coach","robots":{"index":"index","follow":"follow","max-snippet":"max-snippet:-1","max-image-preview":"max-image-preview:large","max-video-preview":"max-video-preview:-1"},"canonical":"https:\/\/www.monaco-tribune.com\/it\/2024\/09\/as-monaco-basket-lobiettivo-e-vincere-tutto-il-roca-team-inizia-la-nuova-stagione-piu-determinato-che-mai\/","og_locale":"it_IT","og_type":"article","og_title":"AS Monaco Basket: \"L'obiettivo \u00e8 vincere tutto\", il Roca Team inizia la nuova stagione pi\u00f9 determinato che mai - Monaco Tribune","og_description":"Durante la conferenza stampa di rientro dalla pausa estiva, l'AS Monaco Basket ha presentato i suoi obiettivi per la stagione 2024-2025. Guidato dal coach","og_url":"https:\/\/www.monaco-tribune.com\/it\/2024\/09\/as-monaco-basket-lobiettivo-e-vincere-tutto-il-roca-team-inizia-la-nuova-stagione-piu-determinato-che-mai\/","og_site_name":"Monaco Tribune","article_publisher":"https:\/\/www.facebook.com\/MonacoTribune","article_published_time":"2024-09-18T13:59:07+00:00","article_modified_time":"2024-09-18T13:59:16+00:00","og_image":[{"width":2048,"height":1366,"url":"https:\/\/www.monaco-tribune.com\/wp-content\/uploads\/2024\/09\/pp-conference-de-presse-de-rentree-as-monaco-basket3.jpg","type":"image\/jpeg"}],"author":"Ana\u00efs Riu","twitter_card":"summary_large_image","twitter_creator":"@MonacoTribune","twitter_site":"@MonacoTribune","schema":{"@context":"https:\/\/schema.org","@graph":[{"@type":"NewsArticle","@id":"https:\/\/www.monaco-tribune.com\/it\/2024\/09\/as-monaco-basket-lobiettivo-e-vincere-tutto-il-roca-team-inizia-la-nuova-stagione-piu-determinato-che-mai\/#article","isPartOf":{"@id":"https:\/\/www.monaco-tribune.com\/it\/2024\/09\/as-monaco-basket-lobiettivo-e-vincere-tutto-il-roca-team-inizia-la-nuova-stagione-piu-determinato-che-mai\/"},"author":{"name":"Ana\u00efs Riu","@id":"https:\/\/www.monaco-tribune.com\/it\/#\/schema\/person\/6db631c784f2f0eff54c3ca4d1da2d49"},"headline":"AS Monaco Basket: &#8220;L&#8217;obiettivo \u00e8 vincere tutto&#8221;, il Roca Team inizia la nuova stagione pi\u00f9 determinato che mai","datePublished":"2024-09-18T13:59:07+00:00","dateModified":"2024-09-18T13:59:16+00:00","mainEntityOfPage":{"@id":"https:\/\/www.monaco-tribune.com\/it\/2024\/09\/as-monaco-basket-lobiettivo-e-vincere-tutto-il-roca-team-inizia-la-nuova-stagione-piu-determinato-che-mai\/"},"wordCount":923,"publisher":{"@id":"https:\/\/www.monaco-tribune.com\/it\/#organization"},"image":{"@id":"https:\/\/www.monaco-tribune.com\/it\/2024\/09\/as-monaco-basket-lobiettivo-e-vincere-tutto-il-roca-team-inizia-la-nuova-stagione-piu-determinato-che-mai\/#primaryimage"},"thumbnailUrl":"https:\/\/www.monaco-tribune.com\/wp-content\/uploads\/2024\/09\/pp-conference-de-presse-de-rentree-as-monaco-basket3.jpg","keywords":["Roca Team"],"articleSection":["La nostra scelta","Notizie","Sport"],"inLanguage":"it-IT","copyrightYear":"2024","copyrightHolder":{"@id":"https:\/\/www.monaco-tribune.com\/#organization"}},{"@type":"WebPage","@id":"https:\/\/www.monaco-tribune.com\/it\/2024\/09\/as-monaco-basket-lobiettivo-e-vincere-tutto-il-roca-team-inizia-la-nuova-stagione-piu-determinato-che-mai\/","url":"https:\/\/www.monaco-tribune.com\/it\/2024\/09\/as-monaco-basket-lobiettivo-e-vincere-tutto-il-roca-team-inizia-la-nuova-stagione-piu-determinato-che-mai\/","name":"AS Monaco Basket: \"L'obiettivo \u00e8 vincere tutto\", il Roca Team inizia la nuova stagione pi\u00f9 determinato che mai","isPartOf":{"@id":"https:\/\/www.monaco-tribune.com\/it\/#website"},"primaryImageOfPage":{"@id":"https:\/\/www.monaco-tribune.com\/it\/2024\/09\/as-monaco-basket-lobiettivo-e-vincere-tutto-il-roca-team-inizia-la-nuova-stagione-piu-determinato-che-mai\/#primaryimage"},"image":{"@id":"https:\/\/www.monaco-tribune.com\/it\/2024\/09\/as-monaco-basket-lobiettivo-e-vincere-tutto-il-roca-team-inizia-la-nuova-stagione-piu-determinato-che-mai\/#primaryimage"},"thumbnailUrl":"https:\/\/www.monaco-tribune.com\/wp-content\/uploads\/2024\/09\/pp-conference-de-presse-de-rentree-as-monaco-basket3.jpg","datePublished":"2024-09-18T13:59:07+00:00","dateModified":"2024-09-18T13:59:16+00:00","description":"Durante la conferenza stampa di rientro dalla pausa estiva, l'AS Monaco Basket ha presentato i suoi obiettivi per la stagione 2024-2025. Guidato dal coach","breadcrumb":{"@id":"https:\/\/www.monaco-tribune.com\/it\/2024\/09\/as-monaco-basket-lobiettivo-e-vincere-tutto-il-roca-team-inizia-la-nuova-stagione-piu-determinato-che-mai\/#breadcrumb"},"inLanguage":"it-IT","potentialAction":[{"@type":"ReadAction","target":["https:\/\/www.monaco-tribune.com\/it\/2024\/09\/as-monaco-basket-lobiettivo-e-vincere-tutto-il-roca-team-inizia-la-nuova-stagione-piu-determinato-che-mai\/"]}]},{"@type":"ImageObject","inLanguage":"it-IT","@id":"https:\/\/www.monaco-tribune.com\/it\/2024\/09\/as-monaco-basket-lobiettivo-e-vincere-tutto-il-roca-team-inizia-la-nuova-stagione-piu-determinato-che-mai\/#primaryimage","url":"https:\/\/www.monaco-tribune.com\/wp-content\/uploads\/2024\/09\/pp-conference-de-presse-de-rentree-as-monaco-basket3.jpg","contentUrl":"https:\/\/www.monaco-tribune.com\/wp-content\/uploads\/2024\/09\/pp-conference-de-presse-de-rentree-as-monaco-basket3.jpg","width":2048,"height":1366,"caption":"I dirigenti dell'AS Monaco Basket, Aleksej Fedoricsev (Presidente), Oleksiy Yefimov (Direttore Generale) e Sasa Obradovic (Allenatore) erano presenti alla conferenza stampa del club \u00a9 Direzione della Comunicazione"},{"@type":"BreadcrumbList","@id":"https:\/\/www.monaco-tribune.com\/it\/2024\/09\/as-monaco-basket-lobiettivo-e-vincere-tutto-il-roca-team-inizia-la-nuova-stagione-piu-determinato-che-mai\/#breadcrumb","itemListElement":[{"@type":"ListItem","position":1,"name":"Accueil","item":"https:\/\/www.monaco-tribune.com\/it\/"},{"@type":"ListItem","position":2,"name":"AS Monaco Basket: &#8220;L&#8217;obiettivo \u00e8 vincere tutto&#8221;, il Roca Team inizia la nuova stagione pi\u00f9 determinato che mai"}]},{"@type":"WebSite","@id":"https:\/\/www.monaco-tribune.com\/it\/#website","url":"https:\/\/www.monaco-tribune.com\/it\/","name":"Monaco Tribune","description":"Monaco : actualit\u00e9s \u00e9conomiques, politiques, culturelles et sportives de Monaco et de la French Riviera.","publisher":{"@id":"https:\/\/www.monaco-tribune.com\/it\/#organization"},"potentialAction":[{"@type":"SearchAction","target":{"@type":"EntryPoint","urlTemplate":"https:\/\/www.monaco-tribune.com\/it\/?s={search_term_string}"},"query-input":{"@type":"PropertyValueSpecification","valueRequired":true,"valueName":"search_term_string"}}],"inLanguage":"it-IT"},{"@type":"Organization","@id":"https:\/\/www.monaco-tribune.com\/it\/#organization","name":"Monaco Tribune","url":"https:\/\/www.monaco-tribune.com\/it\/","logo":{"@type":"ImageObject","inLanguage":"it-IT","@id":"https:\/\/www.monaco-tribune.com\/it\/#\/schema\/logo\/image\/","url":"https:\/\/www.monaco-tribune.com\/wp-content\/uploads\/2022\/11\/logo-monaco-tribune.png","contentUrl":"https:\/\/www.monaco-tribune.com\/wp-content\/uploads\/2022\/11\/logo-monaco-tribune.png","width":1548,"height":600,"caption":"Monaco Tribune"},"image":{"@id":"https:\/\/www.monaco-tribune.com\/it\/#\/schema\/logo\/image\/"},"sameAs":["https:\/\/www.facebook.com\/MonacoTribune","https:\/\/x.com\/MonacoTribune","https:\/\/www.instagram.com\/monacotribune\/","https:\/\/www.linkedin.com\/company\/monaco-tribune","https:\/\/www.youtube.com\/channel\/UCHle1MnG6hw1y4lWKijVbMA"]},{"@type":"Person","@id":"https:\/\/www.monaco-tribune.com\/it\/#\/schema\/person\/6db631c784f2f0eff54c3ca4d1da2d49","name":"Ana\u00efs Riu","image":{"@type":"ImageObject","inLanguage":"it-IT","@id":"https:\/\/secure.gravatar.com\/avatar\/9137eff67ff750f1997c171f45e5829ca4c8fa34729a8f8cd9dc85be7e50df7f?s=96&d=mm&r=g","url":"https:\/\/secure.gravatar.com\/avatar\/9137eff67ff750f1997c171f45e5829ca4c8fa34729a8f8cd9dc85be7e50df7f?s=96&d=mm&r=g","contentUrl":"https:\/\/secure.gravatar.com\/avatar\/9137eff67ff750f1997c171f45e5829ca4c8fa34729a8f8cd9dc85be7e50df7f?s=96&d=mm&r=g","caption":"Ana\u00efs Riu"},"url":"https:\/\/www.monaco-tribune.com\/it\/author\/anaisriu\/"}]}},"_links":{"self":[{"href":"https:\/\/www.monaco-tribune.com\/it\/wp-json\/wp\/v2\/posts\/250907","targetHints":{"allow":["GET"]}}],"collection":[{"href":"https:\/\/www.monaco-tribune.com\/it\/wp-json\/wp\/v2\/posts"}],"about":[{"href":"https:\/\/www.monaco-tribune.com\/it\/wp-json\/wp\/v2\/types\/post"}],"author":[{"embeddable":true,"href":"https:\/\/www.monaco-tribune.com\/it\/wp-json\/wp\/v2\/users\/77"}],"replies":[{"embeddable":true,"href":"https:\/\/www.monaco-tribune.com\/it\/wp-json\/wp\/v2\/comments?post=250907"}],"version-history":[{"count":2,"href":"https:\/\/www.monaco-tribune.com\/it\/wp-json\/wp\/v2\/posts\/250907\/revisions"}],"predecessor-version":[{"id":250910,"href":"https:\/\/www.monaco-tribune.com\/it\/wp-json\/wp\/v2\/posts\/250907\/revisions\/250910"}],"wp:featuredmedia":[{"embeddable":true,"href":"https:\/\/www.monaco-tribune.com\/it\/wp-json\/wp\/v2\/media\/250701"}],"wp:attachment":[{"href":"https:\/\/www.monaco-tribune.com\/it\/wp-json\/wp\/v2\/media?parent=250907"}],"wp:term":[{"taxonomy":"category","embeddable":true,"href":"https:\/\/www.monaco-tribune.com\/it\/wp-json\/wp\/v2\/categories?post=250907"},{"taxonomy":"post_tag","embeddable":true,"href":"https:\/\/www.monaco-tribune.com\/it\/wp-json\/wp\/v2\/tags?post=250907"},{"taxonomy":"sectag","embeddable":true,"href":"https:\/\/www.monaco-tribune.com\/it\/wp-json\/wp\/v2\/post_sectags?post=250907"},{"taxonomy":"format","embeddable":true,"href":"https:\/\/www.monaco-tribune.com\/it\/wp-json\/wp\/v2\/post_format?post=250907"}],"curies":[{"name":"wp","href":"https:\/\/api.w.org\/{rel}","templated":true}]}}