{"id":251137,"date":"2024-09-20T14:00:51","date_gmt":"2024-09-20T12:00:51","guid":{"rendered":"https:\/\/www.monaco-tribune.com\/2024\/09\/as-monaco-barcellona-il-ritorno-col-botto-dei-monegaschi-in-champions-league\/"},"modified":"2024-09-21T08:15:40","modified_gmt":"2024-09-21T06:15:40","slug":"as-monaco-barcellona-il-ritorno-col-botto-dei-monegaschi-in-champions-league","status":"publish","type":"post","link":"https:\/\/www.monaco-tribune.com\/it\/2024\/09\/as-monaco-barcellona-il-ritorno-col-botto-dei-monegaschi-in-champions-league\/","title":{"rendered":"AS Monaco-Barcellona: il ritorno col botto dei monegaschi in Champions League"},"content":{"rendered":"\n<p><strong>Gioved\u00ec sera, allo Stadio Louis-II, i biancorossi sono passati subito in vantaggio e hanno dominato per tutta la partita conquistando una prestigiosa vittoria per 2-1 contro il Bar\u00e7a. \u00c8 stato un momento indimenticabile per celebrare il ritorno dell&#8217;AS Monaco in Champions League dopo sei anni di assenza, specialmente nella stagione del suo centenario.<\/strong><\/p>\n\n<p>Lo Stadio Louis-II era in fiamme per questo atteso ritorno alla competizione europea. Con un&#8217;atmosfera degna delle serate pi\u00f9 importanti, le tribune hanno registrato il tutto esaurito per questa partita incredibile contro i giganti catalani. E che inizio! L&#8217;AS Monaco ha preso il controllo fin da subito. Il momento decisivo \u00e8 arrivato al 10\u2019 minuto, con l\u2019espulsione di Eric Garcia che ha lasciato il Bar\u00e7a in inferiorit\u00e0 numerica.<\/p>\n\n<p>Con una squadra piena di fiducia dopo un ottimo inizio di stagione in Ligue 1 (3 vittorie, 1 pareggio), il Monaco \u00e8 passato subito in vantaggio grazie al giovane, ma gi\u00e0 grande, Maghnes Akliouche, autore di una splendida azione in solitaria. Al 16\u2019 minuto, il numero 11 monegasco ha scagliato un tiro preciso che ha lasciato Ter Stegen spiazzato. Lo stadio \u00e8 esploso di gioia: l\u2019AS Monaco \u00e8 in vantaggio per 1-0 contro il Barcellona!<\/p>\n<div class=\"wp-block-image\">\n<figure class=\"aligncenter size-large\"><img loading=\"lazy\" decoding=\"async\" width=\"1024\" height=\"574\" src=\"https:\/\/www.monaco-tribune.com\/wp-content\/uploads\/2024\/09\/pour-son-retour-en-ligue-des-champions-las-monaco-soffre-le-fc-barcelone-avec-brio-pp-1024x574.jpg\" alt=\"\" class=\"wp-image-251079\" srcset=\"https:\/\/www.monaco-tribune.com\/wp-content\/uploads\/2024\/09\/pour-son-retour-en-ligue-des-champions-las-monaco-soffre-le-fc-barcelone-avec-brio-pp-1024x574.jpg 1024w, https:\/\/www.monaco-tribune.com\/wp-content\/uploads\/2024\/09\/pour-son-retour-en-ligue-des-champions-las-monaco-soffre-le-fc-barcelone-avec-brio-pp-535x300.jpg 535w, https:\/\/www.monaco-tribune.com\/wp-content\/uploads\/2024\/09\/pour-son-retour-en-ligue-des-champions-las-monaco-soffre-le-fc-barcelone-avec-brio-pp.jpg 1160w\" sizes=\"auto, (max-width: 1024px) 100vw, 1024px\" \/><figcaption class=\"wp-element-caption\"><em>\u00a9 AS Monaco<\/em><\/figcaption><\/figure>\n<\/div>\n<h2 class=\"wp-block-heading\" id=\"h-le-barca-reagit-l-as-monaco-ne-faiblit-pas\">Il Bar\u00e7a reagisce, l&#8217;AS Monaco non vacilla<\/h2>\n\n<p>Anche con soli dieci uomini, il Bar\u00e7a non \u00e8 comunque una preda facile. Al 28&#8242;, il 17enne prodigio Lamine Yamal pareggia con un tiro molto simile a quello di Akliouche. Il pubblico trattiene il fiato, ma l&#8217;AS Monaco, tutt&#8217;altro che destabilizzato, continua ad attaccare. Nonostante i tentativi falliti di Lamine Camara e Breel Embolo, e un goal di Wilfried Singo annullato per fuorigioco, il Monaco non si \u00e8 mai arreso.<\/p>\n\n<p>Dopo l&#8217;intervallo, l&#8217;allenatore Adi H\u00fctter ha messo in campo Aleksandr Golovin iniettando nuova linfa alla squadra. I due club si sono dati del filo da torcere, ma \u00e8 stato l&#8217;AS Monaco a mostrarsi pi\u00f9 pericoloso. Dopo diverse occasioni mancate, la scintilla tanto attesa \u00e8 finalmente scoccata.<\/p>\n\n<h2 class=\"wp-block-heading\" id=\"h-george-ilenikhena-heros-du-match\">George Ilenikhena, eroe della partita<\/h2>\n\n<p>Il secondo tempo ha cambiato completamente volto dopo l&#8217;ingresso di George Ilenikhena. Al 71\u2019 minuto, lo Stadio Louis-II \u00e8 esploso di nuovo! A soli 18 anni, il giovane calciatore ha segnato il suo primo goal in Champions League per il Monaco. Lanciatosi in profondit\u00e0, ha affrontato con freddezza il portiere del Barcellona per riportare in vantaggio la sua squadra. 2-1 per i Rouge et Blanc! La pepita nigeriana, appena entrata nei libri di storia del club, ha mancato di poco la doppietta qualche minuto dopo.<\/p>\n\n<p>La fine della partita \u00e8 stata emozionante e i tifosi aspettavano solo una cosa: il fischio finale. Marc-Andr\u00e9 Ter Stegen ha salvato il Bar\u00e7a in diverse occasioni, soprattutto da Folarin Balogun. Ma i catalani, fisicamente esausti, non sono pi\u00f9 riusciti ad avvicinarsi al portiere del Monaco Philipp K\u00f6hn, tranne che per una punizione di Raphinha nei tempi supplementari.<\/p>\n<div class=\"wp-block-image\">\n<figure class=\"aligncenter size-large\"><img loading=\"lazy\" decoding=\"async\" width=\"1024\" height=\"576\" src=\"https:\/\/www.monaco-tribune.com\/wp-content\/uploads\/2024\/09\/george-ilenikhena-pour-son-retour-en-ligue-des-champions-las-monaco-soffre-le-fc-barcelone-avec-brio-1024x576.jpg\" alt=\"\" class=\"wp-image-251088\" srcset=\"https:\/\/www.monaco-tribune.com\/wp-content\/uploads\/2024\/09\/george-ilenikhena-pour-son-retour-en-ligue-des-champions-las-monaco-soffre-le-fc-barcelone-avec-brio-1024x576.jpg 1024w, https:\/\/www.monaco-tribune.com\/wp-content\/uploads\/2024\/09\/george-ilenikhena-pour-son-retour-en-ligue-des-champions-las-monaco-soffre-le-fc-barcelone-avec-brio-534x300.jpg 534w, https:\/\/www.monaco-tribune.com\/wp-content\/uploads\/2024\/09\/george-ilenikhena-pour-son-retour-en-ligue-des-champions-las-monaco-soffre-le-fc-barcelone-avec-brio.jpg 1366w\" sizes=\"auto, (max-width: 1024px) 100vw, 1024px\" \/><figcaption class=\"wp-element-caption\"><em>George Ilenikhena \u00a9 AS Monaco<\/em><\/figcaption><\/figure>\n<\/div>\n<h2 class=\"wp-block-heading\" id=\"h-une-victoire-honorable-devant-un-public-de-prestige\">Una vittoria prestigiosa davanti a un pubblico di tutto rispetto<\/h2>\n\n<p>Con il Principe Alberto II, il presidente dell&#8217;AS Monaco Dmitri Rybolovlev, Michael Jordan e Didier Deschamps in tribuna, il club della Rocca ha conquistato una vittoria memorabile contro un Barcellona formidabile. Il trionfo ha inaugurato alla grande la stagione del centenario del club e il suo tanto atteso ritorno in Champions League dopo sei anni di assenza.<\/p>\n<div class=\"wp-block-image\">\n<figure class=\"aligncenter size-large\"><img loading=\"lazy\" decoding=\"async\" width=\"1024\" height=\"574\" src=\"https:\/\/www.monaco-tribune.com\/wp-content\/uploads\/2024\/09\/rybolovlev-prince-albert-zakaria-2-1024x574.jpg\" alt=\"\" class=\"wp-image-251069\" srcset=\"https:\/\/www.monaco-tribune.com\/wp-content\/uploads\/2024\/09\/rybolovlev-prince-albert-zakaria-2-1024x574.jpg 1024w, https:\/\/www.monaco-tribune.com\/wp-content\/uploads\/2024\/09\/rybolovlev-prince-albert-zakaria-2-535x300.jpg 535w, https:\/\/www.monaco-tribune.com\/wp-content\/uploads\/2024\/09\/rybolovlev-prince-albert-zakaria-2.jpg 1160w\" sizes=\"auto, (max-width: 1024px) 100vw, 1024px\" \/><figcaption class=\"wp-element-caption\"><em>Il Principe Alberto II e il Presidente Dmitri Rybolovlev si sono congratulati con il capitano Denis Zakaria dopo la partita per la performance della squadra \u00a9 AS Monaco<\/em><\/figcaption><\/figure>\n<\/div>\n<p>L\u2019eroe della partita? George Ilenikhena, naturalmente! Il giovane e promettente attaccante ha lasciato il segno con il suo primo goal decisivo in Champions League. Una menzione speciale va anche a Maghnes Akliouche, che \u00e8 stato a dir poco strepitoso.<\/p>\n\n<p>Una prestazione di alto livello che lascia presagire una stagione entusiasmante per i biancorossi, decisi pi\u00f9 che mai a brillare sulla scena europea. L&#8217;AS Monaco ha iniziato la sua campagna europea con il botto e il sogno di un&#8217;incredibile avventura \u00e8 appena iniziato.<\/p>\n\n<figure class=\"wp-block-embed is-type-video is-provider-youtube wp-block-embed-youtube wp-embed-aspect-16-9 wp-has-aspect-ratio\"><div class=\"wp-block-embed__wrapper\">\r\n<iframe title=\"AS Monaco - FC Barcelone - Ligue des Champions - 1\u00e8re journ\u00e9e\" width=\"500\" height=\"281\" src=\"https:\/\/www.youtube.com\/embed\/m6lSqB1Ut5w?feature=oembed\" frameborder=\"0\" allow=\"accelerometer; autoplay; clipboard-write; encrypted-media; gyroscope; picture-in-picture; web-share\" referrerpolicy=\"strict-origin-when-cross-origin\" allowfullscreen><\/iframe>\r\n<\/div><\/figure>\r\n\n<h2 class=\"wp-block-heading\" id=\"h-les-reactions-heureuses-d-adi-hutter\">La felicit\u00e0 di Adi H\u00fctter<\/h2>\n\n<p>&#8220;Come potete immaginare, siamo molto orgogliosi e molto felici stasera dopo questo successo. Sono felice anche per la squadra, perch\u00e9 \u00e8 stata la prima vittoria in Champions League per alcuni giocatori e anche per me, anche se \u00e8 un fatto aneddotico. Infine, sono molto contento per tutto il Club e per i nostri tifosi, che sono stati incredibili.<\/p>\n\n<p>Il cartellino rosso di Eric Garcia al 10\u2019 minuto ci ha dato sicuramente un vantaggio. Ci ha aiutato molto avere un uomo in pi\u00f9 in campo. Nonostante questo, siamo partiti molto bene e credo che alla fine ci siamo meritati la vittoria.<\/p>\n\n<p>Abbiamo creato molte occasioni, che il portiere del Barcellona ha salvato. Per quanto riguarda Lamine Yamal, ha dimostrato ancora una volta di essere un giocatore incredibile. Nel complesso, per\u00f2, abbiamo meritato la vittoria\u201d, ha dichiarato l\u2019allenatore al fischio finale.<\/p>\n\n<p>Ha espresso poi un parere sul gioco dei suoi ragazzi, simile a quello delle ultime partite di Ligue 1: &#8220;\u00c8 sempre bello vincere, ma ad essere onesti, vincere contro il Barcellona, una delle migliori squadre del mondo, ci rende tutti pi\u00f9 orgogliosi! Ci d\u00e0 anche molta fiducia. Sono anche contento perch\u00e9 stasera abbiamo messo in campo giocatori giovani e abbiamo giocato con tanto coraggio, al punto da causare quel cartellino rosso.<\/p>\n\n<p>Avevamo gi\u00e0 mostrato questi valori e questo pressing durante il Trofeo Joan Gamper (3-0), in particolare con il goal di Lamine Camara. Ovviamente \u00e8 pi\u00f9 facile quando si ha un giocatore in pi\u00f9, ma abbiamo dimostrato cosa serve per vincere, e non \u00e8 stato cos\u00ec facile\u201d.<\/p>\n\n<p>A proposito dei cambi effettuati nel corso della partita dichiara: &#8220;Ne avevamo discusso insieme due giorni fa dicendo che non importava quali giocatori sarebbero scesi in campo. In scontri importanti come quello di stasera, tutti possono essere decisivi. All&#8217;intervallo volevo cambiare Lamine Camara perch\u00e9 aveva gi\u00e0 un cartellino giallo e non volevo correre rischi.<\/p>\n\n<p>Soprattutto perch\u00e9 Aleksandr Golovin \u00e8 un giocatore di esperienza che ha fatto un bell\u2019ingresso, cos\u00ec come gli altri sostituti, George Ilenikhena, Folarin Balogun e Caio Henrique, tutti molto bravi. \u00c8 importante per la squadra che tutti si sentano coinvolti!<\/p>\n\n<p>Per quanto riguarda il nostro portiere, al momento sta facendo un lavoro fantastico! Ha fatto un salvataggio cruciale da Raphinha in un momento decisivo. Ha difeso molto bene la porta e siamo davvero soddisfatti della sua prestazione. Ora \u00e8 tempo di festeggiare questa grande vittoria&#8221;.<\/p>\n<div class=\"wp-block-image\">\n<figure class=\"aligncenter size-large is-resized\"><img loading=\"lazy\" decoding=\"async\" width=\"1024\" height=\"574\" src=\"https:\/\/www.monaco-tribune.com\/wp-content\/uploads\/2024\/09\/adi-hutter-pour-son-retour-en-ligue-des-champions-las-monaco-soffre-le-fc-barcelone-avec-brio-1-1024x574.jpg\" alt=\"\" class=\"wp-image-251074\" style=\"width:969px;height:auto\" srcset=\"https:\/\/www.monaco-tribune.com\/wp-content\/uploads\/2024\/09\/adi-hutter-pour-son-retour-en-ligue-des-champions-las-monaco-soffre-le-fc-barcelone-avec-brio-1-1024x574.jpg 1024w, https:\/\/www.monaco-tribune.com\/wp-content\/uploads\/2024\/09\/adi-hutter-pour-son-retour-en-ligue-des-champions-las-monaco-soffre-le-fc-barcelone-avec-brio-1-535x300.jpg 535w, https:\/\/www.monaco-tribune.com\/wp-content\/uploads\/2024\/09\/adi-hutter-pour-son-retour-en-ligue-des-champions-las-monaco-soffre-le-fc-barcelone-avec-brio-1.jpg 1160w\" sizes=\"auto, (max-width: 1024px) 100vw, 1024px\" \/><figcaption class=\"wp-element-caption\"><em>Adi H\u00fctter \u00a9 AS Monaco<\/em><\/figcaption><\/figure>\n<\/div>\n<p class=\"related\"><a href=\"https:\/\/www.monaco-tribune.com\/it\/2024\/09\/cristiano-ronaldo-icona-mondiale-del-calcio-e-stato-a-monaco\/\">Cristiano Ronaldo, icona mondiale del calcio, \u00e8 stato a Monaco<\/a><\/p>\n\n<h2 class=\"wp-block-heading\" id=\"h-un-double-triomphal-face-au-barca-en-youth-league-cette-fois\">Doppio trionfo contro il Bar\u00e7a, anche in Youth League<\/h2>\n\n<p>La vittoria della squadra premi\u00e8re non \u00e8 stato l&#8217;unico successo della giornata! Poche ore prima, i giovani della Youth League dell&#8217;AS Monaco hanno compiuto un&#8217;eroica rimonta contro i giovani del Bar\u00e7a, sotto gli occhi del presidente Dmitri Rybolovlev. In svantaggio per 2-0 in casa, i biancorossi hanno trovato le forze per vincere 4-3 al Centro di allenamento.<\/p>\n\n<p>Con i goal di Joan Tincres (doppietta), Sa\u00efmon Bouabr\u00e9 e Lorenzo Carvalho, i giovani monegaschi hanno iniziato alla grande la loro campagna europea. Questo successo in Youth League fa eco a quello della squadra senior e testimonia l\u2019eccellente dinamica del club in questa stagione. Prossimo appuntamento per i giovani talenti? Il 2 ottobre contro Dinamo Zagabria.<\/p>\n\n<blockquote class=\"twitter-tweet\"><p lang=\"fr\" dir=\"ltr\">Les 4\ufe0f\u20e3 buts inscrits par nos jeunes Rouge &#038; Blanc face au <a href=\"https:\/\/twitter.com\/FCBarcelona?ref_src=twsrc%5Etfw\">@FCBarcelona<\/a> (4-3) en <a href=\"https:\/\/twitter.com\/UEFAYouthLeague?ref_src=twsrc%5Etfw\">@UEFAYouthLeague<\/a> \ud83c\udfa5\ud83d\ude0d<a href=\"https:\/\/twitter.com\/hashtag\/ASMFCB?src=hash&#038;ref_src=twsrc%5Etfw\">#ASMFCB<\/a> <a href=\"https:\/\/twitter.com\/hashtag\/MadeInLaDiagonale?src=hash&#038;ref_src=twsrc%5Etfw\">#MadeInLaDiagonale<\/a> <a href=\"https:\/\/t.co\/ZJnIdR7SLX\">pic.twitter.com\/ZJnIdR7SLX<\/a><\/p>\u2014 AS Monaco \ud83c\uddf2\ud83c\udde8 (@AS_Monaco) <a href=\"https:\/\/twitter.com\/AS_Monaco\/status\/1836786375439597955?ref_src=twsrc%5Etfw\">September 19, 2024<\/a><\/blockquote> <script async=\"\" src=\"https:\/\/platform.twitter.com\/widgets.js\" charset=\"utf-8\"><\/script>\r\n\n<p class=\"related\"><a href=\"https:\/\/www.monaco-tribune.com\/it\/2024\/07\/scoprite-le-tantissime-sorprese-dellas-monaco-per-la-stagione-del-suo-centenario\/\">Scoprite le tantissime sorprese dell\u2019AS Monaco per la stagione del suo centenario<\/a><\/p>\n\n<p><em>\u00a0<\/em><\/p>\n","protected":false},"excerpt":{"rendered":"<p>Gioved\u00ec sera, allo Stadio Louis-II, i biancorossi sono passati subito in vantaggio e hanno dominato per tutta la partita conquistando [&hellip;]<\/p>\n","protected":false},"author":77,"featured_media":251085,"comment_status":"closed","ping_status":"closed","sticky":false,"template":"","format":"standard","meta":{"_acf_changed":false,"footnotes":""},"categories":[1826,1738,1743],"tags":[2846],"post_sectags":[3240,5093],"post_format":[2486],"class_list":["post-251137","post","type-post","status-publish","format-standard","has-post-thumbnail","hentry","category-la-nostra-scelta","category-notizie","category-sport-it","tag-as-monaco-it-2","sectag-calcio-it","sectag-champions-league","format-servizio"],"acf":[],"yoast_head":"<!-- This site is optimized with the Yoast SEO Premium plugin v26.8 (Yoast SEO v27.5) - https:\/\/yoast.com\/product\/yoast-seo-premium-wordpress\/ -->\n<title>AS Monaco-Barcellona: il ritorno col botto dei monegaschi in Champions League<\/title>\n<meta name=\"description\" content=\"Gioved\u00ec sera, allo Stadio Louis-II, i biancorossi sono passati subito in vantaggio e hanno dominato per tutta la partita conquistando una prestigiosa\" \/>\n<meta name=\"robots\" content=\"index, follow, max-snippet:-1, max-image-preview:large, max-video-preview:-1\" \/>\n<link rel=\"canonical\" href=\"https:\/\/www.monaco-tribune.com\/it\/2024\/09\/as-monaco-barcellona-il-ritorno-col-botto-dei-monegaschi-in-champions-league\/\" \/>\n<meta property=\"og:locale\" content=\"it_IT\" \/>\n<meta property=\"og:type\" content=\"article\" \/>\n<meta property=\"og:title\" content=\"AS Monaco-Barcellona: il ritorno col botto dei monegaschi in Champions League - Monaco Tribune\" \/>\n<meta property=\"og:description\" content=\"Gioved\u00ec sera, allo Stadio Louis-II, i biancorossi sono passati subito in vantaggio e hanno dominato per tutta la partita conquistando una prestigiosa\" \/>\n<meta property=\"og:url\" content=\"https:\/\/www.monaco-tribune.com\/it\/2024\/09\/as-monaco-barcellona-il-ritorno-col-botto-dei-monegaschi-in-champions-league\/\" \/>\n<meta property=\"og:site_name\" content=\"Monaco Tribune\" \/>\n<meta property=\"article:publisher\" content=\"https:\/\/www.facebook.com\/MonacoTribune\" \/>\n<meta property=\"article:published_time\" content=\"2024-09-20T12:00:51+00:00\" \/>\n<meta property=\"article:modified_time\" content=\"2024-09-21T06:15:40+00:00\" \/>\n<meta property=\"og:image\" content=\"https:\/\/www.monaco-tribune.com\/wp-content\/uploads\/2024\/09\/pour-son-retour-en-ligue-des-champions-las-monaco-soffre-le-fc-barcelone-avec-brio2.jpg\" \/>\n\t<meta property=\"og:image:width\" content=\"1160\" \/>\n\t<meta property=\"og:image:height\" content=\"650\" \/>\n\t<meta property=\"og:image:type\" content=\"image\/jpeg\" \/>\n<meta name=\"author\" content=\"Ana\u00efs Riu\" \/>\n<meta name=\"twitter:card\" content=\"summary_large_image\" \/>\n<meta name=\"twitter:creator\" content=\"@MonacoTribune\" \/>\n<meta name=\"twitter:site\" content=\"@MonacoTribune\" \/>\n<script type=\"application\/ld+json\" class=\"yoast-schema-graph\">{\"@context\":\"https:\\\/\\\/schema.org\",\"@graph\":[{\"@type\":\"NewsArticle\",\"@id\":\"https:\\\/\\\/www.monaco-tribune.com\\\/it\\\/2024\\\/09\\\/as-monaco-barcellona-il-ritorno-col-botto-dei-monegaschi-in-champions-league\\\/#article\",\"isPartOf\":{\"@id\":\"https:\\\/\\\/www.monaco-tribune.com\\\/it\\\/2024\\\/09\\\/as-monaco-barcellona-il-ritorno-col-botto-dei-monegaschi-in-champions-league\\\/\"},\"author\":{\"name\":\"Ana\u00efs Riu\",\"@id\":\"https:\\\/\\\/www.monaco-tribune.com\\\/it\\\/#\\\/schema\\\/person\\\/6db631c784f2f0eff54c3ca4d1da2d49\"},\"headline\":\"AS Monaco-Barcellona: il ritorno col botto dei monegaschi in Champions League\",\"datePublished\":\"2024-09-20T12:00:51+00:00\",\"dateModified\":\"2024-09-21T06:15:40+00:00\",\"mainEntityOfPage\":{\"@id\":\"https:\\\/\\\/www.monaco-tribune.com\\\/it\\\/2024\\\/09\\\/as-monaco-barcellona-il-ritorno-col-botto-dei-monegaschi-in-champions-league\\\/\"},\"wordCount\":1244,\"publisher\":{\"@id\":\"https:\\\/\\\/www.monaco-tribune.com\\\/it\\\/#organization\"},\"image\":{\"@id\":\"https:\\\/\\\/www.monaco-tribune.com\\\/it\\\/2024\\\/09\\\/as-monaco-barcellona-il-ritorno-col-botto-dei-monegaschi-in-champions-league\\\/#primaryimage\"},\"thumbnailUrl\":\"https:\\\/\\\/www.monaco-tribune.com\\\/wp-content\\\/uploads\\\/2024\\\/09\\\/pour-son-retour-en-ligue-des-champions-las-monaco-soffre-le-fc-barcelone-avec-brio2.jpg\",\"keywords\":[\"AS Monaco\"],\"articleSection\":[\"La nostra scelta\",\"Notizie\",\"Sport\"],\"inLanguage\":\"it-IT\",\"copyrightYear\":\"2024\",\"copyrightHolder\":{\"@id\":\"https:\\\/\\\/www.monaco-tribune.com\\\/#organization\"}},{\"@type\":\"WebPage\",\"@id\":\"https:\\\/\\\/www.monaco-tribune.com\\\/it\\\/2024\\\/09\\\/as-monaco-barcellona-il-ritorno-col-botto-dei-monegaschi-in-champions-league\\\/\",\"url\":\"https:\\\/\\\/www.monaco-tribune.com\\\/it\\\/2024\\\/09\\\/as-monaco-barcellona-il-ritorno-col-botto-dei-monegaschi-in-champions-league\\\/\",\"name\":\"AS Monaco-Barcellona: il ritorno col botto dei monegaschi in Champions League\",\"isPartOf\":{\"@id\":\"https:\\\/\\\/www.monaco-tribune.com\\\/it\\\/#website\"},\"primaryImageOfPage\":{\"@id\":\"https:\\\/\\\/www.monaco-tribune.com\\\/it\\\/2024\\\/09\\\/as-monaco-barcellona-il-ritorno-col-botto-dei-monegaschi-in-champions-league\\\/#primaryimage\"},\"image\":{\"@id\":\"https:\\\/\\\/www.monaco-tribune.com\\\/it\\\/2024\\\/09\\\/as-monaco-barcellona-il-ritorno-col-botto-dei-monegaschi-in-champions-league\\\/#primaryimage\"},\"thumbnailUrl\":\"https:\\\/\\\/www.monaco-tribune.com\\\/wp-content\\\/uploads\\\/2024\\\/09\\\/pour-son-retour-en-ligue-des-champions-las-monaco-soffre-le-fc-barcelone-avec-brio2.jpg\",\"datePublished\":\"2024-09-20T12:00:51+00:00\",\"dateModified\":\"2024-09-21T06:15:40+00:00\",\"description\":\"Gioved\u00ec sera, allo Stadio Louis-II, i biancorossi sono passati subito in vantaggio e hanno dominato per tutta la partita conquistando una prestigiosa\",\"breadcrumb\":{\"@id\":\"https:\\\/\\\/www.monaco-tribune.com\\\/it\\\/2024\\\/09\\\/as-monaco-barcellona-il-ritorno-col-botto-dei-monegaschi-in-champions-league\\\/#breadcrumb\"},\"inLanguage\":\"it-IT\",\"potentialAction\":[{\"@type\":\"ReadAction\",\"target\":[\"https:\\\/\\\/www.monaco-tribune.com\\\/it\\\/2024\\\/09\\\/as-monaco-barcellona-il-ritorno-col-botto-dei-monegaschi-in-champions-league\\\/\"]}]},{\"@type\":\"ImageObject\",\"inLanguage\":\"it-IT\",\"@id\":\"https:\\\/\\\/www.monaco-tribune.com\\\/it\\\/2024\\\/09\\\/as-monaco-barcellona-il-ritorno-col-botto-dei-monegaschi-in-champions-league\\\/#primaryimage\",\"url\":\"https:\\\/\\\/www.monaco-tribune.com\\\/wp-content\\\/uploads\\\/2024\\\/09\\\/pour-son-retour-en-ligue-des-champions-las-monaco-soffre-le-fc-barcelone-avec-brio2.jpg\",\"contentUrl\":\"https:\\\/\\\/www.monaco-tribune.com\\\/wp-content\\\/uploads\\\/2024\\\/09\\\/pour-son-retour-en-ligue-des-champions-las-monaco-soffre-le-fc-barcelone-avec-brio2.jpg\",\"width\":1160,\"height\":650,\"caption\":\"L'AS Monaco vince 2-1 la prima giornata di Champions League contro il Barcellona! \u00a9 AS Monaco\"},{\"@type\":\"BreadcrumbList\",\"@id\":\"https:\\\/\\\/www.monaco-tribune.com\\\/it\\\/2024\\\/09\\\/as-monaco-barcellona-il-ritorno-col-botto-dei-monegaschi-in-champions-league\\\/#breadcrumb\",\"itemListElement\":[{\"@type\":\"ListItem\",\"position\":1,\"name\":\"Accueil\",\"item\":\"https:\\\/\\\/www.monaco-tribune.com\\\/it\\\/\"},{\"@type\":\"ListItem\",\"position\":2,\"name\":\"AS Monaco-Barcellona: il ritorno col botto dei monegaschi in Champions League\"}]},{\"@type\":\"WebSite\",\"@id\":\"https:\\\/\\\/www.monaco-tribune.com\\\/it\\\/#website\",\"url\":\"https:\\\/\\\/www.monaco-tribune.com\\\/it\\\/\",\"name\":\"Monaco Tribune\",\"description\":\"Monaco : actualit\u00e9s \u00e9conomiques, politiques, culturelles et sportives de Monaco et de la French Riviera.\",\"publisher\":{\"@id\":\"https:\\\/\\\/www.monaco-tribune.com\\\/it\\\/#organization\"},\"potentialAction\":[{\"@type\":\"SearchAction\",\"target\":{\"@type\":\"EntryPoint\",\"urlTemplate\":\"https:\\\/\\\/www.monaco-tribune.com\\\/it\\\/?s={search_term_string}\"},\"query-input\":{\"@type\":\"PropertyValueSpecification\",\"valueRequired\":true,\"valueName\":\"search_term_string\"}}],\"inLanguage\":\"it-IT\"},{\"@type\":\"Organization\",\"@id\":\"https:\\\/\\\/www.monaco-tribune.com\\\/it\\\/#organization\",\"name\":\"Monaco Tribune\",\"url\":\"https:\\\/\\\/www.monaco-tribune.com\\\/it\\\/\",\"logo\":{\"@type\":\"ImageObject\",\"inLanguage\":\"it-IT\",\"@id\":\"https:\\\/\\\/www.monaco-tribune.com\\\/it\\\/#\\\/schema\\\/logo\\\/image\\\/\",\"url\":\"https:\\\/\\\/www.monaco-tribune.com\\\/wp-content\\\/uploads\\\/2022\\\/11\\\/logo-monaco-tribune.png\",\"contentUrl\":\"https:\\\/\\\/www.monaco-tribune.com\\\/wp-content\\\/uploads\\\/2022\\\/11\\\/logo-monaco-tribune.png\",\"width\":1548,\"height\":600,\"caption\":\"Monaco Tribune\"},\"image\":{\"@id\":\"https:\\\/\\\/www.monaco-tribune.com\\\/it\\\/#\\\/schema\\\/logo\\\/image\\\/\"},\"sameAs\":[\"https:\\\/\\\/www.facebook.com\\\/MonacoTribune\",\"https:\\\/\\\/x.com\\\/MonacoTribune\",\"https:\\\/\\\/www.instagram.com\\\/monacotribune\\\/\",\"https:\\\/\\\/www.linkedin.com\\\/company\\\/monaco-tribune\",\"https:\\\/\\\/www.youtube.com\\\/channel\\\/UCHle1MnG6hw1y4lWKijVbMA\"]},{\"@type\":\"Person\",\"@id\":\"https:\\\/\\\/www.monaco-tribune.com\\\/it\\\/#\\\/schema\\\/person\\\/6db631c784f2f0eff54c3ca4d1da2d49\",\"name\":\"Ana\u00efs Riu\",\"image\":{\"@type\":\"ImageObject\",\"inLanguage\":\"it-IT\",\"@id\":\"https:\\\/\\\/secure.gravatar.com\\\/avatar\\\/9137eff67ff750f1997c171f45e5829ca4c8fa34729a8f8cd9dc85be7e50df7f?s=96&d=mm&r=g\",\"url\":\"https:\\\/\\\/secure.gravatar.com\\\/avatar\\\/9137eff67ff750f1997c171f45e5829ca4c8fa34729a8f8cd9dc85be7e50df7f?s=96&d=mm&r=g\",\"contentUrl\":\"https:\\\/\\\/secure.gravatar.com\\\/avatar\\\/9137eff67ff750f1997c171f45e5829ca4c8fa34729a8f8cd9dc85be7e50df7f?s=96&d=mm&r=g\",\"caption\":\"Ana\u00efs Riu\"},\"url\":\"https:\\\/\\\/www.monaco-tribune.com\\\/it\\\/author\\\/anaisriu\\\/\"}]}<\/script>\n<!-- \/ Yoast SEO Premium plugin. -->","yoast_head_json":{"title":"AS Monaco-Barcellona: il ritorno col botto dei monegaschi in Champions League","description":"Gioved\u00ec sera, allo Stadio Louis-II, i biancorossi sono passati subito in vantaggio e hanno dominato per tutta la partita conquistando una prestigiosa","robots":{"index":"index","follow":"follow","max-snippet":"max-snippet:-1","max-image-preview":"max-image-preview:large","max-video-preview":"max-video-preview:-1"},"canonical":"https:\/\/www.monaco-tribune.com\/it\/2024\/09\/as-monaco-barcellona-il-ritorno-col-botto-dei-monegaschi-in-champions-league\/","og_locale":"it_IT","og_type":"article","og_title":"AS Monaco-Barcellona: il ritorno col botto dei monegaschi in Champions League - Monaco Tribune","og_description":"Gioved\u00ec sera, allo Stadio Louis-II, i biancorossi sono passati subito in vantaggio e hanno dominato per tutta la partita conquistando una prestigiosa","og_url":"https:\/\/www.monaco-tribune.com\/it\/2024\/09\/as-monaco-barcellona-il-ritorno-col-botto-dei-monegaschi-in-champions-league\/","og_site_name":"Monaco Tribune","article_publisher":"https:\/\/www.facebook.com\/MonacoTribune","article_published_time":"2024-09-20T12:00:51+00:00","article_modified_time":"2024-09-21T06:15:40+00:00","og_image":[{"width":1160,"height":650,"url":"https:\/\/www.monaco-tribune.com\/wp-content\/uploads\/2024\/09\/pour-son-retour-en-ligue-des-champions-las-monaco-soffre-le-fc-barcelone-avec-brio2.jpg","type":"image\/jpeg"}],"author":"Ana\u00efs Riu","twitter_card":"summary_large_image","twitter_creator":"@MonacoTribune","twitter_site":"@MonacoTribune","schema":{"@context":"https:\/\/schema.org","@graph":[{"@type":"NewsArticle","@id":"https:\/\/www.monaco-tribune.com\/it\/2024\/09\/as-monaco-barcellona-il-ritorno-col-botto-dei-monegaschi-in-champions-league\/#article","isPartOf":{"@id":"https:\/\/www.monaco-tribune.com\/it\/2024\/09\/as-monaco-barcellona-il-ritorno-col-botto-dei-monegaschi-in-champions-league\/"},"author":{"name":"Ana\u00efs Riu","@id":"https:\/\/www.monaco-tribune.com\/it\/#\/schema\/person\/6db631c784f2f0eff54c3ca4d1da2d49"},"headline":"AS Monaco-Barcellona: il ritorno col botto dei monegaschi in Champions League","datePublished":"2024-09-20T12:00:51+00:00","dateModified":"2024-09-21T06:15:40+00:00","mainEntityOfPage":{"@id":"https:\/\/www.monaco-tribune.com\/it\/2024\/09\/as-monaco-barcellona-il-ritorno-col-botto-dei-monegaschi-in-champions-league\/"},"wordCount":1244,"publisher":{"@id":"https:\/\/www.monaco-tribune.com\/it\/#organization"},"image":{"@id":"https:\/\/www.monaco-tribune.com\/it\/2024\/09\/as-monaco-barcellona-il-ritorno-col-botto-dei-monegaschi-in-champions-league\/#primaryimage"},"thumbnailUrl":"https:\/\/www.monaco-tribune.com\/wp-content\/uploads\/2024\/09\/pour-son-retour-en-ligue-des-champions-las-monaco-soffre-le-fc-barcelone-avec-brio2.jpg","keywords":["AS Monaco"],"articleSection":["La nostra scelta","Notizie","Sport"],"inLanguage":"it-IT","copyrightYear":"2024","copyrightHolder":{"@id":"https:\/\/www.monaco-tribune.com\/#organization"}},{"@type":"WebPage","@id":"https:\/\/www.monaco-tribune.com\/it\/2024\/09\/as-monaco-barcellona-il-ritorno-col-botto-dei-monegaschi-in-champions-league\/","url":"https:\/\/www.monaco-tribune.com\/it\/2024\/09\/as-monaco-barcellona-il-ritorno-col-botto-dei-monegaschi-in-champions-league\/","name":"AS Monaco-Barcellona: il ritorno col botto dei monegaschi in Champions League","isPartOf":{"@id":"https:\/\/www.monaco-tribune.com\/it\/#website"},"primaryImageOfPage":{"@id":"https:\/\/www.monaco-tribune.com\/it\/2024\/09\/as-monaco-barcellona-il-ritorno-col-botto-dei-monegaschi-in-champions-league\/#primaryimage"},"image":{"@id":"https:\/\/www.monaco-tribune.com\/it\/2024\/09\/as-monaco-barcellona-il-ritorno-col-botto-dei-monegaschi-in-champions-league\/#primaryimage"},"thumbnailUrl":"https:\/\/www.monaco-tribune.com\/wp-content\/uploads\/2024\/09\/pour-son-retour-en-ligue-des-champions-las-monaco-soffre-le-fc-barcelone-avec-brio2.jpg","datePublished":"2024-09-20T12:00:51+00:00","dateModified":"2024-09-21T06:15:40+00:00","description":"Gioved\u00ec sera, allo Stadio Louis-II, i biancorossi sono passati subito in vantaggio e hanno dominato per tutta la partita conquistando una prestigiosa","breadcrumb":{"@id":"https:\/\/www.monaco-tribune.com\/it\/2024\/09\/as-monaco-barcellona-il-ritorno-col-botto-dei-monegaschi-in-champions-league\/#breadcrumb"},"inLanguage":"it-IT","potentialAction":[{"@type":"ReadAction","target":["https:\/\/www.monaco-tribune.com\/it\/2024\/09\/as-monaco-barcellona-il-ritorno-col-botto-dei-monegaschi-in-champions-league\/"]}]},{"@type":"ImageObject","inLanguage":"it-IT","@id":"https:\/\/www.monaco-tribune.com\/it\/2024\/09\/as-monaco-barcellona-il-ritorno-col-botto-dei-monegaschi-in-champions-league\/#primaryimage","url":"https:\/\/www.monaco-tribune.com\/wp-content\/uploads\/2024\/09\/pour-son-retour-en-ligue-des-champions-las-monaco-soffre-le-fc-barcelone-avec-brio2.jpg","contentUrl":"https:\/\/www.monaco-tribune.com\/wp-content\/uploads\/2024\/09\/pour-son-retour-en-ligue-des-champions-las-monaco-soffre-le-fc-barcelone-avec-brio2.jpg","width":1160,"height":650,"caption":"L'AS Monaco vince 2-1 la prima giornata di Champions League contro il Barcellona! \u00a9 AS Monaco"},{"@type":"BreadcrumbList","@id":"https:\/\/www.monaco-tribune.com\/it\/2024\/09\/as-monaco-barcellona-il-ritorno-col-botto-dei-monegaschi-in-champions-league\/#breadcrumb","itemListElement":[{"@type":"ListItem","position":1,"name":"Accueil","item":"https:\/\/www.monaco-tribune.com\/it\/"},{"@type":"ListItem","position":2,"name":"AS Monaco-Barcellona: il ritorno col botto dei monegaschi in Champions League"}]},{"@type":"WebSite","@id":"https:\/\/www.monaco-tribune.com\/it\/#website","url":"https:\/\/www.monaco-tribune.com\/it\/","name":"Monaco Tribune","description":"Monaco : actualit\u00e9s \u00e9conomiques, politiques, culturelles et sportives de Monaco et de la French Riviera.","publisher":{"@id":"https:\/\/www.monaco-tribune.com\/it\/#organization"},"potentialAction":[{"@type":"SearchAction","target":{"@type":"EntryPoint","urlTemplate":"https:\/\/www.monaco-tribune.com\/it\/?s={search_term_string}"},"query-input":{"@type":"PropertyValueSpecification","valueRequired":true,"valueName":"search_term_string"}}],"inLanguage":"it-IT"},{"@type":"Organization","@id":"https:\/\/www.monaco-tribune.com\/it\/#organization","name":"Monaco Tribune","url":"https:\/\/www.monaco-tribune.com\/it\/","logo":{"@type":"ImageObject","inLanguage":"it-IT","@id":"https:\/\/www.monaco-tribune.com\/it\/#\/schema\/logo\/image\/","url":"https:\/\/www.monaco-tribune.com\/wp-content\/uploads\/2022\/11\/logo-monaco-tribune.png","contentUrl":"https:\/\/www.monaco-tribune.com\/wp-content\/uploads\/2022\/11\/logo-monaco-tribune.png","width":1548,"height":600,"caption":"Monaco Tribune"},"image":{"@id":"https:\/\/www.monaco-tribune.com\/it\/#\/schema\/logo\/image\/"},"sameAs":["https:\/\/www.facebook.com\/MonacoTribune","https:\/\/x.com\/MonacoTribune","https:\/\/www.instagram.com\/monacotribune\/","https:\/\/www.linkedin.com\/company\/monaco-tribune","https:\/\/www.youtube.com\/channel\/UCHle1MnG6hw1y4lWKijVbMA"]},{"@type":"Person","@id":"https:\/\/www.monaco-tribune.com\/it\/#\/schema\/person\/6db631c784f2f0eff54c3ca4d1da2d49","name":"Ana\u00efs Riu","image":{"@type":"ImageObject","inLanguage":"it-IT","@id":"https:\/\/secure.gravatar.com\/avatar\/9137eff67ff750f1997c171f45e5829ca4c8fa34729a8f8cd9dc85be7e50df7f?s=96&d=mm&r=g","url":"https:\/\/secure.gravatar.com\/avatar\/9137eff67ff750f1997c171f45e5829ca4c8fa34729a8f8cd9dc85be7e50df7f?s=96&d=mm&r=g","contentUrl":"https:\/\/secure.gravatar.com\/avatar\/9137eff67ff750f1997c171f45e5829ca4c8fa34729a8f8cd9dc85be7e50df7f?s=96&d=mm&r=g","caption":"Ana\u00efs Riu"},"url":"https:\/\/www.monaco-tribune.com\/it\/author\/anaisriu\/"}]}},"_links":{"self":[{"href":"https:\/\/www.monaco-tribune.com\/it\/wp-json\/wp\/v2\/posts\/251137","targetHints":{"allow":["GET"]}}],"collection":[{"href":"https:\/\/www.monaco-tribune.com\/it\/wp-json\/wp\/v2\/posts"}],"about":[{"href":"https:\/\/www.monaco-tribune.com\/it\/wp-json\/wp\/v2\/types\/post"}],"author":[{"embeddable":true,"href":"https:\/\/www.monaco-tribune.com\/it\/wp-json\/wp\/v2\/users\/77"}],"replies":[{"embeddable":true,"href":"https:\/\/www.monaco-tribune.com\/it\/wp-json\/wp\/v2\/comments?post=251137"}],"version-history":[{"count":2,"href":"https:\/\/www.monaco-tribune.com\/it\/wp-json\/wp\/v2\/posts\/251137\/revisions"}],"predecessor-version":[{"id":251232,"href":"https:\/\/www.monaco-tribune.com\/it\/wp-json\/wp\/v2\/posts\/251137\/revisions\/251232"}],"wp:featuredmedia":[{"embeddable":true,"href":"https:\/\/www.monaco-tribune.com\/it\/wp-json\/wp\/v2\/media\/251085"}],"wp:attachment":[{"href":"https:\/\/www.monaco-tribune.com\/it\/wp-json\/wp\/v2\/media?parent=251137"}],"wp:term":[{"taxonomy":"category","embeddable":true,"href":"https:\/\/www.monaco-tribune.com\/it\/wp-json\/wp\/v2\/categories?post=251137"},{"taxonomy":"post_tag","embeddable":true,"href":"https:\/\/www.monaco-tribune.com\/it\/wp-json\/wp\/v2\/tags?post=251137"},{"taxonomy":"sectag","embeddable":true,"href":"https:\/\/www.monaco-tribune.com\/it\/wp-json\/wp\/v2\/post_sectags?post=251137"},{"taxonomy":"format","embeddable":true,"href":"https:\/\/www.monaco-tribune.com\/it\/wp-json\/wp\/v2\/post_format?post=251137"}],"curies":[{"name":"wp","href":"https:\/\/api.w.org\/{rel}","templated":true}]}}