{"id":251734,"date":"2024-09-24T16:36:57","date_gmt":"2024-09-24T14:36:57","guid":{"rendered":"https:\/\/www.monaco-tribune.com\/2024\/09\/insieme-contro-labbandono-la-grande-marcia-solidale-per-gli-animali-a-monaco\/"},"modified":"2024-09-24T16:37:07","modified_gmt":"2024-09-24T14:37:07","slug":"insieme-contro-labbandono-la-grande-marcia-solidale-per-gli-animali-a-monaco","status":"publish","type":"post","link":"https:\/\/www.monaco-tribune.com\/it\/2024\/09\/insieme-contro-labbandono-la-grande-marcia-solidale-per-gli-animali-a-monaco\/","title":{"rendered":"Insieme contro l&#8217;abbandono: la grande marcia solidale per gli animali a Monaco"},"content":{"rendered":"\n<p><strong>Il 5 ottobre, il Principato far\u00e0 da sfondo a una mobilitazione fuori dal comune. La prima edizione della ROKETHON, una camminata contro l&#8217;abbandono degli animali domestici, invita giovani e meno giovani a unire le forze per una causa piuttosto urgente: la protezione degli animali e la lotta contro l&#8217;abbandono. Scoprite di pi\u00f9 su questo evento unico, che unisce sport, solidariet\u00e0 e sensibilizzazione.<\/strong><\/p>\n\n<p>Ogni anno in Francia vengono abbandonati 300.000 cani e gatti, ovvero uno ogni due minuti. Di fronte a questa tragica situazione, l&#8217;associazione ROKETHON ha deciso di non restare indifferente. Il suo obiettivo \u00e8 quello di sensibilizzare l&#8217;opinione pubblica e le autorit\u00e0 sul preoccupante aumento degli abbandoni di animali domestici e incoraggiare le adozioni responsabili.<\/p>\n\n<p>Questa prima edizione della marcia di solidariet\u00e0 si svolger\u00e0 in una splendida cornice: a Monaco, nei pressi del tendone di Fontvieille. L&#8217;obiettivo dell&#8217;evento \u00e8 quello di attirare l&#8217;attenzione sull&#8217;inadeguatezza delle risorse attuali per affrontare questa emergenza. I rifugi sono sovraffollati, i costi aumentano e le misure governative non rispondono alle aspettative delle associazioni.<\/p>\n\n<h2 class=\"wp-block-heading\" id=\"h-un-evenement-convivial-pour-tous-les-amoureux-des-animaux\">Un evento conviviale per tutti gli amanti degli animali<\/h2>\n\n<p>Il <strong>5 ottobre<\/strong>, grazie alla ROKETHON gli animali saranno al centro della giornata. <strong>Dalle 10 alle 12<\/strong>, tutti i partecipanti potranno camminare o correre insieme ai propri amici a quattro zampe. Che siate sportivi esperti o camminatori occasionali, siete tutti invitati a partecipare a questa corsa di beneficenza, adatta a tutti i livelli e a tutti i cani. <strong>\u00c8 possibile iscriversi sul posto<\/strong> o in anticipo chiamando il numero 06 88 03 40 50.<strong> L&#8217;offerta \u00e8 libera<\/strong>\u00a0per rendere l&#8217;evento accessibile a tutti.<\/p>\n\n<p>Inoltre, il villaggio ROKETHON, allestito sotto il tendone di Fontvieille, sar\u00e0 il punto centrale dell&#8217;evento. Questo spazio di sensibilizzazione e comunicazione riunir\u00e0 professionisti del mondo animale, tra cui veterinari, addestratori di cani, divulgatori, artisti e molte altre personalit\u00e0 impegnate nella causa animale.<\/p>\n\n<h2 class=\"wp-block-heading\" id=\"h-des-animations-pour-toute-la-famille\">Intrattenimento per tutta la famiglia<\/h2>\n\n<p>Oltre alla passeggiata, sono previste numerose attivit\u00e0 per intrattenere grandi e piccini. Ci sar\u00e0 un percorso di agility per i cani, che offrir\u00e0 l&#8217;opportunit\u00e0 di trascorrere un po&#8217; di tempo con i vostri amici a quattro zampe. I visitatori potranno anche ammirare una mostra d&#8217;arte, il cui ricavato delle opere servir\u00e0 per aiutare gli animali in difficolt\u00e0.<\/p>\n\n<p>Alle 16:00, \u00e8 in programma una commovente sfilata di moda a tema \u201cBrigitte Bardot\u201d in cui sfileranno i cani in cerca di adozione. Vestiti come icone degli anni &#8217;60, i partecipanti sfileranno accanto ai cani in cerca di una casa accogliente.<\/p>\n\n<h2 class=\"wp-block-heading\" id=\"h-participer-c-est-agir\">Partecipare vuol dire agire<\/h2>\n\n<p>I fondi raccolti durante l&#8217;evento saranno devoluti a due associazioni: la SPA di Monaco e Paws with Love in Grecia, che lottano ogni giorno per dare una seconda possibilit\u00e0 agli animali maltrattati o abbandonati.<\/p>\n\n<p>Iscrivendovi alla camminata potrete anche accedere al villaggio ROKETHON e ricevere una piccola sorpresa per il vostro cane. L&#8217;evento offre a tutti la possibilit\u00e0 di contribuire a questa causa urgente, in un&#8217;atmosfera amichevole e solidale.<\/p>\n\n<hr class=\"wp-block-separator has-alpha-channel-opacity\"\/>\n\n<p><strong>Maggiori informazioni:<\/strong><\/p>\n\n<p>Per partecipare alla marcia, i cani devono soddisfare una serie di requisiti. Questi includono:<\/p>\n\n<ul class=\"wp-block-list\">\n<li>Chip di identificazione.<\/li>\n\n\n\n<li>Vaccinazione antirabbica aggiornata.<\/li>\n\n\n\n<li>Utilizzo del guinzaglio per tutta la durata dell&#8217;evento.<\/li>\n<\/ul>\n\n<p>Si consiglia inoltre ai proprietari di assicurarsi che i loro animali domestici abbiano le seguenti vaccinazioni:<\/p>\n\n<ul class=\"wp-block-list\">\n<li>Cimurro canino<\/li>\n\n\n\n<li>Parvovirus<\/li>\n\n\n\n<li>Bordetella<\/li>\n\n\n\n<li>Giardia<\/li>\n\n\n\n<li>Epatite<\/li>\n\n\n\n<li>Parainfluenza<\/li>\n<\/ul>\n\n<p>Durante la gara vengono inoltre effettuati controlli a campione per garantire il rispetto delle condizioni di igiene e sicurezza richieste per un evento di tale portata.<\/p>\n<div class=\"wp-block-image\">\n<figure class=\"aligncenter size-large\"><img loading=\"lazy\" decoding=\"async\" width=\"724\" height=\"1024\" src=\"https:\/\/www.monaco-tribune.com\/wp-content\/uploads\/2024\/09\/rokethon-724x1024.jpg\" alt=\"\" class=\"wp-image-251410\" srcset=\"https:\/\/www.monaco-tribune.com\/wp-content\/uploads\/2024\/09\/rokethon-724x1024.jpg 724w, https:\/\/www.monaco-tribune.com\/wp-content\/uploads\/2024\/09\/rokethon-212x300.jpg 212w, https:\/\/www.monaco-tribune.com\/wp-content\/uploads\/2024\/09\/rokethon.jpg 1131w\" sizes=\"auto, (max-width: 724px) 100vw, 724px\" \/><\/figure>\n<\/div>\n<p class=\"related\"><a href=\"https:\/\/www.monaco-tribune.com\/it\/2024\/09\/il-principe-alberto-ii-e-la-principessa-charlene-inaugurano-il-nuovo-rifugio-della-spa-di-monaco\/\">Il Principe Alberto II e la Principessa Charl\u00e8ne inaugurano il nuovo rifugio della SPA di Monaco<\/a><\/p>\n","protected":false},"excerpt":{"rendered":"<p>Il 5 ottobre, il Principato far\u00e0 da sfondo a una mobilitazione fuori dal comune. La prima edizione della ROKETHON, una [&hellip;]<\/p>\n","protected":false},"author":77,"featured_media":251406,"comment_status":"closed","ping_status":"closed","sticky":false,"template":"","format":"standard","meta":{"_acf_changed":false,"footnotes":""},"categories":[1740,1738],"tags":[4219],"post_sectags":[4788,4933,5140],"post_format":[2478],"class_list":["post-251734","post","type-post","status-publish","format-standard","has-post-thumbnail","hentry","category-cosa-fare","category-notizie","tag-iniziative","sectag-animali","sectag-cani","sectag-fontvieille-it","format-notizia"],"acf":[],"yoast_head":"<!-- This site is optimized with the Yoast SEO Premium plugin v26.8 (Yoast SEO v27.4) - https:\/\/yoast.com\/product\/yoast-seo-premium-wordpress\/ -->\n<title>Insieme contro l&#039;abbandono: la grande marcia solidale per gli animali a Monaco<\/title>\n<meta name=\"description\" content=\"Il 5 ottobre, il Principato far\u00e0 da sfondo a una mobilitazione fuori dal comune. La prima edizione della ROKETHON, una camminata contro l&#039;abbandono degli\" \/>\n<meta name=\"robots\" content=\"index, follow, max-snippet:-1, max-image-preview:large, max-video-preview:-1\" \/>\n<link rel=\"canonical\" href=\"https:\/\/www.monaco-tribune.com\/it\/2024\/09\/insieme-contro-labbandono-la-grande-marcia-solidale-per-gli-animali-a-monaco\/\" \/>\n<meta property=\"og:locale\" content=\"it_IT\" \/>\n<meta property=\"og:type\" content=\"article\" \/>\n<meta property=\"og:title\" content=\"Insieme contro l&#039;abbandono: la grande marcia solidale per gli animali a Monaco - Monaco Tribune\" \/>\n<meta property=\"og:description\" content=\"Il 5 ottobre, il Principato far\u00e0 da sfondo a una mobilitazione fuori dal comune. La prima edizione della ROKETHON, una camminata contro l&#039;abbandono degli\" \/>\n<meta property=\"og:url\" content=\"https:\/\/www.monaco-tribune.com\/it\/2024\/09\/insieme-contro-labbandono-la-grande-marcia-solidale-per-gli-animali-a-monaco\/\" \/>\n<meta property=\"og:site_name\" content=\"Monaco Tribune\" \/>\n<meta property=\"article:publisher\" content=\"https:\/\/www.facebook.com\/MonacoTribune\" \/>\n<meta property=\"article:published_time\" content=\"2024-09-24T14:36:57+00:00\" \/>\n<meta property=\"article:modified_time\" content=\"2024-09-24T14:37:07+00:00\" \/>\n<meta property=\"og:image\" content=\"https:\/\/www.monaco-tribune.com\/wp-content\/uploads\/2024\/09\/ensemble-contre-labandon-participer-a-la-grande-marche-solidaire-pour-les-animaux-a-monaco-copie.jpg\" \/>\n\t<meta property=\"og:image:width\" content=\"1200\" \/>\n\t<meta property=\"og:image:height\" content=\"600\" \/>\n\t<meta property=\"og:image:type\" content=\"image\/jpeg\" \/>\n<meta name=\"author\" content=\"Ana\u00efs Riu\" \/>\n<meta name=\"twitter:card\" content=\"summary_large_image\" \/>\n<meta name=\"twitter:creator\" content=\"@MonacoTribune\" \/>\n<meta name=\"twitter:site\" content=\"@MonacoTribune\" \/>\n<script type=\"application\/ld+json\" class=\"yoast-schema-graph\">{\"@context\":\"https:\\\/\\\/schema.org\",\"@graph\":[{\"@type\":\"NewsArticle\",\"@id\":\"https:\\\/\\\/www.monaco-tribune.com\\\/it\\\/2024\\\/09\\\/insieme-contro-labbandono-la-grande-marcia-solidale-per-gli-animali-a-monaco\\\/#article\",\"isPartOf\":{\"@id\":\"https:\\\/\\\/www.monaco-tribune.com\\\/it\\\/2024\\\/09\\\/insieme-contro-labbandono-la-grande-marcia-solidale-per-gli-animali-a-monaco\\\/\"},\"author\":{\"name\":\"Ana\u00efs Riu\",\"@id\":\"https:\\\/\\\/www.monaco-tribune.com\\\/it\\\/#\\\/schema\\\/person\\\/6db631c784f2f0eff54c3ca4d1da2d49\"},\"headline\":\"Insieme contro l&#8217;abbandono: la grande marcia solidale per gli animali a Monaco\",\"datePublished\":\"2024-09-24T14:36:57+00:00\",\"dateModified\":\"2024-09-24T14:37:07+00:00\",\"mainEntityOfPage\":{\"@id\":\"https:\\\/\\\/www.monaco-tribune.com\\\/it\\\/2024\\\/09\\\/insieme-contro-labbandono-la-grande-marcia-solidale-per-gli-animali-a-monaco\\\/\"},\"wordCount\":588,\"publisher\":{\"@id\":\"https:\\\/\\\/www.monaco-tribune.com\\\/it\\\/#organization\"},\"image\":{\"@id\":\"https:\\\/\\\/www.monaco-tribune.com\\\/it\\\/2024\\\/09\\\/insieme-contro-labbandono-la-grande-marcia-solidale-per-gli-animali-a-monaco\\\/#primaryimage\"},\"thumbnailUrl\":\"https:\\\/\\\/www.monaco-tribune.com\\\/wp-content\\\/uploads\\\/2024\\\/09\\\/ensemble-contre-labandon-participer-a-la-grande-marche-solidaire-pour-les-animaux-a-monaco-copie.jpg\",\"keywords\":[\"Iniziative\"],\"articleSection\":[\"Cosa fare\",\"Notizie\"],\"inLanguage\":\"it-IT\",\"copyrightYear\":\"2024\",\"copyrightHolder\":{\"@id\":\"https:\\\/\\\/www.monaco-tribune.com\\\/#organization\"}},{\"@type\":\"WebPage\",\"@id\":\"https:\\\/\\\/www.monaco-tribune.com\\\/it\\\/2024\\\/09\\\/insieme-contro-labbandono-la-grande-marcia-solidale-per-gli-animali-a-monaco\\\/\",\"url\":\"https:\\\/\\\/www.monaco-tribune.com\\\/it\\\/2024\\\/09\\\/insieme-contro-labbandono-la-grande-marcia-solidale-per-gli-animali-a-monaco\\\/\",\"name\":\"Insieme contro l'abbandono: la grande marcia solidale per gli animali a Monaco\",\"isPartOf\":{\"@id\":\"https:\\\/\\\/www.monaco-tribune.com\\\/it\\\/#website\"},\"primaryImageOfPage\":{\"@id\":\"https:\\\/\\\/www.monaco-tribune.com\\\/it\\\/2024\\\/09\\\/insieme-contro-labbandono-la-grande-marcia-solidale-per-gli-animali-a-monaco\\\/#primaryimage\"},\"image\":{\"@id\":\"https:\\\/\\\/www.monaco-tribune.com\\\/it\\\/2024\\\/09\\\/insieme-contro-labbandono-la-grande-marcia-solidale-per-gli-animali-a-monaco\\\/#primaryimage\"},\"thumbnailUrl\":\"https:\\\/\\\/www.monaco-tribune.com\\\/wp-content\\\/uploads\\\/2024\\\/09\\\/ensemble-contre-labandon-participer-a-la-grande-marche-solidaire-pour-les-animaux-a-monaco-copie.jpg\",\"datePublished\":\"2024-09-24T14:36:57+00:00\",\"dateModified\":\"2024-09-24T14:37:07+00:00\",\"description\":\"Il 5 ottobre, il Principato far\u00e0 da sfondo a una mobilitazione fuori dal comune. La prima edizione della ROKETHON, una camminata contro l'abbandono degli\",\"breadcrumb\":{\"@id\":\"https:\\\/\\\/www.monaco-tribune.com\\\/it\\\/2024\\\/09\\\/insieme-contro-labbandono-la-grande-marcia-solidale-per-gli-animali-a-monaco\\\/#breadcrumb\"},\"inLanguage\":\"it-IT\",\"potentialAction\":[{\"@type\":\"ReadAction\",\"target\":[\"https:\\\/\\\/www.monaco-tribune.com\\\/it\\\/2024\\\/09\\\/insieme-contro-labbandono-la-grande-marcia-solidale-per-gli-animali-a-monaco\\\/\"]}]},{\"@type\":\"ImageObject\",\"inLanguage\":\"it-IT\",\"@id\":\"https:\\\/\\\/www.monaco-tribune.com\\\/it\\\/2024\\\/09\\\/insieme-contro-labbandono-la-grande-marcia-solidale-per-gli-animali-a-monaco\\\/#primaryimage\",\"url\":\"https:\\\/\\\/www.monaco-tribune.com\\\/wp-content\\\/uploads\\\/2024\\\/09\\\/ensemble-contre-labandon-participer-a-la-grande-marche-solidaire-pour-les-animaux-a-monaco-copie.jpg\",\"contentUrl\":\"https:\\\/\\\/www.monaco-tribune.com\\\/wp-content\\\/uploads\\\/2024\\\/09\\\/ensemble-contre-labandon-participer-a-la-grande-marche-solidaire-pour-les-animaux-a-monaco-copie.jpg\",\"width\":1200,\"height\":600,\"caption\":\"\u00a9 ROKETHON\"},{\"@type\":\"BreadcrumbList\",\"@id\":\"https:\\\/\\\/www.monaco-tribune.com\\\/it\\\/2024\\\/09\\\/insieme-contro-labbandono-la-grande-marcia-solidale-per-gli-animali-a-monaco\\\/#breadcrumb\",\"itemListElement\":[{\"@type\":\"ListItem\",\"position\":1,\"name\":\"Accueil\",\"item\":\"https:\\\/\\\/www.monaco-tribune.com\\\/it\\\/\"},{\"@type\":\"ListItem\",\"position\":2,\"name\":\"Insieme contro l&#8217;abbandono: la grande marcia solidale per gli animali a Monaco\"}]},{\"@type\":\"WebSite\",\"@id\":\"https:\\\/\\\/www.monaco-tribune.com\\\/it\\\/#website\",\"url\":\"https:\\\/\\\/www.monaco-tribune.com\\\/it\\\/\",\"name\":\"Monaco Tribune\",\"description\":\"Monaco : actualit\u00e9s \u00e9conomiques, politiques, culturelles et sportives de Monaco et de la French Riviera.\",\"publisher\":{\"@id\":\"https:\\\/\\\/www.monaco-tribune.com\\\/it\\\/#organization\"},\"potentialAction\":[{\"@type\":\"SearchAction\",\"target\":{\"@type\":\"EntryPoint\",\"urlTemplate\":\"https:\\\/\\\/www.monaco-tribune.com\\\/it\\\/?s={search_term_string}\"},\"query-input\":{\"@type\":\"PropertyValueSpecification\",\"valueRequired\":true,\"valueName\":\"search_term_string\"}}],\"inLanguage\":\"it-IT\"},{\"@type\":\"Organization\",\"@id\":\"https:\\\/\\\/www.monaco-tribune.com\\\/it\\\/#organization\",\"name\":\"Monaco Tribune\",\"url\":\"https:\\\/\\\/www.monaco-tribune.com\\\/it\\\/\",\"logo\":{\"@type\":\"ImageObject\",\"inLanguage\":\"it-IT\",\"@id\":\"https:\\\/\\\/www.monaco-tribune.com\\\/it\\\/#\\\/schema\\\/logo\\\/image\\\/\",\"url\":\"https:\\\/\\\/www.monaco-tribune.com\\\/wp-content\\\/uploads\\\/2022\\\/11\\\/logo-monaco-tribune.png\",\"contentUrl\":\"https:\\\/\\\/www.monaco-tribune.com\\\/wp-content\\\/uploads\\\/2022\\\/11\\\/logo-monaco-tribune.png\",\"width\":1548,\"height\":600,\"caption\":\"Monaco Tribune\"},\"image\":{\"@id\":\"https:\\\/\\\/www.monaco-tribune.com\\\/it\\\/#\\\/schema\\\/logo\\\/image\\\/\"},\"sameAs\":[\"https:\\\/\\\/www.facebook.com\\\/MonacoTribune\",\"https:\\\/\\\/x.com\\\/MonacoTribune\",\"https:\\\/\\\/www.instagram.com\\\/monacotribune\\\/\",\"https:\\\/\\\/www.linkedin.com\\\/company\\\/monaco-tribune\",\"https:\\\/\\\/www.youtube.com\\\/channel\\\/UCHle1MnG6hw1y4lWKijVbMA\"]},{\"@type\":\"Person\",\"@id\":\"https:\\\/\\\/www.monaco-tribune.com\\\/it\\\/#\\\/schema\\\/person\\\/6db631c784f2f0eff54c3ca4d1da2d49\",\"name\":\"Ana\u00efs Riu\",\"image\":{\"@type\":\"ImageObject\",\"inLanguage\":\"it-IT\",\"@id\":\"https:\\\/\\\/secure.gravatar.com\\\/avatar\\\/9137eff67ff750f1997c171f45e5829ca4c8fa34729a8f8cd9dc85be7e50df7f?s=96&d=mm&r=g\",\"url\":\"https:\\\/\\\/secure.gravatar.com\\\/avatar\\\/9137eff67ff750f1997c171f45e5829ca4c8fa34729a8f8cd9dc85be7e50df7f?s=96&d=mm&r=g\",\"contentUrl\":\"https:\\\/\\\/secure.gravatar.com\\\/avatar\\\/9137eff67ff750f1997c171f45e5829ca4c8fa34729a8f8cd9dc85be7e50df7f?s=96&d=mm&r=g\",\"caption\":\"Ana\u00efs Riu\"},\"url\":\"https:\\\/\\\/www.monaco-tribune.com\\\/it\\\/author\\\/anaisriu\\\/\"}]}<\/script>\n<!-- \/ Yoast SEO Premium plugin. -->","yoast_head_json":{"title":"Insieme contro l'abbandono: la grande marcia solidale per gli animali a Monaco","description":"Il 5 ottobre, il Principato far\u00e0 da sfondo a una mobilitazione fuori dal comune. La prima edizione della ROKETHON, una camminata contro l'abbandono degli","robots":{"index":"index","follow":"follow","max-snippet":"max-snippet:-1","max-image-preview":"max-image-preview:large","max-video-preview":"max-video-preview:-1"},"canonical":"https:\/\/www.monaco-tribune.com\/it\/2024\/09\/insieme-contro-labbandono-la-grande-marcia-solidale-per-gli-animali-a-monaco\/","og_locale":"it_IT","og_type":"article","og_title":"Insieme contro l'abbandono: la grande marcia solidale per gli animali a Monaco - Monaco Tribune","og_description":"Il 5 ottobre, il Principato far\u00e0 da sfondo a una mobilitazione fuori dal comune. La prima edizione della ROKETHON, una camminata contro l'abbandono degli","og_url":"https:\/\/www.monaco-tribune.com\/it\/2024\/09\/insieme-contro-labbandono-la-grande-marcia-solidale-per-gli-animali-a-monaco\/","og_site_name":"Monaco Tribune","article_publisher":"https:\/\/www.facebook.com\/MonacoTribune","article_published_time":"2024-09-24T14:36:57+00:00","article_modified_time":"2024-09-24T14:37:07+00:00","og_image":[{"width":1200,"height":600,"url":"https:\/\/www.monaco-tribune.com\/wp-content\/uploads\/2024\/09\/ensemble-contre-labandon-participer-a-la-grande-marche-solidaire-pour-les-animaux-a-monaco-copie.jpg","type":"image\/jpeg"}],"author":"Ana\u00efs Riu","twitter_card":"summary_large_image","twitter_creator":"@MonacoTribune","twitter_site":"@MonacoTribune","schema":{"@context":"https:\/\/schema.org","@graph":[{"@type":"NewsArticle","@id":"https:\/\/www.monaco-tribune.com\/it\/2024\/09\/insieme-contro-labbandono-la-grande-marcia-solidale-per-gli-animali-a-monaco\/#article","isPartOf":{"@id":"https:\/\/www.monaco-tribune.com\/it\/2024\/09\/insieme-contro-labbandono-la-grande-marcia-solidale-per-gli-animali-a-monaco\/"},"author":{"name":"Ana\u00efs Riu","@id":"https:\/\/www.monaco-tribune.com\/it\/#\/schema\/person\/6db631c784f2f0eff54c3ca4d1da2d49"},"headline":"Insieme contro l&#8217;abbandono: la grande marcia solidale per gli animali a Monaco","datePublished":"2024-09-24T14:36:57+00:00","dateModified":"2024-09-24T14:37:07+00:00","mainEntityOfPage":{"@id":"https:\/\/www.monaco-tribune.com\/it\/2024\/09\/insieme-contro-labbandono-la-grande-marcia-solidale-per-gli-animali-a-monaco\/"},"wordCount":588,"publisher":{"@id":"https:\/\/www.monaco-tribune.com\/it\/#organization"},"image":{"@id":"https:\/\/www.monaco-tribune.com\/it\/2024\/09\/insieme-contro-labbandono-la-grande-marcia-solidale-per-gli-animali-a-monaco\/#primaryimage"},"thumbnailUrl":"https:\/\/www.monaco-tribune.com\/wp-content\/uploads\/2024\/09\/ensemble-contre-labandon-participer-a-la-grande-marche-solidaire-pour-les-animaux-a-monaco-copie.jpg","keywords":["Iniziative"],"articleSection":["Cosa fare","Notizie"],"inLanguage":"it-IT","copyrightYear":"2024","copyrightHolder":{"@id":"https:\/\/www.monaco-tribune.com\/#organization"}},{"@type":"WebPage","@id":"https:\/\/www.monaco-tribune.com\/it\/2024\/09\/insieme-contro-labbandono-la-grande-marcia-solidale-per-gli-animali-a-monaco\/","url":"https:\/\/www.monaco-tribune.com\/it\/2024\/09\/insieme-contro-labbandono-la-grande-marcia-solidale-per-gli-animali-a-monaco\/","name":"Insieme contro l'abbandono: la grande marcia solidale per gli animali a Monaco","isPartOf":{"@id":"https:\/\/www.monaco-tribune.com\/it\/#website"},"primaryImageOfPage":{"@id":"https:\/\/www.monaco-tribune.com\/it\/2024\/09\/insieme-contro-labbandono-la-grande-marcia-solidale-per-gli-animali-a-monaco\/#primaryimage"},"image":{"@id":"https:\/\/www.monaco-tribune.com\/it\/2024\/09\/insieme-contro-labbandono-la-grande-marcia-solidale-per-gli-animali-a-monaco\/#primaryimage"},"thumbnailUrl":"https:\/\/www.monaco-tribune.com\/wp-content\/uploads\/2024\/09\/ensemble-contre-labandon-participer-a-la-grande-marche-solidaire-pour-les-animaux-a-monaco-copie.jpg","datePublished":"2024-09-24T14:36:57+00:00","dateModified":"2024-09-24T14:37:07+00:00","description":"Il 5 ottobre, il Principato far\u00e0 da sfondo a una mobilitazione fuori dal comune. La prima edizione della ROKETHON, una camminata contro l'abbandono degli","breadcrumb":{"@id":"https:\/\/www.monaco-tribune.com\/it\/2024\/09\/insieme-contro-labbandono-la-grande-marcia-solidale-per-gli-animali-a-monaco\/#breadcrumb"},"inLanguage":"it-IT","potentialAction":[{"@type":"ReadAction","target":["https:\/\/www.monaco-tribune.com\/it\/2024\/09\/insieme-contro-labbandono-la-grande-marcia-solidale-per-gli-animali-a-monaco\/"]}]},{"@type":"ImageObject","inLanguage":"it-IT","@id":"https:\/\/www.monaco-tribune.com\/it\/2024\/09\/insieme-contro-labbandono-la-grande-marcia-solidale-per-gli-animali-a-monaco\/#primaryimage","url":"https:\/\/www.monaco-tribune.com\/wp-content\/uploads\/2024\/09\/ensemble-contre-labandon-participer-a-la-grande-marche-solidaire-pour-les-animaux-a-monaco-copie.jpg","contentUrl":"https:\/\/www.monaco-tribune.com\/wp-content\/uploads\/2024\/09\/ensemble-contre-labandon-participer-a-la-grande-marche-solidaire-pour-les-animaux-a-monaco-copie.jpg","width":1200,"height":600,"caption":"\u00a9 ROKETHON"},{"@type":"BreadcrumbList","@id":"https:\/\/www.monaco-tribune.com\/it\/2024\/09\/insieme-contro-labbandono-la-grande-marcia-solidale-per-gli-animali-a-monaco\/#breadcrumb","itemListElement":[{"@type":"ListItem","position":1,"name":"Accueil","item":"https:\/\/www.monaco-tribune.com\/it\/"},{"@type":"ListItem","position":2,"name":"Insieme contro l&#8217;abbandono: la grande marcia solidale per gli animali a Monaco"}]},{"@type":"WebSite","@id":"https:\/\/www.monaco-tribune.com\/it\/#website","url":"https:\/\/www.monaco-tribune.com\/it\/","name":"Monaco Tribune","description":"Monaco : actualit\u00e9s \u00e9conomiques, politiques, culturelles et sportives de Monaco et de la French Riviera.","publisher":{"@id":"https:\/\/www.monaco-tribune.com\/it\/#organization"},"potentialAction":[{"@type":"SearchAction","target":{"@type":"EntryPoint","urlTemplate":"https:\/\/www.monaco-tribune.com\/it\/?s={search_term_string}"},"query-input":{"@type":"PropertyValueSpecification","valueRequired":true,"valueName":"search_term_string"}}],"inLanguage":"it-IT"},{"@type":"Organization","@id":"https:\/\/www.monaco-tribune.com\/it\/#organization","name":"Monaco Tribune","url":"https:\/\/www.monaco-tribune.com\/it\/","logo":{"@type":"ImageObject","inLanguage":"it-IT","@id":"https:\/\/www.monaco-tribune.com\/it\/#\/schema\/logo\/image\/","url":"https:\/\/www.monaco-tribune.com\/wp-content\/uploads\/2022\/11\/logo-monaco-tribune.png","contentUrl":"https:\/\/www.monaco-tribune.com\/wp-content\/uploads\/2022\/11\/logo-monaco-tribune.png","width":1548,"height":600,"caption":"Monaco Tribune"},"image":{"@id":"https:\/\/www.monaco-tribune.com\/it\/#\/schema\/logo\/image\/"},"sameAs":["https:\/\/www.facebook.com\/MonacoTribune","https:\/\/x.com\/MonacoTribune","https:\/\/www.instagram.com\/monacotribune\/","https:\/\/www.linkedin.com\/company\/monaco-tribune","https:\/\/www.youtube.com\/channel\/UCHle1MnG6hw1y4lWKijVbMA"]},{"@type":"Person","@id":"https:\/\/www.monaco-tribune.com\/it\/#\/schema\/person\/6db631c784f2f0eff54c3ca4d1da2d49","name":"Ana\u00efs Riu","image":{"@type":"ImageObject","inLanguage":"it-IT","@id":"https:\/\/secure.gravatar.com\/avatar\/9137eff67ff750f1997c171f45e5829ca4c8fa34729a8f8cd9dc85be7e50df7f?s=96&d=mm&r=g","url":"https:\/\/secure.gravatar.com\/avatar\/9137eff67ff750f1997c171f45e5829ca4c8fa34729a8f8cd9dc85be7e50df7f?s=96&d=mm&r=g","contentUrl":"https:\/\/secure.gravatar.com\/avatar\/9137eff67ff750f1997c171f45e5829ca4c8fa34729a8f8cd9dc85be7e50df7f?s=96&d=mm&r=g","caption":"Ana\u00efs Riu"},"url":"https:\/\/www.monaco-tribune.com\/it\/author\/anaisriu\/"}]}},"_links":{"self":[{"href":"https:\/\/www.monaco-tribune.com\/it\/wp-json\/wp\/v2\/posts\/251734","targetHints":{"allow":["GET"]}}],"collection":[{"href":"https:\/\/www.monaco-tribune.com\/it\/wp-json\/wp\/v2\/posts"}],"about":[{"href":"https:\/\/www.monaco-tribune.com\/it\/wp-json\/wp\/v2\/types\/post"}],"author":[{"embeddable":true,"href":"https:\/\/www.monaco-tribune.com\/it\/wp-json\/wp\/v2\/users\/77"}],"replies":[{"embeddable":true,"href":"https:\/\/www.monaco-tribune.com\/it\/wp-json\/wp\/v2\/comments?post=251734"}],"version-history":[{"count":2,"href":"https:\/\/www.monaco-tribune.com\/it\/wp-json\/wp\/v2\/posts\/251734\/revisions"}],"predecessor-version":[{"id":251737,"href":"https:\/\/www.monaco-tribune.com\/it\/wp-json\/wp\/v2\/posts\/251734\/revisions\/251737"}],"wp:featuredmedia":[{"embeddable":true,"href":"https:\/\/www.monaco-tribune.com\/it\/wp-json\/wp\/v2\/media\/251406"}],"wp:attachment":[{"href":"https:\/\/www.monaco-tribune.com\/it\/wp-json\/wp\/v2\/media?parent=251734"}],"wp:term":[{"taxonomy":"category","embeddable":true,"href":"https:\/\/www.monaco-tribune.com\/it\/wp-json\/wp\/v2\/categories?post=251734"},{"taxonomy":"post_tag","embeddable":true,"href":"https:\/\/www.monaco-tribune.com\/it\/wp-json\/wp\/v2\/tags?post=251734"},{"taxonomy":"sectag","embeddable":true,"href":"https:\/\/www.monaco-tribune.com\/it\/wp-json\/wp\/v2\/post_sectags?post=251734"},{"taxonomy":"format","embeddable":true,"href":"https:\/\/www.monaco-tribune.com\/it\/wp-json\/wp\/v2\/post_format?post=251734"}],"curies":[{"name":"wp","href":"https:\/\/api.w.org\/{rel}","templated":true}]}}