{"id":25175,"date":"2020-03-30T18:24:19","date_gmt":"2020-03-30T16:24:19","guid":{"rendered":"https:\/\/www.monaco-tribune.com\/2020\/03\/coronavirus-controllo-medico-giornaliero-a-distanza\/"},"modified":"2020-03-30T18:26:01","modified_gmt":"2020-03-30T16:26:01","slug":"coronavirus-controllo-medico-giornaliero-a-distanza","status":"publish","type":"post","link":"https:\/\/www.monaco-tribune.com\/it\/2020\/03\/coronavirus-controllo-medico-giornaliero-a-distanza\/","title":{"rendered":"Coronavirus: monitoraggio dei pazienti a distanza"},"content":{"rendered":"<p class=\"p1\"><strong>Nel Principato di Monaco, solo i pazienti con sintomi pi\u00f9 gravi del Covid-19 sono ricoverati in ospedale, mentre quelli con sintomi pi\u00f9 lievi sono invitati a rimanere a casa e ad essere monitorati a distanza.\u00a0<\/strong><\/p>\n<p>&nbsp;<\/p>\n<p class=\"p1\">Per evitare di sovraccaricare le strutture ospedaliere e le pratiche dei medici liberali monegaschi e per garantire che i pazienti affetti dal Covid-19 siano curati &#8220;in modo agevole e confortevole per loro&#8221;, il Governo principesco ha istituito un\u00a0<a href=\"https:\/\/www.gouv.mc\/Actualites\/Covid-19-le-Gouvernement-princier-met-en-place-un-Centre-de-suivi-des-patients-a-domicile\">centro di monitoraggio dei pazienti a domicilio<\/a>.<\/p>\n<p>&nbsp;<\/p>\n<p class=\"p1\"><strong>Controllo medico giornaliero tramite il servizio di teleconsulto medico<\/strong><\/p>\n<p>L&#8217;unit\u00e0 incaricata di monitorare i ricoveri a domicilio stabilisce un contatto diretto con i pazienti e garantisce il loro comfort tramite il servizio di teleconsulto medico. Il paziente monitorato ha la possibilit\u00e0 di entrare in contatto con questa cellula in qualsiasi momento.<\/p>\n<p>Le squadre del centro sono composte da personale del dipartimento di azione sanitaria, medici, assistenti sociali, volontari della Croce rossa di Monaco, segretari medici e psicologi del CHPG.<\/p>\n<p>Il sistema \u00e8 stato messo in funzione luned\u00ec 23 marzo. La squadra del centro si occupa gi\u00e0 di oltre 47 pazienti che soffrono di COVID-19.<\/p>\n","protected":false},"excerpt":{"rendered":"<p>Nel Principato di Monaco, solo i pazienti con sintomi pi\u00f9 gravi del Covid-19 sono ricoverati in ospedale, mentre quelli con [&hellip;]<\/p>\n","protected":false},"author":21,"featured_media":25156,"comment_status":"closed","ping_status":"open","sticky":false,"template":"","format":"standard","meta":{"_acf_changed":false,"footnotes":""},"categories":[1738,1752],"tags":[2886],"post_sectags":[],"post_format":[2478],"class_list":["post-25175","post","type-post","status-publish","format-standard","has-post-thumbnail","hentry","category-notizie","category-societa","tag-covid-19-it","format-notizia"],"acf":[],"yoast_head":"<!-- This site is optimized with the Yoast SEO Premium plugin v26.8 (Yoast SEO v27.4) - https:\/\/yoast.com\/product\/yoast-seo-premium-wordpress\/ -->\n<title>Coronavirus: monitoraggio dei pazienti a distanza<\/title>\n<meta name=\"description\" content=\"Nel Principato di Monaco, solo i pazienti con sintomi pi\u00f9 gravi del Covid-19 sono ricoverati in ospedale, mentre quelli con sintomi pi\u00f9 lievi sono\" \/>\n<meta name=\"robots\" content=\"index, follow, max-snippet:-1, max-image-preview:large, max-video-preview:-1\" \/>\n<link rel=\"canonical\" href=\"https:\/\/www.monaco-tribune.com\/it\/2020\/03\/coronavirus-controllo-medico-giornaliero-a-distanza\/\" \/>\n<meta property=\"og:locale\" content=\"it_IT\" \/>\n<meta property=\"og:type\" content=\"article\" \/>\n<meta property=\"og:title\" content=\"Coronavirus: monitoraggio dei pazienti a distanza - Monaco Tribune\" \/>\n<meta property=\"og:description\" content=\"Nel Principato di Monaco, solo i pazienti con sintomi pi\u00f9 gravi del Covid-19 sono ricoverati in ospedale, mentre quelli con sintomi pi\u00f9 lievi sono\" \/>\n<meta property=\"og:url\" content=\"https:\/\/www.monaco-tribune.com\/it\/2020\/03\/coronavirus-controllo-medico-giornaliero-a-distanza\/\" \/>\n<meta property=\"og:site_name\" content=\"Monaco Tribune\" \/>\n<meta property=\"article:publisher\" content=\"https:\/\/www.facebook.com\/MonacoTribune\" \/>\n<meta property=\"article:published_time\" content=\"2020-03-30T16:24:19+00:00\" \/>\n<meta property=\"article:modified_time\" content=\"2020-03-30T16:26:01+00:00\" \/>\n<meta property=\"og:image\" content=\"https:\/\/www.monaco-tribune.com\/wp-content\/uploads\/2020\/03\/Centre-de-suivi-des-patients-a\u0300-domicile-Monaco.png\" \/>\n\t<meta property=\"og:image:width\" content=\"1572\" \/>\n\t<meta property=\"og:image:height\" content=\"866\" \/>\n\t<meta property=\"og:image:type\" content=\"image\/png\" \/>\n<meta name=\"author\" content=\"Monaco Tribune\" \/>\n<meta name=\"twitter:card\" content=\"summary_large_image\" \/>\n<meta name=\"twitter:creator\" content=\"@MonacoTribune\" \/>\n<meta name=\"twitter:site\" content=\"@MonacoTribune\" \/>\n<script type=\"application\/ld+json\" class=\"yoast-schema-graph\">{\"@context\":\"https:\\\/\\\/schema.org\",\"@graph\":[{\"@type\":\"NewsArticle\",\"@id\":\"https:\\\/\\\/www.monaco-tribune.com\\\/it\\\/2020\\\/03\\\/coronavirus-controllo-medico-giornaliero-a-distanza\\\/#article\",\"isPartOf\":{\"@id\":\"https:\\\/\\\/www.monaco-tribune.com\\\/it\\\/2020\\\/03\\\/coronavirus-controllo-medico-giornaliero-a-distanza\\\/\"},\"author\":{\"name\":\"Monaco Tribune\",\"@id\":\"https:\\\/\\\/www.monaco-tribune.com\\\/it\\\/#\\\/schema\\\/person\\\/8f6ed8c063276e2397589eda5b7a2f2d\"},\"headline\":\"Coronavirus: monitoraggio dei pazienti a distanza\",\"datePublished\":\"2020-03-30T16:24:19+00:00\",\"dateModified\":\"2020-03-30T16:26:01+00:00\",\"mainEntityOfPage\":{\"@id\":\"https:\\\/\\\/www.monaco-tribune.com\\\/it\\\/2020\\\/03\\\/coronavirus-controllo-medico-giornaliero-a-distanza\\\/\"},\"wordCount\":190,\"publisher\":{\"@id\":\"https:\\\/\\\/www.monaco-tribune.com\\\/it\\\/#organization\"},\"image\":{\"@id\":\"https:\\\/\\\/www.monaco-tribune.com\\\/it\\\/2020\\\/03\\\/coronavirus-controllo-medico-giornaliero-a-distanza\\\/#primaryimage\"},\"thumbnailUrl\":\"https:\\\/\\\/www.monaco-tribune.com\\\/wp-content\\\/uploads\\\/2020\\\/03\\\/Centre-de-suivi-des-patients-a\u0300-domicile-Monaco.png\",\"keywords\":[\"Covid-19\"],\"articleSection\":[\"Notizie\",\"Societ\u00e0\"],\"inLanguage\":\"it-IT\",\"copyrightYear\":\"2020\",\"copyrightHolder\":{\"@id\":\"https:\\\/\\\/www.monaco-tribune.com\\\/#organization\"}},{\"@type\":\"WebPage\",\"@id\":\"https:\\\/\\\/www.monaco-tribune.com\\\/it\\\/2020\\\/03\\\/coronavirus-controllo-medico-giornaliero-a-distanza\\\/\",\"url\":\"https:\\\/\\\/www.monaco-tribune.com\\\/it\\\/2020\\\/03\\\/coronavirus-controllo-medico-giornaliero-a-distanza\\\/\",\"name\":\"Coronavirus: monitoraggio dei pazienti a distanza\",\"isPartOf\":{\"@id\":\"https:\\\/\\\/www.monaco-tribune.com\\\/it\\\/#website\"},\"primaryImageOfPage\":{\"@id\":\"https:\\\/\\\/www.monaco-tribune.com\\\/it\\\/2020\\\/03\\\/coronavirus-controllo-medico-giornaliero-a-distanza\\\/#primaryimage\"},\"image\":{\"@id\":\"https:\\\/\\\/www.monaco-tribune.com\\\/it\\\/2020\\\/03\\\/coronavirus-controllo-medico-giornaliero-a-distanza\\\/#primaryimage\"},\"thumbnailUrl\":\"https:\\\/\\\/www.monaco-tribune.com\\\/wp-content\\\/uploads\\\/2020\\\/03\\\/Centre-de-suivi-des-patients-a\u0300-domicile-Monaco.png\",\"datePublished\":\"2020-03-30T16:24:19+00:00\",\"dateModified\":\"2020-03-30T16:26:01+00:00\",\"description\":\"Nel Principato di Monaco, solo i pazienti con sintomi pi\u00f9 gravi del Covid-19 sono ricoverati in ospedale, mentre quelli con sintomi pi\u00f9 lievi sono\",\"breadcrumb\":{\"@id\":\"https:\\\/\\\/www.monaco-tribune.com\\\/it\\\/2020\\\/03\\\/coronavirus-controllo-medico-giornaliero-a-distanza\\\/#breadcrumb\"},\"inLanguage\":\"it-IT\",\"potentialAction\":[{\"@type\":\"ReadAction\",\"target\":[\"https:\\\/\\\/www.monaco-tribune.com\\\/it\\\/2020\\\/03\\\/coronavirus-controllo-medico-giornaliero-a-distanza\\\/\"]}]},{\"@type\":\"ImageObject\",\"inLanguage\":\"it-IT\",\"@id\":\"https:\\\/\\\/www.monaco-tribune.com\\\/it\\\/2020\\\/03\\\/coronavirus-controllo-medico-giornaliero-a-distanza\\\/#primaryimage\",\"url\":\"https:\\\/\\\/www.monaco-tribune.com\\\/wp-content\\\/uploads\\\/2020\\\/03\\\/Centre-de-suivi-des-patients-a\u0300-domicile-Monaco.png\",\"contentUrl\":\"https:\\\/\\\/www.monaco-tribune.com\\\/wp-content\\\/uploads\\\/2020\\\/03\\\/Centre-de-suivi-des-patients-a\u0300-domicile-Monaco.png\",\"width\":1572,\"height\":866,\"caption\":\"Il consigliere-ministro governativo responsabile della salute, Didier Gamerdinger, si \u00e8 incontrato con le squadre per fare il punto dei progressi. \u00a9 Direction de la Communication \\\/ Manuel Vitali\"},{\"@type\":\"BreadcrumbList\",\"@id\":\"https:\\\/\\\/www.monaco-tribune.com\\\/it\\\/2020\\\/03\\\/coronavirus-controllo-medico-giornaliero-a-distanza\\\/#breadcrumb\",\"itemListElement\":[{\"@type\":\"ListItem\",\"position\":1,\"name\":\"Accueil\",\"item\":\"https:\\\/\\\/www.monaco-tribune.com\\\/it\\\/\"},{\"@type\":\"ListItem\",\"position\":2,\"name\":\"Coronavirus: monitoraggio dei pazienti a distanza\"}]},{\"@type\":\"WebSite\",\"@id\":\"https:\\\/\\\/www.monaco-tribune.com\\\/it\\\/#website\",\"url\":\"https:\\\/\\\/www.monaco-tribune.com\\\/it\\\/\",\"name\":\"Monaco Tribune\",\"description\":\"Monaco : actualit\u00e9s \u00e9conomiques, politiques, culturelles et sportives de Monaco et de la French Riviera.\",\"publisher\":{\"@id\":\"https:\\\/\\\/www.monaco-tribune.com\\\/it\\\/#organization\"},\"potentialAction\":[{\"@type\":\"SearchAction\",\"target\":{\"@type\":\"EntryPoint\",\"urlTemplate\":\"https:\\\/\\\/www.monaco-tribune.com\\\/it\\\/?s={search_term_string}\"},\"query-input\":{\"@type\":\"PropertyValueSpecification\",\"valueRequired\":true,\"valueName\":\"search_term_string\"}}],\"inLanguage\":\"it-IT\"},{\"@type\":\"Organization\",\"@id\":\"https:\\\/\\\/www.monaco-tribune.com\\\/it\\\/#organization\",\"name\":\"Monaco Tribune\",\"url\":\"https:\\\/\\\/www.monaco-tribune.com\\\/it\\\/\",\"logo\":{\"@type\":\"ImageObject\",\"inLanguage\":\"it-IT\",\"@id\":\"https:\\\/\\\/www.monaco-tribune.com\\\/it\\\/#\\\/schema\\\/logo\\\/image\\\/\",\"url\":\"https:\\\/\\\/www.monaco-tribune.com\\\/wp-content\\\/uploads\\\/2022\\\/11\\\/logo-monaco-tribune.png\",\"contentUrl\":\"https:\\\/\\\/www.monaco-tribune.com\\\/wp-content\\\/uploads\\\/2022\\\/11\\\/logo-monaco-tribune.png\",\"width\":1548,\"height\":600,\"caption\":\"Monaco Tribune\"},\"image\":{\"@id\":\"https:\\\/\\\/www.monaco-tribune.com\\\/it\\\/#\\\/schema\\\/logo\\\/image\\\/\"},\"sameAs\":[\"https:\\\/\\\/www.facebook.com\\\/MonacoTribune\",\"https:\\\/\\\/x.com\\\/MonacoTribune\",\"https:\\\/\\\/www.instagram.com\\\/monacotribune\\\/\",\"https:\\\/\\\/www.linkedin.com\\\/company\\\/monaco-tribune\",\"https:\\\/\\\/www.youtube.com\\\/channel\\\/UCHle1MnG6hw1y4lWKijVbMA\"]},{\"@type\":\"Person\",\"@id\":\"https:\\\/\\\/www.monaco-tribune.com\\\/it\\\/#\\\/schema\\\/person\\\/8f6ed8c063276e2397589eda5b7a2f2d\",\"name\":\"Monaco Tribune\",\"image\":{\"@type\":\"ImageObject\",\"inLanguage\":\"it-IT\",\"@id\":\"https:\\\/\\\/secure.gravatar.com\\\/avatar\\\/3010e6c5d6c8056ec1c25228fe68ea089879e5ae0de884e0247744ee988aaf6a?s=96&d=mm&r=g\",\"url\":\"https:\\\/\\\/secure.gravatar.com\\\/avatar\\\/3010e6c5d6c8056ec1c25228fe68ea089879e5ae0de884e0247744ee988aaf6a?s=96&d=mm&r=g\",\"contentUrl\":\"https:\\\/\\\/secure.gravatar.com\\\/avatar\\\/3010e6c5d6c8056ec1c25228fe68ea089879e5ae0de884e0247744ee988aaf6a?s=96&d=mm&r=g\",\"caption\":\"Monaco Tribune\"},\"url\":\"https:\\\/\\\/www.monaco-tribune.com\\\/it\\\/author\\\/monaco-tribune\\\/\"}]}<\/script>\n<!-- \/ Yoast SEO Premium plugin. -->","yoast_head_json":{"title":"Coronavirus: monitoraggio dei pazienti a distanza","description":"Nel Principato di Monaco, solo i pazienti con sintomi pi\u00f9 gravi del Covid-19 sono ricoverati in ospedale, mentre quelli con sintomi pi\u00f9 lievi sono","robots":{"index":"index","follow":"follow","max-snippet":"max-snippet:-1","max-image-preview":"max-image-preview:large","max-video-preview":"max-video-preview:-1"},"canonical":"https:\/\/www.monaco-tribune.com\/it\/2020\/03\/coronavirus-controllo-medico-giornaliero-a-distanza\/","og_locale":"it_IT","og_type":"article","og_title":"Coronavirus: monitoraggio dei pazienti a distanza - Monaco Tribune","og_description":"Nel Principato di Monaco, solo i pazienti con sintomi pi\u00f9 gravi del Covid-19 sono ricoverati in ospedale, mentre quelli con sintomi pi\u00f9 lievi sono","og_url":"https:\/\/www.monaco-tribune.com\/it\/2020\/03\/coronavirus-controllo-medico-giornaliero-a-distanza\/","og_site_name":"Monaco Tribune","article_publisher":"https:\/\/www.facebook.com\/MonacoTribune","article_published_time":"2020-03-30T16:24:19+00:00","article_modified_time":"2020-03-30T16:26:01+00:00","og_image":[{"width":1572,"height":866,"url":"https:\/\/www.monaco-tribune.com\/wp-content\/uploads\/2020\/03\/Centre-de-suivi-des-patients-a\u0300-domicile-Monaco.png","type":"image\/png"}],"author":"Monaco Tribune","twitter_card":"summary_large_image","twitter_creator":"@MonacoTribune","twitter_site":"@MonacoTribune","schema":{"@context":"https:\/\/schema.org","@graph":[{"@type":"NewsArticle","@id":"https:\/\/www.monaco-tribune.com\/it\/2020\/03\/coronavirus-controllo-medico-giornaliero-a-distanza\/#article","isPartOf":{"@id":"https:\/\/www.monaco-tribune.com\/it\/2020\/03\/coronavirus-controllo-medico-giornaliero-a-distanza\/"},"author":{"name":"Monaco Tribune","@id":"https:\/\/www.monaco-tribune.com\/it\/#\/schema\/person\/8f6ed8c063276e2397589eda5b7a2f2d"},"headline":"Coronavirus: monitoraggio dei pazienti a distanza","datePublished":"2020-03-30T16:24:19+00:00","dateModified":"2020-03-30T16:26:01+00:00","mainEntityOfPage":{"@id":"https:\/\/www.monaco-tribune.com\/it\/2020\/03\/coronavirus-controllo-medico-giornaliero-a-distanza\/"},"wordCount":190,"publisher":{"@id":"https:\/\/www.monaco-tribune.com\/it\/#organization"},"image":{"@id":"https:\/\/www.monaco-tribune.com\/it\/2020\/03\/coronavirus-controllo-medico-giornaliero-a-distanza\/#primaryimage"},"thumbnailUrl":"https:\/\/www.monaco-tribune.com\/wp-content\/uploads\/2020\/03\/Centre-de-suivi-des-patients-a\u0300-domicile-Monaco.png","keywords":["Covid-19"],"articleSection":["Notizie","Societ\u00e0"],"inLanguage":"it-IT","copyrightYear":"2020","copyrightHolder":{"@id":"https:\/\/www.monaco-tribune.com\/#organization"}},{"@type":"WebPage","@id":"https:\/\/www.monaco-tribune.com\/it\/2020\/03\/coronavirus-controllo-medico-giornaliero-a-distanza\/","url":"https:\/\/www.monaco-tribune.com\/it\/2020\/03\/coronavirus-controllo-medico-giornaliero-a-distanza\/","name":"Coronavirus: monitoraggio dei pazienti a distanza","isPartOf":{"@id":"https:\/\/www.monaco-tribune.com\/it\/#website"},"primaryImageOfPage":{"@id":"https:\/\/www.monaco-tribune.com\/it\/2020\/03\/coronavirus-controllo-medico-giornaliero-a-distanza\/#primaryimage"},"image":{"@id":"https:\/\/www.monaco-tribune.com\/it\/2020\/03\/coronavirus-controllo-medico-giornaliero-a-distanza\/#primaryimage"},"thumbnailUrl":"https:\/\/www.monaco-tribune.com\/wp-content\/uploads\/2020\/03\/Centre-de-suivi-des-patients-a\u0300-domicile-Monaco.png","datePublished":"2020-03-30T16:24:19+00:00","dateModified":"2020-03-30T16:26:01+00:00","description":"Nel Principato di Monaco, solo i pazienti con sintomi pi\u00f9 gravi del Covid-19 sono ricoverati in ospedale, mentre quelli con sintomi pi\u00f9 lievi sono","breadcrumb":{"@id":"https:\/\/www.monaco-tribune.com\/it\/2020\/03\/coronavirus-controllo-medico-giornaliero-a-distanza\/#breadcrumb"},"inLanguage":"it-IT","potentialAction":[{"@type":"ReadAction","target":["https:\/\/www.monaco-tribune.com\/it\/2020\/03\/coronavirus-controllo-medico-giornaliero-a-distanza\/"]}]},{"@type":"ImageObject","inLanguage":"it-IT","@id":"https:\/\/www.monaco-tribune.com\/it\/2020\/03\/coronavirus-controllo-medico-giornaliero-a-distanza\/#primaryimage","url":"https:\/\/www.monaco-tribune.com\/wp-content\/uploads\/2020\/03\/Centre-de-suivi-des-patients-a\u0300-domicile-Monaco.png","contentUrl":"https:\/\/www.monaco-tribune.com\/wp-content\/uploads\/2020\/03\/Centre-de-suivi-des-patients-a\u0300-domicile-Monaco.png","width":1572,"height":866,"caption":"Il consigliere-ministro governativo responsabile della salute, Didier Gamerdinger, si \u00e8 incontrato con le squadre per fare il punto dei progressi. \u00a9 Direction de la Communication \/ Manuel Vitali"},{"@type":"BreadcrumbList","@id":"https:\/\/www.monaco-tribune.com\/it\/2020\/03\/coronavirus-controllo-medico-giornaliero-a-distanza\/#breadcrumb","itemListElement":[{"@type":"ListItem","position":1,"name":"Accueil","item":"https:\/\/www.monaco-tribune.com\/it\/"},{"@type":"ListItem","position":2,"name":"Coronavirus: monitoraggio dei pazienti a distanza"}]},{"@type":"WebSite","@id":"https:\/\/www.monaco-tribune.com\/it\/#website","url":"https:\/\/www.monaco-tribune.com\/it\/","name":"Monaco Tribune","description":"Monaco : actualit\u00e9s \u00e9conomiques, politiques, culturelles et sportives de Monaco et de la French Riviera.","publisher":{"@id":"https:\/\/www.monaco-tribune.com\/it\/#organization"},"potentialAction":[{"@type":"SearchAction","target":{"@type":"EntryPoint","urlTemplate":"https:\/\/www.monaco-tribune.com\/it\/?s={search_term_string}"},"query-input":{"@type":"PropertyValueSpecification","valueRequired":true,"valueName":"search_term_string"}}],"inLanguage":"it-IT"},{"@type":"Organization","@id":"https:\/\/www.monaco-tribune.com\/it\/#organization","name":"Monaco Tribune","url":"https:\/\/www.monaco-tribune.com\/it\/","logo":{"@type":"ImageObject","inLanguage":"it-IT","@id":"https:\/\/www.monaco-tribune.com\/it\/#\/schema\/logo\/image\/","url":"https:\/\/www.monaco-tribune.com\/wp-content\/uploads\/2022\/11\/logo-monaco-tribune.png","contentUrl":"https:\/\/www.monaco-tribune.com\/wp-content\/uploads\/2022\/11\/logo-monaco-tribune.png","width":1548,"height":600,"caption":"Monaco Tribune"},"image":{"@id":"https:\/\/www.monaco-tribune.com\/it\/#\/schema\/logo\/image\/"},"sameAs":["https:\/\/www.facebook.com\/MonacoTribune","https:\/\/x.com\/MonacoTribune","https:\/\/www.instagram.com\/monacotribune\/","https:\/\/www.linkedin.com\/company\/monaco-tribune","https:\/\/www.youtube.com\/channel\/UCHle1MnG6hw1y4lWKijVbMA"]},{"@type":"Person","@id":"https:\/\/www.monaco-tribune.com\/it\/#\/schema\/person\/8f6ed8c063276e2397589eda5b7a2f2d","name":"Monaco Tribune","image":{"@type":"ImageObject","inLanguage":"it-IT","@id":"https:\/\/secure.gravatar.com\/avatar\/3010e6c5d6c8056ec1c25228fe68ea089879e5ae0de884e0247744ee988aaf6a?s=96&d=mm&r=g","url":"https:\/\/secure.gravatar.com\/avatar\/3010e6c5d6c8056ec1c25228fe68ea089879e5ae0de884e0247744ee988aaf6a?s=96&d=mm&r=g","contentUrl":"https:\/\/secure.gravatar.com\/avatar\/3010e6c5d6c8056ec1c25228fe68ea089879e5ae0de884e0247744ee988aaf6a?s=96&d=mm&r=g","caption":"Monaco Tribune"},"url":"https:\/\/www.monaco-tribune.com\/it\/author\/monaco-tribune\/"}]}},"_links":{"self":[{"href":"https:\/\/www.monaco-tribune.com\/it\/wp-json\/wp\/v2\/posts\/25175","targetHints":{"allow":["GET"]}}],"collection":[{"href":"https:\/\/www.monaco-tribune.com\/it\/wp-json\/wp\/v2\/posts"}],"about":[{"href":"https:\/\/www.monaco-tribune.com\/it\/wp-json\/wp\/v2\/types\/post"}],"author":[{"embeddable":true,"href":"https:\/\/www.monaco-tribune.com\/it\/wp-json\/wp\/v2\/users\/21"}],"replies":[{"embeddable":true,"href":"https:\/\/www.monaco-tribune.com\/it\/wp-json\/wp\/v2\/comments?post=25175"}],"version-history":[{"count":0,"href":"https:\/\/www.monaco-tribune.com\/it\/wp-json\/wp\/v2\/posts\/25175\/revisions"}],"wp:featuredmedia":[{"embeddable":true,"href":"https:\/\/www.monaco-tribune.com\/it\/wp-json\/wp\/v2\/media\/25156"}],"wp:attachment":[{"href":"https:\/\/www.monaco-tribune.com\/it\/wp-json\/wp\/v2\/media?parent=25175"}],"wp:term":[{"taxonomy":"category","embeddable":true,"href":"https:\/\/www.monaco-tribune.com\/it\/wp-json\/wp\/v2\/categories?post=25175"},{"taxonomy":"post_tag","embeddable":true,"href":"https:\/\/www.monaco-tribune.com\/it\/wp-json\/wp\/v2\/tags?post=25175"},{"taxonomy":"sectag","embeddable":true,"href":"https:\/\/www.monaco-tribune.com\/it\/wp-json\/wp\/v2\/post_sectags?post=25175"},{"taxonomy":"format","embeddable":true,"href":"https:\/\/www.monaco-tribune.com\/it\/wp-json\/wp\/v2\/post_format?post=25175"}],"curies":[{"name":"wp","href":"https:\/\/api.w.org\/{rel}","templated":true}]}}