{"id":252014,"date":"2024-09-26T12:36:41","date_gmt":"2024-09-26T10:36:41","guid":{"rendered":"https:\/\/www.monaco-tribune.com\/2024\/09\/charlotte-casiraghi-non-amo-troppo-le-rappresentazioni-ufficiali-preferisco-essere-libera\/"},"modified":"2024-09-26T12:36:48","modified_gmt":"2024-09-26T10:36:48","slug":"charlotte-casiraghi-non-amo-troppo-le-rappresentazioni-ufficiali-preferisco-essere-libera","status":"publish","type":"post","link":"https:\/\/www.monaco-tribune.com\/it\/2024\/09\/charlotte-casiraghi-non-amo-troppo-le-rappresentazioni-ufficiali-preferisco-essere-libera\/","title":{"rendered":"Charlotte Casiraghi: &#8220;Non amo troppo le &#8216;rappresentazioni ufficiali&#8217;, preferisco essere libera&#8221;"},"content":{"rendered":"\n<p><strong>Tra il ruolo di madre, rappresentante della Famiglia Principesca e la sua carriera, Charlotte Casiraghi sta seguendo una strada singolare in una perenne ricerca di libert\u00e0 e benessere.<\/strong><\/p>\n\n<p>Charlotte Casiraghi, figlia della Principessa Carolina di Monaco e nipote di Grace Kelly, \u00e8 una donna indipendente e appassionata, saldamente ancorata al suo tempo.<\/p>\n\n<p>In un&#8217;intervista rilasciata al <em><a href=\"https:\/\/www.telegraph.co.uk\/fashion\/people\/interview-charlotte-casiraghi-grace-kelly-granddaughter\/\">Telegraph<\/a><\/em>, ha parlato della sua infanzia, della sua carriera e di come ha imparato a conciliare il suo status principesco con la ricerca della libert\u00e0 personale. Come sottolinea la giornalista Hermione Eyre nel suo articolo, una parola ricorre di continuo nel suo discorso: libert\u00e0. Durante i 45 minuti di intervista, Charlotte Casiraghi l&#8217;ha pronunciata almeno dieci volte.<\/p>\n\n<h2 class=\"wp-block-heading\" id=\"h-une-quete-perpetuelle-de-liberte\">Una continua ricerca di libert\u00e0<\/h2>\n\n<p>Nonostante sia l&#8217;ottava in linea di successione al trono monegasco, Charlotte Casiraghi non ama essere definita dal suo titolo. \u201cCerco di distaccarmi da questo status &#8216;reale&#8217;\u201d, confida. &#8220;Non amo particolarmente le \u2018rappresentazioni ufficiali\u2019, anche se, quando c&#8217;\u00e8 uno scopo o se \u00e8 importante per la mia famiglia, mi adeguo. Ma \u00e8 una cosa che mette pressione e attira il giudizio della gente (&#8230;) Preferisco essere libera\u201d, aggiunge. Questa ricerca di libert\u00e0 si estende a ogni ambito della sua vita, dalla carriera alla famiglia, fino agli impegni a Monaco.<\/p>\n\n<p>Ci ha inoltre tenuto a precisare che la lettura l&#8217;ha aiutata a superare le aspettative della societ\u00e0: \u201cLeggere molte autrici mi ha aiutato a non vivere secondo le aspettative e i giudizi. Per me \u00e8 importante liberarsi da certe convenzioni&#8221;.<\/p>\n\n<p class=\"related\"><a href=\"https:\/\/www.monaco-tribune.com\/it\/2024\/06\/la-principessa-carolina-e-charlotte-casiraghi-in-visita-al-nuovo-museo-nazionale-di-monaco\/\">La Principessa Carolina e Charlotte Casiraghi in visita al Nuovo Museo Nazionale di Monaco<\/a><\/p>\n\n<h2 class=\"wp-block-heading\" id=\"h-le-defi-d-etre-mere-et-femme-libre\">La sfida di essere una madre e una donna libera<\/h2>\n\n<p>Madre di due bambini, Rapha\u00ebl e Balthazar, la Casiraghi parla delle difficolt\u00e0 che incontrano le donne che devono destreggiarsi tra carriera e maternit\u00e0. \u201cPenso che per le donne sia una sfida avere dei figli&#8230; Ogni madre che lavora si sente oppressa e combattuta. Gli uomini non la vivono allo stesso modo&#8221;.<\/p>\n\n<p>Sottolinea anche la disuguaglianza dei carichi che gravano sui due sessi, affermando che le madri sono costantemente schiacciate dalle loro responsabilit\u00e0 familiari. \u201cPrima di avere figli, non ci si rende conto che bisogna lottare per ritagliarsi il proprio spazio e preservare la propria creativit\u00e0\u201d.<\/p>\n\n<h2 class=\"wp-block-heading\" id=\"h-des-initiatives-a-monaco-centrees-sur-la-sante-maternelle\">Iniziative a Monaco incentrate sulla salute delle mamme<\/h2>\n\n<p>Anche se cerca di prendere le distanze dal suo ruolo ufficiale, la figlia della Principessa Carolina \u00e8 impegnata in diversi progetti a Monaco, tra cui alcuni eventi dedicati alla salute delle madri. &#8220;Monaco \u00e8 un paese piccolo, quindi \u00e8 facile a livello politico mettere in piedi qualcosa. Lavoro con i dipartimenti dell&#8217;istruzione, della cultura e della sanit\u00e0. In un paese pi\u00f9 grande ci vorrebbe molto tempo, ma a Monaco possiamo sperimentare. \u00c8 una grande fortuna\u201d, ammette.<\/p>\n\n<blockquote class=\"wp-block-quote is-layout-flow wp-block-quote-is-layout-flow\">\n<p>A Monaco possiamo sperimentare. \u00c8 una fortuna.<\/p>\n<\/blockquote>\n\n<p>Affrontando temi come \u201cil corpo della donna incinta\u201d, Charlotte Casiraghi racconta alla giornalista che organizza seminari presso il Centro Ospedaliero Principessa Grace. Per lei non si tratta solo di fornire sostegno, ma anche di \u201cvedere questa esperienza come una costante messa in discussione della nostra condizione umana durante un periodo di vulnerabilit\u00e0 e di interrogativi\u201d.<\/p>\n\n<h2 class=\"wp-block-heading\" id=\"h-une-enfance-loin-des-privileges\">Un&#8217;infanzia senza privilegi<\/h2>\n\n<p>Sebbene il suo nome sia sinonimo di prestigio, dopo la tragica morte del padre, Stefano Casiraghi, Charlotte \u00e8 cresciuta lontano dai riflettori monegaschi. La madre, la Principessa Carolina, ha deciso infatti di trasferirsi a Saint-R\u00e9my-de-Provence per tenere i figli lontani dall&#8217;attenzione mediatica.<\/p>\n\n<p>&#8220;Abbiamo frequentato scuole pubbliche, dove c&#8217;erano alunni di diverse estrazioni sociali. Non sono stata affatto in una scuola privilegiata\u201d, ricorda Casiraghi. Questa educazione ha forgiato il suo carattere, permettendole di comprendere fin da piccola le tensioni sociali legate al suo status. \u201cLa situazione sociale ed economica crea tensioni, confronti e rivalit\u00e0\u201d, aggiunge Casiraghi. \u201c\u00c8 sempre stato difficile portare con s\u00e9 tutto quel&#8230; patrimonio\u201d. Un contrasto che ha alimentato il suo desiderio di dimostrare il proprio valore e di essere \u201cconsiderata per le proprie capacit\u00e0\u201d. \u201cIl disagio ti rende creativo, ti spinge a cercare un altro livello di significato\u201d, prosegue pi\u00f9 avanti.<\/p>\n\n<h2 class=\"wp-block-heading\" id=\"h-une-emancipation-continue\">Una continua emancipazione<\/h2>\n\n<p>La storia della Casiraghi \u00e8 stata segnata da momenti di rinascita personale, attraverso i suoi studi letterari, i saloni con Chanel o il divorzio da Dimitri Rassam. \u201cSono ancora in fase di emancipazione\u201d, confida. \u201cTroppo spesso siamo imprigionati in una visione prestabilita di come dovrebbe essere una famiglia, e io voglio vivere la mia vita al di fuori di questi schemi, soprattutto quando le persone giudicano costantemente la tua vita e le tue scelte\u201d.<\/p>\n\n<p>Durante l&#8217;intervista, Charlotte Casiraghi ha sottolineato l&#8217;importanza della complessit\u00e0 e della diversit\u00e0 nei dibattiti che avvia a Monaco, in particolare attraverso i <a href=\"https:\/\/www.monaco-tribune.com\/2023\/10\/charlotte-casiraghi-la-philosophie-touche-a-des-questions-que-lon-rencontre-absolument-tous-les-jours\/\"><em>Rencontres Philosophiques<\/em><\/a>. Anche se a volte invita persone con cui non \u00e8 d&#8217;accordo, ha sottolineato come questo faccia in realt\u00e0 parte della sua filosofia: \u201cLa libert\u00e0 di espressione, il genere, il femminismo sono tutti temi che abbiamo esplorato in modo audace\u201d.<\/p>\n\n<p class=\"related\"><a href=\"https:\/\/www.monaco-tribune.com\/it\/2024\/06\/charlotte-casiraghi-la-filosofia-e-la-cosa-piu-concreta-del-mondo\/\">Charlotte Casiraghi: \u201cLa filosofia \u00e8 la cosa pi\u00f9 concreta del mondo\u201d<\/a><\/p>\n","protected":false},"excerpt":{"rendered":"<p>Tra il ruolo di madre, rappresentante della Famiglia Principesca e la sua carriera, Charlotte Casiraghi sta seguendo una strada singolare [&hellip;]<\/p>\n","protected":false},"author":66,"featured_media":251840,"comment_status":"closed","ping_status":"closed","sticky":false,"template":"","format":"standard","meta":{"_acf_changed":false,"footnotes":""},"categories":[1742,1826,1738],"tags":[2899],"post_sectags":[],"post_format":[2476],"class_list":["post-252014","post","type-post","status-publish","format-standard","has-post-thumbnail","hentry","category-famiglia-principesca","category-la-nostra-scelta","category-notizie","tag-charlotte-casiraghi-it","format-intervista"],"acf":[],"yoast_head":"<!-- This site is optimized with the Yoast SEO Premium plugin v26.8 (Yoast SEO v27.5) - https:\/\/yoast.com\/product\/yoast-seo-premium-wordpress\/ -->\n<title>Charlotte Casiraghi: &quot;Non amo troppo le &#039;rappresentazioni ufficiali&#039;, preferisco essere libera&quot;<\/title>\n<meta name=\"description\" content=\"Tra il ruolo di madre, rappresentante della Famiglia Principesca e la sua carriera, Charlotte Casiraghi sta seguendo una strada singolare in una perenne\" \/>\n<meta name=\"robots\" content=\"index, follow, max-snippet:-1, max-image-preview:large, max-video-preview:-1\" \/>\n<link rel=\"canonical\" href=\"https:\/\/www.monaco-tribune.com\/it\/2024\/09\/charlotte-casiraghi-non-amo-troppo-le-rappresentazioni-ufficiali-preferisco-essere-libera\/\" \/>\n<meta property=\"og:locale\" content=\"it_IT\" \/>\n<meta property=\"og:type\" content=\"article\" \/>\n<meta property=\"og:title\" content=\"Charlotte Casiraghi: &quot;Non amo troppo le &#039;rappresentazioni ufficiali&#039;, preferisco essere libera&quot; - Monaco Tribune\" \/>\n<meta property=\"og:description\" content=\"Tra il ruolo di madre, rappresentante della Famiglia Principesca e la sua carriera, Charlotte Casiraghi sta seguendo una strada singolare in una perenne\" \/>\n<meta property=\"og:url\" content=\"https:\/\/www.monaco-tribune.com\/it\/2024\/09\/charlotte-casiraghi-non-amo-troppo-le-rappresentazioni-ufficiali-preferisco-essere-libera\/\" \/>\n<meta property=\"og:site_name\" content=\"Monaco Tribune\" \/>\n<meta property=\"article:publisher\" content=\"https:\/\/www.facebook.com\/MonacoTribune\" \/>\n<meta property=\"article:published_time\" content=\"2024-09-26T10:36:41+00:00\" \/>\n<meta property=\"article:modified_time\" content=\"2024-09-26T10:36:48+00:00\" \/>\n<meta property=\"og:image\" content=\"https:\/\/www.monaco-tribune.com\/wp-content\/uploads\/2024\/09\/charlotte-casiraghi-rencontres-litteraires-chanel.jpg\" \/>\n\t<meta property=\"og:image:width\" content=\"1200\" \/>\n\t<meta property=\"og:image:height\" content=\"800\" \/>\n\t<meta property=\"og:image:type\" content=\"image\/jpeg\" \/>\n<meta name=\"author\" content=\"Th\u00e9o Briand\" \/>\n<meta name=\"twitter:card\" content=\"summary_large_image\" \/>\n<meta name=\"twitter:creator\" content=\"@MonacoTribune\" \/>\n<meta name=\"twitter:site\" content=\"@MonacoTribune\" \/>\n<script type=\"application\/ld+json\" class=\"yoast-schema-graph\">{\"@context\":\"https:\\\/\\\/schema.org\",\"@graph\":[{\"@type\":\"NewsArticle\",\"@id\":\"https:\\\/\\\/www.monaco-tribune.com\\\/it\\\/2024\\\/09\\\/charlotte-casiraghi-non-amo-troppo-le-rappresentazioni-ufficiali-preferisco-essere-libera\\\/#article\",\"isPartOf\":{\"@id\":\"https:\\\/\\\/www.monaco-tribune.com\\\/it\\\/2024\\\/09\\\/charlotte-casiraghi-non-amo-troppo-le-rappresentazioni-ufficiali-preferisco-essere-libera\\\/\"},\"author\":{\"name\":\"Th\u00e9o Briand\",\"@id\":\"https:\\\/\\\/www.monaco-tribune.com\\\/it\\\/#\\\/schema\\\/person\\\/94fb5723547bd83dea1eed97e25145aa\"},\"headline\":\"Charlotte Casiraghi: &#8220;Non amo troppo le &#8216;rappresentazioni ufficiali&#8217;, preferisco essere libera&#8221;\",\"datePublished\":\"2024-09-26T10:36:41+00:00\",\"dateModified\":\"2024-09-26T10:36:48+00:00\",\"mainEntityOfPage\":{\"@id\":\"https:\\\/\\\/www.monaco-tribune.com\\\/it\\\/2024\\\/09\\\/charlotte-casiraghi-non-amo-troppo-le-rappresentazioni-ufficiali-preferisco-essere-libera\\\/\"},\"wordCount\":816,\"publisher\":{\"@id\":\"https:\\\/\\\/www.monaco-tribune.com\\\/it\\\/#organization\"},\"image\":{\"@id\":\"https:\\\/\\\/www.monaco-tribune.com\\\/it\\\/2024\\\/09\\\/charlotte-casiraghi-non-amo-troppo-le-rappresentazioni-ufficiali-preferisco-essere-libera\\\/#primaryimage\"},\"thumbnailUrl\":\"https:\\\/\\\/www.monaco-tribune.com\\\/wp-content\\\/uploads\\\/2024\\\/09\\\/charlotte-casiraghi-rencontres-litteraires-chanel.jpg\",\"keywords\":[\"Charlotte Casiraghi\"],\"articleSection\":[\"Famiglia Principesca\",\"La nostra scelta\",\"Notizie\"],\"inLanguage\":\"it-IT\",\"copyrightYear\":\"2024\",\"copyrightHolder\":{\"@id\":\"https:\\\/\\\/www.monaco-tribune.com\\\/#organization\"}},{\"@type\":\"WebPage\",\"@id\":\"https:\\\/\\\/www.monaco-tribune.com\\\/it\\\/2024\\\/09\\\/charlotte-casiraghi-non-amo-troppo-le-rappresentazioni-ufficiali-preferisco-essere-libera\\\/\",\"url\":\"https:\\\/\\\/www.monaco-tribune.com\\\/it\\\/2024\\\/09\\\/charlotte-casiraghi-non-amo-troppo-le-rappresentazioni-ufficiali-preferisco-essere-libera\\\/\",\"name\":\"Charlotte Casiraghi: \\\"Non amo troppo le 'rappresentazioni ufficiali', preferisco essere libera\\\"\",\"isPartOf\":{\"@id\":\"https:\\\/\\\/www.monaco-tribune.com\\\/it\\\/#website\"},\"primaryImageOfPage\":{\"@id\":\"https:\\\/\\\/www.monaco-tribune.com\\\/it\\\/2024\\\/09\\\/charlotte-casiraghi-non-amo-troppo-le-rappresentazioni-ufficiali-preferisco-essere-libera\\\/#primaryimage\"},\"image\":{\"@id\":\"https:\\\/\\\/www.monaco-tribune.com\\\/it\\\/2024\\\/09\\\/charlotte-casiraghi-non-amo-troppo-le-rappresentazioni-ufficiali-preferisco-essere-libera\\\/#primaryimage\"},\"thumbnailUrl\":\"https:\\\/\\\/www.monaco-tribune.com\\\/wp-content\\\/uploads\\\/2024\\\/09\\\/charlotte-casiraghi-rencontres-litteraires-chanel.jpg\",\"datePublished\":\"2024-09-26T10:36:41+00:00\",\"dateModified\":\"2024-09-26T10:36:48+00:00\",\"description\":\"Tra il ruolo di madre, rappresentante della Famiglia Principesca e la sua carriera, Charlotte Casiraghi sta seguendo una strada singolare in una perenne\",\"breadcrumb\":{\"@id\":\"https:\\\/\\\/www.monaco-tribune.com\\\/it\\\/2024\\\/09\\\/charlotte-casiraghi-non-amo-troppo-le-rappresentazioni-ufficiali-preferisco-essere-libera\\\/#breadcrumb\"},\"inLanguage\":\"it-IT\",\"potentialAction\":[{\"@type\":\"ReadAction\",\"target\":[\"https:\\\/\\\/www.monaco-tribune.com\\\/it\\\/2024\\\/09\\\/charlotte-casiraghi-non-amo-troppo-le-rappresentazioni-ufficiali-preferisco-essere-libera\\\/\"]}]},{\"@type\":\"ImageObject\",\"inLanguage\":\"it-IT\",\"@id\":\"https:\\\/\\\/www.monaco-tribune.com\\\/it\\\/2024\\\/09\\\/charlotte-casiraghi-non-amo-troppo-le-rappresentazioni-ufficiali-preferisco-essere-libera\\\/#primaryimage\",\"url\":\"https:\\\/\\\/www.monaco-tribune.com\\\/wp-content\\\/uploads\\\/2024\\\/09\\\/charlotte-casiraghi-rencontres-litteraires-chanel.jpg\",\"contentUrl\":\"https:\\\/\\\/www.monaco-tribune.com\\\/wp-content\\\/uploads\\\/2024\\\/09\\\/charlotte-casiraghi-rencontres-litteraires-chanel.jpg\",\"width\":1200,\"height\":800,\"caption\":\"Charlotte Casiraghi durante gli incontri letterari Rue Cambon, organizzati da Chanel \u00a9 Facebook \\\/ Chanel\"},{\"@type\":\"BreadcrumbList\",\"@id\":\"https:\\\/\\\/www.monaco-tribune.com\\\/it\\\/2024\\\/09\\\/charlotte-casiraghi-non-amo-troppo-le-rappresentazioni-ufficiali-preferisco-essere-libera\\\/#breadcrumb\",\"itemListElement\":[{\"@type\":\"ListItem\",\"position\":1,\"name\":\"Accueil\",\"item\":\"https:\\\/\\\/www.monaco-tribune.com\\\/it\\\/\"},{\"@type\":\"ListItem\",\"position\":2,\"name\":\"Charlotte Casiraghi: &#8220;Non amo troppo le &#8216;rappresentazioni ufficiali&#8217;, preferisco essere libera&#8221;\"}]},{\"@type\":\"WebSite\",\"@id\":\"https:\\\/\\\/www.monaco-tribune.com\\\/it\\\/#website\",\"url\":\"https:\\\/\\\/www.monaco-tribune.com\\\/it\\\/\",\"name\":\"Monaco Tribune\",\"description\":\"Monaco : actualit\u00e9s \u00e9conomiques, politiques, culturelles et sportives de Monaco et de la French Riviera.\",\"publisher\":{\"@id\":\"https:\\\/\\\/www.monaco-tribune.com\\\/it\\\/#organization\"},\"potentialAction\":[{\"@type\":\"SearchAction\",\"target\":{\"@type\":\"EntryPoint\",\"urlTemplate\":\"https:\\\/\\\/www.monaco-tribune.com\\\/it\\\/?s={search_term_string}\"},\"query-input\":{\"@type\":\"PropertyValueSpecification\",\"valueRequired\":true,\"valueName\":\"search_term_string\"}}],\"inLanguage\":\"it-IT\"},{\"@type\":\"Organization\",\"@id\":\"https:\\\/\\\/www.monaco-tribune.com\\\/it\\\/#organization\",\"name\":\"Monaco Tribune\",\"url\":\"https:\\\/\\\/www.monaco-tribune.com\\\/it\\\/\",\"logo\":{\"@type\":\"ImageObject\",\"inLanguage\":\"it-IT\",\"@id\":\"https:\\\/\\\/www.monaco-tribune.com\\\/it\\\/#\\\/schema\\\/logo\\\/image\\\/\",\"url\":\"https:\\\/\\\/www.monaco-tribune.com\\\/wp-content\\\/uploads\\\/2022\\\/11\\\/logo-monaco-tribune.png\",\"contentUrl\":\"https:\\\/\\\/www.monaco-tribune.com\\\/wp-content\\\/uploads\\\/2022\\\/11\\\/logo-monaco-tribune.png\",\"width\":1548,\"height\":600,\"caption\":\"Monaco Tribune\"},\"image\":{\"@id\":\"https:\\\/\\\/www.monaco-tribune.com\\\/it\\\/#\\\/schema\\\/logo\\\/image\\\/\"},\"sameAs\":[\"https:\\\/\\\/www.facebook.com\\\/MonacoTribune\",\"https:\\\/\\\/x.com\\\/MonacoTribune\",\"https:\\\/\\\/www.instagram.com\\\/monacotribune\\\/\",\"https:\\\/\\\/www.linkedin.com\\\/company\\\/monaco-tribune\",\"https:\\\/\\\/www.youtube.com\\\/channel\\\/UCHle1MnG6hw1y4lWKijVbMA\"]},{\"@type\":\"Person\",\"@id\":\"https:\\\/\\\/www.monaco-tribune.com\\\/it\\\/#\\\/schema\\\/person\\\/94fb5723547bd83dea1eed97e25145aa\",\"name\":\"Th\u00e9o Briand\",\"image\":{\"@type\":\"ImageObject\",\"inLanguage\":\"it-IT\",\"@id\":\"https:\\\/\\\/secure.gravatar.com\\\/avatar\\\/1c02cfd8b8054d8c376f9a942a1dc4dbacfd8ba5e6f8dbb5e16f4aa3d281972a?s=96&d=mm&r=g\",\"url\":\"https:\\\/\\\/secure.gravatar.com\\\/avatar\\\/1c02cfd8b8054d8c376f9a942a1dc4dbacfd8ba5e6f8dbb5e16f4aa3d281972a?s=96&d=mm&r=g\",\"contentUrl\":\"https:\\\/\\\/secure.gravatar.com\\\/avatar\\\/1c02cfd8b8054d8c376f9a942a1dc4dbacfd8ba5e6f8dbb5e16f4aa3d281972a?s=96&d=mm&r=g\",\"caption\":\"Th\u00e9o Briand\"},\"url\":\"https:\\\/\\\/www.monaco-tribune.com\\\/it\\\/author\\\/theobriand\\\/\"}]}<\/script>\n<!-- \/ Yoast SEO Premium plugin. -->","yoast_head_json":{"title":"Charlotte Casiraghi: \"Non amo troppo le 'rappresentazioni ufficiali', preferisco essere libera\"","description":"Tra il ruolo di madre, rappresentante della Famiglia Principesca e la sua carriera, Charlotte Casiraghi sta seguendo una strada singolare in una perenne","robots":{"index":"index","follow":"follow","max-snippet":"max-snippet:-1","max-image-preview":"max-image-preview:large","max-video-preview":"max-video-preview:-1"},"canonical":"https:\/\/www.monaco-tribune.com\/it\/2024\/09\/charlotte-casiraghi-non-amo-troppo-le-rappresentazioni-ufficiali-preferisco-essere-libera\/","og_locale":"it_IT","og_type":"article","og_title":"Charlotte Casiraghi: \"Non amo troppo le 'rappresentazioni ufficiali', preferisco essere libera\" - Monaco Tribune","og_description":"Tra il ruolo di madre, rappresentante della Famiglia Principesca e la sua carriera, Charlotte Casiraghi sta seguendo una strada singolare in una perenne","og_url":"https:\/\/www.monaco-tribune.com\/it\/2024\/09\/charlotte-casiraghi-non-amo-troppo-le-rappresentazioni-ufficiali-preferisco-essere-libera\/","og_site_name":"Monaco Tribune","article_publisher":"https:\/\/www.facebook.com\/MonacoTribune","article_published_time":"2024-09-26T10:36:41+00:00","article_modified_time":"2024-09-26T10:36:48+00:00","og_image":[{"width":1200,"height":800,"url":"https:\/\/www.monaco-tribune.com\/wp-content\/uploads\/2024\/09\/charlotte-casiraghi-rencontres-litteraires-chanel.jpg","type":"image\/jpeg"}],"author":"Th\u00e9o Briand","twitter_card":"summary_large_image","twitter_creator":"@MonacoTribune","twitter_site":"@MonacoTribune","schema":{"@context":"https:\/\/schema.org","@graph":[{"@type":"NewsArticle","@id":"https:\/\/www.monaco-tribune.com\/it\/2024\/09\/charlotte-casiraghi-non-amo-troppo-le-rappresentazioni-ufficiali-preferisco-essere-libera\/#article","isPartOf":{"@id":"https:\/\/www.monaco-tribune.com\/it\/2024\/09\/charlotte-casiraghi-non-amo-troppo-le-rappresentazioni-ufficiali-preferisco-essere-libera\/"},"author":{"name":"Th\u00e9o Briand","@id":"https:\/\/www.monaco-tribune.com\/it\/#\/schema\/person\/94fb5723547bd83dea1eed97e25145aa"},"headline":"Charlotte Casiraghi: &#8220;Non amo troppo le &#8216;rappresentazioni ufficiali&#8217;, preferisco essere libera&#8221;","datePublished":"2024-09-26T10:36:41+00:00","dateModified":"2024-09-26T10:36:48+00:00","mainEntityOfPage":{"@id":"https:\/\/www.monaco-tribune.com\/it\/2024\/09\/charlotte-casiraghi-non-amo-troppo-le-rappresentazioni-ufficiali-preferisco-essere-libera\/"},"wordCount":816,"publisher":{"@id":"https:\/\/www.monaco-tribune.com\/it\/#organization"},"image":{"@id":"https:\/\/www.monaco-tribune.com\/it\/2024\/09\/charlotte-casiraghi-non-amo-troppo-le-rappresentazioni-ufficiali-preferisco-essere-libera\/#primaryimage"},"thumbnailUrl":"https:\/\/www.monaco-tribune.com\/wp-content\/uploads\/2024\/09\/charlotte-casiraghi-rencontres-litteraires-chanel.jpg","keywords":["Charlotte Casiraghi"],"articleSection":["Famiglia Principesca","La nostra scelta","Notizie"],"inLanguage":"it-IT","copyrightYear":"2024","copyrightHolder":{"@id":"https:\/\/www.monaco-tribune.com\/#organization"}},{"@type":"WebPage","@id":"https:\/\/www.monaco-tribune.com\/it\/2024\/09\/charlotte-casiraghi-non-amo-troppo-le-rappresentazioni-ufficiali-preferisco-essere-libera\/","url":"https:\/\/www.monaco-tribune.com\/it\/2024\/09\/charlotte-casiraghi-non-amo-troppo-le-rappresentazioni-ufficiali-preferisco-essere-libera\/","name":"Charlotte Casiraghi: \"Non amo troppo le 'rappresentazioni ufficiali', preferisco essere libera\"","isPartOf":{"@id":"https:\/\/www.monaco-tribune.com\/it\/#website"},"primaryImageOfPage":{"@id":"https:\/\/www.monaco-tribune.com\/it\/2024\/09\/charlotte-casiraghi-non-amo-troppo-le-rappresentazioni-ufficiali-preferisco-essere-libera\/#primaryimage"},"image":{"@id":"https:\/\/www.monaco-tribune.com\/it\/2024\/09\/charlotte-casiraghi-non-amo-troppo-le-rappresentazioni-ufficiali-preferisco-essere-libera\/#primaryimage"},"thumbnailUrl":"https:\/\/www.monaco-tribune.com\/wp-content\/uploads\/2024\/09\/charlotte-casiraghi-rencontres-litteraires-chanel.jpg","datePublished":"2024-09-26T10:36:41+00:00","dateModified":"2024-09-26T10:36:48+00:00","description":"Tra il ruolo di madre, rappresentante della Famiglia Principesca e la sua carriera, Charlotte Casiraghi sta seguendo una strada singolare in una perenne","breadcrumb":{"@id":"https:\/\/www.monaco-tribune.com\/it\/2024\/09\/charlotte-casiraghi-non-amo-troppo-le-rappresentazioni-ufficiali-preferisco-essere-libera\/#breadcrumb"},"inLanguage":"it-IT","potentialAction":[{"@type":"ReadAction","target":["https:\/\/www.monaco-tribune.com\/it\/2024\/09\/charlotte-casiraghi-non-amo-troppo-le-rappresentazioni-ufficiali-preferisco-essere-libera\/"]}]},{"@type":"ImageObject","inLanguage":"it-IT","@id":"https:\/\/www.monaco-tribune.com\/it\/2024\/09\/charlotte-casiraghi-non-amo-troppo-le-rappresentazioni-ufficiali-preferisco-essere-libera\/#primaryimage","url":"https:\/\/www.monaco-tribune.com\/wp-content\/uploads\/2024\/09\/charlotte-casiraghi-rencontres-litteraires-chanel.jpg","contentUrl":"https:\/\/www.monaco-tribune.com\/wp-content\/uploads\/2024\/09\/charlotte-casiraghi-rencontres-litteraires-chanel.jpg","width":1200,"height":800,"caption":"Charlotte Casiraghi durante gli incontri letterari Rue Cambon, organizzati da Chanel \u00a9 Facebook \/ Chanel"},{"@type":"BreadcrumbList","@id":"https:\/\/www.monaco-tribune.com\/it\/2024\/09\/charlotte-casiraghi-non-amo-troppo-le-rappresentazioni-ufficiali-preferisco-essere-libera\/#breadcrumb","itemListElement":[{"@type":"ListItem","position":1,"name":"Accueil","item":"https:\/\/www.monaco-tribune.com\/it\/"},{"@type":"ListItem","position":2,"name":"Charlotte Casiraghi: &#8220;Non amo troppo le &#8216;rappresentazioni ufficiali&#8217;, preferisco essere libera&#8221;"}]},{"@type":"WebSite","@id":"https:\/\/www.monaco-tribune.com\/it\/#website","url":"https:\/\/www.monaco-tribune.com\/it\/","name":"Monaco Tribune","description":"Monaco : actualit\u00e9s \u00e9conomiques, politiques, culturelles et sportives de Monaco et de la French Riviera.","publisher":{"@id":"https:\/\/www.monaco-tribune.com\/it\/#organization"},"potentialAction":[{"@type":"SearchAction","target":{"@type":"EntryPoint","urlTemplate":"https:\/\/www.monaco-tribune.com\/it\/?s={search_term_string}"},"query-input":{"@type":"PropertyValueSpecification","valueRequired":true,"valueName":"search_term_string"}}],"inLanguage":"it-IT"},{"@type":"Organization","@id":"https:\/\/www.monaco-tribune.com\/it\/#organization","name":"Monaco Tribune","url":"https:\/\/www.monaco-tribune.com\/it\/","logo":{"@type":"ImageObject","inLanguage":"it-IT","@id":"https:\/\/www.monaco-tribune.com\/it\/#\/schema\/logo\/image\/","url":"https:\/\/www.monaco-tribune.com\/wp-content\/uploads\/2022\/11\/logo-monaco-tribune.png","contentUrl":"https:\/\/www.monaco-tribune.com\/wp-content\/uploads\/2022\/11\/logo-monaco-tribune.png","width":1548,"height":600,"caption":"Monaco Tribune"},"image":{"@id":"https:\/\/www.monaco-tribune.com\/it\/#\/schema\/logo\/image\/"},"sameAs":["https:\/\/www.facebook.com\/MonacoTribune","https:\/\/x.com\/MonacoTribune","https:\/\/www.instagram.com\/monacotribune\/","https:\/\/www.linkedin.com\/company\/monaco-tribune","https:\/\/www.youtube.com\/channel\/UCHle1MnG6hw1y4lWKijVbMA"]},{"@type":"Person","@id":"https:\/\/www.monaco-tribune.com\/it\/#\/schema\/person\/94fb5723547bd83dea1eed97e25145aa","name":"Th\u00e9o Briand","image":{"@type":"ImageObject","inLanguage":"it-IT","@id":"https:\/\/secure.gravatar.com\/avatar\/1c02cfd8b8054d8c376f9a942a1dc4dbacfd8ba5e6f8dbb5e16f4aa3d281972a?s=96&d=mm&r=g","url":"https:\/\/secure.gravatar.com\/avatar\/1c02cfd8b8054d8c376f9a942a1dc4dbacfd8ba5e6f8dbb5e16f4aa3d281972a?s=96&d=mm&r=g","contentUrl":"https:\/\/secure.gravatar.com\/avatar\/1c02cfd8b8054d8c376f9a942a1dc4dbacfd8ba5e6f8dbb5e16f4aa3d281972a?s=96&d=mm&r=g","caption":"Th\u00e9o Briand"},"url":"https:\/\/www.monaco-tribune.com\/it\/author\/theobriand\/"}]}},"_links":{"self":[{"href":"https:\/\/www.monaco-tribune.com\/it\/wp-json\/wp\/v2\/posts\/252014","targetHints":{"allow":["GET"]}}],"collection":[{"href":"https:\/\/www.monaco-tribune.com\/it\/wp-json\/wp\/v2\/posts"}],"about":[{"href":"https:\/\/www.monaco-tribune.com\/it\/wp-json\/wp\/v2\/types\/post"}],"author":[{"embeddable":true,"href":"https:\/\/www.monaco-tribune.com\/it\/wp-json\/wp\/v2\/users\/66"}],"replies":[{"embeddable":true,"href":"https:\/\/www.monaco-tribune.com\/it\/wp-json\/wp\/v2\/comments?post=252014"}],"version-history":[{"count":2,"href":"https:\/\/www.monaco-tribune.com\/it\/wp-json\/wp\/v2\/posts\/252014\/revisions"}],"predecessor-version":[{"id":252017,"href":"https:\/\/www.monaco-tribune.com\/it\/wp-json\/wp\/v2\/posts\/252014\/revisions\/252017"}],"wp:featuredmedia":[{"embeddable":true,"href":"https:\/\/www.monaco-tribune.com\/it\/wp-json\/wp\/v2\/media\/251840"}],"wp:attachment":[{"href":"https:\/\/www.monaco-tribune.com\/it\/wp-json\/wp\/v2\/media?parent=252014"}],"wp:term":[{"taxonomy":"category","embeddable":true,"href":"https:\/\/www.monaco-tribune.com\/it\/wp-json\/wp\/v2\/categories?post=252014"},{"taxonomy":"post_tag","embeddable":true,"href":"https:\/\/www.monaco-tribune.com\/it\/wp-json\/wp\/v2\/tags?post=252014"},{"taxonomy":"sectag","embeddable":true,"href":"https:\/\/www.monaco-tribune.com\/it\/wp-json\/wp\/v2\/post_sectags?post=252014"},{"taxonomy":"format","embeddable":true,"href":"https:\/\/www.monaco-tribune.com\/it\/wp-json\/wp\/v2\/post_format?post=252014"}],"curies":[{"name":"wp","href":"https:\/\/api.w.org\/{rel}","templated":true}]}}