{"id":253196,"date":"2024-10-03T17:12:56","date_gmt":"2024-10-03T15:12:56","guid":{"rendered":"https:\/\/www.monaco-tribune.com\/2024\/10\/nuovo-anno-giudiziario-focus-sulla-lotta-al-riciclaggio-e-sulla-cancellazione-dalla-lista-grigia\/"},"modified":"2024-10-03T17:57:36","modified_gmt":"2024-10-03T15:57:36","slug":"nuovo-anno-giudiziario-focus-sulla-lotta-al-riciclaggio-e-sulla-cancellazione-dalla-lista-grigia","status":"publish","type":"post","link":"https:\/\/www.monaco-tribune.com\/it\/2024\/10\/nuovo-anno-giudiziario-focus-sulla-lotta-al-riciclaggio-e-sulla-cancellazione-dalla-lista-grigia\/","title":{"rendered":"Nuovo anno giudiziario: focus sulla lotta al riciclaggio e sulla cancellazione dalla lista grigia"},"content":{"rendered":"\n<p><strong>Sebbene il sistema giudiziario monegasco funzioni bene nel complesso, i vari interventi hanno evidenziato una carenza di risorse umane e un aumento del numero di casi registrati.<\/strong><\/p>\n\n<p>Ieri, nella consueta cornice solenne, \u00e8 iniziato il nuovo anno giudiziario del Principato. La giornata si \u00e8 aperta con una messa nella Cattedrale di Monaco, alla quale hanno partecipato i rappresentanti della magistratura, degli avvocati e delle autorit\u00e0 monegasche.<\/p>\n\n<p>Dopo la cerimonia religiosa, il Principe Alberto II e le autorit\u00e0 giudiziarie si sono riuniti al Palazzo di Giustizia per la seduta solenne e per ascoltare i discorsi del Primo Presidente della Corte d&#8217;Appello Francis Jullemier-Millasseau, del Presidente della Corte Suprema St\u00e9phane Braconnier e del Procuratore Generale St\u00e9phane Thibault.<\/p>\n<div class=\"wp-block-image\">\n<figure class=\"aligncenter size-large\"><img loading=\"lazy\" decoding=\"async\" width=\"1024\" height=\"683\" src=\"https:\/\/www.monaco-tribune.com\/wp-content\/uploads\/2024\/10\/prince-albert-ii-rentree-tribunal-1024x683.jpg\" alt=\"prince-albert-ii-rentree-tribunal\" class=\"wp-image-253007\" srcset=\"https:\/\/www.monaco-tribune.com\/wp-content\/uploads\/2024\/10\/prince-albert-ii-rentree-tribunal-1024x683.jpg 1024w, https:\/\/www.monaco-tribune.com\/wp-content\/uploads\/2024\/10\/prince-albert-ii-rentree-tribunal-450x300.jpg 450w, https:\/\/www.monaco-tribune.com\/wp-content\/uploads\/2024\/10\/prince-albert-ii-rentree-tribunal.jpg 1200w\" sizes=\"auto, (max-width: 1024px) 100vw, 1024px\" \/><figcaption class=\"wp-element-caption\"><em>\u00a9 Direzione della Comunicazione \/ Manuel Vitali<\/em><\/figcaption><\/figure>\n<\/div>\n<p>Nel suo discorso introduttivo, Jullemier-Millasseau ha dato il benvenuto al nuovo Segretario di Stato alla Giustizia, Samuel Vuelta-Simon, sottolineando la \u201creputazione lusinghiera\u201d che lo precede.<\/p>\n\n<h2 class=\"wp-block-heading\" id=\"h-un-manque-d-effectif-croissant\">Una carenza di personale sempre crescente<\/h2>\n\n<p>Il Procuratore generale ha accolto con favore la creazione, avvenuta il mese scorso, di un nuovo posto all&#8217;interno della Procura. Tuttavia, dato il costante aumento dei compiti affidati a questa istituzione, in particolare per \u201crispondere alle esigenze della societ\u00e0 odierna e del GAFI\u201d, ha insistito sulla necessit\u00e0 di provvedere con \u201caltri rinforzi e nuovi posti\u201d. Ha inoltre chiesto che venga creato un dipartimento finanziario all&#8217;interno della Procura.<\/p>\n\n<p>Nel primo semestre del 2024, la Procura ha vissuto una \u201csituazione di anormale carenza di personale\u201d, ha sottolineato il Procuratore, ricordando che la Procura agisce \u201cdavanti a tutti i tribunali penali, civili e amministrativi\u201d. Un carico di lavoro che Thibault ha definito \u201csemplicemente ingestibile\u201d. Non \u00e8 salva nemmeno la Corte d&#8217;appello, che attualmente opera con soli cinque magistrati, un numero \u201cinsufficiente\u201d, secondo Jullemier-Millasseau, che ritiene \u201cnecessario un minimo di sei\u201d.<\/p>\n<div class=\"wp-block-image\">\n<figure class=\"aligncenter size-large\"><img loading=\"lazy\" decoding=\"async\" width=\"1024\" height=\"683\" src=\"https:\/\/www.monaco-tribune.com\/wp-content\/uploads\/2024\/10\/procureur-general-requisitions-rentree-tribunal-1024x683.jpg\" alt=\"procureur-general-requisitions-rentree-tribunal\" class=\"wp-image-253015\" srcset=\"https:\/\/www.monaco-tribune.com\/wp-content\/uploads\/2024\/10\/procureur-general-requisitions-rentree-tribunal-1024x683.jpg 1024w, https:\/\/www.monaco-tribune.com\/wp-content\/uploads\/2024\/10\/procureur-general-requisitions-rentree-tribunal-450x300.jpg 450w, https:\/\/www.monaco-tribune.com\/wp-content\/uploads\/2024\/10\/procureur-general-requisitions-rentree-tribunal.jpg 1200w\" sizes=\"auto, (max-width: 1024px) 100vw, 1024px\" \/><figcaption class=\"wp-element-caption\"><em>St\u00e9phane Thibault, procuratore generale \u00a9 Direzione della Comunicazione \/ Manuel Vitali<\/em><\/figcaption><\/figure>\n<\/div>\n<p>\u201cMeno magistrati e personale, ma ancora pi\u00f9 incarichi dovuti ai nuovi poteri conferiti dalle nuove leggi alla Procura che ci \u00e8 stato chiesto di esercitare, e alle richieste di statistiche, di casi concreti, di partecipazione a numerose riunioni nell&#8217;ambito dell&#8217;osservazione Moneyval\u201d, ha concluso il procuratore a proposito della mancanza di personale.<\/p>\n\n<h2 class=\"wp-block-heading\" id=\"h-une-augmentation-des-dossiers\">Un aumento del numero di casi<\/h2>\n\n<p>Nonostante queste limitazioni, lo scorso anno si \u00e8 registrato un aumento del numero di casi trattati dalla Procura. Nel 2023-2024 sono stati 1.628 i nuovi casi, con un aumento del 15% rispetto all&#8217;anno precedente.<\/p>\n\n<p><a href=\"https:\/\/www.monaco-tribune.com\/it\/2024\/07\/sanzioni-stradali-presto-piu-severe-a-monaco\/\">L&#8217;anno scorso \u00e8 stato particolarmente funesto<\/a> in termini di incidenti e di guida in stato di ebbrezza. Un dato che si riflette nelle cifre: i casi di guida in stato di ebbrezza sono aumentati del 17%. Anche i reati di traffico di droga sono cresciuti del 37%, cos\u00ec come i reati di violenza (11%).<\/p>\n\n<p class=\"related\"><a href=\"https:\/\/www.monaco-tribune.com\/it\/2024\/10\/sicurezza-alimentare-multati-alcuni-locali-sulla-rocca\/\">Sicurezza alimentare: multati alcuni locali sulla Rocca<\/a><\/p>\n\n<h2 class=\"wp-block-heading\" id=\"h-une-plus-grande-efficacite-de-notre-systeme-judiciaire\">&#8220;Maggiore efficienza del nostro sistema giudiziario&#8221;<\/h2>\n\n<p>Per il prossimo anno, la priorit\u00e0 del Procuratore sar\u00e0 quella di intensificare gli sforzi per combattere il riciclaggio di denaro, come parte del <a href=\"https:\/\/www.monaco-tribune.com\/it\/2024\/07\/monaco-nella-lista-grigia-e-tempo-di-un-piano-dazione-e-di-rassicurazione\/\">piano d&#8217;azione per cancellare Monaco dalla lista grigia del GAFI<\/a> e \u201cche richiede una maggiore efficienza del nostro sistema giudiziario nella lotta contro il riciclaggio\u201d.<\/p>\n\n<p>Thibault ha sottolineato che mentre per \u201cla criminalit\u00e0 di strada la presenza della polizia pu\u00f2 essere un deterrente sufficiente, quella finanziaria pu\u00f2 essere prevenuta solo da un&#8217;efficace applicazione della legge. Solo con il pericolo di essere controllati, arrestati, perseguiti e condannati severamente, in particolare con pene di confisca, si impedir\u00e0 ai criminali e ai delinquenti di nascondere e riciclare il loro denaro nel Principato di Monaco\u201d. Nell&#8217;ultimo anno \u00e8 gi\u00e0 stato sequestrato mezzo miliardo di euro.<\/p>\n","protected":false},"excerpt":{"rendered":"<p>Sebbene il sistema giudiziario monegasco funzioni bene nel complesso, i vari interventi hanno evidenziato una carenza di risorse umane e [&hellip;]<\/p>\n","protected":false},"author":66,"featured_media":253013,"comment_status":"closed","ping_status":"closed","sticky":false,"template":"","format":"standard","meta":{"_acf_changed":false,"footnotes":""},"categories":[1738,1752],"tags":[3415],"post_sectags":[],"post_format":[2486],"class_list":["post-253196","post","type-post","status-publish","format-standard","has-post-thumbnail","hentry","category-notizie","category-societa","tag-giustizia","format-servizio"],"acf":[],"yoast_head":"<!-- This site is optimized with the Yoast SEO Premium plugin v26.8 (Yoast SEO v27.4) - https:\/\/yoast.com\/product\/yoast-seo-premium-wordpress\/ -->\n<title>Nuovo anno giudiziario: focus sulla lotta al riciclaggio e sulla cancellazione dalla lista grigia<\/title>\n<meta name=\"description\" content=\"Sebbene il sistema giudiziario monegasco funzioni bene nel complesso, i vari interventi hanno evidenziato una carenza di risorse umane e un aumento del\" \/>\n<meta name=\"robots\" content=\"index, follow, max-snippet:-1, max-image-preview:large, max-video-preview:-1\" \/>\n<link rel=\"canonical\" href=\"https:\/\/www.monaco-tribune.com\/it\/2024\/10\/nuovo-anno-giudiziario-focus-sulla-lotta-al-riciclaggio-e-sulla-cancellazione-dalla-lista-grigia\/\" \/>\n<meta property=\"og:locale\" content=\"it_IT\" \/>\n<meta property=\"og:type\" content=\"article\" \/>\n<meta property=\"og:title\" content=\"Nuovo anno giudiziario: focus sulla lotta al riciclaggio e sulla cancellazione dalla lista grigia - Monaco Tribune\" \/>\n<meta property=\"og:description\" content=\"Sebbene il sistema giudiziario monegasco funzioni bene nel complesso, i vari interventi hanno evidenziato una carenza di risorse umane e un aumento del\" \/>\n<meta property=\"og:url\" content=\"https:\/\/www.monaco-tribune.com\/it\/2024\/10\/nuovo-anno-giudiziario-focus-sulla-lotta-al-riciclaggio-e-sulla-cancellazione-dalla-lista-grigia\/\" \/>\n<meta property=\"og:site_name\" content=\"Monaco Tribune\" \/>\n<meta property=\"article:publisher\" content=\"https:\/\/www.facebook.com\/MonacoTribune\" \/>\n<meta property=\"article:published_time\" content=\"2024-10-03T15:12:56+00:00\" \/>\n<meta property=\"article:modified_time\" content=\"2024-10-03T15:57:36+00:00\" \/>\n<meta property=\"og:image\" content=\"https:\/\/www.monaco-tribune.com\/wp-content\/uploads\/2024\/10\/rentree-tribunal-monaco.jpg\" \/>\n\t<meta property=\"og:image:width\" content=\"1200\" \/>\n\t<meta property=\"og:image:height\" content=\"800\" \/>\n\t<meta property=\"og:image:type\" content=\"image\/jpeg\" \/>\n<meta name=\"author\" content=\"Th\u00e9o Briand\" \/>\n<meta name=\"twitter:card\" content=\"summary_large_image\" \/>\n<meta name=\"twitter:creator\" content=\"@MonacoTribune\" \/>\n<meta name=\"twitter:site\" content=\"@MonacoTribune\" \/>\n<script type=\"application\/ld+json\" class=\"yoast-schema-graph\">{\"@context\":\"https:\\\/\\\/schema.org\",\"@graph\":[{\"@type\":\"NewsArticle\",\"@id\":\"https:\\\/\\\/www.monaco-tribune.com\\\/it\\\/2024\\\/10\\\/nuovo-anno-giudiziario-focus-sulla-lotta-al-riciclaggio-e-sulla-cancellazione-dalla-lista-grigia\\\/#article\",\"isPartOf\":{\"@id\":\"https:\\\/\\\/www.monaco-tribune.com\\\/it\\\/2024\\\/10\\\/nuovo-anno-giudiziario-focus-sulla-lotta-al-riciclaggio-e-sulla-cancellazione-dalla-lista-grigia\\\/\"},\"author\":{\"name\":\"Th\u00e9o Briand\",\"@id\":\"https:\\\/\\\/www.monaco-tribune.com\\\/it\\\/#\\\/schema\\\/person\\\/94fb5723547bd83dea1eed97e25145aa\"},\"headline\":\"Nuovo anno giudiziario: focus sulla lotta al riciclaggio e sulla cancellazione dalla lista grigia\",\"datePublished\":\"2024-10-03T15:12:56+00:00\",\"dateModified\":\"2024-10-03T15:57:36+00:00\",\"mainEntityOfPage\":{\"@id\":\"https:\\\/\\\/www.monaco-tribune.com\\\/it\\\/2024\\\/10\\\/nuovo-anno-giudiziario-focus-sulla-lotta-al-riciclaggio-e-sulla-cancellazione-dalla-lista-grigia\\\/\"},\"wordCount\":594,\"publisher\":{\"@id\":\"https:\\\/\\\/www.monaco-tribune.com\\\/it\\\/#organization\"},\"image\":{\"@id\":\"https:\\\/\\\/www.monaco-tribune.com\\\/it\\\/2024\\\/10\\\/nuovo-anno-giudiziario-focus-sulla-lotta-al-riciclaggio-e-sulla-cancellazione-dalla-lista-grigia\\\/#primaryimage\"},\"thumbnailUrl\":\"https:\\\/\\\/www.monaco-tribune.com\\\/wp-content\\\/uploads\\\/2024\\\/10\\\/rentree-tribunal-monaco.jpg\",\"keywords\":[\"Giustizia\"],\"articleSection\":[\"Notizie\",\"Societ\u00e0\"],\"inLanguage\":\"it-IT\",\"copyrightYear\":\"2024\",\"copyrightHolder\":{\"@id\":\"https:\\\/\\\/www.monaco-tribune.com\\\/#organization\"}},{\"@type\":\"WebPage\",\"@id\":\"https:\\\/\\\/www.monaco-tribune.com\\\/it\\\/2024\\\/10\\\/nuovo-anno-giudiziario-focus-sulla-lotta-al-riciclaggio-e-sulla-cancellazione-dalla-lista-grigia\\\/\",\"url\":\"https:\\\/\\\/www.monaco-tribune.com\\\/it\\\/2024\\\/10\\\/nuovo-anno-giudiziario-focus-sulla-lotta-al-riciclaggio-e-sulla-cancellazione-dalla-lista-grigia\\\/\",\"name\":\"Nuovo anno giudiziario: focus sulla lotta al riciclaggio e sulla cancellazione dalla lista grigia\",\"isPartOf\":{\"@id\":\"https:\\\/\\\/www.monaco-tribune.com\\\/it\\\/#website\"},\"primaryImageOfPage\":{\"@id\":\"https:\\\/\\\/www.monaco-tribune.com\\\/it\\\/2024\\\/10\\\/nuovo-anno-giudiziario-focus-sulla-lotta-al-riciclaggio-e-sulla-cancellazione-dalla-lista-grigia\\\/#primaryimage\"},\"image\":{\"@id\":\"https:\\\/\\\/www.monaco-tribune.com\\\/it\\\/2024\\\/10\\\/nuovo-anno-giudiziario-focus-sulla-lotta-al-riciclaggio-e-sulla-cancellazione-dalla-lista-grigia\\\/#primaryimage\"},\"thumbnailUrl\":\"https:\\\/\\\/www.monaco-tribune.com\\\/wp-content\\\/uploads\\\/2024\\\/10\\\/rentree-tribunal-monaco.jpg\",\"datePublished\":\"2024-10-03T15:12:56+00:00\",\"dateModified\":\"2024-10-03T15:57:36+00:00\",\"description\":\"Sebbene il sistema giudiziario monegasco funzioni bene nel complesso, i vari interventi hanno evidenziato una carenza di risorse umane e un aumento del\",\"breadcrumb\":{\"@id\":\"https:\\\/\\\/www.monaco-tribune.com\\\/it\\\/2024\\\/10\\\/nuovo-anno-giudiziario-focus-sulla-lotta-al-riciclaggio-e-sulla-cancellazione-dalla-lista-grigia\\\/#breadcrumb\"},\"inLanguage\":\"it-IT\",\"potentialAction\":[{\"@type\":\"ReadAction\",\"target\":[\"https:\\\/\\\/www.monaco-tribune.com\\\/it\\\/2024\\\/10\\\/nuovo-anno-giudiziario-focus-sulla-lotta-al-riciclaggio-e-sulla-cancellazione-dalla-lista-grigia\\\/\"]}]},{\"@type\":\"ImageObject\",\"inLanguage\":\"it-IT\",\"@id\":\"https:\\\/\\\/www.monaco-tribune.com\\\/it\\\/2024\\\/10\\\/nuovo-anno-giudiziario-focus-sulla-lotta-al-riciclaggio-e-sulla-cancellazione-dalla-lista-grigia\\\/#primaryimage\",\"url\":\"https:\\\/\\\/www.monaco-tribune.com\\\/wp-content\\\/uploads\\\/2024\\\/10\\\/rentree-tribunal-monaco.jpg\",\"contentUrl\":\"https:\\\/\\\/www.monaco-tribune.com\\\/wp-content\\\/uploads\\\/2024\\\/10\\\/rentree-tribunal-monaco.jpg\",\"width\":1200,\"height\":800,\"caption\":\"\u00a9 Direzione della Comunicazione \\\/ Manuel Vitali\"},{\"@type\":\"BreadcrumbList\",\"@id\":\"https:\\\/\\\/www.monaco-tribune.com\\\/it\\\/2024\\\/10\\\/nuovo-anno-giudiziario-focus-sulla-lotta-al-riciclaggio-e-sulla-cancellazione-dalla-lista-grigia\\\/#breadcrumb\",\"itemListElement\":[{\"@type\":\"ListItem\",\"position\":1,\"name\":\"Accueil\",\"item\":\"https:\\\/\\\/www.monaco-tribune.com\\\/it\\\/\"},{\"@type\":\"ListItem\",\"position\":2,\"name\":\"Nuovo anno giudiziario: focus sulla lotta al riciclaggio e sulla cancellazione dalla lista grigia\"}]},{\"@type\":\"WebSite\",\"@id\":\"https:\\\/\\\/www.monaco-tribune.com\\\/it\\\/#website\",\"url\":\"https:\\\/\\\/www.monaco-tribune.com\\\/it\\\/\",\"name\":\"Monaco Tribune\",\"description\":\"Monaco : actualit\u00e9s \u00e9conomiques, politiques, culturelles et sportives de Monaco et de la French Riviera.\",\"publisher\":{\"@id\":\"https:\\\/\\\/www.monaco-tribune.com\\\/it\\\/#organization\"},\"potentialAction\":[{\"@type\":\"SearchAction\",\"target\":{\"@type\":\"EntryPoint\",\"urlTemplate\":\"https:\\\/\\\/www.monaco-tribune.com\\\/it\\\/?s={search_term_string}\"},\"query-input\":{\"@type\":\"PropertyValueSpecification\",\"valueRequired\":true,\"valueName\":\"search_term_string\"}}],\"inLanguage\":\"it-IT\"},{\"@type\":\"Organization\",\"@id\":\"https:\\\/\\\/www.monaco-tribune.com\\\/it\\\/#organization\",\"name\":\"Monaco Tribune\",\"url\":\"https:\\\/\\\/www.monaco-tribune.com\\\/it\\\/\",\"logo\":{\"@type\":\"ImageObject\",\"inLanguage\":\"it-IT\",\"@id\":\"https:\\\/\\\/www.monaco-tribune.com\\\/it\\\/#\\\/schema\\\/logo\\\/image\\\/\",\"url\":\"https:\\\/\\\/www.monaco-tribune.com\\\/wp-content\\\/uploads\\\/2022\\\/11\\\/logo-monaco-tribune.png\",\"contentUrl\":\"https:\\\/\\\/www.monaco-tribune.com\\\/wp-content\\\/uploads\\\/2022\\\/11\\\/logo-monaco-tribune.png\",\"width\":1548,\"height\":600,\"caption\":\"Monaco Tribune\"},\"image\":{\"@id\":\"https:\\\/\\\/www.monaco-tribune.com\\\/it\\\/#\\\/schema\\\/logo\\\/image\\\/\"},\"sameAs\":[\"https:\\\/\\\/www.facebook.com\\\/MonacoTribune\",\"https:\\\/\\\/x.com\\\/MonacoTribune\",\"https:\\\/\\\/www.instagram.com\\\/monacotribune\\\/\",\"https:\\\/\\\/www.linkedin.com\\\/company\\\/monaco-tribune\",\"https:\\\/\\\/www.youtube.com\\\/channel\\\/UCHle1MnG6hw1y4lWKijVbMA\"]},{\"@type\":\"Person\",\"@id\":\"https:\\\/\\\/www.monaco-tribune.com\\\/it\\\/#\\\/schema\\\/person\\\/94fb5723547bd83dea1eed97e25145aa\",\"name\":\"Th\u00e9o Briand\",\"image\":{\"@type\":\"ImageObject\",\"inLanguage\":\"it-IT\",\"@id\":\"https:\\\/\\\/secure.gravatar.com\\\/avatar\\\/1c02cfd8b8054d8c376f9a942a1dc4dbacfd8ba5e6f8dbb5e16f4aa3d281972a?s=96&d=mm&r=g\",\"url\":\"https:\\\/\\\/secure.gravatar.com\\\/avatar\\\/1c02cfd8b8054d8c376f9a942a1dc4dbacfd8ba5e6f8dbb5e16f4aa3d281972a?s=96&d=mm&r=g\",\"contentUrl\":\"https:\\\/\\\/secure.gravatar.com\\\/avatar\\\/1c02cfd8b8054d8c376f9a942a1dc4dbacfd8ba5e6f8dbb5e16f4aa3d281972a?s=96&d=mm&r=g\",\"caption\":\"Th\u00e9o Briand\"},\"url\":\"https:\\\/\\\/www.monaco-tribune.com\\\/it\\\/author\\\/theobriand\\\/\"}]}<\/script>\n<!-- \/ Yoast SEO Premium plugin. -->","yoast_head_json":{"title":"Nuovo anno giudiziario: focus sulla lotta al riciclaggio e sulla cancellazione dalla lista grigia","description":"Sebbene il sistema giudiziario monegasco funzioni bene nel complesso, i vari interventi hanno evidenziato una carenza di risorse umane e un aumento del","robots":{"index":"index","follow":"follow","max-snippet":"max-snippet:-1","max-image-preview":"max-image-preview:large","max-video-preview":"max-video-preview:-1"},"canonical":"https:\/\/www.monaco-tribune.com\/it\/2024\/10\/nuovo-anno-giudiziario-focus-sulla-lotta-al-riciclaggio-e-sulla-cancellazione-dalla-lista-grigia\/","og_locale":"it_IT","og_type":"article","og_title":"Nuovo anno giudiziario: focus sulla lotta al riciclaggio e sulla cancellazione dalla lista grigia - Monaco Tribune","og_description":"Sebbene il sistema giudiziario monegasco funzioni bene nel complesso, i vari interventi hanno evidenziato una carenza di risorse umane e un aumento del","og_url":"https:\/\/www.monaco-tribune.com\/it\/2024\/10\/nuovo-anno-giudiziario-focus-sulla-lotta-al-riciclaggio-e-sulla-cancellazione-dalla-lista-grigia\/","og_site_name":"Monaco Tribune","article_publisher":"https:\/\/www.facebook.com\/MonacoTribune","article_published_time":"2024-10-03T15:12:56+00:00","article_modified_time":"2024-10-03T15:57:36+00:00","og_image":[{"width":1200,"height":800,"url":"https:\/\/www.monaco-tribune.com\/wp-content\/uploads\/2024\/10\/rentree-tribunal-monaco.jpg","type":"image\/jpeg"}],"author":"Th\u00e9o Briand","twitter_card":"summary_large_image","twitter_creator":"@MonacoTribune","twitter_site":"@MonacoTribune","schema":{"@context":"https:\/\/schema.org","@graph":[{"@type":"NewsArticle","@id":"https:\/\/www.monaco-tribune.com\/it\/2024\/10\/nuovo-anno-giudiziario-focus-sulla-lotta-al-riciclaggio-e-sulla-cancellazione-dalla-lista-grigia\/#article","isPartOf":{"@id":"https:\/\/www.monaco-tribune.com\/it\/2024\/10\/nuovo-anno-giudiziario-focus-sulla-lotta-al-riciclaggio-e-sulla-cancellazione-dalla-lista-grigia\/"},"author":{"name":"Th\u00e9o Briand","@id":"https:\/\/www.monaco-tribune.com\/it\/#\/schema\/person\/94fb5723547bd83dea1eed97e25145aa"},"headline":"Nuovo anno giudiziario: focus sulla lotta al riciclaggio e sulla cancellazione dalla lista grigia","datePublished":"2024-10-03T15:12:56+00:00","dateModified":"2024-10-03T15:57:36+00:00","mainEntityOfPage":{"@id":"https:\/\/www.monaco-tribune.com\/it\/2024\/10\/nuovo-anno-giudiziario-focus-sulla-lotta-al-riciclaggio-e-sulla-cancellazione-dalla-lista-grigia\/"},"wordCount":594,"publisher":{"@id":"https:\/\/www.monaco-tribune.com\/it\/#organization"},"image":{"@id":"https:\/\/www.monaco-tribune.com\/it\/2024\/10\/nuovo-anno-giudiziario-focus-sulla-lotta-al-riciclaggio-e-sulla-cancellazione-dalla-lista-grigia\/#primaryimage"},"thumbnailUrl":"https:\/\/www.monaco-tribune.com\/wp-content\/uploads\/2024\/10\/rentree-tribunal-monaco.jpg","keywords":["Giustizia"],"articleSection":["Notizie","Societ\u00e0"],"inLanguage":"it-IT","copyrightYear":"2024","copyrightHolder":{"@id":"https:\/\/www.monaco-tribune.com\/#organization"}},{"@type":"WebPage","@id":"https:\/\/www.monaco-tribune.com\/it\/2024\/10\/nuovo-anno-giudiziario-focus-sulla-lotta-al-riciclaggio-e-sulla-cancellazione-dalla-lista-grigia\/","url":"https:\/\/www.monaco-tribune.com\/it\/2024\/10\/nuovo-anno-giudiziario-focus-sulla-lotta-al-riciclaggio-e-sulla-cancellazione-dalla-lista-grigia\/","name":"Nuovo anno giudiziario: focus sulla lotta al riciclaggio e sulla cancellazione dalla lista grigia","isPartOf":{"@id":"https:\/\/www.monaco-tribune.com\/it\/#website"},"primaryImageOfPage":{"@id":"https:\/\/www.monaco-tribune.com\/it\/2024\/10\/nuovo-anno-giudiziario-focus-sulla-lotta-al-riciclaggio-e-sulla-cancellazione-dalla-lista-grigia\/#primaryimage"},"image":{"@id":"https:\/\/www.monaco-tribune.com\/it\/2024\/10\/nuovo-anno-giudiziario-focus-sulla-lotta-al-riciclaggio-e-sulla-cancellazione-dalla-lista-grigia\/#primaryimage"},"thumbnailUrl":"https:\/\/www.monaco-tribune.com\/wp-content\/uploads\/2024\/10\/rentree-tribunal-monaco.jpg","datePublished":"2024-10-03T15:12:56+00:00","dateModified":"2024-10-03T15:57:36+00:00","description":"Sebbene il sistema giudiziario monegasco funzioni bene nel complesso, i vari interventi hanno evidenziato una carenza di risorse umane e un aumento del","breadcrumb":{"@id":"https:\/\/www.monaco-tribune.com\/it\/2024\/10\/nuovo-anno-giudiziario-focus-sulla-lotta-al-riciclaggio-e-sulla-cancellazione-dalla-lista-grigia\/#breadcrumb"},"inLanguage":"it-IT","potentialAction":[{"@type":"ReadAction","target":["https:\/\/www.monaco-tribune.com\/it\/2024\/10\/nuovo-anno-giudiziario-focus-sulla-lotta-al-riciclaggio-e-sulla-cancellazione-dalla-lista-grigia\/"]}]},{"@type":"ImageObject","inLanguage":"it-IT","@id":"https:\/\/www.monaco-tribune.com\/it\/2024\/10\/nuovo-anno-giudiziario-focus-sulla-lotta-al-riciclaggio-e-sulla-cancellazione-dalla-lista-grigia\/#primaryimage","url":"https:\/\/www.monaco-tribune.com\/wp-content\/uploads\/2024\/10\/rentree-tribunal-monaco.jpg","contentUrl":"https:\/\/www.monaco-tribune.com\/wp-content\/uploads\/2024\/10\/rentree-tribunal-monaco.jpg","width":1200,"height":800,"caption":"\u00a9 Direzione della Comunicazione \/ Manuel Vitali"},{"@type":"BreadcrumbList","@id":"https:\/\/www.monaco-tribune.com\/it\/2024\/10\/nuovo-anno-giudiziario-focus-sulla-lotta-al-riciclaggio-e-sulla-cancellazione-dalla-lista-grigia\/#breadcrumb","itemListElement":[{"@type":"ListItem","position":1,"name":"Accueil","item":"https:\/\/www.monaco-tribune.com\/it\/"},{"@type":"ListItem","position":2,"name":"Nuovo anno giudiziario: focus sulla lotta al riciclaggio e sulla cancellazione dalla lista grigia"}]},{"@type":"WebSite","@id":"https:\/\/www.monaco-tribune.com\/it\/#website","url":"https:\/\/www.monaco-tribune.com\/it\/","name":"Monaco Tribune","description":"Monaco : actualit\u00e9s \u00e9conomiques, politiques, culturelles et sportives de Monaco et de la French Riviera.","publisher":{"@id":"https:\/\/www.monaco-tribune.com\/it\/#organization"},"potentialAction":[{"@type":"SearchAction","target":{"@type":"EntryPoint","urlTemplate":"https:\/\/www.monaco-tribune.com\/it\/?s={search_term_string}"},"query-input":{"@type":"PropertyValueSpecification","valueRequired":true,"valueName":"search_term_string"}}],"inLanguage":"it-IT"},{"@type":"Organization","@id":"https:\/\/www.monaco-tribune.com\/it\/#organization","name":"Monaco Tribune","url":"https:\/\/www.monaco-tribune.com\/it\/","logo":{"@type":"ImageObject","inLanguage":"it-IT","@id":"https:\/\/www.monaco-tribune.com\/it\/#\/schema\/logo\/image\/","url":"https:\/\/www.monaco-tribune.com\/wp-content\/uploads\/2022\/11\/logo-monaco-tribune.png","contentUrl":"https:\/\/www.monaco-tribune.com\/wp-content\/uploads\/2022\/11\/logo-monaco-tribune.png","width":1548,"height":600,"caption":"Monaco Tribune"},"image":{"@id":"https:\/\/www.monaco-tribune.com\/it\/#\/schema\/logo\/image\/"},"sameAs":["https:\/\/www.facebook.com\/MonacoTribune","https:\/\/x.com\/MonacoTribune","https:\/\/www.instagram.com\/monacotribune\/","https:\/\/www.linkedin.com\/company\/monaco-tribune","https:\/\/www.youtube.com\/channel\/UCHle1MnG6hw1y4lWKijVbMA"]},{"@type":"Person","@id":"https:\/\/www.monaco-tribune.com\/it\/#\/schema\/person\/94fb5723547bd83dea1eed97e25145aa","name":"Th\u00e9o Briand","image":{"@type":"ImageObject","inLanguage":"it-IT","@id":"https:\/\/secure.gravatar.com\/avatar\/1c02cfd8b8054d8c376f9a942a1dc4dbacfd8ba5e6f8dbb5e16f4aa3d281972a?s=96&d=mm&r=g","url":"https:\/\/secure.gravatar.com\/avatar\/1c02cfd8b8054d8c376f9a942a1dc4dbacfd8ba5e6f8dbb5e16f4aa3d281972a?s=96&d=mm&r=g","contentUrl":"https:\/\/secure.gravatar.com\/avatar\/1c02cfd8b8054d8c376f9a942a1dc4dbacfd8ba5e6f8dbb5e16f4aa3d281972a?s=96&d=mm&r=g","caption":"Th\u00e9o Briand"},"url":"https:\/\/www.monaco-tribune.com\/it\/author\/theobriand\/"}]}},"_links":{"self":[{"href":"https:\/\/www.monaco-tribune.com\/it\/wp-json\/wp\/v2\/posts\/253196","targetHints":{"allow":["GET"]}}],"collection":[{"href":"https:\/\/www.monaco-tribune.com\/it\/wp-json\/wp\/v2\/posts"}],"about":[{"href":"https:\/\/www.monaco-tribune.com\/it\/wp-json\/wp\/v2\/types\/post"}],"author":[{"embeddable":true,"href":"https:\/\/www.monaco-tribune.com\/it\/wp-json\/wp\/v2\/users\/66"}],"replies":[{"embeddable":true,"href":"https:\/\/www.monaco-tribune.com\/it\/wp-json\/wp\/v2\/comments?post=253196"}],"version-history":[{"count":2,"href":"https:\/\/www.monaco-tribune.com\/it\/wp-json\/wp\/v2\/posts\/253196\/revisions"}],"predecessor-version":[{"id":253229,"href":"https:\/\/www.monaco-tribune.com\/it\/wp-json\/wp\/v2\/posts\/253196\/revisions\/253229"}],"wp:featuredmedia":[{"embeddable":true,"href":"https:\/\/www.monaco-tribune.com\/it\/wp-json\/wp\/v2\/media\/253013"}],"wp:attachment":[{"href":"https:\/\/www.monaco-tribune.com\/it\/wp-json\/wp\/v2\/media?parent=253196"}],"wp:term":[{"taxonomy":"category","embeddable":true,"href":"https:\/\/www.monaco-tribune.com\/it\/wp-json\/wp\/v2\/categories?post=253196"},{"taxonomy":"post_tag","embeddable":true,"href":"https:\/\/www.monaco-tribune.com\/it\/wp-json\/wp\/v2\/tags?post=253196"},{"taxonomy":"sectag","embeddable":true,"href":"https:\/\/www.monaco-tribune.com\/it\/wp-json\/wp\/v2\/post_sectags?post=253196"},{"taxonomy":"format","embeddable":true,"href":"https:\/\/www.monaco-tribune.com\/it\/wp-json\/wp\/v2\/post_format?post=253196"}],"curies":[{"name":"wp","href":"https:\/\/api.w.org\/{rel}","templated":true}]}}