{"id":253761,"date":"2024-10-07T17:00:30","date_gmt":"2024-10-07T15:00:30","guid":{"rendered":"https:\/\/www.monaco-tribune.com\/2024\/10\/la-principessa-charlene-illumina-il-casino-di-monte-carlo-per-lanciare-ottobre-rosa\/"},"modified":"2024-10-07T17:00:45","modified_gmt":"2024-10-07T15:00:45","slug":"la-principessa-charlene-illumina-il-casino-di-monte-carlo-per-lanciare-ottobre-rosa","status":"publish","type":"post","link":"https:\/\/www.monaco-tribune.com\/it\/2024\/10\/la-principessa-charlene-illumina-il-casino-di-monte-carlo-per-lanciare-ottobre-rosa\/","title":{"rendered":"La Principessa Charl\u00e8ne illumina il Casin\u00f2 di Monte-Carlo per lanciare Ottobre Rosa"},"content":{"rendered":"\n<p><strong>Venerd\u00ec 4 ottobre, la Place du Casino si \u00e8 tinta di rosa sotto l&#8217;egida della Principessa Charl\u00e8ne, nominata Presidente onorario dell&#8217;associazione Pink Ribbon Monaco lo scorso gennaio. L&#8217;evento ha dato il via al mese di Ottobre Rosa, una campagna mondiale di sensibilizzazione e lotta contro il cancro al seno.<\/strong><\/p>\n\n<p>Ogni anno, Pink Ribbon Monaco illumina alcuni dei monumenti pi\u00f9 emblematici del Principato, sensibilizzando l&#8217;opinione pubblica su questa importante tematica. Dalla sua fondazione nel 2011, l&#8217;associazione \u00e8 diventata un punto di riferimento nella lotta contro il cancro al seno.<\/p>\n\n<p>L&#8217;obiettivo \u00e8 quello di informare il pubblico sull&#8217;importanza della diagnosi precoce attraverso l&#8217;educazione e la prevenzione. La partecipazione della Principessa Charl\u00e8ne, ha permesso all&#8217;associazione di rafforzare il suo messaggio e il suo impegno per la salute delle donne.<\/p>\n\n<h2 class=\"wp-block-heading\" id=\"h-natasha-frost-savio-la-force-derriere-l-association\">Natasha Frost-Savio: la forza che muove l&#8217;associazione<\/h2>\n\n<p>Responsabile di Pink Ribbon, <a href=\"https:\/\/www.monaco-tribune.com\/2024\/02\/natasha-frost-savio-le-visage-de-la-determination-derriere-pink-ribbon\/\">Natasha Frost-Savio<\/a> \u00e8 un vero esempio di determinazione. Cresciuta tra Londra, Monaco e Los Angeles, \u00e8 stata profondamente segnata dal cancro al seno dopo aver visto sua nonna combattere contro la malattia. Grazie a questo suo percorso, oggi si dedica a rompere i tab\u00f9 e a incoraggiare lo screening.<\/p>\n\n<p>Per Natasha, \u00e8 essenziale che ogni donna integri queste misure preventive nella propria routine. \u201cLa sensibilizzazione preventiva deve diventare un riflesso\u201d, afferma con convinzione.<\/p>\n\n<h2 class=\"wp-block-heading\" id=\"h-monaco-un-lieu-d-espoir-et-de-solidarite\">Monaco: un luogo di speranza e solidariet\u00e0<\/h2>\n\n<p>Con l&#8217;ardente desiderio di vedere un cambiamento, Natasha crede fermamente che Monaco, con la sua diversit\u00e0 culturale, sia il luogo ideale per portare avanti questa missione. \u201cQui tutte le comunit\u00e0 si uniscono. \u00c8 questa la cosa bella\u201d, conclude.<\/p>\n\n<p>La Place du Casino illuminata di rosa non \u00e8 solo bella da vedere, ma \u00e8 anche e soprattutto un invito ad agire per un futuro senza cancro al seno.<\/p>\n\n<figure class=\"wp-block-gallery has-nested-images columns-default is-cropped wp-block-gallery-1 is-layout-flex wp-block-gallery-is-layout-flex\"><div class=\"wp-block-image\">\n<figure class=\"aligncenter size-large\"><img loading=\"lazy\" decoding=\"async\" width=\"1024\" height=\"683\" data-id=\"253484\" src=\"https:\/\/www.monaco-tribune.com\/wp-content\/uploads\/2024\/10\/eric-mathon-palais-princier7-1024x683.jpg\" alt=\"\" class=\"wp-image-253484\" srcset=\"https:\/\/www.monaco-tribune.com\/wp-content\/uploads\/2024\/10\/eric-mathon-palais-princier7-1024x683.jpg 1024w, https:\/\/www.monaco-tribune.com\/wp-content\/uploads\/2024\/10\/eric-mathon-palais-princier7-450x300.jpg 450w, https:\/\/www.monaco-tribune.com\/wp-content\/uploads\/2024\/10\/eric-mathon-palais-princier7.jpg 1199w\" sizes=\"auto, (max-width: 1024px) 100vw, 1024px\" \/><\/figure>\n<\/div>\n\n<div class=\"wp-block-image\">\n<figure class=\"aligncenter size-large\"><img loading=\"lazy\" decoding=\"async\" width=\"1024\" height=\"683\" data-id=\"253474\" src=\"https:\/\/www.monaco-tribune.com\/wp-content\/uploads\/2024\/10\/eric-mathon-palais-princier2-1024x683.jpg\" alt=\"\" class=\"wp-image-253474\" srcset=\"https:\/\/www.monaco-tribune.com\/wp-content\/uploads\/2024\/10\/eric-mathon-palais-princier2-1024x683.jpg 1024w, https:\/\/www.monaco-tribune.com\/wp-content\/uploads\/2024\/10\/eric-mathon-palais-princier2-450x300.jpg 450w, https:\/\/www.monaco-tribune.com\/wp-content\/uploads\/2024\/10\/eric-mathon-palais-princier2.jpg 1440w\" sizes=\"auto, (max-width: 1024px) 100vw, 1024px\" \/><figcaption class=\"wp-element-caption\"><em>La Principessa Charl\u00e8ne, Natasha Frost-Savio e St\u00e9phane Valeri, Direttore della Soci\u00e9t\u00e9 des Bains de Mer<\/em><\/figcaption><\/figure>\n<\/div>\n\n<div class=\"wp-block-image\">\n<figure class=\"aligncenter size-large\"><img loading=\"lazy\" decoding=\"async\" width=\"1024\" height=\"683\" data-id=\"253461\" src=\"https:\/\/www.monaco-tribune.com\/wp-content\/uploads\/2024\/10\/eric-mathon-palais-princier-1024x683.jpg\" alt=\"\" class=\"wp-image-253461\" srcset=\"https:\/\/www.monaco-tribune.com\/wp-content\/uploads\/2024\/10\/eric-mathon-palais-princier-1024x683.jpg 1024w, https:\/\/www.monaco-tribune.com\/wp-content\/uploads\/2024\/10\/eric-mathon-palais-princier-450x300.jpg 450w, https:\/\/www.monaco-tribune.com\/wp-content\/uploads\/2024\/10\/eric-mathon-palais-princier.jpg 1440w\" sizes=\"auto, (max-width: 1024px) 100vw, 1024px\" \/><figcaption class=\"wp-element-caption\"><em>Mathilde Le Clerc, Christophe Robino, St\u00e9phane Valeri, la Principessa Charl\u00e8ne, Natasha Frost-Savio, C\u00e9line Cottalorda e Beno\u00eete Rousseau de Sevelinges<\/em><\/figcaption><\/figure>\n<\/div>\n\n<div class=\"wp-block-image\">\n<figure class=\"aligncenter size-large\"><img loading=\"lazy\" decoding=\"async\" width=\"683\" height=\"1024\" data-id=\"253472\" src=\"https:\/\/www.monaco-tribune.com\/wp-content\/uploads\/2024\/10\/eric-mathon-palais-princier5-683x1024.jpg\" alt=\"\" class=\"wp-image-253472\" srcset=\"https:\/\/www.monaco-tribune.com\/wp-content\/uploads\/2024\/10\/eric-mathon-palais-princier5-683x1024.jpg 683w, https:\/\/www.monaco-tribune.com\/wp-content\/uploads\/2024\/10\/eric-mathon-palais-princier5-200x300.jpg 200w, https:\/\/www.monaco-tribune.com\/wp-content\/uploads\/2024\/10\/eric-mathon-palais-princier5.jpg 1366w\" sizes=\"auto, (max-width: 683px) 100vw, 683px\" \/><\/figure>\n<\/div>\n\n<div class=\"wp-block-image\">\n<figure class=\"aligncenter size-large\"><img decoding=\"async\" data-id=\"253516\" src=\"https:\/\/www.monaco-tribune.com\/wp-content\/uploads\/2024\/10\/&#xA9;-direction-de-la-communication-stephane-danna8-1024x683.jpg\" alt=\"\" class=\"wp-image-253516\"\/><\/figure>\n<\/div>\n\n<div class=\"wp-block-image\">\n<figure class=\"aligncenter size-large\"><img decoding=\"async\" data-id=\"253520\" src=\"https:\/\/www.monaco-tribune.com\/wp-content\/uploads\/2024\/10\/&#xA9;-direction-de-la-communication-stephane-danna5-1024x683.jpg\" alt=\"\" class=\"wp-image-253520\"\/><\/figure>\n<\/div>\n\n<div class=\"wp-block-image\">\n<figure class=\"aligncenter size-large\"><img decoding=\"async\" data-id=\"253515\" src=\"https:\/\/www.monaco-tribune.com\/wp-content\/uploads\/2024\/10\/&#xA9;-direction-de-la-communication-stephane-danna3-1024x683.jpg\" alt=\"\" class=\"wp-image-253515\"\/><\/figure>\n<\/div>\n\n<div class=\"wp-block-image\">\n<figure class=\"aligncenter size-large\"><img decoding=\"async\" data-id=\"253521\" src=\"https:\/\/www.monaco-tribune.com\/wp-content\/uploads\/2024\/10\/&#xA9;-direction-de-la-communication-stephane-danna-1024x683.jpg\" alt=\"\" class=\"wp-image-253521\"\/><\/figure>\n<\/div>\n\n<div class=\"wp-block-image\">\n<figure class=\"aligncenter size-large\"><img decoding=\"async\" data-id=\"253531\" src=\"https:\/\/www.monaco-tribune.com\/wp-content\/uploads\/2024\/10\/&#xA9;-direction-de-la-communication-stephane-danna6-1024x683.jpg\" alt=\"\" class=\"wp-image-253531\"\/><\/figure>\n<\/div>\n\n<div class=\"wp-block-image\">\n<figure class=\"aligncenter size-large\"><img loading=\"lazy\" decoding=\"async\" width=\"1024\" height=\"683\" data-id=\"253460\" src=\"https:\/\/www.monaco-tribune.com\/wp-content\/uploads\/2024\/10\/eric-mathon-palais-princier3-1024x683.jpg\" alt=\"\" class=\"wp-image-253460\" srcset=\"https:\/\/www.monaco-tribune.com\/wp-content\/uploads\/2024\/10\/eric-mathon-palais-princier3-1024x683.jpg 1024w, https:\/\/www.monaco-tribune.com\/wp-content\/uploads\/2024\/10\/eric-mathon-palais-princier3-450x300.jpg 450w, https:\/\/www.monaco-tribune.com\/wp-content\/uploads\/2024\/10\/eric-mathon-palais-princier3.jpg 1440w\" sizes=\"auto, (max-width: 1024px) 100vw, 1024px\" \/><\/figure>\n<\/div>\n\n<div class=\"wp-block-image\">\n<figure class=\"aligncenter size-large\"><img loading=\"lazy\" decoding=\"async\" width=\"1024\" height=\"683\" data-id=\"253467\" src=\"https:\/\/www.monaco-tribune.com\/wp-content\/uploads\/2024\/10\/eric-mathon-palais-princier6-1024x683.jpg\" alt=\"\" class=\"wp-image-253467\" srcset=\"https:\/\/www.monaco-tribune.com\/wp-content\/uploads\/2024\/10\/eric-mathon-palais-princier6-1024x683.jpg 1024w, https:\/\/www.monaco-tribune.com\/wp-content\/uploads\/2024\/10\/eric-mathon-palais-princier6-450x300.jpg 450w, https:\/\/www.monaco-tribune.com\/wp-content\/uploads\/2024\/10\/eric-mathon-palais-princier6.jpg 1440w\" sizes=\"auto, (max-width: 1024px) 100vw, 1024px\" \/><\/figure>\n<\/div>\n\n<div class=\"wp-block-image\">\n<figure class=\"aligncenter size-large\"><img decoding=\"async\" data-id=\"253505\" src=\"https:\/\/www.monaco-tribune.com\/wp-content\/uploads\/2024\/10\/&#xA9;-direction-de-la-communication-stephane-danna2-1-1024x683.jpg\" alt=\"\" class=\"wp-image-253505\"\/><\/figure>\n<\/div>\n\n<div class=\"wp-block-image\">\n<figure class=\"aligncenter size-large\"><img decoding=\"async\" data-id=\"253506\" src=\"https:\/\/www.monaco-tribune.com\/wp-content\/uploads\/2024\/10\/&#xA9;-direction-de-la-communication-stephane-danna4-1-1024x683.jpg\" alt=\"\" class=\"wp-image-253506\"\/><\/figure>\n<\/div>\n\n<div class=\"wp-block-image\">\n<figure class=\"aligncenter size-large\"><img decoding=\"async\" data-id=\"253512\" src=\"https:\/\/www.monaco-tribune.com\/wp-content\/uploads\/2024\/10\/&#xA9;-direction-de-la-communication-stephane-danna7-1-1024x683.jpg\" alt=\"\" class=\"wp-image-253512\"\/><\/figure>\n<\/div>\n\n<div class=\"wp-block-image\">\n<figure class=\"aligncenter size-large\"><img decoding=\"async\" data-id=\"253514\" src=\"https:\/\/www.monaco-tribune.com\/wp-content\/uploads\/2024\/10\/&#xA9;-direction-de-la-communication-stephane-danna9-1024x683.jpg\" alt=\"\" class=\"wp-image-253514\"\/><\/figure>\n<\/div><\/figure>\n\n<p><em>Crediti fotografici: \u00c9ric Mathon \/ Palazzo del Principe e St\u00e9phane Danna \/ Direzione della Comunicazione.<\/em><\/p>\n\n<p class=\"related\"><a href=\"https:\/\/www.monaco-tribune.com\/it\/2022\/10\/ottobre-rosa-il-chpg-risponde-alle-vostre-domande\/\">Ottobre Rosa: il CHPG risponde alle vostre domande<\/a><\/p>\n","protected":false},"excerpt":{"rendered":"<p>Venerd\u00ec 4 ottobre, la Place du Casino si \u00e8 tinta di rosa sotto l&#8217;egida della Principessa Charl\u00e8ne, nominata Presidente onorario [&hellip;]<\/p>\n","protected":false},"author":77,"featured_media":253458,"comment_status":"closed","ping_status":"closed","sticky":false,"template":"","format":"standard","meta":{"_acf_changed":false,"footnotes":""},"categories":[1742,1826,1738],"tags":[3158],"post_sectags":[4470,5157,3304],"post_format":[2474],"class_list":["post-253761","post","type-post","status-publish","format-standard","has-post-thumbnail","hentry","category-famiglia-principesca","category-la-nostra-scelta","category-notizie","tag-salute","sectag-ottobre-rosa","sectag-pink-ribbon-it","sectag-principessa-charlene","format-foto"],"acf":[],"yoast_head":"<!-- This site is optimized with the Yoast SEO Premium plugin v26.8 (Yoast SEO v27.4) - https:\/\/yoast.com\/product\/yoast-seo-premium-wordpress\/ -->\n<title>La Principessa Charl\u00e8ne illumina il Casin\u00f2 di Monte-Carlo per lanciare Ottobre Rosa<\/title>\n<meta name=\"description\" content=\"Venerd\u00ec 4 ottobre, la Place du Casino si \u00e8 tinta di rosa sotto l&#039;egida della Principessa Charl\u00e8ne, nominata Presidente onorario dell&#039;associazione Pink\" \/>\n<meta name=\"robots\" content=\"index, follow, max-snippet:-1, max-image-preview:large, max-video-preview:-1\" \/>\n<link rel=\"canonical\" href=\"https:\/\/www.monaco-tribune.com\/it\/2024\/10\/la-principessa-charlene-illumina-il-casino-di-monte-carlo-per-lanciare-ottobre-rosa\/\" \/>\n<meta property=\"og:locale\" content=\"it_IT\" \/>\n<meta property=\"og:type\" content=\"article\" \/>\n<meta property=\"og:title\" content=\"La Principessa Charl\u00e8ne illumina il Casin\u00f2 di Monte-Carlo per lanciare Ottobre Rosa - Monaco Tribune\" \/>\n<meta property=\"og:description\" content=\"Venerd\u00ec 4 ottobre, la Place du Casino si \u00e8 tinta di rosa sotto l&#039;egida della Principessa Charl\u00e8ne, nominata Presidente onorario dell&#039;associazione Pink\" \/>\n<meta property=\"og:url\" content=\"https:\/\/www.monaco-tribune.com\/it\/2024\/10\/la-principessa-charlene-illumina-il-casino-di-monte-carlo-per-lanciare-ottobre-rosa\/\" \/>\n<meta property=\"og:site_name\" content=\"Monaco Tribune\" \/>\n<meta property=\"article:publisher\" content=\"https:\/\/www.facebook.com\/MonacoTribune\" \/>\n<meta property=\"article:published_time\" content=\"2024-10-07T15:00:30+00:00\" \/>\n<meta property=\"article:modified_time\" content=\"2024-10-07T15:00:45+00:00\" \/>\n<meta property=\"og:image\" content=\"https:\/\/www.monaco-tribune.com\/wp-content\/uploads\/2024\/10\/eric-mathon-palais-princier4.jpg\" \/>\n\t<meta property=\"og:image:width\" content=\"1440\" \/>\n\t<meta property=\"og:image:height\" content=\"961\" \/>\n\t<meta property=\"og:image:type\" content=\"image\/jpeg\" \/>\n<meta name=\"author\" content=\"Ana\u00efs Riu\" \/>\n<meta name=\"twitter:card\" content=\"summary_large_image\" \/>\n<meta name=\"twitter:creator\" content=\"@MonacoTribune\" \/>\n<meta name=\"twitter:site\" content=\"@MonacoTribune\" \/>\n<script type=\"application\/ld+json\" class=\"yoast-schema-graph\">{\"@context\":\"https:\\\/\\\/schema.org\",\"@graph\":[{\"@type\":\"NewsArticle\",\"@id\":\"https:\\\/\\\/www.monaco-tribune.com\\\/it\\\/2024\\\/10\\\/la-principessa-charlene-illumina-il-casino-di-monte-carlo-per-lanciare-ottobre-rosa\\\/#article\",\"isPartOf\":{\"@id\":\"https:\\\/\\\/www.monaco-tribune.com\\\/it\\\/2024\\\/10\\\/la-principessa-charlene-illumina-il-casino-di-monte-carlo-per-lanciare-ottobre-rosa\\\/\"},\"author\":{\"name\":\"Ana\u00efs Riu\",\"@id\":\"https:\\\/\\\/www.monaco-tribune.com\\\/it\\\/#\\\/schema\\\/person\\\/6db631c784f2f0eff54c3ca4d1da2d49\"},\"headline\":\"La Principessa Charl\u00e8ne illumina il Casin\u00f2 di Monte-Carlo per lanciare Ottobre Rosa\",\"datePublished\":\"2024-10-07T15:00:30+00:00\",\"dateModified\":\"2024-10-07T15:00:45+00:00\",\"mainEntityOfPage\":{\"@id\":\"https:\\\/\\\/www.monaco-tribune.com\\\/it\\\/2024\\\/10\\\/la-principessa-charlene-illumina-il-casino-di-monte-carlo-per-lanciare-ottobre-rosa\\\/\"},\"wordCount\":362,\"publisher\":{\"@id\":\"https:\\\/\\\/www.monaco-tribune.com\\\/it\\\/#organization\"},\"image\":{\"@id\":\"https:\\\/\\\/www.monaco-tribune.com\\\/it\\\/2024\\\/10\\\/la-principessa-charlene-illumina-il-casino-di-monte-carlo-per-lanciare-ottobre-rosa\\\/#primaryimage\"},\"thumbnailUrl\":\"https:\\\/\\\/www.monaco-tribune.com\\\/wp-content\\\/uploads\\\/2024\\\/10\\\/eric-mathon-palais-princier4.jpg\",\"keywords\":[\"Salute\"],\"articleSection\":[\"Famiglia Principesca\",\"La nostra scelta\",\"Notizie\"],\"inLanguage\":\"it-IT\",\"copyrightYear\":\"2024\",\"copyrightHolder\":{\"@id\":\"https:\\\/\\\/www.monaco-tribune.com\\\/#organization\"}},{\"@type\":\"WebPage\",\"@id\":\"https:\\\/\\\/www.monaco-tribune.com\\\/it\\\/2024\\\/10\\\/la-principessa-charlene-illumina-il-casino-di-monte-carlo-per-lanciare-ottobre-rosa\\\/\",\"url\":\"https:\\\/\\\/www.monaco-tribune.com\\\/it\\\/2024\\\/10\\\/la-principessa-charlene-illumina-il-casino-di-monte-carlo-per-lanciare-ottobre-rosa\\\/\",\"name\":\"La Principessa Charl\u00e8ne illumina il Casin\u00f2 di Monte-Carlo per lanciare Ottobre Rosa\",\"isPartOf\":{\"@id\":\"https:\\\/\\\/www.monaco-tribune.com\\\/it\\\/#website\"},\"primaryImageOfPage\":{\"@id\":\"https:\\\/\\\/www.monaco-tribune.com\\\/it\\\/2024\\\/10\\\/la-principessa-charlene-illumina-il-casino-di-monte-carlo-per-lanciare-ottobre-rosa\\\/#primaryimage\"},\"image\":{\"@id\":\"https:\\\/\\\/www.monaco-tribune.com\\\/it\\\/2024\\\/10\\\/la-principessa-charlene-illumina-il-casino-di-monte-carlo-per-lanciare-ottobre-rosa\\\/#primaryimage\"},\"thumbnailUrl\":\"https:\\\/\\\/www.monaco-tribune.com\\\/wp-content\\\/uploads\\\/2024\\\/10\\\/eric-mathon-palais-princier4.jpg\",\"datePublished\":\"2024-10-07T15:00:30+00:00\",\"dateModified\":\"2024-10-07T15:00:45+00:00\",\"description\":\"Venerd\u00ec 4 ottobre, la Place du Casino si \u00e8 tinta di rosa sotto l'egida della Principessa Charl\u00e8ne, nominata Presidente onorario dell'associazione Pink\",\"breadcrumb\":{\"@id\":\"https:\\\/\\\/www.monaco-tribune.com\\\/it\\\/2024\\\/10\\\/la-principessa-charlene-illumina-il-casino-di-monte-carlo-per-lanciare-ottobre-rosa\\\/#breadcrumb\"},\"inLanguage\":\"it-IT\",\"potentialAction\":[{\"@type\":\"ReadAction\",\"target\":[\"https:\\\/\\\/www.monaco-tribune.com\\\/it\\\/2024\\\/10\\\/la-principessa-charlene-illumina-il-casino-di-monte-carlo-per-lanciare-ottobre-rosa\\\/\"]}]},{\"@type\":\"ImageObject\",\"inLanguage\":\"it-IT\",\"@id\":\"https:\\\/\\\/www.monaco-tribune.com\\\/it\\\/2024\\\/10\\\/la-principessa-charlene-illumina-il-casino-di-monte-carlo-per-lanciare-ottobre-rosa\\\/#primaryimage\",\"url\":\"https:\\\/\\\/www.monaco-tribune.com\\\/wp-content\\\/uploads\\\/2024\\\/10\\\/eric-mathon-palais-princier4.jpg\",\"contentUrl\":\"https:\\\/\\\/www.monaco-tribune.com\\\/wp-content\\\/uploads\\\/2024\\\/10\\\/eric-mathon-palais-princier4.jpg\",\"width\":1440,\"height\":961,\"caption\":\"Pink Ribbon celebra i 14 anni del movimento \u201cnastro rosa\u201d a Monaco \u00a9 \u00c9ric Mathon \\\/ Palazzo del Principe\"},{\"@type\":\"BreadcrumbList\",\"@id\":\"https:\\\/\\\/www.monaco-tribune.com\\\/it\\\/2024\\\/10\\\/la-principessa-charlene-illumina-il-casino-di-monte-carlo-per-lanciare-ottobre-rosa\\\/#breadcrumb\",\"itemListElement\":[{\"@type\":\"ListItem\",\"position\":1,\"name\":\"Accueil\",\"item\":\"https:\\\/\\\/www.monaco-tribune.com\\\/it\\\/\"},{\"@type\":\"ListItem\",\"position\":2,\"name\":\"La Principessa Charl\u00e8ne illumina il Casin\u00f2 di Monte-Carlo per lanciare Ottobre Rosa\"}]},{\"@type\":\"WebSite\",\"@id\":\"https:\\\/\\\/www.monaco-tribune.com\\\/it\\\/#website\",\"url\":\"https:\\\/\\\/www.monaco-tribune.com\\\/it\\\/\",\"name\":\"Monaco Tribune\",\"description\":\"Monaco : actualit\u00e9s \u00e9conomiques, politiques, culturelles et sportives de Monaco et de la French Riviera.\",\"publisher\":{\"@id\":\"https:\\\/\\\/www.monaco-tribune.com\\\/it\\\/#organization\"},\"potentialAction\":[{\"@type\":\"SearchAction\",\"target\":{\"@type\":\"EntryPoint\",\"urlTemplate\":\"https:\\\/\\\/www.monaco-tribune.com\\\/it\\\/?s={search_term_string}\"},\"query-input\":{\"@type\":\"PropertyValueSpecification\",\"valueRequired\":true,\"valueName\":\"search_term_string\"}}],\"inLanguage\":\"it-IT\"},{\"@type\":\"Organization\",\"@id\":\"https:\\\/\\\/www.monaco-tribune.com\\\/it\\\/#organization\",\"name\":\"Monaco Tribune\",\"url\":\"https:\\\/\\\/www.monaco-tribune.com\\\/it\\\/\",\"logo\":{\"@type\":\"ImageObject\",\"inLanguage\":\"it-IT\",\"@id\":\"https:\\\/\\\/www.monaco-tribune.com\\\/it\\\/#\\\/schema\\\/logo\\\/image\\\/\",\"url\":\"https:\\\/\\\/www.monaco-tribune.com\\\/wp-content\\\/uploads\\\/2022\\\/11\\\/logo-monaco-tribune.png\",\"contentUrl\":\"https:\\\/\\\/www.monaco-tribune.com\\\/wp-content\\\/uploads\\\/2022\\\/11\\\/logo-monaco-tribune.png\",\"width\":1548,\"height\":600,\"caption\":\"Monaco Tribune\"},\"image\":{\"@id\":\"https:\\\/\\\/www.monaco-tribune.com\\\/it\\\/#\\\/schema\\\/logo\\\/image\\\/\"},\"sameAs\":[\"https:\\\/\\\/www.facebook.com\\\/MonacoTribune\",\"https:\\\/\\\/x.com\\\/MonacoTribune\",\"https:\\\/\\\/www.instagram.com\\\/monacotribune\\\/\",\"https:\\\/\\\/www.linkedin.com\\\/company\\\/monaco-tribune\",\"https:\\\/\\\/www.youtube.com\\\/channel\\\/UCHle1MnG6hw1y4lWKijVbMA\"]},{\"@type\":\"Person\",\"@id\":\"https:\\\/\\\/www.monaco-tribune.com\\\/it\\\/#\\\/schema\\\/person\\\/6db631c784f2f0eff54c3ca4d1da2d49\",\"name\":\"Ana\u00efs Riu\",\"image\":{\"@type\":\"ImageObject\",\"inLanguage\":\"it-IT\",\"@id\":\"https:\\\/\\\/secure.gravatar.com\\\/avatar\\\/9137eff67ff750f1997c171f45e5829ca4c8fa34729a8f8cd9dc85be7e50df7f?s=96&d=mm&r=g\",\"url\":\"https:\\\/\\\/secure.gravatar.com\\\/avatar\\\/9137eff67ff750f1997c171f45e5829ca4c8fa34729a8f8cd9dc85be7e50df7f?s=96&d=mm&r=g\",\"contentUrl\":\"https:\\\/\\\/secure.gravatar.com\\\/avatar\\\/9137eff67ff750f1997c171f45e5829ca4c8fa34729a8f8cd9dc85be7e50df7f?s=96&d=mm&r=g\",\"caption\":\"Ana\u00efs Riu\"},\"url\":\"https:\\\/\\\/www.monaco-tribune.com\\\/it\\\/author\\\/anaisriu\\\/\"}]}<\/script>\n<!-- \/ Yoast SEO Premium plugin. -->","yoast_head_json":{"title":"La Principessa Charl\u00e8ne illumina il Casin\u00f2 di Monte-Carlo per lanciare Ottobre Rosa","description":"Venerd\u00ec 4 ottobre, la Place du Casino si \u00e8 tinta di rosa sotto l'egida della Principessa Charl\u00e8ne, nominata Presidente onorario dell'associazione Pink","robots":{"index":"index","follow":"follow","max-snippet":"max-snippet:-1","max-image-preview":"max-image-preview:large","max-video-preview":"max-video-preview:-1"},"canonical":"https:\/\/www.monaco-tribune.com\/it\/2024\/10\/la-principessa-charlene-illumina-il-casino-di-monte-carlo-per-lanciare-ottobre-rosa\/","og_locale":"it_IT","og_type":"article","og_title":"La Principessa Charl\u00e8ne illumina il Casin\u00f2 di Monte-Carlo per lanciare Ottobre Rosa - Monaco Tribune","og_description":"Venerd\u00ec 4 ottobre, la Place du Casino si \u00e8 tinta di rosa sotto l'egida della Principessa Charl\u00e8ne, nominata Presidente onorario dell'associazione Pink","og_url":"https:\/\/www.monaco-tribune.com\/it\/2024\/10\/la-principessa-charlene-illumina-il-casino-di-monte-carlo-per-lanciare-ottobre-rosa\/","og_site_name":"Monaco Tribune","article_publisher":"https:\/\/www.facebook.com\/MonacoTribune","article_published_time":"2024-10-07T15:00:30+00:00","article_modified_time":"2024-10-07T15:00:45+00:00","og_image":[{"width":1440,"height":961,"url":"https:\/\/www.monaco-tribune.com\/wp-content\/uploads\/2024\/10\/eric-mathon-palais-princier4.jpg","type":"image\/jpeg"}],"author":"Ana\u00efs Riu","twitter_card":"summary_large_image","twitter_creator":"@MonacoTribune","twitter_site":"@MonacoTribune","schema":{"@context":"https:\/\/schema.org","@graph":[{"@type":"NewsArticle","@id":"https:\/\/www.monaco-tribune.com\/it\/2024\/10\/la-principessa-charlene-illumina-il-casino-di-monte-carlo-per-lanciare-ottobre-rosa\/#article","isPartOf":{"@id":"https:\/\/www.monaco-tribune.com\/it\/2024\/10\/la-principessa-charlene-illumina-il-casino-di-monte-carlo-per-lanciare-ottobre-rosa\/"},"author":{"name":"Ana\u00efs Riu","@id":"https:\/\/www.monaco-tribune.com\/it\/#\/schema\/person\/6db631c784f2f0eff54c3ca4d1da2d49"},"headline":"La Principessa Charl\u00e8ne illumina il Casin\u00f2 di Monte-Carlo per lanciare Ottobre Rosa","datePublished":"2024-10-07T15:00:30+00:00","dateModified":"2024-10-07T15:00:45+00:00","mainEntityOfPage":{"@id":"https:\/\/www.monaco-tribune.com\/it\/2024\/10\/la-principessa-charlene-illumina-il-casino-di-monte-carlo-per-lanciare-ottobre-rosa\/"},"wordCount":362,"publisher":{"@id":"https:\/\/www.monaco-tribune.com\/it\/#organization"},"image":{"@id":"https:\/\/www.monaco-tribune.com\/it\/2024\/10\/la-principessa-charlene-illumina-il-casino-di-monte-carlo-per-lanciare-ottobre-rosa\/#primaryimage"},"thumbnailUrl":"https:\/\/www.monaco-tribune.com\/wp-content\/uploads\/2024\/10\/eric-mathon-palais-princier4.jpg","keywords":["Salute"],"articleSection":["Famiglia Principesca","La nostra scelta","Notizie"],"inLanguage":"it-IT","copyrightYear":"2024","copyrightHolder":{"@id":"https:\/\/www.monaco-tribune.com\/#organization"}},{"@type":"WebPage","@id":"https:\/\/www.monaco-tribune.com\/it\/2024\/10\/la-principessa-charlene-illumina-il-casino-di-monte-carlo-per-lanciare-ottobre-rosa\/","url":"https:\/\/www.monaco-tribune.com\/it\/2024\/10\/la-principessa-charlene-illumina-il-casino-di-monte-carlo-per-lanciare-ottobre-rosa\/","name":"La Principessa Charl\u00e8ne illumina il Casin\u00f2 di Monte-Carlo per lanciare Ottobre Rosa","isPartOf":{"@id":"https:\/\/www.monaco-tribune.com\/it\/#website"},"primaryImageOfPage":{"@id":"https:\/\/www.monaco-tribune.com\/it\/2024\/10\/la-principessa-charlene-illumina-il-casino-di-monte-carlo-per-lanciare-ottobre-rosa\/#primaryimage"},"image":{"@id":"https:\/\/www.monaco-tribune.com\/it\/2024\/10\/la-principessa-charlene-illumina-il-casino-di-monte-carlo-per-lanciare-ottobre-rosa\/#primaryimage"},"thumbnailUrl":"https:\/\/www.monaco-tribune.com\/wp-content\/uploads\/2024\/10\/eric-mathon-palais-princier4.jpg","datePublished":"2024-10-07T15:00:30+00:00","dateModified":"2024-10-07T15:00:45+00:00","description":"Venerd\u00ec 4 ottobre, la Place du Casino si \u00e8 tinta di rosa sotto l'egida della Principessa Charl\u00e8ne, nominata Presidente onorario dell'associazione Pink","breadcrumb":{"@id":"https:\/\/www.monaco-tribune.com\/it\/2024\/10\/la-principessa-charlene-illumina-il-casino-di-monte-carlo-per-lanciare-ottobre-rosa\/#breadcrumb"},"inLanguage":"it-IT","potentialAction":[{"@type":"ReadAction","target":["https:\/\/www.monaco-tribune.com\/it\/2024\/10\/la-principessa-charlene-illumina-il-casino-di-monte-carlo-per-lanciare-ottobre-rosa\/"]}]},{"@type":"ImageObject","inLanguage":"it-IT","@id":"https:\/\/www.monaco-tribune.com\/it\/2024\/10\/la-principessa-charlene-illumina-il-casino-di-monte-carlo-per-lanciare-ottobre-rosa\/#primaryimage","url":"https:\/\/www.monaco-tribune.com\/wp-content\/uploads\/2024\/10\/eric-mathon-palais-princier4.jpg","contentUrl":"https:\/\/www.monaco-tribune.com\/wp-content\/uploads\/2024\/10\/eric-mathon-palais-princier4.jpg","width":1440,"height":961,"caption":"Pink Ribbon celebra i 14 anni del movimento \u201cnastro rosa\u201d a Monaco \u00a9 \u00c9ric Mathon \/ Palazzo del Principe"},{"@type":"BreadcrumbList","@id":"https:\/\/www.monaco-tribune.com\/it\/2024\/10\/la-principessa-charlene-illumina-il-casino-di-monte-carlo-per-lanciare-ottobre-rosa\/#breadcrumb","itemListElement":[{"@type":"ListItem","position":1,"name":"Accueil","item":"https:\/\/www.monaco-tribune.com\/it\/"},{"@type":"ListItem","position":2,"name":"La Principessa Charl\u00e8ne illumina il Casin\u00f2 di Monte-Carlo per lanciare Ottobre Rosa"}]},{"@type":"WebSite","@id":"https:\/\/www.monaco-tribune.com\/it\/#website","url":"https:\/\/www.monaco-tribune.com\/it\/","name":"Monaco Tribune","description":"Monaco : actualit\u00e9s \u00e9conomiques, politiques, culturelles et sportives de Monaco et de la French Riviera.","publisher":{"@id":"https:\/\/www.monaco-tribune.com\/it\/#organization"},"potentialAction":[{"@type":"SearchAction","target":{"@type":"EntryPoint","urlTemplate":"https:\/\/www.monaco-tribune.com\/it\/?s={search_term_string}"},"query-input":{"@type":"PropertyValueSpecification","valueRequired":true,"valueName":"search_term_string"}}],"inLanguage":"it-IT"},{"@type":"Organization","@id":"https:\/\/www.monaco-tribune.com\/it\/#organization","name":"Monaco Tribune","url":"https:\/\/www.monaco-tribune.com\/it\/","logo":{"@type":"ImageObject","inLanguage":"it-IT","@id":"https:\/\/www.monaco-tribune.com\/it\/#\/schema\/logo\/image\/","url":"https:\/\/www.monaco-tribune.com\/wp-content\/uploads\/2022\/11\/logo-monaco-tribune.png","contentUrl":"https:\/\/www.monaco-tribune.com\/wp-content\/uploads\/2022\/11\/logo-monaco-tribune.png","width":1548,"height":600,"caption":"Monaco Tribune"},"image":{"@id":"https:\/\/www.monaco-tribune.com\/it\/#\/schema\/logo\/image\/"},"sameAs":["https:\/\/www.facebook.com\/MonacoTribune","https:\/\/x.com\/MonacoTribune","https:\/\/www.instagram.com\/monacotribune\/","https:\/\/www.linkedin.com\/company\/monaco-tribune","https:\/\/www.youtube.com\/channel\/UCHle1MnG6hw1y4lWKijVbMA"]},{"@type":"Person","@id":"https:\/\/www.monaco-tribune.com\/it\/#\/schema\/person\/6db631c784f2f0eff54c3ca4d1da2d49","name":"Ana\u00efs Riu","image":{"@type":"ImageObject","inLanguage":"it-IT","@id":"https:\/\/secure.gravatar.com\/avatar\/9137eff67ff750f1997c171f45e5829ca4c8fa34729a8f8cd9dc85be7e50df7f?s=96&d=mm&r=g","url":"https:\/\/secure.gravatar.com\/avatar\/9137eff67ff750f1997c171f45e5829ca4c8fa34729a8f8cd9dc85be7e50df7f?s=96&d=mm&r=g","contentUrl":"https:\/\/secure.gravatar.com\/avatar\/9137eff67ff750f1997c171f45e5829ca4c8fa34729a8f8cd9dc85be7e50df7f?s=96&d=mm&r=g","caption":"Ana\u00efs Riu"},"url":"https:\/\/www.monaco-tribune.com\/it\/author\/anaisriu\/"}]}},"_links":{"self":[{"href":"https:\/\/www.monaco-tribune.com\/it\/wp-json\/wp\/v2\/posts\/253761","targetHints":{"allow":["GET"]}}],"collection":[{"href":"https:\/\/www.monaco-tribune.com\/it\/wp-json\/wp\/v2\/posts"}],"about":[{"href":"https:\/\/www.monaco-tribune.com\/it\/wp-json\/wp\/v2\/types\/post"}],"author":[{"embeddable":true,"href":"https:\/\/www.monaco-tribune.com\/it\/wp-json\/wp\/v2\/users\/77"}],"replies":[{"embeddable":true,"href":"https:\/\/www.monaco-tribune.com\/it\/wp-json\/wp\/v2\/comments?post=253761"}],"version-history":[{"count":2,"href":"https:\/\/www.monaco-tribune.com\/it\/wp-json\/wp\/v2\/posts\/253761\/revisions"}],"predecessor-version":[{"id":253784,"href":"https:\/\/www.monaco-tribune.com\/it\/wp-json\/wp\/v2\/posts\/253761\/revisions\/253784"}],"wp:featuredmedia":[{"embeddable":true,"href":"https:\/\/www.monaco-tribune.com\/it\/wp-json\/wp\/v2\/media\/253458"}],"wp:attachment":[{"href":"https:\/\/www.monaco-tribune.com\/it\/wp-json\/wp\/v2\/media?parent=253761"}],"wp:term":[{"taxonomy":"category","embeddable":true,"href":"https:\/\/www.monaco-tribune.com\/it\/wp-json\/wp\/v2\/categories?post=253761"},{"taxonomy":"post_tag","embeddable":true,"href":"https:\/\/www.monaco-tribune.com\/it\/wp-json\/wp\/v2\/tags?post=253761"},{"taxonomy":"sectag","embeddable":true,"href":"https:\/\/www.monaco-tribune.com\/it\/wp-json\/wp\/v2\/post_sectags?post=253761"},{"taxonomy":"format","embeddable":true,"href":"https:\/\/www.monaco-tribune.com\/it\/wp-json\/wp\/v2\/post_format?post=253761"}],"curies":[{"name":"wp","href":"https:\/\/api.w.org\/{rel}","templated":true}]}}