{"id":253791,"date":"2024-10-07T17:18:50","date_gmt":"2024-10-07T15:18:50","guid":{"rendered":"https:\/\/www.monaco-tribune.com\/2024\/10\/la-principessa-charlene-partecipa-a-unadorabile-marcia-solidale-contro-labbandono-degli-animali\/"},"modified":"2024-10-07T17:18:58","modified_gmt":"2024-10-07T15:18:58","slug":"la-principessa-charlene-partecipa-a-unadorabile-marcia-solidale-contro-labbandono-degli-animali","status":"publish","type":"post","link":"https:\/\/www.monaco-tribune.com\/it\/2024\/10\/la-principessa-charlene-partecipa-a-unadorabile-marcia-solidale-contro-labbandono-degli-animali\/","title":{"rendered":"La Principessa Charl\u00e8ne partecipa a un&#8217;adorabile marcia solidale contro l&#8217;abbandono degli animali"},"content":{"rendered":"\n<p><strong>Sabato 5 ottobre, la Principessa Charl\u00e8ne ha dimostrato ancora una volta il suo impegno per la protezione degli animali partecipando alla Rokethon Race 2024. Questa marcia solidale, organizzata dall&#8217;associazione ROKETHON, si \u00e8 svolta intorno allo Chapiteau de Fontvieille e ha riunito moltissimi partecipanti, tutti spinti dalla stessa passione: la difesa dei diritti degli animali.<\/strong><\/p>\n\n<p>La Rokethon Race 2024 non \u00e8 stata solo un evento sportivo, ma una vera e propria campagna di sensibilizzazione. Con l&#8217;allarmante aumento del numero di animali abbandonati, sia in Francia che nel resto del mondo, questa iniziativa mira a sensibilizzare l&#8217;opinione pubblica su questo problema cruciale.<\/p>\n\n<p>Camminando insieme al suo piccolo Chihuahua bianco e nero, la Principessa Charl\u00e8ne ha sottolineato la necessit\u00e0 di adottare piuttosto che acquistare. Anche il fratello della principessa, Gareth Wittstock, era presente per sostenere questa nobile causa.<\/p>\n\n<h2 class=\"wp-block-heading\" id=\"h-de-nombreuses-personnalites-presentes\">Numerose personalit\u00e0 presenti<\/h2>\n\n<p>Tra i partecipanti c&#8217;era anche la Principessa Naomi d&#8217;Orl\u00e9ans, ambasciatrice dell&#8217;associazione ROKETHON, che ha preso parte a questa prima passeggiata contro l&#8217;abbandono degli animali. Passeggiando insieme al suo cane, si \u00e8 imbattuta nel principe Serge di Jugoslavia, figlio del Principe Alessandro di Jugoslavia e nella Principessa Maria-Pia di Savoia, contribuendo ad arricchire questa giornata fatta di incontri e confronti. <\/p>\n\n<p>L&#8217;evento ha anche riunito gli amanti degli animali, rafforzando il messaggio che ogni gesto conta. Anche l&#8217;attore Chris DeRose, ormai esponente di spicco dell&#8217;attivismo animalista, ha sostenuto la causa, sottolineando l&#8217;importanza del contributo di tutti.<\/p>\n\n<h2 class=\"wp-block-heading\" id=\"h-ensemble-pour-un-avenir-meilleur\">Insieme per un futuro migliore<\/h2>\n\n<p>Camminando insieme e unendo le loro voci, i partecipanti hanno affermato il loro desiderio di cambiare mentalit\u00e0 e promuovere l&#8217;adozione. Grazie a iniziative come questa, la speranza di un futuro in cui ogni animale trovi una casa amorevole diventa sempre pi\u00f9 concreta.<\/p>\n\n<p>Con la sua presenza e il suo impegno, la Principessa Charl\u00e8ne, Presidente della Soci\u00e9t\u00e9 Protectrice des Animaux de Monaco (SPA), continua a ispirare un movimento a favore degli animali, dimostrando che la compassione pu\u00f2 superare ogni confine. Insieme, per un mondo senza abbandono.<\/p>\n\n<figure class=\"wp-block-gallery has-nested-images columns-default is-cropped wp-block-gallery-1 is-layout-flex wp-block-gallery-is-layout-flex\"><div class=\"wp-block-image\">\n<figure class=\"aligncenter size-large\"><img loading=\"lazy\" decoding=\"async\" width=\"1024\" height=\"683\" data-id=\"253556\" src=\"https:\/\/www.monaco-tribune.com\/wp-content\/uploads\/2024\/10\/la-princesse-charlene-participe-a-une-adorable-marche-solidaire-contre-labandon-des-animaux5-1024x683.jpg\" alt=\"\" class=\"wp-image-253556\" srcset=\"https:\/\/www.monaco-tribune.com\/wp-content\/uploads\/2024\/10\/la-princesse-charlene-participe-a-une-adorable-marche-solidaire-contre-labandon-des-animaux5-1024x683.jpg 1024w, https:\/\/www.monaco-tribune.com\/wp-content\/uploads\/2024\/10\/la-princesse-charlene-participe-a-une-adorable-marche-solidaire-contre-labandon-des-animaux5-450x300.jpg 450w, https:\/\/www.monaco-tribune.com\/wp-content\/uploads\/2024\/10\/la-princesse-charlene-participe-a-une-adorable-marche-solidaire-contre-labandon-des-animaux5.jpg 1440w\" sizes=\"auto, (max-width: 1024px) 100vw, 1024px\" \/><\/figure>\n<\/div>\n\n<div class=\"wp-block-image\">\n<figure class=\"aligncenter size-large\"><img loading=\"lazy\" decoding=\"async\" width=\"1024\" height=\"683\" data-id=\"253547\" src=\"https:\/\/www.monaco-tribune.com\/wp-content\/uploads\/2024\/10\/la-princesse-charlene-participe-a-une-adorable-marche-solidaire-contre-labandon-des-animaux-1024x683.jpg\" alt=\"\" class=\"wp-image-253547\" srcset=\"https:\/\/www.monaco-tribune.com\/wp-content\/uploads\/2024\/10\/la-princesse-charlene-participe-a-une-adorable-marche-solidaire-contre-labandon-des-animaux-1024x683.jpg 1024w, https:\/\/www.monaco-tribune.com\/wp-content\/uploads\/2024\/10\/la-princesse-charlene-participe-a-une-adorable-marche-solidaire-contre-labandon-des-animaux-450x300.jpg 450w, https:\/\/www.monaco-tribune.com\/wp-content\/uploads\/2024\/10\/la-princesse-charlene-participe-a-une-adorable-marche-solidaire-contre-labandon-des-animaux.jpg 1440w\" sizes=\"auto, (max-width: 1024px) 100vw, 1024px\" \/><\/figure>\n<\/div>\n\n<div class=\"wp-block-image\">\n<figure class=\"aligncenter size-large\"><img loading=\"lazy\" decoding=\"async\" width=\"1024\" height=\"683\" data-id=\"253553\" src=\"https:\/\/www.monaco-tribune.com\/wp-content\/uploads\/2024\/10\/la-princesse-charlene-participe-a-une-adorable-marche-solidaire-contre-labandon-des-animaux3-1024x683.jpg\" alt=\"\" class=\"wp-image-253553\" srcset=\"https:\/\/www.monaco-tribune.com\/wp-content\/uploads\/2024\/10\/la-princesse-charlene-participe-a-une-adorable-marche-solidaire-contre-labandon-des-animaux3-1024x683.jpg 1024w, https:\/\/www.monaco-tribune.com\/wp-content\/uploads\/2024\/10\/la-princesse-charlene-participe-a-une-adorable-marche-solidaire-contre-labandon-des-animaux3-450x300.jpg 450w, https:\/\/www.monaco-tribune.com\/wp-content\/uploads\/2024\/10\/la-princesse-charlene-participe-a-une-adorable-marche-solidaire-contre-labandon-des-animaux3.jpg 1440w\" sizes=\"auto, (max-width: 1024px) 100vw, 1024px\" \/><\/figure>\n<\/div>\n\n<div class=\"wp-block-image\">\n<figure class=\"aligncenter size-large\"><img loading=\"lazy\" decoding=\"async\" width=\"683\" height=\"1024\" data-id=\"253551\" src=\"https:\/\/www.monaco-tribune.com\/wp-content\/uploads\/2024\/10\/la-princesse-charlene-participe-a-une-adorable-marche-solidaire-contre-labandon-des-animaux2-683x1024.jpg\" alt=\"\" class=\"wp-image-253551\" srcset=\"https:\/\/www.monaco-tribune.com\/wp-content\/uploads\/2024\/10\/la-princesse-charlene-participe-a-une-adorable-marche-solidaire-contre-labandon-des-animaux2-683x1024.jpg 683w, https:\/\/www.monaco-tribune.com\/wp-content\/uploads\/2024\/10\/la-princesse-charlene-participe-a-une-adorable-marche-solidaire-contre-labandon-des-animaux2-200x300.jpg 200w, https:\/\/www.monaco-tribune.com\/wp-content\/uploads\/2024\/10\/la-princesse-charlene-participe-a-une-adorable-marche-solidaire-contre-labandon-des-animaux2.jpg 960w\" sizes=\"auto, (max-width: 683px) 100vw, 683px\" \/><\/figure>\n<\/div><\/figure>\n\n<p><em>Crediti fotografici: Eric Mathon \/ Palazzo del Principe.<\/em><\/p>\n\n<p class=\"related\"><a href=\"https:\/\/www.monaco-tribune.com\/it\/2024\/09\/il-principe-alberto-ii-e-la-principessa-charlene-inaugurano-il-nuovo-rifugio-della-spa-di-monaco\/\">Il Principe Alberto II e la Principessa Charl\u00e8ne inaugurano il nuovo rifugio della SPA di Monaco<\/a><\/p>\n","protected":false},"excerpt":{"rendered":"<p>Sabato 5 ottobre, la Principessa Charl\u00e8ne ha dimostrato ancora una volta il suo impegno per la protezione degli animali partecipando [&hellip;]<\/p>\n","protected":false},"author":77,"featured_media":253590,"comment_status":"closed","ping_status":"closed","sticky":false,"template":"","format":"standard","meta":{"_acf_changed":false,"footnotes":""},"categories":[1742,1826,1738],"tags":[2951],"post_sectags":[4788,4933,5140,3304,5158,4663],"post_format":[2474],"class_list":["post-253791","post","type-post","status-publish","format-standard","has-post-thumbnail","hentry","category-famiglia-principesca","category-la-nostra-scelta","category-notizie","tag-associazioni","sectag-animali","sectag-cani","sectag-fontvieille-it","sectag-principessa-charlene","sectag-rokethon-it","sectag-spa-di-monaco","format-foto"],"acf":[],"yoast_head":"<!-- This site is optimized with the Yoast SEO Premium plugin v26.8 (Yoast SEO v27.4) - https:\/\/yoast.com\/product\/yoast-seo-premium-wordpress\/ -->\n<title>La Principessa Charl\u00e8ne partecipa a un&#039;adorabile marcia solidale contro l&#039;abbandono degli animali<\/title>\n<meta name=\"description\" content=\"Sabato 5 ottobre, la Principessa Charl\u00e8ne ha dimostrato ancora una volta il suo impegno per la protezione degli animali partecipando alla Rokethon Race\" \/>\n<meta name=\"robots\" content=\"index, follow, max-snippet:-1, max-image-preview:large, max-video-preview:-1\" \/>\n<link rel=\"canonical\" href=\"https:\/\/www.monaco-tribune.com\/it\/2024\/10\/la-principessa-charlene-partecipa-a-unadorabile-marcia-solidale-contro-labbandono-degli-animali\/\" \/>\n<meta property=\"og:locale\" content=\"it_IT\" \/>\n<meta property=\"og:type\" content=\"article\" \/>\n<meta property=\"og:title\" content=\"La Principessa Charl\u00e8ne partecipa a un&#039;adorabile marcia solidale contro l&#039;abbandono degli animali - Monaco Tribune\" \/>\n<meta property=\"og:description\" content=\"Sabato 5 ottobre, la Principessa Charl\u00e8ne ha dimostrato ancora una volta il suo impegno per la protezione degli animali partecipando alla Rokethon Race\" \/>\n<meta property=\"og:url\" content=\"https:\/\/www.monaco-tribune.com\/it\/2024\/10\/la-principessa-charlene-partecipa-a-unadorabile-marcia-solidale-contro-labbandono-degli-animali\/\" \/>\n<meta property=\"og:site_name\" content=\"Monaco Tribune\" \/>\n<meta property=\"article:publisher\" content=\"https:\/\/www.facebook.com\/MonacoTribune\" \/>\n<meta property=\"article:published_time\" content=\"2024-10-07T15:18:50+00:00\" \/>\n<meta property=\"article:modified_time\" content=\"2024-10-07T15:18:58+00:00\" \/>\n<meta property=\"og:image\" content=\"https:\/\/www.monaco-tribune.com\/wp-content\/uploads\/2024\/10\/la-princesse-charlene-participe-a-une-adorable-marche-solidaire-contre-labandon-des-animaux4-1.jpg\" \/>\n\t<meta property=\"og:image:width\" content=\"1440\" \/>\n\t<meta property=\"og:image:height\" content=\"960\" \/>\n\t<meta property=\"og:image:type\" content=\"image\/jpeg\" \/>\n<meta name=\"author\" content=\"Ana\u00efs Riu\" \/>\n<meta name=\"twitter:card\" content=\"summary_large_image\" \/>\n<meta name=\"twitter:creator\" content=\"@MonacoTribune\" \/>\n<meta name=\"twitter:site\" content=\"@MonacoTribune\" \/>\n<script type=\"application\/ld+json\" class=\"yoast-schema-graph\">{\"@context\":\"https:\\\/\\\/schema.org\",\"@graph\":[{\"@type\":\"NewsArticle\",\"@id\":\"https:\\\/\\\/www.monaco-tribune.com\\\/it\\\/2024\\\/10\\\/la-principessa-charlene-partecipa-a-unadorabile-marcia-solidale-contro-labbandono-degli-animali\\\/#article\",\"isPartOf\":{\"@id\":\"https:\\\/\\\/www.monaco-tribune.com\\\/it\\\/2024\\\/10\\\/la-principessa-charlene-partecipa-a-unadorabile-marcia-solidale-contro-labbandono-degli-animali\\\/\"},\"author\":{\"name\":\"Ana\u00efs Riu\",\"@id\":\"https:\\\/\\\/www.monaco-tribune.com\\\/it\\\/#\\\/schema\\\/person\\\/6db631c784f2f0eff54c3ca4d1da2d49\"},\"headline\":\"La Principessa Charl\u00e8ne partecipa a un&#8217;adorabile marcia solidale contro l&#8217;abbandono degli animali\",\"datePublished\":\"2024-10-07T15:18:50+00:00\",\"dateModified\":\"2024-10-07T15:18:58+00:00\",\"mainEntityOfPage\":{\"@id\":\"https:\\\/\\\/www.monaco-tribune.com\\\/it\\\/2024\\\/10\\\/la-principessa-charlene-partecipa-a-unadorabile-marcia-solidale-contro-labbandono-degli-animali\\\/\"},\"wordCount\":372,\"publisher\":{\"@id\":\"https:\\\/\\\/www.monaco-tribune.com\\\/it\\\/#organization\"},\"image\":{\"@id\":\"https:\\\/\\\/www.monaco-tribune.com\\\/it\\\/2024\\\/10\\\/la-principessa-charlene-partecipa-a-unadorabile-marcia-solidale-contro-labbandono-degli-animali\\\/#primaryimage\"},\"thumbnailUrl\":\"https:\\\/\\\/www.monaco-tribune.com\\\/wp-content\\\/uploads\\\/2024\\\/10\\\/la-princesse-charlene-participe-a-une-adorable-marche-solidaire-contre-labandon-des-animaux4-1.jpg\",\"keywords\":[\"Associazioni\"],\"articleSection\":[\"Famiglia Principesca\",\"La nostra scelta\",\"Notizie\"],\"inLanguage\":\"it-IT\",\"copyrightYear\":\"2024\",\"copyrightHolder\":{\"@id\":\"https:\\\/\\\/www.monaco-tribune.com\\\/#organization\"}},{\"@type\":\"WebPage\",\"@id\":\"https:\\\/\\\/www.monaco-tribune.com\\\/it\\\/2024\\\/10\\\/la-principessa-charlene-partecipa-a-unadorabile-marcia-solidale-contro-labbandono-degli-animali\\\/\",\"url\":\"https:\\\/\\\/www.monaco-tribune.com\\\/it\\\/2024\\\/10\\\/la-principessa-charlene-partecipa-a-unadorabile-marcia-solidale-contro-labbandono-degli-animali\\\/\",\"name\":\"La Principessa Charl\u00e8ne partecipa a un'adorabile marcia solidale contro l'abbandono degli animali\",\"isPartOf\":{\"@id\":\"https:\\\/\\\/www.monaco-tribune.com\\\/it\\\/#website\"},\"primaryImageOfPage\":{\"@id\":\"https:\\\/\\\/www.monaco-tribune.com\\\/it\\\/2024\\\/10\\\/la-principessa-charlene-partecipa-a-unadorabile-marcia-solidale-contro-labbandono-degli-animali\\\/#primaryimage\"},\"image\":{\"@id\":\"https:\\\/\\\/www.monaco-tribune.com\\\/it\\\/2024\\\/10\\\/la-principessa-charlene-partecipa-a-unadorabile-marcia-solidale-contro-labbandono-degli-animali\\\/#primaryimage\"},\"thumbnailUrl\":\"https:\\\/\\\/www.monaco-tribune.com\\\/wp-content\\\/uploads\\\/2024\\\/10\\\/la-princesse-charlene-participe-a-une-adorable-marche-solidaire-contre-labandon-des-animaux4-1.jpg\",\"datePublished\":\"2024-10-07T15:18:50+00:00\",\"dateModified\":\"2024-10-07T15:18:58+00:00\",\"description\":\"Sabato 5 ottobre, la Principessa Charl\u00e8ne ha dimostrato ancora una volta il suo impegno per la protezione degli animali partecipando alla Rokethon Race\",\"breadcrumb\":{\"@id\":\"https:\\\/\\\/www.monaco-tribune.com\\\/it\\\/2024\\\/10\\\/la-principessa-charlene-partecipa-a-unadorabile-marcia-solidale-contro-labbandono-degli-animali\\\/#breadcrumb\"},\"inLanguage\":\"it-IT\",\"potentialAction\":[{\"@type\":\"ReadAction\",\"target\":[\"https:\\\/\\\/www.monaco-tribune.com\\\/it\\\/2024\\\/10\\\/la-principessa-charlene-partecipa-a-unadorabile-marcia-solidale-contro-labbandono-degli-animali\\\/\"]}]},{\"@type\":\"ImageObject\",\"inLanguage\":\"it-IT\",\"@id\":\"https:\\\/\\\/www.monaco-tribune.com\\\/it\\\/2024\\\/10\\\/la-principessa-charlene-partecipa-a-unadorabile-marcia-solidale-contro-labbandono-degli-animali\\\/#primaryimage\",\"url\":\"https:\\\/\\\/www.monaco-tribune.com\\\/wp-content\\\/uploads\\\/2024\\\/10\\\/la-princesse-charlene-participe-a-une-adorable-marche-solidaire-contre-labandon-des-animaux4-1.jpg\",\"contentUrl\":\"https:\\\/\\\/www.monaco-tribune.com\\\/wp-content\\\/uploads\\\/2024\\\/10\\\/la-princesse-charlene-participe-a-une-adorable-marche-solidaire-contre-labandon-des-animaux4-1.jpg\",\"width\":1440,\"height\":960,\"caption\":\"La Principessa Charl\u00e8ne con Sylvia Sermenghi, fondatrice dell'associazione ROKETHON \u00a9 Eric Mathon \\\/ Palazzo del Principe\"},{\"@type\":\"BreadcrumbList\",\"@id\":\"https:\\\/\\\/www.monaco-tribune.com\\\/it\\\/2024\\\/10\\\/la-principessa-charlene-partecipa-a-unadorabile-marcia-solidale-contro-labbandono-degli-animali\\\/#breadcrumb\",\"itemListElement\":[{\"@type\":\"ListItem\",\"position\":1,\"name\":\"Accueil\",\"item\":\"https:\\\/\\\/www.monaco-tribune.com\\\/it\\\/\"},{\"@type\":\"ListItem\",\"position\":2,\"name\":\"La Principessa Charl\u00e8ne partecipa a un&#8217;adorabile marcia solidale contro l&#8217;abbandono degli animali\"}]},{\"@type\":\"WebSite\",\"@id\":\"https:\\\/\\\/www.monaco-tribune.com\\\/it\\\/#website\",\"url\":\"https:\\\/\\\/www.monaco-tribune.com\\\/it\\\/\",\"name\":\"Monaco Tribune\",\"description\":\"Monaco : actualit\u00e9s \u00e9conomiques, politiques, culturelles et sportives de Monaco et de la French Riviera.\",\"publisher\":{\"@id\":\"https:\\\/\\\/www.monaco-tribune.com\\\/it\\\/#organization\"},\"potentialAction\":[{\"@type\":\"SearchAction\",\"target\":{\"@type\":\"EntryPoint\",\"urlTemplate\":\"https:\\\/\\\/www.monaco-tribune.com\\\/it\\\/?s={search_term_string}\"},\"query-input\":{\"@type\":\"PropertyValueSpecification\",\"valueRequired\":true,\"valueName\":\"search_term_string\"}}],\"inLanguage\":\"it-IT\"},{\"@type\":\"Organization\",\"@id\":\"https:\\\/\\\/www.monaco-tribune.com\\\/it\\\/#organization\",\"name\":\"Monaco Tribune\",\"url\":\"https:\\\/\\\/www.monaco-tribune.com\\\/it\\\/\",\"logo\":{\"@type\":\"ImageObject\",\"inLanguage\":\"it-IT\",\"@id\":\"https:\\\/\\\/www.monaco-tribune.com\\\/it\\\/#\\\/schema\\\/logo\\\/image\\\/\",\"url\":\"https:\\\/\\\/www.monaco-tribune.com\\\/wp-content\\\/uploads\\\/2022\\\/11\\\/logo-monaco-tribune.png\",\"contentUrl\":\"https:\\\/\\\/www.monaco-tribune.com\\\/wp-content\\\/uploads\\\/2022\\\/11\\\/logo-monaco-tribune.png\",\"width\":1548,\"height\":600,\"caption\":\"Monaco Tribune\"},\"image\":{\"@id\":\"https:\\\/\\\/www.monaco-tribune.com\\\/it\\\/#\\\/schema\\\/logo\\\/image\\\/\"},\"sameAs\":[\"https:\\\/\\\/www.facebook.com\\\/MonacoTribune\",\"https:\\\/\\\/x.com\\\/MonacoTribune\",\"https:\\\/\\\/www.instagram.com\\\/monacotribune\\\/\",\"https:\\\/\\\/www.linkedin.com\\\/company\\\/monaco-tribune\",\"https:\\\/\\\/www.youtube.com\\\/channel\\\/UCHle1MnG6hw1y4lWKijVbMA\"]},{\"@type\":\"Person\",\"@id\":\"https:\\\/\\\/www.monaco-tribune.com\\\/it\\\/#\\\/schema\\\/person\\\/6db631c784f2f0eff54c3ca4d1da2d49\",\"name\":\"Ana\u00efs Riu\",\"image\":{\"@type\":\"ImageObject\",\"inLanguage\":\"it-IT\",\"@id\":\"https:\\\/\\\/secure.gravatar.com\\\/avatar\\\/9137eff67ff750f1997c171f45e5829ca4c8fa34729a8f8cd9dc85be7e50df7f?s=96&d=mm&r=g\",\"url\":\"https:\\\/\\\/secure.gravatar.com\\\/avatar\\\/9137eff67ff750f1997c171f45e5829ca4c8fa34729a8f8cd9dc85be7e50df7f?s=96&d=mm&r=g\",\"contentUrl\":\"https:\\\/\\\/secure.gravatar.com\\\/avatar\\\/9137eff67ff750f1997c171f45e5829ca4c8fa34729a8f8cd9dc85be7e50df7f?s=96&d=mm&r=g\",\"caption\":\"Ana\u00efs Riu\"},\"url\":\"https:\\\/\\\/www.monaco-tribune.com\\\/it\\\/author\\\/anaisriu\\\/\"}]}<\/script>\n<!-- \/ Yoast SEO Premium plugin. -->","yoast_head_json":{"title":"La Principessa Charl\u00e8ne partecipa a un'adorabile marcia solidale contro l'abbandono degli animali","description":"Sabato 5 ottobre, la Principessa Charl\u00e8ne ha dimostrato ancora una volta il suo impegno per la protezione degli animali partecipando alla Rokethon Race","robots":{"index":"index","follow":"follow","max-snippet":"max-snippet:-1","max-image-preview":"max-image-preview:large","max-video-preview":"max-video-preview:-1"},"canonical":"https:\/\/www.monaco-tribune.com\/it\/2024\/10\/la-principessa-charlene-partecipa-a-unadorabile-marcia-solidale-contro-labbandono-degli-animali\/","og_locale":"it_IT","og_type":"article","og_title":"La Principessa Charl\u00e8ne partecipa a un'adorabile marcia solidale contro l'abbandono degli animali - Monaco Tribune","og_description":"Sabato 5 ottobre, la Principessa Charl\u00e8ne ha dimostrato ancora una volta il suo impegno per la protezione degli animali partecipando alla Rokethon Race","og_url":"https:\/\/www.monaco-tribune.com\/it\/2024\/10\/la-principessa-charlene-partecipa-a-unadorabile-marcia-solidale-contro-labbandono-degli-animali\/","og_site_name":"Monaco Tribune","article_publisher":"https:\/\/www.facebook.com\/MonacoTribune","article_published_time":"2024-10-07T15:18:50+00:00","article_modified_time":"2024-10-07T15:18:58+00:00","og_image":[{"width":1440,"height":960,"url":"https:\/\/www.monaco-tribune.com\/wp-content\/uploads\/2024\/10\/la-princesse-charlene-participe-a-une-adorable-marche-solidaire-contre-labandon-des-animaux4-1.jpg","type":"image\/jpeg"}],"author":"Ana\u00efs Riu","twitter_card":"summary_large_image","twitter_creator":"@MonacoTribune","twitter_site":"@MonacoTribune","schema":{"@context":"https:\/\/schema.org","@graph":[{"@type":"NewsArticle","@id":"https:\/\/www.monaco-tribune.com\/it\/2024\/10\/la-principessa-charlene-partecipa-a-unadorabile-marcia-solidale-contro-labbandono-degli-animali\/#article","isPartOf":{"@id":"https:\/\/www.monaco-tribune.com\/it\/2024\/10\/la-principessa-charlene-partecipa-a-unadorabile-marcia-solidale-contro-labbandono-degli-animali\/"},"author":{"name":"Ana\u00efs Riu","@id":"https:\/\/www.monaco-tribune.com\/it\/#\/schema\/person\/6db631c784f2f0eff54c3ca4d1da2d49"},"headline":"La Principessa Charl\u00e8ne partecipa a un&#8217;adorabile marcia solidale contro l&#8217;abbandono degli animali","datePublished":"2024-10-07T15:18:50+00:00","dateModified":"2024-10-07T15:18:58+00:00","mainEntityOfPage":{"@id":"https:\/\/www.monaco-tribune.com\/it\/2024\/10\/la-principessa-charlene-partecipa-a-unadorabile-marcia-solidale-contro-labbandono-degli-animali\/"},"wordCount":372,"publisher":{"@id":"https:\/\/www.monaco-tribune.com\/it\/#organization"},"image":{"@id":"https:\/\/www.monaco-tribune.com\/it\/2024\/10\/la-principessa-charlene-partecipa-a-unadorabile-marcia-solidale-contro-labbandono-degli-animali\/#primaryimage"},"thumbnailUrl":"https:\/\/www.monaco-tribune.com\/wp-content\/uploads\/2024\/10\/la-princesse-charlene-participe-a-une-adorable-marche-solidaire-contre-labandon-des-animaux4-1.jpg","keywords":["Associazioni"],"articleSection":["Famiglia Principesca","La nostra scelta","Notizie"],"inLanguage":"it-IT","copyrightYear":"2024","copyrightHolder":{"@id":"https:\/\/www.monaco-tribune.com\/#organization"}},{"@type":"WebPage","@id":"https:\/\/www.monaco-tribune.com\/it\/2024\/10\/la-principessa-charlene-partecipa-a-unadorabile-marcia-solidale-contro-labbandono-degli-animali\/","url":"https:\/\/www.monaco-tribune.com\/it\/2024\/10\/la-principessa-charlene-partecipa-a-unadorabile-marcia-solidale-contro-labbandono-degli-animali\/","name":"La Principessa Charl\u00e8ne partecipa a un'adorabile marcia solidale contro l'abbandono degli animali","isPartOf":{"@id":"https:\/\/www.monaco-tribune.com\/it\/#website"},"primaryImageOfPage":{"@id":"https:\/\/www.monaco-tribune.com\/it\/2024\/10\/la-principessa-charlene-partecipa-a-unadorabile-marcia-solidale-contro-labbandono-degli-animali\/#primaryimage"},"image":{"@id":"https:\/\/www.monaco-tribune.com\/it\/2024\/10\/la-principessa-charlene-partecipa-a-unadorabile-marcia-solidale-contro-labbandono-degli-animali\/#primaryimage"},"thumbnailUrl":"https:\/\/www.monaco-tribune.com\/wp-content\/uploads\/2024\/10\/la-princesse-charlene-participe-a-une-adorable-marche-solidaire-contre-labandon-des-animaux4-1.jpg","datePublished":"2024-10-07T15:18:50+00:00","dateModified":"2024-10-07T15:18:58+00:00","description":"Sabato 5 ottobre, la Principessa Charl\u00e8ne ha dimostrato ancora una volta il suo impegno per la protezione degli animali partecipando alla Rokethon Race","breadcrumb":{"@id":"https:\/\/www.monaco-tribune.com\/it\/2024\/10\/la-principessa-charlene-partecipa-a-unadorabile-marcia-solidale-contro-labbandono-degli-animali\/#breadcrumb"},"inLanguage":"it-IT","potentialAction":[{"@type":"ReadAction","target":["https:\/\/www.monaco-tribune.com\/it\/2024\/10\/la-principessa-charlene-partecipa-a-unadorabile-marcia-solidale-contro-labbandono-degli-animali\/"]}]},{"@type":"ImageObject","inLanguage":"it-IT","@id":"https:\/\/www.monaco-tribune.com\/it\/2024\/10\/la-principessa-charlene-partecipa-a-unadorabile-marcia-solidale-contro-labbandono-degli-animali\/#primaryimage","url":"https:\/\/www.monaco-tribune.com\/wp-content\/uploads\/2024\/10\/la-princesse-charlene-participe-a-une-adorable-marche-solidaire-contre-labandon-des-animaux4-1.jpg","contentUrl":"https:\/\/www.monaco-tribune.com\/wp-content\/uploads\/2024\/10\/la-princesse-charlene-participe-a-une-adorable-marche-solidaire-contre-labandon-des-animaux4-1.jpg","width":1440,"height":960,"caption":"La Principessa Charl\u00e8ne con Sylvia Sermenghi, fondatrice dell'associazione ROKETHON \u00a9 Eric Mathon \/ Palazzo del Principe"},{"@type":"BreadcrumbList","@id":"https:\/\/www.monaco-tribune.com\/it\/2024\/10\/la-principessa-charlene-partecipa-a-unadorabile-marcia-solidale-contro-labbandono-degli-animali\/#breadcrumb","itemListElement":[{"@type":"ListItem","position":1,"name":"Accueil","item":"https:\/\/www.monaco-tribune.com\/it\/"},{"@type":"ListItem","position":2,"name":"La Principessa Charl\u00e8ne partecipa a un&#8217;adorabile marcia solidale contro l&#8217;abbandono degli animali"}]},{"@type":"WebSite","@id":"https:\/\/www.monaco-tribune.com\/it\/#website","url":"https:\/\/www.monaco-tribune.com\/it\/","name":"Monaco Tribune","description":"Monaco : actualit\u00e9s \u00e9conomiques, politiques, culturelles et sportives de Monaco et de la French Riviera.","publisher":{"@id":"https:\/\/www.monaco-tribune.com\/it\/#organization"},"potentialAction":[{"@type":"SearchAction","target":{"@type":"EntryPoint","urlTemplate":"https:\/\/www.monaco-tribune.com\/it\/?s={search_term_string}"},"query-input":{"@type":"PropertyValueSpecification","valueRequired":true,"valueName":"search_term_string"}}],"inLanguage":"it-IT"},{"@type":"Organization","@id":"https:\/\/www.monaco-tribune.com\/it\/#organization","name":"Monaco Tribune","url":"https:\/\/www.monaco-tribune.com\/it\/","logo":{"@type":"ImageObject","inLanguage":"it-IT","@id":"https:\/\/www.monaco-tribune.com\/it\/#\/schema\/logo\/image\/","url":"https:\/\/www.monaco-tribune.com\/wp-content\/uploads\/2022\/11\/logo-monaco-tribune.png","contentUrl":"https:\/\/www.monaco-tribune.com\/wp-content\/uploads\/2022\/11\/logo-monaco-tribune.png","width":1548,"height":600,"caption":"Monaco Tribune"},"image":{"@id":"https:\/\/www.monaco-tribune.com\/it\/#\/schema\/logo\/image\/"},"sameAs":["https:\/\/www.facebook.com\/MonacoTribune","https:\/\/x.com\/MonacoTribune","https:\/\/www.instagram.com\/monacotribune\/","https:\/\/www.linkedin.com\/company\/monaco-tribune","https:\/\/www.youtube.com\/channel\/UCHle1MnG6hw1y4lWKijVbMA"]},{"@type":"Person","@id":"https:\/\/www.monaco-tribune.com\/it\/#\/schema\/person\/6db631c784f2f0eff54c3ca4d1da2d49","name":"Ana\u00efs Riu","image":{"@type":"ImageObject","inLanguage":"it-IT","@id":"https:\/\/secure.gravatar.com\/avatar\/9137eff67ff750f1997c171f45e5829ca4c8fa34729a8f8cd9dc85be7e50df7f?s=96&d=mm&r=g","url":"https:\/\/secure.gravatar.com\/avatar\/9137eff67ff750f1997c171f45e5829ca4c8fa34729a8f8cd9dc85be7e50df7f?s=96&d=mm&r=g","contentUrl":"https:\/\/secure.gravatar.com\/avatar\/9137eff67ff750f1997c171f45e5829ca4c8fa34729a8f8cd9dc85be7e50df7f?s=96&d=mm&r=g","caption":"Ana\u00efs Riu"},"url":"https:\/\/www.monaco-tribune.com\/it\/author\/anaisriu\/"}]}},"_links":{"self":[{"href":"https:\/\/www.monaco-tribune.com\/it\/wp-json\/wp\/v2\/posts\/253791","targetHints":{"allow":["GET"]}}],"collection":[{"href":"https:\/\/www.monaco-tribune.com\/it\/wp-json\/wp\/v2\/posts"}],"about":[{"href":"https:\/\/www.monaco-tribune.com\/it\/wp-json\/wp\/v2\/types\/post"}],"author":[{"embeddable":true,"href":"https:\/\/www.monaco-tribune.com\/it\/wp-json\/wp\/v2\/users\/77"}],"replies":[{"embeddable":true,"href":"https:\/\/www.monaco-tribune.com\/it\/wp-json\/wp\/v2\/comments?post=253791"}],"version-history":[{"count":2,"href":"https:\/\/www.monaco-tribune.com\/it\/wp-json\/wp\/v2\/posts\/253791\/revisions"}],"predecessor-version":[{"id":253794,"href":"https:\/\/www.monaco-tribune.com\/it\/wp-json\/wp\/v2\/posts\/253791\/revisions\/253794"}],"wp:featuredmedia":[{"embeddable":true,"href":"https:\/\/www.monaco-tribune.com\/it\/wp-json\/wp\/v2\/media\/253590"}],"wp:attachment":[{"href":"https:\/\/www.monaco-tribune.com\/it\/wp-json\/wp\/v2\/media?parent=253791"}],"wp:term":[{"taxonomy":"category","embeddable":true,"href":"https:\/\/www.monaco-tribune.com\/it\/wp-json\/wp\/v2\/categories?post=253791"},{"taxonomy":"post_tag","embeddable":true,"href":"https:\/\/www.monaco-tribune.com\/it\/wp-json\/wp\/v2\/tags?post=253791"},{"taxonomy":"sectag","embeddable":true,"href":"https:\/\/www.monaco-tribune.com\/it\/wp-json\/wp\/v2\/post_sectags?post=253791"},{"taxonomy":"format","embeddable":true,"href":"https:\/\/www.monaco-tribune.com\/it\/wp-json\/wp\/v2\/post_format?post=253791"}],"curies":[{"name":"wp","href":"https:\/\/api.w.org\/{rel}","templated":true}]}}