{"id":255118,"date":"2024-10-16T11:44:15","date_gmt":"2024-10-16T09:44:15","guid":{"rendered":"https:\/\/www.monaco-tribune.com\/2024\/10\/gildo-pallanca-pastor-trasformare-un-sogno-impossibile-in-realta\/"},"modified":"2024-10-16T11:44:24","modified_gmt":"2024-10-16T09:44:24","slug":"gildo-pallanca-pastor-trasformare-un-sogno-impossibile-in-realta","status":"publish","type":"post","link":"https:\/\/www.monaco-tribune.com\/it\/2024\/10\/gildo-pallanca-pastor-trasformare-un-sogno-impossibile-in-realta\/","title":{"rendered":"Gildo Pallanca Pastor: &#8220;Trasformare un sogno impossibile in realt\u00e0\u201d"},"content":{"rendered":"\n<p><strong>Il ricco imprenditore monegasco ha affrontato di tutto. L&#8217;inferno, con il brutale assassinio di sua madre, H\u00e9l\u00e8ne Pastor, mentre si stava riprendendo da un doppio ictus. La resurrezione, con il successo dell&#8217;avventura elettrica Venturi. E infine la gloria, quando la NASA e SpaceX hanno selezionato il rover sviluppato da Venturi per andare sulla Luna. Ritratto di un sognatore con i piedi ben piantati nella terra monegasca e gli occhi puntati alle stelle.<\/strong><\/p>\n\n<p>&#8220;Quello che conta per me \u00e8 trasformare un sogno impossibile in realt\u00e0. Mi piacciono i progetti folli, insoliti, straordinari&#8221;. C\u2019\u00e8 chi cade nella &#8220;trappola&#8221; dell&#8217;imprenditoria fin da giovani, e <a href=\"https:\/\/www.gildo.com\/fr\/biographie\/\">Gildo Pallanca Pastor \u00e8 sicuramente uno di loro<\/a>.<\/p>\n\n<p>Innovazione, tecnologia, scommesse&#8230; la vita di questo imprenditore monegasco \u00e8 costellata di sfide, una pi\u00f9 folle dell&#8217;altra, intessute con passioni, incontri, avventure condivise, sogni e successi. Gildo Pallanca Pastor si \u00e8 distinto in tutto ci\u00f2 che ha fatto, dall&#8217;imprenditoria (nel settore immobiliare, nella ristorazione e nella radio) all&#8217;automobilismo e alla velocit\u00e0, fino all&#8217;esplorazione di alcune delle regioni pi\u00f9 inospitali del pianeta.<\/p>\n\n<p>Il tutto portando i colori di Monaco sempre pi\u00f9 in alto&#8230; fino alla Luna.<\/p>\n\n<p>Ma prima, torniamo sul pianeta Terra. A Monaco, per la precisione. \u00c8 il 1985 e Gildo, appena diciottenne, \u00e8 euforico. Sta per lanciare la sua prima azienda, specializzata nella ristrutturazione di appartamenti. Ma all&#8217;epoca era troppo giovane per essere il responsabile legale dell&#8217;azienda, quindi \u00e8 costretto a registrarla a nome dei genitori.<\/p>\n\n<p>Poco importa: &#8220;a 18 anni nutrivo gi\u00e0 un forte desiderio di interessarmi al mondo che ci circonda&#8221;, ricorda l&#8217;imprenditore, per il quale &#8220;questa prima esperienza ha rappresentato un&#8217;avventura non solo economica, ma anche di indipendenza dalla famiglia&#8221;.<\/p>\n\n<p>Tre anni dopo, Gildo supervisiona la costruzione del Gildo Pastor Center, che con i suoi 90.000 metri quadrati \u00e8 tuttora il pi\u00f9 grande complesso di uffici del Principato.<\/p>\n\n<h2 class=\"wp-block-heading\" id=\"h-aux-origines-de-la-dynastie-pastor\">Le origini della dinastia Pastor<\/h2>\n\n<p>L&#8217;edificio \u00e8 intitolato a Gildo Pastor, nonno del ragazzo, che lo ricorda come &#8220;una persona molto intelligente e anche molto simpatica. Un vero visionario e un gran lavoratore. \u00c8 sempre stato un esempio per me&#8221;. Gildo Pastor \u00e8 conosciuto soprattutto come colui che ha consolidato la posizione della dinastia Pastor nel panorama monegasco.<\/p>\n\n<p>Suo padre, Jean-Baptiste Pastor, arriva a Monaco nel 1880. Di professione scalpellino, si dedica all&#8217;edilizia e si aggiudica rapidamente una serie di contratti redditizi &#8211; tra cui la costruzione del primo stadio del Principato alla fine degli anni &#8217;30 &#8211; prima di cedere le redini dell&#8217;azienda al figlio Gildo, al termine della Seconda Guerra Mondiale.<\/p>\n\n<p>Vero e proprio genio degli affari, Gildo Pastor realizza una serie di successi immobiliari che assicurano la fortuna della sua famiglia per diverse generazioni. Alla sua morte, nel 1990, il nonno di Gildo Pallanca Pastor aveva reso la sua famiglia una delle pi\u00f9 importanti della Rocca.<\/p>\n\n<p> Con oltre 500.000 metri quadrati, il patrimonio immobiliare che l&#8217;imprenditore lascia ai suoi tre figli &#8211; Victor, H\u00e9l\u00e8ne e Michel &#8211; si aggira intorno ai 19 miliardi di euro. Una fortuna capace di aprire tutte le strade&#8230; ma anche, purtroppo, di suscitare ogni genere di invidia, come il destino ricorder\u00e0 presto alle nuove generazioni di Pastor nel pi\u00f9 crudele dei modi.<\/p>\n\n<h2 class=\"wp-block-heading\" id=\"h-l-assasinat-d-helene-pastor-une-deflagration-judiciaire-familiale-et-intime\">L&#8217;assassinio di H\u00e9l\u00e8ne Pastor: una bomba giudiziaria, familiare e personale<\/h2>\n\n<p>Il 6 maggio 2014, H\u00e9l\u00e8ne Pastor &#8211; figlia di Gildo Pastor e madre di Gildo Pallanca Pastor &#8211; va come ogni giorno a trovare il figlio. Dopo l&#8217;ictus che lo aveva colpito qualche mese prima, l&#8217;imprenditore era in convalescenza all&#8217;ospedale di Larchet. All&#8217;uscita dall&#8217;ospedale monegasco, l&#8217;ereditiera viene colpita da un proiettile a bruciapelo sparato da un uomo che la stava aspettando nel parcheggio. H\u00e9l\u00e8ne Pastor \u00e8 deceduta per le ferite riportate nella notte tra il 20 e il 21 maggio. Dieci giorni dopo anche il suo autista viene preso di mira dall&#8217;assassino.<\/p>\n\n<p>A Monaco e ben oltre i suoi confini, le ripercussioni di questo duplice omicidio sono state commisurate alla fama e alla fortuna della famiglia Pastor. <a href=\"https:\/\/www.monaco-tribune.com\/it\/2023\/07\/caso-helene-pastor-dieci-anni-di-lotta-per-la-verita\/\">\u00c8 una bomba<\/a>. Chi avrebbe mai voluto uccidere l&#8217;ereditiera di una delle famiglie pi\u00f9 potenti di Monte Carlo?<\/p>\n\n<p>Gli investigatori identificano e arrestano subito l&#8217;uomo armato e il suo complice, due giovani comoriani di Marsiglia. I due hanno dichiarato alla polizia di aver agito su richiesta di Wojciech Janowski, il fidanzato di Sylvia Ratkowski, la figlia di H\u00e9l\u00e8ne. Janowski ha confessato, ma in seguito ha ritrattato la sua dichiarazione.<\/p>\n\n<p>Quando il 17 settembre 2018 si \u00e8 aperto il processo davanti alla Corte d&#8217;Assise di Aix-en-Provence, sul banco degli imputati c&#8217;erano dieci persone. Janowski \u00e8 stato infine condannato all&#8217;ergastolo, una sentenza che sar\u00e0 confermata in appello nel 2021. &#8220;Questa storia ha sconvolto la mia vita&#8221;, <a href=\"https:\/\/www.parismatch.com\/Actu\/Faits-divers\/Gildo-Pastor-Justice-pour-ma-mere-1763863\">ha confidato<\/a> Gildo Pallanca Pastor in occasione del secondo processo, quando si era ripreso psicologicamente. Ed \u00e8 determinato a lottare per ottenere giustizia per sua madre.<\/p>\n\n<h2 class=\"wp-block-heading\" id=\"h-brasserie-de-monaco-et-radio-monaco-des-aventures-profondement-enracines-dans-la-principaute\"><strong>Brasserie de Monaco e Radio Monaco: due avventure &#8220;<em>profondamente radicate nel Principato&#8221;<\/em><\/strong><\/h2>\n\n<p>Giustizia \u00e8 stata fatta. Purtroppo, per\u00f2, la giustizia non \u00e8 in grado di riparare un cuore spezzato o una famiglia distrutta da una tragedia. &#8220;Il clan dei Pastor si \u00e8 allontanato da me&#8221;, si rammarica Gildo <em>in un&#8217;intervista a Paris Match<\/em>: &#8220;Sono partito con mia moglie e i miei figli per New York, dove ho trovato dei medici che mi hanno insegnato a camminare e a parlare di nuovo. Ho ripreso la mia attivit\u00e0&#8221;.<\/p>\n\n<p>E che attivit\u00e0! Gildo sa il fatto suo. All&#8217;inizio degli anni &#8217;90, il giovane imprenditore \u00e8 stato uno dei precursori del movimento &#8220;<em>business angels&#8221; <\/em>in Europa, investendo in decine di aziende, per lo pi\u00f9 del settore automobilistico o ambientale. Tutto questo senza mai rinnegare o dimenticare le sue radici monegasche.<\/p>\n\n<p>\u00c8 cos\u00ec che nel 2008 Gildo, con la <a href=\"https:\/\/brasseriedemonaco.com\/\">Brasserie de Monaco<\/a>, si lancia nella produzione di una birra originale monegasca, riportando in auge una tradizione che si era persa da pi\u00f9 di un secolo. Situata in una location ideale a Port Hercule, la birreria si \u00e8 gradualmente affermata come istituzione locale, continuando a produrre birre eccezionali <a href=\"https:\/\/www.monaco-tribune.com\/2024\/03\/la-biere-blanche-de-la-brasserie-de-monaco-remporte-sa-premiere-medaille-dor\/\">e premiate regolarmente.<\/a><\/p>\n\n<p>Gildo Pallanca Pastor \u00e8 anche il fondatore di Radio Monaco (ex Radio MC One), che dagli anni &#8217;90 trasmette una selezione electro-pop e ha recentemente acquisito uno studio all&#8217;avanguardia: &#8220;grazie alla nostra costante ricerca di innovazione&#8221;, <a href=\"https:\/\/www.monaco-tribune.com\/2024\/09\/radio-monaco-soffre-un-nouveau-studio-a-la-pointe-de-la-technologie\/\">confida<\/a> Gildo, &#8220;<em>offriamo un&#8217;esperienza coinvolgente e moderna, pur rimanendo profondamente radicati nel Principato, vicini alle sue personalit\u00e0, ai suoi eventi pi\u00f9 importanti e alla sua vivace cronaca<\/em><em>&#8220;.<\/em><\/p>\n<div class=\"wp-block-image\">\n<figure class=\"aligncenter size-large\"><img loading=\"lazy\" decoding=\"async\" width=\"1024\" height=\"576\" src=\"https:\/\/www.monaco-tribune.com\/wp-content\/uploads\/2024\/09\/gildo-pastor-1024x576.jpg\" alt=\"\" class=\"wp-image-251487\" srcset=\"https:\/\/www.monaco-tribune.com\/wp-content\/uploads\/2024\/09\/gildo-pastor-1024x576.jpg 1024w, https:\/\/www.monaco-tribune.com\/wp-content\/uploads\/2024\/09\/gildo-pastor-533x300.jpg 533w, https:\/\/www.monaco-tribune.com\/wp-content\/uploads\/2024\/09\/gildo-pastor.jpg 1200w\" sizes=\"auto, (max-width: 1024px) 100vw, 1024px\" \/><figcaption class=\"wp-element-caption\"><em>Gildo Pastor nel nuovo arredamento di Radio Monaco \u00a9 Radio Monaco<\/em><\/figcaption><\/figure>\n<\/div>\n<h2 class=\"wp-block-heading\" id=\"h-la-passion-automobile\">La passione per le auto<\/h2>\n\n<p>Ma la vera passione di Gildo \u00e8 un&#8217;altra: lo sport, le auto e la velocit\u00e0. Le macchine pi\u00f9 spettacolari. Le sfide. L&#8217;adrenalina. Sebbene si sia presto reso conto che gli mancasse quel &#8220;qualcosa in pi\u00f9&#8221; necessario per competere alla pari con le leggende della Formula 1, questa delusione non lo ha dissuaso dal frequentare le piste, anzi. <\/p>\n\n<p>Rimane aggrappato al suo sogno, conducendo un&#8217;eccellente carriera come pilota &#8211; Porsche Supercup, Volant Elf, Rallye-Raid, Renault Europa Cup, Parigi-Dakar, 24 Ore di Daytona, e non solo. \u00c8 in questo periodo che incontra alcuni dei pi\u00f9 grandi nomi dell&#8217;automobilismo.<\/p>\n\n<p>A met\u00e0 degli anni &#8217;90, Gildo si pone una nuova sfida: battere il record mondiale di velocit\u00e0 su ghiaccio. Il 3 marzo 1995 al volante di una Bugatti EB110, sfreccia a 315 km\/h sui mari ghiacciati della Finlandia. Un momento emozionante, come se non avesse peso sul ghiaccio: &#8220;una gioia immensa&#8221;, ricorda con emozione.<\/p>\n\n<p>La &#8220;febbre&#8221; per le auto non lo ha mai abbandonato. Nel luglio 2000, Gildo Pallanca Pastor acquista il costruttore francese di auto sportive Venturi. &#8220;Su 35 offerte, io ho fatto quella pi\u00f9 bassa&#8221;, <a href=\"https:\/\/www.monaco-tribune.com\/it\/2021\/04\/gildo-pastor-e-lamore-di-una-vita-per-le-corse-automobilistiche\/\">ricorda<\/a> con una certa malizia, &#8220;ma sono stato l&#8217;unico a dire che avrei preso tutto e sarei andato a Monaco&#8221;.<\/p>\n<div class=\"wp-block-image\">\n<figure class=\"aligncenter size-full\"><img loading=\"lazy\" decoding=\"async\" width=\"1024\" height=\"673\" src=\"https:\/\/www.monaco-tribune.com\/wp-content\/uploads\/2021\/04\/gildo-pastor-lors-de-son-record-du-monde-de-vitesse-sur-glace-en-1995-min.jpg\" alt=\"\" class=\"wp-image-75078\" srcset=\"https:\/\/www.monaco-tribune.com\/wp-content\/uploads\/2021\/04\/gildo-pastor-lors-de-son-record-du-monde-de-vitesse-sur-glace-en-1995-min.jpg 1024w, https:\/\/www.monaco-tribune.com\/wp-content\/uploads\/2021\/04\/gildo-pastor-lors-de-son-record-du-monde-de-vitesse-sur-glace-en-1995-min-456x300.jpg 456w, https:\/\/www.monaco-tribune.com\/wp-content\/uploads\/2021\/04\/gildo-pastor-lors-de-son-record-du-monde-de-vitesse-sur-glace-en-1995-min-228x150.jpg 228w, https:\/\/www.monaco-tribune.com\/wp-content\/uploads\/2021\/04\/gildo-pastor-lors-de-son-record-du-monde-de-vitesse-sur-glace-en-1995-min-768x505.jpg 768w, https:\/\/www.monaco-tribune.com\/wp-content\/uploads\/2021\/04\/gildo-pastor-lors-de-son-record-du-monde-de-vitesse-sur-glace-en-1995-min-175x115.jpg 175w\" sizes=\"auto, (max-width: 1024px) 100vw, 1024px\" \/><figcaption class=\"wp-element-caption\"><em>Gildo Pastor e la famosa Bugatti EB110 con cui ha stabilito il record mondiale di velocit\u00e0 su ghiaccio nel 1995 &#8211; Foto DR<\/em><\/figcaption><\/figure>\n<\/div>\n<p>Ammettendo di aver &#8220;sempre pensato di voler costruire un&#8217;auto elettrica&#8221;, Gildo ricorda che quando &#8220;gareggiava contro le Venturi, (aveva) notato molte cose interessanti, ma mancava una forza innovatrice&#8221;. Ne prende subito atto. Sceglie cos\u00ec di passare completamente all&#8217;elettrico prima di chiunque altro, dando una svolta al marchio e schierando le sue auto dai nomi evocativi &#8211; la Fetish, la Volage, l&#8217;America, l&#8217;Eclectic e l&#8217;Astrolab &#8211; sui circuiti, dove presto battono un record dopo l&#8217;altro: record mondiale di velocit\u00e0 con un veicolo elettrico (549 km\/h), record con un veicolo a idrogeno (487 km\/h) e cos\u00ec via.<\/p>\n\n<p>Nel marzo 2019, arriva la consacrazione: sul circuito di Formula E (cio\u00e8 elettrico) di Hong Kong, il pilota Edoardo Mortara porta il team Venturi sul gradino pi\u00f9 alto del podio. Una vittoria storica per lo sport monegasco. <\/p>\n\n<p>Mentre le auto elettriche conquistano il mondo, Gildo Pallanca Pastor sposta la sua attenzione sulle moto elettriche. Nel 2010 acquista il produttore francese Voxan, che all&#8217;epoca era in amministrazione controllata.<\/p>\n\n<p>&#8220;La mobilit\u00e0 in citt\u00e0 passa dalle due ruote, tre ruote e quattro ruote. In Venturi ci occupiamo di auto sportive tanto quanto di veicoli per le consegne&#8221;: guidato dalla sua intuizione, Gildo replica il suo successo con il Voxan Wattman. Guidato dal sei volte campione del mondo di motociclismo Max Biaggi, ha stabilito pi\u00f9 di dieci record mondiali nella categoria oltre i 300 kg. Lo scorso agosto, poi, \u00e8 stato il Voxan da meno di 150 chili a strappare quattro nuovi record sul lago salato di Bonneville (USA): &#8220;<a href=\"https:\/\/www.monaco-tribune.com\/it\/2024\/09\/quattro-nuovi-record-mondiali-di-velocita-per-la-moto-elettrica-voxan\/\">un magnifico regalo<\/a> per celebrare il 15\u00b0 anniversario della nostra collaborazione&#8221; con l&#8217;Universit\u00e0 dell&#8217;Ohio.<\/p>\n\n<h2 class=\"wp-block-heading\" id=\"h-des-glaces-des-poles-aux-plaines-lunaires-l-aventure-venturi-se-poursuit-dans-l-espace\">Dai ghiacci dei poli alle distese lunari: l&#8217;avventura di Venturi continua nello spazio<\/h2>\n\n<p>Anche se la scuderia Venturi Racing viene venduta a un fondo d&#8217;investimento americano nel dicembre 2020, Gildo mantiene il suo posto e riesce a tenere la sede dell<a href=\"https:\/\/www.monaco-tribune.com\/it\/2020\/12\/venturi-racing-acquistata-da-un-gruppo-di-investitori-americano\/\">&#8216;&#8221;unica scuderia monegasca&#8221;<\/a> a Monaco. Ma l\u2019impresa di Venturi \u00e8 tutt&#8217;altro che finita.<\/p>\n\n<p>Avventuriero nell&#8217;animo, Pastor meditava da tempo su un&#8217;idea ispirata dallo stesso Principe Alberto II: inventare un veicolo elettrico per l&#8217;esplorazione polare. Nel 2021, presenta il nuovo Venturi Antartica al Principe Alberto II: il primo prototipo era stato testato due anni prima da Sua Altezza in persona nel clima gelido del Canada.<\/p>\n\n<p> Si tratta di una prodezza tecnologica per un veicolo unico al mondo ed ecosostenibile, che consente agli scienziati della Stazione belga Princess Elisabeth di accedere alle zone di studio senza inquinare l&#8217;ambiente di lavoro. E tutto questo a temperature estreme che possono raggiungere i -50\u00b0C.<\/p>\n\n<p>Condizioni non molto diverse da quelle dello&#8230; spazio. Dopo le distese ghiacciate dei poli, dove un membro del gruppo Venturi ha effettuato <a href=\"https:\/\/www.monaco-tribune.com\/it\/2022\/07\/racconti-la-spedizione-di-venturi-in-norvegia-in-onore-del-principe-alberto-i\/\">una spedizione nel 2022<\/a> in omaggio al grande esploratore Principe Alberto I, Gildo Pallanca Pastor si cimenta nell&#8217;esplorazione del cosmo.<\/p>\n<div class=\"wp-block-image\">\n<figure class=\"aligncenter size-full\"><img loading=\"lazy\" decoding=\"async\" width=\"1024\" height=\"641\" src=\"https:\/\/www.monaco-tribune.com\/wp-content\/uploads\/2022\/07\/prince-albert-ii-and-gildo-pastor-c-eric-mathon-palais-princier-min.jpg\" alt=\"\" class=\"wp-image-130503\" srcset=\"https:\/\/www.monaco-tribune.com\/wp-content\/uploads\/2022\/07\/prince-albert-ii-and-gildo-pastor-c-eric-mathon-palais-princier-min.jpg 1024w, https:\/\/www.monaco-tribune.com\/wp-content\/uploads\/2022\/07\/prince-albert-ii-and-gildo-pastor-c-eric-mathon-palais-princier-min-479x300.jpg 479w\" sizes=\"auto, (max-width: 1024px) 100vw, 1024px\" \/><figcaption class=\"wp-element-caption\"><em>Il Principe Alberto II e Gildo Pastor al traguardo \/ \u00a9 Eric Mathon &#8211; Palais Princier<\/em><\/figcaption><\/figure>\n<\/div><div class=\"wp-block-image\">\n<figure class=\"aligncenter size-full\"><img loading=\"lazy\" decoding=\"async\" width=\"1024\" height=\"611\" src=\"https:\/\/www.monaco-tribune.com\/wp-content\/uploads\/2022\/07\/xavier-chevrin-gildo-pastor-prince-albert-ii-and-the-3-guides-c-eric-mathon-palais-princier-min.jpg\" alt=\"\" class=\"wp-image-130491\" srcset=\"https:\/\/www.monaco-tribune.com\/wp-content\/uploads\/2022\/07\/xavier-chevrin-gildo-pastor-prince-albert-ii-and-the-3-guides-c-eric-mathon-palais-princier-min.jpg 1024w, https:\/\/www.monaco-tribune.com\/wp-content\/uploads\/2022\/07\/xavier-chevrin-gildo-pastor-prince-albert-ii-and-the-3-guides-c-eric-mathon-palais-princier-min-503x300.jpg 503w\" sizes=\"auto, (max-width: 1024px) 100vw, 1024px\" \/><figcaption class=\"wp-element-caption\"><em>I colori di Venturi esposti con orgoglio \/ \u00a9 Eric Mathon &#8211; Palais Princier<\/em><\/figcaption><\/figure>\n<\/div>\n<p>Per cominciare, la Luna: con sede negli Stati Uniti (Venturi Astrolab), in Svizzera (Venturi Lab) e a Monaco, il gruppo ha sviluppato un nuovissimo rover lunare, dotato di tecnologie rivoluzionarie: <a href=\"https:\/\/www.monaco-tribune.com\/it\/2023\/06\/venturi-svela-la-sua-ruota-lunare-e-una-prima-mondiale\/\">ruote deformabili, <\/a><a href=\"https:\/\/www.monaco-tribune.com\/it\/2023\/04\/il-gruppo-venturi-andra-sulla-luna-nel-2026\/\">resistenza alle radiazioni<\/a> e non solo.<\/p>\n\n<p>Chiamato FLEX, il veicolo \u00e8 stato scelto sia da SpaceX, la societ\u00e0 del miliardario Elon Musk, per essere inviato al polo sud lunare, sia dalla NASA, nell&#8217;ambito del progetto Artemis, che mira a inviare astronauti sul nostro satellite entro il 2026. Un doppio riconoscimento per Gildo Pallanca Pastor, che ha portato l'&#8221;expertise&#8221; di Venturi e dei monegaschi a essere riconosciuta a livello mondiale.<\/p>\n\n<figure class=\"wp-block-embed aligncenter is-type-video is-provider-youtube wp-block-embed-youtube wp-embed-aspect-16-9 wp-has-aspect-ratio\"><div class=\"wp-block-embed__wrapper\">\r\n<iframe title=\"Astrolab FLEX Rover: Robotic Arm Operations\" width=\"500\" height=\"281\" src=\"https:\/\/www.youtube.com\/embed\/oYsGylmibac?feature=oembed\" frameborder=\"0\" allow=\"accelerometer; autoplay; clipboard-write; encrypted-media; gyroscope; picture-in-picture; web-share\" referrerpolicy=\"strict-origin-when-cross-origin\" allowfullscreen><\/iframe>\r\n<\/div><\/figure>\r\n\n<h2 class=\"wp-block-heading\" id=\"h-entrer-dans-l-histoire\">Passare alla storia<\/h2>\n\n<p>&#8220;Negli ultimi vent&#8217;anni, il Gruppo Venturi ha sviluppato alcuni veicoli elettrici molto potenti e davvero unici&#8221;, <a href=\"https:\/\/www.monaco-tribune.com\/it\/2023\/06\/venturi-presenta-il-suo-rover-lunare-al-principe-alberto-ii\/\">ha dichiarato<\/a> entusiasta Gildo l&#8217;anno scorso: &#8220;\u00e8 arrivato il momento di fare un ulteriore passo avanti e di far entrare il Gruppo Venturi nei libri di storia. Al termine della missione, questo rover sar\u00e0 il pi\u00f9 grande e potente mai inviato sulla Luna&#8221;.<\/p>\n<div class=\"wp-block-image\">\n<figure class=\"aligncenter size-large\"><img decoding=\"async\" src=\"https:\/\/www.monaco-tribune.com\/wp-content\/uploads\/2023\/05\/hsh-prince-albert-ii-with-gildo-pastor-president-of-venturi-group-and-flex-rover-&#xA9;venturi_bebert-compressed-e1685439551223-1024x660.jpg\" alt=\"HSH-Prince-Albert-II-with-Gildo-Pastor-President-of-Venturi-Group-and-FLEX-rover-&#xA9;Venturi_Bebert-compressed\" class=\"wp-image-178640\"\/><figcaption class=\"wp-element-caption\"><em>Il principe Alberto II e Gildo Pastor davanti al rover lunare \u201cFLEX\u201d \u00a9 Venturi\/Bebert<\/em><\/figcaption><\/figure>\n<\/div>\n<p>&#8220;Nessuno, me compreso, poteva immaginare che avremmo realizzato le nostre conquiste industriali su DUE pianeti&#8221;, ha dichiarato Gildo in occasione del <a href=\"https:\/\/www.monaco-tribune.com\/it\/2024\/10\/venturi-la-piccola-azienda-monegasca-e-diventata-grande-e-adesso-punta-alla-luna\/\">20\u00b0 anniversario del Venturi Group<\/a>.<\/p>\n\n<p>L&#8217;uomo che, fino al 2015, \u00e8 stato presidente della sezione Ambiente e Sviluppo Sostenibile del Consiglio Economico e Sociale di Monaco, e che vanta le insegne di Cavaliere dell&#8217;Ordine di Saint-Charles, Cavaliere della Legion d&#8217;Onore (conferite dal Presidente della FIA Jean Todt) e Console Generale di Monaco a New York, ammette che andare sulla Luna \u00e8 &#8220;il pi\u00f9 grande progetto della (sua) vita professionale&#8221;. Ci sar\u00e0 presto una bandiera monegasca sulla Luna?<\/p>\n","protected":false},"excerpt":{"rendered":"<p>Il ricco imprenditore monegasco ha affrontato di tutto. L&#8217;inferno, con il brutale assassinio di sua madre, H\u00e9l\u00e8ne Pastor, mentre si [&hellip;]<\/p>\n","protected":false},"author":78,"featured_media":255110,"comment_status":"closed","ping_status":"closed","sticky":false,"template":"","format":"standard","meta":{"_acf_changed":false,"footnotes":""},"categories":[1739,1826,1738],"tags":[4934],"post_sectags":[],"post_format":[2480],"class_list":["post-255118","post","type-post","status-publish","format-standard","has-post-thumbnail","hentry","category-business-it","category-la-nostra-scelta","category-notizie","tag-personalita","format-profilo"],"acf":[],"yoast_head":"<!-- This site is optimized with the Yoast SEO Premium plugin v26.8 (Yoast SEO v27.4) - https:\/\/yoast.com\/product\/yoast-seo-premium-wordpress\/ -->\n<title>Gildo Pallanca Pastor: &quot;Trasformare un sogno impossibile in realt\u00e0\u201d<\/title>\n<meta name=\"description\" content=\"Il ricco imprenditore monegasco ha affrontato di tutto. L&#039;inferno, con il brutale assassinio di sua madre, H\u00e9l\u00e8ne Pastor, mentre si stava riprendendo da\" \/>\n<meta name=\"robots\" content=\"index, follow, max-snippet:-1, max-image-preview:large, max-video-preview:-1\" \/>\n<link rel=\"canonical\" href=\"https:\/\/www.monaco-tribune.com\/it\/2024\/10\/gildo-pallanca-pastor-trasformare-un-sogno-impossibile-in-realta\/\" \/>\n<meta property=\"og:locale\" content=\"it_IT\" \/>\n<meta property=\"og:type\" content=\"article\" \/>\n<meta property=\"og:title\" content=\"Gildo Pallanca Pastor: &quot;Trasformare un sogno impossibile in realt\u00e0\u201d - Monaco Tribune\" \/>\n<meta property=\"og:description\" content=\"Il ricco imprenditore monegasco ha affrontato di tutto. L&#039;inferno, con il brutale assassinio di sua madre, H\u00e9l\u00e8ne Pastor, mentre si stava riprendendo da\" \/>\n<meta property=\"og:url\" content=\"https:\/\/www.monaco-tribune.com\/it\/2024\/10\/gildo-pallanca-pastor-trasformare-un-sogno-impossibile-in-realta\/\" \/>\n<meta property=\"og:site_name\" content=\"Monaco Tribune\" \/>\n<meta property=\"article:publisher\" content=\"https:\/\/www.facebook.com\/MonacoTribune\" \/>\n<meta property=\"article:published_time\" content=\"2024-10-16T09:44:15+00:00\" \/>\n<meta property=\"article:modified_time\" content=\"2024-10-16T09:44:24+00:00\" \/>\n<meta property=\"og:image\" content=\"https:\/\/www.monaco-tribune.com\/wp-content\/uploads\/2024\/10\/gildo-pastor.jpg\" \/>\n\t<meta property=\"og:image:width\" content=\"1200\" \/>\n\t<meta property=\"og:image:height\" content=\"788\" \/>\n\t<meta property=\"og:image:type\" content=\"image\/jpeg\" \/>\n<meta name=\"author\" content=\"Mark Linden\" \/>\n<meta name=\"twitter:card\" content=\"summary_large_image\" \/>\n<meta name=\"twitter:creator\" content=\"@MonacoTribune\" \/>\n<meta name=\"twitter:site\" content=\"@MonacoTribune\" \/>\n<script type=\"application\/ld+json\" class=\"yoast-schema-graph\">{\"@context\":\"https:\\\/\\\/schema.org\",\"@graph\":[{\"@type\":\"NewsArticle\",\"@id\":\"https:\\\/\\\/www.monaco-tribune.com\\\/it\\\/2024\\\/10\\\/gildo-pallanca-pastor-trasformare-un-sogno-impossibile-in-realta\\\/#article\",\"isPartOf\":{\"@id\":\"https:\\\/\\\/www.monaco-tribune.com\\\/it\\\/2024\\\/10\\\/gildo-pallanca-pastor-trasformare-un-sogno-impossibile-in-realta\\\/\"},\"author\":{\"name\":\"Mark Linden\",\"@id\":\"https:\\\/\\\/www.monaco-tribune.com\\\/it\\\/#\\\/schema\\\/person\\\/3796f08c04a1ae0bf5db7629e63acc06\"},\"headline\":\"Gildo Pallanca Pastor: &#8220;Trasformare un sogno impossibile in realt\u00e0\u201d\",\"datePublished\":\"2024-10-16T09:44:15+00:00\",\"dateModified\":\"2024-10-16T09:44:24+00:00\",\"mainEntityOfPage\":{\"@id\":\"https:\\\/\\\/www.monaco-tribune.com\\\/it\\\/2024\\\/10\\\/gildo-pallanca-pastor-trasformare-un-sogno-impossibile-in-realta\\\/\"},\"wordCount\":2067,\"publisher\":{\"@id\":\"https:\\\/\\\/www.monaco-tribune.com\\\/it\\\/#organization\"},\"image\":{\"@id\":\"https:\\\/\\\/www.monaco-tribune.com\\\/it\\\/2024\\\/10\\\/gildo-pallanca-pastor-trasformare-un-sogno-impossibile-in-realta\\\/#primaryimage\"},\"thumbnailUrl\":\"https:\\\/\\\/www.monaco-tribune.com\\\/wp-content\\\/uploads\\\/2024\\\/10\\\/gildo-pastor.jpg\",\"keywords\":[\"Personalit\u00e0\"],\"articleSection\":[\"Business\",\"La nostra scelta\",\"Notizie\"],\"inLanguage\":\"it-IT\",\"copyrightYear\":\"2024\",\"copyrightHolder\":{\"@id\":\"https:\\\/\\\/www.monaco-tribune.com\\\/#organization\"}},{\"@type\":\"WebPage\",\"@id\":\"https:\\\/\\\/www.monaco-tribune.com\\\/it\\\/2024\\\/10\\\/gildo-pallanca-pastor-trasformare-un-sogno-impossibile-in-realta\\\/\",\"url\":\"https:\\\/\\\/www.monaco-tribune.com\\\/it\\\/2024\\\/10\\\/gildo-pallanca-pastor-trasformare-un-sogno-impossibile-in-realta\\\/\",\"name\":\"Gildo Pallanca Pastor: \\\"Trasformare un sogno impossibile in realt\u00e0\u201d\",\"isPartOf\":{\"@id\":\"https:\\\/\\\/www.monaco-tribune.com\\\/it\\\/#website\"},\"primaryImageOfPage\":{\"@id\":\"https:\\\/\\\/www.monaco-tribune.com\\\/it\\\/2024\\\/10\\\/gildo-pallanca-pastor-trasformare-un-sogno-impossibile-in-realta\\\/#primaryimage\"},\"image\":{\"@id\":\"https:\\\/\\\/www.monaco-tribune.com\\\/it\\\/2024\\\/10\\\/gildo-pallanca-pastor-trasformare-un-sogno-impossibile-in-realta\\\/#primaryimage\"},\"thumbnailUrl\":\"https:\\\/\\\/www.monaco-tribune.com\\\/wp-content\\\/uploads\\\/2024\\\/10\\\/gildo-pastor.jpg\",\"datePublished\":\"2024-10-16T09:44:15+00:00\",\"dateModified\":\"2024-10-16T09:44:24+00:00\",\"description\":\"Il ricco imprenditore monegasco ha affrontato di tutto. L'inferno, con il brutale assassinio di sua madre, H\u00e9l\u00e8ne Pastor, mentre si stava riprendendo da\",\"breadcrumb\":{\"@id\":\"https:\\\/\\\/www.monaco-tribune.com\\\/it\\\/2024\\\/10\\\/gildo-pallanca-pastor-trasformare-un-sogno-impossibile-in-realta\\\/#breadcrumb\"},\"inLanguage\":\"it-IT\",\"potentialAction\":[{\"@type\":\"ReadAction\",\"target\":[\"https:\\\/\\\/www.monaco-tribune.com\\\/it\\\/2024\\\/10\\\/gildo-pallanca-pastor-trasformare-un-sogno-impossibile-in-realta\\\/\"]}]},{\"@type\":\"ImageObject\",\"inLanguage\":\"it-IT\",\"@id\":\"https:\\\/\\\/www.monaco-tribune.com\\\/it\\\/2024\\\/10\\\/gildo-pallanca-pastor-trasformare-un-sogno-impossibile-in-realta\\\/#primaryimage\",\"url\":\"https:\\\/\\\/www.monaco-tribune.com\\\/wp-content\\\/uploads\\\/2024\\\/10\\\/gildo-pastor.jpg\",\"contentUrl\":\"https:\\\/\\\/www.monaco-tribune.com\\\/wp-content\\\/uploads\\\/2024\\\/10\\\/gildo-pastor.jpg\",\"width\":1200,\"height\":788,\"caption\":\"Un sognatore con i piedi ben piantati nella terra monegasca e gli occhi puntati alle stelle \u00a9 Gildo Pastor\"},{\"@type\":\"BreadcrumbList\",\"@id\":\"https:\\\/\\\/www.monaco-tribune.com\\\/it\\\/2024\\\/10\\\/gildo-pallanca-pastor-trasformare-un-sogno-impossibile-in-realta\\\/#breadcrumb\",\"itemListElement\":[{\"@type\":\"ListItem\",\"position\":1,\"name\":\"Accueil\",\"item\":\"https:\\\/\\\/www.monaco-tribune.com\\\/it\\\/\"},{\"@type\":\"ListItem\",\"position\":2,\"name\":\"Gildo Pallanca Pastor: &#8220;Trasformare un sogno impossibile in realt\u00e0\u201d\"}]},{\"@type\":\"WebSite\",\"@id\":\"https:\\\/\\\/www.monaco-tribune.com\\\/it\\\/#website\",\"url\":\"https:\\\/\\\/www.monaco-tribune.com\\\/it\\\/\",\"name\":\"Monaco Tribune\",\"description\":\"Monaco : actualit\u00e9s \u00e9conomiques, politiques, culturelles et sportives de Monaco et de la French Riviera.\",\"publisher\":{\"@id\":\"https:\\\/\\\/www.monaco-tribune.com\\\/it\\\/#organization\"},\"potentialAction\":[{\"@type\":\"SearchAction\",\"target\":{\"@type\":\"EntryPoint\",\"urlTemplate\":\"https:\\\/\\\/www.monaco-tribune.com\\\/it\\\/?s={search_term_string}\"},\"query-input\":{\"@type\":\"PropertyValueSpecification\",\"valueRequired\":true,\"valueName\":\"search_term_string\"}}],\"inLanguage\":\"it-IT\"},{\"@type\":\"Organization\",\"@id\":\"https:\\\/\\\/www.monaco-tribune.com\\\/it\\\/#organization\",\"name\":\"Monaco Tribune\",\"url\":\"https:\\\/\\\/www.monaco-tribune.com\\\/it\\\/\",\"logo\":{\"@type\":\"ImageObject\",\"inLanguage\":\"it-IT\",\"@id\":\"https:\\\/\\\/www.monaco-tribune.com\\\/it\\\/#\\\/schema\\\/logo\\\/image\\\/\",\"url\":\"https:\\\/\\\/www.monaco-tribune.com\\\/wp-content\\\/uploads\\\/2022\\\/11\\\/logo-monaco-tribune.png\",\"contentUrl\":\"https:\\\/\\\/www.monaco-tribune.com\\\/wp-content\\\/uploads\\\/2022\\\/11\\\/logo-monaco-tribune.png\",\"width\":1548,\"height\":600,\"caption\":\"Monaco Tribune\"},\"image\":{\"@id\":\"https:\\\/\\\/www.monaco-tribune.com\\\/it\\\/#\\\/schema\\\/logo\\\/image\\\/\"},\"sameAs\":[\"https:\\\/\\\/www.facebook.com\\\/MonacoTribune\",\"https:\\\/\\\/x.com\\\/MonacoTribune\",\"https:\\\/\\\/www.instagram.com\\\/monacotribune\\\/\",\"https:\\\/\\\/www.linkedin.com\\\/company\\\/monaco-tribune\",\"https:\\\/\\\/www.youtube.com\\\/channel\\\/UCHle1MnG6hw1y4lWKijVbMA\"]},{\"@type\":\"Person\",\"@id\":\"https:\\\/\\\/www.monaco-tribune.com\\\/it\\\/#\\\/schema\\\/person\\\/3796f08c04a1ae0bf5db7629e63acc06\",\"name\":\"Mark Linden\",\"image\":{\"@type\":\"ImageObject\",\"inLanguage\":\"it-IT\",\"@id\":\"https:\\\/\\\/secure.gravatar.com\\\/avatar\\\/d0130c037315ebbab849176573fa4be49bb085b56b56eef40dfdebd8b0dab200?s=96&d=mm&r=g\",\"url\":\"https:\\\/\\\/secure.gravatar.com\\\/avatar\\\/d0130c037315ebbab849176573fa4be49bb085b56b56eef40dfdebd8b0dab200?s=96&d=mm&r=g\",\"contentUrl\":\"https:\\\/\\\/secure.gravatar.com\\\/avatar\\\/d0130c037315ebbab849176573fa4be49bb085b56b56eef40dfdebd8b0dab200?s=96&d=mm&r=g\",\"caption\":\"Mark Linden\"},\"url\":\"https:\\\/\\\/www.monaco-tribune.com\\\/it\\\/author\\\/nielslinden\\\/\"}]}<\/script>\n<!-- \/ Yoast SEO Premium plugin. -->","yoast_head_json":{"title":"Gildo Pallanca Pastor: \"Trasformare un sogno impossibile in realt\u00e0\u201d","description":"Il ricco imprenditore monegasco ha affrontato di tutto. L'inferno, con il brutale assassinio di sua madre, H\u00e9l\u00e8ne Pastor, mentre si stava riprendendo da","robots":{"index":"index","follow":"follow","max-snippet":"max-snippet:-1","max-image-preview":"max-image-preview:large","max-video-preview":"max-video-preview:-1"},"canonical":"https:\/\/www.monaco-tribune.com\/it\/2024\/10\/gildo-pallanca-pastor-trasformare-un-sogno-impossibile-in-realta\/","og_locale":"it_IT","og_type":"article","og_title":"Gildo Pallanca Pastor: \"Trasformare un sogno impossibile in realt\u00e0\u201d - Monaco Tribune","og_description":"Il ricco imprenditore monegasco ha affrontato di tutto. L'inferno, con il brutale assassinio di sua madre, H\u00e9l\u00e8ne Pastor, mentre si stava riprendendo da","og_url":"https:\/\/www.monaco-tribune.com\/it\/2024\/10\/gildo-pallanca-pastor-trasformare-un-sogno-impossibile-in-realta\/","og_site_name":"Monaco Tribune","article_publisher":"https:\/\/www.facebook.com\/MonacoTribune","article_published_time":"2024-10-16T09:44:15+00:00","article_modified_time":"2024-10-16T09:44:24+00:00","og_image":[{"width":1200,"height":788,"url":"https:\/\/www.monaco-tribune.com\/wp-content\/uploads\/2024\/10\/gildo-pastor.jpg","type":"image\/jpeg"}],"author":"Mark Linden","twitter_card":"summary_large_image","twitter_creator":"@MonacoTribune","twitter_site":"@MonacoTribune","schema":{"@context":"https:\/\/schema.org","@graph":[{"@type":"NewsArticle","@id":"https:\/\/www.monaco-tribune.com\/it\/2024\/10\/gildo-pallanca-pastor-trasformare-un-sogno-impossibile-in-realta\/#article","isPartOf":{"@id":"https:\/\/www.monaco-tribune.com\/it\/2024\/10\/gildo-pallanca-pastor-trasformare-un-sogno-impossibile-in-realta\/"},"author":{"name":"Mark Linden","@id":"https:\/\/www.monaco-tribune.com\/it\/#\/schema\/person\/3796f08c04a1ae0bf5db7629e63acc06"},"headline":"Gildo Pallanca Pastor: &#8220;Trasformare un sogno impossibile in realt\u00e0\u201d","datePublished":"2024-10-16T09:44:15+00:00","dateModified":"2024-10-16T09:44:24+00:00","mainEntityOfPage":{"@id":"https:\/\/www.monaco-tribune.com\/it\/2024\/10\/gildo-pallanca-pastor-trasformare-un-sogno-impossibile-in-realta\/"},"wordCount":2067,"publisher":{"@id":"https:\/\/www.monaco-tribune.com\/it\/#organization"},"image":{"@id":"https:\/\/www.monaco-tribune.com\/it\/2024\/10\/gildo-pallanca-pastor-trasformare-un-sogno-impossibile-in-realta\/#primaryimage"},"thumbnailUrl":"https:\/\/www.monaco-tribune.com\/wp-content\/uploads\/2024\/10\/gildo-pastor.jpg","keywords":["Personalit\u00e0"],"articleSection":["Business","La nostra scelta","Notizie"],"inLanguage":"it-IT","copyrightYear":"2024","copyrightHolder":{"@id":"https:\/\/www.monaco-tribune.com\/#organization"}},{"@type":"WebPage","@id":"https:\/\/www.monaco-tribune.com\/it\/2024\/10\/gildo-pallanca-pastor-trasformare-un-sogno-impossibile-in-realta\/","url":"https:\/\/www.monaco-tribune.com\/it\/2024\/10\/gildo-pallanca-pastor-trasformare-un-sogno-impossibile-in-realta\/","name":"Gildo Pallanca Pastor: \"Trasformare un sogno impossibile in realt\u00e0\u201d","isPartOf":{"@id":"https:\/\/www.monaco-tribune.com\/it\/#website"},"primaryImageOfPage":{"@id":"https:\/\/www.monaco-tribune.com\/it\/2024\/10\/gildo-pallanca-pastor-trasformare-un-sogno-impossibile-in-realta\/#primaryimage"},"image":{"@id":"https:\/\/www.monaco-tribune.com\/it\/2024\/10\/gildo-pallanca-pastor-trasformare-un-sogno-impossibile-in-realta\/#primaryimage"},"thumbnailUrl":"https:\/\/www.monaco-tribune.com\/wp-content\/uploads\/2024\/10\/gildo-pastor.jpg","datePublished":"2024-10-16T09:44:15+00:00","dateModified":"2024-10-16T09:44:24+00:00","description":"Il ricco imprenditore monegasco ha affrontato di tutto. L'inferno, con il brutale assassinio di sua madre, H\u00e9l\u00e8ne Pastor, mentre si stava riprendendo da","breadcrumb":{"@id":"https:\/\/www.monaco-tribune.com\/it\/2024\/10\/gildo-pallanca-pastor-trasformare-un-sogno-impossibile-in-realta\/#breadcrumb"},"inLanguage":"it-IT","potentialAction":[{"@type":"ReadAction","target":["https:\/\/www.monaco-tribune.com\/it\/2024\/10\/gildo-pallanca-pastor-trasformare-un-sogno-impossibile-in-realta\/"]}]},{"@type":"ImageObject","inLanguage":"it-IT","@id":"https:\/\/www.monaco-tribune.com\/it\/2024\/10\/gildo-pallanca-pastor-trasformare-un-sogno-impossibile-in-realta\/#primaryimage","url":"https:\/\/www.monaco-tribune.com\/wp-content\/uploads\/2024\/10\/gildo-pastor.jpg","contentUrl":"https:\/\/www.monaco-tribune.com\/wp-content\/uploads\/2024\/10\/gildo-pastor.jpg","width":1200,"height":788,"caption":"Un sognatore con i piedi ben piantati nella terra monegasca e gli occhi puntati alle stelle \u00a9 Gildo Pastor"},{"@type":"BreadcrumbList","@id":"https:\/\/www.monaco-tribune.com\/it\/2024\/10\/gildo-pallanca-pastor-trasformare-un-sogno-impossibile-in-realta\/#breadcrumb","itemListElement":[{"@type":"ListItem","position":1,"name":"Accueil","item":"https:\/\/www.monaco-tribune.com\/it\/"},{"@type":"ListItem","position":2,"name":"Gildo Pallanca Pastor: &#8220;Trasformare un sogno impossibile in realt\u00e0\u201d"}]},{"@type":"WebSite","@id":"https:\/\/www.monaco-tribune.com\/it\/#website","url":"https:\/\/www.monaco-tribune.com\/it\/","name":"Monaco Tribune","description":"Monaco : actualit\u00e9s \u00e9conomiques, politiques, culturelles et sportives de Monaco et de la French Riviera.","publisher":{"@id":"https:\/\/www.monaco-tribune.com\/it\/#organization"},"potentialAction":[{"@type":"SearchAction","target":{"@type":"EntryPoint","urlTemplate":"https:\/\/www.monaco-tribune.com\/it\/?s={search_term_string}"},"query-input":{"@type":"PropertyValueSpecification","valueRequired":true,"valueName":"search_term_string"}}],"inLanguage":"it-IT"},{"@type":"Organization","@id":"https:\/\/www.monaco-tribune.com\/it\/#organization","name":"Monaco Tribune","url":"https:\/\/www.monaco-tribune.com\/it\/","logo":{"@type":"ImageObject","inLanguage":"it-IT","@id":"https:\/\/www.monaco-tribune.com\/it\/#\/schema\/logo\/image\/","url":"https:\/\/www.monaco-tribune.com\/wp-content\/uploads\/2022\/11\/logo-monaco-tribune.png","contentUrl":"https:\/\/www.monaco-tribune.com\/wp-content\/uploads\/2022\/11\/logo-monaco-tribune.png","width":1548,"height":600,"caption":"Monaco Tribune"},"image":{"@id":"https:\/\/www.monaco-tribune.com\/it\/#\/schema\/logo\/image\/"},"sameAs":["https:\/\/www.facebook.com\/MonacoTribune","https:\/\/x.com\/MonacoTribune","https:\/\/www.instagram.com\/monacotribune\/","https:\/\/www.linkedin.com\/company\/monaco-tribune","https:\/\/www.youtube.com\/channel\/UCHle1MnG6hw1y4lWKijVbMA"]},{"@type":"Person","@id":"https:\/\/www.monaco-tribune.com\/it\/#\/schema\/person\/3796f08c04a1ae0bf5db7629e63acc06","name":"Mark Linden","image":{"@type":"ImageObject","inLanguage":"it-IT","@id":"https:\/\/secure.gravatar.com\/avatar\/d0130c037315ebbab849176573fa4be49bb085b56b56eef40dfdebd8b0dab200?s=96&d=mm&r=g","url":"https:\/\/secure.gravatar.com\/avatar\/d0130c037315ebbab849176573fa4be49bb085b56b56eef40dfdebd8b0dab200?s=96&d=mm&r=g","contentUrl":"https:\/\/secure.gravatar.com\/avatar\/d0130c037315ebbab849176573fa4be49bb085b56b56eef40dfdebd8b0dab200?s=96&d=mm&r=g","caption":"Mark Linden"},"url":"https:\/\/www.monaco-tribune.com\/it\/author\/nielslinden\/"}]}},"_links":{"self":[{"href":"https:\/\/www.monaco-tribune.com\/it\/wp-json\/wp\/v2\/posts\/255118","targetHints":{"allow":["GET"]}}],"collection":[{"href":"https:\/\/www.monaco-tribune.com\/it\/wp-json\/wp\/v2\/posts"}],"about":[{"href":"https:\/\/www.monaco-tribune.com\/it\/wp-json\/wp\/v2\/types\/post"}],"author":[{"embeddable":true,"href":"https:\/\/www.monaco-tribune.com\/it\/wp-json\/wp\/v2\/users\/78"}],"replies":[{"embeddable":true,"href":"https:\/\/www.monaco-tribune.com\/it\/wp-json\/wp\/v2\/comments?post=255118"}],"version-history":[{"count":2,"href":"https:\/\/www.monaco-tribune.com\/it\/wp-json\/wp\/v2\/posts\/255118\/revisions"}],"predecessor-version":[{"id":255121,"href":"https:\/\/www.monaco-tribune.com\/it\/wp-json\/wp\/v2\/posts\/255118\/revisions\/255121"}],"wp:featuredmedia":[{"embeddable":true,"href":"https:\/\/www.monaco-tribune.com\/it\/wp-json\/wp\/v2\/media\/255110"}],"wp:attachment":[{"href":"https:\/\/www.monaco-tribune.com\/it\/wp-json\/wp\/v2\/media?parent=255118"}],"wp:term":[{"taxonomy":"category","embeddable":true,"href":"https:\/\/www.monaco-tribune.com\/it\/wp-json\/wp\/v2\/categories?post=255118"},{"taxonomy":"post_tag","embeddable":true,"href":"https:\/\/www.monaco-tribune.com\/it\/wp-json\/wp\/v2\/tags?post=255118"},{"taxonomy":"sectag","embeddable":true,"href":"https:\/\/www.monaco-tribune.com\/it\/wp-json\/wp\/v2\/post_sectags?post=255118"},{"taxonomy":"format","embeddable":true,"href":"https:\/\/www.monaco-tribune.com\/it\/wp-json\/wp\/v2\/post_format?post=255118"}],"curies":[{"name":"wp","href":"https:\/\/api.w.org\/{rel}","templated":true}]}}