{"id":25515,"date":"2020-04-03T16:23:19","date_gmt":"2020-04-03T14:23:19","guid":{"rendered":"https:\/\/www.monaco-tribune.com\/2020\/04\/mariana-verrando-travel-blogger-monegasca-di-origine-danese\/"},"modified":"2020-11-22T22:25:08","modified_gmt":"2020-11-22T21:25:08","slug":"mariana-verrando-travel-blogger-monegasca-di-origine-danese","status":"publish","type":"post","link":"https:\/\/www.monaco-tribune.com\/it\/2020\/04\/mariana-verrando-travel-blogger-monegasca-di-origine-danese\/","title":{"rendered":"Mariana Verrando, travel blogger monegasca di origine danese"},"content":{"rendered":"<p style=\"font-weight: 400;\"><strong>Mariana Verrando \u00e8 una giovane influencer di 26 anni. Questa fotografa di origine danese \u00e8 sempre stata appassionata di fotografia e ha viaggiato in tutta Europa, condividendo i suoi viaggi sul suo blog e sul suo account Instagram, @mvoyagerblog. Ecco il nostro ritratto di una ragazza monegasca, orgogliosa delle sue radici e che non perde mai l&#8217;occasione di mettere in luce il Principato di Monaco attraverso le sue storie e i suoi viaggi<\/strong><\/p>\n<p style=\"font-weight: 400;\"><strong>\u00a0<\/strong><\/p>\n<p>\u00c8 la storia di una foto, una semplice illustrazione. Catturare l\u2019istante, per immortalare l&#8217;attimo. Una passione per Mariana Verrando, che fin da giovanissima si diverte a fotografare tutto ci\u00f2 che vede. Ma un giorno, un&#8217;istantanea ha trasformato la vita di questa monegasca con gli occhi azzurri e con i capelli dorati. Mariana ha visto la sua vita prendere una svolta improvvisa e inaspettata pi\u00f9 di quattro anni fa.<\/p>\n<p>\u201cEra la prima volta che avevo il mio viso in una delle mie foto&#8221;, ricorda. \u201cEro in Danimarca, in bicicletta, in mezzo ai campi di grano. Era una normale foto delle vacanze, che chiunque avrebbe potuto scattare, ma ha cambiato la mia vita quotidiana in modo profondo.\u201d Una vita che \u00e8 sempre stata tracciata dagli alberghi e ristoranti al turismo, il lavoro che fa ancora oggi.<\/p>\n<p>&nbsp;<\/p>\n<p><strong>\u201cInfluencer non \u00e8 la mia professione. Lo faccio principalmente per passione&#8221;<\/strong><\/p>\n<p>&#8220;Ho sempre amato la scrittura e la fotografia. Ricordo ancora il mio primo grande regalo di compleanno. Era una macchina fotografica digitale. Dovevo avere nove anni. Durante le vacanze, i miei genitori non sopportavano l&#8217;idea che io li fotografassi in continuazione&#8221;, ride. \u201cCredo sia per questo che ho aperto un blog e poi un account Instagram. All&#8217;inizio ho fotografato solo paesaggi, ma il tutto ha assunto una portata che non avevo immaginato\u201d, confida, ancora visibilmente commossa e sorpresa da tutta l&#8217;eccitazione intorno alla sua vita, trasposta quasi ogni giorno dal reale al virtuale. \u201cI marchi mi hanno contattato per farmi provare il loro prodotti. Ho avuto la fortuna di lavorare con alcuni dei principali marchi francesi.\u201d<\/p>\n<p>Ma la giovane monegasca, che ama soprattutto promuovere il Principato a livello internazionale, non si guadagna da vivere con questa attivit\u00e0, che \u00e8 comunque redditizia per molti influencer. &#8220;Questo non \u00e8 il mio lavoro. Lo faccio soprattutto per passione&#8221;, dice Mariana, sorridente, tra due sorsi di caff\u00e8, in un locale alla moda di Fontvieille. \u201c\u00c8 un hobby, senza alcun compenso. Ho un lavoro a parte, nel turismo, e non ho intenzione di occuparmene a tempo pieno al momento. \u00c8 uno scambio di buone pratiche. Mi mandano prodotti, ne parlo, bene o male, a volte gli alberghi mi invitano, \u00e8 molto gratificante, e\u00a0questo \u00e8 tutto.\u201d<\/p>\n<p>https:\/\/www.instagram.com\/p\/Bv93klQhOnI\/?utm_source=ig_web_copy_link<\/p>\n<p>&nbsp;<\/p>\n<p><strong>Tra Montecarlo e la Danimarca, una giovent\u00f9 con la fotografia<\/strong><\/p>\n<p>Appoggiata dal suo compagno, Rudy, che si trova dietro l&#8217;obiettivo, e che si sforza di scattare le migliori foto, Mariana viaggia in tutta Europa, ma anche nell&#8217;entroterra, per avvicinarsi sempre pi\u00f9 alla sua comunit\u00e0, che oggi supera i 20.000 abbonati su Instagram. &#8220;\u00c8 stata un&#8217;avventura arricchente, che mi ha permesso di incontrare persone che non avrei mai incontrato in vita mia. Manager di hotel, grandi chef, freelance, truccatori, grandi registi&#8221;, dice. \u201c\u00c8 cos\u00ec coinvolgente e accattivante che farei fatica a farne a meno.\u201d<\/p>\n<p>Da Stoccolma a Parigi, attraverso la Spagna, l&#8217;Italia, i Paesi Bassi, la Svizzera o il Belgio, Mariana indossa con orgoglio i colori del Principato nei diversi paesi che attraversa. \u201cSono orgogliosa di rappresentare il mio paese&#8221;, dice. \u201cAvere la nazionalit\u00e0 monegasca significa molto per me. Siamo cos\u00ec pochi che mi dico che sono una persona privilegiata. Non sono qui ogni cinque minuti per tirare fuori il passaporto, ma una cosa \u00e8 certa, non scambierei la mia nazionalit\u00e0 per niente al mondo.\u201d<\/p>\n<p>Tuttavia, al di l\u00e0 delle sue radici monegasche, Mariana \u00e8 stata scossa dalla cultura danese fin dalla sua nascita. Nata da padre monegasco e madre dello Jutland, nel nord della Danimarca, la giovane influencer ha trascorso gran parte delle sue vacanze in Scandinavia, accanto alla sorella maggiore, Regitze. \u201cSono cresciuta con questa doppia cultura, lontano dal lato bling-bling spesso associato a Montecarlo&#8221;, spiega. \u201cIn Danimarca i miei nonni sono contadini. Da bambino, passavo le vacanze aiutandoli a dare da mangiare alle mucche. Laggi\u00f9 ci si rende conto dei veri valori del lavoro.\u201d<\/p>\n<p>https:\/\/www.instagram.com\/p\/B8XDOSeqVPm\/?utm_source=ig_web_copy_link<\/p>\n<p>&nbsp;<\/p>\n<p><strong>&#8220;Non c&#8217;\u00e8 niente di pi\u00f9 gratificante del viaggio&#8221;<\/strong><\/p>\n<p>Ancora oggi Mariana non perde l&#8217;occasione di visitare le terre che l&#8217;hanno ispirata e che continuano a portarle calma e serenit\u00e0. &#8220;Anche se non \u00e8 sempre facile conciliare la mia vita professionale con la mia vita di influencer, non c&#8217;\u00e8 mai una mattina in cui non sono impaziente di svegliarmi. Se una mattina mi sveglio e penso che non ne ho voglia, forse \u00e8 ora di smettere.\u201d<\/p>\n<p>Ma con 10.000 visitatori unici al mese sul suo blog, Mariana non sembra pronta a smettere di scrivere articoli per i suoi follower. &#8220;Sto vivendo un&#8217;esperienza indimenticabile. A livello umano, \u00e8 indescrivibile. Non ho le parole. Non c&#8217;\u00e8 niente di pi\u00f9 gratificante del viaggio.\u201d E per andare ancora pi\u00f9 lontano, la giovane monegasca spera di fare presto il giro del mondo. Per trasformare un giorno i suoi sogni in una professione?<\/p>\n<p>&nbsp;<\/p>\n<p>Scoprite il blog di Mariana : <a href=\"https:\/\/mvoyagerblog.com\/\">mvoyagerblog<\/a><\/p>\n","protected":false},"excerpt":{"rendered":"<p>Mariana Verrando \u00e8 una giovane influencer di 26 anni. Questa fotografa di origine danese \u00e8 sempre stata appassionata di fotografia [&hellip;]<\/p>\n","protected":false},"author":24,"featured_media":23205,"comment_status":"closed","ping_status":"open","sticky":false,"template":"","format":"standard","meta":{"_acf_changed":false,"footnotes":""},"categories":[1740,1738],"tags":[],"post_sectags":[],"post_format":[2480],"class_list":["post-25515","post","type-post","status-publish","format-standard","has-post-thumbnail","hentry","category-cosa-fare","category-notizie","format-profilo"],"acf":[],"yoast_head":"<!-- This site is optimized with the Yoast SEO Premium plugin v26.8 (Yoast SEO v27.4) - https:\/\/yoast.com\/product\/yoast-seo-premium-wordpress\/ -->\n<title>Mariana Verrando, travel blogger monegasca di origine danese<\/title>\n<meta name=\"description\" content=\"Mariana Verrando \u00e8 una giovane influencer di 26 anni. Questa fotografa di origine danese \u00e8 sempre stata appassionata di fotografia e ha viaggiato in tutta\" \/>\n<meta name=\"robots\" content=\"index, follow, max-snippet:-1, max-image-preview:large, max-video-preview:-1\" \/>\n<link rel=\"canonical\" href=\"https:\/\/www.monaco-tribune.com\/it\/2020\/04\/mariana-verrando-travel-blogger-monegasca-di-origine-danese\/\" \/>\n<meta property=\"og:locale\" content=\"it_IT\" \/>\n<meta property=\"og:type\" content=\"article\" \/>\n<meta property=\"og:title\" content=\"Mariana Verrando, travel blogger monegasca di origine danese - Monaco Tribune\" \/>\n<meta property=\"og:description\" content=\"Mariana Verrando \u00e8 una giovane influencer di 26 anni. Questa fotografa di origine danese \u00e8 sempre stata appassionata di fotografia e ha viaggiato in tutta\" \/>\n<meta property=\"og:url\" content=\"https:\/\/www.monaco-tribune.com\/it\/2020\/04\/mariana-verrando-travel-blogger-monegasca-di-origine-danese\/\" \/>\n<meta property=\"og:site_name\" content=\"Monaco Tribune\" \/>\n<meta property=\"article:publisher\" content=\"https:\/\/www.facebook.com\/MonacoTribune\" \/>\n<meta property=\"article:published_time\" content=\"2020-04-03T14:23:19+00:00\" \/>\n<meta property=\"article:modified_time\" content=\"2020-11-22T21:25:08+00:00\" \/>\n<meta property=\"og:image\" content=\"https:\/\/www.monaco-tribune.com\/wp-content\/uploads\/2020\/03\/2019-07-31-09.43.42-1-min.jpg\" \/>\n\t<meta property=\"og:image:width\" content=\"1789\" \/>\n\t<meta property=\"og:image:height\" content=\"1543\" \/>\n\t<meta property=\"og:image:type\" content=\"image\/jpeg\" \/>\n<meta name=\"author\" content=\"Romain Boisaubert\" \/>\n<meta name=\"twitter:card\" content=\"summary_large_image\" \/>\n<meta name=\"twitter:creator\" content=\"@MonacoTribune\" \/>\n<meta name=\"twitter:site\" content=\"@MonacoTribune\" \/>\n<script type=\"application\/ld+json\" class=\"yoast-schema-graph\">{\"@context\":\"https:\\\/\\\/schema.org\",\"@graph\":[{\"@type\":\"NewsArticle\",\"@id\":\"https:\\\/\\\/www.monaco-tribune.com\\\/it\\\/2020\\\/04\\\/mariana-verrando-travel-blogger-monegasca-di-origine-danese\\\/#article\",\"isPartOf\":{\"@id\":\"https:\\\/\\\/www.monaco-tribune.com\\\/it\\\/2020\\\/04\\\/mariana-verrando-travel-blogger-monegasca-di-origine-danese\\\/\"},\"author\":{\"name\":\"Romain Boisaubert\",\"@id\":\"https:\\\/\\\/www.monaco-tribune.com\\\/it\\\/#\\\/schema\\\/person\\\/330a3732947cf8cb41b2533a0eadd62e\"},\"headline\":\"Mariana Verrando, travel blogger monegasca di origine danese\",\"datePublished\":\"2020-04-03T14:23:19+00:00\",\"dateModified\":\"2020-11-22T21:25:08+00:00\",\"mainEntityOfPage\":{\"@id\":\"https:\\\/\\\/www.monaco-tribune.com\\\/it\\\/2020\\\/04\\\/mariana-verrando-travel-blogger-monegasca-di-origine-danese\\\/\"},\"wordCount\":888,\"publisher\":{\"@id\":\"https:\\\/\\\/www.monaco-tribune.com\\\/it\\\/#organization\"},\"image\":{\"@id\":\"https:\\\/\\\/www.monaco-tribune.com\\\/it\\\/2020\\\/04\\\/mariana-verrando-travel-blogger-monegasca-di-origine-danese\\\/#primaryimage\"},\"thumbnailUrl\":\"https:\\\/\\\/www.monaco-tribune.com\\\/wp-content\\\/uploads\\\/2020\\\/03\\\/2019-07-31-09.43.42-1-min.jpg\",\"articleSection\":[\"Cosa fare\",\"Notizie\"],\"inLanguage\":\"it-IT\",\"copyrightYear\":\"2020\",\"copyrightHolder\":{\"@id\":\"https:\\\/\\\/www.monaco-tribune.com\\\/#organization\"}},{\"@type\":\"WebPage\",\"@id\":\"https:\\\/\\\/www.monaco-tribune.com\\\/it\\\/2020\\\/04\\\/mariana-verrando-travel-blogger-monegasca-di-origine-danese\\\/\",\"url\":\"https:\\\/\\\/www.monaco-tribune.com\\\/it\\\/2020\\\/04\\\/mariana-verrando-travel-blogger-monegasca-di-origine-danese\\\/\",\"name\":\"Mariana Verrando, travel blogger monegasca di origine danese\",\"isPartOf\":{\"@id\":\"https:\\\/\\\/www.monaco-tribune.com\\\/it\\\/#website\"},\"primaryImageOfPage\":{\"@id\":\"https:\\\/\\\/www.monaco-tribune.com\\\/it\\\/2020\\\/04\\\/mariana-verrando-travel-blogger-monegasca-di-origine-danese\\\/#primaryimage\"},\"image\":{\"@id\":\"https:\\\/\\\/www.monaco-tribune.com\\\/it\\\/2020\\\/04\\\/mariana-verrando-travel-blogger-monegasca-di-origine-danese\\\/#primaryimage\"},\"thumbnailUrl\":\"https:\\\/\\\/www.monaco-tribune.com\\\/wp-content\\\/uploads\\\/2020\\\/03\\\/2019-07-31-09.43.42-1-min.jpg\",\"datePublished\":\"2020-04-03T14:23:19+00:00\",\"dateModified\":\"2020-11-22T21:25:08+00:00\",\"description\":\"Mariana Verrando \u00e8 una giovane influencer di 26 anni. Questa fotografa di origine danese \u00e8 sempre stata appassionata di fotografia e ha viaggiato in tutta\",\"breadcrumb\":{\"@id\":\"https:\\\/\\\/www.monaco-tribune.com\\\/it\\\/2020\\\/04\\\/mariana-verrando-travel-blogger-monegasca-di-origine-danese\\\/#breadcrumb\"},\"inLanguage\":\"it-IT\",\"potentialAction\":[{\"@type\":\"ReadAction\",\"target\":[\"https:\\\/\\\/www.monaco-tribune.com\\\/it\\\/2020\\\/04\\\/mariana-verrando-travel-blogger-monegasca-di-origine-danese\\\/\"]}]},{\"@type\":\"ImageObject\",\"inLanguage\":\"it-IT\",\"@id\":\"https:\\\/\\\/www.monaco-tribune.com\\\/it\\\/2020\\\/04\\\/mariana-verrando-travel-blogger-monegasca-di-origine-danese\\\/#primaryimage\",\"url\":\"https:\\\/\\\/www.monaco-tribune.com\\\/wp-content\\\/uploads\\\/2020\\\/03\\\/2019-07-31-09.43.42-1-min.jpg\",\"contentUrl\":\"https:\\\/\\\/www.monaco-tribune.com\\\/wp-content\\\/uploads\\\/2020\\\/03\\\/2019-07-31-09.43.42-1-min.jpg\",\"width\":1789,\"height\":1543},{\"@type\":\"BreadcrumbList\",\"@id\":\"https:\\\/\\\/www.monaco-tribune.com\\\/it\\\/2020\\\/04\\\/mariana-verrando-travel-blogger-monegasca-di-origine-danese\\\/#breadcrumb\",\"itemListElement\":[{\"@type\":\"ListItem\",\"position\":1,\"name\":\"Accueil\",\"item\":\"https:\\\/\\\/www.monaco-tribune.com\\\/it\\\/\"},{\"@type\":\"ListItem\",\"position\":2,\"name\":\"Mariana Verrando, travel blogger monegasca di origine danese\"}]},{\"@type\":\"WebSite\",\"@id\":\"https:\\\/\\\/www.monaco-tribune.com\\\/it\\\/#website\",\"url\":\"https:\\\/\\\/www.monaco-tribune.com\\\/it\\\/\",\"name\":\"Monaco Tribune\",\"description\":\"Monaco : actualit\u00e9s \u00e9conomiques, politiques, culturelles et sportives de Monaco et de la French Riviera.\",\"publisher\":{\"@id\":\"https:\\\/\\\/www.monaco-tribune.com\\\/it\\\/#organization\"},\"potentialAction\":[{\"@type\":\"SearchAction\",\"target\":{\"@type\":\"EntryPoint\",\"urlTemplate\":\"https:\\\/\\\/www.monaco-tribune.com\\\/it\\\/?s={search_term_string}\"},\"query-input\":{\"@type\":\"PropertyValueSpecification\",\"valueRequired\":true,\"valueName\":\"search_term_string\"}}],\"inLanguage\":\"it-IT\"},{\"@type\":\"Organization\",\"@id\":\"https:\\\/\\\/www.monaco-tribune.com\\\/it\\\/#organization\",\"name\":\"Monaco Tribune\",\"url\":\"https:\\\/\\\/www.monaco-tribune.com\\\/it\\\/\",\"logo\":{\"@type\":\"ImageObject\",\"inLanguage\":\"it-IT\",\"@id\":\"https:\\\/\\\/www.monaco-tribune.com\\\/it\\\/#\\\/schema\\\/logo\\\/image\\\/\",\"url\":\"https:\\\/\\\/www.monaco-tribune.com\\\/wp-content\\\/uploads\\\/2022\\\/11\\\/logo-monaco-tribune.png\",\"contentUrl\":\"https:\\\/\\\/www.monaco-tribune.com\\\/wp-content\\\/uploads\\\/2022\\\/11\\\/logo-monaco-tribune.png\",\"width\":1548,\"height\":600,\"caption\":\"Monaco Tribune\"},\"image\":{\"@id\":\"https:\\\/\\\/www.monaco-tribune.com\\\/it\\\/#\\\/schema\\\/logo\\\/image\\\/\"},\"sameAs\":[\"https:\\\/\\\/www.facebook.com\\\/MonacoTribune\",\"https:\\\/\\\/x.com\\\/MonacoTribune\",\"https:\\\/\\\/www.instagram.com\\\/monacotribune\\\/\",\"https:\\\/\\\/www.linkedin.com\\\/company\\\/monaco-tribune\",\"https:\\\/\\\/www.youtube.com\\\/channel\\\/UCHle1MnG6hw1y4lWKijVbMA\"]},{\"@type\":\"Person\",\"@id\":\"https:\\\/\\\/www.monaco-tribune.com\\\/it\\\/#\\\/schema\\\/person\\\/330a3732947cf8cb41b2533a0eadd62e\",\"name\":\"Romain Boisaubert\",\"image\":{\"@type\":\"ImageObject\",\"inLanguage\":\"it-IT\",\"@id\":\"https:\\\/\\\/secure.gravatar.com\\\/avatar\\\/f8b90d41f1eabd1cbe4cf59e09d8db41a697d51919bf2dfe727589a24a4a4d54?s=96&d=mm&r=g\",\"url\":\"https:\\\/\\\/secure.gravatar.com\\\/avatar\\\/f8b90d41f1eabd1cbe4cf59e09d8db41a697d51919bf2dfe727589a24a4a4d54?s=96&d=mm&r=g\",\"contentUrl\":\"https:\\\/\\\/secure.gravatar.com\\\/avatar\\\/f8b90d41f1eabd1cbe4cf59e09d8db41a697d51919bf2dfe727589a24a4a4d54?s=96&d=mm&r=g\",\"caption\":\"Romain Boisaubert\"},\"description\":\"Test bio\",\"url\":\"https:\\\/\\\/www.monaco-tribune.com\\\/it\\\/author\\\/romain-boisaubert\\\/\"}]}<\/script>\n<!-- \/ Yoast SEO Premium plugin. -->","yoast_head_json":{"title":"Mariana Verrando, travel blogger monegasca di origine danese","description":"Mariana Verrando \u00e8 una giovane influencer di 26 anni. Questa fotografa di origine danese \u00e8 sempre stata appassionata di fotografia e ha viaggiato in tutta","robots":{"index":"index","follow":"follow","max-snippet":"max-snippet:-1","max-image-preview":"max-image-preview:large","max-video-preview":"max-video-preview:-1"},"canonical":"https:\/\/www.monaco-tribune.com\/it\/2020\/04\/mariana-verrando-travel-blogger-monegasca-di-origine-danese\/","og_locale":"it_IT","og_type":"article","og_title":"Mariana Verrando, travel blogger monegasca di origine danese - Monaco Tribune","og_description":"Mariana Verrando \u00e8 una giovane influencer di 26 anni. Questa fotografa di origine danese \u00e8 sempre stata appassionata di fotografia e ha viaggiato in tutta","og_url":"https:\/\/www.monaco-tribune.com\/it\/2020\/04\/mariana-verrando-travel-blogger-monegasca-di-origine-danese\/","og_site_name":"Monaco Tribune","article_publisher":"https:\/\/www.facebook.com\/MonacoTribune","article_published_time":"2020-04-03T14:23:19+00:00","article_modified_time":"2020-11-22T21:25:08+00:00","og_image":[{"width":1789,"height":1543,"url":"https:\/\/www.monaco-tribune.com\/wp-content\/uploads\/2020\/03\/2019-07-31-09.43.42-1-min.jpg","type":"image\/jpeg"}],"author":"Romain Boisaubert","twitter_card":"summary_large_image","twitter_creator":"@MonacoTribune","twitter_site":"@MonacoTribune","schema":{"@context":"https:\/\/schema.org","@graph":[{"@type":"NewsArticle","@id":"https:\/\/www.monaco-tribune.com\/it\/2020\/04\/mariana-verrando-travel-blogger-monegasca-di-origine-danese\/#article","isPartOf":{"@id":"https:\/\/www.monaco-tribune.com\/it\/2020\/04\/mariana-verrando-travel-blogger-monegasca-di-origine-danese\/"},"author":{"name":"Romain Boisaubert","@id":"https:\/\/www.monaco-tribune.com\/it\/#\/schema\/person\/330a3732947cf8cb41b2533a0eadd62e"},"headline":"Mariana Verrando, travel blogger monegasca di origine danese","datePublished":"2020-04-03T14:23:19+00:00","dateModified":"2020-11-22T21:25:08+00:00","mainEntityOfPage":{"@id":"https:\/\/www.monaco-tribune.com\/it\/2020\/04\/mariana-verrando-travel-blogger-monegasca-di-origine-danese\/"},"wordCount":888,"publisher":{"@id":"https:\/\/www.monaco-tribune.com\/it\/#organization"},"image":{"@id":"https:\/\/www.monaco-tribune.com\/it\/2020\/04\/mariana-verrando-travel-blogger-monegasca-di-origine-danese\/#primaryimage"},"thumbnailUrl":"https:\/\/www.monaco-tribune.com\/wp-content\/uploads\/2020\/03\/2019-07-31-09.43.42-1-min.jpg","articleSection":["Cosa fare","Notizie"],"inLanguage":"it-IT","copyrightYear":"2020","copyrightHolder":{"@id":"https:\/\/www.monaco-tribune.com\/#organization"}},{"@type":"WebPage","@id":"https:\/\/www.monaco-tribune.com\/it\/2020\/04\/mariana-verrando-travel-blogger-monegasca-di-origine-danese\/","url":"https:\/\/www.monaco-tribune.com\/it\/2020\/04\/mariana-verrando-travel-blogger-monegasca-di-origine-danese\/","name":"Mariana Verrando, travel blogger monegasca di origine danese","isPartOf":{"@id":"https:\/\/www.monaco-tribune.com\/it\/#website"},"primaryImageOfPage":{"@id":"https:\/\/www.monaco-tribune.com\/it\/2020\/04\/mariana-verrando-travel-blogger-monegasca-di-origine-danese\/#primaryimage"},"image":{"@id":"https:\/\/www.monaco-tribune.com\/it\/2020\/04\/mariana-verrando-travel-blogger-monegasca-di-origine-danese\/#primaryimage"},"thumbnailUrl":"https:\/\/www.monaco-tribune.com\/wp-content\/uploads\/2020\/03\/2019-07-31-09.43.42-1-min.jpg","datePublished":"2020-04-03T14:23:19+00:00","dateModified":"2020-11-22T21:25:08+00:00","description":"Mariana Verrando \u00e8 una giovane influencer di 26 anni. Questa fotografa di origine danese \u00e8 sempre stata appassionata di fotografia e ha viaggiato in tutta","breadcrumb":{"@id":"https:\/\/www.monaco-tribune.com\/it\/2020\/04\/mariana-verrando-travel-blogger-monegasca-di-origine-danese\/#breadcrumb"},"inLanguage":"it-IT","potentialAction":[{"@type":"ReadAction","target":["https:\/\/www.monaco-tribune.com\/it\/2020\/04\/mariana-verrando-travel-blogger-monegasca-di-origine-danese\/"]}]},{"@type":"ImageObject","inLanguage":"it-IT","@id":"https:\/\/www.monaco-tribune.com\/it\/2020\/04\/mariana-verrando-travel-blogger-monegasca-di-origine-danese\/#primaryimage","url":"https:\/\/www.monaco-tribune.com\/wp-content\/uploads\/2020\/03\/2019-07-31-09.43.42-1-min.jpg","contentUrl":"https:\/\/www.monaco-tribune.com\/wp-content\/uploads\/2020\/03\/2019-07-31-09.43.42-1-min.jpg","width":1789,"height":1543},{"@type":"BreadcrumbList","@id":"https:\/\/www.monaco-tribune.com\/it\/2020\/04\/mariana-verrando-travel-blogger-monegasca-di-origine-danese\/#breadcrumb","itemListElement":[{"@type":"ListItem","position":1,"name":"Accueil","item":"https:\/\/www.monaco-tribune.com\/it\/"},{"@type":"ListItem","position":2,"name":"Mariana Verrando, travel blogger monegasca di origine danese"}]},{"@type":"WebSite","@id":"https:\/\/www.monaco-tribune.com\/it\/#website","url":"https:\/\/www.monaco-tribune.com\/it\/","name":"Monaco Tribune","description":"Monaco : actualit\u00e9s \u00e9conomiques, politiques, culturelles et sportives de Monaco et de la French Riviera.","publisher":{"@id":"https:\/\/www.monaco-tribune.com\/it\/#organization"},"potentialAction":[{"@type":"SearchAction","target":{"@type":"EntryPoint","urlTemplate":"https:\/\/www.monaco-tribune.com\/it\/?s={search_term_string}"},"query-input":{"@type":"PropertyValueSpecification","valueRequired":true,"valueName":"search_term_string"}}],"inLanguage":"it-IT"},{"@type":"Organization","@id":"https:\/\/www.monaco-tribune.com\/it\/#organization","name":"Monaco Tribune","url":"https:\/\/www.monaco-tribune.com\/it\/","logo":{"@type":"ImageObject","inLanguage":"it-IT","@id":"https:\/\/www.monaco-tribune.com\/it\/#\/schema\/logo\/image\/","url":"https:\/\/www.monaco-tribune.com\/wp-content\/uploads\/2022\/11\/logo-monaco-tribune.png","contentUrl":"https:\/\/www.monaco-tribune.com\/wp-content\/uploads\/2022\/11\/logo-monaco-tribune.png","width":1548,"height":600,"caption":"Monaco Tribune"},"image":{"@id":"https:\/\/www.monaco-tribune.com\/it\/#\/schema\/logo\/image\/"},"sameAs":["https:\/\/www.facebook.com\/MonacoTribune","https:\/\/x.com\/MonacoTribune","https:\/\/www.instagram.com\/monacotribune\/","https:\/\/www.linkedin.com\/company\/monaco-tribune","https:\/\/www.youtube.com\/channel\/UCHle1MnG6hw1y4lWKijVbMA"]},{"@type":"Person","@id":"https:\/\/www.monaco-tribune.com\/it\/#\/schema\/person\/330a3732947cf8cb41b2533a0eadd62e","name":"Romain Boisaubert","image":{"@type":"ImageObject","inLanguage":"it-IT","@id":"https:\/\/secure.gravatar.com\/avatar\/f8b90d41f1eabd1cbe4cf59e09d8db41a697d51919bf2dfe727589a24a4a4d54?s=96&d=mm&r=g","url":"https:\/\/secure.gravatar.com\/avatar\/f8b90d41f1eabd1cbe4cf59e09d8db41a697d51919bf2dfe727589a24a4a4d54?s=96&d=mm&r=g","contentUrl":"https:\/\/secure.gravatar.com\/avatar\/f8b90d41f1eabd1cbe4cf59e09d8db41a697d51919bf2dfe727589a24a4a4d54?s=96&d=mm&r=g","caption":"Romain Boisaubert"},"description":"Test bio","url":"https:\/\/www.monaco-tribune.com\/it\/author\/romain-boisaubert\/"}]}},"_links":{"self":[{"href":"https:\/\/www.monaco-tribune.com\/it\/wp-json\/wp\/v2\/posts\/25515","targetHints":{"allow":["GET"]}}],"collection":[{"href":"https:\/\/www.monaco-tribune.com\/it\/wp-json\/wp\/v2\/posts"}],"about":[{"href":"https:\/\/www.monaco-tribune.com\/it\/wp-json\/wp\/v2\/types\/post"}],"author":[{"embeddable":true,"href":"https:\/\/www.monaco-tribune.com\/it\/wp-json\/wp\/v2\/users\/24"}],"replies":[{"embeddable":true,"href":"https:\/\/www.monaco-tribune.com\/it\/wp-json\/wp\/v2\/comments?post=25515"}],"version-history":[{"count":0,"href":"https:\/\/www.monaco-tribune.com\/it\/wp-json\/wp\/v2\/posts\/25515\/revisions"}],"wp:featuredmedia":[{"embeddable":true,"href":"https:\/\/www.monaco-tribune.com\/it\/wp-json\/wp\/v2\/media\/23205"}],"wp:attachment":[{"href":"https:\/\/www.monaco-tribune.com\/it\/wp-json\/wp\/v2\/media?parent=25515"}],"wp:term":[{"taxonomy":"category","embeddable":true,"href":"https:\/\/www.monaco-tribune.com\/it\/wp-json\/wp\/v2\/categories?post=25515"},{"taxonomy":"post_tag","embeddable":true,"href":"https:\/\/www.monaco-tribune.com\/it\/wp-json\/wp\/v2\/tags?post=25515"},{"taxonomy":"sectag","embeddable":true,"href":"https:\/\/www.monaco-tribune.com\/it\/wp-json\/wp\/v2\/post_sectags?post=25515"},{"taxonomy":"format","embeddable":true,"href":"https:\/\/www.monaco-tribune.com\/it\/wp-json\/wp\/v2\/post_format?post=25515"}],"curies":[{"name":"wp","href":"https:\/\/api.w.org\/{rel}","templated":true}]}}