{"id":256581,"date":"2024-10-25T13:18:48","date_gmt":"2024-10-25T11:18:48","guid":{"rendered":"https:\/\/www.monaco-tribune.com\/2024\/10\/concerti-esibizione-di-droni-baccala-gigante-i-momenti-salienti-della-festa-nazionale-monegasca\/"},"modified":"2024-10-25T17:43:44","modified_gmt":"2024-10-25T15:43:44","slug":"concerti-esibizione-di-droni-baccala-gigante-i-momenti-salienti-della-festa-nazionale-monegasca","status":"publish","type":"post","link":"https:\/\/www.monaco-tribune.com\/it\/2024\/10\/concerti-esibizione-di-droni-baccala-gigante-i-momenti-salienti-della-festa-nazionale-monegasca\/","title":{"rendered":"Concerti, esibizione di droni, baccal\u00e0 gigante&#8230; I momenti salienti della Festa nazionale monegasca"},"content":{"rendered":"\n<p><strong>Preparatevi alla distribuzione degli inviti, ormai manca poco!<\/strong><\/p>\n\n<p>Il 19 novembre \u00e8 alle porte e, come ogni anno, il Comune di Monaco ha presentato un programma ricco di eventi per celebrare la festa nazionale monegasca.<\/p>\n\n<p>I festeggiamenti iniziano il 13 novembre, con la Festa nazionale dei bambini, prevista dalle 14:00 alle 18:30. Per un pomeriggio, all&#8217;interno dell&#8217;auditorium saranno allestiti gonfiabili, laboratori creativi, pesca delle anatre, stand di luna park e giochi di legno giganti pensati per i pi\u00f9 piccoli.<\/p>\n\n<p>Il momento saliente della festa? Gli 800 droni che illumineranno il cielo monegasco luned\u00ec 18 novembre alle 20:00. Il pubblico potr\u00e0 assistere allo spettacolo da un&#8217;aerea allestita con altoparlanti e messa in sicurezza sul quai Albert Ier.<\/p>\n\n<h2 class=\"wp-block-heading\" id=\"h-deux-concerts-a-ne-pas-manquer-nbsp\">Due concerti da non perdere<\/h2>\n\n<p>Sempre il 18 novembre, ma questa volta alle 21:00, la voce inconfondibile di Nicoletta risuoner\u00e0 all&#8217;Espace L\u00e9o Ferr\u00e9 in un concerto acustico con l&#8217;accompagnamento del suo coro Gospel. Il giorno successivo, Liane Foly eseguir\u00e0 i suoi pi\u00f9 grandi successi per la gioia del pubblico.<\/p>\n\n<p>Entrambi i concerti saranno aperti ai monegaschi e ai residenti di tutte le et\u00e0. Per ritirare gli inviti, basta recarsi all&#8217;Espace L\u00e9o Ferr\u00e9 dalle 11:00 alle 18:00 e al Comune di Monaco dalle 9:00 alle 16:00 muniti di carta d&#8217;identit\u00e0, permesso di soggiorno o libretto di famiglia per i bambini residenti. <\/p>\n\n<h2 class=\"wp-block-heading\" id=\"h-l-incontournable-marche-de-la-condamine\">L&#8217;imperdibile mercato della Condamine<\/h2>\n\n<p>Oltre ai concerti e allo spettacolo di droni, la F\u00eate Nationale si celebrer\u00e0 al mercato della Condamine. Dalle 9:00 alle 14:00 si terr\u00e0 una degustazione di specialit\u00e0 locali, seguita da un baccal\u00e0 gigante servito per pranzo e animazione musicale a partire dalle 19:30. <\/p>\n\n<p>Durante tutta la giornata sar\u00e0 possibile ammirare le creazioni artistiche dei beneficiari dell&#8217;Unit\u00e9 des Seniors. Non mancate!<\/p>\n","protected":false},"excerpt":{"rendered":"<p>Preparatevi alla distribuzione degli inviti, ormai manca poco! Il 19 novembre \u00e8 alle porte e, come ogni anno, il Comune [&hellip;]<\/p>\n","protected":false},"author":47,"featured_media":204427,"comment_status":"closed","ping_status":"closed","sticky":false,"template":"","format":"standard","meta":{"_acf_changed":false,"footnotes":""},"categories":[1740,1826,1738],"tags":[2890],"post_sectags":[],"post_format":[2471],"class_list":["post-256581","post","type-post","status-publish","format-standard","has-post-thumbnail","hentry","category-cosa-fare","category-la-nostra-scelta","category-notizie","tag-eventi","format-evento"],"acf":[],"yoast_head":"<!-- This site is optimized with the Yoast SEO Premium plugin v26.8 (Yoast SEO v27.5) - https:\/\/yoast.com\/product\/yoast-seo-premium-wordpress\/ -->\n<title>Concerti, esibizione di droni, baccal\u00e0 gigante... I momenti salienti della Festa nazionale monegasca<\/title>\n<meta name=\"description\" content=\"Preparatevi alla distribuzione degli inviti, ormai manca poco! Il 19 novembre \u00e8 alle porte e, come ogni anno, il Comune di Monaco ha presentato un\" \/>\n<meta name=\"robots\" content=\"index, follow, max-snippet:-1, max-image-preview:large, max-video-preview:-1\" \/>\n<link rel=\"canonical\" href=\"https:\/\/www.monaco-tribune.com\/it\/2024\/10\/concerti-esibizione-di-droni-baccala-gigante-i-momenti-salienti-della-festa-nazionale-monegasca\/\" \/>\n<meta property=\"og:locale\" content=\"it_IT\" \/>\n<meta property=\"og:type\" content=\"article\" \/>\n<meta property=\"og:title\" content=\"Concerti, esibizione di droni, baccal\u00e0 gigante... I momenti salienti della Festa nazionale monegasca - Monaco Tribune\" \/>\n<meta property=\"og:description\" content=\"Preparatevi alla distribuzione degli inviti, ormai manca poco! Il 19 novembre \u00e8 alle porte e, come ogni anno, il Comune di Monaco ha presentato un\" \/>\n<meta property=\"og:url\" content=\"https:\/\/www.monaco-tribune.com\/it\/2024\/10\/concerti-esibizione-di-droni-baccala-gigante-i-momenti-salienti-della-festa-nazionale-monegasca\/\" \/>\n<meta property=\"og:site_name\" content=\"Monaco Tribune\" \/>\n<meta property=\"article:publisher\" content=\"https:\/\/www.facebook.com\/MonacoTribune\" \/>\n<meta property=\"article:published_time\" content=\"2024-10-25T11:18:48+00:00\" \/>\n<meta property=\"article:modified_time\" content=\"2024-10-25T15:43:44+00:00\" \/>\n<meta property=\"og:image\" content=\"https:\/\/www.monaco-tribune.com\/wp-content\/uploads\/2023\/12\/balcon-fete-nationale-prince.jpeg\" \/>\n\t<meta property=\"og:image:width\" content=\"1200\" \/>\n\t<meta property=\"og:image:height\" content=\"681\" \/>\n\t<meta property=\"og:image:type\" content=\"image\/jpeg\" \/>\n<meta name=\"author\" content=\"Agathe Ch\u00e9reau\" \/>\n<meta name=\"twitter:card\" content=\"summary_large_image\" \/>\n<meta name=\"twitter:creator\" content=\"@MonacoTribune\" \/>\n<meta name=\"twitter:site\" content=\"@MonacoTribune\" \/>\n<script type=\"application\/ld+json\" class=\"yoast-schema-graph\">{\"@context\":\"https:\\\/\\\/schema.org\",\"@graph\":[{\"@type\":\"NewsArticle\",\"@id\":\"https:\\\/\\\/www.monaco-tribune.com\\\/it\\\/2024\\\/10\\\/concerti-esibizione-di-droni-baccala-gigante-i-momenti-salienti-della-festa-nazionale-monegasca\\\/#article\",\"isPartOf\":{\"@id\":\"https:\\\/\\\/www.monaco-tribune.com\\\/it\\\/2024\\\/10\\\/concerti-esibizione-di-droni-baccala-gigante-i-momenti-salienti-della-festa-nazionale-monegasca\\\/\"},\"author\":{\"name\":\"Agathe Ch\u00e9reau\",\"@id\":\"https:\\\/\\\/www.monaco-tribune.com\\\/it\\\/#\\\/schema\\\/person\\\/fba2f8d5a098d473c92e84cc43a8f730\"},\"headline\":\"Concerti, esibizione di droni, baccal\u00e0 gigante&#8230; I momenti salienti della Festa nazionale monegasca\",\"datePublished\":\"2024-10-25T11:18:48+00:00\",\"dateModified\":\"2024-10-25T15:43:44+00:00\",\"mainEntityOfPage\":{\"@id\":\"https:\\\/\\\/www.monaco-tribune.com\\\/it\\\/2024\\\/10\\\/concerti-esibizione-di-droni-baccala-gigante-i-momenti-salienti-della-festa-nazionale-monegasca\\\/\"},\"wordCount\":288,\"publisher\":{\"@id\":\"https:\\\/\\\/www.monaco-tribune.com\\\/it\\\/#organization\"},\"image\":{\"@id\":\"https:\\\/\\\/www.monaco-tribune.com\\\/it\\\/2024\\\/10\\\/concerti-esibizione-di-droni-baccala-gigante-i-momenti-salienti-della-festa-nazionale-monegasca\\\/#primaryimage\"},\"thumbnailUrl\":\"https:\\\/\\\/www.monaco-tribune.com\\\/wp-content\\\/uploads\\\/2023\\\/12\\\/balcon-fete-nationale-prince.jpeg\",\"keywords\":[\"Eventi\"],\"articleSection\":[\"Cosa fare\",\"La nostra scelta\",\"Notizie\"],\"inLanguage\":\"it-IT\",\"copyrightYear\":\"2024\",\"copyrightHolder\":{\"@id\":\"https:\\\/\\\/www.monaco-tribune.com\\\/#organization\"}},{\"@type\":\"WebPage\",\"@id\":\"https:\\\/\\\/www.monaco-tribune.com\\\/it\\\/2024\\\/10\\\/concerti-esibizione-di-droni-baccala-gigante-i-momenti-salienti-della-festa-nazionale-monegasca\\\/\",\"url\":\"https:\\\/\\\/www.monaco-tribune.com\\\/it\\\/2024\\\/10\\\/concerti-esibizione-di-droni-baccala-gigante-i-momenti-salienti-della-festa-nazionale-monegasca\\\/\",\"name\":\"Concerti, esibizione di droni, baccal\u00e0 gigante... I momenti salienti della Festa nazionale monegasca\",\"isPartOf\":{\"@id\":\"https:\\\/\\\/www.monaco-tribune.com\\\/it\\\/#website\"},\"primaryImageOfPage\":{\"@id\":\"https:\\\/\\\/www.monaco-tribune.com\\\/it\\\/2024\\\/10\\\/concerti-esibizione-di-droni-baccala-gigante-i-momenti-salienti-della-festa-nazionale-monegasca\\\/#primaryimage\"},\"image\":{\"@id\":\"https:\\\/\\\/www.monaco-tribune.com\\\/it\\\/2024\\\/10\\\/concerti-esibizione-di-droni-baccala-gigante-i-momenti-salienti-della-festa-nazionale-monegasca\\\/#primaryimage\"},\"thumbnailUrl\":\"https:\\\/\\\/www.monaco-tribune.com\\\/wp-content\\\/uploads\\\/2023\\\/12\\\/balcon-fete-nationale-prince.jpeg\",\"datePublished\":\"2024-10-25T11:18:48+00:00\",\"dateModified\":\"2024-10-25T15:43:44+00:00\",\"description\":\"Preparatevi alla distribuzione degli inviti, ormai manca poco! Il 19 novembre \u00e8 alle porte e, come ogni anno, il Comune di Monaco ha presentato un\",\"breadcrumb\":{\"@id\":\"https:\\\/\\\/www.monaco-tribune.com\\\/it\\\/2024\\\/10\\\/concerti-esibizione-di-droni-baccala-gigante-i-momenti-salienti-della-festa-nazionale-monegasca\\\/#breadcrumb\"},\"inLanguage\":\"it-IT\",\"potentialAction\":[{\"@type\":\"ReadAction\",\"target\":[\"https:\\\/\\\/www.monaco-tribune.com\\\/it\\\/2024\\\/10\\\/concerti-esibizione-di-droni-baccala-gigante-i-momenti-salienti-della-festa-nazionale-monegasca\\\/\"]}]},{\"@type\":\"ImageObject\",\"inLanguage\":\"it-IT\",\"@id\":\"https:\\\/\\\/www.monaco-tribune.com\\\/it\\\/2024\\\/10\\\/concerti-esibizione-di-droni-baccala-gigante-i-momenti-salienti-della-festa-nazionale-monegasca\\\/#primaryimage\",\"url\":\"https:\\\/\\\/www.monaco-tribune.com\\\/wp-content\\\/uploads\\\/2023\\\/12\\\/balcon-fete-nationale-prince.jpeg\",\"contentUrl\":\"https:\\\/\\\/www.monaco-tribune.com\\\/wp-content\\\/uploads\\\/2023\\\/12\\\/balcon-fete-nationale-prince.jpeg\",\"width\":1200,\"height\":681,\"caption\":\"Il 19 novembre, giorno della Festa nazionale monegasca, \u00e8 festivo nel Principato. \u00a9Monaco Tribune\"},{\"@type\":\"BreadcrumbList\",\"@id\":\"https:\\\/\\\/www.monaco-tribune.com\\\/it\\\/2024\\\/10\\\/concerti-esibizione-di-droni-baccala-gigante-i-momenti-salienti-della-festa-nazionale-monegasca\\\/#breadcrumb\",\"itemListElement\":[{\"@type\":\"ListItem\",\"position\":1,\"name\":\"Accueil\",\"item\":\"https:\\\/\\\/www.monaco-tribune.com\\\/it\\\/\"},{\"@type\":\"ListItem\",\"position\":2,\"name\":\"Concerti, esibizione di droni, baccal\u00e0 gigante&#8230; I momenti salienti della Festa nazionale monegasca\"}]},{\"@type\":\"WebSite\",\"@id\":\"https:\\\/\\\/www.monaco-tribune.com\\\/it\\\/#website\",\"url\":\"https:\\\/\\\/www.monaco-tribune.com\\\/it\\\/\",\"name\":\"Monaco Tribune\",\"description\":\"Monaco : actualit\u00e9s \u00e9conomiques, politiques, culturelles et sportives de Monaco et de la French Riviera.\",\"publisher\":{\"@id\":\"https:\\\/\\\/www.monaco-tribune.com\\\/it\\\/#organization\"},\"potentialAction\":[{\"@type\":\"SearchAction\",\"target\":{\"@type\":\"EntryPoint\",\"urlTemplate\":\"https:\\\/\\\/www.monaco-tribune.com\\\/it\\\/?s={search_term_string}\"},\"query-input\":{\"@type\":\"PropertyValueSpecification\",\"valueRequired\":true,\"valueName\":\"search_term_string\"}}],\"inLanguage\":\"it-IT\"},{\"@type\":\"Organization\",\"@id\":\"https:\\\/\\\/www.monaco-tribune.com\\\/it\\\/#organization\",\"name\":\"Monaco Tribune\",\"url\":\"https:\\\/\\\/www.monaco-tribune.com\\\/it\\\/\",\"logo\":{\"@type\":\"ImageObject\",\"inLanguage\":\"it-IT\",\"@id\":\"https:\\\/\\\/www.monaco-tribune.com\\\/it\\\/#\\\/schema\\\/logo\\\/image\\\/\",\"url\":\"https:\\\/\\\/www.monaco-tribune.com\\\/wp-content\\\/uploads\\\/2022\\\/11\\\/logo-monaco-tribune.png\",\"contentUrl\":\"https:\\\/\\\/www.monaco-tribune.com\\\/wp-content\\\/uploads\\\/2022\\\/11\\\/logo-monaco-tribune.png\",\"width\":1548,\"height\":600,\"caption\":\"Monaco Tribune\"},\"image\":{\"@id\":\"https:\\\/\\\/www.monaco-tribune.com\\\/it\\\/#\\\/schema\\\/logo\\\/image\\\/\"},\"sameAs\":[\"https:\\\/\\\/www.facebook.com\\\/MonacoTribune\",\"https:\\\/\\\/x.com\\\/MonacoTribune\",\"https:\\\/\\\/www.instagram.com\\\/monacotribune\\\/\",\"https:\\\/\\\/www.linkedin.com\\\/company\\\/monaco-tribune\",\"https:\\\/\\\/www.youtube.com\\\/channel\\\/UCHle1MnG6hw1y4lWKijVbMA\"]},{\"@type\":\"Person\",\"@id\":\"https:\\\/\\\/www.monaco-tribune.com\\\/it\\\/#\\\/schema\\\/person\\\/fba2f8d5a098d473c92e84cc43a8f730\",\"name\":\"Agathe Ch\u00e9reau\",\"image\":{\"@type\":\"ImageObject\",\"inLanguage\":\"it-IT\",\"@id\":\"https:\\\/\\\/secure.gravatar.com\\\/avatar\\\/884b20ed9d4430c24d77a3ad560b1c21da67bd6992531a1971822779f9988ea5?s=96&d=mm&r=g\",\"url\":\"https:\\\/\\\/secure.gravatar.com\\\/avatar\\\/884b20ed9d4430c24d77a3ad560b1c21da67bd6992531a1971822779f9988ea5?s=96&d=mm&r=g\",\"contentUrl\":\"https:\\\/\\\/secure.gravatar.com\\\/avatar\\\/884b20ed9d4430c24d77a3ad560b1c21da67bd6992531a1971822779f9988ea5?s=96&d=mm&r=g\",\"caption\":\"Agathe Ch\u00e9reau\"},\"url\":\"https:\\\/\\\/www.monaco-tribune.com\\\/it\\\/author\\\/agathechereau\\\/\"}]}<\/script>\n<!-- \/ Yoast SEO Premium plugin. -->","yoast_head_json":{"title":"Concerti, esibizione di droni, baccal\u00e0 gigante... I momenti salienti della Festa nazionale monegasca","description":"Preparatevi alla distribuzione degli inviti, ormai manca poco! Il 19 novembre \u00e8 alle porte e, come ogni anno, il Comune di Monaco ha presentato un","robots":{"index":"index","follow":"follow","max-snippet":"max-snippet:-1","max-image-preview":"max-image-preview:large","max-video-preview":"max-video-preview:-1"},"canonical":"https:\/\/www.monaco-tribune.com\/it\/2024\/10\/concerti-esibizione-di-droni-baccala-gigante-i-momenti-salienti-della-festa-nazionale-monegasca\/","og_locale":"it_IT","og_type":"article","og_title":"Concerti, esibizione di droni, baccal\u00e0 gigante... I momenti salienti della Festa nazionale monegasca - Monaco Tribune","og_description":"Preparatevi alla distribuzione degli inviti, ormai manca poco! Il 19 novembre \u00e8 alle porte e, come ogni anno, il Comune di Monaco ha presentato un","og_url":"https:\/\/www.monaco-tribune.com\/it\/2024\/10\/concerti-esibizione-di-droni-baccala-gigante-i-momenti-salienti-della-festa-nazionale-monegasca\/","og_site_name":"Monaco Tribune","article_publisher":"https:\/\/www.facebook.com\/MonacoTribune","article_published_time":"2024-10-25T11:18:48+00:00","article_modified_time":"2024-10-25T15:43:44+00:00","og_image":[{"width":1200,"height":681,"url":"https:\/\/www.monaco-tribune.com\/wp-content\/uploads\/2023\/12\/balcon-fete-nationale-prince.jpeg","type":"image\/jpeg"}],"author":"Agathe Ch\u00e9reau","twitter_card":"summary_large_image","twitter_creator":"@MonacoTribune","twitter_site":"@MonacoTribune","schema":{"@context":"https:\/\/schema.org","@graph":[{"@type":"NewsArticle","@id":"https:\/\/www.monaco-tribune.com\/it\/2024\/10\/concerti-esibizione-di-droni-baccala-gigante-i-momenti-salienti-della-festa-nazionale-monegasca\/#article","isPartOf":{"@id":"https:\/\/www.monaco-tribune.com\/it\/2024\/10\/concerti-esibizione-di-droni-baccala-gigante-i-momenti-salienti-della-festa-nazionale-monegasca\/"},"author":{"name":"Agathe Ch\u00e9reau","@id":"https:\/\/www.monaco-tribune.com\/it\/#\/schema\/person\/fba2f8d5a098d473c92e84cc43a8f730"},"headline":"Concerti, esibizione di droni, baccal\u00e0 gigante&#8230; I momenti salienti della Festa nazionale monegasca","datePublished":"2024-10-25T11:18:48+00:00","dateModified":"2024-10-25T15:43:44+00:00","mainEntityOfPage":{"@id":"https:\/\/www.monaco-tribune.com\/it\/2024\/10\/concerti-esibizione-di-droni-baccala-gigante-i-momenti-salienti-della-festa-nazionale-monegasca\/"},"wordCount":288,"publisher":{"@id":"https:\/\/www.monaco-tribune.com\/it\/#organization"},"image":{"@id":"https:\/\/www.monaco-tribune.com\/it\/2024\/10\/concerti-esibizione-di-droni-baccala-gigante-i-momenti-salienti-della-festa-nazionale-monegasca\/#primaryimage"},"thumbnailUrl":"https:\/\/www.monaco-tribune.com\/wp-content\/uploads\/2023\/12\/balcon-fete-nationale-prince.jpeg","keywords":["Eventi"],"articleSection":["Cosa fare","La nostra scelta","Notizie"],"inLanguage":"it-IT","copyrightYear":"2024","copyrightHolder":{"@id":"https:\/\/www.monaco-tribune.com\/#organization"}},{"@type":"WebPage","@id":"https:\/\/www.monaco-tribune.com\/it\/2024\/10\/concerti-esibizione-di-droni-baccala-gigante-i-momenti-salienti-della-festa-nazionale-monegasca\/","url":"https:\/\/www.monaco-tribune.com\/it\/2024\/10\/concerti-esibizione-di-droni-baccala-gigante-i-momenti-salienti-della-festa-nazionale-monegasca\/","name":"Concerti, esibizione di droni, baccal\u00e0 gigante... I momenti salienti della Festa nazionale monegasca","isPartOf":{"@id":"https:\/\/www.monaco-tribune.com\/it\/#website"},"primaryImageOfPage":{"@id":"https:\/\/www.monaco-tribune.com\/it\/2024\/10\/concerti-esibizione-di-droni-baccala-gigante-i-momenti-salienti-della-festa-nazionale-monegasca\/#primaryimage"},"image":{"@id":"https:\/\/www.monaco-tribune.com\/it\/2024\/10\/concerti-esibizione-di-droni-baccala-gigante-i-momenti-salienti-della-festa-nazionale-monegasca\/#primaryimage"},"thumbnailUrl":"https:\/\/www.monaco-tribune.com\/wp-content\/uploads\/2023\/12\/balcon-fete-nationale-prince.jpeg","datePublished":"2024-10-25T11:18:48+00:00","dateModified":"2024-10-25T15:43:44+00:00","description":"Preparatevi alla distribuzione degli inviti, ormai manca poco! Il 19 novembre \u00e8 alle porte e, come ogni anno, il Comune di Monaco ha presentato un","breadcrumb":{"@id":"https:\/\/www.monaco-tribune.com\/it\/2024\/10\/concerti-esibizione-di-droni-baccala-gigante-i-momenti-salienti-della-festa-nazionale-monegasca\/#breadcrumb"},"inLanguage":"it-IT","potentialAction":[{"@type":"ReadAction","target":["https:\/\/www.monaco-tribune.com\/it\/2024\/10\/concerti-esibizione-di-droni-baccala-gigante-i-momenti-salienti-della-festa-nazionale-monegasca\/"]}]},{"@type":"ImageObject","inLanguage":"it-IT","@id":"https:\/\/www.monaco-tribune.com\/it\/2024\/10\/concerti-esibizione-di-droni-baccala-gigante-i-momenti-salienti-della-festa-nazionale-monegasca\/#primaryimage","url":"https:\/\/www.monaco-tribune.com\/wp-content\/uploads\/2023\/12\/balcon-fete-nationale-prince.jpeg","contentUrl":"https:\/\/www.monaco-tribune.com\/wp-content\/uploads\/2023\/12\/balcon-fete-nationale-prince.jpeg","width":1200,"height":681,"caption":"Il 19 novembre, giorno della Festa nazionale monegasca, \u00e8 festivo nel Principato. \u00a9Monaco Tribune"},{"@type":"BreadcrumbList","@id":"https:\/\/www.monaco-tribune.com\/it\/2024\/10\/concerti-esibizione-di-droni-baccala-gigante-i-momenti-salienti-della-festa-nazionale-monegasca\/#breadcrumb","itemListElement":[{"@type":"ListItem","position":1,"name":"Accueil","item":"https:\/\/www.monaco-tribune.com\/it\/"},{"@type":"ListItem","position":2,"name":"Concerti, esibizione di droni, baccal\u00e0 gigante&#8230; I momenti salienti della Festa nazionale monegasca"}]},{"@type":"WebSite","@id":"https:\/\/www.monaco-tribune.com\/it\/#website","url":"https:\/\/www.monaco-tribune.com\/it\/","name":"Monaco Tribune","description":"Monaco : actualit\u00e9s \u00e9conomiques, politiques, culturelles et sportives de Monaco et de la French Riviera.","publisher":{"@id":"https:\/\/www.monaco-tribune.com\/it\/#organization"},"potentialAction":[{"@type":"SearchAction","target":{"@type":"EntryPoint","urlTemplate":"https:\/\/www.monaco-tribune.com\/it\/?s={search_term_string}"},"query-input":{"@type":"PropertyValueSpecification","valueRequired":true,"valueName":"search_term_string"}}],"inLanguage":"it-IT"},{"@type":"Organization","@id":"https:\/\/www.monaco-tribune.com\/it\/#organization","name":"Monaco Tribune","url":"https:\/\/www.monaco-tribune.com\/it\/","logo":{"@type":"ImageObject","inLanguage":"it-IT","@id":"https:\/\/www.monaco-tribune.com\/it\/#\/schema\/logo\/image\/","url":"https:\/\/www.monaco-tribune.com\/wp-content\/uploads\/2022\/11\/logo-monaco-tribune.png","contentUrl":"https:\/\/www.monaco-tribune.com\/wp-content\/uploads\/2022\/11\/logo-monaco-tribune.png","width":1548,"height":600,"caption":"Monaco Tribune"},"image":{"@id":"https:\/\/www.monaco-tribune.com\/it\/#\/schema\/logo\/image\/"},"sameAs":["https:\/\/www.facebook.com\/MonacoTribune","https:\/\/x.com\/MonacoTribune","https:\/\/www.instagram.com\/monacotribune\/","https:\/\/www.linkedin.com\/company\/monaco-tribune","https:\/\/www.youtube.com\/channel\/UCHle1MnG6hw1y4lWKijVbMA"]},{"@type":"Person","@id":"https:\/\/www.monaco-tribune.com\/it\/#\/schema\/person\/fba2f8d5a098d473c92e84cc43a8f730","name":"Agathe Ch\u00e9reau","image":{"@type":"ImageObject","inLanguage":"it-IT","@id":"https:\/\/secure.gravatar.com\/avatar\/884b20ed9d4430c24d77a3ad560b1c21da67bd6992531a1971822779f9988ea5?s=96&d=mm&r=g","url":"https:\/\/secure.gravatar.com\/avatar\/884b20ed9d4430c24d77a3ad560b1c21da67bd6992531a1971822779f9988ea5?s=96&d=mm&r=g","contentUrl":"https:\/\/secure.gravatar.com\/avatar\/884b20ed9d4430c24d77a3ad560b1c21da67bd6992531a1971822779f9988ea5?s=96&d=mm&r=g","caption":"Agathe Ch\u00e9reau"},"url":"https:\/\/www.monaco-tribune.com\/it\/author\/agathechereau\/"}]}},"_links":{"self":[{"href":"https:\/\/www.monaco-tribune.com\/it\/wp-json\/wp\/v2\/posts\/256581","targetHints":{"allow":["GET"]}}],"collection":[{"href":"https:\/\/www.monaco-tribune.com\/it\/wp-json\/wp\/v2\/posts"}],"about":[{"href":"https:\/\/www.monaco-tribune.com\/it\/wp-json\/wp\/v2\/types\/post"}],"author":[{"embeddable":true,"href":"https:\/\/www.monaco-tribune.com\/it\/wp-json\/wp\/v2\/users\/47"}],"replies":[{"embeddable":true,"href":"https:\/\/www.monaco-tribune.com\/it\/wp-json\/wp\/v2\/comments?post=256581"}],"version-history":[{"count":2,"href":"https:\/\/www.monaco-tribune.com\/it\/wp-json\/wp\/v2\/posts\/256581\/revisions"}],"predecessor-version":[{"id":256660,"href":"https:\/\/www.monaco-tribune.com\/it\/wp-json\/wp\/v2\/posts\/256581\/revisions\/256660"}],"wp:featuredmedia":[{"embeddable":true,"href":"https:\/\/www.monaco-tribune.com\/it\/wp-json\/wp\/v2\/media\/204427"}],"wp:attachment":[{"href":"https:\/\/www.monaco-tribune.com\/it\/wp-json\/wp\/v2\/media?parent=256581"}],"wp:term":[{"taxonomy":"category","embeddable":true,"href":"https:\/\/www.monaco-tribune.com\/it\/wp-json\/wp\/v2\/categories?post=256581"},{"taxonomy":"post_tag","embeddable":true,"href":"https:\/\/www.monaco-tribune.com\/it\/wp-json\/wp\/v2\/tags?post=256581"},{"taxonomy":"sectag","embeddable":true,"href":"https:\/\/www.monaco-tribune.com\/it\/wp-json\/wp\/v2\/post_sectags?post=256581"},{"taxonomy":"format","embeddable":true,"href":"https:\/\/www.monaco-tribune.com\/it\/wp-json\/wp\/v2\/post_format?post=256581"}],"curies":[{"name":"wp","href":"https:\/\/api.w.org\/{rel}","templated":true}]}}