{"id":257431,"date":"2024-10-29T18:52:23","date_gmt":"2024-10-29T16:52:23","guid":{"rendered":"https:\/\/www.monaco-tribune.com\/2024\/10\/monaco-pioniera-delle-aree-marine-protette-amp-urbane\/"},"modified":"2024-10-29T18:52:31","modified_gmt":"2024-10-29T16:52:31","slug":"monaco-pioniera-delle-aree-marine-protette-amp-urbane","status":"publish","type":"post","link":"https:\/\/www.monaco-tribune.com\/it\/2024\/10\/monaco-pioniera-delle-aree-marine-protette-amp-urbane\/","title":{"rendered":"Monaco, pioniera delle Aree Marine Protette (AMP) urbane"},"content":{"rendered":"\n<p><p><strong>Da quasi 50 anni, l&#8217;Association Mon\u00e9gasque pour la Protection de la Nature cura e protegge le AMP urbane del Principato, le prime al mondo.<\/strong><\/p><\/p>\n\n<p><p>Fin dall&#8217;inizio degli anni &#8217;70, il Principe Ranieri III desiderava preservare il litorale del Principato e, in particolare, la prateria di posidonia di Monaco. Nel 1976, Monaco ha creato la prima area marina protetta (AMP) urbana del mondo: la riserva del Larvotto (33 ettari), a cui si \u00e8 aggiunta nel 1986 una seconda riserva, quella di Sp\u00e9lugues (2 ettari).<\/p><\/p>\n\n<p><p>In un&#8217;epoca in cui le problematiche ambientali erano ancora agli albori e le aree marine protette sconosciute, il Principe Ranieri III, visionario, affid\u00f2 al Professor Vaissi\u00e8re, Direttore del Centre Scientifique, il delicato compito di valutare l&#8217;istituzione di un&#8217;area marina protetta lungo le coste del Principato. L&#8217;impresa fu affidata a un gruppo di volontari che, nel 1975, cre\u00f2 l&#8217;Association Mon\u00e9gasque pour la Protection de la Nature (AMPN), presieduta da Eug\u00e8ne Debernardi e oggi gestita dalla figlia, Jacqueline Gautier-Debernardi.<\/p><\/p>\n<div class=\"wp-block-image\">\n<figure class=\"aligncenter size-large\"><img loading=\"lazy\" decoding=\"async\" width=\"1024\" height=\"683\" src=\"https:\/\/www.monaco-tribune.com\/wp-content\/uploads\/2024\/10\/equipe-apmn-1024x683.jpg\" alt=\"equipe-apmn\" class=\"wp-image-257079\" srcset=\"https:\/\/www.monaco-tribune.com\/wp-content\/uploads\/2024\/10\/equipe-apmn-1024x683.jpg 1024w, https:\/\/www.monaco-tribune.com\/wp-content\/uploads\/2024\/10\/equipe-apmn-450x300.jpg 450w, https:\/\/www.monaco-tribune.com\/wp-content\/uploads\/2024\/10\/equipe-apmn.jpg 1200w\" sizes=\"auto, (max-width: 1024px) 100vw, 1024px\" \/><figcaption class=\"wp-element-caption\"><p><em>Camille Devissi, Jacqueline Gautier-Debernardi ed Eugenio Di Franco\u00a9 AMPN &#8211; Jean-Vincent Vieux-Ingrassia<\/em><\/p><\/figcaption><\/figure>\n<\/div>\n<p>Sebbene la riserva del Larvotto abbia suscitato inizialmente un certo scetticismo a causa delle sue dimensioni ridotte e della sua ubicazione in un&#8217;area altamente urbanizzata, la sua efficacia in termini di conservazione della flora e della fauna e il suo valore scientifico hanno reso il progetto una vera e propria storia di successo, che oggi \u00e8 seguita con interesse da esperti di tutto il mondo.<\/p>\n\n<h2 class=\"wp-block-heading\" id=\"h-un-modele-de-gestion-urbaine\"><p>Un modello di gestione urbana<\/p><\/h2>\n\n<p>Le AMP in ambiente urbano, pur essendo circondate da attivit\u00e0 umane, svolgono appieno il loro ruolo quando sono gestite in maniera rigorosa. Questo necessita l&#8217;attuazione di una regolamentazione rigida e di solide misure di sorveglianza. Nel Principato di Monaco, la pesca e l&#8217;ancoraggio sono vietati nelle AMP, cos\u00ec come la navigazione, che \u00e8 per\u00f2 tollerata nell&#8217;AMP di Sp\u00e9lugues a causa della sua vicinanza a Port Hercule. Queste aree sono sottoposte a un elevato livello di sorveglianza da parte dell&#8217;AMPN e dei Servizi di Stato, senza dimenticare la Polizia Marittima, che tiene sotto controllo la situazione.<\/p>\n\n<p><p>Per ottenere i migliori risultati, le AMP prevedono un piano di gestione chiaramente definito in cui i compiti sono suddivisi tra l&#8217;AMPN e i servizi statali (Dipartimento dell&#8217;Ambiente, Dipartimento degli Affari Marittimi, Divisione di Polizia Marittima e Aeroportuale, ecc.). Sono stati definiti degli obiettivi principali che riguardano la conservazione del patrimonio, la ricerca e lo sviluppo, la gestione dell&#8217;uso e anche la sensibilizzazione, in particolare attraverso l&#8217;<a data-mce-href=\"\/?p=8295\" href=\"https:\/\/www.monaco-tribune.com\/2019\/02\/creation-dune-aire-marine-educative-a-monaco\/\">Area Didattica Marina<\/a>.<\/p><\/p>\n\n<p><p>Come spiega Jacqueline Gautier-Debernardi: \u201cL&#8217;aumento dell&#8217;urbanizzazione lungo le coste del Mediterraneo rende essenziale la creazione di nuove AMP in aree soggette a forti pressioni. L&#8217;obiettivo \u00e8 trovare il giusto equilibrio tra la salvaguardia della biodiversit\u00e0 e le attivit\u00e0 umane&#8221;.<\/p><\/p>\n\n<h2 class=\"wp-block-heading\" id=\"h-des-resultats-concrets-et-une-influence-grandissante\"><p>Risultati concreti e un&#8217;influenza crescente<\/p><\/h2>\n<div class=\"wp-block-image\">\n<figure class=\"aligncenter size-large\"><img loading=\"lazy\" decoding=\"async\" width=\"1024\" height=\"683\" src=\"https:\/\/www.monaco-tribune.com\/wp-content\/uploads\/2024\/10\/merou-amp-1024x683.jpg\" alt=\"merou-amp\" class=\"wp-image-257087\" srcset=\"https:\/\/www.monaco-tribune.com\/wp-content\/uploads\/2024\/10\/merou-amp-1024x683.jpg 1024w, https:\/\/www.monaco-tribune.com\/wp-content\/uploads\/2024\/10\/merou-amp-450x300.jpg 450w, https:\/\/www.monaco-tribune.com\/wp-content\/uploads\/2024\/10\/merou-amp.jpg 1200w\" sizes=\"auto, (max-width: 1024px) 100vw, 1024px\" \/><figcaption class=\"wp-element-caption\"><p><em>\u00a9 St\u00e9phane Jamme &#8211; Aquanaute Expertise<\/em><\/p><\/figcaption><\/figure>\n<\/div>\n<p>Dalla loro creazione, le misure di gestione e salvaguardia della biodiversit\u00e0 messe in atto dall&#8217;AMPN all&#8217;interno delle AMP monegasche si sono dimostrate efficaci. Le popolazioni ittiche, in particolare quelle di specie autoctone come la corvina e la cernia, sono aumentate considerevolmente.<\/p>\n\n<p class=\"related\"><p><a data-mce-href=\"\/?p=255776\" href=\"https:\/\/www.monaco-tribune.com\/it\/2024\/10\/miracolo-250-piccoli-coralli-rossi-sono-nati-a-monaco-grazie-alla-collaborazione-con-la-maison-chanel\/\">Miracolo! 250 coralli rossi nati a Monaco grazie alla collaborazione con la Maison Chanel<\/a><\/p><\/p>\n\n<p>Queste aree protette svolgono anche un ruolo importante nella gestione delle risorse ittiche, consentendo ai pesci di riprodursi e colonizzare le aree adiacenti. Inoltre, consentono di utilizzare tecnologie innovative per condurre un&#8217;ampia variet\u00e0 di progetti di ricerca. Questi risultati positivi, riconosciuti dalla comunit\u00e0 internazionale, hanno contribuito ad aumentare la visibilit\u00e0 delle AMP di Monaco e dell&#8217;AMPN.<\/p>\n\n<h2 class=\"wp-block-heading\" id=\"h-la-posidonie-le-tresor-des-amp-monegasques\"><p>Posidonia, il tesoro delle AMP monegasche<\/p><\/h2>\n<div class=\"wp-block-image\">\n<figure class=\"aligncenter size-large\"><img loading=\"lazy\" decoding=\"async\" width=\"1024\" height=\"683\" src=\"https:\/\/www.monaco-tribune.com\/wp-content\/uploads\/2024\/10\/posidonie-amp-1024x683.jpg\" alt=\"posidonie-amp\" class=\"wp-image-257083\" srcset=\"https:\/\/www.monaco-tribune.com\/wp-content\/uploads\/2024\/10\/posidonie-amp-1024x683.jpg 1024w, https:\/\/www.monaco-tribune.com\/wp-content\/uploads\/2024\/10\/posidonie-amp-450x300.jpg 450w, https:\/\/www.monaco-tribune.com\/wp-content\/uploads\/2024\/10\/posidonie-amp.jpg 1200w\" sizes=\"auto, (max-width: 1024px) 100vw, 1024px\" \/><figcaption class=\"wp-element-caption\"><p><em>\u00a9 St\u00e9phane Jamme &#8211; Aquanaute Expertise<\/em><\/p><\/figcaption><\/figure>\n<\/div>\n<p>La posidonia, pianta acquatica emblematica del Mediterraneo, svolge un ruolo fondamentale nelle AMP di Monaco. Questa erba marina, che ricopre circa 14 ettari delle riserve monegasche, non solo offre rifugio a numerose specie, ma contribuisce anche a rallentare l&#8217;erosione costiera. Inoltre, la pianta cattura la CO2, diventando cos\u00ec un prezioso alleato nella lotta al cambiamento climatico.<\/p>\n\n<p><p>Tuttavia, nonostante si trovi in buona salute nel Principato, la posidonia rimane una specie fragile. L&#8217;AMPN sta quindi conducendo \u201cesperimenti di talee di posidonia per favorirne il ripristino\u201d in alcune aree degradate.<\/p><\/p>\n<div class=\"wp-block-image\">\n<figure class=\"aligncenter size-large\"><img loading=\"lazy\" decoding=\"async\" width=\"1024\" height=\"683\" src=\"https:\/\/www.monaco-tribune.com\/wp-content\/uploads\/2024\/10\/ampn-amp-monaco-1024x683.jpg\" alt=\"ampn-amp-monaco\" class=\"wp-image-257091\" srcset=\"https:\/\/www.monaco-tribune.com\/wp-content\/uploads\/2024\/10\/ampn-amp-monaco-1024x683.jpg 1024w, https:\/\/www.monaco-tribune.com\/wp-content\/uploads\/2024\/10\/ampn-amp-monaco-450x300.jpg 450w, https:\/\/www.monaco-tribune.com\/wp-content\/uploads\/2024\/10\/ampn-amp-monaco.jpg 1200w\" sizes=\"auto, (max-width: 1024px) 100vw, 1024px\" \/><figcaption class=\"wp-element-caption\"><p><em>Scogliere stampate in 3D in sabbia dolomitica \u00a9 St\u00e9phane Jamme &#8211; Aquanaute Expertise<\/em><\/p><\/figcaption><\/figure>\n<\/div>\n<h2 class=\"wp-block-heading\" id=\"h-vers-un-avenir-encore-plus-radieux\"><p>Verso un futuro ancora pi\u00f9 roseo<\/p><\/h2>\n\n<p>Nel 2025, l&#8217;AMPN celebrer\u00e0 il suo 50\u00b0 anniversario. Mezzo secolo di salvaguardia dell&#8217;ambiente che l&#8217;associazione non mancher\u00e0 di festeggiare.<\/p>\n\n<p class=\"related\"><p><a data-mce-href=\"\/?p=257279\" href=\"https:\/\/www.monaco-tribune.com\/it\/2024\/10\/la-fondazione-filantropica-stelios-il-wwf-e-la-fondazione-principe-alberto-ii-di-monaco-raccolgono-600-000-euro-per-le-praterie-mediterranee\/\">La Fondazione Filantropica Stelios, il WWF e la Fondazione Principe Alberto II di Monaco raccolgono 600.000 euro per le praterie mediterranee<\/a><\/p><\/p>\n\n<p>Oggi, il Principato rappresenta un modello per la gestione delle AMP in ambiente urbano, un approccio che ispira altri Paesi e che potrebbe far nascere una rete di AMP urbane ispirate a quelle monegasche.<\/p>\n","protected":false},"excerpt":{"rendered":"<p>Da quasi 50 anni, l&#8217;Association Mon\u00e9gasque pour la Protection de la Nature cura e protegge le AMP urbane del Principato, [&hellip;]<\/p>\n","protected":false},"author":66,"featured_media":257061,"comment_status":"closed","ping_status":"closed","sticky":false,"template":"","format":"standard","meta":{"_acf_changed":false,"footnotes":""},"categories":[2175,1839,1826,1738],"tags":[5022],"post_sectags":[5242],"post_format":[2486],"class_list":["post-257431","post","type-post","status-publish","format-standard","has-post-thumbnail","hentry","category-dossier-it","category-green","category-la-nostra-scelta","category-notizie","tag-associazione","sectag-mediterraneo","format-servizio"],"acf":[],"yoast_head":"<!-- This site is optimized with the Yoast SEO Premium plugin v26.8 (Yoast SEO v27.4) - https:\/\/yoast.com\/product\/yoast-seo-premium-wordpress\/ -->\n<title>Monaco, pioniera delle Aree Marine Protette (AMP) urbane<\/title>\n<meta name=\"description\" content=\"Da quasi 50 anni, l&#039;Association Mon\u00e9gasque pour la Protection de la Nature cura e protegge le AMP urbane del Principato, le prime al mondo. Fin\" \/>\n<meta name=\"robots\" content=\"index, follow, max-snippet:-1, max-image-preview:large, max-video-preview:-1\" \/>\n<link rel=\"canonical\" href=\"https:\/\/www.monaco-tribune.com\/it\/2024\/10\/monaco-pioniera-delle-aree-marine-protette-amp-urbane\/\" \/>\n<meta property=\"og:locale\" content=\"it_IT\" \/>\n<meta property=\"og:type\" content=\"article\" \/>\n<meta property=\"og:title\" content=\"Monaco, pioniera delle Aree Marine Protette (AMP) urbane - Monaco Tribune\" \/>\n<meta property=\"og:description\" content=\"Da quasi 50 anni, l&#039;Association Mon\u00e9gasque pour la Protection de la Nature cura e protegge le AMP urbane del Principato, le prime al mondo. Fin\" \/>\n<meta property=\"og:url\" content=\"https:\/\/www.monaco-tribune.com\/it\/2024\/10\/monaco-pioniera-delle-aree-marine-protette-amp-urbane\/\" \/>\n<meta property=\"og:site_name\" content=\"Monaco Tribune\" \/>\n<meta property=\"article:publisher\" content=\"https:\/\/www.facebook.com\/MonacoTribune\" \/>\n<meta property=\"article:published_time\" content=\"2024-10-29T16:52:23+00:00\" \/>\n<meta property=\"article:modified_time\" content=\"2024-10-29T16:52:31+00:00\" \/>\n<meta property=\"og:image\" content=\"https:\/\/www.monaco-tribune.com\/wp-content\/uploads\/2024\/10\/ampn-aire-marine-protegee-monaco.jpg\" \/>\n\t<meta property=\"og:image:width\" content=\"1200\" \/>\n\t<meta property=\"og:image:height\" content=\"800\" \/>\n\t<meta property=\"og:image:type\" content=\"image\/jpeg\" \/>\n<meta name=\"author\" content=\"Th\u00e9o Briand\" \/>\n<meta name=\"twitter:card\" content=\"summary_large_image\" \/>\n<meta name=\"twitter:creator\" content=\"@MonacoTribune\" \/>\n<meta name=\"twitter:site\" content=\"@MonacoTribune\" \/>\n<script type=\"application\/ld+json\" class=\"yoast-schema-graph\">{\"@context\":\"https:\\\/\\\/schema.org\",\"@graph\":[{\"@type\":\"NewsArticle\",\"@id\":\"https:\\\/\\\/www.monaco-tribune.com\\\/it\\\/2024\\\/10\\\/monaco-pioniera-delle-aree-marine-protette-amp-urbane\\\/#article\",\"isPartOf\":{\"@id\":\"https:\\\/\\\/www.monaco-tribune.com\\\/it\\\/2024\\\/10\\\/monaco-pioniera-delle-aree-marine-protette-amp-urbane\\\/\"},\"author\":{\"name\":\"Th\u00e9o Briand\",\"@id\":\"https:\\\/\\\/www.monaco-tribune.com\\\/it\\\/#\\\/schema\\\/person\\\/94fb5723547bd83dea1eed97e25145aa\"},\"headline\":\"Monaco, pioniera delle Aree Marine Protette (AMP) urbane\",\"datePublished\":\"2024-10-29T16:52:23+00:00\",\"dateModified\":\"2024-10-29T16:52:31+00:00\",\"mainEntityOfPage\":{\"@id\":\"https:\\\/\\\/www.monaco-tribune.com\\\/it\\\/2024\\\/10\\\/monaco-pioniera-delle-aree-marine-protette-amp-urbane\\\/\"},\"wordCount\":787,\"publisher\":{\"@id\":\"https:\\\/\\\/www.monaco-tribune.com\\\/it\\\/#organization\"},\"image\":{\"@id\":\"https:\\\/\\\/www.monaco-tribune.com\\\/it\\\/2024\\\/10\\\/monaco-pioniera-delle-aree-marine-protette-amp-urbane\\\/#primaryimage\"},\"thumbnailUrl\":\"https:\\\/\\\/www.monaco-tribune.com\\\/wp-content\\\/uploads\\\/2024\\\/10\\\/ampn-aire-marine-protegee-monaco.jpg\",\"keywords\":[\"Associazione\"],\"articleSection\":[\"Dossier\",\"Green\",\"La nostra scelta\",\"Notizie\"],\"inLanguage\":\"it-IT\",\"copyrightYear\":\"2024\",\"copyrightHolder\":{\"@id\":\"https:\\\/\\\/www.monaco-tribune.com\\\/#organization\"}},{\"@type\":\"WebPage\",\"@id\":\"https:\\\/\\\/www.monaco-tribune.com\\\/it\\\/2024\\\/10\\\/monaco-pioniera-delle-aree-marine-protette-amp-urbane\\\/\",\"url\":\"https:\\\/\\\/www.monaco-tribune.com\\\/it\\\/2024\\\/10\\\/monaco-pioniera-delle-aree-marine-protette-amp-urbane\\\/\",\"name\":\"Monaco, pioniera delle Aree Marine Protette (AMP) urbane\",\"isPartOf\":{\"@id\":\"https:\\\/\\\/www.monaco-tribune.com\\\/it\\\/#website\"},\"primaryImageOfPage\":{\"@id\":\"https:\\\/\\\/www.monaco-tribune.com\\\/it\\\/2024\\\/10\\\/monaco-pioniera-delle-aree-marine-protette-amp-urbane\\\/#primaryimage\"},\"image\":{\"@id\":\"https:\\\/\\\/www.monaco-tribune.com\\\/it\\\/2024\\\/10\\\/monaco-pioniera-delle-aree-marine-protette-amp-urbane\\\/#primaryimage\"},\"thumbnailUrl\":\"https:\\\/\\\/www.monaco-tribune.com\\\/wp-content\\\/uploads\\\/2024\\\/10\\\/ampn-aire-marine-protegee-monaco.jpg\",\"datePublished\":\"2024-10-29T16:52:23+00:00\",\"dateModified\":\"2024-10-29T16:52:31+00:00\",\"description\":\"Da quasi 50 anni, l'Association Mon\u00e9gasque pour la Protection de la Nature cura e protegge le AMP urbane del Principato, le prime al mondo. Fin\",\"breadcrumb\":{\"@id\":\"https:\\\/\\\/www.monaco-tribune.com\\\/it\\\/2024\\\/10\\\/monaco-pioniera-delle-aree-marine-protette-amp-urbane\\\/#breadcrumb\"},\"inLanguage\":\"it-IT\",\"potentialAction\":[{\"@type\":\"ReadAction\",\"target\":[\"https:\\\/\\\/www.monaco-tribune.com\\\/it\\\/2024\\\/10\\\/monaco-pioniera-delle-aree-marine-protette-amp-urbane\\\/\"]}]},{\"@type\":\"ImageObject\",\"inLanguage\":\"it-IT\",\"@id\":\"https:\\\/\\\/www.monaco-tribune.com\\\/it\\\/2024\\\/10\\\/monaco-pioniera-delle-aree-marine-protette-amp-urbane\\\/#primaryimage\",\"url\":\"https:\\\/\\\/www.monaco-tribune.com\\\/wp-content\\\/uploads\\\/2024\\\/10\\\/ampn-aire-marine-protegee-monaco.jpg\",\"contentUrl\":\"https:\\\/\\\/www.monaco-tribune.com\\\/wp-content\\\/uploads\\\/2024\\\/10\\\/ampn-aire-marine-protegee-monaco.jpg\",\"width\":1200,\"height\":800,\"caption\":\"Le praterie di posidonia brulicano di vita a Monaco. Oggi occupano 14 ettari. \u00a9 St\u00e9phane Jamme - Aquanaute Expertise\"},{\"@type\":\"BreadcrumbList\",\"@id\":\"https:\\\/\\\/www.monaco-tribune.com\\\/it\\\/2024\\\/10\\\/monaco-pioniera-delle-aree-marine-protette-amp-urbane\\\/#breadcrumb\",\"itemListElement\":[{\"@type\":\"ListItem\",\"position\":1,\"name\":\"Accueil\",\"item\":\"https:\\\/\\\/www.monaco-tribune.com\\\/it\\\/\"},{\"@type\":\"ListItem\",\"position\":2,\"name\":\"Monaco, pioniera delle Aree Marine Protette (AMP) urbane\"}]},{\"@type\":\"WebSite\",\"@id\":\"https:\\\/\\\/www.monaco-tribune.com\\\/it\\\/#website\",\"url\":\"https:\\\/\\\/www.monaco-tribune.com\\\/it\\\/\",\"name\":\"Monaco Tribune\",\"description\":\"Monaco : actualit\u00e9s \u00e9conomiques, politiques, culturelles et sportives de Monaco et de la French Riviera.\",\"publisher\":{\"@id\":\"https:\\\/\\\/www.monaco-tribune.com\\\/it\\\/#organization\"},\"potentialAction\":[{\"@type\":\"SearchAction\",\"target\":{\"@type\":\"EntryPoint\",\"urlTemplate\":\"https:\\\/\\\/www.monaco-tribune.com\\\/it\\\/?s={search_term_string}\"},\"query-input\":{\"@type\":\"PropertyValueSpecification\",\"valueRequired\":true,\"valueName\":\"search_term_string\"}}],\"inLanguage\":\"it-IT\"},{\"@type\":\"Organization\",\"@id\":\"https:\\\/\\\/www.monaco-tribune.com\\\/it\\\/#organization\",\"name\":\"Monaco Tribune\",\"url\":\"https:\\\/\\\/www.monaco-tribune.com\\\/it\\\/\",\"logo\":{\"@type\":\"ImageObject\",\"inLanguage\":\"it-IT\",\"@id\":\"https:\\\/\\\/www.monaco-tribune.com\\\/it\\\/#\\\/schema\\\/logo\\\/image\\\/\",\"url\":\"https:\\\/\\\/www.monaco-tribune.com\\\/wp-content\\\/uploads\\\/2022\\\/11\\\/logo-monaco-tribune.png\",\"contentUrl\":\"https:\\\/\\\/www.monaco-tribune.com\\\/wp-content\\\/uploads\\\/2022\\\/11\\\/logo-monaco-tribune.png\",\"width\":1548,\"height\":600,\"caption\":\"Monaco Tribune\"},\"image\":{\"@id\":\"https:\\\/\\\/www.monaco-tribune.com\\\/it\\\/#\\\/schema\\\/logo\\\/image\\\/\"},\"sameAs\":[\"https:\\\/\\\/www.facebook.com\\\/MonacoTribune\",\"https:\\\/\\\/x.com\\\/MonacoTribune\",\"https:\\\/\\\/www.instagram.com\\\/monacotribune\\\/\",\"https:\\\/\\\/www.linkedin.com\\\/company\\\/monaco-tribune\",\"https:\\\/\\\/www.youtube.com\\\/channel\\\/UCHle1MnG6hw1y4lWKijVbMA\"]},{\"@type\":\"Person\",\"@id\":\"https:\\\/\\\/www.monaco-tribune.com\\\/it\\\/#\\\/schema\\\/person\\\/94fb5723547bd83dea1eed97e25145aa\",\"name\":\"Th\u00e9o Briand\",\"image\":{\"@type\":\"ImageObject\",\"inLanguage\":\"it-IT\",\"@id\":\"https:\\\/\\\/secure.gravatar.com\\\/avatar\\\/1c02cfd8b8054d8c376f9a942a1dc4dbacfd8ba5e6f8dbb5e16f4aa3d281972a?s=96&d=mm&r=g\",\"url\":\"https:\\\/\\\/secure.gravatar.com\\\/avatar\\\/1c02cfd8b8054d8c376f9a942a1dc4dbacfd8ba5e6f8dbb5e16f4aa3d281972a?s=96&d=mm&r=g\",\"contentUrl\":\"https:\\\/\\\/secure.gravatar.com\\\/avatar\\\/1c02cfd8b8054d8c376f9a942a1dc4dbacfd8ba5e6f8dbb5e16f4aa3d281972a?s=96&d=mm&r=g\",\"caption\":\"Th\u00e9o Briand\"},\"url\":\"https:\\\/\\\/www.monaco-tribune.com\\\/it\\\/author\\\/theobriand\\\/\"}]}<\/script>\n<!-- \/ Yoast SEO Premium plugin. -->","yoast_head_json":{"title":"Monaco, pioniera delle Aree Marine Protette (AMP) urbane","description":"Da quasi 50 anni, l'Association Mon\u00e9gasque pour la Protection de la Nature cura e protegge le AMP urbane del Principato, le prime al mondo. Fin","robots":{"index":"index","follow":"follow","max-snippet":"max-snippet:-1","max-image-preview":"max-image-preview:large","max-video-preview":"max-video-preview:-1"},"canonical":"https:\/\/www.monaco-tribune.com\/it\/2024\/10\/monaco-pioniera-delle-aree-marine-protette-amp-urbane\/","og_locale":"it_IT","og_type":"article","og_title":"Monaco, pioniera delle Aree Marine Protette (AMP) urbane - Monaco Tribune","og_description":"Da quasi 50 anni, l'Association Mon\u00e9gasque pour la Protection de la Nature cura e protegge le AMP urbane del Principato, le prime al mondo. Fin","og_url":"https:\/\/www.monaco-tribune.com\/it\/2024\/10\/monaco-pioniera-delle-aree-marine-protette-amp-urbane\/","og_site_name":"Monaco Tribune","article_publisher":"https:\/\/www.facebook.com\/MonacoTribune","article_published_time":"2024-10-29T16:52:23+00:00","article_modified_time":"2024-10-29T16:52:31+00:00","og_image":[{"width":1200,"height":800,"url":"https:\/\/www.monaco-tribune.com\/wp-content\/uploads\/2024\/10\/ampn-aire-marine-protegee-monaco.jpg","type":"image\/jpeg"}],"author":"Th\u00e9o Briand","twitter_card":"summary_large_image","twitter_creator":"@MonacoTribune","twitter_site":"@MonacoTribune","schema":{"@context":"https:\/\/schema.org","@graph":[{"@type":"NewsArticle","@id":"https:\/\/www.monaco-tribune.com\/it\/2024\/10\/monaco-pioniera-delle-aree-marine-protette-amp-urbane\/#article","isPartOf":{"@id":"https:\/\/www.monaco-tribune.com\/it\/2024\/10\/monaco-pioniera-delle-aree-marine-protette-amp-urbane\/"},"author":{"name":"Th\u00e9o Briand","@id":"https:\/\/www.monaco-tribune.com\/it\/#\/schema\/person\/94fb5723547bd83dea1eed97e25145aa"},"headline":"Monaco, pioniera delle Aree Marine Protette (AMP) urbane","datePublished":"2024-10-29T16:52:23+00:00","dateModified":"2024-10-29T16:52:31+00:00","mainEntityOfPage":{"@id":"https:\/\/www.monaco-tribune.com\/it\/2024\/10\/monaco-pioniera-delle-aree-marine-protette-amp-urbane\/"},"wordCount":787,"publisher":{"@id":"https:\/\/www.monaco-tribune.com\/it\/#organization"},"image":{"@id":"https:\/\/www.monaco-tribune.com\/it\/2024\/10\/monaco-pioniera-delle-aree-marine-protette-amp-urbane\/#primaryimage"},"thumbnailUrl":"https:\/\/www.monaco-tribune.com\/wp-content\/uploads\/2024\/10\/ampn-aire-marine-protegee-monaco.jpg","keywords":["Associazione"],"articleSection":["Dossier","Green","La nostra scelta","Notizie"],"inLanguage":"it-IT","copyrightYear":"2024","copyrightHolder":{"@id":"https:\/\/www.monaco-tribune.com\/#organization"}},{"@type":"WebPage","@id":"https:\/\/www.monaco-tribune.com\/it\/2024\/10\/monaco-pioniera-delle-aree-marine-protette-amp-urbane\/","url":"https:\/\/www.monaco-tribune.com\/it\/2024\/10\/monaco-pioniera-delle-aree-marine-protette-amp-urbane\/","name":"Monaco, pioniera delle Aree Marine Protette (AMP) urbane","isPartOf":{"@id":"https:\/\/www.monaco-tribune.com\/it\/#website"},"primaryImageOfPage":{"@id":"https:\/\/www.monaco-tribune.com\/it\/2024\/10\/monaco-pioniera-delle-aree-marine-protette-amp-urbane\/#primaryimage"},"image":{"@id":"https:\/\/www.monaco-tribune.com\/it\/2024\/10\/monaco-pioniera-delle-aree-marine-protette-amp-urbane\/#primaryimage"},"thumbnailUrl":"https:\/\/www.monaco-tribune.com\/wp-content\/uploads\/2024\/10\/ampn-aire-marine-protegee-monaco.jpg","datePublished":"2024-10-29T16:52:23+00:00","dateModified":"2024-10-29T16:52:31+00:00","description":"Da quasi 50 anni, l'Association Mon\u00e9gasque pour la Protection de la Nature cura e protegge le AMP urbane del Principato, le prime al mondo. Fin","breadcrumb":{"@id":"https:\/\/www.monaco-tribune.com\/it\/2024\/10\/monaco-pioniera-delle-aree-marine-protette-amp-urbane\/#breadcrumb"},"inLanguage":"it-IT","potentialAction":[{"@type":"ReadAction","target":["https:\/\/www.monaco-tribune.com\/it\/2024\/10\/monaco-pioniera-delle-aree-marine-protette-amp-urbane\/"]}]},{"@type":"ImageObject","inLanguage":"it-IT","@id":"https:\/\/www.monaco-tribune.com\/it\/2024\/10\/monaco-pioniera-delle-aree-marine-protette-amp-urbane\/#primaryimage","url":"https:\/\/www.monaco-tribune.com\/wp-content\/uploads\/2024\/10\/ampn-aire-marine-protegee-monaco.jpg","contentUrl":"https:\/\/www.monaco-tribune.com\/wp-content\/uploads\/2024\/10\/ampn-aire-marine-protegee-monaco.jpg","width":1200,"height":800,"caption":"Le praterie di posidonia brulicano di vita a Monaco. Oggi occupano 14 ettari. \u00a9 St\u00e9phane Jamme - Aquanaute Expertise"},{"@type":"BreadcrumbList","@id":"https:\/\/www.monaco-tribune.com\/it\/2024\/10\/monaco-pioniera-delle-aree-marine-protette-amp-urbane\/#breadcrumb","itemListElement":[{"@type":"ListItem","position":1,"name":"Accueil","item":"https:\/\/www.monaco-tribune.com\/it\/"},{"@type":"ListItem","position":2,"name":"Monaco, pioniera delle Aree Marine Protette (AMP) urbane"}]},{"@type":"WebSite","@id":"https:\/\/www.monaco-tribune.com\/it\/#website","url":"https:\/\/www.monaco-tribune.com\/it\/","name":"Monaco Tribune","description":"Monaco : actualit\u00e9s \u00e9conomiques, politiques, culturelles et sportives de Monaco et de la French Riviera.","publisher":{"@id":"https:\/\/www.monaco-tribune.com\/it\/#organization"},"potentialAction":[{"@type":"SearchAction","target":{"@type":"EntryPoint","urlTemplate":"https:\/\/www.monaco-tribune.com\/it\/?s={search_term_string}"},"query-input":{"@type":"PropertyValueSpecification","valueRequired":true,"valueName":"search_term_string"}}],"inLanguage":"it-IT"},{"@type":"Organization","@id":"https:\/\/www.monaco-tribune.com\/it\/#organization","name":"Monaco Tribune","url":"https:\/\/www.monaco-tribune.com\/it\/","logo":{"@type":"ImageObject","inLanguage":"it-IT","@id":"https:\/\/www.monaco-tribune.com\/it\/#\/schema\/logo\/image\/","url":"https:\/\/www.monaco-tribune.com\/wp-content\/uploads\/2022\/11\/logo-monaco-tribune.png","contentUrl":"https:\/\/www.monaco-tribune.com\/wp-content\/uploads\/2022\/11\/logo-monaco-tribune.png","width":1548,"height":600,"caption":"Monaco Tribune"},"image":{"@id":"https:\/\/www.monaco-tribune.com\/it\/#\/schema\/logo\/image\/"},"sameAs":["https:\/\/www.facebook.com\/MonacoTribune","https:\/\/x.com\/MonacoTribune","https:\/\/www.instagram.com\/monacotribune\/","https:\/\/www.linkedin.com\/company\/monaco-tribune","https:\/\/www.youtube.com\/channel\/UCHle1MnG6hw1y4lWKijVbMA"]},{"@type":"Person","@id":"https:\/\/www.monaco-tribune.com\/it\/#\/schema\/person\/94fb5723547bd83dea1eed97e25145aa","name":"Th\u00e9o Briand","image":{"@type":"ImageObject","inLanguage":"it-IT","@id":"https:\/\/secure.gravatar.com\/avatar\/1c02cfd8b8054d8c376f9a942a1dc4dbacfd8ba5e6f8dbb5e16f4aa3d281972a?s=96&d=mm&r=g","url":"https:\/\/secure.gravatar.com\/avatar\/1c02cfd8b8054d8c376f9a942a1dc4dbacfd8ba5e6f8dbb5e16f4aa3d281972a?s=96&d=mm&r=g","contentUrl":"https:\/\/secure.gravatar.com\/avatar\/1c02cfd8b8054d8c376f9a942a1dc4dbacfd8ba5e6f8dbb5e16f4aa3d281972a?s=96&d=mm&r=g","caption":"Th\u00e9o Briand"},"url":"https:\/\/www.monaco-tribune.com\/it\/author\/theobriand\/"}]}},"_links":{"self":[{"href":"https:\/\/www.monaco-tribune.com\/it\/wp-json\/wp\/v2\/posts\/257431","targetHints":{"allow":["GET"]}}],"collection":[{"href":"https:\/\/www.monaco-tribune.com\/it\/wp-json\/wp\/v2\/posts"}],"about":[{"href":"https:\/\/www.monaco-tribune.com\/it\/wp-json\/wp\/v2\/types\/post"}],"author":[{"embeddable":true,"href":"https:\/\/www.monaco-tribune.com\/it\/wp-json\/wp\/v2\/users\/66"}],"replies":[{"embeddable":true,"href":"https:\/\/www.monaco-tribune.com\/it\/wp-json\/wp\/v2\/comments?post=257431"}],"version-history":[{"count":2,"href":"https:\/\/www.monaco-tribune.com\/it\/wp-json\/wp\/v2\/posts\/257431\/revisions"}],"predecessor-version":[{"id":257434,"href":"https:\/\/www.monaco-tribune.com\/it\/wp-json\/wp\/v2\/posts\/257431\/revisions\/257434"}],"wp:featuredmedia":[{"embeddable":true,"href":"https:\/\/www.monaco-tribune.com\/it\/wp-json\/wp\/v2\/media\/257061"}],"wp:attachment":[{"href":"https:\/\/www.monaco-tribune.com\/it\/wp-json\/wp\/v2\/media?parent=257431"}],"wp:term":[{"taxonomy":"category","embeddable":true,"href":"https:\/\/www.monaco-tribune.com\/it\/wp-json\/wp\/v2\/categories?post=257431"},{"taxonomy":"post_tag","embeddable":true,"href":"https:\/\/www.monaco-tribune.com\/it\/wp-json\/wp\/v2\/tags?post=257431"},{"taxonomy":"sectag","embeddable":true,"href":"https:\/\/www.monaco-tribune.com\/it\/wp-json\/wp\/v2\/post_sectags?post=257431"},{"taxonomy":"format","embeddable":true,"href":"https:\/\/www.monaco-tribune.com\/it\/wp-json\/wp\/v2\/post_format?post=257431"}],"curies":[{"name":"wp","href":"https:\/\/api.w.org\/{rel}","templated":true}]}}