{"id":258379,"date":"2024-11-04T18:11:04","date_gmt":"2024-11-04T16:11:04","guid":{"rendered":"https:\/\/www.monaco-tribune.com\/2024\/11\/i-cordisti-di-monaco-il-balletto-aereo-dei-giardinieri-che-proteggono-il-palazzo-del-principe\/"},"modified":"2024-11-04T18:49:59","modified_gmt":"2024-11-04T16:49:59","slug":"i-cordisti-di-monaco-il-balletto-aereo-dei-giardinieri-che-proteggono-il-palazzo-del-principe","status":"publish","type":"post","link":"https:\/\/www.monaco-tribune.com\/it\/2024\/11\/i-cordisti-di-monaco-il-balletto-aereo-dei-giardinieri-che-proteggono-il-palazzo-del-principe\/","title":{"rendered":"I cordisti di Monaco: il balletto aereo dei giardinieri che proteggono il Palazzo del Principe"},"content":{"rendered":"\n<p><strong>Sono in tre a curare le mura del Palazzo senza utilizzare sostanze chimiche per proteggere la salute e l&#8217;ambiente.<\/strong><\/p>\n\n\n\n<p>Due volte all&#8217;anno, Monaco assiste a un balletto speciale. Non sul palcoscenico dell&#8217;Opera di Monte-Carlo, ma in aria, sulle mura del Palazzo dei Principi. Il 3 novembre, <a href=\"https:\/\/www.parismatch.com\/royal-blog\/les-cordistes-de-monaco-loeuvre-pour-preserver-le-palais-princier-243153\">Paris Match<\/a> ha dedicato un servizio ai \u201ccordisti\u201d che sono apparsi sulle mura del Palazzo del Principe.<\/p>\n\n\n\n<p>Il giornalista Pierrick Geais si sofferma sul \u201clavoro vertiginoso\u201d di Jos\u00e9, Romain e Sidali \u201ca diverse decine di metri sopra il Mediterraneo\u201d. I tre uomini lavorano per la compagnia monegasca di opere acrobatiche (EMTA) e fanno del loro meglio per \u201cproteggere un patrimonio prezioso\u201d.<\/p>\n\n\n\n<iframe src=\"https:\/\/www.facebook.com\/plugins\/video.php?height=476&#038;href=https%3A%2F%2Fwww.facebook.com%2Freel%2F3897403020537790%2F&#038;show_text=false&#038;width=267&#038;t=0\" width=\"267\" height=\"476\" style=\"border:none;overflow:hidden\" scrolling=\"no\" frameborder=\"0\" allowfullscreen=\"true\" allow=\"autoplay; clipboard-write; encrypted-media; picture-in-picture; web-share\"><\/iframe>\n\n\n\n<h2 class=\"wp-block-heading\" id=\"h-prendersi-cura-della-dimora-del-principe-naturalmente\">Prendersi cura della dimora del Principe, naturalmente<\/h2>\n\n\n\n<p>Muniti di elmetto e imbracatura, strappano a mano ogni erbaccia, muschio ed edera che ha trovato rifugio sul muro. Non utilizzano sostanze chimiche sulle mura protettive, dietro le quali si trova il Palazzo del Principe, dimora del Principe Alberto II, della Principessa Charl\u00e8ne e dei loro figli, il Principe ereditario Jacques e la Principessa Gabriella.<\/p>\n\n\n\n<p>Sospesi sul Mediterraneo, i cordisti godono di una splendida vista. Ai loro piedi si estendono la citt\u00e0 di Monaco e il mare blu della Costa Azzurra, sopra di loro si staglia il quartiere pi\u00f9 antico del Principato e il Palazzo del Principe, dove pi\u00f9 di 130 dipendenti lavorano alla manutenzione tutto l&#8217;anno. Che siano fabbri, argentieri, idraulici o camerieri, sono tutti \u201cimpegnati a valorizzare questo luogo eccezionale\u201d.<\/p>\n","protected":false},"excerpt":{"rendered":"<p>Sono in tre a curare le mura del Palazzo senza utilizzare sostanze chimiche per proteggere la salute e l&#8217;ambiente. Due [&hellip;]<\/p>\n","protected":false},"author":66,"featured_media":258286,"comment_status":"closed","ping_status":"closed","sticky":false,"template":"","format":"standard","meta":{"_acf_changed":false,"footnotes":""},"categories":[1738,1752],"tags":[4900],"post_sectags":[],"post_format":[2478],"class_list":["post-258379","post","type-post","status-publish","format-standard","has-post-thumbnail","hentry","category-notizie","category-societa","tag-palazzo-del-principe","format-notizia"],"acf":[],"yoast_head":"<!-- This site is optimized with the Yoast SEO Premium plugin v26.8 (Yoast SEO v27.5) - https:\/\/yoast.com\/product\/yoast-seo-premium-wordpress\/ -->\n<title>I cordisti di Monaco: il balletto aereo dei giardinieri che proteggono il Palazzo del Principe<\/title>\n<meta name=\"description\" content=\"Sono in tre a curare le mura del Palazzo senza utilizzare sostanze chimiche per proteggere la salute e l&#039;ambiente. Due volte all&#039;anno, Monaco assiste a un\" \/>\n<meta name=\"robots\" content=\"index, follow, max-snippet:-1, max-image-preview:large, max-video-preview:-1\" \/>\n<link rel=\"canonical\" href=\"https:\/\/www.monaco-tribune.com\/it\/2024\/11\/i-cordisti-di-monaco-il-balletto-aereo-dei-giardinieri-che-proteggono-il-palazzo-del-principe\/\" \/>\n<meta property=\"og:locale\" content=\"it_IT\" \/>\n<meta property=\"og:type\" content=\"article\" \/>\n<meta property=\"og:title\" content=\"I cordisti di Monaco: il balletto aereo dei giardinieri che proteggono il Palazzo del Principe - Monaco Tribune\" \/>\n<meta property=\"og:description\" content=\"Sono in tre a curare le mura del Palazzo senza utilizzare sostanze chimiche per proteggere la salute e l&#039;ambiente. Due volte all&#039;anno, Monaco assiste a un\" \/>\n<meta property=\"og:url\" content=\"https:\/\/www.monaco-tribune.com\/it\/2024\/11\/i-cordisti-di-monaco-il-balletto-aereo-dei-giardinieri-che-proteggono-il-palazzo-del-principe\/\" \/>\n<meta property=\"og:site_name\" content=\"Monaco Tribune\" \/>\n<meta property=\"article:publisher\" content=\"https:\/\/www.facebook.com\/MonacoTribune\" \/>\n<meta property=\"article:published_time\" content=\"2024-11-04T16:11:04+00:00\" \/>\n<meta property=\"article:modified_time\" content=\"2024-11-04T16:49:59+00:00\" \/>\n<meta property=\"og:image\" content=\"https:\/\/www.monaco-tribune.com\/wp-content\/uploads\/2024\/11\/palais-princier-murailles.jpg\" \/>\n\t<meta property=\"og:image:width\" content=\"1200\" \/>\n\t<meta property=\"og:image:height\" content=\"800\" \/>\n\t<meta property=\"og:image:type\" content=\"image\/jpeg\" \/>\n<meta name=\"author\" content=\"Th\u00e9o Briand\" \/>\n<meta name=\"twitter:card\" content=\"summary_large_image\" \/>\n<meta name=\"twitter:creator\" content=\"@MonacoTribune\" \/>\n<meta name=\"twitter:site\" content=\"@MonacoTribune\" \/>\n<script type=\"application\/ld+json\" class=\"yoast-schema-graph\">{\"@context\":\"https:\\\/\\\/schema.org\",\"@graph\":[{\"@type\":\"NewsArticle\",\"@id\":\"https:\\\/\\\/www.monaco-tribune.com\\\/it\\\/2024\\\/11\\\/i-cordisti-di-monaco-il-balletto-aereo-dei-giardinieri-che-proteggono-il-palazzo-del-principe\\\/#article\",\"isPartOf\":{\"@id\":\"https:\\\/\\\/www.monaco-tribune.com\\\/it\\\/2024\\\/11\\\/i-cordisti-di-monaco-il-balletto-aereo-dei-giardinieri-che-proteggono-il-palazzo-del-principe\\\/\"},\"author\":{\"name\":\"Th\u00e9o Briand\",\"@id\":\"https:\\\/\\\/www.monaco-tribune.com\\\/it\\\/#\\\/schema\\\/person\\\/94fb5723547bd83dea1eed97e25145aa\"},\"headline\":\"I cordisti di Monaco: il balletto aereo dei giardinieri che proteggono il Palazzo del Principe\",\"datePublished\":\"2024-11-04T16:11:04+00:00\",\"dateModified\":\"2024-11-04T16:49:59+00:00\",\"mainEntityOfPage\":{\"@id\":\"https:\\\/\\\/www.monaco-tribune.com\\\/it\\\/2024\\\/11\\\/i-cordisti-di-monaco-il-balletto-aereo-dei-giardinieri-che-proteggono-il-palazzo-del-principe\\\/\"},\"wordCount\":254,\"publisher\":{\"@id\":\"https:\\\/\\\/www.monaco-tribune.com\\\/it\\\/#organization\"},\"image\":{\"@id\":\"https:\\\/\\\/www.monaco-tribune.com\\\/it\\\/2024\\\/11\\\/i-cordisti-di-monaco-il-balletto-aereo-dei-giardinieri-che-proteggono-il-palazzo-del-principe\\\/#primaryimage\"},\"thumbnailUrl\":\"https:\\\/\\\/www.monaco-tribune.com\\\/wp-content\\\/uploads\\\/2024\\\/11\\\/palais-princier-murailles.jpg\",\"keywords\":[\"Palazzo del Principe\"],\"articleSection\":[\"Notizie\",\"Societ\u00e0\"],\"inLanguage\":\"it-IT\",\"copyrightYear\":\"2024\",\"copyrightHolder\":{\"@id\":\"https:\\\/\\\/www.monaco-tribune.com\\\/#organization\"}},{\"@type\":\"WebPage\",\"@id\":\"https:\\\/\\\/www.monaco-tribune.com\\\/it\\\/2024\\\/11\\\/i-cordisti-di-monaco-il-balletto-aereo-dei-giardinieri-che-proteggono-il-palazzo-del-principe\\\/\",\"url\":\"https:\\\/\\\/www.monaco-tribune.com\\\/it\\\/2024\\\/11\\\/i-cordisti-di-monaco-il-balletto-aereo-dei-giardinieri-che-proteggono-il-palazzo-del-principe\\\/\",\"name\":\"I cordisti di Monaco: il balletto aereo dei giardinieri che proteggono il Palazzo del Principe\",\"isPartOf\":{\"@id\":\"https:\\\/\\\/www.monaco-tribune.com\\\/it\\\/#website\"},\"primaryImageOfPage\":{\"@id\":\"https:\\\/\\\/www.monaco-tribune.com\\\/it\\\/2024\\\/11\\\/i-cordisti-di-monaco-il-balletto-aereo-dei-giardinieri-che-proteggono-il-palazzo-del-principe\\\/#primaryimage\"},\"image\":{\"@id\":\"https:\\\/\\\/www.monaco-tribune.com\\\/it\\\/2024\\\/11\\\/i-cordisti-di-monaco-il-balletto-aereo-dei-giardinieri-che-proteggono-il-palazzo-del-principe\\\/#primaryimage\"},\"thumbnailUrl\":\"https:\\\/\\\/www.monaco-tribune.com\\\/wp-content\\\/uploads\\\/2024\\\/11\\\/palais-princier-murailles.jpg\",\"datePublished\":\"2024-11-04T16:11:04+00:00\",\"dateModified\":\"2024-11-04T16:49:59+00:00\",\"description\":\"Sono in tre a curare le mura del Palazzo senza utilizzare sostanze chimiche per proteggere la salute e l'ambiente. Due volte all'anno, Monaco assiste a un\",\"breadcrumb\":{\"@id\":\"https:\\\/\\\/www.monaco-tribune.com\\\/it\\\/2024\\\/11\\\/i-cordisti-di-monaco-il-balletto-aereo-dei-giardinieri-che-proteggono-il-palazzo-del-principe\\\/#breadcrumb\"},\"inLanguage\":\"it-IT\",\"potentialAction\":[{\"@type\":\"ReadAction\",\"target\":[\"https:\\\/\\\/www.monaco-tribune.com\\\/it\\\/2024\\\/11\\\/i-cordisti-di-monaco-il-balletto-aereo-dei-giardinieri-che-proteggono-il-palazzo-del-principe\\\/\"]}]},{\"@type\":\"ImageObject\",\"inLanguage\":\"it-IT\",\"@id\":\"https:\\\/\\\/www.monaco-tribune.com\\\/it\\\/2024\\\/11\\\/i-cordisti-di-monaco-il-balletto-aereo-dei-giardinieri-che-proteggono-il-palazzo-del-principe\\\/#primaryimage\",\"url\":\"https:\\\/\\\/www.monaco-tribune.com\\\/wp-content\\\/uploads\\\/2024\\\/11\\\/palais-princier-murailles.jpg\",\"contentUrl\":\"https:\\\/\\\/www.monaco-tribune.com\\\/wp-content\\\/uploads\\\/2024\\\/11\\\/palais-princier-murailles.jpg\",\"width\":1200,\"height\":800,\"caption\":\"I cordisti operano a diverse decine di metri di altezza \u00a9 Palazzo del Principe\"},{\"@type\":\"BreadcrumbList\",\"@id\":\"https:\\\/\\\/www.monaco-tribune.com\\\/it\\\/2024\\\/11\\\/i-cordisti-di-monaco-il-balletto-aereo-dei-giardinieri-che-proteggono-il-palazzo-del-principe\\\/#breadcrumb\",\"itemListElement\":[{\"@type\":\"ListItem\",\"position\":1,\"name\":\"Accueil\",\"item\":\"https:\\\/\\\/www.monaco-tribune.com\\\/it\\\/\"},{\"@type\":\"ListItem\",\"position\":2,\"name\":\"I cordisti di Monaco: il balletto aereo dei giardinieri che proteggono il Palazzo del Principe\"}]},{\"@type\":\"WebSite\",\"@id\":\"https:\\\/\\\/www.monaco-tribune.com\\\/it\\\/#website\",\"url\":\"https:\\\/\\\/www.monaco-tribune.com\\\/it\\\/\",\"name\":\"Monaco Tribune\",\"description\":\"Monaco : actualit\u00e9s \u00e9conomiques, politiques, culturelles et sportives de Monaco et de la French Riviera.\",\"publisher\":{\"@id\":\"https:\\\/\\\/www.monaco-tribune.com\\\/it\\\/#organization\"},\"potentialAction\":[{\"@type\":\"SearchAction\",\"target\":{\"@type\":\"EntryPoint\",\"urlTemplate\":\"https:\\\/\\\/www.monaco-tribune.com\\\/it\\\/?s={search_term_string}\"},\"query-input\":{\"@type\":\"PropertyValueSpecification\",\"valueRequired\":true,\"valueName\":\"search_term_string\"}}],\"inLanguage\":\"it-IT\"},{\"@type\":\"Organization\",\"@id\":\"https:\\\/\\\/www.monaco-tribune.com\\\/it\\\/#organization\",\"name\":\"Monaco Tribune\",\"url\":\"https:\\\/\\\/www.monaco-tribune.com\\\/it\\\/\",\"logo\":{\"@type\":\"ImageObject\",\"inLanguage\":\"it-IT\",\"@id\":\"https:\\\/\\\/www.monaco-tribune.com\\\/it\\\/#\\\/schema\\\/logo\\\/image\\\/\",\"url\":\"https:\\\/\\\/www.monaco-tribune.com\\\/wp-content\\\/uploads\\\/2022\\\/11\\\/logo-monaco-tribune.png\",\"contentUrl\":\"https:\\\/\\\/www.monaco-tribune.com\\\/wp-content\\\/uploads\\\/2022\\\/11\\\/logo-monaco-tribune.png\",\"width\":1548,\"height\":600,\"caption\":\"Monaco Tribune\"},\"image\":{\"@id\":\"https:\\\/\\\/www.monaco-tribune.com\\\/it\\\/#\\\/schema\\\/logo\\\/image\\\/\"},\"sameAs\":[\"https:\\\/\\\/www.facebook.com\\\/MonacoTribune\",\"https:\\\/\\\/x.com\\\/MonacoTribune\",\"https:\\\/\\\/www.instagram.com\\\/monacotribune\\\/\",\"https:\\\/\\\/www.linkedin.com\\\/company\\\/monaco-tribune\",\"https:\\\/\\\/www.youtube.com\\\/channel\\\/UCHle1MnG6hw1y4lWKijVbMA\"]},{\"@type\":\"Person\",\"@id\":\"https:\\\/\\\/www.monaco-tribune.com\\\/it\\\/#\\\/schema\\\/person\\\/94fb5723547bd83dea1eed97e25145aa\",\"name\":\"Th\u00e9o Briand\",\"image\":{\"@type\":\"ImageObject\",\"inLanguage\":\"it-IT\",\"@id\":\"https:\\\/\\\/secure.gravatar.com\\\/avatar\\\/1c02cfd8b8054d8c376f9a942a1dc4dbacfd8ba5e6f8dbb5e16f4aa3d281972a?s=96&d=mm&r=g\",\"url\":\"https:\\\/\\\/secure.gravatar.com\\\/avatar\\\/1c02cfd8b8054d8c376f9a942a1dc4dbacfd8ba5e6f8dbb5e16f4aa3d281972a?s=96&d=mm&r=g\",\"contentUrl\":\"https:\\\/\\\/secure.gravatar.com\\\/avatar\\\/1c02cfd8b8054d8c376f9a942a1dc4dbacfd8ba5e6f8dbb5e16f4aa3d281972a?s=96&d=mm&r=g\",\"caption\":\"Th\u00e9o Briand\"},\"url\":\"https:\\\/\\\/www.monaco-tribune.com\\\/it\\\/author\\\/theobriand\\\/\"}]}<\/script>\n<!-- \/ Yoast SEO Premium plugin. -->","yoast_head_json":{"title":"I cordisti di Monaco: il balletto aereo dei giardinieri che proteggono il Palazzo del Principe","description":"Sono in tre a curare le mura del Palazzo senza utilizzare sostanze chimiche per proteggere la salute e l'ambiente. Due volte all'anno, Monaco assiste a un","robots":{"index":"index","follow":"follow","max-snippet":"max-snippet:-1","max-image-preview":"max-image-preview:large","max-video-preview":"max-video-preview:-1"},"canonical":"https:\/\/www.monaco-tribune.com\/it\/2024\/11\/i-cordisti-di-monaco-il-balletto-aereo-dei-giardinieri-che-proteggono-il-palazzo-del-principe\/","og_locale":"it_IT","og_type":"article","og_title":"I cordisti di Monaco: il balletto aereo dei giardinieri che proteggono il Palazzo del Principe - Monaco Tribune","og_description":"Sono in tre a curare le mura del Palazzo senza utilizzare sostanze chimiche per proteggere la salute e l'ambiente. Due volte all'anno, Monaco assiste a un","og_url":"https:\/\/www.monaco-tribune.com\/it\/2024\/11\/i-cordisti-di-monaco-il-balletto-aereo-dei-giardinieri-che-proteggono-il-palazzo-del-principe\/","og_site_name":"Monaco Tribune","article_publisher":"https:\/\/www.facebook.com\/MonacoTribune","article_published_time":"2024-11-04T16:11:04+00:00","article_modified_time":"2024-11-04T16:49:59+00:00","og_image":[{"width":1200,"height":800,"url":"https:\/\/www.monaco-tribune.com\/wp-content\/uploads\/2024\/11\/palais-princier-murailles.jpg","type":"image\/jpeg"}],"author":"Th\u00e9o Briand","twitter_card":"summary_large_image","twitter_creator":"@MonacoTribune","twitter_site":"@MonacoTribune","schema":{"@context":"https:\/\/schema.org","@graph":[{"@type":"NewsArticle","@id":"https:\/\/www.monaco-tribune.com\/it\/2024\/11\/i-cordisti-di-monaco-il-balletto-aereo-dei-giardinieri-che-proteggono-il-palazzo-del-principe\/#article","isPartOf":{"@id":"https:\/\/www.monaco-tribune.com\/it\/2024\/11\/i-cordisti-di-monaco-il-balletto-aereo-dei-giardinieri-che-proteggono-il-palazzo-del-principe\/"},"author":{"name":"Th\u00e9o Briand","@id":"https:\/\/www.monaco-tribune.com\/it\/#\/schema\/person\/94fb5723547bd83dea1eed97e25145aa"},"headline":"I cordisti di Monaco: il balletto aereo dei giardinieri che proteggono il Palazzo del Principe","datePublished":"2024-11-04T16:11:04+00:00","dateModified":"2024-11-04T16:49:59+00:00","mainEntityOfPage":{"@id":"https:\/\/www.monaco-tribune.com\/it\/2024\/11\/i-cordisti-di-monaco-il-balletto-aereo-dei-giardinieri-che-proteggono-il-palazzo-del-principe\/"},"wordCount":254,"publisher":{"@id":"https:\/\/www.monaco-tribune.com\/it\/#organization"},"image":{"@id":"https:\/\/www.monaco-tribune.com\/it\/2024\/11\/i-cordisti-di-monaco-il-balletto-aereo-dei-giardinieri-che-proteggono-il-palazzo-del-principe\/#primaryimage"},"thumbnailUrl":"https:\/\/www.monaco-tribune.com\/wp-content\/uploads\/2024\/11\/palais-princier-murailles.jpg","keywords":["Palazzo del Principe"],"articleSection":["Notizie","Societ\u00e0"],"inLanguage":"it-IT","copyrightYear":"2024","copyrightHolder":{"@id":"https:\/\/www.monaco-tribune.com\/#organization"}},{"@type":"WebPage","@id":"https:\/\/www.monaco-tribune.com\/it\/2024\/11\/i-cordisti-di-monaco-il-balletto-aereo-dei-giardinieri-che-proteggono-il-palazzo-del-principe\/","url":"https:\/\/www.monaco-tribune.com\/it\/2024\/11\/i-cordisti-di-monaco-il-balletto-aereo-dei-giardinieri-che-proteggono-il-palazzo-del-principe\/","name":"I cordisti di Monaco: il balletto aereo dei giardinieri che proteggono il Palazzo del Principe","isPartOf":{"@id":"https:\/\/www.monaco-tribune.com\/it\/#website"},"primaryImageOfPage":{"@id":"https:\/\/www.monaco-tribune.com\/it\/2024\/11\/i-cordisti-di-monaco-il-balletto-aereo-dei-giardinieri-che-proteggono-il-palazzo-del-principe\/#primaryimage"},"image":{"@id":"https:\/\/www.monaco-tribune.com\/it\/2024\/11\/i-cordisti-di-monaco-il-balletto-aereo-dei-giardinieri-che-proteggono-il-palazzo-del-principe\/#primaryimage"},"thumbnailUrl":"https:\/\/www.monaco-tribune.com\/wp-content\/uploads\/2024\/11\/palais-princier-murailles.jpg","datePublished":"2024-11-04T16:11:04+00:00","dateModified":"2024-11-04T16:49:59+00:00","description":"Sono in tre a curare le mura del Palazzo senza utilizzare sostanze chimiche per proteggere la salute e l'ambiente. Due volte all'anno, Monaco assiste a un","breadcrumb":{"@id":"https:\/\/www.monaco-tribune.com\/it\/2024\/11\/i-cordisti-di-monaco-il-balletto-aereo-dei-giardinieri-che-proteggono-il-palazzo-del-principe\/#breadcrumb"},"inLanguage":"it-IT","potentialAction":[{"@type":"ReadAction","target":["https:\/\/www.monaco-tribune.com\/it\/2024\/11\/i-cordisti-di-monaco-il-balletto-aereo-dei-giardinieri-che-proteggono-il-palazzo-del-principe\/"]}]},{"@type":"ImageObject","inLanguage":"it-IT","@id":"https:\/\/www.monaco-tribune.com\/it\/2024\/11\/i-cordisti-di-monaco-il-balletto-aereo-dei-giardinieri-che-proteggono-il-palazzo-del-principe\/#primaryimage","url":"https:\/\/www.monaco-tribune.com\/wp-content\/uploads\/2024\/11\/palais-princier-murailles.jpg","contentUrl":"https:\/\/www.monaco-tribune.com\/wp-content\/uploads\/2024\/11\/palais-princier-murailles.jpg","width":1200,"height":800,"caption":"I cordisti operano a diverse decine di metri di altezza \u00a9 Palazzo del Principe"},{"@type":"BreadcrumbList","@id":"https:\/\/www.monaco-tribune.com\/it\/2024\/11\/i-cordisti-di-monaco-il-balletto-aereo-dei-giardinieri-che-proteggono-il-palazzo-del-principe\/#breadcrumb","itemListElement":[{"@type":"ListItem","position":1,"name":"Accueil","item":"https:\/\/www.monaco-tribune.com\/it\/"},{"@type":"ListItem","position":2,"name":"I cordisti di Monaco: il balletto aereo dei giardinieri che proteggono il Palazzo del Principe"}]},{"@type":"WebSite","@id":"https:\/\/www.monaco-tribune.com\/it\/#website","url":"https:\/\/www.monaco-tribune.com\/it\/","name":"Monaco Tribune","description":"Monaco : actualit\u00e9s \u00e9conomiques, politiques, culturelles et sportives de Monaco et de la French Riviera.","publisher":{"@id":"https:\/\/www.monaco-tribune.com\/it\/#organization"},"potentialAction":[{"@type":"SearchAction","target":{"@type":"EntryPoint","urlTemplate":"https:\/\/www.monaco-tribune.com\/it\/?s={search_term_string}"},"query-input":{"@type":"PropertyValueSpecification","valueRequired":true,"valueName":"search_term_string"}}],"inLanguage":"it-IT"},{"@type":"Organization","@id":"https:\/\/www.monaco-tribune.com\/it\/#organization","name":"Monaco Tribune","url":"https:\/\/www.monaco-tribune.com\/it\/","logo":{"@type":"ImageObject","inLanguage":"it-IT","@id":"https:\/\/www.monaco-tribune.com\/it\/#\/schema\/logo\/image\/","url":"https:\/\/www.monaco-tribune.com\/wp-content\/uploads\/2022\/11\/logo-monaco-tribune.png","contentUrl":"https:\/\/www.monaco-tribune.com\/wp-content\/uploads\/2022\/11\/logo-monaco-tribune.png","width":1548,"height":600,"caption":"Monaco Tribune"},"image":{"@id":"https:\/\/www.monaco-tribune.com\/it\/#\/schema\/logo\/image\/"},"sameAs":["https:\/\/www.facebook.com\/MonacoTribune","https:\/\/x.com\/MonacoTribune","https:\/\/www.instagram.com\/monacotribune\/","https:\/\/www.linkedin.com\/company\/monaco-tribune","https:\/\/www.youtube.com\/channel\/UCHle1MnG6hw1y4lWKijVbMA"]},{"@type":"Person","@id":"https:\/\/www.monaco-tribune.com\/it\/#\/schema\/person\/94fb5723547bd83dea1eed97e25145aa","name":"Th\u00e9o Briand","image":{"@type":"ImageObject","inLanguage":"it-IT","@id":"https:\/\/secure.gravatar.com\/avatar\/1c02cfd8b8054d8c376f9a942a1dc4dbacfd8ba5e6f8dbb5e16f4aa3d281972a?s=96&d=mm&r=g","url":"https:\/\/secure.gravatar.com\/avatar\/1c02cfd8b8054d8c376f9a942a1dc4dbacfd8ba5e6f8dbb5e16f4aa3d281972a?s=96&d=mm&r=g","contentUrl":"https:\/\/secure.gravatar.com\/avatar\/1c02cfd8b8054d8c376f9a942a1dc4dbacfd8ba5e6f8dbb5e16f4aa3d281972a?s=96&d=mm&r=g","caption":"Th\u00e9o Briand"},"url":"https:\/\/www.monaco-tribune.com\/it\/author\/theobriand\/"}]}},"_links":{"self":[{"href":"https:\/\/www.monaco-tribune.com\/it\/wp-json\/wp\/v2\/posts\/258379","targetHints":{"allow":["GET"]}}],"collection":[{"href":"https:\/\/www.monaco-tribune.com\/it\/wp-json\/wp\/v2\/posts"}],"about":[{"href":"https:\/\/www.monaco-tribune.com\/it\/wp-json\/wp\/v2\/types\/post"}],"author":[{"embeddable":true,"href":"https:\/\/www.monaco-tribune.com\/it\/wp-json\/wp\/v2\/users\/66"}],"replies":[{"embeddable":true,"href":"https:\/\/www.monaco-tribune.com\/it\/wp-json\/wp\/v2\/comments?post=258379"}],"version-history":[{"count":2,"href":"https:\/\/www.monaco-tribune.com\/it\/wp-json\/wp\/v2\/posts\/258379\/revisions"}],"predecessor-version":[{"id":258416,"href":"https:\/\/www.monaco-tribune.com\/it\/wp-json\/wp\/v2\/posts\/258379\/revisions\/258416"}],"wp:featuredmedia":[{"embeddable":true,"href":"https:\/\/www.monaco-tribune.com\/it\/wp-json\/wp\/v2\/media\/258286"}],"wp:attachment":[{"href":"https:\/\/www.monaco-tribune.com\/it\/wp-json\/wp\/v2\/media?parent=258379"}],"wp:term":[{"taxonomy":"category","embeddable":true,"href":"https:\/\/www.monaco-tribune.com\/it\/wp-json\/wp\/v2\/categories?post=258379"},{"taxonomy":"post_tag","embeddable":true,"href":"https:\/\/www.monaco-tribune.com\/it\/wp-json\/wp\/v2\/tags?post=258379"},{"taxonomy":"sectag","embeddable":true,"href":"https:\/\/www.monaco-tribune.com\/it\/wp-json\/wp\/v2\/post_sectags?post=258379"},{"taxonomy":"format","embeddable":true,"href":"https:\/\/www.monaco-tribune.com\/it\/wp-json\/wp\/v2\/post_format?post=258379"}],"curies":[{"name":"wp","href":"https:\/\/api.w.org\/{rel}","templated":true}]}}